{"id":3840,"date":"2020-03-26T08:45:26","date_gmt":"2020-03-26T08:45:26","guid":{"rendered":"https:\/\/allasorias.hu\/hirek\/?p=3840"},"modified":"2020-03-26T08:45:26","modified_gmt":"2020-03-26T08:45:26","slug":"bortonornek-is-egyre-tobben-jelentkeznek","status":"publish","type":"post","link":"https:\/\/allasorias.hu\/hirek\/bortonornek-is-egyre-tobben-jelentkeznek\/","title":{"rendered":"B\u00f6rt\u00f6n\u0151rnek is egyre t\u00f6bben jelentkeznek"},"content":{"rendered":"<p><strong>A koronav\u00edrus j\u00e1rv\u00e1ny miatt sokan vesz\u00edtett\u00e9k el \u00e1ll\u00e1sukat, k\u00f6zt\u00fck az osztr\u00e1kokn\u00e1l dolgoz\u00f3k. Ezzel \u00f6sszef\u00fcgg\u00e9sben, az \u00a0index inform\u00e1ci\u00f3i szerint a sopronk\u0151hidai fegyh\u00e1zba t\u00f6bben is jelentkeztek b\u00f6rt\u00f6n\u0151rnek. <\/strong><\/p>\n<p>Az Orsz\u00e1gos B\u00fcntet\u00e9s-v\u00e9grehajt\u00e1s Orsz\u00e1gos Parancsnoks\u00e1g\u00e1n l\u00e9nyeg\u00e9ben meger\u0151s\u00edtett\u00e9k ezt az inform\u00e1ci\u00f3t. Azt \u00edrt\u00e1k, hogy Sopronk\u0151hidai Fegyh\u00e1z \u00e9s B\u00f6rt\u00f6n szem\u00e9lyi \u00e1llom\u00e1ny\u00e1nak felt\u00f6lt\u00f6tts\u00e9ge 94 sz\u00e1zal\u00e9k, \u00e9s orsz\u00e1gszerte egyre er\u0151teljesebb az \u00e9rdekl\u0151d\u00e9s a bet\u00f6ltetlen \u00e1ll\u00e1shelyeik ir\u00e1nt. (A 94 sz\u00e1zal\u00e9kban benne van ugyanakkor mindenki, teh\u00e1t nem csak az \u0151r\u00f6k, hanem valamennyi alkalmazott is, teh\u00e1t b\u00e1r sokan jelentkeznek \u0151rnek, m\u00e9g mindig nincsenek elegen.) Tapasztalataink szerint ennek oka egyfel\u0151l, hogy Ausztri\u00e1ban sz\u00e1mos ing\u00e1z\u00f3 magyarnak felmondtak a munkahely\u00e9n, m\u00e1sfel\u0151l az a k\u00f6zismert t\u00e9ny, hogy a Magyar \u00c1llam pontosan, hat\u00e1rid\u0151ben teljes\u00edti kifizet\u00e9seit alkalmazottjai fel\u00e9. A b\u00fcntet\u00e9s-v\u00e9grehajt\u00e1si szervezet munkav\u00e1llal\u00f3inak illetm\u00e9nye a vonatkoz\u00f3 jogszab\u00e1ly szerint minden h\u00f3nap 5-ig \u00e1tutal\u00e1sra ker\u00fcl a megadott p\u00e9nzint\u00e9zeti sz\u00e1mlasz\u00e1mra. Ez a biztons\u00e1g \u00e9s kisz\u00e1m\u00edthat\u00f3s\u00e1g, valamint az el\u00e9rhet\u0151 egy\u00e9b juttat\u00e1sok egyre n\u00e9pszer\u0171bbek az \u00e1ll\u00e1skeres\u0151k k\u00f6r\u00e9ben, akiknek teljes k\u00f6r\u0171 t\u00e1j\u00e9koztat\u00e1sa c\u00e9lj\u00e1b\u00f3l elind\u00edtottunk egy \u00faj port\u00e1lt, ahol az \u00e9rdekl\u0151d\u0151k minden eddigin\u00e9l \u00e1tfog\u00f3bb k\u00e9pet kaphatnak a b\u00fcntet\u00e9s-v\u00e9grehajt\u00e1sn\u00e1l bet\u00f6lthet\u0151 \u00e1ll\u00e1sokr\u00f3l \u2013 \u00edrta v\u00e1lasz\u00e1ban a BVOP.<\/p>\n<p>Forr\u00e1s: szakszervezetek.hu<\/p>\n","protected":false},"excerpt":{"rendered":"<p>A koronav\u00edrus j\u00e1rv\u00e1ny miatt sokan vesz\u00edtett\u00e9k el \u00e1ll\u00e1sukat, k\u00f6zt\u00fck az osztr\u00e1kokn\u00e1l dolgoz\u00f3k. Ezzel \u00f6sszef\u00fcgg\u00e9sben, az \u00a0index inform\u00e1ci\u00f3i szerint a sopronk\u0151hidai fegyh\u00e1zba t\u00f6bben is jelentkeztek b\u00f6rt\u00f6n\u0151rnek. Az Orsz\u00e1gos B\u00fcntet\u00e9s-v\u00e9grehajt\u00e1s Orsz\u00e1gos Parancsnoks\u00e1g\u00e1n l\u00e9nyeg\u00e9ben meger\u0151s\u00edtett\u00e9k ezt az inform\u00e1ci\u00f3t. Azt \u00edrt\u00e1k, hogy Sopronk\u0151hidai Fegyh\u00e1z \u00e9s B\u00f6rt\u00f6n szem\u00e9lyi \u00e1llom\u00e1ny\u00e1nak felt\u00f6lt\u00f6tts\u00e9ge 94 sz\u00e1zal\u00e9k, \u00e9s orsz\u00e1gszerte egyre er\u0151teljesebb az \u00e9rdekl\u0151d\u00e9s a bet\u00f6ltetlen [&hellip;]<\/p>\n","protected":false},"author":1,"featured_media":3841,"comment_status":"open","ping_status":"open","sticky":false,"template":"","format":"standard","meta":{"_monsterinsights_skip_tracking":false,"footnotes":""},"categories":[1,203,199,200],"tags":[],"class_list":["post-3840","post","type-post","status-publish","format-standard","has-post-thumbnail","hentry","category-allaskereses","category-hianyszakmak","category-karrier","category-munkaeropiac"],"aioseo_notices":[],"aioseo_head":"\n\t\t<!-- All in One SEO 5.0.0.1 - aioseo.com -->\n\t<meta name=\"description\" content=\"A koronav\u00edrus j\u00e1rv\u00e1ny miatt sokan vesz\u00edtett\u00e9k el \u00e1ll\u00e1sukat, k\u00f6zt\u00fck az osztr\u00e1kokn\u00e1l dolgoz\u00f3k. Ezzel \u00f6sszef\u00fcgg\u00e9sben, az index inform\u00e1ci\u00f3i szerint a sopronk\u0151hidai fegyh\u00e1zba t\u00f6bben is jelentkeztek b\u00f6rt\u00f6n\u0151rnek. Az Orsz\u00e1gos B\u00fcntet\u00e9s-v\u00e9grehajt\u00e1s Orsz\u00e1gos Parancsnoks\u00e1g\u00e1n l\u00e9nyeg\u00e9ben meger\u0151s\u00edtett\u00e9k ezt az inform\u00e1ci\u00f3t. Azt \u00edrt\u00e1k, hogy Sopronk\u0151hidai Fegyh\u00e1z \u00e9s B\u00f6rt\u00f6n szem\u00e9lyi \u00e1llom\u00e1ny\u00e1nak felt\u00f6lt\u00f6tts\u00e9ge 94 sz\u00e1zal\u00e9k, \u00e9s orsz\u00e1gszerte egyre er\u0151teljesebb az \u00e9rdekl\u0151d\u00e9s a bet\u00f6ltetlen\" \/>\n\t<meta name=\"robots\" content=\"max-image-preview:large\" \/>\n\t<meta name=\"author\" content=\"Juh\u00e1sz P\u00e9ter\"\/>\n\t<link rel=\"canonical\" href=\"https:\/\/allasorias.hu\/hirek\/bortonornek-is-egyre-tobben-jelentkeznek\/\" \/>\n\t<meta name=\"generator\" content=\"All in One SEO (AIOSEO) 5.0.0.1\" \/>\n\t\t<meta property=\"og:locale\" content=\"hu_HU\" \/>\n\t\t<meta property=\"og:site_name\" content=\"AllasOrias.hu | H\u00edrek-lapszemle | \u00dczleti h\u00edrek az \u00e1ll\u00e1s \u00e9s a munka vil\u00e1g\u00e1b\u00f3l\" \/>\n\t\t<meta property=\"og:type\" content=\"article\" \/>\n\t\t<meta property=\"og:title\" content=\"B\u00f6rt\u00f6n\u0151rnek is egyre t\u00f6bben jelentkeznek | AllasOrias.hu | H\u00edrek-lapszemle\" \/>\n\t\t<meta property=\"og:description\" content=\"A koronav\u00edrus j\u00e1rv\u00e1ny miatt sokan vesz\u00edtett\u00e9k el \u00e1ll\u00e1sukat, k\u00f6zt\u00fck az osztr\u00e1kokn\u00e1l dolgoz\u00f3k. Ezzel \u00f6sszef\u00fcgg\u00e9sben, az index inform\u00e1ci\u00f3i szerint a sopronk\u0151hidai fegyh\u00e1zba t\u00f6bben is jelentkeztek b\u00f6rt\u00f6n\u0151rnek. Az Orsz\u00e1gos B\u00fcntet\u00e9s-v\u00e9grehajt\u00e1s Orsz\u00e1gos Parancsnoks\u00e1g\u00e1n l\u00e9nyeg\u00e9ben meger\u0151s\u00edtett\u00e9k ezt az inform\u00e1ci\u00f3t. Azt \u00edrt\u00e1k, hogy Sopronk\u0151hidai Fegyh\u00e1z \u00e9s B\u00f6rt\u00f6n szem\u00e9lyi \u00e1llom\u00e1ny\u00e1nak felt\u00f6lt\u00f6tts\u00e9ge 94 sz\u00e1zal\u00e9k, \u00e9s orsz\u00e1gszerte egyre er\u0151teljesebb az \u00e9rdekl\u0151d\u00e9s a bet\u00f6ltetlen\" \/>\n\t\t<meta property=\"og:url\" content=\"https:\/\/allasorias.hu\/hirek\/bortonornek-is-egyre-tobben-jelentkeznek\/\" \/>\n\t\t<meta property=\"og:image\" content=\"https:\/\/allasorias.hu\/hirek\/wp-content\/uploads\/2020\/03\/prison-553836_1920.jpg\" \/>\n\t\t<meta property=\"og:image:secure_url\" content=\"https:\/\/allasorias.hu\/hirek\/wp-content\/uploads\/2020\/03\/prison-553836_1920.jpg\" \/>\n\t\t<meta property=\"og:image:width\" content=\"1920\" \/>\n\t\t<meta property=\"og:image:height\" content=\"1280\" \/>\n\t\t<meta property=\"article:published_time\" content=\"2020-03-26T08:45:26+00:00\" \/>\n\t\t<meta property=\"article:modified_time\" content=\"2020-03-26T08:45:26+00:00\" \/>\n\t\t<meta property=\"article:publisher\" content=\"https:\/\/www.facebook.com\/allasorias\" \/>\n\t\t<meta name=\"twitter:card\" content=\"summary_large_image\" \/>\n\t\t<meta name=\"twitter:title\" content=\"B\u00f6rt\u00f6n\u0151rnek is egyre t\u00f6bben jelentkeznek | AllasOrias.hu | H\u00edrek-lapszemle\" \/>\n\t\t<meta name=\"twitter:description\" content=\"A koronav\u00edrus j\u00e1rv\u00e1ny miatt sokan vesz\u00edtett\u00e9k el \u00e1ll\u00e1sukat, k\u00f6zt\u00fck az osztr\u00e1kokn\u00e1l dolgoz\u00f3k. Ezzel \u00f6sszef\u00fcgg\u00e9sben, az index inform\u00e1ci\u00f3i szerint a sopronk\u0151hidai fegyh\u00e1zba t\u00f6bben is jelentkeztek b\u00f6rt\u00f6n\u0151rnek. Az Orsz\u00e1gos B\u00fcntet\u00e9s-v\u00e9grehajt\u00e1s Orsz\u00e1gos Parancsnoks\u00e1g\u00e1n l\u00e9nyeg\u00e9ben meger\u0151s\u00edtett\u00e9k ezt az inform\u00e1ci\u00f3t. Azt \u00edrt\u00e1k, hogy Sopronk\u0151hidai Fegyh\u00e1z \u00e9s B\u00f6rt\u00f6n szem\u00e9lyi \u00e1llom\u00e1ny\u00e1nak felt\u00f6lt\u00f6tts\u00e9ge 94 sz\u00e1zal\u00e9k, \u00e9s orsz\u00e1gszerte egyre er\u0151teljesebb az \u00e9rdekl\u0151d\u00e9s a bet\u00f6ltetlen\" \/>\n\t\t<meta name=\"twitter:image\" content=\"https:\/\/allasorias.hu\/hirek\/wp-content\/uploads\/2020\/03\/prison-553836_1920.jpg\" \/>\n\t\t<meta name=\"twitter:label1\" content=\"Written by\" \/>\n\t\t<meta name=\"twitter:data1\" content=\"Juh\u00e1sz P\u00e9ter\" \/>\n\t\t<meta name=\"twitter:label2\" content=\"Est. reading time\" \/>\n\t\t<meta name=\"twitter:data2\" content=\"1 minute\" \/>\n\t\t<script type=\"application\/ld+json\" class=\"aioseo-schema\">\n\t\t\t{\"@context\":\"https:\\\/\\\/schema.org\",\"@graph\":[{\"@type\":\"Article\",\"@id\":\"https:\\\/\\\/allasorias.hu\\\/hirek\\\/bortonornek-is-egyre-tobben-jelentkeznek\\\/#article\",\"name\":\"B\\u00f6rt\\u00f6n\\u0151rnek is egyre t\\u00f6bben jelentkeznek | AllasOrias.hu | H\\u00edrek-lapszemle\",\"headline\":\"B\\u00f6rt\\u00f6n\\u0151rnek is egyre t\\u00f6bben jelentkeznek\",\"author\":{\"@id\":\"https:\\\/\\\/allasorias.hu\\\/hirek\\\/author\\\/admin-allasorias\\\/#author\"},\"publisher\":{\"@id\":\"https:\\\/\\\/allasorias.hu\\\/hirek\\\/#organization\"},\"image\":{\"@type\":\"ImageObject\",\"url\":\"https:\\\/\\\/allasorias.hu\\\/hirek\\\/wp-content\\\/uploads\\\/2020\\\/03\\\/prison-553836_1920.jpg\",\"width\":1920,\"height\":1280},\"datePublished\":\"2020-03-26T08:45:26+02:00\",\"dateModified\":\"2020-03-26T08:45:26+02:00\",\"inLanguage\":\"hu-HU\",\"mainEntityOfPage\":{\"@id\":\"https:\\\/\\\/allasorias.hu\\\/hirek\\\/bortonornek-is-egyre-tobben-jelentkeznek\\\/#webpage\"},\"isPartOf\":{\"@id\":\"https:\\\/\\\/allasorias.hu\\\/hirek\\\/bortonornek-is-egyre-tobben-jelentkeznek\\\/#webpage\"},\"articleSection\":\"\\u00c1ll\\u00e1skeres\\u00e9s, Hi\\u00e1nyszakm\\u00e1k, Karrier, Munkaer\\u0151piac\"},{\"@type\":\"BreadcrumbList\",\"@id\":\"https:\\\/\\\/allasorias.hu\\\/hirek\\\/bortonornek-is-egyre-tobben-jelentkeznek\\\/#breadcrumblist\",\"itemListElement\":[{\"@type\":\"ListItem\",\"@id\":\"https:\\\/\\\/allasorias.hu\\\/hirek#listItem\",\"position\":1,\"name\":\"Home\",\"item\":\"https:\\\/\\\/allasorias.hu\\\/hirek\",\"nextItem\":{\"@type\":\"ListItem\",\"@id\":\"https:\\\/\\\/allasorias.hu\\\/hirek\\\/temak\\\/allaskereses\\\/#listItem\",\"name\":\"\\u00c1ll\\u00e1skeres\\u00e9s\"}},{\"@type\":\"ListItem\",\"@id\":\"https:\\\/\\\/allasorias.hu\\\/hirek\\\/temak\\\/allaskereses\\\/#listItem\",\"position\":2,\"name\":\"\\u00c1ll\\u00e1skeres\\u00e9s\",\"item\":\"https:\\\/\\\/allasorias.hu\\\/hirek\\\/temak\\\/allaskereses\\\/\",\"nextItem\":{\"@type\":\"ListItem\",\"@id\":\"https:\\\/\\\/allasorias.hu\\\/hirek\\\/bortonornek-is-egyre-tobben-jelentkeznek\\\/#listItem\",\"name\":\"B\\u00f6rt\\u00f6n\\u0151rnek is egyre t\\u00f6bben jelentkeznek\"},\"previousItem\":{\"@type\":\"ListItem\",\"@id\":\"https:\\\/\\\/allasorias.hu\\\/hirek#listItem\",\"name\":\"Home\"}},{\"@type\":\"ListItem\",\"@id\":\"https:\\\/\\\/allasorias.hu\\\/hirek\\\/bortonornek-is-egyre-tobben-jelentkeznek\\\/#listItem\",\"position\":3,\"name\":\"B\\u00f6rt\\u00f6n\\u0151rnek is egyre t\\u00f6bben jelentkeznek\",\"previousItem\":{\"@type\":\"ListItem\",\"@id\":\"https:\\\/\\\/allasorias.hu\\\/hirek\\\/temak\\\/allaskereses\\\/#listItem\",\"name\":\"\\u00c1ll\\u00e1skeres\\u00e9s\"}}]},{\"@type\":\"Organization\",\"@id\":\"https:\\\/\\\/allasorias.hu\\\/hirek\\\/#organization\",\"name\":\"AllasOrias.hu | H\\u00edrek-lapszemle\",\"description\":\"\\u00dczleti h\\u00edrek az \\u00e1ll\\u00e1s \\u00e9s a munka vil\\u00e1g\\u00e1b\\u00f3l\",\"url\":\"https:\\\/\\\/allasorias.hu\\\/hirek\\\/\",\"logo\":{\"@type\":\"ImageObject\",\"url\":\"https:\\\/\\\/allasorias.hu\\\/hirek\\\/wp-content\\\/uploads\\\/2022\\\/10\\\/allasorias_site_facebok_logo.png\",\"@id\":\"https:\\\/\\\/allasorias.hu\\\/hirek\\\/bortonornek-is-egyre-tobben-jelentkeznek\\\/#organizationLogo\"},\"image\":{\"@id\":\"https:\\\/\\\/allasorias.hu\\\/hirek\\\/bortonornek-is-egyre-tobben-jelentkeznek\\\/#organizationLogo\"},\"sameAs\":[\"https:\\\/\\\/www.facebook.com\\\/allasorias\",\"https:\\\/\\\/www.linkedin.com\\\/company\\\/allasorias\"]},{\"@type\":\"Person\",\"@id\":\"https:\\\/\\\/allasorias.hu\\\/hirek\\\/author\\\/admin-allasorias\\\/#author\",\"url\":\"https:\\\/\\\/allasorias.hu\\\/hirek\\\/author\\\/admin-allasorias\\\/\",\"name\":\"Juh\\u00e1sz P\\u00e9ter\",\"image\":{\"@type\":\"ImageObject\",\"@id\":\"https:\\\/\\\/allasorias.hu\\\/hirek\\\/bortonornek-is-egyre-tobben-jelentkeznek\\\/#authorImage\",\"url\":\"https:\\\/\\\/secure.gravatar.com\\\/avatar\\\/36e6bcb83148978b992977cb0f54d22feb0cce8a0a849a9410532bb2623ba4c6?s=96&d=mm&r=g\",\"width\":96,\"height\":96,\"caption\":\"Juh\\u00e1sz P\\u00e9ter\"}},{\"@type\":\"WebPage\",\"@id\":\"https:\\\/\\\/allasorias.hu\\\/hirek\\\/bortonornek-is-egyre-tobben-jelentkeznek\\\/#webpage\",\"url\":\"https:\\\/\\\/allasorias.hu\\\/hirek\\\/bortonornek-is-egyre-tobben-jelentkeznek\\\/\",\"name\":\"B\\u00f6rt\\u00f6n\\u0151rnek is egyre t\\u00f6bben jelentkeznek | AllasOrias.hu | H\\u00edrek-lapszemle\",\"description\":\"A koronav\\u00edrus j\\u00e1rv\\u00e1ny miatt sokan vesz\\u00edtett\\u00e9k el \\u00e1ll\\u00e1sukat, k\\u00f6zt\\u00fck az osztr\\u00e1kokn\\u00e1l dolgoz\\u00f3k. Ezzel \\u00f6sszef\\u00fcgg\\u00e9sben, az index inform\\u00e1ci\\u00f3i szerint a sopronk\\u0151hidai fegyh\\u00e1zba t\\u00f6bben is jelentkeztek b\\u00f6rt\\u00f6n\\u0151rnek. Az Orsz\\u00e1gos B\\u00fcntet\\u00e9s-v\\u00e9grehajt\\u00e1s Orsz\\u00e1gos Parancsnoks\\u00e1g\\u00e1n l\\u00e9nyeg\\u00e9ben meger\\u0151s\\u00edtett\\u00e9k ezt az inform\\u00e1ci\\u00f3t. Azt \\u00edrt\\u00e1k, hogy Sopronk\\u0151hidai Fegyh\\u00e1z \\u00e9s B\\u00f6rt\\u00f6n szem\\u00e9lyi \\u00e1llom\\u00e1ny\\u00e1nak felt\\u00f6lt\\u00f6tts\\u00e9ge 94 sz\\u00e1zal\\u00e9k, \\u00e9s orsz\\u00e1gszerte egyre er\\u0151teljesebb az \\u00e9rdekl\\u0151d\\u00e9s a bet\\u00f6ltetlen\",\"inLanguage\":\"hu-HU\",\"isPartOf\":{\"@id\":\"https:\\\/\\\/allasorias.hu\\\/hirek\\\/#website\"},\"breadcrumb\":{\"@id\":\"https:\\\/\\\/allasorias.hu\\\/hirek\\\/bortonornek-is-egyre-tobben-jelentkeznek\\\/#breadcrumblist\"},\"author\":{\"@id\":\"https:\\\/\\\/allasorias.hu\\\/hirek\\\/author\\\/admin-allasorias\\\/#author\"},\"creator\":{\"@id\":\"https:\\\/\\\/allasorias.hu\\\/hirek\\\/author\\\/admin-allasorias\\\/#author\"},\"image\":{\"@type\":\"ImageObject\",\"url\":\"https:\\\/\\\/allasorias.hu\\\/hirek\\\/wp-content\\\/uploads\\\/2020\\\/03\\\/prison-553836_1920.jpg\",\"@id\":\"https:\\\/\\\/allasorias.hu\\\/hirek\\\/bortonornek-is-egyre-tobben-jelentkeznek\\\/#mainImage\",\"width\":1920,\"height\":1280},\"primaryImageOfPage\":{\"@id\":\"https:\\\/\\\/allasorias.hu\\\/hirek\\\/bortonornek-is-egyre-tobben-jelentkeznek\\\/#mainImage\"},\"datePublished\":\"2020-03-26T08:45:26+02:00\",\"dateModified\":\"2020-03-26T08:45:26+02:00\"},{\"@type\":\"WebSite\",\"@id\":\"https:\\\/\\\/allasorias.hu\\\/hirek\\\/#website\",\"url\":\"https:\\\/\\\/allasorias.hu\\\/hirek\\\/\",\"name\":\"AllasOrias.hu | H\\u00edrek-lapszemle\",\"description\":\"\\u00dczleti h\\u00edrek az \\u00e1ll\\u00e1s \\u00e9s a munka vil\\u00e1g\\u00e1b\\u00f3l\",\"inLanguage\":\"hu-HU\",\"publisher\":{\"@id\":\"https:\\\/\\\/allasorias.hu\\\/hirek\\\/#organization\"}}]}\n\t\t<\/script>\n\t\t<!-- All in One SEO -->\n\n","aioseo_head_json":{"title":"B\u00f6rt\u00f6n\u0151rnek is egyre t\u00f6bben jelentkeznek | AllasOrias.hu | H\u00edrek-lapszemle","description":"A koronav\u00edrus j\u00e1rv\u00e1ny miatt sokan vesz\u00edtett\u00e9k el \u00e1ll\u00e1sukat, k\u00f6zt\u00fck az osztr\u00e1kokn\u00e1l dolgoz\u00f3k. Ezzel \u00f6sszef\u00fcgg\u00e9sben, az index inform\u00e1ci\u00f3i szerint a sopronk\u0151hidai fegyh\u00e1zba t\u00f6bben is jelentkeztek b\u00f6rt\u00f6n\u0151rnek. Az Orsz\u00e1gos B\u00fcntet\u00e9s-v\u00e9grehajt\u00e1s Orsz\u00e1gos Parancsnoks\u00e1g\u00e1n l\u00e9nyeg\u00e9ben meger\u0151s\u00edtett\u00e9k ezt az inform\u00e1ci\u00f3t. Azt \u00edrt\u00e1k, hogy Sopronk\u0151hidai Fegyh\u00e1z \u00e9s B\u00f6rt\u00f6n szem\u00e9lyi \u00e1llom\u00e1ny\u00e1nak felt\u00f6lt\u00f6tts\u00e9ge 94 sz\u00e1zal\u00e9k, \u00e9s orsz\u00e1gszerte egyre er\u0151teljesebb az \u00e9rdekl\u0151d\u00e9s a bet\u00f6ltetlen","canonical_url":"https:\/\/allasorias.hu\/hirek\/bortonornek-is-egyre-tobben-jelentkeznek\/","robots":"max-image-preview:large","keywords":"","webmasterTools":{"miscellaneous":""},"schema":{"@context":"https:\/\/schema.org","@graph":[{"@type":"Article","@id":"https:\/\/allasorias.hu\/hirek\/bortonornek-is-egyre-tobben-jelentkeznek\/#article","name":"B\u00f6rt\u00f6n\u0151rnek is egyre t\u00f6bben jelentkeznek | AllasOrias.hu | H\u00edrek-lapszemle","headline":"B\u00f6rt\u00f6n\u0151rnek is egyre t\u00f6bben jelentkeznek","author":{"@id":"https:\/\/allasorias.hu\/hirek\/author\/admin-allasorias\/#author"},"publisher":{"@id":"https:\/\/allasorias.hu\/hirek\/#organization"},"image":{"@type":"ImageObject","url":"https:\/\/allasorias.hu\/hirek\/wp-content\/uploads\/2020\/03\/prison-553836_1920.jpg","width":1920,"height":1280},"datePublished":"2020-03-26T08:45:26+02:00","dateModified":"2020-03-26T08:45:26+02:00","inLanguage":"hu-HU","mainEntityOfPage":{"@id":"https:\/\/allasorias.hu\/hirek\/bortonornek-is-egyre-tobben-jelentkeznek\/#webpage"},"isPartOf":{"@id":"https:\/\/allasorias.hu\/hirek\/bortonornek-is-egyre-tobben-jelentkeznek\/#webpage"},"articleSection":"\u00c1ll\u00e1skeres\u00e9s, Hi\u00e1nyszakm\u00e1k, Karrier, Munkaer\u0151piac"},{"@type":"BreadcrumbList","@id":"https:\/\/allasorias.hu\/hirek\/bortonornek-is-egyre-tobben-jelentkeznek\/#breadcrumblist","itemListElement":[{"@type":"ListItem","@id":"https:\/\/allasorias.hu\/hirek#listItem","position":1,"name":"Home","item":"https:\/\/allasorias.hu\/hirek","nextItem":{"@type":"ListItem","@id":"https:\/\/allasorias.hu\/hirek\/temak\/allaskereses\/#listItem","name":"\u00c1ll\u00e1skeres\u00e9s"}},{"@type":"ListItem","@id":"https:\/\/allasorias.hu\/hirek\/temak\/allaskereses\/#listItem","position":2,"name":"\u00c1ll\u00e1skeres\u00e9s","item":"https:\/\/allasorias.hu\/hirek\/temak\/allaskereses\/","nextItem":{"@type":"ListItem","@id":"https:\/\/allasorias.hu\/hirek\/bortonornek-is-egyre-tobben-jelentkeznek\/#listItem","name":"B\u00f6rt\u00f6n\u0151rnek is egyre t\u00f6bben jelentkeznek"},"previousItem":{"@type":"ListItem","@id":"https:\/\/allasorias.hu\/hirek#listItem","name":"Home"}},{"@type":"ListItem","@id":"https:\/\/allasorias.hu\/hirek\/bortonornek-is-egyre-tobben-jelentkeznek\/#listItem","position":3,"name":"B\u00f6rt\u00f6n\u0151rnek is egyre t\u00f6bben jelentkeznek","previousItem":{"@type":"ListItem","@id":"https:\/\/allasorias.hu\/hirek\/temak\/allaskereses\/#listItem","name":"\u00c1ll\u00e1skeres\u00e9s"}}]},{"@type":"Organization","@id":"https:\/\/allasorias.hu\/hirek\/#organization","name":"AllasOrias.hu | H\u00edrek-lapszemle","description":"\u00dczleti h\u00edrek az \u00e1ll\u00e1s \u00e9s a munka vil\u00e1g\u00e1b\u00f3l","url":"https:\/\/allasorias.hu\/hirek\/","logo":{"@type":"ImageObject","url":"https:\/\/allasorias.hu\/hirek\/wp-content\/uploads\/2022\/10\/allasorias_site_facebok_logo.png","@id":"https:\/\/allasorias.hu\/hirek\/bortonornek-is-egyre-tobben-jelentkeznek\/#organizationLogo"},"image":{"@id":"https:\/\/allasorias.hu\/hirek\/bortonornek-is-egyre-tobben-jelentkeznek\/#organizationLogo"},"sameAs":["https:\/\/www.facebook.com\/allasorias","https:\/\/www.linkedin.com\/company\/allasorias"]},{"@type":"Person","@id":"https:\/\/allasorias.hu\/hirek\/author\/admin-allasorias\/#author","url":"https:\/\/allasorias.hu\/hirek\/author\/admin-allasorias\/","name":"Juh\u00e1sz P\u00e9ter","image":{"@type":"ImageObject","@id":"https:\/\/allasorias.hu\/hirek\/bortonornek-is-egyre-tobben-jelentkeznek\/#authorImage","url":"https:\/\/secure.gravatar.com\/avatar\/36e6bcb83148978b992977cb0f54d22feb0cce8a0a849a9410532bb2623ba4c6?s=96&d=mm&r=g","width":96,"height":96,"caption":"Juh\u00e1sz P\u00e9ter"}},{"@type":"WebPage","@id":"https:\/\/allasorias.hu\/hirek\/bortonornek-is-egyre-tobben-jelentkeznek\/#webpage","url":"https:\/\/allasorias.hu\/hirek\/bortonornek-is-egyre-tobben-jelentkeznek\/","name":"B\u00f6rt\u00f6n\u0151rnek is egyre t\u00f6bben jelentkeznek | AllasOrias.hu | H\u00edrek-lapszemle","description":"A koronav\u00edrus j\u00e1rv\u00e1ny miatt sokan vesz\u00edtett\u00e9k el \u00e1ll\u00e1sukat, k\u00f6zt\u00fck az osztr\u00e1kokn\u00e1l dolgoz\u00f3k. Ezzel \u00f6sszef\u00fcgg\u00e9sben, az index inform\u00e1ci\u00f3i szerint a sopronk\u0151hidai fegyh\u00e1zba t\u00f6bben is jelentkeztek b\u00f6rt\u00f6n\u0151rnek. Az Orsz\u00e1gos B\u00fcntet\u00e9s-v\u00e9grehajt\u00e1s Orsz\u00e1gos Parancsnoks\u00e1g\u00e1n l\u00e9nyeg\u00e9ben meger\u0151s\u00edtett\u00e9k ezt az inform\u00e1ci\u00f3t. Azt \u00edrt\u00e1k, hogy Sopronk\u0151hidai Fegyh\u00e1z \u00e9s B\u00f6rt\u00f6n szem\u00e9lyi \u00e1llom\u00e1ny\u00e1nak felt\u00f6lt\u00f6tts\u00e9ge 94 sz\u00e1zal\u00e9k, \u00e9s orsz\u00e1gszerte egyre er\u0151teljesebb az \u00e9rdekl\u0151d\u00e9s a bet\u00f6ltetlen","inLanguage":"hu-HU","isPartOf":{"@id":"https:\/\/allasorias.hu\/hirek\/#website"},"breadcrumb":{"@id":"https:\/\/allasorias.hu\/hirek\/bortonornek-is-egyre-tobben-jelentkeznek\/#breadcrumblist"},"author":{"@id":"https:\/\/allasorias.hu\/hirek\/author\/admin-allasorias\/#author"},"creator":{"@id":"https:\/\/allasorias.hu\/hirek\/author\/admin-allasorias\/#author"},"image":{"@type":"ImageObject","url":"https:\/\/allasorias.hu\/hirek\/wp-content\/uploads\/2020\/03\/prison-553836_1920.jpg","@id":"https:\/\/allasorias.hu\/hirek\/bortonornek-is-egyre-tobben-jelentkeznek\/#mainImage","width":1920,"height":1280},"primaryImageOfPage":{"@id":"https:\/\/allasorias.hu\/hirek\/bortonornek-is-egyre-tobben-jelentkeznek\/#mainImage"},"datePublished":"2020-03-26T08:45:26+02:00","dateModified":"2020-03-26T08:45:26+02:00"},{"@type":"WebSite","@id":"https:\/\/allasorias.hu\/hirek\/#website","url":"https:\/\/allasorias.hu\/hirek\/","name":"AllasOrias.hu | H\u00edrek-lapszemle","description":"\u00dczleti h\u00edrek az \u00e1ll\u00e1s \u00e9s a munka vil\u00e1g\u00e1b\u00f3l","inLanguage":"hu-HU","publisher":{"@id":"https:\/\/allasorias.hu\/hirek\/#organization"}}]},"og:locale":"hu_HU","og:site_name":"AllasOrias.hu | H\u00edrek-lapszemle | \u00dczleti h\u00edrek az \u00e1ll\u00e1s \u00e9s a munka vil\u00e1g\u00e1b\u00f3l","og:type":"article","og:title":"B\u00f6rt\u00f6n\u0151rnek is egyre t\u00f6bben jelentkeznek | AllasOrias.hu | H\u00edrek-lapszemle","og:description":"A koronav\u00edrus j\u00e1rv\u00e1ny miatt sokan vesz\u00edtett\u00e9k el \u00e1ll\u00e1sukat, k\u00f6zt\u00fck az osztr\u00e1kokn\u00e1l dolgoz\u00f3k. Ezzel \u00f6sszef\u00fcgg\u00e9sben, az index inform\u00e1ci\u00f3i szerint a sopronk\u0151hidai fegyh\u00e1zba t\u00f6bben is jelentkeztek b\u00f6rt\u00f6n\u0151rnek. Az Orsz\u00e1gos B\u00fcntet\u00e9s-v\u00e9grehajt\u00e1s Orsz\u00e1gos Parancsnoks\u00e1g\u00e1n l\u00e9nyeg\u00e9ben meger\u0151s\u00edtett\u00e9k ezt az inform\u00e1ci\u00f3t. Azt \u00edrt\u00e1k, hogy Sopronk\u0151hidai Fegyh\u00e1z \u00e9s B\u00f6rt\u00f6n szem\u00e9lyi \u00e1llom\u00e1ny\u00e1nak felt\u00f6lt\u00f6tts\u00e9ge 94 sz\u00e1zal\u00e9k, \u00e9s orsz\u00e1gszerte egyre er\u0151teljesebb az \u00e9rdekl\u0151d\u00e9s a bet\u00f6ltetlen","og:url":"https:\/\/allasorias.hu\/hirek\/bortonornek-is-egyre-tobben-jelentkeznek\/","og:image":"https:\/\/allasorias.hu\/hirek\/wp-content\/uploads\/2020\/03\/prison-553836_1920.jpg","og:image:secure_url":"https:\/\/allasorias.hu\/hirek\/wp-content\/uploads\/2020\/03\/prison-553836_1920.jpg","og:image:width":1920,"og:image:height":1280,"article:published_time":"2020-03-26T08:45:26+00:00","article:modified_time":"2020-03-26T08:45:26+00:00","article:publisher":"https:\/\/www.facebook.com\/allasorias","twitter:card":"summary_large_image","twitter:title":"B\u00f6rt\u00f6n\u0151rnek is egyre t\u00f6bben jelentkeznek | AllasOrias.hu | H\u00edrek-lapszemle","twitter:description":"A koronav\u00edrus j\u00e1rv\u00e1ny miatt sokan vesz\u00edtett\u00e9k el \u00e1ll\u00e1sukat, k\u00f6zt\u00fck az osztr\u00e1kokn\u00e1l dolgoz\u00f3k. Ezzel \u00f6sszef\u00fcgg\u00e9sben, az index inform\u00e1ci\u00f3i szerint a sopronk\u0151hidai fegyh\u00e1zba t\u00f6bben is jelentkeztek b\u00f6rt\u00f6n\u0151rnek. Az Orsz\u00e1gos B\u00fcntet\u00e9s-v\u00e9grehajt\u00e1s Orsz\u00e1gos Parancsnoks\u00e1g\u00e1n l\u00e9nyeg\u00e9ben meger\u0151s\u00edtett\u00e9k ezt az inform\u00e1ci\u00f3t. Azt \u00edrt\u00e1k, hogy Sopronk\u0151hidai Fegyh\u00e1z \u00e9s B\u00f6rt\u00f6n szem\u00e9lyi \u00e1llom\u00e1ny\u00e1nak felt\u00f6lt\u00f6tts\u00e9ge 94 sz\u00e1zal\u00e9k, \u00e9s orsz\u00e1gszerte egyre er\u0151teljesebb az \u00e9rdekl\u0151d\u00e9s a bet\u00f6ltetlen","twitter:image":"https:\/\/allasorias.hu\/hirek\/wp-content\/uploads\/2020\/03\/prison-553836_1920.jpg","twitter:label1":"Written by","twitter:data1":"Juh\u00e1sz P\u00e9ter","twitter:label2":"Est. reading time","twitter:data2":"1 minute"},"aioseo_meta_data":{"post_id":"3840","title":null,"description":null,"keywords":null,"keyphrases":null,"primary_term":null,"canonical_url":null,"og_title":null,"og_description":null,"og_object_type":"default","og_image_type":"default","og_image_url":null,"og_image_width":null,"og_image_height":null,"og_image_custom_url":null,"og_image_custom_fields":null,"og_video":null,"og_custom_url":null,"og_article_section":null,"og_article_tags":null,"twitter_use_og":false,"twitter_card":"default","twitter_image_type":"default","twitter_image_url":null,"twitter_image_custom_url":null,"twitter_image_custom_fields":null,"twitter_title":null,"twitter_description":null,"schema":{"blockGraphs":[],"customGraphs":[],"default":{"data":{"Article":[],"Course":[],"Dataset":[],"FAQPage":[],"Movie":[],"Person":[],"Product":[],"ProductReview":[],"Car":[],"Recipe":[],"Service":[],"SoftwareApplication":[],"WebPage":[]},"graphName":"","isEnabled":true},"graphs":[]},"schema_type":null,"schema_type_options":null,"pillar_content":false,"robots_default":true,"robots_noindex":false,"robots_noarchive":false,"robots_nosnippet":false,"robots_nofollow":false,"robots_noimageindex":false,"robots_noodp":false,"robots_notranslate":false,"robots_max_snippet":null,"robots_max_videopreview":null,"robots_max_imagepreview":"large","priority":null,"frequency":null,"location":null,"local_seo":null,"breadcrumb_settings":null,"limit_modified_date":false,"ai":null,"created":"2021-02-01 21:31:47","updated":"2025-10-02 13:40:30","seo_analyzer_scan_date":null,"focus_keyword":null,"additional_keywords":null,"truseo_locale":null},"aioseo_breadcrumb":"<div class=\"aioseo-breadcrumbs\"><span class=\"aioseo-breadcrumb\">\n\t\t\t<a href=\"https:\/\/allasorias.hu\/hirek\" title=\"Home\">Home<\/a>\n\t\t<\/span><span class=\"aioseo-breadcrumb-separator\">&raquo;<\/span><span class=\"aioseo-breadcrumb\">\n\t\t\t<a href=\"https:\/\/allasorias.hu\/hirek\/temak\/allaskereses\/\" title=\"\u00c1ll\u00e1skeres\u00e9s\">\u00c1ll\u00e1skeres\u00e9s<\/a>\n\t\t<\/span><span class=\"aioseo-breadcrumb-separator\">&raquo;<\/span><span class=\"aioseo-breadcrumb\">\n\t\t\tB\u00f6rt\u00f6n\u0151rnek is egyre t\u00f6bben jelentkeznek\n\t\t<\/span><\/div>","aioseo_breadcrumb_json":[{"label":"Home","link":"https:\/\/allasorias.hu\/hirek"},{"label":"\u00c1ll\u00e1skeres\u00e9s","link":"https:\/\/allasorias.hu\/hirek\/temak\/allaskereses\/"},{"label":"B\u00f6rt\u00f6n\u0151rnek is egyre t\u00f6bben jelentkeznek","link":"https:\/\/allasorias.hu\/hirek\/bortonornek-is-egyre-tobben-jelentkeznek\/"}],"_links":{"self":[{"href":"https:\/\/allasorias.hu\/hirek\/wp-json\/wp\/v2\/posts\/3840","targetHints":{"allow":["GET"]}}],"collection":[{"href":"https:\/\/allasorias.hu\/hirek\/wp-json\/wp\/v2\/posts"}],"about":[{"href":"https:\/\/allasorias.hu\/hirek\/wp-json\/wp\/v2\/types\/post"}],"author":[{"embeddable":true,"href":"https:\/\/allasorias.hu\/hirek\/wp-json\/wp\/v2\/users\/1"}],"replies":[{"embeddable":true,"href":"https:\/\/allasorias.hu\/hirek\/wp-json\/wp\/v2\/comments?post=3840"}],"version-history":[{"count":1,"href":"https:\/\/allasorias.hu\/hirek\/wp-json\/wp\/v2\/posts\/3840\/revisions"}],"predecessor-version":[{"id":3842,"href":"https:\/\/allasorias.hu\/hirek\/wp-json\/wp\/v2\/posts\/3840\/revisions\/3842"}],"wp:featuredmedia":[{"embeddable":true,"href":"https:\/\/allasorias.hu\/hirek\/wp-json\/wp\/v2\/media\/3841"}],"wp:attachment":[{"href":"https:\/\/allasorias.hu\/hirek\/wp-json\/wp\/v2\/media?parent=3840"}],"wp:term":[{"taxonomy":"category","embeddable":true,"href":"https:\/\/allasorias.hu\/hirek\/wp-json\/wp\/v2\/categories?post=3840"},{"taxonomy":"post_tag","embeddable":true,"href":"https:\/\/allasorias.hu\/hirek\/wp-json\/wp\/v2\/tags?post=3840"}],"curies":[{"name":"wp","href":"https:\/\/api.w.org\/{rel}","templated":true}]}}