{"id":3832,"date":"2020-03-25T09:20:28","date_gmt":"2020-03-25T09:20:28","guid":{"rendered":"https:\/\/allasorias.hu\/hirek\/?p=3832"},"modified":"2020-03-25T09:20:28","modified_gmt":"2020-03-25T09:20:28","slug":"a-munkaeropiac-minden-teruleten-visszaeses-varhato","status":"publish","type":"post","link":"https:\/\/allasorias.hu\/hirek\/a-munkaeropiac-minden-teruleten-visszaeses-varhato\/","title":{"rendered":"A munkaer\u0151piac minden ter\u00fclet\u00e9n visszaes\u00e9s v\u00e1rhat\u00f3"},"content":{"rendered":"<p><strong>\u00dagy t\u0171nik, csak az agr\u00e1riumban nem sz\u00e1molnak visszaes\u00e9ssel a koronav\u00edrus j\u00e1rv\u00e1ny miatt. A t\u00f6bbi szektorban a \u00a0foglalkoztatottak t\u00f6bb mint 20 sz\u00e1zal\u00e9ka sz\u00e1m\u00edt arra, hogy munkan\u00e9lk\u00fcli lesz. Az eg\u00e9szs\u00e9g\u00fcgyben viszont munkaer\u0151hi\u00e1ny van, az oktat\u00e1sban pedig nehezen \u00e1llnak \u00e1t a digitaliz\u00e1ci\u00f3ra.<\/strong><\/p>\n<p>Az akt\u00edv foglalkoztatottak majdnem fele &#8211; mintegy 2,1 milli\u00f3 ember &#8211; olyan ter\u00fcleten dolgozik, amelyet m\u00e1r most \u00e9rintenek a koronav\u00edrus-j\u00e1rv\u00e1ny negat\u00edv k\u00f6vetkezm\u00e9nyei. Csup\u00e1n az agr\u00e1rium eset\u00e9ben mutatkozik n\u00e9mi rem\u00e9ny: ebben a szektorban 80 sz\u00e1zal\u00e9kn\u00e1l alig valamivel t\u00f6bb a \u201erossz id\u0151ket\u201d v\u00e1r\u00f3k ar\u00e1nya, az \u00f6sszes t\u00f6bbi \u00e1gazatban viszont majdnem 100 sz\u00e1zal\u00e9k &#8211; der\u00fclt ki a Publicus Int\u00e9zet felm\u00e9r\u00e9s\u00e9b\u0151l, ami a N\u00e9pszava megb\u00edz\u00e1s\u00e1b\u00f3l k\u00e9sz\u00fclt. A legrosszabb helyzetben egy\u00e9rtelm\u0171en a turizmus \u00e9s vend\u00e9gl\u00e1t\u00e1s van, az itt dolgoz\u00f3k 86 sz\u00e1zal\u00e9ka \u00e9rzi \u00fagy, hogy gondot okozott a j\u00e1rv\u00e1ny. Az eg\u00e9szs\u00e9g\u00fcgyben \u00e9s az oktat\u00e1sban ez az ar\u00e1ny 70 sz\u00e1zal\u00e9k k\u00f6z\u00fcl mozog. El\u0151bbiben a t\u00falmunka jelent probl\u00e9m\u00e1t, m\u00edg ut\u00f3bbiban f\u0151k\u00e9nt a digit\u00e1lis \u00e1t\u00e1ll\u00e1s. A mez\u0151gazdas\u00e1g \u00e9s az \u00e9lelmiszeripar, valamint az ipar ter\u00fclet\u00e9n dolgoz\u00f3k k\u00f6z\u00fcl a v\u00e1laszad\u00f3k 33-34 sz\u00e1zal\u00e9ka \u00e9rzi mag\u00e1t vesz\u00e9lyben. A helyzet azonban ezekben a szektorokban is gyorsan m\u00e9g rosszabbra fordulhat: egyr\u00e9szt nem tudni, meddig p\u00f6rgeti az agr\u00e1rszektort a fogyaszt\u00e1s, \u00a0m\u00e1sr\u00e9szt az aut\u00f3gy\u00e1ri le\u00e1ll\u00e1sok hat\u00e1sai most futnak v\u00e9gig a besz\u00e1ll\u00edt\u00f3i l\u00e1ncokon. Megv\u00e1ltozott a munkav\u00e9gz\u00e9s helysz\u00edne is: az oktat\u00e1sban saj\u00e1t bevall\u00e1suk szerint m\u00e1r az emberek 78 sz\u00e1zal\u00e9ka dolgozik t\u00e1vmunk\u00e1ban, a szolg\u00e1ltat\u00f3 szektorban 39 sz\u00e1zal\u00e9k, de a turizmusb\u00f3l, vend\u00e9gl\u00e1t\u00e1sb\u00f3l \u00e9s rendezv\u00e9nyszervez\u00e9sb\u0151l \u00e9l\u0151k 28 sz\u00e1zal\u00e9ka is \u00e1t\u00e1llt erre a platformra. Hasonl\u00f3 az ar\u00e1ny a kereskedelemben dolgoz\u00f3k eset\u00e9ben is. Az eg\u00e9szs\u00e9g\u00fcgy, az ipar \u00e9s a mez\u0151gazdas\u00e1g eset\u00e9ben viszont csak 16 sz\u00e1zal\u00e9k k\u00f6r\u00fcli a home office-ban dolgoz\u00f3k ar\u00e1nya, ami a ter\u00fcletek saj\u00e1toss\u00e1gaib\u00f3l ad\u00f3d\u00f3an nyilv\u00e1nval\u00f3an nem is nagyon v\u00e1ltozik majd, hiszen beteget ell\u00e1tni, vagy f\u00f6ldet m\u0171velni nem lehet otthonr\u00f3l.<\/p>\n<p>Forr\u00e1s:hrportal.hu<\/p>\n","protected":false},"excerpt":{"rendered":"<p>\u00dagy t\u0171nik, csak az agr\u00e1riumban nem sz\u00e1molnak visszaes\u00e9ssel a koronav\u00edrus j\u00e1rv\u00e1ny miatt. A t\u00f6bbi szektorban a \u00a0foglalkoztatottak t\u00f6bb mint 20 sz\u00e1zal\u00e9ka sz\u00e1m\u00edt arra, hogy munkan\u00e9lk\u00fcli lesz. Az eg\u00e9szs\u00e9g\u00fcgyben viszont munkaer\u0151hi\u00e1ny van, az oktat\u00e1sban pedig nehezen \u00e1llnak \u00e1t a digitaliz\u00e1ci\u00f3ra. Az akt\u00edv foglalkoztatottak majdnem fele &#8211; mintegy 2,1 milli\u00f3 ember &#8211; olyan ter\u00fcleten dolgozik, amelyet m\u00e1r [&hellip;]<\/p>\n","protected":false},"author":1,"featured_media":2357,"comment_status":"open","ping_status":"open","sticky":false,"template":"","format":"standard","meta":{"_monsterinsights_skip_tracking":false,"footnotes":""},"categories":[198,200],"tags":[],"class_list":["post-3832","post","type-post","status-publish","format-standard","has-post-thumbnail","hentry","category-gazdasag","category-munkaeropiac"],"aioseo_notices":[],"aioseo_head":"\n\t\t<!-- All in One SEO 5.0.0.1 - aioseo.com -->\n\t<meta name=\"description\" content=\"\u00dagy t\u0171nik, csak az agr\u00e1riumban nem sz\u00e1molnak visszaes\u00e9ssel a koronav\u00edrus j\u00e1rv\u00e1ny miatt. A t\u00f6bbi szektorban a foglalkoztatottak t\u00f6bb mint 20 sz\u00e1zal\u00e9ka sz\u00e1m\u00edt arra, hogy munkan\u00e9lk\u00fcli lesz. Az eg\u00e9szs\u00e9g\u00fcgyben viszont munkaer\u0151hi\u00e1ny van, az oktat\u00e1sban pedig nehezen \u00e1llnak \u00e1t a digitaliz\u00e1ci\u00f3ra. Az akt\u00edv foglalkoztatottak majdnem fele - mintegy 2,1 milli\u00f3 ember - olyan ter\u00fcleten dolgozik, amelyet m\u00e1r\" \/>\n\t<meta name=\"robots\" content=\"max-image-preview:large\" \/>\n\t<meta name=\"author\" content=\"Juh\u00e1sz P\u00e9ter\"\/>\n\t<link rel=\"canonical\" href=\"https:\/\/allasorias.hu\/hirek\/a-munkaeropiac-minden-teruleten-visszaeses-varhato\/\" \/>\n\t<meta name=\"generator\" content=\"All in One SEO (AIOSEO) 5.0.0.1\" \/>\n\t\t<meta property=\"og:locale\" content=\"hu_HU\" \/>\n\t\t<meta property=\"og:site_name\" content=\"AllasOrias.hu | H\u00edrek-lapszemle | \u00dczleti h\u00edrek az \u00e1ll\u00e1s \u00e9s a munka vil\u00e1g\u00e1b\u00f3l\" \/>\n\t\t<meta property=\"og:type\" content=\"article\" \/>\n\t\t<meta property=\"og:title\" content=\"A munkaer\u0151piac minden ter\u00fclet\u00e9n visszaes\u00e9s v\u00e1rhat\u00f3 | AllasOrias.hu | H\u00edrek-lapszemle\" \/>\n\t\t<meta property=\"og:description\" content=\"\u00dagy t\u0171nik, csak az agr\u00e1riumban nem sz\u00e1molnak visszaes\u00e9ssel a koronav\u00edrus j\u00e1rv\u00e1ny miatt. A t\u00f6bbi szektorban a foglalkoztatottak t\u00f6bb mint 20 sz\u00e1zal\u00e9ka sz\u00e1m\u00edt arra, hogy munkan\u00e9lk\u00fcli lesz. Az eg\u00e9szs\u00e9g\u00fcgyben viszont munkaer\u0151hi\u00e1ny van, az oktat\u00e1sban pedig nehezen \u00e1llnak \u00e1t a digitaliz\u00e1ci\u00f3ra. Az akt\u00edv foglalkoztatottak majdnem fele - mintegy 2,1 milli\u00f3 ember - olyan ter\u00fcleten dolgozik, amelyet m\u00e1r\" \/>\n\t\t<meta property=\"og:url\" content=\"https:\/\/allasorias.hu\/hirek\/a-munkaeropiac-minden-teruleten-visszaeses-varhato\/\" \/>\n\t\t<meta property=\"og:image\" content=\"https:\/\/allasorias.hu\/hirek\/wp-content\/uploads\/2018\/12\/graph-3078539_640.png\" \/>\n\t\t<meta property=\"og:image:secure_url\" content=\"https:\/\/allasorias.hu\/hirek\/wp-content\/uploads\/2018\/12\/graph-3078539_640.png\" \/>\n\t\t<meta property=\"og:image:width\" content=\"640\" \/>\n\t\t<meta property=\"og:image:height\" content=\"426\" \/>\n\t\t<meta property=\"article:published_time\" content=\"2020-03-25T09:20:28+00:00\" \/>\n\t\t<meta property=\"article:modified_time\" content=\"2020-03-25T09:20:28+00:00\" \/>\n\t\t<meta property=\"article:publisher\" content=\"https:\/\/www.facebook.com\/allasorias\" \/>\n\t\t<meta name=\"twitter:card\" content=\"summary_large_image\" \/>\n\t\t<meta name=\"twitter:title\" content=\"A munkaer\u0151piac minden ter\u00fclet\u00e9n visszaes\u00e9s v\u00e1rhat\u00f3 | AllasOrias.hu | H\u00edrek-lapszemle\" \/>\n\t\t<meta name=\"twitter:description\" content=\"\u00dagy t\u0171nik, csak az agr\u00e1riumban nem sz\u00e1molnak visszaes\u00e9ssel a koronav\u00edrus j\u00e1rv\u00e1ny miatt. A t\u00f6bbi szektorban a foglalkoztatottak t\u00f6bb mint 20 sz\u00e1zal\u00e9ka sz\u00e1m\u00edt arra, hogy munkan\u00e9lk\u00fcli lesz. Az eg\u00e9szs\u00e9g\u00fcgyben viszont munkaer\u0151hi\u00e1ny van, az oktat\u00e1sban pedig nehezen \u00e1llnak \u00e1t a digitaliz\u00e1ci\u00f3ra. Az akt\u00edv foglalkoztatottak majdnem fele - mintegy 2,1 milli\u00f3 ember - olyan ter\u00fcleten dolgozik, amelyet m\u00e1r\" \/>\n\t\t<meta name=\"twitter:image\" content=\"https:\/\/allasorias.hu\/hirek\/wp-content\/uploads\/2018\/12\/graph-3078539_640.png\" \/>\n\t\t<meta name=\"twitter:label1\" content=\"Written by\" \/>\n\t\t<meta name=\"twitter:data1\" content=\"Juh\u00e1sz P\u00e9ter\" \/>\n\t\t<meta name=\"twitter:label2\" content=\"Est. reading time\" \/>\n\t\t<meta name=\"twitter:data2\" content=\"2 minutes\" \/>\n\t\t<script type=\"application\/ld+json\" class=\"aioseo-schema\">\n\t\t\t{\"@context\":\"https:\\\/\\\/schema.org\",\"@graph\":[{\"@type\":\"Article\",\"@id\":\"https:\\\/\\\/allasorias.hu\\\/hirek\\\/a-munkaeropiac-minden-teruleten-visszaeses-varhato\\\/#article\",\"name\":\"A munkaer\\u0151piac minden ter\\u00fclet\\u00e9n visszaes\\u00e9s v\\u00e1rhat\\u00f3 | AllasOrias.hu | H\\u00edrek-lapszemle\",\"headline\":\"A munkaer\\u0151piac minden ter\\u00fclet\\u00e9n visszaes\\u00e9s v\\u00e1rhat\\u00f3\",\"author\":{\"@id\":\"https:\\\/\\\/allasorias.hu\\\/hirek\\\/author\\\/admin-allasorias\\\/#author\"},\"publisher\":{\"@id\":\"https:\\\/\\\/allasorias.hu\\\/hirek\\\/#organization\"},\"image\":{\"@type\":\"ImageObject\",\"url\":\"https:\\\/\\\/allasorias.hu\\\/hirek\\\/wp-content\\\/uploads\\\/2018\\\/12\\\/graph-3078539_640.png\",\"width\":640,\"height\":426},\"datePublished\":\"2020-03-25T09:20:28+02:00\",\"dateModified\":\"2020-03-25T09:20:28+02:00\",\"inLanguage\":\"hu-HU\",\"mainEntityOfPage\":{\"@id\":\"https:\\\/\\\/allasorias.hu\\\/hirek\\\/a-munkaeropiac-minden-teruleten-visszaeses-varhato\\\/#webpage\"},\"isPartOf\":{\"@id\":\"https:\\\/\\\/allasorias.hu\\\/hirek\\\/a-munkaeropiac-minden-teruleten-visszaeses-varhato\\\/#webpage\"},\"articleSection\":\"Gazdas\\u00e1g, Munkaer\\u0151piac\"},{\"@type\":\"BreadcrumbList\",\"@id\":\"https:\\\/\\\/allasorias.hu\\\/hirek\\\/a-munkaeropiac-minden-teruleten-visszaeses-varhato\\\/#breadcrumblist\",\"itemListElement\":[{\"@type\":\"ListItem\",\"@id\":\"https:\\\/\\\/allasorias.hu\\\/hirek#listItem\",\"position\":1,\"name\":\"Home\",\"item\":\"https:\\\/\\\/allasorias.hu\\\/hirek\",\"nextItem\":{\"@type\":\"ListItem\",\"@id\":\"https:\\\/\\\/allasorias.hu\\\/hirek\\\/temak\\\/gazdasag\\\/#listItem\",\"name\":\"Gazdas\\u00e1g\"}},{\"@type\":\"ListItem\",\"@id\":\"https:\\\/\\\/allasorias.hu\\\/hirek\\\/temak\\\/gazdasag\\\/#listItem\",\"position\":2,\"name\":\"Gazdas\\u00e1g\",\"item\":\"https:\\\/\\\/allasorias.hu\\\/hirek\\\/temak\\\/gazdasag\\\/\",\"nextItem\":{\"@type\":\"ListItem\",\"@id\":\"https:\\\/\\\/allasorias.hu\\\/hirek\\\/a-munkaeropiac-minden-teruleten-visszaeses-varhato\\\/#listItem\",\"name\":\"A munkaer\\u0151piac minden ter\\u00fclet\\u00e9n visszaes\\u00e9s v\\u00e1rhat\\u00f3\"},\"previousItem\":{\"@type\":\"ListItem\",\"@id\":\"https:\\\/\\\/allasorias.hu\\\/hirek#listItem\",\"name\":\"Home\"}},{\"@type\":\"ListItem\",\"@id\":\"https:\\\/\\\/allasorias.hu\\\/hirek\\\/a-munkaeropiac-minden-teruleten-visszaeses-varhato\\\/#listItem\",\"position\":3,\"name\":\"A munkaer\\u0151piac minden ter\\u00fclet\\u00e9n visszaes\\u00e9s v\\u00e1rhat\\u00f3\",\"previousItem\":{\"@type\":\"ListItem\",\"@id\":\"https:\\\/\\\/allasorias.hu\\\/hirek\\\/temak\\\/gazdasag\\\/#listItem\",\"name\":\"Gazdas\\u00e1g\"}}]},{\"@type\":\"Organization\",\"@id\":\"https:\\\/\\\/allasorias.hu\\\/hirek\\\/#organization\",\"name\":\"AllasOrias.hu | H\\u00edrek-lapszemle\",\"description\":\"\\u00dczleti h\\u00edrek az \\u00e1ll\\u00e1s \\u00e9s a munka vil\\u00e1g\\u00e1b\\u00f3l\",\"url\":\"https:\\\/\\\/allasorias.hu\\\/hirek\\\/\",\"logo\":{\"@type\":\"ImageObject\",\"url\":\"https:\\\/\\\/allasorias.hu\\\/hirek\\\/wp-content\\\/uploads\\\/2022\\\/10\\\/allasorias_site_facebok_logo.png\",\"@id\":\"https:\\\/\\\/allasorias.hu\\\/hirek\\\/a-munkaeropiac-minden-teruleten-visszaeses-varhato\\\/#organizationLogo\"},\"image\":{\"@id\":\"https:\\\/\\\/allasorias.hu\\\/hirek\\\/a-munkaeropiac-minden-teruleten-visszaeses-varhato\\\/#organizationLogo\"},\"sameAs\":[\"https:\\\/\\\/www.facebook.com\\\/allasorias\",\"https:\\\/\\\/www.linkedin.com\\\/company\\\/allasorias\"]},{\"@type\":\"Person\",\"@id\":\"https:\\\/\\\/allasorias.hu\\\/hirek\\\/author\\\/admin-allasorias\\\/#author\",\"url\":\"https:\\\/\\\/allasorias.hu\\\/hirek\\\/author\\\/admin-allasorias\\\/\",\"name\":\"Juh\\u00e1sz P\\u00e9ter\",\"image\":{\"@type\":\"ImageObject\",\"@id\":\"https:\\\/\\\/allasorias.hu\\\/hirek\\\/a-munkaeropiac-minden-teruleten-visszaeses-varhato\\\/#authorImage\",\"url\":\"https:\\\/\\\/secure.gravatar.com\\\/avatar\\\/36e6bcb83148978b992977cb0f54d22feb0cce8a0a849a9410532bb2623ba4c6?s=96&d=mm&r=g\",\"width\":96,\"height\":96,\"caption\":\"Juh\\u00e1sz P\\u00e9ter\"}},{\"@type\":\"WebPage\",\"@id\":\"https:\\\/\\\/allasorias.hu\\\/hirek\\\/a-munkaeropiac-minden-teruleten-visszaeses-varhato\\\/#webpage\",\"url\":\"https:\\\/\\\/allasorias.hu\\\/hirek\\\/a-munkaeropiac-minden-teruleten-visszaeses-varhato\\\/\",\"name\":\"A munkaer\\u0151piac minden ter\\u00fclet\\u00e9n visszaes\\u00e9s v\\u00e1rhat\\u00f3 | AllasOrias.hu | H\\u00edrek-lapszemle\",\"description\":\"\\u00dagy t\\u0171nik, csak az agr\\u00e1riumban nem sz\\u00e1molnak visszaes\\u00e9ssel a koronav\\u00edrus j\\u00e1rv\\u00e1ny miatt. A t\\u00f6bbi szektorban a foglalkoztatottak t\\u00f6bb mint 20 sz\\u00e1zal\\u00e9ka sz\\u00e1m\\u00edt arra, hogy munkan\\u00e9lk\\u00fcli lesz. Az eg\\u00e9szs\\u00e9g\\u00fcgyben viszont munkaer\\u0151hi\\u00e1ny van, az oktat\\u00e1sban pedig nehezen \\u00e1llnak \\u00e1t a digitaliz\\u00e1ci\\u00f3ra. Az akt\\u00edv foglalkoztatottak majdnem fele - mintegy 2,1 milli\\u00f3 ember - olyan ter\\u00fcleten dolgozik, amelyet m\\u00e1r\",\"inLanguage\":\"hu-HU\",\"isPartOf\":{\"@id\":\"https:\\\/\\\/allasorias.hu\\\/hirek\\\/#website\"},\"breadcrumb\":{\"@id\":\"https:\\\/\\\/allasorias.hu\\\/hirek\\\/a-munkaeropiac-minden-teruleten-visszaeses-varhato\\\/#breadcrumblist\"},\"author\":{\"@id\":\"https:\\\/\\\/allasorias.hu\\\/hirek\\\/author\\\/admin-allasorias\\\/#author\"},\"creator\":{\"@id\":\"https:\\\/\\\/allasorias.hu\\\/hirek\\\/author\\\/admin-allasorias\\\/#author\"},\"image\":{\"@type\":\"ImageObject\",\"url\":\"https:\\\/\\\/allasorias.hu\\\/hirek\\\/wp-content\\\/uploads\\\/2018\\\/12\\\/graph-3078539_640.png\",\"@id\":\"https:\\\/\\\/allasorias.hu\\\/hirek\\\/a-munkaeropiac-minden-teruleten-visszaeses-varhato\\\/#mainImage\",\"width\":640,\"height\":426},\"primaryImageOfPage\":{\"@id\":\"https:\\\/\\\/allasorias.hu\\\/hirek\\\/a-munkaeropiac-minden-teruleten-visszaeses-varhato\\\/#mainImage\"},\"datePublished\":\"2020-03-25T09:20:28+02:00\",\"dateModified\":\"2020-03-25T09:20:28+02:00\"},{\"@type\":\"WebSite\",\"@id\":\"https:\\\/\\\/allasorias.hu\\\/hirek\\\/#website\",\"url\":\"https:\\\/\\\/allasorias.hu\\\/hirek\\\/\",\"name\":\"AllasOrias.hu | H\\u00edrek-lapszemle\",\"description\":\"\\u00dczleti h\\u00edrek az \\u00e1ll\\u00e1s \\u00e9s a munka vil\\u00e1g\\u00e1b\\u00f3l\",\"inLanguage\":\"hu-HU\",\"publisher\":{\"@id\":\"https:\\\/\\\/allasorias.hu\\\/hirek\\\/#organization\"}}]}\n\t\t<\/script>\n\t\t<!-- All in One SEO -->\n\n","aioseo_head_json":{"title":"A munkaer\u0151piac minden ter\u00fclet\u00e9n visszaes\u00e9s v\u00e1rhat\u00f3 | AllasOrias.hu | H\u00edrek-lapszemle","description":"\u00dagy t\u0171nik, csak az agr\u00e1riumban nem sz\u00e1molnak visszaes\u00e9ssel a koronav\u00edrus j\u00e1rv\u00e1ny miatt. A t\u00f6bbi szektorban a foglalkoztatottak t\u00f6bb mint 20 sz\u00e1zal\u00e9ka sz\u00e1m\u00edt arra, hogy munkan\u00e9lk\u00fcli lesz. Az eg\u00e9szs\u00e9g\u00fcgyben viszont munkaer\u0151hi\u00e1ny van, az oktat\u00e1sban pedig nehezen \u00e1llnak \u00e1t a digitaliz\u00e1ci\u00f3ra. Az akt\u00edv foglalkoztatottak majdnem fele - mintegy 2,1 milli\u00f3 ember - olyan ter\u00fcleten dolgozik, amelyet m\u00e1r","canonical_url":"https:\/\/allasorias.hu\/hirek\/a-munkaeropiac-minden-teruleten-visszaeses-varhato\/","robots":"max-image-preview:large","keywords":"","webmasterTools":{"miscellaneous":""},"schema":{"@context":"https:\/\/schema.org","@graph":[{"@type":"Article","@id":"https:\/\/allasorias.hu\/hirek\/a-munkaeropiac-minden-teruleten-visszaeses-varhato\/#article","name":"A munkaer\u0151piac minden ter\u00fclet\u00e9n visszaes\u00e9s v\u00e1rhat\u00f3 | AllasOrias.hu | H\u00edrek-lapszemle","headline":"A munkaer\u0151piac minden ter\u00fclet\u00e9n visszaes\u00e9s v\u00e1rhat\u00f3","author":{"@id":"https:\/\/allasorias.hu\/hirek\/author\/admin-allasorias\/#author"},"publisher":{"@id":"https:\/\/allasorias.hu\/hirek\/#organization"},"image":{"@type":"ImageObject","url":"https:\/\/allasorias.hu\/hirek\/wp-content\/uploads\/2018\/12\/graph-3078539_640.png","width":640,"height":426},"datePublished":"2020-03-25T09:20:28+02:00","dateModified":"2020-03-25T09:20:28+02:00","inLanguage":"hu-HU","mainEntityOfPage":{"@id":"https:\/\/allasorias.hu\/hirek\/a-munkaeropiac-minden-teruleten-visszaeses-varhato\/#webpage"},"isPartOf":{"@id":"https:\/\/allasorias.hu\/hirek\/a-munkaeropiac-minden-teruleten-visszaeses-varhato\/#webpage"},"articleSection":"Gazdas\u00e1g, Munkaer\u0151piac"},{"@type":"BreadcrumbList","@id":"https:\/\/allasorias.hu\/hirek\/a-munkaeropiac-minden-teruleten-visszaeses-varhato\/#breadcrumblist","itemListElement":[{"@type":"ListItem","@id":"https:\/\/allasorias.hu\/hirek#listItem","position":1,"name":"Home","item":"https:\/\/allasorias.hu\/hirek","nextItem":{"@type":"ListItem","@id":"https:\/\/allasorias.hu\/hirek\/temak\/gazdasag\/#listItem","name":"Gazdas\u00e1g"}},{"@type":"ListItem","@id":"https:\/\/allasorias.hu\/hirek\/temak\/gazdasag\/#listItem","position":2,"name":"Gazdas\u00e1g","item":"https:\/\/allasorias.hu\/hirek\/temak\/gazdasag\/","nextItem":{"@type":"ListItem","@id":"https:\/\/allasorias.hu\/hirek\/a-munkaeropiac-minden-teruleten-visszaeses-varhato\/#listItem","name":"A munkaer\u0151piac minden ter\u00fclet\u00e9n visszaes\u00e9s v\u00e1rhat\u00f3"},"previousItem":{"@type":"ListItem","@id":"https:\/\/allasorias.hu\/hirek#listItem","name":"Home"}},{"@type":"ListItem","@id":"https:\/\/allasorias.hu\/hirek\/a-munkaeropiac-minden-teruleten-visszaeses-varhato\/#listItem","position":3,"name":"A munkaer\u0151piac minden ter\u00fclet\u00e9n visszaes\u00e9s v\u00e1rhat\u00f3","previousItem":{"@type":"ListItem","@id":"https:\/\/allasorias.hu\/hirek\/temak\/gazdasag\/#listItem","name":"Gazdas\u00e1g"}}]},{"@type":"Organization","@id":"https:\/\/allasorias.hu\/hirek\/#organization","name":"AllasOrias.hu | H\u00edrek-lapszemle","description":"\u00dczleti h\u00edrek az \u00e1ll\u00e1s \u00e9s a munka vil\u00e1g\u00e1b\u00f3l","url":"https:\/\/allasorias.hu\/hirek\/","logo":{"@type":"ImageObject","url":"https:\/\/allasorias.hu\/hirek\/wp-content\/uploads\/2022\/10\/allasorias_site_facebok_logo.png","@id":"https:\/\/allasorias.hu\/hirek\/a-munkaeropiac-minden-teruleten-visszaeses-varhato\/#organizationLogo"},"image":{"@id":"https:\/\/allasorias.hu\/hirek\/a-munkaeropiac-minden-teruleten-visszaeses-varhato\/#organizationLogo"},"sameAs":["https:\/\/www.facebook.com\/allasorias","https:\/\/www.linkedin.com\/company\/allasorias"]},{"@type":"Person","@id":"https:\/\/allasorias.hu\/hirek\/author\/admin-allasorias\/#author","url":"https:\/\/allasorias.hu\/hirek\/author\/admin-allasorias\/","name":"Juh\u00e1sz P\u00e9ter","image":{"@type":"ImageObject","@id":"https:\/\/allasorias.hu\/hirek\/a-munkaeropiac-minden-teruleten-visszaeses-varhato\/#authorImage","url":"https:\/\/secure.gravatar.com\/avatar\/36e6bcb83148978b992977cb0f54d22feb0cce8a0a849a9410532bb2623ba4c6?s=96&d=mm&r=g","width":96,"height":96,"caption":"Juh\u00e1sz P\u00e9ter"}},{"@type":"WebPage","@id":"https:\/\/allasorias.hu\/hirek\/a-munkaeropiac-minden-teruleten-visszaeses-varhato\/#webpage","url":"https:\/\/allasorias.hu\/hirek\/a-munkaeropiac-minden-teruleten-visszaeses-varhato\/","name":"A munkaer\u0151piac minden ter\u00fclet\u00e9n visszaes\u00e9s v\u00e1rhat\u00f3 | AllasOrias.hu | H\u00edrek-lapszemle","description":"\u00dagy t\u0171nik, csak az agr\u00e1riumban nem sz\u00e1molnak visszaes\u00e9ssel a koronav\u00edrus j\u00e1rv\u00e1ny miatt. A t\u00f6bbi szektorban a foglalkoztatottak t\u00f6bb mint 20 sz\u00e1zal\u00e9ka sz\u00e1m\u00edt arra, hogy munkan\u00e9lk\u00fcli lesz. Az eg\u00e9szs\u00e9g\u00fcgyben viszont munkaer\u0151hi\u00e1ny van, az oktat\u00e1sban pedig nehezen \u00e1llnak \u00e1t a digitaliz\u00e1ci\u00f3ra. Az akt\u00edv foglalkoztatottak majdnem fele - mintegy 2,1 milli\u00f3 ember - olyan ter\u00fcleten dolgozik, amelyet m\u00e1r","inLanguage":"hu-HU","isPartOf":{"@id":"https:\/\/allasorias.hu\/hirek\/#website"},"breadcrumb":{"@id":"https:\/\/allasorias.hu\/hirek\/a-munkaeropiac-minden-teruleten-visszaeses-varhato\/#breadcrumblist"},"author":{"@id":"https:\/\/allasorias.hu\/hirek\/author\/admin-allasorias\/#author"},"creator":{"@id":"https:\/\/allasorias.hu\/hirek\/author\/admin-allasorias\/#author"},"image":{"@type":"ImageObject","url":"https:\/\/allasorias.hu\/hirek\/wp-content\/uploads\/2018\/12\/graph-3078539_640.png","@id":"https:\/\/allasorias.hu\/hirek\/a-munkaeropiac-minden-teruleten-visszaeses-varhato\/#mainImage","width":640,"height":426},"primaryImageOfPage":{"@id":"https:\/\/allasorias.hu\/hirek\/a-munkaeropiac-minden-teruleten-visszaeses-varhato\/#mainImage"},"datePublished":"2020-03-25T09:20:28+02:00","dateModified":"2020-03-25T09:20:28+02:00"},{"@type":"WebSite","@id":"https:\/\/allasorias.hu\/hirek\/#website","url":"https:\/\/allasorias.hu\/hirek\/","name":"AllasOrias.hu | H\u00edrek-lapszemle","description":"\u00dczleti h\u00edrek az \u00e1ll\u00e1s \u00e9s a munka vil\u00e1g\u00e1b\u00f3l","inLanguage":"hu-HU","publisher":{"@id":"https:\/\/allasorias.hu\/hirek\/#organization"}}]},"og:locale":"hu_HU","og:site_name":"AllasOrias.hu | H\u00edrek-lapszemle | \u00dczleti h\u00edrek az \u00e1ll\u00e1s \u00e9s a munka vil\u00e1g\u00e1b\u00f3l","og:type":"article","og:title":"A munkaer\u0151piac minden ter\u00fclet\u00e9n visszaes\u00e9s v\u00e1rhat\u00f3 | AllasOrias.hu | H\u00edrek-lapszemle","og:description":"\u00dagy t\u0171nik, csak az agr\u00e1riumban nem sz\u00e1molnak visszaes\u00e9ssel a koronav\u00edrus j\u00e1rv\u00e1ny miatt. A t\u00f6bbi szektorban a foglalkoztatottak t\u00f6bb mint 20 sz\u00e1zal\u00e9ka sz\u00e1m\u00edt arra, hogy munkan\u00e9lk\u00fcli lesz. Az eg\u00e9szs\u00e9g\u00fcgyben viszont munkaer\u0151hi\u00e1ny van, az oktat\u00e1sban pedig nehezen \u00e1llnak \u00e1t a digitaliz\u00e1ci\u00f3ra. Az akt\u00edv foglalkoztatottak majdnem fele - mintegy 2,1 milli\u00f3 ember - olyan ter\u00fcleten dolgozik, amelyet m\u00e1r","og:url":"https:\/\/allasorias.hu\/hirek\/a-munkaeropiac-minden-teruleten-visszaeses-varhato\/","og:image":"https:\/\/allasorias.hu\/hirek\/wp-content\/uploads\/2018\/12\/graph-3078539_640.png","og:image:secure_url":"https:\/\/allasorias.hu\/hirek\/wp-content\/uploads\/2018\/12\/graph-3078539_640.png","og:image:width":640,"og:image:height":426,"article:published_time":"2020-03-25T09:20:28+00:00","article:modified_time":"2020-03-25T09:20:28+00:00","article:publisher":"https:\/\/www.facebook.com\/allasorias","twitter:card":"summary_large_image","twitter:title":"A munkaer\u0151piac minden ter\u00fclet\u00e9n visszaes\u00e9s v\u00e1rhat\u00f3 | AllasOrias.hu | H\u00edrek-lapszemle","twitter:description":"\u00dagy t\u0171nik, csak az agr\u00e1riumban nem sz\u00e1molnak visszaes\u00e9ssel a koronav\u00edrus j\u00e1rv\u00e1ny miatt. A t\u00f6bbi szektorban a foglalkoztatottak t\u00f6bb mint 20 sz\u00e1zal\u00e9ka sz\u00e1m\u00edt arra, hogy munkan\u00e9lk\u00fcli lesz. Az eg\u00e9szs\u00e9g\u00fcgyben viszont munkaer\u0151hi\u00e1ny van, az oktat\u00e1sban pedig nehezen \u00e1llnak \u00e1t a digitaliz\u00e1ci\u00f3ra. Az akt\u00edv foglalkoztatottak majdnem fele - mintegy 2,1 milli\u00f3 ember - olyan ter\u00fcleten dolgozik, amelyet m\u00e1r","twitter:image":"https:\/\/allasorias.hu\/hirek\/wp-content\/uploads\/2018\/12\/graph-3078539_640.png","twitter:label1":"Written by","twitter:data1":"Juh\u00e1sz P\u00e9ter","twitter:label2":"Est. reading time","twitter:data2":"2 minutes"},"aioseo_meta_data":{"post_id":"3832","title":null,"description":null,"keywords":null,"keyphrases":null,"primary_term":null,"canonical_url":null,"og_title":null,"og_description":null,"og_object_type":"default","og_image_type":"default","og_image_url":null,"og_image_width":null,"og_image_height":null,"og_image_custom_url":null,"og_image_custom_fields":null,"og_video":null,"og_custom_url":null,"og_article_section":null,"og_article_tags":null,"twitter_use_og":false,"twitter_card":"default","twitter_image_type":"default","twitter_image_url":null,"twitter_image_custom_url":null,"twitter_image_custom_fields":null,"twitter_title":null,"twitter_description":null,"schema":{"blockGraphs":[],"customGraphs":[],"default":{"data":{"Article":[],"Course":[],"Dataset":[],"FAQPage":[],"Movie":[],"Person":[],"Product":[],"ProductReview":[],"Car":[],"Recipe":[],"Service":[],"SoftwareApplication":[],"WebPage":[]},"graphName":"","isEnabled":true},"graphs":[],"defaultGraph":"","defaultPostTypeGraph":""},"schema_type":null,"schema_type_options":null,"pillar_content":false,"robots_default":true,"robots_noindex":false,"robots_noarchive":false,"robots_nosnippet":false,"robots_nofollow":false,"robots_noimageindex":false,"robots_noodp":false,"robots_notranslate":false,"robots_max_snippet":null,"robots_max_videopreview":null,"robots_max_imagepreview":"large","priority":null,"frequency":null,"location":null,"local_seo":null,"breadcrumb_settings":null,"limit_modified_date":false,"ai":null,"created":"2021-02-01 21:31:47","updated":"2025-10-02 13:39:00","seo_analyzer_scan_date":null,"focus_keyword":null,"additional_keywords":null,"truseo_locale":null},"aioseo_breadcrumb":"<div class=\"aioseo-breadcrumbs\"><span class=\"aioseo-breadcrumb\">\n\t\t\t<a href=\"https:\/\/allasorias.hu\/hirek\" title=\"Home\">Home<\/a>\n\t\t<\/span><span class=\"aioseo-breadcrumb-separator\">&raquo;<\/span><span class=\"aioseo-breadcrumb\">\n\t\t\t<a href=\"https:\/\/allasorias.hu\/hirek\/temak\/gazdasag\/\" title=\"Gazdas\u00e1g\">Gazdas\u00e1g<\/a>\n\t\t<\/span><span class=\"aioseo-breadcrumb-separator\">&raquo;<\/span><span class=\"aioseo-breadcrumb\">\n\t\t\tA munkaer\u0151piac minden ter\u00fclet\u00e9n visszaes\u00e9s v\u00e1rhat\u00f3\n\t\t<\/span><\/div>","aioseo_breadcrumb_json":[{"label":"Home","link":"https:\/\/allasorias.hu\/hirek"},{"label":"Gazdas\u00e1g","link":"https:\/\/allasorias.hu\/hirek\/temak\/gazdasag\/"},{"label":"A munkaer\u0151piac minden ter\u00fclet\u00e9n visszaes\u00e9s v\u00e1rhat\u00f3","link":"https:\/\/allasorias.hu\/hirek\/a-munkaeropiac-minden-teruleten-visszaeses-varhato\/"}],"_links":{"self":[{"href":"https:\/\/allasorias.hu\/hirek\/wp-json\/wp\/v2\/posts\/3832","targetHints":{"allow":["GET"]}}],"collection":[{"href":"https:\/\/allasorias.hu\/hirek\/wp-json\/wp\/v2\/posts"}],"about":[{"href":"https:\/\/allasorias.hu\/hirek\/wp-json\/wp\/v2\/types\/post"}],"author":[{"embeddable":true,"href":"https:\/\/allasorias.hu\/hirek\/wp-json\/wp\/v2\/users\/1"}],"replies":[{"embeddable":true,"href":"https:\/\/allasorias.hu\/hirek\/wp-json\/wp\/v2\/comments?post=3832"}],"version-history":[{"count":1,"href":"https:\/\/allasorias.hu\/hirek\/wp-json\/wp\/v2\/posts\/3832\/revisions"}],"predecessor-version":[{"id":3833,"href":"https:\/\/allasorias.hu\/hirek\/wp-json\/wp\/v2\/posts\/3832\/revisions\/3833"}],"wp:featuredmedia":[{"embeddable":true,"href":"https:\/\/allasorias.hu\/hirek\/wp-json\/wp\/v2\/media\/2357"}],"wp:attachment":[{"href":"https:\/\/allasorias.hu\/hirek\/wp-json\/wp\/v2\/media?parent=3832"}],"wp:term":[{"taxonomy":"category","embeddable":true,"href":"https:\/\/allasorias.hu\/hirek\/wp-json\/wp\/v2\/categories?post=3832"},{"taxonomy":"post_tag","embeddable":true,"href":"https:\/\/allasorias.hu\/hirek\/wp-json\/wp\/v2\/tags?post=3832"}],"curies":[{"name":"wp","href":"https:\/\/api.w.org\/{rel}","templated":true}]}}