{"id":3827,"date":"2020-03-25T07:14:48","date_gmt":"2020-03-25T07:14:48","guid":{"rendered":"https:\/\/allasorias.hu\/hirek\/?p=3827"},"modified":"2020-03-25T07:15:08","modified_gmt":"2020-03-25T07:15:08","slug":"szigoru-intezkedeseket-vezet-be-a-waberers-ujratargyaljak-a-bereket-is","status":"publish","type":"post","link":"https:\/\/allasorias.hu\/hirek\/szigoru-intezkedeseket-vezet-be-a-waberers-ujratargyaljak-a-bereket-is\/","title":{"rendered":"Szigor\u00fa int\u00e9zked\u00e9seket vezet be a Waberer\u2019s \u2013 \u00dajrat\u00e1rgyalj\u00e1k a b\u00e9reket is"},"content":{"rendered":"<p><strong>Szigor\u00fa int\u00e9zked\u00e9seket vezet be a Waberer\u2019s, hogy cs\u00f6kkentse k\u00f6lts\u00e9geit.Le\u00e1ll\u00edtja a nemzetk\u00f6zi flott\u00e1j\u00e1ban l\u00e9v\u0151 kamionok jelent\u0151s r\u00e9sz\u00e9t, hazahozza a k\u00fclf\u00f6ldi j\u00e1rm\u0171vezet\u0151it \u00e9s eszk\u00f6zeit, \u00e9s \u00e9sszer\u0171s\u00edti munkaer\u0151 \u00e1llom\u00e1ny\u00e1t.<\/strong><\/p>\n<p>A c\u00e9g bejelentette: azonnali hat\u00e1llyal k\u00fcl\u00f6nleges int\u00e9zked\u00e9seket vezet be a COVID-19 k\u00e1ros hat\u00e1sainak ellent\u00e9telez\u00e9s\u00e9re. Amint azt a T\u00e1rsas\u00e1g 2020. m\u00e1rcius 17-\u00e9n, \u00fczleti teljes\u00edtm\u00e9ny\u00e9vel kapcsolatban kiadott k\u00f6zlem\u00e9ny\u00e9ben bejelentette, a csoport bev\u00e9teleit jelent\u0151s m\u00e9rt\u00e9kben befoly\u00e1solt\u00e1k a koronav\u00edrus vil\u00e1gj\u00e1rv\u00e1ny k\u00f6vetkezt\u00e9ben elrendelt, eg\u00e9sz Eur\u00f3p\u00e1ra kiterjed\u0151 korl\u00e1toz\u00e1sok.\u00a0\u00a0 Az int\u00e9zked\u00e9sek kiterjednek a kamionok jelent\u0151s r\u00e9sz\u00e9nek azonnali hat\u00e1ly\u00fa le\u00e1ll\u00edt\u00e1s\u00e1ra a Waberer\u2019s nemzetk\u00f6zi flott\u00e1j\u00e1ban.\u00a0\u00a0 Elfogad\u00e1sra ker\u00fclt az orsz\u00e1gon k\u00edv\u00fcli eszk\u00f6z\u00f6k \u00e9s j\u00e1rm\u0171vezet\u0151k hazatelep\u00edt\u00e9si terve \u00e9s megkezd\u0151d\u00f6tt annak v\u00e9grehajt\u00e1sa. A t\u00e1rsas\u00e1g \u00e9sszer\u0171s\u00edti munkaer\u0151-\u00e1llom\u00e1ny\u00e1t is annak \u00e9rdek\u00e9ben, hogy megfeleljen a kereslet cs\u00f6kken\u00e9s\u00e9nek. A bevezetett HR-int\u00e9zked\u00e9sek \u00f6sszess\u00e9ge mag\u00e1ban foglalja az \u00faj keres\u00e9sek befagyaszt\u00e1st, a b\u00e9rek \u00fajrat\u00e1rgyal\u00e1s\u00e1t \u00e9s egy fizet\u00e9s n\u00e9lk\u00fcli szabads\u00e1ggal kapcsolatos programot.\u00a0 A t\u00e1rsas\u00e1g szakszervezetei r\u00e9szt vettek az int\u00e9zked\u00e9sek megtervez\u00e9s\u00e9ben. A Waberer&#8217;s \u00e1rfolyama id\u00e9n m\u00e1r t\u00f6bb mint 40 sz\u00e1zal\u00e9kot vesz\u00edtett az \u00e9rt\u00e9k\u00e9b\u0151l. Erd\u00e9lyi Barna vez\u00e9rigazgat\u00f3 elmondta: p\u00e9ld\u00e1tlan id\u0151ket \u00e9l\u00fcnk, amelyekre p\u00e9ld\u00e1tlan v\u00e1laszokat kell adnunk. Biztos vagyok abban, hogy a ma bevezetett int\u00e9zked\u00e9sekkel megtal\u00e1ljuk a k\u00e9nyes egyens\u00falyt a p\u00e9nz\u00fcgyi helyzet\u00fcnk sz\u00fcks\u00e9gszer\u0171 jav\u00edt\u00e1sa \u00e9s az \u00fcgyfeleinknek ny\u00fajtott szolg\u00e1ltat\u00e1si sz\u00ednvonal fenntart\u00e1sa k\u00f6z\u00f6tt, \u00e9s egyben ezek a l\u00e9p\u00e9sek biztos\u00edtj\u00e1k tev\u00e9kenys\u00e9g\u00fcnk fenntarthat\u00f3s\u00e1g\u00e1t a jelenlegi kih\u00edv\u00e1sokkal teli id\u0151szakban.<\/p>\n<p>Forr\u00e1s: portfolio.hu<\/p>\n","protected":false},"excerpt":{"rendered":"<p>Szigor\u00fa int\u00e9zked\u00e9seket vezet be a Waberer\u2019s, hogy cs\u00f6kkentse k\u00f6lts\u00e9geit.Le\u00e1ll\u00edtja a nemzetk\u00f6zi flott\u00e1j\u00e1ban l\u00e9v\u0151 kamionok jelent\u0151s r\u00e9sz\u00e9t, hazahozza a k\u00fclf\u00f6ldi j\u00e1rm\u0171vezet\u0151it \u00e9s eszk\u00f6zeit, \u00e9s \u00e9sszer\u0171s\u00edti munkaer\u0151 \u00e1llom\u00e1ny\u00e1t. A c\u00e9g bejelentette: azonnali hat\u00e1llyal k\u00fcl\u00f6nleges int\u00e9zked\u00e9seket vezet be a COVID-19 k\u00e1ros hat\u00e1sainak ellent\u00e9telez\u00e9s\u00e9re. Amint azt a T\u00e1rsas\u00e1g 2020. m\u00e1rcius 17-\u00e9n, \u00fczleti teljes\u00edtm\u00e9ny\u00e9vel kapcsolatban kiadott k\u00f6zlem\u00e9ny\u00e9ben bejelentette, a csoport [&hellip;]<\/p>\n","protected":false},"author":1,"featured_media":3828,"comment_status":"open","ping_status":"open","sticky":false,"template":"","format":"standard","meta":{"_monsterinsights_skip_tracking":false,"footnotes":""},"categories":[198,201,200],"tags":[],"class_list":["post-3827","post","type-post","status-publish","format-standard","has-post-thumbnail","hentry","category-gazdasag","category-kulfold","category-munkaeropiac"],"aioseo_notices":[],"aioseo_head":"\n\t\t<!-- All in One SEO 5.0.0.1 - aioseo.com -->\n\t<meta name=\"description\" content=\"Szigor\u00fa int\u00e9zked\u00e9seket vezet be a Waberer\u2019s, hogy cs\u00f6kkentse k\u00f6lts\u00e9geit.Le\u00e1ll\u00edtja a nemzetk\u00f6zi flott\u00e1j\u00e1ban l\u00e9v\u0151 kamionok jelent\u0151s r\u00e9sz\u00e9t, hazahozza a k\u00fclf\u00f6ldi j\u00e1rm\u0171vezet\u0151it \u00e9s eszk\u00f6zeit, \u00e9s \u00e9sszer\u0171s\u00edti munkaer\u0151 \u00e1llom\u00e1ny\u00e1t. A c\u00e9g bejelentette: azonnali hat\u00e1llyal k\u00fcl\u00f6nleges int\u00e9zked\u00e9seket vezet be a COVID-19 k\u00e1ros hat\u00e1sainak ellent\u00e9telez\u00e9s\u00e9re. Amint azt a T\u00e1rsas\u00e1g 2020. m\u00e1rcius 17-\u00e9n, \u00fczleti teljes\u00edtm\u00e9ny\u00e9vel kapcsolatban kiadott k\u00f6zlem\u00e9ny\u00e9ben bejelentette, a csoport\" \/>\n\t<meta name=\"robots\" content=\"max-image-preview:large\" \/>\n\t<meta name=\"author\" content=\"Juh\u00e1sz P\u00e9ter\"\/>\n\t<link rel=\"canonical\" href=\"https:\/\/allasorias.hu\/hirek\/szigoru-intezkedeseket-vezet-be-a-waberers-ujratargyaljak-a-bereket-is\/\" \/>\n\t<meta name=\"generator\" content=\"All in One SEO (AIOSEO) 5.0.0.1\" \/>\n\t\t<meta property=\"og:locale\" content=\"hu_HU\" \/>\n\t\t<meta property=\"og:site_name\" content=\"AllasOrias.hu | H\u00edrek-lapszemle | \u00dczleti h\u00edrek az \u00e1ll\u00e1s \u00e9s a munka vil\u00e1g\u00e1b\u00f3l\" \/>\n\t\t<meta property=\"og:type\" content=\"article\" \/>\n\t\t<meta property=\"og:title\" content=\"Szigor\u00fa int\u00e9zked\u00e9seket vezet be a Waberer\u2019s \u2013 \u00dajrat\u00e1rgyalj\u00e1k a b\u00e9reket is | AllasOrias.hu | H\u00edrek-lapszemle\" \/>\n\t\t<meta property=\"og:description\" content=\"Szigor\u00fa int\u00e9zked\u00e9seket vezet be a Waberer\u2019s, hogy cs\u00f6kkentse k\u00f6lts\u00e9geit.Le\u00e1ll\u00edtja a nemzetk\u00f6zi flott\u00e1j\u00e1ban l\u00e9v\u0151 kamionok jelent\u0151s r\u00e9sz\u00e9t, hazahozza a k\u00fclf\u00f6ldi j\u00e1rm\u0171vezet\u0151it \u00e9s eszk\u00f6zeit, \u00e9s \u00e9sszer\u0171s\u00edti munkaer\u0151 \u00e1llom\u00e1ny\u00e1t. A c\u00e9g bejelentette: azonnali hat\u00e1llyal k\u00fcl\u00f6nleges int\u00e9zked\u00e9seket vezet be a COVID-19 k\u00e1ros hat\u00e1sainak ellent\u00e9telez\u00e9s\u00e9re. Amint azt a T\u00e1rsas\u00e1g 2020. m\u00e1rcius 17-\u00e9n, \u00fczleti teljes\u00edtm\u00e9ny\u00e9vel kapcsolatban kiadott k\u00f6zlem\u00e9ny\u00e9ben bejelentette, a csoport\" \/>\n\t\t<meta property=\"og:url\" content=\"https:\/\/allasorias.hu\/hirek\/szigoru-intezkedeseket-vezet-be-a-waberers-ujratargyaljak-a-bereket-is\/\" \/>\n\t\t<meta property=\"og:image\" content=\"https:\/\/allasorias.hu\/hirek\/wp-content\/uploads\/2020\/03\/cloudy-1866581_1920.jpg\" \/>\n\t\t<meta property=\"og:image:secure_url\" content=\"https:\/\/allasorias.hu\/hirek\/wp-content\/uploads\/2020\/03\/cloudy-1866581_1920.jpg\" \/>\n\t\t<meta property=\"og:image:width\" content=\"1920\" \/>\n\t\t<meta property=\"og:image:height\" content=\"1280\" \/>\n\t\t<meta property=\"article:published_time\" content=\"2020-03-25T07:14:48+00:00\" \/>\n\t\t<meta property=\"article:modified_time\" content=\"2020-03-25T07:15:08+00:00\" \/>\n\t\t<meta property=\"article:publisher\" content=\"https:\/\/www.facebook.com\/allasorias\" \/>\n\t\t<meta name=\"twitter:card\" content=\"summary_large_image\" \/>\n\t\t<meta name=\"twitter:title\" content=\"Szigor\u00fa int\u00e9zked\u00e9seket vezet be a Waberer\u2019s \u2013 \u00dajrat\u00e1rgyalj\u00e1k a b\u00e9reket is | AllasOrias.hu | H\u00edrek-lapszemle\" \/>\n\t\t<meta name=\"twitter:description\" content=\"Szigor\u00fa int\u00e9zked\u00e9seket vezet be a Waberer\u2019s, hogy cs\u00f6kkentse k\u00f6lts\u00e9geit.Le\u00e1ll\u00edtja a nemzetk\u00f6zi flott\u00e1j\u00e1ban l\u00e9v\u0151 kamionok jelent\u0151s r\u00e9sz\u00e9t, hazahozza a k\u00fclf\u00f6ldi j\u00e1rm\u0171vezet\u0151it \u00e9s eszk\u00f6zeit, \u00e9s \u00e9sszer\u0171s\u00edti munkaer\u0151 \u00e1llom\u00e1ny\u00e1t. A c\u00e9g bejelentette: azonnali hat\u00e1llyal k\u00fcl\u00f6nleges int\u00e9zked\u00e9seket vezet be a COVID-19 k\u00e1ros hat\u00e1sainak ellent\u00e9telez\u00e9s\u00e9re. Amint azt a T\u00e1rsas\u00e1g 2020. m\u00e1rcius 17-\u00e9n, \u00fczleti teljes\u00edtm\u00e9ny\u00e9vel kapcsolatban kiadott k\u00f6zlem\u00e9ny\u00e9ben bejelentette, a csoport\" \/>\n\t\t<meta name=\"twitter:image\" content=\"https:\/\/allasorias.hu\/hirek\/wp-content\/uploads\/2020\/03\/cloudy-1866581_1920.jpg\" \/>\n\t\t<meta name=\"twitter:label1\" content=\"Written by\" \/>\n\t\t<meta name=\"twitter:data1\" content=\"Juh\u00e1sz P\u00e9ter\" \/>\n\t\t<meta name=\"twitter:label2\" content=\"Est. reading time\" \/>\n\t\t<meta name=\"twitter:data2\" content=\"2 minutes\" \/>\n\t\t<script type=\"application\/ld+json\" class=\"aioseo-schema\">\n\t\t\t{\"@context\":\"https:\\\/\\\/schema.org\",\"@graph\":[{\"@type\":\"Article\",\"@id\":\"https:\\\/\\\/allasorias.hu\\\/hirek\\\/szigoru-intezkedeseket-vezet-be-a-waberers-ujratargyaljak-a-bereket-is\\\/#article\",\"name\":\"Szigor\\u00fa int\\u00e9zked\\u00e9seket vezet be a Waberer\\u2019s \\u2013 \\u00dajrat\\u00e1rgyalj\\u00e1k a b\\u00e9reket is | AllasOrias.hu | H\\u00edrek-lapszemle\",\"headline\":\"Szigor\\u00fa int\\u00e9zked\\u00e9seket vezet be a Waberer\\u2019s \\u2013 \\u00dajrat\\u00e1rgyalj\\u00e1k a b\\u00e9reket is\",\"author\":{\"@id\":\"https:\\\/\\\/allasorias.hu\\\/hirek\\\/author\\\/admin-allasorias\\\/#author\"},\"publisher\":{\"@id\":\"https:\\\/\\\/allasorias.hu\\\/hirek\\\/#organization\"},\"image\":{\"@type\":\"ImageObject\",\"url\":\"https:\\\/\\\/allasorias.hu\\\/hirek\\\/wp-content\\\/uploads\\\/2020\\\/03\\\/cloudy-1866581_1920.jpg\",\"width\":1920,\"height\":1280},\"datePublished\":\"2020-03-25T07:14:48+02:00\",\"dateModified\":\"2020-03-25T07:15:08+02:00\",\"inLanguage\":\"hu-HU\",\"mainEntityOfPage\":{\"@id\":\"https:\\\/\\\/allasorias.hu\\\/hirek\\\/szigoru-intezkedeseket-vezet-be-a-waberers-ujratargyaljak-a-bereket-is\\\/#webpage\"},\"isPartOf\":{\"@id\":\"https:\\\/\\\/allasorias.hu\\\/hirek\\\/szigoru-intezkedeseket-vezet-be-a-waberers-ujratargyaljak-a-bereket-is\\\/#webpage\"},\"articleSection\":\"Gazdas\\u00e1g, K\\u00fclf\\u00f6ld, Munkaer\\u0151piac\"},{\"@type\":\"BreadcrumbList\",\"@id\":\"https:\\\/\\\/allasorias.hu\\\/hirek\\\/szigoru-intezkedeseket-vezet-be-a-waberers-ujratargyaljak-a-bereket-is\\\/#breadcrumblist\",\"itemListElement\":[{\"@type\":\"ListItem\",\"@id\":\"https:\\\/\\\/allasorias.hu\\\/hirek#listItem\",\"position\":1,\"name\":\"Home\",\"item\":\"https:\\\/\\\/allasorias.hu\\\/hirek\",\"nextItem\":{\"@type\":\"ListItem\",\"@id\":\"https:\\\/\\\/allasorias.hu\\\/hirek\\\/temak\\\/gazdasag\\\/#listItem\",\"name\":\"Gazdas\\u00e1g\"}},{\"@type\":\"ListItem\",\"@id\":\"https:\\\/\\\/allasorias.hu\\\/hirek\\\/temak\\\/gazdasag\\\/#listItem\",\"position\":2,\"name\":\"Gazdas\\u00e1g\",\"item\":\"https:\\\/\\\/allasorias.hu\\\/hirek\\\/temak\\\/gazdasag\\\/\",\"nextItem\":{\"@type\":\"ListItem\",\"@id\":\"https:\\\/\\\/allasorias.hu\\\/hirek\\\/szigoru-intezkedeseket-vezet-be-a-waberers-ujratargyaljak-a-bereket-is\\\/#listItem\",\"name\":\"Szigor\\u00fa int\\u00e9zked\\u00e9seket vezet be a Waberer\\u2019s \\u2013 \\u00dajrat\\u00e1rgyalj\\u00e1k a b\\u00e9reket is\"},\"previousItem\":{\"@type\":\"ListItem\",\"@id\":\"https:\\\/\\\/allasorias.hu\\\/hirek#listItem\",\"name\":\"Home\"}},{\"@type\":\"ListItem\",\"@id\":\"https:\\\/\\\/allasorias.hu\\\/hirek\\\/szigoru-intezkedeseket-vezet-be-a-waberers-ujratargyaljak-a-bereket-is\\\/#listItem\",\"position\":3,\"name\":\"Szigor\\u00fa int\\u00e9zked\\u00e9seket vezet be a Waberer\\u2019s \\u2013 \\u00dajrat\\u00e1rgyalj\\u00e1k a b\\u00e9reket is\",\"previousItem\":{\"@type\":\"ListItem\",\"@id\":\"https:\\\/\\\/allasorias.hu\\\/hirek\\\/temak\\\/gazdasag\\\/#listItem\",\"name\":\"Gazdas\\u00e1g\"}}]},{\"@type\":\"Organization\",\"@id\":\"https:\\\/\\\/allasorias.hu\\\/hirek\\\/#organization\",\"name\":\"AllasOrias.hu | H\\u00edrek-lapszemle\",\"description\":\"\\u00dczleti h\\u00edrek az \\u00e1ll\\u00e1s \\u00e9s a munka vil\\u00e1g\\u00e1b\\u00f3l\",\"url\":\"https:\\\/\\\/allasorias.hu\\\/hirek\\\/\",\"logo\":{\"@type\":\"ImageObject\",\"url\":\"https:\\\/\\\/allasorias.hu\\\/hirek\\\/wp-content\\\/uploads\\\/2022\\\/10\\\/allasorias_site_facebok_logo.png\",\"@id\":\"https:\\\/\\\/allasorias.hu\\\/hirek\\\/szigoru-intezkedeseket-vezet-be-a-waberers-ujratargyaljak-a-bereket-is\\\/#organizationLogo\"},\"image\":{\"@id\":\"https:\\\/\\\/allasorias.hu\\\/hirek\\\/szigoru-intezkedeseket-vezet-be-a-waberers-ujratargyaljak-a-bereket-is\\\/#organizationLogo\"},\"sameAs\":[\"https:\\\/\\\/www.facebook.com\\\/allasorias\",\"https:\\\/\\\/www.linkedin.com\\\/company\\\/allasorias\"]},{\"@type\":\"Person\",\"@id\":\"https:\\\/\\\/allasorias.hu\\\/hirek\\\/author\\\/admin-allasorias\\\/#author\",\"url\":\"https:\\\/\\\/allasorias.hu\\\/hirek\\\/author\\\/admin-allasorias\\\/\",\"name\":\"Juh\\u00e1sz P\\u00e9ter\",\"image\":{\"@type\":\"ImageObject\",\"@id\":\"https:\\\/\\\/allasorias.hu\\\/hirek\\\/szigoru-intezkedeseket-vezet-be-a-waberers-ujratargyaljak-a-bereket-is\\\/#authorImage\",\"url\":\"https:\\\/\\\/secure.gravatar.com\\\/avatar\\\/36e6bcb83148978b992977cb0f54d22feb0cce8a0a849a9410532bb2623ba4c6?s=96&d=mm&r=g\",\"width\":96,\"height\":96,\"caption\":\"Juh\\u00e1sz P\\u00e9ter\"}},{\"@type\":\"WebPage\",\"@id\":\"https:\\\/\\\/allasorias.hu\\\/hirek\\\/szigoru-intezkedeseket-vezet-be-a-waberers-ujratargyaljak-a-bereket-is\\\/#webpage\",\"url\":\"https:\\\/\\\/allasorias.hu\\\/hirek\\\/szigoru-intezkedeseket-vezet-be-a-waberers-ujratargyaljak-a-bereket-is\\\/\",\"name\":\"Szigor\\u00fa int\\u00e9zked\\u00e9seket vezet be a Waberer\\u2019s \\u2013 \\u00dajrat\\u00e1rgyalj\\u00e1k a b\\u00e9reket is | AllasOrias.hu | H\\u00edrek-lapszemle\",\"description\":\"Szigor\\u00fa int\\u00e9zked\\u00e9seket vezet be a Waberer\\u2019s, hogy cs\\u00f6kkentse k\\u00f6lts\\u00e9geit.Le\\u00e1ll\\u00edtja a nemzetk\\u00f6zi flott\\u00e1j\\u00e1ban l\\u00e9v\\u0151 kamionok jelent\\u0151s r\\u00e9sz\\u00e9t, hazahozza a k\\u00fclf\\u00f6ldi j\\u00e1rm\\u0171vezet\\u0151it \\u00e9s eszk\\u00f6zeit, \\u00e9s \\u00e9sszer\\u0171s\\u00edti munkaer\\u0151 \\u00e1llom\\u00e1ny\\u00e1t. A c\\u00e9g bejelentette: azonnali hat\\u00e1llyal k\\u00fcl\\u00f6nleges int\\u00e9zked\\u00e9seket vezet be a COVID-19 k\\u00e1ros hat\\u00e1sainak ellent\\u00e9telez\\u00e9s\\u00e9re. Amint azt a T\\u00e1rsas\\u00e1g 2020. m\\u00e1rcius 17-\\u00e9n, \\u00fczleti teljes\\u00edtm\\u00e9ny\\u00e9vel kapcsolatban kiadott k\\u00f6zlem\\u00e9ny\\u00e9ben bejelentette, a csoport\",\"inLanguage\":\"hu-HU\",\"isPartOf\":{\"@id\":\"https:\\\/\\\/allasorias.hu\\\/hirek\\\/#website\"},\"breadcrumb\":{\"@id\":\"https:\\\/\\\/allasorias.hu\\\/hirek\\\/szigoru-intezkedeseket-vezet-be-a-waberers-ujratargyaljak-a-bereket-is\\\/#breadcrumblist\"},\"author\":{\"@id\":\"https:\\\/\\\/allasorias.hu\\\/hirek\\\/author\\\/admin-allasorias\\\/#author\"},\"creator\":{\"@id\":\"https:\\\/\\\/allasorias.hu\\\/hirek\\\/author\\\/admin-allasorias\\\/#author\"},\"image\":{\"@type\":\"ImageObject\",\"url\":\"https:\\\/\\\/allasorias.hu\\\/hirek\\\/wp-content\\\/uploads\\\/2020\\\/03\\\/cloudy-1866581_1920.jpg\",\"@id\":\"https:\\\/\\\/allasorias.hu\\\/hirek\\\/szigoru-intezkedeseket-vezet-be-a-waberers-ujratargyaljak-a-bereket-is\\\/#mainImage\",\"width\":1920,\"height\":1280},\"primaryImageOfPage\":{\"@id\":\"https:\\\/\\\/allasorias.hu\\\/hirek\\\/szigoru-intezkedeseket-vezet-be-a-waberers-ujratargyaljak-a-bereket-is\\\/#mainImage\"},\"datePublished\":\"2020-03-25T07:14:48+02:00\",\"dateModified\":\"2020-03-25T07:15:08+02:00\"},{\"@type\":\"WebSite\",\"@id\":\"https:\\\/\\\/allasorias.hu\\\/hirek\\\/#website\",\"url\":\"https:\\\/\\\/allasorias.hu\\\/hirek\\\/\",\"name\":\"AllasOrias.hu | H\\u00edrek-lapszemle\",\"description\":\"\\u00dczleti h\\u00edrek az \\u00e1ll\\u00e1s \\u00e9s a munka vil\\u00e1g\\u00e1b\\u00f3l\",\"inLanguage\":\"hu-HU\",\"publisher\":{\"@id\":\"https:\\\/\\\/allasorias.hu\\\/hirek\\\/#organization\"}}]}\n\t\t<\/script>\n\t\t<!-- All in One SEO -->\n\n","aioseo_head_json":{"title":"Szigor\u00fa int\u00e9zked\u00e9seket vezet be a Waberer\u2019s \u2013 \u00dajrat\u00e1rgyalj\u00e1k a b\u00e9reket is | AllasOrias.hu | H\u00edrek-lapszemle","description":"Szigor\u00fa int\u00e9zked\u00e9seket vezet be a Waberer\u2019s, hogy cs\u00f6kkentse k\u00f6lts\u00e9geit.Le\u00e1ll\u00edtja a nemzetk\u00f6zi flott\u00e1j\u00e1ban l\u00e9v\u0151 kamionok jelent\u0151s r\u00e9sz\u00e9t, hazahozza a k\u00fclf\u00f6ldi j\u00e1rm\u0171vezet\u0151it \u00e9s eszk\u00f6zeit, \u00e9s \u00e9sszer\u0171s\u00edti munkaer\u0151 \u00e1llom\u00e1ny\u00e1t. A c\u00e9g bejelentette: azonnali hat\u00e1llyal k\u00fcl\u00f6nleges int\u00e9zked\u00e9seket vezet be a COVID-19 k\u00e1ros hat\u00e1sainak ellent\u00e9telez\u00e9s\u00e9re. Amint azt a T\u00e1rsas\u00e1g 2020. m\u00e1rcius 17-\u00e9n, \u00fczleti teljes\u00edtm\u00e9ny\u00e9vel kapcsolatban kiadott k\u00f6zlem\u00e9ny\u00e9ben bejelentette, a csoport","canonical_url":"https:\/\/allasorias.hu\/hirek\/szigoru-intezkedeseket-vezet-be-a-waberers-ujratargyaljak-a-bereket-is\/","robots":"max-image-preview:large","keywords":"","webmasterTools":{"miscellaneous":""},"schema":{"@context":"https:\/\/schema.org","@graph":[{"@type":"Article","@id":"https:\/\/allasorias.hu\/hirek\/szigoru-intezkedeseket-vezet-be-a-waberers-ujratargyaljak-a-bereket-is\/#article","name":"Szigor\u00fa int\u00e9zked\u00e9seket vezet be a Waberer\u2019s \u2013 \u00dajrat\u00e1rgyalj\u00e1k a b\u00e9reket is | AllasOrias.hu | H\u00edrek-lapszemle","headline":"Szigor\u00fa int\u00e9zked\u00e9seket vezet be a Waberer\u2019s \u2013 \u00dajrat\u00e1rgyalj\u00e1k a b\u00e9reket is","author":{"@id":"https:\/\/allasorias.hu\/hirek\/author\/admin-allasorias\/#author"},"publisher":{"@id":"https:\/\/allasorias.hu\/hirek\/#organization"},"image":{"@type":"ImageObject","url":"https:\/\/allasorias.hu\/hirek\/wp-content\/uploads\/2020\/03\/cloudy-1866581_1920.jpg","width":1920,"height":1280},"datePublished":"2020-03-25T07:14:48+02:00","dateModified":"2020-03-25T07:15:08+02:00","inLanguage":"hu-HU","mainEntityOfPage":{"@id":"https:\/\/allasorias.hu\/hirek\/szigoru-intezkedeseket-vezet-be-a-waberers-ujratargyaljak-a-bereket-is\/#webpage"},"isPartOf":{"@id":"https:\/\/allasorias.hu\/hirek\/szigoru-intezkedeseket-vezet-be-a-waberers-ujratargyaljak-a-bereket-is\/#webpage"},"articleSection":"Gazdas\u00e1g, K\u00fclf\u00f6ld, Munkaer\u0151piac"},{"@type":"BreadcrumbList","@id":"https:\/\/allasorias.hu\/hirek\/szigoru-intezkedeseket-vezet-be-a-waberers-ujratargyaljak-a-bereket-is\/#breadcrumblist","itemListElement":[{"@type":"ListItem","@id":"https:\/\/allasorias.hu\/hirek#listItem","position":1,"name":"Home","item":"https:\/\/allasorias.hu\/hirek","nextItem":{"@type":"ListItem","@id":"https:\/\/allasorias.hu\/hirek\/temak\/gazdasag\/#listItem","name":"Gazdas\u00e1g"}},{"@type":"ListItem","@id":"https:\/\/allasorias.hu\/hirek\/temak\/gazdasag\/#listItem","position":2,"name":"Gazdas\u00e1g","item":"https:\/\/allasorias.hu\/hirek\/temak\/gazdasag\/","nextItem":{"@type":"ListItem","@id":"https:\/\/allasorias.hu\/hirek\/szigoru-intezkedeseket-vezet-be-a-waberers-ujratargyaljak-a-bereket-is\/#listItem","name":"Szigor\u00fa int\u00e9zked\u00e9seket vezet be a Waberer\u2019s \u2013 \u00dajrat\u00e1rgyalj\u00e1k a b\u00e9reket is"},"previousItem":{"@type":"ListItem","@id":"https:\/\/allasorias.hu\/hirek#listItem","name":"Home"}},{"@type":"ListItem","@id":"https:\/\/allasorias.hu\/hirek\/szigoru-intezkedeseket-vezet-be-a-waberers-ujratargyaljak-a-bereket-is\/#listItem","position":3,"name":"Szigor\u00fa int\u00e9zked\u00e9seket vezet be a Waberer\u2019s \u2013 \u00dajrat\u00e1rgyalj\u00e1k a b\u00e9reket is","previousItem":{"@type":"ListItem","@id":"https:\/\/allasorias.hu\/hirek\/temak\/gazdasag\/#listItem","name":"Gazdas\u00e1g"}}]},{"@type":"Organization","@id":"https:\/\/allasorias.hu\/hirek\/#organization","name":"AllasOrias.hu | H\u00edrek-lapszemle","description":"\u00dczleti h\u00edrek az \u00e1ll\u00e1s \u00e9s a munka vil\u00e1g\u00e1b\u00f3l","url":"https:\/\/allasorias.hu\/hirek\/","logo":{"@type":"ImageObject","url":"https:\/\/allasorias.hu\/hirek\/wp-content\/uploads\/2022\/10\/allasorias_site_facebok_logo.png","@id":"https:\/\/allasorias.hu\/hirek\/szigoru-intezkedeseket-vezet-be-a-waberers-ujratargyaljak-a-bereket-is\/#organizationLogo"},"image":{"@id":"https:\/\/allasorias.hu\/hirek\/szigoru-intezkedeseket-vezet-be-a-waberers-ujratargyaljak-a-bereket-is\/#organizationLogo"},"sameAs":["https:\/\/www.facebook.com\/allasorias","https:\/\/www.linkedin.com\/company\/allasorias"]},{"@type":"Person","@id":"https:\/\/allasorias.hu\/hirek\/author\/admin-allasorias\/#author","url":"https:\/\/allasorias.hu\/hirek\/author\/admin-allasorias\/","name":"Juh\u00e1sz P\u00e9ter","image":{"@type":"ImageObject","@id":"https:\/\/allasorias.hu\/hirek\/szigoru-intezkedeseket-vezet-be-a-waberers-ujratargyaljak-a-bereket-is\/#authorImage","url":"https:\/\/secure.gravatar.com\/avatar\/36e6bcb83148978b992977cb0f54d22feb0cce8a0a849a9410532bb2623ba4c6?s=96&d=mm&r=g","width":96,"height":96,"caption":"Juh\u00e1sz P\u00e9ter"}},{"@type":"WebPage","@id":"https:\/\/allasorias.hu\/hirek\/szigoru-intezkedeseket-vezet-be-a-waberers-ujratargyaljak-a-bereket-is\/#webpage","url":"https:\/\/allasorias.hu\/hirek\/szigoru-intezkedeseket-vezet-be-a-waberers-ujratargyaljak-a-bereket-is\/","name":"Szigor\u00fa int\u00e9zked\u00e9seket vezet be a Waberer\u2019s \u2013 \u00dajrat\u00e1rgyalj\u00e1k a b\u00e9reket is | AllasOrias.hu | H\u00edrek-lapszemle","description":"Szigor\u00fa int\u00e9zked\u00e9seket vezet be a Waberer\u2019s, hogy cs\u00f6kkentse k\u00f6lts\u00e9geit.Le\u00e1ll\u00edtja a nemzetk\u00f6zi flott\u00e1j\u00e1ban l\u00e9v\u0151 kamionok jelent\u0151s r\u00e9sz\u00e9t, hazahozza a k\u00fclf\u00f6ldi j\u00e1rm\u0171vezet\u0151it \u00e9s eszk\u00f6zeit, \u00e9s \u00e9sszer\u0171s\u00edti munkaer\u0151 \u00e1llom\u00e1ny\u00e1t. A c\u00e9g bejelentette: azonnali hat\u00e1llyal k\u00fcl\u00f6nleges int\u00e9zked\u00e9seket vezet be a COVID-19 k\u00e1ros hat\u00e1sainak ellent\u00e9telez\u00e9s\u00e9re. Amint azt a T\u00e1rsas\u00e1g 2020. m\u00e1rcius 17-\u00e9n, \u00fczleti teljes\u00edtm\u00e9ny\u00e9vel kapcsolatban kiadott k\u00f6zlem\u00e9ny\u00e9ben bejelentette, a csoport","inLanguage":"hu-HU","isPartOf":{"@id":"https:\/\/allasorias.hu\/hirek\/#website"},"breadcrumb":{"@id":"https:\/\/allasorias.hu\/hirek\/szigoru-intezkedeseket-vezet-be-a-waberers-ujratargyaljak-a-bereket-is\/#breadcrumblist"},"author":{"@id":"https:\/\/allasorias.hu\/hirek\/author\/admin-allasorias\/#author"},"creator":{"@id":"https:\/\/allasorias.hu\/hirek\/author\/admin-allasorias\/#author"},"image":{"@type":"ImageObject","url":"https:\/\/allasorias.hu\/hirek\/wp-content\/uploads\/2020\/03\/cloudy-1866581_1920.jpg","@id":"https:\/\/allasorias.hu\/hirek\/szigoru-intezkedeseket-vezet-be-a-waberers-ujratargyaljak-a-bereket-is\/#mainImage","width":1920,"height":1280},"primaryImageOfPage":{"@id":"https:\/\/allasorias.hu\/hirek\/szigoru-intezkedeseket-vezet-be-a-waberers-ujratargyaljak-a-bereket-is\/#mainImage"},"datePublished":"2020-03-25T07:14:48+02:00","dateModified":"2020-03-25T07:15:08+02:00"},{"@type":"WebSite","@id":"https:\/\/allasorias.hu\/hirek\/#website","url":"https:\/\/allasorias.hu\/hirek\/","name":"AllasOrias.hu | H\u00edrek-lapszemle","description":"\u00dczleti h\u00edrek az \u00e1ll\u00e1s \u00e9s a munka vil\u00e1g\u00e1b\u00f3l","inLanguage":"hu-HU","publisher":{"@id":"https:\/\/allasorias.hu\/hirek\/#organization"}}]},"og:locale":"hu_HU","og:site_name":"AllasOrias.hu | H\u00edrek-lapszemle | \u00dczleti h\u00edrek az \u00e1ll\u00e1s \u00e9s a munka vil\u00e1g\u00e1b\u00f3l","og:type":"article","og:title":"Szigor\u00fa int\u00e9zked\u00e9seket vezet be a Waberer\u2019s \u2013 \u00dajrat\u00e1rgyalj\u00e1k a b\u00e9reket is | AllasOrias.hu | H\u00edrek-lapszemle","og:description":"Szigor\u00fa int\u00e9zked\u00e9seket vezet be a Waberer\u2019s, hogy cs\u00f6kkentse k\u00f6lts\u00e9geit.Le\u00e1ll\u00edtja a nemzetk\u00f6zi flott\u00e1j\u00e1ban l\u00e9v\u0151 kamionok jelent\u0151s r\u00e9sz\u00e9t, hazahozza a k\u00fclf\u00f6ldi j\u00e1rm\u0171vezet\u0151it \u00e9s eszk\u00f6zeit, \u00e9s \u00e9sszer\u0171s\u00edti munkaer\u0151 \u00e1llom\u00e1ny\u00e1t. A c\u00e9g bejelentette: azonnali hat\u00e1llyal k\u00fcl\u00f6nleges int\u00e9zked\u00e9seket vezet be a COVID-19 k\u00e1ros hat\u00e1sainak ellent\u00e9telez\u00e9s\u00e9re. Amint azt a T\u00e1rsas\u00e1g 2020. m\u00e1rcius 17-\u00e9n, \u00fczleti teljes\u00edtm\u00e9ny\u00e9vel kapcsolatban kiadott k\u00f6zlem\u00e9ny\u00e9ben bejelentette, a csoport","og:url":"https:\/\/allasorias.hu\/hirek\/szigoru-intezkedeseket-vezet-be-a-waberers-ujratargyaljak-a-bereket-is\/","og:image":"https:\/\/allasorias.hu\/hirek\/wp-content\/uploads\/2020\/03\/cloudy-1866581_1920.jpg","og:image:secure_url":"https:\/\/allasorias.hu\/hirek\/wp-content\/uploads\/2020\/03\/cloudy-1866581_1920.jpg","og:image:width":1920,"og:image:height":1280,"article:published_time":"2020-03-25T07:14:48+00:00","article:modified_time":"2020-03-25T07:15:08+00:00","article:publisher":"https:\/\/www.facebook.com\/allasorias","twitter:card":"summary_large_image","twitter:title":"Szigor\u00fa int\u00e9zked\u00e9seket vezet be a Waberer\u2019s \u2013 \u00dajrat\u00e1rgyalj\u00e1k a b\u00e9reket is | AllasOrias.hu | H\u00edrek-lapszemle","twitter:description":"Szigor\u00fa int\u00e9zked\u00e9seket vezet be a Waberer\u2019s, hogy cs\u00f6kkentse k\u00f6lts\u00e9geit.Le\u00e1ll\u00edtja a nemzetk\u00f6zi flott\u00e1j\u00e1ban l\u00e9v\u0151 kamionok jelent\u0151s r\u00e9sz\u00e9t, hazahozza a k\u00fclf\u00f6ldi j\u00e1rm\u0171vezet\u0151it \u00e9s eszk\u00f6zeit, \u00e9s \u00e9sszer\u0171s\u00edti munkaer\u0151 \u00e1llom\u00e1ny\u00e1t. A c\u00e9g bejelentette: azonnali hat\u00e1llyal k\u00fcl\u00f6nleges int\u00e9zked\u00e9seket vezet be a COVID-19 k\u00e1ros hat\u00e1sainak ellent\u00e9telez\u00e9s\u00e9re. Amint azt a T\u00e1rsas\u00e1g 2020. m\u00e1rcius 17-\u00e9n, \u00fczleti teljes\u00edtm\u00e9ny\u00e9vel kapcsolatban kiadott k\u00f6zlem\u00e9ny\u00e9ben bejelentette, a csoport","twitter:image":"https:\/\/allasorias.hu\/hirek\/wp-content\/uploads\/2020\/03\/cloudy-1866581_1920.jpg","twitter:label1":"Written by","twitter:data1":"Juh\u00e1sz P\u00e9ter","twitter:label2":"Est. reading time","twitter:data2":"2 minutes"},"aioseo_meta_data":{"post_id":"3827","title":null,"description":null,"keywords":null,"keyphrases":null,"primary_term":null,"canonical_url":null,"og_title":null,"og_description":null,"og_object_type":"default","og_image_type":"default","og_image_url":null,"og_image_width":null,"og_image_height":null,"og_image_custom_url":null,"og_image_custom_fields":null,"og_video":null,"og_custom_url":null,"og_article_section":null,"og_article_tags":null,"twitter_use_og":false,"twitter_card":"default","twitter_image_type":"default","twitter_image_url":null,"twitter_image_custom_url":null,"twitter_image_custom_fields":null,"twitter_title":null,"twitter_description":null,"schema":{"blockGraphs":[],"customGraphs":[],"default":{"data":{"Article":[],"Course":[],"Dataset":[],"FAQPage":[],"Movie":[],"Person":[],"Product":[],"ProductReview":[],"Car":[],"Recipe":[],"Service":[],"SoftwareApplication":[],"WebPage":[]},"graphName":"","isEnabled":true},"graphs":[],"defaultGraph":"","defaultPostTypeGraph":""},"schema_type":null,"schema_type_options":null,"pillar_content":false,"robots_default":true,"robots_noindex":false,"robots_noarchive":false,"robots_nosnippet":false,"robots_nofollow":false,"robots_noimageindex":false,"robots_noodp":false,"robots_notranslate":false,"robots_max_snippet":null,"robots_max_videopreview":null,"robots_max_imagepreview":"large","priority":null,"frequency":null,"location":null,"local_seo":null,"breadcrumb_settings":null,"limit_modified_date":false,"ai":null,"created":"2021-02-01 21:31:47","updated":"2025-10-02 13:39:00","seo_analyzer_scan_date":null,"focus_keyword":null,"additional_keywords":null,"truseo_locale":null},"aioseo_breadcrumb":"<div class=\"aioseo-breadcrumbs\"><span class=\"aioseo-breadcrumb\">\n\t\t\t<a href=\"https:\/\/allasorias.hu\/hirek\" title=\"Home\">Home<\/a>\n\t\t<\/span><span class=\"aioseo-breadcrumb-separator\">&raquo;<\/span><span class=\"aioseo-breadcrumb\">\n\t\t\t<a href=\"https:\/\/allasorias.hu\/hirek\/temak\/gazdasag\/\" title=\"Gazdas\u00e1g\">Gazdas\u00e1g<\/a>\n\t\t<\/span><span class=\"aioseo-breadcrumb-separator\">&raquo;<\/span><span class=\"aioseo-breadcrumb\">\n\t\t\tSzigor\u00fa int\u00e9zked\u00e9seket vezet be a Waberer\u2019s \u2013 \u00dajrat\u00e1rgyalj\u00e1k a b\u00e9reket is\n\t\t<\/span><\/div>","aioseo_breadcrumb_json":[{"label":"Home","link":"https:\/\/allasorias.hu\/hirek"},{"label":"Gazdas\u00e1g","link":"https:\/\/allasorias.hu\/hirek\/temak\/gazdasag\/"},{"label":"Szigor\u00fa int\u00e9zked\u00e9seket vezet be a Waberer\u2019s \u2013 \u00dajrat\u00e1rgyalj\u00e1k a b\u00e9reket is","link":"https:\/\/allasorias.hu\/hirek\/szigoru-intezkedeseket-vezet-be-a-waberers-ujratargyaljak-a-bereket-is\/"}],"_links":{"self":[{"href":"https:\/\/allasorias.hu\/hirek\/wp-json\/wp\/v2\/posts\/3827","targetHints":{"allow":["GET"]}}],"collection":[{"href":"https:\/\/allasorias.hu\/hirek\/wp-json\/wp\/v2\/posts"}],"about":[{"href":"https:\/\/allasorias.hu\/hirek\/wp-json\/wp\/v2\/types\/post"}],"author":[{"embeddable":true,"href":"https:\/\/allasorias.hu\/hirek\/wp-json\/wp\/v2\/users\/1"}],"replies":[{"embeddable":true,"href":"https:\/\/allasorias.hu\/hirek\/wp-json\/wp\/v2\/comments?post=3827"}],"version-history":[{"count":1,"href":"https:\/\/allasorias.hu\/hirek\/wp-json\/wp\/v2\/posts\/3827\/revisions"}],"predecessor-version":[{"id":3829,"href":"https:\/\/allasorias.hu\/hirek\/wp-json\/wp\/v2\/posts\/3827\/revisions\/3829"}],"wp:featuredmedia":[{"embeddable":true,"href":"https:\/\/allasorias.hu\/hirek\/wp-json\/wp\/v2\/media\/3828"}],"wp:attachment":[{"href":"https:\/\/allasorias.hu\/hirek\/wp-json\/wp\/v2\/media?parent=3827"}],"wp:term":[{"taxonomy":"category","embeddable":true,"href":"https:\/\/allasorias.hu\/hirek\/wp-json\/wp\/v2\/categories?post=3827"},{"taxonomy":"post_tag","embeddable":true,"href":"https:\/\/allasorias.hu\/hirek\/wp-json\/wp\/v2\/tags?post=3827"}],"curies":[{"name":"wp","href":"https:\/\/api.w.org\/{rel}","templated":true}]}}