{"id":3822,"date":"2020-03-23T08:29:10","date_gmt":"2020-03-23T08:29:10","guid":{"rendered":"https:\/\/allasorias.hu\/hirek\/?p=3822"},"modified":"2020-03-23T08:29:10","modified_gmt":"2020-03-23T08:29:10","slug":"gond-a-munkaerohiany-az-allattartasban","status":"publish","type":"post","link":"https:\/\/allasorias.hu\/hirek\/gond-a-munkaerohiany-az-allattartasban\/","title":{"rendered":"Gond a munkaer\u0151hi\u00e1ny az \u00e1llattart\u00e1sban"},"content":{"rendered":"<p><strong>A friss \u00e1rut el\u0151\u00e1ll\u00edt\u00f3 Kert\u00e9szetekben, az \u00e1llattart\u00e1sban az esetleges kij\u00e1r\u00e1si tilalom eset\u00e9n is biztos\u00edtani sz\u00fcks\u00e9ges a munkav\u00e1llal\u00f3k szabad mozg\u00e1s\u00e1t a folyamatos termel\u00e9s \u00e9rdek\u00e9ben. Az \u00a0agr\u00e1rkamara azt k\u00e9ri a korm\u00e1nyt\u00f3l, hogy m\u00e1s \u00e1gazatok mellett az agr\u00e1riumra is terjessze ki a koronav\u00edrus-j\u00e1rv\u00e1ny miatt ig\u00e9nybe vehet\u0151 ad\u00f3- \u00e9s j\u00e1rul\u00e9kkedvezm\u00e9nyt.<\/strong><\/p>\n<p>Sokan az \u00e1llatteny\u00e9szt\u00e9sben att\u00f3l tartanak, hogy megfert\u0151z\u0151dnek, ez\u00e9rt igyekeznek t\u00e1vol maradni a munk\u00e1t\u00f3l, r\u00e1ad\u00e1sul a dolgoz\u00f3i l\u00e9tsz\u00e1m az id\u0151sek t\u00e1volmarad\u00e1sa \u00e9s az iskol\u00e1k bez\u00e1r\u00e1sa miatt is cs\u00f6kkent. M\u00edg a kert\u00e9szetek eddig nagy sz\u00e1mban t\u00e1maszkodhattak az id\u00e9nymunk\u00e1sokra, az id\u00e9n, \u00fagy t\u0171nik, r\u00f3luk is le kell mondaniuk a termel\u0151knek. Mivel sokan k\u00f6z\u00fcl\u00fck a k\u00f6rnyez\u0151 orsz\u00e1gokb\u00f3l \u00e9rkeztek, v\u00e1rhat\u00f3an h\u00f3napokig n\u00e9lk\u00fcl\u00f6zni\u00fck kell \u0151ket a termel\u0151knek, ami a tavaszi munk\u00e1kat \u00e9s a k\u00e9s\u0151bbi betakar\u00edt\u00e1st is nehez\u00edtheti. A Nemzeti Agr\u00e1rgazdas\u00e1gi Kamara ez\u00e9rt azt k\u00e9ri a korm\u00e1nyt\u00f3l, hogy a munkaad\u00f3i b\u00e9r- \u00e9s j\u00e1rul\u00e9kkedvezm\u00e9nyeket az agr\u00e1riumra is terjessze ki. Emellett egy hitelkonstrukci\u00f3 kidolgoz\u00e1s\u00e1t is sz\u00fcks\u00e9gesnek tartja a k\u00f6ztest\u00fclet. Ha a j\u00e1rv\u00e1nyhelyzet rosszabbra fordul, elk\u00e9pzelhet\u0151, hogy hamarosan itthon is vesztegz\u00e1r l\u00e9p \u00e9letbe. Az \u00e1llatteny\u00e9szt\u00e9sben vagy \u00e9pp a kert\u00e9szeti \u00e1gazatban ugyanakkor nem k\u00e9pzelhet\u0151 el az otthoni munkav\u00e9gz\u00e9s. A NAK szerint a folyamatos termel\u00e9s \u00e9s \u00e1ruell\u00e1t\u00e1s \u00e9rdek\u00e9ben fontos, hogy a napi munkav\u00e9gz\u00e9st bizonyos \u00e1gazatokban ne g\u00e1tolja a kij\u00e1r\u00e1si tilalom. A k\u00f6ztest\u00fclet azt javasolja a j\u00e1rv\u00e1ny megf\u00e9kez\u00e9s\u00e9\u00e9rt felel\u0151s Operat\u00edv T\u00f6rzsnek, hogy a kij\u00e1r\u00e1si tilalom alatt is tegye lehet\u0151v\u00e9, hogy az \u00e1llattart\u00f3k, az \u00e1llatok gondoz\u00e1s\u00e1val foglalkoz\u00f3k, valamint az \u00e1llateg\u00e9szs\u00e9g\u00fcgyi szakemberek k\u00fcl\u00f6n enged\u00e9llyel v\u00e9gezhess\u00e9k munk\u00e1jukat. A takarm\u00e1nyoz\u00e1s zavartalans\u00e1ga \u00e9rdek\u00e9ben pedig fontos lenne, hogy a takarm\u00e1nyt vagy kis\u00e1llateledelt \u00e1rus\u00edt\u00f3 boltok \u00e9s az \u00e1llatgy\u00f3gyszert\u00e1rak az \u00e9lelmiszer\u00fczletekhez hasonl\u00f3 nyitvatart\u00e1ssal m\u0171k\u00f6dhessenek.<\/p>\n<p>Forr\u00e1s: magyarnemzet.hu<\/p>\n","protected":false},"excerpt":{"rendered":"<p>A friss \u00e1rut el\u0151\u00e1ll\u00edt\u00f3 Kert\u00e9szetekben, az \u00e1llattart\u00e1sban az esetleges kij\u00e1r\u00e1si tilalom eset\u00e9n is biztos\u00edtani sz\u00fcks\u00e9ges a munkav\u00e1llal\u00f3k szabad mozg\u00e1s\u00e1t a folyamatos termel\u00e9s \u00e9rdek\u00e9ben. Az \u00a0agr\u00e1rkamara azt k\u00e9ri a korm\u00e1nyt\u00f3l, hogy m\u00e1s \u00e1gazatok mellett az agr\u00e1riumra is terjessze ki a koronav\u00edrus-j\u00e1rv\u00e1ny miatt ig\u00e9nybe vehet\u0151 ad\u00f3- \u00e9s j\u00e1rul\u00e9kkedvezm\u00e9nyt. Sokan az \u00e1llatteny\u00e9szt\u00e9sben att\u00f3l tartanak, hogy megfert\u0151z\u0151dnek, ez\u00e9rt igyekeznek [&hellip;]<\/p>\n","protected":false},"author":1,"featured_media":3823,"comment_status":"open","ping_status":"open","sticky":false,"template":"","format":"standard","meta":{"_monsterinsights_skip_tracking":false,"footnotes":""},"categories":[203,200],"tags":[],"class_list":["post-3822","post","type-post","status-publish","format-standard","has-post-thumbnail","hentry","category-hianyszakmak","category-munkaeropiac"],"aioseo_notices":[],"aioseo_head":"\n\t\t<!-- All in One SEO 5.0.0.1 - aioseo.com -->\n\t<meta name=\"description\" content=\"A friss \u00e1rut el\u0151\u00e1ll\u00edt\u00f3 Kert\u00e9szetekben, az \u00e1llattart\u00e1sban az esetleges kij\u00e1r\u00e1si tilalom eset\u00e9n is biztos\u00edtani sz\u00fcks\u00e9ges a munkav\u00e1llal\u00f3k szabad mozg\u00e1s\u00e1t a folyamatos termel\u00e9s \u00e9rdek\u00e9ben. Az agr\u00e1rkamara azt k\u00e9ri a korm\u00e1nyt\u00f3l, hogy m\u00e1s \u00e1gazatok mellett az agr\u00e1riumra is terjessze ki a koronav\u00edrus-j\u00e1rv\u00e1ny miatt ig\u00e9nybe vehet\u0151 ad\u00f3- \u00e9s j\u00e1rul\u00e9kkedvezm\u00e9nyt. Sokan az \u00e1llatteny\u00e9szt\u00e9sben att\u00f3l tartanak, hogy megfert\u0151z\u0151dnek, ez\u00e9rt igyekeznek\" \/>\n\t<meta name=\"robots\" content=\"max-image-preview:large\" \/>\n\t<meta name=\"author\" content=\"Juh\u00e1sz P\u00e9ter\"\/>\n\t<link rel=\"canonical\" href=\"https:\/\/allasorias.hu\/hirek\/gond-a-munkaerohiany-az-allattartasban\/\" \/>\n\t<meta name=\"generator\" content=\"All in One SEO (AIOSEO) 5.0.0.1\" \/>\n\t\t<meta property=\"og:locale\" content=\"hu_HU\" \/>\n\t\t<meta property=\"og:site_name\" content=\"AllasOrias.hu | H\u00edrek-lapszemle | \u00dczleti h\u00edrek az \u00e1ll\u00e1s \u00e9s a munka vil\u00e1g\u00e1b\u00f3l\" \/>\n\t\t<meta property=\"og:type\" content=\"article\" \/>\n\t\t<meta property=\"og:title\" content=\"Gond a munkaer\u0151hi\u00e1ny az \u00e1llattart\u00e1sban | AllasOrias.hu | H\u00edrek-lapszemle\" \/>\n\t\t<meta property=\"og:description\" content=\"A friss \u00e1rut el\u0151\u00e1ll\u00edt\u00f3 Kert\u00e9szetekben, az \u00e1llattart\u00e1sban az esetleges kij\u00e1r\u00e1si tilalom eset\u00e9n is biztos\u00edtani sz\u00fcks\u00e9ges a munkav\u00e1llal\u00f3k szabad mozg\u00e1s\u00e1t a folyamatos termel\u00e9s \u00e9rdek\u00e9ben. Az agr\u00e1rkamara azt k\u00e9ri a korm\u00e1nyt\u00f3l, hogy m\u00e1s \u00e1gazatok mellett az agr\u00e1riumra is terjessze ki a koronav\u00edrus-j\u00e1rv\u00e1ny miatt ig\u00e9nybe vehet\u0151 ad\u00f3- \u00e9s j\u00e1rul\u00e9kkedvezm\u00e9nyt. Sokan az \u00e1llatteny\u00e9szt\u00e9sben att\u00f3l tartanak, hogy megfert\u0151z\u0151dnek, ez\u00e9rt igyekeznek\" \/>\n\t\t<meta property=\"og:url\" content=\"https:\/\/allasorias.hu\/hirek\/gond-a-munkaerohiany-az-allattartasban\/\" \/>\n\t\t<meta property=\"og:image\" content=\"https:\/\/allasorias.hu\/hirek\/wp-content\/uploads\/2020\/03\/goat-4934412_1920.jpg\" \/>\n\t\t<meta property=\"og:image:secure_url\" content=\"https:\/\/allasorias.hu\/hirek\/wp-content\/uploads\/2020\/03\/goat-4934412_1920.jpg\" \/>\n\t\t<meta property=\"og:image:width\" content=\"1920\" \/>\n\t\t<meta property=\"og:image:height\" content=\"1268\" \/>\n\t\t<meta property=\"article:published_time\" content=\"2020-03-23T08:29:10+00:00\" \/>\n\t\t<meta property=\"article:modified_time\" content=\"2020-03-23T08:29:10+00:00\" \/>\n\t\t<meta property=\"article:publisher\" content=\"https:\/\/www.facebook.com\/allasorias\" \/>\n\t\t<meta name=\"twitter:card\" content=\"summary_large_image\" \/>\n\t\t<meta name=\"twitter:title\" content=\"Gond a munkaer\u0151hi\u00e1ny az \u00e1llattart\u00e1sban | AllasOrias.hu | H\u00edrek-lapszemle\" \/>\n\t\t<meta name=\"twitter:description\" content=\"A friss \u00e1rut el\u0151\u00e1ll\u00edt\u00f3 Kert\u00e9szetekben, az \u00e1llattart\u00e1sban az esetleges kij\u00e1r\u00e1si tilalom eset\u00e9n is biztos\u00edtani sz\u00fcks\u00e9ges a munkav\u00e1llal\u00f3k szabad mozg\u00e1s\u00e1t a folyamatos termel\u00e9s \u00e9rdek\u00e9ben. Az agr\u00e1rkamara azt k\u00e9ri a korm\u00e1nyt\u00f3l, hogy m\u00e1s \u00e1gazatok mellett az agr\u00e1riumra is terjessze ki a koronav\u00edrus-j\u00e1rv\u00e1ny miatt ig\u00e9nybe vehet\u0151 ad\u00f3- \u00e9s j\u00e1rul\u00e9kkedvezm\u00e9nyt. Sokan az \u00e1llatteny\u00e9szt\u00e9sben att\u00f3l tartanak, hogy megfert\u0151z\u0151dnek, ez\u00e9rt igyekeznek\" \/>\n\t\t<meta name=\"twitter:image\" content=\"https:\/\/allasorias.hu\/hirek\/wp-content\/uploads\/2020\/03\/goat-4934412_1920.jpg\" \/>\n\t\t<meta name=\"twitter:label1\" content=\"Written by\" \/>\n\t\t<meta name=\"twitter:data1\" content=\"Juh\u00e1sz P\u00e9ter\" \/>\n\t\t<meta name=\"twitter:label2\" content=\"Est. reading time\" \/>\n\t\t<meta name=\"twitter:data2\" content=\"2 minutes\" \/>\n\t\t<script type=\"application\/ld+json\" class=\"aioseo-schema\">\n\t\t\t{\"@context\":\"https:\\\/\\\/schema.org\",\"@graph\":[{\"@type\":\"Article\",\"@id\":\"https:\\\/\\\/allasorias.hu\\\/hirek\\\/gond-a-munkaerohiany-az-allattartasban\\\/#article\",\"name\":\"Gond a munkaer\\u0151hi\\u00e1ny az \\u00e1llattart\\u00e1sban | AllasOrias.hu | H\\u00edrek-lapszemle\",\"headline\":\"Gond a munkaer\\u0151hi\\u00e1ny az \\u00e1llattart\\u00e1sban\",\"author\":{\"@id\":\"https:\\\/\\\/allasorias.hu\\\/hirek\\\/author\\\/admin-allasorias\\\/#author\"},\"publisher\":{\"@id\":\"https:\\\/\\\/allasorias.hu\\\/hirek\\\/#organization\"},\"image\":{\"@type\":\"ImageObject\",\"url\":\"https:\\\/\\\/allasorias.hu\\\/hirek\\\/wp-content\\\/uploads\\\/2020\\\/03\\\/goat-4934412_1920.jpg\",\"width\":1920,\"height\":1268},\"datePublished\":\"2020-03-23T08:29:10+02:00\",\"dateModified\":\"2020-03-23T08:29:10+02:00\",\"inLanguage\":\"hu-HU\",\"mainEntityOfPage\":{\"@id\":\"https:\\\/\\\/allasorias.hu\\\/hirek\\\/gond-a-munkaerohiany-az-allattartasban\\\/#webpage\"},\"isPartOf\":{\"@id\":\"https:\\\/\\\/allasorias.hu\\\/hirek\\\/gond-a-munkaerohiany-az-allattartasban\\\/#webpage\"},\"articleSection\":\"Hi\\u00e1nyszakm\\u00e1k, Munkaer\\u0151piac\"},{\"@type\":\"BreadcrumbList\",\"@id\":\"https:\\\/\\\/allasorias.hu\\\/hirek\\\/gond-a-munkaerohiany-az-allattartasban\\\/#breadcrumblist\",\"itemListElement\":[{\"@type\":\"ListItem\",\"@id\":\"https:\\\/\\\/allasorias.hu\\\/hirek#listItem\",\"position\":1,\"name\":\"Home\",\"item\":\"https:\\\/\\\/allasorias.hu\\\/hirek\",\"nextItem\":{\"@type\":\"ListItem\",\"@id\":\"https:\\\/\\\/allasorias.hu\\\/hirek\\\/temak\\\/munkaeropiac\\\/#listItem\",\"name\":\"Munkaer\\u0151piac\"}},{\"@type\":\"ListItem\",\"@id\":\"https:\\\/\\\/allasorias.hu\\\/hirek\\\/temak\\\/munkaeropiac\\\/#listItem\",\"position\":2,\"name\":\"Munkaer\\u0151piac\",\"item\":\"https:\\\/\\\/allasorias.hu\\\/hirek\\\/temak\\\/munkaeropiac\\\/\",\"nextItem\":{\"@type\":\"ListItem\",\"@id\":\"https:\\\/\\\/allasorias.hu\\\/hirek\\\/gond-a-munkaerohiany-az-allattartasban\\\/#listItem\",\"name\":\"Gond a munkaer\\u0151hi\\u00e1ny az \\u00e1llattart\\u00e1sban\"},\"previousItem\":{\"@type\":\"ListItem\",\"@id\":\"https:\\\/\\\/allasorias.hu\\\/hirek#listItem\",\"name\":\"Home\"}},{\"@type\":\"ListItem\",\"@id\":\"https:\\\/\\\/allasorias.hu\\\/hirek\\\/gond-a-munkaerohiany-az-allattartasban\\\/#listItem\",\"position\":3,\"name\":\"Gond a munkaer\\u0151hi\\u00e1ny az \\u00e1llattart\\u00e1sban\",\"previousItem\":{\"@type\":\"ListItem\",\"@id\":\"https:\\\/\\\/allasorias.hu\\\/hirek\\\/temak\\\/munkaeropiac\\\/#listItem\",\"name\":\"Munkaer\\u0151piac\"}}]},{\"@type\":\"Organization\",\"@id\":\"https:\\\/\\\/allasorias.hu\\\/hirek\\\/#organization\",\"name\":\"AllasOrias.hu | H\\u00edrek-lapszemle\",\"description\":\"\\u00dczleti h\\u00edrek az \\u00e1ll\\u00e1s \\u00e9s a munka vil\\u00e1g\\u00e1b\\u00f3l\",\"url\":\"https:\\\/\\\/allasorias.hu\\\/hirek\\\/\",\"logo\":{\"@type\":\"ImageObject\",\"url\":\"https:\\\/\\\/allasorias.hu\\\/hirek\\\/wp-content\\\/uploads\\\/2022\\\/10\\\/allasorias_site_facebok_logo.png\",\"@id\":\"https:\\\/\\\/allasorias.hu\\\/hirek\\\/gond-a-munkaerohiany-az-allattartasban\\\/#organizationLogo\"},\"image\":{\"@id\":\"https:\\\/\\\/allasorias.hu\\\/hirek\\\/gond-a-munkaerohiany-az-allattartasban\\\/#organizationLogo\"},\"sameAs\":[\"https:\\\/\\\/www.facebook.com\\\/allasorias\",\"https:\\\/\\\/www.linkedin.com\\\/company\\\/allasorias\"]},{\"@type\":\"Person\",\"@id\":\"https:\\\/\\\/allasorias.hu\\\/hirek\\\/author\\\/admin-allasorias\\\/#author\",\"url\":\"https:\\\/\\\/allasorias.hu\\\/hirek\\\/author\\\/admin-allasorias\\\/\",\"name\":\"Juh\\u00e1sz P\\u00e9ter\",\"image\":{\"@type\":\"ImageObject\",\"@id\":\"https:\\\/\\\/allasorias.hu\\\/hirek\\\/gond-a-munkaerohiany-az-allattartasban\\\/#authorImage\",\"url\":\"https:\\\/\\\/secure.gravatar.com\\\/avatar\\\/36e6bcb83148978b992977cb0f54d22feb0cce8a0a849a9410532bb2623ba4c6?s=96&d=mm&r=g\",\"width\":96,\"height\":96,\"caption\":\"Juh\\u00e1sz P\\u00e9ter\"}},{\"@type\":\"WebPage\",\"@id\":\"https:\\\/\\\/allasorias.hu\\\/hirek\\\/gond-a-munkaerohiany-az-allattartasban\\\/#webpage\",\"url\":\"https:\\\/\\\/allasorias.hu\\\/hirek\\\/gond-a-munkaerohiany-az-allattartasban\\\/\",\"name\":\"Gond a munkaer\\u0151hi\\u00e1ny az \\u00e1llattart\\u00e1sban | AllasOrias.hu | H\\u00edrek-lapszemle\",\"description\":\"A friss \\u00e1rut el\\u0151\\u00e1ll\\u00edt\\u00f3 Kert\\u00e9szetekben, az \\u00e1llattart\\u00e1sban az esetleges kij\\u00e1r\\u00e1si tilalom eset\\u00e9n is biztos\\u00edtani sz\\u00fcks\\u00e9ges a munkav\\u00e1llal\\u00f3k szabad mozg\\u00e1s\\u00e1t a folyamatos termel\\u00e9s \\u00e9rdek\\u00e9ben. Az agr\\u00e1rkamara azt k\\u00e9ri a korm\\u00e1nyt\\u00f3l, hogy m\\u00e1s \\u00e1gazatok mellett az agr\\u00e1riumra is terjessze ki a koronav\\u00edrus-j\\u00e1rv\\u00e1ny miatt ig\\u00e9nybe vehet\\u0151 ad\\u00f3- \\u00e9s j\\u00e1rul\\u00e9kkedvezm\\u00e9nyt. Sokan az \\u00e1llatteny\\u00e9szt\\u00e9sben att\\u00f3l tartanak, hogy megfert\\u0151z\\u0151dnek, ez\\u00e9rt igyekeznek\",\"inLanguage\":\"hu-HU\",\"isPartOf\":{\"@id\":\"https:\\\/\\\/allasorias.hu\\\/hirek\\\/#website\"},\"breadcrumb\":{\"@id\":\"https:\\\/\\\/allasorias.hu\\\/hirek\\\/gond-a-munkaerohiany-az-allattartasban\\\/#breadcrumblist\"},\"author\":{\"@id\":\"https:\\\/\\\/allasorias.hu\\\/hirek\\\/author\\\/admin-allasorias\\\/#author\"},\"creator\":{\"@id\":\"https:\\\/\\\/allasorias.hu\\\/hirek\\\/author\\\/admin-allasorias\\\/#author\"},\"image\":{\"@type\":\"ImageObject\",\"url\":\"https:\\\/\\\/allasorias.hu\\\/hirek\\\/wp-content\\\/uploads\\\/2020\\\/03\\\/goat-4934412_1920.jpg\",\"@id\":\"https:\\\/\\\/allasorias.hu\\\/hirek\\\/gond-a-munkaerohiany-az-allattartasban\\\/#mainImage\",\"width\":1920,\"height\":1268},\"primaryImageOfPage\":{\"@id\":\"https:\\\/\\\/allasorias.hu\\\/hirek\\\/gond-a-munkaerohiany-az-allattartasban\\\/#mainImage\"},\"datePublished\":\"2020-03-23T08:29:10+02:00\",\"dateModified\":\"2020-03-23T08:29:10+02:00\"},{\"@type\":\"WebSite\",\"@id\":\"https:\\\/\\\/allasorias.hu\\\/hirek\\\/#website\",\"url\":\"https:\\\/\\\/allasorias.hu\\\/hirek\\\/\",\"name\":\"AllasOrias.hu | H\\u00edrek-lapszemle\",\"description\":\"\\u00dczleti h\\u00edrek az \\u00e1ll\\u00e1s \\u00e9s a munka vil\\u00e1g\\u00e1b\\u00f3l\",\"inLanguage\":\"hu-HU\",\"publisher\":{\"@id\":\"https:\\\/\\\/allasorias.hu\\\/hirek\\\/#organization\"}}]}\n\t\t<\/script>\n\t\t<!-- All in One SEO -->\n\n","aioseo_head_json":{"title":"Gond a munkaer\u0151hi\u00e1ny az \u00e1llattart\u00e1sban | AllasOrias.hu | H\u00edrek-lapszemle","description":"A friss \u00e1rut el\u0151\u00e1ll\u00edt\u00f3 Kert\u00e9szetekben, az \u00e1llattart\u00e1sban az esetleges kij\u00e1r\u00e1si tilalom eset\u00e9n is biztos\u00edtani sz\u00fcks\u00e9ges a munkav\u00e1llal\u00f3k szabad mozg\u00e1s\u00e1t a folyamatos termel\u00e9s \u00e9rdek\u00e9ben. Az agr\u00e1rkamara azt k\u00e9ri a korm\u00e1nyt\u00f3l, hogy m\u00e1s \u00e1gazatok mellett az agr\u00e1riumra is terjessze ki a koronav\u00edrus-j\u00e1rv\u00e1ny miatt ig\u00e9nybe vehet\u0151 ad\u00f3- \u00e9s j\u00e1rul\u00e9kkedvezm\u00e9nyt. Sokan az \u00e1llatteny\u00e9szt\u00e9sben att\u00f3l tartanak, hogy megfert\u0151z\u0151dnek, ez\u00e9rt igyekeznek","canonical_url":"https:\/\/allasorias.hu\/hirek\/gond-a-munkaerohiany-az-allattartasban\/","robots":"max-image-preview:large","keywords":"","webmasterTools":{"miscellaneous":""},"schema":{"@context":"https:\/\/schema.org","@graph":[{"@type":"Article","@id":"https:\/\/allasorias.hu\/hirek\/gond-a-munkaerohiany-az-allattartasban\/#article","name":"Gond a munkaer\u0151hi\u00e1ny az \u00e1llattart\u00e1sban | AllasOrias.hu | H\u00edrek-lapszemle","headline":"Gond a munkaer\u0151hi\u00e1ny az \u00e1llattart\u00e1sban","author":{"@id":"https:\/\/allasorias.hu\/hirek\/author\/admin-allasorias\/#author"},"publisher":{"@id":"https:\/\/allasorias.hu\/hirek\/#organization"},"image":{"@type":"ImageObject","url":"https:\/\/allasorias.hu\/hirek\/wp-content\/uploads\/2020\/03\/goat-4934412_1920.jpg","width":1920,"height":1268},"datePublished":"2020-03-23T08:29:10+02:00","dateModified":"2020-03-23T08:29:10+02:00","inLanguage":"hu-HU","mainEntityOfPage":{"@id":"https:\/\/allasorias.hu\/hirek\/gond-a-munkaerohiany-az-allattartasban\/#webpage"},"isPartOf":{"@id":"https:\/\/allasorias.hu\/hirek\/gond-a-munkaerohiany-az-allattartasban\/#webpage"},"articleSection":"Hi\u00e1nyszakm\u00e1k, Munkaer\u0151piac"},{"@type":"BreadcrumbList","@id":"https:\/\/allasorias.hu\/hirek\/gond-a-munkaerohiany-az-allattartasban\/#breadcrumblist","itemListElement":[{"@type":"ListItem","@id":"https:\/\/allasorias.hu\/hirek#listItem","position":1,"name":"Home","item":"https:\/\/allasorias.hu\/hirek","nextItem":{"@type":"ListItem","@id":"https:\/\/allasorias.hu\/hirek\/temak\/munkaeropiac\/#listItem","name":"Munkaer\u0151piac"}},{"@type":"ListItem","@id":"https:\/\/allasorias.hu\/hirek\/temak\/munkaeropiac\/#listItem","position":2,"name":"Munkaer\u0151piac","item":"https:\/\/allasorias.hu\/hirek\/temak\/munkaeropiac\/","nextItem":{"@type":"ListItem","@id":"https:\/\/allasorias.hu\/hirek\/gond-a-munkaerohiany-az-allattartasban\/#listItem","name":"Gond a munkaer\u0151hi\u00e1ny az \u00e1llattart\u00e1sban"},"previousItem":{"@type":"ListItem","@id":"https:\/\/allasorias.hu\/hirek#listItem","name":"Home"}},{"@type":"ListItem","@id":"https:\/\/allasorias.hu\/hirek\/gond-a-munkaerohiany-az-allattartasban\/#listItem","position":3,"name":"Gond a munkaer\u0151hi\u00e1ny az \u00e1llattart\u00e1sban","previousItem":{"@type":"ListItem","@id":"https:\/\/allasorias.hu\/hirek\/temak\/munkaeropiac\/#listItem","name":"Munkaer\u0151piac"}}]},{"@type":"Organization","@id":"https:\/\/allasorias.hu\/hirek\/#organization","name":"AllasOrias.hu | H\u00edrek-lapszemle","description":"\u00dczleti h\u00edrek az \u00e1ll\u00e1s \u00e9s a munka vil\u00e1g\u00e1b\u00f3l","url":"https:\/\/allasorias.hu\/hirek\/","logo":{"@type":"ImageObject","url":"https:\/\/allasorias.hu\/hirek\/wp-content\/uploads\/2022\/10\/allasorias_site_facebok_logo.png","@id":"https:\/\/allasorias.hu\/hirek\/gond-a-munkaerohiany-az-allattartasban\/#organizationLogo"},"image":{"@id":"https:\/\/allasorias.hu\/hirek\/gond-a-munkaerohiany-az-allattartasban\/#organizationLogo"},"sameAs":["https:\/\/www.facebook.com\/allasorias","https:\/\/www.linkedin.com\/company\/allasorias"]},{"@type":"Person","@id":"https:\/\/allasorias.hu\/hirek\/author\/admin-allasorias\/#author","url":"https:\/\/allasorias.hu\/hirek\/author\/admin-allasorias\/","name":"Juh\u00e1sz P\u00e9ter","image":{"@type":"ImageObject","@id":"https:\/\/allasorias.hu\/hirek\/gond-a-munkaerohiany-az-allattartasban\/#authorImage","url":"https:\/\/secure.gravatar.com\/avatar\/36e6bcb83148978b992977cb0f54d22feb0cce8a0a849a9410532bb2623ba4c6?s=96&d=mm&r=g","width":96,"height":96,"caption":"Juh\u00e1sz P\u00e9ter"}},{"@type":"WebPage","@id":"https:\/\/allasorias.hu\/hirek\/gond-a-munkaerohiany-az-allattartasban\/#webpage","url":"https:\/\/allasorias.hu\/hirek\/gond-a-munkaerohiany-az-allattartasban\/","name":"Gond a munkaer\u0151hi\u00e1ny az \u00e1llattart\u00e1sban | AllasOrias.hu | H\u00edrek-lapszemle","description":"A friss \u00e1rut el\u0151\u00e1ll\u00edt\u00f3 Kert\u00e9szetekben, az \u00e1llattart\u00e1sban az esetleges kij\u00e1r\u00e1si tilalom eset\u00e9n is biztos\u00edtani sz\u00fcks\u00e9ges a munkav\u00e1llal\u00f3k szabad mozg\u00e1s\u00e1t a folyamatos termel\u00e9s \u00e9rdek\u00e9ben. Az agr\u00e1rkamara azt k\u00e9ri a korm\u00e1nyt\u00f3l, hogy m\u00e1s \u00e1gazatok mellett az agr\u00e1riumra is terjessze ki a koronav\u00edrus-j\u00e1rv\u00e1ny miatt ig\u00e9nybe vehet\u0151 ad\u00f3- \u00e9s j\u00e1rul\u00e9kkedvezm\u00e9nyt. Sokan az \u00e1llatteny\u00e9szt\u00e9sben att\u00f3l tartanak, hogy megfert\u0151z\u0151dnek, ez\u00e9rt igyekeznek","inLanguage":"hu-HU","isPartOf":{"@id":"https:\/\/allasorias.hu\/hirek\/#website"},"breadcrumb":{"@id":"https:\/\/allasorias.hu\/hirek\/gond-a-munkaerohiany-az-allattartasban\/#breadcrumblist"},"author":{"@id":"https:\/\/allasorias.hu\/hirek\/author\/admin-allasorias\/#author"},"creator":{"@id":"https:\/\/allasorias.hu\/hirek\/author\/admin-allasorias\/#author"},"image":{"@type":"ImageObject","url":"https:\/\/allasorias.hu\/hirek\/wp-content\/uploads\/2020\/03\/goat-4934412_1920.jpg","@id":"https:\/\/allasorias.hu\/hirek\/gond-a-munkaerohiany-az-allattartasban\/#mainImage","width":1920,"height":1268},"primaryImageOfPage":{"@id":"https:\/\/allasorias.hu\/hirek\/gond-a-munkaerohiany-az-allattartasban\/#mainImage"},"datePublished":"2020-03-23T08:29:10+02:00","dateModified":"2020-03-23T08:29:10+02:00"},{"@type":"WebSite","@id":"https:\/\/allasorias.hu\/hirek\/#website","url":"https:\/\/allasorias.hu\/hirek\/","name":"AllasOrias.hu | H\u00edrek-lapszemle","description":"\u00dczleti h\u00edrek az \u00e1ll\u00e1s \u00e9s a munka vil\u00e1g\u00e1b\u00f3l","inLanguage":"hu-HU","publisher":{"@id":"https:\/\/allasorias.hu\/hirek\/#organization"}}]},"og:locale":"hu_HU","og:site_name":"AllasOrias.hu | H\u00edrek-lapszemle | \u00dczleti h\u00edrek az \u00e1ll\u00e1s \u00e9s a munka vil\u00e1g\u00e1b\u00f3l","og:type":"article","og:title":"Gond a munkaer\u0151hi\u00e1ny az \u00e1llattart\u00e1sban | AllasOrias.hu | H\u00edrek-lapszemle","og:description":"A friss \u00e1rut el\u0151\u00e1ll\u00edt\u00f3 Kert\u00e9szetekben, az \u00e1llattart\u00e1sban az esetleges kij\u00e1r\u00e1si tilalom eset\u00e9n is biztos\u00edtani sz\u00fcks\u00e9ges a munkav\u00e1llal\u00f3k szabad mozg\u00e1s\u00e1t a folyamatos termel\u00e9s \u00e9rdek\u00e9ben. Az agr\u00e1rkamara azt k\u00e9ri a korm\u00e1nyt\u00f3l, hogy m\u00e1s \u00e1gazatok mellett az agr\u00e1riumra is terjessze ki a koronav\u00edrus-j\u00e1rv\u00e1ny miatt ig\u00e9nybe vehet\u0151 ad\u00f3- \u00e9s j\u00e1rul\u00e9kkedvezm\u00e9nyt. Sokan az \u00e1llatteny\u00e9szt\u00e9sben att\u00f3l tartanak, hogy megfert\u0151z\u0151dnek, ez\u00e9rt igyekeznek","og:url":"https:\/\/allasorias.hu\/hirek\/gond-a-munkaerohiany-az-allattartasban\/","og:image":"https:\/\/allasorias.hu\/hirek\/wp-content\/uploads\/2020\/03\/goat-4934412_1920.jpg","og:image:secure_url":"https:\/\/allasorias.hu\/hirek\/wp-content\/uploads\/2020\/03\/goat-4934412_1920.jpg","og:image:width":1920,"og:image:height":1268,"article:published_time":"2020-03-23T08:29:10+00:00","article:modified_time":"2020-03-23T08:29:10+00:00","article:publisher":"https:\/\/www.facebook.com\/allasorias","twitter:card":"summary_large_image","twitter:title":"Gond a munkaer\u0151hi\u00e1ny az \u00e1llattart\u00e1sban | AllasOrias.hu | H\u00edrek-lapszemle","twitter:description":"A friss \u00e1rut el\u0151\u00e1ll\u00edt\u00f3 Kert\u00e9szetekben, az \u00e1llattart\u00e1sban az esetleges kij\u00e1r\u00e1si tilalom eset\u00e9n is biztos\u00edtani sz\u00fcks\u00e9ges a munkav\u00e1llal\u00f3k szabad mozg\u00e1s\u00e1t a folyamatos termel\u00e9s \u00e9rdek\u00e9ben. Az agr\u00e1rkamara azt k\u00e9ri a korm\u00e1nyt\u00f3l, hogy m\u00e1s \u00e1gazatok mellett az agr\u00e1riumra is terjessze ki a koronav\u00edrus-j\u00e1rv\u00e1ny miatt ig\u00e9nybe vehet\u0151 ad\u00f3- \u00e9s j\u00e1rul\u00e9kkedvezm\u00e9nyt. Sokan az \u00e1llatteny\u00e9szt\u00e9sben att\u00f3l tartanak, hogy megfert\u0151z\u0151dnek, ez\u00e9rt igyekeznek","twitter:image":"https:\/\/allasorias.hu\/hirek\/wp-content\/uploads\/2020\/03\/goat-4934412_1920.jpg","twitter:label1":"Written by","twitter:data1":"Juh\u00e1sz P\u00e9ter","twitter:label2":"Est. reading time","twitter:data2":"2 minutes"},"aioseo_meta_data":{"post_id":"3822","title":null,"description":null,"keywords":null,"keyphrases":null,"primary_term":null,"canonical_url":null,"og_title":null,"og_description":null,"og_object_type":"default","og_image_type":"default","og_image_url":null,"og_image_width":null,"og_image_height":null,"og_image_custom_url":null,"og_image_custom_fields":null,"og_video":null,"og_custom_url":null,"og_article_section":null,"og_article_tags":null,"twitter_use_og":false,"twitter_card":"default","twitter_image_type":"default","twitter_image_url":null,"twitter_image_custom_url":null,"twitter_image_custom_fields":null,"twitter_title":null,"twitter_description":null,"schema":{"blockGraphs":[],"customGraphs":[],"default":{"data":{"Article":[],"Course":[],"Dataset":[],"FAQPage":[],"Movie":[],"Person":[],"Product":[],"ProductReview":[],"Car":[],"Recipe":[],"Service":[],"SoftwareApplication":[],"WebPage":[]},"graphName":"","isEnabled":true},"graphs":[],"defaultGraph":"","defaultPostTypeGraph":""},"schema_type":null,"schema_type_options":null,"pillar_content":false,"robots_default":true,"robots_noindex":false,"robots_noarchive":false,"robots_nosnippet":false,"robots_nofollow":false,"robots_noimageindex":false,"robots_noodp":false,"robots_notranslate":false,"robots_max_snippet":null,"robots_max_videopreview":null,"robots_max_imagepreview":"large","priority":null,"frequency":null,"location":null,"local_seo":null,"breadcrumb_settings":null,"limit_modified_date":false,"ai":null,"created":"2021-02-01 21:31:47","updated":"2025-10-02 13:38:06","seo_analyzer_scan_date":null,"focus_keyword":null,"additional_keywords":null,"truseo_locale":null},"aioseo_breadcrumb":"<div class=\"aioseo-breadcrumbs\"><span class=\"aioseo-breadcrumb\">\n\t\t\t<a href=\"https:\/\/allasorias.hu\/hirek\" title=\"Home\">Home<\/a>\n\t\t<\/span><span class=\"aioseo-breadcrumb-separator\">&raquo;<\/span><span class=\"aioseo-breadcrumb\">\n\t\t\t<a href=\"https:\/\/allasorias.hu\/hirek\/temak\/munkaeropiac\/\" title=\"Munkaer\u0151piac\">Munkaer\u0151piac<\/a>\n\t\t<\/span><span class=\"aioseo-breadcrumb-separator\">&raquo;<\/span><span class=\"aioseo-breadcrumb\">\n\t\t\tGond a munkaer\u0151hi\u00e1ny az \u00e1llattart\u00e1sban\n\t\t<\/span><\/div>","aioseo_breadcrumb_json":[{"label":"Home","link":"https:\/\/allasorias.hu\/hirek"},{"label":"Munkaer\u0151piac","link":"https:\/\/allasorias.hu\/hirek\/temak\/munkaeropiac\/"},{"label":"Gond a munkaer\u0151hi\u00e1ny az \u00e1llattart\u00e1sban","link":"https:\/\/allasorias.hu\/hirek\/gond-a-munkaerohiany-az-allattartasban\/"}],"_links":{"self":[{"href":"https:\/\/allasorias.hu\/hirek\/wp-json\/wp\/v2\/posts\/3822","targetHints":{"allow":["GET"]}}],"collection":[{"href":"https:\/\/allasorias.hu\/hirek\/wp-json\/wp\/v2\/posts"}],"about":[{"href":"https:\/\/allasorias.hu\/hirek\/wp-json\/wp\/v2\/types\/post"}],"author":[{"embeddable":true,"href":"https:\/\/allasorias.hu\/hirek\/wp-json\/wp\/v2\/users\/1"}],"replies":[{"embeddable":true,"href":"https:\/\/allasorias.hu\/hirek\/wp-json\/wp\/v2\/comments?post=3822"}],"version-history":[{"count":1,"href":"https:\/\/allasorias.hu\/hirek\/wp-json\/wp\/v2\/posts\/3822\/revisions"}],"predecessor-version":[{"id":3824,"href":"https:\/\/allasorias.hu\/hirek\/wp-json\/wp\/v2\/posts\/3822\/revisions\/3824"}],"wp:featuredmedia":[{"embeddable":true,"href":"https:\/\/allasorias.hu\/hirek\/wp-json\/wp\/v2\/media\/3823"}],"wp:attachment":[{"href":"https:\/\/allasorias.hu\/hirek\/wp-json\/wp\/v2\/media?parent=3822"}],"wp:term":[{"taxonomy":"category","embeddable":true,"href":"https:\/\/allasorias.hu\/hirek\/wp-json\/wp\/v2\/categories?post=3822"},{"taxonomy":"post_tag","embeddable":true,"href":"https:\/\/allasorias.hu\/hirek\/wp-json\/wp\/v2\/tags?post=3822"}],"curies":[{"name":"wp","href":"https:\/\/api.w.org\/{rel}","templated":true}]}}