{"id":3819,"date":"2020-03-19T09:09:59","date_gmt":"2020-03-19T09:09:59","guid":{"rendered":"https:\/\/allasorias.hu\/hirek\/?p=3819"},"modified":"2020-03-19T09:09:59","modified_gmt":"2020-03-19T09:09:59","slug":"tovabb-epul-a-debreceni-bmw-gyar","status":"publish","type":"post","link":"https:\/\/allasorias.hu\/hirek\/tovabb-epul-a-debreceni-bmw-gyar\/","title":{"rendered":"Tov\u00e1bb \u00e9p\u00fcl a debreceni  BMW gy\u00e1r"},"content":{"rendered":"<p><strong>A j\u00e1rv\u00e1ny miatti neh\u00e9z gazdas\u00e1gi helyzet ellen\u00e9re sem \u00e1ll le a debreceni BMW gy\u00e1r \u00e9p\u00edt\u00e9se, folyik a munkaer\u0151 toborz\u00e1s is. A c\u00e9g erre digit\u00e1lis megold\u00e1sokat is alkalmaz. Debrecenben az \u00fagynevezett \u00c9szak-nyugati Gazdas\u00e1gi \u00d6vezetben elkezd\u0151dtek a BMW-gy\u00e1r c\u00f6l\u00f6p\u00f6z\u00e9si, alapoz\u00e1si munk\u00e1latai,\u00a0 240 hekt\u00e1ron m\u00e1r elk\u00e9sz\u00fcltek a tereprendez\u00e9si \u00e9s f\u00f6ldmunk\u00e1kkal<\/strong><\/p>\n<p>Salg\u00f3 Andr\u00e1s a BMW Group Magyarorsz\u00e1g kommunik\u00e1ci\u00f3\u00e9t felel\u0151s vezet\u0151je a N\u00e9pszav\u00e1nak \u00fagy nyilatkozott: Debrecen v\u00e1rosa jelenleg is dolgozik annak az \u00e9szak-nyugati ipari parknak a kialak\u00edt\u00e1s\u00e1n, amely a j\u00f6v\u0151beni gy\u00e1rnak is otthont ad majd, ennek el\u0151k\u00e9sz\u00edt\u0151 munk\u00e1latai pedig a terveknek megfelel\u0151en haladnak. Hangs\u00falyozta: jelenleg a gy\u00e1rral kapcsolatos \u00e9p\u00edtkez\u00e9s megkezd\u00e9s\u00e9t nem befoly\u00e1solj\u00e1k a kialakult k\u00f6r\u00fclm\u00e9nyek. A munkaer\u0151-toborz\u00e1s folyamatos, a v\u00e1llalat pedig a mostani helyzetben digit\u00e1lis megold\u00e1sokat is haszn\u00e1l a besz\u00e9lget\u00e9sek sor\u00e1n. &#8211; A BMW Group sz\u00e1m\u00e1ra munkav\u00e1llal\u00f3ink eg\u00e9szs\u00e9ge \u00e9s biztons\u00e1ga a legfontosabb, \u00edgy a v\u00e1llalat azonnali int\u00e9zked\u00e9seket hozott dolgoz\u00f3inak v\u00e9delme \u00e9rdek\u00e9ben, s az Eg\u00e9szs\u00e9g\u00fcgyi Vil\u00e1gszervezet (WHO) mindenkori higi\u00e9niai javaslatainak k\u00f6vet\u00e9s\u00e9t \u00e9s \u00fatmutat\u00e1sainak betart\u00e1s\u00e1t \u00edrja el\u0151 munkat\u00e1rsainak \u2013 mondta Salg\u00f3 Andr\u00e1s.<\/p>\n<p>A t\u00f6bbi magyarorsz\u00e1gi aut\u00f3gy\u00e1r m\u00e1r bejelentette a le\u00e1ll\u00e1st: a gy\u0151ri Audi, az esztergomi Suzuki, a szentgotth\u00e1rdi Opel \u00e9s a kecskem\u00e9ti Mercedes gy\u00e1r is le\u00e1ll\u00edtja a termel\u00e9st j\u00f6v\u0151 h\u00e9tf\u0151t\u0151l.<\/p>\n<p>Forr\u00e1s: N\u00e9pszava<\/p>\n","protected":false},"excerpt":{"rendered":"<p>A j\u00e1rv\u00e1ny miatti neh\u00e9z gazdas\u00e1gi helyzet ellen\u00e9re sem \u00e1ll le a debreceni BMW gy\u00e1r \u00e9p\u00edt\u00e9se, folyik a munkaer\u0151 toborz\u00e1s is. A c\u00e9g erre digit\u00e1lis megold\u00e1sokat is alkalmaz. Debrecenben az \u00fagynevezett \u00c9szak-nyugati Gazdas\u00e1gi \u00d6vezetben elkezd\u0151dtek a BMW-gy\u00e1r c\u00f6l\u00f6p\u00f6z\u00e9si, alapoz\u00e1si munk\u00e1latai,\u00a0 240 hekt\u00e1ron m\u00e1r elk\u00e9sz\u00fcltek a tereprendez\u00e9si \u00e9s f\u00f6ldmunk\u00e1kkal Salg\u00f3 Andr\u00e1s a BMW Group Magyarorsz\u00e1g kommunik\u00e1ci\u00f3\u00e9t felel\u0151s [&hellip;]<\/p>\n","protected":false},"author":1,"featured_media":0,"comment_status":"open","ping_status":"open","sticky":false,"template":"","format":"standard","meta":{"_monsterinsights_skip_tracking":false,"footnotes":""},"categories":[198],"tags":[],"class_list":["post-3819","post","type-post","status-publish","format-standard","hentry","category-gazdasag"],"aioseo_notices":[],"aioseo_head":"\n\t\t<!-- All in One SEO 5.0.0.1 - aioseo.com -->\n\t<meta name=\"description\" content=\"A j\u00e1rv\u00e1ny miatti neh\u00e9z gazdas\u00e1gi helyzet ellen\u00e9re sem \u00e1ll le a debreceni BMW gy\u00e1r \u00e9p\u00edt\u00e9se, folyik a munkaer\u0151 toborz\u00e1s is. A c\u00e9g erre digit\u00e1lis megold\u00e1sokat is alkalmaz. Debrecenben az \u00fagynevezett \u00c9szak-nyugati Gazdas\u00e1gi \u00d6vezetben elkezd\u0151dtek a BMW-gy\u00e1r c\u00f6l\u00f6p\u00f6z\u00e9si, alapoz\u00e1si munk\u00e1latai, 240 hekt\u00e1ron m\u00e1r elk\u00e9sz\u00fcltek a tereprendez\u00e9si \u00e9s f\u00f6ldmunk\u00e1kkal Salg\u00f3 Andr\u00e1s a BMW Group Magyarorsz\u00e1g kommunik\u00e1ci\u00f3\u00e9t felel\u0151s\" \/>\n\t<meta name=\"robots\" content=\"max-image-preview:large\" \/>\n\t<meta name=\"author\" content=\"Juh\u00e1sz P\u00e9ter\"\/>\n\t<link rel=\"canonical\" href=\"https:\/\/allasorias.hu\/hirek\/tovabb-epul-a-debreceni-bmw-gyar\/\" \/>\n\t<meta name=\"generator\" content=\"All in One SEO (AIOSEO) 5.0.0.1\" \/>\n\t\t<meta property=\"og:locale\" content=\"hu_HU\" \/>\n\t\t<meta property=\"og:site_name\" content=\"AllasOrias.hu | H\u00edrek-lapszemle | \u00dczleti h\u00edrek az \u00e1ll\u00e1s \u00e9s a munka vil\u00e1g\u00e1b\u00f3l\" \/>\n\t\t<meta property=\"og:type\" content=\"article\" \/>\n\t\t<meta property=\"og:title\" content=\"Tov\u00e1bb \u00e9p\u00fcl a debreceni BMW gy\u00e1r | AllasOrias.hu | H\u00edrek-lapszemle\" \/>\n\t\t<meta property=\"og:description\" content=\"A j\u00e1rv\u00e1ny miatti neh\u00e9z gazdas\u00e1gi helyzet ellen\u00e9re sem \u00e1ll le a debreceni BMW gy\u00e1r \u00e9p\u00edt\u00e9se, folyik a munkaer\u0151 toborz\u00e1s is. A c\u00e9g erre digit\u00e1lis megold\u00e1sokat is alkalmaz. Debrecenben az \u00fagynevezett \u00c9szak-nyugati Gazdas\u00e1gi \u00d6vezetben elkezd\u0151dtek a BMW-gy\u00e1r c\u00f6l\u00f6p\u00f6z\u00e9si, alapoz\u00e1si munk\u00e1latai, 240 hekt\u00e1ron m\u00e1r elk\u00e9sz\u00fcltek a tereprendez\u00e9si \u00e9s f\u00f6ldmunk\u00e1kkal Salg\u00f3 Andr\u00e1s a BMW Group Magyarorsz\u00e1g kommunik\u00e1ci\u00f3\u00e9t felel\u0151s\" \/>\n\t\t<meta property=\"og:url\" content=\"https:\/\/allasorias.hu\/hirek\/tovabb-epul-a-debreceni-bmw-gyar\/\" \/>\n\t\t<meta property=\"og:image\" content=\"https:\/\/allasorias.hu\/hirek\/wp-content\/uploads\/2022\/10\/allasorias-fb-logo.png\" \/>\n\t\t<meta property=\"og:image:secure_url\" content=\"https:\/\/allasorias.hu\/hirek\/wp-content\/uploads\/2022\/10\/allasorias-fb-logo.png\" \/>\n\t\t<meta property=\"og:image:width\" content=\"437\" \/>\n\t\t<meta property=\"og:image:height\" content=\"200\" \/>\n\t\t<meta property=\"article:published_time\" content=\"2020-03-19T09:09:59+00:00\" \/>\n\t\t<meta property=\"article:modified_time\" content=\"2020-03-19T09:09:59+00:00\" \/>\n\t\t<meta property=\"article:publisher\" content=\"https:\/\/www.facebook.com\/allasorias\" \/>\n\t\t<meta name=\"twitter:card\" content=\"summary_large_image\" \/>\n\t\t<meta name=\"twitter:title\" content=\"Tov\u00e1bb \u00e9p\u00fcl a debreceni BMW gy\u00e1r | AllasOrias.hu | H\u00edrek-lapszemle\" \/>\n\t\t<meta name=\"twitter:description\" content=\"A j\u00e1rv\u00e1ny miatti neh\u00e9z gazdas\u00e1gi helyzet ellen\u00e9re sem \u00e1ll le a debreceni BMW gy\u00e1r \u00e9p\u00edt\u00e9se, folyik a munkaer\u0151 toborz\u00e1s is. A c\u00e9g erre digit\u00e1lis megold\u00e1sokat is alkalmaz. Debrecenben az \u00fagynevezett \u00c9szak-nyugati Gazdas\u00e1gi \u00d6vezetben elkezd\u0151dtek a BMW-gy\u00e1r c\u00f6l\u00f6p\u00f6z\u00e9si, alapoz\u00e1si munk\u00e1latai, 240 hekt\u00e1ron m\u00e1r elk\u00e9sz\u00fcltek a tereprendez\u00e9si \u00e9s f\u00f6ldmunk\u00e1kkal Salg\u00f3 Andr\u00e1s a BMW Group Magyarorsz\u00e1g kommunik\u00e1ci\u00f3\u00e9t felel\u0151s\" \/>\n\t\t<meta name=\"twitter:image\" content=\"https:\/\/allasorias.hu\/hirek\/wp-content\/uploads\/2022\/10\/allasorias-fb-logo.png\" \/>\n\t\t<meta name=\"twitter:label1\" content=\"Written by\" \/>\n\t\t<meta name=\"twitter:data1\" content=\"Juh\u00e1sz P\u00e9ter\" \/>\n\t\t<meta name=\"twitter:label2\" content=\"Est. reading time\" \/>\n\t\t<meta name=\"twitter:data2\" content=\"1 minute\" \/>\n\t\t<script type=\"application\/ld+json\" class=\"aioseo-schema\">\n\t\t\t{\"@context\":\"https:\\\/\\\/schema.org\",\"@graph\":[{\"@type\":\"Article\",\"@id\":\"https:\\\/\\\/allasorias.hu\\\/hirek\\\/tovabb-epul-a-debreceni-bmw-gyar\\\/#article\",\"name\":\"Tov\\u00e1bb \\u00e9p\\u00fcl a debreceni BMW gy\\u00e1r | AllasOrias.hu | H\\u00edrek-lapszemle\",\"headline\":\"Tov\\u00e1bb \\u00e9p\\u00fcl a debreceni  BMW gy\\u00e1r\",\"author\":{\"@id\":\"https:\\\/\\\/allasorias.hu\\\/hirek\\\/author\\\/admin-allasorias\\\/#author\"},\"publisher\":{\"@id\":\"https:\\\/\\\/allasorias.hu\\\/hirek\\\/#organization\"},\"image\":{\"@type\":\"ImageObject\",\"url\":\"https:\\\/\\\/allasorias.hu\\\/hirek\\\/wp-content\\\/uploads\\\/2022\\\/10\\\/allasorias_site_facebok_logo.png\",\"@id\":\"https:\\\/\\\/allasorias.hu\\\/hirek\\\/#articleImage\"},\"datePublished\":\"2020-03-19T09:09:59+02:00\",\"dateModified\":\"2020-03-19T09:09:59+02:00\",\"inLanguage\":\"hu-HU\",\"mainEntityOfPage\":{\"@id\":\"https:\\\/\\\/allasorias.hu\\\/hirek\\\/tovabb-epul-a-debreceni-bmw-gyar\\\/#webpage\"},\"isPartOf\":{\"@id\":\"https:\\\/\\\/allasorias.hu\\\/hirek\\\/tovabb-epul-a-debreceni-bmw-gyar\\\/#webpage\"},\"articleSection\":\"Gazdas\\u00e1g\"},{\"@type\":\"BreadcrumbList\",\"@id\":\"https:\\\/\\\/allasorias.hu\\\/hirek\\\/tovabb-epul-a-debreceni-bmw-gyar\\\/#breadcrumblist\",\"itemListElement\":[{\"@type\":\"ListItem\",\"@id\":\"https:\\\/\\\/allasorias.hu\\\/hirek#listItem\",\"position\":1,\"name\":\"Home\",\"item\":\"https:\\\/\\\/allasorias.hu\\\/hirek\",\"nextItem\":{\"@type\":\"ListItem\",\"@id\":\"https:\\\/\\\/allasorias.hu\\\/hirek\\\/temak\\\/gazdasag\\\/#listItem\",\"name\":\"Gazdas\\u00e1g\"}},{\"@type\":\"ListItem\",\"@id\":\"https:\\\/\\\/allasorias.hu\\\/hirek\\\/temak\\\/gazdasag\\\/#listItem\",\"position\":2,\"name\":\"Gazdas\\u00e1g\",\"item\":\"https:\\\/\\\/allasorias.hu\\\/hirek\\\/temak\\\/gazdasag\\\/\",\"nextItem\":{\"@type\":\"ListItem\",\"@id\":\"https:\\\/\\\/allasorias.hu\\\/hirek\\\/tovabb-epul-a-debreceni-bmw-gyar\\\/#listItem\",\"name\":\"Tov\\u00e1bb \\u00e9p\\u00fcl a debreceni  BMW gy\\u00e1r\"},\"previousItem\":{\"@type\":\"ListItem\",\"@id\":\"https:\\\/\\\/allasorias.hu\\\/hirek#listItem\",\"name\":\"Home\"}},{\"@type\":\"ListItem\",\"@id\":\"https:\\\/\\\/allasorias.hu\\\/hirek\\\/tovabb-epul-a-debreceni-bmw-gyar\\\/#listItem\",\"position\":3,\"name\":\"Tov\\u00e1bb \\u00e9p\\u00fcl a debreceni  BMW gy\\u00e1r\",\"previousItem\":{\"@type\":\"ListItem\",\"@id\":\"https:\\\/\\\/allasorias.hu\\\/hirek\\\/temak\\\/gazdasag\\\/#listItem\",\"name\":\"Gazdas\\u00e1g\"}}]},{\"@type\":\"Organization\",\"@id\":\"https:\\\/\\\/allasorias.hu\\\/hirek\\\/#organization\",\"name\":\"AllasOrias.hu | H\\u00edrek-lapszemle\",\"description\":\"\\u00dczleti h\\u00edrek az \\u00e1ll\\u00e1s \\u00e9s a munka vil\\u00e1g\\u00e1b\\u00f3l\",\"url\":\"https:\\\/\\\/allasorias.hu\\\/hirek\\\/\",\"logo\":{\"@type\":\"ImageObject\",\"url\":\"https:\\\/\\\/allasorias.hu\\\/hirek\\\/wp-content\\\/uploads\\\/2022\\\/10\\\/allasorias_site_facebok_logo.png\",\"@id\":\"https:\\\/\\\/allasorias.hu\\\/hirek\\\/tovabb-epul-a-debreceni-bmw-gyar\\\/#organizationLogo\"},\"image\":{\"@id\":\"https:\\\/\\\/allasorias.hu\\\/hirek\\\/tovabb-epul-a-debreceni-bmw-gyar\\\/#organizationLogo\"},\"sameAs\":[\"https:\\\/\\\/www.facebook.com\\\/allasorias\",\"https:\\\/\\\/www.linkedin.com\\\/company\\\/allasorias\"]},{\"@type\":\"Person\",\"@id\":\"https:\\\/\\\/allasorias.hu\\\/hirek\\\/author\\\/admin-allasorias\\\/#author\",\"url\":\"https:\\\/\\\/allasorias.hu\\\/hirek\\\/author\\\/admin-allasorias\\\/\",\"name\":\"Juh\\u00e1sz P\\u00e9ter\",\"image\":{\"@type\":\"ImageObject\",\"@id\":\"https:\\\/\\\/allasorias.hu\\\/hirek\\\/tovabb-epul-a-debreceni-bmw-gyar\\\/#authorImage\",\"url\":\"https:\\\/\\\/secure.gravatar.com\\\/avatar\\\/36e6bcb83148978b992977cb0f54d22feb0cce8a0a849a9410532bb2623ba4c6?s=96&d=mm&r=g\",\"width\":96,\"height\":96,\"caption\":\"Juh\\u00e1sz P\\u00e9ter\"}},{\"@type\":\"WebPage\",\"@id\":\"https:\\\/\\\/allasorias.hu\\\/hirek\\\/tovabb-epul-a-debreceni-bmw-gyar\\\/#webpage\",\"url\":\"https:\\\/\\\/allasorias.hu\\\/hirek\\\/tovabb-epul-a-debreceni-bmw-gyar\\\/\",\"name\":\"Tov\\u00e1bb \\u00e9p\\u00fcl a debreceni BMW gy\\u00e1r | AllasOrias.hu | H\\u00edrek-lapszemle\",\"description\":\"A j\\u00e1rv\\u00e1ny miatti neh\\u00e9z gazdas\\u00e1gi helyzet ellen\\u00e9re sem \\u00e1ll le a debreceni BMW gy\\u00e1r \\u00e9p\\u00edt\\u00e9se, folyik a munkaer\\u0151 toborz\\u00e1s is. A c\\u00e9g erre digit\\u00e1lis megold\\u00e1sokat is alkalmaz. Debrecenben az \\u00fagynevezett \\u00c9szak-nyugati Gazdas\\u00e1gi \\u00d6vezetben elkezd\\u0151dtek a BMW-gy\\u00e1r c\\u00f6l\\u00f6p\\u00f6z\\u00e9si, alapoz\\u00e1si munk\\u00e1latai, 240 hekt\\u00e1ron m\\u00e1r elk\\u00e9sz\\u00fcltek a tereprendez\\u00e9si \\u00e9s f\\u00f6ldmunk\\u00e1kkal Salg\\u00f3 Andr\\u00e1s a BMW Group Magyarorsz\\u00e1g kommunik\\u00e1ci\\u00f3\\u00e9t felel\\u0151s\",\"inLanguage\":\"hu-HU\",\"isPartOf\":{\"@id\":\"https:\\\/\\\/allasorias.hu\\\/hirek\\\/#website\"},\"breadcrumb\":{\"@id\":\"https:\\\/\\\/allasorias.hu\\\/hirek\\\/tovabb-epul-a-debreceni-bmw-gyar\\\/#breadcrumblist\"},\"author\":{\"@id\":\"https:\\\/\\\/allasorias.hu\\\/hirek\\\/author\\\/admin-allasorias\\\/#author\"},\"creator\":{\"@id\":\"https:\\\/\\\/allasorias.hu\\\/hirek\\\/author\\\/admin-allasorias\\\/#author\"},\"datePublished\":\"2020-03-19T09:09:59+02:00\",\"dateModified\":\"2020-03-19T09:09:59+02:00\"},{\"@type\":\"WebSite\",\"@id\":\"https:\\\/\\\/allasorias.hu\\\/hirek\\\/#website\",\"url\":\"https:\\\/\\\/allasorias.hu\\\/hirek\\\/\",\"name\":\"AllasOrias.hu | H\\u00edrek-lapszemle\",\"description\":\"\\u00dczleti h\\u00edrek az \\u00e1ll\\u00e1s \\u00e9s a munka vil\\u00e1g\\u00e1b\\u00f3l\",\"inLanguage\":\"hu-HU\",\"publisher\":{\"@id\":\"https:\\\/\\\/allasorias.hu\\\/hirek\\\/#organization\"}}]}\n\t\t<\/script>\n\t\t<!-- All in One SEO -->\n\n","aioseo_head_json":{"title":"Tov\u00e1bb \u00e9p\u00fcl a debreceni BMW gy\u00e1r | AllasOrias.hu | H\u00edrek-lapszemle","description":"A j\u00e1rv\u00e1ny miatti neh\u00e9z gazdas\u00e1gi helyzet ellen\u00e9re sem \u00e1ll le a debreceni BMW gy\u00e1r \u00e9p\u00edt\u00e9se, folyik a munkaer\u0151 toborz\u00e1s is. A c\u00e9g erre digit\u00e1lis megold\u00e1sokat is alkalmaz. Debrecenben az \u00fagynevezett \u00c9szak-nyugati Gazdas\u00e1gi \u00d6vezetben elkezd\u0151dtek a BMW-gy\u00e1r c\u00f6l\u00f6p\u00f6z\u00e9si, alapoz\u00e1si munk\u00e1latai, 240 hekt\u00e1ron m\u00e1r elk\u00e9sz\u00fcltek a tereprendez\u00e9si \u00e9s f\u00f6ldmunk\u00e1kkal Salg\u00f3 Andr\u00e1s a BMW Group Magyarorsz\u00e1g kommunik\u00e1ci\u00f3\u00e9t felel\u0151s","canonical_url":"https:\/\/allasorias.hu\/hirek\/tovabb-epul-a-debreceni-bmw-gyar\/","robots":"max-image-preview:large","keywords":"","webmasterTools":{"miscellaneous":""},"schema":{"@context":"https:\/\/schema.org","@graph":[{"@type":"Article","@id":"https:\/\/allasorias.hu\/hirek\/tovabb-epul-a-debreceni-bmw-gyar\/#article","name":"Tov\u00e1bb \u00e9p\u00fcl a debreceni BMW gy\u00e1r | AllasOrias.hu | H\u00edrek-lapszemle","headline":"Tov\u00e1bb \u00e9p\u00fcl a debreceni  BMW gy\u00e1r","author":{"@id":"https:\/\/allasorias.hu\/hirek\/author\/admin-allasorias\/#author"},"publisher":{"@id":"https:\/\/allasorias.hu\/hirek\/#organization"},"image":{"@type":"ImageObject","url":"https:\/\/allasorias.hu\/hirek\/wp-content\/uploads\/2022\/10\/allasorias_site_facebok_logo.png","@id":"https:\/\/allasorias.hu\/hirek\/#articleImage"},"datePublished":"2020-03-19T09:09:59+02:00","dateModified":"2020-03-19T09:09:59+02:00","inLanguage":"hu-HU","mainEntityOfPage":{"@id":"https:\/\/allasorias.hu\/hirek\/tovabb-epul-a-debreceni-bmw-gyar\/#webpage"},"isPartOf":{"@id":"https:\/\/allasorias.hu\/hirek\/tovabb-epul-a-debreceni-bmw-gyar\/#webpage"},"articleSection":"Gazdas\u00e1g"},{"@type":"BreadcrumbList","@id":"https:\/\/allasorias.hu\/hirek\/tovabb-epul-a-debreceni-bmw-gyar\/#breadcrumblist","itemListElement":[{"@type":"ListItem","@id":"https:\/\/allasorias.hu\/hirek#listItem","position":1,"name":"Home","item":"https:\/\/allasorias.hu\/hirek","nextItem":{"@type":"ListItem","@id":"https:\/\/allasorias.hu\/hirek\/temak\/gazdasag\/#listItem","name":"Gazdas\u00e1g"}},{"@type":"ListItem","@id":"https:\/\/allasorias.hu\/hirek\/temak\/gazdasag\/#listItem","position":2,"name":"Gazdas\u00e1g","item":"https:\/\/allasorias.hu\/hirek\/temak\/gazdasag\/","nextItem":{"@type":"ListItem","@id":"https:\/\/allasorias.hu\/hirek\/tovabb-epul-a-debreceni-bmw-gyar\/#listItem","name":"Tov\u00e1bb \u00e9p\u00fcl a debreceni  BMW gy\u00e1r"},"previousItem":{"@type":"ListItem","@id":"https:\/\/allasorias.hu\/hirek#listItem","name":"Home"}},{"@type":"ListItem","@id":"https:\/\/allasorias.hu\/hirek\/tovabb-epul-a-debreceni-bmw-gyar\/#listItem","position":3,"name":"Tov\u00e1bb \u00e9p\u00fcl a debreceni  BMW gy\u00e1r","previousItem":{"@type":"ListItem","@id":"https:\/\/allasorias.hu\/hirek\/temak\/gazdasag\/#listItem","name":"Gazdas\u00e1g"}}]},{"@type":"Organization","@id":"https:\/\/allasorias.hu\/hirek\/#organization","name":"AllasOrias.hu | H\u00edrek-lapszemle","description":"\u00dczleti h\u00edrek az \u00e1ll\u00e1s \u00e9s a munka vil\u00e1g\u00e1b\u00f3l","url":"https:\/\/allasorias.hu\/hirek\/","logo":{"@type":"ImageObject","url":"https:\/\/allasorias.hu\/hirek\/wp-content\/uploads\/2022\/10\/allasorias_site_facebok_logo.png","@id":"https:\/\/allasorias.hu\/hirek\/tovabb-epul-a-debreceni-bmw-gyar\/#organizationLogo"},"image":{"@id":"https:\/\/allasorias.hu\/hirek\/tovabb-epul-a-debreceni-bmw-gyar\/#organizationLogo"},"sameAs":["https:\/\/www.facebook.com\/allasorias","https:\/\/www.linkedin.com\/company\/allasorias"]},{"@type":"Person","@id":"https:\/\/allasorias.hu\/hirek\/author\/admin-allasorias\/#author","url":"https:\/\/allasorias.hu\/hirek\/author\/admin-allasorias\/","name":"Juh\u00e1sz P\u00e9ter","image":{"@type":"ImageObject","@id":"https:\/\/allasorias.hu\/hirek\/tovabb-epul-a-debreceni-bmw-gyar\/#authorImage","url":"https:\/\/secure.gravatar.com\/avatar\/36e6bcb83148978b992977cb0f54d22feb0cce8a0a849a9410532bb2623ba4c6?s=96&d=mm&r=g","width":96,"height":96,"caption":"Juh\u00e1sz P\u00e9ter"}},{"@type":"WebPage","@id":"https:\/\/allasorias.hu\/hirek\/tovabb-epul-a-debreceni-bmw-gyar\/#webpage","url":"https:\/\/allasorias.hu\/hirek\/tovabb-epul-a-debreceni-bmw-gyar\/","name":"Tov\u00e1bb \u00e9p\u00fcl a debreceni BMW gy\u00e1r | AllasOrias.hu | H\u00edrek-lapszemle","description":"A j\u00e1rv\u00e1ny miatti neh\u00e9z gazdas\u00e1gi helyzet ellen\u00e9re sem \u00e1ll le a debreceni BMW gy\u00e1r \u00e9p\u00edt\u00e9se, folyik a munkaer\u0151 toborz\u00e1s is. A c\u00e9g erre digit\u00e1lis megold\u00e1sokat is alkalmaz. Debrecenben az \u00fagynevezett \u00c9szak-nyugati Gazdas\u00e1gi \u00d6vezetben elkezd\u0151dtek a BMW-gy\u00e1r c\u00f6l\u00f6p\u00f6z\u00e9si, alapoz\u00e1si munk\u00e1latai, 240 hekt\u00e1ron m\u00e1r elk\u00e9sz\u00fcltek a tereprendez\u00e9si \u00e9s f\u00f6ldmunk\u00e1kkal Salg\u00f3 Andr\u00e1s a BMW Group Magyarorsz\u00e1g kommunik\u00e1ci\u00f3\u00e9t felel\u0151s","inLanguage":"hu-HU","isPartOf":{"@id":"https:\/\/allasorias.hu\/hirek\/#website"},"breadcrumb":{"@id":"https:\/\/allasorias.hu\/hirek\/tovabb-epul-a-debreceni-bmw-gyar\/#breadcrumblist"},"author":{"@id":"https:\/\/allasorias.hu\/hirek\/author\/admin-allasorias\/#author"},"creator":{"@id":"https:\/\/allasorias.hu\/hirek\/author\/admin-allasorias\/#author"},"datePublished":"2020-03-19T09:09:59+02:00","dateModified":"2020-03-19T09:09:59+02:00"},{"@type":"WebSite","@id":"https:\/\/allasorias.hu\/hirek\/#website","url":"https:\/\/allasorias.hu\/hirek\/","name":"AllasOrias.hu | H\u00edrek-lapszemle","description":"\u00dczleti h\u00edrek az \u00e1ll\u00e1s \u00e9s a munka vil\u00e1g\u00e1b\u00f3l","inLanguage":"hu-HU","publisher":{"@id":"https:\/\/allasorias.hu\/hirek\/#organization"}}]},"og:locale":"hu_HU","og:site_name":"AllasOrias.hu | H\u00edrek-lapszemle | \u00dczleti h\u00edrek az \u00e1ll\u00e1s \u00e9s a munka vil\u00e1g\u00e1b\u00f3l","og:type":"article","og:title":"Tov\u00e1bb \u00e9p\u00fcl a debreceni BMW gy\u00e1r | AllasOrias.hu | H\u00edrek-lapszemle","og:description":"A j\u00e1rv\u00e1ny miatti neh\u00e9z gazdas\u00e1gi helyzet ellen\u00e9re sem \u00e1ll le a debreceni BMW gy\u00e1r \u00e9p\u00edt\u00e9se, folyik a munkaer\u0151 toborz\u00e1s is. A c\u00e9g erre digit\u00e1lis megold\u00e1sokat is alkalmaz. Debrecenben az \u00fagynevezett \u00c9szak-nyugati Gazdas\u00e1gi \u00d6vezetben elkezd\u0151dtek a BMW-gy\u00e1r c\u00f6l\u00f6p\u00f6z\u00e9si, alapoz\u00e1si munk\u00e1latai, 240 hekt\u00e1ron m\u00e1r elk\u00e9sz\u00fcltek a tereprendez\u00e9si \u00e9s f\u00f6ldmunk\u00e1kkal Salg\u00f3 Andr\u00e1s a BMW Group Magyarorsz\u00e1g kommunik\u00e1ci\u00f3\u00e9t felel\u0151s","og:url":"https:\/\/allasorias.hu\/hirek\/tovabb-epul-a-debreceni-bmw-gyar\/","og:image":"https:\/\/allasorias.hu\/hirek\/wp-content\/uploads\/2022\/10\/allasorias-fb-logo.png","og:image:secure_url":"https:\/\/allasorias.hu\/hirek\/wp-content\/uploads\/2022\/10\/allasorias-fb-logo.png","og:image:width":437,"og:image:height":200,"article:published_time":"2020-03-19T09:09:59+00:00","article:modified_time":"2020-03-19T09:09:59+00:00","article:publisher":"https:\/\/www.facebook.com\/allasorias","twitter:card":"summary_large_image","twitter:title":"Tov\u00e1bb \u00e9p\u00fcl a debreceni BMW gy\u00e1r | AllasOrias.hu | H\u00edrek-lapszemle","twitter:description":"A j\u00e1rv\u00e1ny miatti neh\u00e9z gazdas\u00e1gi helyzet ellen\u00e9re sem \u00e1ll le a debreceni BMW gy\u00e1r \u00e9p\u00edt\u00e9se, folyik a munkaer\u0151 toborz\u00e1s is. A c\u00e9g erre digit\u00e1lis megold\u00e1sokat is alkalmaz. Debrecenben az \u00fagynevezett \u00c9szak-nyugati Gazdas\u00e1gi \u00d6vezetben elkezd\u0151dtek a BMW-gy\u00e1r c\u00f6l\u00f6p\u00f6z\u00e9si, alapoz\u00e1si munk\u00e1latai, 240 hekt\u00e1ron m\u00e1r elk\u00e9sz\u00fcltek a tereprendez\u00e9si \u00e9s f\u00f6ldmunk\u00e1kkal Salg\u00f3 Andr\u00e1s a BMW Group Magyarorsz\u00e1g kommunik\u00e1ci\u00f3\u00e9t felel\u0151s","twitter:image":"https:\/\/allasorias.hu\/hirek\/wp-content\/uploads\/2022\/10\/allasorias-fb-logo.png","twitter:label1":"Written by","twitter:data1":"Juh\u00e1sz P\u00e9ter","twitter:label2":"Est. reading time","twitter:data2":"1 minute"},"aioseo_meta_data":{"post_id":"3819","title":null,"description":null,"keywords":null,"keyphrases":null,"primary_term":null,"canonical_url":null,"og_title":null,"og_description":null,"og_object_type":"default","og_image_type":"default","og_image_url":null,"og_image_width":null,"og_image_height":null,"og_image_custom_url":null,"og_image_custom_fields":null,"og_video":null,"og_custom_url":null,"og_article_section":null,"og_article_tags":null,"twitter_use_og":false,"twitter_card":"default","twitter_image_type":"default","twitter_image_url":null,"twitter_image_custom_url":null,"twitter_image_custom_fields":null,"twitter_title":null,"twitter_description":null,"schema":{"blockGraphs":[],"customGraphs":[],"default":{"data":{"Article":[],"Course":[],"Dataset":[],"FAQPage":[],"Movie":[],"Person":[],"Product":[],"ProductReview":[],"Car":[],"Recipe":[],"Service":[],"SoftwareApplication":[],"WebPage":[]},"graphName":"","isEnabled":true},"graphs":[],"defaultGraph":"","defaultPostTypeGraph":""},"schema_type":null,"schema_type_options":null,"pillar_content":false,"robots_default":true,"robots_noindex":false,"robots_noarchive":false,"robots_nosnippet":false,"robots_nofollow":false,"robots_noimageindex":false,"robots_noodp":false,"robots_notranslate":false,"robots_max_snippet":null,"robots_max_videopreview":null,"robots_max_imagepreview":"large","priority":null,"frequency":null,"location":null,"local_seo":null,"breadcrumb_settings":null,"limit_modified_date":false,"ai":null,"created":"2021-02-01 21:31:47","updated":"2025-10-02 13:38:06","seo_analyzer_scan_date":null,"focus_keyword":null,"additional_keywords":null,"truseo_locale":null},"aioseo_breadcrumb":"<div class=\"aioseo-breadcrumbs\"><span class=\"aioseo-breadcrumb\">\n\t\t\t<a href=\"https:\/\/allasorias.hu\/hirek\" title=\"Home\">Home<\/a>\n\t\t<\/span><span class=\"aioseo-breadcrumb-separator\">&raquo;<\/span><span class=\"aioseo-breadcrumb\">\n\t\t\t<a href=\"https:\/\/allasorias.hu\/hirek\/temak\/gazdasag\/\" title=\"Gazdas\u00e1g\">Gazdas\u00e1g<\/a>\n\t\t<\/span><span class=\"aioseo-breadcrumb-separator\">&raquo;<\/span><span class=\"aioseo-breadcrumb\">\n\t\t\tTov\u00e1bb \u00e9p\u00fcl a debreceni  BMW gy\u00e1r\n\t\t<\/span><\/div>","aioseo_breadcrumb_json":[{"label":"Home","link":"https:\/\/allasorias.hu\/hirek"},{"label":"Gazdas\u00e1g","link":"https:\/\/allasorias.hu\/hirek\/temak\/gazdasag\/"},{"label":"Tov\u00e1bb \u00e9p\u00fcl a debreceni  BMW gy\u00e1r","link":"https:\/\/allasorias.hu\/hirek\/tovabb-epul-a-debreceni-bmw-gyar\/"}],"_links":{"self":[{"href":"https:\/\/allasorias.hu\/hirek\/wp-json\/wp\/v2\/posts\/3819","targetHints":{"allow":["GET"]}}],"collection":[{"href":"https:\/\/allasorias.hu\/hirek\/wp-json\/wp\/v2\/posts"}],"about":[{"href":"https:\/\/allasorias.hu\/hirek\/wp-json\/wp\/v2\/types\/post"}],"author":[{"embeddable":true,"href":"https:\/\/allasorias.hu\/hirek\/wp-json\/wp\/v2\/users\/1"}],"replies":[{"embeddable":true,"href":"https:\/\/allasorias.hu\/hirek\/wp-json\/wp\/v2\/comments?post=3819"}],"version-history":[{"count":1,"href":"https:\/\/allasorias.hu\/hirek\/wp-json\/wp\/v2\/posts\/3819\/revisions"}],"predecessor-version":[{"id":3820,"href":"https:\/\/allasorias.hu\/hirek\/wp-json\/wp\/v2\/posts\/3819\/revisions\/3820"}],"wp:attachment":[{"href":"https:\/\/allasorias.hu\/hirek\/wp-json\/wp\/v2\/media?parent=3819"}],"wp:term":[{"taxonomy":"category","embeddable":true,"href":"https:\/\/allasorias.hu\/hirek\/wp-json\/wp\/v2\/categories?post=3819"},{"taxonomy":"post_tag","embeddable":true,"href":"https:\/\/allasorias.hu\/hirek\/wp-json\/wp\/v2\/tags?post=3819"}],"curies":[{"name":"wp","href":"https:\/\/api.w.org\/{rel}","templated":true}]}}