{"id":3804,"date":"2020-03-18T07:40:07","date_gmt":"2020-03-18T07:40:07","guid":{"rendered":"https:\/\/allasorias.hu\/hirek\/?p=3804"},"modified":"2020-03-18T07:40:07","modified_gmt":"2020-03-18T07:40:07","slug":"nem-ajanljak-a-munkaero-toborzas-szunetelteteset","status":"publish","type":"post","link":"https:\/\/allasorias.hu\/hirek\/nem-ajanljak-a-munkaero-toborzas-szunetelteteset\/","title":{"rendered":"Nem aj\u00e1nlj\u00e1k a munkaer\u0151 toborz\u00e1s sz\u00fcneteltet\u00e9s\u00e9t"},"content":{"rendered":"<p><strong>Magyarorsz\u00e1gon a munkav\u00e1llal\u00f3k fluktu\u00e1ci\u00f3ja nagym\u00e9rt\u00e9k\u0171 annak ellen\u00e9re is, hogy egyes ipar\u00e1gakban visszaes\u00e9s tapasztalhat\u00f3 a j\u00e1rv\u00e1ny hat\u00e1s\u00e1ra. Szakemberek szerint, ha le\u00e1llna a munkaer\u0151 felv\u00e9tele, az el\u0151re jelzett h\u00e1rom h\u00f3napos kies\u00e9s komoly munkaer\u0151hi\u00e1nyt eredm\u00e9nyezhet.<\/strong><\/p>\n<p>A koronav\u00edrus j\u00e1rv\u00e1ny\u00fcgyi helyzetben a fizikai kontaktus elker\u00fcl\u00e9se miatt a szem\u00e9lyes interj\u00fak hely\u00e9t \u00e1tveszi az online munkaer\u0151-kiv\u00e1laszt\u00e1s, r\u00e1ad\u00e1sul ez hat\u00e9konys\u00e1gi szempontb\u00f3l is sz\u00e1mos tov\u00e1bbi el\u0151nyt jelenthet \u2013 der\u00fcl ki Feh\u00e9r Zsolt nemzetk\u00f6zi HR-szak\u00e9rt\u0151 \u00f6sszegz\u00e9s\u00e9b\u0151l. A szakember szerint a megfelel\u0151en haszn\u00e1lt \u00e9s kiv\u00e1lasztott m\u00e9r\u0151eszk\u00f6z\u00f6k, p\u00e9ld\u00e1ul az IQ \u00e9s szem\u00e9lyis\u00e9gtesztek, valamint az \u00fagynevezett assessment centerek, vagyis kiv\u00e1laszt\u00f3 k\u00f6zpontok alkalmaz\u00e1s\u00e1val j\u00f3val pontosabb a v\u00e1rhat\u00f3 munkahelyi teljes\u00edtm\u00e9ny meghat\u00e1roz\u00e1sa. Ezek a m\u00e9r\u0151eszk\u00f6z\u00f6k \u00f3ri\u00e1si el\u0151nyt jelenthetnek a magyar v\u00e1llalkoz\u00e1sok sz\u00e1m\u00e1ra a hat\u00e9konyabb kiv\u00e1laszt\u00e1s ter\u00fclet\u00e9n, r\u00e1ad\u00e1sul ak\u00e1r online k\u00f6rnyezetben is alkalmazhat\u00f3ak, \u00edgy a jelenlegi j\u00e1rv\u00e1ny\u00fcgyi helyzetben elker\u00fclhet\u0151 a konkr\u00e9t fizikai kapcsolat. Feh\u00e9r Zsolt arra figyelmeztetett, a szem\u00e9lyis\u00e9gtesztek \u00e9s kognit\u00edv k\u00e9pess\u00e9geket m\u00e9r\u0151 alkalmaz\u00e1sok, m\u00e1r nagyon r\u00e9g\u00f3ta rendelkez\u00e9sre \u00e1llnak online is, ennek ellen\u00e9re a magyar v\u00e1llalatok t\u00edz sz\u00e1zal\u00e9ka haszn\u00e1lja azokat, r\u00e1ad\u00e1sul sz\u0171k k\u00f6rre, els\u0151sorban a vezet\u0151i, vagy irodai. Az assessment centerek is el\u00e9rhet\u0151ek a vil\u00e1gh\u00e1l\u00f3n kereszt\u00fcl, \u00e9s a vide\u00f3interj\u00fa is egy \u00e9vtizede hozz\u00e1f\u00e9rhet\u0151, nagyv\u00e1llalatok \u00e1ltal r\u00e9g\u00f3ta haszn\u00e1lt megold\u00e1s. A munkaer\u0151-kiv\u00e1laszt\u00e1st seg\u00edt\u0151 m\u00e9r\u0151eszk\u00f6z\u00f6k \u00e9s digit\u00e1lis alkalmaz\u00e1sok sokkal eredm\u00e9nyesebb d\u00f6nt\u00e9seket hoznak, mint az emberek \u2013 r\u00e9szletezte a szakember. A szem\u00e9lyes \u00f6n\u00e9letrajz, mint a jel\u00f6lt kedvez\u0151 \u00e1llom\u00e1sait el\u0151t\u00e9rbe helyez\u0151 szem\u00e9lyes dokumentum nem felt\u00e9tlen\u00fcl ad val\u00f3s inform\u00e1ci\u00f3kat. A felv\u00e9teli besz\u00e9lget\u00e9sek hat\u00e9konys\u00e1ga alacsony, mert a szem\u00e9lyes interj\u00fat jellemz\u0151 tudattalan torz\u00edt\u00e1sok, vagyis az elfogults\u00e1g \u00e9s az el\u0151\u00edt\u00e9letek j\u00f3val magasabb fluktu\u00e1ci\u00f3hoz vezetnek. Feh\u00e9r Zsolt hozz\u00e1tette: a t\u00e1vmunka k\u00f6rnyezet technikai megold\u00e1sai is \u00e9vek \u00f3ta adottak, ennek szab\u00e1lyait ismeri m\u00e1r a legt\u00f6bb irodai munkaer\u0151t alkalmaz\u00f3 nagyv\u00e1llalat. A magyar gazdas\u00e1g alapvet\u0151 \u00e9rdeke, hogy minden v\u00e1llalkoz\u00e1s felismerje, az ut\u00f3bbi 20 \u00e9v HR technikai fejl\u0151d\u00e9se minden eszk\u00f6zt rendelkez\u00e9s\u00fcnkre bocs\u00e1tott, hogy k\u00f6zvetlen interakci\u00f3 n\u00e9lk\u00fcl hozzuk meg emberekkel kapcsolatos d\u00f6nt\u00e9seinket.<\/p>\n<p>Forr\u00e1s: magyarnemzet.hu<\/p>\n","protected":false},"excerpt":{"rendered":"<p>Magyarorsz\u00e1gon a munkav\u00e1llal\u00f3k fluktu\u00e1ci\u00f3ja nagym\u00e9rt\u00e9k\u0171 annak ellen\u00e9re is, hogy egyes ipar\u00e1gakban visszaes\u00e9s tapasztalhat\u00f3 a j\u00e1rv\u00e1ny hat\u00e1s\u00e1ra. Szakemberek szerint, ha le\u00e1llna a munkaer\u0151 felv\u00e9tele, az el\u0151re jelzett h\u00e1rom h\u00f3napos kies\u00e9s komoly munkaer\u0151hi\u00e1nyt eredm\u00e9nyezhet. A koronav\u00edrus j\u00e1rv\u00e1ny\u00fcgyi helyzetben a fizikai kontaktus elker\u00fcl\u00e9se miatt a szem\u00e9lyes interj\u00fak hely\u00e9t \u00e1tveszi az online munkaer\u0151-kiv\u00e1laszt\u00e1s, r\u00e1ad\u00e1sul ez hat\u00e9konys\u00e1gi szempontb\u00f3l is sz\u00e1mos [&hellip;]<\/p>\n","protected":false},"author":1,"featured_media":3805,"comment_status":"open","ping_status":"open","sticky":false,"template":"","format":"standard","meta":{"_monsterinsights_skip_tracking":false,"footnotes":""},"categories":[1],"tags":[],"class_list":["post-3804","post","type-post","status-publish","format-standard","has-post-thumbnail","hentry","category-allaskereses"],"aioseo_notices":[],"aioseo_head":"\n\t\t<!-- All in One SEO 5.0.0.1 - aioseo.com -->\n\t<meta name=\"description\" content=\"Magyarorsz\u00e1gon a munkav\u00e1llal\u00f3k fluktu\u00e1ci\u00f3ja nagym\u00e9rt\u00e9k\u0171 annak ellen\u00e9re is, hogy egyes ipar\u00e1gakban visszaes\u00e9s tapasztalhat\u00f3 a j\u00e1rv\u00e1ny hat\u00e1s\u00e1ra. Szakemberek szerint, ha le\u00e1llna a munkaer\u0151 felv\u00e9tele, az el\u0151re jelzett h\u00e1rom h\u00f3napos kies\u00e9s komoly munkaer\u0151hi\u00e1nyt eredm\u00e9nyezhet. A koronav\u00edrus j\u00e1rv\u00e1ny\u00fcgyi helyzetben a fizikai kontaktus elker\u00fcl\u00e9se miatt a szem\u00e9lyes interj\u00fak hely\u00e9t \u00e1tveszi az online munkaer\u0151-kiv\u00e1laszt\u00e1s, r\u00e1ad\u00e1sul ez hat\u00e9konys\u00e1gi szempontb\u00f3l is sz\u00e1mos\" \/>\n\t<meta name=\"robots\" content=\"max-image-preview:large\" \/>\n\t<meta name=\"author\" content=\"Juh\u00e1sz P\u00e9ter\"\/>\n\t<link rel=\"canonical\" href=\"https:\/\/allasorias.hu\/hirek\/nem-ajanljak-a-munkaero-toborzas-szunetelteteset\/\" \/>\n\t<meta name=\"generator\" content=\"All in One SEO (AIOSEO) 5.0.0.1\" \/>\n\t\t<meta property=\"og:locale\" content=\"hu_HU\" \/>\n\t\t<meta property=\"og:site_name\" content=\"AllasOrias.hu | H\u00edrek-lapszemle | \u00dczleti h\u00edrek az \u00e1ll\u00e1s \u00e9s a munka vil\u00e1g\u00e1b\u00f3l\" \/>\n\t\t<meta property=\"og:type\" content=\"article\" \/>\n\t\t<meta property=\"og:title\" content=\"Nem aj\u00e1nlj\u00e1k a munkaer\u0151 toborz\u00e1s sz\u00fcneteltet\u00e9s\u00e9t | AllasOrias.hu | H\u00edrek-lapszemle\" \/>\n\t\t<meta property=\"og:description\" content=\"Magyarorsz\u00e1gon a munkav\u00e1llal\u00f3k fluktu\u00e1ci\u00f3ja nagym\u00e9rt\u00e9k\u0171 annak ellen\u00e9re is, hogy egyes ipar\u00e1gakban visszaes\u00e9s tapasztalhat\u00f3 a j\u00e1rv\u00e1ny hat\u00e1s\u00e1ra. Szakemberek szerint, ha le\u00e1llna a munkaer\u0151 felv\u00e9tele, az el\u0151re jelzett h\u00e1rom h\u00f3napos kies\u00e9s komoly munkaer\u0151hi\u00e1nyt eredm\u00e9nyezhet. A koronav\u00edrus j\u00e1rv\u00e1ny\u00fcgyi helyzetben a fizikai kontaktus elker\u00fcl\u00e9se miatt a szem\u00e9lyes interj\u00fak hely\u00e9t \u00e1tveszi az online munkaer\u0151-kiv\u00e1laszt\u00e1s, r\u00e1ad\u00e1sul ez hat\u00e9konys\u00e1gi szempontb\u00f3l is sz\u00e1mos\" \/>\n\t\t<meta property=\"og:url\" content=\"https:\/\/allasorias.hu\/hirek\/nem-ajanljak-a-munkaero-toborzas-szunetelteteset\/\" \/>\n\t\t<meta property=\"og:image\" content=\"https:\/\/allasorias.hu\/hirek\/wp-content\/uploads\/2020\/03\/webinar-4216601_640.jpg\" \/>\n\t\t<meta property=\"og:image:secure_url\" content=\"https:\/\/allasorias.hu\/hirek\/wp-content\/uploads\/2020\/03\/webinar-4216601_640.jpg\" \/>\n\t\t<meta property=\"og:image:width\" content=\"640\" \/>\n\t\t<meta property=\"og:image:height\" content=\"426\" \/>\n\t\t<meta property=\"article:published_time\" content=\"2020-03-18T07:40:07+00:00\" \/>\n\t\t<meta property=\"article:modified_time\" content=\"2020-03-18T07:40:07+00:00\" \/>\n\t\t<meta property=\"article:publisher\" content=\"https:\/\/www.facebook.com\/allasorias\" \/>\n\t\t<meta name=\"twitter:card\" content=\"summary_large_image\" \/>\n\t\t<meta name=\"twitter:title\" content=\"Nem aj\u00e1nlj\u00e1k a munkaer\u0151 toborz\u00e1s sz\u00fcneteltet\u00e9s\u00e9t | AllasOrias.hu | H\u00edrek-lapszemle\" \/>\n\t\t<meta name=\"twitter:description\" content=\"Magyarorsz\u00e1gon a munkav\u00e1llal\u00f3k fluktu\u00e1ci\u00f3ja nagym\u00e9rt\u00e9k\u0171 annak ellen\u00e9re is, hogy egyes ipar\u00e1gakban visszaes\u00e9s tapasztalhat\u00f3 a j\u00e1rv\u00e1ny hat\u00e1s\u00e1ra. Szakemberek szerint, ha le\u00e1llna a munkaer\u0151 felv\u00e9tele, az el\u0151re jelzett h\u00e1rom h\u00f3napos kies\u00e9s komoly munkaer\u0151hi\u00e1nyt eredm\u00e9nyezhet. A koronav\u00edrus j\u00e1rv\u00e1ny\u00fcgyi helyzetben a fizikai kontaktus elker\u00fcl\u00e9se miatt a szem\u00e9lyes interj\u00fak hely\u00e9t \u00e1tveszi az online munkaer\u0151-kiv\u00e1laszt\u00e1s, r\u00e1ad\u00e1sul ez hat\u00e9konys\u00e1gi szempontb\u00f3l is sz\u00e1mos\" \/>\n\t\t<meta name=\"twitter:image\" content=\"https:\/\/allasorias.hu\/hirek\/wp-content\/uploads\/2020\/03\/webinar-4216601_640.jpg\" \/>\n\t\t<meta name=\"twitter:label1\" content=\"Written by\" \/>\n\t\t<meta name=\"twitter:data1\" content=\"Juh\u00e1sz P\u00e9ter\" \/>\n\t\t<meta name=\"twitter:label2\" content=\"Est. reading time\" \/>\n\t\t<meta name=\"twitter:data2\" content=\"2 minutes\" \/>\n\t\t<script type=\"application\/ld+json\" class=\"aioseo-schema\">\n\t\t\t{\"@context\":\"https:\\\/\\\/schema.org\",\"@graph\":[{\"@type\":\"Article\",\"@id\":\"https:\\\/\\\/allasorias.hu\\\/hirek\\\/nem-ajanljak-a-munkaero-toborzas-szunetelteteset\\\/#article\",\"name\":\"Nem aj\\u00e1nlj\\u00e1k a munkaer\\u0151 toborz\\u00e1s sz\\u00fcneteltet\\u00e9s\\u00e9t | AllasOrias.hu | H\\u00edrek-lapszemle\",\"headline\":\"Nem aj\\u00e1nlj\\u00e1k a munkaer\\u0151 toborz\\u00e1s sz\\u00fcneteltet\\u00e9s\\u00e9t\",\"author\":{\"@id\":\"https:\\\/\\\/allasorias.hu\\\/hirek\\\/author\\\/admin-allasorias\\\/#author\"},\"publisher\":{\"@id\":\"https:\\\/\\\/allasorias.hu\\\/hirek\\\/#organization\"},\"image\":{\"@type\":\"ImageObject\",\"url\":\"https:\\\/\\\/allasorias.hu\\\/hirek\\\/wp-content\\\/uploads\\\/2020\\\/03\\\/webinar-4216601_640.jpg\",\"width\":640,\"height\":426},\"datePublished\":\"2020-03-18T07:40:07+02:00\",\"dateModified\":\"2020-03-18T07:40:07+02:00\",\"inLanguage\":\"hu-HU\",\"mainEntityOfPage\":{\"@id\":\"https:\\\/\\\/allasorias.hu\\\/hirek\\\/nem-ajanljak-a-munkaero-toborzas-szunetelteteset\\\/#webpage\"},\"isPartOf\":{\"@id\":\"https:\\\/\\\/allasorias.hu\\\/hirek\\\/nem-ajanljak-a-munkaero-toborzas-szunetelteteset\\\/#webpage\"},\"articleSection\":\"\\u00c1ll\\u00e1skeres\\u00e9s\"},{\"@type\":\"BreadcrumbList\",\"@id\":\"https:\\\/\\\/allasorias.hu\\\/hirek\\\/nem-ajanljak-a-munkaero-toborzas-szunetelteteset\\\/#breadcrumblist\",\"itemListElement\":[{\"@type\":\"ListItem\",\"@id\":\"https:\\\/\\\/allasorias.hu\\\/hirek#listItem\",\"position\":1,\"name\":\"Home\",\"item\":\"https:\\\/\\\/allasorias.hu\\\/hirek\",\"nextItem\":{\"@type\":\"ListItem\",\"@id\":\"https:\\\/\\\/allasorias.hu\\\/hirek\\\/temak\\\/allaskereses\\\/#listItem\",\"name\":\"\\u00c1ll\\u00e1skeres\\u00e9s\"}},{\"@type\":\"ListItem\",\"@id\":\"https:\\\/\\\/allasorias.hu\\\/hirek\\\/temak\\\/allaskereses\\\/#listItem\",\"position\":2,\"name\":\"\\u00c1ll\\u00e1skeres\\u00e9s\",\"item\":\"https:\\\/\\\/allasorias.hu\\\/hirek\\\/temak\\\/allaskereses\\\/\",\"nextItem\":{\"@type\":\"ListItem\",\"@id\":\"https:\\\/\\\/allasorias.hu\\\/hirek\\\/nem-ajanljak-a-munkaero-toborzas-szunetelteteset\\\/#listItem\",\"name\":\"Nem aj\\u00e1nlj\\u00e1k a munkaer\\u0151 toborz\\u00e1s sz\\u00fcneteltet\\u00e9s\\u00e9t\"},\"previousItem\":{\"@type\":\"ListItem\",\"@id\":\"https:\\\/\\\/allasorias.hu\\\/hirek#listItem\",\"name\":\"Home\"}},{\"@type\":\"ListItem\",\"@id\":\"https:\\\/\\\/allasorias.hu\\\/hirek\\\/nem-ajanljak-a-munkaero-toborzas-szunetelteteset\\\/#listItem\",\"position\":3,\"name\":\"Nem aj\\u00e1nlj\\u00e1k a munkaer\\u0151 toborz\\u00e1s sz\\u00fcneteltet\\u00e9s\\u00e9t\",\"previousItem\":{\"@type\":\"ListItem\",\"@id\":\"https:\\\/\\\/allasorias.hu\\\/hirek\\\/temak\\\/allaskereses\\\/#listItem\",\"name\":\"\\u00c1ll\\u00e1skeres\\u00e9s\"}}]},{\"@type\":\"Organization\",\"@id\":\"https:\\\/\\\/allasorias.hu\\\/hirek\\\/#organization\",\"name\":\"AllasOrias.hu | H\\u00edrek-lapszemle\",\"description\":\"\\u00dczleti h\\u00edrek az \\u00e1ll\\u00e1s \\u00e9s a munka vil\\u00e1g\\u00e1b\\u00f3l\",\"url\":\"https:\\\/\\\/allasorias.hu\\\/hirek\\\/\",\"logo\":{\"@type\":\"ImageObject\",\"url\":\"https:\\\/\\\/allasorias.hu\\\/hirek\\\/wp-content\\\/uploads\\\/2022\\\/10\\\/allasorias_site_facebok_logo.png\",\"@id\":\"https:\\\/\\\/allasorias.hu\\\/hirek\\\/nem-ajanljak-a-munkaero-toborzas-szunetelteteset\\\/#organizationLogo\"},\"image\":{\"@id\":\"https:\\\/\\\/allasorias.hu\\\/hirek\\\/nem-ajanljak-a-munkaero-toborzas-szunetelteteset\\\/#organizationLogo\"},\"sameAs\":[\"https:\\\/\\\/www.facebook.com\\\/allasorias\",\"https:\\\/\\\/www.linkedin.com\\\/company\\\/allasorias\"]},{\"@type\":\"Person\",\"@id\":\"https:\\\/\\\/allasorias.hu\\\/hirek\\\/author\\\/admin-allasorias\\\/#author\",\"url\":\"https:\\\/\\\/allasorias.hu\\\/hirek\\\/author\\\/admin-allasorias\\\/\",\"name\":\"Juh\\u00e1sz P\\u00e9ter\",\"image\":{\"@type\":\"ImageObject\",\"@id\":\"https:\\\/\\\/allasorias.hu\\\/hirek\\\/nem-ajanljak-a-munkaero-toborzas-szunetelteteset\\\/#authorImage\",\"url\":\"https:\\\/\\\/secure.gravatar.com\\\/avatar\\\/36e6bcb83148978b992977cb0f54d22feb0cce8a0a849a9410532bb2623ba4c6?s=96&d=mm&r=g\",\"width\":96,\"height\":96,\"caption\":\"Juh\\u00e1sz P\\u00e9ter\"}},{\"@type\":\"WebPage\",\"@id\":\"https:\\\/\\\/allasorias.hu\\\/hirek\\\/nem-ajanljak-a-munkaero-toborzas-szunetelteteset\\\/#webpage\",\"url\":\"https:\\\/\\\/allasorias.hu\\\/hirek\\\/nem-ajanljak-a-munkaero-toborzas-szunetelteteset\\\/\",\"name\":\"Nem aj\\u00e1nlj\\u00e1k a munkaer\\u0151 toborz\\u00e1s sz\\u00fcneteltet\\u00e9s\\u00e9t | AllasOrias.hu | H\\u00edrek-lapszemle\",\"description\":\"Magyarorsz\\u00e1gon a munkav\\u00e1llal\\u00f3k fluktu\\u00e1ci\\u00f3ja nagym\\u00e9rt\\u00e9k\\u0171 annak ellen\\u00e9re is, hogy egyes ipar\\u00e1gakban visszaes\\u00e9s tapasztalhat\\u00f3 a j\\u00e1rv\\u00e1ny hat\\u00e1s\\u00e1ra. Szakemberek szerint, ha le\\u00e1llna a munkaer\\u0151 felv\\u00e9tele, az el\\u0151re jelzett h\\u00e1rom h\\u00f3napos kies\\u00e9s komoly munkaer\\u0151hi\\u00e1nyt eredm\\u00e9nyezhet. A koronav\\u00edrus j\\u00e1rv\\u00e1ny\\u00fcgyi helyzetben a fizikai kontaktus elker\\u00fcl\\u00e9se miatt a szem\\u00e9lyes interj\\u00fak hely\\u00e9t \\u00e1tveszi az online munkaer\\u0151-kiv\\u00e1laszt\\u00e1s, r\\u00e1ad\\u00e1sul ez hat\\u00e9konys\\u00e1gi szempontb\\u00f3l is sz\\u00e1mos\",\"inLanguage\":\"hu-HU\",\"isPartOf\":{\"@id\":\"https:\\\/\\\/allasorias.hu\\\/hirek\\\/#website\"},\"breadcrumb\":{\"@id\":\"https:\\\/\\\/allasorias.hu\\\/hirek\\\/nem-ajanljak-a-munkaero-toborzas-szunetelteteset\\\/#breadcrumblist\"},\"author\":{\"@id\":\"https:\\\/\\\/allasorias.hu\\\/hirek\\\/author\\\/admin-allasorias\\\/#author\"},\"creator\":{\"@id\":\"https:\\\/\\\/allasorias.hu\\\/hirek\\\/author\\\/admin-allasorias\\\/#author\"},\"image\":{\"@type\":\"ImageObject\",\"url\":\"https:\\\/\\\/allasorias.hu\\\/hirek\\\/wp-content\\\/uploads\\\/2020\\\/03\\\/webinar-4216601_640.jpg\",\"@id\":\"https:\\\/\\\/allasorias.hu\\\/hirek\\\/nem-ajanljak-a-munkaero-toborzas-szunetelteteset\\\/#mainImage\",\"width\":640,\"height\":426},\"primaryImageOfPage\":{\"@id\":\"https:\\\/\\\/allasorias.hu\\\/hirek\\\/nem-ajanljak-a-munkaero-toborzas-szunetelteteset\\\/#mainImage\"},\"datePublished\":\"2020-03-18T07:40:07+02:00\",\"dateModified\":\"2020-03-18T07:40:07+02:00\"},{\"@type\":\"WebSite\",\"@id\":\"https:\\\/\\\/allasorias.hu\\\/hirek\\\/#website\",\"url\":\"https:\\\/\\\/allasorias.hu\\\/hirek\\\/\",\"name\":\"AllasOrias.hu | H\\u00edrek-lapszemle\",\"description\":\"\\u00dczleti h\\u00edrek az \\u00e1ll\\u00e1s \\u00e9s a munka vil\\u00e1g\\u00e1b\\u00f3l\",\"inLanguage\":\"hu-HU\",\"publisher\":{\"@id\":\"https:\\\/\\\/allasorias.hu\\\/hirek\\\/#organization\"}}]}\n\t\t<\/script>\n\t\t<!-- All in One SEO -->\n\n","aioseo_head_json":{"title":"Nem aj\u00e1nlj\u00e1k a munkaer\u0151 toborz\u00e1s sz\u00fcneteltet\u00e9s\u00e9t | AllasOrias.hu | H\u00edrek-lapszemle","description":"Magyarorsz\u00e1gon a munkav\u00e1llal\u00f3k fluktu\u00e1ci\u00f3ja nagym\u00e9rt\u00e9k\u0171 annak ellen\u00e9re is, hogy egyes ipar\u00e1gakban visszaes\u00e9s tapasztalhat\u00f3 a j\u00e1rv\u00e1ny hat\u00e1s\u00e1ra. Szakemberek szerint, ha le\u00e1llna a munkaer\u0151 felv\u00e9tele, az el\u0151re jelzett h\u00e1rom h\u00f3napos kies\u00e9s komoly munkaer\u0151hi\u00e1nyt eredm\u00e9nyezhet. A koronav\u00edrus j\u00e1rv\u00e1ny\u00fcgyi helyzetben a fizikai kontaktus elker\u00fcl\u00e9se miatt a szem\u00e9lyes interj\u00fak hely\u00e9t \u00e1tveszi az online munkaer\u0151-kiv\u00e1laszt\u00e1s, r\u00e1ad\u00e1sul ez hat\u00e9konys\u00e1gi szempontb\u00f3l is sz\u00e1mos","canonical_url":"https:\/\/allasorias.hu\/hirek\/nem-ajanljak-a-munkaero-toborzas-szunetelteteset\/","robots":"max-image-preview:large","keywords":"","webmasterTools":{"miscellaneous":""},"schema":{"@context":"https:\/\/schema.org","@graph":[{"@type":"Article","@id":"https:\/\/allasorias.hu\/hirek\/nem-ajanljak-a-munkaero-toborzas-szunetelteteset\/#article","name":"Nem aj\u00e1nlj\u00e1k a munkaer\u0151 toborz\u00e1s sz\u00fcneteltet\u00e9s\u00e9t | AllasOrias.hu | H\u00edrek-lapszemle","headline":"Nem aj\u00e1nlj\u00e1k a munkaer\u0151 toborz\u00e1s sz\u00fcneteltet\u00e9s\u00e9t","author":{"@id":"https:\/\/allasorias.hu\/hirek\/author\/admin-allasorias\/#author"},"publisher":{"@id":"https:\/\/allasorias.hu\/hirek\/#organization"},"image":{"@type":"ImageObject","url":"https:\/\/allasorias.hu\/hirek\/wp-content\/uploads\/2020\/03\/webinar-4216601_640.jpg","width":640,"height":426},"datePublished":"2020-03-18T07:40:07+02:00","dateModified":"2020-03-18T07:40:07+02:00","inLanguage":"hu-HU","mainEntityOfPage":{"@id":"https:\/\/allasorias.hu\/hirek\/nem-ajanljak-a-munkaero-toborzas-szunetelteteset\/#webpage"},"isPartOf":{"@id":"https:\/\/allasorias.hu\/hirek\/nem-ajanljak-a-munkaero-toborzas-szunetelteteset\/#webpage"},"articleSection":"\u00c1ll\u00e1skeres\u00e9s"},{"@type":"BreadcrumbList","@id":"https:\/\/allasorias.hu\/hirek\/nem-ajanljak-a-munkaero-toborzas-szunetelteteset\/#breadcrumblist","itemListElement":[{"@type":"ListItem","@id":"https:\/\/allasorias.hu\/hirek#listItem","position":1,"name":"Home","item":"https:\/\/allasorias.hu\/hirek","nextItem":{"@type":"ListItem","@id":"https:\/\/allasorias.hu\/hirek\/temak\/allaskereses\/#listItem","name":"\u00c1ll\u00e1skeres\u00e9s"}},{"@type":"ListItem","@id":"https:\/\/allasorias.hu\/hirek\/temak\/allaskereses\/#listItem","position":2,"name":"\u00c1ll\u00e1skeres\u00e9s","item":"https:\/\/allasorias.hu\/hirek\/temak\/allaskereses\/","nextItem":{"@type":"ListItem","@id":"https:\/\/allasorias.hu\/hirek\/nem-ajanljak-a-munkaero-toborzas-szunetelteteset\/#listItem","name":"Nem aj\u00e1nlj\u00e1k a munkaer\u0151 toborz\u00e1s sz\u00fcneteltet\u00e9s\u00e9t"},"previousItem":{"@type":"ListItem","@id":"https:\/\/allasorias.hu\/hirek#listItem","name":"Home"}},{"@type":"ListItem","@id":"https:\/\/allasorias.hu\/hirek\/nem-ajanljak-a-munkaero-toborzas-szunetelteteset\/#listItem","position":3,"name":"Nem aj\u00e1nlj\u00e1k a munkaer\u0151 toborz\u00e1s sz\u00fcneteltet\u00e9s\u00e9t","previousItem":{"@type":"ListItem","@id":"https:\/\/allasorias.hu\/hirek\/temak\/allaskereses\/#listItem","name":"\u00c1ll\u00e1skeres\u00e9s"}}]},{"@type":"Organization","@id":"https:\/\/allasorias.hu\/hirek\/#organization","name":"AllasOrias.hu | H\u00edrek-lapszemle","description":"\u00dczleti h\u00edrek az \u00e1ll\u00e1s \u00e9s a munka vil\u00e1g\u00e1b\u00f3l","url":"https:\/\/allasorias.hu\/hirek\/","logo":{"@type":"ImageObject","url":"https:\/\/allasorias.hu\/hirek\/wp-content\/uploads\/2022\/10\/allasorias_site_facebok_logo.png","@id":"https:\/\/allasorias.hu\/hirek\/nem-ajanljak-a-munkaero-toborzas-szunetelteteset\/#organizationLogo"},"image":{"@id":"https:\/\/allasorias.hu\/hirek\/nem-ajanljak-a-munkaero-toborzas-szunetelteteset\/#organizationLogo"},"sameAs":["https:\/\/www.facebook.com\/allasorias","https:\/\/www.linkedin.com\/company\/allasorias"]},{"@type":"Person","@id":"https:\/\/allasorias.hu\/hirek\/author\/admin-allasorias\/#author","url":"https:\/\/allasorias.hu\/hirek\/author\/admin-allasorias\/","name":"Juh\u00e1sz P\u00e9ter","image":{"@type":"ImageObject","@id":"https:\/\/allasorias.hu\/hirek\/nem-ajanljak-a-munkaero-toborzas-szunetelteteset\/#authorImage","url":"https:\/\/secure.gravatar.com\/avatar\/36e6bcb83148978b992977cb0f54d22feb0cce8a0a849a9410532bb2623ba4c6?s=96&d=mm&r=g","width":96,"height":96,"caption":"Juh\u00e1sz P\u00e9ter"}},{"@type":"WebPage","@id":"https:\/\/allasorias.hu\/hirek\/nem-ajanljak-a-munkaero-toborzas-szunetelteteset\/#webpage","url":"https:\/\/allasorias.hu\/hirek\/nem-ajanljak-a-munkaero-toborzas-szunetelteteset\/","name":"Nem aj\u00e1nlj\u00e1k a munkaer\u0151 toborz\u00e1s sz\u00fcneteltet\u00e9s\u00e9t | AllasOrias.hu | H\u00edrek-lapszemle","description":"Magyarorsz\u00e1gon a munkav\u00e1llal\u00f3k fluktu\u00e1ci\u00f3ja nagym\u00e9rt\u00e9k\u0171 annak ellen\u00e9re is, hogy egyes ipar\u00e1gakban visszaes\u00e9s tapasztalhat\u00f3 a j\u00e1rv\u00e1ny hat\u00e1s\u00e1ra. Szakemberek szerint, ha le\u00e1llna a munkaer\u0151 felv\u00e9tele, az el\u0151re jelzett h\u00e1rom h\u00f3napos kies\u00e9s komoly munkaer\u0151hi\u00e1nyt eredm\u00e9nyezhet. A koronav\u00edrus j\u00e1rv\u00e1ny\u00fcgyi helyzetben a fizikai kontaktus elker\u00fcl\u00e9se miatt a szem\u00e9lyes interj\u00fak hely\u00e9t \u00e1tveszi az online munkaer\u0151-kiv\u00e1laszt\u00e1s, r\u00e1ad\u00e1sul ez hat\u00e9konys\u00e1gi szempontb\u00f3l is sz\u00e1mos","inLanguage":"hu-HU","isPartOf":{"@id":"https:\/\/allasorias.hu\/hirek\/#website"},"breadcrumb":{"@id":"https:\/\/allasorias.hu\/hirek\/nem-ajanljak-a-munkaero-toborzas-szunetelteteset\/#breadcrumblist"},"author":{"@id":"https:\/\/allasorias.hu\/hirek\/author\/admin-allasorias\/#author"},"creator":{"@id":"https:\/\/allasorias.hu\/hirek\/author\/admin-allasorias\/#author"},"image":{"@type":"ImageObject","url":"https:\/\/allasorias.hu\/hirek\/wp-content\/uploads\/2020\/03\/webinar-4216601_640.jpg","@id":"https:\/\/allasorias.hu\/hirek\/nem-ajanljak-a-munkaero-toborzas-szunetelteteset\/#mainImage","width":640,"height":426},"primaryImageOfPage":{"@id":"https:\/\/allasorias.hu\/hirek\/nem-ajanljak-a-munkaero-toborzas-szunetelteteset\/#mainImage"},"datePublished":"2020-03-18T07:40:07+02:00","dateModified":"2020-03-18T07:40:07+02:00"},{"@type":"WebSite","@id":"https:\/\/allasorias.hu\/hirek\/#website","url":"https:\/\/allasorias.hu\/hirek\/","name":"AllasOrias.hu | H\u00edrek-lapszemle","description":"\u00dczleti h\u00edrek az \u00e1ll\u00e1s \u00e9s a munka vil\u00e1g\u00e1b\u00f3l","inLanguage":"hu-HU","publisher":{"@id":"https:\/\/allasorias.hu\/hirek\/#organization"}}]},"og:locale":"hu_HU","og:site_name":"AllasOrias.hu | H\u00edrek-lapszemle | \u00dczleti h\u00edrek az \u00e1ll\u00e1s \u00e9s a munka vil\u00e1g\u00e1b\u00f3l","og:type":"article","og:title":"Nem aj\u00e1nlj\u00e1k a munkaer\u0151 toborz\u00e1s sz\u00fcneteltet\u00e9s\u00e9t | AllasOrias.hu | H\u00edrek-lapszemle","og:description":"Magyarorsz\u00e1gon a munkav\u00e1llal\u00f3k fluktu\u00e1ci\u00f3ja nagym\u00e9rt\u00e9k\u0171 annak ellen\u00e9re is, hogy egyes ipar\u00e1gakban visszaes\u00e9s tapasztalhat\u00f3 a j\u00e1rv\u00e1ny hat\u00e1s\u00e1ra. Szakemberek szerint, ha le\u00e1llna a munkaer\u0151 felv\u00e9tele, az el\u0151re jelzett h\u00e1rom h\u00f3napos kies\u00e9s komoly munkaer\u0151hi\u00e1nyt eredm\u00e9nyezhet. A koronav\u00edrus j\u00e1rv\u00e1ny\u00fcgyi helyzetben a fizikai kontaktus elker\u00fcl\u00e9se miatt a szem\u00e9lyes interj\u00fak hely\u00e9t \u00e1tveszi az online munkaer\u0151-kiv\u00e1laszt\u00e1s, r\u00e1ad\u00e1sul ez hat\u00e9konys\u00e1gi szempontb\u00f3l is sz\u00e1mos","og:url":"https:\/\/allasorias.hu\/hirek\/nem-ajanljak-a-munkaero-toborzas-szunetelteteset\/","og:image":"https:\/\/allasorias.hu\/hirek\/wp-content\/uploads\/2020\/03\/webinar-4216601_640.jpg","og:image:secure_url":"https:\/\/allasorias.hu\/hirek\/wp-content\/uploads\/2020\/03\/webinar-4216601_640.jpg","og:image:width":640,"og:image:height":426,"article:published_time":"2020-03-18T07:40:07+00:00","article:modified_time":"2020-03-18T07:40:07+00:00","article:publisher":"https:\/\/www.facebook.com\/allasorias","twitter:card":"summary_large_image","twitter:title":"Nem aj\u00e1nlj\u00e1k a munkaer\u0151 toborz\u00e1s sz\u00fcneteltet\u00e9s\u00e9t | AllasOrias.hu | H\u00edrek-lapszemle","twitter:description":"Magyarorsz\u00e1gon a munkav\u00e1llal\u00f3k fluktu\u00e1ci\u00f3ja nagym\u00e9rt\u00e9k\u0171 annak ellen\u00e9re is, hogy egyes ipar\u00e1gakban visszaes\u00e9s tapasztalhat\u00f3 a j\u00e1rv\u00e1ny hat\u00e1s\u00e1ra. Szakemberek szerint, ha le\u00e1llna a munkaer\u0151 felv\u00e9tele, az el\u0151re jelzett h\u00e1rom h\u00f3napos kies\u00e9s komoly munkaer\u0151hi\u00e1nyt eredm\u00e9nyezhet. A koronav\u00edrus j\u00e1rv\u00e1ny\u00fcgyi helyzetben a fizikai kontaktus elker\u00fcl\u00e9se miatt a szem\u00e9lyes interj\u00fak hely\u00e9t \u00e1tveszi az online munkaer\u0151-kiv\u00e1laszt\u00e1s, r\u00e1ad\u00e1sul ez hat\u00e9konys\u00e1gi szempontb\u00f3l is sz\u00e1mos","twitter:image":"https:\/\/allasorias.hu\/hirek\/wp-content\/uploads\/2020\/03\/webinar-4216601_640.jpg","twitter:label1":"Written by","twitter:data1":"Juh\u00e1sz P\u00e9ter","twitter:label2":"Est. reading time","twitter:data2":"2 minutes"},"aioseo_meta_data":{"post_id":"3804","title":null,"description":null,"keywords":null,"keyphrases":null,"primary_term":null,"canonical_url":null,"og_title":null,"og_description":null,"og_object_type":"default","og_image_type":"default","og_image_url":null,"og_image_width":null,"og_image_height":null,"og_image_custom_url":null,"og_image_custom_fields":null,"og_video":null,"og_custom_url":null,"og_article_section":null,"og_article_tags":null,"twitter_use_og":false,"twitter_card":"default","twitter_image_type":"default","twitter_image_url":null,"twitter_image_custom_url":null,"twitter_image_custom_fields":null,"twitter_title":null,"twitter_description":null,"schema":{"blockGraphs":[],"customGraphs":[],"default":{"data":{"Article":[],"Course":[],"Dataset":[],"FAQPage":[],"Movie":[],"Person":[],"Product":[],"ProductReview":[],"Car":[],"Recipe":[],"Service":[],"SoftwareApplication":[],"WebPage":[]},"graphName":"","isEnabled":true},"graphs":[],"defaultGraph":"","defaultPostTypeGraph":""},"schema_type":null,"schema_type_options":null,"pillar_content":false,"robots_default":true,"robots_noindex":false,"robots_noarchive":false,"robots_nosnippet":false,"robots_nofollow":false,"robots_noimageindex":false,"robots_noodp":false,"robots_notranslate":false,"robots_max_snippet":null,"robots_max_videopreview":null,"robots_max_imagepreview":"large","priority":null,"frequency":null,"location":null,"local_seo":null,"breadcrumb_settings":null,"limit_modified_date":false,"ai":null,"created":"2021-02-01 21:31:47","updated":"2025-10-02 13:38:06","seo_analyzer_scan_date":null,"focus_keyword":null,"additional_keywords":null,"truseo_locale":null},"aioseo_breadcrumb":"<div class=\"aioseo-breadcrumbs\"><span class=\"aioseo-breadcrumb\">\n\t\t\t<a href=\"https:\/\/allasorias.hu\/hirek\" title=\"Home\">Home<\/a>\n\t\t<\/span><span class=\"aioseo-breadcrumb-separator\">&raquo;<\/span><span class=\"aioseo-breadcrumb\">\n\t\t\t<a href=\"https:\/\/allasorias.hu\/hirek\/temak\/allaskereses\/\" title=\"\u00c1ll\u00e1skeres\u00e9s\">\u00c1ll\u00e1skeres\u00e9s<\/a>\n\t\t<\/span><span class=\"aioseo-breadcrumb-separator\">&raquo;<\/span><span class=\"aioseo-breadcrumb\">\n\t\t\tNem aj\u00e1nlj\u00e1k a munkaer\u0151 toborz\u00e1s sz\u00fcneteltet\u00e9s\u00e9t\n\t\t<\/span><\/div>","aioseo_breadcrumb_json":[{"label":"Home","link":"https:\/\/allasorias.hu\/hirek"},{"label":"\u00c1ll\u00e1skeres\u00e9s","link":"https:\/\/allasorias.hu\/hirek\/temak\/allaskereses\/"},{"label":"Nem aj\u00e1nlj\u00e1k a munkaer\u0151 toborz\u00e1s sz\u00fcneteltet\u00e9s\u00e9t","link":"https:\/\/allasorias.hu\/hirek\/nem-ajanljak-a-munkaero-toborzas-szunetelteteset\/"}],"_links":{"self":[{"href":"https:\/\/allasorias.hu\/hirek\/wp-json\/wp\/v2\/posts\/3804","targetHints":{"allow":["GET"]}}],"collection":[{"href":"https:\/\/allasorias.hu\/hirek\/wp-json\/wp\/v2\/posts"}],"about":[{"href":"https:\/\/allasorias.hu\/hirek\/wp-json\/wp\/v2\/types\/post"}],"author":[{"embeddable":true,"href":"https:\/\/allasorias.hu\/hirek\/wp-json\/wp\/v2\/users\/1"}],"replies":[{"embeddable":true,"href":"https:\/\/allasorias.hu\/hirek\/wp-json\/wp\/v2\/comments?post=3804"}],"version-history":[{"count":1,"href":"https:\/\/allasorias.hu\/hirek\/wp-json\/wp\/v2\/posts\/3804\/revisions"}],"predecessor-version":[{"id":3806,"href":"https:\/\/allasorias.hu\/hirek\/wp-json\/wp\/v2\/posts\/3804\/revisions\/3806"}],"wp:featuredmedia":[{"embeddable":true,"href":"https:\/\/allasorias.hu\/hirek\/wp-json\/wp\/v2\/media\/3805"}],"wp:attachment":[{"href":"https:\/\/allasorias.hu\/hirek\/wp-json\/wp\/v2\/media?parent=3804"}],"wp:term":[{"taxonomy":"category","embeddable":true,"href":"https:\/\/allasorias.hu\/hirek\/wp-json\/wp\/v2\/categories?post=3804"},{"taxonomy":"post_tag","embeddable":true,"href":"https:\/\/allasorias.hu\/hirek\/wp-json\/wp\/v2\/tags?post=3804"}],"curies":[{"name":"wp","href":"https:\/\/api.w.org\/{rel}","templated":true}]}}