{"id":3802,"date":"2020-03-17T09:13:05","date_gmt":"2020-03-17T09:13:05","guid":{"rendered":"https:\/\/allasorias.hu\/hirek\/?p=3802"},"modified":"2020-03-17T09:13:05","modified_gmt":"2020-03-17T09:13:05","slug":"munkaerot-keresnek-a-boltok","status":"publish","type":"post","link":"https:\/\/allasorias.hu\/hirek\/munkaerot-keresnek-a-boltok\/","title":{"rendered":"Munkaer\u0151t keresnek a boltok"},"content":{"rendered":"<p><strong>T\u00f6bb kereskedelmi egys\u00e9gben jelent gondot a megn\u00f6vekedett v\u00e1s\u00e1rl\u00f3i forgalom. Nem tudj\u00e1k\u00a0 folyamatosan felt\u00f6lteni az \u00e1rukat. Megn\u00f6vekedett ugyanis ism\u00e9t a felv\u00e1s\u00e1rl\u00e1si l\u00e1z. Sok \u00e1ruh\u00e1z keres ideiglenes munkaer\u0151t, hogy enyh\u00edts\u00e9k a munkaer\u0151 hi\u00e1nyt. <\/strong><\/p>\n<p>A Tesco k\u00f6z\u00f6ss\u00e9gi oldal\u00e1n keresi az \u00faj munkaer\u0151t, ideiglenes seg\u00edts\u00e9get sz\u00e1mos poz\u00edci\u00f3ra.\u00a0 Az \u00e1ruh\u00e1zl\u00e1nc saj\u00e1t Facebook-oldal\u00e1n tette k\u00f6zz\u00e9 a felh\u00edv\u00e1st, miszerint ideiglenesen, rugalmas munkaid\u0151ben keresnek \u00faj koll\u00e9g\u00e1kat \u2013 \u00edrja a 24.hu. A koronav\u00edrus terjed\u00e9s\u00e9vel megn\u00f6vekedett a v\u00e1s\u00e1rl\u00e1s is, a rohamot pedig igyekszik az \u00e1ruh\u00e1zl\u00e1nc is \u00e1llni azzal, hogy megfelel\u0151 munkaer\u0151t biztos\u00edt a boltokban.<\/p>\n<p>Forr\u00e1s: nosalty.hu<\/p>\n","protected":false},"excerpt":{"rendered":"<p>T\u00f6bb kereskedelmi egys\u00e9gben jelent gondot a megn\u00f6vekedett v\u00e1s\u00e1rl\u00f3i forgalom. Nem tudj\u00e1k\u00a0 folyamatosan felt\u00f6lteni az \u00e1rukat. Megn\u00f6vekedett ugyanis ism\u00e9t a felv\u00e1s\u00e1rl\u00e1si l\u00e1z. Sok \u00e1ruh\u00e1z keres ideiglenes munkaer\u0151t, hogy enyh\u00edts\u00e9k a munkaer\u0151 hi\u00e1nyt. A Tesco k\u00f6z\u00f6ss\u00e9gi oldal\u00e1n keresi az \u00faj munkaer\u0151t, ideiglenes seg\u00edts\u00e9get sz\u00e1mos poz\u00edci\u00f3ra.\u00a0 Az \u00e1ruh\u00e1zl\u00e1nc saj\u00e1t Facebook-oldal\u00e1n tette k\u00f6zz\u00e9 a felh\u00edv\u00e1st, miszerint ideiglenesen, rugalmas munkaid\u0151ben [&hellip;]<\/p>\n","protected":false},"author":1,"featured_media":3099,"comment_status":"open","ping_status":"open","sticky":false,"template":"","format":"standard","meta":{"_monsterinsights_skip_tracking":false,"footnotes":""},"categories":[198,200],"tags":[],"class_list":["post-3802","post","type-post","status-publish","format-standard","has-post-thumbnail","hentry","category-gazdasag","category-munkaeropiac"],"aioseo_notices":[],"aioseo_head":"\n\t\t<!-- All in One SEO 5.0.0.1 - aioseo.com -->\n\t<meta name=\"description\" content=\"T\u00f6bb kereskedelmi egys\u00e9gben jelent gondot a megn\u00f6vekedett v\u00e1s\u00e1rl\u00f3i forgalom. Nem tudj\u00e1k folyamatosan felt\u00f6lteni az \u00e1rukat. Megn\u00f6vekedett ugyanis ism\u00e9t a felv\u00e1s\u00e1rl\u00e1si l\u00e1z. Sok \u00e1ruh\u00e1z keres ideiglenes munkaer\u0151t, hogy enyh\u00edts\u00e9k a munkaer\u0151 hi\u00e1nyt. A Tesco k\u00f6z\u00f6ss\u00e9gi oldal\u00e1n keresi az \u00faj munkaer\u0151t, ideiglenes seg\u00edts\u00e9get sz\u00e1mos poz\u00edci\u00f3ra. Az \u00e1ruh\u00e1zl\u00e1nc saj\u00e1t Facebook-oldal\u00e1n tette k\u00f6zz\u00e9 a felh\u00edv\u00e1st, miszerint ideiglenesen, rugalmas munkaid\u0151ben\" \/>\n\t<meta name=\"robots\" content=\"max-image-preview:large\" \/>\n\t<meta name=\"author\" content=\"Juh\u00e1sz P\u00e9ter\"\/>\n\t<link rel=\"canonical\" href=\"https:\/\/allasorias.hu\/hirek\/munkaerot-keresnek-a-boltok\/\" \/>\n\t<meta name=\"generator\" content=\"All in One SEO (AIOSEO) 5.0.0.1\" \/>\n\t\t<meta property=\"og:locale\" content=\"hu_HU\" \/>\n\t\t<meta property=\"og:site_name\" content=\"AllasOrias.hu | H\u00edrek-lapszemle | \u00dczleti h\u00edrek az \u00e1ll\u00e1s \u00e9s a munka vil\u00e1g\u00e1b\u00f3l\" \/>\n\t\t<meta property=\"og:type\" content=\"article\" \/>\n\t\t<meta property=\"og:title\" content=\"Munkaer\u0151t keresnek a boltok | AllasOrias.hu | H\u00edrek-lapszemle\" \/>\n\t\t<meta property=\"og:description\" content=\"T\u00f6bb kereskedelmi egys\u00e9gben jelent gondot a megn\u00f6vekedett v\u00e1s\u00e1rl\u00f3i forgalom. Nem tudj\u00e1k folyamatosan felt\u00f6lteni az \u00e1rukat. Megn\u00f6vekedett ugyanis ism\u00e9t a felv\u00e1s\u00e1rl\u00e1si l\u00e1z. Sok \u00e1ruh\u00e1z keres ideiglenes munkaer\u0151t, hogy enyh\u00edts\u00e9k a munkaer\u0151 hi\u00e1nyt. A Tesco k\u00f6z\u00f6ss\u00e9gi oldal\u00e1n keresi az \u00faj munkaer\u0151t, ideiglenes seg\u00edts\u00e9get sz\u00e1mos poz\u00edci\u00f3ra. Az \u00e1ruh\u00e1zl\u00e1nc saj\u00e1t Facebook-oldal\u00e1n tette k\u00f6zz\u00e9 a felh\u00edv\u00e1st, miszerint ideiglenesen, rugalmas munkaid\u0151ben\" \/>\n\t\t<meta property=\"og:url\" content=\"https:\/\/allasorias.hu\/hirek\/munkaerot-keresnek-a-boltok\/\" \/>\n\t\t<meta property=\"og:image\" content=\"https:\/\/allasorias.hu\/hirek\/wp-content\/uploads\/2019\/07\/shopping-cart-4007474_640.jpg\" \/>\n\t\t<meta property=\"og:image:secure_url\" content=\"https:\/\/allasorias.hu\/hirek\/wp-content\/uploads\/2019\/07\/shopping-cart-4007474_640.jpg\" \/>\n\t\t<meta property=\"og:image:width\" content=\"640\" \/>\n\t\t<meta property=\"og:image:height\" content=\"536\" \/>\n\t\t<meta property=\"article:published_time\" content=\"2020-03-17T09:13:05+00:00\" \/>\n\t\t<meta property=\"article:modified_time\" content=\"2020-03-17T09:13:05+00:00\" \/>\n\t\t<meta property=\"article:publisher\" content=\"https:\/\/www.facebook.com\/allasorias\" \/>\n\t\t<meta name=\"twitter:card\" content=\"summary_large_image\" \/>\n\t\t<meta name=\"twitter:title\" content=\"Munkaer\u0151t keresnek a boltok | AllasOrias.hu | H\u00edrek-lapszemle\" \/>\n\t\t<meta name=\"twitter:description\" content=\"T\u00f6bb kereskedelmi egys\u00e9gben jelent gondot a megn\u00f6vekedett v\u00e1s\u00e1rl\u00f3i forgalom. Nem tudj\u00e1k folyamatosan felt\u00f6lteni az \u00e1rukat. Megn\u00f6vekedett ugyanis ism\u00e9t a felv\u00e1s\u00e1rl\u00e1si l\u00e1z. Sok \u00e1ruh\u00e1z keres ideiglenes munkaer\u0151t, hogy enyh\u00edts\u00e9k a munkaer\u0151 hi\u00e1nyt. A Tesco k\u00f6z\u00f6ss\u00e9gi oldal\u00e1n keresi az \u00faj munkaer\u0151t, ideiglenes seg\u00edts\u00e9get sz\u00e1mos poz\u00edci\u00f3ra. Az \u00e1ruh\u00e1zl\u00e1nc saj\u00e1t Facebook-oldal\u00e1n tette k\u00f6zz\u00e9 a felh\u00edv\u00e1st, miszerint ideiglenesen, rugalmas munkaid\u0151ben\" \/>\n\t\t<meta name=\"twitter:image\" content=\"https:\/\/allasorias.hu\/hirek\/wp-content\/uploads\/2019\/07\/shopping-cart-4007474_640.jpg\" \/>\n\t\t<meta name=\"twitter:label1\" content=\"Written by\" \/>\n\t\t<meta name=\"twitter:data1\" content=\"Juh\u00e1sz P\u00e9ter\" \/>\n\t\t<meta name=\"twitter:label2\" content=\"Est. reading time\" \/>\n\t\t<meta name=\"twitter:data2\" content=\"1 minute\" \/>\n\t\t<script type=\"application\/ld+json\" class=\"aioseo-schema\">\n\t\t\t{\"@context\":\"https:\\\/\\\/schema.org\",\"@graph\":[{\"@type\":\"Article\",\"@id\":\"https:\\\/\\\/allasorias.hu\\\/hirek\\\/munkaerot-keresnek-a-boltok\\\/#article\",\"name\":\"Munkaer\\u0151t keresnek a boltok | AllasOrias.hu | H\\u00edrek-lapszemle\",\"headline\":\"Munkaer\\u0151t keresnek a boltok\",\"author\":{\"@id\":\"https:\\\/\\\/allasorias.hu\\\/hirek\\\/author\\\/admin-allasorias\\\/#author\"},\"publisher\":{\"@id\":\"https:\\\/\\\/allasorias.hu\\\/hirek\\\/#organization\"},\"image\":{\"@type\":\"ImageObject\",\"url\":\"https:\\\/\\\/allasorias.hu\\\/hirek\\\/wp-content\\\/uploads\\\/2019\\\/07\\\/shopping-cart-4007474_640.jpg\",\"width\":640,\"height\":536},\"datePublished\":\"2020-03-17T09:13:05+02:00\",\"dateModified\":\"2020-03-17T09:13:05+02:00\",\"inLanguage\":\"hu-HU\",\"commentCount\":1,\"mainEntityOfPage\":{\"@id\":\"https:\\\/\\\/allasorias.hu\\\/hirek\\\/munkaerot-keresnek-a-boltok\\\/#webpage\"},\"isPartOf\":{\"@id\":\"https:\\\/\\\/allasorias.hu\\\/hirek\\\/munkaerot-keresnek-a-boltok\\\/#webpage\"},\"articleSection\":\"Gazdas\\u00e1g, Munkaer\\u0151piac\"},{\"@type\":\"BreadcrumbList\",\"@id\":\"https:\\\/\\\/allasorias.hu\\\/hirek\\\/munkaerot-keresnek-a-boltok\\\/#breadcrumblist\",\"itemListElement\":[{\"@type\":\"ListItem\",\"@id\":\"https:\\\/\\\/allasorias.hu\\\/hirek#listItem\",\"position\":1,\"name\":\"Home\",\"item\":\"https:\\\/\\\/allasorias.hu\\\/hirek\",\"nextItem\":{\"@type\":\"ListItem\",\"@id\":\"https:\\\/\\\/allasorias.hu\\\/hirek\\\/temak\\\/gazdasag\\\/#listItem\",\"name\":\"Gazdas\\u00e1g\"}},{\"@type\":\"ListItem\",\"@id\":\"https:\\\/\\\/allasorias.hu\\\/hirek\\\/temak\\\/gazdasag\\\/#listItem\",\"position\":2,\"name\":\"Gazdas\\u00e1g\",\"item\":\"https:\\\/\\\/allasorias.hu\\\/hirek\\\/temak\\\/gazdasag\\\/\",\"nextItem\":{\"@type\":\"ListItem\",\"@id\":\"https:\\\/\\\/allasorias.hu\\\/hirek\\\/munkaerot-keresnek-a-boltok\\\/#listItem\",\"name\":\"Munkaer\\u0151t keresnek a boltok\"},\"previousItem\":{\"@type\":\"ListItem\",\"@id\":\"https:\\\/\\\/allasorias.hu\\\/hirek#listItem\",\"name\":\"Home\"}},{\"@type\":\"ListItem\",\"@id\":\"https:\\\/\\\/allasorias.hu\\\/hirek\\\/munkaerot-keresnek-a-boltok\\\/#listItem\",\"position\":3,\"name\":\"Munkaer\\u0151t keresnek a boltok\",\"previousItem\":{\"@type\":\"ListItem\",\"@id\":\"https:\\\/\\\/allasorias.hu\\\/hirek\\\/temak\\\/gazdasag\\\/#listItem\",\"name\":\"Gazdas\\u00e1g\"}}]},{\"@type\":\"Organization\",\"@id\":\"https:\\\/\\\/allasorias.hu\\\/hirek\\\/#organization\",\"name\":\"AllasOrias.hu | H\\u00edrek-lapszemle\",\"description\":\"\\u00dczleti h\\u00edrek az \\u00e1ll\\u00e1s \\u00e9s a munka vil\\u00e1g\\u00e1b\\u00f3l\",\"url\":\"https:\\\/\\\/allasorias.hu\\\/hirek\\\/\",\"logo\":{\"@type\":\"ImageObject\",\"url\":\"https:\\\/\\\/allasorias.hu\\\/hirek\\\/wp-content\\\/uploads\\\/2022\\\/10\\\/allasorias_site_facebok_logo.png\",\"@id\":\"https:\\\/\\\/allasorias.hu\\\/hirek\\\/munkaerot-keresnek-a-boltok\\\/#organizationLogo\"},\"image\":{\"@id\":\"https:\\\/\\\/allasorias.hu\\\/hirek\\\/munkaerot-keresnek-a-boltok\\\/#organizationLogo\"},\"sameAs\":[\"https:\\\/\\\/www.facebook.com\\\/allasorias\",\"https:\\\/\\\/www.linkedin.com\\\/company\\\/allasorias\"]},{\"@type\":\"Person\",\"@id\":\"https:\\\/\\\/allasorias.hu\\\/hirek\\\/author\\\/admin-allasorias\\\/#author\",\"url\":\"https:\\\/\\\/allasorias.hu\\\/hirek\\\/author\\\/admin-allasorias\\\/\",\"name\":\"Juh\\u00e1sz P\\u00e9ter\",\"image\":{\"@type\":\"ImageObject\",\"@id\":\"https:\\\/\\\/allasorias.hu\\\/hirek\\\/munkaerot-keresnek-a-boltok\\\/#authorImage\",\"url\":\"https:\\\/\\\/secure.gravatar.com\\\/avatar\\\/36e6bcb83148978b992977cb0f54d22feb0cce8a0a849a9410532bb2623ba4c6?s=96&d=mm&r=g\",\"width\":96,\"height\":96,\"caption\":\"Juh\\u00e1sz P\\u00e9ter\"}},{\"@type\":\"WebPage\",\"@id\":\"https:\\\/\\\/allasorias.hu\\\/hirek\\\/munkaerot-keresnek-a-boltok\\\/#webpage\",\"url\":\"https:\\\/\\\/allasorias.hu\\\/hirek\\\/munkaerot-keresnek-a-boltok\\\/\",\"name\":\"Munkaer\\u0151t keresnek a boltok | AllasOrias.hu | H\\u00edrek-lapszemle\",\"description\":\"T\\u00f6bb kereskedelmi egys\\u00e9gben jelent gondot a megn\\u00f6vekedett v\\u00e1s\\u00e1rl\\u00f3i forgalom. Nem tudj\\u00e1k folyamatosan felt\\u00f6lteni az \\u00e1rukat. Megn\\u00f6vekedett ugyanis ism\\u00e9t a felv\\u00e1s\\u00e1rl\\u00e1si l\\u00e1z. Sok \\u00e1ruh\\u00e1z keres ideiglenes munkaer\\u0151t, hogy enyh\\u00edts\\u00e9k a munkaer\\u0151 hi\\u00e1nyt. A Tesco k\\u00f6z\\u00f6ss\\u00e9gi oldal\\u00e1n keresi az \\u00faj munkaer\\u0151t, ideiglenes seg\\u00edts\\u00e9get sz\\u00e1mos poz\\u00edci\\u00f3ra. Az \\u00e1ruh\\u00e1zl\\u00e1nc saj\\u00e1t Facebook-oldal\\u00e1n tette k\\u00f6zz\\u00e9 a felh\\u00edv\\u00e1st, miszerint ideiglenesen, rugalmas munkaid\\u0151ben\",\"inLanguage\":\"hu-HU\",\"isPartOf\":{\"@id\":\"https:\\\/\\\/allasorias.hu\\\/hirek\\\/#website\"},\"breadcrumb\":{\"@id\":\"https:\\\/\\\/allasorias.hu\\\/hirek\\\/munkaerot-keresnek-a-boltok\\\/#breadcrumblist\"},\"author\":{\"@id\":\"https:\\\/\\\/allasorias.hu\\\/hirek\\\/author\\\/admin-allasorias\\\/#author\"},\"creator\":{\"@id\":\"https:\\\/\\\/allasorias.hu\\\/hirek\\\/author\\\/admin-allasorias\\\/#author\"},\"image\":{\"@type\":\"ImageObject\",\"url\":\"https:\\\/\\\/allasorias.hu\\\/hirek\\\/wp-content\\\/uploads\\\/2019\\\/07\\\/shopping-cart-4007474_640.jpg\",\"@id\":\"https:\\\/\\\/allasorias.hu\\\/hirek\\\/munkaerot-keresnek-a-boltok\\\/#mainImage\",\"width\":640,\"height\":536},\"primaryImageOfPage\":{\"@id\":\"https:\\\/\\\/allasorias.hu\\\/hirek\\\/munkaerot-keresnek-a-boltok\\\/#mainImage\"},\"datePublished\":\"2020-03-17T09:13:05+02:00\",\"dateModified\":\"2020-03-17T09:13:05+02:00\"},{\"@type\":\"WebSite\",\"@id\":\"https:\\\/\\\/allasorias.hu\\\/hirek\\\/#website\",\"url\":\"https:\\\/\\\/allasorias.hu\\\/hirek\\\/\",\"name\":\"AllasOrias.hu | H\\u00edrek-lapszemle\",\"description\":\"\\u00dczleti h\\u00edrek az \\u00e1ll\\u00e1s \\u00e9s a munka vil\\u00e1g\\u00e1b\\u00f3l\",\"inLanguage\":\"hu-HU\",\"publisher\":{\"@id\":\"https:\\\/\\\/allasorias.hu\\\/hirek\\\/#organization\"}}]}\n\t\t<\/script>\n\t\t<!-- All in One SEO -->\n\n","aioseo_head_json":{"title":"Munkaer\u0151t keresnek a boltok | AllasOrias.hu | H\u00edrek-lapszemle","description":"T\u00f6bb kereskedelmi egys\u00e9gben jelent gondot a megn\u00f6vekedett v\u00e1s\u00e1rl\u00f3i forgalom. Nem tudj\u00e1k folyamatosan felt\u00f6lteni az \u00e1rukat. Megn\u00f6vekedett ugyanis ism\u00e9t a felv\u00e1s\u00e1rl\u00e1si l\u00e1z. Sok \u00e1ruh\u00e1z keres ideiglenes munkaer\u0151t, hogy enyh\u00edts\u00e9k a munkaer\u0151 hi\u00e1nyt. A Tesco k\u00f6z\u00f6ss\u00e9gi oldal\u00e1n keresi az \u00faj munkaer\u0151t, ideiglenes seg\u00edts\u00e9get sz\u00e1mos poz\u00edci\u00f3ra. Az \u00e1ruh\u00e1zl\u00e1nc saj\u00e1t Facebook-oldal\u00e1n tette k\u00f6zz\u00e9 a felh\u00edv\u00e1st, miszerint ideiglenesen, rugalmas munkaid\u0151ben","canonical_url":"https:\/\/allasorias.hu\/hirek\/munkaerot-keresnek-a-boltok\/","robots":"max-image-preview:large","keywords":"","webmasterTools":{"miscellaneous":""},"schema":{"@context":"https:\/\/schema.org","@graph":[{"@type":"Article","@id":"https:\/\/allasorias.hu\/hirek\/munkaerot-keresnek-a-boltok\/#article","name":"Munkaer\u0151t keresnek a boltok | AllasOrias.hu | H\u00edrek-lapszemle","headline":"Munkaer\u0151t keresnek a boltok","author":{"@id":"https:\/\/allasorias.hu\/hirek\/author\/admin-allasorias\/#author"},"publisher":{"@id":"https:\/\/allasorias.hu\/hirek\/#organization"},"image":{"@type":"ImageObject","url":"https:\/\/allasorias.hu\/hirek\/wp-content\/uploads\/2019\/07\/shopping-cart-4007474_640.jpg","width":640,"height":536},"datePublished":"2020-03-17T09:13:05+02:00","dateModified":"2020-03-17T09:13:05+02:00","inLanguage":"hu-HU","commentCount":1,"mainEntityOfPage":{"@id":"https:\/\/allasorias.hu\/hirek\/munkaerot-keresnek-a-boltok\/#webpage"},"isPartOf":{"@id":"https:\/\/allasorias.hu\/hirek\/munkaerot-keresnek-a-boltok\/#webpage"},"articleSection":"Gazdas\u00e1g, Munkaer\u0151piac"},{"@type":"BreadcrumbList","@id":"https:\/\/allasorias.hu\/hirek\/munkaerot-keresnek-a-boltok\/#breadcrumblist","itemListElement":[{"@type":"ListItem","@id":"https:\/\/allasorias.hu\/hirek#listItem","position":1,"name":"Home","item":"https:\/\/allasorias.hu\/hirek","nextItem":{"@type":"ListItem","@id":"https:\/\/allasorias.hu\/hirek\/temak\/gazdasag\/#listItem","name":"Gazdas\u00e1g"}},{"@type":"ListItem","@id":"https:\/\/allasorias.hu\/hirek\/temak\/gazdasag\/#listItem","position":2,"name":"Gazdas\u00e1g","item":"https:\/\/allasorias.hu\/hirek\/temak\/gazdasag\/","nextItem":{"@type":"ListItem","@id":"https:\/\/allasorias.hu\/hirek\/munkaerot-keresnek-a-boltok\/#listItem","name":"Munkaer\u0151t keresnek a boltok"},"previousItem":{"@type":"ListItem","@id":"https:\/\/allasorias.hu\/hirek#listItem","name":"Home"}},{"@type":"ListItem","@id":"https:\/\/allasorias.hu\/hirek\/munkaerot-keresnek-a-boltok\/#listItem","position":3,"name":"Munkaer\u0151t keresnek a boltok","previousItem":{"@type":"ListItem","@id":"https:\/\/allasorias.hu\/hirek\/temak\/gazdasag\/#listItem","name":"Gazdas\u00e1g"}}]},{"@type":"Organization","@id":"https:\/\/allasorias.hu\/hirek\/#organization","name":"AllasOrias.hu | H\u00edrek-lapszemle","description":"\u00dczleti h\u00edrek az \u00e1ll\u00e1s \u00e9s a munka vil\u00e1g\u00e1b\u00f3l","url":"https:\/\/allasorias.hu\/hirek\/","logo":{"@type":"ImageObject","url":"https:\/\/allasorias.hu\/hirek\/wp-content\/uploads\/2022\/10\/allasorias_site_facebok_logo.png","@id":"https:\/\/allasorias.hu\/hirek\/munkaerot-keresnek-a-boltok\/#organizationLogo"},"image":{"@id":"https:\/\/allasorias.hu\/hirek\/munkaerot-keresnek-a-boltok\/#organizationLogo"},"sameAs":["https:\/\/www.facebook.com\/allasorias","https:\/\/www.linkedin.com\/company\/allasorias"]},{"@type":"Person","@id":"https:\/\/allasorias.hu\/hirek\/author\/admin-allasorias\/#author","url":"https:\/\/allasorias.hu\/hirek\/author\/admin-allasorias\/","name":"Juh\u00e1sz P\u00e9ter","image":{"@type":"ImageObject","@id":"https:\/\/allasorias.hu\/hirek\/munkaerot-keresnek-a-boltok\/#authorImage","url":"https:\/\/secure.gravatar.com\/avatar\/36e6bcb83148978b992977cb0f54d22feb0cce8a0a849a9410532bb2623ba4c6?s=96&d=mm&r=g","width":96,"height":96,"caption":"Juh\u00e1sz P\u00e9ter"}},{"@type":"WebPage","@id":"https:\/\/allasorias.hu\/hirek\/munkaerot-keresnek-a-boltok\/#webpage","url":"https:\/\/allasorias.hu\/hirek\/munkaerot-keresnek-a-boltok\/","name":"Munkaer\u0151t keresnek a boltok | AllasOrias.hu | H\u00edrek-lapszemle","description":"T\u00f6bb kereskedelmi egys\u00e9gben jelent gondot a megn\u00f6vekedett v\u00e1s\u00e1rl\u00f3i forgalom. Nem tudj\u00e1k folyamatosan felt\u00f6lteni az \u00e1rukat. Megn\u00f6vekedett ugyanis ism\u00e9t a felv\u00e1s\u00e1rl\u00e1si l\u00e1z. Sok \u00e1ruh\u00e1z keres ideiglenes munkaer\u0151t, hogy enyh\u00edts\u00e9k a munkaer\u0151 hi\u00e1nyt. A Tesco k\u00f6z\u00f6ss\u00e9gi oldal\u00e1n keresi az \u00faj munkaer\u0151t, ideiglenes seg\u00edts\u00e9get sz\u00e1mos poz\u00edci\u00f3ra. Az \u00e1ruh\u00e1zl\u00e1nc saj\u00e1t Facebook-oldal\u00e1n tette k\u00f6zz\u00e9 a felh\u00edv\u00e1st, miszerint ideiglenesen, rugalmas munkaid\u0151ben","inLanguage":"hu-HU","isPartOf":{"@id":"https:\/\/allasorias.hu\/hirek\/#website"},"breadcrumb":{"@id":"https:\/\/allasorias.hu\/hirek\/munkaerot-keresnek-a-boltok\/#breadcrumblist"},"author":{"@id":"https:\/\/allasorias.hu\/hirek\/author\/admin-allasorias\/#author"},"creator":{"@id":"https:\/\/allasorias.hu\/hirek\/author\/admin-allasorias\/#author"},"image":{"@type":"ImageObject","url":"https:\/\/allasorias.hu\/hirek\/wp-content\/uploads\/2019\/07\/shopping-cart-4007474_640.jpg","@id":"https:\/\/allasorias.hu\/hirek\/munkaerot-keresnek-a-boltok\/#mainImage","width":640,"height":536},"primaryImageOfPage":{"@id":"https:\/\/allasorias.hu\/hirek\/munkaerot-keresnek-a-boltok\/#mainImage"},"datePublished":"2020-03-17T09:13:05+02:00","dateModified":"2020-03-17T09:13:05+02:00"},{"@type":"WebSite","@id":"https:\/\/allasorias.hu\/hirek\/#website","url":"https:\/\/allasorias.hu\/hirek\/","name":"AllasOrias.hu | H\u00edrek-lapszemle","description":"\u00dczleti h\u00edrek az \u00e1ll\u00e1s \u00e9s a munka vil\u00e1g\u00e1b\u00f3l","inLanguage":"hu-HU","publisher":{"@id":"https:\/\/allasorias.hu\/hirek\/#organization"}}]},"og:locale":"hu_HU","og:site_name":"AllasOrias.hu | H\u00edrek-lapszemle | \u00dczleti h\u00edrek az \u00e1ll\u00e1s \u00e9s a munka vil\u00e1g\u00e1b\u00f3l","og:type":"article","og:title":"Munkaer\u0151t keresnek a boltok | AllasOrias.hu | H\u00edrek-lapszemle","og:description":"T\u00f6bb kereskedelmi egys\u00e9gben jelent gondot a megn\u00f6vekedett v\u00e1s\u00e1rl\u00f3i forgalom. Nem tudj\u00e1k folyamatosan felt\u00f6lteni az \u00e1rukat. Megn\u00f6vekedett ugyanis ism\u00e9t a felv\u00e1s\u00e1rl\u00e1si l\u00e1z. Sok \u00e1ruh\u00e1z keres ideiglenes munkaer\u0151t, hogy enyh\u00edts\u00e9k a munkaer\u0151 hi\u00e1nyt. A Tesco k\u00f6z\u00f6ss\u00e9gi oldal\u00e1n keresi az \u00faj munkaer\u0151t, ideiglenes seg\u00edts\u00e9get sz\u00e1mos poz\u00edci\u00f3ra. Az \u00e1ruh\u00e1zl\u00e1nc saj\u00e1t Facebook-oldal\u00e1n tette k\u00f6zz\u00e9 a felh\u00edv\u00e1st, miszerint ideiglenesen, rugalmas munkaid\u0151ben","og:url":"https:\/\/allasorias.hu\/hirek\/munkaerot-keresnek-a-boltok\/","og:image":"https:\/\/allasorias.hu\/hirek\/wp-content\/uploads\/2019\/07\/shopping-cart-4007474_640.jpg","og:image:secure_url":"https:\/\/allasorias.hu\/hirek\/wp-content\/uploads\/2019\/07\/shopping-cart-4007474_640.jpg","og:image:width":640,"og:image:height":536,"article:published_time":"2020-03-17T09:13:05+00:00","article:modified_time":"2020-03-17T09:13:05+00:00","article:publisher":"https:\/\/www.facebook.com\/allasorias","twitter:card":"summary_large_image","twitter:title":"Munkaer\u0151t keresnek a boltok | AllasOrias.hu | H\u00edrek-lapszemle","twitter:description":"T\u00f6bb kereskedelmi egys\u00e9gben jelent gondot a megn\u00f6vekedett v\u00e1s\u00e1rl\u00f3i forgalom. Nem tudj\u00e1k folyamatosan felt\u00f6lteni az \u00e1rukat. Megn\u00f6vekedett ugyanis ism\u00e9t a felv\u00e1s\u00e1rl\u00e1si l\u00e1z. Sok \u00e1ruh\u00e1z keres ideiglenes munkaer\u0151t, hogy enyh\u00edts\u00e9k a munkaer\u0151 hi\u00e1nyt. A Tesco k\u00f6z\u00f6ss\u00e9gi oldal\u00e1n keresi az \u00faj munkaer\u0151t, ideiglenes seg\u00edts\u00e9get sz\u00e1mos poz\u00edci\u00f3ra. Az \u00e1ruh\u00e1zl\u00e1nc saj\u00e1t Facebook-oldal\u00e1n tette k\u00f6zz\u00e9 a felh\u00edv\u00e1st, miszerint ideiglenesen, rugalmas munkaid\u0151ben","twitter:image":"https:\/\/allasorias.hu\/hirek\/wp-content\/uploads\/2019\/07\/shopping-cart-4007474_640.jpg","twitter:label1":"Written by","twitter:data1":"Juh\u00e1sz P\u00e9ter","twitter:label2":"Est. reading time","twitter:data2":"1 minute"},"aioseo_meta_data":{"post_id":"3802","title":null,"description":null,"keywords":null,"keyphrases":null,"primary_term":null,"canonical_url":null,"og_title":null,"og_description":null,"og_object_type":"default","og_image_type":"default","og_image_url":null,"og_image_width":null,"og_image_height":null,"og_image_custom_url":null,"og_image_custom_fields":null,"og_video":null,"og_custom_url":null,"og_article_section":null,"og_article_tags":null,"twitter_use_og":false,"twitter_card":"default","twitter_image_type":"default","twitter_image_url":null,"twitter_image_custom_url":null,"twitter_image_custom_fields":null,"twitter_title":null,"twitter_description":null,"schema":{"blockGraphs":[],"customGraphs":[],"default":{"data":{"Article":[],"Course":[],"Dataset":[],"FAQPage":[],"Movie":[],"Person":[],"Product":[],"ProductReview":[],"Car":[],"Recipe":[],"Service":[],"SoftwareApplication":[],"WebPage":[]},"graphName":"","isEnabled":true},"graphs":[],"defaultGraph":"","defaultPostTypeGraph":""},"schema_type":null,"schema_type_options":null,"pillar_content":false,"robots_default":true,"robots_noindex":false,"robots_noarchive":false,"robots_nosnippet":false,"robots_nofollow":false,"robots_noimageindex":false,"robots_noodp":false,"robots_notranslate":false,"robots_max_snippet":null,"robots_max_videopreview":null,"robots_max_imagepreview":"large","priority":null,"frequency":null,"location":null,"local_seo":null,"breadcrumb_settings":null,"limit_modified_date":false,"ai":null,"created":"2021-02-01 21:57:19","updated":"2025-10-02 13:38:06","seo_analyzer_scan_date":null,"focus_keyword":null,"additional_keywords":null,"truseo_locale":null},"aioseo_breadcrumb":"<div class=\"aioseo-breadcrumbs\"><span class=\"aioseo-breadcrumb\">\n\t\t\t<a href=\"https:\/\/allasorias.hu\/hirek\" title=\"Home\">Home<\/a>\n\t\t<\/span><span class=\"aioseo-breadcrumb-separator\">&raquo;<\/span><span class=\"aioseo-breadcrumb\">\n\t\t\t<a href=\"https:\/\/allasorias.hu\/hirek\/temak\/gazdasag\/\" title=\"Gazdas\u00e1g\">Gazdas\u00e1g<\/a>\n\t\t<\/span><span class=\"aioseo-breadcrumb-separator\">&raquo;<\/span><span class=\"aioseo-breadcrumb\">\n\t\t\tMunkaer\u0151t keresnek a boltok\n\t\t<\/span><\/div>","aioseo_breadcrumb_json":[{"label":"Home","link":"https:\/\/allasorias.hu\/hirek"},{"label":"Gazdas\u00e1g","link":"https:\/\/allasorias.hu\/hirek\/temak\/gazdasag\/"},{"label":"Munkaer\u0151t keresnek a boltok","link":"https:\/\/allasorias.hu\/hirek\/munkaerot-keresnek-a-boltok\/"}],"_links":{"self":[{"href":"https:\/\/allasorias.hu\/hirek\/wp-json\/wp\/v2\/posts\/3802","targetHints":{"allow":["GET"]}}],"collection":[{"href":"https:\/\/allasorias.hu\/hirek\/wp-json\/wp\/v2\/posts"}],"about":[{"href":"https:\/\/allasorias.hu\/hirek\/wp-json\/wp\/v2\/types\/post"}],"author":[{"embeddable":true,"href":"https:\/\/allasorias.hu\/hirek\/wp-json\/wp\/v2\/users\/1"}],"replies":[{"embeddable":true,"href":"https:\/\/allasorias.hu\/hirek\/wp-json\/wp\/v2\/comments?post=3802"}],"version-history":[{"count":1,"href":"https:\/\/allasorias.hu\/hirek\/wp-json\/wp\/v2\/posts\/3802\/revisions"}],"predecessor-version":[{"id":3803,"href":"https:\/\/allasorias.hu\/hirek\/wp-json\/wp\/v2\/posts\/3802\/revisions\/3803"}],"wp:featuredmedia":[{"embeddable":true,"href":"https:\/\/allasorias.hu\/hirek\/wp-json\/wp\/v2\/media\/3099"}],"wp:attachment":[{"href":"https:\/\/allasorias.hu\/hirek\/wp-json\/wp\/v2\/media?parent=3802"}],"wp:term":[{"taxonomy":"category","embeddable":true,"href":"https:\/\/allasorias.hu\/hirek\/wp-json\/wp\/v2\/categories?post=3802"},{"taxonomy":"post_tag","embeddable":true,"href":"https:\/\/allasorias.hu\/hirek\/wp-json\/wp\/v2\/tags?post=3802"}],"curies":[{"name":"wp","href":"https:\/\/api.w.org\/{rel}","templated":true}]}}