{"id":3799,"date":"2020-03-17T09:11:25","date_gmt":"2020-03-17T09:11:25","guid":{"rendered":"https:\/\/allasorias.hu\/hirek\/?p=3799"},"modified":"2020-03-17T09:11:25","modified_gmt":"2020-03-17T09:11:25","slug":"segitseget-nyujt-a-szinhaz-az-idoseknek-a-jarvany-ideje-alatt","status":"publish","type":"post","link":"https:\/\/allasorias.hu\/hirek\/segitseget-nyujt-a-szinhaz-az-idoseknek-a-jarvany-ideje-alatt\/","title":{"rendered":"Seg\u00edts\u00e9get ny\u00fajt a sz\u00ednh\u00e1z az id\u0151seknek a j\u00e1rv\u00e1ny ideje alatt"},"content":{"rendered":"<p><strong>Az id\u0151seket szeretn\u00e9 seg\u00edteni a \u00a0kaposv\u00e1ri Csiky Gergely Sz\u00ednh\u00e1z. A munkat\u00e1rsaik \u00a0a sz\u00ednh\u00e1zbez\u00e1r\u00e1sok idej\u00e9n szabadd\u00e1 v\u00e1l\u00f3 munkaer\u0151vel, eszk\u00f6z\u00f6kkel, p\u00e9ld\u00e1ul g\u00e9pkocsik haszn\u00e1lat\u00e1val seg\u00edtik a koronav\u00edrus-j\u00e1rv\u00e1ny miatt vesz\u00e9lyeztetett id\u0151s embereket.<\/strong><\/p>\n<p>Seg\u00edtenek a bev\u00e1s\u00e1rl\u00e1sban, gyermekfel\u00fcgyeletet v\u00e1llalnak, gy\u00f3gyszereket szereznek be. \u201eLegnagyobb, leger\u0151sebb er\u0151forr\u00e1sunk maguk az emberek, \u00e9s kultur\u00e1lis ter\u00fcleten sok potenci\u00e1lisan szabad munkaer\u0151 csoportos\u00edthat\u00f3 \u00e1t oda, ahov\u00e1 sz\u00fcks\u00e9ges. Nem hagyhatjuk figyelmen k\u00edv\u00fcl az emberi pszich\u00e9t, mely akkor a leger\u0151sebb, ha hasznos, seg\u00edt\u0151 eleme a t\u00e1rsadalomnak\u201d \u2013 mondta dr. F\u00fcl\u00f6p P\u00e9ter m\u0171v\u00e9szeti, k\u00f6zm\u0171vel\u0151d\u00e9si \u00e9s k\u00f6zgy\u0171jtem\u00e9nyi \u00fcgyek\u00e9rt felel\u0151s helyettes \u00e1llamtitk\u00e1r, a Csiky Gergely Sz\u00ednh\u00e1z igazgat\u00f3ja. A kaposv\u00e1ri te\u00e1trum \u00f6tlet\u00e9t az Emberi Er\u0151forr\u00e1sok Miniszt\u00e9riuma t\u00e1mogatja, \u00e9s hasonl\u00f3 \u00f6sszefog\u00e1sra \u00f6szt\u00f6n\u00f6z minden el\u0151ad\u00f3-m\u0171v\u00e9szeti int\u00e9zm\u00e9nyt. A t\u00e1rca k\u00e9ri az int\u00e9zm\u00e9nyvezet\u0151ket, el\u0151ad\u00f3m\u0171v\u00e9szeket, szakembereket, hogy csatlakozzanak e nemes kezdem\u00e9nyez\u00e9shez. Fogjon \u00f6ssze az el\u0151ad\u00f3-m\u0171v\u00e9szet a v\u00e9szhelyzet elh\u00e1r\u00edt\u00e1s\u00e1ban! \u2013 hangs\u00falyozz\u00e1k k\u00f6zlem\u00e9ny\u00fckben.<\/p>\n<p>Forr\u00e1s: 888.hu<\/p>\n","protected":false},"excerpt":{"rendered":"<p>Az id\u0151seket szeretn\u00e9 seg\u00edteni a \u00a0kaposv\u00e1ri Csiky Gergely Sz\u00ednh\u00e1z. A munkat\u00e1rsaik \u00a0a sz\u00ednh\u00e1zbez\u00e1r\u00e1sok idej\u00e9n szabadd\u00e1 v\u00e1l\u00f3 munkaer\u0151vel, eszk\u00f6z\u00f6kkel, p\u00e9ld\u00e1ul g\u00e9pkocsik haszn\u00e1lat\u00e1val seg\u00edtik a koronav\u00edrus-j\u00e1rv\u00e1ny miatt vesz\u00e9lyeztetett id\u0151s embereket. Seg\u00edtenek a bev\u00e1s\u00e1rl\u00e1sban, gyermekfel\u00fcgyeletet v\u00e1llalnak, gy\u00f3gyszereket szereznek be. \u201eLegnagyobb, leger\u0151sebb er\u0151forr\u00e1sunk maguk az emberek, \u00e9s kultur\u00e1lis ter\u00fcleten sok potenci\u00e1lisan szabad munkaer\u0151 csoportos\u00edthat\u00f3 \u00e1t oda, ahov\u00e1 sz\u00fcks\u00e9ges. Nem [&hellip;]<\/p>\n","protected":false},"author":1,"featured_media":3800,"comment_status":"open","ping_status":"open","sticky":false,"template":"","format":"standard","meta":{"_monsterinsights_skip_tracking":false,"footnotes":""},"categories":[198],"tags":[],"class_list":["post-3799","post","type-post","status-publish","format-standard","has-post-thumbnail","hentry","category-gazdasag"],"aioseo_notices":[],"aioseo_head":"\n\t\t<!-- All in One SEO 5.0.0.1 - aioseo.com -->\n\t<meta name=\"description\" content=\"Az id\u0151seket szeretn\u00e9 seg\u00edteni a kaposv\u00e1ri Csiky Gergely Sz\u00ednh\u00e1z. A munkat\u00e1rsaik a sz\u00ednh\u00e1zbez\u00e1r\u00e1sok idej\u00e9n szabadd\u00e1 v\u00e1l\u00f3 munkaer\u0151vel, eszk\u00f6z\u00f6kkel, p\u00e9ld\u00e1ul g\u00e9pkocsik haszn\u00e1lat\u00e1val seg\u00edtik a koronav\u00edrus-j\u00e1rv\u00e1ny miatt vesz\u00e9lyeztetett id\u0151s embereket. Seg\u00edtenek a bev\u00e1s\u00e1rl\u00e1sban, gyermekfel\u00fcgyeletet v\u00e1llalnak, gy\u00f3gyszereket szereznek be. \u201eLegnagyobb, leger\u0151sebb er\u0151forr\u00e1sunk maguk az emberek, \u00e9s kultur\u00e1lis ter\u00fcleten sok potenci\u00e1lisan szabad munkaer\u0151 csoportos\u00edthat\u00f3 \u00e1t oda, ahov\u00e1 sz\u00fcks\u00e9ges. Nem\" \/>\n\t<meta name=\"robots\" content=\"max-image-preview:large\" \/>\n\t<meta name=\"author\" content=\"Juh\u00e1sz P\u00e9ter\"\/>\n\t<link rel=\"canonical\" href=\"https:\/\/allasorias.hu\/hirek\/segitseget-nyujt-a-szinhaz-az-idoseknek-a-jarvany-ideje-alatt\/\" \/>\n\t<meta name=\"generator\" content=\"All in One SEO (AIOSEO) 5.0.0.1\" \/>\n\t\t<meta property=\"og:locale\" content=\"hu_HU\" \/>\n\t\t<meta property=\"og:site_name\" content=\"AllasOrias.hu | H\u00edrek-lapszemle | \u00dczleti h\u00edrek az \u00e1ll\u00e1s \u00e9s a munka vil\u00e1g\u00e1b\u00f3l\" \/>\n\t\t<meta property=\"og:type\" content=\"article\" \/>\n\t\t<meta property=\"og:title\" content=\"Seg\u00edts\u00e9get ny\u00fajt a sz\u00ednh\u00e1z az id\u0151seknek a j\u00e1rv\u00e1ny ideje alatt | AllasOrias.hu | H\u00edrek-lapszemle\" \/>\n\t\t<meta property=\"og:description\" content=\"Az id\u0151seket szeretn\u00e9 seg\u00edteni a kaposv\u00e1ri Csiky Gergely Sz\u00ednh\u00e1z. A munkat\u00e1rsaik a sz\u00ednh\u00e1zbez\u00e1r\u00e1sok idej\u00e9n szabadd\u00e1 v\u00e1l\u00f3 munkaer\u0151vel, eszk\u00f6z\u00f6kkel, p\u00e9ld\u00e1ul g\u00e9pkocsik haszn\u00e1lat\u00e1val seg\u00edtik a koronav\u00edrus-j\u00e1rv\u00e1ny miatt vesz\u00e9lyeztetett id\u0151s embereket. Seg\u00edtenek a bev\u00e1s\u00e1rl\u00e1sban, gyermekfel\u00fcgyeletet v\u00e1llalnak, gy\u00f3gyszereket szereznek be. \u201eLegnagyobb, leger\u0151sebb er\u0151forr\u00e1sunk maguk az emberek, \u00e9s kultur\u00e1lis ter\u00fcleten sok potenci\u00e1lisan szabad munkaer\u0151 csoportos\u00edthat\u00f3 \u00e1t oda, ahov\u00e1 sz\u00fcks\u00e9ges. Nem\" \/>\n\t\t<meta property=\"og:url\" content=\"https:\/\/allasorias.hu\/hirek\/segitseget-nyujt-a-szinhaz-az-idoseknek-a-jarvany-ideje-alatt\/\" \/>\n\t\t<meta property=\"og:image\" content=\"https:\/\/allasorias.hu\/hirek\/wp-content\/uploads\/2020\/03\/hands-2906458_640.jpg\" \/>\n\t\t<meta property=\"og:image:secure_url\" content=\"https:\/\/allasorias.hu\/hirek\/wp-content\/uploads\/2020\/03\/hands-2906458_640.jpg\" \/>\n\t\t<meta property=\"og:image:width\" content=\"640\" \/>\n\t\t<meta property=\"og:image:height\" content=\"426\" \/>\n\t\t<meta property=\"article:published_time\" content=\"2020-03-17T09:11:25+00:00\" \/>\n\t\t<meta property=\"article:modified_time\" content=\"2020-03-17T09:11:25+00:00\" \/>\n\t\t<meta property=\"article:publisher\" content=\"https:\/\/www.facebook.com\/allasorias\" \/>\n\t\t<meta name=\"twitter:card\" content=\"summary_large_image\" \/>\n\t\t<meta name=\"twitter:title\" content=\"Seg\u00edts\u00e9get ny\u00fajt a sz\u00ednh\u00e1z az id\u0151seknek a j\u00e1rv\u00e1ny ideje alatt | AllasOrias.hu | H\u00edrek-lapszemle\" \/>\n\t\t<meta name=\"twitter:description\" content=\"Az id\u0151seket szeretn\u00e9 seg\u00edteni a kaposv\u00e1ri Csiky Gergely Sz\u00ednh\u00e1z. A munkat\u00e1rsaik a sz\u00ednh\u00e1zbez\u00e1r\u00e1sok idej\u00e9n szabadd\u00e1 v\u00e1l\u00f3 munkaer\u0151vel, eszk\u00f6z\u00f6kkel, p\u00e9ld\u00e1ul g\u00e9pkocsik haszn\u00e1lat\u00e1val seg\u00edtik a koronav\u00edrus-j\u00e1rv\u00e1ny miatt vesz\u00e9lyeztetett id\u0151s embereket. Seg\u00edtenek a bev\u00e1s\u00e1rl\u00e1sban, gyermekfel\u00fcgyeletet v\u00e1llalnak, gy\u00f3gyszereket szereznek be. \u201eLegnagyobb, leger\u0151sebb er\u0151forr\u00e1sunk maguk az emberek, \u00e9s kultur\u00e1lis ter\u00fcleten sok potenci\u00e1lisan szabad munkaer\u0151 csoportos\u00edthat\u00f3 \u00e1t oda, ahov\u00e1 sz\u00fcks\u00e9ges. Nem\" \/>\n\t\t<meta name=\"twitter:image\" content=\"https:\/\/allasorias.hu\/hirek\/wp-content\/uploads\/2020\/03\/hands-2906458_640.jpg\" \/>\n\t\t<meta name=\"twitter:label1\" content=\"Written by\" \/>\n\t\t<meta name=\"twitter:data1\" content=\"Juh\u00e1sz P\u00e9ter\" \/>\n\t\t<meta name=\"twitter:label2\" content=\"Est. reading time\" \/>\n\t\t<meta name=\"twitter:data2\" content=\"1 minute\" \/>\n\t\t<script type=\"application\/ld+json\" class=\"aioseo-schema\">\n\t\t\t{\"@context\":\"https:\\\/\\\/schema.org\",\"@graph\":[{\"@type\":\"Article\",\"@id\":\"https:\\\/\\\/allasorias.hu\\\/hirek\\\/segitseget-nyujt-a-szinhaz-az-idoseknek-a-jarvany-ideje-alatt\\\/#article\",\"name\":\"Seg\\u00edts\\u00e9get ny\\u00fajt a sz\\u00ednh\\u00e1z az id\\u0151seknek a j\\u00e1rv\\u00e1ny ideje alatt | AllasOrias.hu | H\\u00edrek-lapszemle\",\"headline\":\"Seg\\u00edts\\u00e9get ny\\u00fajt a sz\\u00ednh\\u00e1z az id\\u0151seknek a j\\u00e1rv\\u00e1ny ideje alatt\",\"author\":{\"@id\":\"https:\\\/\\\/allasorias.hu\\\/hirek\\\/author\\\/admin-allasorias\\\/#author\"},\"publisher\":{\"@id\":\"https:\\\/\\\/allasorias.hu\\\/hirek\\\/#organization\"},\"image\":{\"@type\":\"ImageObject\",\"url\":\"https:\\\/\\\/allasorias.hu\\\/hirek\\\/wp-content\\\/uploads\\\/2020\\\/03\\\/hands-2906458_640.jpg\",\"width\":640,\"height\":426},\"datePublished\":\"2020-03-17T09:11:25+02:00\",\"dateModified\":\"2020-03-17T09:11:25+02:00\",\"inLanguage\":\"hu-HU\",\"mainEntityOfPage\":{\"@id\":\"https:\\\/\\\/allasorias.hu\\\/hirek\\\/segitseget-nyujt-a-szinhaz-az-idoseknek-a-jarvany-ideje-alatt\\\/#webpage\"},\"isPartOf\":{\"@id\":\"https:\\\/\\\/allasorias.hu\\\/hirek\\\/segitseget-nyujt-a-szinhaz-az-idoseknek-a-jarvany-ideje-alatt\\\/#webpage\"},\"articleSection\":\"Gazdas\\u00e1g\"},{\"@type\":\"BreadcrumbList\",\"@id\":\"https:\\\/\\\/allasorias.hu\\\/hirek\\\/segitseget-nyujt-a-szinhaz-az-idoseknek-a-jarvany-ideje-alatt\\\/#breadcrumblist\",\"itemListElement\":[{\"@type\":\"ListItem\",\"@id\":\"https:\\\/\\\/allasorias.hu\\\/hirek#listItem\",\"position\":1,\"name\":\"Home\",\"item\":\"https:\\\/\\\/allasorias.hu\\\/hirek\",\"nextItem\":{\"@type\":\"ListItem\",\"@id\":\"https:\\\/\\\/allasorias.hu\\\/hirek\\\/temak\\\/gazdasag\\\/#listItem\",\"name\":\"Gazdas\\u00e1g\"}},{\"@type\":\"ListItem\",\"@id\":\"https:\\\/\\\/allasorias.hu\\\/hirek\\\/temak\\\/gazdasag\\\/#listItem\",\"position\":2,\"name\":\"Gazdas\\u00e1g\",\"item\":\"https:\\\/\\\/allasorias.hu\\\/hirek\\\/temak\\\/gazdasag\\\/\",\"nextItem\":{\"@type\":\"ListItem\",\"@id\":\"https:\\\/\\\/allasorias.hu\\\/hirek\\\/segitseget-nyujt-a-szinhaz-az-idoseknek-a-jarvany-ideje-alatt\\\/#listItem\",\"name\":\"Seg\\u00edts\\u00e9get ny\\u00fajt a sz\\u00ednh\\u00e1z az id\\u0151seknek a j\\u00e1rv\\u00e1ny ideje alatt\"},\"previousItem\":{\"@type\":\"ListItem\",\"@id\":\"https:\\\/\\\/allasorias.hu\\\/hirek#listItem\",\"name\":\"Home\"}},{\"@type\":\"ListItem\",\"@id\":\"https:\\\/\\\/allasorias.hu\\\/hirek\\\/segitseget-nyujt-a-szinhaz-az-idoseknek-a-jarvany-ideje-alatt\\\/#listItem\",\"position\":3,\"name\":\"Seg\\u00edts\\u00e9get ny\\u00fajt a sz\\u00ednh\\u00e1z az id\\u0151seknek a j\\u00e1rv\\u00e1ny ideje alatt\",\"previousItem\":{\"@type\":\"ListItem\",\"@id\":\"https:\\\/\\\/allasorias.hu\\\/hirek\\\/temak\\\/gazdasag\\\/#listItem\",\"name\":\"Gazdas\\u00e1g\"}}]},{\"@type\":\"Organization\",\"@id\":\"https:\\\/\\\/allasorias.hu\\\/hirek\\\/#organization\",\"name\":\"AllasOrias.hu | H\\u00edrek-lapszemle\",\"description\":\"\\u00dczleti h\\u00edrek az \\u00e1ll\\u00e1s \\u00e9s a munka vil\\u00e1g\\u00e1b\\u00f3l\",\"url\":\"https:\\\/\\\/allasorias.hu\\\/hirek\\\/\",\"logo\":{\"@type\":\"ImageObject\",\"url\":\"https:\\\/\\\/allasorias.hu\\\/hirek\\\/wp-content\\\/uploads\\\/2022\\\/10\\\/allasorias_site_facebok_logo.png\",\"@id\":\"https:\\\/\\\/allasorias.hu\\\/hirek\\\/segitseget-nyujt-a-szinhaz-az-idoseknek-a-jarvany-ideje-alatt\\\/#organizationLogo\"},\"image\":{\"@id\":\"https:\\\/\\\/allasorias.hu\\\/hirek\\\/segitseget-nyujt-a-szinhaz-az-idoseknek-a-jarvany-ideje-alatt\\\/#organizationLogo\"},\"sameAs\":[\"https:\\\/\\\/www.facebook.com\\\/allasorias\",\"https:\\\/\\\/www.linkedin.com\\\/company\\\/allasorias\"]},{\"@type\":\"Person\",\"@id\":\"https:\\\/\\\/allasorias.hu\\\/hirek\\\/author\\\/admin-allasorias\\\/#author\",\"url\":\"https:\\\/\\\/allasorias.hu\\\/hirek\\\/author\\\/admin-allasorias\\\/\",\"name\":\"Juh\\u00e1sz P\\u00e9ter\",\"image\":{\"@type\":\"ImageObject\",\"@id\":\"https:\\\/\\\/allasorias.hu\\\/hirek\\\/segitseget-nyujt-a-szinhaz-az-idoseknek-a-jarvany-ideje-alatt\\\/#authorImage\",\"url\":\"https:\\\/\\\/secure.gravatar.com\\\/avatar\\\/36e6bcb83148978b992977cb0f54d22feb0cce8a0a849a9410532bb2623ba4c6?s=96&d=mm&r=g\",\"width\":96,\"height\":96,\"caption\":\"Juh\\u00e1sz P\\u00e9ter\"}},{\"@type\":\"WebPage\",\"@id\":\"https:\\\/\\\/allasorias.hu\\\/hirek\\\/segitseget-nyujt-a-szinhaz-az-idoseknek-a-jarvany-ideje-alatt\\\/#webpage\",\"url\":\"https:\\\/\\\/allasorias.hu\\\/hirek\\\/segitseget-nyujt-a-szinhaz-az-idoseknek-a-jarvany-ideje-alatt\\\/\",\"name\":\"Seg\\u00edts\\u00e9get ny\\u00fajt a sz\\u00ednh\\u00e1z az id\\u0151seknek a j\\u00e1rv\\u00e1ny ideje alatt | AllasOrias.hu | H\\u00edrek-lapszemle\",\"description\":\"Az id\\u0151seket szeretn\\u00e9 seg\\u00edteni a kaposv\\u00e1ri Csiky Gergely Sz\\u00ednh\\u00e1z. A munkat\\u00e1rsaik a sz\\u00ednh\\u00e1zbez\\u00e1r\\u00e1sok idej\\u00e9n szabadd\\u00e1 v\\u00e1l\\u00f3 munkaer\\u0151vel, eszk\\u00f6z\\u00f6kkel, p\\u00e9ld\\u00e1ul g\\u00e9pkocsik haszn\\u00e1lat\\u00e1val seg\\u00edtik a koronav\\u00edrus-j\\u00e1rv\\u00e1ny miatt vesz\\u00e9lyeztetett id\\u0151s embereket. Seg\\u00edtenek a bev\\u00e1s\\u00e1rl\\u00e1sban, gyermekfel\\u00fcgyeletet v\\u00e1llalnak, gy\\u00f3gyszereket szereznek be. \\u201eLegnagyobb, leger\\u0151sebb er\\u0151forr\\u00e1sunk maguk az emberek, \\u00e9s kultur\\u00e1lis ter\\u00fcleten sok potenci\\u00e1lisan szabad munkaer\\u0151 csoportos\\u00edthat\\u00f3 \\u00e1t oda, ahov\\u00e1 sz\\u00fcks\\u00e9ges. Nem\",\"inLanguage\":\"hu-HU\",\"isPartOf\":{\"@id\":\"https:\\\/\\\/allasorias.hu\\\/hirek\\\/#website\"},\"breadcrumb\":{\"@id\":\"https:\\\/\\\/allasorias.hu\\\/hirek\\\/segitseget-nyujt-a-szinhaz-az-idoseknek-a-jarvany-ideje-alatt\\\/#breadcrumblist\"},\"author\":{\"@id\":\"https:\\\/\\\/allasorias.hu\\\/hirek\\\/author\\\/admin-allasorias\\\/#author\"},\"creator\":{\"@id\":\"https:\\\/\\\/allasorias.hu\\\/hirek\\\/author\\\/admin-allasorias\\\/#author\"},\"image\":{\"@type\":\"ImageObject\",\"url\":\"https:\\\/\\\/allasorias.hu\\\/hirek\\\/wp-content\\\/uploads\\\/2020\\\/03\\\/hands-2906458_640.jpg\",\"@id\":\"https:\\\/\\\/allasorias.hu\\\/hirek\\\/segitseget-nyujt-a-szinhaz-az-idoseknek-a-jarvany-ideje-alatt\\\/#mainImage\",\"width\":640,\"height\":426},\"primaryImageOfPage\":{\"@id\":\"https:\\\/\\\/allasorias.hu\\\/hirek\\\/segitseget-nyujt-a-szinhaz-az-idoseknek-a-jarvany-ideje-alatt\\\/#mainImage\"},\"datePublished\":\"2020-03-17T09:11:25+02:00\",\"dateModified\":\"2020-03-17T09:11:25+02:00\"},{\"@type\":\"WebSite\",\"@id\":\"https:\\\/\\\/allasorias.hu\\\/hirek\\\/#website\",\"url\":\"https:\\\/\\\/allasorias.hu\\\/hirek\\\/\",\"name\":\"AllasOrias.hu | H\\u00edrek-lapszemle\",\"description\":\"\\u00dczleti h\\u00edrek az \\u00e1ll\\u00e1s \\u00e9s a munka vil\\u00e1g\\u00e1b\\u00f3l\",\"inLanguage\":\"hu-HU\",\"publisher\":{\"@id\":\"https:\\\/\\\/allasorias.hu\\\/hirek\\\/#organization\"}}]}\n\t\t<\/script>\n\t\t<!-- All in One SEO -->\n\n","aioseo_head_json":{"title":"Seg\u00edts\u00e9get ny\u00fajt a sz\u00ednh\u00e1z az id\u0151seknek a j\u00e1rv\u00e1ny ideje alatt | AllasOrias.hu | H\u00edrek-lapszemle","description":"Az id\u0151seket szeretn\u00e9 seg\u00edteni a kaposv\u00e1ri Csiky Gergely Sz\u00ednh\u00e1z. A munkat\u00e1rsaik a sz\u00ednh\u00e1zbez\u00e1r\u00e1sok idej\u00e9n szabadd\u00e1 v\u00e1l\u00f3 munkaer\u0151vel, eszk\u00f6z\u00f6kkel, p\u00e9ld\u00e1ul g\u00e9pkocsik haszn\u00e1lat\u00e1val seg\u00edtik a koronav\u00edrus-j\u00e1rv\u00e1ny miatt vesz\u00e9lyeztetett id\u0151s embereket. Seg\u00edtenek a bev\u00e1s\u00e1rl\u00e1sban, gyermekfel\u00fcgyeletet v\u00e1llalnak, gy\u00f3gyszereket szereznek be. \u201eLegnagyobb, leger\u0151sebb er\u0151forr\u00e1sunk maguk az emberek, \u00e9s kultur\u00e1lis ter\u00fcleten sok potenci\u00e1lisan szabad munkaer\u0151 csoportos\u00edthat\u00f3 \u00e1t oda, ahov\u00e1 sz\u00fcks\u00e9ges. Nem","canonical_url":"https:\/\/allasorias.hu\/hirek\/segitseget-nyujt-a-szinhaz-az-idoseknek-a-jarvany-ideje-alatt\/","robots":"max-image-preview:large","keywords":"","webmasterTools":{"miscellaneous":""},"schema":{"@context":"https:\/\/schema.org","@graph":[{"@type":"Article","@id":"https:\/\/allasorias.hu\/hirek\/segitseget-nyujt-a-szinhaz-az-idoseknek-a-jarvany-ideje-alatt\/#article","name":"Seg\u00edts\u00e9get ny\u00fajt a sz\u00ednh\u00e1z az id\u0151seknek a j\u00e1rv\u00e1ny ideje alatt | AllasOrias.hu | H\u00edrek-lapszemle","headline":"Seg\u00edts\u00e9get ny\u00fajt a sz\u00ednh\u00e1z az id\u0151seknek a j\u00e1rv\u00e1ny ideje alatt","author":{"@id":"https:\/\/allasorias.hu\/hirek\/author\/admin-allasorias\/#author"},"publisher":{"@id":"https:\/\/allasorias.hu\/hirek\/#organization"},"image":{"@type":"ImageObject","url":"https:\/\/allasorias.hu\/hirek\/wp-content\/uploads\/2020\/03\/hands-2906458_640.jpg","width":640,"height":426},"datePublished":"2020-03-17T09:11:25+02:00","dateModified":"2020-03-17T09:11:25+02:00","inLanguage":"hu-HU","mainEntityOfPage":{"@id":"https:\/\/allasorias.hu\/hirek\/segitseget-nyujt-a-szinhaz-az-idoseknek-a-jarvany-ideje-alatt\/#webpage"},"isPartOf":{"@id":"https:\/\/allasorias.hu\/hirek\/segitseget-nyujt-a-szinhaz-az-idoseknek-a-jarvany-ideje-alatt\/#webpage"},"articleSection":"Gazdas\u00e1g"},{"@type":"BreadcrumbList","@id":"https:\/\/allasorias.hu\/hirek\/segitseget-nyujt-a-szinhaz-az-idoseknek-a-jarvany-ideje-alatt\/#breadcrumblist","itemListElement":[{"@type":"ListItem","@id":"https:\/\/allasorias.hu\/hirek#listItem","position":1,"name":"Home","item":"https:\/\/allasorias.hu\/hirek","nextItem":{"@type":"ListItem","@id":"https:\/\/allasorias.hu\/hirek\/temak\/gazdasag\/#listItem","name":"Gazdas\u00e1g"}},{"@type":"ListItem","@id":"https:\/\/allasorias.hu\/hirek\/temak\/gazdasag\/#listItem","position":2,"name":"Gazdas\u00e1g","item":"https:\/\/allasorias.hu\/hirek\/temak\/gazdasag\/","nextItem":{"@type":"ListItem","@id":"https:\/\/allasorias.hu\/hirek\/segitseget-nyujt-a-szinhaz-az-idoseknek-a-jarvany-ideje-alatt\/#listItem","name":"Seg\u00edts\u00e9get ny\u00fajt a sz\u00ednh\u00e1z az id\u0151seknek a j\u00e1rv\u00e1ny ideje alatt"},"previousItem":{"@type":"ListItem","@id":"https:\/\/allasorias.hu\/hirek#listItem","name":"Home"}},{"@type":"ListItem","@id":"https:\/\/allasorias.hu\/hirek\/segitseget-nyujt-a-szinhaz-az-idoseknek-a-jarvany-ideje-alatt\/#listItem","position":3,"name":"Seg\u00edts\u00e9get ny\u00fajt a sz\u00ednh\u00e1z az id\u0151seknek a j\u00e1rv\u00e1ny ideje alatt","previousItem":{"@type":"ListItem","@id":"https:\/\/allasorias.hu\/hirek\/temak\/gazdasag\/#listItem","name":"Gazdas\u00e1g"}}]},{"@type":"Organization","@id":"https:\/\/allasorias.hu\/hirek\/#organization","name":"AllasOrias.hu | H\u00edrek-lapszemle","description":"\u00dczleti h\u00edrek az \u00e1ll\u00e1s \u00e9s a munka vil\u00e1g\u00e1b\u00f3l","url":"https:\/\/allasorias.hu\/hirek\/","logo":{"@type":"ImageObject","url":"https:\/\/allasorias.hu\/hirek\/wp-content\/uploads\/2022\/10\/allasorias_site_facebok_logo.png","@id":"https:\/\/allasorias.hu\/hirek\/segitseget-nyujt-a-szinhaz-az-idoseknek-a-jarvany-ideje-alatt\/#organizationLogo"},"image":{"@id":"https:\/\/allasorias.hu\/hirek\/segitseget-nyujt-a-szinhaz-az-idoseknek-a-jarvany-ideje-alatt\/#organizationLogo"},"sameAs":["https:\/\/www.facebook.com\/allasorias","https:\/\/www.linkedin.com\/company\/allasorias"]},{"@type":"Person","@id":"https:\/\/allasorias.hu\/hirek\/author\/admin-allasorias\/#author","url":"https:\/\/allasorias.hu\/hirek\/author\/admin-allasorias\/","name":"Juh\u00e1sz P\u00e9ter","image":{"@type":"ImageObject","@id":"https:\/\/allasorias.hu\/hirek\/segitseget-nyujt-a-szinhaz-az-idoseknek-a-jarvany-ideje-alatt\/#authorImage","url":"https:\/\/secure.gravatar.com\/avatar\/36e6bcb83148978b992977cb0f54d22feb0cce8a0a849a9410532bb2623ba4c6?s=96&d=mm&r=g","width":96,"height":96,"caption":"Juh\u00e1sz P\u00e9ter"}},{"@type":"WebPage","@id":"https:\/\/allasorias.hu\/hirek\/segitseget-nyujt-a-szinhaz-az-idoseknek-a-jarvany-ideje-alatt\/#webpage","url":"https:\/\/allasorias.hu\/hirek\/segitseget-nyujt-a-szinhaz-az-idoseknek-a-jarvany-ideje-alatt\/","name":"Seg\u00edts\u00e9get ny\u00fajt a sz\u00ednh\u00e1z az id\u0151seknek a j\u00e1rv\u00e1ny ideje alatt | AllasOrias.hu | H\u00edrek-lapszemle","description":"Az id\u0151seket szeretn\u00e9 seg\u00edteni a kaposv\u00e1ri Csiky Gergely Sz\u00ednh\u00e1z. A munkat\u00e1rsaik a sz\u00ednh\u00e1zbez\u00e1r\u00e1sok idej\u00e9n szabadd\u00e1 v\u00e1l\u00f3 munkaer\u0151vel, eszk\u00f6z\u00f6kkel, p\u00e9ld\u00e1ul g\u00e9pkocsik haszn\u00e1lat\u00e1val seg\u00edtik a koronav\u00edrus-j\u00e1rv\u00e1ny miatt vesz\u00e9lyeztetett id\u0151s embereket. Seg\u00edtenek a bev\u00e1s\u00e1rl\u00e1sban, gyermekfel\u00fcgyeletet v\u00e1llalnak, gy\u00f3gyszereket szereznek be. \u201eLegnagyobb, leger\u0151sebb er\u0151forr\u00e1sunk maguk az emberek, \u00e9s kultur\u00e1lis ter\u00fcleten sok potenci\u00e1lisan szabad munkaer\u0151 csoportos\u00edthat\u00f3 \u00e1t oda, ahov\u00e1 sz\u00fcks\u00e9ges. Nem","inLanguage":"hu-HU","isPartOf":{"@id":"https:\/\/allasorias.hu\/hirek\/#website"},"breadcrumb":{"@id":"https:\/\/allasorias.hu\/hirek\/segitseget-nyujt-a-szinhaz-az-idoseknek-a-jarvany-ideje-alatt\/#breadcrumblist"},"author":{"@id":"https:\/\/allasorias.hu\/hirek\/author\/admin-allasorias\/#author"},"creator":{"@id":"https:\/\/allasorias.hu\/hirek\/author\/admin-allasorias\/#author"},"image":{"@type":"ImageObject","url":"https:\/\/allasorias.hu\/hirek\/wp-content\/uploads\/2020\/03\/hands-2906458_640.jpg","@id":"https:\/\/allasorias.hu\/hirek\/segitseget-nyujt-a-szinhaz-az-idoseknek-a-jarvany-ideje-alatt\/#mainImage","width":640,"height":426},"primaryImageOfPage":{"@id":"https:\/\/allasorias.hu\/hirek\/segitseget-nyujt-a-szinhaz-az-idoseknek-a-jarvany-ideje-alatt\/#mainImage"},"datePublished":"2020-03-17T09:11:25+02:00","dateModified":"2020-03-17T09:11:25+02:00"},{"@type":"WebSite","@id":"https:\/\/allasorias.hu\/hirek\/#website","url":"https:\/\/allasorias.hu\/hirek\/","name":"AllasOrias.hu | H\u00edrek-lapszemle","description":"\u00dczleti h\u00edrek az \u00e1ll\u00e1s \u00e9s a munka vil\u00e1g\u00e1b\u00f3l","inLanguage":"hu-HU","publisher":{"@id":"https:\/\/allasorias.hu\/hirek\/#organization"}}]},"og:locale":"hu_HU","og:site_name":"AllasOrias.hu | H\u00edrek-lapszemle | \u00dczleti h\u00edrek az \u00e1ll\u00e1s \u00e9s a munka vil\u00e1g\u00e1b\u00f3l","og:type":"article","og:title":"Seg\u00edts\u00e9get ny\u00fajt a sz\u00ednh\u00e1z az id\u0151seknek a j\u00e1rv\u00e1ny ideje alatt | AllasOrias.hu | H\u00edrek-lapszemle","og:description":"Az id\u0151seket szeretn\u00e9 seg\u00edteni a kaposv\u00e1ri Csiky Gergely Sz\u00ednh\u00e1z. A munkat\u00e1rsaik a sz\u00ednh\u00e1zbez\u00e1r\u00e1sok idej\u00e9n szabadd\u00e1 v\u00e1l\u00f3 munkaer\u0151vel, eszk\u00f6z\u00f6kkel, p\u00e9ld\u00e1ul g\u00e9pkocsik haszn\u00e1lat\u00e1val seg\u00edtik a koronav\u00edrus-j\u00e1rv\u00e1ny miatt vesz\u00e9lyeztetett id\u0151s embereket. Seg\u00edtenek a bev\u00e1s\u00e1rl\u00e1sban, gyermekfel\u00fcgyeletet v\u00e1llalnak, gy\u00f3gyszereket szereznek be. \u201eLegnagyobb, leger\u0151sebb er\u0151forr\u00e1sunk maguk az emberek, \u00e9s kultur\u00e1lis ter\u00fcleten sok potenci\u00e1lisan szabad munkaer\u0151 csoportos\u00edthat\u00f3 \u00e1t oda, ahov\u00e1 sz\u00fcks\u00e9ges. Nem","og:url":"https:\/\/allasorias.hu\/hirek\/segitseget-nyujt-a-szinhaz-az-idoseknek-a-jarvany-ideje-alatt\/","og:image":"https:\/\/allasorias.hu\/hirek\/wp-content\/uploads\/2020\/03\/hands-2906458_640.jpg","og:image:secure_url":"https:\/\/allasorias.hu\/hirek\/wp-content\/uploads\/2020\/03\/hands-2906458_640.jpg","og:image:width":640,"og:image:height":426,"article:published_time":"2020-03-17T09:11:25+00:00","article:modified_time":"2020-03-17T09:11:25+00:00","article:publisher":"https:\/\/www.facebook.com\/allasorias","twitter:card":"summary_large_image","twitter:title":"Seg\u00edts\u00e9get ny\u00fajt a sz\u00ednh\u00e1z az id\u0151seknek a j\u00e1rv\u00e1ny ideje alatt | AllasOrias.hu | H\u00edrek-lapszemle","twitter:description":"Az id\u0151seket szeretn\u00e9 seg\u00edteni a kaposv\u00e1ri Csiky Gergely Sz\u00ednh\u00e1z. A munkat\u00e1rsaik a sz\u00ednh\u00e1zbez\u00e1r\u00e1sok idej\u00e9n szabadd\u00e1 v\u00e1l\u00f3 munkaer\u0151vel, eszk\u00f6z\u00f6kkel, p\u00e9ld\u00e1ul g\u00e9pkocsik haszn\u00e1lat\u00e1val seg\u00edtik a koronav\u00edrus-j\u00e1rv\u00e1ny miatt vesz\u00e9lyeztetett id\u0151s embereket. Seg\u00edtenek a bev\u00e1s\u00e1rl\u00e1sban, gyermekfel\u00fcgyeletet v\u00e1llalnak, gy\u00f3gyszereket szereznek be. \u201eLegnagyobb, leger\u0151sebb er\u0151forr\u00e1sunk maguk az emberek, \u00e9s kultur\u00e1lis ter\u00fcleten sok potenci\u00e1lisan szabad munkaer\u0151 csoportos\u00edthat\u00f3 \u00e1t oda, ahov\u00e1 sz\u00fcks\u00e9ges. Nem","twitter:image":"https:\/\/allasorias.hu\/hirek\/wp-content\/uploads\/2020\/03\/hands-2906458_640.jpg","twitter:label1":"Written by","twitter:data1":"Juh\u00e1sz P\u00e9ter","twitter:label2":"Est. reading time","twitter:data2":"1 minute"},"aioseo_meta_data":{"post_id":"3799","title":null,"description":null,"keywords":null,"keyphrases":null,"primary_term":null,"canonical_url":null,"og_title":null,"og_description":null,"og_object_type":"default","og_image_type":"default","og_image_url":null,"og_image_width":null,"og_image_height":null,"og_image_custom_url":null,"og_image_custom_fields":null,"og_video":null,"og_custom_url":null,"og_article_section":null,"og_article_tags":null,"twitter_use_og":false,"twitter_card":"default","twitter_image_type":"default","twitter_image_url":null,"twitter_image_custom_url":null,"twitter_image_custom_fields":null,"twitter_title":null,"twitter_description":null,"schema":{"blockGraphs":[],"customGraphs":[],"default":{"data":{"Article":[],"Course":[],"Dataset":[],"FAQPage":[],"Movie":[],"Person":[],"Product":[],"ProductReview":[],"Car":[],"Recipe":[],"Service":[],"SoftwareApplication":[],"WebPage":[]},"graphName":"","isEnabled":true},"graphs":[],"defaultGraph":"","defaultPostTypeGraph":""},"schema_type":null,"schema_type_options":null,"pillar_content":false,"robots_default":true,"robots_noindex":false,"robots_noarchive":false,"robots_nosnippet":false,"robots_nofollow":false,"robots_noimageindex":false,"robots_noodp":false,"robots_notranslate":false,"robots_max_snippet":null,"robots_max_videopreview":null,"robots_max_imagepreview":"large","priority":null,"frequency":null,"location":null,"local_seo":null,"breadcrumb_settings":null,"limit_modified_date":false,"ai":null,"created":"2021-02-01 21:57:19","updated":"2025-10-02 13:38:06","seo_analyzer_scan_date":null,"focus_keyword":null,"additional_keywords":null,"truseo_locale":null},"aioseo_breadcrumb":"<div class=\"aioseo-breadcrumbs\"><span class=\"aioseo-breadcrumb\">\n\t\t\t<a href=\"https:\/\/allasorias.hu\/hirek\" title=\"Home\">Home<\/a>\n\t\t<\/span><span class=\"aioseo-breadcrumb-separator\">&raquo;<\/span><span class=\"aioseo-breadcrumb\">\n\t\t\t<a href=\"https:\/\/allasorias.hu\/hirek\/temak\/gazdasag\/\" title=\"Gazdas\u00e1g\">Gazdas\u00e1g<\/a>\n\t\t<\/span><span class=\"aioseo-breadcrumb-separator\">&raquo;<\/span><span class=\"aioseo-breadcrumb\">\n\t\t\tSeg\u00edts\u00e9get ny\u00fajt a sz\u00ednh\u00e1z az id\u0151seknek a j\u00e1rv\u00e1ny ideje alatt\n\t\t<\/span><\/div>","aioseo_breadcrumb_json":[{"label":"Home","link":"https:\/\/allasorias.hu\/hirek"},{"label":"Gazdas\u00e1g","link":"https:\/\/allasorias.hu\/hirek\/temak\/gazdasag\/"},{"label":"Seg\u00edts\u00e9get ny\u00fajt a sz\u00ednh\u00e1z az id\u0151seknek a j\u00e1rv\u00e1ny ideje alatt","link":"https:\/\/allasorias.hu\/hirek\/segitseget-nyujt-a-szinhaz-az-idoseknek-a-jarvany-ideje-alatt\/"}],"_links":{"self":[{"href":"https:\/\/allasorias.hu\/hirek\/wp-json\/wp\/v2\/posts\/3799","targetHints":{"allow":["GET"]}}],"collection":[{"href":"https:\/\/allasorias.hu\/hirek\/wp-json\/wp\/v2\/posts"}],"about":[{"href":"https:\/\/allasorias.hu\/hirek\/wp-json\/wp\/v2\/types\/post"}],"author":[{"embeddable":true,"href":"https:\/\/allasorias.hu\/hirek\/wp-json\/wp\/v2\/users\/1"}],"replies":[{"embeddable":true,"href":"https:\/\/allasorias.hu\/hirek\/wp-json\/wp\/v2\/comments?post=3799"}],"version-history":[{"count":1,"href":"https:\/\/allasorias.hu\/hirek\/wp-json\/wp\/v2\/posts\/3799\/revisions"}],"predecessor-version":[{"id":3801,"href":"https:\/\/allasorias.hu\/hirek\/wp-json\/wp\/v2\/posts\/3799\/revisions\/3801"}],"wp:featuredmedia":[{"embeddable":true,"href":"https:\/\/allasorias.hu\/hirek\/wp-json\/wp\/v2\/media\/3800"}],"wp:attachment":[{"href":"https:\/\/allasorias.hu\/hirek\/wp-json\/wp\/v2\/media?parent=3799"}],"wp:term":[{"taxonomy":"category","embeddable":true,"href":"https:\/\/allasorias.hu\/hirek\/wp-json\/wp\/v2\/categories?post=3799"},{"taxonomy":"post_tag","embeddable":true,"href":"https:\/\/allasorias.hu\/hirek\/wp-json\/wp\/v2\/tags?post=3799"}],"curies":[{"name":"wp","href":"https:\/\/api.w.org\/{rel}","templated":true}]}}