{"id":3797,"date":"2020-03-16T08:53:37","date_gmt":"2020-03-16T08:53:37","guid":{"rendered":"https:\/\/allasorias.hu\/hirek\/?p=3797"},"modified":"2020-03-16T08:53:37","modified_gmt":"2020-03-16T08:53:37","slug":"tobb-szazan-lehetnek-munkanelkuliek-a-jarvany-miatt","status":"publish","type":"post","link":"https:\/\/allasorias.hu\/hirek\/tobb-szazan-lehetnek-munkanelkuliek-a-jarvany-miatt\/","title":{"rendered":"T\u00f6bb sz\u00e1zan lehetnek munkan\u00e9lk\u00fcliek a j\u00e1rv\u00e1ny miatt"},"content":{"rendered":"<p><strong>A turizmus nagyon megszenvedi a koronav\u00edrus j\u00e1rv\u00e1ny miatti helyzetet, elmaradnak a turist\u00e1k, \u00fcresek a vend\u00e9gl\u00e1t\u00f3helyek. Az el\u0151rejelz\u00e9sek sem biztat\u00f3ak: a kisebb vend\u00e9gl\u00e1t\u00f3 egys\u00e9gekn\u00e9l is s\u00falyosbodik a helyzet.<\/strong><\/p>\n<p>A gy\u00f3gymasz\u0151rk\u00e9nt dolgoz\u00f3 Szabina \u00f6nk\u00e9nt sz\u00fcnetelteti a munk\u00e1j\u00e1t.&#8221;Sok id\u0151s vend\u00e9ghez j\u00e1rok, nemcsak a csal\u00e1domat, de az \u0151 eg\u00e9szs\u00e9g\u00fcket is v\u00e9dem, ha a j\u00e1rv\u00e1ny v\u00e9g\u00e9ig felf\u00fcggesztem a v\u00e1llalkoz\u00e1som. B\u00edzom benne, hogy majd kapunk valamilyen kompenz\u00e1ci\u00f3t az \u00e1llamt\u00f3l &#8222;\u2013 mes\u00e9lte a Blikknek Szabina.&#8221; Els\u0151nek a pr\u00f3baid\u0151s\u00f6ket \u00e9s a tanul\u00f3kat k\u00fcldik el, brut\u00e1lis a visszaes\u00e9s, sok embernek nincs tartal\u00e9ka&#8221; \u2013 nyilatkozta L\u00e1z\u00e1r P\u00e9ter, a Magyar Vend\u00e9gl\u00e1t\u00f3sok \u00c9rdekv\u00e9delmi Egyes\u00fclet\u00e9nek eln\u00f6ke. A szervezet abban b\u00edzik, a korm\u00e1ny seg\u00edt majd a neh\u00e9z id\u0151kben.&#8221;R\u00e1ad\u00e1sul beindult a domin\u00f3, az elbocs\u00e1t\u00e1si hull\u00e1m m\u00e1s \u00e1gazatokra is \u00e1tterjed. A v\u00e1ls\u00e1g ut\u00e1n minden bizonnyal visszav\u00e1rj\u00e1k az elbocs\u00e1tott vagy fizet\u00e9s n\u00e9lk\u00fcli szabads\u00e1gra k\u00fcld\u00f6tt embereket &#8222;\u2013 mondta el \u00a0Rudi P\u00e9ter, a Silver Fox mukaer\u0151piaci szak\u00e9rt\u0151je.<\/p>\n<p>Forr\u00e1s:borsonline.hu<\/p>\n","protected":false},"excerpt":{"rendered":"<p>A turizmus nagyon megszenvedi a koronav\u00edrus j\u00e1rv\u00e1ny miatti helyzetet, elmaradnak a turist\u00e1k, \u00fcresek a vend\u00e9gl\u00e1t\u00f3helyek. Az el\u0151rejelz\u00e9sek sem biztat\u00f3ak: a kisebb vend\u00e9gl\u00e1t\u00f3 egys\u00e9gekn\u00e9l is s\u00falyosbodik a helyzet. A gy\u00f3gymasz\u0151rk\u00e9nt dolgoz\u00f3 Szabina \u00f6nk\u00e9nt sz\u00fcnetelteti a munk\u00e1j\u00e1t.&#8221;Sok id\u0151s vend\u00e9ghez j\u00e1rok, nemcsak a csal\u00e1domat, de az \u0151 eg\u00e9szs\u00e9g\u00fcket is v\u00e9dem, ha a j\u00e1rv\u00e1ny v\u00e9g\u00e9ig felf\u00fcggesztem a v\u00e1llalkoz\u00e1som. B\u00edzom [&hellip;]<\/p>\n","protected":false},"author":1,"featured_media":2375,"comment_status":"open","ping_status":"open","sticky":false,"template":"","format":"standard","meta":{"_monsterinsights_skip_tracking":false,"footnotes":""},"categories":[1,198],"tags":[],"class_list":["post-3797","post","type-post","status-publish","format-standard","has-post-thumbnail","hentry","category-allaskereses","category-gazdasag"],"aioseo_notices":[],"aioseo_head":"\n\t\t<!-- All in One SEO 5.0.0.1 - aioseo.com -->\n\t<meta name=\"description\" content=\"A turizmus nagyon megszenvedi a koronav\u00edrus j\u00e1rv\u00e1ny miatti helyzetet, elmaradnak a turist\u00e1k, \u00fcresek a vend\u00e9gl\u00e1t\u00f3helyek. Az el\u0151rejelz\u00e9sek sem biztat\u00f3ak: a kisebb vend\u00e9gl\u00e1t\u00f3 egys\u00e9gekn\u00e9l is s\u00falyosbodik a helyzet. A gy\u00f3gymasz\u0151rk\u00e9nt dolgoz\u00f3 Szabina \u00f6nk\u00e9nt sz\u00fcnetelteti a munk\u00e1j\u00e1t.&quot;Sok id\u0151s vend\u00e9ghez j\u00e1rok, nemcsak a csal\u00e1domat, de az \u0151 eg\u00e9szs\u00e9g\u00fcket is v\u00e9dem, ha a j\u00e1rv\u00e1ny v\u00e9g\u00e9ig felf\u00fcggesztem a v\u00e1llalkoz\u00e1som. B\u00edzom\" \/>\n\t<meta name=\"robots\" content=\"max-image-preview:large\" \/>\n\t<meta name=\"author\" content=\"Juh\u00e1sz P\u00e9ter\"\/>\n\t<link rel=\"canonical\" href=\"https:\/\/allasorias.hu\/hirek\/tobb-szazan-lehetnek-munkanelkuliek-a-jarvany-miatt\/\" \/>\n\t<meta name=\"generator\" content=\"All in One SEO (AIOSEO) 5.0.0.1\" \/>\n\t\t<meta property=\"og:locale\" content=\"hu_HU\" \/>\n\t\t<meta property=\"og:site_name\" content=\"AllasOrias.hu | H\u00edrek-lapszemle | \u00dczleti h\u00edrek az \u00e1ll\u00e1s \u00e9s a munka vil\u00e1g\u00e1b\u00f3l\" \/>\n\t\t<meta property=\"og:type\" content=\"article\" \/>\n\t\t<meta property=\"og:title\" content=\"T\u00f6bb sz\u00e1zan lehetnek munkan\u00e9lk\u00fcliek a j\u00e1rv\u00e1ny miatt | AllasOrias.hu | H\u00edrek-lapszemle\" \/>\n\t\t<meta property=\"og:description\" content=\"A turizmus nagyon megszenvedi a koronav\u00edrus j\u00e1rv\u00e1ny miatti helyzetet, elmaradnak a turist\u00e1k, \u00fcresek a vend\u00e9gl\u00e1t\u00f3helyek. Az el\u0151rejelz\u00e9sek sem biztat\u00f3ak: a kisebb vend\u00e9gl\u00e1t\u00f3 egys\u00e9gekn\u00e9l is s\u00falyosbodik a helyzet. A gy\u00f3gymasz\u0151rk\u00e9nt dolgoz\u00f3 Szabina \u00f6nk\u00e9nt sz\u00fcnetelteti a munk\u00e1j\u00e1t.&quot;Sok id\u0151s vend\u00e9ghez j\u00e1rok, nemcsak a csal\u00e1domat, de az \u0151 eg\u00e9szs\u00e9g\u00fcket is v\u00e9dem, ha a j\u00e1rv\u00e1ny v\u00e9g\u00e9ig felf\u00fcggesztem a v\u00e1llalkoz\u00e1som. B\u00edzom\" \/>\n\t\t<meta property=\"og:url\" content=\"https:\/\/allasorias.hu\/hirek\/tobb-szazan-lehetnek-munkanelkuliek-a-jarvany-miatt\/\" \/>\n\t\t<meta property=\"og:image\" content=\"https:\/\/allasorias.hu\/hirek\/wp-content\/uploads\/2019\/01\/conference-room-768441_640.jpg\" \/>\n\t\t<meta property=\"og:image:secure_url\" content=\"https:\/\/allasorias.hu\/hirek\/wp-content\/uploads\/2019\/01\/conference-room-768441_640.jpg\" \/>\n\t\t<meta property=\"og:image:width\" content=\"640\" \/>\n\t\t<meta property=\"og:image:height\" content=\"426\" \/>\n\t\t<meta property=\"article:published_time\" content=\"2020-03-16T08:53:37+00:00\" \/>\n\t\t<meta property=\"article:modified_time\" content=\"2020-03-16T08:53:37+00:00\" \/>\n\t\t<meta property=\"article:publisher\" content=\"https:\/\/www.facebook.com\/allasorias\" \/>\n\t\t<meta name=\"twitter:card\" content=\"summary_large_image\" \/>\n\t\t<meta name=\"twitter:title\" content=\"T\u00f6bb sz\u00e1zan lehetnek munkan\u00e9lk\u00fcliek a j\u00e1rv\u00e1ny miatt | AllasOrias.hu | H\u00edrek-lapszemle\" \/>\n\t\t<meta name=\"twitter:description\" content=\"A turizmus nagyon megszenvedi a koronav\u00edrus j\u00e1rv\u00e1ny miatti helyzetet, elmaradnak a turist\u00e1k, \u00fcresek a vend\u00e9gl\u00e1t\u00f3helyek. Az el\u0151rejelz\u00e9sek sem biztat\u00f3ak: a kisebb vend\u00e9gl\u00e1t\u00f3 egys\u00e9gekn\u00e9l is s\u00falyosbodik a helyzet. A gy\u00f3gymasz\u0151rk\u00e9nt dolgoz\u00f3 Szabina \u00f6nk\u00e9nt sz\u00fcnetelteti a munk\u00e1j\u00e1t.&quot;Sok id\u0151s vend\u00e9ghez j\u00e1rok, nemcsak a csal\u00e1domat, de az \u0151 eg\u00e9szs\u00e9g\u00fcket is v\u00e9dem, ha a j\u00e1rv\u00e1ny v\u00e9g\u00e9ig felf\u00fcggesztem a v\u00e1llalkoz\u00e1som. B\u00edzom\" \/>\n\t\t<meta name=\"twitter:image\" content=\"https:\/\/allasorias.hu\/hirek\/wp-content\/uploads\/2019\/01\/conference-room-768441_640.jpg\" \/>\n\t\t<meta name=\"twitter:label1\" content=\"Written by\" \/>\n\t\t<meta name=\"twitter:data1\" content=\"Juh\u00e1sz P\u00e9ter\" \/>\n\t\t<meta name=\"twitter:label2\" content=\"Est. reading time\" \/>\n\t\t<meta name=\"twitter:data2\" content=\"1 minute\" \/>\n\t\t<script type=\"application\/ld+json\" class=\"aioseo-schema\">\n\t\t\t{\"@context\":\"https:\\\/\\\/schema.org\",\"@graph\":[{\"@type\":\"Article\",\"@id\":\"https:\\\/\\\/allasorias.hu\\\/hirek\\\/tobb-szazan-lehetnek-munkanelkuliek-a-jarvany-miatt\\\/#article\",\"name\":\"T\\u00f6bb sz\\u00e1zan lehetnek munkan\\u00e9lk\\u00fcliek a j\\u00e1rv\\u00e1ny miatt | AllasOrias.hu | H\\u00edrek-lapszemle\",\"headline\":\"T\\u00f6bb sz\\u00e1zan lehetnek munkan\\u00e9lk\\u00fcliek a j\\u00e1rv\\u00e1ny miatt\",\"author\":{\"@id\":\"https:\\\/\\\/allasorias.hu\\\/hirek\\\/author\\\/admin-allasorias\\\/#author\"},\"publisher\":{\"@id\":\"https:\\\/\\\/allasorias.hu\\\/hirek\\\/#organization\"},\"image\":{\"@type\":\"ImageObject\",\"url\":\"https:\\\/\\\/allasorias.hu\\\/hirek\\\/wp-content\\\/uploads\\\/2019\\\/01\\\/conference-room-768441_640.jpg\",\"width\":640,\"height\":426},\"datePublished\":\"2020-03-16T08:53:37+02:00\",\"dateModified\":\"2020-03-16T08:53:37+02:00\",\"inLanguage\":\"hu-HU\",\"mainEntityOfPage\":{\"@id\":\"https:\\\/\\\/allasorias.hu\\\/hirek\\\/tobb-szazan-lehetnek-munkanelkuliek-a-jarvany-miatt\\\/#webpage\"},\"isPartOf\":{\"@id\":\"https:\\\/\\\/allasorias.hu\\\/hirek\\\/tobb-szazan-lehetnek-munkanelkuliek-a-jarvany-miatt\\\/#webpage\"},\"articleSection\":\"\\u00c1ll\\u00e1skeres\\u00e9s, Gazdas\\u00e1g\"},{\"@type\":\"BreadcrumbList\",\"@id\":\"https:\\\/\\\/allasorias.hu\\\/hirek\\\/tobb-szazan-lehetnek-munkanelkuliek-a-jarvany-miatt\\\/#breadcrumblist\",\"itemListElement\":[{\"@type\":\"ListItem\",\"@id\":\"https:\\\/\\\/allasorias.hu\\\/hirek#listItem\",\"position\":1,\"name\":\"Home\",\"item\":\"https:\\\/\\\/allasorias.hu\\\/hirek\",\"nextItem\":{\"@type\":\"ListItem\",\"@id\":\"https:\\\/\\\/allasorias.hu\\\/hirek\\\/temak\\\/allaskereses\\\/#listItem\",\"name\":\"\\u00c1ll\\u00e1skeres\\u00e9s\"}},{\"@type\":\"ListItem\",\"@id\":\"https:\\\/\\\/allasorias.hu\\\/hirek\\\/temak\\\/allaskereses\\\/#listItem\",\"position\":2,\"name\":\"\\u00c1ll\\u00e1skeres\\u00e9s\",\"item\":\"https:\\\/\\\/allasorias.hu\\\/hirek\\\/temak\\\/allaskereses\\\/\",\"nextItem\":{\"@type\":\"ListItem\",\"@id\":\"https:\\\/\\\/allasorias.hu\\\/hirek\\\/tobb-szazan-lehetnek-munkanelkuliek-a-jarvany-miatt\\\/#listItem\",\"name\":\"T\\u00f6bb sz\\u00e1zan lehetnek munkan\\u00e9lk\\u00fcliek a j\\u00e1rv\\u00e1ny miatt\"},\"previousItem\":{\"@type\":\"ListItem\",\"@id\":\"https:\\\/\\\/allasorias.hu\\\/hirek#listItem\",\"name\":\"Home\"}},{\"@type\":\"ListItem\",\"@id\":\"https:\\\/\\\/allasorias.hu\\\/hirek\\\/tobb-szazan-lehetnek-munkanelkuliek-a-jarvany-miatt\\\/#listItem\",\"position\":3,\"name\":\"T\\u00f6bb sz\\u00e1zan lehetnek munkan\\u00e9lk\\u00fcliek a j\\u00e1rv\\u00e1ny miatt\",\"previousItem\":{\"@type\":\"ListItem\",\"@id\":\"https:\\\/\\\/allasorias.hu\\\/hirek\\\/temak\\\/allaskereses\\\/#listItem\",\"name\":\"\\u00c1ll\\u00e1skeres\\u00e9s\"}}]},{\"@type\":\"Organization\",\"@id\":\"https:\\\/\\\/allasorias.hu\\\/hirek\\\/#organization\",\"name\":\"AllasOrias.hu | H\\u00edrek-lapszemle\",\"description\":\"\\u00dczleti h\\u00edrek az \\u00e1ll\\u00e1s \\u00e9s a munka vil\\u00e1g\\u00e1b\\u00f3l\",\"url\":\"https:\\\/\\\/allasorias.hu\\\/hirek\\\/\",\"logo\":{\"@type\":\"ImageObject\",\"url\":\"https:\\\/\\\/allasorias.hu\\\/hirek\\\/wp-content\\\/uploads\\\/2022\\\/10\\\/allasorias_site_facebok_logo.png\",\"@id\":\"https:\\\/\\\/allasorias.hu\\\/hirek\\\/tobb-szazan-lehetnek-munkanelkuliek-a-jarvany-miatt\\\/#organizationLogo\"},\"image\":{\"@id\":\"https:\\\/\\\/allasorias.hu\\\/hirek\\\/tobb-szazan-lehetnek-munkanelkuliek-a-jarvany-miatt\\\/#organizationLogo\"},\"sameAs\":[\"https:\\\/\\\/www.facebook.com\\\/allasorias\",\"https:\\\/\\\/www.linkedin.com\\\/company\\\/allasorias\"]},{\"@type\":\"Person\",\"@id\":\"https:\\\/\\\/allasorias.hu\\\/hirek\\\/author\\\/admin-allasorias\\\/#author\",\"url\":\"https:\\\/\\\/allasorias.hu\\\/hirek\\\/author\\\/admin-allasorias\\\/\",\"name\":\"Juh\\u00e1sz P\\u00e9ter\",\"image\":{\"@type\":\"ImageObject\",\"@id\":\"https:\\\/\\\/allasorias.hu\\\/hirek\\\/tobb-szazan-lehetnek-munkanelkuliek-a-jarvany-miatt\\\/#authorImage\",\"url\":\"https:\\\/\\\/secure.gravatar.com\\\/avatar\\\/36e6bcb83148978b992977cb0f54d22feb0cce8a0a849a9410532bb2623ba4c6?s=96&d=mm&r=g\",\"width\":96,\"height\":96,\"caption\":\"Juh\\u00e1sz P\\u00e9ter\"}},{\"@type\":\"WebPage\",\"@id\":\"https:\\\/\\\/allasorias.hu\\\/hirek\\\/tobb-szazan-lehetnek-munkanelkuliek-a-jarvany-miatt\\\/#webpage\",\"url\":\"https:\\\/\\\/allasorias.hu\\\/hirek\\\/tobb-szazan-lehetnek-munkanelkuliek-a-jarvany-miatt\\\/\",\"name\":\"T\\u00f6bb sz\\u00e1zan lehetnek munkan\\u00e9lk\\u00fcliek a j\\u00e1rv\\u00e1ny miatt | AllasOrias.hu | H\\u00edrek-lapszemle\",\"description\":\"A turizmus nagyon megszenvedi a koronav\\u00edrus j\\u00e1rv\\u00e1ny miatti helyzetet, elmaradnak a turist\\u00e1k, \\u00fcresek a vend\\u00e9gl\\u00e1t\\u00f3helyek. Az el\\u0151rejelz\\u00e9sek sem biztat\\u00f3ak: a kisebb vend\\u00e9gl\\u00e1t\\u00f3 egys\\u00e9gekn\\u00e9l is s\\u00falyosbodik a helyzet. A gy\\u00f3gymasz\\u0151rk\\u00e9nt dolgoz\\u00f3 Szabina \\u00f6nk\\u00e9nt sz\\u00fcnetelteti a munk\\u00e1j\\u00e1t.\\\"Sok id\\u0151s vend\\u00e9ghez j\\u00e1rok, nemcsak a csal\\u00e1domat, de az \\u0151 eg\\u00e9szs\\u00e9g\\u00fcket is v\\u00e9dem, ha a j\\u00e1rv\\u00e1ny v\\u00e9g\\u00e9ig felf\\u00fcggesztem a v\\u00e1llalkoz\\u00e1som. B\\u00edzom\",\"inLanguage\":\"hu-HU\",\"isPartOf\":{\"@id\":\"https:\\\/\\\/allasorias.hu\\\/hirek\\\/#website\"},\"breadcrumb\":{\"@id\":\"https:\\\/\\\/allasorias.hu\\\/hirek\\\/tobb-szazan-lehetnek-munkanelkuliek-a-jarvany-miatt\\\/#breadcrumblist\"},\"author\":{\"@id\":\"https:\\\/\\\/allasorias.hu\\\/hirek\\\/author\\\/admin-allasorias\\\/#author\"},\"creator\":{\"@id\":\"https:\\\/\\\/allasorias.hu\\\/hirek\\\/author\\\/admin-allasorias\\\/#author\"},\"image\":{\"@type\":\"ImageObject\",\"url\":\"https:\\\/\\\/allasorias.hu\\\/hirek\\\/wp-content\\\/uploads\\\/2019\\\/01\\\/conference-room-768441_640.jpg\",\"@id\":\"https:\\\/\\\/allasorias.hu\\\/hirek\\\/tobb-szazan-lehetnek-munkanelkuliek-a-jarvany-miatt\\\/#mainImage\",\"width\":640,\"height\":426},\"primaryImageOfPage\":{\"@id\":\"https:\\\/\\\/allasorias.hu\\\/hirek\\\/tobb-szazan-lehetnek-munkanelkuliek-a-jarvany-miatt\\\/#mainImage\"},\"datePublished\":\"2020-03-16T08:53:37+02:00\",\"dateModified\":\"2020-03-16T08:53:37+02:00\"},{\"@type\":\"WebSite\",\"@id\":\"https:\\\/\\\/allasorias.hu\\\/hirek\\\/#website\",\"url\":\"https:\\\/\\\/allasorias.hu\\\/hirek\\\/\",\"name\":\"AllasOrias.hu | H\\u00edrek-lapszemle\",\"description\":\"\\u00dczleti h\\u00edrek az \\u00e1ll\\u00e1s \\u00e9s a munka vil\\u00e1g\\u00e1b\\u00f3l\",\"inLanguage\":\"hu-HU\",\"publisher\":{\"@id\":\"https:\\\/\\\/allasorias.hu\\\/hirek\\\/#organization\"}}]}\n\t\t<\/script>\n\t\t<!-- All in One SEO -->\n\n","aioseo_head_json":{"title":"T\u00f6bb sz\u00e1zan lehetnek munkan\u00e9lk\u00fcliek a j\u00e1rv\u00e1ny miatt | AllasOrias.hu | H\u00edrek-lapszemle","description":"A turizmus nagyon megszenvedi a koronav\u00edrus j\u00e1rv\u00e1ny miatti helyzetet, elmaradnak a turist\u00e1k, \u00fcresek a vend\u00e9gl\u00e1t\u00f3helyek. Az el\u0151rejelz\u00e9sek sem biztat\u00f3ak: a kisebb vend\u00e9gl\u00e1t\u00f3 egys\u00e9gekn\u00e9l is s\u00falyosbodik a helyzet. A gy\u00f3gymasz\u0151rk\u00e9nt dolgoz\u00f3 Szabina \u00f6nk\u00e9nt sz\u00fcnetelteti a munk\u00e1j\u00e1t.\"Sok id\u0151s vend\u00e9ghez j\u00e1rok, nemcsak a csal\u00e1domat, de az \u0151 eg\u00e9szs\u00e9g\u00fcket is v\u00e9dem, ha a j\u00e1rv\u00e1ny v\u00e9g\u00e9ig felf\u00fcggesztem a v\u00e1llalkoz\u00e1som. B\u00edzom","canonical_url":"https:\/\/allasorias.hu\/hirek\/tobb-szazan-lehetnek-munkanelkuliek-a-jarvany-miatt\/","robots":"max-image-preview:large","keywords":"","webmasterTools":{"miscellaneous":""},"schema":{"@context":"https:\/\/schema.org","@graph":[{"@type":"Article","@id":"https:\/\/allasorias.hu\/hirek\/tobb-szazan-lehetnek-munkanelkuliek-a-jarvany-miatt\/#article","name":"T\u00f6bb sz\u00e1zan lehetnek munkan\u00e9lk\u00fcliek a j\u00e1rv\u00e1ny miatt | AllasOrias.hu | H\u00edrek-lapszemle","headline":"T\u00f6bb sz\u00e1zan lehetnek munkan\u00e9lk\u00fcliek a j\u00e1rv\u00e1ny miatt","author":{"@id":"https:\/\/allasorias.hu\/hirek\/author\/admin-allasorias\/#author"},"publisher":{"@id":"https:\/\/allasorias.hu\/hirek\/#organization"},"image":{"@type":"ImageObject","url":"https:\/\/allasorias.hu\/hirek\/wp-content\/uploads\/2019\/01\/conference-room-768441_640.jpg","width":640,"height":426},"datePublished":"2020-03-16T08:53:37+02:00","dateModified":"2020-03-16T08:53:37+02:00","inLanguage":"hu-HU","mainEntityOfPage":{"@id":"https:\/\/allasorias.hu\/hirek\/tobb-szazan-lehetnek-munkanelkuliek-a-jarvany-miatt\/#webpage"},"isPartOf":{"@id":"https:\/\/allasorias.hu\/hirek\/tobb-szazan-lehetnek-munkanelkuliek-a-jarvany-miatt\/#webpage"},"articleSection":"\u00c1ll\u00e1skeres\u00e9s, Gazdas\u00e1g"},{"@type":"BreadcrumbList","@id":"https:\/\/allasorias.hu\/hirek\/tobb-szazan-lehetnek-munkanelkuliek-a-jarvany-miatt\/#breadcrumblist","itemListElement":[{"@type":"ListItem","@id":"https:\/\/allasorias.hu\/hirek#listItem","position":1,"name":"Home","item":"https:\/\/allasorias.hu\/hirek","nextItem":{"@type":"ListItem","@id":"https:\/\/allasorias.hu\/hirek\/temak\/allaskereses\/#listItem","name":"\u00c1ll\u00e1skeres\u00e9s"}},{"@type":"ListItem","@id":"https:\/\/allasorias.hu\/hirek\/temak\/allaskereses\/#listItem","position":2,"name":"\u00c1ll\u00e1skeres\u00e9s","item":"https:\/\/allasorias.hu\/hirek\/temak\/allaskereses\/","nextItem":{"@type":"ListItem","@id":"https:\/\/allasorias.hu\/hirek\/tobb-szazan-lehetnek-munkanelkuliek-a-jarvany-miatt\/#listItem","name":"T\u00f6bb sz\u00e1zan lehetnek munkan\u00e9lk\u00fcliek a j\u00e1rv\u00e1ny miatt"},"previousItem":{"@type":"ListItem","@id":"https:\/\/allasorias.hu\/hirek#listItem","name":"Home"}},{"@type":"ListItem","@id":"https:\/\/allasorias.hu\/hirek\/tobb-szazan-lehetnek-munkanelkuliek-a-jarvany-miatt\/#listItem","position":3,"name":"T\u00f6bb sz\u00e1zan lehetnek munkan\u00e9lk\u00fcliek a j\u00e1rv\u00e1ny miatt","previousItem":{"@type":"ListItem","@id":"https:\/\/allasorias.hu\/hirek\/temak\/allaskereses\/#listItem","name":"\u00c1ll\u00e1skeres\u00e9s"}}]},{"@type":"Organization","@id":"https:\/\/allasorias.hu\/hirek\/#organization","name":"AllasOrias.hu | H\u00edrek-lapszemle","description":"\u00dczleti h\u00edrek az \u00e1ll\u00e1s \u00e9s a munka vil\u00e1g\u00e1b\u00f3l","url":"https:\/\/allasorias.hu\/hirek\/","logo":{"@type":"ImageObject","url":"https:\/\/allasorias.hu\/hirek\/wp-content\/uploads\/2022\/10\/allasorias_site_facebok_logo.png","@id":"https:\/\/allasorias.hu\/hirek\/tobb-szazan-lehetnek-munkanelkuliek-a-jarvany-miatt\/#organizationLogo"},"image":{"@id":"https:\/\/allasorias.hu\/hirek\/tobb-szazan-lehetnek-munkanelkuliek-a-jarvany-miatt\/#organizationLogo"},"sameAs":["https:\/\/www.facebook.com\/allasorias","https:\/\/www.linkedin.com\/company\/allasorias"]},{"@type":"Person","@id":"https:\/\/allasorias.hu\/hirek\/author\/admin-allasorias\/#author","url":"https:\/\/allasorias.hu\/hirek\/author\/admin-allasorias\/","name":"Juh\u00e1sz P\u00e9ter","image":{"@type":"ImageObject","@id":"https:\/\/allasorias.hu\/hirek\/tobb-szazan-lehetnek-munkanelkuliek-a-jarvany-miatt\/#authorImage","url":"https:\/\/secure.gravatar.com\/avatar\/36e6bcb83148978b992977cb0f54d22feb0cce8a0a849a9410532bb2623ba4c6?s=96&d=mm&r=g","width":96,"height":96,"caption":"Juh\u00e1sz P\u00e9ter"}},{"@type":"WebPage","@id":"https:\/\/allasorias.hu\/hirek\/tobb-szazan-lehetnek-munkanelkuliek-a-jarvany-miatt\/#webpage","url":"https:\/\/allasorias.hu\/hirek\/tobb-szazan-lehetnek-munkanelkuliek-a-jarvany-miatt\/","name":"T\u00f6bb sz\u00e1zan lehetnek munkan\u00e9lk\u00fcliek a j\u00e1rv\u00e1ny miatt | AllasOrias.hu | H\u00edrek-lapszemle","description":"A turizmus nagyon megszenvedi a koronav\u00edrus j\u00e1rv\u00e1ny miatti helyzetet, elmaradnak a turist\u00e1k, \u00fcresek a vend\u00e9gl\u00e1t\u00f3helyek. Az el\u0151rejelz\u00e9sek sem biztat\u00f3ak: a kisebb vend\u00e9gl\u00e1t\u00f3 egys\u00e9gekn\u00e9l is s\u00falyosbodik a helyzet. A gy\u00f3gymasz\u0151rk\u00e9nt dolgoz\u00f3 Szabina \u00f6nk\u00e9nt sz\u00fcnetelteti a munk\u00e1j\u00e1t.\"Sok id\u0151s vend\u00e9ghez j\u00e1rok, nemcsak a csal\u00e1domat, de az \u0151 eg\u00e9szs\u00e9g\u00fcket is v\u00e9dem, ha a j\u00e1rv\u00e1ny v\u00e9g\u00e9ig felf\u00fcggesztem a v\u00e1llalkoz\u00e1som. B\u00edzom","inLanguage":"hu-HU","isPartOf":{"@id":"https:\/\/allasorias.hu\/hirek\/#website"},"breadcrumb":{"@id":"https:\/\/allasorias.hu\/hirek\/tobb-szazan-lehetnek-munkanelkuliek-a-jarvany-miatt\/#breadcrumblist"},"author":{"@id":"https:\/\/allasorias.hu\/hirek\/author\/admin-allasorias\/#author"},"creator":{"@id":"https:\/\/allasorias.hu\/hirek\/author\/admin-allasorias\/#author"},"image":{"@type":"ImageObject","url":"https:\/\/allasorias.hu\/hirek\/wp-content\/uploads\/2019\/01\/conference-room-768441_640.jpg","@id":"https:\/\/allasorias.hu\/hirek\/tobb-szazan-lehetnek-munkanelkuliek-a-jarvany-miatt\/#mainImage","width":640,"height":426},"primaryImageOfPage":{"@id":"https:\/\/allasorias.hu\/hirek\/tobb-szazan-lehetnek-munkanelkuliek-a-jarvany-miatt\/#mainImage"},"datePublished":"2020-03-16T08:53:37+02:00","dateModified":"2020-03-16T08:53:37+02:00"},{"@type":"WebSite","@id":"https:\/\/allasorias.hu\/hirek\/#website","url":"https:\/\/allasorias.hu\/hirek\/","name":"AllasOrias.hu | H\u00edrek-lapszemle","description":"\u00dczleti h\u00edrek az \u00e1ll\u00e1s \u00e9s a munka vil\u00e1g\u00e1b\u00f3l","inLanguage":"hu-HU","publisher":{"@id":"https:\/\/allasorias.hu\/hirek\/#organization"}}]},"og:locale":"hu_HU","og:site_name":"AllasOrias.hu | H\u00edrek-lapszemle | \u00dczleti h\u00edrek az \u00e1ll\u00e1s \u00e9s a munka vil\u00e1g\u00e1b\u00f3l","og:type":"article","og:title":"T\u00f6bb sz\u00e1zan lehetnek munkan\u00e9lk\u00fcliek a j\u00e1rv\u00e1ny miatt | AllasOrias.hu | H\u00edrek-lapszemle","og:description":"A turizmus nagyon megszenvedi a koronav\u00edrus j\u00e1rv\u00e1ny miatti helyzetet, elmaradnak a turist\u00e1k, \u00fcresek a vend\u00e9gl\u00e1t\u00f3helyek. Az el\u0151rejelz\u00e9sek sem biztat\u00f3ak: a kisebb vend\u00e9gl\u00e1t\u00f3 egys\u00e9gekn\u00e9l is s\u00falyosbodik a helyzet. A gy\u00f3gymasz\u0151rk\u00e9nt dolgoz\u00f3 Szabina \u00f6nk\u00e9nt sz\u00fcnetelteti a munk\u00e1j\u00e1t.&quot;Sok id\u0151s vend\u00e9ghez j\u00e1rok, nemcsak a csal\u00e1domat, de az \u0151 eg\u00e9szs\u00e9g\u00fcket is v\u00e9dem, ha a j\u00e1rv\u00e1ny v\u00e9g\u00e9ig felf\u00fcggesztem a v\u00e1llalkoz\u00e1som. B\u00edzom","og:url":"https:\/\/allasorias.hu\/hirek\/tobb-szazan-lehetnek-munkanelkuliek-a-jarvany-miatt\/","og:image":"https:\/\/allasorias.hu\/hirek\/wp-content\/uploads\/2019\/01\/conference-room-768441_640.jpg","og:image:secure_url":"https:\/\/allasorias.hu\/hirek\/wp-content\/uploads\/2019\/01\/conference-room-768441_640.jpg","og:image:width":640,"og:image:height":426,"article:published_time":"2020-03-16T08:53:37+00:00","article:modified_time":"2020-03-16T08:53:37+00:00","article:publisher":"https:\/\/www.facebook.com\/allasorias","twitter:card":"summary_large_image","twitter:title":"T\u00f6bb sz\u00e1zan lehetnek munkan\u00e9lk\u00fcliek a j\u00e1rv\u00e1ny miatt | AllasOrias.hu | H\u00edrek-lapszemle","twitter:description":"A turizmus nagyon megszenvedi a koronav\u00edrus j\u00e1rv\u00e1ny miatti helyzetet, elmaradnak a turist\u00e1k, \u00fcresek a vend\u00e9gl\u00e1t\u00f3helyek. Az el\u0151rejelz\u00e9sek sem biztat\u00f3ak: a kisebb vend\u00e9gl\u00e1t\u00f3 egys\u00e9gekn\u00e9l is s\u00falyosbodik a helyzet. A gy\u00f3gymasz\u0151rk\u00e9nt dolgoz\u00f3 Szabina \u00f6nk\u00e9nt sz\u00fcnetelteti a munk\u00e1j\u00e1t.&quot;Sok id\u0151s vend\u00e9ghez j\u00e1rok, nemcsak a csal\u00e1domat, de az \u0151 eg\u00e9szs\u00e9g\u00fcket is v\u00e9dem, ha a j\u00e1rv\u00e1ny v\u00e9g\u00e9ig felf\u00fcggesztem a v\u00e1llalkoz\u00e1som. B\u00edzom","twitter:image":"https:\/\/allasorias.hu\/hirek\/wp-content\/uploads\/2019\/01\/conference-room-768441_640.jpg","twitter:label1":"Written by","twitter:data1":"Juh\u00e1sz P\u00e9ter","twitter:label2":"Est. reading time","twitter:data2":"1 minute"},"aioseo_meta_data":{"post_id":"3797","title":null,"description":null,"keywords":null,"keyphrases":null,"primary_term":null,"canonical_url":null,"og_title":null,"og_description":null,"og_object_type":"default","og_image_type":"default","og_image_url":null,"og_image_width":null,"og_image_height":null,"og_image_custom_url":null,"og_image_custom_fields":null,"og_video":null,"og_custom_url":null,"og_article_section":null,"og_article_tags":null,"twitter_use_og":false,"twitter_card":"default","twitter_image_type":"default","twitter_image_url":null,"twitter_image_custom_url":null,"twitter_image_custom_fields":null,"twitter_title":null,"twitter_description":null,"schema":{"blockGraphs":[],"customGraphs":[],"default":{"data":{"Article":[],"Course":[],"Dataset":[],"FAQPage":[],"Movie":[],"Person":[],"Product":[],"ProductReview":[],"Car":[],"Recipe":[],"Service":[],"SoftwareApplication":[],"WebPage":[]},"graphName":"","isEnabled":true},"graphs":[],"defaultGraph":"","defaultPostTypeGraph":""},"schema_type":null,"schema_type_options":null,"pillar_content":false,"robots_default":true,"robots_noindex":false,"robots_noarchive":false,"robots_nosnippet":false,"robots_nofollow":false,"robots_noimageindex":false,"robots_noodp":false,"robots_notranslate":false,"robots_max_snippet":null,"robots_max_videopreview":null,"robots_max_imagepreview":"large","priority":null,"frequency":null,"location":null,"local_seo":null,"breadcrumb_settings":null,"limit_modified_date":false,"ai":null,"created":"2021-02-01 21:57:19","updated":"2025-10-02 13:35:39","seo_analyzer_scan_date":null,"focus_keyword":null,"additional_keywords":null,"truseo_locale":null},"aioseo_breadcrumb":"<div class=\"aioseo-breadcrumbs\"><span class=\"aioseo-breadcrumb\">\n\t\t\t<a href=\"https:\/\/allasorias.hu\/hirek\" title=\"Home\">Home<\/a>\n\t\t<\/span><span class=\"aioseo-breadcrumb-separator\">&raquo;<\/span><span class=\"aioseo-breadcrumb\">\n\t\t\t<a href=\"https:\/\/allasorias.hu\/hirek\/temak\/allaskereses\/\" title=\"\u00c1ll\u00e1skeres\u00e9s\">\u00c1ll\u00e1skeres\u00e9s<\/a>\n\t\t<\/span><span class=\"aioseo-breadcrumb-separator\">&raquo;<\/span><span class=\"aioseo-breadcrumb\">\n\t\t\tT\u00f6bb sz\u00e1zan lehetnek munkan\u00e9lk\u00fcliek a j\u00e1rv\u00e1ny miatt\n\t\t<\/span><\/div>","aioseo_breadcrumb_json":[{"label":"Home","link":"https:\/\/allasorias.hu\/hirek"},{"label":"\u00c1ll\u00e1skeres\u00e9s","link":"https:\/\/allasorias.hu\/hirek\/temak\/allaskereses\/"},{"label":"T\u00f6bb sz\u00e1zan lehetnek munkan\u00e9lk\u00fcliek a j\u00e1rv\u00e1ny miatt","link":"https:\/\/allasorias.hu\/hirek\/tobb-szazan-lehetnek-munkanelkuliek-a-jarvany-miatt\/"}],"_links":{"self":[{"href":"https:\/\/allasorias.hu\/hirek\/wp-json\/wp\/v2\/posts\/3797","targetHints":{"allow":["GET"]}}],"collection":[{"href":"https:\/\/allasorias.hu\/hirek\/wp-json\/wp\/v2\/posts"}],"about":[{"href":"https:\/\/allasorias.hu\/hirek\/wp-json\/wp\/v2\/types\/post"}],"author":[{"embeddable":true,"href":"https:\/\/allasorias.hu\/hirek\/wp-json\/wp\/v2\/users\/1"}],"replies":[{"embeddable":true,"href":"https:\/\/allasorias.hu\/hirek\/wp-json\/wp\/v2\/comments?post=3797"}],"version-history":[{"count":1,"href":"https:\/\/allasorias.hu\/hirek\/wp-json\/wp\/v2\/posts\/3797\/revisions"}],"predecessor-version":[{"id":3798,"href":"https:\/\/allasorias.hu\/hirek\/wp-json\/wp\/v2\/posts\/3797\/revisions\/3798"}],"wp:featuredmedia":[{"embeddable":true,"href":"https:\/\/allasorias.hu\/hirek\/wp-json\/wp\/v2\/media\/2375"}],"wp:attachment":[{"href":"https:\/\/allasorias.hu\/hirek\/wp-json\/wp\/v2\/media?parent=3797"}],"wp:term":[{"taxonomy":"category","embeddable":true,"href":"https:\/\/allasorias.hu\/hirek\/wp-json\/wp\/v2\/categories?post=3797"},{"taxonomy":"post_tag","embeddable":true,"href":"https:\/\/allasorias.hu\/hirek\/wp-json\/wp\/v2\/tags?post=3797"}],"curies":[{"name":"wp","href":"https:\/\/api.w.org\/{rel}","templated":true}]}}