{"id":3795,"date":"2020-03-16T08:51:59","date_gmt":"2020-03-16T08:51:59","guid":{"rendered":"https:\/\/allasorias.hu\/hirek\/?p=3795"},"modified":"2020-03-16T08:51:59","modified_gmt":"2020-03-16T08:51:59","slug":"egyre-tobben-dolgozhatnak-otthonrol","status":"publish","type":"post","link":"https:\/\/allasorias.hu\/hirek\/egyre-tobben-dolgozhatnak-otthonrol\/","title":{"rendered":"Egyre t\u00f6bben dolgozhatnak otthonr\u00f3l"},"content":{"rendered":"<p><strong>Az irodai munk\u00e1t v\u00e9gz\u0151k eset\u00e9ben \u00fagy t\u0171nik, a v\u00e1llalatok, c\u00e9gek nagy r\u00e9sze biztos\u00edtja az otthonr\u00f3l v\u00e9gezhet\u0151 munk\u00e1t. Abban viszont k\u00e9ts\u00e9geik vannak a c\u00e9gvezet\u0151knek, hogy milyen az elv\u00e9gzett munka min\u0151s\u00e9ge. <\/strong><\/p>\n<p>Els\u0151sorban irodai munk\u00e1t v\u00e9gz\u0151 munkat\u00e1rsakat foglalkoztat\u00f3 v\u00e1llalatok nagy r\u00e9sze bevezeti az otthoni munkav\u00e9gz\u00e9st, amennyiben a j\u00e1rv\u00e1nyhelyzet \u00fagy k\u00edv\u00e1nja, \u00e9s csup\u00e1n t\u00edz sz\u00e1zal\u00e9kuk k\u00fclden\u00e9 t\u00e1pp\u00e9nzre vagy szabads\u00e1gra dolgoz\u00f3it &#8211; der\u00fcl ki a Dreamjo.bs \u00e9s Az \u00c9v Irod\u00e1ja friss kutat\u00e1s\u00e1b\u00f3l. A c\u00e9ges v\u00e1laszok szerint a t\u00f6bbs\u00e9g fel is van k\u00e9sz\u00fclve a t\u00e1vmunk\u00e1ra, \u00e9s az nem is ismeretlen sz\u00e1mukra. T\u00f6bb mint 80 sz\u00e1zal\u00e9kukn\u00e1l a teljes c\u00e9g, vagy a munkav\u00e1llal\u00f3k nagy r\u00e9sze ugyanis egy\u00e9bk\u00e9nt is szokott otthonr\u00f3l dolgozni. A t\u00e1vmunk\u00e1ban a mikrov\u00e1llalatok j\u00e1rnak az \u00e9len, n\u00e1luk az ar\u00e1ny t\u00f6bb, mint 90 sz\u00e1zal\u00e9k. A felm\u00e9r\u00e9s sor\u00e1n kev\u00e9s \u2013 6 sz\u00e1zal\u00e9k \u2013 c\u00e9g v\u00e1laszolt \u00fagy, hogy egy\u00e1ltal\u00e1n nincs a munkav\u00e1llal\u00f3knak otthoni szerverhozz\u00e1f\u00e9r\u00e9se. Vide\u00f3konferenci\u00e1ra alkalmas szoftverrel t\u00edzb\u0151l nyolc c\u00e9g rendelkezik, projektmenedzsment szoftverrel pedig minden harmadik v\u00e1llalat dolgozik. A kimondottan \u00e1ll\u00e1sinterj\u00fara fejlesztett program, azaz vide\u00f3interj\u00fa platform azonban hi\u00e1nyzik a c\u00e9gek palett\u00e1j\u00e1r\u00f3l: 84 sz\u00e1zal\u00e9kuk m\u00e9g egy\u00e1ltal\u00e1n nem tal\u00e1lkozott ilyen eszk\u00f6zzel, \u00edgy el\u0151fordulhat, hogy a HR-eseknek kih\u00edv\u00e1s lesz a k\u00f6vetkez\u0151 id\u0151szak a toborz\u00e1s szempontj\u00e1b\u00f3l. A felm\u00e9r\u00e9s szerint a munkav\u00e1llal\u00f3k ir\u00e1nti bizalommal is akadnak gondok. A megk\u00e9rdezett c\u00e9gvezet\u0151knek, HR-vezet\u0151knek csaknem egyharmada vallott \u00fagy, hogy nem b\u00edzik a koll\u00e9g\u00e1kban, vagy legal\u00e1bbis vannak k\u00e9ts\u00e9geik, hogy a kiadott feladatokat marad\u00e9ktalanul el fogj\u00e1k-e otthonr\u00f3l v\u00e9gezni. Ez a v\u00e9leked\u00e9s legink\u00e1bb a p\u00e9nz\u00fcgyi \u00e9s a kommunik\u00e1ci\u00f3s szektorra jellemz\u0151. A felm\u00e9r\u00e9sb\u0151l kider\u00fcl az is: a c\u00e9gek harmada r\u00e9szben vagy teljesen le\u00e1ll\u00edtotta \u00e1ll\u00e1shirdet\u00e9seit az elm\u00falt napokban. Ez els\u0151sorban a szoftverfejleszt\u00e9s \u00e9s e-commerce ter\u00fcleteken mozg\u00f3 c\u00e9geket \u00e9rinti. A v\u00e1laszad\u00f3k 94 sz\u00e1zal\u00e9k\u00e1n\u00e1l ugyanakkor m\u00e9g egy\u00e1ltal\u00e1n nem mer\u00fclt fel az elbocs\u00e1t\u00e1sok k\u00e9rd\u00e9se a c\u00e9gen bel\u00fcl.<\/p>\n<p>Forr\u00e1s: szakszervezetek.hu<\/p>\n","protected":false},"excerpt":{"rendered":"<p>Az irodai munk\u00e1t v\u00e9gz\u0151k eset\u00e9ben \u00fagy t\u0171nik, a v\u00e1llalatok, c\u00e9gek nagy r\u00e9sze biztos\u00edtja az otthonr\u00f3l v\u00e9gezhet\u0151 munk\u00e1t. Abban viszont k\u00e9ts\u00e9geik vannak a c\u00e9gvezet\u0151knek, hogy milyen az elv\u00e9gzett munka min\u0151s\u00e9ge. Els\u0151sorban irodai munk\u00e1t v\u00e9gz\u0151 munkat\u00e1rsakat foglalkoztat\u00f3 v\u00e1llalatok nagy r\u00e9sze bevezeti az otthoni munkav\u00e9gz\u00e9st, amennyiben a j\u00e1rv\u00e1nyhelyzet \u00fagy k\u00edv\u00e1nja, \u00e9s csup\u00e1n t\u00edz sz\u00e1zal\u00e9kuk k\u00fclden\u00e9 t\u00e1pp\u00e9nzre vagy szabads\u00e1gra [&hellip;]<\/p>\n","protected":false},"author":1,"featured_media":3293,"comment_status":"open","ping_status":"open","sticky":false,"template":"","format":"standard","meta":{"_monsterinsights_skip_tracking":false,"footnotes":""},"categories":[200],"tags":[],"class_list":["post-3795","post","type-post","status-publish","format-standard","has-post-thumbnail","hentry","category-munkaeropiac"],"aioseo_notices":[],"aioseo_head":"\n\t\t<!-- All in One SEO 5.0.0.1 - aioseo.com -->\n\t<meta name=\"description\" content=\"Az irodai munk\u00e1t v\u00e9gz\u0151k eset\u00e9ben \u00fagy t\u0171nik, a v\u00e1llalatok, c\u00e9gek nagy r\u00e9sze biztos\u00edtja az otthonr\u00f3l v\u00e9gezhet\u0151 munk\u00e1t. Abban viszont k\u00e9ts\u00e9geik vannak a c\u00e9gvezet\u0151knek, hogy milyen az elv\u00e9gzett munka min\u0151s\u00e9ge. Els\u0151sorban irodai munk\u00e1t v\u00e9gz\u0151 munkat\u00e1rsakat foglalkoztat\u00f3 v\u00e1llalatok nagy r\u00e9sze bevezeti az otthoni munkav\u00e9gz\u00e9st, amennyiben a j\u00e1rv\u00e1nyhelyzet \u00fagy k\u00edv\u00e1nja, \u00e9s csup\u00e1n t\u00edz sz\u00e1zal\u00e9kuk k\u00fclden\u00e9 t\u00e1pp\u00e9nzre vagy szabads\u00e1gra\" \/>\n\t<meta name=\"robots\" content=\"max-image-preview:large\" \/>\n\t<meta name=\"author\" content=\"Juh\u00e1sz P\u00e9ter\"\/>\n\t<link rel=\"canonical\" href=\"https:\/\/allasorias.hu\/hirek\/egyre-tobben-dolgozhatnak-otthonrol\/\" \/>\n\t<meta name=\"generator\" content=\"All in One SEO (AIOSEO) 5.0.0.1\" \/>\n\t\t<meta property=\"og:locale\" content=\"hu_HU\" \/>\n\t\t<meta property=\"og:site_name\" content=\"AllasOrias.hu | H\u00edrek-lapszemle | \u00dczleti h\u00edrek az \u00e1ll\u00e1s \u00e9s a munka vil\u00e1g\u00e1b\u00f3l\" \/>\n\t\t<meta property=\"og:type\" content=\"article\" \/>\n\t\t<meta property=\"og:title\" content=\"Egyre t\u00f6bben dolgozhatnak otthonr\u00f3l | AllasOrias.hu | H\u00edrek-lapszemle\" \/>\n\t\t<meta property=\"og:description\" content=\"Az irodai munk\u00e1t v\u00e9gz\u0151k eset\u00e9ben \u00fagy t\u0171nik, a v\u00e1llalatok, c\u00e9gek nagy r\u00e9sze biztos\u00edtja az otthonr\u00f3l v\u00e9gezhet\u0151 munk\u00e1t. Abban viszont k\u00e9ts\u00e9geik vannak a c\u00e9gvezet\u0151knek, hogy milyen az elv\u00e9gzett munka min\u0151s\u00e9ge. Els\u0151sorban irodai munk\u00e1t v\u00e9gz\u0151 munkat\u00e1rsakat foglalkoztat\u00f3 v\u00e1llalatok nagy r\u00e9sze bevezeti az otthoni munkav\u00e9gz\u00e9st, amennyiben a j\u00e1rv\u00e1nyhelyzet \u00fagy k\u00edv\u00e1nja, \u00e9s csup\u00e1n t\u00edz sz\u00e1zal\u00e9kuk k\u00fclden\u00e9 t\u00e1pp\u00e9nzre vagy szabads\u00e1gra\" \/>\n\t\t<meta property=\"og:url\" content=\"https:\/\/allasorias.hu\/hirek\/egyre-tobben-dolgozhatnak-otthonrol\/\" \/>\n\t\t<meta property=\"og:image\" content=\"https:\/\/allasorias.hu\/hirek\/wp-content\/uploads\/2019\/09\/attractive-beautiful-browsing-1586973.jpg\" \/>\n\t\t<meta property=\"og:image:secure_url\" content=\"https:\/\/allasorias.hu\/hirek\/wp-content\/uploads\/2019\/09\/attractive-beautiful-browsing-1586973.jpg\" \/>\n\t\t<meta property=\"og:image:width\" content=\"640\" \/>\n\t\t<meta property=\"og:image:height\" content=\"426\" \/>\n\t\t<meta property=\"article:published_time\" content=\"2020-03-16T08:51:59+00:00\" \/>\n\t\t<meta property=\"article:modified_time\" content=\"2020-03-16T08:51:59+00:00\" \/>\n\t\t<meta property=\"article:publisher\" content=\"https:\/\/www.facebook.com\/allasorias\" \/>\n\t\t<meta name=\"twitter:card\" content=\"summary_large_image\" \/>\n\t\t<meta name=\"twitter:title\" content=\"Egyre t\u00f6bben dolgozhatnak otthonr\u00f3l | AllasOrias.hu | H\u00edrek-lapszemle\" \/>\n\t\t<meta name=\"twitter:description\" content=\"Az irodai munk\u00e1t v\u00e9gz\u0151k eset\u00e9ben \u00fagy t\u0171nik, a v\u00e1llalatok, c\u00e9gek nagy r\u00e9sze biztos\u00edtja az otthonr\u00f3l v\u00e9gezhet\u0151 munk\u00e1t. Abban viszont k\u00e9ts\u00e9geik vannak a c\u00e9gvezet\u0151knek, hogy milyen az elv\u00e9gzett munka min\u0151s\u00e9ge. Els\u0151sorban irodai munk\u00e1t v\u00e9gz\u0151 munkat\u00e1rsakat foglalkoztat\u00f3 v\u00e1llalatok nagy r\u00e9sze bevezeti az otthoni munkav\u00e9gz\u00e9st, amennyiben a j\u00e1rv\u00e1nyhelyzet \u00fagy k\u00edv\u00e1nja, \u00e9s csup\u00e1n t\u00edz sz\u00e1zal\u00e9kuk k\u00fclden\u00e9 t\u00e1pp\u00e9nzre vagy szabads\u00e1gra\" \/>\n\t\t<meta name=\"twitter:image\" content=\"https:\/\/allasorias.hu\/hirek\/wp-content\/uploads\/2019\/09\/attractive-beautiful-browsing-1586973.jpg\" \/>\n\t\t<meta name=\"twitter:label1\" content=\"Written by\" \/>\n\t\t<meta name=\"twitter:data1\" content=\"Juh\u00e1sz P\u00e9ter\" \/>\n\t\t<meta name=\"twitter:label2\" content=\"Est. reading time\" \/>\n\t\t<meta name=\"twitter:data2\" content=\"2 minutes\" \/>\n\t\t<script type=\"application\/ld+json\" class=\"aioseo-schema\">\n\t\t\t{\"@context\":\"https:\\\/\\\/schema.org\",\"@graph\":[{\"@type\":\"Article\",\"@id\":\"https:\\\/\\\/allasorias.hu\\\/hirek\\\/egyre-tobben-dolgozhatnak-otthonrol\\\/#article\",\"name\":\"Egyre t\\u00f6bben dolgozhatnak otthonr\\u00f3l | AllasOrias.hu | H\\u00edrek-lapszemle\",\"headline\":\"Egyre t\\u00f6bben dolgozhatnak otthonr\\u00f3l\",\"author\":{\"@id\":\"https:\\\/\\\/allasorias.hu\\\/hirek\\\/author\\\/admin-allasorias\\\/#author\"},\"publisher\":{\"@id\":\"https:\\\/\\\/allasorias.hu\\\/hirek\\\/#organization\"},\"image\":{\"@type\":\"ImageObject\",\"url\":\"https:\\\/\\\/allasorias.hu\\\/hirek\\\/wp-content\\\/uploads\\\/2019\\\/09\\\/attractive-beautiful-browsing-1586973.jpg\",\"width\":640,\"height\":426},\"datePublished\":\"2020-03-16T08:51:59+02:00\",\"dateModified\":\"2020-03-16T08:51:59+02:00\",\"inLanguage\":\"hu-HU\",\"mainEntityOfPage\":{\"@id\":\"https:\\\/\\\/allasorias.hu\\\/hirek\\\/egyre-tobben-dolgozhatnak-otthonrol\\\/#webpage\"},\"isPartOf\":{\"@id\":\"https:\\\/\\\/allasorias.hu\\\/hirek\\\/egyre-tobben-dolgozhatnak-otthonrol\\\/#webpage\"},\"articleSection\":\"Munkaer\\u0151piac\"},{\"@type\":\"BreadcrumbList\",\"@id\":\"https:\\\/\\\/allasorias.hu\\\/hirek\\\/egyre-tobben-dolgozhatnak-otthonrol\\\/#breadcrumblist\",\"itemListElement\":[{\"@type\":\"ListItem\",\"@id\":\"https:\\\/\\\/allasorias.hu\\\/hirek#listItem\",\"position\":1,\"name\":\"Home\",\"item\":\"https:\\\/\\\/allasorias.hu\\\/hirek\",\"nextItem\":{\"@type\":\"ListItem\",\"@id\":\"https:\\\/\\\/allasorias.hu\\\/hirek\\\/temak\\\/munkaeropiac\\\/#listItem\",\"name\":\"Munkaer\\u0151piac\"}},{\"@type\":\"ListItem\",\"@id\":\"https:\\\/\\\/allasorias.hu\\\/hirek\\\/temak\\\/munkaeropiac\\\/#listItem\",\"position\":2,\"name\":\"Munkaer\\u0151piac\",\"item\":\"https:\\\/\\\/allasorias.hu\\\/hirek\\\/temak\\\/munkaeropiac\\\/\",\"nextItem\":{\"@type\":\"ListItem\",\"@id\":\"https:\\\/\\\/allasorias.hu\\\/hirek\\\/egyre-tobben-dolgozhatnak-otthonrol\\\/#listItem\",\"name\":\"Egyre t\\u00f6bben dolgozhatnak otthonr\\u00f3l\"},\"previousItem\":{\"@type\":\"ListItem\",\"@id\":\"https:\\\/\\\/allasorias.hu\\\/hirek#listItem\",\"name\":\"Home\"}},{\"@type\":\"ListItem\",\"@id\":\"https:\\\/\\\/allasorias.hu\\\/hirek\\\/egyre-tobben-dolgozhatnak-otthonrol\\\/#listItem\",\"position\":3,\"name\":\"Egyre t\\u00f6bben dolgozhatnak otthonr\\u00f3l\",\"previousItem\":{\"@type\":\"ListItem\",\"@id\":\"https:\\\/\\\/allasorias.hu\\\/hirek\\\/temak\\\/munkaeropiac\\\/#listItem\",\"name\":\"Munkaer\\u0151piac\"}}]},{\"@type\":\"Organization\",\"@id\":\"https:\\\/\\\/allasorias.hu\\\/hirek\\\/#organization\",\"name\":\"AllasOrias.hu | H\\u00edrek-lapszemle\",\"description\":\"\\u00dczleti h\\u00edrek az \\u00e1ll\\u00e1s \\u00e9s a munka vil\\u00e1g\\u00e1b\\u00f3l\",\"url\":\"https:\\\/\\\/allasorias.hu\\\/hirek\\\/\",\"logo\":{\"@type\":\"ImageObject\",\"url\":\"https:\\\/\\\/allasorias.hu\\\/hirek\\\/wp-content\\\/uploads\\\/2022\\\/10\\\/allasorias_site_facebok_logo.png\",\"@id\":\"https:\\\/\\\/allasorias.hu\\\/hirek\\\/egyre-tobben-dolgozhatnak-otthonrol\\\/#organizationLogo\"},\"image\":{\"@id\":\"https:\\\/\\\/allasorias.hu\\\/hirek\\\/egyre-tobben-dolgozhatnak-otthonrol\\\/#organizationLogo\"},\"sameAs\":[\"https:\\\/\\\/www.facebook.com\\\/allasorias\",\"https:\\\/\\\/www.linkedin.com\\\/company\\\/allasorias\"]},{\"@type\":\"Person\",\"@id\":\"https:\\\/\\\/allasorias.hu\\\/hirek\\\/author\\\/admin-allasorias\\\/#author\",\"url\":\"https:\\\/\\\/allasorias.hu\\\/hirek\\\/author\\\/admin-allasorias\\\/\",\"name\":\"Juh\\u00e1sz P\\u00e9ter\",\"image\":{\"@type\":\"ImageObject\",\"@id\":\"https:\\\/\\\/allasorias.hu\\\/hirek\\\/egyre-tobben-dolgozhatnak-otthonrol\\\/#authorImage\",\"url\":\"https:\\\/\\\/secure.gravatar.com\\\/avatar\\\/36e6bcb83148978b992977cb0f54d22feb0cce8a0a849a9410532bb2623ba4c6?s=96&d=mm&r=g\",\"width\":96,\"height\":96,\"caption\":\"Juh\\u00e1sz P\\u00e9ter\"}},{\"@type\":\"WebPage\",\"@id\":\"https:\\\/\\\/allasorias.hu\\\/hirek\\\/egyre-tobben-dolgozhatnak-otthonrol\\\/#webpage\",\"url\":\"https:\\\/\\\/allasorias.hu\\\/hirek\\\/egyre-tobben-dolgozhatnak-otthonrol\\\/\",\"name\":\"Egyre t\\u00f6bben dolgozhatnak otthonr\\u00f3l | AllasOrias.hu | H\\u00edrek-lapszemle\",\"description\":\"Az irodai munk\\u00e1t v\\u00e9gz\\u0151k eset\\u00e9ben \\u00fagy t\\u0171nik, a v\\u00e1llalatok, c\\u00e9gek nagy r\\u00e9sze biztos\\u00edtja az otthonr\\u00f3l v\\u00e9gezhet\\u0151 munk\\u00e1t. Abban viszont k\\u00e9ts\\u00e9geik vannak a c\\u00e9gvezet\\u0151knek, hogy milyen az elv\\u00e9gzett munka min\\u0151s\\u00e9ge. Els\\u0151sorban irodai munk\\u00e1t v\\u00e9gz\\u0151 munkat\\u00e1rsakat foglalkoztat\\u00f3 v\\u00e1llalatok nagy r\\u00e9sze bevezeti az otthoni munkav\\u00e9gz\\u00e9st, amennyiben a j\\u00e1rv\\u00e1nyhelyzet \\u00fagy k\\u00edv\\u00e1nja, \\u00e9s csup\\u00e1n t\\u00edz sz\\u00e1zal\\u00e9kuk k\\u00fclden\\u00e9 t\\u00e1pp\\u00e9nzre vagy szabads\\u00e1gra\",\"inLanguage\":\"hu-HU\",\"isPartOf\":{\"@id\":\"https:\\\/\\\/allasorias.hu\\\/hirek\\\/#website\"},\"breadcrumb\":{\"@id\":\"https:\\\/\\\/allasorias.hu\\\/hirek\\\/egyre-tobben-dolgozhatnak-otthonrol\\\/#breadcrumblist\"},\"author\":{\"@id\":\"https:\\\/\\\/allasorias.hu\\\/hirek\\\/author\\\/admin-allasorias\\\/#author\"},\"creator\":{\"@id\":\"https:\\\/\\\/allasorias.hu\\\/hirek\\\/author\\\/admin-allasorias\\\/#author\"},\"image\":{\"@type\":\"ImageObject\",\"url\":\"https:\\\/\\\/allasorias.hu\\\/hirek\\\/wp-content\\\/uploads\\\/2019\\\/09\\\/attractive-beautiful-browsing-1586973.jpg\",\"@id\":\"https:\\\/\\\/allasorias.hu\\\/hirek\\\/egyre-tobben-dolgozhatnak-otthonrol\\\/#mainImage\",\"width\":640,\"height\":426},\"primaryImageOfPage\":{\"@id\":\"https:\\\/\\\/allasorias.hu\\\/hirek\\\/egyre-tobben-dolgozhatnak-otthonrol\\\/#mainImage\"},\"datePublished\":\"2020-03-16T08:51:59+02:00\",\"dateModified\":\"2020-03-16T08:51:59+02:00\"},{\"@type\":\"WebSite\",\"@id\":\"https:\\\/\\\/allasorias.hu\\\/hirek\\\/#website\",\"url\":\"https:\\\/\\\/allasorias.hu\\\/hirek\\\/\",\"name\":\"AllasOrias.hu | H\\u00edrek-lapszemle\",\"description\":\"\\u00dczleti h\\u00edrek az \\u00e1ll\\u00e1s \\u00e9s a munka vil\\u00e1g\\u00e1b\\u00f3l\",\"inLanguage\":\"hu-HU\",\"publisher\":{\"@id\":\"https:\\\/\\\/allasorias.hu\\\/hirek\\\/#organization\"}}]}\n\t\t<\/script>\n\t\t<!-- All in One SEO -->\n\n","aioseo_head_json":{"title":"Egyre t\u00f6bben dolgozhatnak otthonr\u00f3l | AllasOrias.hu | H\u00edrek-lapszemle","description":"Az irodai munk\u00e1t v\u00e9gz\u0151k eset\u00e9ben \u00fagy t\u0171nik, a v\u00e1llalatok, c\u00e9gek nagy r\u00e9sze biztos\u00edtja az otthonr\u00f3l v\u00e9gezhet\u0151 munk\u00e1t. Abban viszont k\u00e9ts\u00e9geik vannak a c\u00e9gvezet\u0151knek, hogy milyen az elv\u00e9gzett munka min\u0151s\u00e9ge. Els\u0151sorban irodai munk\u00e1t v\u00e9gz\u0151 munkat\u00e1rsakat foglalkoztat\u00f3 v\u00e1llalatok nagy r\u00e9sze bevezeti az otthoni munkav\u00e9gz\u00e9st, amennyiben a j\u00e1rv\u00e1nyhelyzet \u00fagy k\u00edv\u00e1nja, \u00e9s csup\u00e1n t\u00edz sz\u00e1zal\u00e9kuk k\u00fclden\u00e9 t\u00e1pp\u00e9nzre vagy szabads\u00e1gra","canonical_url":"https:\/\/allasorias.hu\/hirek\/egyre-tobben-dolgozhatnak-otthonrol\/","robots":"max-image-preview:large","keywords":"","webmasterTools":{"miscellaneous":""},"schema":{"@context":"https:\/\/schema.org","@graph":[{"@type":"Article","@id":"https:\/\/allasorias.hu\/hirek\/egyre-tobben-dolgozhatnak-otthonrol\/#article","name":"Egyre t\u00f6bben dolgozhatnak otthonr\u00f3l | AllasOrias.hu | H\u00edrek-lapszemle","headline":"Egyre t\u00f6bben dolgozhatnak otthonr\u00f3l","author":{"@id":"https:\/\/allasorias.hu\/hirek\/author\/admin-allasorias\/#author"},"publisher":{"@id":"https:\/\/allasorias.hu\/hirek\/#organization"},"image":{"@type":"ImageObject","url":"https:\/\/allasorias.hu\/hirek\/wp-content\/uploads\/2019\/09\/attractive-beautiful-browsing-1586973.jpg","width":640,"height":426},"datePublished":"2020-03-16T08:51:59+02:00","dateModified":"2020-03-16T08:51:59+02:00","inLanguage":"hu-HU","mainEntityOfPage":{"@id":"https:\/\/allasorias.hu\/hirek\/egyre-tobben-dolgozhatnak-otthonrol\/#webpage"},"isPartOf":{"@id":"https:\/\/allasorias.hu\/hirek\/egyre-tobben-dolgozhatnak-otthonrol\/#webpage"},"articleSection":"Munkaer\u0151piac"},{"@type":"BreadcrumbList","@id":"https:\/\/allasorias.hu\/hirek\/egyre-tobben-dolgozhatnak-otthonrol\/#breadcrumblist","itemListElement":[{"@type":"ListItem","@id":"https:\/\/allasorias.hu\/hirek#listItem","position":1,"name":"Home","item":"https:\/\/allasorias.hu\/hirek","nextItem":{"@type":"ListItem","@id":"https:\/\/allasorias.hu\/hirek\/temak\/munkaeropiac\/#listItem","name":"Munkaer\u0151piac"}},{"@type":"ListItem","@id":"https:\/\/allasorias.hu\/hirek\/temak\/munkaeropiac\/#listItem","position":2,"name":"Munkaer\u0151piac","item":"https:\/\/allasorias.hu\/hirek\/temak\/munkaeropiac\/","nextItem":{"@type":"ListItem","@id":"https:\/\/allasorias.hu\/hirek\/egyre-tobben-dolgozhatnak-otthonrol\/#listItem","name":"Egyre t\u00f6bben dolgozhatnak otthonr\u00f3l"},"previousItem":{"@type":"ListItem","@id":"https:\/\/allasorias.hu\/hirek#listItem","name":"Home"}},{"@type":"ListItem","@id":"https:\/\/allasorias.hu\/hirek\/egyre-tobben-dolgozhatnak-otthonrol\/#listItem","position":3,"name":"Egyre t\u00f6bben dolgozhatnak otthonr\u00f3l","previousItem":{"@type":"ListItem","@id":"https:\/\/allasorias.hu\/hirek\/temak\/munkaeropiac\/#listItem","name":"Munkaer\u0151piac"}}]},{"@type":"Organization","@id":"https:\/\/allasorias.hu\/hirek\/#organization","name":"AllasOrias.hu | H\u00edrek-lapszemle","description":"\u00dczleti h\u00edrek az \u00e1ll\u00e1s \u00e9s a munka vil\u00e1g\u00e1b\u00f3l","url":"https:\/\/allasorias.hu\/hirek\/","logo":{"@type":"ImageObject","url":"https:\/\/allasorias.hu\/hirek\/wp-content\/uploads\/2022\/10\/allasorias_site_facebok_logo.png","@id":"https:\/\/allasorias.hu\/hirek\/egyre-tobben-dolgozhatnak-otthonrol\/#organizationLogo"},"image":{"@id":"https:\/\/allasorias.hu\/hirek\/egyre-tobben-dolgozhatnak-otthonrol\/#organizationLogo"},"sameAs":["https:\/\/www.facebook.com\/allasorias","https:\/\/www.linkedin.com\/company\/allasorias"]},{"@type":"Person","@id":"https:\/\/allasorias.hu\/hirek\/author\/admin-allasorias\/#author","url":"https:\/\/allasorias.hu\/hirek\/author\/admin-allasorias\/","name":"Juh\u00e1sz P\u00e9ter","image":{"@type":"ImageObject","@id":"https:\/\/allasorias.hu\/hirek\/egyre-tobben-dolgozhatnak-otthonrol\/#authorImage","url":"https:\/\/secure.gravatar.com\/avatar\/36e6bcb83148978b992977cb0f54d22feb0cce8a0a849a9410532bb2623ba4c6?s=96&d=mm&r=g","width":96,"height":96,"caption":"Juh\u00e1sz P\u00e9ter"}},{"@type":"WebPage","@id":"https:\/\/allasorias.hu\/hirek\/egyre-tobben-dolgozhatnak-otthonrol\/#webpage","url":"https:\/\/allasorias.hu\/hirek\/egyre-tobben-dolgozhatnak-otthonrol\/","name":"Egyre t\u00f6bben dolgozhatnak otthonr\u00f3l | AllasOrias.hu | H\u00edrek-lapszemle","description":"Az irodai munk\u00e1t v\u00e9gz\u0151k eset\u00e9ben \u00fagy t\u0171nik, a v\u00e1llalatok, c\u00e9gek nagy r\u00e9sze biztos\u00edtja az otthonr\u00f3l v\u00e9gezhet\u0151 munk\u00e1t. Abban viszont k\u00e9ts\u00e9geik vannak a c\u00e9gvezet\u0151knek, hogy milyen az elv\u00e9gzett munka min\u0151s\u00e9ge. Els\u0151sorban irodai munk\u00e1t v\u00e9gz\u0151 munkat\u00e1rsakat foglalkoztat\u00f3 v\u00e1llalatok nagy r\u00e9sze bevezeti az otthoni munkav\u00e9gz\u00e9st, amennyiben a j\u00e1rv\u00e1nyhelyzet \u00fagy k\u00edv\u00e1nja, \u00e9s csup\u00e1n t\u00edz sz\u00e1zal\u00e9kuk k\u00fclden\u00e9 t\u00e1pp\u00e9nzre vagy szabads\u00e1gra","inLanguage":"hu-HU","isPartOf":{"@id":"https:\/\/allasorias.hu\/hirek\/#website"},"breadcrumb":{"@id":"https:\/\/allasorias.hu\/hirek\/egyre-tobben-dolgozhatnak-otthonrol\/#breadcrumblist"},"author":{"@id":"https:\/\/allasorias.hu\/hirek\/author\/admin-allasorias\/#author"},"creator":{"@id":"https:\/\/allasorias.hu\/hirek\/author\/admin-allasorias\/#author"},"image":{"@type":"ImageObject","url":"https:\/\/allasorias.hu\/hirek\/wp-content\/uploads\/2019\/09\/attractive-beautiful-browsing-1586973.jpg","@id":"https:\/\/allasorias.hu\/hirek\/egyre-tobben-dolgozhatnak-otthonrol\/#mainImage","width":640,"height":426},"primaryImageOfPage":{"@id":"https:\/\/allasorias.hu\/hirek\/egyre-tobben-dolgozhatnak-otthonrol\/#mainImage"},"datePublished":"2020-03-16T08:51:59+02:00","dateModified":"2020-03-16T08:51:59+02:00"},{"@type":"WebSite","@id":"https:\/\/allasorias.hu\/hirek\/#website","url":"https:\/\/allasorias.hu\/hirek\/","name":"AllasOrias.hu | H\u00edrek-lapszemle","description":"\u00dczleti h\u00edrek az \u00e1ll\u00e1s \u00e9s a munka vil\u00e1g\u00e1b\u00f3l","inLanguage":"hu-HU","publisher":{"@id":"https:\/\/allasorias.hu\/hirek\/#organization"}}]},"og:locale":"hu_HU","og:site_name":"AllasOrias.hu | H\u00edrek-lapszemle | \u00dczleti h\u00edrek az \u00e1ll\u00e1s \u00e9s a munka vil\u00e1g\u00e1b\u00f3l","og:type":"article","og:title":"Egyre t\u00f6bben dolgozhatnak otthonr\u00f3l | AllasOrias.hu | H\u00edrek-lapszemle","og:description":"Az irodai munk\u00e1t v\u00e9gz\u0151k eset\u00e9ben \u00fagy t\u0171nik, a v\u00e1llalatok, c\u00e9gek nagy r\u00e9sze biztos\u00edtja az otthonr\u00f3l v\u00e9gezhet\u0151 munk\u00e1t. Abban viszont k\u00e9ts\u00e9geik vannak a c\u00e9gvezet\u0151knek, hogy milyen az elv\u00e9gzett munka min\u0151s\u00e9ge. Els\u0151sorban irodai munk\u00e1t v\u00e9gz\u0151 munkat\u00e1rsakat foglalkoztat\u00f3 v\u00e1llalatok nagy r\u00e9sze bevezeti az otthoni munkav\u00e9gz\u00e9st, amennyiben a j\u00e1rv\u00e1nyhelyzet \u00fagy k\u00edv\u00e1nja, \u00e9s csup\u00e1n t\u00edz sz\u00e1zal\u00e9kuk k\u00fclden\u00e9 t\u00e1pp\u00e9nzre vagy szabads\u00e1gra","og:url":"https:\/\/allasorias.hu\/hirek\/egyre-tobben-dolgozhatnak-otthonrol\/","og:image":"https:\/\/allasorias.hu\/hirek\/wp-content\/uploads\/2019\/09\/attractive-beautiful-browsing-1586973.jpg","og:image:secure_url":"https:\/\/allasorias.hu\/hirek\/wp-content\/uploads\/2019\/09\/attractive-beautiful-browsing-1586973.jpg","og:image:width":640,"og:image:height":426,"article:published_time":"2020-03-16T08:51:59+00:00","article:modified_time":"2020-03-16T08:51:59+00:00","article:publisher":"https:\/\/www.facebook.com\/allasorias","twitter:card":"summary_large_image","twitter:title":"Egyre t\u00f6bben dolgozhatnak otthonr\u00f3l | AllasOrias.hu | H\u00edrek-lapszemle","twitter:description":"Az irodai munk\u00e1t v\u00e9gz\u0151k eset\u00e9ben \u00fagy t\u0171nik, a v\u00e1llalatok, c\u00e9gek nagy r\u00e9sze biztos\u00edtja az otthonr\u00f3l v\u00e9gezhet\u0151 munk\u00e1t. Abban viszont k\u00e9ts\u00e9geik vannak a c\u00e9gvezet\u0151knek, hogy milyen az elv\u00e9gzett munka min\u0151s\u00e9ge. Els\u0151sorban irodai munk\u00e1t v\u00e9gz\u0151 munkat\u00e1rsakat foglalkoztat\u00f3 v\u00e1llalatok nagy r\u00e9sze bevezeti az otthoni munkav\u00e9gz\u00e9st, amennyiben a j\u00e1rv\u00e1nyhelyzet \u00fagy k\u00edv\u00e1nja, \u00e9s csup\u00e1n t\u00edz sz\u00e1zal\u00e9kuk k\u00fclden\u00e9 t\u00e1pp\u00e9nzre vagy szabads\u00e1gra","twitter:image":"https:\/\/allasorias.hu\/hirek\/wp-content\/uploads\/2019\/09\/attractive-beautiful-browsing-1586973.jpg","twitter:label1":"Written by","twitter:data1":"Juh\u00e1sz P\u00e9ter","twitter:label2":"Est. reading time","twitter:data2":"2 minutes"},"aioseo_meta_data":{"post_id":"3795","title":null,"description":null,"keywords":null,"keyphrases":null,"primary_term":null,"canonical_url":null,"og_title":null,"og_description":null,"og_object_type":"default","og_image_type":"default","og_image_url":null,"og_image_width":null,"og_image_height":null,"og_image_custom_url":null,"og_image_custom_fields":null,"og_video":null,"og_custom_url":null,"og_article_section":null,"og_article_tags":null,"twitter_use_og":false,"twitter_card":"default","twitter_image_type":"default","twitter_image_url":null,"twitter_image_custom_url":null,"twitter_image_custom_fields":null,"twitter_title":null,"twitter_description":null,"schema":{"blockGraphs":[],"customGraphs":[],"default":{"data":{"Article":[],"Course":[],"Dataset":[],"FAQPage":[],"Movie":[],"Person":[],"Product":[],"ProductReview":[],"Car":[],"Recipe":[],"Service":[],"SoftwareApplication":[],"WebPage":[]},"graphName":"","isEnabled":true},"graphs":[],"defaultGraph":"","defaultPostTypeGraph":""},"schema_type":null,"schema_type_options":null,"pillar_content":false,"robots_default":true,"robots_noindex":false,"robots_noarchive":false,"robots_nosnippet":false,"robots_nofollow":false,"robots_noimageindex":false,"robots_noodp":false,"robots_notranslate":false,"robots_max_snippet":null,"robots_max_videopreview":null,"robots_max_imagepreview":"large","priority":null,"frequency":null,"location":null,"local_seo":null,"breadcrumb_settings":null,"limit_modified_date":false,"ai":null,"created":"2021-02-01 21:57:19","updated":"2025-10-02 13:35:39","seo_analyzer_scan_date":null,"focus_keyword":null,"additional_keywords":null,"truseo_locale":null},"aioseo_breadcrumb":"<div class=\"aioseo-breadcrumbs\"><span class=\"aioseo-breadcrumb\">\n\t\t\t<a href=\"https:\/\/allasorias.hu\/hirek\" title=\"Home\">Home<\/a>\n\t\t<\/span><span class=\"aioseo-breadcrumb-separator\">&raquo;<\/span><span class=\"aioseo-breadcrumb\">\n\t\t\t<a href=\"https:\/\/allasorias.hu\/hirek\/temak\/munkaeropiac\/\" title=\"Munkaer\u0151piac\">Munkaer\u0151piac<\/a>\n\t\t<\/span><span class=\"aioseo-breadcrumb-separator\">&raquo;<\/span><span class=\"aioseo-breadcrumb\">\n\t\t\tEgyre t\u00f6bben dolgozhatnak otthonr\u00f3l\n\t\t<\/span><\/div>","aioseo_breadcrumb_json":[{"label":"Home","link":"https:\/\/allasorias.hu\/hirek"},{"label":"Munkaer\u0151piac","link":"https:\/\/allasorias.hu\/hirek\/temak\/munkaeropiac\/"},{"label":"Egyre t\u00f6bben dolgozhatnak otthonr\u00f3l","link":"https:\/\/allasorias.hu\/hirek\/egyre-tobben-dolgozhatnak-otthonrol\/"}],"_links":{"self":[{"href":"https:\/\/allasorias.hu\/hirek\/wp-json\/wp\/v2\/posts\/3795","targetHints":{"allow":["GET"]}}],"collection":[{"href":"https:\/\/allasorias.hu\/hirek\/wp-json\/wp\/v2\/posts"}],"about":[{"href":"https:\/\/allasorias.hu\/hirek\/wp-json\/wp\/v2\/types\/post"}],"author":[{"embeddable":true,"href":"https:\/\/allasorias.hu\/hirek\/wp-json\/wp\/v2\/users\/1"}],"replies":[{"embeddable":true,"href":"https:\/\/allasorias.hu\/hirek\/wp-json\/wp\/v2\/comments?post=3795"}],"version-history":[{"count":1,"href":"https:\/\/allasorias.hu\/hirek\/wp-json\/wp\/v2\/posts\/3795\/revisions"}],"predecessor-version":[{"id":3796,"href":"https:\/\/allasorias.hu\/hirek\/wp-json\/wp\/v2\/posts\/3795\/revisions\/3796"}],"wp:featuredmedia":[{"embeddable":true,"href":"https:\/\/allasorias.hu\/hirek\/wp-json\/wp\/v2\/media\/3293"}],"wp:attachment":[{"href":"https:\/\/allasorias.hu\/hirek\/wp-json\/wp\/v2\/media?parent=3795"}],"wp:term":[{"taxonomy":"category","embeddable":true,"href":"https:\/\/allasorias.hu\/hirek\/wp-json\/wp\/v2\/categories?post=3795"},{"taxonomy":"post_tag","embeddable":true,"href":"https:\/\/allasorias.hu\/hirek\/wp-json\/wp\/v2\/tags?post=3795"}],"curies":[{"name":"wp","href":"https:\/\/api.w.org\/{rel}","templated":true}]}}