{"id":3790,"date":"2020-03-13T09:15:56","date_gmt":"2020-03-13T09:15:56","guid":{"rendered":"https:\/\/allasorias.hu\/hirek\/?p=3790"},"modified":"2020-03-13T09:15:56","modified_gmt":"2020-03-13T09:15:56","slug":"a-koronavirus-elhuzodo-valsagot-okoz-itthon-is","status":"publish","type":"post","link":"https:\/\/allasorias.hu\/hirek\/a-koronavirus-elhuzodo-valsagot-okoz-itthon-is\/","title":{"rendered":"A koronav\u00edrus elh\u00faz\u00f3d\u00f3 v\u00e1ls\u00e1got okoz itthon is"},"content":{"rendered":"<p><strong>Domokos L\u00e1szl\u00f3 az \u00c1llami Sz\u00e1mvev\u0151sz\u00e9k eln\u00f6ke szerint\u00a0 elh\u00faz\u00f3d\u00f3 kr\u00edzissel kell sz\u00e1molni Magyarorsz\u00e1gon a koronav\u00edrus j\u00e1rv\u00e1ny miatt. Mint elmondta: rugalmass\u00e1 kell tenni az \u00e1llami rendszereket \u00e9s munkaer\u0151piacot, valamint k\u00f6lts\u00e9gvet\u00e9si \u00e9s lakoss\u00e1gi szinten is nagy hangs\u00falyt kell helyezni a tartal\u00e9kol\u00e1sra. <\/strong><\/p>\n<p>Domokos v\u00e9lem\u00e9nye szerint a koronav\u00edrus-j\u00e1rv\u00e1ny, illetve a kibontakoz\u00f3 olaj\u00e1r-h\u00e1bor\u00fa csak felgyors\u00edtja, \u00e9s nyilv\u00e1nval\u00f3an m\u00e9ly\u00edti az elm\u00falt mintegy m\u00e1sf\u00e9l-k\u00e9t \u00e9vben megindult negat\u00edv vil\u00e1ggazdas\u00e1gi folyamatokat. Magyarorsz\u00e1g sz\u00e1m\u00e1ra teh\u00e1t nem az a k\u00e9rd\u00e9s, hogy mikor kezd\u0151dik a visszaes\u00e9s, hanem az, hogy mennyire vagyunk felk\u00e9sz\u00fcltek. Az elm\u00falt \u00e9vek k\u00f6lts\u00e9gvet\u00e9si gazd\u00e1lkod\u00e1sa j\u00f3 alapot teremt. \u201eA 2008-as p\u00e9lda is arra intette a jelenlegi korm\u00e1nyzatot, hogy a felk\u00e9sz\u00fcl\u00e9s rendk\u00edv\u00fcl l\u00e9nyeges, \u00edgy ma teljesen m\u00e1s helyzetben az orsz\u00e1g. A jelenlegi k\u00f6lts\u00e9gvet\u00e9s is rendelkezik olyan tartal\u00e9kokkal, amelyeket a korm\u00e1ny, de a nyeres\u00e9ges v\u00e1llalkoz\u00e1sok \u00e9s a lakoss\u00e1g egyar\u00e1nt mozg\u00f3s\u00edtani tud mind a j\u00e1rv\u00e1ny, mind az el\u0151rel\u00e1that\u00f3 gazdas\u00e1gi k\u00f6vetkezm\u00e9nyek kezel\u00e9se \u00e9rdek\u00e9ben.\u201d Ez is arra utal, hogy a k\u00f6lts\u00e9gvet\u00e9si mozg\u00e1st\u00e9r m\u00e9gsem olyan nagy \u00e9s \u00edgy ak\u00e1r a nyeres\u00e9ges v\u00e1llalkoz\u00e1sok \u00e9s a lakoss\u00e1g terheit is k\u00e9rheti majd a korm\u00e1ny a v\u00e1ls\u00e1gkezel\u00e9ssel j\u00e1r\u00f3 terhek megoszt\u00e1s\u00e1ra. Erre egy\u00e9bk\u00e9nt Orb\u00e1n Viktor korm\u00e1nyf\u0151 is utalt a minapi kamarai besz\u00e9d\u00e9ben.\u00a0\u00a0\u00a0 Arra a felvet\u00e9sre, hogy nem lehet el\u0151re l\u00e1tni mi fog t\u00f6rt\u00e9nni holnap, ez\u00e9rt jobb kiv\u00e1rni ilyenkor, Domokos \u00fagy reag\u00e1lt: \u201efinoman sz\u00f3lva sem osztom ezt az \u00e1ll\u00e1spontot. A kiv\u00e1r\u00e1s sodr\u00f3d\u00e1st jelent, ami tudjuk hov\u00e1 vezet.\u00dagy v\u00e9lem a munkaer\u0151piac rugalmass\u00e1ga alapvet\u0151 jelent\u0151s\u00e9g\u0171. Elj\u00f6tt az ideje, hogy a foglalkoztat\u00e1spolitika kil\u00e9pjen eddig megszokott keretei k\u00f6z\u00fcl, \u00e9s t\u00f6bb \u00adtoleranci\u00e1t tan\u00fas\u00edtson a munkav\u00e1llal\u00f3k ir\u00e1nt a jelen helyzetben.Soha nem l\u00e1tott m\u00f3don \u00e9rt\u00e9kel\u0151dik fel a digitaliz\u00e1ci\u00f3 szerepe. G\u00e9pes\u00edt\u00e9ssel, robotiz\u00e1ci\u00f3val egyszer\u0171s\u00f6dhetnek bizonyos munkafolyamatok, ami p\u00e9ld\u00e1ul egy j\u00e1rv\u00e1ny okozta kr\u00edzishelyzetben is biztos\u00edtani tudja a termel\u00e9st, a folyamatos munkav\u00e9gz\u00e9st vagy \u00e9ppen az otthoni munkav\u00e9gz\u00e9s kap er\u0151s t\u00e1mogat\u00e1st \u2013 fogalmazott.<\/p>\n<p>Forr\u00e1s: portfolio.hu<\/p>\n","protected":false},"excerpt":{"rendered":"<p>Domokos L\u00e1szl\u00f3 az \u00c1llami Sz\u00e1mvev\u0151sz\u00e9k eln\u00f6ke szerint\u00a0 elh\u00faz\u00f3d\u00f3 kr\u00edzissel kell sz\u00e1molni Magyarorsz\u00e1gon a koronav\u00edrus j\u00e1rv\u00e1ny miatt. Mint elmondta: rugalmass\u00e1 kell tenni az \u00e1llami rendszereket \u00e9s munkaer\u0151piacot, valamint k\u00f6lts\u00e9gvet\u00e9si \u00e9s lakoss\u00e1gi szinten is nagy hangs\u00falyt kell helyezni a tartal\u00e9kol\u00e1sra. Domokos v\u00e9lem\u00e9nye szerint a koronav\u00edrus-j\u00e1rv\u00e1ny, illetve a kibontakoz\u00f3 olaj\u00e1r-h\u00e1bor\u00fa csak felgyors\u00edtja, \u00e9s nyilv\u00e1nval\u00f3an m\u00e9ly\u00edti az elm\u00falt mintegy [&hellip;]<\/p>\n","protected":false},"author":1,"featured_media":3791,"comment_status":"open","ping_status":"open","sticky":false,"template":"","format":"standard","meta":{"_monsterinsights_skip_tracking":false,"footnotes":""},"categories":[198],"tags":[],"class_list":["post-3790","post","type-post","status-publish","format-standard","has-post-thumbnail","hentry","category-gazdasag"],"aioseo_notices":[],"aioseo_head":"\n\t\t<!-- All in One SEO 5.0.0.1 - aioseo.com -->\n\t<meta name=\"description\" content=\"Domokos L\u00e1szl\u00f3 az \u00c1llami Sz\u00e1mvev\u0151sz\u00e9k eln\u00f6ke szerint elh\u00faz\u00f3d\u00f3 kr\u00edzissel kell sz\u00e1molni Magyarorsz\u00e1gon a koronav\u00edrus j\u00e1rv\u00e1ny miatt. Mint elmondta: rugalmass\u00e1 kell tenni az \u00e1llami rendszereket \u00e9s munkaer\u0151piacot, valamint k\u00f6lts\u00e9gvet\u00e9si \u00e9s lakoss\u00e1gi szinten is nagy hangs\u00falyt kell helyezni a tartal\u00e9kol\u00e1sra. Domokos v\u00e9lem\u00e9nye szerint a koronav\u00edrus-j\u00e1rv\u00e1ny, illetve a kibontakoz\u00f3 olaj\u00e1r-h\u00e1bor\u00fa csak felgyors\u00edtja, \u00e9s nyilv\u00e1nval\u00f3an m\u00e9ly\u00edti az elm\u00falt mintegy\" \/>\n\t<meta name=\"robots\" content=\"max-image-preview:large\" \/>\n\t<meta name=\"author\" content=\"Juh\u00e1sz P\u00e9ter\"\/>\n\t<link rel=\"canonical\" href=\"https:\/\/allasorias.hu\/hirek\/a-koronavirus-elhuzodo-valsagot-okoz-itthon-is\/\" \/>\n\t<meta name=\"generator\" content=\"All in One SEO (AIOSEO) 5.0.0.1\" \/>\n\t\t<meta property=\"og:locale\" content=\"hu_HU\" \/>\n\t\t<meta property=\"og:site_name\" content=\"AllasOrias.hu | H\u00edrek-lapszemle | \u00dczleti h\u00edrek az \u00e1ll\u00e1s \u00e9s a munka vil\u00e1g\u00e1b\u00f3l\" \/>\n\t\t<meta property=\"og:type\" content=\"article\" \/>\n\t\t<meta property=\"og:title\" content=\"A koronav\u00edrus elh\u00faz\u00f3d\u00f3 v\u00e1ls\u00e1got okoz itthon is | AllasOrias.hu | H\u00edrek-lapszemle\" \/>\n\t\t<meta property=\"og:description\" content=\"Domokos L\u00e1szl\u00f3 az \u00c1llami Sz\u00e1mvev\u0151sz\u00e9k eln\u00f6ke szerint elh\u00faz\u00f3d\u00f3 kr\u00edzissel kell sz\u00e1molni Magyarorsz\u00e1gon a koronav\u00edrus j\u00e1rv\u00e1ny miatt. Mint elmondta: rugalmass\u00e1 kell tenni az \u00e1llami rendszereket \u00e9s munkaer\u0151piacot, valamint k\u00f6lts\u00e9gvet\u00e9si \u00e9s lakoss\u00e1gi szinten is nagy hangs\u00falyt kell helyezni a tartal\u00e9kol\u00e1sra. Domokos v\u00e9lem\u00e9nye szerint a koronav\u00edrus-j\u00e1rv\u00e1ny, illetve a kibontakoz\u00f3 olaj\u00e1r-h\u00e1bor\u00fa csak felgyors\u00edtja, \u00e9s nyilv\u00e1nval\u00f3an m\u00e9ly\u00edti az elm\u00falt mintegy\" \/>\n\t\t<meta property=\"og:url\" content=\"https:\/\/allasorias.hu\/hirek\/a-koronavirus-elhuzodo-valsagot-okoz-itthon-is\/\" \/>\n\t\t<meta property=\"og:image\" content=\"https:\/\/allasorias.hu\/hirek\/wp-content\/uploads\/2020\/03\/corona-4912807_640.jpg\" \/>\n\t\t<meta property=\"og:image:secure_url\" content=\"https:\/\/allasorias.hu\/hirek\/wp-content\/uploads\/2020\/03\/corona-4912807_640.jpg\" \/>\n\t\t<meta property=\"og:image:width\" content=\"640\" \/>\n\t\t<meta property=\"og:image:height\" content=\"452\" \/>\n\t\t<meta property=\"article:published_time\" content=\"2020-03-13T09:15:56+00:00\" \/>\n\t\t<meta property=\"article:modified_time\" content=\"2020-03-13T09:15:56+00:00\" \/>\n\t\t<meta property=\"article:publisher\" content=\"https:\/\/www.facebook.com\/allasorias\" \/>\n\t\t<meta name=\"twitter:card\" content=\"summary_large_image\" \/>\n\t\t<meta name=\"twitter:title\" content=\"A koronav\u00edrus elh\u00faz\u00f3d\u00f3 v\u00e1ls\u00e1got okoz itthon is | AllasOrias.hu | H\u00edrek-lapszemle\" \/>\n\t\t<meta name=\"twitter:description\" content=\"Domokos L\u00e1szl\u00f3 az \u00c1llami Sz\u00e1mvev\u0151sz\u00e9k eln\u00f6ke szerint elh\u00faz\u00f3d\u00f3 kr\u00edzissel kell sz\u00e1molni Magyarorsz\u00e1gon a koronav\u00edrus j\u00e1rv\u00e1ny miatt. Mint elmondta: rugalmass\u00e1 kell tenni az \u00e1llami rendszereket \u00e9s munkaer\u0151piacot, valamint k\u00f6lts\u00e9gvet\u00e9si \u00e9s lakoss\u00e1gi szinten is nagy hangs\u00falyt kell helyezni a tartal\u00e9kol\u00e1sra. Domokos v\u00e9lem\u00e9nye szerint a koronav\u00edrus-j\u00e1rv\u00e1ny, illetve a kibontakoz\u00f3 olaj\u00e1r-h\u00e1bor\u00fa csak felgyors\u00edtja, \u00e9s nyilv\u00e1nval\u00f3an m\u00e9ly\u00edti az elm\u00falt mintegy\" \/>\n\t\t<meta name=\"twitter:image\" content=\"https:\/\/allasorias.hu\/hirek\/wp-content\/uploads\/2020\/03\/corona-4912807_640.jpg\" \/>\n\t\t<meta name=\"twitter:label1\" content=\"Written by\" \/>\n\t\t<meta name=\"twitter:data1\" content=\"Juh\u00e1sz P\u00e9ter\" \/>\n\t\t<meta name=\"twitter:label2\" content=\"Est. reading time\" \/>\n\t\t<meta name=\"twitter:data2\" content=\"2 minutes\" \/>\n\t\t<script type=\"application\/ld+json\" class=\"aioseo-schema\">\n\t\t\t{\"@context\":\"https:\\\/\\\/schema.org\",\"@graph\":[{\"@type\":\"Article\",\"@id\":\"https:\\\/\\\/allasorias.hu\\\/hirek\\\/a-koronavirus-elhuzodo-valsagot-okoz-itthon-is\\\/#article\",\"name\":\"A koronav\\u00edrus elh\\u00faz\\u00f3d\\u00f3 v\\u00e1ls\\u00e1got okoz itthon is | AllasOrias.hu | H\\u00edrek-lapszemle\",\"headline\":\"A koronav\\u00edrus elh\\u00faz\\u00f3d\\u00f3 v\\u00e1ls\\u00e1got okoz itthon is\",\"author\":{\"@id\":\"https:\\\/\\\/allasorias.hu\\\/hirek\\\/author\\\/admin-allasorias\\\/#author\"},\"publisher\":{\"@id\":\"https:\\\/\\\/allasorias.hu\\\/hirek\\\/#organization\"},\"image\":{\"@type\":\"ImageObject\",\"url\":\"https:\\\/\\\/allasorias.hu\\\/hirek\\\/wp-content\\\/uploads\\\/2020\\\/03\\\/corona-4912807_640.jpg\",\"width\":640,\"height\":452},\"datePublished\":\"2020-03-13T09:15:56+02:00\",\"dateModified\":\"2020-03-13T09:15:56+02:00\",\"inLanguage\":\"hu-HU\",\"mainEntityOfPage\":{\"@id\":\"https:\\\/\\\/allasorias.hu\\\/hirek\\\/a-koronavirus-elhuzodo-valsagot-okoz-itthon-is\\\/#webpage\"},\"isPartOf\":{\"@id\":\"https:\\\/\\\/allasorias.hu\\\/hirek\\\/a-koronavirus-elhuzodo-valsagot-okoz-itthon-is\\\/#webpage\"},\"articleSection\":\"Gazdas\\u00e1g\"},{\"@type\":\"BreadcrumbList\",\"@id\":\"https:\\\/\\\/allasorias.hu\\\/hirek\\\/a-koronavirus-elhuzodo-valsagot-okoz-itthon-is\\\/#breadcrumblist\",\"itemListElement\":[{\"@type\":\"ListItem\",\"@id\":\"https:\\\/\\\/allasorias.hu\\\/hirek#listItem\",\"position\":1,\"name\":\"Home\",\"item\":\"https:\\\/\\\/allasorias.hu\\\/hirek\",\"nextItem\":{\"@type\":\"ListItem\",\"@id\":\"https:\\\/\\\/allasorias.hu\\\/hirek\\\/temak\\\/gazdasag\\\/#listItem\",\"name\":\"Gazdas\\u00e1g\"}},{\"@type\":\"ListItem\",\"@id\":\"https:\\\/\\\/allasorias.hu\\\/hirek\\\/temak\\\/gazdasag\\\/#listItem\",\"position\":2,\"name\":\"Gazdas\\u00e1g\",\"item\":\"https:\\\/\\\/allasorias.hu\\\/hirek\\\/temak\\\/gazdasag\\\/\",\"nextItem\":{\"@type\":\"ListItem\",\"@id\":\"https:\\\/\\\/allasorias.hu\\\/hirek\\\/a-koronavirus-elhuzodo-valsagot-okoz-itthon-is\\\/#listItem\",\"name\":\"A koronav\\u00edrus elh\\u00faz\\u00f3d\\u00f3 v\\u00e1ls\\u00e1got okoz itthon is\"},\"previousItem\":{\"@type\":\"ListItem\",\"@id\":\"https:\\\/\\\/allasorias.hu\\\/hirek#listItem\",\"name\":\"Home\"}},{\"@type\":\"ListItem\",\"@id\":\"https:\\\/\\\/allasorias.hu\\\/hirek\\\/a-koronavirus-elhuzodo-valsagot-okoz-itthon-is\\\/#listItem\",\"position\":3,\"name\":\"A koronav\\u00edrus elh\\u00faz\\u00f3d\\u00f3 v\\u00e1ls\\u00e1got okoz itthon is\",\"previousItem\":{\"@type\":\"ListItem\",\"@id\":\"https:\\\/\\\/allasorias.hu\\\/hirek\\\/temak\\\/gazdasag\\\/#listItem\",\"name\":\"Gazdas\\u00e1g\"}}]},{\"@type\":\"Organization\",\"@id\":\"https:\\\/\\\/allasorias.hu\\\/hirek\\\/#organization\",\"name\":\"AllasOrias.hu | H\\u00edrek-lapszemle\",\"description\":\"\\u00dczleti h\\u00edrek az \\u00e1ll\\u00e1s \\u00e9s a munka vil\\u00e1g\\u00e1b\\u00f3l\",\"url\":\"https:\\\/\\\/allasorias.hu\\\/hirek\\\/\",\"logo\":{\"@type\":\"ImageObject\",\"url\":\"https:\\\/\\\/allasorias.hu\\\/hirek\\\/wp-content\\\/uploads\\\/2022\\\/10\\\/allasorias_site_facebok_logo.png\",\"@id\":\"https:\\\/\\\/allasorias.hu\\\/hirek\\\/a-koronavirus-elhuzodo-valsagot-okoz-itthon-is\\\/#organizationLogo\"},\"image\":{\"@id\":\"https:\\\/\\\/allasorias.hu\\\/hirek\\\/a-koronavirus-elhuzodo-valsagot-okoz-itthon-is\\\/#organizationLogo\"},\"sameAs\":[\"https:\\\/\\\/www.facebook.com\\\/allasorias\",\"https:\\\/\\\/www.linkedin.com\\\/company\\\/allasorias\"]},{\"@type\":\"Person\",\"@id\":\"https:\\\/\\\/allasorias.hu\\\/hirek\\\/author\\\/admin-allasorias\\\/#author\",\"url\":\"https:\\\/\\\/allasorias.hu\\\/hirek\\\/author\\\/admin-allasorias\\\/\",\"name\":\"Juh\\u00e1sz P\\u00e9ter\",\"image\":{\"@type\":\"ImageObject\",\"@id\":\"https:\\\/\\\/allasorias.hu\\\/hirek\\\/a-koronavirus-elhuzodo-valsagot-okoz-itthon-is\\\/#authorImage\",\"url\":\"https:\\\/\\\/secure.gravatar.com\\\/avatar\\\/36e6bcb83148978b992977cb0f54d22feb0cce8a0a849a9410532bb2623ba4c6?s=96&d=mm&r=g\",\"width\":96,\"height\":96,\"caption\":\"Juh\\u00e1sz P\\u00e9ter\"}},{\"@type\":\"WebPage\",\"@id\":\"https:\\\/\\\/allasorias.hu\\\/hirek\\\/a-koronavirus-elhuzodo-valsagot-okoz-itthon-is\\\/#webpage\",\"url\":\"https:\\\/\\\/allasorias.hu\\\/hirek\\\/a-koronavirus-elhuzodo-valsagot-okoz-itthon-is\\\/\",\"name\":\"A koronav\\u00edrus elh\\u00faz\\u00f3d\\u00f3 v\\u00e1ls\\u00e1got okoz itthon is | AllasOrias.hu | H\\u00edrek-lapszemle\",\"description\":\"Domokos L\\u00e1szl\\u00f3 az \\u00c1llami Sz\\u00e1mvev\\u0151sz\\u00e9k eln\\u00f6ke szerint elh\\u00faz\\u00f3d\\u00f3 kr\\u00edzissel kell sz\\u00e1molni Magyarorsz\\u00e1gon a koronav\\u00edrus j\\u00e1rv\\u00e1ny miatt. Mint elmondta: rugalmass\\u00e1 kell tenni az \\u00e1llami rendszereket \\u00e9s munkaer\\u0151piacot, valamint k\\u00f6lts\\u00e9gvet\\u00e9si \\u00e9s lakoss\\u00e1gi szinten is nagy hangs\\u00falyt kell helyezni a tartal\\u00e9kol\\u00e1sra. Domokos v\\u00e9lem\\u00e9nye szerint a koronav\\u00edrus-j\\u00e1rv\\u00e1ny, illetve a kibontakoz\\u00f3 olaj\\u00e1r-h\\u00e1bor\\u00fa csak felgyors\\u00edtja, \\u00e9s nyilv\\u00e1nval\\u00f3an m\\u00e9ly\\u00edti az elm\\u00falt mintegy\",\"inLanguage\":\"hu-HU\",\"isPartOf\":{\"@id\":\"https:\\\/\\\/allasorias.hu\\\/hirek\\\/#website\"},\"breadcrumb\":{\"@id\":\"https:\\\/\\\/allasorias.hu\\\/hirek\\\/a-koronavirus-elhuzodo-valsagot-okoz-itthon-is\\\/#breadcrumblist\"},\"author\":{\"@id\":\"https:\\\/\\\/allasorias.hu\\\/hirek\\\/author\\\/admin-allasorias\\\/#author\"},\"creator\":{\"@id\":\"https:\\\/\\\/allasorias.hu\\\/hirek\\\/author\\\/admin-allasorias\\\/#author\"},\"image\":{\"@type\":\"ImageObject\",\"url\":\"https:\\\/\\\/allasorias.hu\\\/hirek\\\/wp-content\\\/uploads\\\/2020\\\/03\\\/corona-4912807_640.jpg\",\"@id\":\"https:\\\/\\\/allasorias.hu\\\/hirek\\\/a-koronavirus-elhuzodo-valsagot-okoz-itthon-is\\\/#mainImage\",\"width\":640,\"height\":452},\"primaryImageOfPage\":{\"@id\":\"https:\\\/\\\/allasorias.hu\\\/hirek\\\/a-koronavirus-elhuzodo-valsagot-okoz-itthon-is\\\/#mainImage\"},\"datePublished\":\"2020-03-13T09:15:56+02:00\",\"dateModified\":\"2020-03-13T09:15:56+02:00\"},{\"@type\":\"WebSite\",\"@id\":\"https:\\\/\\\/allasorias.hu\\\/hirek\\\/#website\",\"url\":\"https:\\\/\\\/allasorias.hu\\\/hirek\\\/\",\"name\":\"AllasOrias.hu | H\\u00edrek-lapszemle\",\"description\":\"\\u00dczleti h\\u00edrek az \\u00e1ll\\u00e1s \\u00e9s a munka vil\\u00e1g\\u00e1b\\u00f3l\",\"inLanguage\":\"hu-HU\",\"publisher\":{\"@id\":\"https:\\\/\\\/allasorias.hu\\\/hirek\\\/#organization\"}}]}\n\t\t<\/script>\n\t\t<!-- All in One SEO -->\n\n","aioseo_head_json":{"title":"A koronav\u00edrus elh\u00faz\u00f3d\u00f3 v\u00e1ls\u00e1got okoz itthon is | AllasOrias.hu | H\u00edrek-lapszemle","description":"Domokos L\u00e1szl\u00f3 az \u00c1llami Sz\u00e1mvev\u0151sz\u00e9k eln\u00f6ke szerint elh\u00faz\u00f3d\u00f3 kr\u00edzissel kell sz\u00e1molni Magyarorsz\u00e1gon a koronav\u00edrus j\u00e1rv\u00e1ny miatt. Mint elmondta: rugalmass\u00e1 kell tenni az \u00e1llami rendszereket \u00e9s munkaer\u0151piacot, valamint k\u00f6lts\u00e9gvet\u00e9si \u00e9s lakoss\u00e1gi szinten is nagy hangs\u00falyt kell helyezni a tartal\u00e9kol\u00e1sra. Domokos v\u00e9lem\u00e9nye szerint a koronav\u00edrus-j\u00e1rv\u00e1ny, illetve a kibontakoz\u00f3 olaj\u00e1r-h\u00e1bor\u00fa csak felgyors\u00edtja, \u00e9s nyilv\u00e1nval\u00f3an m\u00e9ly\u00edti az elm\u00falt mintegy","canonical_url":"https:\/\/allasorias.hu\/hirek\/a-koronavirus-elhuzodo-valsagot-okoz-itthon-is\/","robots":"max-image-preview:large","keywords":"","webmasterTools":{"miscellaneous":""},"schema":{"@context":"https:\/\/schema.org","@graph":[{"@type":"Article","@id":"https:\/\/allasorias.hu\/hirek\/a-koronavirus-elhuzodo-valsagot-okoz-itthon-is\/#article","name":"A koronav\u00edrus elh\u00faz\u00f3d\u00f3 v\u00e1ls\u00e1got okoz itthon is | AllasOrias.hu | H\u00edrek-lapszemle","headline":"A koronav\u00edrus elh\u00faz\u00f3d\u00f3 v\u00e1ls\u00e1got okoz itthon is","author":{"@id":"https:\/\/allasorias.hu\/hirek\/author\/admin-allasorias\/#author"},"publisher":{"@id":"https:\/\/allasorias.hu\/hirek\/#organization"},"image":{"@type":"ImageObject","url":"https:\/\/allasorias.hu\/hirek\/wp-content\/uploads\/2020\/03\/corona-4912807_640.jpg","width":640,"height":452},"datePublished":"2020-03-13T09:15:56+02:00","dateModified":"2020-03-13T09:15:56+02:00","inLanguage":"hu-HU","mainEntityOfPage":{"@id":"https:\/\/allasorias.hu\/hirek\/a-koronavirus-elhuzodo-valsagot-okoz-itthon-is\/#webpage"},"isPartOf":{"@id":"https:\/\/allasorias.hu\/hirek\/a-koronavirus-elhuzodo-valsagot-okoz-itthon-is\/#webpage"},"articleSection":"Gazdas\u00e1g"},{"@type":"BreadcrumbList","@id":"https:\/\/allasorias.hu\/hirek\/a-koronavirus-elhuzodo-valsagot-okoz-itthon-is\/#breadcrumblist","itemListElement":[{"@type":"ListItem","@id":"https:\/\/allasorias.hu\/hirek#listItem","position":1,"name":"Home","item":"https:\/\/allasorias.hu\/hirek","nextItem":{"@type":"ListItem","@id":"https:\/\/allasorias.hu\/hirek\/temak\/gazdasag\/#listItem","name":"Gazdas\u00e1g"}},{"@type":"ListItem","@id":"https:\/\/allasorias.hu\/hirek\/temak\/gazdasag\/#listItem","position":2,"name":"Gazdas\u00e1g","item":"https:\/\/allasorias.hu\/hirek\/temak\/gazdasag\/","nextItem":{"@type":"ListItem","@id":"https:\/\/allasorias.hu\/hirek\/a-koronavirus-elhuzodo-valsagot-okoz-itthon-is\/#listItem","name":"A koronav\u00edrus elh\u00faz\u00f3d\u00f3 v\u00e1ls\u00e1got okoz itthon is"},"previousItem":{"@type":"ListItem","@id":"https:\/\/allasorias.hu\/hirek#listItem","name":"Home"}},{"@type":"ListItem","@id":"https:\/\/allasorias.hu\/hirek\/a-koronavirus-elhuzodo-valsagot-okoz-itthon-is\/#listItem","position":3,"name":"A koronav\u00edrus elh\u00faz\u00f3d\u00f3 v\u00e1ls\u00e1got okoz itthon is","previousItem":{"@type":"ListItem","@id":"https:\/\/allasorias.hu\/hirek\/temak\/gazdasag\/#listItem","name":"Gazdas\u00e1g"}}]},{"@type":"Organization","@id":"https:\/\/allasorias.hu\/hirek\/#organization","name":"AllasOrias.hu | H\u00edrek-lapszemle","description":"\u00dczleti h\u00edrek az \u00e1ll\u00e1s \u00e9s a munka vil\u00e1g\u00e1b\u00f3l","url":"https:\/\/allasorias.hu\/hirek\/","logo":{"@type":"ImageObject","url":"https:\/\/allasorias.hu\/hirek\/wp-content\/uploads\/2022\/10\/allasorias_site_facebok_logo.png","@id":"https:\/\/allasorias.hu\/hirek\/a-koronavirus-elhuzodo-valsagot-okoz-itthon-is\/#organizationLogo"},"image":{"@id":"https:\/\/allasorias.hu\/hirek\/a-koronavirus-elhuzodo-valsagot-okoz-itthon-is\/#organizationLogo"},"sameAs":["https:\/\/www.facebook.com\/allasorias","https:\/\/www.linkedin.com\/company\/allasorias"]},{"@type":"Person","@id":"https:\/\/allasorias.hu\/hirek\/author\/admin-allasorias\/#author","url":"https:\/\/allasorias.hu\/hirek\/author\/admin-allasorias\/","name":"Juh\u00e1sz P\u00e9ter","image":{"@type":"ImageObject","@id":"https:\/\/allasorias.hu\/hirek\/a-koronavirus-elhuzodo-valsagot-okoz-itthon-is\/#authorImage","url":"https:\/\/secure.gravatar.com\/avatar\/36e6bcb83148978b992977cb0f54d22feb0cce8a0a849a9410532bb2623ba4c6?s=96&d=mm&r=g","width":96,"height":96,"caption":"Juh\u00e1sz P\u00e9ter"}},{"@type":"WebPage","@id":"https:\/\/allasorias.hu\/hirek\/a-koronavirus-elhuzodo-valsagot-okoz-itthon-is\/#webpage","url":"https:\/\/allasorias.hu\/hirek\/a-koronavirus-elhuzodo-valsagot-okoz-itthon-is\/","name":"A koronav\u00edrus elh\u00faz\u00f3d\u00f3 v\u00e1ls\u00e1got okoz itthon is | AllasOrias.hu | H\u00edrek-lapszemle","description":"Domokos L\u00e1szl\u00f3 az \u00c1llami Sz\u00e1mvev\u0151sz\u00e9k eln\u00f6ke szerint elh\u00faz\u00f3d\u00f3 kr\u00edzissel kell sz\u00e1molni Magyarorsz\u00e1gon a koronav\u00edrus j\u00e1rv\u00e1ny miatt. Mint elmondta: rugalmass\u00e1 kell tenni az \u00e1llami rendszereket \u00e9s munkaer\u0151piacot, valamint k\u00f6lts\u00e9gvet\u00e9si \u00e9s lakoss\u00e1gi szinten is nagy hangs\u00falyt kell helyezni a tartal\u00e9kol\u00e1sra. Domokos v\u00e9lem\u00e9nye szerint a koronav\u00edrus-j\u00e1rv\u00e1ny, illetve a kibontakoz\u00f3 olaj\u00e1r-h\u00e1bor\u00fa csak felgyors\u00edtja, \u00e9s nyilv\u00e1nval\u00f3an m\u00e9ly\u00edti az elm\u00falt mintegy","inLanguage":"hu-HU","isPartOf":{"@id":"https:\/\/allasorias.hu\/hirek\/#website"},"breadcrumb":{"@id":"https:\/\/allasorias.hu\/hirek\/a-koronavirus-elhuzodo-valsagot-okoz-itthon-is\/#breadcrumblist"},"author":{"@id":"https:\/\/allasorias.hu\/hirek\/author\/admin-allasorias\/#author"},"creator":{"@id":"https:\/\/allasorias.hu\/hirek\/author\/admin-allasorias\/#author"},"image":{"@type":"ImageObject","url":"https:\/\/allasorias.hu\/hirek\/wp-content\/uploads\/2020\/03\/corona-4912807_640.jpg","@id":"https:\/\/allasorias.hu\/hirek\/a-koronavirus-elhuzodo-valsagot-okoz-itthon-is\/#mainImage","width":640,"height":452},"primaryImageOfPage":{"@id":"https:\/\/allasorias.hu\/hirek\/a-koronavirus-elhuzodo-valsagot-okoz-itthon-is\/#mainImage"},"datePublished":"2020-03-13T09:15:56+02:00","dateModified":"2020-03-13T09:15:56+02:00"},{"@type":"WebSite","@id":"https:\/\/allasorias.hu\/hirek\/#website","url":"https:\/\/allasorias.hu\/hirek\/","name":"AllasOrias.hu | H\u00edrek-lapszemle","description":"\u00dczleti h\u00edrek az \u00e1ll\u00e1s \u00e9s a munka vil\u00e1g\u00e1b\u00f3l","inLanguage":"hu-HU","publisher":{"@id":"https:\/\/allasorias.hu\/hirek\/#organization"}}]},"og:locale":"hu_HU","og:site_name":"AllasOrias.hu | H\u00edrek-lapszemle | \u00dczleti h\u00edrek az \u00e1ll\u00e1s \u00e9s a munka vil\u00e1g\u00e1b\u00f3l","og:type":"article","og:title":"A koronav\u00edrus elh\u00faz\u00f3d\u00f3 v\u00e1ls\u00e1got okoz itthon is | AllasOrias.hu | H\u00edrek-lapszemle","og:description":"Domokos L\u00e1szl\u00f3 az \u00c1llami Sz\u00e1mvev\u0151sz\u00e9k eln\u00f6ke szerint elh\u00faz\u00f3d\u00f3 kr\u00edzissel kell sz\u00e1molni Magyarorsz\u00e1gon a koronav\u00edrus j\u00e1rv\u00e1ny miatt. Mint elmondta: rugalmass\u00e1 kell tenni az \u00e1llami rendszereket \u00e9s munkaer\u0151piacot, valamint k\u00f6lts\u00e9gvet\u00e9si \u00e9s lakoss\u00e1gi szinten is nagy hangs\u00falyt kell helyezni a tartal\u00e9kol\u00e1sra. Domokos v\u00e9lem\u00e9nye szerint a koronav\u00edrus-j\u00e1rv\u00e1ny, illetve a kibontakoz\u00f3 olaj\u00e1r-h\u00e1bor\u00fa csak felgyors\u00edtja, \u00e9s nyilv\u00e1nval\u00f3an m\u00e9ly\u00edti az elm\u00falt mintegy","og:url":"https:\/\/allasorias.hu\/hirek\/a-koronavirus-elhuzodo-valsagot-okoz-itthon-is\/","og:image":"https:\/\/allasorias.hu\/hirek\/wp-content\/uploads\/2020\/03\/corona-4912807_640.jpg","og:image:secure_url":"https:\/\/allasorias.hu\/hirek\/wp-content\/uploads\/2020\/03\/corona-4912807_640.jpg","og:image:width":640,"og:image:height":452,"article:published_time":"2020-03-13T09:15:56+00:00","article:modified_time":"2020-03-13T09:15:56+00:00","article:publisher":"https:\/\/www.facebook.com\/allasorias","twitter:card":"summary_large_image","twitter:title":"A koronav\u00edrus elh\u00faz\u00f3d\u00f3 v\u00e1ls\u00e1got okoz itthon is | AllasOrias.hu | H\u00edrek-lapszemle","twitter:description":"Domokos L\u00e1szl\u00f3 az \u00c1llami Sz\u00e1mvev\u0151sz\u00e9k eln\u00f6ke szerint elh\u00faz\u00f3d\u00f3 kr\u00edzissel kell sz\u00e1molni Magyarorsz\u00e1gon a koronav\u00edrus j\u00e1rv\u00e1ny miatt. Mint elmondta: rugalmass\u00e1 kell tenni az \u00e1llami rendszereket \u00e9s munkaer\u0151piacot, valamint k\u00f6lts\u00e9gvet\u00e9si \u00e9s lakoss\u00e1gi szinten is nagy hangs\u00falyt kell helyezni a tartal\u00e9kol\u00e1sra. Domokos v\u00e9lem\u00e9nye szerint a koronav\u00edrus-j\u00e1rv\u00e1ny, illetve a kibontakoz\u00f3 olaj\u00e1r-h\u00e1bor\u00fa csak felgyors\u00edtja, \u00e9s nyilv\u00e1nval\u00f3an m\u00e9ly\u00edti az elm\u00falt mintegy","twitter:image":"https:\/\/allasorias.hu\/hirek\/wp-content\/uploads\/2020\/03\/corona-4912807_640.jpg","twitter:label1":"Written by","twitter:data1":"Juh\u00e1sz P\u00e9ter","twitter:label2":"Est. reading time","twitter:data2":"2 minutes"},"aioseo_meta_data":{"post_id":"3790","title":null,"description":null,"keywords":null,"keyphrases":null,"primary_term":null,"canonical_url":null,"og_title":null,"og_description":null,"og_object_type":"default","og_image_type":"default","og_image_url":null,"og_image_width":null,"og_image_height":null,"og_image_custom_url":null,"og_image_custom_fields":null,"og_video":null,"og_custom_url":null,"og_article_section":null,"og_article_tags":null,"twitter_use_og":false,"twitter_card":"default","twitter_image_type":"default","twitter_image_url":null,"twitter_image_custom_url":null,"twitter_image_custom_fields":null,"twitter_title":null,"twitter_description":null,"schema":{"blockGraphs":[],"customGraphs":[],"default":{"data":{"Article":[],"Course":[],"Dataset":[],"FAQPage":[],"Movie":[],"Person":[],"Product":[],"ProductReview":[],"Car":[],"Recipe":[],"Service":[],"SoftwareApplication":[],"WebPage":[]},"graphName":"","isEnabled":true},"graphs":[],"defaultGraph":"","defaultPostTypeGraph":""},"schema_type":null,"schema_type_options":null,"pillar_content":false,"robots_default":true,"robots_noindex":false,"robots_noarchive":false,"robots_nosnippet":false,"robots_nofollow":false,"robots_noimageindex":false,"robots_noodp":false,"robots_notranslate":false,"robots_max_snippet":null,"robots_max_videopreview":null,"robots_max_imagepreview":"large","priority":null,"frequency":null,"location":null,"local_seo":null,"breadcrumb_settings":null,"limit_modified_date":false,"ai":null,"created":"2021-02-01 21:57:19","updated":"2025-10-02 13:35:39","seo_analyzer_scan_date":null,"focus_keyword":null,"additional_keywords":null,"truseo_locale":null},"aioseo_breadcrumb":"<div class=\"aioseo-breadcrumbs\"><span class=\"aioseo-breadcrumb\">\n\t\t\t<a href=\"https:\/\/allasorias.hu\/hirek\" title=\"Home\">Home<\/a>\n\t\t<\/span><span class=\"aioseo-breadcrumb-separator\">&raquo;<\/span><span class=\"aioseo-breadcrumb\">\n\t\t\t<a href=\"https:\/\/allasorias.hu\/hirek\/temak\/gazdasag\/\" title=\"Gazdas\u00e1g\">Gazdas\u00e1g<\/a>\n\t\t<\/span><span class=\"aioseo-breadcrumb-separator\">&raquo;<\/span><span class=\"aioseo-breadcrumb\">\n\t\t\tA koronav\u00edrus elh\u00faz\u00f3d\u00f3 v\u00e1ls\u00e1got okoz itthon is\n\t\t<\/span><\/div>","aioseo_breadcrumb_json":[{"label":"Home","link":"https:\/\/allasorias.hu\/hirek"},{"label":"Gazdas\u00e1g","link":"https:\/\/allasorias.hu\/hirek\/temak\/gazdasag\/"},{"label":"A koronav\u00edrus elh\u00faz\u00f3d\u00f3 v\u00e1ls\u00e1got okoz itthon is","link":"https:\/\/allasorias.hu\/hirek\/a-koronavirus-elhuzodo-valsagot-okoz-itthon-is\/"}],"_links":{"self":[{"href":"https:\/\/allasorias.hu\/hirek\/wp-json\/wp\/v2\/posts\/3790","targetHints":{"allow":["GET"]}}],"collection":[{"href":"https:\/\/allasorias.hu\/hirek\/wp-json\/wp\/v2\/posts"}],"about":[{"href":"https:\/\/allasorias.hu\/hirek\/wp-json\/wp\/v2\/types\/post"}],"author":[{"embeddable":true,"href":"https:\/\/allasorias.hu\/hirek\/wp-json\/wp\/v2\/users\/1"}],"replies":[{"embeddable":true,"href":"https:\/\/allasorias.hu\/hirek\/wp-json\/wp\/v2\/comments?post=3790"}],"version-history":[{"count":1,"href":"https:\/\/allasorias.hu\/hirek\/wp-json\/wp\/v2\/posts\/3790\/revisions"}],"predecessor-version":[{"id":3792,"href":"https:\/\/allasorias.hu\/hirek\/wp-json\/wp\/v2\/posts\/3790\/revisions\/3792"}],"wp:featuredmedia":[{"embeddable":true,"href":"https:\/\/allasorias.hu\/hirek\/wp-json\/wp\/v2\/media\/3791"}],"wp:attachment":[{"href":"https:\/\/allasorias.hu\/hirek\/wp-json\/wp\/v2\/media?parent=3790"}],"wp:term":[{"taxonomy":"category","embeddable":true,"href":"https:\/\/allasorias.hu\/hirek\/wp-json\/wp\/v2\/categories?post=3790"},{"taxonomy":"post_tag","embeddable":true,"href":"https:\/\/allasorias.hu\/hirek\/wp-json\/wp\/v2\/tags?post=3790"}],"curies":[{"name":"wp","href":"https:\/\/api.w.org\/{rel}","templated":true}]}}