{"id":3781,"date":"2020-02-13T07:55:05","date_gmt":"2020-02-13T07:55:05","guid":{"rendered":"https:\/\/allasorias.hu\/hirek\/?p=3781"},"modified":"2020-02-13T07:55:05","modified_gmt":"2020-02-13T07:55:05","slug":"nem-kell-tartani-a-fiatalok-rossz-munkamoraljatol","status":"publish","type":"post","link":"https:\/\/allasorias.hu\/hirek\/nem-kell-tartani-a-fiatalok-rossz-munkamoraljatol\/","title":{"rendered":"Nem kell tartani a fiatalok rossz munkamor\u00e1lj\u00e1t\u00f3l"},"content":{"rendered":"<p><strong>Akik m\u00e1r r\u00e9g\u00f3ta jelen vannak a munkaer\u0151piacon, hajlamosak azt hinni, hogy a fiatal gener\u00e1ci\u00f3 nem motiv\u00e1lt a munk\u00e1ban, nem j\u00f3 a munkamor\u00e1lja. Azonban a felm\u00e9r\u00e9sek nem ezt mutatj\u00e1k.<\/strong><\/p>\n<p>A CorporationZ Z-gener\u00e1ci\u00f3s port\u00e1l vezet\u0151je, Trunk Tam\u00e1s gener\u00e1ci\u00f3s el\u0151ad\u00f3 \u00e9s \u00edr\u00f3 elmond\u00e1sa szerint a Z-gener\u00e1ci\u00f3 munkamor\u00e1lja magasabb, mint az el\u0151z\u0151 gener\u00e1ci\u00f3k\u00e9. Ez der\u00fcl ki a vil\u00e1g egyik legnagyobb \u00e1ll\u00e1sport\u00e1lja, a Monster \u00e9s a TNS Kutat\u00f3int\u00e9zet k\u00f6z\u00f6s kutat\u00e1s\u00e1b\u00f3l is. \u00a0A fiatalok a legmotiv\u00e1ltabb munkav\u00e1llal\u00f3k. A vil\u00e1gszerte n\u00e9pszer\u0171 \u00e1ll\u00e1sport\u00e1l \u00e9s a TNS int\u00e9zet tanulm\u00e1ny\u00e1ban t\u00f6bb, mint 2000, k\u00fcl\u00f6nb\u00f6z\u0151 gener\u00e1ci\u00f3kat k\u00e9pvisel\u0151 embert k\u00e9rdeztek arr\u00f3l, hogy mi az, ami a munk\u00e1val kapcsolatban fontos sz\u00e1mukra. Felel\u0151ss\u00e9g\u00e9rzeti \u00e9s motiv\u00e1ci\u00f3s k\u00fcl\u00f6nbs\u00e9gek a gener\u00e1ci\u00f3k k\u00f6z\u00f6tt. A Z-gener\u00e1ci\u00f3sok 76%-a \u00e9rzi mag\u00e1t felel\u0151snek \u00e9s elk\u00f6telezettnek arra, hogy \u00e9p\u00edtse a karrierj\u00e9t, m\u00edg az Y-gener\u00e1ci\u00f3 (millennials) tagjai k\u00f6z\u00f6tt ez az \u00e9rt\u00e9k csak 64, az X-gener\u00e1ci\u00f3sok k\u00f6z\u00f6tt pedig 67 sz\u00e1zal\u00e9k. \u00c9rdekess\u00e9g, hogy a Z-gener\u00e1ci\u00f3 ebben hasonl\u00edt a Baby Boomer-ekhez, akiknek 75 sz\u00e1zal\u00e9ka v\u00e9lekedik \u00fagy, hogy mindenkinek saj\u00e1t felel\u0151ss\u00e9ge a karrier\u00e9p\u00edt\u00e9s. A Z-gener\u00e1ci\u00f3sok a legink\u00e1bb motiv\u00e1ltak a p\u00e9nz \u00e1ltal (70%), a t\u00f6bbi gener\u00e1ci\u00f3n\u00e1l ez 60% k\u00f6r\u00fcl mozog, \u00e1m a legink\u00e1bb eml\u00edt\u00e9sre m\u00e9lt\u00f3 t\u00e9ny az, hogy a Z-gener\u00e1ci\u00f3sok 74%-a szerint kell, hogy a munka t\u00f6bb legyen csak egyszer\u0171 p\u00e9nzkereseti lehet\u0151s\u00e9gn\u00e9l. A t\u00f6bbi gener\u00e1ci\u00f3 nagy r\u00e9sze viszont kifejezetten \u00fagy gondolja, hogy ez nem sz\u00fcks\u00e9ges: Az Y gener\u00e1ci\u00f3 45, az X gener\u00e1ci\u00f3 40, a Baby Boomer-ek 33 sz\u00e1zal\u00e9ka v\u00e1laszolta azt, hogy a munk\u00e1nak nem kell, hogy nagyobb c\u00e9lja legyen a fizet\u00e9sszerz\u00e9sn\u00e9l. A Z-gener\u00e1ci\u00f3sok 58, az Y-gener\u00e1ci\u00f3sok 45, az X-gener\u00e1ci\u00f3sok 40, \u00e9s a Baby Boomer-ek 33 sz\u00e1zal\u00e9ka dolgozna t\u00f6bb juttat\u00e1s\u00e9rt \u00e9jszakai m\u0171szakokban. \u2013 \u201eez is mutatja, hogy mennyivel rugalmasabbak vagyunk\u201d \u2013 mondta el Trunk Tam\u00e1s, a M\u00e1rk\u00e1k, Sneakerek, Z-Gener\u00e1ci\u00f3 c\u00edm\u0171 k\u00f6nyv szerz\u0151je. A fiatal gener\u00e1ci\u00f3k teh\u00e1t motiv\u00e1ltabbak: \u201eHa olyan dolgot tal\u00e1lunk, amit szenved\u00e9llyel tudunk v\u00e9gezni, kicsit elmos\u00f3dik a munka \u00e9s a pihen\u00e9s k\u00f6z\u00f6tti hat\u00e1r. Egy olyan flow alakul ki, amelyet kihaszn\u00e1lva sokkal hat\u00e9konyabbak tudunk lenni. Ez a mai fiatalok saj\u00e1toss\u00e1ga: sz\u00fcks\u00e9g\u00fcnk van arra, hogy a munk\u00e1nkat hivat\u00e1sk\u00e9nt fogjuk fel \u00e9s, hogy ki tudjunk bontakozni.\u201d \u2013 fogalmazott Tam\u00e1s.<\/p>\n<p>Forr\u00e1s: profitline.hu<\/p>\n","protected":false},"excerpt":{"rendered":"<p>Akik m\u00e1r r\u00e9g\u00f3ta jelen vannak a munkaer\u0151piacon, hajlamosak azt hinni, hogy a fiatal gener\u00e1ci\u00f3 nem motiv\u00e1lt a munk\u00e1ban, nem j\u00f3 a munkamor\u00e1lja. Azonban a felm\u00e9r\u00e9sek nem ezt mutatj\u00e1k. A CorporationZ Z-gener\u00e1ci\u00f3s port\u00e1l vezet\u0151je, Trunk Tam\u00e1s gener\u00e1ci\u00f3s el\u0151ad\u00f3 \u00e9s \u00edr\u00f3 elmond\u00e1sa szerint a Z-gener\u00e1ci\u00f3 munkamor\u00e1lja magasabb, mint az el\u0151z\u0151 gener\u00e1ci\u00f3k\u00e9. Ez der\u00fcl ki a vil\u00e1g egyik [&hellip;]<\/p>\n","protected":false},"author":1,"featured_media":3782,"comment_status":"open","ping_status":"open","sticky":false,"template":"","format":"standard","meta":{"_monsterinsights_skip_tracking":false,"footnotes":""},"categories":[200],"tags":[],"class_list":["post-3781","post","type-post","status-publish","format-standard","has-post-thumbnail","hentry","category-munkaeropiac"],"aioseo_notices":[],"aioseo_head":"\n\t\t<!-- All in One SEO 5.0.0.1 - aioseo.com -->\n\t<meta name=\"description\" content=\"Akik m\u00e1r r\u00e9g\u00f3ta jelen vannak a munkaer\u0151piacon, hajlamosak azt hinni, hogy a fiatal gener\u00e1ci\u00f3 nem motiv\u00e1lt a munk\u00e1ban, nem j\u00f3 a munkamor\u00e1lja. Azonban a felm\u00e9r\u00e9sek nem ezt mutatj\u00e1k. A CorporationZ Z-gener\u00e1ci\u00f3s port\u00e1l vezet\u0151je, Trunk Tam\u00e1s gener\u00e1ci\u00f3s el\u0151ad\u00f3 \u00e9s \u00edr\u00f3 elmond\u00e1sa szerint a Z-gener\u00e1ci\u00f3 munkamor\u00e1lja magasabb, mint az el\u0151z\u0151 gener\u00e1ci\u00f3k\u00e9. Ez der\u00fcl ki a vil\u00e1g egyik\" \/>\n\t<meta name=\"robots\" content=\"max-image-preview:large\" \/>\n\t<meta name=\"author\" content=\"Juh\u00e1sz P\u00e9ter\"\/>\n\t<link rel=\"canonical\" href=\"https:\/\/allasorias.hu\/hirek\/nem-kell-tartani-a-fiatalok-rossz-munkamoraljatol\/\" \/>\n\t<meta name=\"generator\" content=\"All in One SEO (AIOSEO) 5.0.0.1\" \/>\n\t\t<meta property=\"og:locale\" content=\"hu_HU\" \/>\n\t\t<meta property=\"og:site_name\" content=\"AllasOrias.hu | H\u00edrek-lapszemle | \u00dczleti h\u00edrek az \u00e1ll\u00e1s \u00e9s a munka vil\u00e1g\u00e1b\u00f3l\" \/>\n\t\t<meta property=\"og:type\" content=\"article\" \/>\n\t\t<meta property=\"og:title\" content=\"Nem kell tartani a fiatalok rossz munkamor\u00e1lj\u00e1t\u00f3l | AllasOrias.hu | H\u00edrek-lapszemle\" \/>\n\t\t<meta property=\"og:description\" content=\"Akik m\u00e1r r\u00e9g\u00f3ta jelen vannak a munkaer\u0151piacon, hajlamosak azt hinni, hogy a fiatal gener\u00e1ci\u00f3 nem motiv\u00e1lt a munk\u00e1ban, nem j\u00f3 a munkamor\u00e1lja. Azonban a felm\u00e9r\u00e9sek nem ezt mutatj\u00e1k. A CorporationZ Z-gener\u00e1ci\u00f3s port\u00e1l vezet\u0151je, Trunk Tam\u00e1s gener\u00e1ci\u00f3s el\u0151ad\u00f3 \u00e9s \u00edr\u00f3 elmond\u00e1sa szerint a Z-gener\u00e1ci\u00f3 munkamor\u00e1lja magasabb, mint az el\u0151z\u0151 gener\u00e1ci\u00f3k\u00e9. Ez der\u00fcl ki a vil\u00e1g egyik\" \/>\n\t\t<meta property=\"og:url\" content=\"https:\/\/allasorias.hu\/hirek\/nem-kell-tartani-a-fiatalok-rossz-munkamoraljatol\/\" \/>\n\t\t<meta property=\"og:image\" content=\"https:\/\/allasorias.hu\/hirek\/wp-content\/uploads\/2020\/02\/people-2557396_640.jpg\" \/>\n\t\t<meta property=\"og:image:secure_url\" content=\"https:\/\/allasorias.hu\/hirek\/wp-content\/uploads\/2020\/02\/people-2557396_640.jpg\" \/>\n\t\t<meta property=\"og:image:width\" content=\"640\" \/>\n\t\t<meta property=\"og:image:height\" content=\"426\" \/>\n\t\t<meta property=\"article:published_time\" content=\"2020-02-13T07:55:05+00:00\" \/>\n\t\t<meta property=\"article:modified_time\" content=\"2020-02-13T07:55:05+00:00\" \/>\n\t\t<meta property=\"article:publisher\" content=\"https:\/\/www.facebook.com\/allasorias\" \/>\n\t\t<meta name=\"twitter:card\" content=\"summary_large_image\" \/>\n\t\t<meta name=\"twitter:title\" content=\"Nem kell tartani a fiatalok rossz munkamor\u00e1lj\u00e1t\u00f3l | AllasOrias.hu | H\u00edrek-lapszemle\" \/>\n\t\t<meta name=\"twitter:description\" content=\"Akik m\u00e1r r\u00e9g\u00f3ta jelen vannak a munkaer\u0151piacon, hajlamosak azt hinni, hogy a fiatal gener\u00e1ci\u00f3 nem motiv\u00e1lt a munk\u00e1ban, nem j\u00f3 a munkamor\u00e1lja. Azonban a felm\u00e9r\u00e9sek nem ezt mutatj\u00e1k. A CorporationZ Z-gener\u00e1ci\u00f3s port\u00e1l vezet\u0151je, Trunk Tam\u00e1s gener\u00e1ci\u00f3s el\u0151ad\u00f3 \u00e9s \u00edr\u00f3 elmond\u00e1sa szerint a Z-gener\u00e1ci\u00f3 munkamor\u00e1lja magasabb, mint az el\u0151z\u0151 gener\u00e1ci\u00f3k\u00e9. Ez der\u00fcl ki a vil\u00e1g egyik\" \/>\n\t\t<meta name=\"twitter:image\" content=\"https:\/\/allasorias.hu\/hirek\/wp-content\/uploads\/2020\/02\/people-2557396_640.jpg\" \/>\n\t\t<meta name=\"twitter:label1\" content=\"Written by\" \/>\n\t\t<meta name=\"twitter:data1\" content=\"Juh\u00e1sz P\u00e9ter\" \/>\n\t\t<meta name=\"twitter:label2\" content=\"Est. reading time\" \/>\n\t\t<meta name=\"twitter:data2\" content=\"2 minutes\" \/>\n\t\t<script type=\"application\/ld+json\" class=\"aioseo-schema\">\n\t\t\t{\"@context\":\"https:\\\/\\\/schema.org\",\"@graph\":[{\"@type\":\"Article\",\"@id\":\"https:\\\/\\\/allasorias.hu\\\/hirek\\\/nem-kell-tartani-a-fiatalok-rossz-munkamoraljatol\\\/#article\",\"name\":\"Nem kell tartani a fiatalok rossz munkamor\\u00e1lj\\u00e1t\\u00f3l | AllasOrias.hu | H\\u00edrek-lapszemle\",\"headline\":\"Nem kell tartani a fiatalok rossz munkamor\\u00e1lj\\u00e1t\\u00f3l\",\"author\":{\"@id\":\"https:\\\/\\\/allasorias.hu\\\/hirek\\\/author\\\/admin-allasorias\\\/#author\"},\"publisher\":{\"@id\":\"https:\\\/\\\/allasorias.hu\\\/hirek\\\/#organization\"},\"image\":{\"@type\":\"ImageObject\",\"url\":\"https:\\\/\\\/allasorias.hu\\\/hirek\\\/wp-content\\\/uploads\\\/2020\\\/02\\\/people-2557396_640.jpg\",\"width\":640,\"height\":426},\"datePublished\":\"2020-02-13T07:55:05+02:00\",\"dateModified\":\"2020-02-13T07:55:05+02:00\",\"inLanguage\":\"hu-HU\",\"mainEntityOfPage\":{\"@id\":\"https:\\\/\\\/allasorias.hu\\\/hirek\\\/nem-kell-tartani-a-fiatalok-rossz-munkamoraljatol\\\/#webpage\"},\"isPartOf\":{\"@id\":\"https:\\\/\\\/allasorias.hu\\\/hirek\\\/nem-kell-tartani-a-fiatalok-rossz-munkamoraljatol\\\/#webpage\"},\"articleSection\":\"Munkaer\\u0151piac\"},{\"@type\":\"BreadcrumbList\",\"@id\":\"https:\\\/\\\/allasorias.hu\\\/hirek\\\/nem-kell-tartani-a-fiatalok-rossz-munkamoraljatol\\\/#breadcrumblist\",\"itemListElement\":[{\"@type\":\"ListItem\",\"@id\":\"https:\\\/\\\/allasorias.hu\\\/hirek#listItem\",\"position\":1,\"name\":\"Home\",\"item\":\"https:\\\/\\\/allasorias.hu\\\/hirek\",\"nextItem\":{\"@type\":\"ListItem\",\"@id\":\"https:\\\/\\\/allasorias.hu\\\/hirek\\\/temak\\\/munkaeropiac\\\/#listItem\",\"name\":\"Munkaer\\u0151piac\"}},{\"@type\":\"ListItem\",\"@id\":\"https:\\\/\\\/allasorias.hu\\\/hirek\\\/temak\\\/munkaeropiac\\\/#listItem\",\"position\":2,\"name\":\"Munkaer\\u0151piac\",\"item\":\"https:\\\/\\\/allasorias.hu\\\/hirek\\\/temak\\\/munkaeropiac\\\/\",\"nextItem\":{\"@type\":\"ListItem\",\"@id\":\"https:\\\/\\\/allasorias.hu\\\/hirek\\\/nem-kell-tartani-a-fiatalok-rossz-munkamoraljatol\\\/#listItem\",\"name\":\"Nem kell tartani a fiatalok rossz munkamor\\u00e1lj\\u00e1t\\u00f3l\"},\"previousItem\":{\"@type\":\"ListItem\",\"@id\":\"https:\\\/\\\/allasorias.hu\\\/hirek#listItem\",\"name\":\"Home\"}},{\"@type\":\"ListItem\",\"@id\":\"https:\\\/\\\/allasorias.hu\\\/hirek\\\/nem-kell-tartani-a-fiatalok-rossz-munkamoraljatol\\\/#listItem\",\"position\":3,\"name\":\"Nem kell tartani a fiatalok rossz munkamor\\u00e1lj\\u00e1t\\u00f3l\",\"previousItem\":{\"@type\":\"ListItem\",\"@id\":\"https:\\\/\\\/allasorias.hu\\\/hirek\\\/temak\\\/munkaeropiac\\\/#listItem\",\"name\":\"Munkaer\\u0151piac\"}}]},{\"@type\":\"Organization\",\"@id\":\"https:\\\/\\\/allasorias.hu\\\/hirek\\\/#organization\",\"name\":\"AllasOrias.hu | H\\u00edrek-lapszemle\",\"description\":\"\\u00dczleti h\\u00edrek az \\u00e1ll\\u00e1s \\u00e9s a munka vil\\u00e1g\\u00e1b\\u00f3l\",\"url\":\"https:\\\/\\\/allasorias.hu\\\/hirek\\\/\",\"logo\":{\"@type\":\"ImageObject\",\"url\":\"https:\\\/\\\/allasorias.hu\\\/hirek\\\/wp-content\\\/uploads\\\/2022\\\/10\\\/allasorias_site_facebok_logo.png\",\"@id\":\"https:\\\/\\\/allasorias.hu\\\/hirek\\\/nem-kell-tartani-a-fiatalok-rossz-munkamoraljatol\\\/#organizationLogo\"},\"image\":{\"@id\":\"https:\\\/\\\/allasorias.hu\\\/hirek\\\/nem-kell-tartani-a-fiatalok-rossz-munkamoraljatol\\\/#organizationLogo\"},\"sameAs\":[\"https:\\\/\\\/www.facebook.com\\\/allasorias\",\"https:\\\/\\\/www.linkedin.com\\\/company\\\/allasorias\"]},{\"@type\":\"Person\",\"@id\":\"https:\\\/\\\/allasorias.hu\\\/hirek\\\/author\\\/admin-allasorias\\\/#author\",\"url\":\"https:\\\/\\\/allasorias.hu\\\/hirek\\\/author\\\/admin-allasorias\\\/\",\"name\":\"Juh\\u00e1sz P\\u00e9ter\",\"image\":{\"@type\":\"ImageObject\",\"@id\":\"https:\\\/\\\/allasorias.hu\\\/hirek\\\/nem-kell-tartani-a-fiatalok-rossz-munkamoraljatol\\\/#authorImage\",\"url\":\"https:\\\/\\\/secure.gravatar.com\\\/avatar\\\/36e6bcb83148978b992977cb0f54d22feb0cce8a0a849a9410532bb2623ba4c6?s=96&d=mm&r=g\",\"width\":96,\"height\":96,\"caption\":\"Juh\\u00e1sz P\\u00e9ter\"}},{\"@type\":\"WebPage\",\"@id\":\"https:\\\/\\\/allasorias.hu\\\/hirek\\\/nem-kell-tartani-a-fiatalok-rossz-munkamoraljatol\\\/#webpage\",\"url\":\"https:\\\/\\\/allasorias.hu\\\/hirek\\\/nem-kell-tartani-a-fiatalok-rossz-munkamoraljatol\\\/\",\"name\":\"Nem kell tartani a fiatalok rossz munkamor\\u00e1lj\\u00e1t\\u00f3l | AllasOrias.hu | H\\u00edrek-lapszemle\",\"description\":\"Akik m\\u00e1r r\\u00e9g\\u00f3ta jelen vannak a munkaer\\u0151piacon, hajlamosak azt hinni, hogy a fiatal gener\\u00e1ci\\u00f3 nem motiv\\u00e1lt a munk\\u00e1ban, nem j\\u00f3 a munkamor\\u00e1lja. Azonban a felm\\u00e9r\\u00e9sek nem ezt mutatj\\u00e1k. A CorporationZ Z-gener\\u00e1ci\\u00f3s port\\u00e1l vezet\\u0151je, Trunk Tam\\u00e1s gener\\u00e1ci\\u00f3s el\\u0151ad\\u00f3 \\u00e9s \\u00edr\\u00f3 elmond\\u00e1sa szerint a Z-gener\\u00e1ci\\u00f3 munkamor\\u00e1lja magasabb, mint az el\\u0151z\\u0151 gener\\u00e1ci\\u00f3k\\u00e9. Ez der\\u00fcl ki a vil\\u00e1g egyik\",\"inLanguage\":\"hu-HU\",\"isPartOf\":{\"@id\":\"https:\\\/\\\/allasorias.hu\\\/hirek\\\/#website\"},\"breadcrumb\":{\"@id\":\"https:\\\/\\\/allasorias.hu\\\/hirek\\\/nem-kell-tartani-a-fiatalok-rossz-munkamoraljatol\\\/#breadcrumblist\"},\"author\":{\"@id\":\"https:\\\/\\\/allasorias.hu\\\/hirek\\\/author\\\/admin-allasorias\\\/#author\"},\"creator\":{\"@id\":\"https:\\\/\\\/allasorias.hu\\\/hirek\\\/author\\\/admin-allasorias\\\/#author\"},\"image\":{\"@type\":\"ImageObject\",\"url\":\"https:\\\/\\\/allasorias.hu\\\/hirek\\\/wp-content\\\/uploads\\\/2020\\\/02\\\/people-2557396_640.jpg\",\"@id\":\"https:\\\/\\\/allasorias.hu\\\/hirek\\\/nem-kell-tartani-a-fiatalok-rossz-munkamoraljatol\\\/#mainImage\",\"width\":640,\"height\":426},\"primaryImageOfPage\":{\"@id\":\"https:\\\/\\\/allasorias.hu\\\/hirek\\\/nem-kell-tartani-a-fiatalok-rossz-munkamoraljatol\\\/#mainImage\"},\"datePublished\":\"2020-02-13T07:55:05+02:00\",\"dateModified\":\"2020-02-13T07:55:05+02:00\"},{\"@type\":\"WebSite\",\"@id\":\"https:\\\/\\\/allasorias.hu\\\/hirek\\\/#website\",\"url\":\"https:\\\/\\\/allasorias.hu\\\/hirek\\\/\",\"name\":\"AllasOrias.hu | H\\u00edrek-lapszemle\",\"description\":\"\\u00dczleti h\\u00edrek az \\u00e1ll\\u00e1s \\u00e9s a munka vil\\u00e1g\\u00e1b\\u00f3l\",\"inLanguage\":\"hu-HU\",\"publisher\":{\"@id\":\"https:\\\/\\\/allasorias.hu\\\/hirek\\\/#organization\"}}]}\n\t\t<\/script>\n\t\t<!-- All in One SEO -->\n\n","aioseo_head_json":{"title":"Nem kell tartani a fiatalok rossz munkamor\u00e1lj\u00e1t\u00f3l | AllasOrias.hu | H\u00edrek-lapszemle","description":"Akik m\u00e1r r\u00e9g\u00f3ta jelen vannak a munkaer\u0151piacon, hajlamosak azt hinni, hogy a fiatal gener\u00e1ci\u00f3 nem motiv\u00e1lt a munk\u00e1ban, nem j\u00f3 a munkamor\u00e1lja. Azonban a felm\u00e9r\u00e9sek nem ezt mutatj\u00e1k. A CorporationZ Z-gener\u00e1ci\u00f3s port\u00e1l vezet\u0151je, Trunk Tam\u00e1s gener\u00e1ci\u00f3s el\u0151ad\u00f3 \u00e9s \u00edr\u00f3 elmond\u00e1sa szerint a Z-gener\u00e1ci\u00f3 munkamor\u00e1lja magasabb, mint az el\u0151z\u0151 gener\u00e1ci\u00f3k\u00e9. Ez der\u00fcl ki a vil\u00e1g egyik","canonical_url":"https:\/\/allasorias.hu\/hirek\/nem-kell-tartani-a-fiatalok-rossz-munkamoraljatol\/","robots":"max-image-preview:large","keywords":"","webmasterTools":{"miscellaneous":""},"schema":{"@context":"https:\/\/schema.org","@graph":[{"@type":"Article","@id":"https:\/\/allasorias.hu\/hirek\/nem-kell-tartani-a-fiatalok-rossz-munkamoraljatol\/#article","name":"Nem kell tartani a fiatalok rossz munkamor\u00e1lj\u00e1t\u00f3l | AllasOrias.hu | H\u00edrek-lapszemle","headline":"Nem kell tartani a fiatalok rossz munkamor\u00e1lj\u00e1t\u00f3l","author":{"@id":"https:\/\/allasorias.hu\/hirek\/author\/admin-allasorias\/#author"},"publisher":{"@id":"https:\/\/allasorias.hu\/hirek\/#organization"},"image":{"@type":"ImageObject","url":"https:\/\/allasorias.hu\/hirek\/wp-content\/uploads\/2020\/02\/people-2557396_640.jpg","width":640,"height":426},"datePublished":"2020-02-13T07:55:05+02:00","dateModified":"2020-02-13T07:55:05+02:00","inLanguage":"hu-HU","mainEntityOfPage":{"@id":"https:\/\/allasorias.hu\/hirek\/nem-kell-tartani-a-fiatalok-rossz-munkamoraljatol\/#webpage"},"isPartOf":{"@id":"https:\/\/allasorias.hu\/hirek\/nem-kell-tartani-a-fiatalok-rossz-munkamoraljatol\/#webpage"},"articleSection":"Munkaer\u0151piac"},{"@type":"BreadcrumbList","@id":"https:\/\/allasorias.hu\/hirek\/nem-kell-tartani-a-fiatalok-rossz-munkamoraljatol\/#breadcrumblist","itemListElement":[{"@type":"ListItem","@id":"https:\/\/allasorias.hu\/hirek#listItem","position":1,"name":"Home","item":"https:\/\/allasorias.hu\/hirek","nextItem":{"@type":"ListItem","@id":"https:\/\/allasorias.hu\/hirek\/temak\/munkaeropiac\/#listItem","name":"Munkaer\u0151piac"}},{"@type":"ListItem","@id":"https:\/\/allasorias.hu\/hirek\/temak\/munkaeropiac\/#listItem","position":2,"name":"Munkaer\u0151piac","item":"https:\/\/allasorias.hu\/hirek\/temak\/munkaeropiac\/","nextItem":{"@type":"ListItem","@id":"https:\/\/allasorias.hu\/hirek\/nem-kell-tartani-a-fiatalok-rossz-munkamoraljatol\/#listItem","name":"Nem kell tartani a fiatalok rossz munkamor\u00e1lj\u00e1t\u00f3l"},"previousItem":{"@type":"ListItem","@id":"https:\/\/allasorias.hu\/hirek#listItem","name":"Home"}},{"@type":"ListItem","@id":"https:\/\/allasorias.hu\/hirek\/nem-kell-tartani-a-fiatalok-rossz-munkamoraljatol\/#listItem","position":3,"name":"Nem kell tartani a fiatalok rossz munkamor\u00e1lj\u00e1t\u00f3l","previousItem":{"@type":"ListItem","@id":"https:\/\/allasorias.hu\/hirek\/temak\/munkaeropiac\/#listItem","name":"Munkaer\u0151piac"}}]},{"@type":"Organization","@id":"https:\/\/allasorias.hu\/hirek\/#organization","name":"AllasOrias.hu | H\u00edrek-lapszemle","description":"\u00dczleti h\u00edrek az \u00e1ll\u00e1s \u00e9s a munka vil\u00e1g\u00e1b\u00f3l","url":"https:\/\/allasorias.hu\/hirek\/","logo":{"@type":"ImageObject","url":"https:\/\/allasorias.hu\/hirek\/wp-content\/uploads\/2022\/10\/allasorias_site_facebok_logo.png","@id":"https:\/\/allasorias.hu\/hirek\/nem-kell-tartani-a-fiatalok-rossz-munkamoraljatol\/#organizationLogo"},"image":{"@id":"https:\/\/allasorias.hu\/hirek\/nem-kell-tartani-a-fiatalok-rossz-munkamoraljatol\/#organizationLogo"},"sameAs":["https:\/\/www.facebook.com\/allasorias","https:\/\/www.linkedin.com\/company\/allasorias"]},{"@type":"Person","@id":"https:\/\/allasorias.hu\/hirek\/author\/admin-allasorias\/#author","url":"https:\/\/allasorias.hu\/hirek\/author\/admin-allasorias\/","name":"Juh\u00e1sz P\u00e9ter","image":{"@type":"ImageObject","@id":"https:\/\/allasorias.hu\/hirek\/nem-kell-tartani-a-fiatalok-rossz-munkamoraljatol\/#authorImage","url":"https:\/\/secure.gravatar.com\/avatar\/36e6bcb83148978b992977cb0f54d22feb0cce8a0a849a9410532bb2623ba4c6?s=96&d=mm&r=g","width":96,"height":96,"caption":"Juh\u00e1sz P\u00e9ter"}},{"@type":"WebPage","@id":"https:\/\/allasorias.hu\/hirek\/nem-kell-tartani-a-fiatalok-rossz-munkamoraljatol\/#webpage","url":"https:\/\/allasorias.hu\/hirek\/nem-kell-tartani-a-fiatalok-rossz-munkamoraljatol\/","name":"Nem kell tartani a fiatalok rossz munkamor\u00e1lj\u00e1t\u00f3l | AllasOrias.hu | H\u00edrek-lapszemle","description":"Akik m\u00e1r r\u00e9g\u00f3ta jelen vannak a munkaer\u0151piacon, hajlamosak azt hinni, hogy a fiatal gener\u00e1ci\u00f3 nem motiv\u00e1lt a munk\u00e1ban, nem j\u00f3 a munkamor\u00e1lja. Azonban a felm\u00e9r\u00e9sek nem ezt mutatj\u00e1k. A CorporationZ Z-gener\u00e1ci\u00f3s port\u00e1l vezet\u0151je, Trunk Tam\u00e1s gener\u00e1ci\u00f3s el\u0151ad\u00f3 \u00e9s \u00edr\u00f3 elmond\u00e1sa szerint a Z-gener\u00e1ci\u00f3 munkamor\u00e1lja magasabb, mint az el\u0151z\u0151 gener\u00e1ci\u00f3k\u00e9. Ez der\u00fcl ki a vil\u00e1g egyik","inLanguage":"hu-HU","isPartOf":{"@id":"https:\/\/allasorias.hu\/hirek\/#website"},"breadcrumb":{"@id":"https:\/\/allasorias.hu\/hirek\/nem-kell-tartani-a-fiatalok-rossz-munkamoraljatol\/#breadcrumblist"},"author":{"@id":"https:\/\/allasorias.hu\/hirek\/author\/admin-allasorias\/#author"},"creator":{"@id":"https:\/\/allasorias.hu\/hirek\/author\/admin-allasorias\/#author"},"image":{"@type":"ImageObject","url":"https:\/\/allasorias.hu\/hirek\/wp-content\/uploads\/2020\/02\/people-2557396_640.jpg","@id":"https:\/\/allasorias.hu\/hirek\/nem-kell-tartani-a-fiatalok-rossz-munkamoraljatol\/#mainImage","width":640,"height":426},"primaryImageOfPage":{"@id":"https:\/\/allasorias.hu\/hirek\/nem-kell-tartani-a-fiatalok-rossz-munkamoraljatol\/#mainImage"},"datePublished":"2020-02-13T07:55:05+02:00","dateModified":"2020-02-13T07:55:05+02:00"},{"@type":"WebSite","@id":"https:\/\/allasorias.hu\/hirek\/#website","url":"https:\/\/allasorias.hu\/hirek\/","name":"AllasOrias.hu | H\u00edrek-lapszemle","description":"\u00dczleti h\u00edrek az \u00e1ll\u00e1s \u00e9s a munka vil\u00e1g\u00e1b\u00f3l","inLanguage":"hu-HU","publisher":{"@id":"https:\/\/allasorias.hu\/hirek\/#organization"}}]},"og:locale":"hu_HU","og:site_name":"AllasOrias.hu | H\u00edrek-lapszemle | \u00dczleti h\u00edrek az \u00e1ll\u00e1s \u00e9s a munka vil\u00e1g\u00e1b\u00f3l","og:type":"article","og:title":"Nem kell tartani a fiatalok rossz munkamor\u00e1lj\u00e1t\u00f3l | AllasOrias.hu | H\u00edrek-lapszemle","og:description":"Akik m\u00e1r r\u00e9g\u00f3ta jelen vannak a munkaer\u0151piacon, hajlamosak azt hinni, hogy a fiatal gener\u00e1ci\u00f3 nem motiv\u00e1lt a munk\u00e1ban, nem j\u00f3 a munkamor\u00e1lja. Azonban a felm\u00e9r\u00e9sek nem ezt mutatj\u00e1k. A CorporationZ Z-gener\u00e1ci\u00f3s port\u00e1l vezet\u0151je, Trunk Tam\u00e1s gener\u00e1ci\u00f3s el\u0151ad\u00f3 \u00e9s \u00edr\u00f3 elmond\u00e1sa szerint a Z-gener\u00e1ci\u00f3 munkamor\u00e1lja magasabb, mint az el\u0151z\u0151 gener\u00e1ci\u00f3k\u00e9. Ez der\u00fcl ki a vil\u00e1g egyik","og:url":"https:\/\/allasorias.hu\/hirek\/nem-kell-tartani-a-fiatalok-rossz-munkamoraljatol\/","og:image":"https:\/\/allasorias.hu\/hirek\/wp-content\/uploads\/2020\/02\/people-2557396_640.jpg","og:image:secure_url":"https:\/\/allasorias.hu\/hirek\/wp-content\/uploads\/2020\/02\/people-2557396_640.jpg","og:image:width":640,"og:image:height":426,"article:published_time":"2020-02-13T07:55:05+00:00","article:modified_time":"2020-02-13T07:55:05+00:00","article:publisher":"https:\/\/www.facebook.com\/allasorias","twitter:card":"summary_large_image","twitter:title":"Nem kell tartani a fiatalok rossz munkamor\u00e1lj\u00e1t\u00f3l | AllasOrias.hu | H\u00edrek-lapszemle","twitter:description":"Akik m\u00e1r r\u00e9g\u00f3ta jelen vannak a munkaer\u0151piacon, hajlamosak azt hinni, hogy a fiatal gener\u00e1ci\u00f3 nem motiv\u00e1lt a munk\u00e1ban, nem j\u00f3 a munkamor\u00e1lja. Azonban a felm\u00e9r\u00e9sek nem ezt mutatj\u00e1k. A CorporationZ Z-gener\u00e1ci\u00f3s port\u00e1l vezet\u0151je, Trunk Tam\u00e1s gener\u00e1ci\u00f3s el\u0151ad\u00f3 \u00e9s \u00edr\u00f3 elmond\u00e1sa szerint a Z-gener\u00e1ci\u00f3 munkamor\u00e1lja magasabb, mint az el\u0151z\u0151 gener\u00e1ci\u00f3k\u00e9. Ez der\u00fcl ki a vil\u00e1g egyik","twitter:image":"https:\/\/allasorias.hu\/hirek\/wp-content\/uploads\/2020\/02\/people-2557396_640.jpg","twitter:label1":"Written by","twitter:data1":"Juh\u00e1sz P\u00e9ter","twitter:label2":"Est. reading time","twitter:data2":"2 minutes"},"aioseo_meta_data":{"post_id":"3781","title":null,"description":null,"keywords":null,"keyphrases":null,"primary_term":null,"canonical_url":null,"og_title":null,"og_description":null,"og_object_type":"default","og_image_type":"default","og_image_url":null,"og_image_width":null,"og_image_height":null,"og_image_custom_url":null,"og_image_custom_fields":null,"og_video":null,"og_custom_url":null,"og_article_section":null,"og_article_tags":null,"twitter_use_og":false,"twitter_card":"default","twitter_image_type":"default","twitter_image_url":null,"twitter_image_custom_url":null,"twitter_image_custom_fields":null,"twitter_title":null,"twitter_description":null,"schema":{"blockGraphs":[],"customGraphs":[],"default":{"data":{"Article":[],"Course":[],"Dataset":[],"FAQPage":[],"Movie":[],"Person":[],"Product":[],"ProductReview":[],"Car":[],"Recipe":[],"Service":[],"SoftwareApplication":[],"WebPage":[]},"graphName":"","isEnabled":true},"graphs":[]},"schema_type":null,"schema_type_options":null,"pillar_content":false,"robots_default":true,"robots_noindex":false,"robots_noarchive":false,"robots_nosnippet":false,"robots_nofollow":false,"robots_noimageindex":false,"robots_noodp":false,"robots_notranslate":false,"robots_max_snippet":null,"robots_max_videopreview":null,"robots_max_imagepreview":"large","priority":null,"frequency":null,"location":null,"local_seo":null,"breadcrumb_settings":null,"limit_modified_date":false,"ai":null,"created":"2021-02-01 21:57:19","updated":"2025-10-02 13:35:39","seo_analyzer_scan_date":null,"focus_keyword":null,"additional_keywords":null,"truseo_locale":null},"aioseo_breadcrumb":"<div class=\"aioseo-breadcrumbs\"><span class=\"aioseo-breadcrumb\">\n\t\t\t<a href=\"https:\/\/allasorias.hu\/hirek\" title=\"Home\">Home<\/a>\n\t\t<\/span><span class=\"aioseo-breadcrumb-separator\">&raquo;<\/span><span class=\"aioseo-breadcrumb\">\n\t\t\t<a href=\"https:\/\/allasorias.hu\/hirek\/temak\/munkaeropiac\/\" title=\"Munkaer\u0151piac\">Munkaer\u0151piac<\/a>\n\t\t<\/span><span class=\"aioseo-breadcrumb-separator\">&raquo;<\/span><span class=\"aioseo-breadcrumb\">\n\t\t\tNem kell tartani a fiatalok rossz munkamor\u00e1lj\u00e1t\u00f3l\n\t\t<\/span><\/div>","aioseo_breadcrumb_json":[{"label":"Home","link":"https:\/\/allasorias.hu\/hirek"},{"label":"Munkaer\u0151piac","link":"https:\/\/allasorias.hu\/hirek\/temak\/munkaeropiac\/"},{"label":"Nem kell tartani a fiatalok rossz munkamor\u00e1lj\u00e1t\u00f3l","link":"https:\/\/allasorias.hu\/hirek\/nem-kell-tartani-a-fiatalok-rossz-munkamoraljatol\/"}],"_links":{"self":[{"href":"https:\/\/allasorias.hu\/hirek\/wp-json\/wp\/v2\/posts\/3781","targetHints":{"allow":["GET"]}}],"collection":[{"href":"https:\/\/allasorias.hu\/hirek\/wp-json\/wp\/v2\/posts"}],"about":[{"href":"https:\/\/allasorias.hu\/hirek\/wp-json\/wp\/v2\/types\/post"}],"author":[{"embeddable":true,"href":"https:\/\/allasorias.hu\/hirek\/wp-json\/wp\/v2\/users\/1"}],"replies":[{"embeddable":true,"href":"https:\/\/allasorias.hu\/hirek\/wp-json\/wp\/v2\/comments?post=3781"}],"version-history":[{"count":1,"href":"https:\/\/allasorias.hu\/hirek\/wp-json\/wp\/v2\/posts\/3781\/revisions"}],"predecessor-version":[{"id":3783,"href":"https:\/\/allasorias.hu\/hirek\/wp-json\/wp\/v2\/posts\/3781\/revisions\/3783"}],"wp:featuredmedia":[{"embeddable":true,"href":"https:\/\/allasorias.hu\/hirek\/wp-json\/wp\/v2\/media\/3782"}],"wp:attachment":[{"href":"https:\/\/allasorias.hu\/hirek\/wp-json\/wp\/v2\/media?parent=3781"}],"wp:term":[{"taxonomy":"category","embeddable":true,"href":"https:\/\/allasorias.hu\/hirek\/wp-json\/wp\/v2\/categories?post=3781"},{"taxonomy":"post_tag","embeddable":true,"href":"https:\/\/allasorias.hu\/hirek\/wp-json\/wp\/v2\/tags?post=3781"}],"curies":[{"name":"wp","href":"https:\/\/api.w.org\/{rel}","templated":true}]}}