{"id":3760,"date":"2020-02-07T08:26:36","date_gmt":"2020-02-07T08:26:36","guid":{"rendered":"https:\/\/allasorias.hu\/hirek\/?p=3760"},"modified":"2020-02-07T08:37:40","modified_gmt":"2020-02-07T08:37:40","slug":"nem-minden-migrans-talal-munkat-nemetorszagban","status":"publish","type":"post","link":"https:\/\/allasorias.hu\/hirek\/nem-minden-migrans-talal-munkat-nemetorszagban\/","title":{"rendered":"Nem minden migr\u00e1ns tal\u00e1l munk\u00e1t N\u00e9metorsz\u00e1gban"},"content":{"rendered":"<p><strong>A migr\u00e1nsoknak\u00a0 valamivel t\u00f6bb minta fele tal\u00e1l munk\u00e1t N\u00e9metorsz\u00e1gban, azonban sokan r\u00f6vid ideig tart\u00f3 foglalkoztat\u00e1sban vesznek r\u00e9szt, ami hossz\u00fa t\u00e1von nem megold\u00e1s. A \u00a0n\u00e9met bev\u00e1ndorl\u00e1si hivatal kutat\u00f3int\u00e9zet\u00e9nek, az IAB-nek a tanulm\u00e1nya szerint az Eur\u00f3pa keleti fel\u00e9b\u0151l \u00e9rkez\u0151 bev\u00e1ndorl\u00f3k jelent\u0151s r\u00e9szben maguknak kerestek \u00e9s tal\u00e1ltak \u00e1ll\u00e1st N\u00e9metorsz\u00e1gban, m\u00edg a 2015 ut\u00e1n \u00e9rkez\u0151k nagyon jelent\u0151s \u00e1llami seg\u00edts\u00e9get kaptak. <\/strong><\/p>\n<p>A statisztika \u00edgy m\u00e9g annak ellen\u00e9re is javult, hogy az egykori szocialista orsz\u00e1gokb\u00f3l \u00e9rkez\u0151k k\u00e9pzetts\u00e9gi szintje \u00e9s nyelvtud\u00e1sa is jobb volt: kor\u00e1bban ugyanis a bev\u00e1ndorl\u00f3k 44 sz\u00e1zal\u00e9ka tal\u00e1lt \u00e1ll\u00e1st mag\u00e1nak \u00f6t \u00e9vvel a leteleped\u00e9s ut\u00e1n, most pedig 49 sz\u00e1zal\u00e9k \u2013 sz\u00e1mol be a k\u00f6zszolg\u00e1lati Deutsche Welle. Angela Merkel kancell\u00e1r 2015-ben a nagy n\u00e9met gy\u00e1rak munkaer\u0151ig\u00e9nyeire hivatkozva hirdette meg befogad\u00e1si programj\u00e1t, amikor t\u00f6bb mint egymilli\u00f3 bev\u00e1ndorl\u00f3 \u00e9rkezett N\u00e9metorsz\u00e1gba. A javul\u00f3 statisztika annak is k\u00f6sz\u00f6nhet\u0151, hogy N\u00e9metorsz\u00e1gban is cs\u00f6kken a stabil munkahelyek sz\u00e1ma, egyre ink\u00e1bb el\u0151t\u00e9rbe ker\u00fcl a r\u00e9szmunkaid\u0151 vagy a r\u00f6vid t\u00e1v\u00fa szerz\u0151d\u00e9ses \u00e1ll\u00e1s. S\u0151t felt\u0171ntek &#8211; angolsz\u00e1sz mint\u00e1ra &#8211; az \u00fagynevezett minijobok (ez \u00e1ltal\u00e1ban egy r\u00f6vid ideig tart\u00f3 munka, lehet id\u00e9nymunka, sz\u00f3r\u00f3lapoz\u00e1s stb., ami ut\u00e1n alig kell ad\u00f3zni) is, melyek \u00e9pphogy lehet\u0151v\u00e9 teszik a munkav\u00e1llal\u00f3 meg\u00e9lhet\u00e9s\u00e9t. N\u00e9metorsz\u00e1g egy minijob maximum 450 eur\u00f3t hoz havonta. A megk\u00e9rdezett migr\u00e1nsok 12 sz\u00e1zal\u00e9ka ilyen mini munkahellyel rendelkezik, amelyre az\u00e9rt neh\u00e9z a j\u00f6v\u0151t alapozni vagy csal\u00e1dot alap\u00edtani, r\u00e1ad\u00e1sul a migr\u00e1ns munkav\u00e1llal\u00f3knak csak a 29 sz\u00e1zal\u00e9ka n\u0151.<\/p>\n<p>Forr\u00e1s: hvg.hu<\/p>\n","protected":false},"excerpt":{"rendered":"<p>A migr\u00e1nsoknak\u00a0 valamivel t\u00f6bb minta fele tal\u00e1l munk\u00e1t N\u00e9metorsz\u00e1gban, azonban sokan r\u00f6vid ideig tart\u00f3 foglalkoztat\u00e1sban vesznek r\u00e9szt, ami hossz\u00fa t\u00e1von nem megold\u00e1s. A \u00a0n\u00e9met bev\u00e1ndorl\u00e1si hivatal kutat\u00f3int\u00e9zet\u00e9nek, az IAB-nek a tanulm\u00e1nya szerint az Eur\u00f3pa keleti fel\u00e9b\u0151l \u00e9rkez\u0151 bev\u00e1ndorl\u00f3k jelent\u0151s r\u00e9szben maguknak kerestek \u00e9s tal\u00e1ltak \u00e1ll\u00e1st N\u00e9metorsz\u00e1gban, m\u00edg a 2015 ut\u00e1n \u00e9rkez\u0151k nagyon jelent\u0151s \u00e1llami seg\u00edts\u00e9get [&hellip;]<\/p>\n","protected":false},"author":1,"featured_media":2735,"comment_status":"open","ping_status":"open","sticky":false,"template":"","format":"standard","meta":{"_monsterinsights_skip_tracking":false,"footnotes":""},"categories":[201],"tags":[],"class_list":["post-3760","post","type-post","status-publish","format-standard","has-post-thumbnail","hentry","category-kulfold"],"aioseo_notices":[],"aioseo_head":"\n\t\t<!-- All in One SEO 5.0.0.1 - aioseo.com -->\n\t<meta name=\"description\" content=\"A migr\u00e1nsoknak valamivel t\u00f6bb minta fele tal\u00e1l munk\u00e1t N\u00e9metorsz\u00e1gban, azonban sokan r\u00f6vid ideig tart\u00f3 foglalkoztat\u00e1sban vesznek r\u00e9szt, ami hossz\u00fa t\u00e1von nem megold\u00e1s. A n\u00e9met bev\u00e1ndorl\u00e1si hivatal kutat\u00f3int\u00e9zet\u00e9nek, az IAB-nek a tanulm\u00e1nya szerint az Eur\u00f3pa keleti fel\u00e9b\u0151l \u00e9rkez\u0151 bev\u00e1ndorl\u00f3k jelent\u0151s r\u00e9szben maguknak kerestek \u00e9s tal\u00e1ltak \u00e1ll\u00e1st N\u00e9metorsz\u00e1gban, m\u00edg a 2015 ut\u00e1n \u00e9rkez\u0151k nagyon jelent\u0151s \u00e1llami seg\u00edts\u00e9get\" \/>\n\t<meta name=\"robots\" content=\"max-image-preview:large\" \/>\n\t<meta name=\"author\" content=\"Juh\u00e1sz P\u00e9ter\"\/>\n\t<link rel=\"canonical\" href=\"https:\/\/allasorias.hu\/hirek\/nem-minden-migrans-talal-munkat-nemetorszagban\/\" \/>\n\t<meta name=\"generator\" content=\"All in One SEO (AIOSEO) 5.0.0.1\" \/>\n\t\t<meta property=\"og:locale\" content=\"hu_HU\" \/>\n\t\t<meta property=\"og:site_name\" content=\"AllasOrias.hu | H\u00edrek-lapszemle | \u00dczleti h\u00edrek az \u00e1ll\u00e1s \u00e9s a munka vil\u00e1g\u00e1b\u00f3l\" \/>\n\t\t<meta property=\"og:type\" content=\"article\" \/>\n\t\t<meta property=\"og:title\" content=\"Nem minden migr\u00e1ns tal\u00e1l munk\u00e1t N\u00e9metorsz\u00e1gban | AllasOrias.hu | H\u00edrek-lapszemle\" \/>\n\t\t<meta property=\"og:description\" content=\"A migr\u00e1nsoknak valamivel t\u00f6bb minta fele tal\u00e1l munk\u00e1t N\u00e9metorsz\u00e1gban, azonban sokan r\u00f6vid ideig tart\u00f3 foglalkoztat\u00e1sban vesznek r\u00e9szt, ami hossz\u00fa t\u00e1von nem megold\u00e1s. A n\u00e9met bev\u00e1ndorl\u00e1si hivatal kutat\u00f3int\u00e9zet\u00e9nek, az IAB-nek a tanulm\u00e1nya szerint az Eur\u00f3pa keleti fel\u00e9b\u0151l \u00e9rkez\u0151 bev\u00e1ndorl\u00f3k jelent\u0151s r\u00e9szben maguknak kerestek \u00e9s tal\u00e1ltak \u00e1ll\u00e1st N\u00e9metorsz\u00e1gban, m\u00edg a 2015 ut\u00e1n \u00e9rkez\u0151k nagyon jelent\u0151s \u00e1llami seg\u00edts\u00e9get\" \/>\n\t\t<meta property=\"og:url\" content=\"https:\/\/allasorias.hu\/hirek\/nem-minden-migrans-talal-munkat-nemetorszagban\/\" \/>\n\t\t<meta property=\"og:image\" content=\"https:\/\/allasorias.hu\/hirek\/wp-content\/uploads\/2019\/04\/active-adults-bars-583392-1.jpg\" \/>\n\t\t<meta property=\"og:image:secure_url\" content=\"https:\/\/allasorias.hu\/hirek\/wp-content\/uploads\/2019\/04\/active-adults-bars-583392-1.jpg\" \/>\n\t\t<meta property=\"og:image:width\" content=\"1280\" \/>\n\t\t<meta property=\"og:image:height\" content=\"738\" \/>\n\t\t<meta property=\"article:published_time\" content=\"2020-02-07T08:26:36+00:00\" \/>\n\t\t<meta property=\"article:modified_time\" content=\"2020-02-07T08:37:40+00:00\" \/>\n\t\t<meta property=\"article:publisher\" content=\"https:\/\/www.facebook.com\/allasorias\" \/>\n\t\t<meta name=\"twitter:card\" content=\"summary_large_image\" \/>\n\t\t<meta name=\"twitter:title\" content=\"Nem minden migr\u00e1ns tal\u00e1l munk\u00e1t N\u00e9metorsz\u00e1gban | AllasOrias.hu | H\u00edrek-lapszemle\" \/>\n\t\t<meta name=\"twitter:description\" content=\"A migr\u00e1nsoknak valamivel t\u00f6bb minta fele tal\u00e1l munk\u00e1t N\u00e9metorsz\u00e1gban, azonban sokan r\u00f6vid ideig tart\u00f3 foglalkoztat\u00e1sban vesznek r\u00e9szt, ami hossz\u00fa t\u00e1von nem megold\u00e1s. A n\u00e9met bev\u00e1ndorl\u00e1si hivatal kutat\u00f3int\u00e9zet\u00e9nek, az IAB-nek a tanulm\u00e1nya szerint az Eur\u00f3pa keleti fel\u00e9b\u0151l \u00e9rkez\u0151 bev\u00e1ndorl\u00f3k jelent\u0151s r\u00e9szben maguknak kerestek \u00e9s tal\u00e1ltak \u00e1ll\u00e1st N\u00e9metorsz\u00e1gban, m\u00edg a 2015 ut\u00e1n \u00e9rkez\u0151k nagyon jelent\u0151s \u00e1llami seg\u00edts\u00e9get\" \/>\n\t\t<meta name=\"twitter:image\" content=\"https:\/\/allasorias.hu\/hirek\/wp-content\/uploads\/2019\/04\/active-adults-bars-583392-1.jpg\" \/>\n\t\t<meta name=\"twitter:label1\" content=\"Written by\" \/>\n\t\t<meta name=\"twitter:data1\" content=\"Juh\u00e1sz P\u00e9ter\" \/>\n\t\t<meta name=\"twitter:label2\" content=\"Est. reading time\" \/>\n\t\t<meta name=\"twitter:data2\" content=\"2 minutes\" \/>\n\t\t<script type=\"application\/ld+json\" class=\"aioseo-schema\">\n\t\t\t{\"@context\":\"https:\\\/\\\/schema.org\",\"@graph\":[{\"@type\":\"Article\",\"@id\":\"https:\\\/\\\/allasorias.hu\\\/hirek\\\/nem-minden-migrans-talal-munkat-nemetorszagban\\\/#article\",\"name\":\"Nem minden migr\\u00e1ns tal\\u00e1l munk\\u00e1t N\\u00e9metorsz\\u00e1gban | AllasOrias.hu | H\\u00edrek-lapszemle\",\"headline\":\"Nem minden migr\\u00e1ns tal\\u00e1l munk\\u00e1t N\\u00e9metorsz\\u00e1gban\",\"author\":{\"@id\":\"https:\\\/\\\/allasorias.hu\\\/hirek\\\/author\\\/admin-allasorias\\\/#author\"},\"publisher\":{\"@id\":\"https:\\\/\\\/allasorias.hu\\\/hirek\\\/#organization\"},\"image\":{\"@type\":\"ImageObject\",\"url\":\"https:\\\/\\\/allasorias.hu\\\/hirek\\\/wp-content\\\/uploads\\\/2019\\\/04\\\/active-adults-bars-583392-1.jpg\",\"width\":1280,\"height\":738},\"datePublished\":\"2020-02-07T08:26:36+02:00\",\"dateModified\":\"2020-02-07T08:37:40+02:00\",\"inLanguage\":\"hu-HU\",\"mainEntityOfPage\":{\"@id\":\"https:\\\/\\\/allasorias.hu\\\/hirek\\\/nem-minden-migrans-talal-munkat-nemetorszagban\\\/#webpage\"},\"isPartOf\":{\"@id\":\"https:\\\/\\\/allasorias.hu\\\/hirek\\\/nem-minden-migrans-talal-munkat-nemetorszagban\\\/#webpage\"},\"articleSection\":\"K\\u00fclf\\u00f6ld\"},{\"@type\":\"BreadcrumbList\",\"@id\":\"https:\\\/\\\/allasorias.hu\\\/hirek\\\/nem-minden-migrans-talal-munkat-nemetorszagban\\\/#breadcrumblist\",\"itemListElement\":[{\"@type\":\"ListItem\",\"@id\":\"https:\\\/\\\/allasorias.hu\\\/hirek#listItem\",\"position\":1,\"name\":\"Home\",\"item\":\"https:\\\/\\\/allasorias.hu\\\/hirek\",\"nextItem\":{\"@type\":\"ListItem\",\"@id\":\"https:\\\/\\\/allasorias.hu\\\/hirek\\\/temak\\\/kulfold\\\/#listItem\",\"name\":\"K\\u00fclf\\u00f6ld\"}},{\"@type\":\"ListItem\",\"@id\":\"https:\\\/\\\/allasorias.hu\\\/hirek\\\/temak\\\/kulfold\\\/#listItem\",\"position\":2,\"name\":\"K\\u00fclf\\u00f6ld\",\"item\":\"https:\\\/\\\/allasorias.hu\\\/hirek\\\/temak\\\/kulfold\\\/\",\"nextItem\":{\"@type\":\"ListItem\",\"@id\":\"https:\\\/\\\/allasorias.hu\\\/hirek\\\/nem-minden-migrans-talal-munkat-nemetorszagban\\\/#listItem\",\"name\":\"Nem minden migr\\u00e1ns tal\\u00e1l munk\\u00e1t N\\u00e9metorsz\\u00e1gban\"},\"previousItem\":{\"@type\":\"ListItem\",\"@id\":\"https:\\\/\\\/allasorias.hu\\\/hirek#listItem\",\"name\":\"Home\"}},{\"@type\":\"ListItem\",\"@id\":\"https:\\\/\\\/allasorias.hu\\\/hirek\\\/nem-minden-migrans-talal-munkat-nemetorszagban\\\/#listItem\",\"position\":3,\"name\":\"Nem minden migr\\u00e1ns tal\\u00e1l munk\\u00e1t N\\u00e9metorsz\\u00e1gban\",\"previousItem\":{\"@type\":\"ListItem\",\"@id\":\"https:\\\/\\\/allasorias.hu\\\/hirek\\\/temak\\\/kulfold\\\/#listItem\",\"name\":\"K\\u00fclf\\u00f6ld\"}}]},{\"@type\":\"Organization\",\"@id\":\"https:\\\/\\\/allasorias.hu\\\/hirek\\\/#organization\",\"name\":\"AllasOrias.hu | H\\u00edrek-lapszemle\",\"description\":\"\\u00dczleti h\\u00edrek az \\u00e1ll\\u00e1s \\u00e9s a munka vil\\u00e1g\\u00e1b\\u00f3l\",\"url\":\"https:\\\/\\\/allasorias.hu\\\/hirek\\\/\",\"logo\":{\"@type\":\"ImageObject\",\"url\":\"https:\\\/\\\/allasorias.hu\\\/hirek\\\/wp-content\\\/uploads\\\/2022\\\/10\\\/allasorias_site_facebok_logo.png\",\"@id\":\"https:\\\/\\\/allasorias.hu\\\/hirek\\\/nem-minden-migrans-talal-munkat-nemetorszagban\\\/#organizationLogo\"},\"image\":{\"@id\":\"https:\\\/\\\/allasorias.hu\\\/hirek\\\/nem-minden-migrans-talal-munkat-nemetorszagban\\\/#organizationLogo\"},\"sameAs\":[\"https:\\\/\\\/www.facebook.com\\\/allasorias\",\"https:\\\/\\\/www.linkedin.com\\\/company\\\/allasorias\"]},{\"@type\":\"Person\",\"@id\":\"https:\\\/\\\/allasorias.hu\\\/hirek\\\/author\\\/admin-allasorias\\\/#author\",\"url\":\"https:\\\/\\\/allasorias.hu\\\/hirek\\\/author\\\/admin-allasorias\\\/\",\"name\":\"Juh\\u00e1sz P\\u00e9ter\",\"image\":{\"@type\":\"ImageObject\",\"@id\":\"https:\\\/\\\/allasorias.hu\\\/hirek\\\/nem-minden-migrans-talal-munkat-nemetorszagban\\\/#authorImage\",\"url\":\"https:\\\/\\\/secure.gravatar.com\\\/avatar\\\/36e6bcb83148978b992977cb0f54d22feb0cce8a0a849a9410532bb2623ba4c6?s=96&d=mm&r=g\",\"width\":96,\"height\":96,\"caption\":\"Juh\\u00e1sz P\\u00e9ter\"}},{\"@type\":\"WebPage\",\"@id\":\"https:\\\/\\\/allasorias.hu\\\/hirek\\\/nem-minden-migrans-talal-munkat-nemetorszagban\\\/#webpage\",\"url\":\"https:\\\/\\\/allasorias.hu\\\/hirek\\\/nem-minden-migrans-talal-munkat-nemetorszagban\\\/\",\"name\":\"Nem minden migr\\u00e1ns tal\\u00e1l munk\\u00e1t N\\u00e9metorsz\\u00e1gban | AllasOrias.hu | H\\u00edrek-lapszemle\",\"description\":\"A migr\\u00e1nsoknak valamivel t\\u00f6bb minta fele tal\\u00e1l munk\\u00e1t N\\u00e9metorsz\\u00e1gban, azonban sokan r\\u00f6vid ideig tart\\u00f3 foglalkoztat\\u00e1sban vesznek r\\u00e9szt, ami hossz\\u00fa t\\u00e1von nem megold\\u00e1s. A n\\u00e9met bev\\u00e1ndorl\\u00e1si hivatal kutat\\u00f3int\\u00e9zet\\u00e9nek, az IAB-nek a tanulm\\u00e1nya szerint az Eur\\u00f3pa keleti fel\\u00e9b\\u0151l \\u00e9rkez\\u0151 bev\\u00e1ndorl\\u00f3k jelent\\u0151s r\\u00e9szben maguknak kerestek \\u00e9s tal\\u00e1ltak \\u00e1ll\\u00e1st N\\u00e9metorsz\\u00e1gban, m\\u00edg a 2015 ut\\u00e1n \\u00e9rkez\\u0151k nagyon jelent\\u0151s \\u00e1llami seg\\u00edts\\u00e9get\",\"inLanguage\":\"hu-HU\",\"isPartOf\":{\"@id\":\"https:\\\/\\\/allasorias.hu\\\/hirek\\\/#website\"},\"breadcrumb\":{\"@id\":\"https:\\\/\\\/allasorias.hu\\\/hirek\\\/nem-minden-migrans-talal-munkat-nemetorszagban\\\/#breadcrumblist\"},\"author\":{\"@id\":\"https:\\\/\\\/allasorias.hu\\\/hirek\\\/author\\\/admin-allasorias\\\/#author\"},\"creator\":{\"@id\":\"https:\\\/\\\/allasorias.hu\\\/hirek\\\/author\\\/admin-allasorias\\\/#author\"},\"image\":{\"@type\":\"ImageObject\",\"url\":\"https:\\\/\\\/allasorias.hu\\\/hirek\\\/wp-content\\\/uploads\\\/2019\\\/04\\\/active-adults-bars-583392-1.jpg\",\"@id\":\"https:\\\/\\\/allasorias.hu\\\/hirek\\\/nem-minden-migrans-talal-munkat-nemetorszagban\\\/#mainImage\",\"width\":1280,\"height\":738},\"primaryImageOfPage\":{\"@id\":\"https:\\\/\\\/allasorias.hu\\\/hirek\\\/nem-minden-migrans-talal-munkat-nemetorszagban\\\/#mainImage\"},\"datePublished\":\"2020-02-07T08:26:36+02:00\",\"dateModified\":\"2020-02-07T08:37:40+02:00\"},{\"@type\":\"WebSite\",\"@id\":\"https:\\\/\\\/allasorias.hu\\\/hirek\\\/#website\",\"url\":\"https:\\\/\\\/allasorias.hu\\\/hirek\\\/\",\"name\":\"AllasOrias.hu | H\\u00edrek-lapszemle\",\"description\":\"\\u00dczleti h\\u00edrek az \\u00e1ll\\u00e1s \\u00e9s a munka vil\\u00e1g\\u00e1b\\u00f3l\",\"inLanguage\":\"hu-HU\",\"publisher\":{\"@id\":\"https:\\\/\\\/allasorias.hu\\\/hirek\\\/#organization\"}}]}\n\t\t<\/script>\n\t\t<!-- All in One SEO -->\n\n","aioseo_head_json":{"title":"Nem minden migr\u00e1ns tal\u00e1l munk\u00e1t N\u00e9metorsz\u00e1gban | AllasOrias.hu | H\u00edrek-lapszemle","description":"A migr\u00e1nsoknak valamivel t\u00f6bb minta fele tal\u00e1l munk\u00e1t N\u00e9metorsz\u00e1gban, azonban sokan r\u00f6vid ideig tart\u00f3 foglalkoztat\u00e1sban vesznek r\u00e9szt, ami hossz\u00fa t\u00e1von nem megold\u00e1s. A n\u00e9met bev\u00e1ndorl\u00e1si hivatal kutat\u00f3int\u00e9zet\u00e9nek, az IAB-nek a tanulm\u00e1nya szerint az Eur\u00f3pa keleti fel\u00e9b\u0151l \u00e9rkez\u0151 bev\u00e1ndorl\u00f3k jelent\u0151s r\u00e9szben maguknak kerestek \u00e9s tal\u00e1ltak \u00e1ll\u00e1st N\u00e9metorsz\u00e1gban, m\u00edg a 2015 ut\u00e1n \u00e9rkez\u0151k nagyon jelent\u0151s \u00e1llami seg\u00edts\u00e9get","canonical_url":"https:\/\/allasorias.hu\/hirek\/nem-minden-migrans-talal-munkat-nemetorszagban\/","robots":"max-image-preview:large","keywords":"","webmasterTools":{"miscellaneous":""},"schema":{"@context":"https:\/\/schema.org","@graph":[{"@type":"Article","@id":"https:\/\/allasorias.hu\/hirek\/nem-minden-migrans-talal-munkat-nemetorszagban\/#article","name":"Nem minden migr\u00e1ns tal\u00e1l munk\u00e1t N\u00e9metorsz\u00e1gban | AllasOrias.hu | H\u00edrek-lapszemle","headline":"Nem minden migr\u00e1ns tal\u00e1l munk\u00e1t N\u00e9metorsz\u00e1gban","author":{"@id":"https:\/\/allasorias.hu\/hirek\/author\/admin-allasorias\/#author"},"publisher":{"@id":"https:\/\/allasorias.hu\/hirek\/#organization"},"image":{"@type":"ImageObject","url":"https:\/\/allasorias.hu\/hirek\/wp-content\/uploads\/2019\/04\/active-adults-bars-583392-1.jpg","width":1280,"height":738},"datePublished":"2020-02-07T08:26:36+02:00","dateModified":"2020-02-07T08:37:40+02:00","inLanguage":"hu-HU","mainEntityOfPage":{"@id":"https:\/\/allasorias.hu\/hirek\/nem-minden-migrans-talal-munkat-nemetorszagban\/#webpage"},"isPartOf":{"@id":"https:\/\/allasorias.hu\/hirek\/nem-minden-migrans-talal-munkat-nemetorszagban\/#webpage"},"articleSection":"K\u00fclf\u00f6ld"},{"@type":"BreadcrumbList","@id":"https:\/\/allasorias.hu\/hirek\/nem-minden-migrans-talal-munkat-nemetorszagban\/#breadcrumblist","itemListElement":[{"@type":"ListItem","@id":"https:\/\/allasorias.hu\/hirek#listItem","position":1,"name":"Home","item":"https:\/\/allasorias.hu\/hirek","nextItem":{"@type":"ListItem","@id":"https:\/\/allasorias.hu\/hirek\/temak\/kulfold\/#listItem","name":"K\u00fclf\u00f6ld"}},{"@type":"ListItem","@id":"https:\/\/allasorias.hu\/hirek\/temak\/kulfold\/#listItem","position":2,"name":"K\u00fclf\u00f6ld","item":"https:\/\/allasorias.hu\/hirek\/temak\/kulfold\/","nextItem":{"@type":"ListItem","@id":"https:\/\/allasorias.hu\/hirek\/nem-minden-migrans-talal-munkat-nemetorszagban\/#listItem","name":"Nem minden migr\u00e1ns tal\u00e1l munk\u00e1t N\u00e9metorsz\u00e1gban"},"previousItem":{"@type":"ListItem","@id":"https:\/\/allasorias.hu\/hirek#listItem","name":"Home"}},{"@type":"ListItem","@id":"https:\/\/allasorias.hu\/hirek\/nem-minden-migrans-talal-munkat-nemetorszagban\/#listItem","position":3,"name":"Nem minden migr\u00e1ns tal\u00e1l munk\u00e1t N\u00e9metorsz\u00e1gban","previousItem":{"@type":"ListItem","@id":"https:\/\/allasorias.hu\/hirek\/temak\/kulfold\/#listItem","name":"K\u00fclf\u00f6ld"}}]},{"@type":"Organization","@id":"https:\/\/allasorias.hu\/hirek\/#organization","name":"AllasOrias.hu | H\u00edrek-lapszemle","description":"\u00dczleti h\u00edrek az \u00e1ll\u00e1s \u00e9s a munka vil\u00e1g\u00e1b\u00f3l","url":"https:\/\/allasorias.hu\/hirek\/","logo":{"@type":"ImageObject","url":"https:\/\/allasorias.hu\/hirek\/wp-content\/uploads\/2022\/10\/allasorias_site_facebok_logo.png","@id":"https:\/\/allasorias.hu\/hirek\/nem-minden-migrans-talal-munkat-nemetorszagban\/#organizationLogo"},"image":{"@id":"https:\/\/allasorias.hu\/hirek\/nem-minden-migrans-talal-munkat-nemetorszagban\/#organizationLogo"},"sameAs":["https:\/\/www.facebook.com\/allasorias","https:\/\/www.linkedin.com\/company\/allasorias"]},{"@type":"Person","@id":"https:\/\/allasorias.hu\/hirek\/author\/admin-allasorias\/#author","url":"https:\/\/allasorias.hu\/hirek\/author\/admin-allasorias\/","name":"Juh\u00e1sz P\u00e9ter","image":{"@type":"ImageObject","@id":"https:\/\/allasorias.hu\/hirek\/nem-minden-migrans-talal-munkat-nemetorszagban\/#authorImage","url":"https:\/\/secure.gravatar.com\/avatar\/36e6bcb83148978b992977cb0f54d22feb0cce8a0a849a9410532bb2623ba4c6?s=96&d=mm&r=g","width":96,"height":96,"caption":"Juh\u00e1sz P\u00e9ter"}},{"@type":"WebPage","@id":"https:\/\/allasorias.hu\/hirek\/nem-minden-migrans-talal-munkat-nemetorszagban\/#webpage","url":"https:\/\/allasorias.hu\/hirek\/nem-minden-migrans-talal-munkat-nemetorszagban\/","name":"Nem minden migr\u00e1ns tal\u00e1l munk\u00e1t N\u00e9metorsz\u00e1gban | AllasOrias.hu | H\u00edrek-lapszemle","description":"A migr\u00e1nsoknak valamivel t\u00f6bb minta fele tal\u00e1l munk\u00e1t N\u00e9metorsz\u00e1gban, azonban sokan r\u00f6vid ideig tart\u00f3 foglalkoztat\u00e1sban vesznek r\u00e9szt, ami hossz\u00fa t\u00e1von nem megold\u00e1s. A n\u00e9met bev\u00e1ndorl\u00e1si hivatal kutat\u00f3int\u00e9zet\u00e9nek, az IAB-nek a tanulm\u00e1nya szerint az Eur\u00f3pa keleti fel\u00e9b\u0151l \u00e9rkez\u0151 bev\u00e1ndorl\u00f3k jelent\u0151s r\u00e9szben maguknak kerestek \u00e9s tal\u00e1ltak \u00e1ll\u00e1st N\u00e9metorsz\u00e1gban, m\u00edg a 2015 ut\u00e1n \u00e9rkez\u0151k nagyon jelent\u0151s \u00e1llami seg\u00edts\u00e9get","inLanguage":"hu-HU","isPartOf":{"@id":"https:\/\/allasorias.hu\/hirek\/#website"},"breadcrumb":{"@id":"https:\/\/allasorias.hu\/hirek\/nem-minden-migrans-talal-munkat-nemetorszagban\/#breadcrumblist"},"author":{"@id":"https:\/\/allasorias.hu\/hirek\/author\/admin-allasorias\/#author"},"creator":{"@id":"https:\/\/allasorias.hu\/hirek\/author\/admin-allasorias\/#author"},"image":{"@type":"ImageObject","url":"https:\/\/allasorias.hu\/hirek\/wp-content\/uploads\/2019\/04\/active-adults-bars-583392-1.jpg","@id":"https:\/\/allasorias.hu\/hirek\/nem-minden-migrans-talal-munkat-nemetorszagban\/#mainImage","width":1280,"height":738},"primaryImageOfPage":{"@id":"https:\/\/allasorias.hu\/hirek\/nem-minden-migrans-talal-munkat-nemetorszagban\/#mainImage"},"datePublished":"2020-02-07T08:26:36+02:00","dateModified":"2020-02-07T08:37:40+02:00"},{"@type":"WebSite","@id":"https:\/\/allasorias.hu\/hirek\/#website","url":"https:\/\/allasorias.hu\/hirek\/","name":"AllasOrias.hu | H\u00edrek-lapszemle","description":"\u00dczleti h\u00edrek az \u00e1ll\u00e1s \u00e9s a munka vil\u00e1g\u00e1b\u00f3l","inLanguage":"hu-HU","publisher":{"@id":"https:\/\/allasorias.hu\/hirek\/#organization"}}]},"og:locale":"hu_HU","og:site_name":"AllasOrias.hu | H\u00edrek-lapszemle | \u00dczleti h\u00edrek az \u00e1ll\u00e1s \u00e9s a munka vil\u00e1g\u00e1b\u00f3l","og:type":"article","og:title":"Nem minden migr\u00e1ns tal\u00e1l munk\u00e1t N\u00e9metorsz\u00e1gban | AllasOrias.hu | H\u00edrek-lapszemle","og:description":"A migr\u00e1nsoknak valamivel t\u00f6bb minta fele tal\u00e1l munk\u00e1t N\u00e9metorsz\u00e1gban, azonban sokan r\u00f6vid ideig tart\u00f3 foglalkoztat\u00e1sban vesznek r\u00e9szt, ami hossz\u00fa t\u00e1von nem megold\u00e1s. A n\u00e9met bev\u00e1ndorl\u00e1si hivatal kutat\u00f3int\u00e9zet\u00e9nek, az IAB-nek a tanulm\u00e1nya szerint az Eur\u00f3pa keleti fel\u00e9b\u0151l \u00e9rkez\u0151 bev\u00e1ndorl\u00f3k jelent\u0151s r\u00e9szben maguknak kerestek \u00e9s tal\u00e1ltak \u00e1ll\u00e1st N\u00e9metorsz\u00e1gban, m\u00edg a 2015 ut\u00e1n \u00e9rkez\u0151k nagyon jelent\u0151s \u00e1llami seg\u00edts\u00e9get","og:url":"https:\/\/allasorias.hu\/hirek\/nem-minden-migrans-talal-munkat-nemetorszagban\/","og:image":"https:\/\/allasorias.hu\/hirek\/wp-content\/uploads\/2019\/04\/active-adults-bars-583392-1.jpg","og:image:secure_url":"https:\/\/allasorias.hu\/hirek\/wp-content\/uploads\/2019\/04\/active-adults-bars-583392-1.jpg","og:image:width":1280,"og:image:height":738,"article:published_time":"2020-02-07T08:26:36+00:00","article:modified_time":"2020-02-07T08:37:40+00:00","article:publisher":"https:\/\/www.facebook.com\/allasorias","twitter:card":"summary_large_image","twitter:title":"Nem minden migr\u00e1ns tal\u00e1l munk\u00e1t N\u00e9metorsz\u00e1gban | AllasOrias.hu | H\u00edrek-lapszemle","twitter:description":"A migr\u00e1nsoknak valamivel t\u00f6bb minta fele tal\u00e1l munk\u00e1t N\u00e9metorsz\u00e1gban, azonban sokan r\u00f6vid ideig tart\u00f3 foglalkoztat\u00e1sban vesznek r\u00e9szt, ami hossz\u00fa t\u00e1von nem megold\u00e1s. A n\u00e9met bev\u00e1ndorl\u00e1si hivatal kutat\u00f3int\u00e9zet\u00e9nek, az IAB-nek a tanulm\u00e1nya szerint az Eur\u00f3pa keleti fel\u00e9b\u0151l \u00e9rkez\u0151 bev\u00e1ndorl\u00f3k jelent\u0151s r\u00e9szben maguknak kerestek \u00e9s tal\u00e1ltak \u00e1ll\u00e1st N\u00e9metorsz\u00e1gban, m\u00edg a 2015 ut\u00e1n \u00e9rkez\u0151k nagyon jelent\u0151s \u00e1llami seg\u00edts\u00e9get","twitter:image":"https:\/\/allasorias.hu\/hirek\/wp-content\/uploads\/2019\/04\/active-adults-bars-583392-1.jpg","twitter:label1":"Written by","twitter:data1":"Juh\u00e1sz P\u00e9ter","twitter:label2":"Est. reading time","twitter:data2":"2 minutes"},"aioseo_meta_data":{"post_id":"3760","title":null,"description":null,"keywords":null,"keyphrases":null,"primary_term":null,"canonical_url":null,"og_title":null,"og_description":null,"og_object_type":"default","og_image_type":"default","og_image_url":null,"og_image_width":null,"og_image_height":null,"og_image_custom_url":null,"og_image_custom_fields":null,"og_video":null,"og_custom_url":null,"og_article_section":null,"og_article_tags":null,"twitter_use_og":false,"twitter_card":"default","twitter_image_type":"default","twitter_image_url":null,"twitter_image_custom_url":null,"twitter_image_custom_fields":null,"twitter_title":null,"twitter_description":null,"schema":{"blockGraphs":[],"customGraphs":[],"default":{"data":{"Article":[],"Course":[],"Dataset":[],"FAQPage":[],"Movie":[],"Person":[],"Product":[],"ProductReview":[],"Car":[],"Recipe":[],"Service":[],"SoftwareApplication":[],"WebPage":[]},"graphName":"","isEnabled":true},"graphs":[],"defaultGraph":"","defaultPostTypeGraph":""},"schema_type":null,"schema_type_options":null,"pillar_content":false,"robots_default":true,"robots_noindex":false,"robots_noarchive":false,"robots_nosnippet":false,"robots_nofollow":false,"robots_noimageindex":false,"robots_noodp":false,"robots_notranslate":false,"robots_max_snippet":null,"robots_max_videopreview":null,"robots_max_imagepreview":"large","priority":null,"frequency":null,"location":null,"local_seo":null,"breadcrumb_settings":null,"limit_modified_date":false,"ai":null,"created":"2021-02-01 21:57:19","updated":"2025-10-02 13:34:18","seo_analyzer_scan_date":null,"focus_keyword":null,"additional_keywords":null,"truseo_locale":null},"aioseo_breadcrumb":"<div class=\"aioseo-breadcrumbs\"><span class=\"aioseo-breadcrumb\">\n\t\t\t<a href=\"https:\/\/allasorias.hu\/hirek\" title=\"Home\">Home<\/a>\n\t\t<\/span><span class=\"aioseo-breadcrumb-separator\">&raquo;<\/span><span class=\"aioseo-breadcrumb\">\n\t\t\t<a href=\"https:\/\/allasorias.hu\/hirek\/temak\/kulfold\/\" title=\"K\u00fclf\u00f6ld\">K\u00fclf\u00f6ld<\/a>\n\t\t<\/span><span class=\"aioseo-breadcrumb-separator\">&raquo;<\/span><span class=\"aioseo-breadcrumb\">\n\t\t\tNem minden migr\u00e1ns tal\u00e1l munk\u00e1t N\u00e9metorsz\u00e1gban\n\t\t<\/span><\/div>","aioseo_breadcrumb_json":[{"label":"Home","link":"https:\/\/allasorias.hu\/hirek"},{"label":"K\u00fclf\u00f6ld","link":"https:\/\/allasorias.hu\/hirek\/temak\/kulfold\/"},{"label":"Nem minden migr\u00e1ns tal\u00e1l munk\u00e1t N\u00e9metorsz\u00e1gban","link":"https:\/\/allasorias.hu\/hirek\/nem-minden-migrans-talal-munkat-nemetorszagban\/"}],"_links":{"self":[{"href":"https:\/\/allasorias.hu\/hirek\/wp-json\/wp\/v2\/posts\/3760","targetHints":{"allow":["GET"]}}],"collection":[{"href":"https:\/\/allasorias.hu\/hirek\/wp-json\/wp\/v2\/posts"}],"about":[{"href":"https:\/\/allasorias.hu\/hirek\/wp-json\/wp\/v2\/types\/post"}],"author":[{"embeddable":true,"href":"https:\/\/allasorias.hu\/hirek\/wp-json\/wp\/v2\/users\/1"}],"replies":[{"embeddable":true,"href":"https:\/\/allasorias.hu\/hirek\/wp-json\/wp\/v2\/comments?post=3760"}],"version-history":[{"count":1,"href":"https:\/\/allasorias.hu\/hirek\/wp-json\/wp\/v2\/posts\/3760\/revisions"}],"predecessor-version":[{"id":3761,"href":"https:\/\/allasorias.hu\/hirek\/wp-json\/wp\/v2\/posts\/3760\/revisions\/3761"}],"wp:featuredmedia":[{"embeddable":true,"href":"https:\/\/allasorias.hu\/hirek\/wp-json\/wp\/v2\/media\/2735"}],"wp:attachment":[{"href":"https:\/\/allasorias.hu\/hirek\/wp-json\/wp\/v2\/media?parent=3760"}],"wp:term":[{"taxonomy":"category","embeddable":true,"href":"https:\/\/allasorias.hu\/hirek\/wp-json\/wp\/v2\/categories?post=3760"},{"taxonomy":"post_tag","embeddable":true,"href":"https:\/\/allasorias.hu\/hirek\/wp-json\/wp\/v2\/tags?post=3760"}],"curies":[{"name":"wp","href":"https:\/\/api.w.org\/{rel}","templated":true}]}}