{"id":3754,"date":"2020-02-06T08:53:25","date_gmt":"2020-02-06T08:53:25","guid":{"rendered":"https:\/\/allasorias.hu\/hirek\/?p=3754"},"modified":"2020-02-06T08:53:25","modified_gmt":"2020-02-06T08:53:25","slug":"sok-diak-valasztja-az-agrargepesz-szakmat","status":"publish","type":"post","link":"https:\/\/allasorias.hu\/hirek\/sok-diak-valasztja-az-agrargepesz-szakmat\/","title":{"rendered":"Sok di\u00e1k v\u00e1lasztja az agr\u00e1rg\u00e9p\u00e9sz szakm\u00e1t"},"content":{"rendered":"<p><strong>Az elm\u00falt n\u00e9h\u00e1ny \u00e9vben jelent\u0151sen megn\u0151tt azon fiatalok sz\u00e1ma, akik az agr\u00e1rg\u00e9p\u00e9sz szakm\u00e1t v\u00e1lasztott\u00e1k. Vonz\u00f3v\u00e1 tette sz\u00e1mukra ezt a szakm\u00e1t a versenyk\u00e9pes j\u00f6vedelem, a cs\u00facstechnol\u00f3gi\u00e1s g\u00e9pek \u00e9s a term\u00e9szet k\u00f6zels\u00e9ge. <\/strong><\/p>\n<p>A Mez\u0151gazdas\u00e1gi Eszk\u00f6z- \u00e9s G\u00e9pforgalmaz\u00f3k Orsz\u00e1gos Sz\u00f6vets\u00e9g\u00e9nek t\u00e1j\u00e9koztat\u00e1sa szerint \u00a0a 2014\/15-\u00f6s tan\u00e9vben orsz\u00e1gos szinten 1284 di\u00e1kot vettek fel az eml\u00edtett szakm\u00e1kba, a 17\/18-as tan\u00e9vben 2526-an, tavaly pedig 3584 di\u00e1k v\u00e1lasztotta ezt a ter\u00fcletet. A felvettek k\u00f6r\u00fclbel\u00fcl 10 sz\u00e1zal\u00e9ka n\u0151, akik legink\u00e1bb az \u00e1llatteny\u00e9szt\u00e9sben helyezkednek el. B\u00e1r a g\u00e9p\u00e9szekre a legnagyobb sz\u00fcks\u00e9g N\u00f3gr\u00e1d, Zala, Vas, Somogy \u00e9s Gy\u0151r-Moson megy\u00e9kben van, de a szakma az orsz\u00e1g egyik ter\u00fclet\u00e9n sem tel\u00edtett. A sz\u00f6vets\u00e9g 2013-ban kezdte az agr\u00e1rg\u00e9p\u00e9szet n\u00e9pszer\u0171s\u00edt\u00e9s\u00e9t, mivel a mez\u0151gazdas\u00e1gi g\u00e9p\u00e9sz, g\u00e9pjav\u00edt\u00f3, technikus \u00e9s g\u00e9p\u00e9sztechnikus szakm\u00e1kban s\u00falyos munkaer\u0151hi\u00e1nyt tapasztaltak.<\/p>\n<p>Forr\u00e1s: agroforum.hu<\/p>\n","protected":false},"excerpt":{"rendered":"<p>Az elm\u00falt n\u00e9h\u00e1ny \u00e9vben jelent\u0151sen megn\u0151tt azon fiatalok sz\u00e1ma, akik az agr\u00e1rg\u00e9p\u00e9sz szakm\u00e1t v\u00e1lasztott\u00e1k. Vonz\u00f3v\u00e1 tette sz\u00e1mukra ezt a szakm\u00e1t a versenyk\u00e9pes j\u00f6vedelem, a cs\u00facstechnol\u00f3gi\u00e1s g\u00e9pek \u00e9s a term\u00e9szet k\u00f6zels\u00e9ge. A Mez\u0151gazdas\u00e1gi Eszk\u00f6z- \u00e9s G\u00e9pforgalmaz\u00f3k Orsz\u00e1gos Sz\u00f6vets\u00e9g\u00e9nek t\u00e1j\u00e9koztat\u00e1sa szerint \u00a0a 2014\/15-\u00f6s tan\u00e9vben orsz\u00e1gos szinten 1284 di\u00e1kot vettek fel az eml\u00edtett szakm\u00e1kba, a 17\/18-as tan\u00e9vben 2526-an, [&hellip;]<\/p>\n","protected":false},"author":1,"featured_media":3755,"comment_status":"open","ping_status":"open","sticky":false,"template":"","format":"standard","meta":{"_monsterinsights_skip_tracking":false,"footnotes":""},"categories":[200],"tags":[],"class_list":["post-3754","post","type-post","status-publish","format-standard","has-post-thumbnail","hentry","category-munkaeropiac"],"aioseo_notices":[],"aioseo_head":"\n\t\t<!-- All in One SEO 5.0.0.1 - aioseo.com -->\n\t<meta name=\"description\" content=\"Az elm\u00falt n\u00e9h\u00e1ny \u00e9vben jelent\u0151sen megn\u0151tt azon fiatalok sz\u00e1ma, akik az agr\u00e1rg\u00e9p\u00e9sz szakm\u00e1t v\u00e1lasztott\u00e1k. Vonz\u00f3v\u00e1 tette sz\u00e1mukra ezt a szakm\u00e1t a versenyk\u00e9pes j\u00f6vedelem, a cs\u00facstechnol\u00f3gi\u00e1s g\u00e9pek \u00e9s a term\u00e9szet k\u00f6zels\u00e9ge. A Mez\u0151gazdas\u00e1gi Eszk\u00f6z- \u00e9s G\u00e9pforgalmaz\u00f3k Orsz\u00e1gos Sz\u00f6vets\u00e9g\u00e9nek t\u00e1j\u00e9koztat\u00e1sa szerint a 2014\/15-\u00f6s tan\u00e9vben orsz\u00e1gos szinten 1284 di\u00e1kot vettek fel az eml\u00edtett szakm\u00e1kba, a 17\/18-as tan\u00e9vben 2526-an,\" \/>\n\t<meta name=\"robots\" content=\"max-image-preview:large\" \/>\n\t<meta name=\"author\" content=\"Juh\u00e1sz P\u00e9ter\"\/>\n\t<link rel=\"canonical\" href=\"https:\/\/allasorias.hu\/hirek\/sok-diak-valasztja-az-agrargepesz-szakmat\/\" \/>\n\t<meta name=\"generator\" content=\"All in One SEO (AIOSEO) 5.0.0.1\" \/>\n\t\t<meta property=\"og:locale\" content=\"hu_HU\" \/>\n\t\t<meta property=\"og:site_name\" content=\"AllasOrias.hu | H\u00edrek-lapszemle | \u00dczleti h\u00edrek az \u00e1ll\u00e1s \u00e9s a munka vil\u00e1g\u00e1b\u00f3l\" \/>\n\t\t<meta property=\"og:type\" content=\"article\" \/>\n\t\t<meta property=\"og:title\" content=\"Sok di\u00e1k v\u00e1lasztja az agr\u00e1rg\u00e9p\u00e9sz szakm\u00e1t | AllasOrias.hu | H\u00edrek-lapszemle\" \/>\n\t\t<meta property=\"og:description\" content=\"Az elm\u00falt n\u00e9h\u00e1ny \u00e9vben jelent\u0151sen megn\u0151tt azon fiatalok sz\u00e1ma, akik az agr\u00e1rg\u00e9p\u00e9sz szakm\u00e1t v\u00e1lasztott\u00e1k. Vonz\u00f3v\u00e1 tette sz\u00e1mukra ezt a szakm\u00e1t a versenyk\u00e9pes j\u00f6vedelem, a cs\u00facstechnol\u00f3gi\u00e1s g\u00e9pek \u00e9s a term\u00e9szet k\u00f6zels\u00e9ge. A Mez\u0151gazdas\u00e1gi Eszk\u00f6z- \u00e9s G\u00e9pforgalmaz\u00f3k Orsz\u00e1gos Sz\u00f6vets\u00e9g\u00e9nek t\u00e1j\u00e9koztat\u00e1sa szerint a 2014\/15-\u00f6s tan\u00e9vben orsz\u00e1gos szinten 1284 di\u00e1kot vettek fel az eml\u00edtett szakm\u00e1kba, a 17\/18-as tan\u00e9vben 2526-an,\" \/>\n\t\t<meta property=\"og:url\" content=\"https:\/\/allasorias.hu\/hirek\/sok-diak-valasztja-az-agrargepesz-szakmat\/\" \/>\n\t\t<meta property=\"og:image\" content=\"https:\/\/allasorias.hu\/hirek\/wp-content\/uploads\/2020\/02\/tractors-3571452_640.jpg\" \/>\n\t\t<meta property=\"og:image:secure_url\" content=\"https:\/\/allasorias.hu\/hirek\/wp-content\/uploads\/2020\/02\/tractors-3571452_640.jpg\" \/>\n\t\t<meta property=\"og:image:width\" content=\"640\" \/>\n\t\t<meta property=\"og:image:height\" content=\"426\" \/>\n\t\t<meta property=\"article:published_time\" content=\"2020-02-06T08:53:25+00:00\" \/>\n\t\t<meta property=\"article:modified_time\" content=\"2020-02-06T08:53:25+00:00\" \/>\n\t\t<meta property=\"article:publisher\" content=\"https:\/\/www.facebook.com\/allasorias\" \/>\n\t\t<meta name=\"twitter:card\" content=\"summary_large_image\" \/>\n\t\t<meta name=\"twitter:title\" content=\"Sok di\u00e1k v\u00e1lasztja az agr\u00e1rg\u00e9p\u00e9sz szakm\u00e1t | AllasOrias.hu | H\u00edrek-lapszemle\" \/>\n\t\t<meta name=\"twitter:description\" content=\"Az elm\u00falt n\u00e9h\u00e1ny \u00e9vben jelent\u0151sen megn\u0151tt azon fiatalok sz\u00e1ma, akik az agr\u00e1rg\u00e9p\u00e9sz szakm\u00e1t v\u00e1lasztott\u00e1k. Vonz\u00f3v\u00e1 tette sz\u00e1mukra ezt a szakm\u00e1t a versenyk\u00e9pes j\u00f6vedelem, a cs\u00facstechnol\u00f3gi\u00e1s g\u00e9pek \u00e9s a term\u00e9szet k\u00f6zels\u00e9ge. A Mez\u0151gazdas\u00e1gi Eszk\u00f6z- \u00e9s G\u00e9pforgalmaz\u00f3k Orsz\u00e1gos Sz\u00f6vets\u00e9g\u00e9nek t\u00e1j\u00e9koztat\u00e1sa szerint a 2014\/15-\u00f6s tan\u00e9vben orsz\u00e1gos szinten 1284 di\u00e1kot vettek fel az eml\u00edtett szakm\u00e1kba, a 17\/18-as tan\u00e9vben 2526-an,\" \/>\n\t\t<meta name=\"twitter:image\" content=\"https:\/\/allasorias.hu\/hirek\/wp-content\/uploads\/2020\/02\/tractors-3571452_640.jpg\" \/>\n\t\t<meta name=\"twitter:label1\" content=\"Written by\" \/>\n\t\t<meta name=\"twitter:data1\" content=\"Juh\u00e1sz P\u00e9ter\" \/>\n\t\t<meta name=\"twitter:label2\" content=\"Est. reading time\" \/>\n\t\t<meta name=\"twitter:data2\" content=\"1 minute\" \/>\n\t\t<script type=\"application\/ld+json\" class=\"aioseo-schema\">\n\t\t\t{\"@context\":\"https:\\\/\\\/schema.org\",\"@graph\":[{\"@type\":\"Article\",\"@id\":\"https:\\\/\\\/allasorias.hu\\\/hirek\\\/sok-diak-valasztja-az-agrargepesz-szakmat\\\/#article\",\"name\":\"Sok di\\u00e1k v\\u00e1lasztja az agr\\u00e1rg\\u00e9p\\u00e9sz szakm\\u00e1t | AllasOrias.hu | H\\u00edrek-lapszemle\",\"headline\":\"Sok di\\u00e1k v\\u00e1lasztja az agr\\u00e1rg\\u00e9p\\u00e9sz szakm\\u00e1t\",\"author\":{\"@id\":\"https:\\\/\\\/allasorias.hu\\\/hirek\\\/author\\\/admin-allasorias\\\/#author\"},\"publisher\":{\"@id\":\"https:\\\/\\\/allasorias.hu\\\/hirek\\\/#organization\"},\"image\":{\"@type\":\"ImageObject\",\"url\":\"https:\\\/\\\/allasorias.hu\\\/hirek\\\/wp-content\\\/uploads\\\/2020\\\/02\\\/tractors-3571452_640.jpg\",\"width\":640,\"height\":426},\"datePublished\":\"2020-02-06T08:53:25+02:00\",\"dateModified\":\"2020-02-06T08:53:25+02:00\",\"inLanguage\":\"hu-HU\",\"mainEntityOfPage\":{\"@id\":\"https:\\\/\\\/allasorias.hu\\\/hirek\\\/sok-diak-valasztja-az-agrargepesz-szakmat\\\/#webpage\"},\"isPartOf\":{\"@id\":\"https:\\\/\\\/allasorias.hu\\\/hirek\\\/sok-diak-valasztja-az-agrargepesz-szakmat\\\/#webpage\"},\"articleSection\":\"Munkaer\\u0151piac\"},{\"@type\":\"BreadcrumbList\",\"@id\":\"https:\\\/\\\/allasorias.hu\\\/hirek\\\/sok-diak-valasztja-az-agrargepesz-szakmat\\\/#breadcrumblist\",\"itemListElement\":[{\"@type\":\"ListItem\",\"@id\":\"https:\\\/\\\/allasorias.hu\\\/hirek#listItem\",\"position\":1,\"name\":\"Home\",\"item\":\"https:\\\/\\\/allasorias.hu\\\/hirek\",\"nextItem\":{\"@type\":\"ListItem\",\"@id\":\"https:\\\/\\\/allasorias.hu\\\/hirek\\\/temak\\\/munkaeropiac\\\/#listItem\",\"name\":\"Munkaer\\u0151piac\"}},{\"@type\":\"ListItem\",\"@id\":\"https:\\\/\\\/allasorias.hu\\\/hirek\\\/temak\\\/munkaeropiac\\\/#listItem\",\"position\":2,\"name\":\"Munkaer\\u0151piac\",\"item\":\"https:\\\/\\\/allasorias.hu\\\/hirek\\\/temak\\\/munkaeropiac\\\/\",\"nextItem\":{\"@type\":\"ListItem\",\"@id\":\"https:\\\/\\\/allasorias.hu\\\/hirek\\\/sok-diak-valasztja-az-agrargepesz-szakmat\\\/#listItem\",\"name\":\"Sok di\\u00e1k v\\u00e1lasztja az agr\\u00e1rg\\u00e9p\\u00e9sz szakm\\u00e1t\"},\"previousItem\":{\"@type\":\"ListItem\",\"@id\":\"https:\\\/\\\/allasorias.hu\\\/hirek#listItem\",\"name\":\"Home\"}},{\"@type\":\"ListItem\",\"@id\":\"https:\\\/\\\/allasorias.hu\\\/hirek\\\/sok-diak-valasztja-az-agrargepesz-szakmat\\\/#listItem\",\"position\":3,\"name\":\"Sok di\\u00e1k v\\u00e1lasztja az agr\\u00e1rg\\u00e9p\\u00e9sz szakm\\u00e1t\",\"previousItem\":{\"@type\":\"ListItem\",\"@id\":\"https:\\\/\\\/allasorias.hu\\\/hirek\\\/temak\\\/munkaeropiac\\\/#listItem\",\"name\":\"Munkaer\\u0151piac\"}}]},{\"@type\":\"Organization\",\"@id\":\"https:\\\/\\\/allasorias.hu\\\/hirek\\\/#organization\",\"name\":\"AllasOrias.hu | H\\u00edrek-lapszemle\",\"description\":\"\\u00dczleti h\\u00edrek az \\u00e1ll\\u00e1s \\u00e9s a munka vil\\u00e1g\\u00e1b\\u00f3l\",\"url\":\"https:\\\/\\\/allasorias.hu\\\/hirek\\\/\",\"logo\":{\"@type\":\"ImageObject\",\"url\":\"https:\\\/\\\/allasorias.hu\\\/hirek\\\/wp-content\\\/uploads\\\/2022\\\/10\\\/allasorias_site_facebok_logo.png\",\"@id\":\"https:\\\/\\\/allasorias.hu\\\/hirek\\\/sok-diak-valasztja-az-agrargepesz-szakmat\\\/#organizationLogo\"},\"image\":{\"@id\":\"https:\\\/\\\/allasorias.hu\\\/hirek\\\/sok-diak-valasztja-az-agrargepesz-szakmat\\\/#organizationLogo\"},\"sameAs\":[\"https:\\\/\\\/www.facebook.com\\\/allasorias\",\"https:\\\/\\\/www.linkedin.com\\\/company\\\/allasorias\"]},{\"@type\":\"Person\",\"@id\":\"https:\\\/\\\/allasorias.hu\\\/hirek\\\/author\\\/admin-allasorias\\\/#author\",\"url\":\"https:\\\/\\\/allasorias.hu\\\/hirek\\\/author\\\/admin-allasorias\\\/\",\"name\":\"Juh\\u00e1sz P\\u00e9ter\",\"image\":{\"@type\":\"ImageObject\",\"@id\":\"https:\\\/\\\/allasorias.hu\\\/hirek\\\/sok-diak-valasztja-az-agrargepesz-szakmat\\\/#authorImage\",\"url\":\"https:\\\/\\\/secure.gravatar.com\\\/avatar\\\/36e6bcb83148978b992977cb0f54d22feb0cce8a0a849a9410532bb2623ba4c6?s=96&d=mm&r=g\",\"width\":96,\"height\":96,\"caption\":\"Juh\\u00e1sz P\\u00e9ter\"}},{\"@type\":\"WebPage\",\"@id\":\"https:\\\/\\\/allasorias.hu\\\/hirek\\\/sok-diak-valasztja-az-agrargepesz-szakmat\\\/#webpage\",\"url\":\"https:\\\/\\\/allasorias.hu\\\/hirek\\\/sok-diak-valasztja-az-agrargepesz-szakmat\\\/\",\"name\":\"Sok di\\u00e1k v\\u00e1lasztja az agr\\u00e1rg\\u00e9p\\u00e9sz szakm\\u00e1t | AllasOrias.hu | H\\u00edrek-lapszemle\",\"description\":\"Az elm\\u00falt n\\u00e9h\\u00e1ny \\u00e9vben jelent\\u0151sen megn\\u0151tt azon fiatalok sz\\u00e1ma, akik az agr\\u00e1rg\\u00e9p\\u00e9sz szakm\\u00e1t v\\u00e1lasztott\\u00e1k. Vonz\\u00f3v\\u00e1 tette sz\\u00e1mukra ezt a szakm\\u00e1t a versenyk\\u00e9pes j\\u00f6vedelem, a cs\\u00facstechnol\\u00f3gi\\u00e1s g\\u00e9pek \\u00e9s a term\\u00e9szet k\\u00f6zels\\u00e9ge. A Mez\\u0151gazdas\\u00e1gi Eszk\\u00f6z- \\u00e9s G\\u00e9pforgalmaz\\u00f3k Orsz\\u00e1gos Sz\\u00f6vets\\u00e9g\\u00e9nek t\\u00e1j\\u00e9koztat\\u00e1sa szerint a 2014\\\/15-\\u00f6s tan\\u00e9vben orsz\\u00e1gos szinten 1284 di\\u00e1kot vettek fel az eml\\u00edtett szakm\\u00e1kba, a 17\\\/18-as tan\\u00e9vben 2526-an,\",\"inLanguage\":\"hu-HU\",\"isPartOf\":{\"@id\":\"https:\\\/\\\/allasorias.hu\\\/hirek\\\/#website\"},\"breadcrumb\":{\"@id\":\"https:\\\/\\\/allasorias.hu\\\/hirek\\\/sok-diak-valasztja-az-agrargepesz-szakmat\\\/#breadcrumblist\"},\"author\":{\"@id\":\"https:\\\/\\\/allasorias.hu\\\/hirek\\\/author\\\/admin-allasorias\\\/#author\"},\"creator\":{\"@id\":\"https:\\\/\\\/allasorias.hu\\\/hirek\\\/author\\\/admin-allasorias\\\/#author\"},\"image\":{\"@type\":\"ImageObject\",\"url\":\"https:\\\/\\\/allasorias.hu\\\/hirek\\\/wp-content\\\/uploads\\\/2020\\\/02\\\/tractors-3571452_640.jpg\",\"@id\":\"https:\\\/\\\/allasorias.hu\\\/hirek\\\/sok-diak-valasztja-az-agrargepesz-szakmat\\\/#mainImage\",\"width\":640,\"height\":426},\"primaryImageOfPage\":{\"@id\":\"https:\\\/\\\/allasorias.hu\\\/hirek\\\/sok-diak-valasztja-az-agrargepesz-szakmat\\\/#mainImage\"},\"datePublished\":\"2020-02-06T08:53:25+02:00\",\"dateModified\":\"2020-02-06T08:53:25+02:00\"},{\"@type\":\"WebSite\",\"@id\":\"https:\\\/\\\/allasorias.hu\\\/hirek\\\/#website\",\"url\":\"https:\\\/\\\/allasorias.hu\\\/hirek\\\/\",\"name\":\"AllasOrias.hu | H\\u00edrek-lapszemle\",\"description\":\"\\u00dczleti h\\u00edrek az \\u00e1ll\\u00e1s \\u00e9s a munka vil\\u00e1g\\u00e1b\\u00f3l\",\"inLanguage\":\"hu-HU\",\"publisher\":{\"@id\":\"https:\\\/\\\/allasorias.hu\\\/hirek\\\/#organization\"}}]}\n\t\t<\/script>\n\t\t<!-- All in One SEO -->\n\n","aioseo_head_json":{"title":"Sok di\u00e1k v\u00e1lasztja az agr\u00e1rg\u00e9p\u00e9sz szakm\u00e1t | AllasOrias.hu | H\u00edrek-lapszemle","description":"Az elm\u00falt n\u00e9h\u00e1ny \u00e9vben jelent\u0151sen megn\u0151tt azon fiatalok sz\u00e1ma, akik az agr\u00e1rg\u00e9p\u00e9sz szakm\u00e1t v\u00e1lasztott\u00e1k. Vonz\u00f3v\u00e1 tette sz\u00e1mukra ezt a szakm\u00e1t a versenyk\u00e9pes j\u00f6vedelem, a cs\u00facstechnol\u00f3gi\u00e1s g\u00e9pek \u00e9s a term\u00e9szet k\u00f6zels\u00e9ge. A Mez\u0151gazdas\u00e1gi Eszk\u00f6z- \u00e9s G\u00e9pforgalmaz\u00f3k Orsz\u00e1gos Sz\u00f6vets\u00e9g\u00e9nek t\u00e1j\u00e9koztat\u00e1sa szerint a 2014\/15-\u00f6s tan\u00e9vben orsz\u00e1gos szinten 1284 di\u00e1kot vettek fel az eml\u00edtett szakm\u00e1kba, a 17\/18-as tan\u00e9vben 2526-an,","canonical_url":"https:\/\/allasorias.hu\/hirek\/sok-diak-valasztja-az-agrargepesz-szakmat\/","robots":"max-image-preview:large","keywords":"","webmasterTools":{"miscellaneous":""},"schema":{"@context":"https:\/\/schema.org","@graph":[{"@type":"Article","@id":"https:\/\/allasorias.hu\/hirek\/sok-diak-valasztja-az-agrargepesz-szakmat\/#article","name":"Sok di\u00e1k v\u00e1lasztja az agr\u00e1rg\u00e9p\u00e9sz szakm\u00e1t | AllasOrias.hu | H\u00edrek-lapszemle","headline":"Sok di\u00e1k v\u00e1lasztja az agr\u00e1rg\u00e9p\u00e9sz szakm\u00e1t","author":{"@id":"https:\/\/allasorias.hu\/hirek\/author\/admin-allasorias\/#author"},"publisher":{"@id":"https:\/\/allasorias.hu\/hirek\/#organization"},"image":{"@type":"ImageObject","url":"https:\/\/allasorias.hu\/hirek\/wp-content\/uploads\/2020\/02\/tractors-3571452_640.jpg","width":640,"height":426},"datePublished":"2020-02-06T08:53:25+02:00","dateModified":"2020-02-06T08:53:25+02:00","inLanguage":"hu-HU","mainEntityOfPage":{"@id":"https:\/\/allasorias.hu\/hirek\/sok-diak-valasztja-az-agrargepesz-szakmat\/#webpage"},"isPartOf":{"@id":"https:\/\/allasorias.hu\/hirek\/sok-diak-valasztja-az-agrargepesz-szakmat\/#webpage"},"articleSection":"Munkaer\u0151piac"},{"@type":"BreadcrumbList","@id":"https:\/\/allasorias.hu\/hirek\/sok-diak-valasztja-az-agrargepesz-szakmat\/#breadcrumblist","itemListElement":[{"@type":"ListItem","@id":"https:\/\/allasorias.hu\/hirek#listItem","position":1,"name":"Home","item":"https:\/\/allasorias.hu\/hirek","nextItem":{"@type":"ListItem","@id":"https:\/\/allasorias.hu\/hirek\/temak\/munkaeropiac\/#listItem","name":"Munkaer\u0151piac"}},{"@type":"ListItem","@id":"https:\/\/allasorias.hu\/hirek\/temak\/munkaeropiac\/#listItem","position":2,"name":"Munkaer\u0151piac","item":"https:\/\/allasorias.hu\/hirek\/temak\/munkaeropiac\/","nextItem":{"@type":"ListItem","@id":"https:\/\/allasorias.hu\/hirek\/sok-diak-valasztja-az-agrargepesz-szakmat\/#listItem","name":"Sok di\u00e1k v\u00e1lasztja az agr\u00e1rg\u00e9p\u00e9sz szakm\u00e1t"},"previousItem":{"@type":"ListItem","@id":"https:\/\/allasorias.hu\/hirek#listItem","name":"Home"}},{"@type":"ListItem","@id":"https:\/\/allasorias.hu\/hirek\/sok-diak-valasztja-az-agrargepesz-szakmat\/#listItem","position":3,"name":"Sok di\u00e1k v\u00e1lasztja az agr\u00e1rg\u00e9p\u00e9sz szakm\u00e1t","previousItem":{"@type":"ListItem","@id":"https:\/\/allasorias.hu\/hirek\/temak\/munkaeropiac\/#listItem","name":"Munkaer\u0151piac"}}]},{"@type":"Organization","@id":"https:\/\/allasorias.hu\/hirek\/#organization","name":"AllasOrias.hu | H\u00edrek-lapszemle","description":"\u00dczleti h\u00edrek az \u00e1ll\u00e1s \u00e9s a munka vil\u00e1g\u00e1b\u00f3l","url":"https:\/\/allasorias.hu\/hirek\/","logo":{"@type":"ImageObject","url":"https:\/\/allasorias.hu\/hirek\/wp-content\/uploads\/2022\/10\/allasorias_site_facebok_logo.png","@id":"https:\/\/allasorias.hu\/hirek\/sok-diak-valasztja-az-agrargepesz-szakmat\/#organizationLogo"},"image":{"@id":"https:\/\/allasorias.hu\/hirek\/sok-diak-valasztja-az-agrargepesz-szakmat\/#organizationLogo"},"sameAs":["https:\/\/www.facebook.com\/allasorias","https:\/\/www.linkedin.com\/company\/allasorias"]},{"@type":"Person","@id":"https:\/\/allasorias.hu\/hirek\/author\/admin-allasorias\/#author","url":"https:\/\/allasorias.hu\/hirek\/author\/admin-allasorias\/","name":"Juh\u00e1sz P\u00e9ter","image":{"@type":"ImageObject","@id":"https:\/\/allasorias.hu\/hirek\/sok-diak-valasztja-az-agrargepesz-szakmat\/#authorImage","url":"https:\/\/secure.gravatar.com\/avatar\/36e6bcb83148978b992977cb0f54d22feb0cce8a0a849a9410532bb2623ba4c6?s=96&d=mm&r=g","width":96,"height":96,"caption":"Juh\u00e1sz P\u00e9ter"}},{"@type":"WebPage","@id":"https:\/\/allasorias.hu\/hirek\/sok-diak-valasztja-az-agrargepesz-szakmat\/#webpage","url":"https:\/\/allasorias.hu\/hirek\/sok-diak-valasztja-az-agrargepesz-szakmat\/","name":"Sok di\u00e1k v\u00e1lasztja az agr\u00e1rg\u00e9p\u00e9sz szakm\u00e1t | AllasOrias.hu | H\u00edrek-lapszemle","description":"Az elm\u00falt n\u00e9h\u00e1ny \u00e9vben jelent\u0151sen megn\u0151tt azon fiatalok sz\u00e1ma, akik az agr\u00e1rg\u00e9p\u00e9sz szakm\u00e1t v\u00e1lasztott\u00e1k. Vonz\u00f3v\u00e1 tette sz\u00e1mukra ezt a szakm\u00e1t a versenyk\u00e9pes j\u00f6vedelem, a cs\u00facstechnol\u00f3gi\u00e1s g\u00e9pek \u00e9s a term\u00e9szet k\u00f6zels\u00e9ge. A Mez\u0151gazdas\u00e1gi Eszk\u00f6z- \u00e9s G\u00e9pforgalmaz\u00f3k Orsz\u00e1gos Sz\u00f6vets\u00e9g\u00e9nek t\u00e1j\u00e9koztat\u00e1sa szerint a 2014\/15-\u00f6s tan\u00e9vben orsz\u00e1gos szinten 1284 di\u00e1kot vettek fel az eml\u00edtett szakm\u00e1kba, a 17\/18-as tan\u00e9vben 2526-an,","inLanguage":"hu-HU","isPartOf":{"@id":"https:\/\/allasorias.hu\/hirek\/#website"},"breadcrumb":{"@id":"https:\/\/allasorias.hu\/hirek\/sok-diak-valasztja-az-agrargepesz-szakmat\/#breadcrumblist"},"author":{"@id":"https:\/\/allasorias.hu\/hirek\/author\/admin-allasorias\/#author"},"creator":{"@id":"https:\/\/allasorias.hu\/hirek\/author\/admin-allasorias\/#author"},"image":{"@type":"ImageObject","url":"https:\/\/allasorias.hu\/hirek\/wp-content\/uploads\/2020\/02\/tractors-3571452_640.jpg","@id":"https:\/\/allasorias.hu\/hirek\/sok-diak-valasztja-az-agrargepesz-szakmat\/#mainImage","width":640,"height":426},"primaryImageOfPage":{"@id":"https:\/\/allasorias.hu\/hirek\/sok-diak-valasztja-az-agrargepesz-szakmat\/#mainImage"},"datePublished":"2020-02-06T08:53:25+02:00","dateModified":"2020-02-06T08:53:25+02:00"},{"@type":"WebSite","@id":"https:\/\/allasorias.hu\/hirek\/#website","url":"https:\/\/allasorias.hu\/hirek\/","name":"AllasOrias.hu | H\u00edrek-lapszemle","description":"\u00dczleti h\u00edrek az \u00e1ll\u00e1s \u00e9s a munka vil\u00e1g\u00e1b\u00f3l","inLanguage":"hu-HU","publisher":{"@id":"https:\/\/allasorias.hu\/hirek\/#organization"}}]},"og:locale":"hu_HU","og:site_name":"AllasOrias.hu | H\u00edrek-lapszemle | \u00dczleti h\u00edrek az \u00e1ll\u00e1s \u00e9s a munka vil\u00e1g\u00e1b\u00f3l","og:type":"article","og:title":"Sok di\u00e1k v\u00e1lasztja az agr\u00e1rg\u00e9p\u00e9sz szakm\u00e1t | AllasOrias.hu | H\u00edrek-lapszemle","og:description":"Az elm\u00falt n\u00e9h\u00e1ny \u00e9vben jelent\u0151sen megn\u0151tt azon fiatalok sz\u00e1ma, akik az agr\u00e1rg\u00e9p\u00e9sz szakm\u00e1t v\u00e1lasztott\u00e1k. Vonz\u00f3v\u00e1 tette sz\u00e1mukra ezt a szakm\u00e1t a versenyk\u00e9pes j\u00f6vedelem, a cs\u00facstechnol\u00f3gi\u00e1s g\u00e9pek \u00e9s a term\u00e9szet k\u00f6zels\u00e9ge. A Mez\u0151gazdas\u00e1gi Eszk\u00f6z- \u00e9s G\u00e9pforgalmaz\u00f3k Orsz\u00e1gos Sz\u00f6vets\u00e9g\u00e9nek t\u00e1j\u00e9koztat\u00e1sa szerint a 2014\/15-\u00f6s tan\u00e9vben orsz\u00e1gos szinten 1284 di\u00e1kot vettek fel az eml\u00edtett szakm\u00e1kba, a 17\/18-as tan\u00e9vben 2526-an,","og:url":"https:\/\/allasorias.hu\/hirek\/sok-diak-valasztja-az-agrargepesz-szakmat\/","og:image":"https:\/\/allasorias.hu\/hirek\/wp-content\/uploads\/2020\/02\/tractors-3571452_640.jpg","og:image:secure_url":"https:\/\/allasorias.hu\/hirek\/wp-content\/uploads\/2020\/02\/tractors-3571452_640.jpg","og:image:width":640,"og:image:height":426,"article:published_time":"2020-02-06T08:53:25+00:00","article:modified_time":"2020-02-06T08:53:25+00:00","article:publisher":"https:\/\/www.facebook.com\/allasorias","twitter:card":"summary_large_image","twitter:title":"Sok di\u00e1k v\u00e1lasztja az agr\u00e1rg\u00e9p\u00e9sz szakm\u00e1t | AllasOrias.hu | H\u00edrek-lapszemle","twitter:description":"Az elm\u00falt n\u00e9h\u00e1ny \u00e9vben jelent\u0151sen megn\u0151tt azon fiatalok sz\u00e1ma, akik az agr\u00e1rg\u00e9p\u00e9sz szakm\u00e1t v\u00e1lasztott\u00e1k. Vonz\u00f3v\u00e1 tette sz\u00e1mukra ezt a szakm\u00e1t a versenyk\u00e9pes j\u00f6vedelem, a cs\u00facstechnol\u00f3gi\u00e1s g\u00e9pek \u00e9s a term\u00e9szet k\u00f6zels\u00e9ge. A Mez\u0151gazdas\u00e1gi Eszk\u00f6z- \u00e9s G\u00e9pforgalmaz\u00f3k Orsz\u00e1gos Sz\u00f6vets\u00e9g\u00e9nek t\u00e1j\u00e9koztat\u00e1sa szerint a 2014\/15-\u00f6s tan\u00e9vben orsz\u00e1gos szinten 1284 di\u00e1kot vettek fel az eml\u00edtett szakm\u00e1kba, a 17\/18-as tan\u00e9vben 2526-an,","twitter:image":"https:\/\/allasorias.hu\/hirek\/wp-content\/uploads\/2020\/02\/tractors-3571452_640.jpg","twitter:label1":"Written by","twitter:data1":"Juh\u00e1sz P\u00e9ter","twitter:label2":"Est. reading time","twitter:data2":"1 minute"},"aioseo_meta_data":{"post_id":"3754","title":null,"description":null,"keywords":null,"keyphrases":null,"primary_term":null,"canonical_url":null,"og_title":null,"og_description":null,"og_object_type":"default","og_image_type":"default","og_image_url":null,"og_image_width":null,"og_image_height":null,"og_image_custom_url":null,"og_image_custom_fields":null,"og_video":null,"og_custom_url":null,"og_article_section":null,"og_article_tags":null,"twitter_use_og":false,"twitter_card":"default","twitter_image_type":"default","twitter_image_url":null,"twitter_image_custom_url":null,"twitter_image_custom_fields":null,"twitter_title":null,"twitter_description":null,"schema":{"blockGraphs":[],"customGraphs":[],"default":{"data":{"Article":[],"Course":[],"Dataset":[],"FAQPage":[],"Movie":[],"Person":[],"Product":[],"ProductReview":[],"Car":[],"Recipe":[],"Service":[],"SoftwareApplication":[],"WebPage":[]},"graphName":"","isEnabled":true},"graphs":[],"defaultGraph":"","defaultPostTypeGraph":""},"schema_type":null,"schema_type_options":null,"pillar_content":false,"robots_default":true,"robots_noindex":false,"robots_noarchive":false,"robots_nosnippet":false,"robots_nofollow":false,"robots_noimageindex":false,"robots_noodp":false,"robots_notranslate":false,"robots_max_snippet":null,"robots_max_videopreview":null,"robots_max_imagepreview":"large","priority":null,"frequency":null,"location":null,"local_seo":null,"breadcrumb_settings":null,"limit_modified_date":false,"ai":null,"created":"2021-02-01 21:57:19","updated":"2025-10-02 13:32:43","seo_analyzer_scan_date":null,"focus_keyword":null,"additional_keywords":null,"truseo_locale":null},"aioseo_breadcrumb":"<div class=\"aioseo-breadcrumbs\"><span class=\"aioseo-breadcrumb\">\n\t\t\t<a href=\"https:\/\/allasorias.hu\/hirek\" title=\"Home\">Home<\/a>\n\t\t<\/span><span class=\"aioseo-breadcrumb-separator\">&raquo;<\/span><span class=\"aioseo-breadcrumb\">\n\t\t\t<a href=\"https:\/\/allasorias.hu\/hirek\/temak\/munkaeropiac\/\" title=\"Munkaer\u0151piac\">Munkaer\u0151piac<\/a>\n\t\t<\/span><span class=\"aioseo-breadcrumb-separator\">&raquo;<\/span><span class=\"aioseo-breadcrumb\">\n\t\t\tSok di\u00e1k v\u00e1lasztja az agr\u00e1rg\u00e9p\u00e9sz szakm\u00e1t\n\t\t<\/span><\/div>","aioseo_breadcrumb_json":[{"label":"Home","link":"https:\/\/allasorias.hu\/hirek"},{"label":"Munkaer\u0151piac","link":"https:\/\/allasorias.hu\/hirek\/temak\/munkaeropiac\/"},{"label":"Sok di\u00e1k v\u00e1lasztja az agr\u00e1rg\u00e9p\u00e9sz szakm\u00e1t","link":"https:\/\/allasorias.hu\/hirek\/sok-diak-valasztja-az-agrargepesz-szakmat\/"}],"_links":{"self":[{"href":"https:\/\/allasorias.hu\/hirek\/wp-json\/wp\/v2\/posts\/3754","targetHints":{"allow":["GET"]}}],"collection":[{"href":"https:\/\/allasorias.hu\/hirek\/wp-json\/wp\/v2\/posts"}],"about":[{"href":"https:\/\/allasorias.hu\/hirek\/wp-json\/wp\/v2\/types\/post"}],"author":[{"embeddable":true,"href":"https:\/\/allasorias.hu\/hirek\/wp-json\/wp\/v2\/users\/1"}],"replies":[{"embeddable":true,"href":"https:\/\/allasorias.hu\/hirek\/wp-json\/wp\/v2\/comments?post=3754"}],"version-history":[{"count":1,"href":"https:\/\/allasorias.hu\/hirek\/wp-json\/wp\/v2\/posts\/3754\/revisions"}],"predecessor-version":[{"id":3756,"href":"https:\/\/allasorias.hu\/hirek\/wp-json\/wp\/v2\/posts\/3754\/revisions\/3756"}],"wp:featuredmedia":[{"embeddable":true,"href":"https:\/\/allasorias.hu\/hirek\/wp-json\/wp\/v2\/media\/3755"}],"wp:attachment":[{"href":"https:\/\/allasorias.hu\/hirek\/wp-json\/wp\/v2\/media?parent=3754"}],"wp:term":[{"taxonomy":"category","embeddable":true,"href":"https:\/\/allasorias.hu\/hirek\/wp-json\/wp\/v2\/categories?post=3754"},{"taxonomy":"post_tag","embeddable":true,"href":"https:\/\/allasorias.hu\/hirek\/wp-json\/wp\/v2\/tags?post=3754"}],"curies":[{"name":"wp","href":"https:\/\/api.w.org\/{rel}","templated":true}]}}