{"id":3752,"date":"2020-02-06T08:52:03","date_gmt":"2020-02-06T08:52:03","guid":{"rendered":"https:\/\/allasorias.hu\/hirek\/?p=3752"},"modified":"2020-02-06T08:52:03","modified_gmt":"2020-02-06T08:52:03","slug":"a-jarvany-lelassitja-a-gazdasagot","status":"publish","type":"post","link":"https:\/\/allasorias.hu\/hirek\/a-jarvany-lelassitja-a-gazdasagot\/","title":{"rendered":"A j\u00e1rv\u00e1ny lelass\u00edtja a gazdas\u00e1got"},"content":{"rendered":"<p><strong>A koronav\u00edrus fert\u0151z\u00e9s terjed\u00e9se egyre ink\u00e1bb megl\u00e1tszik a gazdas\u00e1gokon n\u00e9h\u00e1ny orsz\u00e1gban. Gazdas\u00e1gi szakemberek szerint hamarosan alkatr\u00e9szhi\u00e1ny l\u00e9p fel az aut\u00f3gy\u00e1rakn\u00e1l, mert K\u00edn\u00e1ban sz\u00e1mos helyen le\u00e1llt a termel\u00e9s a koronav\u00edrus miatt. <\/strong><\/p>\n<p>T\u00f6bb nagy eur\u00f3pai \u00e9s amerikai aut\u00f3gy\u00e1rt\u00f3 vezet\u0151je is azt jelezte a Financial Timesnak, hogy egy-k\u00e9t h\u00e9ten bel\u00fcl ell\u00e1t\u00e1si gondjaik lesznek. A k\u00ednai besz\u00e1ll\u00edt\u00f3ik ugyanis le\u00e1lltak a termel\u00e9ssel a koronav\u00edrus okozta j\u00e1rv\u00e1ny miatt. Az \u00e1zsiai besz\u00e1ll\u00edt\u00f3k pedig gyakorlatilag majd minden nagyv\u00e1llalatn\u00e1l ott vannak, \u00edgy minden aut\u00f3ban vannak olyan alkatr\u00e9szek \u00e9s r\u00e9szegys\u00e9gek, amelyek gy\u00e1rt\u00e1s\u00e1ban k\u00f6zrem\u0171k\u00f6dnek k\u00ednai c\u00e9gek. Sink\u00f3 Ott\u00f3, a Videoton Holding t\u00e1rs-vez\u00e9rigazgat\u00f3ja szerint a koronav\u00edrus-j\u00e1rv\u00e1ny m\u00e1r most komoly gazdas\u00e1gi k\u00e1rokat okozott, f\u0151k\u00e9nt K\u00edn\u00e1ban. Mostanra azonban m\u00e1r a vil\u00e1g m\u00e1s pontjain is \u00e9rezteti hat\u00e1s\u00e1t a k\u00ednai termel\u00e9s le\u00e1ll\u00e1sa, \u00e9s n\u00e9h\u00e1ny h\u00e9t m\u00falva Magyarorsz\u00e1gon is jelentkezhetnek ell\u00e1t\u00e1si gondok. A glob\u00e1lis feldolgoz\u00f3ipari besz\u00e1ll\u00edt\u00f3i l\u00e1ncokba K\u00edna nagyon er\u0151teljesen be\u00e9p\u00fclt az elm\u00falt id\u0151szakban, \u00e9s ez al\u00f3l Magyarorsz\u00e1g sem kiv\u00e9tel. Egyre kevesebb olyan term\u00e9k van a vil\u00e1gon, amihez nem haszn\u00e1lnak fel K\u00edn\u00e1b\u00f3l sz\u00e1rmaz\u00f3 alkatr\u00e9szeket &#8211; mondta a c\u00e9gvezet\u0151. A probl\u00e9ma s\u00faly\u00e1t jelzi, hogy a Hyundai m\u00e1r bejelentette, hogy a termel\u00e9s egy r\u00e9sz\u00e9t le\u00e1ll\u00edtotta a d\u00e9l-koreai \u00fczemeiben, \u00e9s r\u00f6vid id\u0151n bel\u00fcl felf\u00fcggeszthetik az \u00f6sszes ottani gy\u00e1rban a termel\u00e9st. A Hyundai egy\u00e9bk\u00e9nt az els\u0151 olyan \u00f3ri\u00e1sc\u00e9g, amely hivatalosan is jelezte, hogy a koronav\u00edrus miatt bez\u00e1rnak K\u00edn\u00e1n k\u00edv\u00fcli egys\u00e9get. Kor\u00e1bban csak a j\u00e1rv\u00e1ny s\u00fajtotta orsz\u00e1gban voltak le\u00e1ll\u00e1sok, \u00edgy m\u00e1sok mellett az IKEA sz\u00fcnetelteti a b\u00fatorboltok nyitvatart\u00e1s\u00e1t, ahogy a McDonald&#8217;s \u00e9s a Starbucks is sz\u00e1mos egys\u00e9g\u00e9nek felf\u00fcggesztette a m\u0171k\u00f6d\u00e9s\u00e9t. \u00d6sszehangolt er\u0151fesz\u00edt\u00e9sek vannak a k\u00e1rok enyh\u00edt\u00e9s\u00e9re, miel\u0151tt az nagyon komoly k\u00e1rokat okozna, \u00edrta a m\u00e1r id\u00e9zett cikkben a FT egy nagy aut\u00f3gy\u00e1r fels\u0151vezet\u0151j\u00e9re hivatkozva. Probl\u00e9m\u00e1t jelent, hogy az aut\u00f3gy\u00e1rak hi\u00e1ba \u00e1llnak szerz\u0151d\u00e9sben olyan eur\u00f3pai besz\u00e1ll\u00edt\u00f3kkal, mint a Continental vagy a Thyssenkrupp, ezek a c\u00e9gek nagyon sok mindent K\u00edn\u00e1ban gy\u00e1rtanak, illetve \u0151k is sz\u00e1mos alkatr\u00e9szt k\u00ednai besz\u00e1ll\u00edt\u00f3kt\u00f3l szereznek be. A szak\u00e9rt\u0151k szerint \u00f3ri\u00e1si versenyfut\u00e1s zajlik a sz\u00ednfalak m\u00f6g\u00f6tt, hogy el tudj\u00e1k ker\u00fclni a gy\u00e1rt\u00f3k a t\u00f6meges le\u00e1ll\u00e1sokat. Azok a c\u00e9gek, amelyek nem csak \u00fczemeket l\u00e9tes\u00edtettek, hanem komoly \u00e9rt\u00e9kes\u00edt\u00e9st is v\u00e9geznek, aligha tudj\u00e1k b\u00fcntetlen\u00fcl bez\u00e1rni a gy\u00e1raikat. Ilyenek egy\u00e9bk\u00e9nt a nagy n\u00e9met aut\u00f3gy\u00e1rt\u00f3k, amelyek az elm\u00falt egy \u00e9vtizedben nagyon komoly piacot \u00e9p\u00edtettek ki K\u00edn\u00e1ban, \u00e9s a profitjuk sz\u00e1mottev\u0151 r\u00e9sze sz\u00e1rmazik onnan. Hasonl\u00f3 cip\u0151ben j\u00e1r a h\u00edrek szerint a Toyota, a Honda \u00e9s a Ford is, melyek szint\u00e9n a k\u00ednai \u00e9rt\u00e9kes\u00edt\u00e9s visszaes\u00e9s\u00e9vel sz\u00e1molhatnak, ha a helyi \u00fczemeiket bez\u00e1rj\u00e1k \u00e9s besz\u00e1ll\u00edt\u00f3ikat le\u00e9p\u00edtik.<\/p>\n<p>Forr\u00e1s: privatbankar.hu<\/p>\n","protected":false},"excerpt":{"rendered":"<p>A koronav\u00edrus fert\u0151z\u00e9s terjed\u00e9se egyre ink\u00e1bb megl\u00e1tszik a gazdas\u00e1gokon n\u00e9h\u00e1ny orsz\u00e1gban. Gazdas\u00e1gi szakemberek szerint hamarosan alkatr\u00e9szhi\u00e1ny l\u00e9p fel az aut\u00f3gy\u00e1rakn\u00e1l, mert K\u00edn\u00e1ban sz\u00e1mos helyen le\u00e1llt a termel\u00e9s a koronav\u00edrus miatt. T\u00f6bb nagy eur\u00f3pai \u00e9s amerikai aut\u00f3gy\u00e1rt\u00f3 vezet\u0151je is azt jelezte a Financial Timesnak, hogy egy-k\u00e9t h\u00e9ten bel\u00fcl ell\u00e1t\u00e1si gondjaik lesznek. A k\u00ednai besz\u00e1ll\u00edt\u00f3ik ugyanis le\u00e1lltak [&hellip;]<\/p>\n","protected":false},"author":1,"featured_media":2357,"comment_status":"open","ping_status":"open","sticky":false,"template":"","format":"standard","meta":{"_monsterinsights_skip_tracking":false,"footnotes":""},"categories":[198],"tags":[],"class_list":["post-3752","post","type-post","status-publish","format-standard","has-post-thumbnail","hentry","category-gazdasag"],"aioseo_notices":[],"aioseo_head":"\n\t\t<!-- All in One SEO 5.0.0.1 - aioseo.com -->\n\t<meta name=\"description\" content=\"A koronav\u00edrus fert\u0151z\u00e9s terjed\u00e9se egyre ink\u00e1bb megl\u00e1tszik a gazdas\u00e1gokon n\u00e9h\u00e1ny orsz\u00e1gban. Gazdas\u00e1gi szakemberek szerint hamarosan alkatr\u00e9szhi\u00e1ny l\u00e9p fel az aut\u00f3gy\u00e1rakn\u00e1l, mert K\u00edn\u00e1ban sz\u00e1mos helyen le\u00e1llt a termel\u00e9s a koronav\u00edrus miatt. T\u00f6bb nagy eur\u00f3pai \u00e9s amerikai aut\u00f3gy\u00e1rt\u00f3 vezet\u0151je is azt jelezte a Financial Timesnak, hogy egy-k\u00e9t h\u00e9ten bel\u00fcl ell\u00e1t\u00e1si gondjaik lesznek. A k\u00ednai besz\u00e1ll\u00edt\u00f3ik ugyanis le\u00e1lltak\" \/>\n\t<meta name=\"robots\" content=\"max-image-preview:large\" \/>\n\t<meta name=\"author\" content=\"Juh\u00e1sz P\u00e9ter\"\/>\n\t<link rel=\"canonical\" href=\"https:\/\/allasorias.hu\/hirek\/a-jarvany-lelassitja-a-gazdasagot\/\" \/>\n\t<meta name=\"generator\" content=\"All in One SEO (AIOSEO) 5.0.0.1\" \/>\n\t\t<meta property=\"og:locale\" content=\"hu_HU\" \/>\n\t\t<meta property=\"og:site_name\" content=\"AllasOrias.hu | H\u00edrek-lapszemle | \u00dczleti h\u00edrek az \u00e1ll\u00e1s \u00e9s a munka vil\u00e1g\u00e1b\u00f3l\" \/>\n\t\t<meta property=\"og:type\" content=\"article\" \/>\n\t\t<meta property=\"og:title\" content=\"A j\u00e1rv\u00e1ny lelass\u00edtja a gazdas\u00e1got | AllasOrias.hu | H\u00edrek-lapszemle\" \/>\n\t\t<meta property=\"og:description\" content=\"A koronav\u00edrus fert\u0151z\u00e9s terjed\u00e9se egyre ink\u00e1bb megl\u00e1tszik a gazdas\u00e1gokon n\u00e9h\u00e1ny orsz\u00e1gban. Gazdas\u00e1gi szakemberek szerint hamarosan alkatr\u00e9szhi\u00e1ny l\u00e9p fel az aut\u00f3gy\u00e1rakn\u00e1l, mert K\u00edn\u00e1ban sz\u00e1mos helyen le\u00e1llt a termel\u00e9s a koronav\u00edrus miatt. T\u00f6bb nagy eur\u00f3pai \u00e9s amerikai aut\u00f3gy\u00e1rt\u00f3 vezet\u0151je is azt jelezte a Financial Timesnak, hogy egy-k\u00e9t h\u00e9ten bel\u00fcl ell\u00e1t\u00e1si gondjaik lesznek. A k\u00ednai besz\u00e1ll\u00edt\u00f3ik ugyanis le\u00e1lltak\" \/>\n\t\t<meta property=\"og:url\" content=\"https:\/\/allasorias.hu\/hirek\/a-jarvany-lelassitja-a-gazdasagot\/\" \/>\n\t\t<meta property=\"og:image\" content=\"https:\/\/allasorias.hu\/hirek\/wp-content\/uploads\/2018\/12\/graph-3078539_640.png\" \/>\n\t\t<meta property=\"og:image:secure_url\" content=\"https:\/\/allasorias.hu\/hirek\/wp-content\/uploads\/2018\/12\/graph-3078539_640.png\" \/>\n\t\t<meta property=\"og:image:width\" content=\"640\" \/>\n\t\t<meta property=\"og:image:height\" content=\"426\" \/>\n\t\t<meta property=\"article:published_time\" content=\"2020-02-06T08:52:03+00:00\" \/>\n\t\t<meta property=\"article:modified_time\" content=\"2020-02-06T08:52:03+00:00\" \/>\n\t\t<meta property=\"article:publisher\" content=\"https:\/\/www.facebook.com\/allasorias\" \/>\n\t\t<meta name=\"twitter:card\" content=\"summary_large_image\" \/>\n\t\t<meta name=\"twitter:title\" content=\"A j\u00e1rv\u00e1ny lelass\u00edtja a gazdas\u00e1got | AllasOrias.hu | H\u00edrek-lapszemle\" \/>\n\t\t<meta name=\"twitter:description\" content=\"A koronav\u00edrus fert\u0151z\u00e9s terjed\u00e9se egyre ink\u00e1bb megl\u00e1tszik a gazdas\u00e1gokon n\u00e9h\u00e1ny orsz\u00e1gban. Gazdas\u00e1gi szakemberek szerint hamarosan alkatr\u00e9szhi\u00e1ny l\u00e9p fel az aut\u00f3gy\u00e1rakn\u00e1l, mert K\u00edn\u00e1ban sz\u00e1mos helyen le\u00e1llt a termel\u00e9s a koronav\u00edrus miatt. T\u00f6bb nagy eur\u00f3pai \u00e9s amerikai aut\u00f3gy\u00e1rt\u00f3 vezet\u0151je is azt jelezte a Financial Timesnak, hogy egy-k\u00e9t h\u00e9ten bel\u00fcl ell\u00e1t\u00e1si gondjaik lesznek. A k\u00ednai besz\u00e1ll\u00edt\u00f3ik ugyanis le\u00e1lltak\" \/>\n\t\t<meta name=\"twitter:image\" content=\"https:\/\/allasorias.hu\/hirek\/wp-content\/uploads\/2018\/12\/graph-3078539_640.png\" \/>\n\t\t<meta name=\"twitter:label1\" content=\"Written by\" \/>\n\t\t<meta name=\"twitter:data1\" content=\"Juh\u00e1sz P\u00e9ter\" \/>\n\t\t<meta name=\"twitter:label2\" content=\"Est. reading time\" \/>\n\t\t<meta name=\"twitter:data2\" content=\"3 minutes\" \/>\n\t\t<script type=\"application\/ld+json\" class=\"aioseo-schema\">\n\t\t\t{\"@context\":\"https:\\\/\\\/schema.org\",\"@graph\":[{\"@type\":\"Article\",\"@id\":\"https:\\\/\\\/allasorias.hu\\\/hirek\\\/a-jarvany-lelassitja-a-gazdasagot\\\/#article\",\"name\":\"A j\\u00e1rv\\u00e1ny lelass\\u00edtja a gazdas\\u00e1got | AllasOrias.hu | H\\u00edrek-lapszemle\",\"headline\":\"A j\\u00e1rv\\u00e1ny lelass\\u00edtja a gazdas\\u00e1got\",\"author\":{\"@id\":\"https:\\\/\\\/allasorias.hu\\\/hirek\\\/author\\\/admin-allasorias\\\/#author\"},\"publisher\":{\"@id\":\"https:\\\/\\\/allasorias.hu\\\/hirek\\\/#organization\"},\"image\":{\"@type\":\"ImageObject\",\"url\":\"https:\\\/\\\/allasorias.hu\\\/hirek\\\/wp-content\\\/uploads\\\/2018\\\/12\\\/graph-3078539_640.png\",\"width\":640,\"height\":426},\"datePublished\":\"2020-02-06T08:52:03+02:00\",\"dateModified\":\"2020-02-06T08:52:03+02:00\",\"inLanguage\":\"hu-HU\",\"mainEntityOfPage\":{\"@id\":\"https:\\\/\\\/allasorias.hu\\\/hirek\\\/a-jarvany-lelassitja-a-gazdasagot\\\/#webpage\"},\"isPartOf\":{\"@id\":\"https:\\\/\\\/allasorias.hu\\\/hirek\\\/a-jarvany-lelassitja-a-gazdasagot\\\/#webpage\"},\"articleSection\":\"Gazdas\\u00e1g\"},{\"@type\":\"BreadcrumbList\",\"@id\":\"https:\\\/\\\/allasorias.hu\\\/hirek\\\/a-jarvany-lelassitja-a-gazdasagot\\\/#breadcrumblist\",\"itemListElement\":[{\"@type\":\"ListItem\",\"@id\":\"https:\\\/\\\/allasorias.hu\\\/hirek#listItem\",\"position\":1,\"name\":\"Home\",\"item\":\"https:\\\/\\\/allasorias.hu\\\/hirek\",\"nextItem\":{\"@type\":\"ListItem\",\"@id\":\"https:\\\/\\\/allasorias.hu\\\/hirek\\\/temak\\\/gazdasag\\\/#listItem\",\"name\":\"Gazdas\\u00e1g\"}},{\"@type\":\"ListItem\",\"@id\":\"https:\\\/\\\/allasorias.hu\\\/hirek\\\/temak\\\/gazdasag\\\/#listItem\",\"position\":2,\"name\":\"Gazdas\\u00e1g\",\"item\":\"https:\\\/\\\/allasorias.hu\\\/hirek\\\/temak\\\/gazdasag\\\/\",\"nextItem\":{\"@type\":\"ListItem\",\"@id\":\"https:\\\/\\\/allasorias.hu\\\/hirek\\\/a-jarvany-lelassitja-a-gazdasagot\\\/#listItem\",\"name\":\"A j\\u00e1rv\\u00e1ny lelass\\u00edtja a gazdas\\u00e1got\"},\"previousItem\":{\"@type\":\"ListItem\",\"@id\":\"https:\\\/\\\/allasorias.hu\\\/hirek#listItem\",\"name\":\"Home\"}},{\"@type\":\"ListItem\",\"@id\":\"https:\\\/\\\/allasorias.hu\\\/hirek\\\/a-jarvany-lelassitja-a-gazdasagot\\\/#listItem\",\"position\":3,\"name\":\"A j\\u00e1rv\\u00e1ny lelass\\u00edtja a gazdas\\u00e1got\",\"previousItem\":{\"@type\":\"ListItem\",\"@id\":\"https:\\\/\\\/allasorias.hu\\\/hirek\\\/temak\\\/gazdasag\\\/#listItem\",\"name\":\"Gazdas\\u00e1g\"}}]},{\"@type\":\"Organization\",\"@id\":\"https:\\\/\\\/allasorias.hu\\\/hirek\\\/#organization\",\"name\":\"AllasOrias.hu | H\\u00edrek-lapszemle\",\"description\":\"\\u00dczleti h\\u00edrek az \\u00e1ll\\u00e1s \\u00e9s a munka vil\\u00e1g\\u00e1b\\u00f3l\",\"url\":\"https:\\\/\\\/allasorias.hu\\\/hirek\\\/\",\"logo\":{\"@type\":\"ImageObject\",\"url\":\"https:\\\/\\\/allasorias.hu\\\/hirek\\\/wp-content\\\/uploads\\\/2022\\\/10\\\/allasorias_site_facebok_logo.png\",\"@id\":\"https:\\\/\\\/allasorias.hu\\\/hirek\\\/a-jarvany-lelassitja-a-gazdasagot\\\/#organizationLogo\"},\"image\":{\"@id\":\"https:\\\/\\\/allasorias.hu\\\/hirek\\\/a-jarvany-lelassitja-a-gazdasagot\\\/#organizationLogo\"},\"sameAs\":[\"https:\\\/\\\/www.facebook.com\\\/allasorias\",\"https:\\\/\\\/www.linkedin.com\\\/company\\\/allasorias\"]},{\"@type\":\"Person\",\"@id\":\"https:\\\/\\\/allasorias.hu\\\/hirek\\\/author\\\/admin-allasorias\\\/#author\",\"url\":\"https:\\\/\\\/allasorias.hu\\\/hirek\\\/author\\\/admin-allasorias\\\/\",\"name\":\"Juh\\u00e1sz P\\u00e9ter\",\"image\":{\"@type\":\"ImageObject\",\"@id\":\"https:\\\/\\\/allasorias.hu\\\/hirek\\\/a-jarvany-lelassitja-a-gazdasagot\\\/#authorImage\",\"url\":\"https:\\\/\\\/secure.gravatar.com\\\/avatar\\\/36e6bcb83148978b992977cb0f54d22feb0cce8a0a849a9410532bb2623ba4c6?s=96&d=mm&r=g\",\"width\":96,\"height\":96,\"caption\":\"Juh\\u00e1sz P\\u00e9ter\"}},{\"@type\":\"WebPage\",\"@id\":\"https:\\\/\\\/allasorias.hu\\\/hirek\\\/a-jarvany-lelassitja-a-gazdasagot\\\/#webpage\",\"url\":\"https:\\\/\\\/allasorias.hu\\\/hirek\\\/a-jarvany-lelassitja-a-gazdasagot\\\/\",\"name\":\"A j\\u00e1rv\\u00e1ny lelass\\u00edtja a gazdas\\u00e1got | AllasOrias.hu | H\\u00edrek-lapszemle\",\"description\":\"A koronav\\u00edrus fert\\u0151z\\u00e9s terjed\\u00e9se egyre ink\\u00e1bb megl\\u00e1tszik a gazdas\\u00e1gokon n\\u00e9h\\u00e1ny orsz\\u00e1gban. Gazdas\\u00e1gi szakemberek szerint hamarosan alkatr\\u00e9szhi\\u00e1ny l\\u00e9p fel az aut\\u00f3gy\\u00e1rakn\\u00e1l, mert K\\u00edn\\u00e1ban sz\\u00e1mos helyen le\\u00e1llt a termel\\u00e9s a koronav\\u00edrus miatt. T\\u00f6bb nagy eur\\u00f3pai \\u00e9s amerikai aut\\u00f3gy\\u00e1rt\\u00f3 vezet\\u0151je is azt jelezte a Financial Timesnak, hogy egy-k\\u00e9t h\\u00e9ten bel\\u00fcl ell\\u00e1t\\u00e1si gondjaik lesznek. A k\\u00ednai besz\\u00e1ll\\u00edt\\u00f3ik ugyanis le\\u00e1lltak\",\"inLanguage\":\"hu-HU\",\"isPartOf\":{\"@id\":\"https:\\\/\\\/allasorias.hu\\\/hirek\\\/#website\"},\"breadcrumb\":{\"@id\":\"https:\\\/\\\/allasorias.hu\\\/hirek\\\/a-jarvany-lelassitja-a-gazdasagot\\\/#breadcrumblist\"},\"author\":{\"@id\":\"https:\\\/\\\/allasorias.hu\\\/hirek\\\/author\\\/admin-allasorias\\\/#author\"},\"creator\":{\"@id\":\"https:\\\/\\\/allasorias.hu\\\/hirek\\\/author\\\/admin-allasorias\\\/#author\"},\"image\":{\"@type\":\"ImageObject\",\"url\":\"https:\\\/\\\/allasorias.hu\\\/hirek\\\/wp-content\\\/uploads\\\/2018\\\/12\\\/graph-3078539_640.png\",\"@id\":\"https:\\\/\\\/allasorias.hu\\\/hirek\\\/a-jarvany-lelassitja-a-gazdasagot\\\/#mainImage\",\"width\":640,\"height\":426},\"primaryImageOfPage\":{\"@id\":\"https:\\\/\\\/allasorias.hu\\\/hirek\\\/a-jarvany-lelassitja-a-gazdasagot\\\/#mainImage\"},\"datePublished\":\"2020-02-06T08:52:03+02:00\",\"dateModified\":\"2020-02-06T08:52:03+02:00\"},{\"@type\":\"WebSite\",\"@id\":\"https:\\\/\\\/allasorias.hu\\\/hirek\\\/#website\",\"url\":\"https:\\\/\\\/allasorias.hu\\\/hirek\\\/\",\"name\":\"AllasOrias.hu | H\\u00edrek-lapszemle\",\"description\":\"\\u00dczleti h\\u00edrek az \\u00e1ll\\u00e1s \\u00e9s a munka vil\\u00e1g\\u00e1b\\u00f3l\",\"inLanguage\":\"hu-HU\",\"publisher\":{\"@id\":\"https:\\\/\\\/allasorias.hu\\\/hirek\\\/#organization\"}}]}\n\t\t<\/script>\n\t\t<!-- All in One SEO -->\n\n","aioseo_head_json":{"title":"A j\u00e1rv\u00e1ny lelass\u00edtja a gazdas\u00e1got | AllasOrias.hu | H\u00edrek-lapszemle","description":"A koronav\u00edrus fert\u0151z\u00e9s terjed\u00e9se egyre ink\u00e1bb megl\u00e1tszik a gazdas\u00e1gokon n\u00e9h\u00e1ny orsz\u00e1gban. Gazdas\u00e1gi szakemberek szerint hamarosan alkatr\u00e9szhi\u00e1ny l\u00e9p fel az aut\u00f3gy\u00e1rakn\u00e1l, mert K\u00edn\u00e1ban sz\u00e1mos helyen le\u00e1llt a termel\u00e9s a koronav\u00edrus miatt. T\u00f6bb nagy eur\u00f3pai \u00e9s amerikai aut\u00f3gy\u00e1rt\u00f3 vezet\u0151je is azt jelezte a Financial Timesnak, hogy egy-k\u00e9t h\u00e9ten bel\u00fcl ell\u00e1t\u00e1si gondjaik lesznek. A k\u00ednai besz\u00e1ll\u00edt\u00f3ik ugyanis le\u00e1lltak","canonical_url":"https:\/\/allasorias.hu\/hirek\/a-jarvany-lelassitja-a-gazdasagot\/","robots":"max-image-preview:large","keywords":"","webmasterTools":{"miscellaneous":""},"schema":{"@context":"https:\/\/schema.org","@graph":[{"@type":"Article","@id":"https:\/\/allasorias.hu\/hirek\/a-jarvany-lelassitja-a-gazdasagot\/#article","name":"A j\u00e1rv\u00e1ny lelass\u00edtja a gazdas\u00e1got | AllasOrias.hu | H\u00edrek-lapszemle","headline":"A j\u00e1rv\u00e1ny lelass\u00edtja a gazdas\u00e1got","author":{"@id":"https:\/\/allasorias.hu\/hirek\/author\/admin-allasorias\/#author"},"publisher":{"@id":"https:\/\/allasorias.hu\/hirek\/#organization"},"image":{"@type":"ImageObject","url":"https:\/\/allasorias.hu\/hirek\/wp-content\/uploads\/2018\/12\/graph-3078539_640.png","width":640,"height":426},"datePublished":"2020-02-06T08:52:03+02:00","dateModified":"2020-02-06T08:52:03+02:00","inLanguage":"hu-HU","mainEntityOfPage":{"@id":"https:\/\/allasorias.hu\/hirek\/a-jarvany-lelassitja-a-gazdasagot\/#webpage"},"isPartOf":{"@id":"https:\/\/allasorias.hu\/hirek\/a-jarvany-lelassitja-a-gazdasagot\/#webpage"},"articleSection":"Gazdas\u00e1g"},{"@type":"BreadcrumbList","@id":"https:\/\/allasorias.hu\/hirek\/a-jarvany-lelassitja-a-gazdasagot\/#breadcrumblist","itemListElement":[{"@type":"ListItem","@id":"https:\/\/allasorias.hu\/hirek#listItem","position":1,"name":"Home","item":"https:\/\/allasorias.hu\/hirek","nextItem":{"@type":"ListItem","@id":"https:\/\/allasorias.hu\/hirek\/temak\/gazdasag\/#listItem","name":"Gazdas\u00e1g"}},{"@type":"ListItem","@id":"https:\/\/allasorias.hu\/hirek\/temak\/gazdasag\/#listItem","position":2,"name":"Gazdas\u00e1g","item":"https:\/\/allasorias.hu\/hirek\/temak\/gazdasag\/","nextItem":{"@type":"ListItem","@id":"https:\/\/allasorias.hu\/hirek\/a-jarvany-lelassitja-a-gazdasagot\/#listItem","name":"A j\u00e1rv\u00e1ny lelass\u00edtja a gazdas\u00e1got"},"previousItem":{"@type":"ListItem","@id":"https:\/\/allasorias.hu\/hirek#listItem","name":"Home"}},{"@type":"ListItem","@id":"https:\/\/allasorias.hu\/hirek\/a-jarvany-lelassitja-a-gazdasagot\/#listItem","position":3,"name":"A j\u00e1rv\u00e1ny lelass\u00edtja a gazdas\u00e1got","previousItem":{"@type":"ListItem","@id":"https:\/\/allasorias.hu\/hirek\/temak\/gazdasag\/#listItem","name":"Gazdas\u00e1g"}}]},{"@type":"Organization","@id":"https:\/\/allasorias.hu\/hirek\/#organization","name":"AllasOrias.hu | H\u00edrek-lapszemle","description":"\u00dczleti h\u00edrek az \u00e1ll\u00e1s \u00e9s a munka vil\u00e1g\u00e1b\u00f3l","url":"https:\/\/allasorias.hu\/hirek\/","logo":{"@type":"ImageObject","url":"https:\/\/allasorias.hu\/hirek\/wp-content\/uploads\/2022\/10\/allasorias_site_facebok_logo.png","@id":"https:\/\/allasorias.hu\/hirek\/a-jarvany-lelassitja-a-gazdasagot\/#organizationLogo"},"image":{"@id":"https:\/\/allasorias.hu\/hirek\/a-jarvany-lelassitja-a-gazdasagot\/#organizationLogo"},"sameAs":["https:\/\/www.facebook.com\/allasorias","https:\/\/www.linkedin.com\/company\/allasorias"]},{"@type":"Person","@id":"https:\/\/allasorias.hu\/hirek\/author\/admin-allasorias\/#author","url":"https:\/\/allasorias.hu\/hirek\/author\/admin-allasorias\/","name":"Juh\u00e1sz P\u00e9ter","image":{"@type":"ImageObject","@id":"https:\/\/allasorias.hu\/hirek\/a-jarvany-lelassitja-a-gazdasagot\/#authorImage","url":"https:\/\/secure.gravatar.com\/avatar\/36e6bcb83148978b992977cb0f54d22feb0cce8a0a849a9410532bb2623ba4c6?s=96&d=mm&r=g","width":96,"height":96,"caption":"Juh\u00e1sz P\u00e9ter"}},{"@type":"WebPage","@id":"https:\/\/allasorias.hu\/hirek\/a-jarvany-lelassitja-a-gazdasagot\/#webpage","url":"https:\/\/allasorias.hu\/hirek\/a-jarvany-lelassitja-a-gazdasagot\/","name":"A j\u00e1rv\u00e1ny lelass\u00edtja a gazdas\u00e1got | AllasOrias.hu | H\u00edrek-lapszemle","description":"A koronav\u00edrus fert\u0151z\u00e9s terjed\u00e9se egyre ink\u00e1bb megl\u00e1tszik a gazdas\u00e1gokon n\u00e9h\u00e1ny orsz\u00e1gban. Gazdas\u00e1gi szakemberek szerint hamarosan alkatr\u00e9szhi\u00e1ny l\u00e9p fel az aut\u00f3gy\u00e1rakn\u00e1l, mert K\u00edn\u00e1ban sz\u00e1mos helyen le\u00e1llt a termel\u00e9s a koronav\u00edrus miatt. T\u00f6bb nagy eur\u00f3pai \u00e9s amerikai aut\u00f3gy\u00e1rt\u00f3 vezet\u0151je is azt jelezte a Financial Timesnak, hogy egy-k\u00e9t h\u00e9ten bel\u00fcl ell\u00e1t\u00e1si gondjaik lesznek. A k\u00ednai besz\u00e1ll\u00edt\u00f3ik ugyanis le\u00e1lltak","inLanguage":"hu-HU","isPartOf":{"@id":"https:\/\/allasorias.hu\/hirek\/#website"},"breadcrumb":{"@id":"https:\/\/allasorias.hu\/hirek\/a-jarvany-lelassitja-a-gazdasagot\/#breadcrumblist"},"author":{"@id":"https:\/\/allasorias.hu\/hirek\/author\/admin-allasorias\/#author"},"creator":{"@id":"https:\/\/allasorias.hu\/hirek\/author\/admin-allasorias\/#author"},"image":{"@type":"ImageObject","url":"https:\/\/allasorias.hu\/hirek\/wp-content\/uploads\/2018\/12\/graph-3078539_640.png","@id":"https:\/\/allasorias.hu\/hirek\/a-jarvany-lelassitja-a-gazdasagot\/#mainImage","width":640,"height":426},"primaryImageOfPage":{"@id":"https:\/\/allasorias.hu\/hirek\/a-jarvany-lelassitja-a-gazdasagot\/#mainImage"},"datePublished":"2020-02-06T08:52:03+02:00","dateModified":"2020-02-06T08:52:03+02:00"},{"@type":"WebSite","@id":"https:\/\/allasorias.hu\/hirek\/#website","url":"https:\/\/allasorias.hu\/hirek\/","name":"AllasOrias.hu | H\u00edrek-lapszemle","description":"\u00dczleti h\u00edrek az \u00e1ll\u00e1s \u00e9s a munka vil\u00e1g\u00e1b\u00f3l","inLanguage":"hu-HU","publisher":{"@id":"https:\/\/allasorias.hu\/hirek\/#organization"}}]},"og:locale":"hu_HU","og:site_name":"AllasOrias.hu | H\u00edrek-lapszemle | \u00dczleti h\u00edrek az \u00e1ll\u00e1s \u00e9s a munka vil\u00e1g\u00e1b\u00f3l","og:type":"article","og:title":"A j\u00e1rv\u00e1ny lelass\u00edtja a gazdas\u00e1got | AllasOrias.hu | H\u00edrek-lapszemle","og:description":"A koronav\u00edrus fert\u0151z\u00e9s terjed\u00e9se egyre ink\u00e1bb megl\u00e1tszik a gazdas\u00e1gokon n\u00e9h\u00e1ny orsz\u00e1gban. Gazdas\u00e1gi szakemberek szerint hamarosan alkatr\u00e9szhi\u00e1ny l\u00e9p fel az aut\u00f3gy\u00e1rakn\u00e1l, mert K\u00edn\u00e1ban sz\u00e1mos helyen le\u00e1llt a termel\u00e9s a koronav\u00edrus miatt. T\u00f6bb nagy eur\u00f3pai \u00e9s amerikai aut\u00f3gy\u00e1rt\u00f3 vezet\u0151je is azt jelezte a Financial Timesnak, hogy egy-k\u00e9t h\u00e9ten bel\u00fcl ell\u00e1t\u00e1si gondjaik lesznek. A k\u00ednai besz\u00e1ll\u00edt\u00f3ik ugyanis le\u00e1lltak","og:url":"https:\/\/allasorias.hu\/hirek\/a-jarvany-lelassitja-a-gazdasagot\/","og:image":"https:\/\/allasorias.hu\/hirek\/wp-content\/uploads\/2018\/12\/graph-3078539_640.png","og:image:secure_url":"https:\/\/allasorias.hu\/hirek\/wp-content\/uploads\/2018\/12\/graph-3078539_640.png","og:image:width":640,"og:image:height":426,"article:published_time":"2020-02-06T08:52:03+00:00","article:modified_time":"2020-02-06T08:52:03+00:00","article:publisher":"https:\/\/www.facebook.com\/allasorias","twitter:card":"summary_large_image","twitter:title":"A j\u00e1rv\u00e1ny lelass\u00edtja a gazdas\u00e1got | AllasOrias.hu | H\u00edrek-lapszemle","twitter:description":"A koronav\u00edrus fert\u0151z\u00e9s terjed\u00e9se egyre ink\u00e1bb megl\u00e1tszik a gazdas\u00e1gokon n\u00e9h\u00e1ny orsz\u00e1gban. Gazdas\u00e1gi szakemberek szerint hamarosan alkatr\u00e9szhi\u00e1ny l\u00e9p fel az aut\u00f3gy\u00e1rakn\u00e1l, mert K\u00edn\u00e1ban sz\u00e1mos helyen le\u00e1llt a termel\u00e9s a koronav\u00edrus miatt. T\u00f6bb nagy eur\u00f3pai \u00e9s amerikai aut\u00f3gy\u00e1rt\u00f3 vezet\u0151je is azt jelezte a Financial Timesnak, hogy egy-k\u00e9t h\u00e9ten bel\u00fcl ell\u00e1t\u00e1si gondjaik lesznek. A k\u00ednai besz\u00e1ll\u00edt\u00f3ik ugyanis le\u00e1lltak","twitter:image":"https:\/\/allasorias.hu\/hirek\/wp-content\/uploads\/2018\/12\/graph-3078539_640.png","twitter:label1":"Written by","twitter:data1":"Juh\u00e1sz P\u00e9ter","twitter:label2":"Est. reading time","twitter:data2":"3 minutes"},"aioseo_meta_data":{"post_id":"3752","title":null,"description":null,"keywords":null,"keyphrases":null,"primary_term":null,"canonical_url":null,"og_title":null,"og_description":null,"og_object_type":"default","og_image_type":"default","og_image_url":null,"og_image_width":null,"og_image_height":null,"og_image_custom_url":null,"og_image_custom_fields":null,"og_video":null,"og_custom_url":null,"og_article_section":null,"og_article_tags":null,"twitter_use_og":false,"twitter_card":"default","twitter_image_type":"default","twitter_image_url":null,"twitter_image_custom_url":null,"twitter_image_custom_fields":null,"twitter_title":null,"twitter_description":null,"schema":{"blockGraphs":[],"customGraphs":[],"default":{"data":{"Article":[],"Course":[],"Dataset":[],"FAQPage":[],"Movie":[],"Person":[],"Product":[],"ProductReview":[],"Car":[],"Recipe":[],"Service":[],"SoftwareApplication":[],"WebPage":[]},"graphName":"","isEnabled":true},"graphs":[],"defaultGraph":"","defaultPostTypeGraph":""},"schema_type":null,"schema_type_options":null,"pillar_content":false,"robots_default":true,"robots_noindex":false,"robots_noarchive":false,"robots_nosnippet":false,"robots_nofollow":false,"robots_noimageindex":false,"robots_noodp":false,"robots_notranslate":false,"robots_max_snippet":null,"robots_max_videopreview":null,"robots_max_imagepreview":"large","priority":null,"frequency":null,"location":null,"local_seo":null,"breadcrumb_settings":null,"limit_modified_date":false,"ai":null,"created":"2021-02-01 21:57:19","updated":"2025-10-02 13:32:43","seo_analyzer_scan_date":null,"focus_keyword":null,"additional_keywords":null,"truseo_locale":null},"aioseo_breadcrumb":"<div class=\"aioseo-breadcrumbs\"><span class=\"aioseo-breadcrumb\">\n\t\t\t<a href=\"https:\/\/allasorias.hu\/hirek\" title=\"Home\">Home<\/a>\n\t\t<\/span><span class=\"aioseo-breadcrumb-separator\">&raquo;<\/span><span class=\"aioseo-breadcrumb\">\n\t\t\t<a href=\"https:\/\/allasorias.hu\/hirek\/temak\/gazdasag\/\" title=\"Gazdas\u00e1g\">Gazdas\u00e1g<\/a>\n\t\t<\/span><span class=\"aioseo-breadcrumb-separator\">&raquo;<\/span><span class=\"aioseo-breadcrumb\">\n\t\t\tA j\u00e1rv\u00e1ny lelass\u00edtja a gazdas\u00e1got\n\t\t<\/span><\/div>","aioseo_breadcrumb_json":[{"label":"Home","link":"https:\/\/allasorias.hu\/hirek"},{"label":"Gazdas\u00e1g","link":"https:\/\/allasorias.hu\/hirek\/temak\/gazdasag\/"},{"label":"A j\u00e1rv\u00e1ny lelass\u00edtja a gazdas\u00e1got","link":"https:\/\/allasorias.hu\/hirek\/a-jarvany-lelassitja-a-gazdasagot\/"}],"_links":{"self":[{"href":"https:\/\/allasorias.hu\/hirek\/wp-json\/wp\/v2\/posts\/3752","targetHints":{"allow":["GET"]}}],"collection":[{"href":"https:\/\/allasorias.hu\/hirek\/wp-json\/wp\/v2\/posts"}],"about":[{"href":"https:\/\/allasorias.hu\/hirek\/wp-json\/wp\/v2\/types\/post"}],"author":[{"embeddable":true,"href":"https:\/\/allasorias.hu\/hirek\/wp-json\/wp\/v2\/users\/1"}],"replies":[{"embeddable":true,"href":"https:\/\/allasorias.hu\/hirek\/wp-json\/wp\/v2\/comments?post=3752"}],"version-history":[{"count":1,"href":"https:\/\/allasorias.hu\/hirek\/wp-json\/wp\/v2\/posts\/3752\/revisions"}],"predecessor-version":[{"id":3753,"href":"https:\/\/allasorias.hu\/hirek\/wp-json\/wp\/v2\/posts\/3752\/revisions\/3753"}],"wp:featuredmedia":[{"embeddable":true,"href":"https:\/\/allasorias.hu\/hirek\/wp-json\/wp\/v2\/media\/2357"}],"wp:attachment":[{"href":"https:\/\/allasorias.hu\/hirek\/wp-json\/wp\/v2\/media?parent=3752"}],"wp:term":[{"taxonomy":"category","embeddable":true,"href":"https:\/\/allasorias.hu\/hirek\/wp-json\/wp\/v2\/categories?post=3752"},{"taxonomy":"post_tag","embeddable":true,"href":"https:\/\/allasorias.hu\/hirek\/wp-json\/wp\/v2\/tags?post=3752"}],"curies":[{"name":"wp","href":"https:\/\/api.w.org\/{rel}","templated":true}]}}