{"id":3741,"date":"2020-02-03T07:32:30","date_gmt":"2020-02-03T07:32:30","guid":{"rendered":"https:\/\/allasorias.hu\/hirek\/?p=3741"},"modified":"2020-02-03T07:32:54","modified_gmt":"2020-02-03T07:32:54","slug":"nem-akarnak-tanulni-a-fiatalok","status":"publish","type":"post","link":"https:\/\/allasorias.hu\/hirek\/nem-akarnak-tanulni-a-fiatalok\/","title":{"rendered":"Nem akarnak tanulni a fiatalok"},"content":{"rendered":"<p><strong>N\u0151tt az el\u00e9gedetlens\u00e9g a hazai oktat\u00e1ssal kapcsolatban, ezt jelzi az OECD \u00e1tlagt\u00f3l val\u00f3 n\u00f6vekv\u0151 lemaradotts\u00e1g, amely 18%-os m\u00e1ra. A t\u00e9m\u00e1r\u00f3l k\u00e9sz\u00fclt tanulm\u00e1ny szerint a fiatal koroszt\u00e1ly iskol\u00e1zotts\u00e1gi mutat\u00f3i j\u00f3csk\u00e1n \u00a0megromlottak az elm\u00falt \u00e9vekben. <\/strong><\/p>\n<p>Magyarorsz\u00e1gon 2018-ra a fiatal NTND f\u00e9rfiak ar\u00e1nya 7,5 sz\u00e1zal\u00e9kra esett vissza a v\u00e1ls\u00e1g idej\u00e9n m\u00e9rt 14 sz\u00e1zal\u00e9k f\u00f6l\u00f6tti \u00e9rt\u00e9kr\u0151l \u2013 igaz, a 15\u201329 \u00e9ves n\u0151kn\u00e9l maradt a magas \u00e9rt\u00e9k, 2018-ban 18,6 sz\u00e1zal\u00e9k volt k\u00f6r\u00fckben azoknak az ar\u00e1nya, akik nem dolgoztak, \u00e9s nem is tanultak. Ezzel p\u00e1rhuzamosan a tanul\u00f3 fiatalok ar\u00e1nya is a v\u00e1ls\u00e1g idej\u00e9n tet\u0151z\u00f6tt, a v\u00e1ls\u00e1g ut\u00e1ni id\u0151szakban pedig visszaesett Magyarorsz\u00e1gon 60 sz\u00e1zal\u00e9kra, ami az EU-\u00e1tlagt\u00f3l 7 sz\u00e1zal\u00e9kponttal, a cseh adatt\u00f3l pedig 10 sz\u00e1zal\u00e9kponttal maradt el 2018-ban. A tanulm\u00e1ny szerint ugyan a p\u00e1lyakezd\u0151ket \u00e9s a fiatal munkan\u00e9lk\u00fclieket gyorsabban felsz\u00edvja a munkaer\u0151piac, de m\u00e9gsem lehet \u00f6r\u00fclni ennek, hiszen a fiatalok foglalkoztatotts\u00e1ga az\u00e9rt n\u0151, mert id\u0151 el\u0151tt otthagyj\u00e1k az iskol\u00e1t.\u00a0 \u0150k azok, akik az oktat\u00e1sban elt\u00f6lt\u00f6tt id\u0151 alatt kevesebbet szereznek meg azokb\u00f3l a kompetenci\u00e1kb\u00f3l, amelyek szorosan \u00f6sszef\u00fcggenek k\u00e9s\u0151bbi sikereikkel a munka vil\u00e1g\u00e1ban. Fazekas K\u00e1roly, Csillag M\u00e1rton, Hermann Zolt\u00e1n \u00e9s Scharle \u00c1gota, a k\u00f6nyv szerz\u0151i szerint a munkaer\u0151 ir\u00e1nti kereslet fellend\u00fcl\u00e9se mellett szakpolitikai int\u00e9zked\u00e9sek is hozz\u00e1j\u00e1rultak a magyar iskol\u00e1zotts\u00e1gi trend roml\u00e1s\u00e1hoz. Ut\u00f3bbiak k\u00f6z\u00e9 tartozik a tank\u00f6telezetts\u00e9g korhat\u00e1r\u00e1nak lesz\u00e1ll\u00edt\u00e1sa, a k\u00f6z\u00e9pfok\u00fa k\u00e9pz\u00e9s \u00e1talak\u00edt\u00e1sa, az \u00e1llamilag finansz\u00edrozott fels\u0151oktat\u00e1si f\u00e9r\u0151helyek sz\u0171k\u00edt\u00e9se, de m\u00e9g az oktat\u00e1s centraliz\u00e1ci\u00f3ja is. Hermann Zolt\u00e1n, K\u00f6zgazdas\u00e1g-tudom\u00e1nyi Int\u00e9zet tudom\u00e1nyos f\u0151munkat\u00e1rsa a qubit.hu-n kifejti, hogy a m\u00e1r \u00e1ltal\u00e1nos iskol\u00e1ban \u00e9szlelhet\u0151, a gyerekek k\u00f6z\u00f6tti nagy k\u00fcl\u00f6nbs\u00e9gek nem hogy cs\u00f6kkenn\u00e9nek, de egyenesen tov\u00e1bb n\u0151nek a k\u00f6z\u00e9piskola els\u0151 k\u00e9t \u00e9v\u00e9ben a h\u00e1rom iskolat\u00edpus (szakk\u00f6z\u00e9piskola, gimn\u00e1zium, szakgimn\u00e1zium) tov\u00e1bbtanul\u00f3 di\u00e1kjai k\u00f6z\u00f6tt. A statisztik\u00e1k azt mutatj\u00e1k, hogy egy szakk\u00f6z\u00e9piskol\u00e1s tanul\u00f3 \u00e1tlagos eredm\u00e9nye matematik\u00e1b\u00f3l 50, sz\u00f6veg\u00e9rt\u00e9sb\u0151l pedig 60 ponttal marad el egy olyan szakgimnazist\u00e1\u00e9t\u00f3l, akivel \u00e1ltal\u00e1nos iskol\u00e1ban m\u00e9g ugyan\u00fagy teljes\u00edtettek.<\/p>\n<p>Forr\u00e1s: privatbankar.hu<\/p>\n<p>&nbsp;<\/p>\n","protected":false},"excerpt":{"rendered":"<p>N\u0151tt az el\u00e9gedetlens\u00e9g a hazai oktat\u00e1ssal kapcsolatban, ezt jelzi az OECD \u00e1tlagt\u00f3l val\u00f3 n\u00f6vekv\u0151 lemaradotts\u00e1g, amely 18%-os m\u00e1ra. A t\u00e9m\u00e1r\u00f3l k\u00e9sz\u00fclt tanulm\u00e1ny szerint a fiatal koroszt\u00e1ly iskol\u00e1zotts\u00e1gi mutat\u00f3i j\u00f3csk\u00e1n \u00a0megromlottak az elm\u00falt \u00e9vekben. Magyarorsz\u00e1gon 2018-ra a fiatal NTND f\u00e9rfiak ar\u00e1nya 7,5 sz\u00e1zal\u00e9kra esett vissza a v\u00e1ls\u00e1g idej\u00e9n m\u00e9rt 14 sz\u00e1zal\u00e9k f\u00f6l\u00f6tti \u00e9rt\u00e9kr\u0151l \u2013 igaz, a [&hellip;]<\/p>\n","protected":false},"author":1,"featured_media":3134,"comment_status":"open","ping_status":"open","sticky":false,"template":"","format":"standard","meta":{"_monsterinsights_skip_tracking":false,"footnotes":""},"categories":[198],"tags":[],"class_list":["post-3741","post","type-post","status-publish","format-standard","has-post-thumbnail","hentry","category-gazdasag"],"aioseo_notices":[],"aioseo_head":"\n\t\t<!-- All in One SEO 5.0.0.1 - aioseo.com -->\n\t<meta name=\"description\" content=\"N\u0151tt az el\u00e9gedetlens\u00e9g a hazai oktat\u00e1ssal kapcsolatban, ezt jelzi az OECD \u00e1tlagt\u00f3l val\u00f3 n\u00f6vekv\u0151 lemaradotts\u00e1g, amely 18%-os m\u00e1ra. A t\u00e9m\u00e1r\u00f3l k\u00e9sz\u00fclt tanulm\u00e1ny szerint a fiatal koroszt\u00e1ly iskol\u00e1zotts\u00e1gi mutat\u00f3i j\u00f3csk\u00e1n megromlottak az elm\u00falt \u00e9vekben. Magyarorsz\u00e1gon 2018-ra a fiatal NTND f\u00e9rfiak ar\u00e1nya 7,5 sz\u00e1zal\u00e9kra esett vissza a v\u00e1ls\u00e1g idej\u00e9n m\u00e9rt 14 sz\u00e1zal\u00e9k f\u00f6l\u00f6tti \u00e9rt\u00e9kr\u0151l \u2013 igaz, a\" \/>\n\t<meta name=\"robots\" content=\"max-image-preview:large\" \/>\n\t<meta name=\"author\" content=\"Juh\u00e1sz P\u00e9ter\"\/>\n\t<link rel=\"canonical\" href=\"https:\/\/allasorias.hu\/hirek\/nem-akarnak-tanulni-a-fiatalok\/\" \/>\n\t<meta name=\"generator\" content=\"All in One SEO (AIOSEO) 5.0.0.1\" \/>\n\t\t<meta property=\"og:locale\" content=\"hu_HU\" \/>\n\t\t<meta property=\"og:site_name\" content=\"AllasOrias.hu | H\u00edrek-lapszemle | \u00dczleti h\u00edrek az \u00e1ll\u00e1s \u00e9s a munka vil\u00e1g\u00e1b\u00f3l\" \/>\n\t\t<meta property=\"og:type\" content=\"article\" \/>\n\t\t<meta property=\"og:title\" content=\"Nem akarnak tanulni a fiatalok | AllasOrias.hu | H\u00edrek-lapszemle\" \/>\n\t\t<meta property=\"og:description\" content=\"N\u0151tt az el\u00e9gedetlens\u00e9g a hazai oktat\u00e1ssal kapcsolatban, ezt jelzi az OECD \u00e1tlagt\u00f3l val\u00f3 n\u00f6vekv\u0151 lemaradotts\u00e1g, amely 18%-os m\u00e1ra. A t\u00e9m\u00e1r\u00f3l k\u00e9sz\u00fclt tanulm\u00e1ny szerint a fiatal koroszt\u00e1ly iskol\u00e1zotts\u00e1gi mutat\u00f3i j\u00f3csk\u00e1n megromlottak az elm\u00falt \u00e9vekben. Magyarorsz\u00e1gon 2018-ra a fiatal NTND f\u00e9rfiak ar\u00e1nya 7,5 sz\u00e1zal\u00e9kra esett vissza a v\u00e1ls\u00e1g idej\u00e9n m\u00e9rt 14 sz\u00e1zal\u00e9k f\u00f6l\u00f6tti \u00e9rt\u00e9kr\u0151l \u2013 igaz, a\" \/>\n\t\t<meta property=\"og:url\" content=\"https:\/\/allasorias.hu\/hirek\/nem-akarnak-tanulni-a-fiatalok\/\" \/>\n\t\t<meta property=\"og:image\" content=\"https:\/\/allasorias.hu\/hirek\/wp-content\/uploads\/2019\/07\/blackboard-chairs-chalk-159844.jpg\" \/>\n\t\t<meta property=\"og:image:secure_url\" content=\"https:\/\/allasorias.hu\/hirek\/wp-content\/uploads\/2019\/07\/blackboard-chairs-chalk-159844.jpg\" \/>\n\t\t<meta property=\"og:image:width\" content=\"640\" \/>\n\t\t<meta property=\"og:image:height\" content=\"426\" \/>\n\t\t<meta property=\"article:published_time\" content=\"2020-02-03T07:32:30+00:00\" \/>\n\t\t<meta property=\"article:modified_time\" content=\"2020-02-03T07:32:54+00:00\" \/>\n\t\t<meta property=\"article:publisher\" content=\"https:\/\/www.facebook.com\/allasorias\" \/>\n\t\t<meta name=\"twitter:card\" content=\"summary_large_image\" \/>\n\t\t<meta name=\"twitter:title\" content=\"Nem akarnak tanulni a fiatalok | AllasOrias.hu | H\u00edrek-lapszemle\" \/>\n\t\t<meta name=\"twitter:description\" content=\"N\u0151tt az el\u00e9gedetlens\u00e9g a hazai oktat\u00e1ssal kapcsolatban, ezt jelzi az OECD \u00e1tlagt\u00f3l val\u00f3 n\u00f6vekv\u0151 lemaradotts\u00e1g, amely 18%-os m\u00e1ra. A t\u00e9m\u00e1r\u00f3l k\u00e9sz\u00fclt tanulm\u00e1ny szerint a fiatal koroszt\u00e1ly iskol\u00e1zotts\u00e1gi mutat\u00f3i j\u00f3csk\u00e1n megromlottak az elm\u00falt \u00e9vekben. Magyarorsz\u00e1gon 2018-ra a fiatal NTND f\u00e9rfiak ar\u00e1nya 7,5 sz\u00e1zal\u00e9kra esett vissza a v\u00e1ls\u00e1g idej\u00e9n m\u00e9rt 14 sz\u00e1zal\u00e9k f\u00f6l\u00f6tti \u00e9rt\u00e9kr\u0151l \u2013 igaz, a\" \/>\n\t\t<meta name=\"twitter:image\" content=\"https:\/\/allasorias.hu\/hirek\/wp-content\/uploads\/2019\/07\/blackboard-chairs-chalk-159844.jpg\" \/>\n\t\t<meta name=\"twitter:label1\" content=\"Written by\" \/>\n\t\t<meta name=\"twitter:data1\" content=\"Juh\u00e1sz P\u00e9ter\" \/>\n\t\t<meta name=\"twitter:label2\" content=\"Est. reading time\" \/>\n\t\t<meta name=\"twitter:data2\" content=\"2 minutes\" \/>\n\t\t<script type=\"application\/ld+json\" class=\"aioseo-schema\">\n\t\t\t{\"@context\":\"https:\\\/\\\/schema.org\",\"@graph\":[{\"@type\":\"Article\",\"@id\":\"https:\\\/\\\/allasorias.hu\\\/hirek\\\/nem-akarnak-tanulni-a-fiatalok\\\/#article\",\"name\":\"Nem akarnak tanulni a fiatalok | AllasOrias.hu | H\\u00edrek-lapszemle\",\"headline\":\"Nem akarnak tanulni a fiatalok\",\"author\":{\"@id\":\"https:\\\/\\\/allasorias.hu\\\/hirek\\\/author\\\/admin-allasorias\\\/#author\"},\"publisher\":{\"@id\":\"https:\\\/\\\/allasorias.hu\\\/hirek\\\/#organization\"},\"image\":{\"@type\":\"ImageObject\",\"url\":\"https:\\\/\\\/allasorias.hu\\\/hirek\\\/wp-content\\\/uploads\\\/2019\\\/07\\\/blackboard-chairs-chalk-159844.jpg\",\"width\":640,\"height\":426},\"datePublished\":\"2020-02-03T07:32:30+02:00\",\"dateModified\":\"2020-02-03T07:32:54+02:00\",\"inLanguage\":\"hu-HU\",\"mainEntityOfPage\":{\"@id\":\"https:\\\/\\\/allasorias.hu\\\/hirek\\\/nem-akarnak-tanulni-a-fiatalok\\\/#webpage\"},\"isPartOf\":{\"@id\":\"https:\\\/\\\/allasorias.hu\\\/hirek\\\/nem-akarnak-tanulni-a-fiatalok\\\/#webpage\"},\"articleSection\":\"Gazdas\\u00e1g\"},{\"@type\":\"BreadcrumbList\",\"@id\":\"https:\\\/\\\/allasorias.hu\\\/hirek\\\/nem-akarnak-tanulni-a-fiatalok\\\/#breadcrumblist\",\"itemListElement\":[{\"@type\":\"ListItem\",\"@id\":\"https:\\\/\\\/allasorias.hu\\\/hirek#listItem\",\"position\":1,\"name\":\"Home\",\"item\":\"https:\\\/\\\/allasorias.hu\\\/hirek\",\"nextItem\":{\"@type\":\"ListItem\",\"@id\":\"https:\\\/\\\/allasorias.hu\\\/hirek\\\/temak\\\/gazdasag\\\/#listItem\",\"name\":\"Gazdas\\u00e1g\"}},{\"@type\":\"ListItem\",\"@id\":\"https:\\\/\\\/allasorias.hu\\\/hirek\\\/temak\\\/gazdasag\\\/#listItem\",\"position\":2,\"name\":\"Gazdas\\u00e1g\",\"item\":\"https:\\\/\\\/allasorias.hu\\\/hirek\\\/temak\\\/gazdasag\\\/\",\"nextItem\":{\"@type\":\"ListItem\",\"@id\":\"https:\\\/\\\/allasorias.hu\\\/hirek\\\/nem-akarnak-tanulni-a-fiatalok\\\/#listItem\",\"name\":\"Nem akarnak tanulni a fiatalok\"},\"previousItem\":{\"@type\":\"ListItem\",\"@id\":\"https:\\\/\\\/allasorias.hu\\\/hirek#listItem\",\"name\":\"Home\"}},{\"@type\":\"ListItem\",\"@id\":\"https:\\\/\\\/allasorias.hu\\\/hirek\\\/nem-akarnak-tanulni-a-fiatalok\\\/#listItem\",\"position\":3,\"name\":\"Nem akarnak tanulni a fiatalok\",\"previousItem\":{\"@type\":\"ListItem\",\"@id\":\"https:\\\/\\\/allasorias.hu\\\/hirek\\\/temak\\\/gazdasag\\\/#listItem\",\"name\":\"Gazdas\\u00e1g\"}}]},{\"@type\":\"Organization\",\"@id\":\"https:\\\/\\\/allasorias.hu\\\/hirek\\\/#organization\",\"name\":\"AllasOrias.hu | H\\u00edrek-lapszemle\",\"description\":\"\\u00dczleti h\\u00edrek az \\u00e1ll\\u00e1s \\u00e9s a munka vil\\u00e1g\\u00e1b\\u00f3l\",\"url\":\"https:\\\/\\\/allasorias.hu\\\/hirek\\\/\",\"logo\":{\"@type\":\"ImageObject\",\"url\":\"https:\\\/\\\/allasorias.hu\\\/hirek\\\/wp-content\\\/uploads\\\/2022\\\/10\\\/allasorias_site_facebok_logo.png\",\"@id\":\"https:\\\/\\\/allasorias.hu\\\/hirek\\\/nem-akarnak-tanulni-a-fiatalok\\\/#organizationLogo\"},\"image\":{\"@id\":\"https:\\\/\\\/allasorias.hu\\\/hirek\\\/nem-akarnak-tanulni-a-fiatalok\\\/#organizationLogo\"},\"sameAs\":[\"https:\\\/\\\/www.facebook.com\\\/allasorias\",\"https:\\\/\\\/www.linkedin.com\\\/company\\\/allasorias\"]},{\"@type\":\"Person\",\"@id\":\"https:\\\/\\\/allasorias.hu\\\/hirek\\\/author\\\/admin-allasorias\\\/#author\",\"url\":\"https:\\\/\\\/allasorias.hu\\\/hirek\\\/author\\\/admin-allasorias\\\/\",\"name\":\"Juh\\u00e1sz P\\u00e9ter\",\"image\":{\"@type\":\"ImageObject\",\"@id\":\"https:\\\/\\\/allasorias.hu\\\/hirek\\\/nem-akarnak-tanulni-a-fiatalok\\\/#authorImage\",\"url\":\"https:\\\/\\\/secure.gravatar.com\\\/avatar\\\/36e6bcb83148978b992977cb0f54d22feb0cce8a0a849a9410532bb2623ba4c6?s=96&d=mm&r=g\",\"width\":96,\"height\":96,\"caption\":\"Juh\\u00e1sz P\\u00e9ter\"}},{\"@type\":\"WebPage\",\"@id\":\"https:\\\/\\\/allasorias.hu\\\/hirek\\\/nem-akarnak-tanulni-a-fiatalok\\\/#webpage\",\"url\":\"https:\\\/\\\/allasorias.hu\\\/hirek\\\/nem-akarnak-tanulni-a-fiatalok\\\/\",\"name\":\"Nem akarnak tanulni a fiatalok | AllasOrias.hu | H\\u00edrek-lapszemle\",\"description\":\"N\\u0151tt az el\\u00e9gedetlens\\u00e9g a hazai oktat\\u00e1ssal kapcsolatban, ezt jelzi az OECD \\u00e1tlagt\\u00f3l val\\u00f3 n\\u00f6vekv\\u0151 lemaradotts\\u00e1g, amely 18%-os m\\u00e1ra. A t\\u00e9m\\u00e1r\\u00f3l k\\u00e9sz\\u00fclt tanulm\\u00e1ny szerint a fiatal koroszt\\u00e1ly iskol\\u00e1zotts\\u00e1gi mutat\\u00f3i j\\u00f3csk\\u00e1n megromlottak az elm\\u00falt \\u00e9vekben. Magyarorsz\\u00e1gon 2018-ra a fiatal NTND f\\u00e9rfiak ar\\u00e1nya 7,5 sz\\u00e1zal\\u00e9kra esett vissza a v\\u00e1ls\\u00e1g idej\\u00e9n m\\u00e9rt 14 sz\\u00e1zal\\u00e9k f\\u00f6l\\u00f6tti \\u00e9rt\\u00e9kr\\u0151l \\u2013 igaz, a\",\"inLanguage\":\"hu-HU\",\"isPartOf\":{\"@id\":\"https:\\\/\\\/allasorias.hu\\\/hirek\\\/#website\"},\"breadcrumb\":{\"@id\":\"https:\\\/\\\/allasorias.hu\\\/hirek\\\/nem-akarnak-tanulni-a-fiatalok\\\/#breadcrumblist\"},\"author\":{\"@id\":\"https:\\\/\\\/allasorias.hu\\\/hirek\\\/author\\\/admin-allasorias\\\/#author\"},\"creator\":{\"@id\":\"https:\\\/\\\/allasorias.hu\\\/hirek\\\/author\\\/admin-allasorias\\\/#author\"},\"image\":{\"@type\":\"ImageObject\",\"url\":\"https:\\\/\\\/allasorias.hu\\\/hirek\\\/wp-content\\\/uploads\\\/2019\\\/07\\\/blackboard-chairs-chalk-159844.jpg\",\"@id\":\"https:\\\/\\\/allasorias.hu\\\/hirek\\\/nem-akarnak-tanulni-a-fiatalok\\\/#mainImage\",\"width\":640,\"height\":426},\"primaryImageOfPage\":{\"@id\":\"https:\\\/\\\/allasorias.hu\\\/hirek\\\/nem-akarnak-tanulni-a-fiatalok\\\/#mainImage\"},\"datePublished\":\"2020-02-03T07:32:30+02:00\",\"dateModified\":\"2020-02-03T07:32:54+02:00\"},{\"@type\":\"WebSite\",\"@id\":\"https:\\\/\\\/allasorias.hu\\\/hirek\\\/#website\",\"url\":\"https:\\\/\\\/allasorias.hu\\\/hirek\\\/\",\"name\":\"AllasOrias.hu | H\\u00edrek-lapszemle\",\"description\":\"\\u00dczleti h\\u00edrek az \\u00e1ll\\u00e1s \\u00e9s a munka vil\\u00e1g\\u00e1b\\u00f3l\",\"inLanguage\":\"hu-HU\",\"publisher\":{\"@id\":\"https:\\\/\\\/allasorias.hu\\\/hirek\\\/#organization\"}}]}\n\t\t<\/script>\n\t\t<!-- All in One SEO -->\n\n","aioseo_head_json":{"title":"Nem akarnak tanulni a fiatalok | AllasOrias.hu | H\u00edrek-lapszemle","description":"N\u0151tt az el\u00e9gedetlens\u00e9g a hazai oktat\u00e1ssal kapcsolatban, ezt jelzi az OECD \u00e1tlagt\u00f3l val\u00f3 n\u00f6vekv\u0151 lemaradotts\u00e1g, amely 18%-os m\u00e1ra. A t\u00e9m\u00e1r\u00f3l k\u00e9sz\u00fclt tanulm\u00e1ny szerint a fiatal koroszt\u00e1ly iskol\u00e1zotts\u00e1gi mutat\u00f3i j\u00f3csk\u00e1n megromlottak az elm\u00falt \u00e9vekben. Magyarorsz\u00e1gon 2018-ra a fiatal NTND f\u00e9rfiak ar\u00e1nya 7,5 sz\u00e1zal\u00e9kra esett vissza a v\u00e1ls\u00e1g idej\u00e9n m\u00e9rt 14 sz\u00e1zal\u00e9k f\u00f6l\u00f6tti \u00e9rt\u00e9kr\u0151l \u2013 igaz, a","canonical_url":"https:\/\/allasorias.hu\/hirek\/nem-akarnak-tanulni-a-fiatalok\/","robots":"max-image-preview:large","keywords":"","webmasterTools":{"miscellaneous":""},"schema":{"@context":"https:\/\/schema.org","@graph":[{"@type":"Article","@id":"https:\/\/allasorias.hu\/hirek\/nem-akarnak-tanulni-a-fiatalok\/#article","name":"Nem akarnak tanulni a fiatalok | AllasOrias.hu | H\u00edrek-lapszemle","headline":"Nem akarnak tanulni a fiatalok","author":{"@id":"https:\/\/allasorias.hu\/hirek\/author\/admin-allasorias\/#author"},"publisher":{"@id":"https:\/\/allasorias.hu\/hirek\/#organization"},"image":{"@type":"ImageObject","url":"https:\/\/allasorias.hu\/hirek\/wp-content\/uploads\/2019\/07\/blackboard-chairs-chalk-159844.jpg","width":640,"height":426},"datePublished":"2020-02-03T07:32:30+02:00","dateModified":"2020-02-03T07:32:54+02:00","inLanguage":"hu-HU","mainEntityOfPage":{"@id":"https:\/\/allasorias.hu\/hirek\/nem-akarnak-tanulni-a-fiatalok\/#webpage"},"isPartOf":{"@id":"https:\/\/allasorias.hu\/hirek\/nem-akarnak-tanulni-a-fiatalok\/#webpage"},"articleSection":"Gazdas\u00e1g"},{"@type":"BreadcrumbList","@id":"https:\/\/allasorias.hu\/hirek\/nem-akarnak-tanulni-a-fiatalok\/#breadcrumblist","itemListElement":[{"@type":"ListItem","@id":"https:\/\/allasorias.hu\/hirek#listItem","position":1,"name":"Home","item":"https:\/\/allasorias.hu\/hirek","nextItem":{"@type":"ListItem","@id":"https:\/\/allasorias.hu\/hirek\/temak\/gazdasag\/#listItem","name":"Gazdas\u00e1g"}},{"@type":"ListItem","@id":"https:\/\/allasorias.hu\/hirek\/temak\/gazdasag\/#listItem","position":2,"name":"Gazdas\u00e1g","item":"https:\/\/allasorias.hu\/hirek\/temak\/gazdasag\/","nextItem":{"@type":"ListItem","@id":"https:\/\/allasorias.hu\/hirek\/nem-akarnak-tanulni-a-fiatalok\/#listItem","name":"Nem akarnak tanulni a fiatalok"},"previousItem":{"@type":"ListItem","@id":"https:\/\/allasorias.hu\/hirek#listItem","name":"Home"}},{"@type":"ListItem","@id":"https:\/\/allasorias.hu\/hirek\/nem-akarnak-tanulni-a-fiatalok\/#listItem","position":3,"name":"Nem akarnak tanulni a fiatalok","previousItem":{"@type":"ListItem","@id":"https:\/\/allasorias.hu\/hirek\/temak\/gazdasag\/#listItem","name":"Gazdas\u00e1g"}}]},{"@type":"Organization","@id":"https:\/\/allasorias.hu\/hirek\/#organization","name":"AllasOrias.hu | H\u00edrek-lapszemle","description":"\u00dczleti h\u00edrek az \u00e1ll\u00e1s \u00e9s a munka vil\u00e1g\u00e1b\u00f3l","url":"https:\/\/allasorias.hu\/hirek\/","logo":{"@type":"ImageObject","url":"https:\/\/allasorias.hu\/hirek\/wp-content\/uploads\/2022\/10\/allasorias_site_facebok_logo.png","@id":"https:\/\/allasorias.hu\/hirek\/nem-akarnak-tanulni-a-fiatalok\/#organizationLogo"},"image":{"@id":"https:\/\/allasorias.hu\/hirek\/nem-akarnak-tanulni-a-fiatalok\/#organizationLogo"},"sameAs":["https:\/\/www.facebook.com\/allasorias","https:\/\/www.linkedin.com\/company\/allasorias"]},{"@type":"Person","@id":"https:\/\/allasorias.hu\/hirek\/author\/admin-allasorias\/#author","url":"https:\/\/allasorias.hu\/hirek\/author\/admin-allasorias\/","name":"Juh\u00e1sz P\u00e9ter","image":{"@type":"ImageObject","@id":"https:\/\/allasorias.hu\/hirek\/nem-akarnak-tanulni-a-fiatalok\/#authorImage","url":"https:\/\/secure.gravatar.com\/avatar\/36e6bcb83148978b992977cb0f54d22feb0cce8a0a849a9410532bb2623ba4c6?s=96&d=mm&r=g","width":96,"height":96,"caption":"Juh\u00e1sz P\u00e9ter"}},{"@type":"WebPage","@id":"https:\/\/allasorias.hu\/hirek\/nem-akarnak-tanulni-a-fiatalok\/#webpage","url":"https:\/\/allasorias.hu\/hirek\/nem-akarnak-tanulni-a-fiatalok\/","name":"Nem akarnak tanulni a fiatalok | AllasOrias.hu | H\u00edrek-lapszemle","description":"N\u0151tt az el\u00e9gedetlens\u00e9g a hazai oktat\u00e1ssal kapcsolatban, ezt jelzi az OECD \u00e1tlagt\u00f3l val\u00f3 n\u00f6vekv\u0151 lemaradotts\u00e1g, amely 18%-os m\u00e1ra. A t\u00e9m\u00e1r\u00f3l k\u00e9sz\u00fclt tanulm\u00e1ny szerint a fiatal koroszt\u00e1ly iskol\u00e1zotts\u00e1gi mutat\u00f3i j\u00f3csk\u00e1n megromlottak az elm\u00falt \u00e9vekben. Magyarorsz\u00e1gon 2018-ra a fiatal NTND f\u00e9rfiak ar\u00e1nya 7,5 sz\u00e1zal\u00e9kra esett vissza a v\u00e1ls\u00e1g idej\u00e9n m\u00e9rt 14 sz\u00e1zal\u00e9k f\u00f6l\u00f6tti \u00e9rt\u00e9kr\u0151l \u2013 igaz, a","inLanguage":"hu-HU","isPartOf":{"@id":"https:\/\/allasorias.hu\/hirek\/#website"},"breadcrumb":{"@id":"https:\/\/allasorias.hu\/hirek\/nem-akarnak-tanulni-a-fiatalok\/#breadcrumblist"},"author":{"@id":"https:\/\/allasorias.hu\/hirek\/author\/admin-allasorias\/#author"},"creator":{"@id":"https:\/\/allasorias.hu\/hirek\/author\/admin-allasorias\/#author"},"image":{"@type":"ImageObject","url":"https:\/\/allasorias.hu\/hirek\/wp-content\/uploads\/2019\/07\/blackboard-chairs-chalk-159844.jpg","@id":"https:\/\/allasorias.hu\/hirek\/nem-akarnak-tanulni-a-fiatalok\/#mainImage","width":640,"height":426},"primaryImageOfPage":{"@id":"https:\/\/allasorias.hu\/hirek\/nem-akarnak-tanulni-a-fiatalok\/#mainImage"},"datePublished":"2020-02-03T07:32:30+02:00","dateModified":"2020-02-03T07:32:54+02:00"},{"@type":"WebSite","@id":"https:\/\/allasorias.hu\/hirek\/#website","url":"https:\/\/allasorias.hu\/hirek\/","name":"AllasOrias.hu | H\u00edrek-lapszemle","description":"\u00dczleti h\u00edrek az \u00e1ll\u00e1s \u00e9s a munka vil\u00e1g\u00e1b\u00f3l","inLanguage":"hu-HU","publisher":{"@id":"https:\/\/allasorias.hu\/hirek\/#organization"}}]},"og:locale":"hu_HU","og:site_name":"AllasOrias.hu | H\u00edrek-lapszemle | \u00dczleti h\u00edrek az \u00e1ll\u00e1s \u00e9s a munka vil\u00e1g\u00e1b\u00f3l","og:type":"article","og:title":"Nem akarnak tanulni a fiatalok | AllasOrias.hu | H\u00edrek-lapszemle","og:description":"N\u0151tt az el\u00e9gedetlens\u00e9g a hazai oktat\u00e1ssal kapcsolatban, ezt jelzi az OECD \u00e1tlagt\u00f3l val\u00f3 n\u00f6vekv\u0151 lemaradotts\u00e1g, amely 18%-os m\u00e1ra. A t\u00e9m\u00e1r\u00f3l k\u00e9sz\u00fclt tanulm\u00e1ny szerint a fiatal koroszt\u00e1ly iskol\u00e1zotts\u00e1gi mutat\u00f3i j\u00f3csk\u00e1n megromlottak az elm\u00falt \u00e9vekben. Magyarorsz\u00e1gon 2018-ra a fiatal NTND f\u00e9rfiak ar\u00e1nya 7,5 sz\u00e1zal\u00e9kra esett vissza a v\u00e1ls\u00e1g idej\u00e9n m\u00e9rt 14 sz\u00e1zal\u00e9k f\u00f6l\u00f6tti \u00e9rt\u00e9kr\u0151l \u2013 igaz, a","og:url":"https:\/\/allasorias.hu\/hirek\/nem-akarnak-tanulni-a-fiatalok\/","og:image":"https:\/\/allasorias.hu\/hirek\/wp-content\/uploads\/2019\/07\/blackboard-chairs-chalk-159844.jpg","og:image:secure_url":"https:\/\/allasorias.hu\/hirek\/wp-content\/uploads\/2019\/07\/blackboard-chairs-chalk-159844.jpg","og:image:width":640,"og:image:height":426,"article:published_time":"2020-02-03T07:32:30+00:00","article:modified_time":"2020-02-03T07:32:54+00:00","article:publisher":"https:\/\/www.facebook.com\/allasorias","twitter:card":"summary_large_image","twitter:title":"Nem akarnak tanulni a fiatalok | AllasOrias.hu | H\u00edrek-lapszemle","twitter:description":"N\u0151tt az el\u00e9gedetlens\u00e9g a hazai oktat\u00e1ssal kapcsolatban, ezt jelzi az OECD \u00e1tlagt\u00f3l val\u00f3 n\u00f6vekv\u0151 lemaradotts\u00e1g, amely 18%-os m\u00e1ra. A t\u00e9m\u00e1r\u00f3l k\u00e9sz\u00fclt tanulm\u00e1ny szerint a fiatal koroszt\u00e1ly iskol\u00e1zotts\u00e1gi mutat\u00f3i j\u00f3csk\u00e1n megromlottak az elm\u00falt \u00e9vekben. Magyarorsz\u00e1gon 2018-ra a fiatal NTND f\u00e9rfiak ar\u00e1nya 7,5 sz\u00e1zal\u00e9kra esett vissza a v\u00e1ls\u00e1g idej\u00e9n m\u00e9rt 14 sz\u00e1zal\u00e9k f\u00f6l\u00f6tti \u00e9rt\u00e9kr\u0151l \u2013 igaz, a","twitter:image":"https:\/\/allasorias.hu\/hirek\/wp-content\/uploads\/2019\/07\/blackboard-chairs-chalk-159844.jpg","twitter:label1":"Written by","twitter:data1":"Juh\u00e1sz P\u00e9ter","twitter:label2":"Est. reading time","twitter:data2":"2 minutes"},"aioseo_meta_data":{"post_id":"3741","title":null,"description":null,"keywords":null,"keyphrases":null,"primary_term":null,"canonical_url":null,"og_title":null,"og_description":null,"og_object_type":"default","og_image_type":"default","og_image_url":null,"og_image_width":null,"og_image_height":null,"og_image_custom_url":null,"og_image_custom_fields":null,"og_video":null,"og_custom_url":null,"og_article_section":null,"og_article_tags":null,"twitter_use_og":false,"twitter_card":"default","twitter_image_type":"default","twitter_image_url":null,"twitter_image_custom_url":null,"twitter_image_custom_fields":null,"twitter_title":null,"twitter_description":null,"schema":{"blockGraphs":[],"customGraphs":[],"default":{"data":{"Article":[],"Course":[],"Dataset":[],"FAQPage":[],"Movie":[],"Person":[],"Product":[],"ProductReview":[],"Car":[],"Recipe":[],"Service":[],"SoftwareApplication":[],"WebPage":[]},"graphName":"","isEnabled":true},"graphs":[],"defaultGraph":"","defaultPostTypeGraph":""},"schema_type":null,"schema_type_options":null,"pillar_content":false,"robots_default":true,"robots_noindex":false,"robots_noarchive":false,"robots_nosnippet":false,"robots_nofollow":false,"robots_noimageindex":false,"robots_noodp":false,"robots_notranslate":false,"robots_max_snippet":null,"robots_max_videopreview":null,"robots_max_imagepreview":"large","priority":null,"frequency":null,"location":null,"local_seo":null,"breadcrumb_settings":null,"limit_modified_date":false,"ai":null,"created":"2021-02-01 21:57:19","updated":"2025-10-02 13:32:43","seo_analyzer_scan_date":null,"focus_keyword":null,"additional_keywords":null,"truseo_locale":null},"aioseo_breadcrumb":"<div class=\"aioseo-breadcrumbs\"><span class=\"aioseo-breadcrumb\">\n\t\t\t<a href=\"https:\/\/allasorias.hu\/hirek\" title=\"Home\">Home<\/a>\n\t\t<\/span><span class=\"aioseo-breadcrumb-separator\">&raquo;<\/span><span class=\"aioseo-breadcrumb\">\n\t\t\t<a href=\"https:\/\/allasorias.hu\/hirek\/temak\/gazdasag\/\" title=\"Gazdas\u00e1g\">Gazdas\u00e1g<\/a>\n\t\t<\/span><span class=\"aioseo-breadcrumb-separator\">&raquo;<\/span><span class=\"aioseo-breadcrumb\">\n\t\t\tNem akarnak tanulni a fiatalok\n\t\t<\/span><\/div>","aioseo_breadcrumb_json":[{"label":"Home","link":"https:\/\/allasorias.hu\/hirek"},{"label":"Gazdas\u00e1g","link":"https:\/\/allasorias.hu\/hirek\/temak\/gazdasag\/"},{"label":"Nem akarnak tanulni a fiatalok","link":"https:\/\/allasorias.hu\/hirek\/nem-akarnak-tanulni-a-fiatalok\/"}],"_links":{"self":[{"href":"https:\/\/allasorias.hu\/hirek\/wp-json\/wp\/v2\/posts\/3741","targetHints":{"allow":["GET"]}}],"collection":[{"href":"https:\/\/allasorias.hu\/hirek\/wp-json\/wp\/v2\/posts"}],"about":[{"href":"https:\/\/allasorias.hu\/hirek\/wp-json\/wp\/v2\/types\/post"}],"author":[{"embeddable":true,"href":"https:\/\/allasorias.hu\/hirek\/wp-json\/wp\/v2\/users\/1"}],"replies":[{"embeddable":true,"href":"https:\/\/allasorias.hu\/hirek\/wp-json\/wp\/v2\/comments?post=3741"}],"version-history":[{"count":2,"href":"https:\/\/allasorias.hu\/hirek\/wp-json\/wp\/v2\/posts\/3741\/revisions"}],"predecessor-version":[{"id":3743,"href":"https:\/\/allasorias.hu\/hirek\/wp-json\/wp\/v2\/posts\/3741\/revisions\/3743"}],"wp:featuredmedia":[{"embeddable":true,"href":"https:\/\/allasorias.hu\/hirek\/wp-json\/wp\/v2\/media\/3134"}],"wp:attachment":[{"href":"https:\/\/allasorias.hu\/hirek\/wp-json\/wp\/v2\/media?parent=3741"}],"wp:term":[{"taxonomy":"category","embeddable":true,"href":"https:\/\/allasorias.hu\/hirek\/wp-json\/wp\/v2\/categories?post=3741"},{"taxonomy":"post_tag","embeddable":true,"href":"https:\/\/allasorias.hu\/hirek\/wp-json\/wp\/v2\/tags?post=3741"}],"curies":[{"name":"wp","href":"https:\/\/api.w.org\/{rel}","templated":true}]}}