{"id":3739,"date":"2020-02-03T07:29:02","date_gmt":"2020-02-03T07:29:02","guid":{"rendered":"https:\/\/allasorias.hu\/hirek\/?p=3739"},"modified":"2020-02-03T07:29:02","modified_gmt":"2020-02-03T07:29:02","slug":"a-kisgyermekes-szulok-tanulasat-tamogatjak","status":"publish","type":"post","link":"https:\/\/allasorias.hu\/hirek\/a-kisgyermekes-szulok-tanulasat-tamogatjak\/","title":{"rendered":"A kisgyermekes sz\u00fcl\u0151k tanul\u00e1s\u00e1t t\u00e1mogatj\u00e1k"},"content":{"rendered":"<p><strong>Nemcsak k\u00e9pz\u00e9s\u00fcket, de elhelyezked\u00e9s\u00fcket is t\u00e1mogatja az a p\u00e1ly\u00e1zat, amelyre m\u00e1t\u00f3l lehet beadni a jelentkez\u00e9s a kisgyermekes sz\u00fcl\u0151knek. \u201eKisgyermeket nevel\u0151 sz\u00fcl\u0151k k\u00e9pz\u00e9s\u00e9nek el\u0151seg\u00edt\u00e9se, \u00f6szt\u00f6nd\u00edja \u00e9s elhelyezked\u00e9s\u00fck t\u00e1mogat\u00e1sa\u201d c\u00edm\u0171 kiemelt p\u00e1ly\u00e1zat keret\u00e9ben 3 milli\u00e1rd forintos keret\u00f6sszeg \u00e1ll rendelkez\u00e9sre a t\u00e1mogat\u00e1sra.<\/strong><\/p>\n<p>A korm\u00e1ny c\u00e9lja a magyar munkaer\u0151-tartal\u00e9k aktiv\u00e1l\u00e1s\u00e1nak \u00e9rdek\u00e9ben a kisgyermeket nevel\u0151 sz\u00fcl\u0151k k\u00e9pz\u00e9sekben val\u00f3 r\u00e9szv\u00e9tel\u00e9nek el\u0151seg\u00edt\u00e9se, foglalkoztathat\u00f3s\u00e1guk jav\u00edt\u00e1sa, munk\u00e1ba val\u00f3 visszat\u00e9r\u00e9s\u00fck t\u00e1mogat\u00e1sa \u2013 mondta el R\u00e1kossy Bal\u00e1zs, eur\u00f3pai uni\u00f3s forr\u00e1sok felhaszn\u00e1l\u00e1s\u00e1\u00e9rt felel\u0151s \u00e1llamtitk\u00e1r az MTI-nek. A Gazdas\u00e1gfejleszt\u00e9si \u00e9s Innov\u00e1ci\u00f3s Operat\u00edv Program (GINOP) keret\u00e9ben megjelent p\u00e1ly\u00e1zati felh\u00edv\u00e1s c\u00e9lcsoportj\u00e1t azok a kisgyermeket nevel\u0151 sz\u00fcl\u0151k alkotj\u00e1k, akik a t\u00e1mogat\u00e1si k\u00e9relem beny\u00fajt\u00e1sakor csecsem\u0151gondoz\u00e1si d\u00edjban, gyermekgondoz\u00e1si d\u00edjban, gyermekgondoz\u00e1st seg\u00edt\u0151 ell\u00e1t\u00e1sban, vagy gyermeknevel\u00e9si t\u00e1mogat\u00e1sban r\u00e9szes\u00fclnek. Kiemelt c\u00e9lcsoportot k\u00e9peznek az alacsony iskolai v\u00e9gzetts\u00e9g\u0171, vagy szakk\u00e9pzetts\u00e9ggel nem rendelkez\u0151, kisgyermeket nevel\u0151 sz\u00fcl\u0151k, akik a program keret\u00e9ben \u00f6szt\u00f6nd\u00edjban r\u00e9szes\u00fclhetnek, amennyiben \u00e1ltal\u00e1nos iskolai vagy k\u00f6z\u00e9piskolai tanulm\u00e1nyaikat folytatj\u00e1k, vagy szakmai k\u00e9pz\u00e9sben vesznek r\u00e9szt \u2013 emelte ki R\u00e1kossy Bal\u00e1zs. A t\u00e1mogat\u00e1s r\u00e9szek\u00e9nt t\u00f6bbek k\u00f6z\u00f6tt \u00f6szt\u00f6nd\u00edj foly\u00f3s\u00edt\u00e1sa, mentori tev\u00e9kenys\u00e9g biztos\u00edt\u00e1sa, nyelvi \u00e9s informatikai k\u00e9pz\u00e9sek szervez\u00e9se val\u00f3sulhat meg. T\u00e1mogat\u00e1si k\u00e9relem beny\u00fajt\u00e1s\u00e1ra a Magyar \u00c1llamkincst\u00e1r, KINCSINFO Nonprofit Kft., valamint az OFA Nonprofit Kft. jogosult konzorciumi form\u00e1ban \u2013 ismertette az \u00e1llamtitk\u00e1r.<\/p>\n<p>Forr\u00e1s: magyarnemzet.hu, mti<\/p>\n","protected":false},"excerpt":{"rendered":"<p>Nemcsak k\u00e9pz\u00e9s\u00fcket, de elhelyezked\u00e9s\u00fcket is t\u00e1mogatja az a p\u00e1ly\u00e1zat, amelyre m\u00e1t\u00f3l lehet beadni a jelentkez\u00e9s a kisgyermekes sz\u00fcl\u0151knek. \u201eKisgyermeket nevel\u0151 sz\u00fcl\u0151k k\u00e9pz\u00e9s\u00e9nek el\u0151seg\u00edt\u00e9se, \u00f6szt\u00f6nd\u00edja \u00e9s elhelyezked\u00e9s\u00fck t\u00e1mogat\u00e1sa\u201d c\u00edm\u0171 kiemelt p\u00e1ly\u00e1zat keret\u00e9ben 3 milli\u00e1rd forintos keret\u00f6sszeg \u00e1ll rendelkez\u00e9sre a t\u00e1mogat\u00e1sra. A korm\u00e1ny c\u00e9lja a magyar munkaer\u0151-tartal\u00e9k aktiv\u00e1l\u00e1s\u00e1nak \u00e9rdek\u00e9ben a kisgyermeket nevel\u0151 sz\u00fcl\u0151k k\u00e9pz\u00e9sekben val\u00f3 r\u00e9szv\u00e9tel\u00e9nek el\u0151seg\u00edt\u00e9se, [&hellip;]<\/p>\n","protected":false},"author":1,"featured_media":2215,"comment_status":"open","ping_status":"open","sticky":false,"template":"","format":"standard","meta":{"_monsterinsights_skip_tracking":false,"footnotes":""},"categories":[198],"tags":[],"class_list":["post-3739","post","type-post","status-publish","format-standard","has-post-thumbnail","hentry","category-gazdasag"],"aioseo_notices":[],"aioseo_head":"\n\t\t<!-- All in One SEO 5.0.0.1 - aioseo.com -->\n\t<meta name=\"description\" content=\"Nemcsak k\u00e9pz\u00e9s\u00fcket, de elhelyezked\u00e9s\u00fcket is t\u00e1mogatja az a p\u00e1ly\u00e1zat, amelyre m\u00e1t\u00f3l lehet beadni a jelentkez\u00e9s a kisgyermekes sz\u00fcl\u0151knek. \u201eKisgyermeket nevel\u0151 sz\u00fcl\u0151k k\u00e9pz\u00e9s\u00e9nek el\u0151seg\u00edt\u00e9se, \u00f6szt\u00f6nd\u00edja \u00e9s elhelyezked\u00e9s\u00fck t\u00e1mogat\u00e1sa\u201d c\u00edm\u0171 kiemelt p\u00e1ly\u00e1zat keret\u00e9ben 3 milli\u00e1rd forintos keret\u00f6sszeg \u00e1ll rendelkez\u00e9sre a t\u00e1mogat\u00e1sra. A korm\u00e1ny c\u00e9lja a magyar munkaer\u0151-tartal\u00e9k aktiv\u00e1l\u00e1s\u00e1nak \u00e9rdek\u00e9ben a kisgyermeket nevel\u0151 sz\u00fcl\u0151k k\u00e9pz\u00e9sekben val\u00f3 r\u00e9szv\u00e9tel\u00e9nek el\u0151seg\u00edt\u00e9se,\" \/>\n\t<meta name=\"robots\" content=\"max-image-preview:large\" \/>\n\t<meta name=\"author\" content=\"Juh\u00e1sz P\u00e9ter\"\/>\n\t<link rel=\"canonical\" href=\"https:\/\/allasorias.hu\/hirek\/a-kisgyermekes-szulok-tanulasat-tamogatjak\/\" \/>\n\t<meta name=\"generator\" content=\"All in One SEO (AIOSEO) 5.0.0.1\" \/>\n\t\t<meta property=\"og:locale\" content=\"hu_HU\" \/>\n\t\t<meta property=\"og:site_name\" content=\"AllasOrias.hu | H\u00edrek-lapszemle | \u00dczleti h\u00edrek az \u00e1ll\u00e1s \u00e9s a munka vil\u00e1g\u00e1b\u00f3l\" \/>\n\t\t<meta property=\"og:type\" content=\"article\" \/>\n\t\t<meta property=\"og:title\" content=\"A kisgyermekes sz\u00fcl\u0151k tanul\u00e1s\u00e1t t\u00e1mogatj\u00e1k | AllasOrias.hu | H\u00edrek-lapszemle\" \/>\n\t\t<meta property=\"og:description\" content=\"Nemcsak k\u00e9pz\u00e9s\u00fcket, de elhelyezked\u00e9s\u00fcket is t\u00e1mogatja az a p\u00e1ly\u00e1zat, amelyre m\u00e1t\u00f3l lehet beadni a jelentkez\u00e9s a kisgyermekes sz\u00fcl\u0151knek. \u201eKisgyermeket nevel\u0151 sz\u00fcl\u0151k k\u00e9pz\u00e9s\u00e9nek el\u0151seg\u00edt\u00e9se, \u00f6szt\u00f6nd\u00edja \u00e9s elhelyezked\u00e9s\u00fck t\u00e1mogat\u00e1sa\u201d c\u00edm\u0171 kiemelt p\u00e1ly\u00e1zat keret\u00e9ben 3 milli\u00e1rd forintos keret\u00f6sszeg \u00e1ll rendelkez\u00e9sre a t\u00e1mogat\u00e1sra. A korm\u00e1ny c\u00e9lja a magyar munkaer\u0151-tartal\u00e9k aktiv\u00e1l\u00e1s\u00e1nak \u00e9rdek\u00e9ben a kisgyermeket nevel\u0151 sz\u00fcl\u0151k k\u00e9pz\u00e9sekben val\u00f3 r\u00e9szv\u00e9tel\u00e9nek el\u0151seg\u00edt\u00e9se,\" \/>\n\t\t<meta property=\"og:url\" content=\"https:\/\/allasorias.hu\/hirek\/a-kisgyermekes-szulok-tanulasat-tamogatjak\/\" \/>\n\t\t<meta property=\"og:image\" content=\"https:\/\/allasorias.hu\/hirek\/wp-content\/uploads\/2018\/11\/pexels-photo-1456279.jpeg\" \/>\n\t\t<meta property=\"og:image:secure_url\" content=\"https:\/\/allasorias.hu\/hirek\/wp-content\/uploads\/2018\/11\/pexels-photo-1456279.jpeg\" \/>\n\t\t<meta property=\"og:image:width\" content=\"640\" \/>\n\t\t<meta property=\"og:image:height\" content=\"426\" \/>\n\t\t<meta property=\"article:published_time\" content=\"2020-02-03T07:29:02+00:00\" \/>\n\t\t<meta property=\"article:modified_time\" content=\"2020-02-03T07:29:02+00:00\" \/>\n\t\t<meta property=\"article:publisher\" content=\"https:\/\/www.facebook.com\/allasorias\" \/>\n\t\t<meta name=\"twitter:card\" content=\"summary_large_image\" \/>\n\t\t<meta name=\"twitter:title\" content=\"A kisgyermekes sz\u00fcl\u0151k tanul\u00e1s\u00e1t t\u00e1mogatj\u00e1k | AllasOrias.hu | H\u00edrek-lapszemle\" \/>\n\t\t<meta name=\"twitter:description\" content=\"Nemcsak k\u00e9pz\u00e9s\u00fcket, de elhelyezked\u00e9s\u00fcket is t\u00e1mogatja az a p\u00e1ly\u00e1zat, amelyre m\u00e1t\u00f3l lehet beadni a jelentkez\u00e9s a kisgyermekes sz\u00fcl\u0151knek. \u201eKisgyermeket nevel\u0151 sz\u00fcl\u0151k k\u00e9pz\u00e9s\u00e9nek el\u0151seg\u00edt\u00e9se, \u00f6szt\u00f6nd\u00edja \u00e9s elhelyezked\u00e9s\u00fck t\u00e1mogat\u00e1sa\u201d c\u00edm\u0171 kiemelt p\u00e1ly\u00e1zat keret\u00e9ben 3 milli\u00e1rd forintos keret\u00f6sszeg \u00e1ll rendelkez\u00e9sre a t\u00e1mogat\u00e1sra. A korm\u00e1ny c\u00e9lja a magyar munkaer\u0151-tartal\u00e9k aktiv\u00e1l\u00e1s\u00e1nak \u00e9rdek\u00e9ben a kisgyermeket nevel\u0151 sz\u00fcl\u0151k k\u00e9pz\u00e9sekben val\u00f3 r\u00e9szv\u00e9tel\u00e9nek el\u0151seg\u00edt\u00e9se,\" \/>\n\t\t<meta name=\"twitter:image\" content=\"https:\/\/allasorias.hu\/hirek\/wp-content\/uploads\/2018\/11\/pexels-photo-1456279.jpeg\" \/>\n\t\t<meta name=\"twitter:label1\" content=\"Written by\" \/>\n\t\t<meta name=\"twitter:data1\" content=\"Juh\u00e1sz P\u00e9ter\" \/>\n\t\t<meta name=\"twitter:label2\" content=\"Est. reading time\" \/>\n\t\t<meta name=\"twitter:data2\" content=\"2 minutes\" \/>\n\t\t<script type=\"application\/ld+json\" class=\"aioseo-schema\">\n\t\t\t{\"@context\":\"https:\\\/\\\/schema.org\",\"@graph\":[{\"@type\":\"Article\",\"@id\":\"https:\\\/\\\/allasorias.hu\\\/hirek\\\/a-kisgyermekes-szulok-tanulasat-tamogatjak\\\/#article\",\"name\":\"A kisgyermekes sz\\u00fcl\\u0151k tanul\\u00e1s\\u00e1t t\\u00e1mogatj\\u00e1k | AllasOrias.hu | H\\u00edrek-lapszemle\",\"headline\":\"A kisgyermekes sz\\u00fcl\\u0151k tanul\\u00e1s\\u00e1t t\\u00e1mogatj\\u00e1k\",\"author\":{\"@id\":\"https:\\\/\\\/allasorias.hu\\\/hirek\\\/author\\\/admin-allasorias\\\/#author\"},\"publisher\":{\"@id\":\"https:\\\/\\\/allasorias.hu\\\/hirek\\\/#organization\"},\"image\":{\"@type\":\"ImageObject\",\"url\":\"https:\\\/\\\/allasorias.hu\\\/hirek\\\/wp-content\\\/uploads\\\/2018\\\/11\\\/pexels-photo-1456279.jpeg\",\"width\":640,\"height\":426},\"datePublished\":\"2020-02-03T07:29:02+02:00\",\"dateModified\":\"2020-02-03T07:29:02+02:00\",\"inLanguage\":\"hu-HU\",\"mainEntityOfPage\":{\"@id\":\"https:\\\/\\\/allasorias.hu\\\/hirek\\\/a-kisgyermekes-szulok-tanulasat-tamogatjak\\\/#webpage\"},\"isPartOf\":{\"@id\":\"https:\\\/\\\/allasorias.hu\\\/hirek\\\/a-kisgyermekes-szulok-tanulasat-tamogatjak\\\/#webpage\"},\"articleSection\":\"Gazdas\\u00e1g\"},{\"@type\":\"BreadcrumbList\",\"@id\":\"https:\\\/\\\/allasorias.hu\\\/hirek\\\/a-kisgyermekes-szulok-tanulasat-tamogatjak\\\/#breadcrumblist\",\"itemListElement\":[{\"@type\":\"ListItem\",\"@id\":\"https:\\\/\\\/allasorias.hu\\\/hirek#listItem\",\"position\":1,\"name\":\"Home\",\"item\":\"https:\\\/\\\/allasorias.hu\\\/hirek\",\"nextItem\":{\"@type\":\"ListItem\",\"@id\":\"https:\\\/\\\/allasorias.hu\\\/hirek\\\/temak\\\/gazdasag\\\/#listItem\",\"name\":\"Gazdas\\u00e1g\"}},{\"@type\":\"ListItem\",\"@id\":\"https:\\\/\\\/allasorias.hu\\\/hirek\\\/temak\\\/gazdasag\\\/#listItem\",\"position\":2,\"name\":\"Gazdas\\u00e1g\",\"item\":\"https:\\\/\\\/allasorias.hu\\\/hirek\\\/temak\\\/gazdasag\\\/\",\"nextItem\":{\"@type\":\"ListItem\",\"@id\":\"https:\\\/\\\/allasorias.hu\\\/hirek\\\/a-kisgyermekes-szulok-tanulasat-tamogatjak\\\/#listItem\",\"name\":\"A kisgyermekes sz\\u00fcl\\u0151k tanul\\u00e1s\\u00e1t t\\u00e1mogatj\\u00e1k\"},\"previousItem\":{\"@type\":\"ListItem\",\"@id\":\"https:\\\/\\\/allasorias.hu\\\/hirek#listItem\",\"name\":\"Home\"}},{\"@type\":\"ListItem\",\"@id\":\"https:\\\/\\\/allasorias.hu\\\/hirek\\\/a-kisgyermekes-szulok-tanulasat-tamogatjak\\\/#listItem\",\"position\":3,\"name\":\"A kisgyermekes sz\\u00fcl\\u0151k tanul\\u00e1s\\u00e1t t\\u00e1mogatj\\u00e1k\",\"previousItem\":{\"@type\":\"ListItem\",\"@id\":\"https:\\\/\\\/allasorias.hu\\\/hirek\\\/temak\\\/gazdasag\\\/#listItem\",\"name\":\"Gazdas\\u00e1g\"}}]},{\"@type\":\"Organization\",\"@id\":\"https:\\\/\\\/allasorias.hu\\\/hirek\\\/#organization\",\"name\":\"AllasOrias.hu | H\\u00edrek-lapszemle\",\"description\":\"\\u00dczleti h\\u00edrek az \\u00e1ll\\u00e1s \\u00e9s a munka vil\\u00e1g\\u00e1b\\u00f3l\",\"url\":\"https:\\\/\\\/allasorias.hu\\\/hirek\\\/\",\"logo\":{\"@type\":\"ImageObject\",\"url\":\"https:\\\/\\\/allasorias.hu\\\/hirek\\\/wp-content\\\/uploads\\\/2022\\\/10\\\/allasorias_site_facebok_logo.png\",\"@id\":\"https:\\\/\\\/allasorias.hu\\\/hirek\\\/a-kisgyermekes-szulok-tanulasat-tamogatjak\\\/#organizationLogo\"},\"image\":{\"@id\":\"https:\\\/\\\/allasorias.hu\\\/hirek\\\/a-kisgyermekes-szulok-tanulasat-tamogatjak\\\/#organizationLogo\"},\"sameAs\":[\"https:\\\/\\\/www.facebook.com\\\/allasorias\",\"https:\\\/\\\/www.linkedin.com\\\/company\\\/allasorias\"]},{\"@type\":\"Person\",\"@id\":\"https:\\\/\\\/allasorias.hu\\\/hirek\\\/author\\\/admin-allasorias\\\/#author\",\"url\":\"https:\\\/\\\/allasorias.hu\\\/hirek\\\/author\\\/admin-allasorias\\\/\",\"name\":\"Juh\\u00e1sz P\\u00e9ter\",\"image\":{\"@type\":\"ImageObject\",\"@id\":\"https:\\\/\\\/allasorias.hu\\\/hirek\\\/a-kisgyermekes-szulok-tanulasat-tamogatjak\\\/#authorImage\",\"url\":\"https:\\\/\\\/secure.gravatar.com\\\/avatar\\\/36e6bcb83148978b992977cb0f54d22feb0cce8a0a849a9410532bb2623ba4c6?s=96&d=mm&r=g\",\"width\":96,\"height\":96,\"caption\":\"Juh\\u00e1sz P\\u00e9ter\"}},{\"@type\":\"WebPage\",\"@id\":\"https:\\\/\\\/allasorias.hu\\\/hirek\\\/a-kisgyermekes-szulok-tanulasat-tamogatjak\\\/#webpage\",\"url\":\"https:\\\/\\\/allasorias.hu\\\/hirek\\\/a-kisgyermekes-szulok-tanulasat-tamogatjak\\\/\",\"name\":\"A kisgyermekes sz\\u00fcl\\u0151k tanul\\u00e1s\\u00e1t t\\u00e1mogatj\\u00e1k | AllasOrias.hu | H\\u00edrek-lapszemle\",\"description\":\"Nemcsak k\\u00e9pz\\u00e9s\\u00fcket, de elhelyezked\\u00e9s\\u00fcket is t\\u00e1mogatja az a p\\u00e1ly\\u00e1zat, amelyre m\\u00e1t\\u00f3l lehet beadni a jelentkez\\u00e9s a kisgyermekes sz\\u00fcl\\u0151knek. \\u201eKisgyermeket nevel\\u0151 sz\\u00fcl\\u0151k k\\u00e9pz\\u00e9s\\u00e9nek el\\u0151seg\\u00edt\\u00e9se, \\u00f6szt\\u00f6nd\\u00edja \\u00e9s elhelyezked\\u00e9s\\u00fck t\\u00e1mogat\\u00e1sa\\u201d c\\u00edm\\u0171 kiemelt p\\u00e1ly\\u00e1zat keret\\u00e9ben 3 milli\\u00e1rd forintos keret\\u00f6sszeg \\u00e1ll rendelkez\\u00e9sre a t\\u00e1mogat\\u00e1sra. A korm\\u00e1ny c\\u00e9lja a magyar munkaer\\u0151-tartal\\u00e9k aktiv\\u00e1l\\u00e1s\\u00e1nak \\u00e9rdek\\u00e9ben a kisgyermeket nevel\\u0151 sz\\u00fcl\\u0151k k\\u00e9pz\\u00e9sekben val\\u00f3 r\\u00e9szv\\u00e9tel\\u00e9nek el\\u0151seg\\u00edt\\u00e9se,\",\"inLanguage\":\"hu-HU\",\"isPartOf\":{\"@id\":\"https:\\\/\\\/allasorias.hu\\\/hirek\\\/#website\"},\"breadcrumb\":{\"@id\":\"https:\\\/\\\/allasorias.hu\\\/hirek\\\/a-kisgyermekes-szulok-tanulasat-tamogatjak\\\/#breadcrumblist\"},\"author\":{\"@id\":\"https:\\\/\\\/allasorias.hu\\\/hirek\\\/author\\\/admin-allasorias\\\/#author\"},\"creator\":{\"@id\":\"https:\\\/\\\/allasorias.hu\\\/hirek\\\/author\\\/admin-allasorias\\\/#author\"},\"image\":{\"@type\":\"ImageObject\",\"url\":\"https:\\\/\\\/allasorias.hu\\\/hirek\\\/wp-content\\\/uploads\\\/2018\\\/11\\\/pexels-photo-1456279.jpeg\",\"@id\":\"https:\\\/\\\/allasorias.hu\\\/hirek\\\/a-kisgyermekes-szulok-tanulasat-tamogatjak\\\/#mainImage\",\"width\":640,\"height\":426},\"primaryImageOfPage\":{\"@id\":\"https:\\\/\\\/allasorias.hu\\\/hirek\\\/a-kisgyermekes-szulok-tanulasat-tamogatjak\\\/#mainImage\"},\"datePublished\":\"2020-02-03T07:29:02+02:00\",\"dateModified\":\"2020-02-03T07:29:02+02:00\"},{\"@type\":\"WebSite\",\"@id\":\"https:\\\/\\\/allasorias.hu\\\/hirek\\\/#website\",\"url\":\"https:\\\/\\\/allasorias.hu\\\/hirek\\\/\",\"name\":\"AllasOrias.hu | H\\u00edrek-lapszemle\",\"description\":\"\\u00dczleti h\\u00edrek az \\u00e1ll\\u00e1s \\u00e9s a munka vil\\u00e1g\\u00e1b\\u00f3l\",\"inLanguage\":\"hu-HU\",\"publisher\":{\"@id\":\"https:\\\/\\\/allasorias.hu\\\/hirek\\\/#organization\"}}]}\n\t\t<\/script>\n\t\t<!-- All in One SEO -->\n\n","aioseo_head_json":{"title":"A kisgyermekes sz\u00fcl\u0151k tanul\u00e1s\u00e1t t\u00e1mogatj\u00e1k | AllasOrias.hu | H\u00edrek-lapszemle","description":"Nemcsak k\u00e9pz\u00e9s\u00fcket, de elhelyezked\u00e9s\u00fcket is t\u00e1mogatja az a p\u00e1ly\u00e1zat, amelyre m\u00e1t\u00f3l lehet beadni a jelentkez\u00e9s a kisgyermekes sz\u00fcl\u0151knek. \u201eKisgyermeket nevel\u0151 sz\u00fcl\u0151k k\u00e9pz\u00e9s\u00e9nek el\u0151seg\u00edt\u00e9se, \u00f6szt\u00f6nd\u00edja \u00e9s elhelyezked\u00e9s\u00fck t\u00e1mogat\u00e1sa\u201d c\u00edm\u0171 kiemelt p\u00e1ly\u00e1zat keret\u00e9ben 3 milli\u00e1rd forintos keret\u00f6sszeg \u00e1ll rendelkez\u00e9sre a t\u00e1mogat\u00e1sra. A korm\u00e1ny c\u00e9lja a magyar munkaer\u0151-tartal\u00e9k aktiv\u00e1l\u00e1s\u00e1nak \u00e9rdek\u00e9ben a kisgyermeket nevel\u0151 sz\u00fcl\u0151k k\u00e9pz\u00e9sekben val\u00f3 r\u00e9szv\u00e9tel\u00e9nek el\u0151seg\u00edt\u00e9se,","canonical_url":"https:\/\/allasorias.hu\/hirek\/a-kisgyermekes-szulok-tanulasat-tamogatjak\/","robots":"max-image-preview:large","keywords":"","webmasterTools":{"miscellaneous":""},"schema":{"@context":"https:\/\/schema.org","@graph":[{"@type":"Article","@id":"https:\/\/allasorias.hu\/hirek\/a-kisgyermekes-szulok-tanulasat-tamogatjak\/#article","name":"A kisgyermekes sz\u00fcl\u0151k tanul\u00e1s\u00e1t t\u00e1mogatj\u00e1k | AllasOrias.hu | H\u00edrek-lapszemle","headline":"A kisgyermekes sz\u00fcl\u0151k tanul\u00e1s\u00e1t t\u00e1mogatj\u00e1k","author":{"@id":"https:\/\/allasorias.hu\/hirek\/author\/admin-allasorias\/#author"},"publisher":{"@id":"https:\/\/allasorias.hu\/hirek\/#organization"},"image":{"@type":"ImageObject","url":"https:\/\/allasorias.hu\/hirek\/wp-content\/uploads\/2018\/11\/pexels-photo-1456279.jpeg","width":640,"height":426},"datePublished":"2020-02-03T07:29:02+02:00","dateModified":"2020-02-03T07:29:02+02:00","inLanguage":"hu-HU","mainEntityOfPage":{"@id":"https:\/\/allasorias.hu\/hirek\/a-kisgyermekes-szulok-tanulasat-tamogatjak\/#webpage"},"isPartOf":{"@id":"https:\/\/allasorias.hu\/hirek\/a-kisgyermekes-szulok-tanulasat-tamogatjak\/#webpage"},"articleSection":"Gazdas\u00e1g"},{"@type":"BreadcrumbList","@id":"https:\/\/allasorias.hu\/hirek\/a-kisgyermekes-szulok-tanulasat-tamogatjak\/#breadcrumblist","itemListElement":[{"@type":"ListItem","@id":"https:\/\/allasorias.hu\/hirek#listItem","position":1,"name":"Home","item":"https:\/\/allasorias.hu\/hirek","nextItem":{"@type":"ListItem","@id":"https:\/\/allasorias.hu\/hirek\/temak\/gazdasag\/#listItem","name":"Gazdas\u00e1g"}},{"@type":"ListItem","@id":"https:\/\/allasorias.hu\/hirek\/temak\/gazdasag\/#listItem","position":2,"name":"Gazdas\u00e1g","item":"https:\/\/allasorias.hu\/hirek\/temak\/gazdasag\/","nextItem":{"@type":"ListItem","@id":"https:\/\/allasorias.hu\/hirek\/a-kisgyermekes-szulok-tanulasat-tamogatjak\/#listItem","name":"A kisgyermekes sz\u00fcl\u0151k tanul\u00e1s\u00e1t t\u00e1mogatj\u00e1k"},"previousItem":{"@type":"ListItem","@id":"https:\/\/allasorias.hu\/hirek#listItem","name":"Home"}},{"@type":"ListItem","@id":"https:\/\/allasorias.hu\/hirek\/a-kisgyermekes-szulok-tanulasat-tamogatjak\/#listItem","position":3,"name":"A kisgyermekes sz\u00fcl\u0151k tanul\u00e1s\u00e1t t\u00e1mogatj\u00e1k","previousItem":{"@type":"ListItem","@id":"https:\/\/allasorias.hu\/hirek\/temak\/gazdasag\/#listItem","name":"Gazdas\u00e1g"}}]},{"@type":"Organization","@id":"https:\/\/allasorias.hu\/hirek\/#organization","name":"AllasOrias.hu | H\u00edrek-lapszemle","description":"\u00dczleti h\u00edrek az \u00e1ll\u00e1s \u00e9s a munka vil\u00e1g\u00e1b\u00f3l","url":"https:\/\/allasorias.hu\/hirek\/","logo":{"@type":"ImageObject","url":"https:\/\/allasorias.hu\/hirek\/wp-content\/uploads\/2022\/10\/allasorias_site_facebok_logo.png","@id":"https:\/\/allasorias.hu\/hirek\/a-kisgyermekes-szulok-tanulasat-tamogatjak\/#organizationLogo"},"image":{"@id":"https:\/\/allasorias.hu\/hirek\/a-kisgyermekes-szulok-tanulasat-tamogatjak\/#organizationLogo"},"sameAs":["https:\/\/www.facebook.com\/allasorias","https:\/\/www.linkedin.com\/company\/allasorias"]},{"@type":"Person","@id":"https:\/\/allasorias.hu\/hirek\/author\/admin-allasorias\/#author","url":"https:\/\/allasorias.hu\/hirek\/author\/admin-allasorias\/","name":"Juh\u00e1sz P\u00e9ter","image":{"@type":"ImageObject","@id":"https:\/\/allasorias.hu\/hirek\/a-kisgyermekes-szulok-tanulasat-tamogatjak\/#authorImage","url":"https:\/\/secure.gravatar.com\/avatar\/36e6bcb83148978b992977cb0f54d22feb0cce8a0a849a9410532bb2623ba4c6?s=96&d=mm&r=g","width":96,"height":96,"caption":"Juh\u00e1sz P\u00e9ter"}},{"@type":"WebPage","@id":"https:\/\/allasorias.hu\/hirek\/a-kisgyermekes-szulok-tanulasat-tamogatjak\/#webpage","url":"https:\/\/allasorias.hu\/hirek\/a-kisgyermekes-szulok-tanulasat-tamogatjak\/","name":"A kisgyermekes sz\u00fcl\u0151k tanul\u00e1s\u00e1t t\u00e1mogatj\u00e1k | AllasOrias.hu | H\u00edrek-lapszemle","description":"Nemcsak k\u00e9pz\u00e9s\u00fcket, de elhelyezked\u00e9s\u00fcket is t\u00e1mogatja az a p\u00e1ly\u00e1zat, amelyre m\u00e1t\u00f3l lehet beadni a jelentkez\u00e9s a kisgyermekes sz\u00fcl\u0151knek. \u201eKisgyermeket nevel\u0151 sz\u00fcl\u0151k k\u00e9pz\u00e9s\u00e9nek el\u0151seg\u00edt\u00e9se, \u00f6szt\u00f6nd\u00edja \u00e9s elhelyezked\u00e9s\u00fck t\u00e1mogat\u00e1sa\u201d c\u00edm\u0171 kiemelt p\u00e1ly\u00e1zat keret\u00e9ben 3 milli\u00e1rd forintos keret\u00f6sszeg \u00e1ll rendelkez\u00e9sre a t\u00e1mogat\u00e1sra. A korm\u00e1ny c\u00e9lja a magyar munkaer\u0151-tartal\u00e9k aktiv\u00e1l\u00e1s\u00e1nak \u00e9rdek\u00e9ben a kisgyermeket nevel\u0151 sz\u00fcl\u0151k k\u00e9pz\u00e9sekben val\u00f3 r\u00e9szv\u00e9tel\u00e9nek el\u0151seg\u00edt\u00e9se,","inLanguage":"hu-HU","isPartOf":{"@id":"https:\/\/allasorias.hu\/hirek\/#website"},"breadcrumb":{"@id":"https:\/\/allasorias.hu\/hirek\/a-kisgyermekes-szulok-tanulasat-tamogatjak\/#breadcrumblist"},"author":{"@id":"https:\/\/allasorias.hu\/hirek\/author\/admin-allasorias\/#author"},"creator":{"@id":"https:\/\/allasorias.hu\/hirek\/author\/admin-allasorias\/#author"},"image":{"@type":"ImageObject","url":"https:\/\/allasorias.hu\/hirek\/wp-content\/uploads\/2018\/11\/pexels-photo-1456279.jpeg","@id":"https:\/\/allasorias.hu\/hirek\/a-kisgyermekes-szulok-tanulasat-tamogatjak\/#mainImage","width":640,"height":426},"primaryImageOfPage":{"@id":"https:\/\/allasorias.hu\/hirek\/a-kisgyermekes-szulok-tanulasat-tamogatjak\/#mainImage"},"datePublished":"2020-02-03T07:29:02+02:00","dateModified":"2020-02-03T07:29:02+02:00"},{"@type":"WebSite","@id":"https:\/\/allasorias.hu\/hirek\/#website","url":"https:\/\/allasorias.hu\/hirek\/","name":"AllasOrias.hu | H\u00edrek-lapszemle","description":"\u00dczleti h\u00edrek az \u00e1ll\u00e1s \u00e9s a munka vil\u00e1g\u00e1b\u00f3l","inLanguage":"hu-HU","publisher":{"@id":"https:\/\/allasorias.hu\/hirek\/#organization"}}]},"og:locale":"hu_HU","og:site_name":"AllasOrias.hu | H\u00edrek-lapszemle | \u00dczleti h\u00edrek az \u00e1ll\u00e1s \u00e9s a munka vil\u00e1g\u00e1b\u00f3l","og:type":"article","og:title":"A kisgyermekes sz\u00fcl\u0151k tanul\u00e1s\u00e1t t\u00e1mogatj\u00e1k | AllasOrias.hu | H\u00edrek-lapszemle","og:description":"Nemcsak k\u00e9pz\u00e9s\u00fcket, de elhelyezked\u00e9s\u00fcket is t\u00e1mogatja az a p\u00e1ly\u00e1zat, amelyre m\u00e1t\u00f3l lehet beadni a jelentkez\u00e9s a kisgyermekes sz\u00fcl\u0151knek. \u201eKisgyermeket nevel\u0151 sz\u00fcl\u0151k k\u00e9pz\u00e9s\u00e9nek el\u0151seg\u00edt\u00e9se, \u00f6szt\u00f6nd\u00edja \u00e9s elhelyezked\u00e9s\u00fck t\u00e1mogat\u00e1sa\u201d c\u00edm\u0171 kiemelt p\u00e1ly\u00e1zat keret\u00e9ben 3 milli\u00e1rd forintos keret\u00f6sszeg \u00e1ll rendelkez\u00e9sre a t\u00e1mogat\u00e1sra. A korm\u00e1ny c\u00e9lja a magyar munkaer\u0151-tartal\u00e9k aktiv\u00e1l\u00e1s\u00e1nak \u00e9rdek\u00e9ben a kisgyermeket nevel\u0151 sz\u00fcl\u0151k k\u00e9pz\u00e9sekben val\u00f3 r\u00e9szv\u00e9tel\u00e9nek el\u0151seg\u00edt\u00e9se,","og:url":"https:\/\/allasorias.hu\/hirek\/a-kisgyermekes-szulok-tanulasat-tamogatjak\/","og:image":"https:\/\/allasorias.hu\/hirek\/wp-content\/uploads\/2018\/11\/pexels-photo-1456279.jpeg","og:image:secure_url":"https:\/\/allasorias.hu\/hirek\/wp-content\/uploads\/2018\/11\/pexels-photo-1456279.jpeg","og:image:width":640,"og:image:height":426,"article:published_time":"2020-02-03T07:29:02+00:00","article:modified_time":"2020-02-03T07:29:02+00:00","article:publisher":"https:\/\/www.facebook.com\/allasorias","twitter:card":"summary_large_image","twitter:title":"A kisgyermekes sz\u00fcl\u0151k tanul\u00e1s\u00e1t t\u00e1mogatj\u00e1k | AllasOrias.hu | H\u00edrek-lapszemle","twitter:description":"Nemcsak k\u00e9pz\u00e9s\u00fcket, de elhelyezked\u00e9s\u00fcket is t\u00e1mogatja az a p\u00e1ly\u00e1zat, amelyre m\u00e1t\u00f3l lehet beadni a jelentkez\u00e9s a kisgyermekes sz\u00fcl\u0151knek. \u201eKisgyermeket nevel\u0151 sz\u00fcl\u0151k k\u00e9pz\u00e9s\u00e9nek el\u0151seg\u00edt\u00e9se, \u00f6szt\u00f6nd\u00edja \u00e9s elhelyezked\u00e9s\u00fck t\u00e1mogat\u00e1sa\u201d c\u00edm\u0171 kiemelt p\u00e1ly\u00e1zat keret\u00e9ben 3 milli\u00e1rd forintos keret\u00f6sszeg \u00e1ll rendelkez\u00e9sre a t\u00e1mogat\u00e1sra. A korm\u00e1ny c\u00e9lja a magyar munkaer\u0151-tartal\u00e9k aktiv\u00e1l\u00e1s\u00e1nak \u00e9rdek\u00e9ben a kisgyermeket nevel\u0151 sz\u00fcl\u0151k k\u00e9pz\u00e9sekben val\u00f3 r\u00e9szv\u00e9tel\u00e9nek el\u0151seg\u00edt\u00e9se,","twitter:image":"https:\/\/allasorias.hu\/hirek\/wp-content\/uploads\/2018\/11\/pexels-photo-1456279.jpeg","twitter:label1":"Written by","twitter:data1":"Juh\u00e1sz P\u00e9ter","twitter:label2":"Est. reading time","twitter:data2":"2 minutes"},"aioseo_meta_data":{"post_id":"3739","title":null,"description":null,"keywords":null,"keyphrases":null,"primary_term":null,"canonical_url":null,"og_title":null,"og_description":null,"og_object_type":"default","og_image_type":"default","og_image_url":null,"og_image_width":null,"og_image_height":null,"og_image_custom_url":null,"og_image_custom_fields":null,"og_video":null,"og_custom_url":null,"og_article_section":null,"og_article_tags":null,"twitter_use_og":false,"twitter_card":"default","twitter_image_type":"default","twitter_image_url":null,"twitter_image_custom_url":null,"twitter_image_custom_fields":null,"twitter_title":null,"twitter_description":null,"schema":{"blockGraphs":[],"customGraphs":[],"default":{"data":{"Article":[],"Course":[],"Dataset":[],"FAQPage":[],"Movie":[],"Person":[],"Product":[],"ProductReview":[],"Car":[],"Recipe":[],"Service":[],"SoftwareApplication":[],"WebPage":[]},"graphName":"","isEnabled":true},"graphs":[],"defaultGraph":"","defaultPostTypeGraph":""},"schema_type":null,"schema_type_options":null,"pillar_content":false,"robots_default":true,"robots_noindex":false,"robots_noarchive":false,"robots_nosnippet":false,"robots_nofollow":false,"robots_noimageindex":false,"robots_noodp":false,"robots_notranslate":false,"robots_max_snippet":null,"robots_max_videopreview":null,"robots_max_imagepreview":"large","priority":null,"frequency":null,"location":null,"local_seo":null,"breadcrumb_settings":null,"limit_modified_date":false,"ai":null,"created":"2021-02-01 21:57:19","updated":"2025-10-02 13:32:43","seo_analyzer_scan_date":null,"focus_keyword":null,"additional_keywords":null,"truseo_locale":null},"aioseo_breadcrumb":"<div class=\"aioseo-breadcrumbs\"><span class=\"aioseo-breadcrumb\">\n\t\t\t<a href=\"https:\/\/allasorias.hu\/hirek\" title=\"Home\">Home<\/a>\n\t\t<\/span><span class=\"aioseo-breadcrumb-separator\">&raquo;<\/span><span class=\"aioseo-breadcrumb\">\n\t\t\t<a href=\"https:\/\/allasorias.hu\/hirek\/temak\/gazdasag\/\" title=\"Gazdas\u00e1g\">Gazdas\u00e1g<\/a>\n\t\t<\/span><span class=\"aioseo-breadcrumb-separator\">&raquo;<\/span><span class=\"aioseo-breadcrumb\">\n\t\t\tA kisgyermekes sz\u00fcl\u0151k tanul\u00e1s\u00e1t t\u00e1mogatj\u00e1k\n\t\t<\/span><\/div>","aioseo_breadcrumb_json":[{"label":"Home","link":"https:\/\/allasorias.hu\/hirek"},{"label":"Gazdas\u00e1g","link":"https:\/\/allasorias.hu\/hirek\/temak\/gazdasag\/"},{"label":"A kisgyermekes sz\u00fcl\u0151k tanul\u00e1s\u00e1t t\u00e1mogatj\u00e1k","link":"https:\/\/allasorias.hu\/hirek\/a-kisgyermekes-szulok-tanulasat-tamogatjak\/"}],"_links":{"self":[{"href":"https:\/\/allasorias.hu\/hirek\/wp-json\/wp\/v2\/posts\/3739","targetHints":{"allow":["GET"]}}],"collection":[{"href":"https:\/\/allasorias.hu\/hirek\/wp-json\/wp\/v2\/posts"}],"about":[{"href":"https:\/\/allasorias.hu\/hirek\/wp-json\/wp\/v2\/types\/post"}],"author":[{"embeddable":true,"href":"https:\/\/allasorias.hu\/hirek\/wp-json\/wp\/v2\/users\/1"}],"replies":[{"embeddable":true,"href":"https:\/\/allasorias.hu\/hirek\/wp-json\/wp\/v2\/comments?post=3739"}],"version-history":[{"count":1,"href":"https:\/\/allasorias.hu\/hirek\/wp-json\/wp\/v2\/posts\/3739\/revisions"}],"predecessor-version":[{"id":3740,"href":"https:\/\/allasorias.hu\/hirek\/wp-json\/wp\/v2\/posts\/3739\/revisions\/3740"}],"wp:featuredmedia":[{"embeddable":true,"href":"https:\/\/allasorias.hu\/hirek\/wp-json\/wp\/v2\/media\/2215"}],"wp:attachment":[{"href":"https:\/\/allasorias.hu\/hirek\/wp-json\/wp\/v2\/media?parent=3739"}],"wp:term":[{"taxonomy":"category","embeddable":true,"href":"https:\/\/allasorias.hu\/hirek\/wp-json\/wp\/v2\/categories?post=3739"},{"taxonomy":"post_tag","embeddable":true,"href":"https:\/\/allasorias.hu\/hirek\/wp-json\/wp\/v2\/tags?post=3739"}],"curies":[{"name":"wp","href":"https:\/\/api.w.org\/{rel}","templated":true}]}}