{"id":3734,"date":"2020-01-31T07:43:19","date_gmt":"2020-01-31T07:43:19","guid":{"rendered":"https:\/\/allasorias.hu\/hirek\/?p=3734"},"modified":"2020-01-31T07:43:19","modified_gmt":"2020-01-31T07:43:19","slug":"csokken-a-nemek-kozotti-berkulonbseg","status":"publish","type":"post","link":"https:\/\/allasorias.hu\/hirek\/csokken-a-nemek-kozotti-berkulonbseg\/","title":{"rendered":"Cs\u00f6kken a nemek k\u00f6z\u00f6tti b\u00e9rk\u00fcl\u00f6nbs\u00e9g"},"content":{"rendered":"<p><strong>D\u00f6nt\u00f6tt az Eur\u00f3pai parlament: az uni\u00f3ban tov\u00e1bb cs\u00f6kken a nemek k\u00f6z\u00f6tti b\u00e9rk\u00fcl\u00f6nbs\u00e9g. Err\u0151l fogadtak el \u00e1ll\u00e1sfoglal\u00e1st. A d\u00f6nt\u00e9s ut\u00e1n kiadott sajt\u00f3k\u00f6zlem\u00e9ny szerint a parlament \u00fcdv\u00f6zli azt, hogy az Eur\u00f3pai Bizotts\u00e1g eln\u00f6ke, Ursula von der Leyen, az egyenl\u0151 munk\u00e1\u00e9rt egyenl\u0151 b\u00e9r elv\u00e9t az \u00faj es\u00e9lyegyenl\u0151s\u00e9gi strat\u00e9gia alapelv\u00e9nek tekinti.<\/strong><\/p>\n<p>Az EP \u00e1ll\u00e1sfoglal\u00e1sa szerint a k\u00e9pvisel\u0151k t\u00f6bbs\u00e9ge k\u00f6telez\u0151 szab\u00e1lyokat v\u00e1r el a n\u0151k \u00e9s f\u00e9rfiak b\u00e9re k\u00f6z\u00f6tti k\u00fcl\u00f6nbs\u00e9g megsz\u00fcntet\u00e9s\u00e9re, a b\u00e9rek \u00e1tl\u00e1that\u00f3s\u00e1g\u00e1nak biztos\u00edt\u00e1s\u00e1ra. Emellett a k\u00e9pvisel\u0151k ambici\u00f3zus es\u00e9lyegyenl\u0151s\u00e9gi strat\u00e9gia kidolgoz\u00e1s\u00e1ra sz\u00e1m\u00edtanak az Eur\u00f3pai Bizotts\u00e1gt\u00f3l. A k\u00e9pvisel\u0151k szerint a b\u00e9rszakad\u00e9kot a mag\u00e1n- \u00e9s az \u00e1llami szf\u00e9r\u00e1ban egyar\u00e1nt fel kellene sz\u00e1molni, a szab\u00e1lyokat hat\u00e1rozottan be kellene tartatni, \u00e9s az el\u0151rehalad\u00e1s m\u00e9r\u00e9s\u00e9re egy\u00e9rtelm\u0171 c\u00e9l\u00e9rt\u00e9keket kellene meghat\u00e1rozni. A parlament a b\u00e9rszakad\u00e9k okainak megsz\u00fcntet\u00e9se c\u00e9lj\u00e1b\u00f3l arra \u00f6szt\u00f6n\u00f6zi a tag\u00e1llamokat, hogy sz\u00e1njanak elegend\u0151 forr\u00e1st a kisgyermekkori nevel\u00e9si \u00e9s gyermekgondoz\u00e1si szolg\u00e1ltat\u00e1sokra \u00e9s a csal\u00e1dbar\u00e1t munkav\u00e9gz\u00e9si lehet\u0151s\u00e9gekre. Ez seg\u00edtene abban, hogy a n\u0151k egyenl\u0151 es\u00e9llyel vehessenek r\u00e9szt a munkaer\u0151piacon. Mivel a b\u00e9rszakad\u00e9k nyugd\u00edjas korra t\u00f6bb mint dupl\u00e1j\u00e1ra n\u0151, a k\u00e9pvisel\u0151k az id\u0151s n\u0151k sz\u00e1m\u00e1ra is megfelel\u0151 seg\u00edts\u00e9get v\u00e1rnak, p\u00e9ld\u00e1ul gondoz\u00e1si id\u0151szakok j\u00f3v\u00e1\u00edr\u00e1sa, tisztess\u00e9ges minimumnyugd\u00edjak \u00e9s \u00f6zvegyi ell\u00e1tm\u00e1ny form\u00e1j\u00e1ban. Az \u00e1ll\u00e1sfoglal\u00e1s hangs\u00falyozta: m\u00e1r kisgyermekkort\u00f3l jobban \u00f6szt\u00f6n\u00f6zni kell a l\u00e1nyokban a v\u00e1llalkoz\u00f3kedvet, \u00e9s az oktat\u00e1sban kialakult sztereot\u00edpi\u00e1k lek\u00fczd\u00e9se \u00e9rdek\u00e9ben t\u00f6bb\u00fcket kellene a term\u00e9szettudom\u00e1nyok, a technol\u00f3gia, a m\u0171szaki tudom\u00e1nyok, a matematika \u00e9s a digit\u00e1lis k\u00e9pz\u00e9sek fel\u00e9 ir\u00e1ny\u00edtani, \u00edgy a n\u0151k nagyobb r\u00e9sze tal\u00e1lna munk\u00e1t a fejl\u0151d\u0151 \u00e9s j\u00f3l fizet\u0151 \u00e1gazatokban.<\/p>\n<p>Forr\u00e1s: hirtv.hu, mti<\/p>\n","protected":false},"excerpt":{"rendered":"<p>D\u00f6nt\u00f6tt az Eur\u00f3pai parlament: az uni\u00f3ban tov\u00e1bb cs\u00f6kken a nemek k\u00f6z\u00f6tti b\u00e9rk\u00fcl\u00f6nbs\u00e9g. Err\u0151l fogadtak el \u00e1ll\u00e1sfoglal\u00e1st. A d\u00f6nt\u00e9s ut\u00e1n kiadott sajt\u00f3k\u00f6zlem\u00e9ny szerint a parlament \u00fcdv\u00f6zli azt, hogy az Eur\u00f3pai Bizotts\u00e1g eln\u00f6ke, Ursula von der Leyen, az egyenl\u0151 munk\u00e1\u00e9rt egyenl\u0151 b\u00e9r elv\u00e9t az \u00faj es\u00e9lyegyenl\u0151s\u00e9gi strat\u00e9gia alapelv\u00e9nek tekinti. Az EP \u00e1ll\u00e1sfoglal\u00e1sa szerint a k\u00e9pvisel\u0151k t\u00f6bbs\u00e9ge k\u00f6telez\u0151 [&hellip;]<\/p>\n","protected":false},"author":1,"featured_media":3735,"comment_status":"open","ping_status":"open","sticky":false,"template":"","format":"standard","meta":{"_monsterinsights_skip_tracking":false,"_monsterinsights_sitenote_active":false,"_monsterinsights_sitenote_note":"","_monsterinsights_sitenote_category":0,"footnotes":""},"categories":[198,200],"tags":[],"class_list":["post-3734","post","type-post","status-publish","format-standard","has-post-thumbnail","hentry","category-gazdasag","category-munkaeropiac"],"aioseo_notices":[],"_links":{"self":[{"href":"https:\/\/allasorias.hu\/hirek\/wp-json\/wp\/v2\/posts\/3734","targetHints":{"allow":["GET"]}}],"collection":[{"href":"https:\/\/allasorias.hu\/hirek\/wp-json\/wp\/v2\/posts"}],"about":[{"href":"https:\/\/allasorias.hu\/hirek\/wp-json\/wp\/v2\/types\/post"}],"author":[{"embeddable":true,"href":"https:\/\/allasorias.hu\/hirek\/wp-json\/wp\/v2\/users\/1"}],"replies":[{"embeddable":true,"href":"https:\/\/allasorias.hu\/hirek\/wp-json\/wp\/v2\/comments?post=3734"}],"version-history":[{"count":1,"href":"https:\/\/allasorias.hu\/hirek\/wp-json\/wp\/v2\/posts\/3734\/revisions"}],"predecessor-version":[{"id":3736,"href":"https:\/\/allasorias.hu\/hirek\/wp-json\/wp\/v2\/posts\/3734\/revisions\/3736"}],"wp:featuredmedia":[{"embeddable":true,"href":"https:\/\/allasorias.hu\/hirek\/wp-json\/wp\/v2\/media\/3735"}],"wp:attachment":[{"href":"https:\/\/allasorias.hu\/hirek\/wp-json\/wp\/v2\/media?parent=3734"}],"wp:term":[{"taxonomy":"category","embeddable":true,"href":"https:\/\/allasorias.hu\/hirek\/wp-json\/wp\/v2\/categories?post=3734"},{"taxonomy":"post_tag","embeddable":true,"href":"https:\/\/allasorias.hu\/hirek\/wp-json\/wp\/v2\/tags?post=3734"}],"curies":[{"name":"wp","href":"https:\/\/api.w.org\/{rel}","templated":true}]}}