{"id":3732,"date":"2020-01-30T09:18:33","date_gmt":"2020-01-30T09:18:33","guid":{"rendered":"https:\/\/allasorias.hu\/hirek\/?p=3732"},"modified":"2020-01-30T09:18:33","modified_gmt":"2020-01-30T09:18:33","slug":"mar-nem-lehet-elerni-magasabb-foglalkoztatottsagot-magyarorszagon","status":"publish","type":"post","link":"https:\/\/allasorias.hu\/hirek\/mar-nem-lehet-elerni-magasabb-foglalkoztatottsagot-magyarorszagon\/","title":{"rendered":"M\u00e1r nem lehet el\u00e9rni magasabb foglalkoztatotts\u00e1got Magyarorsz\u00e1gon"},"content":{"rendered":"<p><strong>Szakemberek szerint el\u00e9rt\u00fcnk a cs\u00facsra, m\u00e1r nem lehet n\u00f6velni haz\u00e1nkban a foglalkoztatotts\u00e1got. Haz\u00e1nk ezen a ter\u00fcleten el\u00e9rt a cs\u00facsra. A tov\u00e1bbi fejl\u0151d\u00e9shez,\u00a0 a foglalkoztatotts\u00e1gi r\u00e1ta jav\u00edt\u00e1s\u00e1hoz szeml\u00e9letv\u00e1lt\u00e1sra \u00e9s l\u00e9p\u00e9sekre van sz\u00fcks\u00e9g. A m\u00falt \u00e9v eg\u00e9sz\u00e9ben 3,4 sz\u00e1zal\u00e9kos volt a munkan\u00e9lk\u00fclis\u00e9gi r\u00e1ta, ez 0,3 sz\u00e1zal\u00e9kpontos cs\u00f6kken\u00e9snek felel meg \u00e9ves \u00f6sszevet\u00e9sben. <\/strong><\/p>\n<p>A foglalkoztatottak sz\u00e1ma a m\u00falt \u00e9v utols\u00f3 h\u00e1rom h\u00f3napj\u00e1ban meghaladta a 4,5 milli\u00f3t, ami 38 ezerrel haladja meg az egy \u00e9vvel kor\u00e1bbi szintet. N\u00e9meth D\u00e1vid, a K&amp;H Bank vezet\u0151 elemz\u0151je azt mondta, hogy a statisztik\u00e1k r\u00e9g\u00f3ta javul\u00e1st mutatnak, a gazdas\u00e1g most el\u00e9rt arra a szintre, amikor m\u00e1r l\u00e1tv\u00e1nyos javul\u00e1st nem lehet el\u00e9rni munkan\u00e9lk\u00fclis\u00e9gi mutat\u00f3kban. A 3,4 sz\u00e1zal\u00e9kos munkan\u00e9lk\u00fclis\u00e9gi r\u00e1ta gyakorlatilag megfelel a teljes foglalkoztatotts\u00e1gnak. \u201eA foglalkoztatotts\u00e1gi r\u00e1t\u00e1n ugyanakkor lehet m\u00e9g jav\u00edtani. Magyarorsz\u00e1g r\u00e1t\u00e1ja m\u00e1r megfelel az OECD-\u00e1tlagnak. Ennek az el\u00e9r\u00e9se volt a k\u00f6nnyebbik feladat, az elithez val\u00f3 csatlakoz\u00e1s nehezebb lesz. Magyarorsz\u00e1g 70,1 sz\u00e1zal\u00e9kos foglalkoztatotts\u00e1gi mutat\u00f3val szerepel az OECD-n\u00e9l, az \u00e9lbolyba tartoz\u00f3 Izland, Sv\u00e1jc, Hollandia, Sv\u00e9dorsz\u00e1g, N\u00e9metorsz\u00e1g, \u00daj-Z\u00e9land \u00e9s Jap\u00e1n 77-83 sz\u00e1zal\u00e9kos mutat\u00f3val rendelkeznek\u201d &#8211; emelte ki a K&amp;H szak\u00e9rt\u0151je. N\u00e9meth D\u00e1vid elmondta, szeml\u00e9letv\u00e1lt\u00e1sra \u00e9s \u00faj l\u00e9p\u00e9sekre van sz\u00fcks\u00e9g ahhoz, hogy a foglalkoztatotts\u00e1gi r\u00e1ta tov\u00e1bbi emelked\u00e9snek induljon. A v\u00e1llalatoknak &#8211; p\u00e9ld\u00e1ul a szolg\u00e1ltat\u00e1si szektorban \u00e9rdekelt c\u00e9geknek &#8211; nyitnia kell a r\u00e9szmunkaid\u0151s foglalkoztat\u00e1s \u00e9s a t\u00e1vmunka ir\u00e1ny\u00e1ba \u00e9s ehhez fejleszt\u00e9sekkel meg kell teremteni\u00fck a megfelel\u0151 h\u00e1tteret. \u201eEmellett a cs\u00f6kkent munkak\u00e9pess\u00e9g\u0171ek hely\u00e9t is meg kell tal\u00e1lni a rendszerben, megfelel\u0151 munk\u00e1t kell nekik biztos\u00edtani. Emellett a mobilit\u00e1st is fokozni kellene. Erre az egyik megold\u00e1s lehet a munk\u00e1ba j\u00e1r\u00e1sra ford\u00edtott id\u0151 ler\u00f6vid\u00edt\u00e9se. A m\u00e1sik lehet\u0151s\u00e9g, hogy az \u00e9rintettek oda k\u00f6lt\u00f6zzenek, ahol van munkalehet\u0151s\u00e9g a sz\u00e1mukra\u201d \u2013 tette hozz\u00e1 N\u00e9meth D\u00e1vid.<\/p>\n<p>Forr\u00e1s: profitline.hu<\/p>\n","protected":false},"excerpt":{"rendered":"<p>Szakemberek szerint el\u00e9rt\u00fcnk a cs\u00facsra, m\u00e1r nem lehet n\u00f6velni haz\u00e1nkban a foglalkoztatotts\u00e1got. Haz\u00e1nk ezen a ter\u00fcleten el\u00e9rt a cs\u00facsra. A tov\u00e1bbi fejl\u0151d\u00e9shez,\u00a0 a foglalkoztatotts\u00e1gi r\u00e1ta jav\u00edt\u00e1s\u00e1hoz szeml\u00e9letv\u00e1lt\u00e1sra \u00e9s l\u00e9p\u00e9sekre van sz\u00fcks\u00e9g. A m\u00falt \u00e9v eg\u00e9sz\u00e9ben 3,4 sz\u00e1zal\u00e9kos volt a munkan\u00e9lk\u00fclis\u00e9gi r\u00e1ta, ez 0,3 sz\u00e1zal\u00e9kpontos cs\u00f6kken\u00e9snek felel meg \u00e9ves \u00f6sszevet\u00e9sben. A foglalkoztatottak sz\u00e1ma a m\u00falt \u00e9v [&hellip;]<\/p>\n","protected":false},"author":1,"featured_media":2440,"comment_status":"open","ping_status":"open","sticky":false,"template":"","format":"standard","meta":{"_monsterinsights_skip_tracking":false,"_monsterinsights_sitenote_active":false,"_monsterinsights_sitenote_note":"","_monsterinsights_sitenote_category":0,"footnotes":""},"categories":[200],"tags":[],"class_list":["post-3732","post","type-post","status-publish","format-standard","has-post-thumbnail","hentry","category-munkaeropiac"],"aioseo_notices":[],"_links":{"self":[{"href":"https:\/\/allasorias.hu\/hirek\/wp-json\/wp\/v2\/posts\/3732","targetHints":{"allow":["GET"]}}],"collection":[{"href":"https:\/\/allasorias.hu\/hirek\/wp-json\/wp\/v2\/posts"}],"about":[{"href":"https:\/\/allasorias.hu\/hirek\/wp-json\/wp\/v2\/types\/post"}],"author":[{"embeddable":true,"href":"https:\/\/allasorias.hu\/hirek\/wp-json\/wp\/v2\/users\/1"}],"replies":[{"embeddable":true,"href":"https:\/\/allasorias.hu\/hirek\/wp-json\/wp\/v2\/comments?post=3732"}],"version-history":[{"count":1,"href":"https:\/\/allasorias.hu\/hirek\/wp-json\/wp\/v2\/posts\/3732\/revisions"}],"predecessor-version":[{"id":3733,"href":"https:\/\/allasorias.hu\/hirek\/wp-json\/wp\/v2\/posts\/3732\/revisions\/3733"}],"wp:featuredmedia":[{"embeddable":true,"href":"https:\/\/allasorias.hu\/hirek\/wp-json\/wp\/v2\/media\/2440"}],"wp:attachment":[{"href":"https:\/\/allasorias.hu\/hirek\/wp-json\/wp\/v2\/media?parent=3732"}],"wp:term":[{"taxonomy":"category","embeddable":true,"href":"https:\/\/allasorias.hu\/hirek\/wp-json\/wp\/v2\/categories?post=3732"},{"taxonomy":"post_tag","embeddable":true,"href":"https:\/\/allasorias.hu\/hirek\/wp-json\/wp\/v2\/tags?post=3732"}],"curies":[{"name":"wp","href":"https:\/\/api.w.org\/{rel}","templated":true}]}}