{"id":3728,"date":"2020-01-29T10:51:41","date_gmt":"2020-01-29T10:51:41","guid":{"rendered":"https:\/\/allasorias.hu\/hirek\/?p=3728"},"modified":"2022-12-23T09:48:15","modified_gmt":"2022-12-23T09:48:15","slug":"elonyt-elvez-a-munkaeropiacon-akinek-jo-a-matematika-tudasa","status":"publish","type":"post","link":"https:\/\/allasorias.hu\/hirek\/elonyt-elvez-a-munkaeropiacon-akinek-jo-a-matematika-tudasa\/","title":{"rendered":"El\u0151nyt \u00e9lvez a munkaer\u0151piacon, akinek j\u00f3 a matematika tud\u00e1sa"},"content":{"rendered":"<p><strong>Bebizony\u00edtott\u00e1k a szakemberek, hogy a matematikai tud\u00e1s \u00e9s a munkab\u00e9r k\u00f6z\u00f6tt szoros \u00f6sszef\u00fcgg\u00e9s van.\u00a0 A Magyar Tudom\u00e1nyos Akad\u00e9mia kutat\u00f3i \u00a0az ezzel kapcsolatos tapasztal\u00e1sokat a Munkaer\u0151piaci T\u00fck\u00f6r c\u00edm\u0171 kiadv\u00e1nyban jelentett\u00e9k meg. <\/strong><\/p>\n<p>Mint kider\u00fcl az elemz\u00e9sb\u0151l, az eg\u00e9sz \u00e9letp\u00e1ly\u00e1ra r\u00e1nyomja b\u00e9lyeg\u00e9t a p\u00e1lyakezd\u0151k\u00e9nt megtapasztalt munkan\u00e9lk\u00fclis\u00e9g. A 16 \u00e9vre levitt tank\u00f6telezetts\u00e9gi szint pedig n\u00f6velte a szakad\u00e9kot a fiatalok k\u00f6z\u00f6tt, a hazai oktat\u00e1si rendszer pedig egy\u00e1ltal\u00e1n nem a kompetenciafejleszt\u00e9s fel\u00e9 mozog. Ugyan az \u00e1ltal\u00e1nos helyzet l\u00e1tsz\u00f3lag j\u00f3, miut\u00e1n a magyar fiatalok munkan\u00e9lk\u00fclis\u00e9ge az OECD \u00e1tlag alatt van, m\u00e9gis h\u00e1romszor annyian munkan\u00e9lk\u00fcliek, mint m\u00e1s korcsoportok. \u00a0Scharle \u00c1gota, a kiadv\u00e1ny egyik szerkeszt\u0151je, a Budapest Szakpolitikai Elemz\u0151 Int\u00e9zet vezet\u0151je elmondta: \u00a0az oka a munkatapasztalatok hi\u00e1nya, amire a munk\u00e1ltat\u00f3k kock\u00e1zatk\u00e9nt tekintenek, valamint az \u00e1ll\u00e1skeres\u00e9si tapasztalatuk is kisebb, \u00edgy ezen a ter\u00fcleten is \u00e1ltal\u00e1ban t\u00e1mogat\u00e1sra van sz\u00fcks\u00e9g\u00fck. Mindazon\u00e1ltal a feszes munkaer\u0151piacnak k\u00f6sz\u00f6nhet\u0151en most k\u00f6nnyebben helyezkednek el, mint kor\u00e1bban. Ugyanakkor egy\u00e1ltal\u00e1n nem mindegy, hogy milyen k\u00e9szs\u00e9gekkel l\u00e9pnek be a foglalkoztat\u00e1si piacra, az ig\u00e9nyek hogyan v\u00e1ltoztak, a piac ezeket \u00e9rt\u00e9keli-e, esetleges hi\u00e1nyukat tudja-e kompenz\u00e1lni. \u00a0Az eg\u00e9sz p\u00e1ly\u00e1ra kihat p\u00e1lyakezd\u0151 munkan\u00e9lk\u00fcli l\u00e9t. A f\u0151 probl\u00e9m\u00e1t, Scharle \u00c1gota szerint, azok a fiatalok jelentik, akik b\u00e1r a jelen helyzetre n\u00e9zve elfogadhat\u00f3 kompetenci\u00e1kkal \u00e1llnak munk\u00e1ba, mert az adott tev\u00e9kenys\u00e9gre kik\u00e9pezt\u00e9k \u0151ket, azonban nem k\u00e9pesek alkalmazkodni, mert egy\u00e9b k\u00e9szs\u00e9geiket nem fejlesztett\u00e9k. Ak\u00e1r az olvas\u00e1ssal, a sz\u00f6veg\u00e9rt\u00e9ssel is probl\u00e9m\u00e1ik lehetnek, ami \u00f6t-hat \u00e9v m\u00falva komoly bajt okozhat. A HR Portal k\u00e9rd\u00e9s\u00e9re, hogy a magyar oktat\u00e1si rendszerben \u00e9rz\u00e9kelhet\u0151-e, hogy figyelembe veszi azt a nemzetk\u00f6zi szinten egyre er\u0151sebben \u00e9rz\u00e9kelhet\u0151 tendenci\u00e1t, hogy a kompetenci\u00e1k, s\u0151t a tanulni tud\u00e1s, az alkalmazkod\u00e1si k\u00e9pess\u00e9g lesz a munkaer\u0151-piaci siker legfontosabb fokm\u00e9r\u0151je, arra Horn D\u00e1niel \u00e9s Scharle \u00c1gota is azt v\u00e1laszolta, hogy az oktat\u00e1s az elm\u00falt \u00e9vekben egy\u00e1ltal\u00e1n nem ebbe az ir\u00e1nyba fejl\u0151d\u00f6tt, \u00e9s a szakk\u00e9pz\u00e9sben nem \u00e9rz\u00e9kelhet\u0151, hogy az egy\u00e9b \u00e1ltal\u00e1nos, nem kognit\u00edv k\u00e9pess\u00e9gek helyet kapn\u00e1nak a k\u00e9pz\u00e9sben. A kognit\u00edv k\u00e9pess\u00e9geknek ugyan helye van, de f\u0151leg a jobb iskol\u00e1kban fok<\/p>\n<p>Forr\u00e1s: hrportal.hu<\/p>\n<p>&nbsp;<\/p>\n","protected":false},"excerpt":{"rendered":"<p>Bebizony\u00edtott\u00e1k a szakemberek, hogy a matematikai tud\u00e1s \u00e9s a munkab\u00e9r k\u00f6z\u00f6tt szoros \u00f6sszef\u00fcgg\u00e9s van.\u00a0 A Magyar Tudom\u00e1nyos Akad\u00e9mia kutat\u00f3i \u00a0az ezzel kapcsolatos tapasztal\u00e1sokat a Munkaer\u0151piaci T\u00fck\u00f6r c\u00edm\u0171 kiadv\u00e1nyban jelentett\u00e9k meg. Mint kider\u00fcl az elemz\u00e9sb\u0151l, az eg\u00e9sz \u00e9letp\u00e1ly\u00e1ra r\u00e1nyomja b\u00e9lyeg\u00e9t a p\u00e1lyakezd\u0151k\u00e9nt megtapasztalt munkan\u00e9lk\u00fclis\u00e9g. A 16 \u00e9vre levitt tank\u00f6telezetts\u00e9gi szint pedig n\u00f6velte a szakad\u00e9kot a fiatalok [&hellip;]<\/p>\n","protected":false},"author":1,"featured_media":6087,"comment_status":"open","ping_status":"open","sticky":false,"template":"","format":"standard","meta":{"_monsterinsights_skip_tracking":false,"_monsterinsights_sitenote_active":false,"_monsterinsights_sitenote_note":"","_monsterinsights_sitenote_category":0,"footnotes":""},"categories":[200],"tags":[],"class_list":["post-3728","post","type-post","status-publish","format-standard","has-post-thumbnail","hentry","category-munkaeropiac"],"aioseo_notices":[],"_links":{"self":[{"href":"https:\/\/allasorias.hu\/hirek\/wp-json\/wp\/v2\/posts\/3728","targetHints":{"allow":["GET"]}}],"collection":[{"href":"https:\/\/allasorias.hu\/hirek\/wp-json\/wp\/v2\/posts"}],"about":[{"href":"https:\/\/allasorias.hu\/hirek\/wp-json\/wp\/v2\/types\/post"}],"author":[{"embeddable":true,"href":"https:\/\/allasorias.hu\/hirek\/wp-json\/wp\/v2\/users\/1"}],"replies":[{"embeddable":true,"href":"https:\/\/allasorias.hu\/hirek\/wp-json\/wp\/v2\/comments?post=3728"}],"version-history":[{"count":1,"href":"https:\/\/allasorias.hu\/hirek\/wp-json\/wp\/v2\/posts\/3728\/revisions"}],"predecessor-version":[{"id":3730,"href":"https:\/\/allasorias.hu\/hirek\/wp-json\/wp\/v2\/posts\/3728\/revisions\/3730"}],"wp:featuredmedia":[{"embeddable":true,"href":"https:\/\/allasorias.hu\/hirek\/wp-json\/wp\/v2\/media\/6087"}],"wp:attachment":[{"href":"https:\/\/allasorias.hu\/hirek\/wp-json\/wp\/v2\/media?parent=3728"}],"wp:term":[{"taxonomy":"category","embeddable":true,"href":"https:\/\/allasorias.hu\/hirek\/wp-json\/wp\/v2\/categories?post=3728"},{"taxonomy":"post_tag","embeddable":true,"href":"https:\/\/allasorias.hu\/hirek\/wp-json\/wp\/v2\/tags?post=3728"}],"curies":[{"name":"wp","href":"https:\/\/api.w.org\/{rel}","templated":true}]}}