{"id":3708,"date":"2020-01-24T07:51:01","date_gmt":"2020-01-24T07:51:01","guid":{"rendered":"https:\/\/allasorias.hu\/hirek\/?p=3708"},"modified":"2020-01-24T07:51:01","modified_gmt":"2020-01-24T07:51:01","slug":"a-fiatalkori-munkanelkuliseg-nagyobb-figyelmet-erdemel","status":"publish","type":"post","link":"https:\/\/allasorias.hu\/hirek\/a-fiatalkori-munkanelkuliseg-nagyobb-figyelmet-erdemel\/","title":{"rendered":"A fiatalkori munkan\u00e9lk\u00fclis\u00e9g nagyobb figyelmet \u00e9rdemel"},"content":{"rendered":"<p style=\"text-align: justify;\"><strong>A 2010-ben bek\u00f6vetkezett munkaer\u0151piaci fordulat \u00f3ta a magyar gazdas\u00e1g megk\u00f6zel\u00edtette a teljes foglalkoztat\u00e1s \u00e1llapot\u00e1t. A foglalkoztat\u00e1s n\u00f6veked\u00e9s\u00e9t c\u00e9lz\u00f3 int\u00e9zked\u00e9sek, k\u00f6zt\u00fck a Munkahelyv\u00e9delmi Akci\u00f3terv, el\u0151seg\u00edtette a fiatalok elhelyezked\u00e9s\u00e9t. A kedvez\u0151 munkaer\u0151piaci helyzet meg\u0151rz\u00e9se fontos a fenntarthat\u00f3 felz\u00e1rk\u00f3z\u00e1shoz, a legfrissebb adatok tanuls\u00e1ga szerint \u00e9rdemes \u00fajra figyelni a p\u00e1lyakezd\u0151kre.<\/strong><\/p>\n<p style=\"text-align: justify;\">\u00a0A 2008-as gazdas\u00e1gi v\u00e1ls\u00e1g s\u00falyos bizony\u00edt\u00e9kkal szolg\u00e1lt a nemzetk\u00f6zi szakirodalomban is gyakran t\u00e1rgyalt jelens\u00e9gre, ami szerint a fiatalok foglalkoztat\u00e1si \u00e9s munkan\u00e9lk\u00fclis\u00e9gi adatai \u00e9rz\u00e9kenyen reag\u00e1lnak a konjunkt\u00fara v\u00e1ltoz\u00e1saira. A ciklikus munkan\u00e9lk\u00fclis\u00e9g struktur\u00e1lis probl\u00e9m\u00e1v\u00e1 s\u00falyosbodhat, amennyiben az \u00e1ll\u00e1skeres\u0151k hosszabb ideig t\u00e1vol maradnak a munkaer\u0151piact\u00f3l. A fiatal feln\u0151ttek eset\u00e9ben egy elh\u00faz\u00f3d\u00f3 munkan\u00e9lk\u00fclis\u00e9gi id\u0151szak nagyobb val\u00f3sz\u00edn\u0171s\u00e9ggel eredm\u00e9nyezhet a j\u00f6v\u0151ben tov\u00e1bbi munkan\u00e9lk\u00fclis\u00e9get, tud\u00e1serod\u00e1l\u00e1st \u00e9s alacsonyabb j\u00f6vedelmet. A fiatalkori munkan\u00e9lk\u00fclis\u00e9g magas szintje nemcsak a v\u00e1ls\u00e1g idej\u00e9n, hanem napjainkban is jelent\u0151s t\u00e1rsadalmi \u00e9s gazdas\u00e1gi k\u00f6lts\u00e9get, valamint termel\u00e9kenys\u00e9gi vesztes\u00e9get okozhat. Magyarorsz\u00e1got a v\u00e1ls\u00e1g el\u0151tt alacsony munkaer\u0151piaci aktivit\u00e1s jellemezte, amit a recesszi\u00f3 csak s\u00falyosb\u00edtott. 2010-ben fordulat k\u00f6vetkezett be a munkaer\u0151piacon, az elm\u00falt \u00e9vtizedben a foglalkoztat\u00e1s a rendszerv\u00e1lt\u00e1s \u00f3ta nem l\u00e1tott magass\u00e1gokba emelkedett, m\u00edg a munkan\u00e9lk\u00fclis\u00e9gi r\u00e1ta historikus m\u00e9lypontj\u00e1ra s\u00fcllyedt. Ehhez korm\u00e1nyzati int\u00e9zked\u00e9sek munkakeresleti \u00e9s munkak\u00edn\u00e1lati hat\u00e1sai is hozz\u00e1j\u00e1rultak. Erre kiemelt p\u00e9lda a 2013-t\u00f3l \u00e9letbe l\u00e9p\u0151 Munkahelyv\u00e9delmi Akci\u00f3terv, ami a recesszi\u00f3ban s\u00e9r\u00fcl\u00e9kenny\u00e9 v\u00e1lt, alacsony foglalkoztat\u00e1si r\u00e1t\u00e1val rendelkez\u0151 munkaer\u0151piaci csoportokat, k\u00f6zt\u00fck a fiatal koroszt\u00e1lyt c\u00e9lozta meg. R\u00e9szben a gazdas\u00e1gpolitikai int\u00e9zked\u00e9seknek, r\u00e9szben a v\u00e1llalatok n\u00f6vekv\u0151 munkakereslet\u00e9nek k\u00f6sz\u00f6nhet\u0151en az Eur\u00f3pai Uni\u00f3n bel\u00fcl Magyarorsz\u00e1gon siker\u00fclt az egyik legnagyobb m\u00e9rt\u00e9kben cs\u00f6kkenteni a 15-24 \u00e9vesek munkan\u00e9lk\u00fclis\u00e9gi r\u00e1t\u00e1j\u00e1t a v\u00e1ls\u00e1g el\u0151tti id\u0151szakhoz k\u00e9pest. A munkan\u00e9lk\u00fclis\u00e9gi r\u00e1ta elm\u00falt h\u00f3napokban regisztr\u00e1lt 3,5 sz\u00e1zal\u00e9k k\u00f6r\u00fcli \u00e9rt\u00e9keit l\u00e1tva kijelenthetj\u00fck, hogy a magyar munkaer\u0151piac l\u00e9nyeg\u00e9ben megk\u00f6zel\u00edtette a teljes foglalkoztat\u00e1s \u00e1llapot\u00e1t. Az aggreg\u00e1lt mutat\u00f3k azonban nem mutatnak teljes k\u00e9pet a hazai helyzetr\u0151l. Az \u00e9rdemi l\u00e9tsz\u00e1mn\u00f6veked\u00e9s ellen\u00e9re egyes csoportok az \u00e1tlagn\u00e1l nehezebben tal\u00e1lnak \u00e1ll\u00e1st. A kev\u00e9sb\u00e9 foglalkoztatott csoportok k\u00f6z\u00e9 sorolhat\u00f3k t\u00f6bbek k\u00f6z\u00f6tt a nyugd\u00edjhoz k\u00f6zel \u00e1ll\u00f3k, az alacsonyan k\u00e9pzettek vagy a sz\u00fcl\u0151k\u00e9pes kor\u00fa n\u0151k. A 2012-t\u0151l indul\u00f3, trendszer\u0171 cs\u00f6kken\u00e9s sor\u00e1n a fiatalkori (15-24 \u00e9ves) munkan\u00e9lk\u00fclis\u00e9gi r\u00e1ta 2018 m\u00e1jus\u00e1ban historikus m\u00e9lypontj\u00e1ra, 8,8 sz\u00e1zal\u00e9kra s\u00fcllyedt. Ezt k\u00f6vet\u0151en azonban a r\u00e1ta m\u00e1sf\u00e9l \u00e9v alatt k\u00f6zel 4,5 sz\u00e1zal\u00e9kponttal emelkedett \u00e9s 2019 november\u00e9ben a r\u00e1ta \u00fajb\u00f3l 13,2 sz\u00e1zal\u00e9kot tett ki (3. \u00e1bra). A fiatal munkan\u00e9lk\u00fcliek sz\u00e1ma 15 ezer f\u0151vel, 43 ezerre n\u00f6vekedett a 2018 m\u00e1jusi adathoz k\u00e9pest. Mivel a t\u00f6bbi korcsoportban folytat\u00f3dott a munkan\u00e9lk\u00fclis\u00e9g cs\u00f6kken\u00e9se, \u00edgy jelenleg minden negyedik munkan\u00e9lk\u00fcli a fiatalok k\u00f6z\u00fcl ker\u00fcl ki. A magasabb k\u00e9pzetts\u00e9g\u0171 \u00e9s megfelel\u0151 k\u00e9szs\u00e9gekkel rendelkez\u0151 munkav\u00e1llal\u00f3k k\u00f6nnyebben tal\u00e1lnak munk\u00e1t \u00e9s t\u00f6bbet is keresnek t\u00e1rsaikn\u00e1l, \u00edgy a fiatalok munkapiacra val\u00f3 bel\u00e9p\u00e9s sor\u00e1n sokat sz\u00e1m\u00edt az oktat\u00e1si rendszer versenyk\u00e9pess\u00e9ge. Emellett, mint azt a legut\u00f3bbi v\u00e1ls\u00e1g nemzetk\u00f6zi tapasztalatai is mutatt\u00e1k a konjunkt\u00fara lanyhul\u00e1sa legel\u0151sz\u00f6r a fiatal munkav\u00e1llal\u00f3kkal kapcsolatos munkakeresletet cs\u00f6kkentheti. Az MNB 330 pontos versenyk\u00e9pess\u00e9gi programja a munkaer\u0151piacot k\u00f6zvetlen\u00fcl \u00e9rint\u0151 javaslatok (p\u00e9ld\u00e1ul atipikus foglalkoztat\u00e1si form\u00e1k elterjed\u00e9s\u00e9nek \u00f6szt\u00f6nz\u00e9se, Munkahelyv\u00e9delmi Akci\u00f3terv kiterjeszt\u00e9se a munkav\u00e1llal\u00f3i j\u00e1rul\u00e9kokra) mellett az oktat\u00e1s ter\u00fclet\u00e9vel is kiemelten foglalkozik. A gyors technol\u00f3giai fejl\u0151d\u00e9s k\u00f6vetkezt\u00e9ben a munkav\u00e9gz\u00e9shez sz\u00fcks\u00e9ges k\u00e9szs\u00e9gek \u00e9s ismeretek folyamatos v\u00e1ltoz\u00e1s\u00e1ra kell felk\u00e9sz\u00edteni a tanulm\u00e1nyaik elv\u00e9gz\u00e9s\u00e9t k\u00f6vet\u0151en a munkaer\u0151piacra l\u00e9p\u0151ket.<\/p>\n<p>Forr\u00e1s: portfolio.hu<\/p>\n","protected":false},"excerpt":{"rendered":"<p>A 2010-ben bek\u00f6vetkezett munkaer\u0151piaci fordulat \u00f3ta a magyar gazdas\u00e1g megk\u00f6zel\u00edtette a teljes foglalkoztat\u00e1s \u00e1llapot\u00e1t. A foglalkoztat\u00e1s n\u00f6veked\u00e9s\u00e9t c\u00e9lz\u00f3 int\u00e9zked\u00e9sek, k\u00f6zt\u00fck a Munkahelyv\u00e9delmi Akci\u00f3terv, el\u0151seg\u00edtette a fiatalok elhelyezked\u00e9s\u00e9t. A kedvez\u0151 munkaer\u0151piaci helyzet meg\u0151rz\u00e9se fontos a fenntarthat\u00f3 felz\u00e1rk\u00f3z\u00e1shoz, a legfrissebb adatok tanuls\u00e1ga szerint \u00e9rdemes \u00fajra figyelni a p\u00e1lyakezd\u0151kre. \u00a0A 2008-as gazdas\u00e1gi v\u00e1ls\u00e1g s\u00falyos bizony\u00edt\u00e9kkal szolg\u00e1lt a nemzetk\u00f6zi [&hellip;]<\/p>\n","protected":false},"author":1,"featured_media":2761,"comment_status":"open","ping_status":"open","sticky":false,"template":"","format":"standard","meta":{"_monsterinsights_skip_tracking":false,"footnotes":""},"categories":[200],"tags":[],"class_list":["post-3708","post","type-post","status-publish","format-standard","has-post-thumbnail","hentry","category-munkaeropiac"],"aioseo_notices":[],"aioseo_head":"\n\t\t<!-- All in One SEO 5.0.0.1 - aioseo.com -->\n\t<meta name=\"description\" content=\"A 2010-ben bek\u00f6vetkezett munkaer\u0151piaci fordulat \u00f3ta a magyar gazdas\u00e1g megk\u00f6zel\u00edtette a teljes foglalkoztat\u00e1s \u00e1llapot\u00e1t. A foglalkoztat\u00e1s n\u00f6veked\u00e9s\u00e9t c\u00e9lz\u00f3 int\u00e9zked\u00e9sek, k\u00f6zt\u00fck a Munkahelyv\u00e9delmi Akci\u00f3terv, el\u0151seg\u00edtette a fiatalok elhelyezked\u00e9s\u00e9t. A kedvez\u0151 munkaer\u0151piaci helyzet meg\u0151rz\u00e9se fontos a fenntarthat\u00f3 felz\u00e1rk\u00f3z\u00e1shoz, a legfrissebb adatok tanuls\u00e1ga szerint \u00e9rdemes \u00fajra figyelni a p\u00e1lyakezd\u0151kre. A 2008-as gazdas\u00e1gi v\u00e1ls\u00e1g s\u00falyos bizony\u00edt\u00e9kkal szolg\u00e1lt a nemzetk\u00f6zi\" \/>\n\t<meta name=\"robots\" content=\"max-image-preview:large\" \/>\n\t<meta name=\"author\" content=\"Juh\u00e1sz P\u00e9ter\"\/>\n\t<link rel=\"canonical\" href=\"https:\/\/allasorias.hu\/hirek\/a-fiatalkori-munkanelkuliseg-nagyobb-figyelmet-erdemel\/\" \/>\n\t<meta name=\"generator\" content=\"All in One SEO (AIOSEO) 5.0.0.1\" \/>\n\t\t<meta property=\"og:locale\" content=\"hu_HU\" \/>\n\t\t<meta property=\"og:site_name\" content=\"AllasOrias.hu | H\u00edrek-lapszemle | \u00dczleti h\u00edrek az \u00e1ll\u00e1s \u00e9s a munka vil\u00e1g\u00e1b\u00f3l\" \/>\n\t\t<meta property=\"og:type\" content=\"article\" \/>\n\t\t<meta property=\"og:title\" content=\"A fiatalkori munkan\u00e9lk\u00fclis\u00e9g nagyobb figyelmet \u00e9rdemel | AllasOrias.hu | H\u00edrek-lapszemle\" \/>\n\t\t<meta property=\"og:description\" content=\"A 2010-ben bek\u00f6vetkezett munkaer\u0151piaci fordulat \u00f3ta a magyar gazdas\u00e1g megk\u00f6zel\u00edtette a teljes foglalkoztat\u00e1s \u00e1llapot\u00e1t. A foglalkoztat\u00e1s n\u00f6veked\u00e9s\u00e9t c\u00e9lz\u00f3 int\u00e9zked\u00e9sek, k\u00f6zt\u00fck a Munkahelyv\u00e9delmi Akci\u00f3terv, el\u0151seg\u00edtette a fiatalok elhelyezked\u00e9s\u00e9t. A kedvez\u0151 munkaer\u0151piaci helyzet meg\u0151rz\u00e9se fontos a fenntarthat\u00f3 felz\u00e1rk\u00f3z\u00e1shoz, a legfrissebb adatok tanuls\u00e1ga szerint \u00e9rdemes \u00fajra figyelni a p\u00e1lyakezd\u0151kre. A 2008-as gazdas\u00e1gi v\u00e1ls\u00e1g s\u00falyos bizony\u00edt\u00e9kkal szolg\u00e1lt a nemzetk\u00f6zi\" \/>\n\t\t<meta property=\"og:url\" content=\"https:\/\/allasorias.hu\/hirek\/a-fiatalkori-munkanelkuliseg-nagyobb-figyelmet-erdemel\/\" \/>\n\t\t<meta property=\"og:image\" content=\"https:\/\/allasorias.hu\/hirek\/wp-content\/uploads\/2019\/04\/feedback-2990424_640.jpg\" \/>\n\t\t<meta property=\"og:image:secure_url\" content=\"https:\/\/allasorias.hu\/hirek\/wp-content\/uploads\/2019\/04\/feedback-2990424_640.jpg\" \/>\n\t\t<meta property=\"og:image:width\" content=\"640\" \/>\n\t\t<meta property=\"og:image:height\" content=\"426\" \/>\n\t\t<meta property=\"article:published_time\" content=\"2020-01-24T07:51:01+00:00\" \/>\n\t\t<meta property=\"article:modified_time\" content=\"2020-01-24T07:51:01+00:00\" \/>\n\t\t<meta property=\"article:publisher\" content=\"https:\/\/www.facebook.com\/allasorias\" \/>\n\t\t<meta name=\"twitter:card\" content=\"summary_large_image\" \/>\n\t\t<meta name=\"twitter:title\" content=\"A fiatalkori munkan\u00e9lk\u00fclis\u00e9g nagyobb figyelmet \u00e9rdemel | AllasOrias.hu | H\u00edrek-lapszemle\" \/>\n\t\t<meta name=\"twitter:description\" content=\"A 2010-ben bek\u00f6vetkezett munkaer\u0151piaci fordulat \u00f3ta a magyar gazdas\u00e1g megk\u00f6zel\u00edtette a teljes foglalkoztat\u00e1s \u00e1llapot\u00e1t. A foglalkoztat\u00e1s n\u00f6veked\u00e9s\u00e9t c\u00e9lz\u00f3 int\u00e9zked\u00e9sek, k\u00f6zt\u00fck a Munkahelyv\u00e9delmi Akci\u00f3terv, el\u0151seg\u00edtette a fiatalok elhelyezked\u00e9s\u00e9t. A kedvez\u0151 munkaer\u0151piaci helyzet meg\u0151rz\u00e9se fontos a fenntarthat\u00f3 felz\u00e1rk\u00f3z\u00e1shoz, a legfrissebb adatok tanuls\u00e1ga szerint \u00e9rdemes \u00fajra figyelni a p\u00e1lyakezd\u0151kre. A 2008-as gazdas\u00e1gi v\u00e1ls\u00e1g s\u00falyos bizony\u00edt\u00e9kkal szolg\u00e1lt a nemzetk\u00f6zi\" \/>\n\t\t<meta name=\"twitter:image\" content=\"https:\/\/allasorias.hu\/hirek\/wp-content\/uploads\/2019\/04\/feedback-2990424_640.jpg\" \/>\n\t\t<meta name=\"twitter:label1\" content=\"Written by\" \/>\n\t\t<meta name=\"twitter:data1\" content=\"Juh\u00e1sz P\u00e9ter\" \/>\n\t\t<meta name=\"twitter:label2\" content=\"Est. reading time\" \/>\n\t\t<meta name=\"twitter:data2\" content=\"4 minutes\" \/>\n\t\t<script type=\"application\/ld+json\" class=\"aioseo-schema\">\n\t\t\t{\"@context\":\"https:\\\/\\\/schema.org\",\"@graph\":[{\"@type\":\"Article\",\"@id\":\"https:\\\/\\\/allasorias.hu\\\/hirek\\\/a-fiatalkori-munkanelkuliseg-nagyobb-figyelmet-erdemel\\\/#article\",\"name\":\"A fiatalkori munkan\\u00e9lk\\u00fclis\\u00e9g nagyobb figyelmet \\u00e9rdemel | AllasOrias.hu | H\\u00edrek-lapszemle\",\"headline\":\"A fiatalkori munkan\\u00e9lk\\u00fclis\\u00e9g nagyobb figyelmet \\u00e9rdemel\",\"author\":{\"@id\":\"https:\\\/\\\/allasorias.hu\\\/hirek\\\/author\\\/admin-allasorias\\\/#author\"},\"publisher\":{\"@id\":\"https:\\\/\\\/allasorias.hu\\\/hirek\\\/#organization\"},\"image\":{\"@type\":\"ImageObject\",\"url\":\"https:\\\/\\\/allasorias.hu\\\/hirek\\\/wp-content\\\/uploads\\\/2019\\\/04\\\/feedback-2990424_640.jpg\",\"width\":640,\"height\":426},\"datePublished\":\"2020-01-24T07:51:01+02:00\",\"dateModified\":\"2020-01-24T07:51:01+02:00\",\"inLanguage\":\"hu-HU\",\"mainEntityOfPage\":{\"@id\":\"https:\\\/\\\/allasorias.hu\\\/hirek\\\/a-fiatalkori-munkanelkuliseg-nagyobb-figyelmet-erdemel\\\/#webpage\"},\"isPartOf\":{\"@id\":\"https:\\\/\\\/allasorias.hu\\\/hirek\\\/a-fiatalkori-munkanelkuliseg-nagyobb-figyelmet-erdemel\\\/#webpage\"},\"articleSection\":\"Munkaer\\u0151piac\"},{\"@type\":\"BreadcrumbList\",\"@id\":\"https:\\\/\\\/allasorias.hu\\\/hirek\\\/a-fiatalkori-munkanelkuliseg-nagyobb-figyelmet-erdemel\\\/#breadcrumblist\",\"itemListElement\":[{\"@type\":\"ListItem\",\"@id\":\"https:\\\/\\\/allasorias.hu\\\/hirek#listItem\",\"position\":1,\"name\":\"Home\",\"item\":\"https:\\\/\\\/allasorias.hu\\\/hirek\",\"nextItem\":{\"@type\":\"ListItem\",\"@id\":\"https:\\\/\\\/allasorias.hu\\\/hirek\\\/temak\\\/munkaeropiac\\\/#listItem\",\"name\":\"Munkaer\\u0151piac\"}},{\"@type\":\"ListItem\",\"@id\":\"https:\\\/\\\/allasorias.hu\\\/hirek\\\/temak\\\/munkaeropiac\\\/#listItem\",\"position\":2,\"name\":\"Munkaer\\u0151piac\",\"item\":\"https:\\\/\\\/allasorias.hu\\\/hirek\\\/temak\\\/munkaeropiac\\\/\",\"nextItem\":{\"@type\":\"ListItem\",\"@id\":\"https:\\\/\\\/allasorias.hu\\\/hirek\\\/a-fiatalkori-munkanelkuliseg-nagyobb-figyelmet-erdemel\\\/#listItem\",\"name\":\"A fiatalkori munkan\\u00e9lk\\u00fclis\\u00e9g nagyobb figyelmet \\u00e9rdemel\"},\"previousItem\":{\"@type\":\"ListItem\",\"@id\":\"https:\\\/\\\/allasorias.hu\\\/hirek#listItem\",\"name\":\"Home\"}},{\"@type\":\"ListItem\",\"@id\":\"https:\\\/\\\/allasorias.hu\\\/hirek\\\/a-fiatalkori-munkanelkuliseg-nagyobb-figyelmet-erdemel\\\/#listItem\",\"position\":3,\"name\":\"A fiatalkori munkan\\u00e9lk\\u00fclis\\u00e9g nagyobb figyelmet \\u00e9rdemel\",\"previousItem\":{\"@type\":\"ListItem\",\"@id\":\"https:\\\/\\\/allasorias.hu\\\/hirek\\\/temak\\\/munkaeropiac\\\/#listItem\",\"name\":\"Munkaer\\u0151piac\"}}]},{\"@type\":\"Organization\",\"@id\":\"https:\\\/\\\/allasorias.hu\\\/hirek\\\/#organization\",\"name\":\"AllasOrias.hu | H\\u00edrek-lapszemle\",\"description\":\"\\u00dczleti h\\u00edrek az \\u00e1ll\\u00e1s \\u00e9s a munka vil\\u00e1g\\u00e1b\\u00f3l\",\"url\":\"https:\\\/\\\/allasorias.hu\\\/hirek\\\/\",\"logo\":{\"@type\":\"ImageObject\",\"url\":\"https:\\\/\\\/allasorias.hu\\\/hirek\\\/wp-content\\\/uploads\\\/2022\\\/10\\\/allasorias_site_facebok_logo.png\",\"@id\":\"https:\\\/\\\/allasorias.hu\\\/hirek\\\/a-fiatalkori-munkanelkuliseg-nagyobb-figyelmet-erdemel\\\/#organizationLogo\"},\"image\":{\"@id\":\"https:\\\/\\\/allasorias.hu\\\/hirek\\\/a-fiatalkori-munkanelkuliseg-nagyobb-figyelmet-erdemel\\\/#organizationLogo\"},\"sameAs\":[\"https:\\\/\\\/www.facebook.com\\\/allasorias\",\"https:\\\/\\\/www.linkedin.com\\\/company\\\/allasorias\"]},{\"@type\":\"Person\",\"@id\":\"https:\\\/\\\/allasorias.hu\\\/hirek\\\/author\\\/admin-allasorias\\\/#author\",\"url\":\"https:\\\/\\\/allasorias.hu\\\/hirek\\\/author\\\/admin-allasorias\\\/\",\"name\":\"Juh\\u00e1sz P\\u00e9ter\",\"image\":{\"@type\":\"ImageObject\",\"@id\":\"https:\\\/\\\/allasorias.hu\\\/hirek\\\/a-fiatalkori-munkanelkuliseg-nagyobb-figyelmet-erdemel\\\/#authorImage\",\"url\":\"https:\\\/\\\/secure.gravatar.com\\\/avatar\\\/36e6bcb83148978b992977cb0f54d22feb0cce8a0a849a9410532bb2623ba4c6?s=96&d=mm&r=g\",\"width\":96,\"height\":96,\"caption\":\"Juh\\u00e1sz P\\u00e9ter\"}},{\"@type\":\"WebPage\",\"@id\":\"https:\\\/\\\/allasorias.hu\\\/hirek\\\/a-fiatalkori-munkanelkuliseg-nagyobb-figyelmet-erdemel\\\/#webpage\",\"url\":\"https:\\\/\\\/allasorias.hu\\\/hirek\\\/a-fiatalkori-munkanelkuliseg-nagyobb-figyelmet-erdemel\\\/\",\"name\":\"A fiatalkori munkan\\u00e9lk\\u00fclis\\u00e9g nagyobb figyelmet \\u00e9rdemel | AllasOrias.hu | H\\u00edrek-lapszemle\",\"description\":\"A 2010-ben bek\\u00f6vetkezett munkaer\\u0151piaci fordulat \\u00f3ta a magyar gazdas\\u00e1g megk\\u00f6zel\\u00edtette a teljes foglalkoztat\\u00e1s \\u00e1llapot\\u00e1t. A foglalkoztat\\u00e1s n\\u00f6veked\\u00e9s\\u00e9t c\\u00e9lz\\u00f3 int\\u00e9zked\\u00e9sek, k\\u00f6zt\\u00fck a Munkahelyv\\u00e9delmi Akci\\u00f3terv, el\\u0151seg\\u00edtette a fiatalok elhelyezked\\u00e9s\\u00e9t. A kedvez\\u0151 munkaer\\u0151piaci helyzet meg\\u0151rz\\u00e9se fontos a fenntarthat\\u00f3 felz\\u00e1rk\\u00f3z\\u00e1shoz, a legfrissebb adatok tanuls\\u00e1ga szerint \\u00e9rdemes \\u00fajra figyelni a p\\u00e1lyakezd\\u0151kre. A 2008-as gazdas\\u00e1gi v\\u00e1ls\\u00e1g s\\u00falyos bizony\\u00edt\\u00e9kkal szolg\\u00e1lt a nemzetk\\u00f6zi\",\"inLanguage\":\"hu-HU\",\"isPartOf\":{\"@id\":\"https:\\\/\\\/allasorias.hu\\\/hirek\\\/#website\"},\"breadcrumb\":{\"@id\":\"https:\\\/\\\/allasorias.hu\\\/hirek\\\/a-fiatalkori-munkanelkuliseg-nagyobb-figyelmet-erdemel\\\/#breadcrumblist\"},\"author\":{\"@id\":\"https:\\\/\\\/allasorias.hu\\\/hirek\\\/author\\\/admin-allasorias\\\/#author\"},\"creator\":{\"@id\":\"https:\\\/\\\/allasorias.hu\\\/hirek\\\/author\\\/admin-allasorias\\\/#author\"},\"image\":{\"@type\":\"ImageObject\",\"url\":\"https:\\\/\\\/allasorias.hu\\\/hirek\\\/wp-content\\\/uploads\\\/2019\\\/04\\\/feedback-2990424_640.jpg\",\"@id\":\"https:\\\/\\\/allasorias.hu\\\/hirek\\\/a-fiatalkori-munkanelkuliseg-nagyobb-figyelmet-erdemel\\\/#mainImage\",\"width\":640,\"height\":426},\"primaryImageOfPage\":{\"@id\":\"https:\\\/\\\/allasorias.hu\\\/hirek\\\/a-fiatalkori-munkanelkuliseg-nagyobb-figyelmet-erdemel\\\/#mainImage\"},\"datePublished\":\"2020-01-24T07:51:01+02:00\",\"dateModified\":\"2020-01-24T07:51:01+02:00\"},{\"@type\":\"WebSite\",\"@id\":\"https:\\\/\\\/allasorias.hu\\\/hirek\\\/#website\",\"url\":\"https:\\\/\\\/allasorias.hu\\\/hirek\\\/\",\"name\":\"AllasOrias.hu | H\\u00edrek-lapszemle\",\"description\":\"\\u00dczleti h\\u00edrek az \\u00e1ll\\u00e1s \\u00e9s a munka vil\\u00e1g\\u00e1b\\u00f3l\",\"inLanguage\":\"hu-HU\",\"publisher\":{\"@id\":\"https:\\\/\\\/allasorias.hu\\\/hirek\\\/#organization\"}}]}\n\t\t<\/script>\n\t\t<!-- All in One SEO -->\n\n","aioseo_head_json":{"title":"A fiatalkori munkan\u00e9lk\u00fclis\u00e9g nagyobb figyelmet \u00e9rdemel | AllasOrias.hu | H\u00edrek-lapszemle","description":"A 2010-ben bek\u00f6vetkezett munkaer\u0151piaci fordulat \u00f3ta a magyar gazdas\u00e1g megk\u00f6zel\u00edtette a teljes foglalkoztat\u00e1s \u00e1llapot\u00e1t. A foglalkoztat\u00e1s n\u00f6veked\u00e9s\u00e9t c\u00e9lz\u00f3 int\u00e9zked\u00e9sek, k\u00f6zt\u00fck a Munkahelyv\u00e9delmi Akci\u00f3terv, el\u0151seg\u00edtette a fiatalok elhelyezked\u00e9s\u00e9t. A kedvez\u0151 munkaer\u0151piaci helyzet meg\u0151rz\u00e9se fontos a fenntarthat\u00f3 felz\u00e1rk\u00f3z\u00e1shoz, a legfrissebb adatok tanuls\u00e1ga szerint \u00e9rdemes \u00fajra figyelni a p\u00e1lyakezd\u0151kre. A 2008-as gazdas\u00e1gi v\u00e1ls\u00e1g s\u00falyos bizony\u00edt\u00e9kkal szolg\u00e1lt a nemzetk\u00f6zi","canonical_url":"https:\/\/allasorias.hu\/hirek\/a-fiatalkori-munkanelkuliseg-nagyobb-figyelmet-erdemel\/","robots":"max-image-preview:large","keywords":"","webmasterTools":{"miscellaneous":""},"schema":{"@context":"https:\/\/schema.org","@graph":[{"@type":"Article","@id":"https:\/\/allasorias.hu\/hirek\/a-fiatalkori-munkanelkuliseg-nagyobb-figyelmet-erdemel\/#article","name":"A fiatalkori munkan\u00e9lk\u00fclis\u00e9g nagyobb figyelmet \u00e9rdemel | AllasOrias.hu | H\u00edrek-lapszemle","headline":"A fiatalkori munkan\u00e9lk\u00fclis\u00e9g nagyobb figyelmet \u00e9rdemel","author":{"@id":"https:\/\/allasorias.hu\/hirek\/author\/admin-allasorias\/#author"},"publisher":{"@id":"https:\/\/allasorias.hu\/hirek\/#organization"},"image":{"@type":"ImageObject","url":"https:\/\/allasorias.hu\/hirek\/wp-content\/uploads\/2019\/04\/feedback-2990424_640.jpg","width":640,"height":426},"datePublished":"2020-01-24T07:51:01+02:00","dateModified":"2020-01-24T07:51:01+02:00","inLanguage":"hu-HU","mainEntityOfPage":{"@id":"https:\/\/allasorias.hu\/hirek\/a-fiatalkori-munkanelkuliseg-nagyobb-figyelmet-erdemel\/#webpage"},"isPartOf":{"@id":"https:\/\/allasorias.hu\/hirek\/a-fiatalkori-munkanelkuliseg-nagyobb-figyelmet-erdemel\/#webpage"},"articleSection":"Munkaer\u0151piac"},{"@type":"BreadcrumbList","@id":"https:\/\/allasorias.hu\/hirek\/a-fiatalkori-munkanelkuliseg-nagyobb-figyelmet-erdemel\/#breadcrumblist","itemListElement":[{"@type":"ListItem","@id":"https:\/\/allasorias.hu\/hirek#listItem","position":1,"name":"Home","item":"https:\/\/allasorias.hu\/hirek","nextItem":{"@type":"ListItem","@id":"https:\/\/allasorias.hu\/hirek\/temak\/munkaeropiac\/#listItem","name":"Munkaer\u0151piac"}},{"@type":"ListItem","@id":"https:\/\/allasorias.hu\/hirek\/temak\/munkaeropiac\/#listItem","position":2,"name":"Munkaer\u0151piac","item":"https:\/\/allasorias.hu\/hirek\/temak\/munkaeropiac\/","nextItem":{"@type":"ListItem","@id":"https:\/\/allasorias.hu\/hirek\/a-fiatalkori-munkanelkuliseg-nagyobb-figyelmet-erdemel\/#listItem","name":"A fiatalkori munkan\u00e9lk\u00fclis\u00e9g nagyobb figyelmet \u00e9rdemel"},"previousItem":{"@type":"ListItem","@id":"https:\/\/allasorias.hu\/hirek#listItem","name":"Home"}},{"@type":"ListItem","@id":"https:\/\/allasorias.hu\/hirek\/a-fiatalkori-munkanelkuliseg-nagyobb-figyelmet-erdemel\/#listItem","position":3,"name":"A fiatalkori munkan\u00e9lk\u00fclis\u00e9g nagyobb figyelmet \u00e9rdemel","previousItem":{"@type":"ListItem","@id":"https:\/\/allasorias.hu\/hirek\/temak\/munkaeropiac\/#listItem","name":"Munkaer\u0151piac"}}]},{"@type":"Organization","@id":"https:\/\/allasorias.hu\/hirek\/#organization","name":"AllasOrias.hu | H\u00edrek-lapszemle","description":"\u00dczleti h\u00edrek az \u00e1ll\u00e1s \u00e9s a munka vil\u00e1g\u00e1b\u00f3l","url":"https:\/\/allasorias.hu\/hirek\/","logo":{"@type":"ImageObject","url":"https:\/\/allasorias.hu\/hirek\/wp-content\/uploads\/2022\/10\/allasorias_site_facebok_logo.png","@id":"https:\/\/allasorias.hu\/hirek\/a-fiatalkori-munkanelkuliseg-nagyobb-figyelmet-erdemel\/#organizationLogo"},"image":{"@id":"https:\/\/allasorias.hu\/hirek\/a-fiatalkori-munkanelkuliseg-nagyobb-figyelmet-erdemel\/#organizationLogo"},"sameAs":["https:\/\/www.facebook.com\/allasorias","https:\/\/www.linkedin.com\/company\/allasorias"]},{"@type":"Person","@id":"https:\/\/allasorias.hu\/hirek\/author\/admin-allasorias\/#author","url":"https:\/\/allasorias.hu\/hirek\/author\/admin-allasorias\/","name":"Juh\u00e1sz P\u00e9ter","image":{"@type":"ImageObject","@id":"https:\/\/allasorias.hu\/hirek\/a-fiatalkori-munkanelkuliseg-nagyobb-figyelmet-erdemel\/#authorImage","url":"https:\/\/secure.gravatar.com\/avatar\/36e6bcb83148978b992977cb0f54d22feb0cce8a0a849a9410532bb2623ba4c6?s=96&d=mm&r=g","width":96,"height":96,"caption":"Juh\u00e1sz P\u00e9ter"}},{"@type":"WebPage","@id":"https:\/\/allasorias.hu\/hirek\/a-fiatalkori-munkanelkuliseg-nagyobb-figyelmet-erdemel\/#webpage","url":"https:\/\/allasorias.hu\/hirek\/a-fiatalkori-munkanelkuliseg-nagyobb-figyelmet-erdemel\/","name":"A fiatalkori munkan\u00e9lk\u00fclis\u00e9g nagyobb figyelmet \u00e9rdemel | AllasOrias.hu | H\u00edrek-lapszemle","description":"A 2010-ben bek\u00f6vetkezett munkaer\u0151piaci fordulat \u00f3ta a magyar gazdas\u00e1g megk\u00f6zel\u00edtette a teljes foglalkoztat\u00e1s \u00e1llapot\u00e1t. A foglalkoztat\u00e1s n\u00f6veked\u00e9s\u00e9t c\u00e9lz\u00f3 int\u00e9zked\u00e9sek, k\u00f6zt\u00fck a Munkahelyv\u00e9delmi Akci\u00f3terv, el\u0151seg\u00edtette a fiatalok elhelyezked\u00e9s\u00e9t. A kedvez\u0151 munkaer\u0151piaci helyzet meg\u0151rz\u00e9se fontos a fenntarthat\u00f3 felz\u00e1rk\u00f3z\u00e1shoz, a legfrissebb adatok tanuls\u00e1ga szerint \u00e9rdemes \u00fajra figyelni a p\u00e1lyakezd\u0151kre. A 2008-as gazdas\u00e1gi v\u00e1ls\u00e1g s\u00falyos bizony\u00edt\u00e9kkal szolg\u00e1lt a nemzetk\u00f6zi","inLanguage":"hu-HU","isPartOf":{"@id":"https:\/\/allasorias.hu\/hirek\/#website"},"breadcrumb":{"@id":"https:\/\/allasorias.hu\/hirek\/a-fiatalkori-munkanelkuliseg-nagyobb-figyelmet-erdemel\/#breadcrumblist"},"author":{"@id":"https:\/\/allasorias.hu\/hirek\/author\/admin-allasorias\/#author"},"creator":{"@id":"https:\/\/allasorias.hu\/hirek\/author\/admin-allasorias\/#author"},"image":{"@type":"ImageObject","url":"https:\/\/allasorias.hu\/hirek\/wp-content\/uploads\/2019\/04\/feedback-2990424_640.jpg","@id":"https:\/\/allasorias.hu\/hirek\/a-fiatalkori-munkanelkuliseg-nagyobb-figyelmet-erdemel\/#mainImage","width":640,"height":426},"primaryImageOfPage":{"@id":"https:\/\/allasorias.hu\/hirek\/a-fiatalkori-munkanelkuliseg-nagyobb-figyelmet-erdemel\/#mainImage"},"datePublished":"2020-01-24T07:51:01+02:00","dateModified":"2020-01-24T07:51:01+02:00"},{"@type":"WebSite","@id":"https:\/\/allasorias.hu\/hirek\/#website","url":"https:\/\/allasorias.hu\/hirek\/","name":"AllasOrias.hu | H\u00edrek-lapszemle","description":"\u00dczleti h\u00edrek az \u00e1ll\u00e1s \u00e9s a munka vil\u00e1g\u00e1b\u00f3l","inLanguage":"hu-HU","publisher":{"@id":"https:\/\/allasorias.hu\/hirek\/#organization"}}]},"og:locale":"hu_HU","og:site_name":"AllasOrias.hu | H\u00edrek-lapszemle | \u00dczleti h\u00edrek az \u00e1ll\u00e1s \u00e9s a munka vil\u00e1g\u00e1b\u00f3l","og:type":"article","og:title":"A fiatalkori munkan\u00e9lk\u00fclis\u00e9g nagyobb figyelmet \u00e9rdemel | AllasOrias.hu | H\u00edrek-lapszemle","og:description":"A 2010-ben bek\u00f6vetkezett munkaer\u0151piaci fordulat \u00f3ta a magyar gazdas\u00e1g megk\u00f6zel\u00edtette a teljes foglalkoztat\u00e1s \u00e1llapot\u00e1t. A foglalkoztat\u00e1s n\u00f6veked\u00e9s\u00e9t c\u00e9lz\u00f3 int\u00e9zked\u00e9sek, k\u00f6zt\u00fck a Munkahelyv\u00e9delmi Akci\u00f3terv, el\u0151seg\u00edtette a fiatalok elhelyezked\u00e9s\u00e9t. A kedvez\u0151 munkaer\u0151piaci helyzet meg\u0151rz\u00e9se fontos a fenntarthat\u00f3 felz\u00e1rk\u00f3z\u00e1shoz, a legfrissebb adatok tanuls\u00e1ga szerint \u00e9rdemes \u00fajra figyelni a p\u00e1lyakezd\u0151kre. A 2008-as gazdas\u00e1gi v\u00e1ls\u00e1g s\u00falyos bizony\u00edt\u00e9kkal szolg\u00e1lt a nemzetk\u00f6zi","og:url":"https:\/\/allasorias.hu\/hirek\/a-fiatalkori-munkanelkuliseg-nagyobb-figyelmet-erdemel\/","og:image":"https:\/\/allasorias.hu\/hirek\/wp-content\/uploads\/2019\/04\/feedback-2990424_640.jpg","og:image:secure_url":"https:\/\/allasorias.hu\/hirek\/wp-content\/uploads\/2019\/04\/feedback-2990424_640.jpg","og:image:width":640,"og:image:height":426,"article:published_time":"2020-01-24T07:51:01+00:00","article:modified_time":"2020-01-24T07:51:01+00:00","article:publisher":"https:\/\/www.facebook.com\/allasorias","twitter:card":"summary_large_image","twitter:title":"A fiatalkori munkan\u00e9lk\u00fclis\u00e9g nagyobb figyelmet \u00e9rdemel | AllasOrias.hu | H\u00edrek-lapszemle","twitter:description":"A 2010-ben bek\u00f6vetkezett munkaer\u0151piaci fordulat \u00f3ta a magyar gazdas\u00e1g megk\u00f6zel\u00edtette a teljes foglalkoztat\u00e1s \u00e1llapot\u00e1t. A foglalkoztat\u00e1s n\u00f6veked\u00e9s\u00e9t c\u00e9lz\u00f3 int\u00e9zked\u00e9sek, k\u00f6zt\u00fck a Munkahelyv\u00e9delmi Akci\u00f3terv, el\u0151seg\u00edtette a fiatalok elhelyezked\u00e9s\u00e9t. A kedvez\u0151 munkaer\u0151piaci helyzet meg\u0151rz\u00e9se fontos a fenntarthat\u00f3 felz\u00e1rk\u00f3z\u00e1shoz, a legfrissebb adatok tanuls\u00e1ga szerint \u00e9rdemes \u00fajra figyelni a p\u00e1lyakezd\u0151kre. A 2008-as gazdas\u00e1gi v\u00e1ls\u00e1g s\u00falyos bizony\u00edt\u00e9kkal szolg\u00e1lt a nemzetk\u00f6zi","twitter:image":"https:\/\/allasorias.hu\/hirek\/wp-content\/uploads\/2019\/04\/feedback-2990424_640.jpg","twitter:label1":"Written by","twitter:data1":"Juh\u00e1sz P\u00e9ter","twitter:label2":"Est. reading time","twitter:data2":"4 minutes"},"aioseo_meta_data":{"post_id":"3708","title":null,"description":null,"keywords":null,"keyphrases":null,"primary_term":null,"canonical_url":null,"og_title":null,"og_description":null,"og_object_type":"default","og_image_type":"default","og_image_url":null,"og_image_width":null,"og_image_height":null,"og_image_custom_url":null,"og_image_custom_fields":null,"og_video":null,"og_custom_url":null,"og_article_section":null,"og_article_tags":null,"twitter_use_og":false,"twitter_card":"default","twitter_image_type":"default","twitter_image_url":null,"twitter_image_custom_url":null,"twitter_image_custom_fields":null,"twitter_title":null,"twitter_description":null,"schema":{"blockGraphs":[],"customGraphs":[],"default":{"data":{"Article":[],"Course":[],"Dataset":[],"FAQPage":[],"Movie":[],"Person":[],"Product":[],"ProductReview":[],"Car":[],"Recipe":[],"Service":[],"SoftwareApplication":[],"WebPage":[]},"graphName":"","isEnabled":true},"graphs":[],"defaultGraph":"","defaultPostTypeGraph":""},"schema_type":null,"schema_type_options":null,"pillar_content":false,"robots_default":true,"robots_noindex":false,"robots_noarchive":false,"robots_nosnippet":false,"robots_nofollow":false,"robots_noimageindex":false,"robots_noodp":false,"robots_notranslate":false,"robots_max_snippet":null,"robots_max_videopreview":null,"robots_max_imagepreview":"large","priority":null,"frequency":null,"location":null,"local_seo":null,"breadcrumb_settings":null,"limit_modified_date":false,"ai":null,"created":"2021-02-01 21:57:19","updated":"2025-10-02 13:10:20","seo_analyzer_scan_date":null,"focus_keyword":null,"additional_keywords":null,"truseo_locale":null},"aioseo_breadcrumb":"<div class=\"aioseo-breadcrumbs\"><span class=\"aioseo-breadcrumb\">\n\t\t\t<a href=\"https:\/\/allasorias.hu\/hirek\" title=\"Home\">Home<\/a>\n\t\t<\/span><span class=\"aioseo-breadcrumb-separator\">&raquo;<\/span><span class=\"aioseo-breadcrumb\">\n\t\t\t<a href=\"https:\/\/allasorias.hu\/hirek\/temak\/munkaeropiac\/\" title=\"Munkaer\u0151piac\">Munkaer\u0151piac<\/a>\n\t\t<\/span><span class=\"aioseo-breadcrumb-separator\">&raquo;<\/span><span class=\"aioseo-breadcrumb\">\n\t\t\tA fiatalkori munkan\u00e9lk\u00fclis\u00e9g nagyobb figyelmet \u00e9rdemel\n\t\t<\/span><\/div>","aioseo_breadcrumb_json":[{"label":"Home","link":"https:\/\/allasorias.hu\/hirek"},{"label":"Munkaer\u0151piac","link":"https:\/\/allasorias.hu\/hirek\/temak\/munkaeropiac\/"},{"label":"A fiatalkori munkan\u00e9lk\u00fclis\u00e9g nagyobb figyelmet \u00e9rdemel","link":"https:\/\/allasorias.hu\/hirek\/a-fiatalkori-munkanelkuliseg-nagyobb-figyelmet-erdemel\/"}],"_links":{"self":[{"href":"https:\/\/allasorias.hu\/hirek\/wp-json\/wp\/v2\/posts\/3708","targetHints":{"allow":["GET"]}}],"collection":[{"href":"https:\/\/allasorias.hu\/hirek\/wp-json\/wp\/v2\/posts"}],"about":[{"href":"https:\/\/allasorias.hu\/hirek\/wp-json\/wp\/v2\/types\/post"}],"author":[{"embeddable":true,"href":"https:\/\/allasorias.hu\/hirek\/wp-json\/wp\/v2\/users\/1"}],"replies":[{"embeddable":true,"href":"https:\/\/allasorias.hu\/hirek\/wp-json\/wp\/v2\/comments?post=3708"}],"version-history":[{"count":1,"href":"https:\/\/allasorias.hu\/hirek\/wp-json\/wp\/v2\/posts\/3708\/revisions"}],"predecessor-version":[{"id":3709,"href":"https:\/\/allasorias.hu\/hirek\/wp-json\/wp\/v2\/posts\/3708\/revisions\/3709"}],"wp:featuredmedia":[{"embeddable":true,"href":"https:\/\/allasorias.hu\/hirek\/wp-json\/wp\/v2\/media\/2761"}],"wp:attachment":[{"href":"https:\/\/allasorias.hu\/hirek\/wp-json\/wp\/v2\/media?parent=3708"}],"wp:term":[{"taxonomy":"category","embeddable":true,"href":"https:\/\/allasorias.hu\/hirek\/wp-json\/wp\/v2\/categories?post=3708"},{"taxonomy":"post_tag","embeddable":true,"href":"https:\/\/allasorias.hu\/hirek\/wp-json\/wp\/v2\/tags?post=3708"}],"curies":[{"name":"wp","href":"https:\/\/api.w.org\/{rel}","templated":true}]}}