{"id":3699,"date":"2020-01-22T08:02:13","date_gmt":"2020-01-22T08:02:13","guid":{"rendered":"https:\/\/allasorias.hu\/hirek\/?p=3699"},"modified":"2020-01-22T08:08:32","modified_gmt":"2020-01-22T08:08:32","slug":"megtartani-a-munkaerot-2","status":"publish","type":"post","link":"https:\/\/allasorias.hu\/hirek\/megtartani-a-munkaerot-2\/","title":{"rendered":"Megtartani a munkaer\u0151t"},"content":{"rendered":"<p><strong>Negyedszer k\u00e9rdezz\u00fck meg olvas\u00f3inkat arr\u00f3l, hogy szerint\u00fck mi lesz az idei \u00e9vben a legfontosabb feladat a HR-esek sz\u00e1m\u00e1ra. Ahogy m\u00e1r \u00e9vek \u00f3ta, id\u00e9n is a munkaer\u0151 megtart\u00e1sa szerepelt az \u00e9len. Ett\u0151l a teend\u0151t\u0151l minden m\u00e1s feladat jelent\u0151sen elmarad a szavazatok alapj\u00e1n.<\/strong><\/p>\n<p>Nem reprezentat\u00edv szavaz\u00e1sunkban \u00f6sszesen 249 olvas\u00f3nk szavazott, akiknek k\u00f6zel 58%-a \u00fagy v\u00e9li, hogy a munkav\u00e1llal\u00f3k megtart\u00e1sa kell, hogy legyen id\u00e9n is a legfontosabb HR feladat. A v\u00e1lasz persze nem meglep\u0151, hiszen a tov\u00e1bbra is fesz\u00edtett munkaer\u0151piacon, a szakk\u00e9pzett munkaer\u0151 toborz\u00e1sa, a munkaer\u0151-tartal\u00e9kok megtal\u00e1l\u00e1sa egyre nehezebb. \u00cdgy egyre \u00e9rt\u00e9kesebbnek bizonyul a m\u00e1r megl\u00e9v\u0151 munkaer\u0151, akinek a magtart\u00e1s\u00e1\u00e9rt egyre ink\u00e1bb tenni kell. \u00cdgy az sem meglep\u0151, hogy a m\u00e1sodik legfontosabb t\u00e9nyez\u0151, a megtart\u00e1shoz szorosan kapcsol\u00f3d\u00f3 elk\u00f6telez\u00e9s lett, amire a v\u00e1laszad\u00f3k 11%-a voksolt. \u00cdgy a megtart\u00e1s \u00e9s az elk\u00f6telez\u00e9s, mint legfontosabb c\u00e9l, m\u00e1r a v\u00e1laszok t\u00f6bb mint k\u00e9tharmad\u00e1t teszi ki. Szinte minden \u00e9vben ker\u00fcl a szavaz\u00e1sba \u00faj t\u00e9nyez\u0151, amir\u0151l \u00fagy \u00e9rezz\u00fck a szerkeszt\u0151s\u00e9gben, hogy mint t\u00e9ma egyre fontosabba HR-ben az adott \u00e9vben. \u00cdgy ker\u00fclt be id\u00e9n a list\u00e1ba a munkav\u00e1llal\u00f3i \u00e9lm\u00e9ny biztos\u00edt\u00e1sa, ami szint\u00e9n r\u00e9sze a megtart\u00e1s t\u00e9mak\u00f6r\u00e9nek. Ezt m\u00e9g nem sokan tekintik fontos HR feladatnak, mind\u00f6ssze a v\u00e1laszad\u00f3k 3,6%-a szerint fontos, holtversenyben a vezet\u0151fejleszt\u00e9ssel. Egy\u00e9bk\u00e9nt harmadik \u00e9s negyedik helyen v\u00e9gzett a munkav\u00e1llal\u00f3k k\u00e9pz\u00e9se, \u00e1tk\u00e9pz\u00e9se, valamint a digitaliz\u00e1ci\u00f3val val\u00f3 megbirk\u00f3z\u00e1s a HR-ben. A digitaliz\u00e1ci\u00f3 kih\u00edv\u00e1s\u00e1t h\u00e1romszor annyian \u00e9rz\u00e9kelik fontos feladatnak, mint tavaly, de m\u00e9g mindig csak a v\u00e1laszad\u00f3k 7,2%-a sz\u00e1m\u00e1ra fontos. Ami \u00fagy t\u0171nik legkev\u00e9sb\u00e9 fontos a HR feladatok k\u00f6z\u00f6tt, tal\u00e1n mert a v\u00e1laszad\u00f3k \u00fagy \u00e9rzik, hogy ez a ter\u00fclet m\u00e1r rendben van vagy kev\u00e9ss\u00e9 van vele teend\u0151j\u00fck, az a munk\u00e1ltat\u00f3i m\u00e1rka er\u0151s\u00edt\u00e9se. Erre a t\u00e9nyez\u0151re mind\u00f6ssze egyetlen szavazat \u00e9rkezett mostani szavaz\u00e1sunkon.<\/p>\n<p>Forr\u00e1s: hrportal.hu<\/p>\n","protected":false},"excerpt":{"rendered":"<p>Negyedszer k\u00e9rdezz\u00fck meg olvas\u00f3inkat arr\u00f3l, hogy szerint\u00fck mi lesz az idei \u00e9vben a legfontosabb feladat a HR-esek sz\u00e1m\u00e1ra. Ahogy m\u00e1r \u00e9vek \u00f3ta, id\u00e9n is a munkaer\u0151 megtart\u00e1sa szerepelt az \u00e9len. Ett\u0151l a teend\u0151t\u0151l minden m\u00e1s feladat jelent\u0151sen elmarad a szavazatok alapj\u00e1n. Nem reprezentat\u00edv szavaz\u00e1sunkban \u00f6sszesen 249 olvas\u00f3nk szavazott, akiknek k\u00f6zel 58%-a \u00fagy v\u00e9li, hogy a [&hellip;]<\/p>\n","protected":false},"author":1,"featured_media":2248,"comment_status":"open","ping_status":"open","sticky":false,"template":"","format":"standard","meta":{"_monsterinsights_skip_tracking":false,"footnotes":""},"categories":[200],"tags":[],"class_list":["post-3699","post","type-post","status-publish","format-standard","has-post-thumbnail","hentry","category-munkaeropiac"],"aioseo_notices":[],"aioseo_head":"\n\t\t<!-- All in One SEO 5.0.0.1 - aioseo.com -->\n\t<meta name=\"description\" content=\"Negyedszer k\u00e9rdezz\u00fck meg olvas\u00f3inkat arr\u00f3l, hogy szerint\u00fck mi lesz az idei \u00e9vben a legfontosabb feladat a HR-esek sz\u00e1m\u00e1ra. Ahogy m\u00e1r \u00e9vek \u00f3ta, id\u00e9n is a munkaer\u0151 megtart\u00e1sa szerepelt az \u00e9len. Ett\u0151l a teend\u0151t\u0151l minden m\u00e1s feladat jelent\u0151sen elmarad a szavazatok alapj\u00e1n. Nem reprezentat\u00edv szavaz\u00e1sunkban \u00f6sszesen 249 olvas\u00f3nk szavazott, akiknek k\u00f6zel 58%-a \u00fagy v\u00e9li, hogy a\" \/>\n\t<meta name=\"robots\" content=\"max-image-preview:large\" \/>\n\t<meta name=\"author\" content=\"Juh\u00e1sz P\u00e9ter\"\/>\n\t<link rel=\"canonical\" href=\"https:\/\/allasorias.hu\/hirek\/megtartani-a-munkaerot-2\/\" \/>\n\t<meta name=\"generator\" content=\"All in One SEO (AIOSEO) 5.0.0.1\" \/>\n\t\t<meta property=\"og:locale\" content=\"hu_HU\" \/>\n\t\t<meta property=\"og:site_name\" content=\"AllasOrias.hu | H\u00edrek-lapszemle | \u00dczleti h\u00edrek az \u00e1ll\u00e1s \u00e9s a munka vil\u00e1g\u00e1b\u00f3l\" \/>\n\t\t<meta property=\"og:type\" content=\"article\" \/>\n\t\t<meta property=\"og:title\" content=\"Megtartani a munkaer\u0151t | AllasOrias.hu | H\u00edrek-lapszemle\" \/>\n\t\t<meta property=\"og:description\" content=\"Negyedszer k\u00e9rdezz\u00fck meg olvas\u00f3inkat arr\u00f3l, hogy szerint\u00fck mi lesz az idei \u00e9vben a legfontosabb feladat a HR-esek sz\u00e1m\u00e1ra. Ahogy m\u00e1r \u00e9vek \u00f3ta, id\u00e9n is a munkaer\u0151 megtart\u00e1sa szerepelt az \u00e9len. Ett\u0151l a teend\u0151t\u0151l minden m\u00e1s feladat jelent\u0151sen elmarad a szavazatok alapj\u00e1n. Nem reprezentat\u00edv szavaz\u00e1sunkban \u00f6sszesen 249 olvas\u00f3nk szavazott, akiknek k\u00f6zel 58%-a \u00fagy v\u00e9li, hogy a\" \/>\n\t\t<meta property=\"og:url\" content=\"https:\/\/allasorias.hu\/hirek\/megtartani-a-munkaerot-2\/\" \/>\n\t\t<meta property=\"og:image\" content=\"https:\/\/allasorias.hu\/hirek\/wp-content\/uploads\/2018\/11\/lead_560w-1.jpg\" \/>\n\t\t<meta property=\"og:image:secure_url\" content=\"https:\/\/allasorias.hu\/hirek\/wp-content\/uploads\/2018\/11\/lead_560w-1.jpg\" \/>\n\t\t<meta property=\"og:image:width\" content=\"560\" \/>\n\t\t<meta property=\"og:image:height\" content=\"420\" \/>\n\t\t<meta property=\"article:published_time\" content=\"2020-01-22T08:02:13+00:00\" \/>\n\t\t<meta property=\"article:modified_time\" content=\"2020-01-22T08:08:32+00:00\" \/>\n\t\t<meta property=\"article:publisher\" content=\"https:\/\/www.facebook.com\/allasorias\" \/>\n\t\t<meta name=\"twitter:card\" content=\"summary_large_image\" \/>\n\t\t<meta name=\"twitter:title\" content=\"Megtartani a munkaer\u0151t | AllasOrias.hu | H\u00edrek-lapszemle\" \/>\n\t\t<meta name=\"twitter:description\" content=\"Negyedszer k\u00e9rdezz\u00fck meg olvas\u00f3inkat arr\u00f3l, hogy szerint\u00fck mi lesz az idei \u00e9vben a legfontosabb feladat a HR-esek sz\u00e1m\u00e1ra. Ahogy m\u00e1r \u00e9vek \u00f3ta, id\u00e9n is a munkaer\u0151 megtart\u00e1sa szerepelt az \u00e9len. Ett\u0151l a teend\u0151t\u0151l minden m\u00e1s feladat jelent\u0151sen elmarad a szavazatok alapj\u00e1n. Nem reprezentat\u00edv szavaz\u00e1sunkban \u00f6sszesen 249 olvas\u00f3nk szavazott, akiknek k\u00f6zel 58%-a \u00fagy v\u00e9li, hogy a\" \/>\n\t\t<meta name=\"twitter:image\" content=\"https:\/\/allasorias.hu\/hirek\/wp-content\/uploads\/2018\/11\/lead_560w-1.jpg\" \/>\n\t\t<meta name=\"twitter:label1\" content=\"Written by\" \/>\n\t\t<meta name=\"twitter:data1\" content=\"Juh\u00e1sz P\u00e9ter\" \/>\n\t\t<meta name=\"twitter:label2\" content=\"Est. reading time\" \/>\n\t\t<meta name=\"twitter:data2\" content=\"2 minutes\" \/>\n\t\t<script type=\"application\/ld+json\" class=\"aioseo-schema\">\n\t\t\t{\"@context\":\"https:\\\/\\\/schema.org\",\"@graph\":[{\"@type\":\"Article\",\"@id\":\"https:\\\/\\\/allasorias.hu\\\/hirek\\\/megtartani-a-munkaerot-2\\\/#article\",\"name\":\"Megtartani a munkaer\\u0151t | AllasOrias.hu | H\\u00edrek-lapszemle\",\"headline\":\"Megtartani a munkaer\\u0151t\",\"author\":{\"@id\":\"https:\\\/\\\/allasorias.hu\\\/hirek\\\/author\\\/admin-allasorias\\\/#author\"},\"publisher\":{\"@id\":\"https:\\\/\\\/allasorias.hu\\\/hirek\\\/#organization\"},\"image\":{\"@type\":\"ImageObject\",\"url\":\"https:\\\/\\\/allasorias.hu\\\/hirek\\\/wp-content\\\/uploads\\\/2018\\\/11\\\/lead_560w-1.jpg\",\"width\":560,\"height\":420},\"datePublished\":\"2020-01-22T08:02:13+02:00\",\"dateModified\":\"2020-01-22T08:08:32+02:00\",\"inLanguage\":\"hu-HU\",\"mainEntityOfPage\":{\"@id\":\"https:\\\/\\\/allasorias.hu\\\/hirek\\\/megtartani-a-munkaerot-2\\\/#webpage\"},\"isPartOf\":{\"@id\":\"https:\\\/\\\/allasorias.hu\\\/hirek\\\/megtartani-a-munkaerot-2\\\/#webpage\"},\"articleSection\":\"Munkaer\\u0151piac\"},{\"@type\":\"BreadcrumbList\",\"@id\":\"https:\\\/\\\/allasorias.hu\\\/hirek\\\/megtartani-a-munkaerot-2\\\/#breadcrumblist\",\"itemListElement\":[{\"@type\":\"ListItem\",\"@id\":\"https:\\\/\\\/allasorias.hu\\\/hirek#listItem\",\"position\":1,\"name\":\"Home\",\"item\":\"https:\\\/\\\/allasorias.hu\\\/hirek\",\"nextItem\":{\"@type\":\"ListItem\",\"@id\":\"https:\\\/\\\/allasorias.hu\\\/hirek\\\/temak\\\/munkaeropiac\\\/#listItem\",\"name\":\"Munkaer\\u0151piac\"}},{\"@type\":\"ListItem\",\"@id\":\"https:\\\/\\\/allasorias.hu\\\/hirek\\\/temak\\\/munkaeropiac\\\/#listItem\",\"position\":2,\"name\":\"Munkaer\\u0151piac\",\"item\":\"https:\\\/\\\/allasorias.hu\\\/hirek\\\/temak\\\/munkaeropiac\\\/\",\"nextItem\":{\"@type\":\"ListItem\",\"@id\":\"https:\\\/\\\/allasorias.hu\\\/hirek\\\/megtartani-a-munkaerot-2\\\/#listItem\",\"name\":\"Megtartani a munkaer\\u0151t\"},\"previousItem\":{\"@type\":\"ListItem\",\"@id\":\"https:\\\/\\\/allasorias.hu\\\/hirek#listItem\",\"name\":\"Home\"}},{\"@type\":\"ListItem\",\"@id\":\"https:\\\/\\\/allasorias.hu\\\/hirek\\\/megtartani-a-munkaerot-2\\\/#listItem\",\"position\":3,\"name\":\"Megtartani a munkaer\\u0151t\",\"previousItem\":{\"@type\":\"ListItem\",\"@id\":\"https:\\\/\\\/allasorias.hu\\\/hirek\\\/temak\\\/munkaeropiac\\\/#listItem\",\"name\":\"Munkaer\\u0151piac\"}}]},{\"@type\":\"Organization\",\"@id\":\"https:\\\/\\\/allasorias.hu\\\/hirek\\\/#organization\",\"name\":\"AllasOrias.hu | H\\u00edrek-lapszemle\",\"description\":\"\\u00dczleti h\\u00edrek az \\u00e1ll\\u00e1s \\u00e9s a munka vil\\u00e1g\\u00e1b\\u00f3l\",\"url\":\"https:\\\/\\\/allasorias.hu\\\/hirek\\\/\",\"logo\":{\"@type\":\"ImageObject\",\"url\":\"https:\\\/\\\/allasorias.hu\\\/hirek\\\/wp-content\\\/uploads\\\/2022\\\/10\\\/allasorias_site_facebok_logo.png\",\"@id\":\"https:\\\/\\\/allasorias.hu\\\/hirek\\\/megtartani-a-munkaerot-2\\\/#organizationLogo\"},\"image\":{\"@id\":\"https:\\\/\\\/allasorias.hu\\\/hirek\\\/megtartani-a-munkaerot-2\\\/#organizationLogo\"},\"sameAs\":[\"https:\\\/\\\/www.facebook.com\\\/allasorias\",\"https:\\\/\\\/www.linkedin.com\\\/company\\\/allasorias\"]},{\"@type\":\"Person\",\"@id\":\"https:\\\/\\\/allasorias.hu\\\/hirek\\\/author\\\/admin-allasorias\\\/#author\",\"url\":\"https:\\\/\\\/allasorias.hu\\\/hirek\\\/author\\\/admin-allasorias\\\/\",\"name\":\"Juh\\u00e1sz P\\u00e9ter\",\"image\":{\"@type\":\"ImageObject\",\"@id\":\"https:\\\/\\\/allasorias.hu\\\/hirek\\\/megtartani-a-munkaerot-2\\\/#authorImage\",\"url\":\"https:\\\/\\\/secure.gravatar.com\\\/avatar\\\/36e6bcb83148978b992977cb0f54d22feb0cce8a0a849a9410532bb2623ba4c6?s=96&d=mm&r=g\",\"width\":96,\"height\":96,\"caption\":\"Juh\\u00e1sz P\\u00e9ter\"}},{\"@type\":\"WebPage\",\"@id\":\"https:\\\/\\\/allasorias.hu\\\/hirek\\\/megtartani-a-munkaerot-2\\\/#webpage\",\"url\":\"https:\\\/\\\/allasorias.hu\\\/hirek\\\/megtartani-a-munkaerot-2\\\/\",\"name\":\"Megtartani a munkaer\\u0151t | AllasOrias.hu | H\\u00edrek-lapszemle\",\"description\":\"Negyedszer k\\u00e9rdezz\\u00fck meg olvas\\u00f3inkat arr\\u00f3l, hogy szerint\\u00fck mi lesz az idei \\u00e9vben a legfontosabb feladat a HR-esek sz\\u00e1m\\u00e1ra. Ahogy m\\u00e1r \\u00e9vek \\u00f3ta, id\\u00e9n is a munkaer\\u0151 megtart\\u00e1sa szerepelt az \\u00e9len. Ett\\u0151l a teend\\u0151t\\u0151l minden m\\u00e1s feladat jelent\\u0151sen elmarad a szavazatok alapj\\u00e1n. Nem reprezentat\\u00edv szavaz\\u00e1sunkban \\u00f6sszesen 249 olvas\\u00f3nk szavazott, akiknek k\\u00f6zel 58%-a \\u00fagy v\\u00e9li, hogy a\",\"inLanguage\":\"hu-HU\",\"isPartOf\":{\"@id\":\"https:\\\/\\\/allasorias.hu\\\/hirek\\\/#website\"},\"breadcrumb\":{\"@id\":\"https:\\\/\\\/allasorias.hu\\\/hirek\\\/megtartani-a-munkaerot-2\\\/#breadcrumblist\"},\"author\":{\"@id\":\"https:\\\/\\\/allasorias.hu\\\/hirek\\\/author\\\/admin-allasorias\\\/#author\"},\"creator\":{\"@id\":\"https:\\\/\\\/allasorias.hu\\\/hirek\\\/author\\\/admin-allasorias\\\/#author\"},\"image\":{\"@type\":\"ImageObject\",\"url\":\"https:\\\/\\\/allasorias.hu\\\/hirek\\\/wp-content\\\/uploads\\\/2018\\\/11\\\/lead_560w-1.jpg\",\"@id\":\"https:\\\/\\\/allasorias.hu\\\/hirek\\\/megtartani-a-munkaerot-2\\\/#mainImage\",\"width\":560,\"height\":420},\"primaryImageOfPage\":{\"@id\":\"https:\\\/\\\/allasorias.hu\\\/hirek\\\/megtartani-a-munkaerot-2\\\/#mainImage\"},\"datePublished\":\"2020-01-22T08:02:13+02:00\",\"dateModified\":\"2020-01-22T08:08:32+02:00\"},{\"@type\":\"WebSite\",\"@id\":\"https:\\\/\\\/allasorias.hu\\\/hirek\\\/#website\",\"url\":\"https:\\\/\\\/allasorias.hu\\\/hirek\\\/\",\"name\":\"AllasOrias.hu | H\\u00edrek-lapszemle\",\"description\":\"\\u00dczleti h\\u00edrek az \\u00e1ll\\u00e1s \\u00e9s a munka vil\\u00e1g\\u00e1b\\u00f3l\",\"inLanguage\":\"hu-HU\",\"publisher\":{\"@id\":\"https:\\\/\\\/allasorias.hu\\\/hirek\\\/#organization\"}}]}\n\t\t<\/script>\n\t\t<!-- All in One SEO -->\n\n","aioseo_head_json":{"title":"Megtartani a munkaer\u0151t | AllasOrias.hu | H\u00edrek-lapszemle","description":"Negyedszer k\u00e9rdezz\u00fck meg olvas\u00f3inkat arr\u00f3l, hogy szerint\u00fck mi lesz az idei \u00e9vben a legfontosabb feladat a HR-esek sz\u00e1m\u00e1ra. Ahogy m\u00e1r \u00e9vek \u00f3ta, id\u00e9n is a munkaer\u0151 megtart\u00e1sa szerepelt az \u00e9len. Ett\u0151l a teend\u0151t\u0151l minden m\u00e1s feladat jelent\u0151sen elmarad a szavazatok alapj\u00e1n. Nem reprezentat\u00edv szavaz\u00e1sunkban \u00f6sszesen 249 olvas\u00f3nk szavazott, akiknek k\u00f6zel 58%-a \u00fagy v\u00e9li, hogy a","canonical_url":"https:\/\/allasorias.hu\/hirek\/megtartani-a-munkaerot-2\/","robots":"max-image-preview:large","keywords":"","webmasterTools":{"miscellaneous":""},"schema":{"@context":"https:\/\/schema.org","@graph":[{"@type":"Article","@id":"https:\/\/allasorias.hu\/hirek\/megtartani-a-munkaerot-2\/#article","name":"Megtartani a munkaer\u0151t | AllasOrias.hu | H\u00edrek-lapszemle","headline":"Megtartani a munkaer\u0151t","author":{"@id":"https:\/\/allasorias.hu\/hirek\/author\/admin-allasorias\/#author"},"publisher":{"@id":"https:\/\/allasorias.hu\/hirek\/#organization"},"image":{"@type":"ImageObject","url":"https:\/\/allasorias.hu\/hirek\/wp-content\/uploads\/2018\/11\/lead_560w-1.jpg","width":560,"height":420},"datePublished":"2020-01-22T08:02:13+02:00","dateModified":"2020-01-22T08:08:32+02:00","inLanguage":"hu-HU","mainEntityOfPage":{"@id":"https:\/\/allasorias.hu\/hirek\/megtartani-a-munkaerot-2\/#webpage"},"isPartOf":{"@id":"https:\/\/allasorias.hu\/hirek\/megtartani-a-munkaerot-2\/#webpage"},"articleSection":"Munkaer\u0151piac"},{"@type":"BreadcrumbList","@id":"https:\/\/allasorias.hu\/hirek\/megtartani-a-munkaerot-2\/#breadcrumblist","itemListElement":[{"@type":"ListItem","@id":"https:\/\/allasorias.hu\/hirek#listItem","position":1,"name":"Home","item":"https:\/\/allasorias.hu\/hirek","nextItem":{"@type":"ListItem","@id":"https:\/\/allasorias.hu\/hirek\/temak\/munkaeropiac\/#listItem","name":"Munkaer\u0151piac"}},{"@type":"ListItem","@id":"https:\/\/allasorias.hu\/hirek\/temak\/munkaeropiac\/#listItem","position":2,"name":"Munkaer\u0151piac","item":"https:\/\/allasorias.hu\/hirek\/temak\/munkaeropiac\/","nextItem":{"@type":"ListItem","@id":"https:\/\/allasorias.hu\/hirek\/megtartani-a-munkaerot-2\/#listItem","name":"Megtartani a munkaer\u0151t"},"previousItem":{"@type":"ListItem","@id":"https:\/\/allasorias.hu\/hirek#listItem","name":"Home"}},{"@type":"ListItem","@id":"https:\/\/allasorias.hu\/hirek\/megtartani-a-munkaerot-2\/#listItem","position":3,"name":"Megtartani a munkaer\u0151t","previousItem":{"@type":"ListItem","@id":"https:\/\/allasorias.hu\/hirek\/temak\/munkaeropiac\/#listItem","name":"Munkaer\u0151piac"}}]},{"@type":"Organization","@id":"https:\/\/allasorias.hu\/hirek\/#organization","name":"AllasOrias.hu | H\u00edrek-lapszemle","description":"\u00dczleti h\u00edrek az \u00e1ll\u00e1s \u00e9s a munka vil\u00e1g\u00e1b\u00f3l","url":"https:\/\/allasorias.hu\/hirek\/","logo":{"@type":"ImageObject","url":"https:\/\/allasorias.hu\/hirek\/wp-content\/uploads\/2022\/10\/allasorias_site_facebok_logo.png","@id":"https:\/\/allasorias.hu\/hirek\/megtartani-a-munkaerot-2\/#organizationLogo"},"image":{"@id":"https:\/\/allasorias.hu\/hirek\/megtartani-a-munkaerot-2\/#organizationLogo"},"sameAs":["https:\/\/www.facebook.com\/allasorias","https:\/\/www.linkedin.com\/company\/allasorias"]},{"@type":"Person","@id":"https:\/\/allasorias.hu\/hirek\/author\/admin-allasorias\/#author","url":"https:\/\/allasorias.hu\/hirek\/author\/admin-allasorias\/","name":"Juh\u00e1sz P\u00e9ter","image":{"@type":"ImageObject","@id":"https:\/\/allasorias.hu\/hirek\/megtartani-a-munkaerot-2\/#authorImage","url":"https:\/\/secure.gravatar.com\/avatar\/36e6bcb83148978b992977cb0f54d22feb0cce8a0a849a9410532bb2623ba4c6?s=96&d=mm&r=g","width":96,"height":96,"caption":"Juh\u00e1sz P\u00e9ter"}},{"@type":"WebPage","@id":"https:\/\/allasorias.hu\/hirek\/megtartani-a-munkaerot-2\/#webpage","url":"https:\/\/allasorias.hu\/hirek\/megtartani-a-munkaerot-2\/","name":"Megtartani a munkaer\u0151t | AllasOrias.hu | H\u00edrek-lapszemle","description":"Negyedszer k\u00e9rdezz\u00fck meg olvas\u00f3inkat arr\u00f3l, hogy szerint\u00fck mi lesz az idei \u00e9vben a legfontosabb feladat a HR-esek sz\u00e1m\u00e1ra. Ahogy m\u00e1r \u00e9vek \u00f3ta, id\u00e9n is a munkaer\u0151 megtart\u00e1sa szerepelt az \u00e9len. Ett\u0151l a teend\u0151t\u0151l minden m\u00e1s feladat jelent\u0151sen elmarad a szavazatok alapj\u00e1n. Nem reprezentat\u00edv szavaz\u00e1sunkban \u00f6sszesen 249 olvas\u00f3nk szavazott, akiknek k\u00f6zel 58%-a \u00fagy v\u00e9li, hogy a","inLanguage":"hu-HU","isPartOf":{"@id":"https:\/\/allasorias.hu\/hirek\/#website"},"breadcrumb":{"@id":"https:\/\/allasorias.hu\/hirek\/megtartani-a-munkaerot-2\/#breadcrumblist"},"author":{"@id":"https:\/\/allasorias.hu\/hirek\/author\/admin-allasorias\/#author"},"creator":{"@id":"https:\/\/allasorias.hu\/hirek\/author\/admin-allasorias\/#author"},"image":{"@type":"ImageObject","url":"https:\/\/allasorias.hu\/hirek\/wp-content\/uploads\/2018\/11\/lead_560w-1.jpg","@id":"https:\/\/allasorias.hu\/hirek\/megtartani-a-munkaerot-2\/#mainImage","width":560,"height":420},"primaryImageOfPage":{"@id":"https:\/\/allasorias.hu\/hirek\/megtartani-a-munkaerot-2\/#mainImage"},"datePublished":"2020-01-22T08:02:13+02:00","dateModified":"2020-01-22T08:08:32+02:00"},{"@type":"WebSite","@id":"https:\/\/allasorias.hu\/hirek\/#website","url":"https:\/\/allasorias.hu\/hirek\/","name":"AllasOrias.hu | H\u00edrek-lapszemle","description":"\u00dczleti h\u00edrek az \u00e1ll\u00e1s \u00e9s a munka vil\u00e1g\u00e1b\u00f3l","inLanguage":"hu-HU","publisher":{"@id":"https:\/\/allasorias.hu\/hirek\/#organization"}}]},"og:locale":"hu_HU","og:site_name":"AllasOrias.hu | H\u00edrek-lapszemle | \u00dczleti h\u00edrek az \u00e1ll\u00e1s \u00e9s a munka vil\u00e1g\u00e1b\u00f3l","og:type":"article","og:title":"Megtartani a munkaer\u0151t | AllasOrias.hu | H\u00edrek-lapszemle","og:description":"Negyedszer k\u00e9rdezz\u00fck meg olvas\u00f3inkat arr\u00f3l, hogy szerint\u00fck mi lesz az idei \u00e9vben a legfontosabb feladat a HR-esek sz\u00e1m\u00e1ra. Ahogy m\u00e1r \u00e9vek \u00f3ta, id\u00e9n is a munkaer\u0151 megtart\u00e1sa szerepelt az \u00e9len. Ett\u0151l a teend\u0151t\u0151l minden m\u00e1s feladat jelent\u0151sen elmarad a szavazatok alapj\u00e1n. Nem reprezentat\u00edv szavaz\u00e1sunkban \u00f6sszesen 249 olvas\u00f3nk szavazott, akiknek k\u00f6zel 58%-a \u00fagy v\u00e9li, hogy a","og:url":"https:\/\/allasorias.hu\/hirek\/megtartani-a-munkaerot-2\/","og:image":"https:\/\/allasorias.hu\/hirek\/wp-content\/uploads\/2018\/11\/lead_560w-1.jpg","og:image:secure_url":"https:\/\/allasorias.hu\/hirek\/wp-content\/uploads\/2018\/11\/lead_560w-1.jpg","og:image:width":560,"og:image:height":420,"article:published_time":"2020-01-22T08:02:13+00:00","article:modified_time":"2020-01-22T08:08:32+00:00","article:publisher":"https:\/\/www.facebook.com\/allasorias","twitter:card":"summary_large_image","twitter:title":"Megtartani a munkaer\u0151t | AllasOrias.hu | H\u00edrek-lapszemle","twitter:description":"Negyedszer k\u00e9rdezz\u00fck meg olvas\u00f3inkat arr\u00f3l, hogy szerint\u00fck mi lesz az idei \u00e9vben a legfontosabb feladat a HR-esek sz\u00e1m\u00e1ra. Ahogy m\u00e1r \u00e9vek \u00f3ta, id\u00e9n is a munkaer\u0151 megtart\u00e1sa szerepelt az \u00e9len. Ett\u0151l a teend\u0151t\u0151l minden m\u00e1s feladat jelent\u0151sen elmarad a szavazatok alapj\u00e1n. Nem reprezentat\u00edv szavaz\u00e1sunkban \u00f6sszesen 249 olvas\u00f3nk szavazott, akiknek k\u00f6zel 58%-a \u00fagy v\u00e9li, hogy a","twitter:image":"https:\/\/allasorias.hu\/hirek\/wp-content\/uploads\/2018\/11\/lead_560w-1.jpg","twitter:label1":"Written by","twitter:data1":"Juh\u00e1sz P\u00e9ter","twitter:label2":"Est. reading time","twitter:data2":"2 minutes"},"aioseo_meta_data":{"post_id":"3699","title":null,"description":null,"keywords":null,"keyphrases":null,"primary_term":null,"canonical_url":null,"og_title":null,"og_description":null,"og_object_type":"default","og_image_type":"default","og_image_url":null,"og_image_width":null,"og_image_height":null,"og_image_custom_url":null,"og_image_custom_fields":null,"og_video":null,"og_custom_url":null,"og_article_section":null,"og_article_tags":null,"twitter_use_og":false,"twitter_card":"default","twitter_image_type":"default","twitter_image_url":null,"twitter_image_custom_url":null,"twitter_image_custom_fields":null,"twitter_title":null,"twitter_description":null,"schema":{"blockGraphs":[],"customGraphs":[],"default":{"data":{"Article":[],"Course":[],"Dataset":[],"FAQPage":[],"Movie":[],"Person":[],"Product":[],"ProductReview":[],"Car":[],"Recipe":[],"Service":[],"SoftwareApplication":[],"WebPage":[]},"graphName":"","isEnabled":true},"graphs":[],"defaultGraph":"","defaultPostTypeGraph":""},"schema_type":null,"schema_type_options":null,"pillar_content":false,"robots_default":true,"robots_noindex":false,"robots_noarchive":false,"robots_nosnippet":false,"robots_nofollow":false,"robots_noimageindex":false,"robots_noodp":false,"robots_notranslate":false,"robots_max_snippet":null,"robots_max_videopreview":null,"robots_max_imagepreview":"large","priority":null,"frequency":null,"location":null,"local_seo":null,"breadcrumb_settings":null,"limit_modified_date":false,"ai":null,"created":"2021-02-01 22:27:19","updated":"2025-10-02 13:10:20","seo_analyzer_scan_date":null,"focus_keyword":null,"additional_keywords":null,"truseo_locale":null},"aioseo_breadcrumb":"<div class=\"aioseo-breadcrumbs\"><span class=\"aioseo-breadcrumb\">\n\t\t\t<a href=\"https:\/\/allasorias.hu\/hirek\" title=\"Home\">Home<\/a>\n\t\t<\/span><span class=\"aioseo-breadcrumb-separator\">&raquo;<\/span><span class=\"aioseo-breadcrumb\">\n\t\t\t<a href=\"https:\/\/allasorias.hu\/hirek\/temak\/munkaeropiac\/\" title=\"Munkaer\u0151piac\">Munkaer\u0151piac<\/a>\n\t\t<\/span><span class=\"aioseo-breadcrumb-separator\">&raquo;<\/span><span class=\"aioseo-breadcrumb\">\n\t\t\tMegtartani a munkaer\u0151t\n\t\t<\/span><\/div>","aioseo_breadcrumb_json":[{"label":"Home","link":"https:\/\/allasorias.hu\/hirek"},{"label":"Munkaer\u0151piac","link":"https:\/\/allasorias.hu\/hirek\/temak\/munkaeropiac\/"},{"label":"Megtartani a munkaer\u0151t","link":"https:\/\/allasorias.hu\/hirek\/megtartani-a-munkaerot-2\/"}],"_links":{"self":[{"href":"https:\/\/allasorias.hu\/hirek\/wp-json\/wp\/v2\/posts\/3699","targetHints":{"allow":["GET"]}}],"collection":[{"href":"https:\/\/allasorias.hu\/hirek\/wp-json\/wp\/v2\/posts"}],"about":[{"href":"https:\/\/allasorias.hu\/hirek\/wp-json\/wp\/v2\/types\/post"}],"author":[{"embeddable":true,"href":"https:\/\/allasorias.hu\/hirek\/wp-json\/wp\/v2\/users\/1"}],"replies":[{"embeddable":true,"href":"https:\/\/allasorias.hu\/hirek\/wp-json\/wp\/v2\/comments?post=3699"}],"version-history":[{"count":1,"href":"https:\/\/allasorias.hu\/hirek\/wp-json\/wp\/v2\/posts\/3699\/revisions"}],"predecessor-version":[{"id":3700,"href":"https:\/\/allasorias.hu\/hirek\/wp-json\/wp\/v2\/posts\/3699\/revisions\/3700"}],"wp:featuredmedia":[{"embeddable":true,"href":"https:\/\/allasorias.hu\/hirek\/wp-json\/wp\/v2\/media\/2248"}],"wp:attachment":[{"href":"https:\/\/allasorias.hu\/hirek\/wp-json\/wp\/v2\/media?parent=3699"}],"wp:term":[{"taxonomy":"category","embeddable":true,"href":"https:\/\/allasorias.hu\/hirek\/wp-json\/wp\/v2\/categories?post=3699"},{"taxonomy":"post_tag","embeddable":true,"href":"https:\/\/allasorias.hu\/hirek\/wp-json\/wp\/v2\/tags?post=3699"}],"curies":[{"name":"wp","href":"https:\/\/api.w.org\/{rel}","templated":true}]}}