{"id":3695,"date":"2020-01-21T08:42:24","date_gmt":"2020-01-21T08:42:24","guid":{"rendered":"https:\/\/allasorias.hu\/hirek\/?p=3695"},"modified":"2020-01-21T08:42:24","modified_gmt":"2020-01-21T08:42:24","slug":"haromszazezer-embert-meg-be-lehet-vonni-a-magyar-munkaeropiacra","status":"publish","type":"post","link":"https:\/\/allasorias.hu\/hirek\/haromszazezer-embert-meg-be-lehet-vonni-a-magyar-munkaeropiacra\/","title":{"rendered":"H\u00e1romsz\u00e1zezer embert m\u00e9g be lehet vonni a magyar munkaer\u0151piacra"},"content":{"rendered":"<p><strong>A tavalyihoz hasonl\u00f3an az idei is j\u00f3 \u00e9ve lesz a magyar gazdas\u00e1gnak a p\u00e9nz\u00fcgyminiszter \u00f3vatosan optimista v\u00e1rakoz\u00e1sa szerint. Varga Mih\u00e1ly elmondta: ennek \u00e9rdek\u00e9ben a korm\u00e1ny \u00fajabb szerkezet\u00e1talak\u00edt\u00f3, beruh\u00e1z\u00e1s- \u00e9s foglalkoztat\u00e1s-\u00f6szt\u00f6nz\u0151, ad\u00f3cs\u00f6kkent\u0151, az otthonteremt\u00e9st \u00e9s a lak\u00e1sfel\u00faj\u00edt\u00e1sokat t\u00e1mogat\u00f3 l\u00e9p\u00e9sekre k\u00e9sz\u00fcl.<\/strong><\/p>\n<p>A tavalyi er\u0151s \u00e9s lend\u00fcletes \u00e9ve volt a magyar gazdas\u00e1gnak, folytat\u00f3dott az el\u0151z\u0151 \u00e9v dinamikus n\u00f6veked\u00e9se. Eur\u00f3pai \u00f6sszevet\u00e9sben dobog\u00f3sak vagyunk, s\u0151t volt olyan negyed\u00e9v, amikor mi voltunk a leger\u0151sebbek &#8211; hangs\u00falyozta a p\u00e9nz\u00fcgyminiszter. Az idei v\u00e1rakoz\u00e1sokr\u00f3l sz\u00f3lva hozz\u00e1tette: b\u00e1r a tavalyi \u00f6t sz\u00e1zal\u00e9khoz k\u00f6zeli b\u0151v\u00fcl\u00e9s ut\u00e1n n\u00e9mi lassul\u00e1sra sz\u00e1m\u00edtanak, a n\u00e9gy sz\u00e1zal\u00e9k k\u00f6r\u00fcli GDP-n\u00f6veked\u00e9st re\u00e1lisnak tartj\u00e1k 2020-ban. Elmondta, hogy b\u00e1r a magyar munkan\u00e9lk\u00fclis\u00e9gi r\u00e1ta az egyik legalacsonyabb az Eur\u00f3pai Uni\u00f3ban, a c\u00e9l az, hogy a k\u00f6vetkez\u0151 \u00e9vekben tov\u00e1bb b\u0151v\u00edts\u00e9k a foglalkoztat\u00e1st. &#8222;\u00dagy sz\u00e1molunk, hogy m\u00e9g h\u00e1romsz\u00e1zezer embert be lehet vonni a magyar munkaer\u0151piacra&#8221; &#8211; jegyezte meg Varga Mih\u00e1ly. Kiemelte, hogy a v\u00e1llalkoz\u00f3k ad\u00f3- \u00e9s adminisztrat\u00edv terheit tov\u00e1bb akarj\u00e1k cs\u00f6kkenteni. &#8222;T\u00f6retlen\u00fcl n\u0151nek a b\u00e9rek a versenyszektorban, ezzel l\u00e9p\u00e9st kell tartani az \u00e1llami int\u00e9zm\u00e9nyekn\u00e9l is&#8221; &#8211; mutatott r\u00e1 a p\u00e9nz\u00fcgyminiszter. Az egysz\u00e1mjegy\u0171 szja bevezet\u00e9s\u00e9re vonatkoz\u00f3 k\u00e9rd\u00e9sre \u00fagy felelt, hogy az &#8211; sok m\u00e1s javaslattal egy\u00fctt &#8211; tov\u00e1bbra is az asztalon van. Egyszerre bevezetni a h\u00e1romgyermekes \u00e9desany\u00e1k \u00e9lethosszig tart\u00f3 ad\u00f3mentess\u00e9g\u00e9t \u00e9s az egy sz\u00e1mjegy\u0171 szja-t azonban val\u00f3sz\u00edn\u0171leg olyan ugr\u00e1s lenne, ami az \u00e1llamh\u00e1ztart\u00e1s korl\u00e1taiba \u00fctk\u00f6zne. Elmondta, hogy az id\u00e9n \u00faj, hosszabb futamidej\u0171 \u00e1llampap\u00edrok is megjelennek majd a piacon, amelyekkel szeretn\u00e9k lek\u00f6tni a lakoss\u00e1gi t\u00f6bbletj\u00f6vedelem egy r\u00e9sz\u00e9t. Az a c\u00e9ljuk, hogy a deviz\u00e1ban fenn\u00e1ll\u00f3 \u00e1llamad\u00f3ss\u00e1g tov\u00e1bbi cs\u00f6kken\u00e9se \u00e9rdek\u00e9ben a teljes lakoss\u00e1gi \u00e1llampap\u00edr-\u00e1llom\u00e1ny \u00e9rje el a tizenegyezermilli\u00e1rd forintot, teh\u00e1t dupl\u00e1z\u00f3djon meg a 2018. \u00e9vihez k\u00e9pest.<\/p>\n<p>atv.hu\/MTI<\/p>\n","protected":false},"excerpt":{"rendered":"<p>A tavalyihoz hasonl\u00f3an az idei is j\u00f3 \u00e9ve lesz a magyar gazdas\u00e1gnak a p\u00e9nz\u00fcgyminiszter \u00f3vatosan optimista v\u00e1rakoz\u00e1sa szerint. Varga Mih\u00e1ly elmondta: ennek \u00e9rdek\u00e9ben a korm\u00e1ny \u00fajabb szerkezet\u00e1talak\u00edt\u00f3, beruh\u00e1z\u00e1s- \u00e9s foglalkoztat\u00e1s-\u00f6szt\u00f6nz\u0151, ad\u00f3cs\u00f6kkent\u0151, az otthonteremt\u00e9st \u00e9s a lak\u00e1sfel\u00faj\u00edt\u00e1sokat t\u00e1mogat\u00f3 l\u00e9p\u00e9sekre k\u00e9sz\u00fcl. A tavalyi er\u0151s \u00e9s lend\u00fcletes \u00e9ve volt a magyar gazdas\u00e1gnak, folytat\u00f3dott az el\u0151z\u0151 \u00e9v dinamikus n\u00f6veked\u00e9se. [&hellip;]<\/p>\n","protected":false},"author":1,"featured_media":2671,"comment_status":"open","ping_status":"open","sticky":false,"template":"","format":"standard","meta":{"_monsterinsights_skip_tracking":false,"footnotes":""},"categories":[198],"tags":[],"class_list":["post-3695","post","type-post","status-publish","format-standard","has-post-thumbnail","hentry","category-gazdasag"],"aioseo_notices":[],"aioseo_head":"\n\t\t<!-- All in One SEO 5.0.0.1 - aioseo.com -->\n\t<meta name=\"description\" content=\"A tavalyihoz hasonl\u00f3an az idei is j\u00f3 \u00e9ve lesz a magyar gazdas\u00e1gnak a p\u00e9nz\u00fcgyminiszter \u00f3vatosan optimista v\u00e1rakoz\u00e1sa szerint. Varga Mih\u00e1ly elmondta: ennek \u00e9rdek\u00e9ben a korm\u00e1ny \u00fajabb szerkezet\u00e1talak\u00edt\u00f3, beruh\u00e1z\u00e1s- \u00e9s foglalkoztat\u00e1s-\u00f6szt\u00f6nz\u0151, ad\u00f3cs\u00f6kkent\u0151, az otthonteremt\u00e9st \u00e9s a lak\u00e1sfel\u00faj\u00edt\u00e1sokat t\u00e1mogat\u00f3 l\u00e9p\u00e9sekre k\u00e9sz\u00fcl. A tavalyi er\u0151s \u00e9s lend\u00fcletes \u00e9ve volt a magyar gazdas\u00e1gnak, folytat\u00f3dott az el\u0151z\u0151 \u00e9v dinamikus n\u00f6veked\u00e9se.\" \/>\n\t<meta name=\"robots\" content=\"max-image-preview:large\" \/>\n\t<meta name=\"author\" content=\"Juh\u00e1sz P\u00e9ter\"\/>\n\t<link rel=\"canonical\" href=\"https:\/\/allasorias.hu\/hirek\/haromszazezer-embert-meg-be-lehet-vonni-a-magyar-munkaeropiacra\/\" \/>\n\t<meta name=\"generator\" content=\"All in One SEO (AIOSEO) 5.0.0.1\" \/>\n\t\t<meta property=\"og:locale\" content=\"hu_HU\" \/>\n\t\t<meta property=\"og:site_name\" content=\"AllasOrias.hu | H\u00edrek-lapszemle | \u00dczleti h\u00edrek az \u00e1ll\u00e1s \u00e9s a munka vil\u00e1g\u00e1b\u00f3l\" \/>\n\t\t<meta property=\"og:type\" content=\"article\" \/>\n\t\t<meta property=\"og:title\" content=\"H\u00e1romsz\u00e1zezer embert m\u00e9g be lehet vonni a magyar munkaer\u0151piacra | AllasOrias.hu | H\u00edrek-lapszemle\" \/>\n\t\t<meta property=\"og:description\" content=\"A tavalyihoz hasonl\u00f3an az idei is j\u00f3 \u00e9ve lesz a magyar gazdas\u00e1gnak a p\u00e9nz\u00fcgyminiszter \u00f3vatosan optimista v\u00e1rakoz\u00e1sa szerint. Varga Mih\u00e1ly elmondta: ennek \u00e9rdek\u00e9ben a korm\u00e1ny \u00fajabb szerkezet\u00e1talak\u00edt\u00f3, beruh\u00e1z\u00e1s- \u00e9s foglalkoztat\u00e1s-\u00f6szt\u00f6nz\u0151, ad\u00f3cs\u00f6kkent\u0151, az otthonteremt\u00e9st \u00e9s a lak\u00e1sfel\u00faj\u00edt\u00e1sokat t\u00e1mogat\u00f3 l\u00e9p\u00e9sekre k\u00e9sz\u00fcl. A tavalyi er\u0151s \u00e9s lend\u00fcletes \u00e9ve volt a magyar gazdas\u00e1gnak, folytat\u00f3dott az el\u0151z\u0151 \u00e9v dinamikus n\u00f6veked\u00e9se.\" \/>\n\t\t<meta property=\"og:url\" content=\"https:\/\/allasorias.hu\/hirek\/haromszazezer-embert-meg-be-lehet-vonni-a-magyar-munkaeropiacra\/\" \/>\n\t\t<meta property=\"og:image\" content=\"https:\/\/allasorias.hu\/hirek\/wp-content\/uploads\/2019\/03\/munkaerokolcsonzes.png\" \/>\n\t\t<meta property=\"og:image:secure_url\" content=\"https:\/\/allasorias.hu\/hirek\/wp-content\/uploads\/2019\/03\/munkaerokolcsonzes.png\" \/>\n\t\t<meta property=\"og:image:width\" content=\"594\" \/>\n\t\t<meta property=\"og:image:height\" content=\"282\" \/>\n\t\t<meta property=\"article:published_time\" content=\"2020-01-21T08:42:24+00:00\" \/>\n\t\t<meta property=\"article:modified_time\" content=\"2020-01-21T08:42:24+00:00\" \/>\n\t\t<meta property=\"article:publisher\" content=\"https:\/\/www.facebook.com\/allasorias\" \/>\n\t\t<meta name=\"twitter:card\" content=\"summary_large_image\" \/>\n\t\t<meta name=\"twitter:title\" content=\"H\u00e1romsz\u00e1zezer embert m\u00e9g be lehet vonni a magyar munkaer\u0151piacra | AllasOrias.hu | H\u00edrek-lapszemle\" \/>\n\t\t<meta name=\"twitter:description\" content=\"A tavalyihoz hasonl\u00f3an az idei is j\u00f3 \u00e9ve lesz a magyar gazdas\u00e1gnak a p\u00e9nz\u00fcgyminiszter \u00f3vatosan optimista v\u00e1rakoz\u00e1sa szerint. Varga Mih\u00e1ly elmondta: ennek \u00e9rdek\u00e9ben a korm\u00e1ny \u00fajabb szerkezet\u00e1talak\u00edt\u00f3, beruh\u00e1z\u00e1s- \u00e9s foglalkoztat\u00e1s-\u00f6szt\u00f6nz\u0151, ad\u00f3cs\u00f6kkent\u0151, az otthonteremt\u00e9st \u00e9s a lak\u00e1sfel\u00faj\u00edt\u00e1sokat t\u00e1mogat\u00f3 l\u00e9p\u00e9sekre k\u00e9sz\u00fcl. A tavalyi er\u0151s \u00e9s lend\u00fcletes \u00e9ve volt a magyar gazdas\u00e1gnak, folytat\u00f3dott az el\u0151z\u0151 \u00e9v dinamikus n\u00f6veked\u00e9se.\" \/>\n\t\t<meta name=\"twitter:image\" content=\"https:\/\/allasorias.hu\/hirek\/wp-content\/uploads\/2019\/03\/munkaerokolcsonzes.png\" \/>\n\t\t<meta name=\"twitter:label1\" content=\"Written by\" \/>\n\t\t<meta name=\"twitter:data1\" content=\"Juh\u00e1sz P\u00e9ter\" \/>\n\t\t<meta name=\"twitter:label2\" content=\"Est. reading time\" \/>\n\t\t<meta name=\"twitter:data2\" content=\"2 minutes\" \/>\n\t\t<script type=\"application\/ld+json\" class=\"aioseo-schema\">\n\t\t\t{\"@context\":\"https:\\\/\\\/schema.org\",\"@graph\":[{\"@type\":\"Article\",\"@id\":\"https:\\\/\\\/allasorias.hu\\\/hirek\\\/haromszazezer-embert-meg-be-lehet-vonni-a-magyar-munkaeropiacra\\\/#article\",\"name\":\"H\\u00e1romsz\\u00e1zezer embert m\\u00e9g be lehet vonni a magyar munkaer\\u0151piacra | AllasOrias.hu | H\\u00edrek-lapszemle\",\"headline\":\"H\\u00e1romsz\\u00e1zezer embert m\\u00e9g be lehet vonni a magyar munkaer\\u0151piacra\",\"author\":{\"@id\":\"https:\\\/\\\/allasorias.hu\\\/hirek\\\/author\\\/admin-allasorias\\\/#author\"},\"publisher\":{\"@id\":\"https:\\\/\\\/allasorias.hu\\\/hirek\\\/#organization\"},\"image\":{\"@type\":\"ImageObject\",\"url\":\"https:\\\/\\\/allasorias.hu\\\/hirek\\\/wp-content\\\/uploads\\\/2019\\\/03\\\/munkaerokolcsonzes.png\",\"width\":594,\"height\":282},\"datePublished\":\"2020-01-21T08:42:24+02:00\",\"dateModified\":\"2020-01-21T08:42:24+02:00\",\"inLanguage\":\"hu-HU\",\"mainEntityOfPage\":{\"@id\":\"https:\\\/\\\/allasorias.hu\\\/hirek\\\/haromszazezer-embert-meg-be-lehet-vonni-a-magyar-munkaeropiacra\\\/#webpage\"},\"isPartOf\":{\"@id\":\"https:\\\/\\\/allasorias.hu\\\/hirek\\\/haromszazezer-embert-meg-be-lehet-vonni-a-magyar-munkaeropiacra\\\/#webpage\"},\"articleSection\":\"Gazdas\\u00e1g\"},{\"@type\":\"BreadcrumbList\",\"@id\":\"https:\\\/\\\/allasorias.hu\\\/hirek\\\/haromszazezer-embert-meg-be-lehet-vonni-a-magyar-munkaeropiacra\\\/#breadcrumblist\",\"itemListElement\":[{\"@type\":\"ListItem\",\"@id\":\"https:\\\/\\\/allasorias.hu\\\/hirek#listItem\",\"position\":1,\"name\":\"Home\",\"item\":\"https:\\\/\\\/allasorias.hu\\\/hirek\",\"nextItem\":{\"@type\":\"ListItem\",\"@id\":\"https:\\\/\\\/allasorias.hu\\\/hirek\\\/temak\\\/gazdasag\\\/#listItem\",\"name\":\"Gazdas\\u00e1g\"}},{\"@type\":\"ListItem\",\"@id\":\"https:\\\/\\\/allasorias.hu\\\/hirek\\\/temak\\\/gazdasag\\\/#listItem\",\"position\":2,\"name\":\"Gazdas\\u00e1g\",\"item\":\"https:\\\/\\\/allasorias.hu\\\/hirek\\\/temak\\\/gazdasag\\\/\",\"nextItem\":{\"@type\":\"ListItem\",\"@id\":\"https:\\\/\\\/allasorias.hu\\\/hirek\\\/haromszazezer-embert-meg-be-lehet-vonni-a-magyar-munkaeropiacra\\\/#listItem\",\"name\":\"H\\u00e1romsz\\u00e1zezer embert m\\u00e9g be lehet vonni a magyar munkaer\\u0151piacra\"},\"previousItem\":{\"@type\":\"ListItem\",\"@id\":\"https:\\\/\\\/allasorias.hu\\\/hirek#listItem\",\"name\":\"Home\"}},{\"@type\":\"ListItem\",\"@id\":\"https:\\\/\\\/allasorias.hu\\\/hirek\\\/haromszazezer-embert-meg-be-lehet-vonni-a-magyar-munkaeropiacra\\\/#listItem\",\"position\":3,\"name\":\"H\\u00e1romsz\\u00e1zezer embert m\\u00e9g be lehet vonni a magyar munkaer\\u0151piacra\",\"previousItem\":{\"@type\":\"ListItem\",\"@id\":\"https:\\\/\\\/allasorias.hu\\\/hirek\\\/temak\\\/gazdasag\\\/#listItem\",\"name\":\"Gazdas\\u00e1g\"}}]},{\"@type\":\"Organization\",\"@id\":\"https:\\\/\\\/allasorias.hu\\\/hirek\\\/#organization\",\"name\":\"AllasOrias.hu | H\\u00edrek-lapszemle\",\"description\":\"\\u00dczleti h\\u00edrek az \\u00e1ll\\u00e1s \\u00e9s a munka vil\\u00e1g\\u00e1b\\u00f3l\",\"url\":\"https:\\\/\\\/allasorias.hu\\\/hirek\\\/\",\"logo\":{\"@type\":\"ImageObject\",\"url\":\"https:\\\/\\\/allasorias.hu\\\/hirek\\\/wp-content\\\/uploads\\\/2022\\\/10\\\/allasorias_site_facebok_logo.png\",\"@id\":\"https:\\\/\\\/allasorias.hu\\\/hirek\\\/haromszazezer-embert-meg-be-lehet-vonni-a-magyar-munkaeropiacra\\\/#organizationLogo\"},\"image\":{\"@id\":\"https:\\\/\\\/allasorias.hu\\\/hirek\\\/haromszazezer-embert-meg-be-lehet-vonni-a-magyar-munkaeropiacra\\\/#organizationLogo\"},\"sameAs\":[\"https:\\\/\\\/www.facebook.com\\\/allasorias\",\"https:\\\/\\\/www.linkedin.com\\\/company\\\/allasorias\"]},{\"@type\":\"Person\",\"@id\":\"https:\\\/\\\/allasorias.hu\\\/hirek\\\/author\\\/admin-allasorias\\\/#author\",\"url\":\"https:\\\/\\\/allasorias.hu\\\/hirek\\\/author\\\/admin-allasorias\\\/\",\"name\":\"Juh\\u00e1sz P\\u00e9ter\",\"image\":{\"@type\":\"ImageObject\",\"@id\":\"https:\\\/\\\/allasorias.hu\\\/hirek\\\/haromszazezer-embert-meg-be-lehet-vonni-a-magyar-munkaeropiacra\\\/#authorImage\",\"url\":\"https:\\\/\\\/secure.gravatar.com\\\/avatar\\\/36e6bcb83148978b992977cb0f54d22feb0cce8a0a849a9410532bb2623ba4c6?s=96&d=mm&r=g\",\"width\":96,\"height\":96,\"caption\":\"Juh\\u00e1sz P\\u00e9ter\"}},{\"@type\":\"WebPage\",\"@id\":\"https:\\\/\\\/allasorias.hu\\\/hirek\\\/haromszazezer-embert-meg-be-lehet-vonni-a-magyar-munkaeropiacra\\\/#webpage\",\"url\":\"https:\\\/\\\/allasorias.hu\\\/hirek\\\/haromszazezer-embert-meg-be-lehet-vonni-a-magyar-munkaeropiacra\\\/\",\"name\":\"H\\u00e1romsz\\u00e1zezer embert m\\u00e9g be lehet vonni a magyar munkaer\\u0151piacra | AllasOrias.hu | H\\u00edrek-lapszemle\",\"description\":\"A tavalyihoz hasonl\\u00f3an az idei is j\\u00f3 \\u00e9ve lesz a magyar gazdas\\u00e1gnak a p\\u00e9nz\\u00fcgyminiszter \\u00f3vatosan optimista v\\u00e1rakoz\\u00e1sa szerint. Varga Mih\\u00e1ly elmondta: ennek \\u00e9rdek\\u00e9ben a korm\\u00e1ny \\u00fajabb szerkezet\\u00e1talak\\u00edt\\u00f3, beruh\\u00e1z\\u00e1s- \\u00e9s foglalkoztat\\u00e1s-\\u00f6szt\\u00f6nz\\u0151, ad\\u00f3cs\\u00f6kkent\\u0151, az otthonteremt\\u00e9st \\u00e9s a lak\\u00e1sfel\\u00faj\\u00edt\\u00e1sokat t\\u00e1mogat\\u00f3 l\\u00e9p\\u00e9sekre k\\u00e9sz\\u00fcl. A tavalyi er\\u0151s \\u00e9s lend\\u00fcletes \\u00e9ve volt a magyar gazdas\\u00e1gnak, folytat\\u00f3dott az el\\u0151z\\u0151 \\u00e9v dinamikus n\\u00f6veked\\u00e9se.\",\"inLanguage\":\"hu-HU\",\"isPartOf\":{\"@id\":\"https:\\\/\\\/allasorias.hu\\\/hirek\\\/#website\"},\"breadcrumb\":{\"@id\":\"https:\\\/\\\/allasorias.hu\\\/hirek\\\/haromszazezer-embert-meg-be-lehet-vonni-a-magyar-munkaeropiacra\\\/#breadcrumblist\"},\"author\":{\"@id\":\"https:\\\/\\\/allasorias.hu\\\/hirek\\\/author\\\/admin-allasorias\\\/#author\"},\"creator\":{\"@id\":\"https:\\\/\\\/allasorias.hu\\\/hirek\\\/author\\\/admin-allasorias\\\/#author\"},\"image\":{\"@type\":\"ImageObject\",\"url\":\"https:\\\/\\\/allasorias.hu\\\/hirek\\\/wp-content\\\/uploads\\\/2019\\\/03\\\/munkaerokolcsonzes.png\",\"@id\":\"https:\\\/\\\/allasorias.hu\\\/hirek\\\/haromszazezer-embert-meg-be-lehet-vonni-a-magyar-munkaeropiacra\\\/#mainImage\",\"width\":594,\"height\":282},\"primaryImageOfPage\":{\"@id\":\"https:\\\/\\\/allasorias.hu\\\/hirek\\\/haromszazezer-embert-meg-be-lehet-vonni-a-magyar-munkaeropiacra\\\/#mainImage\"},\"datePublished\":\"2020-01-21T08:42:24+02:00\",\"dateModified\":\"2020-01-21T08:42:24+02:00\"},{\"@type\":\"WebSite\",\"@id\":\"https:\\\/\\\/allasorias.hu\\\/hirek\\\/#website\",\"url\":\"https:\\\/\\\/allasorias.hu\\\/hirek\\\/\",\"name\":\"AllasOrias.hu | H\\u00edrek-lapszemle\",\"description\":\"\\u00dczleti h\\u00edrek az \\u00e1ll\\u00e1s \\u00e9s a munka vil\\u00e1g\\u00e1b\\u00f3l\",\"inLanguage\":\"hu-HU\",\"publisher\":{\"@id\":\"https:\\\/\\\/allasorias.hu\\\/hirek\\\/#organization\"}}]}\n\t\t<\/script>\n\t\t<!-- All in One SEO -->\n\n","aioseo_head_json":{"title":"H\u00e1romsz\u00e1zezer embert m\u00e9g be lehet vonni a magyar munkaer\u0151piacra | AllasOrias.hu | H\u00edrek-lapszemle","description":"A tavalyihoz hasonl\u00f3an az idei is j\u00f3 \u00e9ve lesz a magyar gazdas\u00e1gnak a p\u00e9nz\u00fcgyminiszter \u00f3vatosan optimista v\u00e1rakoz\u00e1sa szerint. Varga Mih\u00e1ly elmondta: ennek \u00e9rdek\u00e9ben a korm\u00e1ny \u00fajabb szerkezet\u00e1talak\u00edt\u00f3, beruh\u00e1z\u00e1s- \u00e9s foglalkoztat\u00e1s-\u00f6szt\u00f6nz\u0151, ad\u00f3cs\u00f6kkent\u0151, az otthonteremt\u00e9st \u00e9s a lak\u00e1sfel\u00faj\u00edt\u00e1sokat t\u00e1mogat\u00f3 l\u00e9p\u00e9sekre k\u00e9sz\u00fcl. A tavalyi er\u0151s \u00e9s lend\u00fcletes \u00e9ve volt a magyar gazdas\u00e1gnak, folytat\u00f3dott az el\u0151z\u0151 \u00e9v dinamikus n\u00f6veked\u00e9se.","canonical_url":"https:\/\/allasorias.hu\/hirek\/haromszazezer-embert-meg-be-lehet-vonni-a-magyar-munkaeropiacra\/","robots":"max-image-preview:large","keywords":"","webmasterTools":{"miscellaneous":""},"schema":{"@context":"https:\/\/schema.org","@graph":[{"@type":"Article","@id":"https:\/\/allasorias.hu\/hirek\/haromszazezer-embert-meg-be-lehet-vonni-a-magyar-munkaeropiacra\/#article","name":"H\u00e1romsz\u00e1zezer embert m\u00e9g be lehet vonni a magyar munkaer\u0151piacra | AllasOrias.hu | H\u00edrek-lapszemle","headline":"H\u00e1romsz\u00e1zezer embert m\u00e9g be lehet vonni a magyar munkaer\u0151piacra","author":{"@id":"https:\/\/allasorias.hu\/hirek\/author\/admin-allasorias\/#author"},"publisher":{"@id":"https:\/\/allasorias.hu\/hirek\/#organization"},"image":{"@type":"ImageObject","url":"https:\/\/allasorias.hu\/hirek\/wp-content\/uploads\/2019\/03\/munkaerokolcsonzes.png","width":594,"height":282},"datePublished":"2020-01-21T08:42:24+02:00","dateModified":"2020-01-21T08:42:24+02:00","inLanguage":"hu-HU","mainEntityOfPage":{"@id":"https:\/\/allasorias.hu\/hirek\/haromszazezer-embert-meg-be-lehet-vonni-a-magyar-munkaeropiacra\/#webpage"},"isPartOf":{"@id":"https:\/\/allasorias.hu\/hirek\/haromszazezer-embert-meg-be-lehet-vonni-a-magyar-munkaeropiacra\/#webpage"},"articleSection":"Gazdas\u00e1g"},{"@type":"BreadcrumbList","@id":"https:\/\/allasorias.hu\/hirek\/haromszazezer-embert-meg-be-lehet-vonni-a-magyar-munkaeropiacra\/#breadcrumblist","itemListElement":[{"@type":"ListItem","@id":"https:\/\/allasorias.hu\/hirek#listItem","position":1,"name":"Home","item":"https:\/\/allasorias.hu\/hirek","nextItem":{"@type":"ListItem","@id":"https:\/\/allasorias.hu\/hirek\/temak\/gazdasag\/#listItem","name":"Gazdas\u00e1g"}},{"@type":"ListItem","@id":"https:\/\/allasorias.hu\/hirek\/temak\/gazdasag\/#listItem","position":2,"name":"Gazdas\u00e1g","item":"https:\/\/allasorias.hu\/hirek\/temak\/gazdasag\/","nextItem":{"@type":"ListItem","@id":"https:\/\/allasorias.hu\/hirek\/haromszazezer-embert-meg-be-lehet-vonni-a-magyar-munkaeropiacra\/#listItem","name":"H\u00e1romsz\u00e1zezer embert m\u00e9g be lehet vonni a magyar munkaer\u0151piacra"},"previousItem":{"@type":"ListItem","@id":"https:\/\/allasorias.hu\/hirek#listItem","name":"Home"}},{"@type":"ListItem","@id":"https:\/\/allasorias.hu\/hirek\/haromszazezer-embert-meg-be-lehet-vonni-a-magyar-munkaeropiacra\/#listItem","position":3,"name":"H\u00e1romsz\u00e1zezer embert m\u00e9g be lehet vonni a magyar munkaer\u0151piacra","previousItem":{"@type":"ListItem","@id":"https:\/\/allasorias.hu\/hirek\/temak\/gazdasag\/#listItem","name":"Gazdas\u00e1g"}}]},{"@type":"Organization","@id":"https:\/\/allasorias.hu\/hirek\/#organization","name":"AllasOrias.hu | H\u00edrek-lapszemle","description":"\u00dczleti h\u00edrek az \u00e1ll\u00e1s \u00e9s a munka vil\u00e1g\u00e1b\u00f3l","url":"https:\/\/allasorias.hu\/hirek\/","logo":{"@type":"ImageObject","url":"https:\/\/allasorias.hu\/hirek\/wp-content\/uploads\/2022\/10\/allasorias_site_facebok_logo.png","@id":"https:\/\/allasorias.hu\/hirek\/haromszazezer-embert-meg-be-lehet-vonni-a-magyar-munkaeropiacra\/#organizationLogo"},"image":{"@id":"https:\/\/allasorias.hu\/hirek\/haromszazezer-embert-meg-be-lehet-vonni-a-magyar-munkaeropiacra\/#organizationLogo"},"sameAs":["https:\/\/www.facebook.com\/allasorias","https:\/\/www.linkedin.com\/company\/allasorias"]},{"@type":"Person","@id":"https:\/\/allasorias.hu\/hirek\/author\/admin-allasorias\/#author","url":"https:\/\/allasorias.hu\/hirek\/author\/admin-allasorias\/","name":"Juh\u00e1sz P\u00e9ter","image":{"@type":"ImageObject","@id":"https:\/\/allasorias.hu\/hirek\/haromszazezer-embert-meg-be-lehet-vonni-a-magyar-munkaeropiacra\/#authorImage","url":"https:\/\/secure.gravatar.com\/avatar\/36e6bcb83148978b992977cb0f54d22feb0cce8a0a849a9410532bb2623ba4c6?s=96&d=mm&r=g","width":96,"height":96,"caption":"Juh\u00e1sz P\u00e9ter"}},{"@type":"WebPage","@id":"https:\/\/allasorias.hu\/hirek\/haromszazezer-embert-meg-be-lehet-vonni-a-magyar-munkaeropiacra\/#webpage","url":"https:\/\/allasorias.hu\/hirek\/haromszazezer-embert-meg-be-lehet-vonni-a-magyar-munkaeropiacra\/","name":"H\u00e1romsz\u00e1zezer embert m\u00e9g be lehet vonni a magyar munkaer\u0151piacra | AllasOrias.hu | H\u00edrek-lapszemle","description":"A tavalyihoz hasonl\u00f3an az idei is j\u00f3 \u00e9ve lesz a magyar gazdas\u00e1gnak a p\u00e9nz\u00fcgyminiszter \u00f3vatosan optimista v\u00e1rakoz\u00e1sa szerint. Varga Mih\u00e1ly elmondta: ennek \u00e9rdek\u00e9ben a korm\u00e1ny \u00fajabb szerkezet\u00e1talak\u00edt\u00f3, beruh\u00e1z\u00e1s- \u00e9s foglalkoztat\u00e1s-\u00f6szt\u00f6nz\u0151, ad\u00f3cs\u00f6kkent\u0151, az otthonteremt\u00e9st \u00e9s a lak\u00e1sfel\u00faj\u00edt\u00e1sokat t\u00e1mogat\u00f3 l\u00e9p\u00e9sekre k\u00e9sz\u00fcl. A tavalyi er\u0151s \u00e9s lend\u00fcletes \u00e9ve volt a magyar gazdas\u00e1gnak, folytat\u00f3dott az el\u0151z\u0151 \u00e9v dinamikus n\u00f6veked\u00e9se.","inLanguage":"hu-HU","isPartOf":{"@id":"https:\/\/allasorias.hu\/hirek\/#website"},"breadcrumb":{"@id":"https:\/\/allasorias.hu\/hirek\/haromszazezer-embert-meg-be-lehet-vonni-a-magyar-munkaeropiacra\/#breadcrumblist"},"author":{"@id":"https:\/\/allasorias.hu\/hirek\/author\/admin-allasorias\/#author"},"creator":{"@id":"https:\/\/allasorias.hu\/hirek\/author\/admin-allasorias\/#author"},"image":{"@type":"ImageObject","url":"https:\/\/allasorias.hu\/hirek\/wp-content\/uploads\/2019\/03\/munkaerokolcsonzes.png","@id":"https:\/\/allasorias.hu\/hirek\/haromszazezer-embert-meg-be-lehet-vonni-a-magyar-munkaeropiacra\/#mainImage","width":594,"height":282},"primaryImageOfPage":{"@id":"https:\/\/allasorias.hu\/hirek\/haromszazezer-embert-meg-be-lehet-vonni-a-magyar-munkaeropiacra\/#mainImage"},"datePublished":"2020-01-21T08:42:24+02:00","dateModified":"2020-01-21T08:42:24+02:00"},{"@type":"WebSite","@id":"https:\/\/allasorias.hu\/hirek\/#website","url":"https:\/\/allasorias.hu\/hirek\/","name":"AllasOrias.hu | H\u00edrek-lapszemle","description":"\u00dczleti h\u00edrek az \u00e1ll\u00e1s \u00e9s a munka vil\u00e1g\u00e1b\u00f3l","inLanguage":"hu-HU","publisher":{"@id":"https:\/\/allasorias.hu\/hirek\/#organization"}}]},"og:locale":"hu_HU","og:site_name":"AllasOrias.hu | H\u00edrek-lapszemle | \u00dczleti h\u00edrek az \u00e1ll\u00e1s \u00e9s a munka vil\u00e1g\u00e1b\u00f3l","og:type":"article","og:title":"H\u00e1romsz\u00e1zezer embert m\u00e9g be lehet vonni a magyar munkaer\u0151piacra | AllasOrias.hu | H\u00edrek-lapszemle","og:description":"A tavalyihoz hasonl\u00f3an az idei is j\u00f3 \u00e9ve lesz a magyar gazdas\u00e1gnak a p\u00e9nz\u00fcgyminiszter \u00f3vatosan optimista v\u00e1rakoz\u00e1sa szerint. Varga Mih\u00e1ly elmondta: ennek \u00e9rdek\u00e9ben a korm\u00e1ny \u00fajabb szerkezet\u00e1talak\u00edt\u00f3, beruh\u00e1z\u00e1s- \u00e9s foglalkoztat\u00e1s-\u00f6szt\u00f6nz\u0151, ad\u00f3cs\u00f6kkent\u0151, az otthonteremt\u00e9st \u00e9s a lak\u00e1sfel\u00faj\u00edt\u00e1sokat t\u00e1mogat\u00f3 l\u00e9p\u00e9sekre k\u00e9sz\u00fcl. A tavalyi er\u0151s \u00e9s lend\u00fcletes \u00e9ve volt a magyar gazdas\u00e1gnak, folytat\u00f3dott az el\u0151z\u0151 \u00e9v dinamikus n\u00f6veked\u00e9se.","og:url":"https:\/\/allasorias.hu\/hirek\/haromszazezer-embert-meg-be-lehet-vonni-a-magyar-munkaeropiacra\/","og:image":"https:\/\/allasorias.hu\/hirek\/wp-content\/uploads\/2019\/03\/munkaerokolcsonzes.png","og:image:secure_url":"https:\/\/allasorias.hu\/hirek\/wp-content\/uploads\/2019\/03\/munkaerokolcsonzes.png","og:image:width":594,"og:image:height":282,"article:published_time":"2020-01-21T08:42:24+00:00","article:modified_time":"2020-01-21T08:42:24+00:00","article:publisher":"https:\/\/www.facebook.com\/allasorias","twitter:card":"summary_large_image","twitter:title":"H\u00e1romsz\u00e1zezer embert m\u00e9g be lehet vonni a magyar munkaer\u0151piacra | AllasOrias.hu | H\u00edrek-lapszemle","twitter:description":"A tavalyihoz hasonl\u00f3an az idei is j\u00f3 \u00e9ve lesz a magyar gazdas\u00e1gnak a p\u00e9nz\u00fcgyminiszter \u00f3vatosan optimista v\u00e1rakoz\u00e1sa szerint. Varga Mih\u00e1ly elmondta: ennek \u00e9rdek\u00e9ben a korm\u00e1ny \u00fajabb szerkezet\u00e1talak\u00edt\u00f3, beruh\u00e1z\u00e1s- \u00e9s foglalkoztat\u00e1s-\u00f6szt\u00f6nz\u0151, ad\u00f3cs\u00f6kkent\u0151, az otthonteremt\u00e9st \u00e9s a lak\u00e1sfel\u00faj\u00edt\u00e1sokat t\u00e1mogat\u00f3 l\u00e9p\u00e9sekre k\u00e9sz\u00fcl. A tavalyi er\u0151s \u00e9s lend\u00fcletes \u00e9ve volt a magyar gazdas\u00e1gnak, folytat\u00f3dott az el\u0151z\u0151 \u00e9v dinamikus n\u00f6veked\u00e9se.","twitter:image":"https:\/\/allasorias.hu\/hirek\/wp-content\/uploads\/2019\/03\/munkaerokolcsonzes.png","twitter:label1":"Written by","twitter:data1":"Juh\u00e1sz P\u00e9ter","twitter:label2":"Est. reading time","twitter:data2":"2 minutes"},"aioseo_meta_data":{"post_id":"3695","title":null,"description":null,"keywords":null,"keyphrases":null,"primary_term":null,"canonical_url":null,"og_title":null,"og_description":null,"og_object_type":"default","og_image_type":"default","og_image_url":null,"og_image_width":null,"og_image_height":null,"og_image_custom_url":null,"og_image_custom_fields":null,"og_video":null,"og_custom_url":null,"og_article_section":null,"og_article_tags":null,"twitter_use_og":false,"twitter_card":"default","twitter_image_type":"default","twitter_image_url":null,"twitter_image_custom_url":null,"twitter_image_custom_fields":null,"twitter_title":null,"twitter_description":null,"schema":{"blockGraphs":[],"customGraphs":[],"default":{"data":{"Article":[],"Course":[],"Dataset":[],"FAQPage":[],"Movie":[],"Person":[],"Product":[],"ProductReview":[],"Car":[],"Recipe":[],"Service":[],"SoftwareApplication":[],"WebPage":[]},"graphName":"","isEnabled":true},"graphs":[],"defaultGraph":"","defaultPostTypeGraph":""},"schema_type":null,"schema_type_options":null,"pillar_content":false,"robots_default":true,"robots_noindex":false,"robots_noarchive":false,"robots_nosnippet":false,"robots_nofollow":false,"robots_noimageindex":false,"robots_noodp":false,"robots_notranslate":false,"robots_max_snippet":null,"robots_max_videopreview":null,"robots_max_imagepreview":"large","priority":null,"frequency":null,"location":null,"local_seo":null,"breadcrumb_settings":null,"limit_modified_date":false,"ai":null,"created":"2021-02-01 22:27:19","updated":"2025-10-02 13:10:20","seo_analyzer_scan_date":null,"focus_keyword":null,"additional_keywords":null,"truseo_locale":null},"aioseo_breadcrumb":"<div class=\"aioseo-breadcrumbs\"><span class=\"aioseo-breadcrumb\">\n\t\t\t<a href=\"https:\/\/allasorias.hu\/hirek\" title=\"Home\">Home<\/a>\n\t\t<\/span><span class=\"aioseo-breadcrumb-separator\">&raquo;<\/span><span class=\"aioseo-breadcrumb\">\n\t\t\t<a href=\"https:\/\/allasorias.hu\/hirek\/temak\/gazdasag\/\" title=\"Gazdas\u00e1g\">Gazdas\u00e1g<\/a>\n\t\t<\/span><span class=\"aioseo-breadcrumb-separator\">&raquo;<\/span><span class=\"aioseo-breadcrumb\">\n\t\t\tH\u00e1romsz\u00e1zezer embert m\u00e9g be lehet vonni a magyar munkaer\u0151piacra\n\t\t<\/span><\/div>","aioseo_breadcrumb_json":[{"label":"Home","link":"https:\/\/allasorias.hu\/hirek"},{"label":"Gazdas\u00e1g","link":"https:\/\/allasorias.hu\/hirek\/temak\/gazdasag\/"},{"label":"H\u00e1romsz\u00e1zezer embert m\u00e9g be lehet vonni a magyar munkaer\u0151piacra","link":"https:\/\/allasorias.hu\/hirek\/haromszazezer-embert-meg-be-lehet-vonni-a-magyar-munkaeropiacra\/"}],"_links":{"self":[{"href":"https:\/\/allasorias.hu\/hirek\/wp-json\/wp\/v2\/posts\/3695","targetHints":{"allow":["GET"]}}],"collection":[{"href":"https:\/\/allasorias.hu\/hirek\/wp-json\/wp\/v2\/posts"}],"about":[{"href":"https:\/\/allasorias.hu\/hirek\/wp-json\/wp\/v2\/types\/post"}],"author":[{"embeddable":true,"href":"https:\/\/allasorias.hu\/hirek\/wp-json\/wp\/v2\/users\/1"}],"replies":[{"embeddable":true,"href":"https:\/\/allasorias.hu\/hirek\/wp-json\/wp\/v2\/comments?post=3695"}],"version-history":[{"count":1,"href":"https:\/\/allasorias.hu\/hirek\/wp-json\/wp\/v2\/posts\/3695\/revisions"}],"predecessor-version":[{"id":3696,"href":"https:\/\/allasorias.hu\/hirek\/wp-json\/wp\/v2\/posts\/3695\/revisions\/3696"}],"wp:featuredmedia":[{"embeddable":true,"href":"https:\/\/allasorias.hu\/hirek\/wp-json\/wp\/v2\/media\/2671"}],"wp:attachment":[{"href":"https:\/\/allasorias.hu\/hirek\/wp-json\/wp\/v2\/media?parent=3695"}],"wp:term":[{"taxonomy":"category","embeddable":true,"href":"https:\/\/allasorias.hu\/hirek\/wp-json\/wp\/v2\/categories?post=3695"},{"taxonomy":"post_tag","embeddable":true,"href":"https:\/\/allasorias.hu\/hirek\/wp-json\/wp\/v2\/tags?post=3695"}],"curies":[{"name":"wp","href":"https:\/\/api.w.org\/{rel}","templated":true}]}}