{"id":3691,"date":"2020-01-20T12:20:08","date_gmt":"2020-01-20T12:20:08","guid":{"rendered":"https:\/\/allasorias.hu\/hirek\/?p=3691"},"modified":"2020-01-20T12:20:08","modified_gmt":"2020-01-20T12:20:08","slug":"hol-tart-a-munkaeropiac","status":"publish","type":"post","link":"https:\/\/allasorias.hu\/hirek\/hol-tart-a-munkaeropiac\/","title":{"rendered":"Hol tart a munkaer\u0151piac ?"},"content":{"rendered":"<p><strong>A teljes munkaid\u0151ben foglalkoztatottak ar\u00e1nya az uni\u00f3n bel\u00fcl a 20\u201364 \u00e9ves korcsoport eset\u00e9ben n\u00e1lunk az \u00f6t\u00f6dik legnagyobb. \u00dajabb cs\u00facsokat d\u00f6ntenek a munkaer\u0151piaci mutat\u00f3ink 2019-ben is, a kedvez\u0151 tendencia nyolcadik \u00e9ve tart \u2013 mondta el Szalai Piroska munkaer\u0151piaci szak\u00e9rt\u0151. A optim\u00e1lis folyamatokkal egy\u00fctt tov\u00e1bbi b\u0151v\u00fcl\u00e9st is k\u00e9pes el\u00e9rni a munkaer\u0151piac, hiszen az inakt\u00edvak jelent\u0151s h\u00e1nyada rendelkezik minimum k\u00f6z\u00e9pfok\u00fa v\u00e9gzetts\u00e9ggel.<\/strong><\/p>\n<p>A 2019-es \u00e9vben \u00e9ves \u00e1tlagban is meghaladja foglalkoztatottak sz\u00e1ma a 4,5 milli\u00f3t, ami 780 ezerrel magasabb, mint 2010-ben volt \u2013 mondta Szalai Piroska, megjegyezve, hogy 2010 volt a legrosszabb \u00e9v\u00fcnk a 21. sz\u00e1zadban. A n\u0151k a szak\u00e9rt\u0151 becsl\u00e9se szerint tavaly 2,032 milli\u00f3an dolgoztak, ami majdnem h\u00e1romsz\u00e1zezerrel magasabb, mint kilenc \u00e9vvel kor\u00e1bban. E kedvez\u0151 n\u00f6veked\u00e9snek kevesebb mint fel\u00e9t a munkan\u00e9lk\u00fclis\u00e9g jelent\u0151s cs\u00f6kken\u00e9se adta. A foglalkoztat\u00e1sb\u0151v\u00fcl\u00e9s nagyobb r\u00e9sz\u00e9t az inaktivit\u00e1s cs\u00f6kken\u00e9se hozta, azaz m\u00edg 2010-ben t\u00f6bb mint k\u00e9tmilli\u00f3 inakt\u00edv \u00e9lt haz\u00e1nkban a 20\u201364 \u00e9ves korcsoportban, 2019-re a sz\u00e1muk 1,3 milli\u00f3 al\u00e1 cs\u00f6kkent. A foglalkoztat\u00e1si r\u00e1ta a 20\u201364 \u00e9ves korcsoportban 75,3-re javult, azaz el\u00e9rte a 2020-ra megc\u00e9lzott hetven\u00f6t sz\u00e1zal\u00e9kot. Eml\u00e9keztetett r\u00e1, m\u00e9g 2010 elej\u00e9n a Bajnai-korm\u00e1ny v\u00e1llalta, hogy az akkori alig hatvan sz\u00e1zal\u00e9kpontr\u00f3l jav\u00edtjuk tizen\u00f6t sz\u00e1zal\u00e9kponttal a r\u00e1t\u00e1t 2020-ig. Ez akkor egy teljes\u00edthetetlen kijelent\u00e9snek t\u0171nt, hiszen ilyen m\u00e9rt\u00e9k\u0171 javul\u00e1st addig m\u00e9g nem produk\u00e1lt senki a munkaer\u0151piacon. Jelenleg a kilenc \u00e9v alatt el\u00e9rt, tizen\u00f6t sz\u00e1zal\u00e9kos b\u0151v\u00fcl\u00e9s M\u00e1lta ut\u00e1n a legnagyobb az uni\u00f3ban.<\/p>\n<p>Foglalkoztat\u00e1si r\u00e1t\u00e1nk 2016 \u00f3ta az uni\u00f3s \u00e1tlag feletti. A tag\u00e1llamok k\u00f6z\u00f6tt a k\u00f6z\u00e9pmez\u0151nyben vagyunk, a V4-ek k\u00f6z\u00fcl Lengyelorsz\u00e1got \u00e9s Szlov\u00e1ki\u00e1t megel\u0151zz\u00fck, Csehorsz\u00e1g az Eur\u00f3pai Uni\u00f3 negyedik legjobb \u00e1llama, el\u0151tt\u00fcnk j\u00e1r. \u00d6sszevet\u00e9sk\u00e9ppen: t\u00edz \u00e9vvel ezel\u0151tt m\u00e9g utols\u00f3k voltunk. A szak\u00e9rt\u0151 szerint sokat olvashatunk arr\u00f3l, hogy a magyar munkaer\u0151piac bels\u0151 forr\u00e1sb\u00f3l val\u00f3 b\u0151v\u00fcl\u00e9se m\u00e1r lehetetlen, ez azt jelenti, hogy nincs tov\u00e1bbl\u00e9p\u00e9s a k\u00f6z\u00e9pmez\u0151nyb\u0151l. Ugyancsak a 20\u201364 \u00e9ves korcsoportn\u00e1l maradva, a teljes munkaid\u0151ben foglalkoztatottak ar\u00e1nya a tag\u00e1llamok k\u00f6zt Bulg\u00e1ria, Litv\u00e1nia, \u00c9sztorsz\u00e1g \u00e9s Csehorsz\u00e1g ut\u00e1n n\u00e1lunk az \u00f6t\u00f6dik legnagyobb. A heti 36 \u00f3r\u00e1n\u00e1l kevesebbet dolgoz\u00f3 r\u00e9szmunkaid\u0151s\u00f6k ar\u00e1nya pedig a m\u00e1sodik legalacsonyabb, csak Bulg\u00e1ria rosszabb n\u00e1lunk. Ez mutatja, hogy nem el\u00e9g rugalmas a magyar munkaer\u0151piac, nagyon kev\u00e9s lehet\u0151s\u00e9g\u00fck van p\u00e9ld\u00e1ul a tanul\u00e1s mellett dolgozni a v\u00e9gzetts\u00e9g\u00fck megszerz\u00e9se el\u0151tti \u00e9vekben a fiataloknak annak ellen\u00e9re, hogy folyamatosan b\u0151v\u00fcl a du\u00e1lis k\u00e9pz\u00e9sben tanul\u00f3k sz\u00e1ma. A feldolgoz\u00f3iparban, az infokommunik\u00e1ci\u00f3s \u00e1gazatban \u00e9s a szakmai tudom\u00e1nyos tev\u00e9kenys\u00e9g, valamint n\u0151k eset\u00e9ben a h\u00e1ztart\u00e1sokat seg\u00edt\u0151 tev\u00e9kenys\u00e9gek ter\u00fclet\u00e9n j\u00f3val t\u00f6bben dolgoznak a leg\u00e1lis munkaer\u0151piacon, mint n\u00e1lunk. Ez\u00e9rt a szak\u00e9rt\u0151 \u00fagy l\u00e1tja, a magyar munkaer\u0151piac k\u00e9pes m\u00e9g b\u0151v\u00fclni.<\/p>\n<p>Forr\u00e1s: magyarnemzet.hu<\/p>\n","protected":false},"excerpt":{"rendered":"<p>A teljes munkaid\u0151ben foglalkoztatottak ar\u00e1nya az uni\u00f3n bel\u00fcl a 20\u201364 \u00e9ves korcsoport eset\u00e9ben n\u00e1lunk az \u00f6t\u00f6dik legnagyobb. \u00dajabb cs\u00facsokat d\u00f6ntenek a munkaer\u0151piaci mutat\u00f3ink 2019-ben is, a kedvez\u0151 tendencia nyolcadik \u00e9ve tart \u2013 mondta el Szalai Piroska munkaer\u0151piaci szak\u00e9rt\u0151. A optim\u00e1lis folyamatokkal egy\u00fctt tov\u00e1bbi b\u0151v\u00fcl\u00e9st is k\u00e9pes el\u00e9rni a munkaer\u0151piac, hiszen az inakt\u00edvak jelent\u0151s h\u00e1nyada rendelkezik [&hellip;]<\/p>\n","protected":false},"author":1,"featured_media":2101,"comment_status":"open","ping_status":"open","sticky":false,"template":"","format":"standard","meta":{"_monsterinsights_skip_tracking":false,"footnotes":""},"categories":[200],"tags":[],"class_list":["post-3691","post","type-post","status-publish","format-standard","has-post-thumbnail","hentry","category-munkaeropiac"],"aioseo_notices":[],"aioseo_head":"\n\t\t<!-- All in One SEO 5.0.0.1 - aioseo.com -->\n\t<meta name=\"description\" content=\"A teljes munkaid\u0151ben foglalkoztatottak ar\u00e1nya az uni\u00f3n bel\u00fcl a 20\u201364 \u00e9ves korcsoport eset\u00e9ben n\u00e1lunk az \u00f6t\u00f6dik legnagyobb. \u00dajabb cs\u00facsokat d\u00f6ntenek a munkaer\u0151piaci mutat\u00f3ink 2019-ben is, a kedvez\u0151 tendencia nyolcadik \u00e9ve tart \u2013 mondta el Szalai Piroska munkaer\u0151piaci szak\u00e9rt\u0151. A optim\u00e1lis folyamatokkal egy\u00fctt tov\u00e1bbi b\u0151v\u00fcl\u00e9st is k\u00e9pes el\u00e9rni a munkaer\u0151piac, hiszen az inakt\u00edvak jelent\u0151s h\u00e1nyada rendelkezik\" \/>\n\t<meta name=\"robots\" content=\"max-image-preview:large\" \/>\n\t<meta name=\"author\" content=\"Juh\u00e1sz P\u00e9ter\"\/>\n\t<link rel=\"canonical\" href=\"https:\/\/allasorias.hu\/hirek\/hol-tart-a-munkaeropiac\/\" \/>\n\t<meta name=\"generator\" content=\"All in One SEO (AIOSEO) 5.0.0.1\" \/>\n\t\t<meta property=\"og:locale\" content=\"hu_HU\" \/>\n\t\t<meta property=\"og:site_name\" content=\"AllasOrias.hu | H\u00edrek-lapszemle | \u00dczleti h\u00edrek az \u00e1ll\u00e1s \u00e9s a munka vil\u00e1g\u00e1b\u00f3l\" \/>\n\t\t<meta property=\"og:type\" content=\"article\" \/>\n\t\t<meta property=\"og:title\" content=\"Hol tart a munkaer\u0151piac ? | AllasOrias.hu | H\u00edrek-lapszemle\" \/>\n\t\t<meta property=\"og:description\" content=\"A teljes munkaid\u0151ben foglalkoztatottak ar\u00e1nya az uni\u00f3n bel\u00fcl a 20\u201364 \u00e9ves korcsoport eset\u00e9ben n\u00e1lunk az \u00f6t\u00f6dik legnagyobb. \u00dajabb cs\u00facsokat d\u00f6ntenek a munkaer\u0151piaci mutat\u00f3ink 2019-ben is, a kedvez\u0151 tendencia nyolcadik \u00e9ve tart \u2013 mondta el Szalai Piroska munkaer\u0151piaci szak\u00e9rt\u0151. A optim\u00e1lis folyamatokkal egy\u00fctt tov\u00e1bbi b\u0151v\u00fcl\u00e9st is k\u00e9pes el\u00e9rni a munkaer\u0151piac, hiszen az inakt\u00edvak jelent\u0151s h\u00e1nyada rendelkezik\" \/>\n\t\t<meta property=\"og:url\" content=\"https:\/\/allasorias.hu\/hirek\/hol-tart-a-munkaeropiac\/\" \/>\n\t\t<meta property=\"og:image\" content=\"https:\/\/allasorias.hu\/hirek\/wp-content\/uploads\/2018\/11\/turn-on-2925962_640.jpg\" \/>\n\t\t<meta property=\"og:image:secure_url\" content=\"https:\/\/allasorias.hu\/hirek\/wp-content\/uploads\/2018\/11\/turn-on-2925962_640.jpg\" \/>\n\t\t<meta property=\"og:image:width\" content=\"640\" \/>\n\t\t<meta property=\"og:image:height\" content=\"400\" \/>\n\t\t<meta property=\"article:published_time\" content=\"2020-01-20T12:20:08+00:00\" \/>\n\t\t<meta property=\"article:modified_time\" content=\"2020-01-20T12:20:08+00:00\" \/>\n\t\t<meta property=\"article:publisher\" content=\"https:\/\/www.facebook.com\/allasorias\" \/>\n\t\t<meta name=\"twitter:card\" content=\"summary_large_image\" \/>\n\t\t<meta name=\"twitter:title\" content=\"Hol tart a munkaer\u0151piac ? | AllasOrias.hu | H\u00edrek-lapszemle\" \/>\n\t\t<meta name=\"twitter:description\" content=\"A teljes munkaid\u0151ben foglalkoztatottak ar\u00e1nya az uni\u00f3n bel\u00fcl a 20\u201364 \u00e9ves korcsoport eset\u00e9ben n\u00e1lunk az \u00f6t\u00f6dik legnagyobb. \u00dajabb cs\u00facsokat d\u00f6ntenek a munkaer\u0151piaci mutat\u00f3ink 2019-ben is, a kedvez\u0151 tendencia nyolcadik \u00e9ve tart \u2013 mondta el Szalai Piroska munkaer\u0151piaci szak\u00e9rt\u0151. A optim\u00e1lis folyamatokkal egy\u00fctt tov\u00e1bbi b\u0151v\u00fcl\u00e9st is k\u00e9pes el\u00e9rni a munkaer\u0151piac, hiszen az inakt\u00edvak jelent\u0151s h\u00e1nyada rendelkezik\" \/>\n\t\t<meta name=\"twitter:image\" content=\"https:\/\/allasorias.hu\/hirek\/wp-content\/uploads\/2018\/11\/turn-on-2925962_640.jpg\" \/>\n\t\t<meta name=\"twitter:label1\" content=\"Written by\" \/>\n\t\t<meta name=\"twitter:data1\" content=\"Juh\u00e1sz P\u00e9ter\" \/>\n\t\t<meta name=\"twitter:label2\" content=\"Est. reading time\" \/>\n\t\t<meta name=\"twitter:data2\" content=\"3 minutes\" \/>\n\t\t<script type=\"application\/ld+json\" class=\"aioseo-schema\">\n\t\t\t{\"@context\":\"https:\\\/\\\/schema.org\",\"@graph\":[{\"@type\":\"Article\",\"@id\":\"https:\\\/\\\/allasorias.hu\\\/hirek\\\/hol-tart-a-munkaeropiac\\\/#article\",\"name\":\"Hol tart a munkaer\\u0151piac ? | AllasOrias.hu | H\\u00edrek-lapszemle\",\"headline\":\"Hol tart a munkaer\\u0151piac ?\",\"author\":{\"@id\":\"https:\\\/\\\/allasorias.hu\\\/hirek\\\/author\\\/admin-allasorias\\\/#author\"},\"publisher\":{\"@id\":\"https:\\\/\\\/allasorias.hu\\\/hirek\\\/#organization\"},\"image\":{\"@type\":\"ImageObject\",\"url\":\"https:\\\/\\\/allasorias.hu\\\/hirek\\\/wp-content\\\/uploads\\\/2018\\\/11\\\/turn-on-2925962_640.jpg\",\"width\":640,\"height\":400},\"datePublished\":\"2020-01-20T12:20:08+02:00\",\"dateModified\":\"2020-01-20T12:20:08+02:00\",\"inLanguage\":\"hu-HU\",\"mainEntityOfPage\":{\"@id\":\"https:\\\/\\\/allasorias.hu\\\/hirek\\\/hol-tart-a-munkaeropiac\\\/#webpage\"},\"isPartOf\":{\"@id\":\"https:\\\/\\\/allasorias.hu\\\/hirek\\\/hol-tart-a-munkaeropiac\\\/#webpage\"},\"articleSection\":\"Munkaer\\u0151piac\"},{\"@type\":\"BreadcrumbList\",\"@id\":\"https:\\\/\\\/allasorias.hu\\\/hirek\\\/hol-tart-a-munkaeropiac\\\/#breadcrumblist\",\"itemListElement\":[{\"@type\":\"ListItem\",\"@id\":\"https:\\\/\\\/allasorias.hu\\\/hirek#listItem\",\"position\":1,\"name\":\"Home\",\"item\":\"https:\\\/\\\/allasorias.hu\\\/hirek\",\"nextItem\":{\"@type\":\"ListItem\",\"@id\":\"https:\\\/\\\/allasorias.hu\\\/hirek\\\/temak\\\/munkaeropiac\\\/#listItem\",\"name\":\"Munkaer\\u0151piac\"}},{\"@type\":\"ListItem\",\"@id\":\"https:\\\/\\\/allasorias.hu\\\/hirek\\\/temak\\\/munkaeropiac\\\/#listItem\",\"position\":2,\"name\":\"Munkaer\\u0151piac\",\"item\":\"https:\\\/\\\/allasorias.hu\\\/hirek\\\/temak\\\/munkaeropiac\\\/\",\"nextItem\":{\"@type\":\"ListItem\",\"@id\":\"https:\\\/\\\/allasorias.hu\\\/hirek\\\/hol-tart-a-munkaeropiac\\\/#listItem\",\"name\":\"Hol tart a munkaer\\u0151piac ?\"},\"previousItem\":{\"@type\":\"ListItem\",\"@id\":\"https:\\\/\\\/allasorias.hu\\\/hirek#listItem\",\"name\":\"Home\"}},{\"@type\":\"ListItem\",\"@id\":\"https:\\\/\\\/allasorias.hu\\\/hirek\\\/hol-tart-a-munkaeropiac\\\/#listItem\",\"position\":3,\"name\":\"Hol tart a munkaer\\u0151piac ?\",\"previousItem\":{\"@type\":\"ListItem\",\"@id\":\"https:\\\/\\\/allasorias.hu\\\/hirek\\\/temak\\\/munkaeropiac\\\/#listItem\",\"name\":\"Munkaer\\u0151piac\"}}]},{\"@type\":\"Organization\",\"@id\":\"https:\\\/\\\/allasorias.hu\\\/hirek\\\/#organization\",\"name\":\"AllasOrias.hu | H\\u00edrek-lapszemle\",\"description\":\"\\u00dczleti h\\u00edrek az \\u00e1ll\\u00e1s \\u00e9s a munka vil\\u00e1g\\u00e1b\\u00f3l\",\"url\":\"https:\\\/\\\/allasorias.hu\\\/hirek\\\/\",\"logo\":{\"@type\":\"ImageObject\",\"url\":\"https:\\\/\\\/allasorias.hu\\\/hirek\\\/wp-content\\\/uploads\\\/2022\\\/10\\\/allasorias_site_facebok_logo.png\",\"@id\":\"https:\\\/\\\/allasorias.hu\\\/hirek\\\/hol-tart-a-munkaeropiac\\\/#organizationLogo\"},\"image\":{\"@id\":\"https:\\\/\\\/allasorias.hu\\\/hirek\\\/hol-tart-a-munkaeropiac\\\/#organizationLogo\"},\"sameAs\":[\"https:\\\/\\\/www.facebook.com\\\/allasorias\",\"https:\\\/\\\/www.linkedin.com\\\/company\\\/allasorias\"]},{\"@type\":\"Person\",\"@id\":\"https:\\\/\\\/allasorias.hu\\\/hirek\\\/author\\\/admin-allasorias\\\/#author\",\"url\":\"https:\\\/\\\/allasorias.hu\\\/hirek\\\/author\\\/admin-allasorias\\\/\",\"name\":\"Juh\\u00e1sz P\\u00e9ter\",\"image\":{\"@type\":\"ImageObject\",\"@id\":\"https:\\\/\\\/allasorias.hu\\\/hirek\\\/hol-tart-a-munkaeropiac\\\/#authorImage\",\"url\":\"https:\\\/\\\/secure.gravatar.com\\\/avatar\\\/36e6bcb83148978b992977cb0f54d22feb0cce8a0a849a9410532bb2623ba4c6?s=96&d=mm&r=g\",\"width\":96,\"height\":96,\"caption\":\"Juh\\u00e1sz P\\u00e9ter\"}},{\"@type\":\"WebPage\",\"@id\":\"https:\\\/\\\/allasorias.hu\\\/hirek\\\/hol-tart-a-munkaeropiac\\\/#webpage\",\"url\":\"https:\\\/\\\/allasorias.hu\\\/hirek\\\/hol-tart-a-munkaeropiac\\\/\",\"name\":\"Hol tart a munkaer\\u0151piac ? | AllasOrias.hu | H\\u00edrek-lapszemle\",\"description\":\"A teljes munkaid\\u0151ben foglalkoztatottak ar\\u00e1nya az uni\\u00f3n bel\\u00fcl a 20\\u201364 \\u00e9ves korcsoport eset\\u00e9ben n\\u00e1lunk az \\u00f6t\\u00f6dik legnagyobb. \\u00dajabb cs\\u00facsokat d\\u00f6ntenek a munkaer\\u0151piaci mutat\\u00f3ink 2019-ben is, a kedvez\\u0151 tendencia nyolcadik \\u00e9ve tart \\u2013 mondta el Szalai Piroska munkaer\\u0151piaci szak\\u00e9rt\\u0151. A optim\\u00e1lis folyamatokkal egy\\u00fctt tov\\u00e1bbi b\\u0151v\\u00fcl\\u00e9st is k\\u00e9pes el\\u00e9rni a munkaer\\u0151piac, hiszen az inakt\\u00edvak jelent\\u0151s h\\u00e1nyada rendelkezik\",\"inLanguage\":\"hu-HU\",\"isPartOf\":{\"@id\":\"https:\\\/\\\/allasorias.hu\\\/hirek\\\/#website\"},\"breadcrumb\":{\"@id\":\"https:\\\/\\\/allasorias.hu\\\/hirek\\\/hol-tart-a-munkaeropiac\\\/#breadcrumblist\"},\"author\":{\"@id\":\"https:\\\/\\\/allasorias.hu\\\/hirek\\\/author\\\/admin-allasorias\\\/#author\"},\"creator\":{\"@id\":\"https:\\\/\\\/allasorias.hu\\\/hirek\\\/author\\\/admin-allasorias\\\/#author\"},\"image\":{\"@type\":\"ImageObject\",\"url\":\"https:\\\/\\\/allasorias.hu\\\/hirek\\\/wp-content\\\/uploads\\\/2018\\\/11\\\/turn-on-2925962_640.jpg\",\"@id\":\"https:\\\/\\\/allasorias.hu\\\/hirek\\\/hol-tart-a-munkaeropiac\\\/#mainImage\",\"width\":640,\"height\":400},\"primaryImageOfPage\":{\"@id\":\"https:\\\/\\\/allasorias.hu\\\/hirek\\\/hol-tart-a-munkaeropiac\\\/#mainImage\"},\"datePublished\":\"2020-01-20T12:20:08+02:00\",\"dateModified\":\"2020-01-20T12:20:08+02:00\"},{\"@type\":\"WebSite\",\"@id\":\"https:\\\/\\\/allasorias.hu\\\/hirek\\\/#website\",\"url\":\"https:\\\/\\\/allasorias.hu\\\/hirek\\\/\",\"name\":\"AllasOrias.hu | H\\u00edrek-lapszemle\",\"description\":\"\\u00dczleti h\\u00edrek az \\u00e1ll\\u00e1s \\u00e9s a munka vil\\u00e1g\\u00e1b\\u00f3l\",\"inLanguage\":\"hu-HU\",\"publisher\":{\"@id\":\"https:\\\/\\\/allasorias.hu\\\/hirek\\\/#organization\"}}]}\n\t\t<\/script>\n\t\t<!-- All in One SEO -->\n\n","aioseo_head_json":{"title":"Hol tart a munkaer\u0151piac ? | AllasOrias.hu | H\u00edrek-lapszemle","description":"A teljes munkaid\u0151ben foglalkoztatottak ar\u00e1nya az uni\u00f3n bel\u00fcl a 20\u201364 \u00e9ves korcsoport eset\u00e9ben n\u00e1lunk az \u00f6t\u00f6dik legnagyobb. \u00dajabb cs\u00facsokat d\u00f6ntenek a munkaer\u0151piaci mutat\u00f3ink 2019-ben is, a kedvez\u0151 tendencia nyolcadik \u00e9ve tart \u2013 mondta el Szalai Piroska munkaer\u0151piaci szak\u00e9rt\u0151. A optim\u00e1lis folyamatokkal egy\u00fctt tov\u00e1bbi b\u0151v\u00fcl\u00e9st is k\u00e9pes el\u00e9rni a munkaer\u0151piac, hiszen az inakt\u00edvak jelent\u0151s h\u00e1nyada rendelkezik","canonical_url":"https:\/\/allasorias.hu\/hirek\/hol-tart-a-munkaeropiac\/","robots":"max-image-preview:large","keywords":"","webmasterTools":{"miscellaneous":""},"schema":{"@context":"https:\/\/schema.org","@graph":[{"@type":"Article","@id":"https:\/\/allasorias.hu\/hirek\/hol-tart-a-munkaeropiac\/#article","name":"Hol tart a munkaer\u0151piac ? | AllasOrias.hu | H\u00edrek-lapszemle","headline":"Hol tart a munkaer\u0151piac ?","author":{"@id":"https:\/\/allasorias.hu\/hirek\/author\/admin-allasorias\/#author"},"publisher":{"@id":"https:\/\/allasorias.hu\/hirek\/#organization"},"image":{"@type":"ImageObject","url":"https:\/\/allasorias.hu\/hirek\/wp-content\/uploads\/2018\/11\/turn-on-2925962_640.jpg","width":640,"height":400},"datePublished":"2020-01-20T12:20:08+02:00","dateModified":"2020-01-20T12:20:08+02:00","inLanguage":"hu-HU","mainEntityOfPage":{"@id":"https:\/\/allasorias.hu\/hirek\/hol-tart-a-munkaeropiac\/#webpage"},"isPartOf":{"@id":"https:\/\/allasorias.hu\/hirek\/hol-tart-a-munkaeropiac\/#webpage"},"articleSection":"Munkaer\u0151piac"},{"@type":"BreadcrumbList","@id":"https:\/\/allasorias.hu\/hirek\/hol-tart-a-munkaeropiac\/#breadcrumblist","itemListElement":[{"@type":"ListItem","@id":"https:\/\/allasorias.hu\/hirek#listItem","position":1,"name":"Home","item":"https:\/\/allasorias.hu\/hirek","nextItem":{"@type":"ListItem","@id":"https:\/\/allasorias.hu\/hirek\/temak\/munkaeropiac\/#listItem","name":"Munkaer\u0151piac"}},{"@type":"ListItem","@id":"https:\/\/allasorias.hu\/hirek\/temak\/munkaeropiac\/#listItem","position":2,"name":"Munkaer\u0151piac","item":"https:\/\/allasorias.hu\/hirek\/temak\/munkaeropiac\/","nextItem":{"@type":"ListItem","@id":"https:\/\/allasorias.hu\/hirek\/hol-tart-a-munkaeropiac\/#listItem","name":"Hol tart a munkaer\u0151piac ?"},"previousItem":{"@type":"ListItem","@id":"https:\/\/allasorias.hu\/hirek#listItem","name":"Home"}},{"@type":"ListItem","@id":"https:\/\/allasorias.hu\/hirek\/hol-tart-a-munkaeropiac\/#listItem","position":3,"name":"Hol tart a munkaer\u0151piac ?","previousItem":{"@type":"ListItem","@id":"https:\/\/allasorias.hu\/hirek\/temak\/munkaeropiac\/#listItem","name":"Munkaer\u0151piac"}}]},{"@type":"Organization","@id":"https:\/\/allasorias.hu\/hirek\/#organization","name":"AllasOrias.hu | H\u00edrek-lapszemle","description":"\u00dczleti h\u00edrek az \u00e1ll\u00e1s \u00e9s a munka vil\u00e1g\u00e1b\u00f3l","url":"https:\/\/allasorias.hu\/hirek\/","logo":{"@type":"ImageObject","url":"https:\/\/allasorias.hu\/hirek\/wp-content\/uploads\/2022\/10\/allasorias_site_facebok_logo.png","@id":"https:\/\/allasorias.hu\/hirek\/hol-tart-a-munkaeropiac\/#organizationLogo"},"image":{"@id":"https:\/\/allasorias.hu\/hirek\/hol-tart-a-munkaeropiac\/#organizationLogo"},"sameAs":["https:\/\/www.facebook.com\/allasorias","https:\/\/www.linkedin.com\/company\/allasorias"]},{"@type":"Person","@id":"https:\/\/allasorias.hu\/hirek\/author\/admin-allasorias\/#author","url":"https:\/\/allasorias.hu\/hirek\/author\/admin-allasorias\/","name":"Juh\u00e1sz P\u00e9ter","image":{"@type":"ImageObject","@id":"https:\/\/allasorias.hu\/hirek\/hol-tart-a-munkaeropiac\/#authorImage","url":"https:\/\/secure.gravatar.com\/avatar\/36e6bcb83148978b992977cb0f54d22feb0cce8a0a849a9410532bb2623ba4c6?s=96&d=mm&r=g","width":96,"height":96,"caption":"Juh\u00e1sz P\u00e9ter"}},{"@type":"WebPage","@id":"https:\/\/allasorias.hu\/hirek\/hol-tart-a-munkaeropiac\/#webpage","url":"https:\/\/allasorias.hu\/hirek\/hol-tart-a-munkaeropiac\/","name":"Hol tart a munkaer\u0151piac ? | AllasOrias.hu | H\u00edrek-lapszemle","description":"A teljes munkaid\u0151ben foglalkoztatottak ar\u00e1nya az uni\u00f3n bel\u00fcl a 20\u201364 \u00e9ves korcsoport eset\u00e9ben n\u00e1lunk az \u00f6t\u00f6dik legnagyobb. \u00dajabb cs\u00facsokat d\u00f6ntenek a munkaer\u0151piaci mutat\u00f3ink 2019-ben is, a kedvez\u0151 tendencia nyolcadik \u00e9ve tart \u2013 mondta el Szalai Piroska munkaer\u0151piaci szak\u00e9rt\u0151. A optim\u00e1lis folyamatokkal egy\u00fctt tov\u00e1bbi b\u0151v\u00fcl\u00e9st is k\u00e9pes el\u00e9rni a munkaer\u0151piac, hiszen az inakt\u00edvak jelent\u0151s h\u00e1nyada rendelkezik","inLanguage":"hu-HU","isPartOf":{"@id":"https:\/\/allasorias.hu\/hirek\/#website"},"breadcrumb":{"@id":"https:\/\/allasorias.hu\/hirek\/hol-tart-a-munkaeropiac\/#breadcrumblist"},"author":{"@id":"https:\/\/allasorias.hu\/hirek\/author\/admin-allasorias\/#author"},"creator":{"@id":"https:\/\/allasorias.hu\/hirek\/author\/admin-allasorias\/#author"},"image":{"@type":"ImageObject","url":"https:\/\/allasorias.hu\/hirek\/wp-content\/uploads\/2018\/11\/turn-on-2925962_640.jpg","@id":"https:\/\/allasorias.hu\/hirek\/hol-tart-a-munkaeropiac\/#mainImage","width":640,"height":400},"primaryImageOfPage":{"@id":"https:\/\/allasorias.hu\/hirek\/hol-tart-a-munkaeropiac\/#mainImage"},"datePublished":"2020-01-20T12:20:08+02:00","dateModified":"2020-01-20T12:20:08+02:00"},{"@type":"WebSite","@id":"https:\/\/allasorias.hu\/hirek\/#website","url":"https:\/\/allasorias.hu\/hirek\/","name":"AllasOrias.hu | H\u00edrek-lapszemle","description":"\u00dczleti h\u00edrek az \u00e1ll\u00e1s \u00e9s a munka vil\u00e1g\u00e1b\u00f3l","inLanguage":"hu-HU","publisher":{"@id":"https:\/\/allasorias.hu\/hirek\/#organization"}}]},"og:locale":"hu_HU","og:site_name":"AllasOrias.hu | H\u00edrek-lapszemle | \u00dczleti h\u00edrek az \u00e1ll\u00e1s \u00e9s a munka vil\u00e1g\u00e1b\u00f3l","og:type":"article","og:title":"Hol tart a munkaer\u0151piac ? | AllasOrias.hu | H\u00edrek-lapszemle","og:description":"A teljes munkaid\u0151ben foglalkoztatottak ar\u00e1nya az uni\u00f3n bel\u00fcl a 20\u201364 \u00e9ves korcsoport eset\u00e9ben n\u00e1lunk az \u00f6t\u00f6dik legnagyobb. \u00dajabb cs\u00facsokat d\u00f6ntenek a munkaer\u0151piaci mutat\u00f3ink 2019-ben is, a kedvez\u0151 tendencia nyolcadik \u00e9ve tart \u2013 mondta el Szalai Piroska munkaer\u0151piaci szak\u00e9rt\u0151. A optim\u00e1lis folyamatokkal egy\u00fctt tov\u00e1bbi b\u0151v\u00fcl\u00e9st is k\u00e9pes el\u00e9rni a munkaer\u0151piac, hiszen az inakt\u00edvak jelent\u0151s h\u00e1nyada rendelkezik","og:url":"https:\/\/allasorias.hu\/hirek\/hol-tart-a-munkaeropiac\/","og:image":"https:\/\/allasorias.hu\/hirek\/wp-content\/uploads\/2018\/11\/turn-on-2925962_640.jpg","og:image:secure_url":"https:\/\/allasorias.hu\/hirek\/wp-content\/uploads\/2018\/11\/turn-on-2925962_640.jpg","og:image:width":640,"og:image:height":400,"article:published_time":"2020-01-20T12:20:08+00:00","article:modified_time":"2020-01-20T12:20:08+00:00","article:publisher":"https:\/\/www.facebook.com\/allasorias","twitter:card":"summary_large_image","twitter:title":"Hol tart a munkaer\u0151piac ? | AllasOrias.hu | H\u00edrek-lapszemle","twitter:description":"A teljes munkaid\u0151ben foglalkoztatottak ar\u00e1nya az uni\u00f3n bel\u00fcl a 20\u201364 \u00e9ves korcsoport eset\u00e9ben n\u00e1lunk az \u00f6t\u00f6dik legnagyobb. \u00dajabb cs\u00facsokat d\u00f6ntenek a munkaer\u0151piaci mutat\u00f3ink 2019-ben is, a kedvez\u0151 tendencia nyolcadik \u00e9ve tart \u2013 mondta el Szalai Piroska munkaer\u0151piaci szak\u00e9rt\u0151. A optim\u00e1lis folyamatokkal egy\u00fctt tov\u00e1bbi b\u0151v\u00fcl\u00e9st is k\u00e9pes el\u00e9rni a munkaer\u0151piac, hiszen az inakt\u00edvak jelent\u0151s h\u00e1nyada rendelkezik","twitter:image":"https:\/\/allasorias.hu\/hirek\/wp-content\/uploads\/2018\/11\/turn-on-2925962_640.jpg","twitter:label1":"Written by","twitter:data1":"Juh\u00e1sz P\u00e9ter","twitter:label2":"Est. reading time","twitter:data2":"3 minutes"},"aioseo_meta_data":{"post_id":"3691","title":null,"description":null,"keywords":null,"keyphrases":null,"primary_term":null,"canonical_url":null,"og_title":null,"og_description":null,"og_object_type":"default","og_image_type":"default","og_image_url":null,"og_image_width":null,"og_image_height":null,"og_image_custom_url":null,"og_image_custom_fields":null,"og_video":null,"og_custom_url":null,"og_article_section":null,"og_article_tags":null,"twitter_use_og":false,"twitter_card":"default","twitter_image_type":"default","twitter_image_url":null,"twitter_image_custom_url":null,"twitter_image_custom_fields":null,"twitter_title":null,"twitter_description":null,"schema":{"blockGraphs":[],"customGraphs":[],"default":{"data":{"Article":[],"Course":[],"Dataset":[],"FAQPage":[],"Movie":[],"Person":[],"Product":[],"ProductReview":[],"Car":[],"Recipe":[],"Service":[],"SoftwareApplication":[],"WebPage":[]},"graphName":"","isEnabled":true},"graphs":[],"defaultGraph":"","defaultPostTypeGraph":""},"schema_type":null,"schema_type_options":null,"pillar_content":false,"robots_default":true,"robots_noindex":false,"robots_noarchive":false,"robots_nosnippet":false,"robots_nofollow":false,"robots_noimageindex":false,"robots_noodp":false,"robots_notranslate":false,"robots_max_snippet":null,"robots_max_videopreview":null,"robots_max_imagepreview":"large","priority":null,"frequency":null,"location":null,"local_seo":null,"breadcrumb_settings":null,"limit_modified_date":false,"ai":null,"created":"2021-02-01 22:27:19","updated":"2025-10-02 13:05:09","seo_analyzer_scan_date":null,"focus_keyword":null,"additional_keywords":null,"truseo_locale":null},"aioseo_breadcrumb":"<div class=\"aioseo-breadcrumbs\"><span class=\"aioseo-breadcrumb\">\n\t\t\t<a href=\"https:\/\/allasorias.hu\/hirek\" title=\"Home\">Home<\/a>\n\t\t<\/span><span class=\"aioseo-breadcrumb-separator\">&raquo;<\/span><span class=\"aioseo-breadcrumb\">\n\t\t\t<a href=\"https:\/\/allasorias.hu\/hirek\/temak\/munkaeropiac\/\" title=\"Munkaer\u0151piac\">Munkaer\u0151piac<\/a>\n\t\t<\/span><span class=\"aioseo-breadcrumb-separator\">&raquo;<\/span><span class=\"aioseo-breadcrumb\">\n\t\t\tHol tart a munkaer\u0151piac ?\n\t\t<\/span><\/div>","aioseo_breadcrumb_json":[{"label":"Home","link":"https:\/\/allasorias.hu\/hirek"},{"label":"Munkaer\u0151piac","link":"https:\/\/allasorias.hu\/hirek\/temak\/munkaeropiac\/"},{"label":"Hol tart a munkaer\u0151piac ?","link":"https:\/\/allasorias.hu\/hirek\/hol-tart-a-munkaeropiac\/"}],"_links":{"self":[{"href":"https:\/\/allasorias.hu\/hirek\/wp-json\/wp\/v2\/posts\/3691","targetHints":{"allow":["GET"]}}],"collection":[{"href":"https:\/\/allasorias.hu\/hirek\/wp-json\/wp\/v2\/posts"}],"about":[{"href":"https:\/\/allasorias.hu\/hirek\/wp-json\/wp\/v2\/types\/post"}],"author":[{"embeddable":true,"href":"https:\/\/allasorias.hu\/hirek\/wp-json\/wp\/v2\/users\/1"}],"replies":[{"embeddable":true,"href":"https:\/\/allasorias.hu\/hirek\/wp-json\/wp\/v2\/comments?post=3691"}],"version-history":[{"count":1,"href":"https:\/\/allasorias.hu\/hirek\/wp-json\/wp\/v2\/posts\/3691\/revisions"}],"predecessor-version":[{"id":3692,"href":"https:\/\/allasorias.hu\/hirek\/wp-json\/wp\/v2\/posts\/3691\/revisions\/3692"}],"wp:featuredmedia":[{"embeddable":true,"href":"https:\/\/allasorias.hu\/hirek\/wp-json\/wp\/v2\/media\/2101"}],"wp:attachment":[{"href":"https:\/\/allasorias.hu\/hirek\/wp-json\/wp\/v2\/media?parent=3691"}],"wp:term":[{"taxonomy":"category","embeddable":true,"href":"https:\/\/allasorias.hu\/hirek\/wp-json\/wp\/v2\/categories?post=3691"},{"taxonomy":"post_tag","embeddable":true,"href":"https:\/\/allasorias.hu\/hirek\/wp-json\/wp\/v2\/tags?post=3691"}],"curies":[{"name":"wp","href":"https:\/\/api.w.org\/{rel}","templated":true}]}}