{"id":3689,"date":"2020-01-20T12:16:37","date_gmt":"2020-01-20T12:16:37","guid":{"rendered":"https:\/\/allasorias.hu\/hirek\/?p=3689"},"modified":"2020-01-20T12:16:37","modified_gmt":"2020-01-20T12:16:37","slug":"meddig-lesznek-alkupozicioban-a-munkasok","status":"publish","type":"post","link":"https:\/\/allasorias.hu\/hirek\/meddig-lesznek-alkupozicioban-a-munkasok\/","title":{"rendered":"Meddig lesznek alkupoz\u00edci\u00f3ban a munk\u00e1sok ?"},"content":{"rendered":"<p><strong>Az elemz\u0151k szerint a gyors b\u00e9remelked\u00e9s m\u00e9g a j\u00f6v\u0151 \u00e9vben is fennmaradhat, hiszen a minim\u00e1lb\u00e9r \u00e9s a garant\u00e1lt b\u00e9rminimum 2020-ban is dinamikusan (legal\u00e1bb 8-8 sz\u00e1zal\u00e9kkal) n\u0151, azonban a munkaer\u0151hi\u00e1ny m\u00e1r m\u00e9rs\u00e9kl\u0151dik, ugyanis a bet\u00f6ltetlen \u00e1ll\u00e1shelyek sz\u00e1ma cs\u00f6kken, \u00e9s a gazdas\u00e1gi n\u00f6veked\u00e9s dinamik\u00e1ja lassulhat. Mindez ism\u00e9t rontja a munkav\u00e1llal\u00f3k alkupoz\u00edci\u00f3j\u00e1t. <\/strong><\/p>\n<p>Egyes \u00e1gazatokban \u00e9s munkak\u00f6r\u00f6kben m\u00e9g k\u00f6nnyen lehet, hogy a munkaer\u0151hi\u00e1ny m\u00e9g er\u0151s\u00f6dik is, azonban a gazdas\u00e1g eg\u00e9sz\u00e9t tekintve cs\u00f6kken\u00e9st l\u00e1thatunk, ami v\u00e9g\u00fcl k\u00f6z\u00e9pt\u00e1von alacsonyabb b\u00e9rdinamik\u00e1hoz vezethet \u2013 olvashat\u00f3 a \u00a0portfolio.hu oldalon. A gazdas\u00e1gi port\u00e1l azt prognosztiz\u00e1lta, hogy a n\u00f6veked\u00e9s lassul\u00e1sa, az automatiz\u00e1l\u00e1si folyamatok be\u00e9r\u00e9se \u00e9s a \u201evend\u00e9gmunk\u00e1s inv\u00e1zi\u00f3\u201d k\u00f6vetkezt\u00e9ben cs\u00f6kkenni fog a munkaer\u0151hi\u00e1ny, \u00e9s ez a b\u00e9rdinamika lanyhul\u00e1s\u00e1hoz fog vezetni. A hazai mikro- \u00e9s kisv\u00e1llalkoz\u00f3i szf\u00e9r\u00e1ban gyakorlatilag nincs alkumechanizmus, a munkav\u00e1llal\u00f3i poz\u00edci\u00f3k tradicion\u00e1lisan gyeng\u00e9k. Ebben a szegmensben a kor\u00e1bbi \u00e9vek b\u00e9rn\u00f6veked\u00e9s szinte kiz\u00e1r\u00f3lag a k\u00e9t k\u00f6telez\u0151 tarifa emel\u00e9s\u00e9nek k\u00f6sz\u00f6nhet\u0151. Az elm\u00falt h\u00e1rom \u00e9vben a minim\u00e1lis b\u00e9r 34,1 sz\u00e1zal\u00e9kkal, a garant\u00e1lt b\u00e9rminimum 51,2 sz\u00e1zal\u00e9kkal emelkedett. 2020-ban mindk\u00e9t tarifat\u00e9tel ism\u00e9t relev\u00e1ns m\u00e9rt\u00e9kben magasabb lesz, ami kb. 1,1 milli\u00f3 munkav\u00e1llal\u00f3 b\u00e9rj\u00f6vedelm\u00e9t \u00e9rinti k\u00f6zvetlen\u00fcl. A tovagy\u0171r\u0171z\u0151 hat\u00e1st neh\u00e9z sz\u00e1mszer\u0171s\u00edteni, de a k\u00e9t k\u00f6telez\u0151 tarifa emel\u00e9se \u2013 indirekt m\u00f3don &#8211; tov\u00e1bbi 1-1,5 milli\u00f3 dolgoz\u00f3 kereset\u00e9t befoly\u00e1solhatja. Az als\u00f3 \u00e9rt\u00e9kek tol\u00f3 hat\u00e1sa teh\u00e1t 2020-ban is er\u0151sen \u00e9rv\u00e9nyes\u00fcl. Haz\u00e1nk legnagyobb foglalkoztat\u00f3ja a magyar \u00e1llam. Els\u0151sorban a nagy k\u00f6zszolg\u00e1ltat\u00f3 v\u00e1llalatok eset\u00e9ben \u2013 \u00e9rdemi b\u00e9rvit\u00e1k v\u00e1rhat\u00f3k. A strat\u00e9giai \u00e1gazatoknak kiemelten fontos a szerep\u00fck, ez\u00e9rt a munkav\u00e1llal\u00f3k alkupoz\u00edci\u00f3ja nem val\u00f3sz\u00edn\u0171, hogy romlik a j\u00f6v\u0151ben. A legnagyobb h\u00e1tr\u00e1nyt a k\u00fcl\u00f6nf\u00e9le \u00e1llami int\u00e9zm\u00e9nyi rendszerben, k\u00f6zalkalmazotti st\u00e1tuszban (pl.: pedag\u00f3gusok, szoci\u00e1lis munk\u00e1sok, k\u00f6zgy\u0171jtem\u00e9nyi dolgoz\u00f3k stb.) munk\u00e1t v\u00e1llal\u00f3k szenvedhetik el. Szomor\u00fa, hogy ebben a szf\u00e9r\u00e1ban nem tapasztalhat\u00f3 konstrukt\u00edv dial\u00f3gus. A klasszikus k\u00f6zszf\u00e9r\u00e1ban a dolgoz\u00f3k \u00e9rdek\u00e9rv\u00e9nyes\u00edt\u00e9si eszk\u00f6zei gyeng\u00e9k, ebb\u0151l k\u00f6vetkez\u0151en hat\u00e1stalanok.<\/p>\n<p>Forr\u00e1s: N\u00e9pszava,szakszervezetek.hu<\/p>\n","protected":false},"excerpt":{"rendered":"<p>Az elemz\u0151k szerint a gyors b\u00e9remelked\u00e9s m\u00e9g a j\u00f6v\u0151 \u00e9vben is fennmaradhat, hiszen a minim\u00e1lb\u00e9r \u00e9s a garant\u00e1lt b\u00e9rminimum 2020-ban is dinamikusan (legal\u00e1bb 8-8 sz\u00e1zal\u00e9kkal) n\u0151, azonban a munkaer\u0151hi\u00e1ny m\u00e1r m\u00e9rs\u00e9kl\u0151dik, ugyanis a bet\u00f6ltetlen \u00e1ll\u00e1shelyek sz\u00e1ma cs\u00f6kken, \u00e9s a gazdas\u00e1gi n\u00f6veked\u00e9s dinamik\u00e1ja lassulhat. Mindez ism\u00e9t rontja a munkav\u00e1llal\u00f3k alkupoz\u00edci\u00f3j\u00e1t. Egyes \u00e1gazatokban \u00e9s munkak\u00f6r\u00f6kben m\u00e9g k\u00f6nnyen [&hellip;]<\/p>\n","protected":false},"author":1,"featured_media":2815,"comment_status":"open","ping_status":"open","sticky":false,"template":"","format":"standard","meta":{"_monsterinsights_skip_tracking":false,"footnotes":""},"categories":[198],"tags":[],"class_list":["post-3689","post","type-post","status-publish","format-standard","has-post-thumbnail","hentry","category-gazdasag"],"aioseo_notices":[],"aioseo_head":"\n\t\t<!-- All in One SEO 5.0.0.1 - aioseo.com -->\n\t<meta name=\"description\" content=\"Az elemz\u0151k szerint a gyors b\u00e9remelked\u00e9s m\u00e9g a j\u00f6v\u0151 \u00e9vben is fennmaradhat, hiszen a minim\u00e1lb\u00e9r \u00e9s a garant\u00e1lt b\u00e9rminimum 2020-ban is dinamikusan (legal\u00e1bb 8-8 sz\u00e1zal\u00e9kkal) n\u0151, azonban a munkaer\u0151hi\u00e1ny m\u00e1r m\u00e9rs\u00e9kl\u0151dik, ugyanis a bet\u00f6ltetlen \u00e1ll\u00e1shelyek sz\u00e1ma cs\u00f6kken, \u00e9s a gazdas\u00e1gi n\u00f6veked\u00e9s dinamik\u00e1ja lassulhat. Mindez ism\u00e9t rontja a munkav\u00e1llal\u00f3k alkupoz\u00edci\u00f3j\u00e1t. Egyes \u00e1gazatokban \u00e9s munkak\u00f6r\u00f6kben m\u00e9g k\u00f6nnyen\" \/>\n\t<meta name=\"robots\" content=\"max-image-preview:large\" \/>\n\t<meta name=\"author\" content=\"Juh\u00e1sz P\u00e9ter\"\/>\n\t<link rel=\"canonical\" href=\"https:\/\/allasorias.hu\/hirek\/meddig-lesznek-alkupozicioban-a-munkasok\/\" \/>\n\t<meta name=\"generator\" content=\"All in One SEO (AIOSEO) 5.0.0.1\" \/>\n\t\t<meta property=\"og:locale\" content=\"hu_HU\" \/>\n\t\t<meta property=\"og:site_name\" content=\"AllasOrias.hu | H\u00edrek-lapszemle | \u00dczleti h\u00edrek az \u00e1ll\u00e1s \u00e9s a munka vil\u00e1g\u00e1b\u00f3l\" \/>\n\t\t<meta property=\"og:type\" content=\"article\" \/>\n\t\t<meta property=\"og:title\" content=\"Meddig lesznek alkupoz\u00edci\u00f3ban a munk\u00e1sok ? | AllasOrias.hu | H\u00edrek-lapszemle\" \/>\n\t\t<meta property=\"og:description\" content=\"Az elemz\u0151k szerint a gyors b\u00e9remelked\u00e9s m\u00e9g a j\u00f6v\u0151 \u00e9vben is fennmaradhat, hiszen a minim\u00e1lb\u00e9r \u00e9s a garant\u00e1lt b\u00e9rminimum 2020-ban is dinamikusan (legal\u00e1bb 8-8 sz\u00e1zal\u00e9kkal) n\u0151, azonban a munkaer\u0151hi\u00e1ny m\u00e1r m\u00e9rs\u00e9kl\u0151dik, ugyanis a bet\u00f6ltetlen \u00e1ll\u00e1shelyek sz\u00e1ma cs\u00f6kken, \u00e9s a gazdas\u00e1gi n\u00f6veked\u00e9s dinamik\u00e1ja lassulhat. Mindez ism\u00e9t rontja a munkav\u00e1llal\u00f3k alkupoz\u00edci\u00f3j\u00e1t. Egyes \u00e1gazatokban \u00e9s munkak\u00f6r\u00f6kben m\u00e9g k\u00f6nnyen\" \/>\n\t\t<meta property=\"og:url\" content=\"https:\/\/allasorias.hu\/hirek\/meddig-lesznek-alkupozicioban-a-munkasok\/\" \/>\n\t\t<meta property=\"og:image\" content=\"https:\/\/allasorias.hu\/hirek\/wp-content\/uploads\/2019\/04\/opposites-3808487_640.jpg\" \/>\n\t\t<meta property=\"og:image:secure_url\" content=\"https:\/\/allasorias.hu\/hirek\/wp-content\/uploads\/2019\/04\/opposites-3808487_640.jpg\" \/>\n\t\t<meta property=\"og:image:width\" content=\"640\" \/>\n\t\t<meta property=\"og:image:height\" content=\"417\" \/>\n\t\t<meta property=\"article:published_time\" content=\"2020-01-20T12:16:37+00:00\" \/>\n\t\t<meta property=\"article:modified_time\" content=\"2020-01-20T12:16:37+00:00\" \/>\n\t\t<meta property=\"article:publisher\" content=\"https:\/\/www.facebook.com\/allasorias\" \/>\n\t\t<meta name=\"twitter:card\" content=\"summary_large_image\" \/>\n\t\t<meta name=\"twitter:title\" content=\"Meddig lesznek alkupoz\u00edci\u00f3ban a munk\u00e1sok ? | AllasOrias.hu | H\u00edrek-lapszemle\" \/>\n\t\t<meta name=\"twitter:description\" content=\"Az elemz\u0151k szerint a gyors b\u00e9remelked\u00e9s m\u00e9g a j\u00f6v\u0151 \u00e9vben is fennmaradhat, hiszen a minim\u00e1lb\u00e9r \u00e9s a garant\u00e1lt b\u00e9rminimum 2020-ban is dinamikusan (legal\u00e1bb 8-8 sz\u00e1zal\u00e9kkal) n\u0151, azonban a munkaer\u0151hi\u00e1ny m\u00e1r m\u00e9rs\u00e9kl\u0151dik, ugyanis a bet\u00f6ltetlen \u00e1ll\u00e1shelyek sz\u00e1ma cs\u00f6kken, \u00e9s a gazdas\u00e1gi n\u00f6veked\u00e9s dinamik\u00e1ja lassulhat. Mindez ism\u00e9t rontja a munkav\u00e1llal\u00f3k alkupoz\u00edci\u00f3j\u00e1t. Egyes \u00e1gazatokban \u00e9s munkak\u00f6r\u00f6kben m\u00e9g k\u00f6nnyen\" \/>\n\t\t<meta name=\"twitter:image\" content=\"https:\/\/allasorias.hu\/hirek\/wp-content\/uploads\/2019\/04\/opposites-3808487_640.jpg\" \/>\n\t\t<meta name=\"twitter:label1\" content=\"Written by\" \/>\n\t\t<meta name=\"twitter:data1\" content=\"Juh\u00e1sz P\u00e9ter\" \/>\n\t\t<meta name=\"twitter:label2\" content=\"Est. reading time\" \/>\n\t\t<meta name=\"twitter:data2\" content=\"2 minutes\" \/>\n\t\t<script type=\"application\/ld+json\" class=\"aioseo-schema\">\n\t\t\t{\"@context\":\"https:\\\/\\\/schema.org\",\"@graph\":[{\"@type\":\"Article\",\"@id\":\"https:\\\/\\\/allasorias.hu\\\/hirek\\\/meddig-lesznek-alkupozicioban-a-munkasok\\\/#article\",\"name\":\"Meddig lesznek alkupoz\\u00edci\\u00f3ban a munk\\u00e1sok ? | AllasOrias.hu | H\\u00edrek-lapszemle\",\"headline\":\"Meddig lesznek alkupoz\\u00edci\\u00f3ban a munk\\u00e1sok ?\",\"author\":{\"@id\":\"https:\\\/\\\/allasorias.hu\\\/hirek\\\/author\\\/admin-allasorias\\\/#author\"},\"publisher\":{\"@id\":\"https:\\\/\\\/allasorias.hu\\\/hirek\\\/#organization\"},\"image\":{\"@type\":\"ImageObject\",\"url\":\"https:\\\/\\\/allasorias.hu\\\/hirek\\\/wp-content\\\/uploads\\\/2019\\\/04\\\/opposites-3808487_640.jpg\",\"width\":640,\"height\":417},\"datePublished\":\"2020-01-20T12:16:37+02:00\",\"dateModified\":\"2020-01-20T12:16:37+02:00\",\"inLanguage\":\"hu-HU\",\"commentCount\":1,\"mainEntityOfPage\":{\"@id\":\"https:\\\/\\\/allasorias.hu\\\/hirek\\\/meddig-lesznek-alkupozicioban-a-munkasok\\\/#webpage\"},\"isPartOf\":{\"@id\":\"https:\\\/\\\/allasorias.hu\\\/hirek\\\/meddig-lesznek-alkupozicioban-a-munkasok\\\/#webpage\"},\"articleSection\":\"Gazdas\\u00e1g\"},{\"@type\":\"BreadcrumbList\",\"@id\":\"https:\\\/\\\/allasorias.hu\\\/hirek\\\/meddig-lesznek-alkupozicioban-a-munkasok\\\/#breadcrumblist\",\"itemListElement\":[{\"@type\":\"ListItem\",\"@id\":\"https:\\\/\\\/allasorias.hu\\\/hirek#listItem\",\"position\":1,\"name\":\"Home\",\"item\":\"https:\\\/\\\/allasorias.hu\\\/hirek\",\"nextItem\":{\"@type\":\"ListItem\",\"@id\":\"https:\\\/\\\/allasorias.hu\\\/hirek\\\/temak\\\/gazdasag\\\/#listItem\",\"name\":\"Gazdas\\u00e1g\"}},{\"@type\":\"ListItem\",\"@id\":\"https:\\\/\\\/allasorias.hu\\\/hirek\\\/temak\\\/gazdasag\\\/#listItem\",\"position\":2,\"name\":\"Gazdas\\u00e1g\",\"item\":\"https:\\\/\\\/allasorias.hu\\\/hirek\\\/temak\\\/gazdasag\\\/\",\"nextItem\":{\"@type\":\"ListItem\",\"@id\":\"https:\\\/\\\/allasorias.hu\\\/hirek\\\/meddig-lesznek-alkupozicioban-a-munkasok\\\/#listItem\",\"name\":\"Meddig lesznek alkupoz\\u00edci\\u00f3ban a munk\\u00e1sok ?\"},\"previousItem\":{\"@type\":\"ListItem\",\"@id\":\"https:\\\/\\\/allasorias.hu\\\/hirek#listItem\",\"name\":\"Home\"}},{\"@type\":\"ListItem\",\"@id\":\"https:\\\/\\\/allasorias.hu\\\/hirek\\\/meddig-lesznek-alkupozicioban-a-munkasok\\\/#listItem\",\"position\":3,\"name\":\"Meddig lesznek alkupoz\\u00edci\\u00f3ban a munk\\u00e1sok ?\",\"previousItem\":{\"@type\":\"ListItem\",\"@id\":\"https:\\\/\\\/allasorias.hu\\\/hirek\\\/temak\\\/gazdasag\\\/#listItem\",\"name\":\"Gazdas\\u00e1g\"}}]},{\"@type\":\"Organization\",\"@id\":\"https:\\\/\\\/allasorias.hu\\\/hirek\\\/#organization\",\"name\":\"AllasOrias.hu | H\\u00edrek-lapszemle\",\"description\":\"\\u00dczleti h\\u00edrek az \\u00e1ll\\u00e1s \\u00e9s a munka vil\\u00e1g\\u00e1b\\u00f3l\",\"url\":\"https:\\\/\\\/allasorias.hu\\\/hirek\\\/\",\"logo\":{\"@type\":\"ImageObject\",\"url\":\"https:\\\/\\\/allasorias.hu\\\/hirek\\\/wp-content\\\/uploads\\\/2022\\\/10\\\/allasorias_site_facebok_logo.png\",\"@id\":\"https:\\\/\\\/allasorias.hu\\\/hirek\\\/meddig-lesznek-alkupozicioban-a-munkasok\\\/#organizationLogo\"},\"image\":{\"@id\":\"https:\\\/\\\/allasorias.hu\\\/hirek\\\/meddig-lesznek-alkupozicioban-a-munkasok\\\/#organizationLogo\"},\"sameAs\":[\"https:\\\/\\\/www.facebook.com\\\/allasorias\",\"https:\\\/\\\/www.linkedin.com\\\/company\\\/allasorias\"]},{\"@type\":\"Person\",\"@id\":\"https:\\\/\\\/allasorias.hu\\\/hirek\\\/author\\\/admin-allasorias\\\/#author\",\"url\":\"https:\\\/\\\/allasorias.hu\\\/hirek\\\/author\\\/admin-allasorias\\\/\",\"name\":\"Juh\\u00e1sz P\\u00e9ter\",\"image\":{\"@type\":\"ImageObject\",\"@id\":\"https:\\\/\\\/allasorias.hu\\\/hirek\\\/meddig-lesznek-alkupozicioban-a-munkasok\\\/#authorImage\",\"url\":\"https:\\\/\\\/secure.gravatar.com\\\/avatar\\\/36e6bcb83148978b992977cb0f54d22feb0cce8a0a849a9410532bb2623ba4c6?s=96&d=mm&r=g\",\"width\":96,\"height\":96,\"caption\":\"Juh\\u00e1sz P\\u00e9ter\"}},{\"@type\":\"WebPage\",\"@id\":\"https:\\\/\\\/allasorias.hu\\\/hirek\\\/meddig-lesznek-alkupozicioban-a-munkasok\\\/#webpage\",\"url\":\"https:\\\/\\\/allasorias.hu\\\/hirek\\\/meddig-lesznek-alkupozicioban-a-munkasok\\\/\",\"name\":\"Meddig lesznek alkupoz\\u00edci\\u00f3ban a munk\\u00e1sok ? | AllasOrias.hu | H\\u00edrek-lapszemle\",\"description\":\"Az elemz\\u0151k szerint a gyors b\\u00e9remelked\\u00e9s m\\u00e9g a j\\u00f6v\\u0151 \\u00e9vben is fennmaradhat, hiszen a minim\\u00e1lb\\u00e9r \\u00e9s a garant\\u00e1lt b\\u00e9rminimum 2020-ban is dinamikusan (legal\\u00e1bb 8-8 sz\\u00e1zal\\u00e9kkal) n\\u0151, azonban a munkaer\\u0151hi\\u00e1ny m\\u00e1r m\\u00e9rs\\u00e9kl\\u0151dik, ugyanis a bet\\u00f6ltetlen \\u00e1ll\\u00e1shelyek sz\\u00e1ma cs\\u00f6kken, \\u00e9s a gazdas\\u00e1gi n\\u00f6veked\\u00e9s dinamik\\u00e1ja lassulhat. Mindez ism\\u00e9t rontja a munkav\\u00e1llal\\u00f3k alkupoz\\u00edci\\u00f3j\\u00e1t. Egyes \\u00e1gazatokban \\u00e9s munkak\\u00f6r\\u00f6kben m\\u00e9g k\\u00f6nnyen\",\"inLanguage\":\"hu-HU\",\"isPartOf\":{\"@id\":\"https:\\\/\\\/allasorias.hu\\\/hirek\\\/#website\"},\"breadcrumb\":{\"@id\":\"https:\\\/\\\/allasorias.hu\\\/hirek\\\/meddig-lesznek-alkupozicioban-a-munkasok\\\/#breadcrumblist\"},\"author\":{\"@id\":\"https:\\\/\\\/allasorias.hu\\\/hirek\\\/author\\\/admin-allasorias\\\/#author\"},\"creator\":{\"@id\":\"https:\\\/\\\/allasorias.hu\\\/hirek\\\/author\\\/admin-allasorias\\\/#author\"},\"image\":{\"@type\":\"ImageObject\",\"url\":\"https:\\\/\\\/allasorias.hu\\\/hirek\\\/wp-content\\\/uploads\\\/2019\\\/04\\\/opposites-3808487_640.jpg\",\"@id\":\"https:\\\/\\\/allasorias.hu\\\/hirek\\\/meddig-lesznek-alkupozicioban-a-munkasok\\\/#mainImage\",\"width\":640,\"height\":417},\"primaryImageOfPage\":{\"@id\":\"https:\\\/\\\/allasorias.hu\\\/hirek\\\/meddig-lesznek-alkupozicioban-a-munkasok\\\/#mainImage\"},\"datePublished\":\"2020-01-20T12:16:37+02:00\",\"dateModified\":\"2020-01-20T12:16:37+02:00\"},{\"@type\":\"WebSite\",\"@id\":\"https:\\\/\\\/allasorias.hu\\\/hirek\\\/#website\",\"url\":\"https:\\\/\\\/allasorias.hu\\\/hirek\\\/\",\"name\":\"AllasOrias.hu | H\\u00edrek-lapszemle\",\"description\":\"\\u00dczleti h\\u00edrek az \\u00e1ll\\u00e1s \\u00e9s a munka vil\\u00e1g\\u00e1b\\u00f3l\",\"inLanguage\":\"hu-HU\",\"publisher\":{\"@id\":\"https:\\\/\\\/allasorias.hu\\\/hirek\\\/#organization\"}}]}\n\t\t<\/script>\n\t\t<!-- All in One SEO -->\n\n","aioseo_head_json":{"title":"Meddig lesznek alkupoz\u00edci\u00f3ban a munk\u00e1sok ? | AllasOrias.hu | H\u00edrek-lapszemle","description":"Az elemz\u0151k szerint a gyors b\u00e9remelked\u00e9s m\u00e9g a j\u00f6v\u0151 \u00e9vben is fennmaradhat, hiszen a minim\u00e1lb\u00e9r \u00e9s a garant\u00e1lt b\u00e9rminimum 2020-ban is dinamikusan (legal\u00e1bb 8-8 sz\u00e1zal\u00e9kkal) n\u0151, azonban a munkaer\u0151hi\u00e1ny m\u00e1r m\u00e9rs\u00e9kl\u0151dik, ugyanis a bet\u00f6ltetlen \u00e1ll\u00e1shelyek sz\u00e1ma cs\u00f6kken, \u00e9s a gazdas\u00e1gi n\u00f6veked\u00e9s dinamik\u00e1ja lassulhat. Mindez ism\u00e9t rontja a munkav\u00e1llal\u00f3k alkupoz\u00edci\u00f3j\u00e1t. Egyes \u00e1gazatokban \u00e9s munkak\u00f6r\u00f6kben m\u00e9g k\u00f6nnyen","canonical_url":"https:\/\/allasorias.hu\/hirek\/meddig-lesznek-alkupozicioban-a-munkasok\/","robots":"max-image-preview:large","keywords":"","webmasterTools":{"miscellaneous":""},"schema":{"@context":"https:\/\/schema.org","@graph":[{"@type":"Article","@id":"https:\/\/allasorias.hu\/hirek\/meddig-lesznek-alkupozicioban-a-munkasok\/#article","name":"Meddig lesznek alkupoz\u00edci\u00f3ban a munk\u00e1sok ? | AllasOrias.hu | H\u00edrek-lapszemle","headline":"Meddig lesznek alkupoz\u00edci\u00f3ban a munk\u00e1sok ?","author":{"@id":"https:\/\/allasorias.hu\/hirek\/author\/admin-allasorias\/#author"},"publisher":{"@id":"https:\/\/allasorias.hu\/hirek\/#organization"},"image":{"@type":"ImageObject","url":"https:\/\/allasorias.hu\/hirek\/wp-content\/uploads\/2019\/04\/opposites-3808487_640.jpg","width":640,"height":417},"datePublished":"2020-01-20T12:16:37+02:00","dateModified":"2020-01-20T12:16:37+02:00","inLanguage":"hu-HU","commentCount":1,"mainEntityOfPage":{"@id":"https:\/\/allasorias.hu\/hirek\/meddig-lesznek-alkupozicioban-a-munkasok\/#webpage"},"isPartOf":{"@id":"https:\/\/allasorias.hu\/hirek\/meddig-lesznek-alkupozicioban-a-munkasok\/#webpage"},"articleSection":"Gazdas\u00e1g"},{"@type":"BreadcrumbList","@id":"https:\/\/allasorias.hu\/hirek\/meddig-lesznek-alkupozicioban-a-munkasok\/#breadcrumblist","itemListElement":[{"@type":"ListItem","@id":"https:\/\/allasorias.hu\/hirek#listItem","position":1,"name":"Home","item":"https:\/\/allasorias.hu\/hirek","nextItem":{"@type":"ListItem","@id":"https:\/\/allasorias.hu\/hirek\/temak\/gazdasag\/#listItem","name":"Gazdas\u00e1g"}},{"@type":"ListItem","@id":"https:\/\/allasorias.hu\/hirek\/temak\/gazdasag\/#listItem","position":2,"name":"Gazdas\u00e1g","item":"https:\/\/allasorias.hu\/hirek\/temak\/gazdasag\/","nextItem":{"@type":"ListItem","@id":"https:\/\/allasorias.hu\/hirek\/meddig-lesznek-alkupozicioban-a-munkasok\/#listItem","name":"Meddig lesznek alkupoz\u00edci\u00f3ban a munk\u00e1sok ?"},"previousItem":{"@type":"ListItem","@id":"https:\/\/allasorias.hu\/hirek#listItem","name":"Home"}},{"@type":"ListItem","@id":"https:\/\/allasorias.hu\/hirek\/meddig-lesznek-alkupozicioban-a-munkasok\/#listItem","position":3,"name":"Meddig lesznek alkupoz\u00edci\u00f3ban a munk\u00e1sok ?","previousItem":{"@type":"ListItem","@id":"https:\/\/allasorias.hu\/hirek\/temak\/gazdasag\/#listItem","name":"Gazdas\u00e1g"}}]},{"@type":"Organization","@id":"https:\/\/allasorias.hu\/hirek\/#organization","name":"AllasOrias.hu | H\u00edrek-lapszemle","description":"\u00dczleti h\u00edrek az \u00e1ll\u00e1s \u00e9s a munka vil\u00e1g\u00e1b\u00f3l","url":"https:\/\/allasorias.hu\/hirek\/","logo":{"@type":"ImageObject","url":"https:\/\/allasorias.hu\/hirek\/wp-content\/uploads\/2022\/10\/allasorias_site_facebok_logo.png","@id":"https:\/\/allasorias.hu\/hirek\/meddig-lesznek-alkupozicioban-a-munkasok\/#organizationLogo"},"image":{"@id":"https:\/\/allasorias.hu\/hirek\/meddig-lesznek-alkupozicioban-a-munkasok\/#organizationLogo"},"sameAs":["https:\/\/www.facebook.com\/allasorias","https:\/\/www.linkedin.com\/company\/allasorias"]},{"@type":"Person","@id":"https:\/\/allasorias.hu\/hirek\/author\/admin-allasorias\/#author","url":"https:\/\/allasorias.hu\/hirek\/author\/admin-allasorias\/","name":"Juh\u00e1sz P\u00e9ter","image":{"@type":"ImageObject","@id":"https:\/\/allasorias.hu\/hirek\/meddig-lesznek-alkupozicioban-a-munkasok\/#authorImage","url":"https:\/\/secure.gravatar.com\/avatar\/36e6bcb83148978b992977cb0f54d22feb0cce8a0a849a9410532bb2623ba4c6?s=96&d=mm&r=g","width":96,"height":96,"caption":"Juh\u00e1sz P\u00e9ter"}},{"@type":"WebPage","@id":"https:\/\/allasorias.hu\/hirek\/meddig-lesznek-alkupozicioban-a-munkasok\/#webpage","url":"https:\/\/allasorias.hu\/hirek\/meddig-lesznek-alkupozicioban-a-munkasok\/","name":"Meddig lesznek alkupoz\u00edci\u00f3ban a munk\u00e1sok ? | AllasOrias.hu | H\u00edrek-lapszemle","description":"Az elemz\u0151k szerint a gyors b\u00e9remelked\u00e9s m\u00e9g a j\u00f6v\u0151 \u00e9vben is fennmaradhat, hiszen a minim\u00e1lb\u00e9r \u00e9s a garant\u00e1lt b\u00e9rminimum 2020-ban is dinamikusan (legal\u00e1bb 8-8 sz\u00e1zal\u00e9kkal) n\u0151, azonban a munkaer\u0151hi\u00e1ny m\u00e1r m\u00e9rs\u00e9kl\u0151dik, ugyanis a bet\u00f6ltetlen \u00e1ll\u00e1shelyek sz\u00e1ma cs\u00f6kken, \u00e9s a gazdas\u00e1gi n\u00f6veked\u00e9s dinamik\u00e1ja lassulhat. Mindez ism\u00e9t rontja a munkav\u00e1llal\u00f3k alkupoz\u00edci\u00f3j\u00e1t. Egyes \u00e1gazatokban \u00e9s munkak\u00f6r\u00f6kben m\u00e9g k\u00f6nnyen","inLanguage":"hu-HU","isPartOf":{"@id":"https:\/\/allasorias.hu\/hirek\/#website"},"breadcrumb":{"@id":"https:\/\/allasorias.hu\/hirek\/meddig-lesznek-alkupozicioban-a-munkasok\/#breadcrumblist"},"author":{"@id":"https:\/\/allasorias.hu\/hirek\/author\/admin-allasorias\/#author"},"creator":{"@id":"https:\/\/allasorias.hu\/hirek\/author\/admin-allasorias\/#author"},"image":{"@type":"ImageObject","url":"https:\/\/allasorias.hu\/hirek\/wp-content\/uploads\/2019\/04\/opposites-3808487_640.jpg","@id":"https:\/\/allasorias.hu\/hirek\/meddig-lesznek-alkupozicioban-a-munkasok\/#mainImage","width":640,"height":417},"primaryImageOfPage":{"@id":"https:\/\/allasorias.hu\/hirek\/meddig-lesznek-alkupozicioban-a-munkasok\/#mainImage"},"datePublished":"2020-01-20T12:16:37+02:00","dateModified":"2020-01-20T12:16:37+02:00"},{"@type":"WebSite","@id":"https:\/\/allasorias.hu\/hirek\/#website","url":"https:\/\/allasorias.hu\/hirek\/","name":"AllasOrias.hu | H\u00edrek-lapszemle","description":"\u00dczleti h\u00edrek az \u00e1ll\u00e1s \u00e9s a munka vil\u00e1g\u00e1b\u00f3l","inLanguage":"hu-HU","publisher":{"@id":"https:\/\/allasorias.hu\/hirek\/#organization"}}]},"og:locale":"hu_HU","og:site_name":"AllasOrias.hu | H\u00edrek-lapszemle | \u00dczleti h\u00edrek az \u00e1ll\u00e1s \u00e9s a munka vil\u00e1g\u00e1b\u00f3l","og:type":"article","og:title":"Meddig lesznek alkupoz\u00edci\u00f3ban a munk\u00e1sok ? | AllasOrias.hu | H\u00edrek-lapszemle","og:description":"Az elemz\u0151k szerint a gyors b\u00e9remelked\u00e9s m\u00e9g a j\u00f6v\u0151 \u00e9vben is fennmaradhat, hiszen a minim\u00e1lb\u00e9r \u00e9s a garant\u00e1lt b\u00e9rminimum 2020-ban is dinamikusan (legal\u00e1bb 8-8 sz\u00e1zal\u00e9kkal) n\u0151, azonban a munkaer\u0151hi\u00e1ny m\u00e1r m\u00e9rs\u00e9kl\u0151dik, ugyanis a bet\u00f6ltetlen \u00e1ll\u00e1shelyek sz\u00e1ma cs\u00f6kken, \u00e9s a gazdas\u00e1gi n\u00f6veked\u00e9s dinamik\u00e1ja lassulhat. Mindez ism\u00e9t rontja a munkav\u00e1llal\u00f3k alkupoz\u00edci\u00f3j\u00e1t. Egyes \u00e1gazatokban \u00e9s munkak\u00f6r\u00f6kben m\u00e9g k\u00f6nnyen","og:url":"https:\/\/allasorias.hu\/hirek\/meddig-lesznek-alkupozicioban-a-munkasok\/","og:image":"https:\/\/allasorias.hu\/hirek\/wp-content\/uploads\/2019\/04\/opposites-3808487_640.jpg","og:image:secure_url":"https:\/\/allasorias.hu\/hirek\/wp-content\/uploads\/2019\/04\/opposites-3808487_640.jpg","og:image:width":640,"og:image:height":417,"article:published_time":"2020-01-20T12:16:37+00:00","article:modified_time":"2020-01-20T12:16:37+00:00","article:publisher":"https:\/\/www.facebook.com\/allasorias","twitter:card":"summary_large_image","twitter:title":"Meddig lesznek alkupoz\u00edci\u00f3ban a munk\u00e1sok ? | AllasOrias.hu | H\u00edrek-lapszemle","twitter:description":"Az elemz\u0151k szerint a gyors b\u00e9remelked\u00e9s m\u00e9g a j\u00f6v\u0151 \u00e9vben is fennmaradhat, hiszen a minim\u00e1lb\u00e9r \u00e9s a garant\u00e1lt b\u00e9rminimum 2020-ban is dinamikusan (legal\u00e1bb 8-8 sz\u00e1zal\u00e9kkal) n\u0151, azonban a munkaer\u0151hi\u00e1ny m\u00e1r m\u00e9rs\u00e9kl\u0151dik, ugyanis a bet\u00f6ltetlen \u00e1ll\u00e1shelyek sz\u00e1ma cs\u00f6kken, \u00e9s a gazdas\u00e1gi n\u00f6veked\u00e9s dinamik\u00e1ja lassulhat. Mindez ism\u00e9t rontja a munkav\u00e1llal\u00f3k alkupoz\u00edci\u00f3j\u00e1t. Egyes \u00e1gazatokban \u00e9s munkak\u00f6r\u00f6kben m\u00e9g k\u00f6nnyen","twitter:image":"https:\/\/allasorias.hu\/hirek\/wp-content\/uploads\/2019\/04\/opposites-3808487_640.jpg","twitter:label1":"Written by","twitter:data1":"Juh\u00e1sz P\u00e9ter","twitter:label2":"Est. reading time","twitter:data2":"2 minutes"},"aioseo_meta_data":{"post_id":"3689","title":null,"description":null,"keywords":null,"keyphrases":null,"primary_term":null,"canonical_url":null,"og_title":null,"og_description":null,"og_object_type":"default","og_image_type":"default","og_image_url":null,"og_image_width":null,"og_image_height":null,"og_image_custom_url":null,"og_image_custom_fields":null,"og_video":null,"og_custom_url":null,"og_article_section":null,"og_article_tags":null,"twitter_use_og":false,"twitter_card":"default","twitter_image_type":"default","twitter_image_url":null,"twitter_image_custom_url":null,"twitter_image_custom_fields":null,"twitter_title":null,"twitter_description":null,"schema":{"blockGraphs":[],"customGraphs":[],"default":{"data":{"Article":[],"Course":[],"Dataset":[],"FAQPage":[],"Movie":[],"Person":[],"Product":[],"ProductReview":[],"Car":[],"Recipe":[],"Service":[],"SoftwareApplication":[],"WebPage":[]},"graphName":"","isEnabled":true},"graphs":[],"defaultGraph":"","defaultPostTypeGraph":""},"schema_type":null,"schema_type_options":null,"pillar_content":false,"robots_default":true,"robots_noindex":false,"robots_noarchive":false,"robots_nosnippet":false,"robots_nofollow":false,"robots_noimageindex":false,"robots_noodp":false,"robots_notranslate":false,"robots_max_snippet":null,"robots_max_videopreview":null,"robots_max_imagepreview":"large","priority":null,"frequency":null,"location":null,"local_seo":null,"breadcrumb_settings":null,"limit_modified_date":false,"ai":null,"created":"2021-02-01 22:27:19","updated":"2025-10-02 13:05:09","seo_analyzer_scan_date":null,"focus_keyword":null,"additional_keywords":null,"truseo_locale":null},"aioseo_breadcrumb":"<div class=\"aioseo-breadcrumbs\"><span class=\"aioseo-breadcrumb\">\n\t\t\t<a href=\"https:\/\/allasorias.hu\/hirek\" title=\"Home\">Home<\/a>\n\t\t<\/span><span class=\"aioseo-breadcrumb-separator\">&raquo;<\/span><span class=\"aioseo-breadcrumb\">\n\t\t\t<a href=\"https:\/\/allasorias.hu\/hirek\/temak\/gazdasag\/\" title=\"Gazdas\u00e1g\">Gazdas\u00e1g<\/a>\n\t\t<\/span><span class=\"aioseo-breadcrumb-separator\">&raquo;<\/span><span class=\"aioseo-breadcrumb\">\n\t\t\tMeddig lesznek alkupoz\u00edci\u00f3ban a munk\u00e1sok ?\n\t\t<\/span><\/div>","aioseo_breadcrumb_json":[{"label":"Home","link":"https:\/\/allasorias.hu\/hirek"},{"label":"Gazdas\u00e1g","link":"https:\/\/allasorias.hu\/hirek\/temak\/gazdasag\/"},{"label":"Meddig lesznek alkupoz\u00edci\u00f3ban a munk\u00e1sok ?","link":"https:\/\/allasorias.hu\/hirek\/meddig-lesznek-alkupozicioban-a-munkasok\/"}],"_links":{"self":[{"href":"https:\/\/allasorias.hu\/hirek\/wp-json\/wp\/v2\/posts\/3689","targetHints":{"allow":["GET"]}}],"collection":[{"href":"https:\/\/allasorias.hu\/hirek\/wp-json\/wp\/v2\/posts"}],"about":[{"href":"https:\/\/allasorias.hu\/hirek\/wp-json\/wp\/v2\/types\/post"}],"author":[{"embeddable":true,"href":"https:\/\/allasorias.hu\/hirek\/wp-json\/wp\/v2\/users\/1"}],"replies":[{"embeddable":true,"href":"https:\/\/allasorias.hu\/hirek\/wp-json\/wp\/v2\/comments?post=3689"}],"version-history":[{"count":1,"href":"https:\/\/allasorias.hu\/hirek\/wp-json\/wp\/v2\/posts\/3689\/revisions"}],"predecessor-version":[{"id":3690,"href":"https:\/\/allasorias.hu\/hirek\/wp-json\/wp\/v2\/posts\/3689\/revisions\/3690"}],"wp:featuredmedia":[{"embeddable":true,"href":"https:\/\/allasorias.hu\/hirek\/wp-json\/wp\/v2\/media\/2815"}],"wp:attachment":[{"href":"https:\/\/allasorias.hu\/hirek\/wp-json\/wp\/v2\/media?parent=3689"}],"wp:term":[{"taxonomy":"category","embeddable":true,"href":"https:\/\/allasorias.hu\/hirek\/wp-json\/wp\/v2\/categories?post=3689"},{"taxonomy":"post_tag","embeddable":true,"href":"https:\/\/allasorias.hu\/hirek\/wp-json\/wp\/v2\/tags?post=3689"}],"curies":[{"name":"wp","href":"https:\/\/api.w.org\/{rel}","templated":true}]}}