{"id":3686,"date":"2020-01-17T07:35:13","date_gmt":"2020-01-17T07:35:13","guid":{"rendered":"https:\/\/allasorias.hu\/hirek\/?p=3686"},"modified":"2020-01-17T07:45:39","modified_gmt":"2020-01-17T07:45:39","slug":"tobben-jelentkeztek-szakmunkara","status":"publish","type":"post","link":"https:\/\/allasorias.hu\/hirek\/tobben-jelentkeztek-szakmunkara\/","title":{"rendered":"T\u00f6bben jelentkeztek szakmunk\u00e1ra"},"content":{"rendered":"<p><strong>Tavaly a legnagyobb m\u00e9rt\u00e9kben a szakmunk\u00e1ra jelentkez\u0151k sz\u00e1ma n\u00f6vekedett. A hazai \u00e1ll\u00e1skeres\u00e9si piacon tavaly 9 sz\u00e1zal\u00e9kkal n\u0151tt a jelentkez\u00e9sek sz\u00e1ma 2018. \u00e9vhez k\u00e9pest, ugyanakkor az \u00e1ll\u00e1sok ir\u00e1nt \u00e9rdekl\u0151d\u0151k sz\u00e1ma alig v\u00e1ltozott, ami azt mutatja, hogy egy ember t\u00f6bb \u00e1ll\u00e1sra is jelentkezett.<\/strong><\/p>\n<p>A jelentkez\u00e9sek sz\u00e1ma alapj\u00e1n tavaly a legnagyobb n\u00f6veked\u00e9st, 22 sz\u00e1zal\u00e9kot a szakmunka ter\u00fclet\u00e9n regisztr\u00e1lt\u00e1k. A vend\u00e9gl\u00e1t\u00e1s ter\u00fclet\u00e9n 20 sz\u00e1zal\u00e9kkal, a m\u00e9rn\u00f6ki szakm\u00e1kn\u00e1l 14 sz\u00e1zal\u00e9kkal, az adminisztr\u00e1ci\u00f3s poz\u00edci\u00f3kra 13 sz\u00e1zal\u00e9kkal t\u00f6bb jelentkez\u00e9st regisztr\u00e1ltak, mint egy \u00e9vvel kor\u00e1bban.A k\u00f6zz\u00e9tett \u00e1ll\u00e1shirdet\u00e9sek alapj\u00e1n a vend\u00e9gl\u00e1t\u00e1s kiemelked\u0151 szektor volt, 17 sz\u00e1zal\u00e9kos b\u0151v\u00fcl\u00e9s jellemezte. A bankok \u00e9s az oktat\u00e1si helyek is intenz\u00edven kerestek alkalmazottakat, mindk\u00e9t esetben 5-5 sz\u00e1zal\u00e9kkal b\u0151v\u00fcl a feladatott \u00e1ll\u00e1shirdet\u00e9sek sz\u00e1ma.<\/p>\n<p>A statisztik\u00e1kb\u00f3l kider\u00fclt az is, hogy a bankszektorban az egy hirdet\u00e9sre jut\u00f3 jelentkez\u0151k sz\u00e1ma m\u00e9rs\u00e9kl\u0151d\u00f6tt, \u00edgy ha ez a tendencia folytat\u00f3dik, id\u0151vel ak\u00e1r szakemberhi\u00e1ny is lehet a szektorban. A k\u00f6zlem\u00e9ny szerint az \u00e1ll\u00e1shirdet\u00e9sekb\u0151l a t\u00e1rsas\u00e1gok er\u0151s\u00f6d\u0151 automatiz\u00e1l\u00e1si t\u00f6rekv\u00e9seinek jelei is l\u00e1that\u00f3ak, a munk\u00e1ltat\u00f3k az atipikus foglalkoztat\u00e1si form\u00e1k fel\u00e9 nyitottabbak lettek, a 6 \u00f3r\u00e1s r\u00e9szmunkaid\u0151s \u00e1ll\u00e1sok sz\u00e1ma 33 sz\u00e1zal\u00e9kkal, a 4 \u00f3r\u00e1sok\u00e9 pedig 39 sz\u00e1zal\u00e9kkal ugrott meg. A rugalmas munkaidej\u0171 \u00e1ll\u00e1shirdet\u00e9sek sz\u00e1ma 8 sz\u00e1zal\u00e9kkal b\u0151v\u00fclt az egy \u00e9vvel kor\u00e1bbi szinthez k\u00e9pest. A legt\u00f6bb \u00e1ll\u00e1shirdet\u00e9st Budapesten, Pest \u00e9s Gy\u0151r-Moson-Sopron megy\u00e9ben adj\u00e1k fel, m\u00edg a legkevesebbet Zala, Tolna, B\u00e9k\u00e9s, valamint N\u00f3gr\u00e1d megy\u00e9ben.A legnagyobb hirdet\u00e9ssz\u00e1m n\u00f6veked\u00e9s, 9 sz\u00e1zal\u00e9kos Hajd\u00fa-Bihar megy\u00e9ben volt, amiben v\u00e9lhet\u0151en mark\u00e1ns szerepet j\u00e1tszik a BMW form\u00e1l\u00f3d\u00f3 beruh\u00e1z\u00e1sa.Az\u00a0 \u00e1ll\u00e1skeres\u00e9sekben k\u00f6zz\u00e9tett fizet\u00e9sek alapj\u00e1n az adminisztr\u00e1ci\u00f3s feladatokat ell\u00e1t\u00f3k \u00f6r\u00fclhettek a legink\u00e1bb, hiszen 21 sz\u00e1zal\u00e9kos b\u00e9rfejl\u0151d\u00e9st lehetett l\u00e1tni m\u00falt \u00e9vben, a fizikai munk\u00e1k eset\u00e9ben ugyanez 10 sz\u00e1zal\u00e9k, m\u00edg a szakmunka eset\u00e9ben 8 sz\u00e1zal\u00e9k volt.<\/p>\n<p>Forr\u00e1s: novekedes.hu<\/p>\n","protected":false},"excerpt":{"rendered":"<p>Tavaly a legnagyobb m\u00e9rt\u00e9kben a szakmunk\u00e1ra jelentkez\u0151k sz\u00e1ma n\u00f6vekedett. A hazai \u00e1ll\u00e1skeres\u00e9si piacon tavaly 9 sz\u00e1zal\u00e9kkal n\u0151tt a jelentkez\u00e9sek sz\u00e1ma 2018. \u00e9vhez k\u00e9pest, ugyanakkor az \u00e1ll\u00e1sok ir\u00e1nt \u00e9rdekl\u0151d\u0151k sz\u00e1ma alig v\u00e1ltozott, ami azt mutatja, hogy egy ember t\u00f6bb \u00e1ll\u00e1sra is jelentkezett. A jelentkez\u00e9sek sz\u00e1ma alapj\u00e1n tavaly a legnagyobb n\u00f6veked\u00e9st, 22 sz\u00e1zal\u00e9kot a szakmunka ter\u00fclet\u00e9n regisztr\u00e1lt\u00e1k. [&hellip;]<\/p>\n","protected":false},"author":1,"featured_media":2009,"comment_status":"open","ping_status":"open","sticky":false,"template":"","format":"standard","meta":{"_monsterinsights_skip_tracking":false,"footnotes":""},"categories":[200],"tags":[],"class_list":["post-3686","post","type-post","status-publish","format-standard","has-post-thumbnail","hentry","category-munkaeropiac"],"aioseo_notices":[],"aioseo_head":"\n\t\t<!-- All in One SEO 5.0.0.1 - aioseo.com -->\n\t<meta name=\"description\" content=\"Tavaly a legnagyobb m\u00e9rt\u00e9kben a szakmunk\u00e1ra jelentkez\u0151k sz\u00e1ma n\u00f6vekedett. A hazai \u00e1ll\u00e1skeres\u00e9si piacon tavaly 9 sz\u00e1zal\u00e9kkal n\u0151tt a jelentkez\u00e9sek sz\u00e1ma 2018. \u00e9vhez k\u00e9pest, ugyanakkor az \u00e1ll\u00e1sok ir\u00e1nt \u00e9rdekl\u0151d\u0151k sz\u00e1ma alig v\u00e1ltozott, ami azt mutatja, hogy egy ember t\u00f6bb \u00e1ll\u00e1sra is jelentkezett. A jelentkez\u00e9sek sz\u00e1ma alapj\u00e1n tavaly a legnagyobb n\u00f6veked\u00e9st, 22 sz\u00e1zal\u00e9kot a szakmunka ter\u00fclet\u00e9n regisztr\u00e1lt\u00e1k.\" \/>\n\t<meta name=\"robots\" content=\"max-image-preview:large\" \/>\n\t<meta name=\"author\" content=\"Juh\u00e1sz P\u00e9ter\"\/>\n\t<link rel=\"canonical\" href=\"https:\/\/allasorias.hu\/hirek\/tobben-jelentkeztek-szakmunkara\/\" \/>\n\t<meta name=\"generator\" content=\"All in One SEO (AIOSEO) 5.0.0.1\" \/>\n\t\t<meta property=\"og:locale\" content=\"hu_HU\" \/>\n\t\t<meta property=\"og:site_name\" content=\"AllasOrias.hu | H\u00edrek-lapszemle | \u00dczleti h\u00edrek az \u00e1ll\u00e1s \u00e9s a munka vil\u00e1g\u00e1b\u00f3l\" \/>\n\t\t<meta property=\"og:type\" content=\"article\" \/>\n\t\t<meta property=\"og:title\" content=\"T\u00f6bben jelentkeztek szakmunk\u00e1ra | AllasOrias.hu | H\u00edrek-lapszemle\" \/>\n\t\t<meta property=\"og:description\" content=\"Tavaly a legnagyobb m\u00e9rt\u00e9kben a szakmunk\u00e1ra jelentkez\u0151k sz\u00e1ma n\u00f6vekedett. A hazai \u00e1ll\u00e1skeres\u00e9si piacon tavaly 9 sz\u00e1zal\u00e9kkal n\u0151tt a jelentkez\u00e9sek sz\u00e1ma 2018. \u00e9vhez k\u00e9pest, ugyanakkor az \u00e1ll\u00e1sok ir\u00e1nt \u00e9rdekl\u0151d\u0151k sz\u00e1ma alig v\u00e1ltozott, ami azt mutatja, hogy egy ember t\u00f6bb \u00e1ll\u00e1sra is jelentkezett. A jelentkez\u00e9sek sz\u00e1ma alapj\u00e1n tavaly a legnagyobb n\u00f6veked\u00e9st, 22 sz\u00e1zal\u00e9kot a szakmunka ter\u00fclet\u00e9n regisztr\u00e1lt\u00e1k.\" \/>\n\t\t<meta property=\"og:url\" content=\"https:\/\/allasorias.hu\/hirek\/tobben-jelentkeztek-szakmunkara\/\" \/>\n\t\t<meta property=\"og:image\" content=\"https:\/\/allasorias.hu\/hirek\/wp-content\/uploads\/2018\/10\/Business-Views.jpg\" \/>\n\t\t<meta property=\"og:image:secure_url\" content=\"https:\/\/allasorias.hu\/hirek\/wp-content\/uploads\/2018\/10\/Business-Views.jpg\" \/>\n\t\t<meta property=\"og:image:width\" content=\"800\" \/>\n\t\t<meta property=\"og:image:height\" content=\"567\" \/>\n\t\t<meta property=\"article:published_time\" content=\"2020-01-17T07:35:13+00:00\" \/>\n\t\t<meta property=\"article:modified_time\" content=\"2020-01-17T07:45:39+00:00\" \/>\n\t\t<meta property=\"article:publisher\" content=\"https:\/\/www.facebook.com\/allasorias\" \/>\n\t\t<meta name=\"twitter:card\" content=\"summary_large_image\" \/>\n\t\t<meta name=\"twitter:title\" content=\"T\u00f6bben jelentkeztek szakmunk\u00e1ra | AllasOrias.hu | H\u00edrek-lapszemle\" \/>\n\t\t<meta name=\"twitter:description\" content=\"Tavaly a legnagyobb m\u00e9rt\u00e9kben a szakmunk\u00e1ra jelentkez\u0151k sz\u00e1ma n\u00f6vekedett. A hazai \u00e1ll\u00e1skeres\u00e9si piacon tavaly 9 sz\u00e1zal\u00e9kkal n\u0151tt a jelentkez\u00e9sek sz\u00e1ma 2018. \u00e9vhez k\u00e9pest, ugyanakkor az \u00e1ll\u00e1sok ir\u00e1nt \u00e9rdekl\u0151d\u0151k sz\u00e1ma alig v\u00e1ltozott, ami azt mutatja, hogy egy ember t\u00f6bb \u00e1ll\u00e1sra is jelentkezett. A jelentkez\u00e9sek sz\u00e1ma alapj\u00e1n tavaly a legnagyobb n\u00f6veked\u00e9st, 22 sz\u00e1zal\u00e9kot a szakmunka ter\u00fclet\u00e9n regisztr\u00e1lt\u00e1k.\" \/>\n\t\t<meta name=\"twitter:image\" content=\"https:\/\/allasorias.hu\/hirek\/wp-content\/uploads\/2018\/10\/Business-Views.jpg\" \/>\n\t\t<meta name=\"twitter:label1\" content=\"Written by\" \/>\n\t\t<meta name=\"twitter:data1\" content=\"Juh\u00e1sz P\u00e9ter\" \/>\n\t\t<meta name=\"twitter:label2\" content=\"Est. reading time\" \/>\n\t\t<meta name=\"twitter:data2\" content=\"2 minutes\" \/>\n\t\t<script type=\"application\/ld+json\" class=\"aioseo-schema\">\n\t\t\t{\"@context\":\"https:\\\/\\\/schema.org\",\"@graph\":[{\"@type\":\"Article\",\"@id\":\"https:\\\/\\\/allasorias.hu\\\/hirek\\\/tobben-jelentkeztek-szakmunkara\\\/#article\",\"name\":\"T\\u00f6bben jelentkeztek szakmunk\\u00e1ra | AllasOrias.hu | H\\u00edrek-lapszemle\",\"headline\":\"T\\u00f6bben jelentkeztek szakmunk\\u00e1ra\",\"author\":{\"@id\":\"https:\\\/\\\/allasorias.hu\\\/hirek\\\/author\\\/admin-allasorias\\\/#author\"},\"publisher\":{\"@id\":\"https:\\\/\\\/allasorias.hu\\\/hirek\\\/#organization\"},\"image\":{\"@type\":\"ImageObject\",\"url\":\"https:\\\/\\\/allasorias.hu\\\/hirek\\\/wp-content\\\/uploads\\\/2018\\\/10\\\/Business-Views.jpg\",\"width\":800,\"height\":567},\"datePublished\":\"2020-01-17T07:35:13+02:00\",\"dateModified\":\"2020-01-17T07:45:39+02:00\",\"inLanguage\":\"hu-HU\",\"mainEntityOfPage\":{\"@id\":\"https:\\\/\\\/allasorias.hu\\\/hirek\\\/tobben-jelentkeztek-szakmunkara\\\/#webpage\"},\"isPartOf\":{\"@id\":\"https:\\\/\\\/allasorias.hu\\\/hirek\\\/tobben-jelentkeztek-szakmunkara\\\/#webpage\"},\"articleSection\":\"Munkaer\\u0151piac\"},{\"@type\":\"BreadcrumbList\",\"@id\":\"https:\\\/\\\/allasorias.hu\\\/hirek\\\/tobben-jelentkeztek-szakmunkara\\\/#breadcrumblist\",\"itemListElement\":[{\"@type\":\"ListItem\",\"@id\":\"https:\\\/\\\/allasorias.hu\\\/hirek#listItem\",\"position\":1,\"name\":\"Home\",\"item\":\"https:\\\/\\\/allasorias.hu\\\/hirek\",\"nextItem\":{\"@type\":\"ListItem\",\"@id\":\"https:\\\/\\\/allasorias.hu\\\/hirek\\\/temak\\\/munkaeropiac\\\/#listItem\",\"name\":\"Munkaer\\u0151piac\"}},{\"@type\":\"ListItem\",\"@id\":\"https:\\\/\\\/allasorias.hu\\\/hirek\\\/temak\\\/munkaeropiac\\\/#listItem\",\"position\":2,\"name\":\"Munkaer\\u0151piac\",\"item\":\"https:\\\/\\\/allasorias.hu\\\/hirek\\\/temak\\\/munkaeropiac\\\/\",\"nextItem\":{\"@type\":\"ListItem\",\"@id\":\"https:\\\/\\\/allasorias.hu\\\/hirek\\\/tobben-jelentkeztek-szakmunkara\\\/#listItem\",\"name\":\"T\\u00f6bben jelentkeztek szakmunk\\u00e1ra\"},\"previousItem\":{\"@type\":\"ListItem\",\"@id\":\"https:\\\/\\\/allasorias.hu\\\/hirek#listItem\",\"name\":\"Home\"}},{\"@type\":\"ListItem\",\"@id\":\"https:\\\/\\\/allasorias.hu\\\/hirek\\\/tobben-jelentkeztek-szakmunkara\\\/#listItem\",\"position\":3,\"name\":\"T\\u00f6bben jelentkeztek szakmunk\\u00e1ra\",\"previousItem\":{\"@type\":\"ListItem\",\"@id\":\"https:\\\/\\\/allasorias.hu\\\/hirek\\\/temak\\\/munkaeropiac\\\/#listItem\",\"name\":\"Munkaer\\u0151piac\"}}]},{\"@type\":\"Organization\",\"@id\":\"https:\\\/\\\/allasorias.hu\\\/hirek\\\/#organization\",\"name\":\"AllasOrias.hu | H\\u00edrek-lapszemle\",\"description\":\"\\u00dczleti h\\u00edrek az \\u00e1ll\\u00e1s \\u00e9s a munka vil\\u00e1g\\u00e1b\\u00f3l\",\"url\":\"https:\\\/\\\/allasorias.hu\\\/hirek\\\/\",\"logo\":{\"@type\":\"ImageObject\",\"url\":\"https:\\\/\\\/allasorias.hu\\\/hirek\\\/wp-content\\\/uploads\\\/2022\\\/10\\\/allasorias_site_facebok_logo.png\",\"@id\":\"https:\\\/\\\/allasorias.hu\\\/hirek\\\/tobben-jelentkeztek-szakmunkara\\\/#organizationLogo\"},\"image\":{\"@id\":\"https:\\\/\\\/allasorias.hu\\\/hirek\\\/tobben-jelentkeztek-szakmunkara\\\/#organizationLogo\"},\"sameAs\":[\"https:\\\/\\\/www.facebook.com\\\/allasorias\",\"https:\\\/\\\/www.linkedin.com\\\/company\\\/allasorias\"]},{\"@type\":\"Person\",\"@id\":\"https:\\\/\\\/allasorias.hu\\\/hirek\\\/author\\\/admin-allasorias\\\/#author\",\"url\":\"https:\\\/\\\/allasorias.hu\\\/hirek\\\/author\\\/admin-allasorias\\\/\",\"name\":\"Juh\\u00e1sz P\\u00e9ter\",\"image\":{\"@type\":\"ImageObject\",\"@id\":\"https:\\\/\\\/allasorias.hu\\\/hirek\\\/tobben-jelentkeztek-szakmunkara\\\/#authorImage\",\"url\":\"https:\\\/\\\/secure.gravatar.com\\\/avatar\\\/36e6bcb83148978b992977cb0f54d22feb0cce8a0a849a9410532bb2623ba4c6?s=96&d=mm&r=g\",\"width\":96,\"height\":96,\"caption\":\"Juh\\u00e1sz P\\u00e9ter\"}},{\"@type\":\"WebPage\",\"@id\":\"https:\\\/\\\/allasorias.hu\\\/hirek\\\/tobben-jelentkeztek-szakmunkara\\\/#webpage\",\"url\":\"https:\\\/\\\/allasorias.hu\\\/hirek\\\/tobben-jelentkeztek-szakmunkara\\\/\",\"name\":\"T\\u00f6bben jelentkeztek szakmunk\\u00e1ra | AllasOrias.hu | H\\u00edrek-lapszemle\",\"description\":\"Tavaly a legnagyobb m\\u00e9rt\\u00e9kben a szakmunk\\u00e1ra jelentkez\\u0151k sz\\u00e1ma n\\u00f6vekedett. A hazai \\u00e1ll\\u00e1skeres\\u00e9si piacon tavaly 9 sz\\u00e1zal\\u00e9kkal n\\u0151tt a jelentkez\\u00e9sek sz\\u00e1ma 2018. \\u00e9vhez k\\u00e9pest, ugyanakkor az \\u00e1ll\\u00e1sok ir\\u00e1nt \\u00e9rdekl\\u0151d\\u0151k sz\\u00e1ma alig v\\u00e1ltozott, ami azt mutatja, hogy egy ember t\\u00f6bb \\u00e1ll\\u00e1sra is jelentkezett. A jelentkez\\u00e9sek sz\\u00e1ma alapj\\u00e1n tavaly a legnagyobb n\\u00f6veked\\u00e9st, 22 sz\\u00e1zal\\u00e9kot a szakmunka ter\\u00fclet\\u00e9n regisztr\\u00e1lt\\u00e1k.\",\"inLanguage\":\"hu-HU\",\"isPartOf\":{\"@id\":\"https:\\\/\\\/allasorias.hu\\\/hirek\\\/#website\"},\"breadcrumb\":{\"@id\":\"https:\\\/\\\/allasorias.hu\\\/hirek\\\/tobben-jelentkeztek-szakmunkara\\\/#breadcrumblist\"},\"author\":{\"@id\":\"https:\\\/\\\/allasorias.hu\\\/hirek\\\/author\\\/admin-allasorias\\\/#author\"},\"creator\":{\"@id\":\"https:\\\/\\\/allasorias.hu\\\/hirek\\\/author\\\/admin-allasorias\\\/#author\"},\"image\":{\"@type\":\"ImageObject\",\"url\":\"https:\\\/\\\/allasorias.hu\\\/hirek\\\/wp-content\\\/uploads\\\/2018\\\/10\\\/Business-Views.jpg\",\"@id\":\"https:\\\/\\\/allasorias.hu\\\/hirek\\\/tobben-jelentkeztek-szakmunkara\\\/#mainImage\",\"width\":800,\"height\":567},\"primaryImageOfPage\":{\"@id\":\"https:\\\/\\\/allasorias.hu\\\/hirek\\\/tobben-jelentkeztek-szakmunkara\\\/#mainImage\"},\"datePublished\":\"2020-01-17T07:35:13+02:00\",\"dateModified\":\"2020-01-17T07:45:39+02:00\"},{\"@type\":\"WebSite\",\"@id\":\"https:\\\/\\\/allasorias.hu\\\/hirek\\\/#website\",\"url\":\"https:\\\/\\\/allasorias.hu\\\/hirek\\\/\",\"name\":\"AllasOrias.hu | H\\u00edrek-lapszemle\",\"description\":\"\\u00dczleti h\\u00edrek az \\u00e1ll\\u00e1s \\u00e9s a munka vil\\u00e1g\\u00e1b\\u00f3l\",\"inLanguage\":\"hu-HU\",\"publisher\":{\"@id\":\"https:\\\/\\\/allasorias.hu\\\/hirek\\\/#organization\"}}]}\n\t\t<\/script>\n\t\t<!-- All in One SEO -->\n\n","aioseo_head_json":{"title":"T\u00f6bben jelentkeztek szakmunk\u00e1ra | AllasOrias.hu | H\u00edrek-lapszemle","description":"Tavaly a legnagyobb m\u00e9rt\u00e9kben a szakmunk\u00e1ra jelentkez\u0151k sz\u00e1ma n\u00f6vekedett. A hazai \u00e1ll\u00e1skeres\u00e9si piacon tavaly 9 sz\u00e1zal\u00e9kkal n\u0151tt a jelentkez\u00e9sek sz\u00e1ma 2018. \u00e9vhez k\u00e9pest, ugyanakkor az \u00e1ll\u00e1sok ir\u00e1nt \u00e9rdekl\u0151d\u0151k sz\u00e1ma alig v\u00e1ltozott, ami azt mutatja, hogy egy ember t\u00f6bb \u00e1ll\u00e1sra is jelentkezett. A jelentkez\u00e9sek sz\u00e1ma alapj\u00e1n tavaly a legnagyobb n\u00f6veked\u00e9st, 22 sz\u00e1zal\u00e9kot a szakmunka ter\u00fclet\u00e9n regisztr\u00e1lt\u00e1k.","canonical_url":"https:\/\/allasorias.hu\/hirek\/tobben-jelentkeztek-szakmunkara\/","robots":"max-image-preview:large","keywords":"","webmasterTools":{"miscellaneous":""},"schema":{"@context":"https:\/\/schema.org","@graph":[{"@type":"Article","@id":"https:\/\/allasorias.hu\/hirek\/tobben-jelentkeztek-szakmunkara\/#article","name":"T\u00f6bben jelentkeztek szakmunk\u00e1ra | AllasOrias.hu | H\u00edrek-lapszemle","headline":"T\u00f6bben jelentkeztek szakmunk\u00e1ra","author":{"@id":"https:\/\/allasorias.hu\/hirek\/author\/admin-allasorias\/#author"},"publisher":{"@id":"https:\/\/allasorias.hu\/hirek\/#organization"},"image":{"@type":"ImageObject","url":"https:\/\/allasorias.hu\/hirek\/wp-content\/uploads\/2018\/10\/Business-Views.jpg","width":800,"height":567},"datePublished":"2020-01-17T07:35:13+02:00","dateModified":"2020-01-17T07:45:39+02:00","inLanguage":"hu-HU","mainEntityOfPage":{"@id":"https:\/\/allasorias.hu\/hirek\/tobben-jelentkeztek-szakmunkara\/#webpage"},"isPartOf":{"@id":"https:\/\/allasorias.hu\/hirek\/tobben-jelentkeztek-szakmunkara\/#webpage"},"articleSection":"Munkaer\u0151piac"},{"@type":"BreadcrumbList","@id":"https:\/\/allasorias.hu\/hirek\/tobben-jelentkeztek-szakmunkara\/#breadcrumblist","itemListElement":[{"@type":"ListItem","@id":"https:\/\/allasorias.hu\/hirek#listItem","position":1,"name":"Home","item":"https:\/\/allasorias.hu\/hirek","nextItem":{"@type":"ListItem","@id":"https:\/\/allasorias.hu\/hirek\/temak\/munkaeropiac\/#listItem","name":"Munkaer\u0151piac"}},{"@type":"ListItem","@id":"https:\/\/allasorias.hu\/hirek\/temak\/munkaeropiac\/#listItem","position":2,"name":"Munkaer\u0151piac","item":"https:\/\/allasorias.hu\/hirek\/temak\/munkaeropiac\/","nextItem":{"@type":"ListItem","@id":"https:\/\/allasorias.hu\/hirek\/tobben-jelentkeztek-szakmunkara\/#listItem","name":"T\u00f6bben jelentkeztek szakmunk\u00e1ra"},"previousItem":{"@type":"ListItem","@id":"https:\/\/allasorias.hu\/hirek#listItem","name":"Home"}},{"@type":"ListItem","@id":"https:\/\/allasorias.hu\/hirek\/tobben-jelentkeztek-szakmunkara\/#listItem","position":3,"name":"T\u00f6bben jelentkeztek szakmunk\u00e1ra","previousItem":{"@type":"ListItem","@id":"https:\/\/allasorias.hu\/hirek\/temak\/munkaeropiac\/#listItem","name":"Munkaer\u0151piac"}}]},{"@type":"Organization","@id":"https:\/\/allasorias.hu\/hirek\/#organization","name":"AllasOrias.hu | H\u00edrek-lapszemle","description":"\u00dczleti h\u00edrek az \u00e1ll\u00e1s \u00e9s a munka vil\u00e1g\u00e1b\u00f3l","url":"https:\/\/allasorias.hu\/hirek\/","logo":{"@type":"ImageObject","url":"https:\/\/allasorias.hu\/hirek\/wp-content\/uploads\/2022\/10\/allasorias_site_facebok_logo.png","@id":"https:\/\/allasorias.hu\/hirek\/tobben-jelentkeztek-szakmunkara\/#organizationLogo"},"image":{"@id":"https:\/\/allasorias.hu\/hirek\/tobben-jelentkeztek-szakmunkara\/#organizationLogo"},"sameAs":["https:\/\/www.facebook.com\/allasorias","https:\/\/www.linkedin.com\/company\/allasorias"]},{"@type":"Person","@id":"https:\/\/allasorias.hu\/hirek\/author\/admin-allasorias\/#author","url":"https:\/\/allasorias.hu\/hirek\/author\/admin-allasorias\/","name":"Juh\u00e1sz P\u00e9ter","image":{"@type":"ImageObject","@id":"https:\/\/allasorias.hu\/hirek\/tobben-jelentkeztek-szakmunkara\/#authorImage","url":"https:\/\/secure.gravatar.com\/avatar\/36e6bcb83148978b992977cb0f54d22feb0cce8a0a849a9410532bb2623ba4c6?s=96&d=mm&r=g","width":96,"height":96,"caption":"Juh\u00e1sz P\u00e9ter"}},{"@type":"WebPage","@id":"https:\/\/allasorias.hu\/hirek\/tobben-jelentkeztek-szakmunkara\/#webpage","url":"https:\/\/allasorias.hu\/hirek\/tobben-jelentkeztek-szakmunkara\/","name":"T\u00f6bben jelentkeztek szakmunk\u00e1ra | AllasOrias.hu | H\u00edrek-lapszemle","description":"Tavaly a legnagyobb m\u00e9rt\u00e9kben a szakmunk\u00e1ra jelentkez\u0151k sz\u00e1ma n\u00f6vekedett. A hazai \u00e1ll\u00e1skeres\u00e9si piacon tavaly 9 sz\u00e1zal\u00e9kkal n\u0151tt a jelentkez\u00e9sek sz\u00e1ma 2018. \u00e9vhez k\u00e9pest, ugyanakkor az \u00e1ll\u00e1sok ir\u00e1nt \u00e9rdekl\u0151d\u0151k sz\u00e1ma alig v\u00e1ltozott, ami azt mutatja, hogy egy ember t\u00f6bb \u00e1ll\u00e1sra is jelentkezett. A jelentkez\u00e9sek sz\u00e1ma alapj\u00e1n tavaly a legnagyobb n\u00f6veked\u00e9st, 22 sz\u00e1zal\u00e9kot a szakmunka ter\u00fclet\u00e9n regisztr\u00e1lt\u00e1k.","inLanguage":"hu-HU","isPartOf":{"@id":"https:\/\/allasorias.hu\/hirek\/#website"},"breadcrumb":{"@id":"https:\/\/allasorias.hu\/hirek\/tobben-jelentkeztek-szakmunkara\/#breadcrumblist"},"author":{"@id":"https:\/\/allasorias.hu\/hirek\/author\/admin-allasorias\/#author"},"creator":{"@id":"https:\/\/allasorias.hu\/hirek\/author\/admin-allasorias\/#author"},"image":{"@type":"ImageObject","url":"https:\/\/allasorias.hu\/hirek\/wp-content\/uploads\/2018\/10\/Business-Views.jpg","@id":"https:\/\/allasorias.hu\/hirek\/tobben-jelentkeztek-szakmunkara\/#mainImage","width":800,"height":567},"primaryImageOfPage":{"@id":"https:\/\/allasorias.hu\/hirek\/tobben-jelentkeztek-szakmunkara\/#mainImage"},"datePublished":"2020-01-17T07:35:13+02:00","dateModified":"2020-01-17T07:45:39+02:00"},{"@type":"WebSite","@id":"https:\/\/allasorias.hu\/hirek\/#website","url":"https:\/\/allasorias.hu\/hirek\/","name":"AllasOrias.hu | H\u00edrek-lapszemle","description":"\u00dczleti h\u00edrek az \u00e1ll\u00e1s \u00e9s a munka vil\u00e1g\u00e1b\u00f3l","inLanguage":"hu-HU","publisher":{"@id":"https:\/\/allasorias.hu\/hirek\/#organization"}}]},"og:locale":"hu_HU","og:site_name":"AllasOrias.hu | H\u00edrek-lapszemle | \u00dczleti h\u00edrek az \u00e1ll\u00e1s \u00e9s a munka vil\u00e1g\u00e1b\u00f3l","og:type":"article","og:title":"T\u00f6bben jelentkeztek szakmunk\u00e1ra | AllasOrias.hu | H\u00edrek-lapszemle","og:description":"Tavaly a legnagyobb m\u00e9rt\u00e9kben a szakmunk\u00e1ra jelentkez\u0151k sz\u00e1ma n\u00f6vekedett. A hazai \u00e1ll\u00e1skeres\u00e9si piacon tavaly 9 sz\u00e1zal\u00e9kkal n\u0151tt a jelentkez\u00e9sek sz\u00e1ma 2018. \u00e9vhez k\u00e9pest, ugyanakkor az \u00e1ll\u00e1sok ir\u00e1nt \u00e9rdekl\u0151d\u0151k sz\u00e1ma alig v\u00e1ltozott, ami azt mutatja, hogy egy ember t\u00f6bb \u00e1ll\u00e1sra is jelentkezett. A jelentkez\u00e9sek sz\u00e1ma alapj\u00e1n tavaly a legnagyobb n\u00f6veked\u00e9st, 22 sz\u00e1zal\u00e9kot a szakmunka ter\u00fclet\u00e9n regisztr\u00e1lt\u00e1k.","og:url":"https:\/\/allasorias.hu\/hirek\/tobben-jelentkeztek-szakmunkara\/","og:image":"https:\/\/allasorias.hu\/hirek\/wp-content\/uploads\/2018\/10\/Business-Views.jpg","og:image:secure_url":"https:\/\/allasorias.hu\/hirek\/wp-content\/uploads\/2018\/10\/Business-Views.jpg","og:image:width":800,"og:image:height":567,"article:published_time":"2020-01-17T07:35:13+00:00","article:modified_time":"2020-01-17T07:45:39+00:00","article:publisher":"https:\/\/www.facebook.com\/allasorias","twitter:card":"summary_large_image","twitter:title":"T\u00f6bben jelentkeztek szakmunk\u00e1ra | AllasOrias.hu | H\u00edrek-lapszemle","twitter:description":"Tavaly a legnagyobb m\u00e9rt\u00e9kben a szakmunk\u00e1ra jelentkez\u0151k sz\u00e1ma n\u00f6vekedett. A hazai \u00e1ll\u00e1skeres\u00e9si piacon tavaly 9 sz\u00e1zal\u00e9kkal n\u0151tt a jelentkez\u00e9sek sz\u00e1ma 2018. \u00e9vhez k\u00e9pest, ugyanakkor az \u00e1ll\u00e1sok ir\u00e1nt \u00e9rdekl\u0151d\u0151k sz\u00e1ma alig v\u00e1ltozott, ami azt mutatja, hogy egy ember t\u00f6bb \u00e1ll\u00e1sra is jelentkezett. A jelentkez\u00e9sek sz\u00e1ma alapj\u00e1n tavaly a legnagyobb n\u00f6veked\u00e9st, 22 sz\u00e1zal\u00e9kot a szakmunka ter\u00fclet\u00e9n regisztr\u00e1lt\u00e1k.","twitter:image":"https:\/\/allasorias.hu\/hirek\/wp-content\/uploads\/2018\/10\/Business-Views.jpg","twitter:label1":"Written by","twitter:data1":"Juh\u00e1sz P\u00e9ter","twitter:label2":"Est. reading time","twitter:data2":"2 minutes"},"aioseo_meta_data":{"post_id":"3686","title":null,"description":null,"keywords":null,"keyphrases":null,"primary_term":null,"canonical_url":null,"og_title":null,"og_description":null,"og_object_type":"default","og_image_type":"default","og_image_url":null,"og_image_width":null,"og_image_height":null,"og_image_custom_url":null,"og_image_custom_fields":null,"og_video":null,"og_custom_url":null,"og_article_section":null,"og_article_tags":null,"twitter_use_og":false,"twitter_card":"default","twitter_image_type":"default","twitter_image_url":null,"twitter_image_custom_url":null,"twitter_image_custom_fields":null,"twitter_title":null,"twitter_description":null,"schema":{"blockGraphs":[],"customGraphs":[],"default":{"data":{"Article":[],"Course":[],"Dataset":[],"FAQPage":[],"Movie":[],"Person":[],"Product":[],"ProductReview":[],"Car":[],"Recipe":[],"Service":[],"SoftwareApplication":[],"WebPage":[]},"graphName":"","isEnabled":true},"graphs":[]},"schema_type":null,"schema_type_options":null,"pillar_content":false,"robots_default":true,"robots_noindex":false,"robots_noarchive":false,"robots_nosnippet":false,"robots_nofollow":false,"robots_noimageindex":false,"robots_noodp":false,"robots_notranslate":false,"robots_max_snippet":null,"robots_max_videopreview":null,"robots_max_imagepreview":"large","priority":null,"frequency":null,"location":null,"local_seo":null,"breadcrumb_settings":null,"limit_modified_date":false,"ai":null,"created":"2021-02-01 22:27:19","updated":"2025-10-02 13:05:09","seo_analyzer_scan_date":null,"focus_keyword":null,"additional_keywords":null,"truseo_locale":null},"aioseo_breadcrumb":"<div class=\"aioseo-breadcrumbs\"><span class=\"aioseo-breadcrumb\">\n\t\t\t<a href=\"https:\/\/allasorias.hu\/hirek\" title=\"Home\">Home<\/a>\n\t\t<\/span><span class=\"aioseo-breadcrumb-separator\">&raquo;<\/span><span class=\"aioseo-breadcrumb\">\n\t\t\t<a href=\"https:\/\/allasorias.hu\/hirek\/temak\/munkaeropiac\/\" title=\"Munkaer\u0151piac\">Munkaer\u0151piac<\/a>\n\t\t<\/span><span class=\"aioseo-breadcrumb-separator\">&raquo;<\/span><span class=\"aioseo-breadcrumb\">\n\t\t\tT\u00f6bben jelentkeztek szakmunk\u00e1ra\n\t\t<\/span><\/div>","aioseo_breadcrumb_json":[{"label":"Home","link":"https:\/\/allasorias.hu\/hirek"},{"label":"Munkaer\u0151piac","link":"https:\/\/allasorias.hu\/hirek\/temak\/munkaeropiac\/"},{"label":"T\u00f6bben jelentkeztek szakmunk\u00e1ra","link":"https:\/\/allasorias.hu\/hirek\/tobben-jelentkeztek-szakmunkara\/"}],"_links":{"self":[{"href":"https:\/\/allasorias.hu\/hirek\/wp-json\/wp\/v2\/posts\/3686","targetHints":{"allow":["GET"]}}],"collection":[{"href":"https:\/\/allasorias.hu\/hirek\/wp-json\/wp\/v2\/posts"}],"about":[{"href":"https:\/\/allasorias.hu\/hirek\/wp-json\/wp\/v2\/types\/post"}],"author":[{"embeddable":true,"href":"https:\/\/allasorias.hu\/hirek\/wp-json\/wp\/v2\/users\/1"}],"replies":[{"embeddable":true,"href":"https:\/\/allasorias.hu\/hirek\/wp-json\/wp\/v2\/comments?post=3686"}],"version-history":[{"count":1,"href":"https:\/\/allasorias.hu\/hirek\/wp-json\/wp\/v2\/posts\/3686\/revisions"}],"predecessor-version":[{"id":3687,"href":"https:\/\/allasorias.hu\/hirek\/wp-json\/wp\/v2\/posts\/3686\/revisions\/3687"}],"wp:featuredmedia":[{"embeddable":true,"href":"https:\/\/allasorias.hu\/hirek\/wp-json\/wp\/v2\/media\/2009"}],"wp:attachment":[{"href":"https:\/\/allasorias.hu\/hirek\/wp-json\/wp\/v2\/media?parent=3686"}],"wp:term":[{"taxonomy":"category","embeddable":true,"href":"https:\/\/allasorias.hu\/hirek\/wp-json\/wp\/v2\/categories?post=3686"},{"taxonomy":"post_tag","embeddable":true,"href":"https:\/\/allasorias.hu\/hirek\/wp-json\/wp\/v2\/tags?post=3686"}],"curies":[{"name":"wp","href":"https:\/\/api.w.org\/{rel}","templated":true}]}}