{"id":3673,"date":"2020-01-15T09:11:43","date_gmt":"2020-01-15T09:11:43","guid":{"rendered":"https:\/\/allasorias.hu\/hirek\/?p=3673"},"modified":"2020-01-15T09:11:43","modified_gmt":"2020-01-15T09:11:43","slug":"van-meg-mit-javitani-a-magyar-munkavallalok-technikai-felszereleseben","status":"publish","type":"post","link":"https:\/\/allasorias.hu\/hirek\/van-meg-mit-javitani-a-magyar-munkavallalok-technikai-felszereleseben\/","title":{"rendered":"Van m\u00e9g mit jav\u00edtani a magyar munkav\u00e1llal\u00f3k technikai felszerel\u00e9s\u00e9ben"},"content":{"rendered":"<p><strong>A magyar v\u00e1llalatok 70 sz\u00e1zal\u00e9ka ad a dolgoz\u00f3inak mobiltelefont, tabletet vagy laptopot, hogy akkor is neten lehessenek, amikor nincsenek bent az irod\u00e1ban \u2013 m\u00e9rte az Eurostat. Ez azt jelenti, hogy egy nagyon kicsit romlott a magyar helyzet (2018-ban m\u00e9g 71 sz\u00e1zal\u00e9kot m\u00e9rtek), de \u00edgy is a 68 sz\u00e1zal\u00e9kos EU-\u00e1tlag f\u00f6l\u00f6tt vagyunk.<\/strong><\/p>\n<p>Az adatokat az torz\u00edtja, hogy csak a legal\u00e1bb 10 dolgoz\u00f3t foglalkoztat\u00f3 c\u00e9geket vett\u00e9k sz\u00e1m\u00edt\u00e1sba. M\u00e1rpedig val\u00f3sz\u00edn\u0171, hogy pont az enn\u00e9l kisebb v\u00e1llalkoz\u00e1sokn\u00e1l rosszabb a dolgoz\u00f3k technikai felszerelts\u00e9ge. Nem meglep\u0151 m\u00f3don a lista \u00e9l\u00e9n skandin\u00e1v orsz\u00e1gok \u00e1llnak: Finnorsz\u00e1gban 100 dolgoz\u00f3b\u00f3l 96 kap valamilyen munkahelyi telefont vagy laptopot, de D\u00e1ni\u00e1ban is 92, Sv\u00e9dorsz\u00e1gban pedig 87 sz\u00e1zal\u00e9kos az ar\u00e1ny. Ann\u00e1l \u00e9rdekesebb, hogy a lista negyedik hely\u00e9n ott van Horv\u00e1torsz\u00e1g 86 sz\u00e1zal\u00e9kkal.<\/p>\n<p>Forr\u00e1s: hvg.hu<\/p>\n","protected":false},"excerpt":{"rendered":"<p>A magyar v\u00e1llalatok 70 sz\u00e1zal\u00e9ka ad a dolgoz\u00f3inak mobiltelefont, tabletet vagy laptopot, hogy akkor is neten lehessenek, amikor nincsenek bent az irod\u00e1ban \u2013 m\u00e9rte az Eurostat. Ez azt jelenti, hogy egy nagyon kicsit romlott a magyar helyzet (2018-ban m\u00e9g 71 sz\u00e1zal\u00e9kot m\u00e9rtek), de \u00edgy is a 68 sz\u00e1zal\u00e9kos EU-\u00e1tlag f\u00f6l\u00f6tt vagyunk. Az adatokat az torz\u00edtja, [&hellip;]<\/p>\n","protected":false},"author":1,"featured_media":3674,"comment_status":"open","ping_status":"open","sticky":false,"template":"","format":"standard","meta":{"_monsterinsights_skip_tracking":false,"footnotes":""},"categories":[200],"tags":[],"class_list":["post-3673","post","type-post","status-publish","format-standard","has-post-thumbnail","hentry","category-munkaeropiac"],"aioseo_notices":[],"aioseo_head":"\n\t\t<!-- All in One SEO 5.0.0.1 - aioseo.com -->\n\t<meta name=\"description\" content=\"A magyar v\u00e1llalatok 70 sz\u00e1zal\u00e9ka ad a dolgoz\u00f3inak mobiltelefont, tabletet vagy laptopot, hogy akkor is neten lehessenek, amikor nincsenek bent az irod\u00e1ban \u2013 m\u00e9rte az Eurostat. Ez azt jelenti, hogy egy nagyon kicsit romlott a magyar helyzet (2018-ban m\u00e9g 71 sz\u00e1zal\u00e9kot m\u00e9rtek), de \u00edgy is a 68 sz\u00e1zal\u00e9kos EU-\u00e1tlag f\u00f6l\u00f6tt vagyunk. Az adatokat az torz\u00edtja,\" \/>\n\t<meta name=\"robots\" content=\"max-image-preview:large\" \/>\n\t<meta name=\"author\" content=\"Juh\u00e1sz P\u00e9ter\"\/>\n\t<link rel=\"canonical\" href=\"https:\/\/allasorias.hu\/hirek\/van-meg-mit-javitani-a-magyar-munkavallalok-technikai-felszereleseben\/\" \/>\n\t<meta name=\"generator\" content=\"All in One SEO (AIOSEO) 5.0.0.1\" \/>\n\t\t<meta property=\"og:locale\" content=\"hu_HU\" \/>\n\t\t<meta property=\"og:site_name\" content=\"AllasOrias.hu | H\u00edrek-lapszemle | \u00dczleti h\u00edrek az \u00e1ll\u00e1s \u00e9s a munka vil\u00e1g\u00e1b\u00f3l\" \/>\n\t\t<meta property=\"og:type\" content=\"article\" \/>\n\t\t<meta property=\"og:title\" content=\"Van m\u00e9g mit jav\u00edtani a magyar munkav\u00e1llal\u00f3k technikai felszerel\u00e9s\u00e9ben | AllasOrias.hu | H\u00edrek-lapszemle\" \/>\n\t\t<meta property=\"og:description\" content=\"A magyar v\u00e1llalatok 70 sz\u00e1zal\u00e9ka ad a dolgoz\u00f3inak mobiltelefont, tabletet vagy laptopot, hogy akkor is neten lehessenek, amikor nincsenek bent az irod\u00e1ban \u2013 m\u00e9rte az Eurostat. Ez azt jelenti, hogy egy nagyon kicsit romlott a magyar helyzet (2018-ban m\u00e9g 71 sz\u00e1zal\u00e9kot m\u00e9rtek), de \u00edgy is a 68 sz\u00e1zal\u00e9kos EU-\u00e1tlag f\u00f6l\u00f6tt vagyunk. Az adatokat az torz\u00edtja,\" \/>\n\t\t<meta property=\"og:url\" content=\"https:\/\/allasorias.hu\/hirek\/van-meg-mit-javitani-a-magyar-munkavallalok-technikai-felszereleseben\/\" \/>\n\t\t<meta property=\"og:image\" content=\"https:\/\/allasorias.hu\/hirek\/wp-content\/uploads\/2020\/01\/office-620822_640.jpg\" \/>\n\t\t<meta property=\"og:image:secure_url\" content=\"https:\/\/allasorias.hu\/hirek\/wp-content\/uploads\/2020\/01\/office-620822_640.jpg\" \/>\n\t\t<meta property=\"og:image:width\" content=\"640\" \/>\n\t\t<meta property=\"og:image:height\" content=\"425\" \/>\n\t\t<meta property=\"article:published_time\" content=\"2020-01-15T09:11:43+00:00\" \/>\n\t\t<meta property=\"article:modified_time\" content=\"2020-01-15T09:11:43+00:00\" \/>\n\t\t<meta property=\"article:publisher\" content=\"https:\/\/www.facebook.com\/allasorias\" \/>\n\t\t<meta name=\"twitter:card\" content=\"summary_large_image\" \/>\n\t\t<meta name=\"twitter:title\" content=\"Van m\u00e9g mit jav\u00edtani a magyar munkav\u00e1llal\u00f3k technikai felszerel\u00e9s\u00e9ben | AllasOrias.hu | H\u00edrek-lapszemle\" \/>\n\t\t<meta name=\"twitter:description\" content=\"A magyar v\u00e1llalatok 70 sz\u00e1zal\u00e9ka ad a dolgoz\u00f3inak mobiltelefont, tabletet vagy laptopot, hogy akkor is neten lehessenek, amikor nincsenek bent az irod\u00e1ban \u2013 m\u00e9rte az Eurostat. Ez azt jelenti, hogy egy nagyon kicsit romlott a magyar helyzet (2018-ban m\u00e9g 71 sz\u00e1zal\u00e9kot m\u00e9rtek), de \u00edgy is a 68 sz\u00e1zal\u00e9kos EU-\u00e1tlag f\u00f6l\u00f6tt vagyunk. Az adatokat az torz\u00edtja,\" \/>\n\t\t<meta name=\"twitter:image\" content=\"https:\/\/allasorias.hu\/hirek\/wp-content\/uploads\/2020\/01\/office-620822_640.jpg\" \/>\n\t\t<meta name=\"twitter:label1\" content=\"Written by\" \/>\n\t\t<meta name=\"twitter:data1\" content=\"Juh\u00e1sz P\u00e9ter\" \/>\n\t\t<meta name=\"twitter:label2\" content=\"Est. reading time\" \/>\n\t\t<meta name=\"twitter:data2\" content=\"1 minute\" \/>\n\t\t<script type=\"application\/ld+json\" class=\"aioseo-schema\">\n\t\t\t{\"@context\":\"https:\\\/\\\/schema.org\",\"@graph\":[{\"@type\":\"Article\",\"@id\":\"https:\\\/\\\/allasorias.hu\\\/hirek\\\/van-meg-mit-javitani-a-magyar-munkavallalok-technikai-felszereleseben\\\/#article\",\"name\":\"Van m\\u00e9g mit jav\\u00edtani a magyar munkav\\u00e1llal\\u00f3k technikai felszerel\\u00e9s\\u00e9ben | AllasOrias.hu | H\\u00edrek-lapszemle\",\"headline\":\"Van m\\u00e9g mit jav\\u00edtani a magyar munkav\\u00e1llal\\u00f3k technikai felszerel\\u00e9s\\u00e9ben\",\"author\":{\"@id\":\"https:\\\/\\\/allasorias.hu\\\/hirek\\\/author\\\/admin-allasorias\\\/#author\"},\"publisher\":{\"@id\":\"https:\\\/\\\/allasorias.hu\\\/hirek\\\/#organization\"},\"image\":{\"@type\":\"ImageObject\",\"url\":\"https:\\\/\\\/allasorias.hu\\\/hirek\\\/wp-content\\\/uploads\\\/2020\\\/01\\\/office-620822_640.jpg\",\"width\":640,\"height\":425},\"datePublished\":\"2020-01-15T09:11:43+02:00\",\"dateModified\":\"2020-01-15T09:11:43+02:00\",\"inLanguage\":\"hu-HU\",\"mainEntityOfPage\":{\"@id\":\"https:\\\/\\\/allasorias.hu\\\/hirek\\\/van-meg-mit-javitani-a-magyar-munkavallalok-technikai-felszereleseben\\\/#webpage\"},\"isPartOf\":{\"@id\":\"https:\\\/\\\/allasorias.hu\\\/hirek\\\/van-meg-mit-javitani-a-magyar-munkavallalok-technikai-felszereleseben\\\/#webpage\"},\"articleSection\":\"Munkaer\\u0151piac\"},{\"@type\":\"BreadcrumbList\",\"@id\":\"https:\\\/\\\/allasorias.hu\\\/hirek\\\/van-meg-mit-javitani-a-magyar-munkavallalok-technikai-felszereleseben\\\/#breadcrumblist\",\"itemListElement\":[{\"@type\":\"ListItem\",\"@id\":\"https:\\\/\\\/allasorias.hu\\\/hirek#listItem\",\"position\":1,\"name\":\"Home\",\"item\":\"https:\\\/\\\/allasorias.hu\\\/hirek\",\"nextItem\":{\"@type\":\"ListItem\",\"@id\":\"https:\\\/\\\/allasorias.hu\\\/hirek\\\/temak\\\/munkaeropiac\\\/#listItem\",\"name\":\"Munkaer\\u0151piac\"}},{\"@type\":\"ListItem\",\"@id\":\"https:\\\/\\\/allasorias.hu\\\/hirek\\\/temak\\\/munkaeropiac\\\/#listItem\",\"position\":2,\"name\":\"Munkaer\\u0151piac\",\"item\":\"https:\\\/\\\/allasorias.hu\\\/hirek\\\/temak\\\/munkaeropiac\\\/\",\"nextItem\":{\"@type\":\"ListItem\",\"@id\":\"https:\\\/\\\/allasorias.hu\\\/hirek\\\/van-meg-mit-javitani-a-magyar-munkavallalok-technikai-felszereleseben\\\/#listItem\",\"name\":\"Van m\\u00e9g mit jav\\u00edtani a magyar munkav\\u00e1llal\\u00f3k technikai felszerel\\u00e9s\\u00e9ben\"},\"previousItem\":{\"@type\":\"ListItem\",\"@id\":\"https:\\\/\\\/allasorias.hu\\\/hirek#listItem\",\"name\":\"Home\"}},{\"@type\":\"ListItem\",\"@id\":\"https:\\\/\\\/allasorias.hu\\\/hirek\\\/van-meg-mit-javitani-a-magyar-munkavallalok-technikai-felszereleseben\\\/#listItem\",\"position\":3,\"name\":\"Van m\\u00e9g mit jav\\u00edtani a magyar munkav\\u00e1llal\\u00f3k technikai felszerel\\u00e9s\\u00e9ben\",\"previousItem\":{\"@type\":\"ListItem\",\"@id\":\"https:\\\/\\\/allasorias.hu\\\/hirek\\\/temak\\\/munkaeropiac\\\/#listItem\",\"name\":\"Munkaer\\u0151piac\"}}]},{\"@type\":\"Organization\",\"@id\":\"https:\\\/\\\/allasorias.hu\\\/hirek\\\/#organization\",\"name\":\"AllasOrias.hu | H\\u00edrek-lapszemle\",\"description\":\"\\u00dczleti h\\u00edrek az \\u00e1ll\\u00e1s \\u00e9s a munka vil\\u00e1g\\u00e1b\\u00f3l\",\"url\":\"https:\\\/\\\/allasorias.hu\\\/hirek\\\/\",\"logo\":{\"@type\":\"ImageObject\",\"url\":\"https:\\\/\\\/allasorias.hu\\\/hirek\\\/wp-content\\\/uploads\\\/2022\\\/10\\\/allasorias_site_facebok_logo.png\",\"@id\":\"https:\\\/\\\/allasorias.hu\\\/hirek\\\/van-meg-mit-javitani-a-magyar-munkavallalok-technikai-felszereleseben\\\/#organizationLogo\"},\"image\":{\"@id\":\"https:\\\/\\\/allasorias.hu\\\/hirek\\\/van-meg-mit-javitani-a-magyar-munkavallalok-technikai-felszereleseben\\\/#organizationLogo\"},\"sameAs\":[\"https:\\\/\\\/www.facebook.com\\\/allasorias\",\"https:\\\/\\\/www.linkedin.com\\\/company\\\/allasorias\"]},{\"@type\":\"Person\",\"@id\":\"https:\\\/\\\/allasorias.hu\\\/hirek\\\/author\\\/admin-allasorias\\\/#author\",\"url\":\"https:\\\/\\\/allasorias.hu\\\/hirek\\\/author\\\/admin-allasorias\\\/\",\"name\":\"Juh\\u00e1sz P\\u00e9ter\",\"image\":{\"@type\":\"ImageObject\",\"@id\":\"https:\\\/\\\/allasorias.hu\\\/hirek\\\/van-meg-mit-javitani-a-magyar-munkavallalok-technikai-felszereleseben\\\/#authorImage\",\"url\":\"https:\\\/\\\/secure.gravatar.com\\\/avatar\\\/36e6bcb83148978b992977cb0f54d22feb0cce8a0a849a9410532bb2623ba4c6?s=96&d=mm&r=g\",\"width\":96,\"height\":96,\"caption\":\"Juh\\u00e1sz P\\u00e9ter\"}},{\"@type\":\"WebPage\",\"@id\":\"https:\\\/\\\/allasorias.hu\\\/hirek\\\/van-meg-mit-javitani-a-magyar-munkavallalok-technikai-felszereleseben\\\/#webpage\",\"url\":\"https:\\\/\\\/allasorias.hu\\\/hirek\\\/van-meg-mit-javitani-a-magyar-munkavallalok-technikai-felszereleseben\\\/\",\"name\":\"Van m\\u00e9g mit jav\\u00edtani a magyar munkav\\u00e1llal\\u00f3k technikai felszerel\\u00e9s\\u00e9ben | AllasOrias.hu | H\\u00edrek-lapszemle\",\"description\":\"A magyar v\\u00e1llalatok 70 sz\\u00e1zal\\u00e9ka ad a dolgoz\\u00f3inak mobiltelefont, tabletet vagy laptopot, hogy akkor is neten lehessenek, amikor nincsenek bent az irod\\u00e1ban \\u2013 m\\u00e9rte az Eurostat. Ez azt jelenti, hogy egy nagyon kicsit romlott a magyar helyzet (2018-ban m\\u00e9g 71 sz\\u00e1zal\\u00e9kot m\\u00e9rtek), de \\u00edgy is a 68 sz\\u00e1zal\\u00e9kos EU-\\u00e1tlag f\\u00f6l\\u00f6tt vagyunk. Az adatokat az torz\\u00edtja,\",\"inLanguage\":\"hu-HU\",\"isPartOf\":{\"@id\":\"https:\\\/\\\/allasorias.hu\\\/hirek\\\/#website\"},\"breadcrumb\":{\"@id\":\"https:\\\/\\\/allasorias.hu\\\/hirek\\\/van-meg-mit-javitani-a-magyar-munkavallalok-technikai-felszereleseben\\\/#breadcrumblist\"},\"author\":{\"@id\":\"https:\\\/\\\/allasorias.hu\\\/hirek\\\/author\\\/admin-allasorias\\\/#author\"},\"creator\":{\"@id\":\"https:\\\/\\\/allasorias.hu\\\/hirek\\\/author\\\/admin-allasorias\\\/#author\"},\"image\":{\"@type\":\"ImageObject\",\"url\":\"https:\\\/\\\/allasorias.hu\\\/hirek\\\/wp-content\\\/uploads\\\/2020\\\/01\\\/office-620822_640.jpg\",\"@id\":\"https:\\\/\\\/allasorias.hu\\\/hirek\\\/van-meg-mit-javitani-a-magyar-munkavallalok-technikai-felszereleseben\\\/#mainImage\",\"width\":640,\"height\":425},\"primaryImageOfPage\":{\"@id\":\"https:\\\/\\\/allasorias.hu\\\/hirek\\\/van-meg-mit-javitani-a-magyar-munkavallalok-technikai-felszereleseben\\\/#mainImage\"},\"datePublished\":\"2020-01-15T09:11:43+02:00\",\"dateModified\":\"2020-01-15T09:11:43+02:00\"},{\"@type\":\"WebSite\",\"@id\":\"https:\\\/\\\/allasorias.hu\\\/hirek\\\/#website\",\"url\":\"https:\\\/\\\/allasorias.hu\\\/hirek\\\/\",\"name\":\"AllasOrias.hu | H\\u00edrek-lapszemle\",\"description\":\"\\u00dczleti h\\u00edrek az \\u00e1ll\\u00e1s \\u00e9s a munka vil\\u00e1g\\u00e1b\\u00f3l\",\"inLanguage\":\"hu-HU\",\"publisher\":{\"@id\":\"https:\\\/\\\/allasorias.hu\\\/hirek\\\/#organization\"}}]}\n\t\t<\/script>\n\t\t<!-- All in One SEO -->\n\n","aioseo_head_json":{"title":"Van m\u00e9g mit jav\u00edtani a magyar munkav\u00e1llal\u00f3k technikai felszerel\u00e9s\u00e9ben | AllasOrias.hu | H\u00edrek-lapszemle","description":"A magyar v\u00e1llalatok 70 sz\u00e1zal\u00e9ka ad a dolgoz\u00f3inak mobiltelefont, tabletet vagy laptopot, hogy akkor is neten lehessenek, amikor nincsenek bent az irod\u00e1ban \u2013 m\u00e9rte az Eurostat. Ez azt jelenti, hogy egy nagyon kicsit romlott a magyar helyzet (2018-ban m\u00e9g 71 sz\u00e1zal\u00e9kot m\u00e9rtek), de \u00edgy is a 68 sz\u00e1zal\u00e9kos EU-\u00e1tlag f\u00f6l\u00f6tt vagyunk. Az adatokat az torz\u00edtja,","canonical_url":"https:\/\/allasorias.hu\/hirek\/van-meg-mit-javitani-a-magyar-munkavallalok-technikai-felszereleseben\/","robots":"max-image-preview:large","keywords":"","webmasterTools":{"miscellaneous":""},"schema":{"@context":"https:\/\/schema.org","@graph":[{"@type":"Article","@id":"https:\/\/allasorias.hu\/hirek\/van-meg-mit-javitani-a-magyar-munkavallalok-technikai-felszereleseben\/#article","name":"Van m\u00e9g mit jav\u00edtani a magyar munkav\u00e1llal\u00f3k technikai felszerel\u00e9s\u00e9ben | AllasOrias.hu | H\u00edrek-lapszemle","headline":"Van m\u00e9g mit jav\u00edtani a magyar munkav\u00e1llal\u00f3k technikai felszerel\u00e9s\u00e9ben","author":{"@id":"https:\/\/allasorias.hu\/hirek\/author\/admin-allasorias\/#author"},"publisher":{"@id":"https:\/\/allasorias.hu\/hirek\/#organization"},"image":{"@type":"ImageObject","url":"https:\/\/allasorias.hu\/hirek\/wp-content\/uploads\/2020\/01\/office-620822_640.jpg","width":640,"height":425},"datePublished":"2020-01-15T09:11:43+02:00","dateModified":"2020-01-15T09:11:43+02:00","inLanguage":"hu-HU","mainEntityOfPage":{"@id":"https:\/\/allasorias.hu\/hirek\/van-meg-mit-javitani-a-magyar-munkavallalok-technikai-felszereleseben\/#webpage"},"isPartOf":{"@id":"https:\/\/allasorias.hu\/hirek\/van-meg-mit-javitani-a-magyar-munkavallalok-technikai-felszereleseben\/#webpage"},"articleSection":"Munkaer\u0151piac"},{"@type":"BreadcrumbList","@id":"https:\/\/allasorias.hu\/hirek\/van-meg-mit-javitani-a-magyar-munkavallalok-technikai-felszereleseben\/#breadcrumblist","itemListElement":[{"@type":"ListItem","@id":"https:\/\/allasorias.hu\/hirek#listItem","position":1,"name":"Home","item":"https:\/\/allasorias.hu\/hirek","nextItem":{"@type":"ListItem","@id":"https:\/\/allasorias.hu\/hirek\/temak\/munkaeropiac\/#listItem","name":"Munkaer\u0151piac"}},{"@type":"ListItem","@id":"https:\/\/allasorias.hu\/hirek\/temak\/munkaeropiac\/#listItem","position":2,"name":"Munkaer\u0151piac","item":"https:\/\/allasorias.hu\/hirek\/temak\/munkaeropiac\/","nextItem":{"@type":"ListItem","@id":"https:\/\/allasorias.hu\/hirek\/van-meg-mit-javitani-a-magyar-munkavallalok-technikai-felszereleseben\/#listItem","name":"Van m\u00e9g mit jav\u00edtani a magyar munkav\u00e1llal\u00f3k technikai felszerel\u00e9s\u00e9ben"},"previousItem":{"@type":"ListItem","@id":"https:\/\/allasorias.hu\/hirek#listItem","name":"Home"}},{"@type":"ListItem","@id":"https:\/\/allasorias.hu\/hirek\/van-meg-mit-javitani-a-magyar-munkavallalok-technikai-felszereleseben\/#listItem","position":3,"name":"Van m\u00e9g mit jav\u00edtani a magyar munkav\u00e1llal\u00f3k technikai felszerel\u00e9s\u00e9ben","previousItem":{"@type":"ListItem","@id":"https:\/\/allasorias.hu\/hirek\/temak\/munkaeropiac\/#listItem","name":"Munkaer\u0151piac"}}]},{"@type":"Organization","@id":"https:\/\/allasorias.hu\/hirek\/#organization","name":"AllasOrias.hu | H\u00edrek-lapszemle","description":"\u00dczleti h\u00edrek az \u00e1ll\u00e1s \u00e9s a munka vil\u00e1g\u00e1b\u00f3l","url":"https:\/\/allasorias.hu\/hirek\/","logo":{"@type":"ImageObject","url":"https:\/\/allasorias.hu\/hirek\/wp-content\/uploads\/2022\/10\/allasorias_site_facebok_logo.png","@id":"https:\/\/allasorias.hu\/hirek\/van-meg-mit-javitani-a-magyar-munkavallalok-technikai-felszereleseben\/#organizationLogo"},"image":{"@id":"https:\/\/allasorias.hu\/hirek\/van-meg-mit-javitani-a-magyar-munkavallalok-technikai-felszereleseben\/#organizationLogo"},"sameAs":["https:\/\/www.facebook.com\/allasorias","https:\/\/www.linkedin.com\/company\/allasorias"]},{"@type":"Person","@id":"https:\/\/allasorias.hu\/hirek\/author\/admin-allasorias\/#author","url":"https:\/\/allasorias.hu\/hirek\/author\/admin-allasorias\/","name":"Juh\u00e1sz P\u00e9ter","image":{"@type":"ImageObject","@id":"https:\/\/allasorias.hu\/hirek\/van-meg-mit-javitani-a-magyar-munkavallalok-technikai-felszereleseben\/#authorImage","url":"https:\/\/secure.gravatar.com\/avatar\/36e6bcb83148978b992977cb0f54d22feb0cce8a0a849a9410532bb2623ba4c6?s=96&d=mm&r=g","width":96,"height":96,"caption":"Juh\u00e1sz P\u00e9ter"}},{"@type":"WebPage","@id":"https:\/\/allasorias.hu\/hirek\/van-meg-mit-javitani-a-magyar-munkavallalok-technikai-felszereleseben\/#webpage","url":"https:\/\/allasorias.hu\/hirek\/van-meg-mit-javitani-a-magyar-munkavallalok-technikai-felszereleseben\/","name":"Van m\u00e9g mit jav\u00edtani a magyar munkav\u00e1llal\u00f3k technikai felszerel\u00e9s\u00e9ben | AllasOrias.hu | H\u00edrek-lapszemle","description":"A magyar v\u00e1llalatok 70 sz\u00e1zal\u00e9ka ad a dolgoz\u00f3inak mobiltelefont, tabletet vagy laptopot, hogy akkor is neten lehessenek, amikor nincsenek bent az irod\u00e1ban \u2013 m\u00e9rte az Eurostat. Ez azt jelenti, hogy egy nagyon kicsit romlott a magyar helyzet (2018-ban m\u00e9g 71 sz\u00e1zal\u00e9kot m\u00e9rtek), de \u00edgy is a 68 sz\u00e1zal\u00e9kos EU-\u00e1tlag f\u00f6l\u00f6tt vagyunk. Az adatokat az torz\u00edtja,","inLanguage":"hu-HU","isPartOf":{"@id":"https:\/\/allasorias.hu\/hirek\/#website"},"breadcrumb":{"@id":"https:\/\/allasorias.hu\/hirek\/van-meg-mit-javitani-a-magyar-munkavallalok-technikai-felszereleseben\/#breadcrumblist"},"author":{"@id":"https:\/\/allasorias.hu\/hirek\/author\/admin-allasorias\/#author"},"creator":{"@id":"https:\/\/allasorias.hu\/hirek\/author\/admin-allasorias\/#author"},"image":{"@type":"ImageObject","url":"https:\/\/allasorias.hu\/hirek\/wp-content\/uploads\/2020\/01\/office-620822_640.jpg","@id":"https:\/\/allasorias.hu\/hirek\/van-meg-mit-javitani-a-magyar-munkavallalok-technikai-felszereleseben\/#mainImage","width":640,"height":425},"primaryImageOfPage":{"@id":"https:\/\/allasorias.hu\/hirek\/van-meg-mit-javitani-a-magyar-munkavallalok-technikai-felszereleseben\/#mainImage"},"datePublished":"2020-01-15T09:11:43+02:00","dateModified":"2020-01-15T09:11:43+02:00"},{"@type":"WebSite","@id":"https:\/\/allasorias.hu\/hirek\/#website","url":"https:\/\/allasorias.hu\/hirek\/","name":"AllasOrias.hu | H\u00edrek-lapszemle","description":"\u00dczleti h\u00edrek az \u00e1ll\u00e1s \u00e9s a munka vil\u00e1g\u00e1b\u00f3l","inLanguage":"hu-HU","publisher":{"@id":"https:\/\/allasorias.hu\/hirek\/#organization"}}]},"og:locale":"hu_HU","og:site_name":"AllasOrias.hu | H\u00edrek-lapszemle | \u00dczleti h\u00edrek az \u00e1ll\u00e1s \u00e9s a munka vil\u00e1g\u00e1b\u00f3l","og:type":"article","og:title":"Van m\u00e9g mit jav\u00edtani a magyar munkav\u00e1llal\u00f3k technikai felszerel\u00e9s\u00e9ben | AllasOrias.hu | H\u00edrek-lapszemle","og:description":"A magyar v\u00e1llalatok 70 sz\u00e1zal\u00e9ka ad a dolgoz\u00f3inak mobiltelefont, tabletet vagy laptopot, hogy akkor is neten lehessenek, amikor nincsenek bent az irod\u00e1ban \u2013 m\u00e9rte az Eurostat. Ez azt jelenti, hogy egy nagyon kicsit romlott a magyar helyzet (2018-ban m\u00e9g 71 sz\u00e1zal\u00e9kot m\u00e9rtek), de \u00edgy is a 68 sz\u00e1zal\u00e9kos EU-\u00e1tlag f\u00f6l\u00f6tt vagyunk. Az adatokat az torz\u00edtja,","og:url":"https:\/\/allasorias.hu\/hirek\/van-meg-mit-javitani-a-magyar-munkavallalok-technikai-felszereleseben\/","og:image":"https:\/\/allasorias.hu\/hirek\/wp-content\/uploads\/2020\/01\/office-620822_640.jpg","og:image:secure_url":"https:\/\/allasorias.hu\/hirek\/wp-content\/uploads\/2020\/01\/office-620822_640.jpg","og:image:width":640,"og:image:height":425,"article:published_time":"2020-01-15T09:11:43+00:00","article:modified_time":"2020-01-15T09:11:43+00:00","article:publisher":"https:\/\/www.facebook.com\/allasorias","twitter:card":"summary_large_image","twitter:title":"Van m\u00e9g mit jav\u00edtani a magyar munkav\u00e1llal\u00f3k technikai felszerel\u00e9s\u00e9ben | AllasOrias.hu | H\u00edrek-lapszemle","twitter:description":"A magyar v\u00e1llalatok 70 sz\u00e1zal\u00e9ka ad a dolgoz\u00f3inak mobiltelefont, tabletet vagy laptopot, hogy akkor is neten lehessenek, amikor nincsenek bent az irod\u00e1ban \u2013 m\u00e9rte az Eurostat. Ez azt jelenti, hogy egy nagyon kicsit romlott a magyar helyzet (2018-ban m\u00e9g 71 sz\u00e1zal\u00e9kot m\u00e9rtek), de \u00edgy is a 68 sz\u00e1zal\u00e9kos EU-\u00e1tlag f\u00f6l\u00f6tt vagyunk. Az adatokat az torz\u00edtja,","twitter:image":"https:\/\/allasorias.hu\/hirek\/wp-content\/uploads\/2020\/01\/office-620822_640.jpg","twitter:label1":"Written by","twitter:data1":"Juh\u00e1sz P\u00e9ter","twitter:label2":"Est. reading time","twitter:data2":"1 minute"},"aioseo_meta_data":{"post_id":"3673","title":null,"description":null,"keywords":null,"keyphrases":null,"primary_term":null,"canonical_url":null,"og_title":null,"og_description":null,"og_object_type":"default","og_image_type":"default","og_image_url":null,"og_image_width":null,"og_image_height":null,"og_image_custom_url":null,"og_image_custom_fields":null,"og_video":null,"og_custom_url":null,"og_article_section":null,"og_article_tags":null,"twitter_use_og":false,"twitter_card":"default","twitter_image_type":"default","twitter_image_url":null,"twitter_image_custom_url":null,"twitter_image_custom_fields":null,"twitter_title":null,"twitter_description":null,"schema":{"blockGraphs":[],"customGraphs":[],"default":{"data":{"Article":[],"Course":[],"Dataset":[],"FAQPage":[],"Movie":[],"Person":[],"Product":[],"ProductReview":[],"Car":[],"Recipe":[],"Service":[],"SoftwareApplication":[],"WebPage":[]},"graphName":"","isEnabled":true},"graphs":[]},"schema_type":null,"schema_type_options":null,"pillar_content":false,"robots_default":true,"robots_noindex":false,"robots_noarchive":false,"robots_nosnippet":false,"robots_nofollow":false,"robots_noimageindex":false,"robots_noodp":false,"robots_notranslate":false,"robots_max_snippet":null,"robots_max_videopreview":null,"robots_max_imagepreview":"large","priority":null,"frequency":null,"location":null,"local_seo":null,"breadcrumb_settings":null,"limit_modified_date":false,"ai":null,"created":"2021-02-01 22:27:19","updated":"2025-10-02 13:05:09","seo_analyzer_scan_date":null,"focus_keyword":null,"additional_keywords":null,"truseo_locale":null},"aioseo_breadcrumb":"<div class=\"aioseo-breadcrumbs\"><span class=\"aioseo-breadcrumb\">\n\t\t\t<a href=\"https:\/\/allasorias.hu\/hirek\" title=\"Home\">Home<\/a>\n\t\t<\/span><span class=\"aioseo-breadcrumb-separator\">&raquo;<\/span><span class=\"aioseo-breadcrumb\">\n\t\t\t<a href=\"https:\/\/allasorias.hu\/hirek\/temak\/munkaeropiac\/\" title=\"Munkaer\u0151piac\">Munkaer\u0151piac<\/a>\n\t\t<\/span><span class=\"aioseo-breadcrumb-separator\">&raquo;<\/span><span class=\"aioseo-breadcrumb\">\n\t\t\tVan m\u00e9g mit jav\u00edtani a magyar munkav\u00e1llal\u00f3k technikai felszerel\u00e9s\u00e9ben\n\t\t<\/span><\/div>","aioseo_breadcrumb_json":[{"label":"Home","link":"https:\/\/allasorias.hu\/hirek"},{"label":"Munkaer\u0151piac","link":"https:\/\/allasorias.hu\/hirek\/temak\/munkaeropiac\/"},{"label":"Van m\u00e9g mit jav\u00edtani a magyar munkav\u00e1llal\u00f3k technikai felszerel\u00e9s\u00e9ben","link":"https:\/\/allasorias.hu\/hirek\/van-meg-mit-javitani-a-magyar-munkavallalok-technikai-felszereleseben\/"}],"_links":{"self":[{"href":"https:\/\/allasorias.hu\/hirek\/wp-json\/wp\/v2\/posts\/3673","targetHints":{"allow":["GET"]}}],"collection":[{"href":"https:\/\/allasorias.hu\/hirek\/wp-json\/wp\/v2\/posts"}],"about":[{"href":"https:\/\/allasorias.hu\/hirek\/wp-json\/wp\/v2\/types\/post"}],"author":[{"embeddable":true,"href":"https:\/\/allasorias.hu\/hirek\/wp-json\/wp\/v2\/users\/1"}],"replies":[{"embeddable":true,"href":"https:\/\/allasorias.hu\/hirek\/wp-json\/wp\/v2\/comments?post=3673"}],"version-history":[{"count":1,"href":"https:\/\/allasorias.hu\/hirek\/wp-json\/wp\/v2\/posts\/3673\/revisions"}],"predecessor-version":[{"id":3675,"href":"https:\/\/allasorias.hu\/hirek\/wp-json\/wp\/v2\/posts\/3673\/revisions\/3675"}],"wp:featuredmedia":[{"embeddable":true,"href":"https:\/\/allasorias.hu\/hirek\/wp-json\/wp\/v2\/media\/3674"}],"wp:attachment":[{"href":"https:\/\/allasorias.hu\/hirek\/wp-json\/wp\/v2\/media?parent=3673"}],"wp:term":[{"taxonomy":"category","embeddable":true,"href":"https:\/\/allasorias.hu\/hirek\/wp-json\/wp\/v2\/categories?post=3673"},{"taxonomy":"post_tag","embeddable":true,"href":"https:\/\/allasorias.hu\/hirek\/wp-json\/wp\/v2\/tags?post=3673"}],"curies":[{"name":"wp","href":"https:\/\/api.w.org\/{rel}","templated":true}]}}