{"id":3663,"date":"2020-01-10T07:21:55","date_gmt":"2020-01-10T07:21:55","guid":{"rendered":"https:\/\/allasorias.hu\/hirek\/?p=3663"},"modified":"2020-01-10T07:21:55","modified_gmt":"2020-01-10T07:21:55","slug":"ismet-nott-a-betoltetlen-tanari-allasok-szama","status":"publish","type":"post","link":"https:\/\/allasorias.hu\/hirek\/ismet-nott-a-betoltetlen-tanari-allasok-szama\/","title":{"rendered":"Ism\u00e9t n\u0151tt a bet\u00f6ltetlen tan\u00e1ri \u00e1ll\u00e1sok sz\u00e1ma"},"content":{"rendered":"<p><strong>Egy \u00e9v alatt jelent\u0151sen n\u0151tt a bet\u00f6ltetlen \u00e1ll\u00e1shelyek sz\u00e1ma az iskol\u00e1kban \u2013 A szakszervezet enn\u00e9l is rosszabbnak tartja a helyzetet. Az elm\u00falt \u00e9vihez k\u00e9pest t\u00f6bb lett a bet\u00f6ltetlen pedag\u00f3gus-\u00e1ll\u00e1shely a tanker\u00fcleti k\u00f6zpontok \u00e1ltal fenntartott, vagyis \u00e1llami iskol\u00e1kban \u2013 der\u00fclt ki a Magyar Hang k\u00f6z\u00e9rdek\u0171adat-ig\u00e9nyl\u00e9s\u00e9b\u0151l.<\/strong><\/p>\n<p>Nagyj\u00e1b\u00f3l egy \u00e9vvel ezel\u0151tt, 2018. okt\u00f3ber k\u00f6zep\u00e9n a N\u00e9pszava ny\u00fajtott be k\u00f6z\u00e9rdek\u0171adat-ig\u00e9nyl\u00e9st a t\u00e9m\u00e1ban, akkor \u00f6sszesen 1286,85 bet\u00f6ltetlen pedag\u00f3gus-\u00e1ll\u00e1shelyr\u0151l sz\u00e1moltak be a tanker\u00fcleti k\u00f6zpontok. A 2019. november v\u00e9gi \u00e1llapot szerint 1552,44 \u00fcres \u00e1ll\u00e1shelyr\u0151l jelentettek. (Hatvan tanker\u00fclet k\u00f6z\u00fcl kett\u0151t\u0151l nem \u00e9rkezett meg a v\u00e1lasz, a sz\u00e1m teh\u00e1t enn\u00e9l valamivel magasabb lehet.)A hi\u00e1nyz\u00f3 iskolapszichol\u00f3gusok sz\u00e1ma is n\u0151tt a tavaly \u0151szihez k\u00e9pest, az adatig\u00e9nyl\u00e9sre v\u00e1laszol\u00f3 tanker\u00fcletekben \u00f6sszesen 86,4 iskolapszichol\u00f3gus-st\u00e1tusz volt bet\u00f6ltetlen november v\u00e9g\u00e9n, tavaly orsz\u00e1gosan 72. Orsz\u00e1gosan t\u00f6bb az \u00fcresen maradt gy\u00f3gypedag\u00f3gus-\u00e1ll\u00e1shely is, 421,5-r\u0151l 523-ra n\u0151tt. Azt, hogy mi okozza a n\u00f6veked\u00e9st, a sz\u00e1mokb\u00f3l neh\u00e9z megmondani, mert att\u00f3l is f\u00fcgghet, mennyi az \u00fcres \u00e1ll\u00e1shely, mennyire leterheltek adott tanker\u00fcletben a pedag\u00f3gusok. Becsl\u00e9s\u00fcnk szerint az adatok \u2013 ha csak az akt\u00edv pedag\u00f3gusok sz\u00e1m\u00e1hoz viszony\u00edtjuk \u0151ket \u2013 1,5\u20132 sz\u00e1zal\u00e9kos hi\u00e1nyt jeleznek; ez megfelel a Klebelsberg K\u00f6zpont kor\u00e1bbi t\u00e1j\u00e9koztat\u00e1s\u00e1nak. A Pedag\u00f3gusok Demokratikus Szakszervezet\u00e9nek (PDSZ) eln\u00f6ke, Sz\u0171cs Tam\u00e1s viszont azt mondja: a bet\u00f6ltetlen \u00e1ll\u00e1sok sz\u00e1ma val\u00f3j\u00e1ban nem el\u00e9gs\u00e9ges m\u00e9r\u0151sz\u00e1ma a tan\u00e1rhi\u00e1nynak, mert nem mutatja meg azokat az \u00fcres \u00e1ll\u00e1shelyeket, amelyeket nem egy \u00faj koll\u00e9g\u00e1val, hanem a t\u00f6bbi tan\u00e1r t\u00f6bbletmunk\u00e1j\u00e1val t\u00f6lt\u00f6ttek be. A pedag\u00f3gusok munkaterhel\u00e9se az \u00faj k\u00f6znevel\u00e9si t\u00f6rv\u00e9ny \u00e9letbe l\u00e9p\u00e9se \u00f3ta heti 22\u201326 tan\u00f3r\u00e1s tartom\u00e1nyban mozoghat, \u00e9s tanker\u00fcletenk\u00e9nt v\u00e1ltoz\u00f3 lehet a terhel\u00e9s. Az teh\u00e1t, hogy mit jelent egy tanker\u00fclet eset\u00e9ben az \u00fcres \u00e1ll\u00e1shelyek sz\u00e1ma, att\u00f3l f\u00fcgg, hogy mennyit tan\u00edtanak az ott dolgoz\u00f3 pedag\u00f3gusok.<\/p>\n<p>Forr\u00e1s: magyarhang.org<\/p>\n","protected":false},"excerpt":{"rendered":"<p>Egy \u00e9v alatt jelent\u0151sen n\u0151tt a bet\u00f6ltetlen \u00e1ll\u00e1shelyek sz\u00e1ma az iskol\u00e1kban \u2013 A szakszervezet enn\u00e9l is rosszabbnak tartja a helyzetet. Az elm\u00falt \u00e9vihez k\u00e9pest t\u00f6bb lett a bet\u00f6ltetlen pedag\u00f3gus-\u00e1ll\u00e1shely a tanker\u00fcleti k\u00f6zpontok \u00e1ltal fenntartott, vagyis \u00e1llami iskol\u00e1kban \u2013 der\u00fclt ki a Magyar Hang k\u00f6z\u00e9rdek\u0171adat-ig\u00e9nyl\u00e9s\u00e9b\u0151l. Nagyj\u00e1b\u00f3l egy \u00e9vvel ezel\u0151tt, 2018. okt\u00f3ber k\u00f6zep\u00e9n a N\u00e9pszava ny\u00fajtott be [&hellip;]<\/p>\n","protected":false},"author":1,"featured_media":2562,"comment_status":"open","ping_status":"open","sticky":false,"template":"","format":"standard","meta":{"_monsterinsights_skip_tracking":false,"_monsterinsights_sitenote_active":false,"_monsterinsights_sitenote_note":"","_monsterinsights_sitenote_category":0,"footnotes":""},"categories":[200],"tags":[],"class_list":["post-3663","post","type-post","status-publish","format-standard","has-post-thumbnail","hentry","category-munkaeropiac"],"aioseo_notices":[],"_links":{"self":[{"href":"https:\/\/allasorias.hu\/hirek\/wp-json\/wp\/v2\/posts\/3663","targetHints":{"allow":["GET"]}}],"collection":[{"href":"https:\/\/allasorias.hu\/hirek\/wp-json\/wp\/v2\/posts"}],"about":[{"href":"https:\/\/allasorias.hu\/hirek\/wp-json\/wp\/v2\/types\/post"}],"author":[{"embeddable":true,"href":"https:\/\/allasorias.hu\/hirek\/wp-json\/wp\/v2\/users\/1"}],"replies":[{"embeddable":true,"href":"https:\/\/allasorias.hu\/hirek\/wp-json\/wp\/v2\/comments?post=3663"}],"version-history":[{"count":1,"href":"https:\/\/allasorias.hu\/hirek\/wp-json\/wp\/v2\/posts\/3663\/revisions"}],"predecessor-version":[{"id":3664,"href":"https:\/\/allasorias.hu\/hirek\/wp-json\/wp\/v2\/posts\/3663\/revisions\/3664"}],"wp:featuredmedia":[{"embeddable":true,"href":"https:\/\/allasorias.hu\/hirek\/wp-json\/wp\/v2\/media\/2562"}],"wp:attachment":[{"href":"https:\/\/allasorias.hu\/hirek\/wp-json\/wp\/v2\/media?parent=3663"}],"wp:term":[{"taxonomy":"category","embeddable":true,"href":"https:\/\/allasorias.hu\/hirek\/wp-json\/wp\/v2\/categories?post=3663"},{"taxonomy":"post_tag","embeddable":true,"href":"https:\/\/allasorias.hu\/hirek\/wp-json\/wp\/v2\/tags?post=3663"}],"curies":[{"name":"wp","href":"https:\/\/api.w.org\/{rel}","templated":true}]}}