{"id":3661,"date":"2020-01-10T07:19:06","date_gmt":"2020-01-10T07:19:06","guid":{"rendered":"https:\/\/allasorias.hu\/hirek\/?p=3661"},"modified":"2020-01-10T07:19:06","modified_gmt":"2020-01-10T07:19:06","slug":"fantasztikusan-jo-adatok-a-munkaeropiacon","status":"publish","type":"post","link":"https:\/\/allasorias.hu\/hirek\/fantasztikusan-jo-adatok-a-munkaeropiacon\/","title":{"rendered":"Fantasztikusan j\u00f3 adatok a munkaer\u0151piacon"},"content":{"rendered":"<p><strong>Novemberben az el\u0151z\u0151 havival megegyez\u0151en 7,5 sz\u00e1zal\u00e9kon \u00e1llt a szezon\u00e1lisan kiigaz\u00edtott munkan\u00e9lk\u00fclis\u00e9g az eur\u00f3\u00f6vezet 19 tag\u00e1llam\u00e1ban. Egy \u00e9vvel kor\u00e1bban, 2018 november\u00e9ben 7,9 sz\u00e1zal\u00e9k volt az eur\u00f3\u00f6vezeti munkan\u00e9lk\u00fclis\u00e9gi r\u00e1ta. A novemberi 7,5 sz\u00e1zal\u00e9k 2008 j\u00faliusa \u00f3ta a legalacsonyabb munkan\u00e9lk\u00fclis\u00e9gi r\u00e1ta az eur\u00f3\u00f6vezetben &#8211; id\u00e9zi az adatokat az MTI. <\/strong><\/p>\n<p>Javult a gazdas\u00e1gi hangulat az eur\u00f3\u00f6vezetben. Az Eur\u00f3pai Uni\u00f3 28 tag\u00e1llam\u00e1ban szezon\u00e1lis kiigaz\u00edt\u00e1ssal 6,3 sz\u00e1zal\u00e9k volt novemberben a munkan\u00e9lk\u00fclis\u00e9gi r\u00e1ta, az okt\u00f3berivel megegyez\u0151en. Egy \u00e9vvel kor\u00e1bban, 2018 november\u00e9ben 6,6 sz\u00e1zal\u00e9kon \u00e1llt a munkan\u00e9lk\u00fclis\u00e9gi r\u00e1ta az Eur\u00f3pai Uni\u00f3ban. A 6,3 sz\u00e1zal\u00e9kos munkan\u00e9lk\u00fclis\u00e9gi r\u00e1ta a legalacsonyabb az Eur\u00f3pai Uni\u00f3ban a statisztik\u00e1k vezet\u00e9s\u00e9nek 2000. janu\u00e1ri kezdete \u00f3ta. Novemberben 15,582 milli\u00f3an voltak munka n\u00e9lk\u00fcl az Eur\u00f3pai Uni\u00f3ban, ebb\u0151l 12,315 milli\u00f3an az eur\u00f3\u00f6vezetben. Az el\u0151z\u0151 havihoz k\u00e9pest az Eur\u00f3pai Uni\u00f3ban 34 ezerrel n\u0151tt a munkan\u00e9lk\u00fcliek sz\u00e1ma novemberben, az eur\u00f3\u00f6vezetben pedig 10 ezerrel cs\u00f6kkent. Az egy \u00e9vvel kor\u00e1bbihoz k\u00e9pest a munkan\u00e9lk\u00fcliek sz\u00e1ma novemberben az EU-ban 768 ezerrel, az eur\u00f3\u00f6vezetben 624 ezerrel cs\u00f6kkent. A legkisebb munkan\u00e9lk\u00fclis\u00e9gi r\u00e1t\u00e1t novemberben a Cseh K\u00f6zt\u00e1rsas\u00e1gban regisztr\u00e1lt\u00e1k, 2,2 sz\u00e1zal\u00e9kosat. N\u00e9metorsz\u00e1gban 3,1 sz\u00e1zal\u00e9k, Lengyelorsz\u00e1gban 3,2 sz\u00e1zal\u00e9k, Magyarorsz\u00e1gon (okt\u00f3beri adat), M\u00e1lt\u00e1n \u00e9s Hollandi\u00e1ban pedig 3,5 sz\u00e1zal\u00e9k volt a munkan\u00e9lk\u00fclis\u00e9gi r\u00e1ta. A legnagyobb munkan\u00e9lk\u00fclis\u00e9get G\u00f6r\u00f6gorsz\u00e1gban m\u00e9rt\u00e9k, 16,8 sz\u00e1zal\u00e9kosat (szeptemberi adat), valamint Spanyolorsz\u00e1gban novemberben 14,1 sz\u00e1zal\u00e9kosat.<\/p>\n<p>Forr\u00e1s: napi.hu<\/p>\n","protected":false},"excerpt":{"rendered":"<p>Novemberben az el\u0151z\u0151 havival megegyez\u0151en 7,5 sz\u00e1zal\u00e9kon \u00e1llt a szezon\u00e1lisan kiigaz\u00edtott munkan\u00e9lk\u00fclis\u00e9g az eur\u00f3\u00f6vezet 19 tag\u00e1llam\u00e1ban. Egy \u00e9vvel kor\u00e1bban, 2018 november\u00e9ben 7,9 sz\u00e1zal\u00e9k volt az eur\u00f3\u00f6vezeti munkan\u00e9lk\u00fclis\u00e9gi r\u00e1ta. A novemberi 7,5 sz\u00e1zal\u00e9k 2008 j\u00faliusa \u00f3ta a legalacsonyabb munkan\u00e9lk\u00fclis\u00e9gi r\u00e1ta az eur\u00f3\u00f6vezetben &#8211; id\u00e9zi az adatokat az MTI. Javult a gazdas\u00e1gi hangulat az eur\u00f3\u00f6vezetben. Az Eur\u00f3pai [&hellip;]<\/p>\n","protected":false},"author":1,"featured_media":2009,"comment_status":"open","ping_status":"open","sticky":false,"template":"","format":"standard","meta":{"_monsterinsights_skip_tracking":false,"_monsterinsights_sitenote_active":false,"_monsterinsights_sitenote_note":"","_monsterinsights_sitenote_category":0,"footnotes":""},"categories":[198,203],"tags":[],"class_list":["post-3661","post","type-post","status-publish","format-standard","has-post-thumbnail","hentry","category-gazdasag","category-hianyszakmak"],"aioseo_notices":[],"_links":{"self":[{"href":"https:\/\/allasorias.hu\/hirek\/wp-json\/wp\/v2\/posts\/3661","targetHints":{"allow":["GET"]}}],"collection":[{"href":"https:\/\/allasorias.hu\/hirek\/wp-json\/wp\/v2\/posts"}],"about":[{"href":"https:\/\/allasorias.hu\/hirek\/wp-json\/wp\/v2\/types\/post"}],"author":[{"embeddable":true,"href":"https:\/\/allasorias.hu\/hirek\/wp-json\/wp\/v2\/users\/1"}],"replies":[{"embeddable":true,"href":"https:\/\/allasorias.hu\/hirek\/wp-json\/wp\/v2\/comments?post=3661"}],"version-history":[{"count":1,"href":"https:\/\/allasorias.hu\/hirek\/wp-json\/wp\/v2\/posts\/3661\/revisions"}],"predecessor-version":[{"id":3662,"href":"https:\/\/allasorias.hu\/hirek\/wp-json\/wp\/v2\/posts\/3661\/revisions\/3662"}],"wp:featuredmedia":[{"embeddable":true,"href":"https:\/\/allasorias.hu\/hirek\/wp-json\/wp\/v2\/media\/2009"}],"wp:attachment":[{"href":"https:\/\/allasorias.hu\/hirek\/wp-json\/wp\/v2\/media?parent=3661"}],"wp:term":[{"taxonomy":"category","embeddable":true,"href":"https:\/\/allasorias.hu\/hirek\/wp-json\/wp\/v2\/categories?post=3661"},{"taxonomy":"post_tag","embeddable":true,"href":"https:\/\/allasorias.hu\/hirek\/wp-json\/wp\/v2\/tags?post=3661"}],"curies":[{"name":"wp","href":"https:\/\/api.w.org\/{rel}","templated":true}]}}