{"id":3657,"date":"2020-01-09T08:36:26","date_gmt":"2020-01-09T08:36:26","guid":{"rendered":"https:\/\/allasorias.hu\/hirek\/?p=3657"},"modified":"2020-01-09T08:36:27","modified_gmt":"2020-01-09T08:36:27","slug":"elegedettek-a-fiatalok-a-munkajukkal","status":"publish","type":"post","link":"https:\/\/allasorias.hu\/hirek\/elegedettek-a-fiatalok-a-munkajukkal\/","title":{"rendered":"El\u00e9gedettek a fiatalok a munk\u00e1jukkal?"},"content":{"rendered":"<p><strong>Egy nemzetk\u00f6zi felm\u00e9r\u00e9s szerint 2020-ra a glob\u00e1lis munkaer\u0151piac 59 sz\u00e1zal\u00e9k\u00e1t adj\u00e1k majd az Y- \u00e9s Z-gener\u00e1ci\u00f3 tagjai, \u00edgy a &#8222;bezzeg az \u00e9n koromban&#8221; s\u00f3hajt\u00e1sok helyett itt az ideje min\u00e9l jobban megismerni az ig\u00e9nyeiket &#8211; \u00edrja a HelloVid\u00e9k. <\/strong><\/p>\n<p>Sokakban felmer\u00fcl a k\u00e9rd\u00e9s: egy kv\u00e1zi nehez\u00edtett p\u00e1ly\u00e1n el\u00e9gedettek a fiatalok a karrierlehet\u0151s\u00e9gekkel? A v\u00e1lasz n\u00e9mik\u00e9pp meglep\u0151: a megk\u00e9rdezettek k\u00e9tharmada hat\u00e1rozottan igen, 62%-uk pedig biztos benne, hogyha m\u00e1r\u00f3l holnapra elvesz\u00edten\u00e9 biztosnak hitt \u00e1ll\u00e1s\u00e1t, 3 h\u00f3napon bel\u00fcl ugyanolyan, ha nem jobb munk\u00e1t tal\u00e1lna mag\u00e1nak &#8211; der\u00fclt ki a Manpower Group \u00e1ltal k\u00e9sz\u00edtett felm\u00e9r\u00e9s keret\u00e9ben. A port\u00e1l szerint legink\u00e1bb K\u00edn\u00e1ban, N\u00e9metorsz\u00e1gban, Sv\u00e1jcban \u00e9s az USA-ban el\u00e9gedettek a helyzet\u00fckkel az Y-gener\u00e1ci\u00f3sok, m\u00edg a legkev\u00e9sb\u00e9 der\u0171sen G\u00f6r\u00f6gorsz\u00e1gban, Olaszorsz\u00e1gban \u00e9s Jap\u00e1nban l\u00e1tj\u00e1k a helyzet\u00fcket a megk\u00e9rdezettek. A lap arr\u00f3l is \u00edr, hogy fizikai munka ide vagy oda, az Y-gener\u00e1ci\u00f3sok sokkal t\u00f6bbet dolgoznak el\u0151deikn\u00e9l, jellemz\u0151en kett\u0151 vagy t\u00f6bb munkahelyen teljes\u00edtenek egyszerre, a kem\u00e9ny munkatemp\u00f3 ellen\u00e9re azonban a munkav\u00e1llal\u00f3k 50 sz\u00e1zal\u00e9ka 65 \u00e9ves kor\u00e1t k\u00f6vet\u0151en is \u00fagy l\u00e1tja, b\u00edrni fogja a temp\u00f3t. \u00c9rdemes azt is megjegyezni, hogy b\u00e1r nemzetenk\u00e9nt v\u00e1ltoznak a hat\u00e1lyos jogszab\u00e1lyok, Magyarorsz\u00e1g a heti 40 \u00f3r\u00e1s \u00e1tlag munkaidej\u00e9vel igencsak a vil\u00e1g ranglist\u00e1j\u00e1nak v\u00e9g\u00e9n kullog, l\u00e9v\u00e9n a megk\u00e9rdezettek 73 sz\u00e1zal\u00e9ka enn\u00e9l l\u00e9nyegesen t\u00f6bbet dolgozik. Indi\u00e1ban heti 52, Mexik\u00f3ban, K\u00edn\u00e1ban, Sv\u00e1jcban \u00e9s Szingap\u00farban 48, m\u00edg G\u00f6r\u00f6gorsz\u00e1gban 47 \u00f3r\u00e1s heti munkaid\u0151ben gondolkodnak.<\/p>\n<p>Forr\u00e1s: penzcentrum.hu<\/p>\n","protected":false},"excerpt":{"rendered":"<p>Egy nemzetk\u00f6zi felm\u00e9r\u00e9s szerint 2020-ra a glob\u00e1lis munkaer\u0151piac 59 sz\u00e1zal\u00e9k\u00e1t adj\u00e1k majd az Y- \u00e9s Z-gener\u00e1ci\u00f3 tagjai, \u00edgy a &#8222;bezzeg az \u00e9n koromban&#8221; s\u00f3hajt\u00e1sok helyett itt az ideje min\u00e9l jobban megismerni az ig\u00e9nyeiket &#8211; \u00edrja a HelloVid\u00e9k. Sokakban felmer\u00fcl a k\u00e9rd\u00e9s: egy kv\u00e1zi nehez\u00edtett p\u00e1ly\u00e1n el\u00e9gedettek a fiatalok a karrierlehet\u0151s\u00e9gekkel? A v\u00e1lasz n\u00e9mik\u00e9pp meglep\u0151: a [&hellip;]<\/p>\n","protected":false},"author":1,"featured_media":2567,"comment_status":"open","ping_status":"open","sticky":false,"template":"","format":"standard","meta":{"_monsterinsights_skip_tracking":false,"footnotes":""},"categories":[200],"tags":[],"class_list":["post-3657","post","type-post","status-publish","format-standard","has-post-thumbnail","hentry","category-munkaeropiac"],"aioseo_notices":[],"aioseo_head":"\n\t\t<!-- All in One SEO 5.0.0.1 - aioseo.com -->\n\t<meta name=\"description\" content=\"Egy nemzetk\u00f6zi felm\u00e9r\u00e9s szerint 2020-ra a glob\u00e1lis munkaer\u0151piac 59 sz\u00e1zal\u00e9k\u00e1t adj\u00e1k majd az Y- \u00e9s Z-gener\u00e1ci\u00f3 tagjai, \u00edgy a &quot;bezzeg az \u00e9n koromban&quot; s\u00f3hajt\u00e1sok helyett itt az ideje min\u00e9l jobban megismerni az ig\u00e9nyeiket - \u00edrja a HelloVid\u00e9k. Sokakban felmer\u00fcl a k\u00e9rd\u00e9s: egy kv\u00e1zi nehez\u00edtett p\u00e1ly\u00e1n el\u00e9gedettek a fiatalok a karrierlehet\u0151s\u00e9gekkel? A v\u00e1lasz n\u00e9mik\u00e9pp meglep\u0151: a\" \/>\n\t<meta name=\"robots\" content=\"max-image-preview:large\" \/>\n\t<meta name=\"author\" content=\"Juh\u00e1sz P\u00e9ter\"\/>\n\t<link rel=\"canonical\" href=\"https:\/\/allasorias.hu\/hirek\/elegedettek-a-fiatalok-a-munkajukkal\/\" \/>\n\t<meta name=\"generator\" content=\"All in One SEO (AIOSEO) 5.0.0.1\" \/>\n\t\t<meta property=\"og:locale\" content=\"hu_HU\" \/>\n\t\t<meta property=\"og:site_name\" content=\"AllasOrias.hu | H\u00edrek-lapszemle | \u00dczleti h\u00edrek az \u00e1ll\u00e1s \u00e9s a munka vil\u00e1g\u00e1b\u00f3l\" \/>\n\t\t<meta property=\"og:type\" content=\"article\" \/>\n\t\t<meta property=\"og:title\" content=\"El\u00e9gedettek a fiatalok a munk\u00e1jukkal? | AllasOrias.hu | H\u00edrek-lapszemle\" \/>\n\t\t<meta property=\"og:description\" content=\"Egy nemzetk\u00f6zi felm\u00e9r\u00e9s szerint 2020-ra a glob\u00e1lis munkaer\u0151piac 59 sz\u00e1zal\u00e9k\u00e1t adj\u00e1k majd az Y- \u00e9s Z-gener\u00e1ci\u00f3 tagjai, \u00edgy a &quot;bezzeg az \u00e9n koromban&quot; s\u00f3hajt\u00e1sok helyett itt az ideje min\u00e9l jobban megismerni az ig\u00e9nyeiket - \u00edrja a HelloVid\u00e9k. Sokakban felmer\u00fcl a k\u00e9rd\u00e9s: egy kv\u00e1zi nehez\u00edtett p\u00e1ly\u00e1n el\u00e9gedettek a fiatalok a karrierlehet\u0151s\u00e9gekkel? A v\u00e1lasz n\u00e9mik\u00e9pp meglep\u0151: a\" \/>\n\t\t<meta property=\"og:url\" content=\"https:\/\/allasorias.hu\/hirek\/elegedettek-a-fiatalok-a-munkajukkal\/\" \/>\n\t\t<meta property=\"og:image\" content=\"https:\/\/allasorias.hu\/hirek\/wp-content\/uploads\/2019\/02\/pexels-photo-1595391.jpeg\" \/>\n\t\t<meta property=\"og:image:secure_url\" content=\"https:\/\/allasorias.hu\/hirek\/wp-content\/uploads\/2019\/02\/pexels-photo-1595391.jpeg\" \/>\n\t\t<meta property=\"og:image:width\" content=\"640\" \/>\n\t\t<meta property=\"og:image:height\" content=\"426\" \/>\n\t\t<meta property=\"article:published_time\" content=\"2020-01-09T08:36:26+00:00\" \/>\n\t\t<meta property=\"article:modified_time\" content=\"2020-01-09T08:36:27+00:00\" \/>\n\t\t<meta property=\"article:publisher\" content=\"https:\/\/www.facebook.com\/allasorias\" \/>\n\t\t<meta name=\"twitter:card\" content=\"summary_large_image\" \/>\n\t\t<meta name=\"twitter:title\" content=\"El\u00e9gedettek a fiatalok a munk\u00e1jukkal? | AllasOrias.hu | H\u00edrek-lapszemle\" \/>\n\t\t<meta name=\"twitter:description\" content=\"Egy nemzetk\u00f6zi felm\u00e9r\u00e9s szerint 2020-ra a glob\u00e1lis munkaer\u0151piac 59 sz\u00e1zal\u00e9k\u00e1t adj\u00e1k majd az Y- \u00e9s Z-gener\u00e1ci\u00f3 tagjai, \u00edgy a &quot;bezzeg az \u00e9n koromban&quot; s\u00f3hajt\u00e1sok helyett itt az ideje min\u00e9l jobban megismerni az ig\u00e9nyeiket - \u00edrja a HelloVid\u00e9k. Sokakban felmer\u00fcl a k\u00e9rd\u00e9s: egy kv\u00e1zi nehez\u00edtett p\u00e1ly\u00e1n el\u00e9gedettek a fiatalok a karrierlehet\u0151s\u00e9gekkel? A v\u00e1lasz n\u00e9mik\u00e9pp meglep\u0151: a\" \/>\n\t\t<meta name=\"twitter:image\" content=\"https:\/\/allasorias.hu\/hirek\/wp-content\/uploads\/2019\/02\/pexels-photo-1595391.jpeg\" \/>\n\t\t<meta name=\"twitter:label1\" content=\"Written by\" \/>\n\t\t<meta name=\"twitter:data1\" content=\"Juh\u00e1sz P\u00e9ter\" \/>\n\t\t<meta name=\"twitter:label2\" content=\"Est. reading time\" \/>\n\t\t<meta name=\"twitter:data2\" content=\"2 minutes\" \/>\n\t\t<script type=\"application\/ld+json\" class=\"aioseo-schema\">\n\t\t\t{\"@context\":\"https:\\\/\\\/schema.org\",\"@graph\":[{\"@type\":\"Article\",\"@id\":\"https:\\\/\\\/allasorias.hu\\\/hirek\\\/elegedettek-a-fiatalok-a-munkajukkal\\\/#article\",\"name\":\"El\\u00e9gedettek a fiatalok a munk\\u00e1jukkal? | AllasOrias.hu | H\\u00edrek-lapszemle\",\"headline\":\"El\\u00e9gedettek a fiatalok a munk\\u00e1jukkal?\",\"author\":{\"@id\":\"https:\\\/\\\/allasorias.hu\\\/hirek\\\/author\\\/admin-allasorias\\\/#author\"},\"publisher\":{\"@id\":\"https:\\\/\\\/allasorias.hu\\\/hirek\\\/#organization\"},\"image\":{\"@type\":\"ImageObject\",\"url\":\"https:\\\/\\\/allasorias.hu\\\/hirek\\\/wp-content\\\/uploads\\\/2019\\\/02\\\/pexels-photo-1595391.jpeg\",\"width\":640,\"height\":426},\"datePublished\":\"2020-01-09T08:36:26+02:00\",\"dateModified\":\"2020-01-09T08:36:27+02:00\",\"inLanguage\":\"hu-HU\",\"mainEntityOfPage\":{\"@id\":\"https:\\\/\\\/allasorias.hu\\\/hirek\\\/elegedettek-a-fiatalok-a-munkajukkal\\\/#webpage\"},\"isPartOf\":{\"@id\":\"https:\\\/\\\/allasorias.hu\\\/hirek\\\/elegedettek-a-fiatalok-a-munkajukkal\\\/#webpage\"},\"articleSection\":\"Munkaer\\u0151piac\"},{\"@type\":\"BreadcrumbList\",\"@id\":\"https:\\\/\\\/allasorias.hu\\\/hirek\\\/elegedettek-a-fiatalok-a-munkajukkal\\\/#breadcrumblist\",\"itemListElement\":[{\"@type\":\"ListItem\",\"@id\":\"https:\\\/\\\/allasorias.hu\\\/hirek#listItem\",\"position\":1,\"name\":\"Home\",\"item\":\"https:\\\/\\\/allasorias.hu\\\/hirek\",\"nextItem\":{\"@type\":\"ListItem\",\"@id\":\"https:\\\/\\\/allasorias.hu\\\/hirek\\\/temak\\\/munkaeropiac\\\/#listItem\",\"name\":\"Munkaer\\u0151piac\"}},{\"@type\":\"ListItem\",\"@id\":\"https:\\\/\\\/allasorias.hu\\\/hirek\\\/temak\\\/munkaeropiac\\\/#listItem\",\"position\":2,\"name\":\"Munkaer\\u0151piac\",\"item\":\"https:\\\/\\\/allasorias.hu\\\/hirek\\\/temak\\\/munkaeropiac\\\/\",\"nextItem\":{\"@type\":\"ListItem\",\"@id\":\"https:\\\/\\\/allasorias.hu\\\/hirek\\\/elegedettek-a-fiatalok-a-munkajukkal\\\/#listItem\",\"name\":\"El\\u00e9gedettek a fiatalok a munk\\u00e1jukkal?\"},\"previousItem\":{\"@type\":\"ListItem\",\"@id\":\"https:\\\/\\\/allasorias.hu\\\/hirek#listItem\",\"name\":\"Home\"}},{\"@type\":\"ListItem\",\"@id\":\"https:\\\/\\\/allasorias.hu\\\/hirek\\\/elegedettek-a-fiatalok-a-munkajukkal\\\/#listItem\",\"position\":3,\"name\":\"El\\u00e9gedettek a fiatalok a munk\\u00e1jukkal?\",\"previousItem\":{\"@type\":\"ListItem\",\"@id\":\"https:\\\/\\\/allasorias.hu\\\/hirek\\\/temak\\\/munkaeropiac\\\/#listItem\",\"name\":\"Munkaer\\u0151piac\"}}]},{\"@type\":\"Organization\",\"@id\":\"https:\\\/\\\/allasorias.hu\\\/hirek\\\/#organization\",\"name\":\"AllasOrias.hu | H\\u00edrek-lapszemle\",\"description\":\"\\u00dczleti h\\u00edrek az \\u00e1ll\\u00e1s \\u00e9s a munka vil\\u00e1g\\u00e1b\\u00f3l\",\"url\":\"https:\\\/\\\/allasorias.hu\\\/hirek\\\/\",\"logo\":{\"@type\":\"ImageObject\",\"url\":\"https:\\\/\\\/allasorias.hu\\\/hirek\\\/wp-content\\\/uploads\\\/2022\\\/10\\\/allasorias_site_facebok_logo.png\",\"@id\":\"https:\\\/\\\/allasorias.hu\\\/hirek\\\/elegedettek-a-fiatalok-a-munkajukkal\\\/#organizationLogo\"},\"image\":{\"@id\":\"https:\\\/\\\/allasorias.hu\\\/hirek\\\/elegedettek-a-fiatalok-a-munkajukkal\\\/#organizationLogo\"},\"sameAs\":[\"https:\\\/\\\/www.facebook.com\\\/allasorias\",\"https:\\\/\\\/www.linkedin.com\\\/company\\\/allasorias\"]},{\"@type\":\"Person\",\"@id\":\"https:\\\/\\\/allasorias.hu\\\/hirek\\\/author\\\/admin-allasorias\\\/#author\",\"url\":\"https:\\\/\\\/allasorias.hu\\\/hirek\\\/author\\\/admin-allasorias\\\/\",\"name\":\"Juh\\u00e1sz P\\u00e9ter\",\"image\":{\"@type\":\"ImageObject\",\"@id\":\"https:\\\/\\\/allasorias.hu\\\/hirek\\\/elegedettek-a-fiatalok-a-munkajukkal\\\/#authorImage\",\"url\":\"https:\\\/\\\/secure.gravatar.com\\\/avatar\\\/36e6bcb83148978b992977cb0f54d22feb0cce8a0a849a9410532bb2623ba4c6?s=96&d=mm&r=g\",\"width\":96,\"height\":96,\"caption\":\"Juh\\u00e1sz P\\u00e9ter\"}},{\"@type\":\"WebPage\",\"@id\":\"https:\\\/\\\/allasorias.hu\\\/hirek\\\/elegedettek-a-fiatalok-a-munkajukkal\\\/#webpage\",\"url\":\"https:\\\/\\\/allasorias.hu\\\/hirek\\\/elegedettek-a-fiatalok-a-munkajukkal\\\/\",\"name\":\"El\\u00e9gedettek a fiatalok a munk\\u00e1jukkal? | AllasOrias.hu | H\\u00edrek-lapszemle\",\"description\":\"Egy nemzetk\\u00f6zi felm\\u00e9r\\u00e9s szerint 2020-ra a glob\\u00e1lis munkaer\\u0151piac 59 sz\\u00e1zal\\u00e9k\\u00e1t adj\\u00e1k majd az Y- \\u00e9s Z-gener\\u00e1ci\\u00f3 tagjai, \\u00edgy a \\\"bezzeg az \\u00e9n koromban\\\" s\\u00f3hajt\\u00e1sok helyett itt az ideje min\\u00e9l jobban megismerni az ig\\u00e9nyeiket - \\u00edrja a HelloVid\\u00e9k. Sokakban felmer\\u00fcl a k\\u00e9rd\\u00e9s: egy kv\\u00e1zi nehez\\u00edtett p\\u00e1ly\\u00e1n el\\u00e9gedettek a fiatalok a karrierlehet\\u0151s\\u00e9gekkel? A v\\u00e1lasz n\\u00e9mik\\u00e9pp meglep\\u0151: a\",\"inLanguage\":\"hu-HU\",\"isPartOf\":{\"@id\":\"https:\\\/\\\/allasorias.hu\\\/hirek\\\/#website\"},\"breadcrumb\":{\"@id\":\"https:\\\/\\\/allasorias.hu\\\/hirek\\\/elegedettek-a-fiatalok-a-munkajukkal\\\/#breadcrumblist\"},\"author\":{\"@id\":\"https:\\\/\\\/allasorias.hu\\\/hirek\\\/author\\\/admin-allasorias\\\/#author\"},\"creator\":{\"@id\":\"https:\\\/\\\/allasorias.hu\\\/hirek\\\/author\\\/admin-allasorias\\\/#author\"},\"image\":{\"@type\":\"ImageObject\",\"url\":\"https:\\\/\\\/allasorias.hu\\\/hirek\\\/wp-content\\\/uploads\\\/2019\\\/02\\\/pexels-photo-1595391.jpeg\",\"@id\":\"https:\\\/\\\/allasorias.hu\\\/hirek\\\/elegedettek-a-fiatalok-a-munkajukkal\\\/#mainImage\",\"width\":640,\"height\":426},\"primaryImageOfPage\":{\"@id\":\"https:\\\/\\\/allasorias.hu\\\/hirek\\\/elegedettek-a-fiatalok-a-munkajukkal\\\/#mainImage\"},\"datePublished\":\"2020-01-09T08:36:26+02:00\",\"dateModified\":\"2020-01-09T08:36:27+02:00\"},{\"@type\":\"WebSite\",\"@id\":\"https:\\\/\\\/allasorias.hu\\\/hirek\\\/#website\",\"url\":\"https:\\\/\\\/allasorias.hu\\\/hirek\\\/\",\"name\":\"AllasOrias.hu | H\\u00edrek-lapszemle\",\"description\":\"\\u00dczleti h\\u00edrek az \\u00e1ll\\u00e1s \\u00e9s a munka vil\\u00e1g\\u00e1b\\u00f3l\",\"inLanguage\":\"hu-HU\",\"publisher\":{\"@id\":\"https:\\\/\\\/allasorias.hu\\\/hirek\\\/#organization\"}}]}\n\t\t<\/script>\n\t\t<!-- All in One SEO -->\n\n","aioseo_head_json":{"title":"El\u00e9gedettek a fiatalok a munk\u00e1jukkal? | AllasOrias.hu | H\u00edrek-lapszemle","description":"Egy nemzetk\u00f6zi felm\u00e9r\u00e9s szerint 2020-ra a glob\u00e1lis munkaer\u0151piac 59 sz\u00e1zal\u00e9k\u00e1t adj\u00e1k majd az Y- \u00e9s Z-gener\u00e1ci\u00f3 tagjai, \u00edgy a \"bezzeg az \u00e9n koromban\" s\u00f3hajt\u00e1sok helyett itt az ideje min\u00e9l jobban megismerni az ig\u00e9nyeiket - \u00edrja a HelloVid\u00e9k. Sokakban felmer\u00fcl a k\u00e9rd\u00e9s: egy kv\u00e1zi nehez\u00edtett p\u00e1ly\u00e1n el\u00e9gedettek a fiatalok a karrierlehet\u0151s\u00e9gekkel? A v\u00e1lasz n\u00e9mik\u00e9pp meglep\u0151: a","canonical_url":"https:\/\/allasorias.hu\/hirek\/elegedettek-a-fiatalok-a-munkajukkal\/","robots":"max-image-preview:large","keywords":"","webmasterTools":{"miscellaneous":""},"schema":{"@context":"https:\/\/schema.org","@graph":[{"@type":"Article","@id":"https:\/\/allasorias.hu\/hirek\/elegedettek-a-fiatalok-a-munkajukkal\/#article","name":"El\u00e9gedettek a fiatalok a munk\u00e1jukkal? | AllasOrias.hu | H\u00edrek-lapszemle","headline":"El\u00e9gedettek a fiatalok a munk\u00e1jukkal?","author":{"@id":"https:\/\/allasorias.hu\/hirek\/author\/admin-allasorias\/#author"},"publisher":{"@id":"https:\/\/allasorias.hu\/hirek\/#organization"},"image":{"@type":"ImageObject","url":"https:\/\/allasorias.hu\/hirek\/wp-content\/uploads\/2019\/02\/pexels-photo-1595391.jpeg","width":640,"height":426},"datePublished":"2020-01-09T08:36:26+02:00","dateModified":"2020-01-09T08:36:27+02:00","inLanguage":"hu-HU","mainEntityOfPage":{"@id":"https:\/\/allasorias.hu\/hirek\/elegedettek-a-fiatalok-a-munkajukkal\/#webpage"},"isPartOf":{"@id":"https:\/\/allasorias.hu\/hirek\/elegedettek-a-fiatalok-a-munkajukkal\/#webpage"},"articleSection":"Munkaer\u0151piac"},{"@type":"BreadcrumbList","@id":"https:\/\/allasorias.hu\/hirek\/elegedettek-a-fiatalok-a-munkajukkal\/#breadcrumblist","itemListElement":[{"@type":"ListItem","@id":"https:\/\/allasorias.hu\/hirek#listItem","position":1,"name":"Home","item":"https:\/\/allasorias.hu\/hirek","nextItem":{"@type":"ListItem","@id":"https:\/\/allasorias.hu\/hirek\/temak\/munkaeropiac\/#listItem","name":"Munkaer\u0151piac"}},{"@type":"ListItem","@id":"https:\/\/allasorias.hu\/hirek\/temak\/munkaeropiac\/#listItem","position":2,"name":"Munkaer\u0151piac","item":"https:\/\/allasorias.hu\/hirek\/temak\/munkaeropiac\/","nextItem":{"@type":"ListItem","@id":"https:\/\/allasorias.hu\/hirek\/elegedettek-a-fiatalok-a-munkajukkal\/#listItem","name":"El\u00e9gedettek a fiatalok a munk\u00e1jukkal?"},"previousItem":{"@type":"ListItem","@id":"https:\/\/allasorias.hu\/hirek#listItem","name":"Home"}},{"@type":"ListItem","@id":"https:\/\/allasorias.hu\/hirek\/elegedettek-a-fiatalok-a-munkajukkal\/#listItem","position":3,"name":"El\u00e9gedettek a fiatalok a munk\u00e1jukkal?","previousItem":{"@type":"ListItem","@id":"https:\/\/allasorias.hu\/hirek\/temak\/munkaeropiac\/#listItem","name":"Munkaer\u0151piac"}}]},{"@type":"Organization","@id":"https:\/\/allasorias.hu\/hirek\/#organization","name":"AllasOrias.hu | H\u00edrek-lapszemle","description":"\u00dczleti h\u00edrek az \u00e1ll\u00e1s \u00e9s a munka vil\u00e1g\u00e1b\u00f3l","url":"https:\/\/allasorias.hu\/hirek\/","logo":{"@type":"ImageObject","url":"https:\/\/allasorias.hu\/hirek\/wp-content\/uploads\/2022\/10\/allasorias_site_facebok_logo.png","@id":"https:\/\/allasorias.hu\/hirek\/elegedettek-a-fiatalok-a-munkajukkal\/#organizationLogo"},"image":{"@id":"https:\/\/allasorias.hu\/hirek\/elegedettek-a-fiatalok-a-munkajukkal\/#organizationLogo"},"sameAs":["https:\/\/www.facebook.com\/allasorias","https:\/\/www.linkedin.com\/company\/allasorias"]},{"@type":"Person","@id":"https:\/\/allasorias.hu\/hirek\/author\/admin-allasorias\/#author","url":"https:\/\/allasorias.hu\/hirek\/author\/admin-allasorias\/","name":"Juh\u00e1sz P\u00e9ter","image":{"@type":"ImageObject","@id":"https:\/\/allasorias.hu\/hirek\/elegedettek-a-fiatalok-a-munkajukkal\/#authorImage","url":"https:\/\/secure.gravatar.com\/avatar\/36e6bcb83148978b992977cb0f54d22feb0cce8a0a849a9410532bb2623ba4c6?s=96&d=mm&r=g","width":96,"height":96,"caption":"Juh\u00e1sz P\u00e9ter"}},{"@type":"WebPage","@id":"https:\/\/allasorias.hu\/hirek\/elegedettek-a-fiatalok-a-munkajukkal\/#webpage","url":"https:\/\/allasorias.hu\/hirek\/elegedettek-a-fiatalok-a-munkajukkal\/","name":"El\u00e9gedettek a fiatalok a munk\u00e1jukkal? | AllasOrias.hu | H\u00edrek-lapszemle","description":"Egy nemzetk\u00f6zi felm\u00e9r\u00e9s szerint 2020-ra a glob\u00e1lis munkaer\u0151piac 59 sz\u00e1zal\u00e9k\u00e1t adj\u00e1k majd az Y- \u00e9s Z-gener\u00e1ci\u00f3 tagjai, \u00edgy a \"bezzeg az \u00e9n koromban\" s\u00f3hajt\u00e1sok helyett itt az ideje min\u00e9l jobban megismerni az ig\u00e9nyeiket - \u00edrja a HelloVid\u00e9k. Sokakban felmer\u00fcl a k\u00e9rd\u00e9s: egy kv\u00e1zi nehez\u00edtett p\u00e1ly\u00e1n el\u00e9gedettek a fiatalok a karrierlehet\u0151s\u00e9gekkel? A v\u00e1lasz n\u00e9mik\u00e9pp meglep\u0151: a","inLanguage":"hu-HU","isPartOf":{"@id":"https:\/\/allasorias.hu\/hirek\/#website"},"breadcrumb":{"@id":"https:\/\/allasorias.hu\/hirek\/elegedettek-a-fiatalok-a-munkajukkal\/#breadcrumblist"},"author":{"@id":"https:\/\/allasorias.hu\/hirek\/author\/admin-allasorias\/#author"},"creator":{"@id":"https:\/\/allasorias.hu\/hirek\/author\/admin-allasorias\/#author"},"image":{"@type":"ImageObject","url":"https:\/\/allasorias.hu\/hirek\/wp-content\/uploads\/2019\/02\/pexels-photo-1595391.jpeg","@id":"https:\/\/allasorias.hu\/hirek\/elegedettek-a-fiatalok-a-munkajukkal\/#mainImage","width":640,"height":426},"primaryImageOfPage":{"@id":"https:\/\/allasorias.hu\/hirek\/elegedettek-a-fiatalok-a-munkajukkal\/#mainImage"},"datePublished":"2020-01-09T08:36:26+02:00","dateModified":"2020-01-09T08:36:27+02:00"},{"@type":"WebSite","@id":"https:\/\/allasorias.hu\/hirek\/#website","url":"https:\/\/allasorias.hu\/hirek\/","name":"AllasOrias.hu | H\u00edrek-lapszemle","description":"\u00dczleti h\u00edrek az \u00e1ll\u00e1s \u00e9s a munka vil\u00e1g\u00e1b\u00f3l","inLanguage":"hu-HU","publisher":{"@id":"https:\/\/allasorias.hu\/hirek\/#organization"}}]},"og:locale":"hu_HU","og:site_name":"AllasOrias.hu | H\u00edrek-lapszemle | \u00dczleti h\u00edrek az \u00e1ll\u00e1s \u00e9s a munka vil\u00e1g\u00e1b\u00f3l","og:type":"article","og:title":"El\u00e9gedettek a fiatalok a munk\u00e1jukkal? | AllasOrias.hu | H\u00edrek-lapszemle","og:description":"Egy nemzetk\u00f6zi felm\u00e9r\u00e9s szerint 2020-ra a glob\u00e1lis munkaer\u0151piac 59 sz\u00e1zal\u00e9k\u00e1t adj\u00e1k majd az Y- \u00e9s Z-gener\u00e1ci\u00f3 tagjai, \u00edgy a &quot;bezzeg az \u00e9n koromban&quot; s\u00f3hajt\u00e1sok helyett itt az ideje min\u00e9l jobban megismerni az ig\u00e9nyeiket - \u00edrja a HelloVid\u00e9k. Sokakban felmer\u00fcl a k\u00e9rd\u00e9s: egy kv\u00e1zi nehez\u00edtett p\u00e1ly\u00e1n el\u00e9gedettek a fiatalok a karrierlehet\u0151s\u00e9gekkel? A v\u00e1lasz n\u00e9mik\u00e9pp meglep\u0151: a","og:url":"https:\/\/allasorias.hu\/hirek\/elegedettek-a-fiatalok-a-munkajukkal\/","og:image":"https:\/\/allasorias.hu\/hirek\/wp-content\/uploads\/2019\/02\/pexels-photo-1595391.jpeg","og:image:secure_url":"https:\/\/allasorias.hu\/hirek\/wp-content\/uploads\/2019\/02\/pexels-photo-1595391.jpeg","og:image:width":640,"og:image:height":426,"article:published_time":"2020-01-09T08:36:26+00:00","article:modified_time":"2020-01-09T08:36:27+00:00","article:publisher":"https:\/\/www.facebook.com\/allasorias","twitter:card":"summary_large_image","twitter:title":"El\u00e9gedettek a fiatalok a munk\u00e1jukkal? | AllasOrias.hu | H\u00edrek-lapszemle","twitter:description":"Egy nemzetk\u00f6zi felm\u00e9r\u00e9s szerint 2020-ra a glob\u00e1lis munkaer\u0151piac 59 sz\u00e1zal\u00e9k\u00e1t adj\u00e1k majd az Y- \u00e9s Z-gener\u00e1ci\u00f3 tagjai, \u00edgy a &quot;bezzeg az \u00e9n koromban&quot; s\u00f3hajt\u00e1sok helyett itt az ideje min\u00e9l jobban megismerni az ig\u00e9nyeiket - \u00edrja a HelloVid\u00e9k. Sokakban felmer\u00fcl a k\u00e9rd\u00e9s: egy kv\u00e1zi nehez\u00edtett p\u00e1ly\u00e1n el\u00e9gedettek a fiatalok a karrierlehet\u0151s\u00e9gekkel? A v\u00e1lasz n\u00e9mik\u00e9pp meglep\u0151: a","twitter:image":"https:\/\/allasorias.hu\/hirek\/wp-content\/uploads\/2019\/02\/pexels-photo-1595391.jpeg","twitter:label1":"Written by","twitter:data1":"Juh\u00e1sz P\u00e9ter","twitter:label2":"Est. reading time","twitter:data2":"2 minutes"},"aioseo_meta_data":{"post_id":"3657","title":null,"description":null,"keywords":null,"keyphrases":null,"primary_term":null,"canonical_url":null,"og_title":null,"og_description":null,"og_object_type":"default","og_image_type":"default","og_image_url":null,"og_image_width":null,"og_image_height":null,"og_image_custom_url":null,"og_image_custom_fields":null,"og_video":null,"og_custom_url":null,"og_article_section":null,"og_article_tags":null,"twitter_use_og":false,"twitter_card":"default","twitter_image_type":"default","twitter_image_url":null,"twitter_image_custom_url":null,"twitter_image_custom_fields":null,"twitter_title":null,"twitter_description":null,"schema":{"blockGraphs":[],"customGraphs":[],"default":{"data":{"Article":[],"Course":[],"Dataset":[],"FAQPage":[],"Movie":[],"Person":[],"Product":[],"ProductReview":[],"Car":[],"Recipe":[],"Service":[],"SoftwareApplication":[],"WebPage":[]},"graphName":"","isEnabled":true},"graphs":[]},"schema_type":null,"schema_type_options":null,"pillar_content":false,"robots_default":true,"robots_noindex":false,"robots_noarchive":false,"robots_nosnippet":false,"robots_nofollow":false,"robots_noimageindex":false,"robots_noodp":false,"robots_notranslate":false,"robots_max_snippet":null,"robots_max_videopreview":null,"robots_max_imagepreview":"large","priority":null,"frequency":null,"location":null,"local_seo":null,"breadcrumb_settings":null,"limit_modified_date":false,"ai":null,"created":"2021-02-01 22:27:19","updated":"2025-10-02 12:56:55","seo_analyzer_scan_date":null,"focus_keyword":null,"additional_keywords":null,"truseo_locale":null},"aioseo_breadcrumb":"<div class=\"aioseo-breadcrumbs\"><span class=\"aioseo-breadcrumb\">\n\t\t\t<a href=\"https:\/\/allasorias.hu\/hirek\" title=\"Home\">Home<\/a>\n\t\t<\/span><span class=\"aioseo-breadcrumb-separator\">&raquo;<\/span><span class=\"aioseo-breadcrumb\">\n\t\t\t<a href=\"https:\/\/allasorias.hu\/hirek\/temak\/munkaeropiac\/\" title=\"Munkaer\u0151piac\">Munkaer\u0151piac<\/a>\n\t\t<\/span><span class=\"aioseo-breadcrumb-separator\">&raquo;<\/span><span class=\"aioseo-breadcrumb\">\n\t\t\tEl\u00e9gedettek a fiatalok a munk\u00e1jukkal?\n\t\t<\/span><\/div>","aioseo_breadcrumb_json":[{"label":"Home","link":"https:\/\/allasorias.hu\/hirek"},{"label":"Munkaer\u0151piac","link":"https:\/\/allasorias.hu\/hirek\/temak\/munkaeropiac\/"},{"label":"El\u00e9gedettek a fiatalok a munk\u00e1jukkal?","link":"https:\/\/allasorias.hu\/hirek\/elegedettek-a-fiatalok-a-munkajukkal\/"}],"_links":{"self":[{"href":"https:\/\/allasorias.hu\/hirek\/wp-json\/wp\/v2\/posts\/3657","targetHints":{"allow":["GET"]}}],"collection":[{"href":"https:\/\/allasorias.hu\/hirek\/wp-json\/wp\/v2\/posts"}],"about":[{"href":"https:\/\/allasorias.hu\/hirek\/wp-json\/wp\/v2\/types\/post"}],"author":[{"embeddable":true,"href":"https:\/\/allasorias.hu\/hirek\/wp-json\/wp\/v2\/users\/1"}],"replies":[{"embeddable":true,"href":"https:\/\/allasorias.hu\/hirek\/wp-json\/wp\/v2\/comments?post=3657"}],"version-history":[{"count":1,"href":"https:\/\/allasorias.hu\/hirek\/wp-json\/wp\/v2\/posts\/3657\/revisions"}],"predecessor-version":[{"id":3658,"href":"https:\/\/allasorias.hu\/hirek\/wp-json\/wp\/v2\/posts\/3657\/revisions\/3658"}],"wp:featuredmedia":[{"embeddable":true,"href":"https:\/\/allasorias.hu\/hirek\/wp-json\/wp\/v2\/media\/2567"}],"wp:attachment":[{"href":"https:\/\/allasorias.hu\/hirek\/wp-json\/wp\/v2\/media?parent=3657"}],"wp:term":[{"taxonomy":"category","embeddable":true,"href":"https:\/\/allasorias.hu\/hirek\/wp-json\/wp\/v2\/categories?post=3657"},{"taxonomy":"post_tag","embeddable":true,"href":"https:\/\/allasorias.hu\/hirek\/wp-json\/wp\/v2\/tags?post=3657"}],"curies":[{"name":"wp","href":"https:\/\/api.w.org\/{rel}","templated":true}]}}