{"id":3652,"date":"2020-01-07T09:16:48","date_gmt":"2020-01-07T09:16:48","guid":{"rendered":"https:\/\/allasorias.hu\/hirek\/?p=3652"},"modified":"2020-01-07T09:16:48","modified_gmt":"2020-01-07T09:16:48","slug":"nonek-a-keresetek-2020-ban","status":"publish","type":"post","link":"https:\/\/allasorias.hu\/hirek\/nonek-a-keresetek-2020-ban\/","title":{"rendered":"N\u0151nek a keresetek 2020-ban"},"content":{"rendered":"<p><strong>A tov\u00e1bbra is kifesz\u00edtett munkaer\u0151piac \u00e9s a rekordalacsony munkan\u00e9lk\u00fclis\u00e9g miatt a b\u00e9rn\u00f6veked\u00e9s dinamik\u00e1ja a k\u00f6vetkez\u0151 id\u0151szakban is hasonl\u00f3an intenz\u00edv marad. Folytat\u00f3dott a keresetek k\u00e9t sz\u00e1mjegy\u0171 emelked\u00e9se tavaly okt\u00f3berben, 11,6 sz\u00e1zal\u00e9kos n\u00f6veked\u00e9st m\u00e9rt az el\u0151z\u0151 \u00e9v azonos id\u0151szak\u00e1hoz k\u00e9pest a K\u00f6zponti Statisztikai Hivatal.<\/strong><\/p>\n<p>Elemz\u0151k \u00fagy v\u00e9lik, hogy az el\u0151z\u0151 \u00e9vin\u00e9l valamivel kisebb m\u00e9rt\u00e9kben ugyan, de id\u00e9n is folytat\u00f3dik a keresetek n\u00f6veked\u00e9se. Tavaly okt\u00f3berben a brutt\u00f3 \u00e1tlagkereset 365 100 forint volt. A nett\u00f3 \u00e1tlagkereset kedvezm\u00e9nyek n\u00e9lk\u00fcl 242 800, a kedvezm\u00e9nyeket is figyelembe v\u00e9ve 250 200 forintot \u00e9rt el, 11,7 sz\u00e1zal\u00e9kkal n\u0151tt az el\u0151z\u0151 \u00e9v azonos id\u0151szak\u00e1hoz k\u00e9pest \u2013 jelentette tegnap a KSH. Az okt\u00f3beri 2,9 sz\u00e1zal\u00e9kos infl\u00e1ci\u00f3val sz\u00e1molva az okt\u00f3beri re\u00e1lkeresetek 8,5 sz\u00e1zal\u00e9kkal voltak magasabbak az egy \u00e9vvel kor\u00e1bbiakn\u00e1l. A v\u00e1llalkoz\u00e1sokn\u00e1l 11,5 sz\u00e1zal\u00e9kkal 378 ezer forintra n\u0151ttek a brutt\u00f3 \u00e1tlagkeresetek tavaly okt\u00f3berre, a k\u00f6lts\u00e9gvet\u00e9si szektorban \u2013 k\u00f6zfoglalkoztatottak n\u00e9lk\u00fcl sz\u00e1molva \u2013 10,7 sz\u00e1zal\u00e9kos n\u00f6veked\u00e9ssel 374 ezer forint volt a brutt\u00f3 \u00e1tlagkereset. A k\u00f6zigazgat\u00e1s, v\u00e9delem, k\u00f6telez\u0151 t\u00e1rsadalombiztos\u00edt\u00e1s ter\u00fclet\u00e9n alkalmazottak keresete 17,0 sz\u00e1zal\u00e9kkal n\u0151tt egy \u00e9v alatt, \u00e9s 444 600 forint volt, a hum\u00e1n eg\u00e9szs\u00e9g\u00fcgyben 365 600 forint volt az okt\u00f3beri \u00e1tlag, 10,9 sz\u00e1zal\u00e9kkal t\u00f6bb az egy \u00e9vvel kor\u00e1bbin\u00e1l, m\u00edg az oktat\u00e1sban 4,4 sz\u00e1zal\u00e9kos brutt\u00f3 b\u00e9remelked\u00e9st m\u00e9rt a KSH. Virov\u00e1cz P\u00e9ter, az ING Bank vezet\u0151 elemz\u0151je komment\u00e1rj\u00e1ban kifejtette, a szoci\u00e1lis hozz\u00e1j\u00e1rul\u00e1si ad\u00f3 \u00e9vk\u00f6zbeni cs\u00f6kkent\u00e9se, az \u00e1llami szf\u00e9ra egyes ter\u00fcleteit \u00e9rint\u0151 b\u00e9rmeg\u00e1llapod\u00e1sok \u00e9s a munkaer\u0151hi\u00e1ny egy\u00fcttese tartja m\u00e9g mindig k\u00e9tsz\u00e1mjegy\u0171 szinten a b\u00e9rn\u00f6veked\u00e9st. Ez v\u00e1rhat\u00f3an a 2019-es \u00e9v utols\u00f3 k\u00e9t h\u00f3napj\u00e1ban is kitart majd, de 2020-ban m\u00e1r egysz\u00e1mjegy\u0171re lassulhat a b\u00e9rdinamika. A kifesz\u00edtett munkaer\u0151piac \u00e9s a rekordalacsony munkan\u00e9lk\u00fclis\u00e9g miatt a b\u00e9rn\u00f6veked\u00e9s dinamik\u00e1ja a k\u00f6vetkez\u0151 id\u0151szakban is hasonl\u00f3an intenz\u00edv marad. Reg\u0151s G\u00e1bor, a Sz\u00e1zadv\u00e9g Gazdas\u00e1gkutat\u00f3 makrogazdas\u00e1gi \u00fczlet\u00e1g\u00e1nak vezet\u0151je kiemelte, hogy okt\u00f3berben a versenyszf\u00e9r\u00e1ban \u00e9s a k\u00f6zszf\u00e9r\u00e1ban hasonl\u00f3 volt a b\u00e9rek n\u00f6veked\u00e9s\u00e9nek \u00fcteme, mert a k\u00f6zszf\u00e9ra egy r\u00e9sz\u00e9n \u2013 p\u00e9ld\u00e1ul az eg\u00e9szs\u00e9g\u00fcgy egyes ter\u00fcletein \u2013 a b\u00e9rek rendez\u00e9se t\u00f6rt\u00e9nt meg. Id\u00e9n a b\u00e9rek tavalyin\u00e1l n\u00e9mileg lassabb, de tov\u00e1bbra is er\u0151teljes n\u00f6veked\u00e9s\u00e9re sz\u00e1m\u00edtanak a Sz\u00e1zadv\u00e9g elemz\u0151i, az \u00e1tlagos n\u00f6veked\u00e9s megk\u00f6zel\u00edtheti a t\u00edz sz\u00e1zal\u00e9kot. Ebben fontos szerepet j\u00e1tszhatnak majd a k\u00f6zszf\u00e9ra b\u00e9rrendez\u00e9sei is, amelyeket t\u00f6bb ter\u00fcleten is folytatni kell a munkaer\u0151 elv\u00e1ndorl\u00e1s\u00e1nak megakad\u00e1lyoz\u00e1sa \u00e9rdek\u00e9ben.<\/p>\n<p>Forr\u00e1s: magyarhirlap.hu<\/p>\n","protected":false},"excerpt":{"rendered":"<p>A tov\u00e1bbra is kifesz\u00edtett munkaer\u0151piac \u00e9s a rekordalacsony munkan\u00e9lk\u00fclis\u00e9g miatt a b\u00e9rn\u00f6veked\u00e9s dinamik\u00e1ja a k\u00f6vetkez\u0151 id\u0151szakban is hasonl\u00f3an intenz\u00edv marad. Folytat\u00f3dott a keresetek k\u00e9t sz\u00e1mjegy\u0171 emelked\u00e9se tavaly okt\u00f3berben, 11,6 sz\u00e1zal\u00e9kos n\u00f6veked\u00e9st m\u00e9rt az el\u0151z\u0151 \u00e9v azonos id\u0151szak\u00e1hoz k\u00e9pest a K\u00f6zponti Statisztikai Hivatal. Elemz\u0151k \u00fagy v\u00e9lik, hogy az el\u0151z\u0151 \u00e9vin\u00e9l valamivel kisebb m\u00e9rt\u00e9kben ugyan, de id\u00e9n [&hellip;]<\/p>\n","protected":false},"author":1,"featured_media":2435,"comment_status":"open","ping_status":"open","sticky":false,"template":"","format":"standard","meta":{"_monsterinsights_skip_tracking":false,"footnotes":""},"categories":[198],"tags":[],"class_list":["post-3652","post","type-post","status-publish","format-standard","has-post-thumbnail","hentry","category-gazdasag"],"aioseo_notices":[],"aioseo_head":"\n\t\t<!-- All in One SEO 5.0.0.1 - aioseo.com -->\n\t<meta name=\"description\" content=\"A tov\u00e1bbra is kifesz\u00edtett munkaer\u0151piac \u00e9s a rekordalacsony munkan\u00e9lk\u00fclis\u00e9g miatt a b\u00e9rn\u00f6veked\u00e9s dinamik\u00e1ja a k\u00f6vetkez\u0151 id\u0151szakban is hasonl\u00f3an intenz\u00edv marad. Folytat\u00f3dott a keresetek k\u00e9t sz\u00e1mjegy\u0171 emelked\u00e9se tavaly okt\u00f3berben, 11,6 sz\u00e1zal\u00e9kos n\u00f6veked\u00e9st m\u00e9rt az el\u0151z\u0151 \u00e9v azonos id\u0151szak\u00e1hoz k\u00e9pest a K\u00f6zponti Statisztikai Hivatal. Elemz\u0151k \u00fagy v\u00e9lik, hogy az el\u0151z\u0151 \u00e9vin\u00e9l valamivel kisebb m\u00e9rt\u00e9kben ugyan, de id\u00e9n\" \/>\n\t<meta name=\"robots\" content=\"max-image-preview:large\" \/>\n\t<meta name=\"author\" content=\"Juh\u00e1sz P\u00e9ter\"\/>\n\t<link rel=\"canonical\" href=\"https:\/\/allasorias.hu\/hirek\/nonek-a-keresetek-2020-ban\/\" \/>\n\t<meta name=\"generator\" content=\"All in One SEO (AIOSEO) 5.0.0.1\" \/>\n\t\t<meta property=\"og:locale\" content=\"hu_HU\" \/>\n\t\t<meta property=\"og:site_name\" content=\"AllasOrias.hu | H\u00edrek-lapszemle | \u00dczleti h\u00edrek az \u00e1ll\u00e1s \u00e9s a munka vil\u00e1g\u00e1b\u00f3l\" \/>\n\t\t<meta property=\"og:type\" content=\"article\" \/>\n\t\t<meta property=\"og:title\" content=\"N\u0151nek a keresetek 2020-ban | AllasOrias.hu | H\u00edrek-lapszemle\" \/>\n\t\t<meta property=\"og:description\" content=\"A tov\u00e1bbra is kifesz\u00edtett munkaer\u0151piac \u00e9s a rekordalacsony munkan\u00e9lk\u00fclis\u00e9g miatt a b\u00e9rn\u00f6veked\u00e9s dinamik\u00e1ja a k\u00f6vetkez\u0151 id\u0151szakban is hasonl\u00f3an intenz\u00edv marad. Folytat\u00f3dott a keresetek k\u00e9t sz\u00e1mjegy\u0171 emelked\u00e9se tavaly okt\u00f3berben, 11,6 sz\u00e1zal\u00e9kos n\u00f6veked\u00e9st m\u00e9rt az el\u0151z\u0151 \u00e9v azonos id\u0151szak\u00e1hoz k\u00e9pest a K\u00f6zponti Statisztikai Hivatal. Elemz\u0151k \u00fagy v\u00e9lik, hogy az el\u0151z\u0151 \u00e9vin\u00e9l valamivel kisebb m\u00e9rt\u00e9kben ugyan, de id\u00e9n\" \/>\n\t\t<meta property=\"og:url\" content=\"https:\/\/allasorias.hu\/hirek\/nonek-a-keresetek-2020-ban\/\" \/>\n\t\t<meta property=\"og:image\" content=\"https:\/\/allasorias.hu\/hirek\/wp-content\/uploads\/2019\/01\/novekedes_freedigitalphotos_pakorn.jpg\" \/>\n\t\t<meta property=\"og:image:secure_url\" content=\"https:\/\/allasorias.hu\/hirek\/wp-content\/uploads\/2019\/01\/novekedes_freedigitalphotos_pakorn.jpg\" \/>\n\t\t<meta property=\"og:image:width\" content=\"512\" \/>\n\t\t<meta property=\"og:image:height\" content=\"384\" \/>\n\t\t<meta property=\"article:published_time\" content=\"2020-01-07T09:16:48+00:00\" \/>\n\t\t<meta property=\"article:modified_time\" content=\"2020-01-07T09:16:48+00:00\" \/>\n\t\t<meta property=\"article:publisher\" content=\"https:\/\/www.facebook.com\/allasorias\" \/>\n\t\t<meta name=\"twitter:card\" content=\"summary_large_image\" \/>\n\t\t<meta name=\"twitter:title\" content=\"N\u0151nek a keresetek 2020-ban | AllasOrias.hu | H\u00edrek-lapszemle\" \/>\n\t\t<meta name=\"twitter:description\" content=\"A tov\u00e1bbra is kifesz\u00edtett munkaer\u0151piac \u00e9s a rekordalacsony munkan\u00e9lk\u00fclis\u00e9g miatt a b\u00e9rn\u00f6veked\u00e9s dinamik\u00e1ja a k\u00f6vetkez\u0151 id\u0151szakban is hasonl\u00f3an intenz\u00edv marad. Folytat\u00f3dott a keresetek k\u00e9t sz\u00e1mjegy\u0171 emelked\u00e9se tavaly okt\u00f3berben, 11,6 sz\u00e1zal\u00e9kos n\u00f6veked\u00e9st m\u00e9rt az el\u0151z\u0151 \u00e9v azonos id\u0151szak\u00e1hoz k\u00e9pest a K\u00f6zponti Statisztikai Hivatal. Elemz\u0151k \u00fagy v\u00e9lik, hogy az el\u0151z\u0151 \u00e9vin\u00e9l valamivel kisebb m\u00e9rt\u00e9kben ugyan, de id\u00e9n\" \/>\n\t\t<meta name=\"twitter:image\" content=\"https:\/\/allasorias.hu\/hirek\/wp-content\/uploads\/2019\/01\/novekedes_freedigitalphotos_pakorn.jpg\" \/>\n\t\t<meta name=\"twitter:label1\" content=\"Written by\" \/>\n\t\t<meta name=\"twitter:data1\" content=\"Juh\u00e1sz P\u00e9ter\" \/>\n\t\t<meta name=\"twitter:label2\" content=\"Est. reading time\" \/>\n\t\t<meta name=\"twitter:data2\" content=\"3 minutes\" \/>\n\t\t<script type=\"application\/ld+json\" class=\"aioseo-schema\">\n\t\t\t{\"@context\":\"https:\\\/\\\/schema.org\",\"@graph\":[{\"@type\":\"Article\",\"@id\":\"https:\\\/\\\/allasorias.hu\\\/hirek\\\/nonek-a-keresetek-2020-ban\\\/#article\",\"name\":\"N\\u0151nek a keresetek 2020-ban | AllasOrias.hu | H\\u00edrek-lapszemle\",\"headline\":\"N\\u0151nek a keresetek 2020-ban\",\"author\":{\"@id\":\"https:\\\/\\\/allasorias.hu\\\/hirek\\\/author\\\/admin-allasorias\\\/#author\"},\"publisher\":{\"@id\":\"https:\\\/\\\/allasorias.hu\\\/hirek\\\/#organization\"},\"image\":{\"@type\":\"ImageObject\",\"url\":\"https:\\\/\\\/allasorias.hu\\\/hirek\\\/wp-content\\\/uploads\\\/2019\\\/01\\\/novekedes_freedigitalphotos_pakorn.jpg\",\"width\":512,\"height\":384},\"datePublished\":\"2020-01-07T09:16:48+02:00\",\"dateModified\":\"2020-01-07T09:16:48+02:00\",\"inLanguage\":\"hu-HU\",\"mainEntityOfPage\":{\"@id\":\"https:\\\/\\\/allasorias.hu\\\/hirek\\\/nonek-a-keresetek-2020-ban\\\/#webpage\"},\"isPartOf\":{\"@id\":\"https:\\\/\\\/allasorias.hu\\\/hirek\\\/nonek-a-keresetek-2020-ban\\\/#webpage\"},\"articleSection\":\"Gazdas\\u00e1g\"},{\"@type\":\"BreadcrumbList\",\"@id\":\"https:\\\/\\\/allasorias.hu\\\/hirek\\\/nonek-a-keresetek-2020-ban\\\/#breadcrumblist\",\"itemListElement\":[{\"@type\":\"ListItem\",\"@id\":\"https:\\\/\\\/allasorias.hu\\\/hirek#listItem\",\"position\":1,\"name\":\"Home\",\"item\":\"https:\\\/\\\/allasorias.hu\\\/hirek\",\"nextItem\":{\"@type\":\"ListItem\",\"@id\":\"https:\\\/\\\/allasorias.hu\\\/hirek\\\/temak\\\/gazdasag\\\/#listItem\",\"name\":\"Gazdas\\u00e1g\"}},{\"@type\":\"ListItem\",\"@id\":\"https:\\\/\\\/allasorias.hu\\\/hirek\\\/temak\\\/gazdasag\\\/#listItem\",\"position\":2,\"name\":\"Gazdas\\u00e1g\",\"item\":\"https:\\\/\\\/allasorias.hu\\\/hirek\\\/temak\\\/gazdasag\\\/\",\"nextItem\":{\"@type\":\"ListItem\",\"@id\":\"https:\\\/\\\/allasorias.hu\\\/hirek\\\/nonek-a-keresetek-2020-ban\\\/#listItem\",\"name\":\"N\\u0151nek a keresetek 2020-ban\"},\"previousItem\":{\"@type\":\"ListItem\",\"@id\":\"https:\\\/\\\/allasorias.hu\\\/hirek#listItem\",\"name\":\"Home\"}},{\"@type\":\"ListItem\",\"@id\":\"https:\\\/\\\/allasorias.hu\\\/hirek\\\/nonek-a-keresetek-2020-ban\\\/#listItem\",\"position\":3,\"name\":\"N\\u0151nek a keresetek 2020-ban\",\"previousItem\":{\"@type\":\"ListItem\",\"@id\":\"https:\\\/\\\/allasorias.hu\\\/hirek\\\/temak\\\/gazdasag\\\/#listItem\",\"name\":\"Gazdas\\u00e1g\"}}]},{\"@type\":\"Organization\",\"@id\":\"https:\\\/\\\/allasorias.hu\\\/hirek\\\/#organization\",\"name\":\"AllasOrias.hu | H\\u00edrek-lapszemle\",\"description\":\"\\u00dczleti h\\u00edrek az \\u00e1ll\\u00e1s \\u00e9s a munka vil\\u00e1g\\u00e1b\\u00f3l\",\"url\":\"https:\\\/\\\/allasorias.hu\\\/hirek\\\/\",\"logo\":{\"@type\":\"ImageObject\",\"url\":\"https:\\\/\\\/allasorias.hu\\\/hirek\\\/wp-content\\\/uploads\\\/2022\\\/10\\\/allasorias_site_facebok_logo.png\",\"@id\":\"https:\\\/\\\/allasorias.hu\\\/hirek\\\/nonek-a-keresetek-2020-ban\\\/#organizationLogo\"},\"image\":{\"@id\":\"https:\\\/\\\/allasorias.hu\\\/hirek\\\/nonek-a-keresetek-2020-ban\\\/#organizationLogo\"},\"sameAs\":[\"https:\\\/\\\/www.facebook.com\\\/allasorias\",\"https:\\\/\\\/www.linkedin.com\\\/company\\\/allasorias\"]},{\"@type\":\"Person\",\"@id\":\"https:\\\/\\\/allasorias.hu\\\/hirek\\\/author\\\/admin-allasorias\\\/#author\",\"url\":\"https:\\\/\\\/allasorias.hu\\\/hirek\\\/author\\\/admin-allasorias\\\/\",\"name\":\"Juh\\u00e1sz P\\u00e9ter\",\"image\":{\"@type\":\"ImageObject\",\"@id\":\"https:\\\/\\\/allasorias.hu\\\/hirek\\\/nonek-a-keresetek-2020-ban\\\/#authorImage\",\"url\":\"https:\\\/\\\/secure.gravatar.com\\\/avatar\\\/36e6bcb83148978b992977cb0f54d22feb0cce8a0a849a9410532bb2623ba4c6?s=96&d=mm&r=g\",\"width\":96,\"height\":96,\"caption\":\"Juh\\u00e1sz P\\u00e9ter\"}},{\"@type\":\"WebPage\",\"@id\":\"https:\\\/\\\/allasorias.hu\\\/hirek\\\/nonek-a-keresetek-2020-ban\\\/#webpage\",\"url\":\"https:\\\/\\\/allasorias.hu\\\/hirek\\\/nonek-a-keresetek-2020-ban\\\/\",\"name\":\"N\\u0151nek a keresetek 2020-ban | AllasOrias.hu | H\\u00edrek-lapszemle\",\"description\":\"A tov\\u00e1bbra is kifesz\\u00edtett munkaer\\u0151piac \\u00e9s a rekordalacsony munkan\\u00e9lk\\u00fclis\\u00e9g miatt a b\\u00e9rn\\u00f6veked\\u00e9s dinamik\\u00e1ja a k\\u00f6vetkez\\u0151 id\\u0151szakban is hasonl\\u00f3an intenz\\u00edv marad. Folytat\\u00f3dott a keresetek k\\u00e9t sz\\u00e1mjegy\\u0171 emelked\\u00e9se tavaly okt\\u00f3berben, 11,6 sz\\u00e1zal\\u00e9kos n\\u00f6veked\\u00e9st m\\u00e9rt az el\\u0151z\\u0151 \\u00e9v azonos id\\u0151szak\\u00e1hoz k\\u00e9pest a K\\u00f6zponti Statisztikai Hivatal. Elemz\\u0151k \\u00fagy v\\u00e9lik, hogy az el\\u0151z\\u0151 \\u00e9vin\\u00e9l valamivel kisebb m\\u00e9rt\\u00e9kben ugyan, de id\\u00e9n\",\"inLanguage\":\"hu-HU\",\"isPartOf\":{\"@id\":\"https:\\\/\\\/allasorias.hu\\\/hirek\\\/#website\"},\"breadcrumb\":{\"@id\":\"https:\\\/\\\/allasorias.hu\\\/hirek\\\/nonek-a-keresetek-2020-ban\\\/#breadcrumblist\"},\"author\":{\"@id\":\"https:\\\/\\\/allasorias.hu\\\/hirek\\\/author\\\/admin-allasorias\\\/#author\"},\"creator\":{\"@id\":\"https:\\\/\\\/allasorias.hu\\\/hirek\\\/author\\\/admin-allasorias\\\/#author\"},\"image\":{\"@type\":\"ImageObject\",\"url\":\"https:\\\/\\\/allasorias.hu\\\/hirek\\\/wp-content\\\/uploads\\\/2019\\\/01\\\/novekedes_freedigitalphotos_pakorn.jpg\",\"@id\":\"https:\\\/\\\/allasorias.hu\\\/hirek\\\/nonek-a-keresetek-2020-ban\\\/#mainImage\",\"width\":512,\"height\":384},\"primaryImageOfPage\":{\"@id\":\"https:\\\/\\\/allasorias.hu\\\/hirek\\\/nonek-a-keresetek-2020-ban\\\/#mainImage\"},\"datePublished\":\"2020-01-07T09:16:48+02:00\",\"dateModified\":\"2020-01-07T09:16:48+02:00\"},{\"@type\":\"WebSite\",\"@id\":\"https:\\\/\\\/allasorias.hu\\\/hirek\\\/#website\",\"url\":\"https:\\\/\\\/allasorias.hu\\\/hirek\\\/\",\"name\":\"AllasOrias.hu | H\\u00edrek-lapszemle\",\"description\":\"\\u00dczleti h\\u00edrek az \\u00e1ll\\u00e1s \\u00e9s a munka vil\\u00e1g\\u00e1b\\u00f3l\",\"inLanguage\":\"hu-HU\",\"publisher\":{\"@id\":\"https:\\\/\\\/allasorias.hu\\\/hirek\\\/#organization\"}}]}\n\t\t<\/script>\n\t\t<!-- All in One SEO -->\n\n","aioseo_head_json":{"title":"N\u0151nek a keresetek 2020-ban | AllasOrias.hu | H\u00edrek-lapszemle","description":"A tov\u00e1bbra is kifesz\u00edtett munkaer\u0151piac \u00e9s a rekordalacsony munkan\u00e9lk\u00fclis\u00e9g miatt a b\u00e9rn\u00f6veked\u00e9s dinamik\u00e1ja a k\u00f6vetkez\u0151 id\u0151szakban is hasonl\u00f3an intenz\u00edv marad. Folytat\u00f3dott a keresetek k\u00e9t sz\u00e1mjegy\u0171 emelked\u00e9se tavaly okt\u00f3berben, 11,6 sz\u00e1zal\u00e9kos n\u00f6veked\u00e9st m\u00e9rt az el\u0151z\u0151 \u00e9v azonos id\u0151szak\u00e1hoz k\u00e9pest a K\u00f6zponti Statisztikai Hivatal. Elemz\u0151k \u00fagy v\u00e9lik, hogy az el\u0151z\u0151 \u00e9vin\u00e9l valamivel kisebb m\u00e9rt\u00e9kben ugyan, de id\u00e9n","canonical_url":"https:\/\/allasorias.hu\/hirek\/nonek-a-keresetek-2020-ban\/","robots":"max-image-preview:large","keywords":"","webmasterTools":{"miscellaneous":""},"schema":{"@context":"https:\/\/schema.org","@graph":[{"@type":"Article","@id":"https:\/\/allasorias.hu\/hirek\/nonek-a-keresetek-2020-ban\/#article","name":"N\u0151nek a keresetek 2020-ban | AllasOrias.hu | H\u00edrek-lapszemle","headline":"N\u0151nek a keresetek 2020-ban","author":{"@id":"https:\/\/allasorias.hu\/hirek\/author\/admin-allasorias\/#author"},"publisher":{"@id":"https:\/\/allasorias.hu\/hirek\/#organization"},"image":{"@type":"ImageObject","url":"https:\/\/allasorias.hu\/hirek\/wp-content\/uploads\/2019\/01\/novekedes_freedigitalphotos_pakorn.jpg","width":512,"height":384},"datePublished":"2020-01-07T09:16:48+02:00","dateModified":"2020-01-07T09:16:48+02:00","inLanguage":"hu-HU","mainEntityOfPage":{"@id":"https:\/\/allasorias.hu\/hirek\/nonek-a-keresetek-2020-ban\/#webpage"},"isPartOf":{"@id":"https:\/\/allasorias.hu\/hirek\/nonek-a-keresetek-2020-ban\/#webpage"},"articleSection":"Gazdas\u00e1g"},{"@type":"BreadcrumbList","@id":"https:\/\/allasorias.hu\/hirek\/nonek-a-keresetek-2020-ban\/#breadcrumblist","itemListElement":[{"@type":"ListItem","@id":"https:\/\/allasorias.hu\/hirek#listItem","position":1,"name":"Home","item":"https:\/\/allasorias.hu\/hirek","nextItem":{"@type":"ListItem","@id":"https:\/\/allasorias.hu\/hirek\/temak\/gazdasag\/#listItem","name":"Gazdas\u00e1g"}},{"@type":"ListItem","@id":"https:\/\/allasorias.hu\/hirek\/temak\/gazdasag\/#listItem","position":2,"name":"Gazdas\u00e1g","item":"https:\/\/allasorias.hu\/hirek\/temak\/gazdasag\/","nextItem":{"@type":"ListItem","@id":"https:\/\/allasorias.hu\/hirek\/nonek-a-keresetek-2020-ban\/#listItem","name":"N\u0151nek a keresetek 2020-ban"},"previousItem":{"@type":"ListItem","@id":"https:\/\/allasorias.hu\/hirek#listItem","name":"Home"}},{"@type":"ListItem","@id":"https:\/\/allasorias.hu\/hirek\/nonek-a-keresetek-2020-ban\/#listItem","position":3,"name":"N\u0151nek a keresetek 2020-ban","previousItem":{"@type":"ListItem","@id":"https:\/\/allasorias.hu\/hirek\/temak\/gazdasag\/#listItem","name":"Gazdas\u00e1g"}}]},{"@type":"Organization","@id":"https:\/\/allasorias.hu\/hirek\/#organization","name":"AllasOrias.hu | H\u00edrek-lapszemle","description":"\u00dczleti h\u00edrek az \u00e1ll\u00e1s \u00e9s a munka vil\u00e1g\u00e1b\u00f3l","url":"https:\/\/allasorias.hu\/hirek\/","logo":{"@type":"ImageObject","url":"https:\/\/allasorias.hu\/hirek\/wp-content\/uploads\/2022\/10\/allasorias_site_facebok_logo.png","@id":"https:\/\/allasorias.hu\/hirek\/nonek-a-keresetek-2020-ban\/#organizationLogo"},"image":{"@id":"https:\/\/allasorias.hu\/hirek\/nonek-a-keresetek-2020-ban\/#organizationLogo"},"sameAs":["https:\/\/www.facebook.com\/allasorias","https:\/\/www.linkedin.com\/company\/allasorias"]},{"@type":"Person","@id":"https:\/\/allasorias.hu\/hirek\/author\/admin-allasorias\/#author","url":"https:\/\/allasorias.hu\/hirek\/author\/admin-allasorias\/","name":"Juh\u00e1sz P\u00e9ter","image":{"@type":"ImageObject","@id":"https:\/\/allasorias.hu\/hirek\/nonek-a-keresetek-2020-ban\/#authorImage","url":"https:\/\/secure.gravatar.com\/avatar\/36e6bcb83148978b992977cb0f54d22feb0cce8a0a849a9410532bb2623ba4c6?s=96&d=mm&r=g","width":96,"height":96,"caption":"Juh\u00e1sz P\u00e9ter"}},{"@type":"WebPage","@id":"https:\/\/allasorias.hu\/hirek\/nonek-a-keresetek-2020-ban\/#webpage","url":"https:\/\/allasorias.hu\/hirek\/nonek-a-keresetek-2020-ban\/","name":"N\u0151nek a keresetek 2020-ban | AllasOrias.hu | H\u00edrek-lapszemle","description":"A tov\u00e1bbra is kifesz\u00edtett munkaer\u0151piac \u00e9s a rekordalacsony munkan\u00e9lk\u00fclis\u00e9g miatt a b\u00e9rn\u00f6veked\u00e9s dinamik\u00e1ja a k\u00f6vetkez\u0151 id\u0151szakban is hasonl\u00f3an intenz\u00edv marad. Folytat\u00f3dott a keresetek k\u00e9t sz\u00e1mjegy\u0171 emelked\u00e9se tavaly okt\u00f3berben, 11,6 sz\u00e1zal\u00e9kos n\u00f6veked\u00e9st m\u00e9rt az el\u0151z\u0151 \u00e9v azonos id\u0151szak\u00e1hoz k\u00e9pest a K\u00f6zponti Statisztikai Hivatal. Elemz\u0151k \u00fagy v\u00e9lik, hogy az el\u0151z\u0151 \u00e9vin\u00e9l valamivel kisebb m\u00e9rt\u00e9kben ugyan, de id\u00e9n","inLanguage":"hu-HU","isPartOf":{"@id":"https:\/\/allasorias.hu\/hirek\/#website"},"breadcrumb":{"@id":"https:\/\/allasorias.hu\/hirek\/nonek-a-keresetek-2020-ban\/#breadcrumblist"},"author":{"@id":"https:\/\/allasorias.hu\/hirek\/author\/admin-allasorias\/#author"},"creator":{"@id":"https:\/\/allasorias.hu\/hirek\/author\/admin-allasorias\/#author"},"image":{"@type":"ImageObject","url":"https:\/\/allasorias.hu\/hirek\/wp-content\/uploads\/2019\/01\/novekedes_freedigitalphotos_pakorn.jpg","@id":"https:\/\/allasorias.hu\/hirek\/nonek-a-keresetek-2020-ban\/#mainImage","width":512,"height":384},"primaryImageOfPage":{"@id":"https:\/\/allasorias.hu\/hirek\/nonek-a-keresetek-2020-ban\/#mainImage"},"datePublished":"2020-01-07T09:16:48+02:00","dateModified":"2020-01-07T09:16:48+02:00"},{"@type":"WebSite","@id":"https:\/\/allasorias.hu\/hirek\/#website","url":"https:\/\/allasorias.hu\/hirek\/","name":"AllasOrias.hu | H\u00edrek-lapszemle","description":"\u00dczleti h\u00edrek az \u00e1ll\u00e1s \u00e9s a munka vil\u00e1g\u00e1b\u00f3l","inLanguage":"hu-HU","publisher":{"@id":"https:\/\/allasorias.hu\/hirek\/#organization"}}]},"og:locale":"hu_HU","og:site_name":"AllasOrias.hu | H\u00edrek-lapszemle | \u00dczleti h\u00edrek az \u00e1ll\u00e1s \u00e9s a munka vil\u00e1g\u00e1b\u00f3l","og:type":"article","og:title":"N\u0151nek a keresetek 2020-ban | AllasOrias.hu | H\u00edrek-lapszemle","og:description":"A tov\u00e1bbra is kifesz\u00edtett munkaer\u0151piac \u00e9s a rekordalacsony munkan\u00e9lk\u00fclis\u00e9g miatt a b\u00e9rn\u00f6veked\u00e9s dinamik\u00e1ja a k\u00f6vetkez\u0151 id\u0151szakban is hasonl\u00f3an intenz\u00edv marad. Folytat\u00f3dott a keresetek k\u00e9t sz\u00e1mjegy\u0171 emelked\u00e9se tavaly okt\u00f3berben, 11,6 sz\u00e1zal\u00e9kos n\u00f6veked\u00e9st m\u00e9rt az el\u0151z\u0151 \u00e9v azonos id\u0151szak\u00e1hoz k\u00e9pest a K\u00f6zponti Statisztikai Hivatal. Elemz\u0151k \u00fagy v\u00e9lik, hogy az el\u0151z\u0151 \u00e9vin\u00e9l valamivel kisebb m\u00e9rt\u00e9kben ugyan, de id\u00e9n","og:url":"https:\/\/allasorias.hu\/hirek\/nonek-a-keresetek-2020-ban\/","og:image":"https:\/\/allasorias.hu\/hirek\/wp-content\/uploads\/2019\/01\/novekedes_freedigitalphotos_pakorn.jpg","og:image:secure_url":"https:\/\/allasorias.hu\/hirek\/wp-content\/uploads\/2019\/01\/novekedes_freedigitalphotos_pakorn.jpg","og:image:width":512,"og:image:height":384,"article:published_time":"2020-01-07T09:16:48+00:00","article:modified_time":"2020-01-07T09:16:48+00:00","article:publisher":"https:\/\/www.facebook.com\/allasorias","twitter:card":"summary_large_image","twitter:title":"N\u0151nek a keresetek 2020-ban | AllasOrias.hu | H\u00edrek-lapszemle","twitter:description":"A tov\u00e1bbra is kifesz\u00edtett munkaer\u0151piac \u00e9s a rekordalacsony munkan\u00e9lk\u00fclis\u00e9g miatt a b\u00e9rn\u00f6veked\u00e9s dinamik\u00e1ja a k\u00f6vetkez\u0151 id\u0151szakban is hasonl\u00f3an intenz\u00edv marad. Folytat\u00f3dott a keresetek k\u00e9t sz\u00e1mjegy\u0171 emelked\u00e9se tavaly okt\u00f3berben, 11,6 sz\u00e1zal\u00e9kos n\u00f6veked\u00e9st m\u00e9rt az el\u0151z\u0151 \u00e9v azonos id\u0151szak\u00e1hoz k\u00e9pest a K\u00f6zponti Statisztikai Hivatal. Elemz\u0151k \u00fagy v\u00e9lik, hogy az el\u0151z\u0151 \u00e9vin\u00e9l valamivel kisebb m\u00e9rt\u00e9kben ugyan, de id\u00e9n","twitter:image":"https:\/\/allasorias.hu\/hirek\/wp-content\/uploads\/2019\/01\/novekedes_freedigitalphotos_pakorn.jpg","twitter:label1":"Written by","twitter:data1":"Juh\u00e1sz P\u00e9ter","twitter:label2":"Est. reading time","twitter:data2":"3 minutes"},"aioseo_meta_data":{"post_id":"3652","title":null,"description":null,"keywords":null,"keyphrases":null,"primary_term":null,"canonical_url":null,"og_title":null,"og_description":null,"og_object_type":"default","og_image_type":"default","og_image_url":null,"og_image_width":null,"og_image_height":null,"og_image_custom_url":null,"og_image_custom_fields":null,"og_video":null,"og_custom_url":null,"og_article_section":null,"og_article_tags":null,"twitter_use_og":false,"twitter_card":"default","twitter_image_type":"default","twitter_image_url":null,"twitter_image_custom_url":null,"twitter_image_custom_fields":null,"twitter_title":null,"twitter_description":null,"schema":{"blockGraphs":[],"customGraphs":[],"default":{"data":{"Article":[],"Course":[],"Dataset":[],"FAQPage":[],"Movie":[],"Person":[],"Product":[],"ProductReview":[],"Car":[],"Recipe":[],"Service":[],"SoftwareApplication":[],"WebPage":[]},"graphName":"","isEnabled":true},"graphs":[]},"schema_type":null,"schema_type_options":null,"pillar_content":false,"robots_default":true,"robots_noindex":false,"robots_noarchive":false,"robots_nosnippet":false,"robots_nofollow":false,"robots_noimageindex":false,"robots_noodp":false,"robots_notranslate":false,"robots_max_snippet":null,"robots_max_videopreview":null,"robots_max_imagepreview":"large","priority":null,"frequency":null,"location":null,"local_seo":null,"breadcrumb_settings":null,"limit_modified_date":false,"ai":null,"created":"2021-02-01 22:27:19","updated":"2025-10-02 12:56:55","seo_analyzer_scan_date":null,"focus_keyword":null,"additional_keywords":null,"truseo_locale":null},"aioseo_breadcrumb":"<div class=\"aioseo-breadcrumbs\"><span class=\"aioseo-breadcrumb\">\n\t\t\t<a href=\"https:\/\/allasorias.hu\/hirek\" title=\"Home\">Home<\/a>\n\t\t<\/span><span class=\"aioseo-breadcrumb-separator\">&raquo;<\/span><span class=\"aioseo-breadcrumb\">\n\t\t\t<a href=\"https:\/\/allasorias.hu\/hirek\/temak\/gazdasag\/\" title=\"Gazdas\u00e1g\">Gazdas\u00e1g<\/a>\n\t\t<\/span><span class=\"aioseo-breadcrumb-separator\">&raquo;<\/span><span class=\"aioseo-breadcrumb\">\n\t\t\tN\u0151nek a keresetek 2020-ban\n\t\t<\/span><\/div>","aioseo_breadcrumb_json":[{"label":"Home","link":"https:\/\/allasorias.hu\/hirek"},{"label":"Gazdas\u00e1g","link":"https:\/\/allasorias.hu\/hirek\/temak\/gazdasag\/"},{"label":"N\u0151nek a keresetek 2020-ban","link":"https:\/\/allasorias.hu\/hirek\/nonek-a-keresetek-2020-ban\/"}],"_links":{"self":[{"href":"https:\/\/allasorias.hu\/hirek\/wp-json\/wp\/v2\/posts\/3652","targetHints":{"allow":["GET"]}}],"collection":[{"href":"https:\/\/allasorias.hu\/hirek\/wp-json\/wp\/v2\/posts"}],"about":[{"href":"https:\/\/allasorias.hu\/hirek\/wp-json\/wp\/v2\/types\/post"}],"author":[{"embeddable":true,"href":"https:\/\/allasorias.hu\/hirek\/wp-json\/wp\/v2\/users\/1"}],"replies":[{"embeddable":true,"href":"https:\/\/allasorias.hu\/hirek\/wp-json\/wp\/v2\/comments?post=3652"}],"version-history":[{"count":1,"href":"https:\/\/allasorias.hu\/hirek\/wp-json\/wp\/v2\/posts\/3652\/revisions"}],"predecessor-version":[{"id":3653,"href":"https:\/\/allasorias.hu\/hirek\/wp-json\/wp\/v2\/posts\/3652\/revisions\/3653"}],"wp:featuredmedia":[{"embeddable":true,"href":"https:\/\/allasorias.hu\/hirek\/wp-json\/wp\/v2\/media\/2435"}],"wp:attachment":[{"href":"https:\/\/allasorias.hu\/hirek\/wp-json\/wp\/v2\/media?parent=3652"}],"wp:term":[{"taxonomy":"category","embeddable":true,"href":"https:\/\/allasorias.hu\/hirek\/wp-json\/wp\/v2\/categories?post=3652"},{"taxonomy":"post_tag","embeddable":true,"href":"https:\/\/allasorias.hu\/hirek\/wp-json\/wp\/v2\/tags?post=3652"}],"curies":[{"name":"wp","href":"https:\/\/api.w.org\/{rel}","templated":true}]}}