{"id":3643,"date":"2020-01-03T08:19:33","date_gmt":"2020-01-03T08:19:33","guid":{"rendered":"https:\/\/allasorias.hu\/hirek\/?p=3643"},"modified":"2020-01-03T08:19:33","modified_gmt":"2020-01-03T08:19:33","slug":"igenylik-az-ingyenberletet-a-budapesti-allaskeresok","status":"publish","type":"post","link":"https:\/\/allasorias.hu\/hirek\/igenylik-az-ingyenberletet-a-budapesti-allaskeresok\/","title":{"rendered":"Ig\u00e9nylik az ingyenb\u00e9rletet a budapesti \u00e1ll\u00e1skeres\u0151k"},"content":{"rendered":"<p><strong>Eddig 161 \u00e1ll\u00e1skeres\u0151 \u00e9lt az ingyen BKV b\u00e9rlet ig\u00e9nyl\u00e9s\u00e9vel. \u00d6sszesen t\u00f6bb t\u00edzezren jogosultak r\u00e1. Az ingyen b\u00e9rlethez h\u00e1rom dokumentum kell \u2013 igazol\u00e1s, lakc\u00edmk\u00e1rtya \u00e9s szem\u00e9lyi igazolv\u00e1ny. Az \u00e9v els\u0151 munkanapj\u00e1nak d\u00e9lel\u0151ttj\u00e9n m\u00e1r 161 f\u0151v\u00e1rosi \u00e1ll\u00e1skeres\u0151 k\u00e9rt ilyet.<\/strong><\/p>\n<p><strong>\u00a0<\/strong>Kar\u00e1csony Gergely f\u0151polg\u00e1rmester m\u00e9g a kamp\u00e1nyban tett \u00edg\u00e9retet arra, hogy a Budapesten \u00e9l\u0151 munkan\u00e9lk\u00fcliek ingyenesen haszn\u00e1lhatj\u00e1k a f\u0151v\u00e1rosi t\u00f6megk\u00f6zleked\u00e9st. Az int\u00e9zked\u00e9st meg is szavazta a F\u0151v\u00e1rosi K\u00f6zgy\u0171l\u00e9s. A b\u00e9rletet minden h\u00f3napban k\u00e9relmezni kell.<\/p>\n<p>Forr\u00e1s: estiujsag.hu<\/p>\n","protected":false},"excerpt":{"rendered":"<p>Eddig 161 \u00e1ll\u00e1skeres\u0151 \u00e9lt az ingyen BKV b\u00e9rlet ig\u00e9nyl\u00e9s\u00e9vel. \u00d6sszesen t\u00f6bb t\u00edzezren jogosultak r\u00e1. Az ingyen b\u00e9rlethez h\u00e1rom dokumentum kell \u2013 igazol\u00e1s, lakc\u00edmk\u00e1rtya \u00e9s szem\u00e9lyi igazolv\u00e1ny. Az \u00e9v els\u0151 munkanapj\u00e1nak d\u00e9lel\u0151ttj\u00e9n m\u00e1r 161 f\u0151v\u00e1rosi \u00e1ll\u00e1skeres\u0151 k\u00e9rt ilyet. \u00a0Kar\u00e1csony Gergely f\u0151polg\u00e1rmester m\u00e9g a kamp\u00e1nyban tett \u00edg\u00e9retet arra, hogy a Budapesten \u00e9l\u0151 munkan\u00e9lk\u00fcliek ingyenesen haszn\u00e1lhatj\u00e1k a f\u0151v\u00e1rosi [&hellip;]<\/p>\n","protected":false},"author":1,"featured_media":3592,"comment_status":"open","ping_status":"open","sticky":false,"template":"","format":"standard","meta":{"_monsterinsights_skip_tracking":false,"footnotes":""},"categories":[198],"tags":[],"class_list":["post-3643","post","type-post","status-publish","format-standard","has-post-thumbnail","hentry","category-gazdasag"],"aioseo_notices":[],"aioseo_head":"\n\t\t<!-- All in One SEO 5.0.0.1 - aioseo.com -->\n\t<meta name=\"description\" content=\"Eddig 161 \u00e1ll\u00e1skeres\u0151 \u00e9lt az ingyen BKV b\u00e9rlet ig\u00e9nyl\u00e9s\u00e9vel. \u00d6sszesen t\u00f6bb t\u00edzezren jogosultak r\u00e1. Az ingyen b\u00e9rlethez h\u00e1rom dokumentum kell \u2013 igazol\u00e1s, lakc\u00edmk\u00e1rtya \u00e9s szem\u00e9lyi igazolv\u00e1ny. Az \u00e9v els\u0151 munkanapj\u00e1nak d\u00e9lel\u0151ttj\u00e9n m\u00e1r 161 f\u0151v\u00e1rosi \u00e1ll\u00e1skeres\u0151 k\u00e9rt ilyet. Kar\u00e1csony Gergely f\u0151polg\u00e1rmester m\u00e9g a kamp\u00e1nyban tett \u00edg\u00e9retet arra, hogy a Budapesten \u00e9l\u0151 munkan\u00e9lk\u00fcliek ingyenesen haszn\u00e1lhatj\u00e1k a f\u0151v\u00e1rosi\" \/>\n\t<meta name=\"robots\" content=\"max-image-preview:large\" \/>\n\t<meta name=\"author\" content=\"Juh\u00e1sz P\u00e9ter\"\/>\n\t<link rel=\"canonical\" href=\"https:\/\/allasorias.hu\/hirek\/igenylik-az-ingyenberletet-a-budapesti-allaskeresok\/\" \/>\n\t<meta name=\"generator\" content=\"All in One SEO (AIOSEO) 5.0.0.1\" \/>\n\t\t<meta property=\"og:locale\" content=\"hu_HU\" \/>\n\t\t<meta property=\"og:site_name\" content=\"AllasOrias.hu | H\u00edrek-lapszemle | \u00dczleti h\u00edrek az \u00e1ll\u00e1s \u00e9s a munka vil\u00e1g\u00e1b\u00f3l\" \/>\n\t\t<meta property=\"og:type\" content=\"article\" \/>\n\t\t<meta property=\"og:title\" content=\"Ig\u00e9nylik az ingyenb\u00e9rletet a budapesti \u00e1ll\u00e1skeres\u0151k | AllasOrias.hu | H\u00edrek-lapszemle\" \/>\n\t\t<meta property=\"og:description\" content=\"Eddig 161 \u00e1ll\u00e1skeres\u0151 \u00e9lt az ingyen BKV b\u00e9rlet ig\u00e9nyl\u00e9s\u00e9vel. \u00d6sszesen t\u00f6bb t\u00edzezren jogosultak r\u00e1. Az ingyen b\u00e9rlethez h\u00e1rom dokumentum kell \u2013 igazol\u00e1s, lakc\u00edmk\u00e1rtya \u00e9s szem\u00e9lyi igazolv\u00e1ny. Az \u00e9v els\u0151 munkanapj\u00e1nak d\u00e9lel\u0151ttj\u00e9n m\u00e1r 161 f\u0151v\u00e1rosi \u00e1ll\u00e1skeres\u0151 k\u00e9rt ilyet. Kar\u00e1csony Gergely f\u0151polg\u00e1rmester m\u00e9g a kamp\u00e1nyban tett \u00edg\u00e9retet arra, hogy a Budapesten \u00e9l\u0151 munkan\u00e9lk\u00fcliek ingyenesen haszn\u00e1lhatj\u00e1k a f\u0151v\u00e1rosi\" \/>\n\t\t<meta property=\"og:url\" content=\"https:\/\/allasorias.hu\/hirek\/igenylik-az-ingyenberletet-a-budapesti-allaskeresok\/\" \/>\n\t\t<meta property=\"og:image\" content=\"https:\/\/allasorias.hu\/hirek\/wp-content\/uploads\/2019\/12\/7-es_\u00e9s_110-es_busz_Budapest.jpg\" \/>\n\t\t<meta property=\"og:image:secure_url\" content=\"https:\/\/allasorias.hu\/hirek\/wp-content\/uploads\/2019\/12\/7-es_\u00e9s_110-es_busz_Budapest.jpg\" \/>\n\t\t<meta property=\"og:image:width\" content=\"1000\" \/>\n\t\t<meta property=\"og:image:height\" content=\"588\" \/>\n\t\t<meta property=\"article:published_time\" content=\"2020-01-03T08:19:33+00:00\" \/>\n\t\t<meta property=\"article:modified_time\" content=\"2020-01-03T08:19:33+00:00\" \/>\n\t\t<meta property=\"article:publisher\" content=\"https:\/\/www.facebook.com\/allasorias\" \/>\n\t\t<meta name=\"twitter:card\" content=\"summary_large_image\" \/>\n\t\t<meta name=\"twitter:title\" content=\"Ig\u00e9nylik az ingyenb\u00e9rletet a budapesti \u00e1ll\u00e1skeres\u0151k | AllasOrias.hu | H\u00edrek-lapszemle\" \/>\n\t\t<meta name=\"twitter:description\" content=\"Eddig 161 \u00e1ll\u00e1skeres\u0151 \u00e9lt az ingyen BKV b\u00e9rlet ig\u00e9nyl\u00e9s\u00e9vel. \u00d6sszesen t\u00f6bb t\u00edzezren jogosultak r\u00e1. Az ingyen b\u00e9rlethez h\u00e1rom dokumentum kell \u2013 igazol\u00e1s, lakc\u00edmk\u00e1rtya \u00e9s szem\u00e9lyi igazolv\u00e1ny. Az \u00e9v els\u0151 munkanapj\u00e1nak d\u00e9lel\u0151ttj\u00e9n m\u00e1r 161 f\u0151v\u00e1rosi \u00e1ll\u00e1skeres\u0151 k\u00e9rt ilyet. Kar\u00e1csony Gergely f\u0151polg\u00e1rmester m\u00e9g a kamp\u00e1nyban tett \u00edg\u00e9retet arra, hogy a Budapesten \u00e9l\u0151 munkan\u00e9lk\u00fcliek ingyenesen haszn\u00e1lhatj\u00e1k a f\u0151v\u00e1rosi\" \/>\n\t\t<meta name=\"twitter:image\" content=\"https:\/\/allasorias.hu\/hirek\/wp-content\/uploads\/2019\/12\/7-es_\u00e9s_110-es_busz_Budapest.jpg\" \/>\n\t\t<meta name=\"twitter:label1\" content=\"Written by\" \/>\n\t\t<meta name=\"twitter:data1\" content=\"Juh\u00e1sz P\u00e9ter\" \/>\n\t\t<meta name=\"twitter:label2\" content=\"Est. reading time\" \/>\n\t\t<meta name=\"twitter:data2\" content=\"1 minute\" \/>\n\t\t<script type=\"application\/ld+json\" class=\"aioseo-schema\">\n\t\t\t{\"@context\":\"https:\\\/\\\/schema.org\",\"@graph\":[{\"@type\":\"Article\",\"@id\":\"https:\\\/\\\/allasorias.hu\\\/hirek\\\/igenylik-az-ingyenberletet-a-budapesti-allaskeresok\\\/#article\",\"name\":\"Ig\\u00e9nylik az ingyenb\\u00e9rletet a budapesti \\u00e1ll\\u00e1skeres\\u0151k | AllasOrias.hu | H\\u00edrek-lapszemle\",\"headline\":\"Ig\\u00e9nylik az ingyenb\\u00e9rletet a budapesti \\u00e1ll\\u00e1skeres\\u0151k\",\"author\":{\"@id\":\"https:\\\/\\\/allasorias.hu\\\/hirek\\\/author\\\/admin-allasorias\\\/#author\"},\"publisher\":{\"@id\":\"https:\\\/\\\/allasorias.hu\\\/hirek\\\/#organization\"},\"image\":{\"@type\":\"ImageObject\",\"url\":\"https:\\\/\\\/allasorias.hu\\\/hirek\\\/wp-content\\\/uploads\\\/2019\\\/12\\\/7-es_\\u00e9s_110-es_busz_Budapest.jpg\",\"width\":1000,\"height\":588},\"datePublished\":\"2020-01-03T08:19:33+02:00\",\"dateModified\":\"2020-01-03T08:19:33+02:00\",\"inLanguage\":\"hu-HU\",\"mainEntityOfPage\":{\"@id\":\"https:\\\/\\\/allasorias.hu\\\/hirek\\\/igenylik-az-ingyenberletet-a-budapesti-allaskeresok\\\/#webpage\"},\"isPartOf\":{\"@id\":\"https:\\\/\\\/allasorias.hu\\\/hirek\\\/igenylik-az-ingyenberletet-a-budapesti-allaskeresok\\\/#webpage\"},\"articleSection\":\"Gazdas\\u00e1g\"},{\"@type\":\"BreadcrumbList\",\"@id\":\"https:\\\/\\\/allasorias.hu\\\/hirek\\\/igenylik-az-ingyenberletet-a-budapesti-allaskeresok\\\/#breadcrumblist\",\"itemListElement\":[{\"@type\":\"ListItem\",\"@id\":\"https:\\\/\\\/allasorias.hu\\\/hirek#listItem\",\"position\":1,\"name\":\"Home\",\"item\":\"https:\\\/\\\/allasorias.hu\\\/hirek\",\"nextItem\":{\"@type\":\"ListItem\",\"@id\":\"https:\\\/\\\/allasorias.hu\\\/hirek\\\/temak\\\/gazdasag\\\/#listItem\",\"name\":\"Gazdas\\u00e1g\"}},{\"@type\":\"ListItem\",\"@id\":\"https:\\\/\\\/allasorias.hu\\\/hirek\\\/temak\\\/gazdasag\\\/#listItem\",\"position\":2,\"name\":\"Gazdas\\u00e1g\",\"item\":\"https:\\\/\\\/allasorias.hu\\\/hirek\\\/temak\\\/gazdasag\\\/\",\"nextItem\":{\"@type\":\"ListItem\",\"@id\":\"https:\\\/\\\/allasorias.hu\\\/hirek\\\/igenylik-az-ingyenberletet-a-budapesti-allaskeresok\\\/#listItem\",\"name\":\"Ig\\u00e9nylik az ingyenb\\u00e9rletet a budapesti \\u00e1ll\\u00e1skeres\\u0151k\"},\"previousItem\":{\"@type\":\"ListItem\",\"@id\":\"https:\\\/\\\/allasorias.hu\\\/hirek#listItem\",\"name\":\"Home\"}},{\"@type\":\"ListItem\",\"@id\":\"https:\\\/\\\/allasorias.hu\\\/hirek\\\/igenylik-az-ingyenberletet-a-budapesti-allaskeresok\\\/#listItem\",\"position\":3,\"name\":\"Ig\\u00e9nylik az ingyenb\\u00e9rletet a budapesti \\u00e1ll\\u00e1skeres\\u0151k\",\"previousItem\":{\"@type\":\"ListItem\",\"@id\":\"https:\\\/\\\/allasorias.hu\\\/hirek\\\/temak\\\/gazdasag\\\/#listItem\",\"name\":\"Gazdas\\u00e1g\"}}]},{\"@type\":\"Organization\",\"@id\":\"https:\\\/\\\/allasorias.hu\\\/hirek\\\/#organization\",\"name\":\"AllasOrias.hu | H\\u00edrek-lapszemle\",\"description\":\"\\u00dczleti h\\u00edrek az \\u00e1ll\\u00e1s \\u00e9s a munka vil\\u00e1g\\u00e1b\\u00f3l\",\"url\":\"https:\\\/\\\/allasorias.hu\\\/hirek\\\/\",\"logo\":{\"@type\":\"ImageObject\",\"url\":\"https:\\\/\\\/allasorias.hu\\\/hirek\\\/wp-content\\\/uploads\\\/2022\\\/10\\\/allasorias_site_facebok_logo.png\",\"@id\":\"https:\\\/\\\/allasorias.hu\\\/hirek\\\/igenylik-az-ingyenberletet-a-budapesti-allaskeresok\\\/#organizationLogo\"},\"image\":{\"@id\":\"https:\\\/\\\/allasorias.hu\\\/hirek\\\/igenylik-az-ingyenberletet-a-budapesti-allaskeresok\\\/#organizationLogo\"},\"sameAs\":[\"https:\\\/\\\/www.facebook.com\\\/allasorias\",\"https:\\\/\\\/www.linkedin.com\\\/company\\\/allasorias\"]},{\"@type\":\"Person\",\"@id\":\"https:\\\/\\\/allasorias.hu\\\/hirek\\\/author\\\/admin-allasorias\\\/#author\",\"url\":\"https:\\\/\\\/allasorias.hu\\\/hirek\\\/author\\\/admin-allasorias\\\/\",\"name\":\"Juh\\u00e1sz P\\u00e9ter\",\"image\":{\"@type\":\"ImageObject\",\"@id\":\"https:\\\/\\\/allasorias.hu\\\/hirek\\\/igenylik-az-ingyenberletet-a-budapesti-allaskeresok\\\/#authorImage\",\"url\":\"https:\\\/\\\/secure.gravatar.com\\\/avatar\\\/36e6bcb83148978b992977cb0f54d22feb0cce8a0a849a9410532bb2623ba4c6?s=96&d=mm&r=g\",\"width\":96,\"height\":96,\"caption\":\"Juh\\u00e1sz P\\u00e9ter\"}},{\"@type\":\"WebPage\",\"@id\":\"https:\\\/\\\/allasorias.hu\\\/hirek\\\/igenylik-az-ingyenberletet-a-budapesti-allaskeresok\\\/#webpage\",\"url\":\"https:\\\/\\\/allasorias.hu\\\/hirek\\\/igenylik-az-ingyenberletet-a-budapesti-allaskeresok\\\/\",\"name\":\"Ig\\u00e9nylik az ingyenb\\u00e9rletet a budapesti \\u00e1ll\\u00e1skeres\\u0151k | AllasOrias.hu | H\\u00edrek-lapszemle\",\"description\":\"Eddig 161 \\u00e1ll\\u00e1skeres\\u0151 \\u00e9lt az ingyen BKV b\\u00e9rlet ig\\u00e9nyl\\u00e9s\\u00e9vel. \\u00d6sszesen t\\u00f6bb t\\u00edzezren jogosultak r\\u00e1. Az ingyen b\\u00e9rlethez h\\u00e1rom dokumentum kell \\u2013 igazol\\u00e1s, lakc\\u00edmk\\u00e1rtya \\u00e9s szem\\u00e9lyi igazolv\\u00e1ny. Az \\u00e9v els\\u0151 munkanapj\\u00e1nak d\\u00e9lel\\u0151ttj\\u00e9n m\\u00e1r 161 f\\u0151v\\u00e1rosi \\u00e1ll\\u00e1skeres\\u0151 k\\u00e9rt ilyet. Kar\\u00e1csony Gergely f\\u0151polg\\u00e1rmester m\\u00e9g a kamp\\u00e1nyban tett \\u00edg\\u00e9retet arra, hogy a Budapesten \\u00e9l\\u0151 munkan\\u00e9lk\\u00fcliek ingyenesen haszn\\u00e1lhatj\\u00e1k a f\\u0151v\\u00e1rosi\",\"inLanguage\":\"hu-HU\",\"isPartOf\":{\"@id\":\"https:\\\/\\\/allasorias.hu\\\/hirek\\\/#website\"},\"breadcrumb\":{\"@id\":\"https:\\\/\\\/allasorias.hu\\\/hirek\\\/igenylik-az-ingyenberletet-a-budapesti-allaskeresok\\\/#breadcrumblist\"},\"author\":{\"@id\":\"https:\\\/\\\/allasorias.hu\\\/hirek\\\/author\\\/admin-allasorias\\\/#author\"},\"creator\":{\"@id\":\"https:\\\/\\\/allasorias.hu\\\/hirek\\\/author\\\/admin-allasorias\\\/#author\"},\"image\":{\"@type\":\"ImageObject\",\"url\":\"https:\\\/\\\/allasorias.hu\\\/hirek\\\/wp-content\\\/uploads\\\/2019\\\/12\\\/7-es_\\u00e9s_110-es_busz_Budapest.jpg\",\"@id\":\"https:\\\/\\\/allasorias.hu\\\/hirek\\\/igenylik-az-ingyenberletet-a-budapesti-allaskeresok\\\/#mainImage\",\"width\":1000,\"height\":588},\"primaryImageOfPage\":{\"@id\":\"https:\\\/\\\/allasorias.hu\\\/hirek\\\/igenylik-az-ingyenberletet-a-budapesti-allaskeresok\\\/#mainImage\"},\"datePublished\":\"2020-01-03T08:19:33+02:00\",\"dateModified\":\"2020-01-03T08:19:33+02:00\"},{\"@type\":\"WebSite\",\"@id\":\"https:\\\/\\\/allasorias.hu\\\/hirek\\\/#website\",\"url\":\"https:\\\/\\\/allasorias.hu\\\/hirek\\\/\",\"name\":\"AllasOrias.hu | H\\u00edrek-lapszemle\",\"description\":\"\\u00dczleti h\\u00edrek az \\u00e1ll\\u00e1s \\u00e9s a munka vil\\u00e1g\\u00e1b\\u00f3l\",\"inLanguage\":\"hu-HU\",\"publisher\":{\"@id\":\"https:\\\/\\\/allasorias.hu\\\/hirek\\\/#organization\"}}]}\n\t\t<\/script>\n\t\t<!-- All in One SEO -->\n\n","aioseo_head_json":{"title":"Ig\u00e9nylik az ingyenb\u00e9rletet a budapesti \u00e1ll\u00e1skeres\u0151k | AllasOrias.hu | H\u00edrek-lapszemle","description":"Eddig 161 \u00e1ll\u00e1skeres\u0151 \u00e9lt az ingyen BKV b\u00e9rlet ig\u00e9nyl\u00e9s\u00e9vel. \u00d6sszesen t\u00f6bb t\u00edzezren jogosultak r\u00e1. Az ingyen b\u00e9rlethez h\u00e1rom dokumentum kell \u2013 igazol\u00e1s, lakc\u00edmk\u00e1rtya \u00e9s szem\u00e9lyi igazolv\u00e1ny. Az \u00e9v els\u0151 munkanapj\u00e1nak d\u00e9lel\u0151ttj\u00e9n m\u00e1r 161 f\u0151v\u00e1rosi \u00e1ll\u00e1skeres\u0151 k\u00e9rt ilyet. Kar\u00e1csony Gergely f\u0151polg\u00e1rmester m\u00e9g a kamp\u00e1nyban tett \u00edg\u00e9retet arra, hogy a Budapesten \u00e9l\u0151 munkan\u00e9lk\u00fcliek ingyenesen haszn\u00e1lhatj\u00e1k a f\u0151v\u00e1rosi","canonical_url":"https:\/\/allasorias.hu\/hirek\/igenylik-az-ingyenberletet-a-budapesti-allaskeresok\/","robots":"max-image-preview:large","keywords":"","webmasterTools":{"miscellaneous":""},"schema":{"@context":"https:\/\/schema.org","@graph":[{"@type":"Article","@id":"https:\/\/allasorias.hu\/hirek\/igenylik-az-ingyenberletet-a-budapesti-allaskeresok\/#article","name":"Ig\u00e9nylik az ingyenb\u00e9rletet a budapesti \u00e1ll\u00e1skeres\u0151k | AllasOrias.hu | H\u00edrek-lapszemle","headline":"Ig\u00e9nylik az ingyenb\u00e9rletet a budapesti \u00e1ll\u00e1skeres\u0151k","author":{"@id":"https:\/\/allasorias.hu\/hirek\/author\/admin-allasorias\/#author"},"publisher":{"@id":"https:\/\/allasorias.hu\/hirek\/#organization"},"image":{"@type":"ImageObject","url":"https:\/\/allasorias.hu\/hirek\/wp-content\/uploads\/2019\/12\/7-es_\u00e9s_110-es_busz_Budapest.jpg","width":1000,"height":588},"datePublished":"2020-01-03T08:19:33+02:00","dateModified":"2020-01-03T08:19:33+02:00","inLanguage":"hu-HU","mainEntityOfPage":{"@id":"https:\/\/allasorias.hu\/hirek\/igenylik-az-ingyenberletet-a-budapesti-allaskeresok\/#webpage"},"isPartOf":{"@id":"https:\/\/allasorias.hu\/hirek\/igenylik-az-ingyenberletet-a-budapesti-allaskeresok\/#webpage"},"articleSection":"Gazdas\u00e1g"},{"@type":"BreadcrumbList","@id":"https:\/\/allasorias.hu\/hirek\/igenylik-az-ingyenberletet-a-budapesti-allaskeresok\/#breadcrumblist","itemListElement":[{"@type":"ListItem","@id":"https:\/\/allasorias.hu\/hirek#listItem","position":1,"name":"Home","item":"https:\/\/allasorias.hu\/hirek","nextItem":{"@type":"ListItem","@id":"https:\/\/allasorias.hu\/hirek\/temak\/gazdasag\/#listItem","name":"Gazdas\u00e1g"}},{"@type":"ListItem","@id":"https:\/\/allasorias.hu\/hirek\/temak\/gazdasag\/#listItem","position":2,"name":"Gazdas\u00e1g","item":"https:\/\/allasorias.hu\/hirek\/temak\/gazdasag\/","nextItem":{"@type":"ListItem","@id":"https:\/\/allasorias.hu\/hirek\/igenylik-az-ingyenberletet-a-budapesti-allaskeresok\/#listItem","name":"Ig\u00e9nylik az ingyenb\u00e9rletet a budapesti \u00e1ll\u00e1skeres\u0151k"},"previousItem":{"@type":"ListItem","@id":"https:\/\/allasorias.hu\/hirek#listItem","name":"Home"}},{"@type":"ListItem","@id":"https:\/\/allasorias.hu\/hirek\/igenylik-az-ingyenberletet-a-budapesti-allaskeresok\/#listItem","position":3,"name":"Ig\u00e9nylik az ingyenb\u00e9rletet a budapesti \u00e1ll\u00e1skeres\u0151k","previousItem":{"@type":"ListItem","@id":"https:\/\/allasorias.hu\/hirek\/temak\/gazdasag\/#listItem","name":"Gazdas\u00e1g"}}]},{"@type":"Organization","@id":"https:\/\/allasorias.hu\/hirek\/#organization","name":"AllasOrias.hu | H\u00edrek-lapszemle","description":"\u00dczleti h\u00edrek az \u00e1ll\u00e1s \u00e9s a munka vil\u00e1g\u00e1b\u00f3l","url":"https:\/\/allasorias.hu\/hirek\/","logo":{"@type":"ImageObject","url":"https:\/\/allasorias.hu\/hirek\/wp-content\/uploads\/2022\/10\/allasorias_site_facebok_logo.png","@id":"https:\/\/allasorias.hu\/hirek\/igenylik-az-ingyenberletet-a-budapesti-allaskeresok\/#organizationLogo"},"image":{"@id":"https:\/\/allasorias.hu\/hirek\/igenylik-az-ingyenberletet-a-budapesti-allaskeresok\/#organizationLogo"},"sameAs":["https:\/\/www.facebook.com\/allasorias","https:\/\/www.linkedin.com\/company\/allasorias"]},{"@type":"Person","@id":"https:\/\/allasorias.hu\/hirek\/author\/admin-allasorias\/#author","url":"https:\/\/allasorias.hu\/hirek\/author\/admin-allasorias\/","name":"Juh\u00e1sz P\u00e9ter","image":{"@type":"ImageObject","@id":"https:\/\/allasorias.hu\/hirek\/igenylik-az-ingyenberletet-a-budapesti-allaskeresok\/#authorImage","url":"https:\/\/secure.gravatar.com\/avatar\/36e6bcb83148978b992977cb0f54d22feb0cce8a0a849a9410532bb2623ba4c6?s=96&d=mm&r=g","width":96,"height":96,"caption":"Juh\u00e1sz P\u00e9ter"}},{"@type":"WebPage","@id":"https:\/\/allasorias.hu\/hirek\/igenylik-az-ingyenberletet-a-budapesti-allaskeresok\/#webpage","url":"https:\/\/allasorias.hu\/hirek\/igenylik-az-ingyenberletet-a-budapesti-allaskeresok\/","name":"Ig\u00e9nylik az ingyenb\u00e9rletet a budapesti \u00e1ll\u00e1skeres\u0151k | AllasOrias.hu | H\u00edrek-lapszemle","description":"Eddig 161 \u00e1ll\u00e1skeres\u0151 \u00e9lt az ingyen BKV b\u00e9rlet ig\u00e9nyl\u00e9s\u00e9vel. \u00d6sszesen t\u00f6bb t\u00edzezren jogosultak r\u00e1. Az ingyen b\u00e9rlethez h\u00e1rom dokumentum kell \u2013 igazol\u00e1s, lakc\u00edmk\u00e1rtya \u00e9s szem\u00e9lyi igazolv\u00e1ny. Az \u00e9v els\u0151 munkanapj\u00e1nak d\u00e9lel\u0151ttj\u00e9n m\u00e1r 161 f\u0151v\u00e1rosi \u00e1ll\u00e1skeres\u0151 k\u00e9rt ilyet. Kar\u00e1csony Gergely f\u0151polg\u00e1rmester m\u00e9g a kamp\u00e1nyban tett \u00edg\u00e9retet arra, hogy a Budapesten \u00e9l\u0151 munkan\u00e9lk\u00fcliek ingyenesen haszn\u00e1lhatj\u00e1k a f\u0151v\u00e1rosi","inLanguage":"hu-HU","isPartOf":{"@id":"https:\/\/allasorias.hu\/hirek\/#website"},"breadcrumb":{"@id":"https:\/\/allasorias.hu\/hirek\/igenylik-az-ingyenberletet-a-budapesti-allaskeresok\/#breadcrumblist"},"author":{"@id":"https:\/\/allasorias.hu\/hirek\/author\/admin-allasorias\/#author"},"creator":{"@id":"https:\/\/allasorias.hu\/hirek\/author\/admin-allasorias\/#author"},"image":{"@type":"ImageObject","url":"https:\/\/allasorias.hu\/hirek\/wp-content\/uploads\/2019\/12\/7-es_\u00e9s_110-es_busz_Budapest.jpg","@id":"https:\/\/allasorias.hu\/hirek\/igenylik-az-ingyenberletet-a-budapesti-allaskeresok\/#mainImage","width":1000,"height":588},"primaryImageOfPage":{"@id":"https:\/\/allasorias.hu\/hirek\/igenylik-az-ingyenberletet-a-budapesti-allaskeresok\/#mainImage"},"datePublished":"2020-01-03T08:19:33+02:00","dateModified":"2020-01-03T08:19:33+02:00"},{"@type":"WebSite","@id":"https:\/\/allasorias.hu\/hirek\/#website","url":"https:\/\/allasorias.hu\/hirek\/","name":"AllasOrias.hu | H\u00edrek-lapszemle","description":"\u00dczleti h\u00edrek az \u00e1ll\u00e1s \u00e9s a munka vil\u00e1g\u00e1b\u00f3l","inLanguage":"hu-HU","publisher":{"@id":"https:\/\/allasorias.hu\/hirek\/#organization"}}]},"og:locale":"hu_HU","og:site_name":"AllasOrias.hu | H\u00edrek-lapszemle | \u00dczleti h\u00edrek az \u00e1ll\u00e1s \u00e9s a munka vil\u00e1g\u00e1b\u00f3l","og:type":"article","og:title":"Ig\u00e9nylik az ingyenb\u00e9rletet a budapesti \u00e1ll\u00e1skeres\u0151k | AllasOrias.hu | H\u00edrek-lapszemle","og:description":"Eddig 161 \u00e1ll\u00e1skeres\u0151 \u00e9lt az ingyen BKV b\u00e9rlet ig\u00e9nyl\u00e9s\u00e9vel. \u00d6sszesen t\u00f6bb t\u00edzezren jogosultak r\u00e1. Az ingyen b\u00e9rlethez h\u00e1rom dokumentum kell \u2013 igazol\u00e1s, lakc\u00edmk\u00e1rtya \u00e9s szem\u00e9lyi igazolv\u00e1ny. Az \u00e9v els\u0151 munkanapj\u00e1nak d\u00e9lel\u0151ttj\u00e9n m\u00e1r 161 f\u0151v\u00e1rosi \u00e1ll\u00e1skeres\u0151 k\u00e9rt ilyet. Kar\u00e1csony Gergely f\u0151polg\u00e1rmester m\u00e9g a kamp\u00e1nyban tett \u00edg\u00e9retet arra, hogy a Budapesten \u00e9l\u0151 munkan\u00e9lk\u00fcliek ingyenesen haszn\u00e1lhatj\u00e1k a f\u0151v\u00e1rosi","og:url":"https:\/\/allasorias.hu\/hirek\/igenylik-az-ingyenberletet-a-budapesti-allaskeresok\/","og:image":"https:\/\/allasorias.hu\/hirek\/wp-content\/uploads\/2019\/12\/7-es_\u00e9s_110-es_busz_Budapest.jpg","og:image:secure_url":"https:\/\/allasorias.hu\/hirek\/wp-content\/uploads\/2019\/12\/7-es_\u00e9s_110-es_busz_Budapest.jpg","og:image:width":1000,"og:image:height":588,"article:published_time":"2020-01-03T08:19:33+00:00","article:modified_time":"2020-01-03T08:19:33+00:00","article:publisher":"https:\/\/www.facebook.com\/allasorias","twitter:card":"summary_large_image","twitter:title":"Ig\u00e9nylik az ingyenb\u00e9rletet a budapesti \u00e1ll\u00e1skeres\u0151k | AllasOrias.hu | H\u00edrek-lapszemle","twitter:description":"Eddig 161 \u00e1ll\u00e1skeres\u0151 \u00e9lt az ingyen BKV b\u00e9rlet ig\u00e9nyl\u00e9s\u00e9vel. \u00d6sszesen t\u00f6bb t\u00edzezren jogosultak r\u00e1. Az ingyen b\u00e9rlethez h\u00e1rom dokumentum kell \u2013 igazol\u00e1s, lakc\u00edmk\u00e1rtya \u00e9s szem\u00e9lyi igazolv\u00e1ny. Az \u00e9v els\u0151 munkanapj\u00e1nak d\u00e9lel\u0151ttj\u00e9n m\u00e1r 161 f\u0151v\u00e1rosi \u00e1ll\u00e1skeres\u0151 k\u00e9rt ilyet. Kar\u00e1csony Gergely f\u0151polg\u00e1rmester m\u00e9g a kamp\u00e1nyban tett \u00edg\u00e9retet arra, hogy a Budapesten \u00e9l\u0151 munkan\u00e9lk\u00fcliek ingyenesen haszn\u00e1lhatj\u00e1k a f\u0151v\u00e1rosi","twitter:image":"https:\/\/allasorias.hu\/hirek\/wp-content\/uploads\/2019\/12\/7-es_\u00e9s_110-es_busz_Budapest.jpg","twitter:label1":"Written by","twitter:data1":"Juh\u00e1sz P\u00e9ter","twitter:label2":"Est. reading time","twitter:data2":"1 minute"},"aioseo_meta_data":{"post_id":"3643","title":null,"description":null,"keywords":null,"keyphrases":null,"primary_term":null,"canonical_url":null,"og_title":null,"og_description":null,"og_object_type":"default","og_image_type":"default","og_image_url":null,"og_image_width":null,"og_image_height":null,"og_image_custom_url":null,"og_image_custom_fields":null,"og_video":null,"og_custom_url":null,"og_article_section":null,"og_article_tags":null,"twitter_use_og":false,"twitter_card":"default","twitter_image_type":"default","twitter_image_url":null,"twitter_image_custom_url":null,"twitter_image_custom_fields":null,"twitter_title":null,"twitter_description":null,"schema":{"blockGraphs":[],"customGraphs":[],"default":{"data":{"Article":[],"Course":[],"Dataset":[],"FAQPage":[],"Movie":[],"Person":[],"Product":[],"ProductReview":[],"Car":[],"Recipe":[],"Service":[],"SoftwareApplication":[],"WebPage":[]},"graphName":"","isEnabled":true},"graphs":[],"defaultGraph":"","defaultPostTypeGraph":""},"schema_type":null,"schema_type_options":null,"pillar_content":false,"robots_default":true,"robots_noindex":false,"robots_noarchive":false,"robots_nosnippet":false,"robots_nofollow":false,"robots_noimageindex":false,"robots_noodp":false,"robots_notranslate":false,"robots_max_snippet":null,"robots_max_videopreview":null,"robots_max_imagepreview":"large","priority":null,"frequency":null,"location":null,"local_seo":null,"breadcrumb_settings":null,"limit_modified_date":false,"ai":null,"created":"2021-02-01 22:27:19","updated":"2025-10-02 12:47:04","seo_analyzer_scan_date":null,"focus_keyword":null,"additional_keywords":null,"truseo_locale":null},"aioseo_breadcrumb":"<div class=\"aioseo-breadcrumbs\"><span class=\"aioseo-breadcrumb\">\n\t\t\t<a href=\"https:\/\/allasorias.hu\/hirek\" title=\"Home\">Home<\/a>\n\t\t<\/span><span class=\"aioseo-breadcrumb-separator\">&raquo;<\/span><span class=\"aioseo-breadcrumb\">\n\t\t\t<a href=\"https:\/\/allasorias.hu\/hirek\/temak\/gazdasag\/\" title=\"Gazdas\u00e1g\">Gazdas\u00e1g<\/a>\n\t\t<\/span><span class=\"aioseo-breadcrumb-separator\">&raquo;<\/span><span class=\"aioseo-breadcrumb\">\n\t\t\tIg\u00e9nylik az ingyenb\u00e9rletet a budapesti \u00e1ll\u00e1skeres\u0151k\n\t\t<\/span><\/div>","aioseo_breadcrumb_json":[{"label":"Home","link":"https:\/\/allasorias.hu\/hirek"},{"label":"Gazdas\u00e1g","link":"https:\/\/allasorias.hu\/hirek\/temak\/gazdasag\/"},{"label":"Ig\u00e9nylik az ingyenb\u00e9rletet a budapesti \u00e1ll\u00e1skeres\u0151k","link":"https:\/\/allasorias.hu\/hirek\/igenylik-az-ingyenberletet-a-budapesti-allaskeresok\/"}],"_links":{"self":[{"href":"https:\/\/allasorias.hu\/hirek\/wp-json\/wp\/v2\/posts\/3643","targetHints":{"allow":["GET"]}}],"collection":[{"href":"https:\/\/allasorias.hu\/hirek\/wp-json\/wp\/v2\/posts"}],"about":[{"href":"https:\/\/allasorias.hu\/hirek\/wp-json\/wp\/v2\/types\/post"}],"author":[{"embeddable":true,"href":"https:\/\/allasorias.hu\/hirek\/wp-json\/wp\/v2\/users\/1"}],"replies":[{"embeddable":true,"href":"https:\/\/allasorias.hu\/hirek\/wp-json\/wp\/v2\/comments?post=3643"}],"version-history":[{"count":1,"href":"https:\/\/allasorias.hu\/hirek\/wp-json\/wp\/v2\/posts\/3643\/revisions"}],"predecessor-version":[{"id":3644,"href":"https:\/\/allasorias.hu\/hirek\/wp-json\/wp\/v2\/posts\/3643\/revisions\/3644"}],"wp:featuredmedia":[{"embeddable":true,"href":"https:\/\/allasorias.hu\/hirek\/wp-json\/wp\/v2\/media\/3592"}],"wp:attachment":[{"href":"https:\/\/allasorias.hu\/hirek\/wp-json\/wp\/v2\/media?parent=3643"}],"wp:term":[{"taxonomy":"category","embeddable":true,"href":"https:\/\/allasorias.hu\/hirek\/wp-json\/wp\/v2\/categories?post=3643"},{"taxonomy":"post_tag","embeddable":true,"href":"https:\/\/allasorias.hu\/hirek\/wp-json\/wp\/v2\/tags?post=3643"}],"curies":[{"name":"wp","href":"https:\/\/api.w.org\/{rel}","templated":true}]}}