{"id":3635,"date":"2020-01-02T08:42:38","date_gmt":"2020-01-02T08:42:38","guid":{"rendered":"https:\/\/allasorias.hu\/hirek\/?p=3635"},"modified":"2020-01-02T08:42:38","modified_gmt":"2020-01-02T08:42:38","slug":"tovabb-folytatodik-a-berek-emelkedese","status":"publish","type":"post","link":"https:\/\/allasorias.hu\/hirek\/tovabb-folytatodik-a-berek-emelkedese\/","title":{"rendered":"Tov\u00e1bb folytat\u00f3dik a b\u00e9rek emelked\u00e9se"},"content":{"rendered":"<p><strong>Magyarorsz\u00e1gon a minim\u00e1lb\u00e9r \u00e9s a garant\u00e1lt b\u00e9rminimum 2020-ban is dinamikusan n\u00f6vekszik, mik\u00f6zben a munkaer\u0151hi\u00e1ny tov\u00e1bbra is felfel\u00e9 hajtja a kereseteket. Azonban az \u00fcres \u00e1ll\u00e1shelyek cs\u00f6kken\u00e9se miatt m\u00e1r nem biztos, hogy olyan kedvez\u0151 helyzetben lesznek a dolgoz\u00f3k, mint a kor\u00e1bbi \u00e9vekben, \u00edgy a b\u00e9remel\u00e9s m\u00e9rt\u00e9ke kiss\u00e9 alacsonyabb lehet. <\/strong><\/p>\n<p>A b\u00e9rek v\u00e1s\u00e1rl\u00f3erej\u00e9nek n\u00f6veked\u00e9s\u00e9t pedig a v\u00e1rhat\u00f3an 3% feletti infl\u00e1ci\u00f3 fogja majd vissza. \u00c9vek \u00f3ta kitart a 10% feletti b\u00e9remelked\u00e9s Magyarorsz\u00e1gon, ami egyr\u00e9szt annak k\u00f6sz\u00f6nhet\u0151, hogy a minim\u00e1lb\u00e9r \u00e9s a garant\u00e1lt b\u00e9rminimum hossz\u00fa \u00e9vek \u00f3ta dinamikusan emelkedik, valamint az egyre nagyobb m\u00e9rt\u00e9k\u0171 munkaer\u0151hi\u00e1ny is kedvez\u0151 helyzetbe hozta a munkav\u00e1llal\u00f3kat. A v\u00e1llalatok k\u00e9nytelenek voltak magasabb b\u00e9rt fizetni, ha meg szerett\u00e9k volna tartani a k\u00e9pzett dolgoz\u00f3kat, miut\u00e1n az orsz\u00e1g sz\u00e1mos ter\u00fclet\u00e9n nem lehetett munkav\u00e1llal\u00f3kat tal\u00e1lni. Mindek\u00f6zben a gazdas\u00e1g dinamikus n\u00f6veked\u00e9se is arra k\u00e9sztette a v\u00e1llalatokat, hogy igyekezzenek munkav\u00e1llal\u00f3kat felvenni, de ahol ez nem siker\u00fclt, hogy elindult az automatiz\u00e1l\u00e1s (vagyis a munkaer\u0151t beruh\u00e1z\u00e1sokkal helyettes\u00edtett\u00e9k). Elkezdtek dolgozni a robotok az emberek helyett Magyarorsz\u00e1gon. Ugyan a tavalyi \u00e9vben m\u00e1r elkezdett cs\u00f6kkenni az \u00fcres \u00e1ll\u00e1shelyek sz\u00e1ma, ami a munkav\u00e1llal\u00f3k alkupoz\u00edci\u00f3j\u00e1t is ronthatja a kor\u00e1bbihoz k\u00e9pest, a gyors b\u00e9remelked\u00e9s fennmaradhat. Egyr\u00e9szt, tov\u00e1bbra is munkaer\u0151hi\u00e1ny jellemezheti a magyar munkaer\u0151piacot (m\u00e9g ha cs\u00f6kken\u0151 m\u00e9rt\u00e9kben is), m\u00e1sr\u00e9szt a minim\u00e1lb\u00e9r \u00e9s a garant\u00e1lt b\u00e9rminimum egyar\u00e1nt 8-8%-kal n\u00f6vekszik. Voltak arra utal\u00f3 jelek, hogy enn\u00e9l nagyobb m\u00e9rt\u00e9kben n\u0151nek a legkisebb b\u00e9rek, a korm\u00e1ny, a munkaad\u00f3i \u00e9s a munkav\u00e1llal\u00f3i oldal egyeztet\u00e9seket is tartott err\u0151l, de az \u00e1ll\u00e1spontok nem k\u00f6zeledtek egym\u00e1shoz. A korm\u00e1ny csak az idei \u00e9v m\u00e1sodik fel\u00e9t\u0151l cs\u00f6kkenten\u00e9 a j\u00e1rul\u00e9kokat, a versenyszf\u00e9ra k\u00e9pvisel\u0151i viszont csak akkor menn\u00e9nek bele a legkisebb b\u00e9rek k\u00e9tsz\u00e1mjegy\u0171 emel\u00e9s\u00e9be, ha ez m\u00e1r janu\u00e1rt\u00f3l megt\u00f6rt\u00e9nne, \u00edgy \u00e9rv\u00e9nyben maradt a kor\u00e1bbi b\u00e9rmeg\u00e1llapod\u00e1s. Miut\u00e1n az infl\u00e1ci\u00f3 v\u00e1rhat\u00f3an id\u00e9n is meghaladja a 3%-ot \u2013 mint ahogy tavaly is t\u00f6rt\u00e9nt \u2013, \u00edgy a re\u00e1lb\u00e9rek emelked\u00e9se is alacsonyabb lesz a tavalyin\u00e1l. (A korm\u00e1nyzat ugyan csak 2,8%-os infl\u00e1ci\u00f3val sz\u00e1mol, de a Magyar Nemzeti Bank 3,5%-os \u00e1remelked\u00e9ssel kalkul\u00e1l.) A keresetek v\u00e1s\u00e1rl\u00f3ereje \u00edgy v\u00e1rhat\u00f3an 6% k\u00f6r\u00fcli m\u00e9rt\u00e9kben emelkedik 2020-ban.<\/p>\n<p>Forr\u00e1s: portfolio.hu<\/p>\n<p>&nbsp;<\/p>\n","protected":false},"excerpt":{"rendered":"<p>Magyarorsz\u00e1gon a minim\u00e1lb\u00e9r \u00e9s a garant\u00e1lt b\u00e9rminimum 2020-ban is dinamikusan n\u00f6vekszik, mik\u00f6zben a munkaer\u0151hi\u00e1ny tov\u00e1bbra is felfel\u00e9 hajtja a kereseteket. Azonban az \u00fcres \u00e1ll\u00e1shelyek cs\u00f6kken\u00e9se miatt m\u00e1r nem biztos, hogy olyan kedvez\u0151 helyzetben lesznek a dolgoz\u00f3k, mint a kor\u00e1bbi \u00e9vekben, \u00edgy a b\u00e9remel\u00e9s m\u00e9rt\u00e9ke kiss\u00e9 alacsonyabb lehet. A b\u00e9rek v\u00e1s\u00e1rl\u00f3erej\u00e9nek n\u00f6veked\u00e9s\u00e9t pedig a v\u00e1rhat\u00f3an 3% [&hellip;]<\/p>\n","protected":false},"author":1,"featured_media":2009,"comment_status":"open","ping_status":"open","sticky":false,"template":"","format":"standard","meta":{"_monsterinsights_skip_tracking":false,"footnotes":""},"categories":[198],"tags":[],"class_list":["post-3635","post","type-post","status-publish","format-standard","has-post-thumbnail","hentry","category-gazdasag"],"aioseo_notices":[],"aioseo_head":"\n\t\t<!-- All in One SEO 5.0.0.1 - aioseo.com -->\n\t<meta name=\"description\" content=\"Magyarorsz\u00e1gon a minim\u00e1lb\u00e9r \u00e9s a garant\u00e1lt b\u00e9rminimum 2020-ban is dinamikusan n\u00f6vekszik, mik\u00f6zben a munkaer\u0151hi\u00e1ny tov\u00e1bbra is felfel\u00e9 hajtja a kereseteket. Azonban az \u00fcres \u00e1ll\u00e1shelyek cs\u00f6kken\u00e9se miatt m\u00e1r nem biztos, hogy olyan kedvez\u0151 helyzetben lesznek a dolgoz\u00f3k, mint a kor\u00e1bbi \u00e9vekben, \u00edgy a b\u00e9remel\u00e9s m\u00e9rt\u00e9ke kiss\u00e9 alacsonyabb lehet. A b\u00e9rek v\u00e1s\u00e1rl\u00f3erej\u00e9nek n\u00f6veked\u00e9s\u00e9t pedig a v\u00e1rhat\u00f3an 3%\" \/>\n\t<meta name=\"robots\" content=\"max-image-preview:large\" \/>\n\t<meta name=\"author\" content=\"Juh\u00e1sz P\u00e9ter\"\/>\n\t<link rel=\"canonical\" href=\"https:\/\/allasorias.hu\/hirek\/tovabb-folytatodik-a-berek-emelkedese\/\" \/>\n\t<meta name=\"generator\" content=\"All in One SEO (AIOSEO) 5.0.0.1\" \/>\n\t\t<meta property=\"og:locale\" content=\"hu_HU\" \/>\n\t\t<meta property=\"og:site_name\" content=\"AllasOrias.hu | H\u00edrek-lapszemle | \u00dczleti h\u00edrek az \u00e1ll\u00e1s \u00e9s a munka vil\u00e1g\u00e1b\u00f3l\" \/>\n\t\t<meta property=\"og:type\" content=\"article\" \/>\n\t\t<meta property=\"og:title\" content=\"Tov\u00e1bb folytat\u00f3dik a b\u00e9rek emelked\u00e9se | AllasOrias.hu | H\u00edrek-lapszemle\" \/>\n\t\t<meta property=\"og:description\" content=\"Magyarorsz\u00e1gon a minim\u00e1lb\u00e9r \u00e9s a garant\u00e1lt b\u00e9rminimum 2020-ban is dinamikusan n\u00f6vekszik, mik\u00f6zben a munkaer\u0151hi\u00e1ny tov\u00e1bbra is felfel\u00e9 hajtja a kereseteket. Azonban az \u00fcres \u00e1ll\u00e1shelyek cs\u00f6kken\u00e9se miatt m\u00e1r nem biztos, hogy olyan kedvez\u0151 helyzetben lesznek a dolgoz\u00f3k, mint a kor\u00e1bbi \u00e9vekben, \u00edgy a b\u00e9remel\u00e9s m\u00e9rt\u00e9ke kiss\u00e9 alacsonyabb lehet. A b\u00e9rek v\u00e1s\u00e1rl\u00f3erej\u00e9nek n\u00f6veked\u00e9s\u00e9t pedig a v\u00e1rhat\u00f3an 3%\" \/>\n\t\t<meta property=\"og:url\" content=\"https:\/\/allasorias.hu\/hirek\/tovabb-folytatodik-a-berek-emelkedese\/\" \/>\n\t\t<meta property=\"og:image\" content=\"https:\/\/allasorias.hu\/hirek\/wp-content\/uploads\/2018\/10\/Business-Views.jpg\" \/>\n\t\t<meta property=\"og:image:secure_url\" content=\"https:\/\/allasorias.hu\/hirek\/wp-content\/uploads\/2018\/10\/Business-Views.jpg\" \/>\n\t\t<meta property=\"og:image:width\" content=\"800\" \/>\n\t\t<meta property=\"og:image:height\" content=\"567\" \/>\n\t\t<meta property=\"article:published_time\" content=\"2020-01-02T08:42:38+00:00\" \/>\n\t\t<meta property=\"article:modified_time\" content=\"2020-01-02T08:42:38+00:00\" \/>\n\t\t<meta property=\"article:publisher\" content=\"https:\/\/www.facebook.com\/allasorias\" \/>\n\t\t<meta name=\"twitter:card\" content=\"summary_large_image\" \/>\n\t\t<meta name=\"twitter:title\" content=\"Tov\u00e1bb folytat\u00f3dik a b\u00e9rek emelked\u00e9se | AllasOrias.hu | H\u00edrek-lapszemle\" \/>\n\t\t<meta name=\"twitter:description\" content=\"Magyarorsz\u00e1gon a minim\u00e1lb\u00e9r \u00e9s a garant\u00e1lt b\u00e9rminimum 2020-ban is dinamikusan n\u00f6vekszik, mik\u00f6zben a munkaer\u0151hi\u00e1ny tov\u00e1bbra is felfel\u00e9 hajtja a kereseteket. Azonban az \u00fcres \u00e1ll\u00e1shelyek cs\u00f6kken\u00e9se miatt m\u00e1r nem biztos, hogy olyan kedvez\u0151 helyzetben lesznek a dolgoz\u00f3k, mint a kor\u00e1bbi \u00e9vekben, \u00edgy a b\u00e9remel\u00e9s m\u00e9rt\u00e9ke kiss\u00e9 alacsonyabb lehet. A b\u00e9rek v\u00e1s\u00e1rl\u00f3erej\u00e9nek n\u00f6veked\u00e9s\u00e9t pedig a v\u00e1rhat\u00f3an 3%\" \/>\n\t\t<meta name=\"twitter:image\" content=\"https:\/\/allasorias.hu\/hirek\/wp-content\/uploads\/2018\/10\/Business-Views.jpg\" \/>\n\t\t<meta name=\"twitter:label1\" content=\"Written by\" \/>\n\t\t<meta name=\"twitter:data1\" content=\"Juh\u00e1sz P\u00e9ter\" \/>\n\t\t<meta name=\"twitter:label2\" content=\"Est. reading time\" \/>\n\t\t<meta name=\"twitter:data2\" content=\"2 minutes\" \/>\n\t\t<script type=\"application\/ld+json\" class=\"aioseo-schema\">\n\t\t\t{\"@context\":\"https:\\\/\\\/schema.org\",\"@graph\":[{\"@type\":\"Article\",\"@id\":\"https:\\\/\\\/allasorias.hu\\\/hirek\\\/tovabb-folytatodik-a-berek-emelkedese\\\/#article\",\"name\":\"Tov\\u00e1bb folytat\\u00f3dik a b\\u00e9rek emelked\\u00e9se | AllasOrias.hu | H\\u00edrek-lapszemle\",\"headline\":\"Tov\\u00e1bb folytat\\u00f3dik a b\\u00e9rek emelked\\u00e9se\",\"author\":{\"@id\":\"https:\\\/\\\/allasorias.hu\\\/hirek\\\/author\\\/admin-allasorias\\\/#author\"},\"publisher\":{\"@id\":\"https:\\\/\\\/allasorias.hu\\\/hirek\\\/#organization\"},\"image\":{\"@type\":\"ImageObject\",\"url\":\"https:\\\/\\\/allasorias.hu\\\/hirek\\\/wp-content\\\/uploads\\\/2018\\\/10\\\/Business-Views.jpg\",\"width\":800,\"height\":567},\"datePublished\":\"2020-01-02T08:42:38+02:00\",\"dateModified\":\"2020-01-02T08:42:38+02:00\",\"inLanguage\":\"hu-HU\",\"mainEntityOfPage\":{\"@id\":\"https:\\\/\\\/allasorias.hu\\\/hirek\\\/tovabb-folytatodik-a-berek-emelkedese\\\/#webpage\"},\"isPartOf\":{\"@id\":\"https:\\\/\\\/allasorias.hu\\\/hirek\\\/tovabb-folytatodik-a-berek-emelkedese\\\/#webpage\"},\"articleSection\":\"Gazdas\\u00e1g\"},{\"@type\":\"BreadcrumbList\",\"@id\":\"https:\\\/\\\/allasorias.hu\\\/hirek\\\/tovabb-folytatodik-a-berek-emelkedese\\\/#breadcrumblist\",\"itemListElement\":[{\"@type\":\"ListItem\",\"@id\":\"https:\\\/\\\/allasorias.hu\\\/hirek#listItem\",\"position\":1,\"name\":\"Home\",\"item\":\"https:\\\/\\\/allasorias.hu\\\/hirek\",\"nextItem\":{\"@type\":\"ListItem\",\"@id\":\"https:\\\/\\\/allasorias.hu\\\/hirek\\\/temak\\\/gazdasag\\\/#listItem\",\"name\":\"Gazdas\\u00e1g\"}},{\"@type\":\"ListItem\",\"@id\":\"https:\\\/\\\/allasorias.hu\\\/hirek\\\/temak\\\/gazdasag\\\/#listItem\",\"position\":2,\"name\":\"Gazdas\\u00e1g\",\"item\":\"https:\\\/\\\/allasorias.hu\\\/hirek\\\/temak\\\/gazdasag\\\/\",\"nextItem\":{\"@type\":\"ListItem\",\"@id\":\"https:\\\/\\\/allasorias.hu\\\/hirek\\\/tovabb-folytatodik-a-berek-emelkedese\\\/#listItem\",\"name\":\"Tov\\u00e1bb folytat\\u00f3dik a b\\u00e9rek emelked\\u00e9se\"},\"previousItem\":{\"@type\":\"ListItem\",\"@id\":\"https:\\\/\\\/allasorias.hu\\\/hirek#listItem\",\"name\":\"Home\"}},{\"@type\":\"ListItem\",\"@id\":\"https:\\\/\\\/allasorias.hu\\\/hirek\\\/tovabb-folytatodik-a-berek-emelkedese\\\/#listItem\",\"position\":3,\"name\":\"Tov\\u00e1bb folytat\\u00f3dik a b\\u00e9rek emelked\\u00e9se\",\"previousItem\":{\"@type\":\"ListItem\",\"@id\":\"https:\\\/\\\/allasorias.hu\\\/hirek\\\/temak\\\/gazdasag\\\/#listItem\",\"name\":\"Gazdas\\u00e1g\"}}]},{\"@type\":\"Organization\",\"@id\":\"https:\\\/\\\/allasorias.hu\\\/hirek\\\/#organization\",\"name\":\"AllasOrias.hu | H\\u00edrek-lapszemle\",\"description\":\"\\u00dczleti h\\u00edrek az \\u00e1ll\\u00e1s \\u00e9s a munka vil\\u00e1g\\u00e1b\\u00f3l\",\"url\":\"https:\\\/\\\/allasorias.hu\\\/hirek\\\/\",\"logo\":{\"@type\":\"ImageObject\",\"url\":\"https:\\\/\\\/allasorias.hu\\\/hirek\\\/wp-content\\\/uploads\\\/2022\\\/10\\\/allasorias_site_facebok_logo.png\",\"@id\":\"https:\\\/\\\/allasorias.hu\\\/hirek\\\/tovabb-folytatodik-a-berek-emelkedese\\\/#organizationLogo\"},\"image\":{\"@id\":\"https:\\\/\\\/allasorias.hu\\\/hirek\\\/tovabb-folytatodik-a-berek-emelkedese\\\/#organizationLogo\"},\"sameAs\":[\"https:\\\/\\\/www.facebook.com\\\/allasorias\",\"https:\\\/\\\/www.linkedin.com\\\/company\\\/allasorias\"]},{\"@type\":\"Person\",\"@id\":\"https:\\\/\\\/allasorias.hu\\\/hirek\\\/author\\\/admin-allasorias\\\/#author\",\"url\":\"https:\\\/\\\/allasorias.hu\\\/hirek\\\/author\\\/admin-allasorias\\\/\",\"name\":\"Juh\\u00e1sz P\\u00e9ter\",\"image\":{\"@type\":\"ImageObject\",\"@id\":\"https:\\\/\\\/allasorias.hu\\\/hirek\\\/tovabb-folytatodik-a-berek-emelkedese\\\/#authorImage\",\"url\":\"https:\\\/\\\/secure.gravatar.com\\\/avatar\\\/36e6bcb83148978b992977cb0f54d22feb0cce8a0a849a9410532bb2623ba4c6?s=96&d=mm&r=g\",\"width\":96,\"height\":96,\"caption\":\"Juh\\u00e1sz P\\u00e9ter\"}},{\"@type\":\"WebPage\",\"@id\":\"https:\\\/\\\/allasorias.hu\\\/hirek\\\/tovabb-folytatodik-a-berek-emelkedese\\\/#webpage\",\"url\":\"https:\\\/\\\/allasorias.hu\\\/hirek\\\/tovabb-folytatodik-a-berek-emelkedese\\\/\",\"name\":\"Tov\\u00e1bb folytat\\u00f3dik a b\\u00e9rek emelked\\u00e9se | AllasOrias.hu | H\\u00edrek-lapszemle\",\"description\":\"Magyarorsz\\u00e1gon a minim\\u00e1lb\\u00e9r \\u00e9s a garant\\u00e1lt b\\u00e9rminimum 2020-ban is dinamikusan n\\u00f6vekszik, mik\\u00f6zben a munkaer\\u0151hi\\u00e1ny tov\\u00e1bbra is felfel\\u00e9 hajtja a kereseteket. Azonban az \\u00fcres \\u00e1ll\\u00e1shelyek cs\\u00f6kken\\u00e9se miatt m\\u00e1r nem biztos, hogy olyan kedvez\\u0151 helyzetben lesznek a dolgoz\\u00f3k, mint a kor\\u00e1bbi \\u00e9vekben, \\u00edgy a b\\u00e9remel\\u00e9s m\\u00e9rt\\u00e9ke kiss\\u00e9 alacsonyabb lehet. A b\\u00e9rek v\\u00e1s\\u00e1rl\\u00f3erej\\u00e9nek n\\u00f6veked\\u00e9s\\u00e9t pedig a v\\u00e1rhat\\u00f3an 3%\",\"inLanguage\":\"hu-HU\",\"isPartOf\":{\"@id\":\"https:\\\/\\\/allasorias.hu\\\/hirek\\\/#website\"},\"breadcrumb\":{\"@id\":\"https:\\\/\\\/allasorias.hu\\\/hirek\\\/tovabb-folytatodik-a-berek-emelkedese\\\/#breadcrumblist\"},\"author\":{\"@id\":\"https:\\\/\\\/allasorias.hu\\\/hirek\\\/author\\\/admin-allasorias\\\/#author\"},\"creator\":{\"@id\":\"https:\\\/\\\/allasorias.hu\\\/hirek\\\/author\\\/admin-allasorias\\\/#author\"},\"image\":{\"@type\":\"ImageObject\",\"url\":\"https:\\\/\\\/allasorias.hu\\\/hirek\\\/wp-content\\\/uploads\\\/2018\\\/10\\\/Business-Views.jpg\",\"@id\":\"https:\\\/\\\/allasorias.hu\\\/hirek\\\/tovabb-folytatodik-a-berek-emelkedese\\\/#mainImage\",\"width\":800,\"height\":567},\"primaryImageOfPage\":{\"@id\":\"https:\\\/\\\/allasorias.hu\\\/hirek\\\/tovabb-folytatodik-a-berek-emelkedese\\\/#mainImage\"},\"datePublished\":\"2020-01-02T08:42:38+02:00\",\"dateModified\":\"2020-01-02T08:42:38+02:00\"},{\"@type\":\"WebSite\",\"@id\":\"https:\\\/\\\/allasorias.hu\\\/hirek\\\/#website\",\"url\":\"https:\\\/\\\/allasorias.hu\\\/hirek\\\/\",\"name\":\"AllasOrias.hu | H\\u00edrek-lapszemle\",\"description\":\"\\u00dczleti h\\u00edrek az \\u00e1ll\\u00e1s \\u00e9s a munka vil\\u00e1g\\u00e1b\\u00f3l\",\"inLanguage\":\"hu-HU\",\"publisher\":{\"@id\":\"https:\\\/\\\/allasorias.hu\\\/hirek\\\/#organization\"}}]}\n\t\t<\/script>\n\t\t<!-- All in One SEO -->\n\n","aioseo_head_json":{"title":"Tov\u00e1bb folytat\u00f3dik a b\u00e9rek emelked\u00e9se | AllasOrias.hu | H\u00edrek-lapszemle","description":"Magyarorsz\u00e1gon a minim\u00e1lb\u00e9r \u00e9s a garant\u00e1lt b\u00e9rminimum 2020-ban is dinamikusan n\u00f6vekszik, mik\u00f6zben a munkaer\u0151hi\u00e1ny tov\u00e1bbra is felfel\u00e9 hajtja a kereseteket. Azonban az \u00fcres \u00e1ll\u00e1shelyek cs\u00f6kken\u00e9se miatt m\u00e1r nem biztos, hogy olyan kedvez\u0151 helyzetben lesznek a dolgoz\u00f3k, mint a kor\u00e1bbi \u00e9vekben, \u00edgy a b\u00e9remel\u00e9s m\u00e9rt\u00e9ke kiss\u00e9 alacsonyabb lehet. A b\u00e9rek v\u00e1s\u00e1rl\u00f3erej\u00e9nek n\u00f6veked\u00e9s\u00e9t pedig a v\u00e1rhat\u00f3an 3%","canonical_url":"https:\/\/allasorias.hu\/hirek\/tovabb-folytatodik-a-berek-emelkedese\/","robots":"max-image-preview:large","keywords":"","webmasterTools":{"miscellaneous":""},"schema":{"@context":"https:\/\/schema.org","@graph":[{"@type":"Article","@id":"https:\/\/allasorias.hu\/hirek\/tovabb-folytatodik-a-berek-emelkedese\/#article","name":"Tov\u00e1bb folytat\u00f3dik a b\u00e9rek emelked\u00e9se | AllasOrias.hu | H\u00edrek-lapszemle","headline":"Tov\u00e1bb folytat\u00f3dik a b\u00e9rek emelked\u00e9se","author":{"@id":"https:\/\/allasorias.hu\/hirek\/author\/admin-allasorias\/#author"},"publisher":{"@id":"https:\/\/allasorias.hu\/hirek\/#organization"},"image":{"@type":"ImageObject","url":"https:\/\/allasorias.hu\/hirek\/wp-content\/uploads\/2018\/10\/Business-Views.jpg","width":800,"height":567},"datePublished":"2020-01-02T08:42:38+02:00","dateModified":"2020-01-02T08:42:38+02:00","inLanguage":"hu-HU","mainEntityOfPage":{"@id":"https:\/\/allasorias.hu\/hirek\/tovabb-folytatodik-a-berek-emelkedese\/#webpage"},"isPartOf":{"@id":"https:\/\/allasorias.hu\/hirek\/tovabb-folytatodik-a-berek-emelkedese\/#webpage"},"articleSection":"Gazdas\u00e1g"},{"@type":"BreadcrumbList","@id":"https:\/\/allasorias.hu\/hirek\/tovabb-folytatodik-a-berek-emelkedese\/#breadcrumblist","itemListElement":[{"@type":"ListItem","@id":"https:\/\/allasorias.hu\/hirek#listItem","position":1,"name":"Home","item":"https:\/\/allasorias.hu\/hirek","nextItem":{"@type":"ListItem","@id":"https:\/\/allasorias.hu\/hirek\/temak\/gazdasag\/#listItem","name":"Gazdas\u00e1g"}},{"@type":"ListItem","@id":"https:\/\/allasorias.hu\/hirek\/temak\/gazdasag\/#listItem","position":2,"name":"Gazdas\u00e1g","item":"https:\/\/allasorias.hu\/hirek\/temak\/gazdasag\/","nextItem":{"@type":"ListItem","@id":"https:\/\/allasorias.hu\/hirek\/tovabb-folytatodik-a-berek-emelkedese\/#listItem","name":"Tov\u00e1bb folytat\u00f3dik a b\u00e9rek emelked\u00e9se"},"previousItem":{"@type":"ListItem","@id":"https:\/\/allasorias.hu\/hirek#listItem","name":"Home"}},{"@type":"ListItem","@id":"https:\/\/allasorias.hu\/hirek\/tovabb-folytatodik-a-berek-emelkedese\/#listItem","position":3,"name":"Tov\u00e1bb folytat\u00f3dik a b\u00e9rek emelked\u00e9se","previousItem":{"@type":"ListItem","@id":"https:\/\/allasorias.hu\/hirek\/temak\/gazdasag\/#listItem","name":"Gazdas\u00e1g"}}]},{"@type":"Organization","@id":"https:\/\/allasorias.hu\/hirek\/#organization","name":"AllasOrias.hu | H\u00edrek-lapszemle","description":"\u00dczleti h\u00edrek az \u00e1ll\u00e1s \u00e9s a munka vil\u00e1g\u00e1b\u00f3l","url":"https:\/\/allasorias.hu\/hirek\/","logo":{"@type":"ImageObject","url":"https:\/\/allasorias.hu\/hirek\/wp-content\/uploads\/2022\/10\/allasorias_site_facebok_logo.png","@id":"https:\/\/allasorias.hu\/hirek\/tovabb-folytatodik-a-berek-emelkedese\/#organizationLogo"},"image":{"@id":"https:\/\/allasorias.hu\/hirek\/tovabb-folytatodik-a-berek-emelkedese\/#organizationLogo"},"sameAs":["https:\/\/www.facebook.com\/allasorias","https:\/\/www.linkedin.com\/company\/allasorias"]},{"@type":"Person","@id":"https:\/\/allasorias.hu\/hirek\/author\/admin-allasorias\/#author","url":"https:\/\/allasorias.hu\/hirek\/author\/admin-allasorias\/","name":"Juh\u00e1sz P\u00e9ter","image":{"@type":"ImageObject","@id":"https:\/\/allasorias.hu\/hirek\/tovabb-folytatodik-a-berek-emelkedese\/#authorImage","url":"https:\/\/secure.gravatar.com\/avatar\/36e6bcb83148978b992977cb0f54d22feb0cce8a0a849a9410532bb2623ba4c6?s=96&d=mm&r=g","width":96,"height":96,"caption":"Juh\u00e1sz P\u00e9ter"}},{"@type":"WebPage","@id":"https:\/\/allasorias.hu\/hirek\/tovabb-folytatodik-a-berek-emelkedese\/#webpage","url":"https:\/\/allasorias.hu\/hirek\/tovabb-folytatodik-a-berek-emelkedese\/","name":"Tov\u00e1bb folytat\u00f3dik a b\u00e9rek emelked\u00e9se | AllasOrias.hu | H\u00edrek-lapszemle","description":"Magyarorsz\u00e1gon a minim\u00e1lb\u00e9r \u00e9s a garant\u00e1lt b\u00e9rminimum 2020-ban is dinamikusan n\u00f6vekszik, mik\u00f6zben a munkaer\u0151hi\u00e1ny tov\u00e1bbra is felfel\u00e9 hajtja a kereseteket. Azonban az \u00fcres \u00e1ll\u00e1shelyek cs\u00f6kken\u00e9se miatt m\u00e1r nem biztos, hogy olyan kedvez\u0151 helyzetben lesznek a dolgoz\u00f3k, mint a kor\u00e1bbi \u00e9vekben, \u00edgy a b\u00e9remel\u00e9s m\u00e9rt\u00e9ke kiss\u00e9 alacsonyabb lehet. A b\u00e9rek v\u00e1s\u00e1rl\u00f3erej\u00e9nek n\u00f6veked\u00e9s\u00e9t pedig a v\u00e1rhat\u00f3an 3%","inLanguage":"hu-HU","isPartOf":{"@id":"https:\/\/allasorias.hu\/hirek\/#website"},"breadcrumb":{"@id":"https:\/\/allasorias.hu\/hirek\/tovabb-folytatodik-a-berek-emelkedese\/#breadcrumblist"},"author":{"@id":"https:\/\/allasorias.hu\/hirek\/author\/admin-allasorias\/#author"},"creator":{"@id":"https:\/\/allasorias.hu\/hirek\/author\/admin-allasorias\/#author"},"image":{"@type":"ImageObject","url":"https:\/\/allasorias.hu\/hirek\/wp-content\/uploads\/2018\/10\/Business-Views.jpg","@id":"https:\/\/allasorias.hu\/hirek\/tovabb-folytatodik-a-berek-emelkedese\/#mainImage","width":800,"height":567},"primaryImageOfPage":{"@id":"https:\/\/allasorias.hu\/hirek\/tovabb-folytatodik-a-berek-emelkedese\/#mainImage"},"datePublished":"2020-01-02T08:42:38+02:00","dateModified":"2020-01-02T08:42:38+02:00"},{"@type":"WebSite","@id":"https:\/\/allasorias.hu\/hirek\/#website","url":"https:\/\/allasorias.hu\/hirek\/","name":"AllasOrias.hu | H\u00edrek-lapszemle","description":"\u00dczleti h\u00edrek az \u00e1ll\u00e1s \u00e9s a munka vil\u00e1g\u00e1b\u00f3l","inLanguage":"hu-HU","publisher":{"@id":"https:\/\/allasorias.hu\/hirek\/#organization"}}]},"og:locale":"hu_HU","og:site_name":"AllasOrias.hu | H\u00edrek-lapszemle | \u00dczleti h\u00edrek az \u00e1ll\u00e1s \u00e9s a munka vil\u00e1g\u00e1b\u00f3l","og:type":"article","og:title":"Tov\u00e1bb folytat\u00f3dik a b\u00e9rek emelked\u00e9se | AllasOrias.hu | H\u00edrek-lapszemle","og:description":"Magyarorsz\u00e1gon a minim\u00e1lb\u00e9r \u00e9s a garant\u00e1lt b\u00e9rminimum 2020-ban is dinamikusan n\u00f6vekszik, mik\u00f6zben a munkaer\u0151hi\u00e1ny tov\u00e1bbra is felfel\u00e9 hajtja a kereseteket. Azonban az \u00fcres \u00e1ll\u00e1shelyek cs\u00f6kken\u00e9se miatt m\u00e1r nem biztos, hogy olyan kedvez\u0151 helyzetben lesznek a dolgoz\u00f3k, mint a kor\u00e1bbi \u00e9vekben, \u00edgy a b\u00e9remel\u00e9s m\u00e9rt\u00e9ke kiss\u00e9 alacsonyabb lehet. A b\u00e9rek v\u00e1s\u00e1rl\u00f3erej\u00e9nek n\u00f6veked\u00e9s\u00e9t pedig a v\u00e1rhat\u00f3an 3%","og:url":"https:\/\/allasorias.hu\/hirek\/tovabb-folytatodik-a-berek-emelkedese\/","og:image":"https:\/\/allasorias.hu\/hirek\/wp-content\/uploads\/2018\/10\/Business-Views.jpg","og:image:secure_url":"https:\/\/allasorias.hu\/hirek\/wp-content\/uploads\/2018\/10\/Business-Views.jpg","og:image:width":800,"og:image:height":567,"article:published_time":"2020-01-02T08:42:38+00:00","article:modified_time":"2020-01-02T08:42:38+00:00","article:publisher":"https:\/\/www.facebook.com\/allasorias","twitter:card":"summary_large_image","twitter:title":"Tov\u00e1bb folytat\u00f3dik a b\u00e9rek emelked\u00e9se | AllasOrias.hu | H\u00edrek-lapszemle","twitter:description":"Magyarorsz\u00e1gon a minim\u00e1lb\u00e9r \u00e9s a garant\u00e1lt b\u00e9rminimum 2020-ban is dinamikusan n\u00f6vekszik, mik\u00f6zben a munkaer\u0151hi\u00e1ny tov\u00e1bbra is felfel\u00e9 hajtja a kereseteket. Azonban az \u00fcres \u00e1ll\u00e1shelyek cs\u00f6kken\u00e9se miatt m\u00e1r nem biztos, hogy olyan kedvez\u0151 helyzetben lesznek a dolgoz\u00f3k, mint a kor\u00e1bbi \u00e9vekben, \u00edgy a b\u00e9remel\u00e9s m\u00e9rt\u00e9ke kiss\u00e9 alacsonyabb lehet. A b\u00e9rek v\u00e1s\u00e1rl\u00f3erej\u00e9nek n\u00f6veked\u00e9s\u00e9t pedig a v\u00e1rhat\u00f3an 3%","twitter:image":"https:\/\/allasorias.hu\/hirek\/wp-content\/uploads\/2018\/10\/Business-Views.jpg","twitter:label1":"Written by","twitter:data1":"Juh\u00e1sz P\u00e9ter","twitter:label2":"Est. reading time","twitter:data2":"2 minutes"},"aioseo_meta_data":{"post_id":"3635","title":null,"description":null,"keywords":null,"keyphrases":null,"primary_term":null,"canonical_url":null,"og_title":null,"og_description":null,"og_object_type":"default","og_image_type":"default","og_image_url":null,"og_image_width":null,"og_image_height":null,"og_image_custom_url":null,"og_image_custom_fields":null,"og_video":null,"og_custom_url":null,"og_article_section":null,"og_article_tags":null,"twitter_use_og":false,"twitter_card":"default","twitter_image_type":"default","twitter_image_url":null,"twitter_image_custom_url":null,"twitter_image_custom_fields":null,"twitter_title":null,"twitter_description":null,"schema":{"blockGraphs":[],"customGraphs":[],"default":{"data":{"Article":[],"Course":[],"Dataset":[],"FAQPage":[],"Movie":[],"Person":[],"Product":[],"ProductReview":[],"Car":[],"Recipe":[],"Service":[],"SoftwareApplication":[],"WebPage":[]},"graphName":"","isEnabled":true},"graphs":[],"defaultGraph":"","defaultPostTypeGraph":""},"schema_type":null,"schema_type_options":null,"pillar_content":false,"robots_default":true,"robots_noindex":false,"robots_noarchive":false,"robots_nosnippet":false,"robots_nofollow":false,"robots_noimageindex":false,"robots_noodp":false,"robots_notranslate":false,"robots_max_snippet":null,"robots_max_videopreview":null,"robots_max_imagepreview":"large","priority":null,"frequency":null,"location":null,"local_seo":null,"breadcrumb_settings":null,"limit_modified_date":false,"ai":null,"created":"2021-02-01 22:27:19","updated":"2025-10-02 12:47:04","seo_analyzer_scan_date":null,"focus_keyword":null,"additional_keywords":null,"truseo_locale":null},"aioseo_breadcrumb":"<div class=\"aioseo-breadcrumbs\"><span class=\"aioseo-breadcrumb\">\n\t\t\t<a href=\"https:\/\/allasorias.hu\/hirek\" title=\"Home\">Home<\/a>\n\t\t<\/span><span class=\"aioseo-breadcrumb-separator\">&raquo;<\/span><span class=\"aioseo-breadcrumb\">\n\t\t\t<a href=\"https:\/\/allasorias.hu\/hirek\/temak\/gazdasag\/\" title=\"Gazdas\u00e1g\">Gazdas\u00e1g<\/a>\n\t\t<\/span><span class=\"aioseo-breadcrumb-separator\">&raquo;<\/span><span class=\"aioseo-breadcrumb\">\n\t\t\tTov\u00e1bb folytat\u00f3dik a b\u00e9rek emelked\u00e9se\n\t\t<\/span><\/div>","aioseo_breadcrumb_json":[{"label":"Home","link":"https:\/\/allasorias.hu\/hirek"},{"label":"Gazdas\u00e1g","link":"https:\/\/allasorias.hu\/hirek\/temak\/gazdasag\/"},{"label":"Tov\u00e1bb folytat\u00f3dik a b\u00e9rek emelked\u00e9se","link":"https:\/\/allasorias.hu\/hirek\/tovabb-folytatodik-a-berek-emelkedese\/"}],"_links":{"self":[{"href":"https:\/\/allasorias.hu\/hirek\/wp-json\/wp\/v2\/posts\/3635","targetHints":{"allow":["GET"]}}],"collection":[{"href":"https:\/\/allasorias.hu\/hirek\/wp-json\/wp\/v2\/posts"}],"about":[{"href":"https:\/\/allasorias.hu\/hirek\/wp-json\/wp\/v2\/types\/post"}],"author":[{"embeddable":true,"href":"https:\/\/allasorias.hu\/hirek\/wp-json\/wp\/v2\/users\/1"}],"replies":[{"embeddable":true,"href":"https:\/\/allasorias.hu\/hirek\/wp-json\/wp\/v2\/comments?post=3635"}],"version-history":[{"count":1,"href":"https:\/\/allasorias.hu\/hirek\/wp-json\/wp\/v2\/posts\/3635\/revisions"}],"predecessor-version":[{"id":3636,"href":"https:\/\/allasorias.hu\/hirek\/wp-json\/wp\/v2\/posts\/3635\/revisions\/3636"}],"wp:featuredmedia":[{"embeddable":true,"href":"https:\/\/allasorias.hu\/hirek\/wp-json\/wp\/v2\/media\/2009"}],"wp:attachment":[{"href":"https:\/\/allasorias.hu\/hirek\/wp-json\/wp\/v2\/media?parent=3635"}],"wp:term":[{"taxonomy":"category","embeddable":true,"href":"https:\/\/allasorias.hu\/hirek\/wp-json\/wp\/v2\/categories?post=3635"},{"taxonomy":"post_tag","embeddable":true,"href":"https:\/\/allasorias.hu\/hirek\/wp-json\/wp\/v2\/tags?post=3635"}],"curies":[{"name":"wp","href":"https:\/\/api.w.org\/{rel}","templated":true}]}}