{"id":3631,"date":"2019-12-30T07:28:59","date_gmt":"2019-12-30T07:28:59","guid":{"rendered":"https:\/\/allasorias.hu\/hirek\/?p=3631"},"modified":"2020-01-02T07:32:19","modified_gmt":"2020-01-02T07:32:19","slug":"hol-dolgozzanak-a-megvaltozott-kepesseguek","status":"publish","type":"post","link":"https:\/\/allasorias.hu\/hirek\/hol-dolgozzanak-a-megvaltozott-kepesseguek\/","title":{"rendered":"Hol dolgozzanak a megv\u00e1ltozott k\u00e9pess\u00e9g\u0171ek ?"},"content":{"rendered":"<p><strong>Haz\u00e1nkban mintegy 150 ezer megv\u00e1ltozott munkak\u00e9pess\u00e9g\u0171 embernek m\u00e9g nincs \u00e1ll\u00e1sa, pedig tudn\u00e1nak \u00e9s akarn\u00e1nak is dolgozni \u2013 \u00edrta a Magyar Nemzet. A lapnak F\u00fcl\u00f6p Attila, az Emberi Er\u0151forr\u00e1sok Miniszt\u00e9rium\u00e1nak szoci\u00e1lis \u00fcgyek\u00e9rt felel\u0151s \u00e1llamtitk\u00e1ra elmondta: janu\u00e1rban megrendezik az \u00c9rt\u00e9kPlacc nemzetk\u00f6zi konferenci\u00e1t, hogy felh\u00edvj\u00e1k a v\u00e1llalatok figyelm\u00e9t a megv\u00e1ltozott munkak\u00e9pess\u00e9g\u0171 munkaer\u0151ben rejl\u0151 lehet\u0151s\u00e9gekre.<\/strong><\/p>\n<p>Az elm\u00falt h\u00e9t \u00e9vben a korm\u00e1ny \u00e1talak\u00edtotta a megv\u00e1ltozott munkak\u00e9pess\u00e9g\u0171ek foglalkoztat\u00e1s\u00e1nak rendszer\u00e9t, hogy aki tud, az munk\u00e1b\u00f3l \u00e9lhessen meg, ne k\u00e9nyszer\u00fclj\u00f6n seg\u00e9lyre \u2013 jelentette ki. M\u00edg 2010-ben 60-70 ezer megv\u00e1ltozott munkak\u00e9pess\u00e9g\u0171 embernek volt \u00e1ll\u00e1sa, ma ez m\u00e1r k\u00f6r\u00fclbel\u00fcl 150 ezerr\u0151l mondhat\u00f3 el \u2013 k\u00f6z\u00f6lte F\u00fcl\u00f6p Attila. Hozz\u00e1tette: \u00fagy l\u00e1tj\u00e1k, a munkaer\u0151piac m\u00e9g fel tudna sz\u00edvni tov\u00e1bbi 150 ezer megv\u00e1ltozott munkak\u00e9pess\u00e9g\u0171t.A megv\u00e1ltozott munkak\u00e9pess\u00e9g\u0171ek csoportja t\u00e1g: a fogyat\u00e9koss\u00e1ggal \u00e9l\u0151 embereken \u2013 p\u00e9ld\u00e1ul mozg\u00e1ss\u00e9r\u00fclteken, vakokon \u2013 k\u00edv\u00fcl olyanok is idetartoznak, akik l\u00e1badoznak sz\u00edvm\u0171t\u00e9t vagy r\u00e1k ut\u00e1n. Sokan a rehabilit\u00e1ci\u00f3jukat k\u00f6vet\u0151en, tudn\u00e1nak dolgozni, csak nem olyan munkak\u00f6rben, mint kor\u00e1bban \u2013 mutatott r\u00e1 az \u00e1llamtitk\u00e1r.Hangs\u00falyozta: azt akarj\u00e1k kiindul\u00f3pontt\u00e1 tenni, hogy a munka legyen a j\u00f6vedelemszerz\u00e9s els\u0151 sz\u00e1m\u00fa lehet\u0151s\u00e9ge \u00e9s forr\u00e1sa. A fogyat\u00e9koss\u00e1g-\u00fcgyben az \u00f6n\u00e1ll\u00f3s\u00e1g megteremt\u00e9se a legfontosabb l\u00e9p\u00e9s \u2013 f\u0171zte hozz\u00e1. F\u00fcl\u00f6p Attila k\u00f6z\u00f6lte, hogy Magyarorsz\u00e1gon csaknem 350 ezer megv\u00e1ltozott munkak\u00e9pess\u00e9g\u0171 szem\u00e9ly \u00e9l. A legs\u00falyosabb \u00e1llapot\u00fa, halmozottan fogyat\u00e9kos emberek nem fognak tudni elhelyezkedni, de nagyj\u00e1b\u00f3l 300 ezren k\u00e9pesek dolgozni. Az \u00e1llami v\u00e1llalatok vezet\u0151ivel t\u00e1rgyaltak arr\u00f3l, hogyan \u00f6szt\u00f6n\u00f6zhetn\u00e9k a megv\u00e1ltozott munkak\u00e9pess\u00e9g\u0171ek felv\u00e9tel\u00e9t, mert leggyakrabban ott sem \u00e9rik el a jogszab\u00e1lyban el\u0151\u00edrt \u00f6t sz\u00e1zal\u00e9kos foglalkoztat\u00e1st \u2013 mondta. Jelezte, hogy a 25 f\u0151n\u00e9l t\u00f6bbet alkalmaz\u00f3 c\u00e9geknek \u00fagynevezett rehabilit\u00e1ci\u00f3s hozz\u00e1j\u00e1rul\u00e1st kell fizetni\u00fck, ha nem foglalkoztatnak megv\u00e1ltozott munkak\u00e9pess\u00e9g\u0171 embert. L\u00e9tezik egy pozit\u00edv \u00f6szt\u00f6nz\u0151 is: j\u00e1rul\u00e9kkedvezm\u00e9nyt kapnak azok a v\u00e1llalatok, amelyek viszont alkalmaznak megv\u00e1ltozott munkak\u00e9pess\u00e9g\u0171eket. Az \u00e1llamtitk\u00e1r k\u00f6z\u00f6lte, hogy a c\u00e9gek 100 milli\u00e1rd forintnyi rehabilit\u00e1ci\u00f3s hozz\u00e1j\u00e1rul\u00e1st fizetnek be \u00e9vente, egyetlen ember ut\u00e1n a minim\u00e1lb\u00e9r kilencszeres\u00e9t. Teh\u00e1t nagyj\u00e1b\u00f3l 70 ezer szem\u00e9lyt nem foglalkoztatnak, ink\u00e1bb lemondanak r\u00f3luk, \u00e9s \u00e1tutalj\u00e1k a t\u00f6bbletad\u00f3t. Pedig ha alkalmazn\u00e1k \u0151ket, m\u00e9g j\u00e1rul\u00e9kkedvezm\u00e9nyt is kapn\u00e1nak &#8211; hangs\u00falyozta F\u00fcl\u00f6p Attila a Magyar Nemzetnek.<\/p>\n<p>Forr\u00e1s: hirklikk.hu<\/p>\n","protected":false},"excerpt":{"rendered":"<p>Haz\u00e1nkban mintegy 150 ezer megv\u00e1ltozott munkak\u00e9pess\u00e9g\u0171 embernek m\u00e9g nincs \u00e1ll\u00e1sa, pedig tudn\u00e1nak \u00e9s akarn\u00e1nak is dolgozni \u2013 \u00edrta a Magyar Nemzet. A lapnak F\u00fcl\u00f6p Attila, az Emberi Er\u0151forr\u00e1sok Miniszt\u00e9rium\u00e1nak szoci\u00e1lis \u00fcgyek\u00e9rt felel\u0151s \u00e1llamtitk\u00e1ra elmondta: janu\u00e1rban megrendezik az \u00c9rt\u00e9kPlacc nemzetk\u00f6zi konferenci\u00e1t, hogy felh\u00edvj\u00e1k a v\u00e1llalatok figyelm\u00e9t a megv\u00e1ltozott munkak\u00e9pess\u00e9g\u0171 munkaer\u0151ben rejl\u0151 lehet\u0151s\u00e9gekre. Az elm\u00falt h\u00e9t \u00e9vben [&hellip;]<\/p>\n","protected":false},"author":1,"featured_media":2263,"comment_status":"open","ping_status":"open","sticky":false,"template":"","format":"standard","meta":{"_monsterinsights_skip_tracking":false,"footnotes":""},"categories":[200],"tags":[],"class_list":["post-3631","post","type-post","status-publish","format-standard","has-post-thumbnail","hentry","category-munkaeropiac"],"aioseo_notices":[],"aioseo_head":"\n\t\t<!-- All in One SEO 5.0.0.1 - aioseo.com -->\n\t<meta name=\"description\" content=\"Haz\u00e1nkban mintegy 150 ezer megv\u00e1ltozott munkak\u00e9pess\u00e9g\u0171 embernek m\u00e9g nincs \u00e1ll\u00e1sa, pedig tudn\u00e1nak \u00e9s akarn\u00e1nak is dolgozni \u2013 \u00edrta a Magyar Nemzet. A lapnak F\u00fcl\u00f6p Attila, az Emberi Er\u0151forr\u00e1sok Miniszt\u00e9rium\u00e1nak szoci\u00e1lis \u00fcgyek\u00e9rt felel\u0151s \u00e1llamtitk\u00e1ra elmondta: janu\u00e1rban megrendezik az \u00c9rt\u00e9kPlacc nemzetk\u00f6zi konferenci\u00e1t, hogy felh\u00edvj\u00e1k a v\u00e1llalatok figyelm\u00e9t a megv\u00e1ltozott munkak\u00e9pess\u00e9g\u0171 munkaer\u0151ben rejl\u0151 lehet\u0151s\u00e9gekre. Az elm\u00falt h\u00e9t \u00e9vben\" \/>\n\t<meta name=\"robots\" content=\"max-image-preview:large\" \/>\n\t<meta name=\"author\" content=\"Juh\u00e1sz P\u00e9ter\"\/>\n\t<link rel=\"canonical\" href=\"https:\/\/allasorias.hu\/hirek\/hol-dolgozzanak-a-megvaltozott-kepesseguek\/\" \/>\n\t<meta name=\"generator\" content=\"All in One SEO (AIOSEO) 5.0.0.1\" \/>\n\t\t<meta property=\"og:locale\" content=\"hu_HU\" \/>\n\t\t<meta property=\"og:site_name\" content=\"AllasOrias.hu | H\u00edrek-lapszemle | \u00dczleti h\u00edrek az \u00e1ll\u00e1s \u00e9s a munka vil\u00e1g\u00e1b\u00f3l\" \/>\n\t\t<meta property=\"og:type\" content=\"article\" \/>\n\t\t<meta property=\"og:title\" content=\"Hol dolgozzanak a megv\u00e1ltozott k\u00e9pess\u00e9g\u0171ek ? | AllasOrias.hu | H\u00edrek-lapszemle\" \/>\n\t\t<meta property=\"og:description\" content=\"Haz\u00e1nkban mintegy 150 ezer megv\u00e1ltozott munkak\u00e9pess\u00e9g\u0171 embernek m\u00e9g nincs \u00e1ll\u00e1sa, pedig tudn\u00e1nak \u00e9s akarn\u00e1nak is dolgozni \u2013 \u00edrta a Magyar Nemzet. A lapnak F\u00fcl\u00f6p Attila, az Emberi Er\u0151forr\u00e1sok Miniszt\u00e9rium\u00e1nak szoci\u00e1lis \u00fcgyek\u00e9rt felel\u0151s \u00e1llamtitk\u00e1ra elmondta: janu\u00e1rban megrendezik az \u00c9rt\u00e9kPlacc nemzetk\u00f6zi konferenci\u00e1t, hogy felh\u00edvj\u00e1k a v\u00e1llalatok figyelm\u00e9t a megv\u00e1ltozott munkak\u00e9pess\u00e9g\u0171 munkaer\u0151ben rejl\u0151 lehet\u0151s\u00e9gekre. Az elm\u00falt h\u00e9t \u00e9vben\" \/>\n\t\t<meta property=\"og:url\" content=\"https:\/\/allasorias.hu\/hirek\/hol-dolgozzanak-a-megvaltozott-kepesseguek\/\" \/>\n\t\t<meta property=\"og:image\" content=\"https:\/\/allasorias.hu\/hirek\/wp-content\/uploads\/2018\/12\/disabled-2199122_640.jpg\" \/>\n\t\t<meta property=\"og:image:secure_url\" content=\"https:\/\/allasorias.hu\/hirek\/wp-content\/uploads\/2018\/12\/disabled-2199122_640.jpg\" \/>\n\t\t<meta property=\"og:image:width\" content=\"640\" \/>\n\t\t<meta property=\"og:image:height\" content=\"425\" \/>\n\t\t<meta property=\"article:published_time\" content=\"2019-12-30T07:28:59+00:00\" \/>\n\t\t<meta property=\"article:modified_time\" content=\"2020-01-02T07:32:19+00:00\" \/>\n\t\t<meta property=\"article:publisher\" content=\"https:\/\/www.facebook.com\/allasorias\" \/>\n\t\t<meta name=\"twitter:card\" content=\"summary_large_image\" \/>\n\t\t<meta name=\"twitter:title\" content=\"Hol dolgozzanak a megv\u00e1ltozott k\u00e9pess\u00e9g\u0171ek ? | AllasOrias.hu | H\u00edrek-lapszemle\" \/>\n\t\t<meta name=\"twitter:description\" content=\"Haz\u00e1nkban mintegy 150 ezer megv\u00e1ltozott munkak\u00e9pess\u00e9g\u0171 embernek m\u00e9g nincs \u00e1ll\u00e1sa, pedig tudn\u00e1nak \u00e9s akarn\u00e1nak is dolgozni \u2013 \u00edrta a Magyar Nemzet. A lapnak F\u00fcl\u00f6p Attila, az Emberi Er\u0151forr\u00e1sok Miniszt\u00e9rium\u00e1nak szoci\u00e1lis \u00fcgyek\u00e9rt felel\u0151s \u00e1llamtitk\u00e1ra elmondta: janu\u00e1rban megrendezik az \u00c9rt\u00e9kPlacc nemzetk\u00f6zi konferenci\u00e1t, hogy felh\u00edvj\u00e1k a v\u00e1llalatok figyelm\u00e9t a megv\u00e1ltozott munkak\u00e9pess\u00e9g\u0171 munkaer\u0151ben rejl\u0151 lehet\u0151s\u00e9gekre. Az elm\u00falt h\u00e9t \u00e9vben\" \/>\n\t\t<meta name=\"twitter:image\" content=\"https:\/\/allasorias.hu\/hirek\/wp-content\/uploads\/2018\/12\/disabled-2199122_640.jpg\" \/>\n\t\t<meta name=\"twitter:label1\" content=\"Written by\" \/>\n\t\t<meta name=\"twitter:data1\" content=\"Juh\u00e1sz P\u00e9ter\" \/>\n\t\t<meta name=\"twitter:label2\" content=\"Est. reading time\" \/>\n\t\t<meta name=\"twitter:data2\" content=\"3 minutes\" \/>\n\t\t<script type=\"application\/ld+json\" class=\"aioseo-schema\">\n\t\t\t{\"@context\":\"https:\\\/\\\/schema.org\",\"@graph\":[{\"@type\":\"Article\",\"@id\":\"https:\\\/\\\/allasorias.hu\\\/hirek\\\/hol-dolgozzanak-a-megvaltozott-kepesseguek\\\/#article\",\"name\":\"Hol dolgozzanak a megv\\u00e1ltozott k\\u00e9pess\\u00e9g\\u0171ek ? | AllasOrias.hu | H\\u00edrek-lapszemle\",\"headline\":\"Hol dolgozzanak a megv\\u00e1ltozott k\\u00e9pess\\u00e9g\\u0171ek ?\",\"author\":{\"@id\":\"https:\\\/\\\/allasorias.hu\\\/hirek\\\/author\\\/admin-allasorias\\\/#author\"},\"publisher\":{\"@id\":\"https:\\\/\\\/allasorias.hu\\\/hirek\\\/#organization\"},\"image\":{\"@type\":\"ImageObject\",\"url\":\"https:\\\/\\\/allasorias.hu\\\/hirek\\\/wp-content\\\/uploads\\\/2018\\\/12\\\/disabled-2199122_640.jpg\",\"width\":640,\"height\":425},\"datePublished\":\"2019-12-30T07:28:59+02:00\",\"dateModified\":\"2020-01-02T07:32:19+02:00\",\"inLanguage\":\"hu-HU\",\"mainEntityOfPage\":{\"@id\":\"https:\\\/\\\/allasorias.hu\\\/hirek\\\/hol-dolgozzanak-a-megvaltozott-kepesseguek\\\/#webpage\"},\"isPartOf\":{\"@id\":\"https:\\\/\\\/allasorias.hu\\\/hirek\\\/hol-dolgozzanak-a-megvaltozott-kepesseguek\\\/#webpage\"},\"articleSection\":\"Munkaer\\u0151piac\"},{\"@type\":\"BreadcrumbList\",\"@id\":\"https:\\\/\\\/allasorias.hu\\\/hirek\\\/hol-dolgozzanak-a-megvaltozott-kepesseguek\\\/#breadcrumblist\",\"itemListElement\":[{\"@type\":\"ListItem\",\"@id\":\"https:\\\/\\\/allasorias.hu\\\/hirek#listItem\",\"position\":1,\"name\":\"Home\",\"item\":\"https:\\\/\\\/allasorias.hu\\\/hirek\",\"nextItem\":{\"@type\":\"ListItem\",\"@id\":\"https:\\\/\\\/allasorias.hu\\\/hirek\\\/temak\\\/munkaeropiac\\\/#listItem\",\"name\":\"Munkaer\\u0151piac\"}},{\"@type\":\"ListItem\",\"@id\":\"https:\\\/\\\/allasorias.hu\\\/hirek\\\/temak\\\/munkaeropiac\\\/#listItem\",\"position\":2,\"name\":\"Munkaer\\u0151piac\",\"item\":\"https:\\\/\\\/allasorias.hu\\\/hirek\\\/temak\\\/munkaeropiac\\\/\",\"nextItem\":{\"@type\":\"ListItem\",\"@id\":\"https:\\\/\\\/allasorias.hu\\\/hirek\\\/hol-dolgozzanak-a-megvaltozott-kepesseguek\\\/#listItem\",\"name\":\"Hol dolgozzanak a megv\\u00e1ltozott k\\u00e9pess\\u00e9g\\u0171ek ?\"},\"previousItem\":{\"@type\":\"ListItem\",\"@id\":\"https:\\\/\\\/allasorias.hu\\\/hirek#listItem\",\"name\":\"Home\"}},{\"@type\":\"ListItem\",\"@id\":\"https:\\\/\\\/allasorias.hu\\\/hirek\\\/hol-dolgozzanak-a-megvaltozott-kepesseguek\\\/#listItem\",\"position\":3,\"name\":\"Hol dolgozzanak a megv\\u00e1ltozott k\\u00e9pess\\u00e9g\\u0171ek ?\",\"previousItem\":{\"@type\":\"ListItem\",\"@id\":\"https:\\\/\\\/allasorias.hu\\\/hirek\\\/temak\\\/munkaeropiac\\\/#listItem\",\"name\":\"Munkaer\\u0151piac\"}}]},{\"@type\":\"Organization\",\"@id\":\"https:\\\/\\\/allasorias.hu\\\/hirek\\\/#organization\",\"name\":\"AllasOrias.hu | H\\u00edrek-lapszemle\",\"description\":\"\\u00dczleti h\\u00edrek az \\u00e1ll\\u00e1s \\u00e9s a munka vil\\u00e1g\\u00e1b\\u00f3l\",\"url\":\"https:\\\/\\\/allasorias.hu\\\/hirek\\\/\",\"logo\":{\"@type\":\"ImageObject\",\"url\":\"https:\\\/\\\/allasorias.hu\\\/hirek\\\/wp-content\\\/uploads\\\/2022\\\/10\\\/allasorias_site_facebok_logo.png\",\"@id\":\"https:\\\/\\\/allasorias.hu\\\/hirek\\\/hol-dolgozzanak-a-megvaltozott-kepesseguek\\\/#organizationLogo\"},\"image\":{\"@id\":\"https:\\\/\\\/allasorias.hu\\\/hirek\\\/hol-dolgozzanak-a-megvaltozott-kepesseguek\\\/#organizationLogo\"},\"sameAs\":[\"https:\\\/\\\/www.facebook.com\\\/allasorias\",\"https:\\\/\\\/www.linkedin.com\\\/company\\\/allasorias\"]},{\"@type\":\"Person\",\"@id\":\"https:\\\/\\\/allasorias.hu\\\/hirek\\\/author\\\/admin-allasorias\\\/#author\",\"url\":\"https:\\\/\\\/allasorias.hu\\\/hirek\\\/author\\\/admin-allasorias\\\/\",\"name\":\"Juh\\u00e1sz P\\u00e9ter\",\"image\":{\"@type\":\"ImageObject\",\"@id\":\"https:\\\/\\\/allasorias.hu\\\/hirek\\\/hol-dolgozzanak-a-megvaltozott-kepesseguek\\\/#authorImage\",\"url\":\"https:\\\/\\\/secure.gravatar.com\\\/avatar\\\/36e6bcb83148978b992977cb0f54d22feb0cce8a0a849a9410532bb2623ba4c6?s=96&d=mm&r=g\",\"width\":96,\"height\":96,\"caption\":\"Juh\\u00e1sz P\\u00e9ter\"}},{\"@type\":\"WebPage\",\"@id\":\"https:\\\/\\\/allasorias.hu\\\/hirek\\\/hol-dolgozzanak-a-megvaltozott-kepesseguek\\\/#webpage\",\"url\":\"https:\\\/\\\/allasorias.hu\\\/hirek\\\/hol-dolgozzanak-a-megvaltozott-kepesseguek\\\/\",\"name\":\"Hol dolgozzanak a megv\\u00e1ltozott k\\u00e9pess\\u00e9g\\u0171ek ? | AllasOrias.hu | H\\u00edrek-lapszemle\",\"description\":\"Haz\\u00e1nkban mintegy 150 ezer megv\\u00e1ltozott munkak\\u00e9pess\\u00e9g\\u0171 embernek m\\u00e9g nincs \\u00e1ll\\u00e1sa, pedig tudn\\u00e1nak \\u00e9s akarn\\u00e1nak is dolgozni \\u2013 \\u00edrta a Magyar Nemzet. A lapnak F\\u00fcl\\u00f6p Attila, az Emberi Er\\u0151forr\\u00e1sok Miniszt\\u00e9rium\\u00e1nak szoci\\u00e1lis \\u00fcgyek\\u00e9rt felel\\u0151s \\u00e1llamtitk\\u00e1ra elmondta: janu\\u00e1rban megrendezik az \\u00c9rt\\u00e9kPlacc nemzetk\\u00f6zi konferenci\\u00e1t, hogy felh\\u00edvj\\u00e1k a v\\u00e1llalatok figyelm\\u00e9t a megv\\u00e1ltozott munkak\\u00e9pess\\u00e9g\\u0171 munkaer\\u0151ben rejl\\u0151 lehet\\u0151s\\u00e9gekre. Az elm\\u00falt h\\u00e9t \\u00e9vben\",\"inLanguage\":\"hu-HU\",\"isPartOf\":{\"@id\":\"https:\\\/\\\/allasorias.hu\\\/hirek\\\/#website\"},\"breadcrumb\":{\"@id\":\"https:\\\/\\\/allasorias.hu\\\/hirek\\\/hol-dolgozzanak-a-megvaltozott-kepesseguek\\\/#breadcrumblist\"},\"author\":{\"@id\":\"https:\\\/\\\/allasorias.hu\\\/hirek\\\/author\\\/admin-allasorias\\\/#author\"},\"creator\":{\"@id\":\"https:\\\/\\\/allasorias.hu\\\/hirek\\\/author\\\/admin-allasorias\\\/#author\"},\"image\":{\"@type\":\"ImageObject\",\"url\":\"https:\\\/\\\/allasorias.hu\\\/hirek\\\/wp-content\\\/uploads\\\/2018\\\/12\\\/disabled-2199122_640.jpg\",\"@id\":\"https:\\\/\\\/allasorias.hu\\\/hirek\\\/hol-dolgozzanak-a-megvaltozott-kepesseguek\\\/#mainImage\",\"width\":640,\"height\":425},\"primaryImageOfPage\":{\"@id\":\"https:\\\/\\\/allasorias.hu\\\/hirek\\\/hol-dolgozzanak-a-megvaltozott-kepesseguek\\\/#mainImage\"},\"datePublished\":\"2019-12-30T07:28:59+02:00\",\"dateModified\":\"2020-01-02T07:32:19+02:00\"},{\"@type\":\"WebSite\",\"@id\":\"https:\\\/\\\/allasorias.hu\\\/hirek\\\/#website\",\"url\":\"https:\\\/\\\/allasorias.hu\\\/hirek\\\/\",\"name\":\"AllasOrias.hu | H\\u00edrek-lapszemle\",\"description\":\"\\u00dczleti h\\u00edrek az \\u00e1ll\\u00e1s \\u00e9s a munka vil\\u00e1g\\u00e1b\\u00f3l\",\"inLanguage\":\"hu-HU\",\"publisher\":{\"@id\":\"https:\\\/\\\/allasorias.hu\\\/hirek\\\/#organization\"}}]}\n\t\t<\/script>\n\t\t<!-- All in One SEO -->\n\n","aioseo_head_json":{"title":"Hol dolgozzanak a megv\u00e1ltozott k\u00e9pess\u00e9g\u0171ek ? | AllasOrias.hu | H\u00edrek-lapszemle","description":"Haz\u00e1nkban mintegy 150 ezer megv\u00e1ltozott munkak\u00e9pess\u00e9g\u0171 embernek m\u00e9g nincs \u00e1ll\u00e1sa, pedig tudn\u00e1nak \u00e9s akarn\u00e1nak is dolgozni \u2013 \u00edrta a Magyar Nemzet. A lapnak F\u00fcl\u00f6p Attila, az Emberi Er\u0151forr\u00e1sok Miniszt\u00e9rium\u00e1nak szoci\u00e1lis \u00fcgyek\u00e9rt felel\u0151s \u00e1llamtitk\u00e1ra elmondta: janu\u00e1rban megrendezik az \u00c9rt\u00e9kPlacc nemzetk\u00f6zi konferenci\u00e1t, hogy felh\u00edvj\u00e1k a v\u00e1llalatok figyelm\u00e9t a megv\u00e1ltozott munkak\u00e9pess\u00e9g\u0171 munkaer\u0151ben rejl\u0151 lehet\u0151s\u00e9gekre. Az elm\u00falt h\u00e9t \u00e9vben","canonical_url":"https:\/\/allasorias.hu\/hirek\/hol-dolgozzanak-a-megvaltozott-kepesseguek\/","robots":"max-image-preview:large","keywords":"","webmasterTools":{"miscellaneous":""},"schema":{"@context":"https:\/\/schema.org","@graph":[{"@type":"Article","@id":"https:\/\/allasorias.hu\/hirek\/hol-dolgozzanak-a-megvaltozott-kepesseguek\/#article","name":"Hol dolgozzanak a megv\u00e1ltozott k\u00e9pess\u00e9g\u0171ek ? | AllasOrias.hu | H\u00edrek-lapszemle","headline":"Hol dolgozzanak a megv\u00e1ltozott k\u00e9pess\u00e9g\u0171ek ?","author":{"@id":"https:\/\/allasorias.hu\/hirek\/author\/admin-allasorias\/#author"},"publisher":{"@id":"https:\/\/allasorias.hu\/hirek\/#organization"},"image":{"@type":"ImageObject","url":"https:\/\/allasorias.hu\/hirek\/wp-content\/uploads\/2018\/12\/disabled-2199122_640.jpg","width":640,"height":425},"datePublished":"2019-12-30T07:28:59+02:00","dateModified":"2020-01-02T07:32:19+02:00","inLanguage":"hu-HU","mainEntityOfPage":{"@id":"https:\/\/allasorias.hu\/hirek\/hol-dolgozzanak-a-megvaltozott-kepesseguek\/#webpage"},"isPartOf":{"@id":"https:\/\/allasorias.hu\/hirek\/hol-dolgozzanak-a-megvaltozott-kepesseguek\/#webpage"},"articleSection":"Munkaer\u0151piac"},{"@type":"BreadcrumbList","@id":"https:\/\/allasorias.hu\/hirek\/hol-dolgozzanak-a-megvaltozott-kepesseguek\/#breadcrumblist","itemListElement":[{"@type":"ListItem","@id":"https:\/\/allasorias.hu\/hirek#listItem","position":1,"name":"Home","item":"https:\/\/allasorias.hu\/hirek","nextItem":{"@type":"ListItem","@id":"https:\/\/allasorias.hu\/hirek\/temak\/munkaeropiac\/#listItem","name":"Munkaer\u0151piac"}},{"@type":"ListItem","@id":"https:\/\/allasorias.hu\/hirek\/temak\/munkaeropiac\/#listItem","position":2,"name":"Munkaer\u0151piac","item":"https:\/\/allasorias.hu\/hirek\/temak\/munkaeropiac\/","nextItem":{"@type":"ListItem","@id":"https:\/\/allasorias.hu\/hirek\/hol-dolgozzanak-a-megvaltozott-kepesseguek\/#listItem","name":"Hol dolgozzanak a megv\u00e1ltozott k\u00e9pess\u00e9g\u0171ek ?"},"previousItem":{"@type":"ListItem","@id":"https:\/\/allasorias.hu\/hirek#listItem","name":"Home"}},{"@type":"ListItem","@id":"https:\/\/allasorias.hu\/hirek\/hol-dolgozzanak-a-megvaltozott-kepesseguek\/#listItem","position":3,"name":"Hol dolgozzanak a megv\u00e1ltozott k\u00e9pess\u00e9g\u0171ek ?","previousItem":{"@type":"ListItem","@id":"https:\/\/allasorias.hu\/hirek\/temak\/munkaeropiac\/#listItem","name":"Munkaer\u0151piac"}}]},{"@type":"Organization","@id":"https:\/\/allasorias.hu\/hirek\/#organization","name":"AllasOrias.hu | H\u00edrek-lapszemle","description":"\u00dczleti h\u00edrek az \u00e1ll\u00e1s \u00e9s a munka vil\u00e1g\u00e1b\u00f3l","url":"https:\/\/allasorias.hu\/hirek\/","logo":{"@type":"ImageObject","url":"https:\/\/allasorias.hu\/hirek\/wp-content\/uploads\/2022\/10\/allasorias_site_facebok_logo.png","@id":"https:\/\/allasorias.hu\/hirek\/hol-dolgozzanak-a-megvaltozott-kepesseguek\/#organizationLogo"},"image":{"@id":"https:\/\/allasorias.hu\/hirek\/hol-dolgozzanak-a-megvaltozott-kepesseguek\/#organizationLogo"},"sameAs":["https:\/\/www.facebook.com\/allasorias","https:\/\/www.linkedin.com\/company\/allasorias"]},{"@type":"Person","@id":"https:\/\/allasorias.hu\/hirek\/author\/admin-allasorias\/#author","url":"https:\/\/allasorias.hu\/hirek\/author\/admin-allasorias\/","name":"Juh\u00e1sz P\u00e9ter","image":{"@type":"ImageObject","@id":"https:\/\/allasorias.hu\/hirek\/hol-dolgozzanak-a-megvaltozott-kepesseguek\/#authorImage","url":"https:\/\/secure.gravatar.com\/avatar\/36e6bcb83148978b992977cb0f54d22feb0cce8a0a849a9410532bb2623ba4c6?s=96&d=mm&r=g","width":96,"height":96,"caption":"Juh\u00e1sz P\u00e9ter"}},{"@type":"WebPage","@id":"https:\/\/allasorias.hu\/hirek\/hol-dolgozzanak-a-megvaltozott-kepesseguek\/#webpage","url":"https:\/\/allasorias.hu\/hirek\/hol-dolgozzanak-a-megvaltozott-kepesseguek\/","name":"Hol dolgozzanak a megv\u00e1ltozott k\u00e9pess\u00e9g\u0171ek ? | AllasOrias.hu | H\u00edrek-lapszemle","description":"Haz\u00e1nkban mintegy 150 ezer megv\u00e1ltozott munkak\u00e9pess\u00e9g\u0171 embernek m\u00e9g nincs \u00e1ll\u00e1sa, pedig tudn\u00e1nak \u00e9s akarn\u00e1nak is dolgozni \u2013 \u00edrta a Magyar Nemzet. A lapnak F\u00fcl\u00f6p Attila, az Emberi Er\u0151forr\u00e1sok Miniszt\u00e9rium\u00e1nak szoci\u00e1lis \u00fcgyek\u00e9rt felel\u0151s \u00e1llamtitk\u00e1ra elmondta: janu\u00e1rban megrendezik az \u00c9rt\u00e9kPlacc nemzetk\u00f6zi konferenci\u00e1t, hogy felh\u00edvj\u00e1k a v\u00e1llalatok figyelm\u00e9t a megv\u00e1ltozott munkak\u00e9pess\u00e9g\u0171 munkaer\u0151ben rejl\u0151 lehet\u0151s\u00e9gekre. Az elm\u00falt h\u00e9t \u00e9vben","inLanguage":"hu-HU","isPartOf":{"@id":"https:\/\/allasorias.hu\/hirek\/#website"},"breadcrumb":{"@id":"https:\/\/allasorias.hu\/hirek\/hol-dolgozzanak-a-megvaltozott-kepesseguek\/#breadcrumblist"},"author":{"@id":"https:\/\/allasorias.hu\/hirek\/author\/admin-allasorias\/#author"},"creator":{"@id":"https:\/\/allasorias.hu\/hirek\/author\/admin-allasorias\/#author"},"image":{"@type":"ImageObject","url":"https:\/\/allasorias.hu\/hirek\/wp-content\/uploads\/2018\/12\/disabled-2199122_640.jpg","@id":"https:\/\/allasorias.hu\/hirek\/hol-dolgozzanak-a-megvaltozott-kepesseguek\/#mainImage","width":640,"height":425},"primaryImageOfPage":{"@id":"https:\/\/allasorias.hu\/hirek\/hol-dolgozzanak-a-megvaltozott-kepesseguek\/#mainImage"},"datePublished":"2019-12-30T07:28:59+02:00","dateModified":"2020-01-02T07:32:19+02:00"},{"@type":"WebSite","@id":"https:\/\/allasorias.hu\/hirek\/#website","url":"https:\/\/allasorias.hu\/hirek\/","name":"AllasOrias.hu | H\u00edrek-lapszemle","description":"\u00dczleti h\u00edrek az \u00e1ll\u00e1s \u00e9s a munka vil\u00e1g\u00e1b\u00f3l","inLanguage":"hu-HU","publisher":{"@id":"https:\/\/allasorias.hu\/hirek\/#organization"}}]},"og:locale":"hu_HU","og:site_name":"AllasOrias.hu | H\u00edrek-lapszemle | \u00dczleti h\u00edrek az \u00e1ll\u00e1s \u00e9s a munka vil\u00e1g\u00e1b\u00f3l","og:type":"article","og:title":"Hol dolgozzanak a megv\u00e1ltozott k\u00e9pess\u00e9g\u0171ek ? | AllasOrias.hu | H\u00edrek-lapszemle","og:description":"Haz\u00e1nkban mintegy 150 ezer megv\u00e1ltozott munkak\u00e9pess\u00e9g\u0171 embernek m\u00e9g nincs \u00e1ll\u00e1sa, pedig tudn\u00e1nak \u00e9s akarn\u00e1nak is dolgozni \u2013 \u00edrta a Magyar Nemzet. A lapnak F\u00fcl\u00f6p Attila, az Emberi Er\u0151forr\u00e1sok Miniszt\u00e9rium\u00e1nak szoci\u00e1lis \u00fcgyek\u00e9rt felel\u0151s \u00e1llamtitk\u00e1ra elmondta: janu\u00e1rban megrendezik az \u00c9rt\u00e9kPlacc nemzetk\u00f6zi konferenci\u00e1t, hogy felh\u00edvj\u00e1k a v\u00e1llalatok figyelm\u00e9t a megv\u00e1ltozott munkak\u00e9pess\u00e9g\u0171 munkaer\u0151ben rejl\u0151 lehet\u0151s\u00e9gekre. Az elm\u00falt h\u00e9t \u00e9vben","og:url":"https:\/\/allasorias.hu\/hirek\/hol-dolgozzanak-a-megvaltozott-kepesseguek\/","og:image":"https:\/\/allasorias.hu\/hirek\/wp-content\/uploads\/2018\/12\/disabled-2199122_640.jpg","og:image:secure_url":"https:\/\/allasorias.hu\/hirek\/wp-content\/uploads\/2018\/12\/disabled-2199122_640.jpg","og:image:width":640,"og:image:height":425,"article:published_time":"2019-12-30T07:28:59+00:00","article:modified_time":"2020-01-02T07:32:19+00:00","article:publisher":"https:\/\/www.facebook.com\/allasorias","twitter:card":"summary_large_image","twitter:title":"Hol dolgozzanak a megv\u00e1ltozott k\u00e9pess\u00e9g\u0171ek ? | AllasOrias.hu | H\u00edrek-lapszemle","twitter:description":"Haz\u00e1nkban mintegy 150 ezer megv\u00e1ltozott munkak\u00e9pess\u00e9g\u0171 embernek m\u00e9g nincs \u00e1ll\u00e1sa, pedig tudn\u00e1nak \u00e9s akarn\u00e1nak is dolgozni \u2013 \u00edrta a Magyar Nemzet. A lapnak F\u00fcl\u00f6p Attila, az Emberi Er\u0151forr\u00e1sok Miniszt\u00e9rium\u00e1nak szoci\u00e1lis \u00fcgyek\u00e9rt felel\u0151s \u00e1llamtitk\u00e1ra elmondta: janu\u00e1rban megrendezik az \u00c9rt\u00e9kPlacc nemzetk\u00f6zi konferenci\u00e1t, hogy felh\u00edvj\u00e1k a v\u00e1llalatok figyelm\u00e9t a megv\u00e1ltozott munkak\u00e9pess\u00e9g\u0171 munkaer\u0151ben rejl\u0151 lehet\u0151s\u00e9gekre. Az elm\u00falt h\u00e9t \u00e9vben","twitter:image":"https:\/\/allasorias.hu\/hirek\/wp-content\/uploads\/2018\/12\/disabled-2199122_640.jpg","twitter:label1":"Written by","twitter:data1":"Juh\u00e1sz P\u00e9ter","twitter:label2":"Est. reading time","twitter:data2":"3 minutes"},"aioseo_meta_data":{"post_id":"3631","title":null,"description":null,"keywords":null,"keyphrases":null,"primary_term":null,"canonical_url":null,"og_title":null,"og_description":null,"og_object_type":"default","og_image_type":"default","og_image_url":null,"og_image_width":null,"og_image_height":null,"og_image_custom_url":null,"og_image_custom_fields":null,"og_video":null,"og_custom_url":null,"og_article_section":null,"og_article_tags":null,"twitter_use_og":false,"twitter_card":"default","twitter_image_type":"default","twitter_image_url":null,"twitter_image_custom_url":null,"twitter_image_custom_fields":null,"twitter_title":null,"twitter_description":null,"schema":{"blockGraphs":[],"customGraphs":[],"default":{"data":{"Article":[],"Course":[],"Dataset":[],"FAQPage":[],"Movie":[],"Person":[],"Product":[],"ProductReview":[],"Car":[],"Recipe":[],"Service":[],"SoftwareApplication":[],"WebPage":[]},"graphName":"","isEnabled":true},"graphs":[]},"schema_type":null,"schema_type_options":null,"pillar_content":false,"robots_default":true,"robots_noindex":false,"robots_noarchive":false,"robots_nosnippet":false,"robots_nofollow":false,"robots_noimageindex":false,"robots_noodp":false,"robots_notranslate":false,"robots_max_snippet":null,"robots_max_videopreview":null,"robots_max_imagepreview":"large","priority":null,"frequency":null,"location":null,"local_seo":null,"breadcrumb_settings":null,"limit_modified_date":false,"ai":null,"created":"2021-02-01 22:27:19","updated":"2025-10-02 12:47:04","seo_analyzer_scan_date":null,"focus_keyword":null,"additional_keywords":null,"truseo_locale":null},"aioseo_breadcrumb":"<div class=\"aioseo-breadcrumbs\"><span class=\"aioseo-breadcrumb\">\n\t\t\t<a href=\"https:\/\/allasorias.hu\/hirek\" title=\"Home\">Home<\/a>\n\t\t<\/span><span class=\"aioseo-breadcrumb-separator\">&raquo;<\/span><span class=\"aioseo-breadcrumb\">\n\t\t\t<a href=\"https:\/\/allasorias.hu\/hirek\/temak\/munkaeropiac\/\" title=\"Munkaer\u0151piac\">Munkaer\u0151piac<\/a>\n\t\t<\/span><span class=\"aioseo-breadcrumb-separator\">&raquo;<\/span><span class=\"aioseo-breadcrumb\">\n\t\t\tHol dolgozzanak a megv\u00e1ltozott k\u00e9pess\u00e9g\u0171ek ?\n\t\t<\/span><\/div>","aioseo_breadcrumb_json":[{"label":"Home","link":"https:\/\/allasorias.hu\/hirek"},{"label":"Munkaer\u0151piac","link":"https:\/\/allasorias.hu\/hirek\/temak\/munkaeropiac\/"},{"label":"Hol dolgozzanak a megv\u00e1ltozott k\u00e9pess\u00e9g\u0171ek ?","link":"https:\/\/allasorias.hu\/hirek\/hol-dolgozzanak-a-megvaltozott-kepesseguek\/"}],"_links":{"self":[{"href":"https:\/\/allasorias.hu\/hirek\/wp-json\/wp\/v2\/posts\/3631","targetHints":{"allow":["GET"]}}],"collection":[{"href":"https:\/\/allasorias.hu\/hirek\/wp-json\/wp\/v2\/posts"}],"about":[{"href":"https:\/\/allasorias.hu\/hirek\/wp-json\/wp\/v2\/types\/post"}],"author":[{"embeddable":true,"href":"https:\/\/allasorias.hu\/hirek\/wp-json\/wp\/v2\/users\/1"}],"replies":[{"embeddable":true,"href":"https:\/\/allasorias.hu\/hirek\/wp-json\/wp\/v2\/comments?post=3631"}],"version-history":[{"count":1,"href":"https:\/\/allasorias.hu\/hirek\/wp-json\/wp\/v2\/posts\/3631\/revisions"}],"predecessor-version":[{"id":3632,"href":"https:\/\/allasorias.hu\/hirek\/wp-json\/wp\/v2\/posts\/3631\/revisions\/3632"}],"wp:featuredmedia":[{"embeddable":true,"href":"https:\/\/allasorias.hu\/hirek\/wp-json\/wp\/v2\/media\/2263"}],"wp:attachment":[{"href":"https:\/\/allasorias.hu\/hirek\/wp-json\/wp\/v2\/media?parent=3631"}],"wp:term":[{"taxonomy":"category","embeddable":true,"href":"https:\/\/allasorias.hu\/hirek\/wp-json\/wp\/v2\/categories?post=3631"},{"taxonomy":"post_tag","embeddable":true,"href":"https:\/\/allasorias.hu\/hirek\/wp-json\/wp\/v2\/tags?post=3631"}],"curies":[{"name":"wp","href":"https:\/\/api.w.org\/{rel}","templated":true}]}}