{"id":3601,"date":"2019-12-16T08:47:34","date_gmt":"2019-12-16T08:47:34","guid":{"rendered":"https:\/\/allasorias.hu\/hirek\/?p=3601"},"modified":"2019-12-16T08:47:34","modified_gmt":"2019-12-16T08:47:34","slug":"a-munkaeropiacon-segitenek-tajekozodni","status":"publish","type":"post","link":"https:\/\/allasorias.hu\/hirek\/a-munkaeropiacon-segitenek-tajekozodni\/","title":{"rendered":"A munkaer\u0151piacon seg\u00edtenek t\u00e1j\u00e9koz\u00f3dni"},"content":{"rendered":"<p><strong>Szeml\u00e9letform\u00e1l\u00f3 hat\u00e1sa van a kistelep\u00fcl\u00e9sen \u00e9l\u0151 \u00e1ltal\u00e1nos iskol\u00e1sokat tanulm\u00e1nyaik folytat\u00e1s\u00e1ban \u00e9s a munkaer\u0151piacon val\u00f3 t\u00e1j\u00e9koz\u00f3d\u00e1sban t\u00e1mogat\u00f3 \u201cTan\u00edtsunk Magyarorsz\u00e1g\u00e9rt\u201d programnak \u2013 mondta az Innov\u00e1ci\u00f3s \u00e9s Technol\u00f3giai Miniszt\u00e9rium gazdas\u00e1gstrat\u00e9gi\u00e1\u00e9rt \u00e9s szab\u00e1lyoz\u00e1s\u00e9rt felel\u0151s \u00e1llamtitk\u00e1ra Gy\u00f6rgy L\u00e1szl\u00f3.<\/strong><\/p>\n<p>Az \u00e1llamtitk\u00e1r kiemelte: a programot az\u00e9rt ind\u00edtott\u00e1k \u00fatj\u00e1ra, hogy a munka- \u00e9s tov\u00e1bbtanul\u00e1si lehet\u0151s\u00e9gekt\u0151l t\u00e1voli telep\u00fcl\u00e9seken \u00e9l\u0151 fiataloknak tizenn\u00e9gy \u00e9ves korukban ne jelentsen neh\u00e9zs\u00e9get az iskolav\u00e1lt\u00e1s, az azzal j\u00e1r\u00f3 rendszeres utaz\u00e1s \u00e9s a beilleszked\u00e9s. Hozz\u00e1tette: a tapasztalatok szerint legink\u00e1bb ezek felel\u0151sek a k\u00f6z\u00e9piskolai lemorzsol\u00f3d\u00e1s\u00e9rt. K\u00f6z\u00f6lte: a mostani tan\u00e9vben Borsod, Szabolcs, Hajd\u00fa-Bihar \u00e9s Baranya megy\u00e9ben harminc\u00f6t telep\u00fcl\u00e9sen m\u0171k\u00f6dik a program, amelynek keret\u00e9ben mintegy 200 egyetemista mentor\u00e1l 800 \u00e1ltal\u00e1nos iskol\u00e1s di\u00e1kot. Ismertet\u00e9se szerint a kezdem\u00e9nyez\u00e9ssel a kistelep\u00fcl\u00e9sen \u00e9l\u0151 fiatalokat t\u00e1mogatj\u00e1k tanulm\u00e1nyaik sikeres elv\u00e9gz\u00e9s\u00e9ben, l\u00e1t\u00f3k\u00f6r\u00fck sz\u00e9les\u00edt\u00e9s\u00e9ben, a tudatos iskolav\u00e1laszt\u00e1sban. A di\u00e1kok mell\u00e9 szeg\u0151d\u0151 egyetemista mentorok feladata, hogy megmutass\u00e1k a di\u00e1koknak a telep\u00fcl\u00e9sen t\u00fali vil\u00e1g lehet\u0151s\u00e9geit, p\u00e9ld\u00e1ul a szakk\u00e9pz\u0151 int\u00e9zm\u00e9nyeket, a k\u00f6z\u00e9piskol\u00e1kat, a k\u00fcl\u00f6nf\u00e9le munkahelyeket, hogy l\u00e1ss\u00e1k, h\u00e1nyf\u00e9le foglalkoz\u00e1sb\u00f3l \u00e9s mennyi j\u00f6v\u0151b\u0151l v\u00e1laszthatnak. Az \u00e1llamtitk\u00e1r \u00fagy v\u00e9lekedett, m\u00e1r most is \u00e9rz\u00e9kelhet\u0151 hat\u00e1sa van a programnak, hiszen a gyerekeknek mentoraik seg\u00edts\u00e9g\u00e9vel olyan \u00e9lm\u00e9nyekben van r\u00e9sz\u00fck, amelyekben kor\u00e1bban nem volt, \u00e9s az elm\u00falt hetekben olyan helyekre jutottak el, ahov\u00e1 kevesebb es\u00e9ly\u00fck lenne.<\/p>\n<p>Forr\u00e1s: lokal.hu<\/p>\n<p>&nbsp;<\/p>\n","protected":false},"excerpt":{"rendered":"<p>Szeml\u00e9letform\u00e1l\u00f3 hat\u00e1sa van a kistelep\u00fcl\u00e9sen \u00e9l\u0151 \u00e1ltal\u00e1nos iskol\u00e1sokat tanulm\u00e1nyaik folytat\u00e1s\u00e1ban \u00e9s a munkaer\u0151piacon val\u00f3 t\u00e1j\u00e9koz\u00f3d\u00e1sban t\u00e1mogat\u00f3 \u201cTan\u00edtsunk Magyarorsz\u00e1g\u00e9rt\u201d programnak \u2013 mondta az Innov\u00e1ci\u00f3s \u00e9s Technol\u00f3giai Miniszt\u00e9rium gazdas\u00e1gstrat\u00e9gi\u00e1\u00e9rt \u00e9s szab\u00e1lyoz\u00e1s\u00e9rt felel\u0151s \u00e1llamtitk\u00e1ra Gy\u00f6rgy L\u00e1szl\u00f3. Az \u00e1llamtitk\u00e1r kiemelte: a programot az\u00e9rt ind\u00edtott\u00e1k \u00fatj\u00e1ra, hogy a munka- \u00e9s tov\u00e1bbtanul\u00e1si lehet\u0151s\u00e9gekt\u0151l t\u00e1voli telep\u00fcl\u00e9seken \u00e9l\u0151 fiataloknak tizenn\u00e9gy \u00e9ves korukban ne [&hellip;]<\/p>\n","protected":false},"author":1,"featured_media":3602,"comment_status":"open","ping_status":"open","sticky":false,"template":"","format":"standard","meta":{"_monsterinsights_skip_tracking":false,"footnotes":""},"categories":[200],"tags":[],"class_list":["post-3601","post","type-post","status-publish","format-standard","has-post-thumbnail","hentry","category-munkaeropiac"],"aioseo_notices":[],"aioseo_head":"\n\t\t<!-- All in One SEO 5.0.0.1 - aioseo.com -->\n\t<meta name=\"description\" content=\"Szeml\u00e9letform\u00e1l\u00f3 hat\u00e1sa van a kistelep\u00fcl\u00e9sen \u00e9l\u0151 \u00e1ltal\u00e1nos iskol\u00e1sokat tanulm\u00e1nyaik folytat\u00e1s\u00e1ban \u00e9s a munkaer\u0151piacon val\u00f3 t\u00e1j\u00e9koz\u00f3d\u00e1sban t\u00e1mogat\u00f3 \u201cTan\u00edtsunk Magyarorsz\u00e1g\u00e9rt\u201d programnak \u2013 mondta az Innov\u00e1ci\u00f3s \u00e9s Technol\u00f3giai Miniszt\u00e9rium gazdas\u00e1gstrat\u00e9gi\u00e1\u00e9rt \u00e9s szab\u00e1lyoz\u00e1s\u00e9rt felel\u0151s \u00e1llamtitk\u00e1ra Gy\u00f6rgy L\u00e1szl\u00f3. Az \u00e1llamtitk\u00e1r kiemelte: a programot az\u00e9rt ind\u00edtott\u00e1k \u00fatj\u00e1ra, hogy a munka- \u00e9s tov\u00e1bbtanul\u00e1si lehet\u0151s\u00e9gekt\u0151l t\u00e1voli telep\u00fcl\u00e9seken \u00e9l\u0151 fiataloknak tizenn\u00e9gy \u00e9ves korukban ne\" \/>\n\t<meta name=\"robots\" content=\"max-image-preview:large\" \/>\n\t<meta name=\"author\" content=\"Juh\u00e1sz P\u00e9ter\"\/>\n\t<link rel=\"canonical\" href=\"https:\/\/allasorias.hu\/hirek\/a-munkaeropiacon-segitenek-tajekozodni\/\" \/>\n\t<meta name=\"generator\" content=\"All in One SEO (AIOSEO) 5.0.0.1\" \/>\n\t\t<meta property=\"og:locale\" content=\"hu_HU\" \/>\n\t\t<meta property=\"og:site_name\" content=\"AllasOrias.hu | H\u00edrek-lapszemle | \u00dczleti h\u00edrek az \u00e1ll\u00e1s \u00e9s a munka vil\u00e1g\u00e1b\u00f3l\" \/>\n\t\t<meta property=\"og:type\" content=\"article\" \/>\n\t\t<meta property=\"og:title\" content=\"A munkaer\u0151piacon seg\u00edtenek t\u00e1j\u00e9koz\u00f3dni | AllasOrias.hu | H\u00edrek-lapszemle\" \/>\n\t\t<meta property=\"og:description\" content=\"Szeml\u00e9letform\u00e1l\u00f3 hat\u00e1sa van a kistelep\u00fcl\u00e9sen \u00e9l\u0151 \u00e1ltal\u00e1nos iskol\u00e1sokat tanulm\u00e1nyaik folytat\u00e1s\u00e1ban \u00e9s a munkaer\u0151piacon val\u00f3 t\u00e1j\u00e9koz\u00f3d\u00e1sban t\u00e1mogat\u00f3 \u201cTan\u00edtsunk Magyarorsz\u00e1g\u00e9rt\u201d programnak \u2013 mondta az Innov\u00e1ci\u00f3s \u00e9s Technol\u00f3giai Miniszt\u00e9rium gazdas\u00e1gstrat\u00e9gi\u00e1\u00e9rt \u00e9s szab\u00e1lyoz\u00e1s\u00e9rt felel\u0151s \u00e1llamtitk\u00e1ra Gy\u00f6rgy L\u00e1szl\u00f3. Az \u00e1llamtitk\u00e1r kiemelte: a programot az\u00e9rt ind\u00edtott\u00e1k \u00fatj\u00e1ra, hogy a munka- \u00e9s tov\u00e1bbtanul\u00e1si lehet\u0151s\u00e9gekt\u0151l t\u00e1voli telep\u00fcl\u00e9seken \u00e9l\u0151 fiataloknak tizenn\u00e9gy \u00e9ves korukban ne\" \/>\n\t\t<meta property=\"og:url\" content=\"https:\/\/allasorias.hu\/hirek\/a-munkaeropiacon-segitenek-tajekozodni\/\" \/>\n\t\t<meta property=\"og:image\" content=\"https:\/\/allasorias.hu\/hirek\/wp-content\/uploads\/2019\/12\/47575204_350784158834552_6847719178967711744_n.png\" \/>\n\t\t<meta property=\"og:image:secure_url\" content=\"https:\/\/allasorias.hu\/hirek\/wp-content\/uploads\/2019\/12\/47575204_350784158834552_6847719178967711744_n.png\" \/>\n\t\t<meta property=\"og:image:width\" content=\"820\" \/>\n\t\t<meta property=\"og:image:height\" content=\"340\" \/>\n\t\t<meta property=\"article:published_time\" content=\"2019-12-16T08:47:34+00:00\" \/>\n\t\t<meta property=\"article:modified_time\" content=\"2019-12-16T08:47:34+00:00\" \/>\n\t\t<meta property=\"article:publisher\" content=\"https:\/\/www.facebook.com\/allasorias\" \/>\n\t\t<meta name=\"twitter:card\" content=\"summary_large_image\" \/>\n\t\t<meta name=\"twitter:title\" content=\"A munkaer\u0151piacon seg\u00edtenek t\u00e1j\u00e9koz\u00f3dni | AllasOrias.hu | H\u00edrek-lapszemle\" \/>\n\t\t<meta name=\"twitter:description\" content=\"Szeml\u00e9letform\u00e1l\u00f3 hat\u00e1sa van a kistelep\u00fcl\u00e9sen \u00e9l\u0151 \u00e1ltal\u00e1nos iskol\u00e1sokat tanulm\u00e1nyaik folytat\u00e1s\u00e1ban \u00e9s a munkaer\u0151piacon val\u00f3 t\u00e1j\u00e9koz\u00f3d\u00e1sban t\u00e1mogat\u00f3 \u201cTan\u00edtsunk Magyarorsz\u00e1g\u00e9rt\u201d programnak \u2013 mondta az Innov\u00e1ci\u00f3s \u00e9s Technol\u00f3giai Miniszt\u00e9rium gazdas\u00e1gstrat\u00e9gi\u00e1\u00e9rt \u00e9s szab\u00e1lyoz\u00e1s\u00e9rt felel\u0151s \u00e1llamtitk\u00e1ra Gy\u00f6rgy L\u00e1szl\u00f3. Az \u00e1llamtitk\u00e1r kiemelte: a programot az\u00e9rt ind\u00edtott\u00e1k \u00fatj\u00e1ra, hogy a munka- \u00e9s tov\u00e1bbtanul\u00e1si lehet\u0151s\u00e9gekt\u0151l t\u00e1voli telep\u00fcl\u00e9seken \u00e9l\u0151 fiataloknak tizenn\u00e9gy \u00e9ves korukban ne\" \/>\n\t\t<meta name=\"twitter:image\" content=\"https:\/\/allasorias.hu\/hirek\/wp-content\/uploads\/2019\/12\/47575204_350784158834552_6847719178967711744_n.png\" \/>\n\t\t<meta name=\"twitter:label1\" content=\"Written by\" \/>\n\t\t<meta name=\"twitter:data1\" content=\"Juh\u00e1sz P\u00e9ter\" \/>\n\t\t<meta name=\"twitter:label2\" content=\"Est. reading time\" \/>\n\t\t<meta name=\"twitter:data2\" content=\"2 minutes\" \/>\n\t\t<script type=\"application\/ld+json\" class=\"aioseo-schema\">\n\t\t\t{\"@context\":\"https:\\\/\\\/schema.org\",\"@graph\":[{\"@type\":\"Article\",\"@id\":\"https:\\\/\\\/allasorias.hu\\\/hirek\\\/a-munkaeropiacon-segitenek-tajekozodni\\\/#article\",\"name\":\"A munkaer\\u0151piacon seg\\u00edtenek t\\u00e1j\\u00e9koz\\u00f3dni | AllasOrias.hu | H\\u00edrek-lapszemle\",\"headline\":\"A munkaer\\u0151piacon seg\\u00edtenek t\\u00e1j\\u00e9koz\\u00f3dni\",\"author\":{\"@id\":\"https:\\\/\\\/allasorias.hu\\\/hirek\\\/author\\\/admin-allasorias\\\/#author\"},\"publisher\":{\"@id\":\"https:\\\/\\\/allasorias.hu\\\/hirek\\\/#organization\"},\"image\":{\"@type\":\"ImageObject\",\"url\":\"https:\\\/\\\/allasorias.hu\\\/hirek\\\/wp-content\\\/uploads\\\/2019\\\/12\\\/47575204_350784158834552_6847719178967711744_n.png\",\"width\":820,\"height\":340},\"datePublished\":\"2019-12-16T08:47:34+02:00\",\"dateModified\":\"2019-12-16T08:47:34+02:00\",\"inLanguage\":\"hu-HU\",\"mainEntityOfPage\":{\"@id\":\"https:\\\/\\\/allasorias.hu\\\/hirek\\\/a-munkaeropiacon-segitenek-tajekozodni\\\/#webpage\"},\"isPartOf\":{\"@id\":\"https:\\\/\\\/allasorias.hu\\\/hirek\\\/a-munkaeropiacon-segitenek-tajekozodni\\\/#webpage\"},\"articleSection\":\"Munkaer\\u0151piac\"},{\"@type\":\"BreadcrumbList\",\"@id\":\"https:\\\/\\\/allasorias.hu\\\/hirek\\\/a-munkaeropiacon-segitenek-tajekozodni\\\/#breadcrumblist\",\"itemListElement\":[{\"@type\":\"ListItem\",\"@id\":\"https:\\\/\\\/allasorias.hu\\\/hirek#listItem\",\"position\":1,\"name\":\"Home\",\"item\":\"https:\\\/\\\/allasorias.hu\\\/hirek\",\"nextItem\":{\"@type\":\"ListItem\",\"@id\":\"https:\\\/\\\/allasorias.hu\\\/hirek\\\/temak\\\/munkaeropiac\\\/#listItem\",\"name\":\"Munkaer\\u0151piac\"}},{\"@type\":\"ListItem\",\"@id\":\"https:\\\/\\\/allasorias.hu\\\/hirek\\\/temak\\\/munkaeropiac\\\/#listItem\",\"position\":2,\"name\":\"Munkaer\\u0151piac\",\"item\":\"https:\\\/\\\/allasorias.hu\\\/hirek\\\/temak\\\/munkaeropiac\\\/\",\"nextItem\":{\"@type\":\"ListItem\",\"@id\":\"https:\\\/\\\/allasorias.hu\\\/hirek\\\/a-munkaeropiacon-segitenek-tajekozodni\\\/#listItem\",\"name\":\"A munkaer\\u0151piacon seg\\u00edtenek t\\u00e1j\\u00e9koz\\u00f3dni\"},\"previousItem\":{\"@type\":\"ListItem\",\"@id\":\"https:\\\/\\\/allasorias.hu\\\/hirek#listItem\",\"name\":\"Home\"}},{\"@type\":\"ListItem\",\"@id\":\"https:\\\/\\\/allasorias.hu\\\/hirek\\\/a-munkaeropiacon-segitenek-tajekozodni\\\/#listItem\",\"position\":3,\"name\":\"A munkaer\\u0151piacon seg\\u00edtenek t\\u00e1j\\u00e9koz\\u00f3dni\",\"previousItem\":{\"@type\":\"ListItem\",\"@id\":\"https:\\\/\\\/allasorias.hu\\\/hirek\\\/temak\\\/munkaeropiac\\\/#listItem\",\"name\":\"Munkaer\\u0151piac\"}}]},{\"@type\":\"Organization\",\"@id\":\"https:\\\/\\\/allasorias.hu\\\/hirek\\\/#organization\",\"name\":\"AllasOrias.hu | H\\u00edrek-lapszemle\",\"description\":\"\\u00dczleti h\\u00edrek az \\u00e1ll\\u00e1s \\u00e9s a munka vil\\u00e1g\\u00e1b\\u00f3l\",\"url\":\"https:\\\/\\\/allasorias.hu\\\/hirek\\\/\",\"logo\":{\"@type\":\"ImageObject\",\"url\":\"https:\\\/\\\/allasorias.hu\\\/hirek\\\/wp-content\\\/uploads\\\/2022\\\/10\\\/allasorias_site_facebok_logo.png\",\"@id\":\"https:\\\/\\\/allasorias.hu\\\/hirek\\\/a-munkaeropiacon-segitenek-tajekozodni\\\/#organizationLogo\"},\"image\":{\"@id\":\"https:\\\/\\\/allasorias.hu\\\/hirek\\\/a-munkaeropiacon-segitenek-tajekozodni\\\/#organizationLogo\"},\"sameAs\":[\"https:\\\/\\\/www.facebook.com\\\/allasorias\",\"https:\\\/\\\/www.linkedin.com\\\/company\\\/allasorias\"]},{\"@type\":\"Person\",\"@id\":\"https:\\\/\\\/allasorias.hu\\\/hirek\\\/author\\\/admin-allasorias\\\/#author\",\"url\":\"https:\\\/\\\/allasorias.hu\\\/hirek\\\/author\\\/admin-allasorias\\\/\",\"name\":\"Juh\\u00e1sz P\\u00e9ter\",\"image\":{\"@type\":\"ImageObject\",\"@id\":\"https:\\\/\\\/allasorias.hu\\\/hirek\\\/a-munkaeropiacon-segitenek-tajekozodni\\\/#authorImage\",\"url\":\"https:\\\/\\\/secure.gravatar.com\\\/avatar\\\/36e6bcb83148978b992977cb0f54d22feb0cce8a0a849a9410532bb2623ba4c6?s=96&d=mm&r=g\",\"width\":96,\"height\":96,\"caption\":\"Juh\\u00e1sz P\\u00e9ter\"}},{\"@type\":\"WebPage\",\"@id\":\"https:\\\/\\\/allasorias.hu\\\/hirek\\\/a-munkaeropiacon-segitenek-tajekozodni\\\/#webpage\",\"url\":\"https:\\\/\\\/allasorias.hu\\\/hirek\\\/a-munkaeropiacon-segitenek-tajekozodni\\\/\",\"name\":\"A munkaer\\u0151piacon seg\\u00edtenek t\\u00e1j\\u00e9koz\\u00f3dni | AllasOrias.hu | H\\u00edrek-lapszemle\",\"description\":\"Szeml\\u00e9letform\\u00e1l\\u00f3 hat\\u00e1sa van a kistelep\\u00fcl\\u00e9sen \\u00e9l\\u0151 \\u00e1ltal\\u00e1nos iskol\\u00e1sokat tanulm\\u00e1nyaik folytat\\u00e1s\\u00e1ban \\u00e9s a munkaer\\u0151piacon val\\u00f3 t\\u00e1j\\u00e9koz\\u00f3d\\u00e1sban t\\u00e1mogat\\u00f3 \\u201cTan\\u00edtsunk Magyarorsz\\u00e1g\\u00e9rt\\u201d programnak \\u2013 mondta az Innov\\u00e1ci\\u00f3s \\u00e9s Technol\\u00f3giai Miniszt\\u00e9rium gazdas\\u00e1gstrat\\u00e9gi\\u00e1\\u00e9rt \\u00e9s szab\\u00e1lyoz\\u00e1s\\u00e9rt felel\\u0151s \\u00e1llamtitk\\u00e1ra Gy\\u00f6rgy L\\u00e1szl\\u00f3. Az \\u00e1llamtitk\\u00e1r kiemelte: a programot az\\u00e9rt ind\\u00edtott\\u00e1k \\u00fatj\\u00e1ra, hogy a munka- \\u00e9s tov\\u00e1bbtanul\\u00e1si lehet\\u0151s\\u00e9gekt\\u0151l t\\u00e1voli telep\\u00fcl\\u00e9seken \\u00e9l\\u0151 fiataloknak tizenn\\u00e9gy \\u00e9ves korukban ne\",\"inLanguage\":\"hu-HU\",\"isPartOf\":{\"@id\":\"https:\\\/\\\/allasorias.hu\\\/hirek\\\/#website\"},\"breadcrumb\":{\"@id\":\"https:\\\/\\\/allasorias.hu\\\/hirek\\\/a-munkaeropiacon-segitenek-tajekozodni\\\/#breadcrumblist\"},\"author\":{\"@id\":\"https:\\\/\\\/allasorias.hu\\\/hirek\\\/author\\\/admin-allasorias\\\/#author\"},\"creator\":{\"@id\":\"https:\\\/\\\/allasorias.hu\\\/hirek\\\/author\\\/admin-allasorias\\\/#author\"},\"image\":{\"@type\":\"ImageObject\",\"url\":\"https:\\\/\\\/allasorias.hu\\\/hirek\\\/wp-content\\\/uploads\\\/2019\\\/12\\\/47575204_350784158834552_6847719178967711744_n.png\",\"@id\":\"https:\\\/\\\/allasorias.hu\\\/hirek\\\/a-munkaeropiacon-segitenek-tajekozodni\\\/#mainImage\",\"width\":820,\"height\":340},\"primaryImageOfPage\":{\"@id\":\"https:\\\/\\\/allasorias.hu\\\/hirek\\\/a-munkaeropiacon-segitenek-tajekozodni\\\/#mainImage\"},\"datePublished\":\"2019-12-16T08:47:34+02:00\",\"dateModified\":\"2019-12-16T08:47:34+02:00\"},{\"@type\":\"WebSite\",\"@id\":\"https:\\\/\\\/allasorias.hu\\\/hirek\\\/#website\",\"url\":\"https:\\\/\\\/allasorias.hu\\\/hirek\\\/\",\"name\":\"AllasOrias.hu | H\\u00edrek-lapszemle\",\"description\":\"\\u00dczleti h\\u00edrek az \\u00e1ll\\u00e1s \\u00e9s a munka vil\\u00e1g\\u00e1b\\u00f3l\",\"inLanguage\":\"hu-HU\",\"publisher\":{\"@id\":\"https:\\\/\\\/allasorias.hu\\\/hirek\\\/#organization\"}}]}\n\t\t<\/script>\n\t\t<!-- All in One SEO -->\n\n","aioseo_head_json":{"title":"A munkaer\u0151piacon seg\u00edtenek t\u00e1j\u00e9koz\u00f3dni | AllasOrias.hu | H\u00edrek-lapszemle","description":"Szeml\u00e9letform\u00e1l\u00f3 hat\u00e1sa van a kistelep\u00fcl\u00e9sen \u00e9l\u0151 \u00e1ltal\u00e1nos iskol\u00e1sokat tanulm\u00e1nyaik folytat\u00e1s\u00e1ban \u00e9s a munkaer\u0151piacon val\u00f3 t\u00e1j\u00e9koz\u00f3d\u00e1sban t\u00e1mogat\u00f3 \u201cTan\u00edtsunk Magyarorsz\u00e1g\u00e9rt\u201d programnak \u2013 mondta az Innov\u00e1ci\u00f3s \u00e9s Technol\u00f3giai Miniszt\u00e9rium gazdas\u00e1gstrat\u00e9gi\u00e1\u00e9rt \u00e9s szab\u00e1lyoz\u00e1s\u00e9rt felel\u0151s \u00e1llamtitk\u00e1ra Gy\u00f6rgy L\u00e1szl\u00f3. Az \u00e1llamtitk\u00e1r kiemelte: a programot az\u00e9rt ind\u00edtott\u00e1k \u00fatj\u00e1ra, hogy a munka- \u00e9s tov\u00e1bbtanul\u00e1si lehet\u0151s\u00e9gekt\u0151l t\u00e1voli telep\u00fcl\u00e9seken \u00e9l\u0151 fiataloknak tizenn\u00e9gy \u00e9ves korukban ne","canonical_url":"https:\/\/allasorias.hu\/hirek\/a-munkaeropiacon-segitenek-tajekozodni\/","robots":"max-image-preview:large","keywords":"","webmasterTools":{"miscellaneous":""},"schema":{"@context":"https:\/\/schema.org","@graph":[{"@type":"Article","@id":"https:\/\/allasorias.hu\/hirek\/a-munkaeropiacon-segitenek-tajekozodni\/#article","name":"A munkaer\u0151piacon seg\u00edtenek t\u00e1j\u00e9koz\u00f3dni | AllasOrias.hu | H\u00edrek-lapszemle","headline":"A munkaer\u0151piacon seg\u00edtenek t\u00e1j\u00e9koz\u00f3dni","author":{"@id":"https:\/\/allasorias.hu\/hirek\/author\/admin-allasorias\/#author"},"publisher":{"@id":"https:\/\/allasorias.hu\/hirek\/#organization"},"image":{"@type":"ImageObject","url":"https:\/\/allasorias.hu\/hirek\/wp-content\/uploads\/2019\/12\/47575204_350784158834552_6847719178967711744_n.png","width":820,"height":340},"datePublished":"2019-12-16T08:47:34+02:00","dateModified":"2019-12-16T08:47:34+02:00","inLanguage":"hu-HU","mainEntityOfPage":{"@id":"https:\/\/allasorias.hu\/hirek\/a-munkaeropiacon-segitenek-tajekozodni\/#webpage"},"isPartOf":{"@id":"https:\/\/allasorias.hu\/hirek\/a-munkaeropiacon-segitenek-tajekozodni\/#webpage"},"articleSection":"Munkaer\u0151piac"},{"@type":"BreadcrumbList","@id":"https:\/\/allasorias.hu\/hirek\/a-munkaeropiacon-segitenek-tajekozodni\/#breadcrumblist","itemListElement":[{"@type":"ListItem","@id":"https:\/\/allasorias.hu\/hirek#listItem","position":1,"name":"Home","item":"https:\/\/allasorias.hu\/hirek","nextItem":{"@type":"ListItem","@id":"https:\/\/allasorias.hu\/hirek\/temak\/munkaeropiac\/#listItem","name":"Munkaer\u0151piac"}},{"@type":"ListItem","@id":"https:\/\/allasorias.hu\/hirek\/temak\/munkaeropiac\/#listItem","position":2,"name":"Munkaer\u0151piac","item":"https:\/\/allasorias.hu\/hirek\/temak\/munkaeropiac\/","nextItem":{"@type":"ListItem","@id":"https:\/\/allasorias.hu\/hirek\/a-munkaeropiacon-segitenek-tajekozodni\/#listItem","name":"A munkaer\u0151piacon seg\u00edtenek t\u00e1j\u00e9koz\u00f3dni"},"previousItem":{"@type":"ListItem","@id":"https:\/\/allasorias.hu\/hirek#listItem","name":"Home"}},{"@type":"ListItem","@id":"https:\/\/allasorias.hu\/hirek\/a-munkaeropiacon-segitenek-tajekozodni\/#listItem","position":3,"name":"A munkaer\u0151piacon seg\u00edtenek t\u00e1j\u00e9koz\u00f3dni","previousItem":{"@type":"ListItem","@id":"https:\/\/allasorias.hu\/hirek\/temak\/munkaeropiac\/#listItem","name":"Munkaer\u0151piac"}}]},{"@type":"Organization","@id":"https:\/\/allasorias.hu\/hirek\/#organization","name":"AllasOrias.hu | H\u00edrek-lapszemle","description":"\u00dczleti h\u00edrek az \u00e1ll\u00e1s \u00e9s a munka vil\u00e1g\u00e1b\u00f3l","url":"https:\/\/allasorias.hu\/hirek\/","logo":{"@type":"ImageObject","url":"https:\/\/allasorias.hu\/hirek\/wp-content\/uploads\/2022\/10\/allasorias_site_facebok_logo.png","@id":"https:\/\/allasorias.hu\/hirek\/a-munkaeropiacon-segitenek-tajekozodni\/#organizationLogo"},"image":{"@id":"https:\/\/allasorias.hu\/hirek\/a-munkaeropiacon-segitenek-tajekozodni\/#organizationLogo"},"sameAs":["https:\/\/www.facebook.com\/allasorias","https:\/\/www.linkedin.com\/company\/allasorias"]},{"@type":"Person","@id":"https:\/\/allasorias.hu\/hirek\/author\/admin-allasorias\/#author","url":"https:\/\/allasorias.hu\/hirek\/author\/admin-allasorias\/","name":"Juh\u00e1sz P\u00e9ter","image":{"@type":"ImageObject","@id":"https:\/\/allasorias.hu\/hirek\/a-munkaeropiacon-segitenek-tajekozodni\/#authorImage","url":"https:\/\/secure.gravatar.com\/avatar\/36e6bcb83148978b992977cb0f54d22feb0cce8a0a849a9410532bb2623ba4c6?s=96&d=mm&r=g","width":96,"height":96,"caption":"Juh\u00e1sz P\u00e9ter"}},{"@type":"WebPage","@id":"https:\/\/allasorias.hu\/hirek\/a-munkaeropiacon-segitenek-tajekozodni\/#webpage","url":"https:\/\/allasorias.hu\/hirek\/a-munkaeropiacon-segitenek-tajekozodni\/","name":"A munkaer\u0151piacon seg\u00edtenek t\u00e1j\u00e9koz\u00f3dni | AllasOrias.hu | H\u00edrek-lapszemle","description":"Szeml\u00e9letform\u00e1l\u00f3 hat\u00e1sa van a kistelep\u00fcl\u00e9sen \u00e9l\u0151 \u00e1ltal\u00e1nos iskol\u00e1sokat tanulm\u00e1nyaik folytat\u00e1s\u00e1ban \u00e9s a munkaer\u0151piacon val\u00f3 t\u00e1j\u00e9koz\u00f3d\u00e1sban t\u00e1mogat\u00f3 \u201cTan\u00edtsunk Magyarorsz\u00e1g\u00e9rt\u201d programnak \u2013 mondta az Innov\u00e1ci\u00f3s \u00e9s Technol\u00f3giai Miniszt\u00e9rium gazdas\u00e1gstrat\u00e9gi\u00e1\u00e9rt \u00e9s szab\u00e1lyoz\u00e1s\u00e9rt felel\u0151s \u00e1llamtitk\u00e1ra Gy\u00f6rgy L\u00e1szl\u00f3. Az \u00e1llamtitk\u00e1r kiemelte: a programot az\u00e9rt ind\u00edtott\u00e1k \u00fatj\u00e1ra, hogy a munka- \u00e9s tov\u00e1bbtanul\u00e1si lehet\u0151s\u00e9gekt\u0151l t\u00e1voli telep\u00fcl\u00e9seken \u00e9l\u0151 fiataloknak tizenn\u00e9gy \u00e9ves korukban ne","inLanguage":"hu-HU","isPartOf":{"@id":"https:\/\/allasorias.hu\/hirek\/#website"},"breadcrumb":{"@id":"https:\/\/allasorias.hu\/hirek\/a-munkaeropiacon-segitenek-tajekozodni\/#breadcrumblist"},"author":{"@id":"https:\/\/allasorias.hu\/hirek\/author\/admin-allasorias\/#author"},"creator":{"@id":"https:\/\/allasorias.hu\/hirek\/author\/admin-allasorias\/#author"},"image":{"@type":"ImageObject","url":"https:\/\/allasorias.hu\/hirek\/wp-content\/uploads\/2019\/12\/47575204_350784158834552_6847719178967711744_n.png","@id":"https:\/\/allasorias.hu\/hirek\/a-munkaeropiacon-segitenek-tajekozodni\/#mainImage","width":820,"height":340},"primaryImageOfPage":{"@id":"https:\/\/allasorias.hu\/hirek\/a-munkaeropiacon-segitenek-tajekozodni\/#mainImage"},"datePublished":"2019-12-16T08:47:34+02:00","dateModified":"2019-12-16T08:47:34+02:00"},{"@type":"WebSite","@id":"https:\/\/allasorias.hu\/hirek\/#website","url":"https:\/\/allasorias.hu\/hirek\/","name":"AllasOrias.hu | H\u00edrek-lapszemle","description":"\u00dczleti h\u00edrek az \u00e1ll\u00e1s \u00e9s a munka vil\u00e1g\u00e1b\u00f3l","inLanguage":"hu-HU","publisher":{"@id":"https:\/\/allasorias.hu\/hirek\/#organization"}}]},"og:locale":"hu_HU","og:site_name":"AllasOrias.hu | H\u00edrek-lapszemle | \u00dczleti h\u00edrek az \u00e1ll\u00e1s \u00e9s a munka vil\u00e1g\u00e1b\u00f3l","og:type":"article","og:title":"A munkaer\u0151piacon seg\u00edtenek t\u00e1j\u00e9koz\u00f3dni | AllasOrias.hu | H\u00edrek-lapszemle","og:description":"Szeml\u00e9letform\u00e1l\u00f3 hat\u00e1sa van a kistelep\u00fcl\u00e9sen \u00e9l\u0151 \u00e1ltal\u00e1nos iskol\u00e1sokat tanulm\u00e1nyaik folytat\u00e1s\u00e1ban \u00e9s a munkaer\u0151piacon val\u00f3 t\u00e1j\u00e9koz\u00f3d\u00e1sban t\u00e1mogat\u00f3 \u201cTan\u00edtsunk Magyarorsz\u00e1g\u00e9rt\u201d programnak \u2013 mondta az Innov\u00e1ci\u00f3s \u00e9s Technol\u00f3giai Miniszt\u00e9rium gazdas\u00e1gstrat\u00e9gi\u00e1\u00e9rt \u00e9s szab\u00e1lyoz\u00e1s\u00e9rt felel\u0151s \u00e1llamtitk\u00e1ra Gy\u00f6rgy L\u00e1szl\u00f3. Az \u00e1llamtitk\u00e1r kiemelte: a programot az\u00e9rt ind\u00edtott\u00e1k \u00fatj\u00e1ra, hogy a munka- \u00e9s tov\u00e1bbtanul\u00e1si lehet\u0151s\u00e9gekt\u0151l t\u00e1voli telep\u00fcl\u00e9seken \u00e9l\u0151 fiataloknak tizenn\u00e9gy \u00e9ves korukban ne","og:url":"https:\/\/allasorias.hu\/hirek\/a-munkaeropiacon-segitenek-tajekozodni\/","og:image":"https:\/\/allasorias.hu\/hirek\/wp-content\/uploads\/2019\/12\/47575204_350784158834552_6847719178967711744_n.png","og:image:secure_url":"https:\/\/allasorias.hu\/hirek\/wp-content\/uploads\/2019\/12\/47575204_350784158834552_6847719178967711744_n.png","og:image:width":820,"og:image:height":340,"article:published_time":"2019-12-16T08:47:34+00:00","article:modified_time":"2019-12-16T08:47:34+00:00","article:publisher":"https:\/\/www.facebook.com\/allasorias","twitter:card":"summary_large_image","twitter:title":"A munkaer\u0151piacon seg\u00edtenek t\u00e1j\u00e9koz\u00f3dni | AllasOrias.hu | H\u00edrek-lapszemle","twitter:description":"Szeml\u00e9letform\u00e1l\u00f3 hat\u00e1sa van a kistelep\u00fcl\u00e9sen \u00e9l\u0151 \u00e1ltal\u00e1nos iskol\u00e1sokat tanulm\u00e1nyaik folytat\u00e1s\u00e1ban \u00e9s a munkaer\u0151piacon val\u00f3 t\u00e1j\u00e9koz\u00f3d\u00e1sban t\u00e1mogat\u00f3 \u201cTan\u00edtsunk Magyarorsz\u00e1g\u00e9rt\u201d programnak \u2013 mondta az Innov\u00e1ci\u00f3s \u00e9s Technol\u00f3giai Miniszt\u00e9rium gazdas\u00e1gstrat\u00e9gi\u00e1\u00e9rt \u00e9s szab\u00e1lyoz\u00e1s\u00e9rt felel\u0151s \u00e1llamtitk\u00e1ra Gy\u00f6rgy L\u00e1szl\u00f3. Az \u00e1llamtitk\u00e1r kiemelte: a programot az\u00e9rt ind\u00edtott\u00e1k \u00fatj\u00e1ra, hogy a munka- \u00e9s tov\u00e1bbtanul\u00e1si lehet\u0151s\u00e9gekt\u0151l t\u00e1voli telep\u00fcl\u00e9seken \u00e9l\u0151 fiataloknak tizenn\u00e9gy \u00e9ves korukban ne","twitter:image":"https:\/\/allasorias.hu\/hirek\/wp-content\/uploads\/2019\/12\/47575204_350784158834552_6847719178967711744_n.png","twitter:label1":"Written by","twitter:data1":"Juh\u00e1sz P\u00e9ter","twitter:label2":"Est. reading time","twitter:data2":"2 minutes"},"aioseo_meta_data":{"post_id":"3601","title":null,"description":null,"keywords":null,"keyphrases":null,"primary_term":null,"canonical_url":null,"og_title":null,"og_description":null,"og_object_type":"default","og_image_type":"default","og_image_url":null,"og_image_width":null,"og_image_height":null,"og_image_custom_url":null,"og_image_custom_fields":null,"og_video":null,"og_custom_url":null,"og_article_section":null,"og_article_tags":null,"twitter_use_og":false,"twitter_card":"default","twitter_image_type":"default","twitter_image_url":null,"twitter_image_custom_url":null,"twitter_image_custom_fields":null,"twitter_title":null,"twitter_description":null,"schema":{"blockGraphs":[],"customGraphs":[],"default":{"data":{"Article":[],"Course":[],"Dataset":[],"FAQPage":[],"Movie":[],"Person":[],"Product":[],"ProductReview":[],"Car":[],"Recipe":[],"Service":[],"SoftwareApplication":[],"WebPage":[]},"graphName":"","isEnabled":true},"graphs":[],"defaultGraph":"","defaultPostTypeGraph":""},"schema_type":null,"schema_type_options":null,"pillar_content":false,"robots_default":true,"robots_noindex":false,"robots_noarchive":false,"robots_nosnippet":false,"robots_nofollow":false,"robots_noimageindex":false,"robots_noodp":false,"robots_notranslate":false,"robots_max_snippet":null,"robots_max_videopreview":null,"robots_max_imagepreview":"large","priority":null,"frequency":null,"location":null,"local_seo":null,"breadcrumb_settings":null,"limit_modified_date":false,"ai":null,"created":"2021-02-01 22:27:19","updated":"2025-10-02 12:33:42","seo_analyzer_scan_date":null,"focus_keyword":null,"additional_keywords":null,"truseo_locale":null},"aioseo_breadcrumb":"<div class=\"aioseo-breadcrumbs\"><span class=\"aioseo-breadcrumb\">\n\t\t\t<a href=\"https:\/\/allasorias.hu\/hirek\" title=\"Home\">Home<\/a>\n\t\t<\/span><span class=\"aioseo-breadcrumb-separator\">&raquo;<\/span><span class=\"aioseo-breadcrumb\">\n\t\t\t<a href=\"https:\/\/allasorias.hu\/hirek\/temak\/munkaeropiac\/\" title=\"Munkaer\u0151piac\">Munkaer\u0151piac<\/a>\n\t\t<\/span><span class=\"aioseo-breadcrumb-separator\">&raquo;<\/span><span class=\"aioseo-breadcrumb\">\n\t\t\tA munkaer\u0151piacon seg\u00edtenek t\u00e1j\u00e9koz\u00f3dni\n\t\t<\/span><\/div>","aioseo_breadcrumb_json":[{"label":"Home","link":"https:\/\/allasorias.hu\/hirek"},{"label":"Munkaer\u0151piac","link":"https:\/\/allasorias.hu\/hirek\/temak\/munkaeropiac\/"},{"label":"A munkaer\u0151piacon seg\u00edtenek t\u00e1j\u00e9koz\u00f3dni","link":"https:\/\/allasorias.hu\/hirek\/a-munkaeropiacon-segitenek-tajekozodni\/"}],"_links":{"self":[{"href":"https:\/\/allasorias.hu\/hirek\/wp-json\/wp\/v2\/posts\/3601","targetHints":{"allow":["GET"]}}],"collection":[{"href":"https:\/\/allasorias.hu\/hirek\/wp-json\/wp\/v2\/posts"}],"about":[{"href":"https:\/\/allasorias.hu\/hirek\/wp-json\/wp\/v2\/types\/post"}],"author":[{"embeddable":true,"href":"https:\/\/allasorias.hu\/hirek\/wp-json\/wp\/v2\/users\/1"}],"replies":[{"embeddable":true,"href":"https:\/\/allasorias.hu\/hirek\/wp-json\/wp\/v2\/comments?post=3601"}],"version-history":[{"count":1,"href":"https:\/\/allasorias.hu\/hirek\/wp-json\/wp\/v2\/posts\/3601\/revisions"}],"predecessor-version":[{"id":3603,"href":"https:\/\/allasorias.hu\/hirek\/wp-json\/wp\/v2\/posts\/3601\/revisions\/3603"}],"wp:featuredmedia":[{"embeddable":true,"href":"https:\/\/allasorias.hu\/hirek\/wp-json\/wp\/v2\/media\/3602"}],"wp:attachment":[{"href":"https:\/\/allasorias.hu\/hirek\/wp-json\/wp\/v2\/media?parent=3601"}],"wp:term":[{"taxonomy":"category","embeddable":true,"href":"https:\/\/allasorias.hu\/hirek\/wp-json\/wp\/v2\/categories?post=3601"},{"taxonomy":"post_tag","embeddable":true,"href":"https:\/\/allasorias.hu\/hirek\/wp-json\/wp\/v2\/tags?post=3601"}],"curies":[{"name":"wp","href":"https:\/\/api.w.org\/{rel}","templated":true}]}}