{"id":3594,"date":"2019-12-12T08:21:23","date_gmt":"2019-12-12T08:21:23","guid":{"rendered":"https:\/\/allasorias.hu\/hirek\/?p=3594"},"modified":"2019-12-12T08:21:23","modified_gmt":"2019-12-12T08:21:23","slug":"penzhez-jutnak-a-nyugdijasok","status":"publish","type":"post","link":"https:\/\/allasorias.hu\/hirek\/penzhez-jutnak-a-nyugdijasok\/","title":{"rendered":"P\u00e9nzhez jutnak a nyugd\u00edjasok"},"content":{"rendered":"<p><strong>A nyugd\u00edjasok meglehet\u0151sen nagy csoportj\u00e1nak kedveznek azok a j\u00e1rul\u00e9kszab\u00e1lyok, amelyeket szerd\u00e1n szavazott meg az Orsz\u00e1ggy\u0171l\u00e9s &#8211; mondta a Magyar Nemzet cs\u00fct\u00f6rt\u00f6ki sz\u00e1m\u00e1ban Izer Norbert, a P\u00e9nz\u00fcgyminiszt\u00e9rium ad\u00f3\u00fcgyi \u00e1llamtitk\u00e1ra. <\/strong><\/p>\n<p>Izer kiemelte azt is, hogy a korm\u00e1nyzat sz\u00e1m\u00edt\u00e1sai szerint a j\u00e1rul\u00e9kmentess\u00e9g kiterjeszt\u00e9se \u00e9vente mintegy h\u00faszmilli\u00e1rd forintot hagy az \u00e9rintettekn\u00e9l. Kifejtette: b\u00e1rmilyen keretek k\u00f6zt dolgozzanak is a keny\u00e9rkeres\u0151 tev\u00e9kenys\u00e9get folytat\u00f3 id\u0151sek, j\u00f6v\u0151 \u00e9v k\u00f6zep\u00e9t\u0151l nem kell j\u00e1rul\u00e9kot fizetni\u00fck. A jelenlegi szab\u00e1lyok szerint a munkaviszonyban dolgoz\u00f3 nyugd\u00edjasok kereset\u00e9b\u0151l csup\u00e1n a 15 sz\u00e1zal\u00e9kos szem\u00e9lyi j\u00f6vedelemad\u00f3t vonj\u00e1k le, a munkav\u00e1llal\u00f3i j\u00e1rul\u00e9kot nem. A kedvezm\u00e9nyt kiterjesztik a m\u00e1s form\u00e1kban dolgoz\u00f3 nyugd\u00edjasokra is, vagyis ak\u00e1r megb\u00edz\u00e1ssal, ak\u00e1r m\u00e1s m\u00f3don v\u00e9gzik a munk\u00e1t az id\u0151sek, munkav\u00e1llal\u00f3i j\u00e1rul\u00e9kokkal nekik sem kell majd foglalkozniuk. Hozz\u00e1tette: sz\u00e1zezer forintos b\u00e9rn\u00e9l egy \u00e9v alatt 168 ezer forint megtakar\u00edt\u00e1ssal lehet sz\u00e1molni. Az \u00e1llamtitk\u00e1r elmondta azt is, hogy t\u00f6bb mint 36 ezer nyugd\u00edjas dolgozik munkaviszonyon k\u00edv\u00fcl, akiknek a szab\u00e1lyv\u00e1ltoztat\u00e1s 14 sz\u00e1zal\u00e9kkal emeli j\u00f6v\u0151re a nett\u00f3 fizet\u00e9s\u00e9t. Izer Norbert szerint k\u00f6nnyen elk\u00e9pzelhet\u0151, hogy a kedvezm\u00e9nyes rendelkez\u00e9sek alkalmaz\u00e1si k\u00f6r\u00e9nek b\u0151v\u00edt\u00e9se r\u00e9v\u00e9n ak\u00e1r t\u00edz-h\u00faszezer nyugd\u00edjas is visszat\u00e9rhet a munkaer\u0151piacra.<\/p>\n<p>Forr\u00e1s: mti.hu, hirtv.hu<\/p>\n","protected":false},"excerpt":{"rendered":"<p>A nyugd\u00edjasok meglehet\u0151sen nagy csoportj\u00e1nak kedveznek azok a j\u00e1rul\u00e9kszab\u00e1lyok, amelyeket szerd\u00e1n szavazott meg az Orsz\u00e1ggy\u0171l\u00e9s &#8211; mondta a Magyar Nemzet cs\u00fct\u00f6rt\u00f6ki sz\u00e1m\u00e1ban Izer Norbert, a P\u00e9nz\u00fcgyminiszt\u00e9rium ad\u00f3\u00fcgyi \u00e1llamtitk\u00e1ra. Izer kiemelte azt is, hogy a korm\u00e1nyzat sz\u00e1m\u00edt\u00e1sai szerint a j\u00e1rul\u00e9kmentess\u00e9g kiterjeszt\u00e9se \u00e9vente mintegy h\u00faszmilli\u00e1rd forintot hagy az \u00e9rintettekn\u00e9l. Kifejtette: b\u00e1rmilyen keretek k\u00f6zt dolgozzanak is a keny\u00e9rkeres\u0151 [&hellip;]<\/p>\n","protected":false},"author":1,"featured_media":2856,"comment_status":"open","ping_status":"open","sticky":false,"template":"","format":"standard","meta":{"_monsterinsights_skip_tracking":false,"footnotes":""},"categories":[198],"tags":[],"class_list":["post-3594","post","type-post","status-publish","format-standard","has-post-thumbnail","hentry","category-gazdasag"],"aioseo_notices":[],"aioseo_head":"\n\t\t<!-- All in One SEO 5.0.0.1 - aioseo.com -->\n\t<meta name=\"description\" content=\"A nyugd\u00edjasok meglehet\u0151sen nagy csoportj\u00e1nak kedveznek azok a j\u00e1rul\u00e9kszab\u00e1lyok, amelyeket szerd\u00e1n szavazott meg az Orsz\u00e1ggy\u0171l\u00e9s - mondta a Magyar Nemzet cs\u00fct\u00f6rt\u00f6ki sz\u00e1m\u00e1ban Izer Norbert, a P\u00e9nz\u00fcgyminiszt\u00e9rium ad\u00f3\u00fcgyi \u00e1llamtitk\u00e1ra. Izer kiemelte azt is, hogy a korm\u00e1nyzat sz\u00e1m\u00edt\u00e1sai szerint a j\u00e1rul\u00e9kmentess\u00e9g kiterjeszt\u00e9se \u00e9vente mintegy h\u00faszmilli\u00e1rd forintot hagy az \u00e9rintettekn\u00e9l. Kifejtette: b\u00e1rmilyen keretek k\u00f6zt dolgozzanak is a keny\u00e9rkeres\u0151\" \/>\n\t<meta name=\"robots\" content=\"max-image-preview:large\" \/>\n\t<meta name=\"author\" content=\"Juh\u00e1sz P\u00e9ter\"\/>\n\t<link rel=\"canonical\" href=\"https:\/\/allasorias.hu\/hirek\/penzhez-jutnak-a-nyugdijasok\/\" \/>\n\t<meta name=\"generator\" content=\"All in One SEO (AIOSEO) 5.0.0.1\" \/>\n\t\t<meta property=\"og:locale\" content=\"hu_HU\" \/>\n\t\t<meta property=\"og:site_name\" content=\"AllasOrias.hu | H\u00edrek-lapszemle | \u00dczleti h\u00edrek az \u00e1ll\u00e1s \u00e9s a munka vil\u00e1g\u00e1b\u00f3l\" \/>\n\t\t<meta property=\"og:type\" content=\"article\" \/>\n\t\t<meta property=\"og:title\" content=\"P\u00e9nzhez jutnak a nyugd\u00edjasok | AllasOrias.hu | H\u00edrek-lapszemle\" \/>\n\t\t<meta property=\"og:description\" content=\"A nyugd\u00edjasok meglehet\u0151sen nagy csoportj\u00e1nak kedveznek azok a j\u00e1rul\u00e9kszab\u00e1lyok, amelyeket szerd\u00e1n szavazott meg az Orsz\u00e1ggy\u0171l\u00e9s - mondta a Magyar Nemzet cs\u00fct\u00f6rt\u00f6ki sz\u00e1m\u00e1ban Izer Norbert, a P\u00e9nz\u00fcgyminiszt\u00e9rium ad\u00f3\u00fcgyi \u00e1llamtitk\u00e1ra. Izer kiemelte azt is, hogy a korm\u00e1nyzat sz\u00e1m\u00edt\u00e1sai szerint a j\u00e1rul\u00e9kmentess\u00e9g kiterjeszt\u00e9se \u00e9vente mintegy h\u00faszmilli\u00e1rd forintot hagy az \u00e9rintettekn\u00e9l. Kifejtette: b\u00e1rmilyen keretek k\u00f6zt dolgozzanak is a keny\u00e9rkeres\u0151\" \/>\n\t\t<meta property=\"og:url\" content=\"https:\/\/allasorias.hu\/hirek\/penzhez-jutnak-a-nyugdijasok\/\" \/>\n\t\t<meta property=\"og:image\" content=\"https:\/\/allasorias.hu\/hirek\/wp-content\/uploads\/2019\/05\/adult-blur-daytime-834863.jpg\" \/>\n\t\t<meta property=\"og:image:secure_url\" content=\"https:\/\/allasorias.hu\/hirek\/wp-content\/uploads\/2019\/05\/adult-blur-daytime-834863.jpg\" \/>\n\t\t<meta property=\"og:image:width\" content=\"640\" \/>\n\t\t<meta property=\"og:image:height\" content=\"426\" \/>\n\t\t<meta property=\"article:published_time\" content=\"2019-12-12T08:21:23+00:00\" \/>\n\t\t<meta property=\"article:modified_time\" content=\"2019-12-12T08:21:23+00:00\" \/>\n\t\t<meta property=\"article:publisher\" content=\"https:\/\/www.facebook.com\/allasorias\" \/>\n\t\t<meta name=\"twitter:card\" content=\"summary_large_image\" \/>\n\t\t<meta name=\"twitter:title\" content=\"P\u00e9nzhez jutnak a nyugd\u00edjasok | AllasOrias.hu | H\u00edrek-lapszemle\" \/>\n\t\t<meta name=\"twitter:description\" content=\"A nyugd\u00edjasok meglehet\u0151sen nagy csoportj\u00e1nak kedveznek azok a j\u00e1rul\u00e9kszab\u00e1lyok, amelyeket szerd\u00e1n szavazott meg az Orsz\u00e1ggy\u0171l\u00e9s - mondta a Magyar Nemzet cs\u00fct\u00f6rt\u00f6ki sz\u00e1m\u00e1ban Izer Norbert, a P\u00e9nz\u00fcgyminiszt\u00e9rium ad\u00f3\u00fcgyi \u00e1llamtitk\u00e1ra. Izer kiemelte azt is, hogy a korm\u00e1nyzat sz\u00e1m\u00edt\u00e1sai szerint a j\u00e1rul\u00e9kmentess\u00e9g kiterjeszt\u00e9se \u00e9vente mintegy h\u00faszmilli\u00e1rd forintot hagy az \u00e9rintettekn\u00e9l. Kifejtette: b\u00e1rmilyen keretek k\u00f6zt dolgozzanak is a keny\u00e9rkeres\u0151\" \/>\n\t\t<meta name=\"twitter:image\" content=\"https:\/\/allasorias.hu\/hirek\/wp-content\/uploads\/2019\/05\/adult-blur-daytime-834863.jpg\" \/>\n\t\t<meta name=\"twitter:label1\" content=\"Written by\" \/>\n\t\t<meta name=\"twitter:data1\" content=\"Juh\u00e1sz P\u00e9ter\" \/>\n\t\t<meta name=\"twitter:label2\" content=\"Est. reading time\" \/>\n\t\t<meta name=\"twitter:data2\" content=\"1 minute\" \/>\n\t\t<script type=\"application\/ld+json\" class=\"aioseo-schema\">\n\t\t\t{\"@context\":\"https:\\\/\\\/schema.org\",\"@graph\":[{\"@type\":\"Article\",\"@id\":\"https:\\\/\\\/allasorias.hu\\\/hirek\\\/penzhez-jutnak-a-nyugdijasok\\\/#article\",\"name\":\"P\\u00e9nzhez jutnak a nyugd\\u00edjasok | AllasOrias.hu | H\\u00edrek-lapszemle\",\"headline\":\"P\\u00e9nzhez jutnak a nyugd\\u00edjasok\",\"author\":{\"@id\":\"https:\\\/\\\/allasorias.hu\\\/hirek\\\/author\\\/admin-allasorias\\\/#author\"},\"publisher\":{\"@id\":\"https:\\\/\\\/allasorias.hu\\\/hirek\\\/#organization\"},\"image\":{\"@type\":\"ImageObject\",\"url\":\"https:\\\/\\\/allasorias.hu\\\/hirek\\\/wp-content\\\/uploads\\\/2019\\\/05\\\/adult-blur-daytime-834863.jpg\",\"width\":640,\"height\":426},\"datePublished\":\"2019-12-12T08:21:23+02:00\",\"dateModified\":\"2019-12-12T08:21:23+02:00\",\"inLanguage\":\"hu-HU\",\"mainEntityOfPage\":{\"@id\":\"https:\\\/\\\/allasorias.hu\\\/hirek\\\/penzhez-jutnak-a-nyugdijasok\\\/#webpage\"},\"isPartOf\":{\"@id\":\"https:\\\/\\\/allasorias.hu\\\/hirek\\\/penzhez-jutnak-a-nyugdijasok\\\/#webpage\"},\"articleSection\":\"Gazdas\\u00e1g\"},{\"@type\":\"BreadcrumbList\",\"@id\":\"https:\\\/\\\/allasorias.hu\\\/hirek\\\/penzhez-jutnak-a-nyugdijasok\\\/#breadcrumblist\",\"itemListElement\":[{\"@type\":\"ListItem\",\"@id\":\"https:\\\/\\\/allasorias.hu\\\/hirek#listItem\",\"position\":1,\"name\":\"Home\",\"item\":\"https:\\\/\\\/allasorias.hu\\\/hirek\",\"nextItem\":{\"@type\":\"ListItem\",\"@id\":\"https:\\\/\\\/allasorias.hu\\\/hirek\\\/temak\\\/gazdasag\\\/#listItem\",\"name\":\"Gazdas\\u00e1g\"}},{\"@type\":\"ListItem\",\"@id\":\"https:\\\/\\\/allasorias.hu\\\/hirek\\\/temak\\\/gazdasag\\\/#listItem\",\"position\":2,\"name\":\"Gazdas\\u00e1g\",\"item\":\"https:\\\/\\\/allasorias.hu\\\/hirek\\\/temak\\\/gazdasag\\\/\",\"nextItem\":{\"@type\":\"ListItem\",\"@id\":\"https:\\\/\\\/allasorias.hu\\\/hirek\\\/penzhez-jutnak-a-nyugdijasok\\\/#listItem\",\"name\":\"P\\u00e9nzhez jutnak a nyugd\\u00edjasok\"},\"previousItem\":{\"@type\":\"ListItem\",\"@id\":\"https:\\\/\\\/allasorias.hu\\\/hirek#listItem\",\"name\":\"Home\"}},{\"@type\":\"ListItem\",\"@id\":\"https:\\\/\\\/allasorias.hu\\\/hirek\\\/penzhez-jutnak-a-nyugdijasok\\\/#listItem\",\"position\":3,\"name\":\"P\\u00e9nzhez jutnak a nyugd\\u00edjasok\",\"previousItem\":{\"@type\":\"ListItem\",\"@id\":\"https:\\\/\\\/allasorias.hu\\\/hirek\\\/temak\\\/gazdasag\\\/#listItem\",\"name\":\"Gazdas\\u00e1g\"}}]},{\"@type\":\"Organization\",\"@id\":\"https:\\\/\\\/allasorias.hu\\\/hirek\\\/#organization\",\"name\":\"AllasOrias.hu | H\\u00edrek-lapszemle\",\"description\":\"\\u00dczleti h\\u00edrek az \\u00e1ll\\u00e1s \\u00e9s a munka vil\\u00e1g\\u00e1b\\u00f3l\",\"url\":\"https:\\\/\\\/allasorias.hu\\\/hirek\\\/\",\"logo\":{\"@type\":\"ImageObject\",\"url\":\"https:\\\/\\\/allasorias.hu\\\/hirek\\\/wp-content\\\/uploads\\\/2022\\\/10\\\/allasorias_site_facebok_logo.png\",\"@id\":\"https:\\\/\\\/allasorias.hu\\\/hirek\\\/penzhez-jutnak-a-nyugdijasok\\\/#organizationLogo\"},\"image\":{\"@id\":\"https:\\\/\\\/allasorias.hu\\\/hirek\\\/penzhez-jutnak-a-nyugdijasok\\\/#organizationLogo\"},\"sameAs\":[\"https:\\\/\\\/www.facebook.com\\\/allasorias\",\"https:\\\/\\\/www.linkedin.com\\\/company\\\/allasorias\"]},{\"@type\":\"Person\",\"@id\":\"https:\\\/\\\/allasorias.hu\\\/hirek\\\/author\\\/admin-allasorias\\\/#author\",\"url\":\"https:\\\/\\\/allasorias.hu\\\/hirek\\\/author\\\/admin-allasorias\\\/\",\"name\":\"Juh\\u00e1sz P\\u00e9ter\",\"image\":{\"@type\":\"ImageObject\",\"@id\":\"https:\\\/\\\/allasorias.hu\\\/hirek\\\/penzhez-jutnak-a-nyugdijasok\\\/#authorImage\",\"url\":\"https:\\\/\\\/secure.gravatar.com\\\/avatar\\\/36e6bcb83148978b992977cb0f54d22feb0cce8a0a849a9410532bb2623ba4c6?s=96&d=mm&r=g\",\"width\":96,\"height\":96,\"caption\":\"Juh\\u00e1sz P\\u00e9ter\"}},{\"@type\":\"WebPage\",\"@id\":\"https:\\\/\\\/allasorias.hu\\\/hirek\\\/penzhez-jutnak-a-nyugdijasok\\\/#webpage\",\"url\":\"https:\\\/\\\/allasorias.hu\\\/hirek\\\/penzhez-jutnak-a-nyugdijasok\\\/\",\"name\":\"P\\u00e9nzhez jutnak a nyugd\\u00edjasok | AllasOrias.hu | H\\u00edrek-lapszemle\",\"description\":\"A nyugd\\u00edjasok meglehet\\u0151sen nagy csoportj\\u00e1nak kedveznek azok a j\\u00e1rul\\u00e9kszab\\u00e1lyok, amelyeket szerd\\u00e1n szavazott meg az Orsz\\u00e1ggy\\u0171l\\u00e9s - mondta a Magyar Nemzet cs\\u00fct\\u00f6rt\\u00f6ki sz\\u00e1m\\u00e1ban Izer Norbert, a P\\u00e9nz\\u00fcgyminiszt\\u00e9rium ad\\u00f3\\u00fcgyi \\u00e1llamtitk\\u00e1ra. Izer kiemelte azt is, hogy a korm\\u00e1nyzat sz\\u00e1m\\u00edt\\u00e1sai szerint a j\\u00e1rul\\u00e9kmentess\\u00e9g kiterjeszt\\u00e9se \\u00e9vente mintegy h\\u00faszmilli\\u00e1rd forintot hagy az \\u00e9rintettekn\\u00e9l. Kifejtette: b\\u00e1rmilyen keretek k\\u00f6zt dolgozzanak is a keny\\u00e9rkeres\\u0151\",\"inLanguage\":\"hu-HU\",\"isPartOf\":{\"@id\":\"https:\\\/\\\/allasorias.hu\\\/hirek\\\/#website\"},\"breadcrumb\":{\"@id\":\"https:\\\/\\\/allasorias.hu\\\/hirek\\\/penzhez-jutnak-a-nyugdijasok\\\/#breadcrumblist\"},\"author\":{\"@id\":\"https:\\\/\\\/allasorias.hu\\\/hirek\\\/author\\\/admin-allasorias\\\/#author\"},\"creator\":{\"@id\":\"https:\\\/\\\/allasorias.hu\\\/hirek\\\/author\\\/admin-allasorias\\\/#author\"},\"image\":{\"@type\":\"ImageObject\",\"url\":\"https:\\\/\\\/allasorias.hu\\\/hirek\\\/wp-content\\\/uploads\\\/2019\\\/05\\\/adult-blur-daytime-834863.jpg\",\"@id\":\"https:\\\/\\\/allasorias.hu\\\/hirek\\\/penzhez-jutnak-a-nyugdijasok\\\/#mainImage\",\"width\":640,\"height\":426},\"primaryImageOfPage\":{\"@id\":\"https:\\\/\\\/allasorias.hu\\\/hirek\\\/penzhez-jutnak-a-nyugdijasok\\\/#mainImage\"},\"datePublished\":\"2019-12-12T08:21:23+02:00\",\"dateModified\":\"2019-12-12T08:21:23+02:00\"},{\"@type\":\"WebSite\",\"@id\":\"https:\\\/\\\/allasorias.hu\\\/hirek\\\/#website\",\"url\":\"https:\\\/\\\/allasorias.hu\\\/hirek\\\/\",\"name\":\"AllasOrias.hu | H\\u00edrek-lapszemle\",\"description\":\"\\u00dczleti h\\u00edrek az \\u00e1ll\\u00e1s \\u00e9s a munka vil\\u00e1g\\u00e1b\\u00f3l\",\"inLanguage\":\"hu-HU\",\"publisher\":{\"@id\":\"https:\\\/\\\/allasorias.hu\\\/hirek\\\/#organization\"}}]}\n\t\t<\/script>\n\t\t<!-- All in One SEO -->\n\n","aioseo_head_json":{"title":"P\u00e9nzhez jutnak a nyugd\u00edjasok | AllasOrias.hu | H\u00edrek-lapszemle","description":"A nyugd\u00edjasok meglehet\u0151sen nagy csoportj\u00e1nak kedveznek azok a j\u00e1rul\u00e9kszab\u00e1lyok, amelyeket szerd\u00e1n szavazott meg az Orsz\u00e1ggy\u0171l\u00e9s - mondta a Magyar Nemzet cs\u00fct\u00f6rt\u00f6ki sz\u00e1m\u00e1ban Izer Norbert, a P\u00e9nz\u00fcgyminiszt\u00e9rium ad\u00f3\u00fcgyi \u00e1llamtitk\u00e1ra. Izer kiemelte azt is, hogy a korm\u00e1nyzat sz\u00e1m\u00edt\u00e1sai szerint a j\u00e1rul\u00e9kmentess\u00e9g kiterjeszt\u00e9se \u00e9vente mintegy h\u00faszmilli\u00e1rd forintot hagy az \u00e9rintettekn\u00e9l. Kifejtette: b\u00e1rmilyen keretek k\u00f6zt dolgozzanak is a keny\u00e9rkeres\u0151","canonical_url":"https:\/\/allasorias.hu\/hirek\/penzhez-jutnak-a-nyugdijasok\/","robots":"max-image-preview:large","keywords":"","webmasterTools":{"miscellaneous":""},"schema":{"@context":"https:\/\/schema.org","@graph":[{"@type":"Article","@id":"https:\/\/allasorias.hu\/hirek\/penzhez-jutnak-a-nyugdijasok\/#article","name":"P\u00e9nzhez jutnak a nyugd\u00edjasok | AllasOrias.hu | H\u00edrek-lapszemle","headline":"P\u00e9nzhez jutnak a nyugd\u00edjasok","author":{"@id":"https:\/\/allasorias.hu\/hirek\/author\/admin-allasorias\/#author"},"publisher":{"@id":"https:\/\/allasorias.hu\/hirek\/#organization"},"image":{"@type":"ImageObject","url":"https:\/\/allasorias.hu\/hirek\/wp-content\/uploads\/2019\/05\/adult-blur-daytime-834863.jpg","width":640,"height":426},"datePublished":"2019-12-12T08:21:23+02:00","dateModified":"2019-12-12T08:21:23+02:00","inLanguage":"hu-HU","mainEntityOfPage":{"@id":"https:\/\/allasorias.hu\/hirek\/penzhez-jutnak-a-nyugdijasok\/#webpage"},"isPartOf":{"@id":"https:\/\/allasorias.hu\/hirek\/penzhez-jutnak-a-nyugdijasok\/#webpage"},"articleSection":"Gazdas\u00e1g"},{"@type":"BreadcrumbList","@id":"https:\/\/allasorias.hu\/hirek\/penzhez-jutnak-a-nyugdijasok\/#breadcrumblist","itemListElement":[{"@type":"ListItem","@id":"https:\/\/allasorias.hu\/hirek#listItem","position":1,"name":"Home","item":"https:\/\/allasorias.hu\/hirek","nextItem":{"@type":"ListItem","@id":"https:\/\/allasorias.hu\/hirek\/temak\/gazdasag\/#listItem","name":"Gazdas\u00e1g"}},{"@type":"ListItem","@id":"https:\/\/allasorias.hu\/hirek\/temak\/gazdasag\/#listItem","position":2,"name":"Gazdas\u00e1g","item":"https:\/\/allasorias.hu\/hirek\/temak\/gazdasag\/","nextItem":{"@type":"ListItem","@id":"https:\/\/allasorias.hu\/hirek\/penzhez-jutnak-a-nyugdijasok\/#listItem","name":"P\u00e9nzhez jutnak a nyugd\u00edjasok"},"previousItem":{"@type":"ListItem","@id":"https:\/\/allasorias.hu\/hirek#listItem","name":"Home"}},{"@type":"ListItem","@id":"https:\/\/allasorias.hu\/hirek\/penzhez-jutnak-a-nyugdijasok\/#listItem","position":3,"name":"P\u00e9nzhez jutnak a nyugd\u00edjasok","previousItem":{"@type":"ListItem","@id":"https:\/\/allasorias.hu\/hirek\/temak\/gazdasag\/#listItem","name":"Gazdas\u00e1g"}}]},{"@type":"Organization","@id":"https:\/\/allasorias.hu\/hirek\/#organization","name":"AllasOrias.hu | H\u00edrek-lapszemle","description":"\u00dczleti h\u00edrek az \u00e1ll\u00e1s \u00e9s a munka vil\u00e1g\u00e1b\u00f3l","url":"https:\/\/allasorias.hu\/hirek\/","logo":{"@type":"ImageObject","url":"https:\/\/allasorias.hu\/hirek\/wp-content\/uploads\/2022\/10\/allasorias_site_facebok_logo.png","@id":"https:\/\/allasorias.hu\/hirek\/penzhez-jutnak-a-nyugdijasok\/#organizationLogo"},"image":{"@id":"https:\/\/allasorias.hu\/hirek\/penzhez-jutnak-a-nyugdijasok\/#organizationLogo"},"sameAs":["https:\/\/www.facebook.com\/allasorias","https:\/\/www.linkedin.com\/company\/allasorias"]},{"@type":"Person","@id":"https:\/\/allasorias.hu\/hirek\/author\/admin-allasorias\/#author","url":"https:\/\/allasorias.hu\/hirek\/author\/admin-allasorias\/","name":"Juh\u00e1sz P\u00e9ter","image":{"@type":"ImageObject","@id":"https:\/\/allasorias.hu\/hirek\/penzhez-jutnak-a-nyugdijasok\/#authorImage","url":"https:\/\/secure.gravatar.com\/avatar\/36e6bcb83148978b992977cb0f54d22feb0cce8a0a849a9410532bb2623ba4c6?s=96&d=mm&r=g","width":96,"height":96,"caption":"Juh\u00e1sz P\u00e9ter"}},{"@type":"WebPage","@id":"https:\/\/allasorias.hu\/hirek\/penzhez-jutnak-a-nyugdijasok\/#webpage","url":"https:\/\/allasorias.hu\/hirek\/penzhez-jutnak-a-nyugdijasok\/","name":"P\u00e9nzhez jutnak a nyugd\u00edjasok | AllasOrias.hu | H\u00edrek-lapszemle","description":"A nyugd\u00edjasok meglehet\u0151sen nagy csoportj\u00e1nak kedveznek azok a j\u00e1rul\u00e9kszab\u00e1lyok, amelyeket szerd\u00e1n szavazott meg az Orsz\u00e1ggy\u0171l\u00e9s - mondta a Magyar Nemzet cs\u00fct\u00f6rt\u00f6ki sz\u00e1m\u00e1ban Izer Norbert, a P\u00e9nz\u00fcgyminiszt\u00e9rium ad\u00f3\u00fcgyi \u00e1llamtitk\u00e1ra. Izer kiemelte azt is, hogy a korm\u00e1nyzat sz\u00e1m\u00edt\u00e1sai szerint a j\u00e1rul\u00e9kmentess\u00e9g kiterjeszt\u00e9se \u00e9vente mintegy h\u00faszmilli\u00e1rd forintot hagy az \u00e9rintettekn\u00e9l. Kifejtette: b\u00e1rmilyen keretek k\u00f6zt dolgozzanak is a keny\u00e9rkeres\u0151","inLanguage":"hu-HU","isPartOf":{"@id":"https:\/\/allasorias.hu\/hirek\/#website"},"breadcrumb":{"@id":"https:\/\/allasorias.hu\/hirek\/penzhez-jutnak-a-nyugdijasok\/#breadcrumblist"},"author":{"@id":"https:\/\/allasorias.hu\/hirek\/author\/admin-allasorias\/#author"},"creator":{"@id":"https:\/\/allasorias.hu\/hirek\/author\/admin-allasorias\/#author"},"image":{"@type":"ImageObject","url":"https:\/\/allasorias.hu\/hirek\/wp-content\/uploads\/2019\/05\/adult-blur-daytime-834863.jpg","@id":"https:\/\/allasorias.hu\/hirek\/penzhez-jutnak-a-nyugdijasok\/#mainImage","width":640,"height":426},"primaryImageOfPage":{"@id":"https:\/\/allasorias.hu\/hirek\/penzhez-jutnak-a-nyugdijasok\/#mainImage"},"datePublished":"2019-12-12T08:21:23+02:00","dateModified":"2019-12-12T08:21:23+02:00"},{"@type":"WebSite","@id":"https:\/\/allasorias.hu\/hirek\/#website","url":"https:\/\/allasorias.hu\/hirek\/","name":"AllasOrias.hu | H\u00edrek-lapszemle","description":"\u00dczleti h\u00edrek az \u00e1ll\u00e1s \u00e9s a munka vil\u00e1g\u00e1b\u00f3l","inLanguage":"hu-HU","publisher":{"@id":"https:\/\/allasorias.hu\/hirek\/#organization"}}]},"og:locale":"hu_HU","og:site_name":"AllasOrias.hu | H\u00edrek-lapszemle | \u00dczleti h\u00edrek az \u00e1ll\u00e1s \u00e9s a munka vil\u00e1g\u00e1b\u00f3l","og:type":"article","og:title":"P\u00e9nzhez jutnak a nyugd\u00edjasok | AllasOrias.hu | H\u00edrek-lapszemle","og:description":"A nyugd\u00edjasok meglehet\u0151sen nagy csoportj\u00e1nak kedveznek azok a j\u00e1rul\u00e9kszab\u00e1lyok, amelyeket szerd\u00e1n szavazott meg az Orsz\u00e1ggy\u0171l\u00e9s - mondta a Magyar Nemzet cs\u00fct\u00f6rt\u00f6ki sz\u00e1m\u00e1ban Izer Norbert, a P\u00e9nz\u00fcgyminiszt\u00e9rium ad\u00f3\u00fcgyi \u00e1llamtitk\u00e1ra. Izer kiemelte azt is, hogy a korm\u00e1nyzat sz\u00e1m\u00edt\u00e1sai szerint a j\u00e1rul\u00e9kmentess\u00e9g kiterjeszt\u00e9se \u00e9vente mintegy h\u00faszmilli\u00e1rd forintot hagy az \u00e9rintettekn\u00e9l. Kifejtette: b\u00e1rmilyen keretek k\u00f6zt dolgozzanak is a keny\u00e9rkeres\u0151","og:url":"https:\/\/allasorias.hu\/hirek\/penzhez-jutnak-a-nyugdijasok\/","og:image":"https:\/\/allasorias.hu\/hirek\/wp-content\/uploads\/2019\/05\/adult-blur-daytime-834863.jpg","og:image:secure_url":"https:\/\/allasorias.hu\/hirek\/wp-content\/uploads\/2019\/05\/adult-blur-daytime-834863.jpg","og:image:width":640,"og:image:height":426,"article:published_time":"2019-12-12T08:21:23+00:00","article:modified_time":"2019-12-12T08:21:23+00:00","article:publisher":"https:\/\/www.facebook.com\/allasorias","twitter:card":"summary_large_image","twitter:title":"P\u00e9nzhez jutnak a nyugd\u00edjasok | AllasOrias.hu | H\u00edrek-lapszemle","twitter:description":"A nyugd\u00edjasok meglehet\u0151sen nagy csoportj\u00e1nak kedveznek azok a j\u00e1rul\u00e9kszab\u00e1lyok, amelyeket szerd\u00e1n szavazott meg az Orsz\u00e1ggy\u0171l\u00e9s - mondta a Magyar Nemzet cs\u00fct\u00f6rt\u00f6ki sz\u00e1m\u00e1ban Izer Norbert, a P\u00e9nz\u00fcgyminiszt\u00e9rium ad\u00f3\u00fcgyi \u00e1llamtitk\u00e1ra. Izer kiemelte azt is, hogy a korm\u00e1nyzat sz\u00e1m\u00edt\u00e1sai szerint a j\u00e1rul\u00e9kmentess\u00e9g kiterjeszt\u00e9se \u00e9vente mintegy h\u00faszmilli\u00e1rd forintot hagy az \u00e9rintettekn\u00e9l. Kifejtette: b\u00e1rmilyen keretek k\u00f6zt dolgozzanak is a keny\u00e9rkeres\u0151","twitter:image":"https:\/\/allasorias.hu\/hirek\/wp-content\/uploads\/2019\/05\/adult-blur-daytime-834863.jpg","twitter:label1":"Written by","twitter:data1":"Juh\u00e1sz P\u00e9ter","twitter:label2":"Est. reading time","twitter:data2":"1 minute"},"aioseo_meta_data":{"post_id":"3594","title":null,"description":null,"keywords":null,"keyphrases":null,"primary_term":null,"canonical_url":null,"og_title":null,"og_description":null,"og_object_type":"default","og_image_type":"default","og_image_url":null,"og_image_width":null,"og_image_height":null,"og_image_custom_url":null,"og_image_custom_fields":null,"og_video":null,"og_custom_url":null,"og_article_section":null,"og_article_tags":null,"twitter_use_og":false,"twitter_card":"default","twitter_image_type":"default","twitter_image_url":null,"twitter_image_custom_url":null,"twitter_image_custom_fields":null,"twitter_title":null,"twitter_description":null,"schema":{"blockGraphs":[],"customGraphs":[],"default":{"data":{"Article":[],"Course":[],"Dataset":[],"FAQPage":[],"Movie":[],"Person":[],"Product":[],"ProductReview":[],"Car":[],"Recipe":[],"Service":[],"SoftwareApplication":[],"WebPage":[]},"graphName":"","isEnabled":true},"graphs":[],"defaultGraph":"","defaultPostTypeGraph":""},"schema_type":null,"schema_type_options":null,"pillar_content":false,"robots_default":true,"robots_noindex":false,"robots_noarchive":false,"robots_nosnippet":false,"robots_nofollow":false,"robots_noimageindex":false,"robots_noodp":false,"robots_notranslate":false,"robots_max_snippet":null,"robots_max_videopreview":null,"robots_max_imagepreview":"large","priority":null,"frequency":null,"location":null,"local_seo":null,"breadcrumb_settings":null,"limit_modified_date":false,"ai":null,"created":"2021-02-01 22:54:09","updated":"2025-10-02 12:33:42","seo_analyzer_scan_date":null,"focus_keyword":null,"additional_keywords":null,"truseo_locale":null},"aioseo_breadcrumb":"<div class=\"aioseo-breadcrumbs\"><span class=\"aioseo-breadcrumb\">\n\t\t\t<a href=\"https:\/\/allasorias.hu\/hirek\" title=\"Home\">Home<\/a>\n\t\t<\/span><span class=\"aioseo-breadcrumb-separator\">&raquo;<\/span><span class=\"aioseo-breadcrumb\">\n\t\t\t<a href=\"https:\/\/allasorias.hu\/hirek\/temak\/gazdasag\/\" title=\"Gazdas\u00e1g\">Gazdas\u00e1g<\/a>\n\t\t<\/span><span class=\"aioseo-breadcrumb-separator\">&raquo;<\/span><span class=\"aioseo-breadcrumb\">\n\t\t\tP\u00e9nzhez jutnak a nyugd\u00edjasok\n\t\t<\/span><\/div>","aioseo_breadcrumb_json":[{"label":"Home","link":"https:\/\/allasorias.hu\/hirek"},{"label":"Gazdas\u00e1g","link":"https:\/\/allasorias.hu\/hirek\/temak\/gazdasag\/"},{"label":"P\u00e9nzhez jutnak a nyugd\u00edjasok","link":"https:\/\/allasorias.hu\/hirek\/penzhez-jutnak-a-nyugdijasok\/"}],"_links":{"self":[{"href":"https:\/\/allasorias.hu\/hirek\/wp-json\/wp\/v2\/posts\/3594","targetHints":{"allow":["GET"]}}],"collection":[{"href":"https:\/\/allasorias.hu\/hirek\/wp-json\/wp\/v2\/posts"}],"about":[{"href":"https:\/\/allasorias.hu\/hirek\/wp-json\/wp\/v2\/types\/post"}],"author":[{"embeddable":true,"href":"https:\/\/allasorias.hu\/hirek\/wp-json\/wp\/v2\/users\/1"}],"replies":[{"embeddable":true,"href":"https:\/\/allasorias.hu\/hirek\/wp-json\/wp\/v2\/comments?post=3594"}],"version-history":[{"count":1,"href":"https:\/\/allasorias.hu\/hirek\/wp-json\/wp\/v2\/posts\/3594\/revisions"}],"predecessor-version":[{"id":3595,"href":"https:\/\/allasorias.hu\/hirek\/wp-json\/wp\/v2\/posts\/3594\/revisions\/3595"}],"wp:featuredmedia":[{"embeddable":true,"href":"https:\/\/allasorias.hu\/hirek\/wp-json\/wp\/v2\/media\/2856"}],"wp:attachment":[{"href":"https:\/\/allasorias.hu\/hirek\/wp-json\/wp\/v2\/media?parent=3594"}],"wp:term":[{"taxonomy":"category","embeddable":true,"href":"https:\/\/allasorias.hu\/hirek\/wp-json\/wp\/v2\/categories?post=3594"},{"taxonomy":"post_tag","embeddable":true,"href":"https:\/\/allasorias.hu\/hirek\/wp-json\/wp\/v2\/tags?post=3594"}],"curies":[{"name":"wp","href":"https:\/\/api.w.org\/{rel}","templated":true}]}}