{"id":3591,"date":"2019-12-12T08:17:10","date_gmt":"2019-12-12T08:17:10","guid":{"rendered":"https:\/\/allasorias.hu\/hirek\/?p=3591"},"modified":"2019-12-12T08:17:10","modified_gmt":"2019-12-12T08:17:10","slug":"aki-allast-keres-ingyen-utazhat-budapesten","status":"publish","type":"post","link":"https:\/\/allasorias.hu\/hirek\/aki-allast-keres-ingyen-utazhat-budapesten\/","title":{"rendered":"Aki \u00e1ll\u00e1st keres, ingyen utazhat Budapesten"},"content":{"rendered":"<p><strong>Janu\u00e1rt\u00f3l j\u00e1r az ingyeness\u00e9g, \u00faj igazol\u00e1st vezetnek be, amely alapj\u00e1n az ingyenb\u00e9rletet lehet k\u00e9rni \u2013 olvashat\u00f3 a HVG-ben. Ingyenesen utazhatnak janu\u00e1rt\u00f3l a budapesti \u00e1ll\u00e1skeres\u0151k a f\u0151v\u00e1rosi k\u00f6z\u00f6ss\u00e9gi k\u00f6zleked\u00e9s j\u00e1ratain \u2013 d\u00f6nt\u00f6tt a F\u0151v\u00e1rosi K\u00f6zgy\u0171l\u00e9s<\/strong>.<\/p>\n<p>A k\u00e9pvisel\u0151k egyhang\u00falag t\u00e1mogatt\u00e1k Kar\u00e1csony Gergely el\u0151terjeszt\u00e9s\u00e9t, amelynek \u00e9rtelm\u00e9ben &#8222;a budapesti helyi menetrend szerinti k\u00f6z\u00f6ss\u00e9gi k\u00f6zleked\u00e9si szem\u00e9lysz\u00e1ll\u00edt\u00e1st a f\u0151v\u00e1rosi lakc\u00edmmel rendelkez\u0151 regisztr\u00e1lt \u00e1ll\u00e1skeres\u0151k d\u00edjmentesen vehetik ig\u00e9nybe&#8221; janu\u00e1rt\u00f3l. Az \u00e1ll\u00e1skeres\u0151knek sz\u00f3l\u00f3 havi b\u00e9rletre val\u00f3 jogosults\u00e1g meg\u00e1llap\u00edt\u00e1s\u00e1ra \u2013 a f\u0151v\u00e1ros korm\u00e1nyhivatal\u00e1val egy\u00fcttm\u0171k\u00f6d\u00e9sben \u2013 \u00faj igazol\u00e1st vezetnek be. A b\u00e9rletet a Budapesti K\u00f6zleked\u00e9si K\u00f6zpont kijel\u00f6lt \u00e9rt\u00e9kes\u00edt\u00e9si helyein lehet majd kiv\u00e1ltani.<\/p>\n<p>Forr\u00e1s: hvg.hu,szakszervezetek.hu<\/p>\n","protected":false},"excerpt":{"rendered":"<p>Janu\u00e1rt\u00f3l j\u00e1r az ingyeness\u00e9g, \u00faj igazol\u00e1st vezetnek be, amely alapj\u00e1n az ingyenb\u00e9rletet lehet k\u00e9rni \u2013 olvashat\u00f3 a HVG-ben. Ingyenesen utazhatnak janu\u00e1rt\u00f3l a budapesti \u00e1ll\u00e1skeres\u0151k a f\u0151v\u00e1rosi k\u00f6z\u00f6ss\u00e9gi k\u00f6zleked\u00e9s j\u00e1ratain \u2013 d\u00f6nt\u00f6tt a F\u0151v\u00e1rosi K\u00f6zgy\u0171l\u00e9s. A k\u00e9pvisel\u0151k egyhang\u00falag t\u00e1mogatt\u00e1k Kar\u00e1csony Gergely el\u0151terjeszt\u00e9s\u00e9t, amelynek \u00e9rtelm\u00e9ben &#8222;a budapesti helyi menetrend szerinti k\u00f6z\u00f6ss\u00e9gi k\u00f6zleked\u00e9si szem\u00e9lysz\u00e1ll\u00edt\u00e1st a f\u0151v\u00e1rosi lakc\u00edmmel rendelkez\u0151 [&hellip;]<\/p>\n","protected":false},"author":1,"featured_media":3592,"comment_status":"open","ping_status":"open","sticky":false,"template":"","format":"standard","meta":{"_monsterinsights_skip_tracking":false,"footnotes":""},"categories":[198],"tags":[],"class_list":["post-3591","post","type-post","status-publish","format-standard","has-post-thumbnail","hentry","category-gazdasag"],"aioseo_notices":[],"aioseo_head":"\n\t\t<!-- All in One SEO 5.0.0.1 - aioseo.com -->\n\t<meta name=\"description\" content=\"Janu\u00e1rt\u00f3l j\u00e1r az ingyeness\u00e9g, \u00faj igazol\u00e1st vezetnek be, amely alapj\u00e1n az ingyenb\u00e9rletet lehet k\u00e9rni \u2013 olvashat\u00f3 a HVG-ben. Ingyenesen utazhatnak janu\u00e1rt\u00f3l a budapesti \u00e1ll\u00e1skeres\u0151k a f\u0151v\u00e1rosi k\u00f6z\u00f6ss\u00e9gi k\u00f6zleked\u00e9s j\u00e1ratain \u2013 d\u00f6nt\u00f6tt a F\u0151v\u00e1rosi K\u00f6zgy\u0171l\u00e9s. A k\u00e9pvisel\u0151k egyhang\u00falag t\u00e1mogatt\u00e1k Kar\u00e1csony Gergely el\u0151terjeszt\u00e9s\u00e9t, amelynek \u00e9rtelm\u00e9ben &quot;a budapesti helyi menetrend szerinti k\u00f6z\u00f6ss\u00e9gi k\u00f6zleked\u00e9si szem\u00e9lysz\u00e1ll\u00edt\u00e1st a f\u0151v\u00e1rosi lakc\u00edmmel rendelkez\u0151\" \/>\n\t<meta name=\"robots\" content=\"max-image-preview:large\" \/>\n\t<meta name=\"author\" content=\"Juh\u00e1sz P\u00e9ter\"\/>\n\t<link rel=\"canonical\" href=\"https:\/\/allasorias.hu\/hirek\/aki-allast-keres-ingyen-utazhat-budapesten\/\" \/>\n\t<meta name=\"generator\" content=\"All in One SEO (AIOSEO) 5.0.0.1\" \/>\n\t\t<meta property=\"og:locale\" content=\"hu_HU\" \/>\n\t\t<meta property=\"og:site_name\" content=\"AllasOrias.hu | H\u00edrek-lapszemle | \u00dczleti h\u00edrek az \u00e1ll\u00e1s \u00e9s a munka vil\u00e1g\u00e1b\u00f3l\" \/>\n\t\t<meta property=\"og:type\" content=\"article\" \/>\n\t\t<meta property=\"og:title\" content=\"Aki \u00e1ll\u00e1st keres, ingyen utazhat Budapesten | AllasOrias.hu | H\u00edrek-lapszemle\" \/>\n\t\t<meta property=\"og:description\" content=\"Janu\u00e1rt\u00f3l j\u00e1r az ingyeness\u00e9g, \u00faj igazol\u00e1st vezetnek be, amely alapj\u00e1n az ingyenb\u00e9rletet lehet k\u00e9rni \u2013 olvashat\u00f3 a HVG-ben. Ingyenesen utazhatnak janu\u00e1rt\u00f3l a budapesti \u00e1ll\u00e1skeres\u0151k a f\u0151v\u00e1rosi k\u00f6z\u00f6ss\u00e9gi k\u00f6zleked\u00e9s j\u00e1ratain \u2013 d\u00f6nt\u00f6tt a F\u0151v\u00e1rosi K\u00f6zgy\u0171l\u00e9s. A k\u00e9pvisel\u0151k egyhang\u00falag t\u00e1mogatt\u00e1k Kar\u00e1csony Gergely el\u0151terjeszt\u00e9s\u00e9t, amelynek \u00e9rtelm\u00e9ben &quot;a budapesti helyi menetrend szerinti k\u00f6z\u00f6ss\u00e9gi k\u00f6zleked\u00e9si szem\u00e9lysz\u00e1ll\u00edt\u00e1st a f\u0151v\u00e1rosi lakc\u00edmmel rendelkez\u0151\" \/>\n\t\t<meta property=\"og:url\" content=\"https:\/\/allasorias.hu\/hirek\/aki-allast-keres-ingyen-utazhat-budapesten\/\" \/>\n\t\t<meta property=\"og:image\" content=\"https:\/\/allasorias.hu\/hirek\/wp-content\/uploads\/2019\/12\/7-es_\u00e9s_110-es_busz_Budapest.jpg\" \/>\n\t\t<meta property=\"og:image:secure_url\" content=\"https:\/\/allasorias.hu\/hirek\/wp-content\/uploads\/2019\/12\/7-es_\u00e9s_110-es_busz_Budapest.jpg\" \/>\n\t\t<meta property=\"og:image:width\" content=\"1000\" \/>\n\t\t<meta property=\"og:image:height\" content=\"588\" \/>\n\t\t<meta property=\"article:published_time\" content=\"2019-12-12T08:17:10+00:00\" \/>\n\t\t<meta property=\"article:modified_time\" content=\"2019-12-12T08:17:10+00:00\" \/>\n\t\t<meta property=\"article:publisher\" content=\"https:\/\/www.facebook.com\/allasorias\" \/>\n\t\t<meta name=\"twitter:card\" content=\"summary_large_image\" \/>\n\t\t<meta name=\"twitter:title\" content=\"Aki \u00e1ll\u00e1st keres, ingyen utazhat Budapesten | AllasOrias.hu | H\u00edrek-lapszemle\" \/>\n\t\t<meta name=\"twitter:description\" content=\"Janu\u00e1rt\u00f3l j\u00e1r az ingyeness\u00e9g, \u00faj igazol\u00e1st vezetnek be, amely alapj\u00e1n az ingyenb\u00e9rletet lehet k\u00e9rni \u2013 olvashat\u00f3 a HVG-ben. Ingyenesen utazhatnak janu\u00e1rt\u00f3l a budapesti \u00e1ll\u00e1skeres\u0151k a f\u0151v\u00e1rosi k\u00f6z\u00f6ss\u00e9gi k\u00f6zleked\u00e9s j\u00e1ratain \u2013 d\u00f6nt\u00f6tt a F\u0151v\u00e1rosi K\u00f6zgy\u0171l\u00e9s. A k\u00e9pvisel\u0151k egyhang\u00falag t\u00e1mogatt\u00e1k Kar\u00e1csony Gergely el\u0151terjeszt\u00e9s\u00e9t, amelynek \u00e9rtelm\u00e9ben &quot;a budapesti helyi menetrend szerinti k\u00f6z\u00f6ss\u00e9gi k\u00f6zleked\u00e9si szem\u00e9lysz\u00e1ll\u00edt\u00e1st a f\u0151v\u00e1rosi lakc\u00edmmel rendelkez\u0151\" \/>\n\t\t<meta name=\"twitter:image\" content=\"https:\/\/allasorias.hu\/hirek\/wp-content\/uploads\/2019\/12\/7-es_\u00e9s_110-es_busz_Budapest.jpg\" \/>\n\t\t<meta name=\"twitter:label1\" content=\"Written by\" \/>\n\t\t<meta name=\"twitter:data1\" content=\"Juh\u00e1sz P\u00e9ter\" \/>\n\t\t<meta name=\"twitter:label2\" content=\"Est. reading time\" \/>\n\t\t<meta name=\"twitter:data2\" content=\"1 minute\" \/>\n\t\t<script type=\"application\/ld+json\" class=\"aioseo-schema\">\n\t\t\t{\"@context\":\"https:\\\/\\\/schema.org\",\"@graph\":[{\"@type\":\"Article\",\"@id\":\"https:\\\/\\\/allasorias.hu\\\/hirek\\\/aki-allast-keres-ingyen-utazhat-budapesten\\\/#article\",\"name\":\"Aki \\u00e1ll\\u00e1st keres, ingyen utazhat Budapesten | AllasOrias.hu | H\\u00edrek-lapszemle\",\"headline\":\"Aki \\u00e1ll\\u00e1st keres, ingyen utazhat Budapesten\",\"author\":{\"@id\":\"https:\\\/\\\/allasorias.hu\\\/hirek\\\/author\\\/admin-allasorias\\\/#author\"},\"publisher\":{\"@id\":\"https:\\\/\\\/allasorias.hu\\\/hirek\\\/#organization\"},\"image\":{\"@type\":\"ImageObject\",\"url\":\"https:\\\/\\\/allasorias.hu\\\/hirek\\\/wp-content\\\/uploads\\\/2019\\\/12\\\/7-es_\\u00e9s_110-es_busz_Budapest.jpg\",\"width\":1000,\"height\":588},\"datePublished\":\"2019-12-12T08:17:10+02:00\",\"dateModified\":\"2019-12-12T08:17:10+02:00\",\"inLanguage\":\"hu-HU\",\"mainEntityOfPage\":{\"@id\":\"https:\\\/\\\/allasorias.hu\\\/hirek\\\/aki-allast-keres-ingyen-utazhat-budapesten\\\/#webpage\"},\"isPartOf\":{\"@id\":\"https:\\\/\\\/allasorias.hu\\\/hirek\\\/aki-allast-keres-ingyen-utazhat-budapesten\\\/#webpage\"},\"articleSection\":\"Gazdas\\u00e1g\"},{\"@type\":\"BreadcrumbList\",\"@id\":\"https:\\\/\\\/allasorias.hu\\\/hirek\\\/aki-allast-keres-ingyen-utazhat-budapesten\\\/#breadcrumblist\",\"itemListElement\":[{\"@type\":\"ListItem\",\"@id\":\"https:\\\/\\\/allasorias.hu\\\/hirek#listItem\",\"position\":1,\"name\":\"Home\",\"item\":\"https:\\\/\\\/allasorias.hu\\\/hirek\",\"nextItem\":{\"@type\":\"ListItem\",\"@id\":\"https:\\\/\\\/allasorias.hu\\\/hirek\\\/temak\\\/gazdasag\\\/#listItem\",\"name\":\"Gazdas\\u00e1g\"}},{\"@type\":\"ListItem\",\"@id\":\"https:\\\/\\\/allasorias.hu\\\/hirek\\\/temak\\\/gazdasag\\\/#listItem\",\"position\":2,\"name\":\"Gazdas\\u00e1g\",\"item\":\"https:\\\/\\\/allasorias.hu\\\/hirek\\\/temak\\\/gazdasag\\\/\",\"nextItem\":{\"@type\":\"ListItem\",\"@id\":\"https:\\\/\\\/allasorias.hu\\\/hirek\\\/aki-allast-keres-ingyen-utazhat-budapesten\\\/#listItem\",\"name\":\"Aki \\u00e1ll\\u00e1st keres, ingyen utazhat Budapesten\"},\"previousItem\":{\"@type\":\"ListItem\",\"@id\":\"https:\\\/\\\/allasorias.hu\\\/hirek#listItem\",\"name\":\"Home\"}},{\"@type\":\"ListItem\",\"@id\":\"https:\\\/\\\/allasorias.hu\\\/hirek\\\/aki-allast-keres-ingyen-utazhat-budapesten\\\/#listItem\",\"position\":3,\"name\":\"Aki \\u00e1ll\\u00e1st keres, ingyen utazhat Budapesten\",\"previousItem\":{\"@type\":\"ListItem\",\"@id\":\"https:\\\/\\\/allasorias.hu\\\/hirek\\\/temak\\\/gazdasag\\\/#listItem\",\"name\":\"Gazdas\\u00e1g\"}}]},{\"@type\":\"Organization\",\"@id\":\"https:\\\/\\\/allasorias.hu\\\/hirek\\\/#organization\",\"name\":\"AllasOrias.hu | H\\u00edrek-lapszemle\",\"description\":\"\\u00dczleti h\\u00edrek az \\u00e1ll\\u00e1s \\u00e9s a munka vil\\u00e1g\\u00e1b\\u00f3l\",\"url\":\"https:\\\/\\\/allasorias.hu\\\/hirek\\\/\",\"logo\":{\"@type\":\"ImageObject\",\"url\":\"https:\\\/\\\/allasorias.hu\\\/hirek\\\/wp-content\\\/uploads\\\/2022\\\/10\\\/allasorias_site_facebok_logo.png\",\"@id\":\"https:\\\/\\\/allasorias.hu\\\/hirek\\\/aki-allast-keres-ingyen-utazhat-budapesten\\\/#organizationLogo\"},\"image\":{\"@id\":\"https:\\\/\\\/allasorias.hu\\\/hirek\\\/aki-allast-keres-ingyen-utazhat-budapesten\\\/#organizationLogo\"},\"sameAs\":[\"https:\\\/\\\/www.facebook.com\\\/allasorias\",\"https:\\\/\\\/www.linkedin.com\\\/company\\\/allasorias\"]},{\"@type\":\"Person\",\"@id\":\"https:\\\/\\\/allasorias.hu\\\/hirek\\\/author\\\/admin-allasorias\\\/#author\",\"url\":\"https:\\\/\\\/allasorias.hu\\\/hirek\\\/author\\\/admin-allasorias\\\/\",\"name\":\"Juh\\u00e1sz P\\u00e9ter\",\"image\":{\"@type\":\"ImageObject\",\"@id\":\"https:\\\/\\\/allasorias.hu\\\/hirek\\\/aki-allast-keres-ingyen-utazhat-budapesten\\\/#authorImage\",\"url\":\"https:\\\/\\\/secure.gravatar.com\\\/avatar\\\/36e6bcb83148978b992977cb0f54d22feb0cce8a0a849a9410532bb2623ba4c6?s=96&d=mm&r=g\",\"width\":96,\"height\":96,\"caption\":\"Juh\\u00e1sz P\\u00e9ter\"}},{\"@type\":\"WebPage\",\"@id\":\"https:\\\/\\\/allasorias.hu\\\/hirek\\\/aki-allast-keres-ingyen-utazhat-budapesten\\\/#webpage\",\"url\":\"https:\\\/\\\/allasorias.hu\\\/hirek\\\/aki-allast-keres-ingyen-utazhat-budapesten\\\/\",\"name\":\"Aki \\u00e1ll\\u00e1st keres, ingyen utazhat Budapesten | AllasOrias.hu | H\\u00edrek-lapszemle\",\"description\":\"Janu\\u00e1rt\\u00f3l j\\u00e1r az ingyeness\\u00e9g, \\u00faj igazol\\u00e1st vezetnek be, amely alapj\\u00e1n az ingyenb\\u00e9rletet lehet k\\u00e9rni \\u2013 olvashat\\u00f3 a HVG-ben. Ingyenesen utazhatnak janu\\u00e1rt\\u00f3l a budapesti \\u00e1ll\\u00e1skeres\\u0151k a f\\u0151v\\u00e1rosi k\\u00f6z\\u00f6ss\\u00e9gi k\\u00f6zleked\\u00e9s j\\u00e1ratain \\u2013 d\\u00f6nt\\u00f6tt a F\\u0151v\\u00e1rosi K\\u00f6zgy\\u0171l\\u00e9s. A k\\u00e9pvisel\\u0151k egyhang\\u00falag t\\u00e1mogatt\\u00e1k Kar\\u00e1csony Gergely el\\u0151terjeszt\\u00e9s\\u00e9t, amelynek \\u00e9rtelm\\u00e9ben \\\"a budapesti helyi menetrend szerinti k\\u00f6z\\u00f6ss\\u00e9gi k\\u00f6zleked\\u00e9si szem\\u00e9lysz\\u00e1ll\\u00edt\\u00e1st a f\\u0151v\\u00e1rosi lakc\\u00edmmel rendelkez\\u0151\",\"inLanguage\":\"hu-HU\",\"isPartOf\":{\"@id\":\"https:\\\/\\\/allasorias.hu\\\/hirek\\\/#website\"},\"breadcrumb\":{\"@id\":\"https:\\\/\\\/allasorias.hu\\\/hirek\\\/aki-allast-keres-ingyen-utazhat-budapesten\\\/#breadcrumblist\"},\"author\":{\"@id\":\"https:\\\/\\\/allasorias.hu\\\/hirek\\\/author\\\/admin-allasorias\\\/#author\"},\"creator\":{\"@id\":\"https:\\\/\\\/allasorias.hu\\\/hirek\\\/author\\\/admin-allasorias\\\/#author\"},\"image\":{\"@type\":\"ImageObject\",\"url\":\"https:\\\/\\\/allasorias.hu\\\/hirek\\\/wp-content\\\/uploads\\\/2019\\\/12\\\/7-es_\\u00e9s_110-es_busz_Budapest.jpg\",\"@id\":\"https:\\\/\\\/allasorias.hu\\\/hirek\\\/aki-allast-keres-ingyen-utazhat-budapesten\\\/#mainImage\",\"width\":1000,\"height\":588},\"primaryImageOfPage\":{\"@id\":\"https:\\\/\\\/allasorias.hu\\\/hirek\\\/aki-allast-keres-ingyen-utazhat-budapesten\\\/#mainImage\"},\"datePublished\":\"2019-12-12T08:17:10+02:00\",\"dateModified\":\"2019-12-12T08:17:10+02:00\"},{\"@type\":\"WebSite\",\"@id\":\"https:\\\/\\\/allasorias.hu\\\/hirek\\\/#website\",\"url\":\"https:\\\/\\\/allasorias.hu\\\/hirek\\\/\",\"name\":\"AllasOrias.hu | H\\u00edrek-lapszemle\",\"description\":\"\\u00dczleti h\\u00edrek az \\u00e1ll\\u00e1s \\u00e9s a munka vil\\u00e1g\\u00e1b\\u00f3l\",\"inLanguage\":\"hu-HU\",\"publisher\":{\"@id\":\"https:\\\/\\\/allasorias.hu\\\/hirek\\\/#organization\"}}]}\n\t\t<\/script>\n\t\t<!-- All in One SEO -->\n\n","aioseo_head_json":{"title":"Aki \u00e1ll\u00e1st keres, ingyen utazhat Budapesten | AllasOrias.hu | H\u00edrek-lapszemle","description":"Janu\u00e1rt\u00f3l j\u00e1r az ingyeness\u00e9g, \u00faj igazol\u00e1st vezetnek be, amely alapj\u00e1n az ingyenb\u00e9rletet lehet k\u00e9rni \u2013 olvashat\u00f3 a HVG-ben. Ingyenesen utazhatnak janu\u00e1rt\u00f3l a budapesti \u00e1ll\u00e1skeres\u0151k a f\u0151v\u00e1rosi k\u00f6z\u00f6ss\u00e9gi k\u00f6zleked\u00e9s j\u00e1ratain \u2013 d\u00f6nt\u00f6tt a F\u0151v\u00e1rosi K\u00f6zgy\u0171l\u00e9s. A k\u00e9pvisel\u0151k egyhang\u00falag t\u00e1mogatt\u00e1k Kar\u00e1csony Gergely el\u0151terjeszt\u00e9s\u00e9t, amelynek \u00e9rtelm\u00e9ben \"a budapesti helyi menetrend szerinti k\u00f6z\u00f6ss\u00e9gi k\u00f6zleked\u00e9si szem\u00e9lysz\u00e1ll\u00edt\u00e1st a f\u0151v\u00e1rosi lakc\u00edmmel rendelkez\u0151","canonical_url":"https:\/\/allasorias.hu\/hirek\/aki-allast-keres-ingyen-utazhat-budapesten\/","robots":"max-image-preview:large","keywords":"","webmasterTools":{"miscellaneous":""},"schema":{"@context":"https:\/\/schema.org","@graph":[{"@type":"Article","@id":"https:\/\/allasorias.hu\/hirek\/aki-allast-keres-ingyen-utazhat-budapesten\/#article","name":"Aki \u00e1ll\u00e1st keres, ingyen utazhat Budapesten | AllasOrias.hu | H\u00edrek-lapszemle","headline":"Aki \u00e1ll\u00e1st keres, ingyen utazhat Budapesten","author":{"@id":"https:\/\/allasorias.hu\/hirek\/author\/admin-allasorias\/#author"},"publisher":{"@id":"https:\/\/allasorias.hu\/hirek\/#organization"},"image":{"@type":"ImageObject","url":"https:\/\/allasorias.hu\/hirek\/wp-content\/uploads\/2019\/12\/7-es_\u00e9s_110-es_busz_Budapest.jpg","width":1000,"height":588},"datePublished":"2019-12-12T08:17:10+02:00","dateModified":"2019-12-12T08:17:10+02:00","inLanguage":"hu-HU","mainEntityOfPage":{"@id":"https:\/\/allasorias.hu\/hirek\/aki-allast-keres-ingyen-utazhat-budapesten\/#webpage"},"isPartOf":{"@id":"https:\/\/allasorias.hu\/hirek\/aki-allast-keres-ingyen-utazhat-budapesten\/#webpage"},"articleSection":"Gazdas\u00e1g"},{"@type":"BreadcrumbList","@id":"https:\/\/allasorias.hu\/hirek\/aki-allast-keres-ingyen-utazhat-budapesten\/#breadcrumblist","itemListElement":[{"@type":"ListItem","@id":"https:\/\/allasorias.hu\/hirek#listItem","position":1,"name":"Home","item":"https:\/\/allasorias.hu\/hirek","nextItem":{"@type":"ListItem","@id":"https:\/\/allasorias.hu\/hirek\/temak\/gazdasag\/#listItem","name":"Gazdas\u00e1g"}},{"@type":"ListItem","@id":"https:\/\/allasorias.hu\/hirek\/temak\/gazdasag\/#listItem","position":2,"name":"Gazdas\u00e1g","item":"https:\/\/allasorias.hu\/hirek\/temak\/gazdasag\/","nextItem":{"@type":"ListItem","@id":"https:\/\/allasorias.hu\/hirek\/aki-allast-keres-ingyen-utazhat-budapesten\/#listItem","name":"Aki \u00e1ll\u00e1st keres, ingyen utazhat Budapesten"},"previousItem":{"@type":"ListItem","@id":"https:\/\/allasorias.hu\/hirek#listItem","name":"Home"}},{"@type":"ListItem","@id":"https:\/\/allasorias.hu\/hirek\/aki-allast-keres-ingyen-utazhat-budapesten\/#listItem","position":3,"name":"Aki \u00e1ll\u00e1st keres, ingyen utazhat Budapesten","previousItem":{"@type":"ListItem","@id":"https:\/\/allasorias.hu\/hirek\/temak\/gazdasag\/#listItem","name":"Gazdas\u00e1g"}}]},{"@type":"Organization","@id":"https:\/\/allasorias.hu\/hirek\/#organization","name":"AllasOrias.hu | H\u00edrek-lapszemle","description":"\u00dczleti h\u00edrek az \u00e1ll\u00e1s \u00e9s a munka vil\u00e1g\u00e1b\u00f3l","url":"https:\/\/allasorias.hu\/hirek\/","logo":{"@type":"ImageObject","url":"https:\/\/allasorias.hu\/hirek\/wp-content\/uploads\/2022\/10\/allasorias_site_facebok_logo.png","@id":"https:\/\/allasorias.hu\/hirek\/aki-allast-keres-ingyen-utazhat-budapesten\/#organizationLogo"},"image":{"@id":"https:\/\/allasorias.hu\/hirek\/aki-allast-keres-ingyen-utazhat-budapesten\/#organizationLogo"},"sameAs":["https:\/\/www.facebook.com\/allasorias","https:\/\/www.linkedin.com\/company\/allasorias"]},{"@type":"Person","@id":"https:\/\/allasorias.hu\/hirek\/author\/admin-allasorias\/#author","url":"https:\/\/allasorias.hu\/hirek\/author\/admin-allasorias\/","name":"Juh\u00e1sz P\u00e9ter","image":{"@type":"ImageObject","@id":"https:\/\/allasorias.hu\/hirek\/aki-allast-keres-ingyen-utazhat-budapesten\/#authorImage","url":"https:\/\/secure.gravatar.com\/avatar\/36e6bcb83148978b992977cb0f54d22feb0cce8a0a849a9410532bb2623ba4c6?s=96&d=mm&r=g","width":96,"height":96,"caption":"Juh\u00e1sz P\u00e9ter"}},{"@type":"WebPage","@id":"https:\/\/allasorias.hu\/hirek\/aki-allast-keres-ingyen-utazhat-budapesten\/#webpage","url":"https:\/\/allasorias.hu\/hirek\/aki-allast-keres-ingyen-utazhat-budapesten\/","name":"Aki \u00e1ll\u00e1st keres, ingyen utazhat Budapesten | AllasOrias.hu | H\u00edrek-lapszemle","description":"Janu\u00e1rt\u00f3l j\u00e1r az ingyeness\u00e9g, \u00faj igazol\u00e1st vezetnek be, amely alapj\u00e1n az ingyenb\u00e9rletet lehet k\u00e9rni \u2013 olvashat\u00f3 a HVG-ben. Ingyenesen utazhatnak janu\u00e1rt\u00f3l a budapesti \u00e1ll\u00e1skeres\u0151k a f\u0151v\u00e1rosi k\u00f6z\u00f6ss\u00e9gi k\u00f6zleked\u00e9s j\u00e1ratain \u2013 d\u00f6nt\u00f6tt a F\u0151v\u00e1rosi K\u00f6zgy\u0171l\u00e9s. A k\u00e9pvisel\u0151k egyhang\u00falag t\u00e1mogatt\u00e1k Kar\u00e1csony Gergely el\u0151terjeszt\u00e9s\u00e9t, amelynek \u00e9rtelm\u00e9ben \"a budapesti helyi menetrend szerinti k\u00f6z\u00f6ss\u00e9gi k\u00f6zleked\u00e9si szem\u00e9lysz\u00e1ll\u00edt\u00e1st a f\u0151v\u00e1rosi lakc\u00edmmel rendelkez\u0151","inLanguage":"hu-HU","isPartOf":{"@id":"https:\/\/allasorias.hu\/hirek\/#website"},"breadcrumb":{"@id":"https:\/\/allasorias.hu\/hirek\/aki-allast-keres-ingyen-utazhat-budapesten\/#breadcrumblist"},"author":{"@id":"https:\/\/allasorias.hu\/hirek\/author\/admin-allasorias\/#author"},"creator":{"@id":"https:\/\/allasorias.hu\/hirek\/author\/admin-allasorias\/#author"},"image":{"@type":"ImageObject","url":"https:\/\/allasorias.hu\/hirek\/wp-content\/uploads\/2019\/12\/7-es_\u00e9s_110-es_busz_Budapest.jpg","@id":"https:\/\/allasorias.hu\/hirek\/aki-allast-keres-ingyen-utazhat-budapesten\/#mainImage","width":1000,"height":588},"primaryImageOfPage":{"@id":"https:\/\/allasorias.hu\/hirek\/aki-allast-keres-ingyen-utazhat-budapesten\/#mainImage"},"datePublished":"2019-12-12T08:17:10+02:00","dateModified":"2019-12-12T08:17:10+02:00"},{"@type":"WebSite","@id":"https:\/\/allasorias.hu\/hirek\/#website","url":"https:\/\/allasorias.hu\/hirek\/","name":"AllasOrias.hu | H\u00edrek-lapszemle","description":"\u00dczleti h\u00edrek az \u00e1ll\u00e1s \u00e9s a munka vil\u00e1g\u00e1b\u00f3l","inLanguage":"hu-HU","publisher":{"@id":"https:\/\/allasorias.hu\/hirek\/#organization"}}]},"og:locale":"hu_HU","og:site_name":"AllasOrias.hu | H\u00edrek-lapszemle | \u00dczleti h\u00edrek az \u00e1ll\u00e1s \u00e9s a munka vil\u00e1g\u00e1b\u00f3l","og:type":"article","og:title":"Aki \u00e1ll\u00e1st keres, ingyen utazhat Budapesten | AllasOrias.hu | H\u00edrek-lapszemle","og:description":"Janu\u00e1rt\u00f3l j\u00e1r az ingyeness\u00e9g, \u00faj igazol\u00e1st vezetnek be, amely alapj\u00e1n az ingyenb\u00e9rletet lehet k\u00e9rni \u2013 olvashat\u00f3 a HVG-ben. Ingyenesen utazhatnak janu\u00e1rt\u00f3l a budapesti \u00e1ll\u00e1skeres\u0151k a f\u0151v\u00e1rosi k\u00f6z\u00f6ss\u00e9gi k\u00f6zleked\u00e9s j\u00e1ratain \u2013 d\u00f6nt\u00f6tt a F\u0151v\u00e1rosi K\u00f6zgy\u0171l\u00e9s. A k\u00e9pvisel\u0151k egyhang\u00falag t\u00e1mogatt\u00e1k Kar\u00e1csony Gergely el\u0151terjeszt\u00e9s\u00e9t, amelynek \u00e9rtelm\u00e9ben &quot;a budapesti helyi menetrend szerinti k\u00f6z\u00f6ss\u00e9gi k\u00f6zleked\u00e9si szem\u00e9lysz\u00e1ll\u00edt\u00e1st a f\u0151v\u00e1rosi lakc\u00edmmel rendelkez\u0151","og:url":"https:\/\/allasorias.hu\/hirek\/aki-allast-keres-ingyen-utazhat-budapesten\/","og:image":"https:\/\/allasorias.hu\/hirek\/wp-content\/uploads\/2019\/12\/7-es_\u00e9s_110-es_busz_Budapest.jpg","og:image:secure_url":"https:\/\/allasorias.hu\/hirek\/wp-content\/uploads\/2019\/12\/7-es_\u00e9s_110-es_busz_Budapest.jpg","og:image:width":1000,"og:image:height":588,"article:published_time":"2019-12-12T08:17:10+00:00","article:modified_time":"2019-12-12T08:17:10+00:00","article:publisher":"https:\/\/www.facebook.com\/allasorias","twitter:card":"summary_large_image","twitter:title":"Aki \u00e1ll\u00e1st keres, ingyen utazhat Budapesten | AllasOrias.hu | H\u00edrek-lapszemle","twitter:description":"Janu\u00e1rt\u00f3l j\u00e1r az ingyeness\u00e9g, \u00faj igazol\u00e1st vezetnek be, amely alapj\u00e1n az ingyenb\u00e9rletet lehet k\u00e9rni \u2013 olvashat\u00f3 a HVG-ben. Ingyenesen utazhatnak janu\u00e1rt\u00f3l a budapesti \u00e1ll\u00e1skeres\u0151k a f\u0151v\u00e1rosi k\u00f6z\u00f6ss\u00e9gi k\u00f6zleked\u00e9s j\u00e1ratain \u2013 d\u00f6nt\u00f6tt a F\u0151v\u00e1rosi K\u00f6zgy\u0171l\u00e9s. A k\u00e9pvisel\u0151k egyhang\u00falag t\u00e1mogatt\u00e1k Kar\u00e1csony Gergely el\u0151terjeszt\u00e9s\u00e9t, amelynek \u00e9rtelm\u00e9ben &quot;a budapesti helyi menetrend szerinti k\u00f6z\u00f6ss\u00e9gi k\u00f6zleked\u00e9si szem\u00e9lysz\u00e1ll\u00edt\u00e1st a f\u0151v\u00e1rosi lakc\u00edmmel rendelkez\u0151","twitter:image":"https:\/\/allasorias.hu\/hirek\/wp-content\/uploads\/2019\/12\/7-es_\u00e9s_110-es_busz_Budapest.jpg","twitter:label1":"Written by","twitter:data1":"Juh\u00e1sz P\u00e9ter","twitter:label2":"Est. reading time","twitter:data2":"1 minute"},"aioseo_meta_data":{"post_id":"3591","title":null,"description":null,"keywords":null,"keyphrases":null,"primary_term":null,"canonical_url":null,"og_title":null,"og_description":null,"og_object_type":"default","og_image_type":"default","og_image_url":null,"og_image_width":null,"og_image_height":null,"og_image_custom_url":null,"og_image_custom_fields":null,"og_video":null,"og_custom_url":null,"og_article_section":null,"og_article_tags":null,"twitter_use_og":false,"twitter_card":"default","twitter_image_type":"default","twitter_image_url":null,"twitter_image_custom_url":null,"twitter_image_custom_fields":null,"twitter_title":null,"twitter_description":null,"schema":{"blockGraphs":[],"customGraphs":[],"default":{"data":{"Article":[],"Course":[],"Dataset":[],"FAQPage":[],"Movie":[],"Person":[],"Product":[],"ProductReview":[],"Car":[],"Recipe":[],"Service":[],"SoftwareApplication":[],"WebPage":[]},"graphName":"","isEnabled":true},"graphs":[],"defaultGraph":"","defaultPostTypeGraph":""},"schema_type":null,"schema_type_options":null,"pillar_content":false,"robots_default":true,"robots_noindex":false,"robots_noarchive":false,"robots_nosnippet":false,"robots_nofollow":false,"robots_noimageindex":false,"robots_noodp":false,"robots_notranslate":false,"robots_max_snippet":null,"robots_max_videopreview":null,"robots_max_imagepreview":"large","priority":null,"frequency":null,"location":null,"local_seo":null,"breadcrumb_settings":null,"limit_modified_date":false,"ai":null,"created":"2021-02-01 22:54:09","updated":"2025-10-02 12:33:42","seo_analyzer_scan_date":null,"focus_keyword":null,"additional_keywords":null,"truseo_locale":null},"aioseo_breadcrumb":"<div class=\"aioseo-breadcrumbs\"><span class=\"aioseo-breadcrumb\">\n\t\t\t<a href=\"https:\/\/allasorias.hu\/hirek\" title=\"Home\">Home<\/a>\n\t\t<\/span><span class=\"aioseo-breadcrumb-separator\">&raquo;<\/span><span class=\"aioseo-breadcrumb\">\n\t\t\t<a href=\"https:\/\/allasorias.hu\/hirek\/temak\/gazdasag\/\" title=\"Gazdas\u00e1g\">Gazdas\u00e1g<\/a>\n\t\t<\/span><span class=\"aioseo-breadcrumb-separator\">&raquo;<\/span><span class=\"aioseo-breadcrumb\">\n\t\t\tAki \u00e1ll\u00e1st keres, ingyen utazhat Budapesten\n\t\t<\/span><\/div>","aioseo_breadcrumb_json":[{"label":"Home","link":"https:\/\/allasorias.hu\/hirek"},{"label":"Gazdas\u00e1g","link":"https:\/\/allasorias.hu\/hirek\/temak\/gazdasag\/"},{"label":"Aki \u00e1ll\u00e1st keres, ingyen utazhat Budapesten","link":"https:\/\/allasorias.hu\/hirek\/aki-allast-keres-ingyen-utazhat-budapesten\/"}],"_links":{"self":[{"href":"https:\/\/allasorias.hu\/hirek\/wp-json\/wp\/v2\/posts\/3591","targetHints":{"allow":["GET"]}}],"collection":[{"href":"https:\/\/allasorias.hu\/hirek\/wp-json\/wp\/v2\/posts"}],"about":[{"href":"https:\/\/allasorias.hu\/hirek\/wp-json\/wp\/v2\/types\/post"}],"author":[{"embeddable":true,"href":"https:\/\/allasorias.hu\/hirek\/wp-json\/wp\/v2\/users\/1"}],"replies":[{"embeddable":true,"href":"https:\/\/allasorias.hu\/hirek\/wp-json\/wp\/v2\/comments?post=3591"}],"version-history":[{"count":1,"href":"https:\/\/allasorias.hu\/hirek\/wp-json\/wp\/v2\/posts\/3591\/revisions"}],"predecessor-version":[{"id":3593,"href":"https:\/\/allasorias.hu\/hirek\/wp-json\/wp\/v2\/posts\/3591\/revisions\/3593"}],"wp:featuredmedia":[{"embeddable":true,"href":"https:\/\/allasorias.hu\/hirek\/wp-json\/wp\/v2\/media\/3592"}],"wp:attachment":[{"href":"https:\/\/allasorias.hu\/hirek\/wp-json\/wp\/v2\/media?parent=3591"}],"wp:term":[{"taxonomy":"category","embeddable":true,"href":"https:\/\/allasorias.hu\/hirek\/wp-json\/wp\/v2\/categories?post=3591"},{"taxonomy":"post_tag","embeddable":true,"href":"https:\/\/allasorias.hu\/hirek\/wp-json\/wp\/v2\/tags?post=3591"}],"curies":[{"name":"wp","href":"https:\/\/api.w.org\/{rel}","templated":true}]}}