{"id":3587,"date":"2019-12-11T09:03:45","date_gmt":"2019-12-11T09:03:45","guid":{"rendered":"https:\/\/allasorias.hu\/hirek\/?p=3587"},"modified":"2019-12-11T09:03:45","modified_gmt":"2019-12-11T09:03:45","slug":"hatarozottak-a-kezdo-mernokok","status":"publish","type":"post","link":"https:\/\/allasorias.hu\/hirek\/hatarozottak-a-kezdo-mernokok\/","title":{"rendered":"Hat\u00e1rozottak a kezd\u0151 m\u00e9rn\u00f6k\u00f6k"},"content":{"rendered":"<p><strong>A kezd\u0151 m\u00e9rn\u00f6k\u00f6k tudj\u00e1k, mit akarnak a munka ter\u00fclet\u00e9n. A megk\u00e9rdezettek 63%-a m\u00e1r kisgyermekkor\u00e1ban eld\u00f6nt\u00f6tte, hogy m\u00e9rn\u00f6k szeretne lenni, der\u00fcl ki a CLAAS Hung\u00e1ria Kft. \u00e1ltal k\u00e9sz\u00edtett felm\u00e9r\u00e9sb\u0151l. Minden \u00f6t\u00f6dik kit\u00f6lt\u0151 azt v\u00e1rta a foglalkoz\u00e1s\u00e1t\u00f3l, hogy k\u00e9zzelfoghat\u00f3 eredm\u00e9nye legyen munk\u00e1j\u00e1nak, illetve \u00faj dolgokat alkothasson. A kit\u00f6lt\u0151k harmada saj\u00e1t v\u00e1llalkoz\u00e1st szeretne ind\u00edtani. Ugyanakkor akik beosztottk\u00e9nt gondolkodnak, azok 27%-a azonos fizet\u00e9s eset\u00e9n vid\u00e9ki nagy multic\u00e9get v\u00e1lasztana a f\u0151v\u00e1rosi c\u00e9gekkel szemben.<\/strong><\/p>\n<p><strong>\u00a0<\/strong>A CLAAS Hung\u00e1ria Kft. orsz\u00e1gos felm\u00e9r\u00e9s keret\u00e9ben vizsg\u00e1lta a Z gener\u00e1ci\u00f3s fiatal m\u00e9rn\u00f6k\u00f6k karrierv\u00e1laszt\u00e1si szok\u00e1sait \u00e9s ig\u00e9nyeit. A szakma kiv\u00e1laszt\u00e1sa sor\u00e1n a legjellemz\u0151bb a c\u00e9ltudatos, m\u00e1r gyerekkorban eld\u00f6nt\u00f6tt p\u00e1lyav\u00e1laszt\u00e1s, de emellett a bar\u00e1ti \u00e9s sz\u00fcl\u0151i tan\u00e1csok is befoly\u00e1sol\u00f3 t\u00e9nyez\u0151k, a v\u00e1laszad\u00f3k k\u00f6zel 10%-a azonban egyszer\u0171en csak szerette volna megtapasztalni, hogy mit is adhat sz\u00e1mukra a m\u00e9rn\u00f6k szakma. A felm\u00e9r\u00e9s megmutatta, hogy legt\u00f6bben az \u00e1ll\u00e1shirdet\u0151 port\u00e1lokr\u00f3l t\u00e1j\u00e9koz\u00f3dnak \u00faj \u00e1ll\u00e1slehet\u0151s\u00e9g ir\u00e1nt. A v\u00e1laszad\u00f3k 44%-a azonban f\u0151k\u00e9nt a social media fel\u00fcleteket r\u00e9szes\u00edti el\u0151nyben, s ezeken keres lehet\u0151s\u00e9geket. Az emberi kapcsolatok azonban tov\u00e1bbra sem elhanyagolhat\u00f3k, hiszen az ismer\u0151s\u00f6k aj\u00e1nl\u00e1sa 40%-ot \u00e9rt el a v\u00e1laszok rangsor\u00e1ban. Minden m\u00e1sodik v\u00e1laszad\u00f3 sz\u00e1m\u00e1ra fontos volt, hogy munk\u00e1juk izgalmas projekteket \u00e9s kih\u00edv\u00e1sokat is tartalmazzon, der\u00fclt ki a felm\u00e9r\u00e9s egyik k\u00e9rd\u00e9s\u00e9b\u0151l. A biztos meg\u00e9lhet\u00e9s, mint v\u00e1laszt\u00e1si szempont csup\u00e1n 9%-ukn\u00e1l jelent meg els\u0151 helyen. A megk\u00e9rdezettek 31%-\u00e1nak az volt a legfontosabb egy munkahely kiv\u00e1laszt\u00e1sakor, hogy legyenek fejl\u0151d\u00e9si, el\u0151rel\u00e9p\u00e9si lehet\u0151s\u00e9geik, a karrier\u00fat pedig m\u00e1r az elej\u00e9n j\u00f3l l\u00e1that\u00f3 legyen. A munka \u00e9s mag\u00e1n\u00e9let egyens\u00falya minden \u00f6t\u00f6dik v\u00e1laszad\u00f3 sz\u00e1m\u00e1ra els\u0151dleges szempontk\u00e9nt jelent meg, de a lok\u00e1ci\u00f3 \u00e9s a fizet\u00e9s is fontos t\u00e9nyez\u0151 egy-egy munkahely kiv\u00e1laszt\u00e1s\u00e1n\u00e1l. A v\u00e1laszad\u00f3k k\u00f6zel h\u00e1romnegyede v\u00e1rosi, k\u00f6zs\u00e9gi lak\u00f3hellyel rendelkezik, 11%-uk a f\u0151v\u00e1rosban, 16%-uk pedig valamelyik megyesz\u00e9khelyen \u00e9l.<\/p>\n<p>Forr\u00e1s: mmonline.hu<\/p>\n","protected":false},"excerpt":{"rendered":"<p>A kezd\u0151 m\u00e9rn\u00f6k\u00f6k tudj\u00e1k, mit akarnak a munka ter\u00fclet\u00e9n. A megk\u00e9rdezettek 63%-a m\u00e1r kisgyermekkor\u00e1ban eld\u00f6nt\u00f6tte, hogy m\u00e9rn\u00f6k szeretne lenni, der\u00fcl ki a CLAAS Hung\u00e1ria Kft. \u00e1ltal k\u00e9sz\u00edtett felm\u00e9r\u00e9sb\u0151l. Minden \u00f6t\u00f6dik kit\u00f6lt\u0151 azt v\u00e1rta a foglalkoz\u00e1s\u00e1t\u00f3l, hogy k\u00e9zzelfoghat\u00f3 eredm\u00e9nye legyen munk\u00e1j\u00e1nak, illetve \u00faj dolgokat alkothasson. A kit\u00f6lt\u0151k harmada saj\u00e1t v\u00e1llalkoz\u00e1st szeretne ind\u00edtani. Ugyanakkor akik beosztottk\u00e9nt gondolkodnak, [&hellip;]<\/p>\n","protected":false},"author":1,"featured_media":3588,"comment_status":"open","ping_status":"open","sticky":false,"template":"","format":"standard","meta":{"_monsterinsights_skip_tracking":false,"footnotes":""},"categories":[1,200],"tags":[],"class_list":["post-3587","post","type-post","status-publish","format-standard","has-post-thumbnail","hentry","category-allaskereses","category-munkaeropiac"],"aioseo_notices":[],"aioseo_head":"\n\t\t<!-- All in One SEO 5.0.0.1 - aioseo.com -->\n\t<meta name=\"description\" content=\"A kezd\u0151 m\u00e9rn\u00f6k\u00f6k tudj\u00e1k, mit akarnak a munka ter\u00fclet\u00e9n. A megk\u00e9rdezettek 63%-a m\u00e1r kisgyermekkor\u00e1ban eld\u00f6nt\u00f6tte, hogy m\u00e9rn\u00f6k szeretne lenni, der\u00fcl ki a CLAAS Hung\u00e1ria Kft. \u00e1ltal k\u00e9sz\u00edtett felm\u00e9r\u00e9sb\u0151l. Minden \u00f6t\u00f6dik kit\u00f6lt\u0151 azt v\u00e1rta a foglalkoz\u00e1s\u00e1t\u00f3l, hogy k\u00e9zzelfoghat\u00f3 eredm\u00e9nye legyen munk\u00e1j\u00e1nak, illetve \u00faj dolgokat alkothasson. A kit\u00f6lt\u0151k harmada saj\u00e1t v\u00e1llalkoz\u00e1st szeretne ind\u00edtani. Ugyanakkor akik beosztottk\u00e9nt gondolkodnak,\" \/>\n\t<meta name=\"robots\" content=\"max-image-preview:large\" \/>\n\t<meta name=\"author\" content=\"Juh\u00e1sz P\u00e9ter\"\/>\n\t<link rel=\"canonical\" href=\"https:\/\/allasorias.hu\/hirek\/hatarozottak-a-kezdo-mernokok\/\" \/>\n\t<meta name=\"generator\" content=\"All in One SEO (AIOSEO) 5.0.0.1\" \/>\n\t\t<meta property=\"og:locale\" content=\"hu_HU\" \/>\n\t\t<meta property=\"og:site_name\" content=\"AllasOrias.hu | H\u00edrek-lapszemle | \u00dczleti h\u00edrek az \u00e1ll\u00e1s \u00e9s a munka vil\u00e1g\u00e1b\u00f3l\" \/>\n\t\t<meta property=\"og:type\" content=\"article\" \/>\n\t\t<meta property=\"og:title\" content=\"Hat\u00e1rozottak a kezd\u0151 m\u00e9rn\u00f6k\u00f6k | AllasOrias.hu | H\u00edrek-lapszemle\" \/>\n\t\t<meta property=\"og:description\" content=\"A kezd\u0151 m\u00e9rn\u00f6k\u00f6k tudj\u00e1k, mit akarnak a munka ter\u00fclet\u00e9n. A megk\u00e9rdezettek 63%-a m\u00e1r kisgyermekkor\u00e1ban eld\u00f6nt\u00f6tte, hogy m\u00e9rn\u00f6k szeretne lenni, der\u00fcl ki a CLAAS Hung\u00e1ria Kft. \u00e1ltal k\u00e9sz\u00edtett felm\u00e9r\u00e9sb\u0151l. Minden \u00f6t\u00f6dik kit\u00f6lt\u0151 azt v\u00e1rta a foglalkoz\u00e1s\u00e1t\u00f3l, hogy k\u00e9zzelfoghat\u00f3 eredm\u00e9nye legyen munk\u00e1j\u00e1nak, illetve \u00faj dolgokat alkothasson. A kit\u00f6lt\u0151k harmada saj\u00e1t v\u00e1llalkoz\u00e1st szeretne ind\u00edtani. Ugyanakkor akik beosztottk\u00e9nt gondolkodnak,\" \/>\n\t\t<meta property=\"og:url\" content=\"https:\/\/allasorias.hu\/hirek\/hatarozottak-a-kezdo-mernokok\/\" \/>\n\t\t<meta property=\"og:image\" content=\"https:\/\/allasorias.hu\/hirek\/wp-content\/uploads\/2019\/12\/man-wearing-orange-hard-hat-2760241.jpg\" \/>\n\t\t<meta property=\"og:image:secure_url\" content=\"https:\/\/allasorias.hu\/hirek\/wp-content\/uploads\/2019\/12\/man-wearing-orange-hard-hat-2760241.jpg\" \/>\n\t\t<meta property=\"og:image:width\" content=\"640\" \/>\n\t\t<meta property=\"og:image:height\" content=\"426\" \/>\n\t\t<meta property=\"article:published_time\" content=\"2019-12-11T09:03:45+00:00\" \/>\n\t\t<meta property=\"article:modified_time\" content=\"2019-12-11T09:03:45+00:00\" \/>\n\t\t<meta property=\"article:publisher\" content=\"https:\/\/www.facebook.com\/allasorias\" \/>\n\t\t<meta name=\"twitter:card\" content=\"summary_large_image\" \/>\n\t\t<meta name=\"twitter:title\" content=\"Hat\u00e1rozottak a kezd\u0151 m\u00e9rn\u00f6k\u00f6k | AllasOrias.hu | H\u00edrek-lapszemle\" \/>\n\t\t<meta name=\"twitter:description\" content=\"A kezd\u0151 m\u00e9rn\u00f6k\u00f6k tudj\u00e1k, mit akarnak a munka ter\u00fclet\u00e9n. A megk\u00e9rdezettek 63%-a m\u00e1r kisgyermekkor\u00e1ban eld\u00f6nt\u00f6tte, hogy m\u00e9rn\u00f6k szeretne lenni, der\u00fcl ki a CLAAS Hung\u00e1ria Kft. \u00e1ltal k\u00e9sz\u00edtett felm\u00e9r\u00e9sb\u0151l. Minden \u00f6t\u00f6dik kit\u00f6lt\u0151 azt v\u00e1rta a foglalkoz\u00e1s\u00e1t\u00f3l, hogy k\u00e9zzelfoghat\u00f3 eredm\u00e9nye legyen munk\u00e1j\u00e1nak, illetve \u00faj dolgokat alkothasson. A kit\u00f6lt\u0151k harmada saj\u00e1t v\u00e1llalkoz\u00e1st szeretne ind\u00edtani. Ugyanakkor akik beosztottk\u00e9nt gondolkodnak,\" \/>\n\t\t<meta name=\"twitter:image\" content=\"https:\/\/allasorias.hu\/hirek\/wp-content\/uploads\/2019\/12\/man-wearing-orange-hard-hat-2760241.jpg\" \/>\n\t\t<meta name=\"twitter:label1\" content=\"Written by\" \/>\n\t\t<meta name=\"twitter:data1\" content=\"Juh\u00e1sz P\u00e9ter\" \/>\n\t\t<meta name=\"twitter:label2\" content=\"Est. reading time\" \/>\n\t\t<meta name=\"twitter:data2\" content=\"2 minutes\" \/>\n\t\t<script type=\"application\/ld+json\" class=\"aioseo-schema\">\n\t\t\t{\"@context\":\"https:\\\/\\\/schema.org\",\"@graph\":[{\"@type\":\"Article\",\"@id\":\"https:\\\/\\\/allasorias.hu\\\/hirek\\\/hatarozottak-a-kezdo-mernokok\\\/#article\",\"name\":\"Hat\\u00e1rozottak a kezd\\u0151 m\\u00e9rn\\u00f6k\\u00f6k | AllasOrias.hu | H\\u00edrek-lapszemle\",\"headline\":\"Hat\\u00e1rozottak a kezd\\u0151 m\\u00e9rn\\u00f6k\\u00f6k\",\"author\":{\"@id\":\"https:\\\/\\\/allasorias.hu\\\/hirek\\\/author\\\/admin-allasorias\\\/#author\"},\"publisher\":{\"@id\":\"https:\\\/\\\/allasorias.hu\\\/hirek\\\/#organization\"},\"image\":{\"@type\":\"ImageObject\",\"url\":\"https:\\\/\\\/allasorias.hu\\\/hirek\\\/wp-content\\\/uploads\\\/2019\\\/12\\\/man-wearing-orange-hard-hat-2760241.jpg\",\"width\":640,\"height\":426},\"datePublished\":\"2019-12-11T09:03:45+02:00\",\"dateModified\":\"2019-12-11T09:03:45+02:00\",\"inLanguage\":\"hu-HU\",\"mainEntityOfPage\":{\"@id\":\"https:\\\/\\\/allasorias.hu\\\/hirek\\\/hatarozottak-a-kezdo-mernokok\\\/#webpage\"},\"isPartOf\":{\"@id\":\"https:\\\/\\\/allasorias.hu\\\/hirek\\\/hatarozottak-a-kezdo-mernokok\\\/#webpage\"},\"articleSection\":\"\\u00c1ll\\u00e1skeres\\u00e9s, Munkaer\\u0151piac\"},{\"@type\":\"BreadcrumbList\",\"@id\":\"https:\\\/\\\/allasorias.hu\\\/hirek\\\/hatarozottak-a-kezdo-mernokok\\\/#breadcrumblist\",\"itemListElement\":[{\"@type\":\"ListItem\",\"@id\":\"https:\\\/\\\/allasorias.hu\\\/hirek#listItem\",\"position\":1,\"name\":\"Home\",\"item\":\"https:\\\/\\\/allasorias.hu\\\/hirek\",\"nextItem\":{\"@type\":\"ListItem\",\"@id\":\"https:\\\/\\\/allasorias.hu\\\/hirek\\\/temak\\\/allaskereses\\\/#listItem\",\"name\":\"\\u00c1ll\\u00e1skeres\\u00e9s\"}},{\"@type\":\"ListItem\",\"@id\":\"https:\\\/\\\/allasorias.hu\\\/hirek\\\/temak\\\/allaskereses\\\/#listItem\",\"position\":2,\"name\":\"\\u00c1ll\\u00e1skeres\\u00e9s\",\"item\":\"https:\\\/\\\/allasorias.hu\\\/hirek\\\/temak\\\/allaskereses\\\/\",\"nextItem\":{\"@type\":\"ListItem\",\"@id\":\"https:\\\/\\\/allasorias.hu\\\/hirek\\\/hatarozottak-a-kezdo-mernokok\\\/#listItem\",\"name\":\"Hat\\u00e1rozottak a kezd\\u0151 m\\u00e9rn\\u00f6k\\u00f6k\"},\"previousItem\":{\"@type\":\"ListItem\",\"@id\":\"https:\\\/\\\/allasorias.hu\\\/hirek#listItem\",\"name\":\"Home\"}},{\"@type\":\"ListItem\",\"@id\":\"https:\\\/\\\/allasorias.hu\\\/hirek\\\/hatarozottak-a-kezdo-mernokok\\\/#listItem\",\"position\":3,\"name\":\"Hat\\u00e1rozottak a kezd\\u0151 m\\u00e9rn\\u00f6k\\u00f6k\",\"previousItem\":{\"@type\":\"ListItem\",\"@id\":\"https:\\\/\\\/allasorias.hu\\\/hirek\\\/temak\\\/allaskereses\\\/#listItem\",\"name\":\"\\u00c1ll\\u00e1skeres\\u00e9s\"}}]},{\"@type\":\"Organization\",\"@id\":\"https:\\\/\\\/allasorias.hu\\\/hirek\\\/#organization\",\"name\":\"AllasOrias.hu | H\\u00edrek-lapszemle\",\"description\":\"\\u00dczleti h\\u00edrek az \\u00e1ll\\u00e1s \\u00e9s a munka vil\\u00e1g\\u00e1b\\u00f3l\",\"url\":\"https:\\\/\\\/allasorias.hu\\\/hirek\\\/\",\"logo\":{\"@type\":\"ImageObject\",\"url\":\"https:\\\/\\\/allasorias.hu\\\/hirek\\\/wp-content\\\/uploads\\\/2022\\\/10\\\/allasorias_site_facebok_logo.png\",\"@id\":\"https:\\\/\\\/allasorias.hu\\\/hirek\\\/hatarozottak-a-kezdo-mernokok\\\/#organizationLogo\"},\"image\":{\"@id\":\"https:\\\/\\\/allasorias.hu\\\/hirek\\\/hatarozottak-a-kezdo-mernokok\\\/#organizationLogo\"},\"sameAs\":[\"https:\\\/\\\/www.facebook.com\\\/allasorias\",\"https:\\\/\\\/www.linkedin.com\\\/company\\\/allasorias\"]},{\"@type\":\"Person\",\"@id\":\"https:\\\/\\\/allasorias.hu\\\/hirek\\\/author\\\/admin-allasorias\\\/#author\",\"url\":\"https:\\\/\\\/allasorias.hu\\\/hirek\\\/author\\\/admin-allasorias\\\/\",\"name\":\"Juh\\u00e1sz P\\u00e9ter\",\"image\":{\"@type\":\"ImageObject\",\"@id\":\"https:\\\/\\\/allasorias.hu\\\/hirek\\\/hatarozottak-a-kezdo-mernokok\\\/#authorImage\",\"url\":\"https:\\\/\\\/secure.gravatar.com\\\/avatar\\\/36e6bcb83148978b992977cb0f54d22feb0cce8a0a849a9410532bb2623ba4c6?s=96&d=mm&r=g\",\"width\":96,\"height\":96,\"caption\":\"Juh\\u00e1sz P\\u00e9ter\"}},{\"@type\":\"WebPage\",\"@id\":\"https:\\\/\\\/allasorias.hu\\\/hirek\\\/hatarozottak-a-kezdo-mernokok\\\/#webpage\",\"url\":\"https:\\\/\\\/allasorias.hu\\\/hirek\\\/hatarozottak-a-kezdo-mernokok\\\/\",\"name\":\"Hat\\u00e1rozottak a kezd\\u0151 m\\u00e9rn\\u00f6k\\u00f6k | AllasOrias.hu | H\\u00edrek-lapszemle\",\"description\":\"A kezd\\u0151 m\\u00e9rn\\u00f6k\\u00f6k tudj\\u00e1k, mit akarnak a munka ter\\u00fclet\\u00e9n. A megk\\u00e9rdezettek 63%-a m\\u00e1r kisgyermekkor\\u00e1ban eld\\u00f6nt\\u00f6tte, hogy m\\u00e9rn\\u00f6k szeretne lenni, der\\u00fcl ki a CLAAS Hung\\u00e1ria Kft. \\u00e1ltal k\\u00e9sz\\u00edtett felm\\u00e9r\\u00e9sb\\u0151l. Minden \\u00f6t\\u00f6dik kit\\u00f6lt\\u0151 azt v\\u00e1rta a foglalkoz\\u00e1s\\u00e1t\\u00f3l, hogy k\\u00e9zzelfoghat\\u00f3 eredm\\u00e9nye legyen munk\\u00e1j\\u00e1nak, illetve \\u00faj dolgokat alkothasson. A kit\\u00f6lt\\u0151k harmada saj\\u00e1t v\\u00e1llalkoz\\u00e1st szeretne ind\\u00edtani. Ugyanakkor akik beosztottk\\u00e9nt gondolkodnak,\",\"inLanguage\":\"hu-HU\",\"isPartOf\":{\"@id\":\"https:\\\/\\\/allasorias.hu\\\/hirek\\\/#website\"},\"breadcrumb\":{\"@id\":\"https:\\\/\\\/allasorias.hu\\\/hirek\\\/hatarozottak-a-kezdo-mernokok\\\/#breadcrumblist\"},\"author\":{\"@id\":\"https:\\\/\\\/allasorias.hu\\\/hirek\\\/author\\\/admin-allasorias\\\/#author\"},\"creator\":{\"@id\":\"https:\\\/\\\/allasorias.hu\\\/hirek\\\/author\\\/admin-allasorias\\\/#author\"},\"image\":{\"@type\":\"ImageObject\",\"url\":\"https:\\\/\\\/allasorias.hu\\\/hirek\\\/wp-content\\\/uploads\\\/2019\\\/12\\\/man-wearing-orange-hard-hat-2760241.jpg\",\"@id\":\"https:\\\/\\\/allasorias.hu\\\/hirek\\\/hatarozottak-a-kezdo-mernokok\\\/#mainImage\",\"width\":640,\"height\":426},\"primaryImageOfPage\":{\"@id\":\"https:\\\/\\\/allasorias.hu\\\/hirek\\\/hatarozottak-a-kezdo-mernokok\\\/#mainImage\"},\"datePublished\":\"2019-12-11T09:03:45+02:00\",\"dateModified\":\"2019-12-11T09:03:45+02:00\"},{\"@type\":\"WebSite\",\"@id\":\"https:\\\/\\\/allasorias.hu\\\/hirek\\\/#website\",\"url\":\"https:\\\/\\\/allasorias.hu\\\/hirek\\\/\",\"name\":\"AllasOrias.hu | H\\u00edrek-lapszemle\",\"description\":\"\\u00dczleti h\\u00edrek az \\u00e1ll\\u00e1s \\u00e9s a munka vil\\u00e1g\\u00e1b\\u00f3l\",\"inLanguage\":\"hu-HU\",\"publisher\":{\"@id\":\"https:\\\/\\\/allasorias.hu\\\/hirek\\\/#organization\"}}]}\n\t\t<\/script>\n\t\t<!-- All in One SEO -->\n\n","aioseo_head_json":{"title":"Hat\u00e1rozottak a kezd\u0151 m\u00e9rn\u00f6k\u00f6k | AllasOrias.hu | H\u00edrek-lapszemle","description":"A kezd\u0151 m\u00e9rn\u00f6k\u00f6k tudj\u00e1k, mit akarnak a munka ter\u00fclet\u00e9n. A megk\u00e9rdezettek 63%-a m\u00e1r kisgyermekkor\u00e1ban eld\u00f6nt\u00f6tte, hogy m\u00e9rn\u00f6k szeretne lenni, der\u00fcl ki a CLAAS Hung\u00e1ria Kft. \u00e1ltal k\u00e9sz\u00edtett felm\u00e9r\u00e9sb\u0151l. Minden \u00f6t\u00f6dik kit\u00f6lt\u0151 azt v\u00e1rta a foglalkoz\u00e1s\u00e1t\u00f3l, hogy k\u00e9zzelfoghat\u00f3 eredm\u00e9nye legyen munk\u00e1j\u00e1nak, illetve \u00faj dolgokat alkothasson. A kit\u00f6lt\u0151k harmada saj\u00e1t v\u00e1llalkoz\u00e1st szeretne ind\u00edtani. Ugyanakkor akik beosztottk\u00e9nt gondolkodnak,","canonical_url":"https:\/\/allasorias.hu\/hirek\/hatarozottak-a-kezdo-mernokok\/","robots":"max-image-preview:large","keywords":"","webmasterTools":{"miscellaneous":""},"schema":{"@context":"https:\/\/schema.org","@graph":[{"@type":"Article","@id":"https:\/\/allasorias.hu\/hirek\/hatarozottak-a-kezdo-mernokok\/#article","name":"Hat\u00e1rozottak a kezd\u0151 m\u00e9rn\u00f6k\u00f6k | AllasOrias.hu | H\u00edrek-lapszemle","headline":"Hat\u00e1rozottak a kezd\u0151 m\u00e9rn\u00f6k\u00f6k","author":{"@id":"https:\/\/allasorias.hu\/hirek\/author\/admin-allasorias\/#author"},"publisher":{"@id":"https:\/\/allasorias.hu\/hirek\/#organization"},"image":{"@type":"ImageObject","url":"https:\/\/allasorias.hu\/hirek\/wp-content\/uploads\/2019\/12\/man-wearing-orange-hard-hat-2760241.jpg","width":640,"height":426},"datePublished":"2019-12-11T09:03:45+02:00","dateModified":"2019-12-11T09:03:45+02:00","inLanguage":"hu-HU","mainEntityOfPage":{"@id":"https:\/\/allasorias.hu\/hirek\/hatarozottak-a-kezdo-mernokok\/#webpage"},"isPartOf":{"@id":"https:\/\/allasorias.hu\/hirek\/hatarozottak-a-kezdo-mernokok\/#webpage"},"articleSection":"\u00c1ll\u00e1skeres\u00e9s, Munkaer\u0151piac"},{"@type":"BreadcrumbList","@id":"https:\/\/allasorias.hu\/hirek\/hatarozottak-a-kezdo-mernokok\/#breadcrumblist","itemListElement":[{"@type":"ListItem","@id":"https:\/\/allasorias.hu\/hirek#listItem","position":1,"name":"Home","item":"https:\/\/allasorias.hu\/hirek","nextItem":{"@type":"ListItem","@id":"https:\/\/allasorias.hu\/hirek\/temak\/allaskereses\/#listItem","name":"\u00c1ll\u00e1skeres\u00e9s"}},{"@type":"ListItem","@id":"https:\/\/allasorias.hu\/hirek\/temak\/allaskereses\/#listItem","position":2,"name":"\u00c1ll\u00e1skeres\u00e9s","item":"https:\/\/allasorias.hu\/hirek\/temak\/allaskereses\/","nextItem":{"@type":"ListItem","@id":"https:\/\/allasorias.hu\/hirek\/hatarozottak-a-kezdo-mernokok\/#listItem","name":"Hat\u00e1rozottak a kezd\u0151 m\u00e9rn\u00f6k\u00f6k"},"previousItem":{"@type":"ListItem","@id":"https:\/\/allasorias.hu\/hirek#listItem","name":"Home"}},{"@type":"ListItem","@id":"https:\/\/allasorias.hu\/hirek\/hatarozottak-a-kezdo-mernokok\/#listItem","position":3,"name":"Hat\u00e1rozottak a kezd\u0151 m\u00e9rn\u00f6k\u00f6k","previousItem":{"@type":"ListItem","@id":"https:\/\/allasorias.hu\/hirek\/temak\/allaskereses\/#listItem","name":"\u00c1ll\u00e1skeres\u00e9s"}}]},{"@type":"Organization","@id":"https:\/\/allasorias.hu\/hirek\/#organization","name":"AllasOrias.hu | H\u00edrek-lapszemle","description":"\u00dczleti h\u00edrek az \u00e1ll\u00e1s \u00e9s a munka vil\u00e1g\u00e1b\u00f3l","url":"https:\/\/allasorias.hu\/hirek\/","logo":{"@type":"ImageObject","url":"https:\/\/allasorias.hu\/hirek\/wp-content\/uploads\/2022\/10\/allasorias_site_facebok_logo.png","@id":"https:\/\/allasorias.hu\/hirek\/hatarozottak-a-kezdo-mernokok\/#organizationLogo"},"image":{"@id":"https:\/\/allasorias.hu\/hirek\/hatarozottak-a-kezdo-mernokok\/#organizationLogo"},"sameAs":["https:\/\/www.facebook.com\/allasorias","https:\/\/www.linkedin.com\/company\/allasorias"]},{"@type":"Person","@id":"https:\/\/allasorias.hu\/hirek\/author\/admin-allasorias\/#author","url":"https:\/\/allasorias.hu\/hirek\/author\/admin-allasorias\/","name":"Juh\u00e1sz P\u00e9ter","image":{"@type":"ImageObject","@id":"https:\/\/allasorias.hu\/hirek\/hatarozottak-a-kezdo-mernokok\/#authorImage","url":"https:\/\/secure.gravatar.com\/avatar\/36e6bcb83148978b992977cb0f54d22feb0cce8a0a849a9410532bb2623ba4c6?s=96&d=mm&r=g","width":96,"height":96,"caption":"Juh\u00e1sz P\u00e9ter"}},{"@type":"WebPage","@id":"https:\/\/allasorias.hu\/hirek\/hatarozottak-a-kezdo-mernokok\/#webpage","url":"https:\/\/allasorias.hu\/hirek\/hatarozottak-a-kezdo-mernokok\/","name":"Hat\u00e1rozottak a kezd\u0151 m\u00e9rn\u00f6k\u00f6k | AllasOrias.hu | H\u00edrek-lapszemle","description":"A kezd\u0151 m\u00e9rn\u00f6k\u00f6k tudj\u00e1k, mit akarnak a munka ter\u00fclet\u00e9n. A megk\u00e9rdezettek 63%-a m\u00e1r kisgyermekkor\u00e1ban eld\u00f6nt\u00f6tte, hogy m\u00e9rn\u00f6k szeretne lenni, der\u00fcl ki a CLAAS Hung\u00e1ria Kft. \u00e1ltal k\u00e9sz\u00edtett felm\u00e9r\u00e9sb\u0151l. Minden \u00f6t\u00f6dik kit\u00f6lt\u0151 azt v\u00e1rta a foglalkoz\u00e1s\u00e1t\u00f3l, hogy k\u00e9zzelfoghat\u00f3 eredm\u00e9nye legyen munk\u00e1j\u00e1nak, illetve \u00faj dolgokat alkothasson. A kit\u00f6lt\u0151k harmada saj\u00e1t v\u00e1llalkoz\u00e1st szeretne ind\u00edtani. Ugyanakkor akik beosztottk\u00e9nt gondolkodnak,","inLanguage":"hu-HU","isPartOf":{"@id":"https:\/\/allasorias.hu\/hirek\/#website"},"breadcrumb":{"@id":"https:\/\/allasorias.hu\/hirek\/hatarozottak-a-kezdo-mernokok\/#breadcrumblist"},"author":{"@id":"https:\/\/allasorias.hu\/hirek\/author\/admin-allasorias\/#author"},"creator":{"@id":"https:\/\/allasorias.hu\/hirek\/author\/admin-allasorias\/#author"},"image":{"@type":"ImageObject","url":"https:\/\/allasorias.hu\/hirek\/wp-content\/uploads\/2019\/12\/man-wearing-orange-hard-hat-2760241.jpg","@id":"https:\/\/allasorias.hu\/hirek\/hatarozottak-a-kezdo-mernokok\/#mainImage","width":640,"height":426},"primaryImageOfPage":{"@id":"https:\/\/allasorias.hu\/hirek\/hatarozottak-a-kezdo-mernokok\/#mainImage"},"datePublished":"2019-12-11T09:03:45+02:00","dateModified":"2019-12-11T09:03:45+02:00"},{"@type":"WebSite","@id":"https:\/\/allasorias.hu\/hirek\/#website","url":"https:\/\/allasorias.hu\/hirek\/","name":"AllasOrias.hu | H\u00edrek-lapszemle","description":"\u00dczleti h\u00edrek az \u00e1ll\u00e1s \u00e9s a munka vil\u00e1g\u00e1b\u00f3l","inLanguage":"hu-HU","publisher":{"@id":"https:\/\/allasorias.hu\/hirek\/#organization"}}]},"og:locale":"hu_HU","og:site_name":"AllasOrias.hu | H\u00edrek-lapszemle | \u00dczleti h\u00edrek az \u00e1ll\u00e1s \u00e9s a munka vil\u00e1g\u00e1b\u00f3l","og:type":"article","og:title":"Hat\u00e1rozottak a kezd\u0151 m\u00e9rn\u00f6k\u00f6k | AllasOrias.hu | H\u00edrek-lapszemle","og:description":"A kezd\u0151 m\u00e9rn\u00f6k\u00f6k tudj\u00e1k, mit akarnak a munka ter\u00fclet\u00e9n. A megk\u00e9rdezettek 63%-a m\u00e1r kisgyermekkor\u00e1ban eld\u00f6nt\u00f6tte, hogy m\u00e9rn\u00f6k szeretne lenni, der\u00fcl ki a CLAAS Hung\u00e1ria Kft. \u00e1ltal k\u00e9sz\u00edtett felm\u00e9r\u00e9sb\u0151l. Minden \u00f6t\u00f6dik kit\u00f6lt\u0151 azt v\u00e1rta a foglalkoz\u00e1s\u00e1t\u00f3l, hogy k\u00e9zzelfoghat\u00f3 eredm\u00e9nye legyen munk\u00e1j\u00e1nak, illetve \u00faj dolgokat alkothasson. A kit\u00f6lt\u0151k harmada saj\u00e1t v\u00e1llalkoz\u00e1st szeretne ind\u00edtani. Ugyanakkor akik beosztottk\u00e9nt gondolkodnak,","og:url":"https:\/\/allasorias.hu\/hirek\/hatarozottak-a-kezdo-mernokok\/","og:image":"https:\/\/allasorias.hu\/hirek\/wp-content\/uploads\/2019\/12\/man-wearing-orange-hard-hat-2760241.jpg","og:image:secure_url":"https:\/\/allasorias.hu\/hirek\/wp-content\/uploads\/2019\/12\/man-wearing-orange-hard-hat-2760241.jpg","og:image:width":640,"og:image:height":426,"article:published_time":"2019-12-11T09:03:45+00:00","article:modified_time":"2019-12-11T09:03:45+00:00","article:publisher":"https:\/\/www.facebook.com\/allasorias","twitter:card":"summary_large_image","twitter:title":"Hat\u00e1rozottak a kezd\u0151 m\u00e9rn\u00f6k\u00f6k | AllasOrias.hu | H\u00edrek-lapszemle","twitter:description":"A kezd\u0151 m\u00e9rn\u00f6k\u00f6k tudj\u00e1k, mit akarnak a munka ter\u00fclet\u00e9n. A megk\u00e9rdezettek 63%-a m\u00e1r kisgyermekkor\u00e1ban eld\u00f6nt\u00f6tte, hogy m\u00e9rn\u00f6k szeretne lenni, der\u00fcl ki a CLAAS Hung\u00e1ria Kft. \u00e1ltal k\u00e9sz\u00edtett felm\u00e9r\u00e9sb\u0151l. Minden \u00f6t\u00f6dik kit\u00f6lt\u0151 azt v\u00e1rta a foglalkoz\u00e1s\u00e1t\u00f3l, hogy k\u00e9zzelfoghat\u00f3 eredm\u00e9nye legyen munk\u00e1j\u00e1nak, illetve \u00faj dolgokat alkothasson. A kit\u00f6lt\u0151k harmada saj\u00e1t v\u00e1llalkoz\u00e1st szeretne ind\u00edtani. Ugyanakkor akik beosztottk\u00e9nt gondolkodnak,","twitter:image":"https:\/\/allasorias.hu\/hirek\/wp-content\/uploads\/2019\/12\/man-wearing-orange-hard-hat-2760241.jpg","twitter:label1":"Written by","twitter:data1":"Juh\u00e1sz P\u00e9ter","twitter:label2":"Est. reading time","twitter:data2":"2 minutes"},"aioseo_meta_data":{"post_id":"3587","title":null,"description":null,"keywords":null,"keyphrases":null,"primary_term":null,"canonical_url":null,"og_title":null,"og_description":null,"og_object_type":"default","og_image_type":"default","og_image_url":null,"og_image_width":null,"og_image_height":null,"og_image_custom_url":null,"og_image_custom_fields":null,"og_video":null,"og_custom_url":null,"og_article_section":null,"og_article_tags":null,"twitter_use_og":false,"twitter_card":"default","twitter_image_type":"default","twitter_image_url":null,"twitter_image_custom_url":null,"twitter_image_custom_fields":null,"twitter_title":null,"twitter_description":null,"schema":{"blockGraphs":[],"customGraphs":[],"default":{"data":{"Article":[],"Course":[],"Dataset":[],"FAQPage":[],"Movie":[],"Person":[],"Product":[],"ProductReview":[],"Car":[],"Recipe":[],"Service":[],"SoftwareApplication":[],"WebPage":[]},"graphName":"","isEnabled":true},"graphs":[],"defaultGraph":"","defaultPostTypeGraph":""},"schema_type":null,"schema_type_options":null,"pillar_content":false,"robots_default":true,"robots_noindex":false,"robots_noarchive":false,"robots_nosnippet":false,"robots_nofollow":false,"robots_noimageindex":false,"robots_noodp":false,"robots_notranslate":false,"robots_max_snippet":null,"robots_max_videopreview":null,"robots_max_imagepreview":"large","priority":null,"frequency":null,"location":null,"local_seo":null,"breadcrumb_settings":null,"limit_modified_date":false,"ai":null,"created":"2021-02-01 22:54:09","updated":"2025-10-02 12:25:43","seo_analyzer_scan_date":null,"focus_keyword":null,"additional_keywords":null,"truseo_locale":null},"aioseo_breadcrumb":"<div class=\"aioseo-breadcrumbs\"><span class=\"aioseo-breadcrumb\">\n\t\t\t<a href=\"https:\/\/allasorias.hu\/hirek\" title=\"Home\">Home<\/a>\n\t\t<\/span><span class=\"aioseo-breadcrumb-separator\">&raquo;<\/span><span class=\"aioseo-breadcrumb\">\n\t\t\t<a href=\"https:\/\/allasorias.hu\/hirek\/temak\/allaskereses\/\" title=\"\u00c1ll\u00e1skeres\u00e9s\">\u00c1ll\u00e1skeres\u00e9s<\/a>\n\t\t<\/span><span class=\"aioseo-breadcrumb-separator\">&raquo;<\/span><span class=\"aioseo-breadcrumb\">\n\t\t\tHat\u00e1rozottak a kezd\u0151 m\u00e9rn\u00f6k\u00f6k\n\t\t<\/span><\/div>","aioseo_breadcrumb_json":[{"label":"Home","link":"https:\/\/allasorias.hu\/hirek"},{"label":"\u00c1ll\u00e1skeres\u00e9s","link":"https:\/\/allasorias.hu\/hirek\/temak\/allaskereses\/"},{"label":"Hat\u00e1rozottak a kezd\u0151 m\u00e9rn\u00f6k\u00f6k","link":"https:\/\/allasorias.hu\/hirek\/hatarozottak-a-kezdo-mernokok\/"}],"_links":{"self":[{"href":"https:\/\/allasorias.hu\/hirek\/wp-json\/wp\/v2\/posts\/3587","targetHints":{"allow":["GET"]}}],"collection":[{"href":"https:\/\/allasorias.hu\/hirek\/wp-json\/wp\/v2\/posts"}],"about":[{"href":"https:\/\/allasorias.hu\/hirek\/wp-json\/wp\/v2\/types\/post"}],"author":[{"embeddable":true,"href":"https:\/\/allasorias.hu\/hirek\/wp-json\/wp\/v2\/users\/1"}],"replies":[{"embeddable":true,"href":"https:\/\/allasorias.hu\/hirek\/wp-json\/wp\/v2\/comments?post=3587"}],"version-history":[{"count":1,"href":"https:\/\/allasorias.hu\/hirek\/wp-json\/wp\/v2\/posts\/3587\/revisions"}],"predecessor-version":[{"id":3589,"href":"https:\/\/allasorias.hu\/hirek\/wp-json\/wp\/v2\/posts\/3587\/revisions\/3589"}],"wp:featuredmedia":[{"embeddable":true,"href":"https:\/\/allasorias.hu\/hirek\/wp-json\/wp\/v2\/media\/3588"}],"wp:attachment":[{"href":"https:\/\/allasorias.hu\/hirek\/wp-json\/wp\/v2\/media?parent=3587"}],"wp:term":[{"taxonomy":"category","embeddable":true,"href":"https:\/\/allasorias.hu\/hirek\/wp-json\/wp\/v2\/categories?post=3587"},{"taxonomy":"post_tag","embeddable":true,"href":"https:\/\/allasorias.hu\/hirek\/wp-json\/wp\/v2\/tags?post=3587"}],"curies":[{"name":"wp","href":"https:\/\/api.w.org\/{rel}","templated":true}]}}