{"id":3583,"date":"2019-12-10T08:56:51","date_gmt":"2019-12-10T08:56:51","guid":{"rendered":"https:\/\/allasorias.hu\/hirek\/?p=3583"},"modified":"2019-12-11T08:57:00","modified_gmt":"2019-12-11T08:57:00","slug":"kevesebb-penz-kozfoglalkoztatasra","status":"publish","type":"post","link":"https:\/\/allasorias.hu\/hirek\/kevesebb-penz-kozfoglalkoztatasra\/","title":{"rendered":"Kevesebb p\u00e9nz k\u00f6zfoglalkoztat\u00e1sra"},"content":{"rendered":"<p><strong>J\u00f6v\u0151re m\u00e1r feleannyi p\u00e9nz sem jut k\u00f6zfoglalkoztat\u00e1sra, mint 2016-ban, ez azt jelenti, hogy l\u00e9nyegesen kevesebb embernek jut munka. Sokan att\u00f3l tartanak, hogy a kies\u0151k j\u00f3 r\u00e9sze nem tal\u00e1l vissza a ny\u00edlt munkaer\u0151piacra &#8211; sz\u00e1mol be a N\u00e9pszava.<\/strong><\/p>\n<p>Az elm\u00falt n\u00e9gy \u00e9vben az csaknem megfelez\u0151d\u00f6tt a k\u00f6zmunkaprogramra sz\u00e1nt \u00f6sszeg, j\u00f6v\u0151re pedig m\u00e9g tov\u00e1bb cs\u00f6kken az erre ford\u00edthat\u00f3 keret. Am\u00edg 2016 janu\u00e1rj\u00e1ban m\u00e9g t\u00f6bb, mint 200 ezren dolgoztak ilyen programokban, addig j\u00f6v\u0151re ennek a l\u00e9tsz\u00e1mnak m\u00e1r csak a fel\u00e9vel sz\u00e1molnak.A kies\u0151k j\u00f3 r\u00e9sze azonban nem a munkaer\u0151piacra tal\u00e1l vissza, hanem elt\u0171nik a szeg\u00e9nys\u00e9g bugyraiban. A k\u00f6zmunk\u00e1sok t\u00f6red\u00e9k\u00e9t val\u00f3ban felsz\u00edvhatta az els\u0151dleges munkaer\u0151piac, \u00e1m az \u00e1tt\u00f6r\u00e9s csak keveseknek siker\u00fcl.<\/p>\n<p>Forr\u00e1s: penzcentrum.hu<\/p>\n","protected":false},"excerpt":{"rendered":"<p>J\u00f6v\u0151re m\u00e1r feleannyi p\u00e9nz sem jut k\u00f6zfoglalkoztat\u00e1sra, mint 2016-ban, ez azt jelenti, hogy l\u00e9nyegesen kevesebb embernek jut munka. Sokan att\u00f3l tartanak, hogy a kies\u0151k j\u00f3 r\u00e9sze nem tal\u00e1l vissza a ny\u00edlt munkaer\u0151piacra &#8211; sz\u00e1mol be a N\u00e9pszava. Az elm\u00falt n\u00e9gy \u00e9vben az csaknem megfelez\u0151d\u00f6tt a k\u00f6zmunkaprogramra sz\u00e1nt \u00f6sszeg, j\u00f6v\u0151re pedig m\u00e9g tov\u00e1bb cs\u00f6kken az erre [&hellip;]<\/p>\n","protected":false},"author":1,"featured_media":0,"comment_status":"open","ping_status":"open","sticky":false,"template":"","format":"standard","meta":{"_monsterinsights_skip_tracking":false,"footnotes":""},"categories":[200],"tags":[],"class_list":["post-3583","post","type-post","status-publish","format-standard","hentry","category-munkaeropiac"],"aioseo_notices":[],"aioseo_head":"\n\t\t<!-- All in One SEO 5.0.0.1 - aioseo.com -->\n\t<meta name=\"description\" content=\"J\u00f6v\u0151re m\u00e1r feleannyi p\u00e9nz sem jut k\u00f6zfoglalkoztat\u00e1sra, mint 2016-ban, ez azt jelenti, hogy l\u00e9nyegesen kevesebb embernek jut munka. Sokan att\u00f3l tartanak, hogy a kies\u0151k j\u00f3 r\u00e9sze nem tal\u00e1l vissza a ny\u00edlt munkaer\u0151piacra - sz\u00e1mol be a N\u00e9pszava. Az elm\u00falt n\u00e9gy \u00e9vben az csaknem megfelez\u0151d\u00f6tt a k\u00f6zmunkaprogramra sz\u00e1nt \u00f6sszeg, j\u00f6v\u0151re pedig m\u00e9g tov\u00e1bb cs\u00f6kken az erre\" \/>\n\t<meta name=\"robots\" content=\"max-image-preview:large\" \/>\n\t<meta name=\"author\" content=\"Juh\u00e1sz P\u00e9ter\"\/>\n\t<link rel=\"canonical\" href=\"https:\/\/allasorias.hu\/hirek\/kevesebb-penz-kozfoglalkoztatasra\/\" \/>\n\t<meta name=\"generator\" content=\"All in One SEO (AIOSEO) 5.0.0.1\" \/>\n\t\t<meta property=\"og:locale\" content=\"hu_HU\" \/>\n\t\t<meta property=\"og:site_name\" content=\"AllasOrias.hu | H\u00edrek-lapszemle | \u00dczleti h\u00edrek az \u00e1ll\u00e1s \u00e9s a munka vil\u00e1g\u00e1b\u00f3l\" \/>\n\t\t<meta property=\"og:type\" content=\"article\" \/>\n\t\t<meta property=\"og:title\" content=\"Kevesebb p\u00e9nz k\u00f6zfoglalkoztat\u00e1sra | AllasOrias.hu | H\u00edrek-lapszemle\" \/>\n\t\t<meta property=\"og:description\" content=\"J\u00f6v\u0151re m\u00e1r feleannyi p\u00e9nz sem jut k\u00f6zfoglalkoztat\u00e1sra, mint 2016-ban, ez azt jelenti, hogy l\u00e9nyegesen kevesebb embernek jut munka. Sokan att\u00f3l tartanak, hogy a kies\u0151k j\u00f3 r\u00e9sze nem tal\u00e1l vissza a ny\u00edlt munkaer\u0151piacra - sz\u00e1mol be a N\u00e9pszava. Az elm\u00falt n\u00e9gy \u00e9vben az csaknem megfelez\u0151d\u00f6tt a k\u00f6zmunkaprogramra sz\u00e1nt \u00f6sszeg, j\u00f6v\u0151re pedig m\u00e9g tov\u00e1bb cs\u00f6kken az erre\" \/>\n\t\t<meta property=\"og:url\" content=\"https:\/\/allasorias.hu\/hirek\/kevesebb-penz-kozfoglalkoztatasra\/\" \/>\n\t\t<meta property=\"og:image\" content=\"https:\/\/allasorias.hu\/hirek\/wp-content\/uploads\/2022\/10\/allasorias-fb-logo.png\" \/>\n\t\t<meta property=\"og:image:secure_url\" content=\"https:\/\/allasorias.hu\/hirek\/wp-content\/uploads\/2022\/10\/allasorias-fb-logo.png\" \/>\n\t\t<meta property=\"og:image:width\" content=\"437\" \/>\n\t\t<meta property=\"og:image:height\" content=\"200\" \/>\n\t\t<meta property=\"article:published_time\" content=\"2019-12-10T08:56:51+00:00\" \/>\n\t\t<meta property=\"article:modified_time\" content=\"2019-12-11T08:57:00+00:00\" \/>\n\t\t<meta property=\"article:publisher\" content=\"https:\/\/www.facebook.com\/allasorias\" \/>\n\t\t<meta name=\"twitter:card\" content=\"summary_large_image\" \/>\n\t\t<meta name=\"twitter:title\" content=\"Kevesebb p\u00e9nz k\u00f6zfoglalkoztat\u00e1sra | AllasOrias.hu | H\u00edrek-lapszemle\" \/>\n\t\t<meta name=\"twitter:description\" content=\"J\u00f6v\u0151re m\u00e1r feleannyi p\u00e9nz sem jut k\u00f6zfoglalkoztat\u00e1sra, mint 2016-ban, ez azt jelenti, hogy l\u00e9nyegesen kevesebb embernek jut munka. Sokan att\u00f3l tartanak, hogy a kies\u0151k j\u00f3 r\u00e9sze nem tal\u00e1l vissza a ny\u00edlt munkaer\u0151piacra - sz\u00e1mol be a N\u00e9pszava. Az elm\u00falt n\u00e9gy \u00e9vben az csaknem megfelez\u0151d\u00f6tt a k\u00f6zmunkaprogramra sz\u00e1nt \u00f6sszeg, j\u00f6v\u0151re pedig m\u00e9g tov\u00e1bb cs\u00f6kken az erre\" \/>\n\t\t<meta name=\"twitter:image\" content=\"https:\/\/allasorias.hu\/hirek\/wp-content\/uploads\/2022\/10\/allasorias-fb-logo.png\" \/>\n\t\t<meta name=\"twitter:label1\" content=\"Written by\" \/>\n\t\t<meta name=\"twitter:data1\" content=\"Juh\u00e1sz P\u00e9ter\" \/>\n\t\t<meta name=\"twitter:label2\" content=\"Est. reading time\" \/>\n\t\t<meta name=\"twitter:data2\" content=\"1 minute\" \/>\n\t\t<script type=\"application\/ld+json\" class=\"aioseo-schema\">\n\t\t\t{\"@context\":\"https:\\\/\\\/schema.org\",\"@graph\":[{\"@type\":\"Article\",\"@id\":\"https:\\\/\\\/allasorias.hu\\\/hirek\\\/kevesebb-penz-kozfoglalkoztatasra\\\/#article\",\"name\":\"Kevesebb p\\u00e9nz k\\u00f6zfoglalkoztat\\u00e1sra | AllasOrias.hu | H\\u00edrek-lapszemle\",\"headline\":\"Kevesebb p\\u00e9nz k\\u00f6zfoglalkoztat\\u00e1sra\",\"author\":{\"@id\":\"https:\\\/\\\/allasorias.hu\\\/hirek\\\/author\\\/admin-allasorias\\\/#author\"},\"publisher\":{\"@id\":\"https:\\\/\\\/allasorias.hu\\\/hirek\\\/#organization\"},\"image\":{\"@type\":\"ImageObject\",\"url\":\"https:\\\/\\\/allasorias.hu\\\/hirek\\\/wp-content\\\/uploads\\\/2022\\\/10\\\/allasorias_site_facebok_logo.png\",\"@id\":\"https:\\\/\\\/allasorias.hu\\\/hirek\\\/#articleImage\"},\"datePublished\":\"2019-12-10T08:56:51+02:00\",\"dateModified\":\"2019-12-11T08:57:00+02:00\",\"inLanguage\":\"hu-HU\",\"mainEntityOfPage\":{\"@id\":\"https:\\\/\\\/allasorias.hu\\\/hirek\\\/kevesebb-penz-kozfoglalkoztatasra\\\/#webpage\"},\"isPartOf\":{\"@id\":\"https:\\\/\\\/allasorias.hu\\\/hirek\\\/kevesebb-penz-kozfoglalkoztatasra\\\/#webpage\"},\"articleSection\":\"Munkaer\\u0151piac\"},{\"@type\":\"BreadcrumbList\",\"@id\":\"https:\\\/\\\/allasorias.hu\\\/hirek\\\/kevesebb-penz-kozfoglalkoztatasra\\\/#breadcrumblist\",\"itemListElement\":[{\"@type\":\"ListItem\",\"@id\":\"https:\\\/\\\/allasorias.hu\\\/hirek#listItem\",\"position\":1,\"name\":\"Home\",\"item\":\"https:\\\/\\\/allasorias.hu\\\/hirek\",\"nextItem\":{\"@type\":\"ListItem\",\"@id\":\"https:\\\/\\\/allasorias.hu\\\/hirek\\\/temak\\\/munkaeropiac\\\/#listItem\",\"name\":\"Munkaer\\u0151piac\"}},{\"@type\":\"ListItem\",\"@id\":\"https:\\\/\\\/allasorias.hu\\\/hirek\\\/temak\\\/munkaeropiac\\\/#listItem\",\"position\":2,\"name\":\"Munkaer\\u0151piac\",\"item\":\"https:\\\/\\\/allasorias.hu\\\/hirek\\\/temak\\\/munkaeropiac\\\/\",\"nextItem\":{\"@type\":\"ListItem\",\"@id\":\"https:\\\/\\\/allasorias.hu\\\/hirek\\\/kevesebb-penz-kozfoglalkoztatasra\\\/#listItem\",\"name\":\"Kevesebb p\\u00e9nz k\\u00f6zfoglalkoztat\\u00e1sra\"},\"previousItem\":{\"@type\":\"ListItem\",\"@id\":\"https:\\\/\\\/allasorias.hu\\\/hirek#listItem\",\"name\":\"Home\"}},{\"@type\":\"ListItem\",\"@id\":\"https:\\\/\\\/allasorias.hu\\\/hirek\\\/kevesebb-penz-kozfoglalkoztatasra\\\/#listItem\",\"position\":3,\"name\":\"Kevesebb p\\u00e9nz k\\u00f6zfoglalkoztat\\u00e1sra\",\"previousItem\":{\"@type\":\"ListItem\",\"@id\":\"https:\\\/\\\/allasorias.hu\\\/hirek\\\/temak\\\/munkaeropiac\\\/#listItem\",\"name\":\"Munkaer\\u0151piac\"}}]},{\"@type\":\"Organization\",\"@id\":\"https:\\\/\\\/allasorias.hu\\\/hirek\\\/#organization\",\"name\":\"AllasOrias.hu | H\\u00edrek-lapszemle\",\"description\":\"\\u00dczleti h\\u00edrek az \\u00e1ll\\u00e1s \\u00e9s a munka vil\\u00e1g\\u00e1b\\u00f3l\",\"url\":\"https:\\\/\\\/allasorias.hu\\\/hirek\\\/\",\"logo\":{\"@type\":\"ImageObject\",\"url\":\"https:\\\/\\\/allasorias.hu\\\/hirek\\\/wp-content\\\/uploads\\\/2022\\\/10\\\/allasorias_site_facebok_logo.png\",\"@id\":\"https:\\\/\\\/allasorias.hu\\\/hirek\\\/kevesebb-penz-kozfoglalkoztatasra\\\/#organizationLogo\"},\"image\":{\"@id\":\"https:\\\/\\\/allasorias.hu\\\/hirek\\\/kevesebb-penz-kozfoglalkoztatasra\\\/#organizationLogo\"},\"sameAs\":[\"https:\\\/\\\/www.facebook.com\\\/allasorias\",\"https:\\\/\\\/www.linkedin.com\\\/company\\\/allasorias\"]},{\"@type\":\"Person\",\"@id\":\"https:\\\/\\\/allasorias.hu\\\/hirek\\\/author\\\/admin-allasorias\\\/#author\",\"url\":\"https:\\\/\\\/allasorias.hu\\\/hirek\\\/author\\\/admin-allasorias\\\/\",\"name\":\"Juh\\u00e1sz P\\u00e9ter\",\"image\":{\"@type\":\"ImageObject\",\"@id\":\"https:\\\/\\\/allasorias.hu\\\/hirek\\\/kevesebb-penz-kozfoglalkoztatasra\\\/#authorImage\",\"url\":\"https:\\\/\\\/secure.gravatar.com\\\/avatar\\\/36e6bcb83148978b992977cb0f54d22feb0cce8a0a849a9410532bb2623ba4c6?s=96&d=mm&r=g\",\"width\":96,\"height\":96,\"caption\":\"Juh\\u00e1sz P\\u00e9ter\"}},{\"@type\":\"WebPage\",\"@id\":\"https:\\\/\\\/allasorias.hu\\\/hirek\\\/kevesebb-penz-kozfoglalkoztatasra\\\/#webpage\",\"url\":\"https:\\\/\\\/allasorias.hu\\\/hirek\\\/kevesebb-penz-kozfoglalkoztatasra\\\/\",\"name\":\"Kevesebb p\\u00e9nz k\\u00f6zfoglalkoztat\\u00e1sra | AllasOrias.hu | H\\u00edrek-lapszemle\",\"description\":\"J\\u00f6v\\u0151re m\\u00e1r feleannyi p\\u00e9nz sem jut k\\u00f6zfoglalkoztat\\u00e1sra, mint 2016-ban, ez azt jelenti, hogy l\\u00e9nyegesen kevesebb embernek jut munka. Sokan att\\u00f3l tartanak, hogy a kies\\u0151k j\\u00f3 r\\u00e9sze nem tal\\u00e1l vissza a ny\\u00edlt munkaer\\u0151piacra - sz\\u00e1mol be a N\\u00e9pszava. Az elm\\u00falt n\\u00e9gy \\u00e9vben az csaknem megfelez\\u0151d\\u00f6tt a k\\u00f6zmunkaprogramra sz\\u00e1nt \\u00f6sszeg, j\\u00f6v\\u0151re pedig m\\u00e9g tov\\u00e1bb cs\\u00f6kken az erre\",\"inLanguage\":\"hu-HU\",\"isPartOf\":{\"@id\":\"https:\\\/\\\/allasorias.hu\\\/hirek\\\/#website\"},\"breadcrumb\":{\"@id\":\"https:\\\/\\\/allasorias.hu\\\/hirek\\\/kevesebb-penz-kozfoglalkoztatasra\\\/#breadcrumblist\"},\"author\":{\"@id\":\"https:\\\/\\\/allasorias.hu\\\/hirek\\\/author\\\/admin-allasorias\\\/#author\"},\"creator\":{\"@id\":\"https:\\\/\\\/allasorias.hu\\\/hirek\\\/author\\\/admin-allasorias\\\/#author\"},\"datePublished\":\"2019-12-10T08:56:51+02:00\",\"dateModified\":\"2019-12-11T08:57:00+02:00\"},{\"@type\":\"WebSite\",\"@id\":\"https:\\\/\\\/allasorias.hu\\\/hirek\\\/#website\",\"url\":\"https:\\\/\\\/allasorias.hu\\\/hirek\\\/\",\"name\":\"AllasOrias.hu | H\\u00edrek-lapszemle\",\"description\":\"\\u00dczleti h\\u00edrek az \\u00e1ll\\u00e1s \\u00e9s a munka vil\\u00e1g\\u00e1b\\u00f3l\",\"inLanguage\":\"hu-HU\",\"publisher\":{\"@id\":\"https:\\\/\\\/allasorias.hu\\\/hirek\\\/#organization\"}}]}\n\t\t<\/script>\n\t\t<!-- All in One SEO -->\n\n","aioseo_head_json":{"title":"Kevesebb p\u00e9nz k\u00f6zfoglalkoztat\u00e1sra | AllasOrias.hu | H\u00edrek-lapszemle","description":"J\u00f6v\u0151re m\u00e1r feleannyi p\u00e9nz sem jut k\u00f6zfoglalkoztat\u00e1sra, mint 2016-ban, ez azt jelenti, hogy l\u00e9nyegesen kevesebb embernek jut munka. Sokan att\u00f3l tartanak, hogy a kies\u0151k j\u00f3 r\u00e9sze nem tal\u00e1l vissza a ny\u00edlt munkaer\u0151piacra - sz\u00e1mol be a N\u00e9pszava. Az elm\u00falt n\u00e9gy \u00e9vben az csaknem megfelez\u0151d\u00f6tt a k\u00f6zmunkaprogramra sz\u00e1nt \u00f6sszeg, j\u00f6v\u0151re pedig m\u00e9g tov\u00e1bb cs\u00f6kken az erre","canonical_url":"https:\/\/allasorias.hu\/hirek\/kevesebb-penz-kozfoglalkoztatasra\/","robots":"max-image-preview:large","keywords":"","webmasterTools":{"miscellaneous":""},"schema":{"@context":"https:\/\/schema.org","@graph":[{"@type":"Article","@id":"https:\/\/allasorias.hu\/hirek\/kevesebb-penz-kozfoglalkoztatasra\/#article","name":"Kevesebb p\u00e9nz k\u00f6zfoglalkoztat\u00e1sra | AllasOrias.hu | H\u00edrek-lapszemle","headline":"Kevesebb p\u00e9nz k\u00f6zfoglalkoztat\u00e1sra","author":{"@id":"https:\/\/allasorias.hu\/hirek\/author\/admin-allasorias\/#author"},"publisher":{"@id":"https:\/\/allasorias.hu\/hirek\/#organization"},"image":{"@type":"ImageObject","url":"https:\/\/allasorias.hu\/hirek\/wp-content\/uploads\/2022\/10\/allasorias_site_facebok_logo.png","@id":"https:\/\/allasorias.hu\/hirek\/#articleImage"},"datePublished":"2019-12-10T08:56:51+02:00","dateModified":"2019-12-11T08:57:00+02:00","inLanguage":"hu-HU","mainEntityOfPage":{"@id":"https:\/\/allasorias.hu\/hirek\/kevesebb-penz-kozfoglalkoztatasra\/#webpage"},"isPartOf":{"@id":"https:\/\/allasorias.hu\/hirek\/kevesebb-penz-kozfoglalkoztatasra\/#webpage"},"articleSection":"Munkaer\u0151piac"},{"@type":"BreadcrumbList","@id":"https:\/\/allasorias.hu\/hirek\/kevesebb-penz-kozfoglalkoztatasra\/#breadcrumblist","itemListElement":[{"@type":"ListItem","@id":"https:\/\/allasorias.hu\/hirek#listItem","position":1,"name":"Home","item":"https:\/\/allasorias.hu\/hirek","nextItem":{"@type":"ListItem","@id":"https:\/\/allasorias.hu\/hirek\/temak\/munkaeropiac\/#listItem","name":"Munkaer\u0151piac"}},{"@type":"ListItem","@id":"https:\/\/allasorias.hu\/hirek\/temak\/munkaeropiac\/#listItem","position":2,"name":"Munkaer\u0151piac","item":"https:\/\/allasorias.hu\/hirek\/temak\/munkaeropiac\/","nextItem":{"@type":"ListItem","@id":"https:\/\/allasorias.hu\/hirek\/kevesebb-penz-kozfoglalkoztatasra\/#listItem","name":"Kevesebb p\u00e9nz k\u00f6zfoglalkoztat\u00e1sra"},"previousItem":{"@type":"ListItem","@id":"https:\/\/allasorias.hu\/hirek#listItem","name":"Home"}},{"@type":"ListItem","@id":"https:\/\/allasorias.hu\/hirek\/kevesebb-penz-kozfoglalkoztatasra\/#listItem","position":3,"name":"Kevesebb p\u00e9nz k\u00f6zfoglalkoztat\u00e1sra","previousItem":{"@type":"ListItem","@id":"https:\/\/allasorias.hu\/hirek\/temak\/munkaeropiac\/#listItem","name":"Munkaer\u0151piac"}}]},{"@type":"Organization","@id":"https:\/\/allasorias.hu\/hirek\/#organization","name":"AllasOrias.hu | H\u00edrek-lapszemle","description":"\u00dczleti h\u00edrek az \u00e1ll\u00e1s \u00e9s a munka vil\u00e1g\u00e1b\u00f3l","url":"https:\/\/allasorias.hu\/hirek\/","logo":{"@type":"ImageObject","url":"https:\/\/allasorias.hu\/hirek\/wp-content\/uploads\/2022\/10\/allasorias_site_facebok_logo.png","@id":"https:\/\/allasorias.hu\/hirek\/kevesebb-penz-kozfoglalkoztatasra\/#organizationLogo"},"image":{"@id":"https:\/\/allasorias.hu\/hirek\/kevesebb-penz-kozfoglalkoztatasra\/#organizationLogo"},"sameAs":["https:\/\/www.facebook.com\/allasorias","https:\/\/www.linkedin.com\/company\/allasorias"]},{"@type":"Person","@id":"https:\/\/allasorias.hu\/hirek\/author\/admin-allasorias\/#author","url":"https:\/\/allasorias.hu\/hirek\/author\/admin-allasorias\/","name":"Juh\u00e1sz P\u00e9ter","image":{"@type":"ImageObject","@id":"https:\/\/allasorias.hu\/hirek\/kevesebb-penz-kozfoglalkoztatasra\/#authorImage","url":"https:\/\/secure.gravatar.com\/avatar\/36e6bcb83148978b992977cb0f54d22feb0cce8a0a849a9410532bb2623ba4c6?s=96&d=mm&r=g","width":96,"height":96,"caption":"Juh\u00e1sz P\u00e9ter"}},{"@type":"WebPage","@id":"https:\/\/allasorias.hu\/hirek\/kevesebb-penz-kozfoglalkoztatasra\/#webpage","url":"https:\/\/allasorias.hu\/hirek\/kevesebb-penz-kozfoglalkoztatasra\/","name":"Kevesebb p\u00e9nz k\u00f6zfoglalkoztat\u00e1sra | AllasOrias.hu | H\u00edrek-lapszemle","description":"J\u00f6v\u0151re m\u00e1r feleannyi p\u00e9nz sem jut k\u00f6zfoglalkoztat\u00e1sra, mint 2016-ban, ez azt jelenti, hogy l\u00e9nyegesen kevesebb embernek jut munka. Sokan att\u00f3l tartanak, hogy a kies\u0151k j\u00f3 r\u00e9sze nem tal\u00e1l vissza a ny\u00edlt munkaer\u0151piacra - sz\u00e1mol be a N\u00e9pszava. Az elm\u00falt n\u00e9gy \u00e9vben az csaknem megfelez\u0151d\u00f6tt a k\u00f6zmunkaprogramra sz\u00e1nt \u00f6sszeg, j\u00f6v\u0151re pedig m\u00e9g tov\u00e1bb cs\u00f6kken az erre","inLanguage":"hu-HU","isPartOf":{"@id":"https:\/\/allasorias.hu\/hirek\/#website"},"breadcrumb":{"@id":"https:\/\/allasorias.hu\/hirek\/kevesebb-penz-kozfoglalkoztatasra\/#breadcrumblist"},"author":{"@id":"https:\/\/allasorias.hu\/hirek\/author\/admin-allasorias\/#author"},"creator":{"@id":"https:\/\/allasorias.hu\/hirek\/author\/admin-allasorias\/#author"},"datePublished":"2019-12-10T08:56:51+02:00","dateModified":"2019-12-11T08:57:00+02:00"},{"@type":"WebSite","@id":"https:\/\/allasorias.hu\/hirek\/#website","url":"https:\/\/allasorias.hu\/hirek\/","name":"AllasOrias.hu | H\u00edrek-lapszemle","description":"\u00dczleti h\u00edrek az \u00e1ll\u00e1s \u00e9s a munka vil\u00e1g\u00e1b\u00f3l","inLanguage":"hu-HU","publisher":{"@id":"https:\/\/allasorias.hu\/hirek\/#organization"}}]},"og:locale":"hu_HU","og:site_name":"AllasOrias.hu | H\u00edrek-lapszemle | \u00dczleti h\u00edrek az \u00e1ll\u00e1s \u00e9s a munka vil\u00e1g\u00e1b\u00f3l","og:type":"article","og:title":"Kevesebb p\u00e9nz k\u00f6zfoglalkoztat\u00e1sra | AllasOrias.hu | H\u00edrek-lapszemle","og:description":"J\u00f6v\u0151re m\u00e1r feleannyi p\u00e9nz sem jut k\u00f6zfoglalkoztat\u00e1sra, mint 2016-ban, ez azt jelenti, hogy l\u00e9nyegesen kevesebb embernek jut munka. Sokan att\u00f3l tartanak, hogy a kies\u0151k j\u00f3 r\u00e9sze nem tal\u00e1l vissza a ny\u00edlt munkaer\u0151piacra - sz\u00e1mol be a N\u00e9pszava. Az elm\u00falt n\u00e9gy \u00e9vben az csaknem megfelez\u0151d\u00f6tt a k\u00f6zmunkaprogramra sz\u00e1nt \u00f6sszeg, j\u00f6v\u0151re pedig m\u00e9g tov\u00e1bb cs\u00f6kken az erre","og:url":"https:\/\/allasorias.hu\/hirek\/kevesebb-penz-kozfoglalkoztatasra\/","og:image":"https:\/\/allasorias.hu\/hirek\/wp-content\/uploads\/2022\/10\/allasorias-fb-logo.png","og:image:secure_url":"https:\/\/allasorias.hu\/hirek\/wp-content\/uploads\/2022\/10\/allasorias-fb-logo.png","og:image:width":437,"og:image:height":200,"article:published_time":"2019-12-10T08:56:51+00:00","article:modified_time":"2019-12-11T08:57:00+00:00","article:publisher":"https:\/\/www.facebook.com\/allasorias","twitter:card":"summary_large_image","twitter:title":"Kevesebb p\u00e9nz k\u00f6zfoglalkoztat\u00e1sra | AllasOrias.hu | H\u00edrek-lapszemle","twitter:description":"J\u00f6v\u0151re m\u00e1r feleannyi p\u00e9nz sem jut k\u00f6zfoglalkoztat\u00e1sra, mint 2016-ban, ez azt jelenti, hogy l\u00e9nyegesen kevesebb embernek jut munka. Sokan att\u00f3l tartanak, hogy a kies\u0151k j\u00f3 r\u00e9sze nem tal\u00e1l vissza a ny\u00edlt munkaer\u0151piacra - sz\u00e1mol be a N\u00e9pszava. Az elm\u00falt n\u00e9gy \u00e9vben az csaknem megfelez\u0151d\u00f6tt a k\u00f6zmunkaprogramra sz\u00e1nt \u00f6sszeg, j\u00f6v\u0151re pedig m\u00e9g tov\u00e1bb cs\u00f6kken az erre","twitter:image":"https:\/\/allasorias.hu\/hirek\/wp-content\/uploads\/2022\/10\/allasorias-fb-logo.png","twitter:label1":"Written by","twitter:data1":"Juh\u00e1sz P\u00e9ter","twitter:label2":"Est. reading time","twitter:data2":"1 minute"},"aioseo_meta_data":{"post_id":"3583","title":null,"description":null,"keywords":null,"keyphrases":null,"primary_term":null,"canonical_url":null,"og_title":null,"og_description":null,"og_object_type":"default","og_image_type":"default","og_image_url":null,"og_image_width":null,"og_image_height":null,"og_image_custom_url":null,"og_image_custom_fields":null,"og_video":null,"og_custom_url":null,"og_article_section":null,"og_article_tags":null,"twitter_use_og":false,"twitter_card":"default","twitter_image_type":"default","twitter_image_url":null,"twitter_image_custom_url":null,"twitter_image_custom_fields":null,"twitter_title":null,"twitter_description":null,"schema":{"blockGraphs":[],"customGraphs":[],"default":{"data":{"Article":[],"Course":[],"Dataset":[],"FAQPage":[],"Movie":[],"Person":[],"Product":[],"ProductReview":[],"Car":[],"Recipe":[],"Service":[],"SoftwareApplication":[],"WebPage":[]},"graphName":"","isEnabled":true},"graphs":[],"defaultGraph":"","defaultPostTypeGraph":""},"schema_type":null,"schema_type_options":null,"pillar_content":false,"robots_default":true,"robots_noindex":false,"robots_noarchive":false,"robots_nosnippet":false,"robots_nofollow":false,"robots_noimageindex":false,"robots_noodp":false,"robots_notranslate":false,"robots_max_snippet":null,"robots_max_videopreview":null,"robots_max_imagepreview":"large","priority":null,"frequency":null,"location":null,"local_seo":null,"breadcrumb_settings":null,"limit_modified_date":false,"ai":null,"created":"2021-02-01 22:54:09","updated":"2025-10-02 12:25:43","seo_analyzer_scan_date":null,"focus_keyword":null,"additional_keywords":null,"truseo_locale":null},"aioseo_breadcrumb":"<div class=\"aioseo-breadcrumbs\"><span class=\"aioseo-breadcrumb\">\n\t\t\t<a href=\"https:\/\/allasorias.hu\/hirek\" title=\"Home\">Home<\/a>\n\t\t<\/span><span class=\"aioseo-breadcrumb-separator\">&raquo;<\/span><span class=\"aioseo-breadcrumb\">\n\t\t\t<a href=\"https:\/\/allasorias.hu\/hirek\/temak\/munkaeropiac\/\" title=\"Munkaer\u0151piac\">Munkaer\u0151piac<\/a>\n\t\t<\/span><span class=\"aioseo-breadcrumb-separator\">&raquo;<\/span><span class=\"aioseo-breadcrumb\">\n\t\t\tKevesebb p\u00e9nz k\u00f6zfoglalkoztat\u00e1sra\n\t\t<\/span><\/div>","aioseo_breadcrumb_json":[{"label":"Home","link":"https:\/\/allasorias.hu\/hirek"},{"label":"Munkaer\u0151piac","link":"https:\/\/allasorias.hu\/hirek\/temak\/munkaeropiac\/"},{"label":"Kevesebb p\u00e9nz k\u00f6zfoglalkoztat\u00e1sra","link":"https:\/\/allasorias.hu\/hirek\/kevesebb-penz-kozfoglalkoztatasra\/"}],"_links":{"self":[{"href":"https:\/\/allasorias.hu\/hirek\/wp-json\/wp\/v2\/posts\/3583","targetHints":{"allow":["GET"]}}],"collection":[{"href":"https:\/\/allasorias.hu\/hirek\/wp-json\/wp\/v2\/posts"}],"about":[{"href":"https:\/\/allasorias.hu\/hirek\/wp-json\/wp\/v2\/types\/post"}],"author":[{"embeddable":true,"href":"https:\/\/allasorias.hu\/hirek\/wp-json\/wp\/v2\/users\/1"}],"replies":[{"embeddable":true,"href":"https:\/\/allasorias.hu\/hirek\/wp-json\/wp\/v2\/comments?post=3583"}],"version-history":[{"count":1,"href":"https:\/\/allasorias.hu\/hirek\/wp-json\/wp\/v2\/posts\/3583\/revisions"}],"predecessor-version":[{"id":3584,"href":"https:\/\/allasorias.hu\/hirek\/wp-json\/wp\/v2\/posts\/3583\/revisions\/3584"}],"wp:attachment":[{"href":"https:\/\/allasorias.hu\/hirek\/wp-json\/wp\/v2\/media?parent=3583"}],"wp:term":[{"taxonomy":"category","embeddable":true,"href":"https:\/\/allasorias.hu\/hirek\/wp-json\/wp\/v2\/categories?post=3583"},{"taxonomy":"post_tag","embeddable":true,"href":"https:\/\/allasorias.hu\/hirek\/wp-json\/wp\/v2\/tags?post=3583"}],"curies":[{"name":"wp","href":"https:\/\/api.w.org\/{rel}","templated":true}]}}