{"id":3578,"date":"2019-12-09T09:22:40","date_gmt":"2019-12-09T09:22:40","guid":{"rendered":"https:\/\/allasorias.hu\/hirek\/?p=3578"},"modified":"2019-12-09T09:22:40","modified_gmt":"2019-12-09T09:22:40","slug":"jovo-ev-szeptemberetol-megujul-a-szakkepzes","status":"publish","type":"post","link":"https:\/\/allasorias.hu\/hirek\/jovo-ev-szeptemberetol-megujul-a-szakkepzes\/","title":{"rendered":"J\u00f6v\u0151 \u00e9v szeptember\u00e9t\u0151l meg\u00fajul a szakk\u00e9pz\u00e9s"},"content":{"rendered":"<p><strong>Id\u00e9n szeptember v\u00e9g\u00e9n az Orsz\u00e1gos K\u00e9pz\u00e9si Jegyz\u00e9k m\u00e1r m\u00f3dosult, kor\u00e1bban t\u00f6bb mint h\u00e9tsz\u00e1z szak szerepelt ebben, most a m\u00f3dos\u00edt\u00e1s ut\u00e1n 174 alapszakma maradt &#8211; sz\u00e1mol be a HelloVid\u00e9k.hu. 2020 szeptember\u00e9t\u0151l egy \u00fajabb kifejez\u00e9st kell megismerni\u00fck a nyolcadik oszt\u00e1lyos tanul\u00f3knak \u00e9s sz\u00fcleiknek.<\/strong><\/p>\n<p>A szakk\u00e9pz\u00e9s \u00e9s az ahhoz tartoz\u00f3 oktat\u00e1si rendszer \u00e9vek \u00f3ta fontos t\u00e9ma, a p\u00e1lyaorient\u00e1ci\u00f3s szakemberek sokat tesznek az\u00e9rt, hogy a fiatalok \u00e9s sz\u00fcleik sz\u00e1m\u00e1ra vonz\u00f3v\u00e1 tegy\u00e9k a szakiskol\u00e1kat. Az \u00e1gazati k\u00e9szs\u00e9gtan\u00e1csok, amelyekben z\u00f6m\u00e9ben nagyv\u00e1llalatok, k\u00fcl\u00f6nb\u00f6z\u0151 c\u00e9gek voltak, 1-1 \u00e1gazatn\u00e1l megfogalmazt\u00e1k, hogy melyek azok az alapszakm\u00e1k, amelyre a gazdas\u00e1gnak sz\u00fcks\u00e9ge van. Ez\u00e9rt ezeket fogj\u00e1k majd oktatni a technikumokban \u00e9s szakk\u00e9pz\u0151iskol\u00e1kban j\u00f6v\u0151 szeptembert\u0151l, k\u00f6z\u00f6lte Gurb\u00e1nn\u00e9 Papp M\u00e1ria, a Ny\u00edregyh\u00e1zi Szakk\u00e9pz\u00e9si Centrum f\u0151igazgat\u00f3ja. A v\u00e1ltoz\u00e1s\u00e1nak legfontosabb pill\u00e9re, hogy a k\u00edn\u00e1lat vez\u00e9relt szakk\u00e9pz\u00e9sr\u0151l \u00e1tt\u00e9rjenek a kereslet vez\u00e9relt szakk\u00e9pz\u00e9sre: a technikumba azokat a di\u00e1kokat v\u00e1rj\u00e1k majd, akik fels\u0151oktat\u00e1sban szeretn\u00e9nek tov\u00e1bb tanulni, a szakk\u00e9pz\u0151 iskol\u00e1kban pedig a szakm\u00e1k mestereit szeretn\u00e9k k\u00e9pezni.<\/p>\n<p>Forr\u00e1s: penzcentrum.hu<\/p>\n","protected":false},"excerpt":{"rendered":"<p>Id\u00e9n szeptember v\u00e9g\u00e9n az Orsz\u00e1gos K\u00e9pz\u00e9si Jegyz\u00e9k m\u00e1r m\u00f3dosult, kor\u00e1bban t\u00f6bb mint h\u00e9tsz\u00e1z szak szerepelt ebben, most a m\u00f3dos\u00edt\u00e1s ut\u00e1n 174 alapszakma maradt &#8211; sz\u00e1mol be a HelloVid\u00e9k.hu. 2020 szeptember\u00e9t\u0151l egy \u00fajabb kifejez\u00e9st kell megismerni\u00fck a nyolcadik oszt\u00e1lyos tanul\u00f3knak \u00e9s sz\u00fcleiknek. A szakk\u00e9pz\u00e9s \u00e9s az ahhoz tartoz\u00f3 oktat\u00e1si rendszer \u00e9vek \u00f3ta fontos t\u00e9ma, a p\u00e1lyaorient\u00e1ci\u00f3s [&hellip;]<\/p>\n","protected":false},"author":1,"featured_media":3134,"comment_status":"open","ping_status":"open","sticky":false,"template":"","format":"standard","meta":{"_monsterinsights_skip_tracking":false,"footnotes":""},"categories":[198],"tags":[],"class_list":["post-3578","post","type-post","status-publish","format-standard","has-post-thumbnail","hentry","category-gazdasag"],"aioseo_notices":[],"aioseo_head":"\n\t\t<!-- All in One SEO 5.0.0.1 - aioseo.com -->\n\t<meta name=\"description\" content=\"Id\u00e9n szeptember v\u00e9g\u00e9n az Orsz\u00e1gos K\u00e9pz\u00e9si Jegyz\u00e9k m\u00e1r m\u00f3dosult, kor\u00e1bban t\u00f6bb mint h\u00e9tsz\u00e1z szak szerepelt ebben, most a m\u00f3dos\u00edt\u00e1s ut\u00e1n 174 alapszakma maradt - sz\u00e1mol be a HelloVid\u00e9k.hu. 2020 szeptember\u00e9t\u0151l egy \u00fajabb kifejez\u00e9st kell megismerni\u00fck a nyolcadik oszt\u00e1lyos tanul\u00f3knak \u00e9s sz\u00fcleiknek. A szakk\u00e9pz\u00e9s \u00e9s az ahhoz tartoz\u00f3 oktat\u00e1si rendszer \u00e9vek \u00f3ta fontos t\u00e9ma, a p\u00e1lyaorient\u00e1ci\u00f3s\" \/>\n\t<meta name=\"robots\" content=\"max-image-preview:large\" \/>\n\t<meta name=\"author\" content=\"Juh\u00e1sz P\u00e9ter\"\/>\n\t<link rel=\"canonical\" href=\"https:\/\/allasorias.hu\/hirek\/jovo-ev-szeptemberetol-megujul-a-szakkepzes\/\" \/>\n\t<meta name=\"generator\" content=\"All in One SEO (AIOSEO) 5.0.0.1\" \/>\n\t\t<meta property=\"og:locale\" content=\"hu_HU\" \/>\n\t\t<meta property=\"og:site_name\" content=\"AllasOrias.hu | H\u00edrek-lapszemle | \u00dczleti h\u00edrek az \u00e1ll\u00e1s \u00e9s a munka vil\u00e1g\u00e1b\u00f3l\" \/>\n\t\t<meta property=\"og:type\" content=\"article\" \/>\n\t\t<meta property=\"og:title\" content=\"J\u00f6v\u0151 \u00e9v szeptember\u00e9t\u0151l meg\u00fajul a szakk\u00e9pz\u00e9s | AllasOrias.hu | H\u00edrek-lapszemle\" \/>\n\t\t<meta property=\"og:description\" content=\"Id\u00e9n szeptember v\u00e9g\u00e9n az Orsz\u00e1gos K\u00e9pz\u00e9si Jegyz\u00e9k m\u00e1r m\u00f3dosult, kor\u00e1bban t\u00f6bb mint h\u00e9tsz\u00e1z szak szerepelt ebben, most a m\u00f3dos\u00edt\u00e1s ut\u00e1n 174 alapszakma maradt - sz\u00e1mol be a HelloVid\u00e9k.hu. 2020 szeptember\u00e9t\u0151l egy \u00fajabb kifejez\u00e9st kell megismerni\u00fck a nyolcadik oszt\u00e1lyos tanul\u00f3knak \u00e9s sz\u00fcleiknek. A szakk\u00e9pz\u00e9s \u00e9s az ahhoz tartoz\u00f3 oktat\u00e1si rendszer \u00e9vek \u00f3ta fontos t\u00e9ma, a p\u00e1lyaorient\u00e1ci\u00f3s\" \/>\n\t\t<meta property=\"og:url\" content=\"https:\/\/allasorias.hu\/hirek\/jovo-ev-szeptemberetol-megujul-a-szakkepzes\/\" \/>\n\t\t<meta property=\"og:image\" content=\"https:\/\/allasorias.hu\/hirek\/wp-content\/uploads\/2019\/07\/blackboard-chairs-chalk-159844.jpg\" \/>\n\t\t<meta property=\"og:image:secure_url\" content=\"https:\/\/allasorias.hu\/hirek\/wp-content\/uploads\/2019\/07\/blackboard-chairs-chalk-159844.jpg\" \/>\n\t\t<meta property=\"og:image:width\" content=\"640\" \/>\n\t\t<meta property=\"og:image:height\" content=\"426\" \/>\n\t\t<meta property=\"article:published_time\" content=\"2019-12-09T09:22:40+00:00\" \/>\n\t\t<meta property=\"article:modified_time\" content=\"2019-12-09T09:22:40+00:00\" \/>\n\t\t<meta property=\"article:publisher\" content=\"https:\/\/www.facebook.com\/allasorias\" \/>\n\t\t<meta name=\"twitter:card\" content=\"summary_large_image\" \/>\n\t\t<meta name=\"twitter:title\" content=\"J\u00f6v\u0151 \u00e9v szeptember\u00e9t\u0151l meg\u00fajul a szakk\u00e9pz\u00e9s | AllasOrias.hu | H\u00edrek-lapszemle\" \/>\n\t\t<meta name=\"twitter:description\" content=\"Id\u00e9n szeptember v\u00e9g\u00e9n az Orsz\u00e1gos K\u00e9pz\u00e9si Jegyz\u00e9k m\u00e1r m\u00f3dosult, kor\u00e1bban t\u00f6bb mint h\u00e9tsz\u00e1z szak szerepelt ebben, most a m\u00f3dos\u00edt\u00e1s ut\u00e1n 174 alapszakma maradt - sz\u00e1mol be a HelloVid\u00e9k.hu. 2020 szeptember\u00e9t\u0151l egy \u00fajabb kifejez\u00e9st kell megismerni\u00fck a nyolcadik oszt\u00e1lyos tanul\u00f3knak \u00e9s sz\u00fcleiknek. A szakk\u00e9pz\u00e9s \u00e9s az ahhoz tartoz\u00f3 oktat\u00e1si rendszer \u00e9vek \u00f3ta fontos t\u00e9ma, a p\u00e1lyaorient\u00e1ci\u00f3s\" \/>\n\t\t<meta name=\"twitter:image\" content=\"https:\/\/allasorias.hu\/hirek\/wp-content\/uploads\/2019\/07\/blackboard-chairs-chalk-159844.jpg\" \/>\n\t\t<meta name=\"twitter:label1\" content=\"Written by\" \/>\n\t\t<meta name=\"twitter:data1\" content=\"Juh\u00e1sz P\u00e9ter\" \/>\n\t\t<meta name=\"twitter:label2\" content=\"Est. reading time\" \/>\n\t\t<meta name=\"twitter:data2\" content=\"1 minute\" \/>\n\t\t<script type=\"application\/ld+json\" class=\"aioseo-schema\">\n\t\t\t{\"@context\":\"https:\\\/\\\/schema.org\",\"@graph\":[{\"@type\":\"Article\",\"@id\":\"https:\\\/\\\/allasorias.hu\\\/hirek\\\/jovo-ev-szeptemberetol-megujul-a-szakkepzes\\\/#article\",\"name\":\"J\\u00f6v\\u0151 \\u00e9v szeptember\\u00e9t\\u0151l meg\\u00fajul a szakk\\u00e9pz\\u00e9s | AllasOrias.hu | H\\u00edrek-lapszemle\",\"headline\":\"J\\u00f6v\\u0151 \\u00e9v szeptember\\u00e9t\\u0151l meg\\u00fajul a szakk\\u00e9pz\\u00e9s\",\"author\":{\"@id\":\"https:\\\/\\\/allasorias.hu\\\/hirek\\\/author\\\/admin-allasorias\\\/#author\"},\"publisher\":{\"@id\":\"https:\\\/\\\/allasorias.hu\\\/hirek\\\/#organization\"},\"image\":{\"@type\":\"ImageObject\",\"url\":\"https:\\\/\\\/allasorias.hu\\\/hirek\\\/wp-content\\\/uploads\\\/2019\\\/07\\\/blackboard-chairs-chalk-159844.jpg\",\"width\":640,\"height\":426},\"datePublished\":\"2019-12-09T09:22:40+02:00\",\"dateModified\":\"2019-12-09T09:22:40+02:00\",\"inLanguage\":\"hu-HU\",\"mainEntityOfPage\":{\"@id\":\"https:\\\/\\\/allasorias.hu\\\/hirek\\\/jovo-ev-szeptemberetol-megujul-a-szakkepzes\\\/#webpage\"},\"isPartOf\":{\"@id\":\"https:\\\/\\\/allasorias.hu\\\/hirek\\\/jovo-ev-szeptemberetol-megujul-a-szakkepzes\\\/#webpage\"},\"articleSection\":\"Gazdas\\u00e1g\"},{\"@type\":\"BreadcrumbList\",\"@id\":\"https:\\\/\\\/allasorias.hu\\\/hirek\\\/jovo-ev-szeptemberetol-megujul-a-szakkepzes\\\/#breadcrumblist\",\"itemListElement\":[{\"@type\":\"ListItem\",\"@id\":\"https:\\\/\\\/allasorias.hu\\\/hirek#listItem\",\"position\":1,\"name\":\"Home\",\"item\":\"https:\\\/\\\/allasorias.hu\\\/hirek\",\"nextItem\":{\"@type\":\"ListItem\",\"@id\":\"https:\\\/\\\/allasorias.hu\\\/hirek\\\/temak\\\/gazdasag\\\/#listItem\",\"name\":\"Gazdas\\u00e1g\"}},{\"@type\":\"ListItem\",\"@id\":\"https:\\\/\\\/allasorias.hu\\\/hirek\\\/temak\\\/gazdasag\\\/#listItem\",\"position\":2,\"name\":\"Gazdas\\u00e1g\",\"item\":\"https:\\\/\\\/allasorias.hu\\\/hirek\\\/temak\\\/gazdasag\\\/\",\"nextItem\":{\"@type\":\"ListItem\",\"@id\":\"https:\\\/\\\/allasorias.hu\\\/hirek\\\/jovo-ev-szeptemberetol-megujul-a-szakkepzes\\\/#listItem\",\"name\":\"J\\u00f6v\\u0151 \\u00e9v szeptember\\u00e9t\\u0151l meg\\u00fajul a szakk\\u00e9pz\\u00e9s\"},\"previousItem\":{\"@type\":\"ListItem\",\"@id\":\"https:\\\/\\\/allasorias.hu\\\/hirek#listItem\",\"name\":\"Home\"}},{\"@type\":\"ListItem\",\"@id\":\"https:\\\/\\\/allasorias.hu\\\/hirek\\\/jovo-ev-szeptemberetol-megujul-a-szakkepzes\\\/#listItem\",\"position\":3,\"name\":\"J\\u00f6v\\u0151 \\u00e9v szeptember\\u00e9t\\u0151l meg\\u00fajul a szakk\\u00e9pz\\u00e9s\",\"previousItem\":{\"@type\":\"ListItem\",\"@id\":\"https:\\\/\\\/allasorias.hu\\\/hirek\\\/temak\\\/gazdasag\\\/#listItem\",\"name\":\"Gazdas\\u00e1g\"}}]},{\"@type\":\"Organization\",\"@id\":\"https:\\\/\\\/allasorias.hu\\\/hirek\\\/#organization\",\"name\":\"AllasOrias.hu | H\\u00edrek-lapszemle\",\"description\":\"\\u00dczleti h\\u00edrek az \\u00e1ll\\u00e1s \\u00e9s a munka vil\\u00e1g\\u00e1b\\u00f3l\",\"url\":\"https:\\\/\\\/allasorias.hu\\\/hirek\\\/\",\"logo\":{\"@type\":\"ImageObject\",\"url\":\"https:\\\/\\\/allasorias.hu\\\/hirek\\\/wp-content\\\/uploads\\\/2022\\\/10\\\/allasorias_site_facebok_logo.png\",\"@id\":\"https:\\\/\\\/allasorias.hu\\\/hirek\\\/jovo-ev-szeptemberetol-megujul-a-szakkepzes\\\/#organizationLogo\"},\"image\":{\"@id\":\"https:\\\/\\\/allasorias.hu\\\/hirek\\\/jovo-ev-szeptemberetol-megujul-a-szakkepzes\\\/#organizationLogo\"},\"sameAs\":[\"https:\\\/\\\/www.facebook.com\\\/allasorias\",\"https:\\\/\\\/www.linkedin.com\\\/company\\\/allasorias\"]},{\"@type\":\"Person\",\"@id\":\"https:\\\/\\\/allasorias.hu\\\/hirek\\\/author\\\/admin-allasorias\\\/#author\",\"url\":\"https:\\\/\\\/allasorias.hu\\\/hirek\\\/author\\\/admin-allasorias\\\/\",\"name\":\"Juh\\u00e1sz P\\u00e9ter\",\"image\":{\"@type\":\"ImageObject\",\"@id\":\"https:\\\/\\\/allasorias.hu\\\/hirek\\\/jovo-ev-szeptemberetol-megujul-a-szakkepzes\\\/#authorImage\",\"url\":\"https:\\\/\\\/secure.gravatar.com\\\/avatar\\\/36e6bcb83148978b992977cb0f54d22feb0cce8a0a849a9410532bb2623ba4c6?s=96&d=mm&r=g\",\"width\":96,\"height\":96,\"caption\":\"Juh\\u00e1sz P\\u00e9ter\"}},{\"@type\":\"WebPage\",\"@id\":\"https:\\\/\\\/allasorias.hu\\\/hirek\\\/jovo-ev-szeptemberetol-megujul-a-szakkepzes\\\/#webpage\",\"url\":\"https:\\\/\\\/allasorias.hu\\\/hirek\\\/jovo-ev-szeptemberetol-megujul-a-szakkepzes\\\/\",\"name\":\"J\\u00f6v\\u0151 \\u00e9v szeptember\\u00e9t\\u0151l meg\\u00fajul a szakk\\u00e9pz\\u00e9s | AllasOrias.hu | H\\u00edrek-lapszemle\",\"description\":\"Id\\u00e9n szeptember v\\u00e9g\\u00e9n az Orsz\\u00e1gos K\\u00e9pz\\u00e9si Jegyz\\u00e9k m\\u00e1r m\\u00f3dosult, kor\\u00e1bban t\\u00f6bb mint h\\u00e9tsz\\u00e1z szak szerepelt ebben, most a m\\u00f3dos\\u00edt\\u00e1s ut\\u00e1n 174 alapszakma maradt - sz\\u00e1mol be a HelloVid\\u00e9k.hu. 2020 szeptember\\u00e9t\\u0151l egy \\u00fajabb kifejez\\u00e9st kell megismerni\\u00fck a nyolcadik oszt\\u00e1lyos tanul\\u00f3knak \\u00e9s sz\\u00fcleiknek. A szakk\\u00e9pz\\u00e9s \\u00e9s az ahhoz tartoz\\u00f3 oktat\\u00e1si rendszer \\u00e9vek \\u00f3ta fontos t\\u00e9ma, a p\\u00e1lyaorient\\u00e1ci\\u00f3s\",\"inLanguage\":\"hu-HU\",\"isPartOf\":{\"@id\":\"https:\\\/\\\/allasorias.hu\\\/hirek\\\/#website\"},\"breadcrumb\":{\"@id\":\"https:\\\/\\\/allasorias.hu\\\/hirek\\\/jovo-ev-szeptemberetol-megujul-a-szakkepzes\\\/#breadcrumblist\"},\"author\":{\"@id\":\"https:\\\/\\\/allasorias.hu\\\/hirek\\\/author\\\/admin-allasorias\\\/#author\"},\"creator\":{\"@id\":\"https:\\\/\\\/allasorias.hu\\\/hirek\\\/author\\\/admin-allasorias\\\/#author\"},\"image\":{\"@type\":\"ImageObject\",\"url\":\"https:\\\/\\\/allasorias.hu\\\/hirek\\\/wp-content\\\/uploads\\\/2019\\\/07\\\/blackboard-chairs-chalk-159844.jpg\",\"@id\":\"https:\\\/\\\/allasorias.hu\\\/hirek\\\/jovo-ev-szeptemberetol-megujul-a-szakkepzes\\\/#mainImage\",\"width\":640,\"height\":426},\"primaryImageOfPage\":{\"@id\":\"https:\\\/\\\/allasorias.hu\\\/hirek\\\/jovo-ev-szeptemberetol-megujul-a-szakkepzes\\\/#mainImage\"},\"datePublished\":\"2019-12-09T09:22:40+02:00\",\"dateModified\":\"2019-12-09T09:22:40+02:00\"},{\"@type\":\"WebSite\",\"@id\":\"https:\\\/\\\/allasorias.hu\\\/hirek\\\/#website\",\"url\":\"https:\\\/\\\/allasorias.hu\\\/hirek\\\/\",\"name\":\"AllasOrias.hu | H\\u00edrek-lapszemle\",\"description\":\"\\u00dczleti h\\u00edrek az \\u00e1ll\\u00e1s \\u00e9s a munka vil\\u00e1g\\u00e1b\\u00f3l\",\"inLanguage\":\"hu-HU\",\"publisher\":{\"@id\":\"https:\\\/\\\/allasorias.hu\\\/hirek\\\/#organization\"}}]}\n\t\t<\/script>\n\t\t<!-- All in One SEO -->\n\n","aioseo_head_json":{"title":"J\u00f6v\u0151 \u00e9v szeptember\u00e9t\u0151l meg\u00fajul a szakk\u00e9pz\u00e9s | AllasOrias.hu | H\u00edrek-lapszemle","description":"Id\u00e9n szeptember v\u00e9g\u00e9n az Orsz\u00e1gos K\u00e9pz\u00e9si Jegyz\u00e9k m\u00e1r m\u00f3dosult, kor\u00e1bban t\u00f6bb mint h\u00e9tsz\u00e1z szak szerepelt ebben, most a m\u00f3dos\u00edt\u00e1s ut\u00e1n 174 alapszakma maradt - sz\u00e1mol be a HelloVid\u00e9k.hu. 2020 szeptember\u00e9t\u0151l egy \u00fajabb kifejez\u00e9st kell megismerni\u00fck a nyolcadik oszt\u00e1lyos tanul\u00f3knak \u00e9s sz\u00fcleiknek. A szakk\u00e9pz\u00e9s \u00e9s az ahhoz tartoz\u00f3 oktat\u00e1si rendszer \u00e9vek \u00f3ta fontos t\u00e9ma, a p\u00e1lyaorient\u00e1ci\u00f3s","canonical_url":"https:\/\/allasorias.hu\/hirek\/jovo-ev-szeptemberetol-megujul-a-szakkepzes\/","robots":"max-image-preview:large","keywords":"","webmasterTools":{"miscellaneous":""},"schema":{"@context":"https:\/\/schema.org","@graph":[{"@type":"Article","@id":"https:\/\/allasorias.hu\/hirek\/jovo-ev-szeptemberetol-megujul-a-szakkepzes\/#article","name":"J\u00f6v\u0151 \u00e9v szeptember\u00e9t\u0151l meg\u00fajul a szakk\u00e9pz\u00e9s | AllasOrias.hu | H\u00edrek-lapszemle","headline":"J\u00f6v\u0151 \u00e9v szeptember\u00e9t\u0151l meg\u00fajul a szakk\u00e9pz\u00e9s","author":{"@id":"https:\/\/allasorias.hu\/hirek\/author\/admin-allasorias\/#author"},"publisher":{"@id":"https:\/\/allasorias.hu\/hirek\/#organization"},"image":{"@type":"ImageObject","url":"https:\/\/allasorias.hu\/hirek\/wp-content\/uploads\/2019\/07\/blackboard-chairs-chalk-159844.jpg","width":640,"height":426},"datePublished":"2019-12-09T09:22:40+02:00","dateModified":"2019-12-09T09:22:40+02:00","inLanguage":"hu-HU","mainEntityOfPage":{"@id":"https:\/\/allasorias.hu\/hirek\/jovo-ev-szeptemberetol-megujul-a-szakkepzes\/#webpage"},"isPartOf":{"@id":"https:\/\/allasorias.hu\/hirek\/jovo-ev-szeptemberetol-megujul-a-szakkepzes\/#webpage"},"articleSection":"Gazdas\u00e1g"},{"@type":"BreadcrumbList","@id":"https:\/\/allasorias.hu\/hirek\/jovo-ev-szeptemberetol-megujul-a-szakkepzes\/#breadcrumblist","itemListElement":[{"@type":"ListItem","@id":"https:\/\/allasorias.hu\/hirek#listItem","position":1,"name":"Home","item":"https:\/\/allasorias.hu\/hirek","nextItem":{"@type":"ListItem","@id":"https:\/\/allasorias.hu\/hirek\/temak\/gazdasag\/#listItem","name":"Gazdas\u00e1g"}},{"@type":"ListItem","@id":"https:\/\/allasorias.hu\/hirek\/temak\/gazdasag\/#listItem","position":2,"name":"Gazdas\u00e1g","item":"https:\/\/allasorias.hu\/hirek\/temak\/gazdasag\/","nextItem":{"@type":"ListItem","@id":"https:\/\/allasorias.hu\/hirek\/jovo-ev-szeptemberetol-megujul-a-szakkepzes\/#listItem","name":"J\u00f6v\u0151 \u00e9v szeptember\u00e9t\u0151l meg\u00fajul a szakk\u00e9pz\u00e9s"},"previousItem":{"@type":"ListItem","@id":"https:\/\/allasorias.hu\/hirek#listItem","name":"Home"}},{"@type":"ListItem","@id":"https:\/\/allasorias.hu\/hirek\/jovo-ev-szeptemberetol-megujul-a-szakkepzes\/#listItem","position":3,"name":"J\u00f6v\u0151 \u00e9v szeptember\u00e9t\u0151l meg\u00fajul a szakk\u00e9pz\u00e9s","previousItem":{"@type":"ListItem","@id":"https:\/\/allasorias.hu\/hirek\/temak\/gazdasag\/#listItem","name":"Gazdas\u00e1g"}}]},{"@type":"Organization","@id":"https:\/\/allasorias.hu\/hirek\/#organization","name":"AllasOrias.hu | H\u00edrek-lapszemle","description":"\u00dczleti h\u00edrek az \u00e1ll\u00e1s \u00e9s a munka vil\u00e1g\u00e1b\u00f3l","url":"https:\/\/allasorias.hu\/hirek\/","logo":{"@type":"ImageObject","url":"https:\/\/allasorias.hu\/hirek\/wp-content\/uploads\/2022\/10\/allasorias_site_facebok_logo.png","@id":"https:\/\/allasorias.hu\/hirek\/jovo-ev-szeptemberetol-megujul-a-szakkepzes\/#organizationLogo"},"image":{"@id":"https:\/\/allasorias.hu\/hirek\/jovo-ev-szeptemberetol-megujul-a-szakkepzes\/#organizationLogo"},"sameAs":["https:\/\/www.facebook.com\/allasorias","https:\/\/www.linkedin.com\/company\/allasorias"]},{"@type":"Person","@id":"https:\/\/allasorias.hu\/hirek\/author\/admin-allasorias\/#author","url":"https:\/\/allasorias.hu\/hirek\/author\/admin-allasorias\/","name":"Juh\u00e1sz P\u00e9ter","image":{"@type":"ImageObject","@id":"https:\/\/allasorias.hu\/hirek\/jovo-ev-szeptemberetol-megujul-a-szakkepzes\/#authorImage","url":"https:\/\/secure.gravatar.com\/avatar\/36e6bcb83148978b992977cb0f54d22feb0cce8a0a849a9410532bb2623ba4c6?s=96&d=mm&r=g","width":96,"height":96,"caption":"Juh\u00e1sz P\u00e9ter"}},{"@type":"WebPage","@id":"https:\/\/allasorias.hu\/hirek\/jovo-ev-szeptemberetol-megujul-a-szakkepzes\/#webpage","url":"https:\/\/allasorias.hu\/hirek\/jovo-ev-szeptemberetol-megujul-a-szakkepzes\/","name":"J\u00f6v\u0151 \u00e9v szeptember\u00e9t\u0151l meg\u00fajul a szakk\u00e9pz\u00e9s | AllasOrias.hu | H\u00edrek-lapszemle","description":"Id\u00e9n szeptember v\u00e9g\u00e9n az Orsz\u00e1gos K\u00e9pz\u00e9si Jegyz\u00e9k m\u00e1r m\u00f3dosult, kor\u00e1bban t\u00f6bb mint h\u00e9tsz\u00e1z szak szerepelt ebben, most a m\u00f3dos\u00edt\u00e1s ut\u00e1n 174 alapszakma maradt - sz\u00e1mol be a HelloVid\u00e9k.hu. 2020 szeptember\u00e9t\u0151l egy \u00fajabb kifejez\u00e9st kell megismerni\u00fck a nyolcadik oszt\u00e1lyos tanul\u00f3knak \u00e9s sz\u00fcleiknek. A szakk\u00e9pz\u00e9s \u00e9s az ahhoz tartoz\u00f3 oktat\u00e1si rendszer \u00e9vek \u00f3ta fontos t\u00e9ma, a p\u00e1lyaorient\u00e1ci\u00f3s","inLanguage":"hu-HU","isPartOf":{"@id":"https:\/\/allasorias.hu\/hirek\/#website"},"breadcrumb":{"@id":"https:\/\/allasorias.hu\/hirek\/jovo-ev-szeptemberetol-megujul-a-szakkepzes\/#breadcrumblist"},"author":{"@id":"https:\/\/allasorias.hu\/hirek\/author\/admin-allasorias\/#author"},"creator":{"@id":"https:\/\/allasorias.hu\/hirek\/author\/admin-allasorias\/#author"},"image":{"@type":"ImageObject","url":"https:\/\/allasorias.hu\/hirek\/wp-content\/uploads\/2019\/07\/blackboard-chairs-chalk-159844.jpg","@id":"https:\/\/allasorias.hu\/hirek\/jovo-ev-szeptemberetol-megujul-a-szakkepzes\/#mainImage","width":640,"height":426},"primaryImageOfPage":{"@id":"https:\/\/allasorias.hu\/hirek\/jovo-ev-szeptemberetol-megujul-a-szakkepzes\/#mainImage"},"datePublished":"2019-12-09T09:22:40+02:00","dateModified":"2019-12-09T09:22:40+02:00"},{"@type":"WebSite","@id":"https:\/\/allasorias.hu\/hirek\/#website","url":"https:\/\/allasorias.hu\/hirek\/","name":"AllasOrias.hu | H\u00edrek-lapszemle","description":"\u00dczleti h\u00edrek az \u00e1ll\u00e1s \u00e9s a munka vil\u00e1g\u00e1b\u00f3l","inLanguage":"hu-HU","publisher":{"@id":"https:\/\/allasorias.hu\/hirek\/#organization"}}]},"og:locale":"hu_HU","og:site_name":"AllasOrias.hu | H\u00edrek-lapszemle | \u00dczleti h\u00edrek az \u00e1ll\u00e1s \u00e9s a munka vil\u00e1g\u00e1b\u00f3l","og:type":"article","og:title":"J\u00f6v\u0151 \u00e9v szeptember\u00e9t\u0151l meg\u00fajul a szakk\u00e9pz\u00e9s | AllasOrias.hu | H\u00edrek-lapszemle","og:description":"Id\u00e9n szeptember v\u00e9g\u00e9n az Orsz\u00e1gos K\u00e9pz\u00e9si Jegyz\u00e9k m\u00e1r m\u00f3dosult, kor\u00e1bban t\u00f6bb mint h\u00e9tsz\u00e1z szak szerepelt ebben, most a m\u00f3dos\u00edt\u00e1s ut\u00e1n 174 alapszakma maradt - sz\u00e1mol be a HelloVid\u00e9k.hu. 2020 szeptember\u00e9t\u0151l egy \u00fajabb kifejez\u00e9st kell megismerni\u00fck a nyolcadik oszt\u00e1lyos tanul\u00f3knak \u00e9s sz\u00fcleiknek. A szakk\u00e9pz\u00e9s \u00e9s az ahhoz tartoz\u00f3 oktat\u00e1si rendszer \u00e9vek \u00f3ta fontos t\u00e9ma, a p\u00e1lyaorient\u00e1ci\u00f3s","og:url":"https:\/\/allasorias.hu\/hirek\/jovo-ev-szeptemberetol-megujul-a-szakkepzes\/","og:image":"https:\/\/allasorias.hu\/hirek\/wp-content\/uploads\/2019\/07\/blackboard-chairs-chalk-159844.jpg","og:image:secure_url":"https:\/\/allasorias.hu\/hirek\/wp-content\/uploads\/2019\/07\/blackboard-chairs-chalk-159844.jpg","og:image:width":640,"og:image:height":426,"article:published_time":"2019-12-09T09:22:40+00:00","article:modified_time":"2019-12-09T09:22:40+00:00","article:publisher":"https:\/\/www.facebook.com\/allasorias","twitter:card":"summary_large_image","twitter:title":"J\u00f6v\u0151 \u00e9v szeptember\u00e9t\u0151l meg\u00fajul a szakk\u00e9pz\u00e9s | AllasOrias.hu | H\u00edrek-lapszemle","twitter:description":"Id\u00e9n szeptember v\u00e9g\u00e9n az Orsz\u00e1gos K\u00e9pz\u00e9si Jegyz\u00e9k m\u00e1r m\u00f3dosult, kor\u00e1bban t\u00f6bb mint h\u00e9tsz\u00e1z szak szerepelt ebben, most a m\u00f3dos\u00edt\u00e1s ut\u00e1n 174 alapszakma maradt - sz\u00e1mol be a HelloVid\u00e9k.hu. 2020 szeptember\u00e9t\u0151l egy \u00fajabb kifejez\u00e9st kell megismerni\u00fck a nyolcadik oszt\u00e1lyos tanul\u00f3knak \u00e9s sz\u00fcleiknek. A szakk\u00e9pz\u00e9s \u00e9s az ahhoz tartoz\u00f3 oktat\u00e1si rendszer \u00e9vek \u00f3ta fontos t\u00e9ma, a p\u00e1lyaorient\u00e1ci\u00f3s","twitter:image":"https:\/\/allasorias.hu\/hirek\/wp-content\/uploads\/2019\/07\/blackboard-chairs-chalk-159844.jpg","twitter:label1":"Written by","twitter:data1":"Juh\u00e1sz P\u00e9ter","twitter:label2":"Est. reading time","twitter:data2":"1 minute"},"aioseo_meta_data":{"post_id":"3578","title":null,"description":null,"keywords":null,"keyphrases":null,"primary_term":null,"canonical_url":null,"og_title":null,"og_description":null,"og_object_type":"default","og_image_type":"default","og_image_url":null,"og_image_width":null,"og_image_height":null,"og_image_custom_url":null,"og_image_custom_fields":null,"og_video":null,"og_custom_url":null,"og_article_section":null,"og_article_tags":null,"twitter_use_og":false,"twitter_card":"default","twitter_image_type":"default","twitter_image_url":null,"twitter_image_custom_url":null,"twitter_image_custom_fields":null,"twitter_title":null,"twitter_description":null,"schema":{"blockGraphs":[],"customGraphs":[],"default":{"data":{"Article":[],"Course":[],"Dataset":[],"FAQPage":[],"Movie":[],"Person":[],"Product":[],"ProductReview":[],"Car":[],"Recipe":[],"Service":[],"SoftwareApplication":[],"WebPage":[]},"graphName":"","isEnabled":true},"graphs":[],"defaultGraph":"","defaultPostTypeGraph":""},"schema_type":null,"schema_type_options":null,"pillar_content":false,"robots_default":true,"robots_noindex":false,"robots_noarchive":false,"robots_nosnippet":false,"robots_nofollow":false,"robots_noimageindex":false,"robots_noodp":false,"robots_notranslate":false,"robots_max_snippet":null,"robots_max_videopreview":null,"robots_max_imagepreview":"large","priority":null,"frequency":null,"location":null,"local_seo":null,"breadcrumb_settings":null,"limit_modified_date":false,"ai":null,"created":"2021-02-01 22:54:09","updated":"2025-10-02 12:25:43","seo_analyzer_scan_date":null,"focus_keyword":null,"additional_keywords":null,"truseo_locale":null},"aioseo_breadcrumb":"<div class=\"aioseo-breadcrumbs\"><span class=\"aioseo-breadcrumb\">\n\t\t\t<a href=\"https:\/\/allasorias.hu\/hirek\" title=\"Home\">Home<\/a>\n\t\t<\/span><span class=\"aioseo-breadcrumb-separator\">&raquo;<\/span><span class=\"aioseo-breadcrumb\">\n\t\t\t<a href=\"https:\/\/allasorias.hu\/hirek\/temak\/gazdasag\/\" title=\"Gazdas\u00e1g\">Gazdas\u00e1g<\/a>\n\t\t<\/span><span class=\"aioseo-breadcrumb-separator\">&raquo;<\/span><span class=\"aioseo-breadcrumb\">\n\t\t\tJ\u00f6v\u0151 \u00e9v szeptember\u00e9t\u0151l meg\u00fajul a szakk\u00e9pz\u00e9s\n\t\t<\/span><\/div>","aioseo_breadcrumb_json":[{"label":"Home","link":"https:\/\/allasorias.hu\/hirek"},{"label":"Gazdas\u00e1g","link":"https:\/\/allasorias.hu\/hirek\/temak\/gazdasag\/"},{"label":"J\u00f6v\u0151 \u00e9v szeptember\u00e9t\u0151l meg\u00fajul a szakk\u00e9pz\u00e9s","link":"https:\/\/allasorias.hu\/hirek\/jovo-ev-szeptemberetol-megujul-a-szakkepzes\/"}],"_links":{"self":[{"href":"https:\/\/allasorias.hu\/hirek\/wp-json\/wp\/v2\/posts\/3578","targetHints":{"allow":["GET"]}}],"collection":[{"href":"https:\/\/allasorias.hu\/hirek\/wp-json\/wp\/v2\/posts"}],"about":[{"href":"https:\/\/allasorias.hu\/hirek\/wp-json\/wp\/v2\/types\/post"}],"author":[{"embeddable":true,"href":"https:\/\/allasorias.hu\/hirek\/wp-json\/wp\/v2\/users\/1"}],"replies":[{"embeddable":true,"href":"https:\/\/allasorias.hu\/hirek\/wp-json\/wp\/v2\/comments?post=3578"}],"version-history":[{"count":1,"href":"https:\/\/allasorias.hu\/hirek\/wp-json\/wp\/v2\/posts\/3578\/revisions"}],"predecessor-version":[{"id":3579,"href":"https:\/\/allasorias.hu\/hirek\/wp-json\/wp\/v2\/posts\/3578\/revisions\/3579"}],"wp:featuredmedia":[{"embeddable":true,"href":"https:\/\/allasorias.hu\/hirek\/wp-json\/wp\/v2\/media\/3134"}],"wp:attachment":[{"href":"https:\/\/allasorias.hu\/hirek\/wp-json\/wp\/v2\/media?parent=3578"}],"wp:term":[{"taxonomy":"category","embeddable":true,"href":"https:\/\/allasorias.hu\/hirek\/wp-json\/wp\/v2\/categories?post=3578"},{"taxonomy":"post_tag","embeddable":true,"href":"https:\/\/allasorias.hu\/hirek\/wp-json\/wp\/v2\/tags?post=3578"}],"curies":[{"name":"wp","href":"https:\/\/api.w.org\/{rel}","templated":true}]}}