{"id":3575,"date":"2019-12-09T09:01:14","date_gmt":"2019-12-09T09:01:14","guid":{"rendered":"https:\/\/allasorias.hu\/hirek\/?p=3575"},"modified":"2019-12-09T09:01:14","modified_gmt":"2019-12-09T09:01:14","slug":"vallalkozova-valni-segitseg-a-kezdoknek","status":"publish","type":"post","link":"https:\/\/allasorias.hu\/hirek\/vallalkozova-valni-segitseg-a-kezdoknek\/","title":{"rendered":"V\u00e1llalkoz\u00f3v\u00e1 v\u00e1lni \u2013 seg\u00edts\u00e9g a kezd\u0151knek"},"content":{"rendered":"<p><strong>Nagy az \u00e9rdekl\u0151d\u00e9s a v\u00e1llalkoz\u00e1sokat seg\u00edt\u0151 programok ir\u00e1nt. N\u00e9pszer\u0171ek az \u0151sszel ind\u00edtott, v\u00e1llalkoz\u00f3v\u00e1 v\u00e1l\u00e1st seg\u00edt\u0151 programok, eddig t\u00f6bb mint 11 ezren jelentkeztek. A 30 \u00e9v alatti fiatalok orsz\u00e1gszerte, a 30 \u00e9v feletti \u00e1ll\u00e1skeres\u0151k pedig Pest megy\u00e9ben tov\u00e1bbra is p\u00e1ly\u00e1zhatnak a 4,5 milli\u00f3 forintos t\u00e1mogat\u00e1sra &#8211; mondta Bod\u00f3 S\u00e1ndor foglalkoztat\u00e1spolitik\u00e1\u00e9rt felel\u0151s \u00e1llamtitk\u00e1r a Magyar Nemzetnek.<\/strong><\/p>\n<p>Bod\u00f3 S\u00e1ndor elmondta: 4,5 milli\u00f3 forintos t\u0151ket\u00e1mogat\u00e1ssal is \u00f6szt\u00f6nzik a 40 milli\u00e1rd forint keret\u00f6sszeg\u0171 programb\u00f3l a p\u00e1ly\u00e1z\u00f3kat, jelent\u0151s seg\u00edts\u00e9get ny\u00fajtva ezzel a leend\u0151 v\u00e1llalkoz\u00f3k tev\u00e9kenys\u00e9g\u00e9hez. Orsz\u00e1gszerte k\u00f6zel kilencezer v\u00e1llalkozni v\u00e1gy\u00f3 tal\u00e1lhatja meg a sz\u00e1m\u00edt\u00e1s\u00e1t, ezzel \u00f6nfoglalkoztat\u00f3k\u00e9nt n\u00f6velve az egy\u00e9ni v\u00e1llalkoz\u00e1sok sz\u00e1m\u00e1t. A tervek szerint 2022-ig k\u00f6zel nyolcezer v\u00e1llalkoz\u00e1s j\u00f6het l\u00e9tre a t\u00f6bbelem\u0171 program r\u00e9v\u00e9n a kev\u00e9sb\u00e9 fejlett r\u00e9gi\u00f3kban. Mintegy ezer \u00f6nfoglalkoztat\u00f3 pedig a k\u00f6z\u00e9p-magyarorsz\u00e1gi r\u00e9gi\u00f3ban ind\u00edthatja el tev\u00e9kenys\u00e9g\u00e9t. Bod\u00f3 S\u00e1ndor kiemelte: a t\u00e1mogat\u00e1si keretb\u0151l h\u00e1romezer v\u00e1llalkoz\u00e1s l\u00e9trehoz\u00e1s\u00e1val sz\u00e1molnak a 30 \u00e9v felettiekn\u00e9l, s k\u00f6zel hatezer \u00faj v\u00e1llalkoz\u00e1ssal a fiatalok k\u00f6r\u00e9ben. Az \u00e1llamtitk\u00e1r k\u00f6z\u00f6lte: Magyarorsz\u00e1gon az \u00f6t\u00f6dik legalacsonyabb az uni\u00f3n bel\u00fcl a munkan\u00e9lk\u00fclis\u00e9g, mind\u00f6ssze 3,5 sz\u00e1zal\u00e9k, m\u00edg a foglalkoztatottak ar\u00e1nya meghaladta az elm\u00falt h\u00f3napokban a 70 sz\u00e1zal\u00e9kot. A fiatalok foglalkoztatotts\u00e1ga ugyanakkor uni\u00f3s szinten n\u00e9mileg elmarad az id\u0151sebb koroszt\u00e1ly\u00e9t\u00f3l, \u00edgy nekik j\u00f3 lehet\u0151s\u00e9g a v\u00e1llalkoz\u00f3v\u00e1 v\u00e1l\u00e1s, a munkan\u00e9lk\u00fclieknek, inakt\u00edvaknak pedig \u00fajabb lehet\u0151s\u00e9get jelent elhelyezked\u00e9s\u00fckh\u00f6z, anyagi biztons\u00e1guk megteremt\u00e9s\u00e9hez &#8211; tette hozz\u00e1 az \u00e1llamtitk\u00e1r. A magyar munkaer\u0151piaci folyamatokkal ellent\u00e9tben az Eur\u00f3pai Uni\u00f3 28 tag\u00e1llam\u00e1ban \u00f6t\u00f6dik h\u00f3napja stagn\u00e1l a munkan\u00e9lk\u00fclis\u00e9g, okt\u00f3berben 6,3 sz\u00e1zal\u00e9k volt. Az \u00e1ll\u00e1stalanok ar\u00e1nya tov\u00e1bbra is Csehorsz\u00e1gban a legalacsonyabb, 2,2 sz\u00e1zal\u00e9k, a legmagasabb pedig G\u00f6r\u00f6gorsz\u00e1gban, k\u00f6zel 17 sz\u00e1zal\u00e9k &#8211; \u00edrta a Magyar Nemzet.<\/p>\n<p>Forr\u00e1s: hellovidek.hu<\/p>\n","protected":false},"excerpt":{"rendered":"<p>Nagy az \u00e9rdekl\u0151d\u00e9s a v\u00e1llalkoz\u00e1sokat seg\u00edt\u0151 programok ir\u00e1nt. N\u00e9pszer\u0171ek az \u0151sszel ind\u00edtott, v\u00e1llalkoz\u00f3v\u00e1 v\u00e1l\u00e1st seg\u00edt\u0151 programok, eddig t\u00f6bb mint 11 ezren jelentkeztek. A 30 \u00e9v alatti fiatalok orsz\u00e1gszerte, a 30 \u00e9v feletti \u00e1ll\u00e1skeres\u0151k pedig Pest megy\u00e9ben tov\u00e1bbra is p\u00e1ly\u00e1zhatnak a 4,5 milli\u00f3 forintos t\u00e1mogat\u00e1sra &#8211; mondta Bod\u00f3 S\u00e1ndor foglalkoztat\u00e1spolitik\u00e1\u00e9rt felel\u0151s \u00e1llamtitk\u00e1r a Magyar Nemzetnek. Bod\u00f3 [&hellip;]<\/p>\n","protected":false},"author":1,"featured_media":3576,"comment_status":"open","ping_status":"open","sticky":false,"template":"","format":"standard","meta":{"_monsterinsights_skip_tracking":false,"footnotes":""},"categories":[198,200],"tags":[],"class_list":["post-3575","post","type-post","status-publish","format-standard","has-post-thumbnail","hentry","category-gazdasag","category-munkaeropiac"],"aioseo_notices":[],"aioseo_head":"\n\t\t<!-- All in One SEO 5.0.0.1 - aioseo.com -->\n\t<meta name=\"description\" content=\"Nagy az \u00e9rdekl\u0151d\u00e9s a v\u00e1llalkoz\u00e1sokat seg\u00edt\u0151 programok ir\u00e1nt. N\u00e9pszer\u0171ek az \u0151sszel ind\u00edtott, v\u00e1llalkoz\u00f3v\u00e1 v\u00e1l\u00e1st seg\u00edt\u0151 programok, eddig t\u00f6bb mint 11 ezren jelentkeztek. A 30 \u00e9v alatti fiatalok orsz\u00e1gszerte, a 30 \u00e9v feletti \u00e1ll\u00e1skeres\u0151k pedig Pest megy\u00e9ben tov\u00e1bbra is p\u00e1ly\u00e1zhatnak a 4,5 milli\u00f3 forintos t\u00e1mogat\u00e1sra - mondta Bod\u00f3 S\u00e1ndor foglalkoztat\u00e1spolitik\u00e1\u00e9rt felel\u0151s \u00e1llamtitk\u00e1r a Magyar Nemzetnek. Bod\u00f3\" \/>\n\t<meta name=\"robots\" content=\"max-image-preview:large\" \/>\n\t<meta name=\"author\" content=\"Juh\u00e1sz P\u00e9ter\"\/>\n\t<link rel=\"canonical\" href=\"https:\/\/allasorias.hu\/hirek\/vallalkozova-valni-segitseg-a-kezdoknek\/\" \/>\n\t<meta name=\"generator\" content=\"All in One SEO (AIOSEO) 5.0.0.1\" \/>\n\t\t<meta property=\"og:locale\" content=\"hu_HU\" \/>\n\t\t<meta property=\"og:site_name\" content=\"AllasOrias.hu | H\u00edrek-lapszemle | \u00dczleti h\u00edrek az \u00e1ll\u00e1s \u00e9s a munka vil\u00e1g\u00e1b\u00f3l\" \/>\n\t\t<meta property=\"og:type\" content=\"article\" \/>\n\t\t<meta property=\"og:title\" content=\"V\u00e1llalkoz\u00f3v\u00e1 v\u00e1lni \u2013 seg\u00edts\u00e9g a kezd\u0151knek | AllasOrias.hu | H\u00edrek-lapszemle\" \/>\n\t\t<meta property=\"og:description\" content=\"Nagy az \u00e9rdekl\u0151d\u00e9s a v\u00e1llalkoz\u00e1sokat seg\u00edt\u0151 programok ir\u00e1nt. N\u00e9pszer\u0171ek az \u0151sszel ind\u00edtott, v\u00e1llalkoz\u00f3v\u00e1 v\u00e1l\u00e1st seg\u00edt\u0151 programok, eddig t\u00f6bb mint 11 ezren jelentkeztek. A 30 \u00e9v alatti fiatalok orsz\u00e1gszerte, a 30 \u00e9v feletti \u00e1ll\u00e1skeres\u0151k pedig Pest megy\u00e9ben tov\u00e1bbra is p\u00e1ly\u00e1zhatnak a 4,5 milli\u00f3 forintos t\u00e1mogat\u00e1sra - mondta Bod\u00f3 S\u00e1ndor foglalkoztat\u00e1spolitik\u00e1\u00e9rt felel\u0151s \u00e1llamtitk\u00e1r a Magyar Nemzetnek. Bod\u00f3\" \/>\n\t\t<meta property=\"og:url\" content=\"https:\/\/allasorias.hu\/hirek\/vallalkozova-valni-segitseg-a-kezdoknek\/\" \/>\n\t\t<meta property=\"og:image\" content=\"https:\/\/allasorias.hu\/hirek\/wp-content\/uploads\/2019\/12\/handshake-2056023_640.jpg\" \/>\n\t\t<meta property=\"og:image:secure_url\" content=\"https:\/\/allasorias.hu\/hirek\/wp-content\/uploads\/2019\/12\/handshake-2056023_640.jpg\" \/>\n\t\t<meta property=\"og:image:width\" content=\"640\" \/>\n\t\t<meta property=\"og:image:height\" content=\"425\" \/>\n\t\t<meta property=\"article:published_time\" content=\"2019-12-09T09:01:14+00:00\" \/>\n\t\t<meta property=\"article:modified_time\" content=\"2019-12-09T09:01:14+00:00\" \/>\n\t\t<meta property=\"article:publisher\" content=\"https:\/\/www.facebook.com\/allasorias\" \/>\n\t\t<meta name=\"twitter:card\" content=\"summary_large_image\" \/>\n\t\t<meta name=\"twitter:title\" content=\"V\u00e1llalkoz\u00f3v\u00e1 v\u00e1lni \u2013 seg\u00edts\u00e9g a kezd\u0151knek | AllasOrias.hu | H\u00edrek-lapszemle\" \/>\n\t\t<meta name=\"twitter:description\" content=\"Nagy az \u00e9rdekl\u0151d\u00e9s a v\u00e1llalkoz\u00e1sokat seg\u00edt\u0151 programok ir\u00e1nt. N\u00e9pszer\u0171ek az \u0151sszel ind\u00edtott, v\u00e1llalkoz\u00f3v\u00e1 v\u00e1l\u00e1st seg\u00edt\u0151 programok, eddig t\u00f6bb mint 11 ezren jelentkeztek. A 30 \u00e9v alatti fiatalok orsz\u00e1gszerte, a 30 \u00e9v feletti \u00e1ll\u00e1skeres\u0151k pedig Pest megy\u00e9ben tov\u00e1bbra is p\u00e1ly\u00e1zhatnak a 4,5 milli\u00f3 forintos t\u00e1mogat\u00e1sra - mondta Bod\u00f3 S\u00e1ndor foglalkoztat\u00e1spolitik\u00e1\u00e9rt felel\u0151s \u00e1llamtitk\u00e1r a Magyar Nemzetnek. Bod\u00f3\" \/>\n\t\t<meta name=\"twitter:image\" content=\"https:\/\/allasorias.hu\/hirek\/wp-content\/uploads\/2019\/12\/handshake-2056023_640.jpg\" \/>\n\t\t<meta name=\"twitter:label1\" content=\"Written by\" \/>\n\t\t<meta name=\"twitter:data1\" content=\"Juh\u00e1sz P\u00e9ter\" \/>\n\t\t<meta name=\"twitter:label2\" content=\"Est. reading time\" \/>\n\t\t<meta name=\"twitter:data2\" content=\"2 minutes\" \/>\n\t\t<script type=\"application\/ld+json\" class=\"aioseo-schema\">\n\t\t\t{\"@context\":\"https:\\\/\\\/schema.org\",\"@graph\":[{\"@type\":\"Article\",\"@id\":\"https:\\\/\\\/allasorias.hu\\\/hirek\\\/vallalkozova-valni-segitseg-a-kezdoknek\\\/#article\",\"name\":\"V\\u00e1llalkoz\\u00f3v\\u00e1 v\\u00e1lni \\u2013 seg\\u00edts\\u00e9g a kezd\\u0151knek | AllasOrias.hu | H\\u00edrek-lapszemle\",\"headline\":\"V\\u00e1llalkoz\\u00f3v\\u00e1 v\\u00e1lni \\u2013 seg\\u00edts\\u00e9g a kezd\\u0151knek\",\"author\":{\"@id\":\"https:\\\/\\\/allasorias.hu\\\/hirek\\\/author\\\/admin-allasorias\\\/#author\"},\"publisher\":{\"@id\":\"https:\\\/\\\/allasorias.hu\\\/hirek\\\/#organization\"},\"image\":{\"@type\":\"ImageObject\",\"url\":\"https:\\\/\\\/allasorias.hu\\\/hirek\\\/wp-content\\\/uploads\\\/2019\\\/12\\\/handshake-2056023_640.jpg\",\"width\":640,\"height\":425},\"datePublished\":\"2019-12-09T09:01:14+02:00\",\"dateModified\":\"2019-12-09T09:01:14+02:00\",\"inLanguage\":\"hu-HU\",\"mainEntityOfPage\":{\"@id\":\"https:\\\/\\\/allasorias.hu\\\/hirek\\\/vallalkozova-valni-segitseg-a-kezdoknek\\\/#webpage\"},\"isPartOf\":{\"@id\":\"https:\\\/\\\/allasorias.hu\\\/hirek\\\/vallalkozova-valni-segitseg-a-kezdoknek\\\/#webpage\"},\"articleSection\":\"Gazdas\\u00e1g, Munkaer\\u0151piac\"},{\"@type\":\"BreadcrumbList\",\"@id\":\"https:\\\/\\\/allasorias.hu\\\/hirek\\\/vallalkozova-valni-segitseg-a-kezdoknek\\\/#breadcrumblist\",\"itemListElement\":[{\"@type\":\"ListItem\",\"@id\":\"https:\\\/\\\/allasorias.hu\\\/hirek#listItem\",\"position\":1,\"name\":\"Home\",\"item\":\"https:\\\/\\\/allasorias.hu\\\/hirek\",\"nextItem\":{\"@type\":\"ListItem\",\"@id\":\"https:\\\/\\\/allasorias.hu\\\/hirek\\\/temak\\\/gazdasag\\\/#listItem\",\"name\":\"Gazdas\\u00e1g\"}},{\"@type\":\"ListItem\",\"@id\":\"https:\\\/\\\/allasorias.hu\\\/hirek\\\/temak\\\/gazdasag\\\/#listItem\",\"position\":2,\"name\":\"Gazdas\\u00e1g\",\"item\":\"https:\\\/\\\/allasorias.hu\\\/hirek\\\/temak\\\/gazdasag\\\/\",\"nextItem\":{\"@type\":\"ListItem\",\"@id\":\"https:\\\/\\\/allasorias.hu\\\/hirek\\\/vallalkozova-valni-segitseg-a-kezdoknek\\\/#listItem\",\"name\":\"V\\u00e1llalkoz\\u00f3v\\u00e1 v\\u00e1lni \\u2013 seg\\u00edts\\u00e9g a kezd\\u0151knek\"},\"previousItem\":{\"@type\":\"ListItem\",\"@id\":\"https:\\\/\\\/allasorias.hu\\\/hirek#listItem\",\"name\":\"Home\"}},{\"@type\":\"ListItem\",\"@id\":\"https:\\\/\\\/allasorias.hu\\\/hirek\\\/vallalkozova-valni-segitseg-a-kezdoknek\\\/#listItem\",\"position\":3,\"name\":\"V\\u00e1llalkoz\\u00f3v\\u00e1 v\\u00e1lni \\u2013 seg\\u00edts\\u00e9g a kezd\\u0151knek\",\"previousItem\":{\"@type\":\"ListItem\",\"@id\":\"https:\\\/\\\/allasorias.hu\\\/hirek\\\/temak\\\/gazdasag\\\/#listItem\",\"name\":\"Gazdas\\u00e1g\"}}]},{\"@type\":\"Organization\",\"@id\":\"https:\\\/\\\/allasorias.hu\\\/hirek\\\/#organization\",\"name\":\"AllasOrias.hu | H\\u00edrek-lapszemle\",\"description\":\"\\u00dczleti h\\u00edrek az \\u00e1ll\\u00e1s \\u00e9s a munka vil\\u00e1g\\u00e1b\\u00f3l\",\"url\":\"https:\\\/\\\/allasorias.hu\\\/hirek\\\/\",\"logo\":{\"@type\":\"ImageObject\",\"url\":\"https:\\\/\\\/allasorias.hu\\\/hirek\\\/wp-content\\\/uploads\\\/2022\\\/10\\\/allasorias_site_facebok_logo.png\",\"@id\":\"https:\\\/\\\/allasorias.hu\\\/hirek\\\/vallalkozova-valni-segitseg-a-kezdoknek\\\/#organizationLogo\"},\"image\":{\"@id\":\"https:\\\/\\\/allasorias.hu\\\/hirek\\\/vallalkozova-valni-segitseg-a-kezdoknek\\\/#organizationLogo\"},\"sameAs\":[\"https:\\\/\\\/www.facebook.com\\\/allasorias\",\"https:\\\/\\\/www.linkedin.com\\\/company\\\/allasorias\"]},{\"@type\":\"Person\",\"@id\":\"https:\\\/\\\/allasorias.hu\\\/hirek\\\/author\\\/admin-allasorias\\\/#author\",\"url\":\"https:\\\/\\\/allasorias.hu\\\/hirek\\\/author\\\/admin-allasorias\\\/\",\"name\":\"Juh\\u00e1sz P\\u00e9ter\",\"image\":{\"@type\":\"ImageObject\",\"@id\":\"https:\\\/\\\/allasorias.hu\\\/hirek\\\/vallalkozova-valni-segitseg-a-kezdoknek\\\/#authorImage\",\"url\":\"https:\\\/\\\/secure.gravatar.com\\\/avatar\\\/36e6bcb83148978b992977cb0f54d22feb0cce8a0a849a9410532bb2623ba4c6?s=96&d=mm&r=g\",\"width\":96,\"height\":96,\"caption\":\"Juh\\u00e1sz P\\u00e9ter\"}},{\"@type\":\"WebPage\",\"@id\":\"https:\\\/\\\/allasorias.hu\\\/hirek\\\/vallalkozova-valni-segitseg-a-kezdoknek\\\/#webpage\",\"url\":\"https:\\\/\\\/allasorias.hu\\\/hirek\\\/vallalkozova-valni-segitseg-a-kezdoknek\\\/\",\"name\":\"V\\u00e1llalkoz\\u00f3v\\u00e1 v\\u00e1lni \\u2013 seg\\u00edts\\u00e9g a kezd\\u0151knek | AllasOrias.hu | H\\u00edrek-lapszemle\",\"description\":\"Nagy az \\u00e9rdekl\\u0151d\\u00e9s a v\\u00e1llalkoz\\u00e1sokat seg\\u00edt\\u0151 programok ir\\u00e1nt. N\\u00e9pszer\\u0171ek az \\u0151sszel ind\\u00edtott, v\\u00e1llalkoz\\u00f3v\\u00e1 v\\u00e1l\\u00e1st seg\\u00edt\\u0151 programok, eddig t\\u00f6bb mint 11 ezren jelentkeztek. A 30 \\u00e9v alatti fiatalok orsz\\u00e1gszerte, a 30 \\u00e9v feletti \\u00e1ll\\u00e1skeres\\u0151k pedig Pest megy\\u00e9ben tov\\u00e1bbra is p\\u00e1ly\\u00e1zhatnak a 4,5 milli\\u00f3 forintos t\\u00e1mogat\\u00e1sra - mondta Bod\\u00f3 S\\u00e1ndor foglalkoztat\\u00e1spolitik\\u00e1\\u00e9rt felel\\u0151s \\u00e1llamtitk\\u00e1r a Magyar Nemzetnek. Bod\\u00f3\",\"inLanguage\":\"hu-HU\",\"isPartOf\":{\"@id\":\"https:\\\/\\\/allasorias.hu\\\/hirek\\\/#website\"},\"breadcrumb\":{\"@id\":\"https:\\\/\\\/allasorias.hu\\\/hirek\\\/vallalkozova-valni-segitseg-a-kezdoknek\\\/#breadcrumblist\"},\"author\":{\"@id\":\"https:\\\/\\\/allasorias.hu\\\/hirek\\\/author\\\/admin-allasorias\\\/#author\"},\"creator\":{\"@id\":\"https:\\\/\\\/allasorias.hu\\\/hirek\\\/author\\\/admin-allasorias\\\/#author\"},\"image\":{\"@type\":\"ImageObject\",\"url\":\"https:\\\/\\\/allasorias.hu\\\/hirek\\\/wp-content\\\/uploads\\\/2019\\\/12\\\/handshake-2056023_640.jpg\",\"@id\":\"https:\\\/\\\/allasorias.hu\\\/hirek\\\/vallalkozova-valni-segitseg-a-kezdoknek\\\/#mainImage\",\"width\":640,\"height\":425},\"primaryImageOfPage\":{\"@id\":\"https:\\\/\\\/allasorias.hu\\\/hirek\\\/vallalkozova-valni-segitseg-a-kezdoknek\\\/#mainImage\"},\"datePublished\":\"2019-12-09T09:01:14+02:00\",\"dateModified\":\"2019-12-09T09:01:14+02:00\"},{\"@type\":\"WebSite\",\"@id\":\"https:\\\/\\\/allasorias.hu\\\/hirek\\\/#website\",\"url\":\"https:\\\/\\\/allasorias.hu\\\/hirek\\\/\",\"name\":\"AllasOrias.hu | H\\u00edrek-lapszemle\",\"description\":\"\\u00dczleti h\\u00edrek az \\u00e1ll\\u00e1s \\u00e9s a munka vil\\u00e1g\\u00e1b\\u00f3l\",\"inLanguage\":\"hu-HU\",\"publisher\":{\"@id\":\"https:\\\/\\\/allasorias.hu\\\/hirek\\\/#organization\"}}]}\n\t\t<\/script>\n\t\t<!-- All in One SEO -->\n\n","aioseo_head_json":{"title":"V\u00e1llalkoz\u00f3v\u00e1 v\u00e1lni \u2013 seg\u00edts\u00e9g a kezd\u0151knek | AllasOrias.hu | H\u00edrek-lapszemle","description":"Nagy az \u00e9rdekl\u0151d\u00e9s a v\u00e1llalkoz\u00e1sokat seg\u00edt\u0151 programok ir\u00e1nt. N\u00e9pszer\u0171ek az \u0151sszel ind\u00edtott, v\u00e1llalkoz\u00f3v\u00e1 v\u00e1l\u00e1st seg\u00edt\u0151 programok, eddig t\u00f6bb mint 11 ezren jelentkeztek. A 30 \u00e9v alatti fiatalok orsz\u00e1gszerte, a 30 \u00e9v feletti \u00e1ll\u00e1skeres\u0151k pedig Pest megy\u00e9ben tov\u00e1bbra is p\u00e1ly\u00e1zhatnak a 4,5 milli\u00f3 forintos t\u00e1mogat\u00e1sra - mondta Bod\u00f3 S\u00e1ndor foglalkoztat\u00e1spolitik\u00e1\u00e9rt felel\u0151s \u00e1llamtitk\u00e1r a Magyar Nemzetnek. Bod\u00f3","canonical_url":"https:\/\/allasorias.hu\/hirek\/vallalkozova-valni-segitseg-a-kezdoknek\/","robots":"max-image-preview:large","keywords":"","webmasterTools":{"miscellaneous":""},"schema":{"@context":"https:\/\/schema.org","@graph":[{"@type":"Article","@id":"https:\/\/allasorias.hu\/hirek\/vallalkozova-valni-segitseg-a-kezdoknek\/#article","name":"V\u00e1llalkoz\u00f3v\u00e1 v\u00e1lni \u2013 seg\u00edts\u00e9g a kezd\u0151knek | AllasOrias.hu | H\u00edrek-lapszemle","headline":"V\u00e1llalkoz\u00f3v\u00e1 v\u00e1lni \u2013 seg\u00edts\u00e9g a kezd\u0151knek","author":{"@id":"https:\/\/allasorias.hu\/hirek\/author\/admin-allasorias\/#author"},"publisher":{"@id":"https:\/\/allasorias.hu\/hirek\/#organization"},"image":{"@type":"ImageObject","url":"https:\/\/allasorias.hu\/hirek\/wp-content\/uploads\/2019\/12\/handshake-2056023_640.jpg","width":640,"height":425},"datePublished":"2019-12-09T09:01:14+02:00","dateModified":"2019-12-09T09:01:14+02:00","inLanguage":"hu-HU","mainEntityOfPage":{"@id":"https:\/\/allasorias.hu\/hirek\/vallalkozova-valni-segitseg-a-kezdoknek\/#webpage"},"isPartOf":{"@id":"https:\/\/allasorias.hu\/hirek\/vallalkozova-valni-segitseg-a-kezdoknek\/#webpage"},"articleSection":"Gazdas\u00e1g, Munkaer\u0151piac"},{"@type":"BreadcrumbList","@id":"https:\/\/allasorias.hu\/hirek\/vallalkozova-valni-segitseg-a-kezdoknek\/#breadcrumblist","itemListElement":[{"@type":"ListItem","@id":"https:\/\/allasorias.hu\/hirek#listItem","position":1,"name":"Home","item":"https:\/\/allasorias.hu\/hirek","nextItem":{"@type":"ListItem","@id":"https:\/\/allasorias.hu\/hirek\/temak\/gazdasag\/#listItem","name":"Gazdas\u00e1g"}},{"@type":"ListItem","@id":"https:\/\/allasorias.hu\/hirek\/temak\/gazdasag\/#listItem","position":2,"name":"Gazdas\u00e1g","item":"https:\/\/allasorias.hu\/hirek\/temak\/gazdasag\/","nextItem":{"@type":"ListItem","@id":"https:\/\/allasorias.hu\/hirek\/vallalkozova-valni-segitseg-a-kezdoknek\/#listItem","name":"V\u00e1llalkoz\u00f3v\u00e1 v\u00e1lni \u2013 seg\u00edts\u00e9g a kezd\u0151knek"},"previousItem":{"@type":"ListItem","@id":"https:\/\/allasorias.hu\/hirek#listItem","name":"Home"}},{"@type":"ListItem","@id":"https:\/\/allasorias.hu\/hirek\/vallalkozova-valni-segitseg-a-kezdoknek\/#listItem","position":3,"name":"V\u00e1llalkoz\u00f3v\u00e1 v\u00e1lni \u2013 seg\u00edts\u00e9g a kezd\u0151knek","previousItem":{"@type":"ListItem","@id":"https:\/\/allasorias.hu\/hirek\/temak\/gazdasag\/#listItem","name":"Gazdas\u00e1g"}}]},{"@type":"Organization","@id":"https:\/\/allasorias.hu\/hirek\/#organization","name":"AllasOrias.hu | H\u00edrek-lapszemle","description":"\u00dczleti h\u00edrek az \u00e1ll\u00e1s \u00e9s a munka vil\u00e1g\u00e1b\u00f3l","url":"https:\/\/allasorias.hu\/hirek\/","logo":{"@type":"ImageObject","url":"https:\/\/allasorias.hu\/hirek\/wp-content\/uploads\/2022\/10\/allasorias_site_facebok_logo.png","@id":"https:\/\/allasorias.hu\/hirek\/vallalkozova-valni-segitseg-a-kezdoknek\/#organizationLogo"},"image":{"@id":"https:\/\/allasorias.hu\/hirek\/vallalkozova-valni-segitseg-a-kezdoknek\/#organizationLogo"},"sameAs":["https:\/\/www.facebook.com\/allasorias","https:\/\/www.linkedin.com\/company\/allasorias"]},{"@type":"Person","@id":"https:\/\/allasorias.hu\/hirek\/author\/admin-allasorias\/#author","url":"https:\/\/allasorias.hu\/hirek\/author\/admin-allasorias\/","name":"Juh\u00e1sz P\u00e9ter","image":{"@type":"ImageObject","@id":"https:\/\/allasorias.hu\/hirek\/vallalkozova-valni-segitseg-a-kezdoknek\/#authorImage","url":"https:\/\/secure.gravatar.com\/avatar\/36e6bcb83148978b992977cb0f54d22feb0cce8a0a849a9410532bb2623ba4c6?s=96&d=mm&r=g","width":96,"height":96,"caption":"Juh\u00e1sz P\u00e9ter"}},{"@type":"WebPage","@id":"https:\/\/allasorias.hu\/hirek\/vallalkozova-valni-segitseg-a-kezdoknek\/#webpage","url":"https:\/\/allasorias.hu\/hirek\/vallalkozova-valni-segitseg-a-kezdoknek\/","name":"V\u00e1llalkoz\u00f3v\u00e1 v\u00e1lni \u2013 seg\u00edts\u00e9g a kezd\u0151knek | AllasOrias.hu | H\u00edrek-lapszemle","description":"Nagy az \u00e9rdekl\u0151d\u00e9s a v\u00e1llalkoz\u00e1sokat seg\u00edt\u0151 programok ir\u00e1nt. N\u00e9pszer\u0171ek az \u0151sszel ind\u00edtott, v\u00e1llalkoz\u00f3v\u00e1 v\u00e1l\u00e1st seg\u00edt\u0151 programok, eddig t\u00f6bb mint 11 ezren jelentkeztek. A 30 \u00e9v alatti fiatalok orsz\u00e1gszerte, a 30 \u00e9v feletti \u00e1ll\u00e1skeres\u0151k pedig Pest megy\u00e9ben tov\u00e1bbra is p\u00e1ly\u00e1zhatnak a 4,5 milli\u00f3 forintos t\u00e1mogat\u00e1sra - mondta Bod\u00f3 S\u00e1ndor foglalkoztat\u00e1spolitik\u00e1\u00e9rt felel\u0151s \u00e1llamtitk\u00e1r a Magyar Nemzetnek. Bod\u00f3","inLanguage":"hu-HU","isPartOf":{"@id":"https:\/\/allasorias.hu\/hirek\/#website"},"breadcrumb":{"@id":"https:\/\/allasorias.hu\/hirek\/vallalkozova-valni-segitseg-a-kezdoknek\/#breadcrumblist"},"author":{"@id":"https:\/\/allasorias.hu\/hirek\/author\/admin-allasorias\/#author"},"creator":{"@id":"https:\/\/allasorias.hu\/hirek\/author\/admin-allasorias\/#author"},"image":{"@type":"ImageObject","url":"https:\/\/allasorias.hu\/hirek\/wp-content\/uploads\/2019\/12\/handshake-2056023_640.jpg","@id":"https:\/\/allasorias.hu\/hirek\/vallalkozova-valni-segitseg-a-kezdoknek\/#mainImage","width":640,"height":425},"primaryImageOfPage":{"@id":"https:\/\/allasorias.hu\/hirek\/vallalkozova-valni-segitseg-a-kezdoknek\/#mainImage"},"datePublished":"2019-12-09T09:01:14+02:00","dateModified":"2019-12-09T09:01:14+02:00"},{"@type":"WebSite","@id":"https:\/\/allasorias.hu\/hirek\/#website","url":"https:\/\/allasorias.hu\/hirek\/","name":"AllasOrias.hu | H\u00edrek-lapszemle","description":"\u00dczleti h\u00edrek az \u00e1ll\u00e1s \u00e9s a munka vil\u00e1g\u00e1b\u00f3l","inLanguage":"hu-HU","publisher":{"@id":"https:\/\/allasorias.hu\/hirek\/#organization"}}]},"og:locale":"hu_HU","og:site_name":"AllasOrias.hu | H\u00edrek-lapszemle | \u00dczleti h\u00edrek az \u00e1ll\u00e1s \u00e9s a munka vil\u00e1g\u00e1b\u00f3l","og:type":"article","og:title":"V\u00e1llalkoz\u00f3v\u00e1 v\u00e1lni \u2013 seg\u00edts\u00e9g a kezd\u0151knek | AllasOrias.hu | H\u00edrek-lapszemle","og:description":"Nagy az \u00e9rdekl\u0151d\u00e9s a v\u00e1llalkoz\u00e1sokat seg\u00edt\u0151 programok ir\u00e1nt. N\u00e9pszer\u0171ek az \u0151sszel ind\u00edtott, v\u00e1llalkoz\u00f3v\u00e1 v\u00e1l\u00e1st seg\u00edt\u0151 programok, eddig t\u00f6bb mint 11 ezren jelentkeztek. A 30 \u00e9v alatti fiatalok orsz\u00e1gszerte, a 30 \u00e9v feletti \u00e1ll\u00e1skeres\u0151k pedig Pest megy\u00e9ben tov\u00e1bbra is p\u00e1ly\u00e1zhatnak a 4,5 milli\u00f3 forintos t\u00e1mogat\u00e1sra - mondta Bod\u00f3 S\u00e1ndor foglalkoztat\u00e1spolitik\u00e1\u00e9rt felel\u0151s \u00e1llamtitk\u00e1r a Magyar Nemzetnek. Bod\u00f3","og:url":"https:\/\/allasorias.hu\/hirek\/vallalkozova-valni-segitseg-a-kezdoknek\/","og:image":"https:\/\/allasorias.hu\/hirek\/wp-content\/uploads\/2019\/12\/handshake-2056023_640.jpg","og:image:secure_url":"https:\/\/allasorias.hu\/hirek\/wp-content\/uploads\/2019\/12\/handshake-2056023_640.jpg","og:image:width":640,"og:image:height":425,"article:published_time":"2019-12-09T09:01:14+00:00","article:modified_time":"2019-12-09T09:01:14+00:00","article:publisher":"https:\/\/www.facebook.com\/allasorias","twitter:card":"summary_large_image","twitter:title":"V\u00e1llalkoz\u00f3v\u00e1 v\u00e1lni \u2013 seg\u00edts\u00e9g a kezd\u0151knek | AllasOrias.hu | H\u00edrek-lapszemle","twitter:description":"Nagy az \u00e9rdekl\u0151d\u00e9s a v\u00e1llalkoz\u00e1sokat seg\u00edt\u0151 programok ir\u00e1nt. N\u00e9pszer\u0171ek az \u0151sszel ind\u00edtott, v\u00e1llalkoz\u00f3v\u00e1 v\u00e1l\u00e1st seg\u00edt\u0151 programok, eddig t\u00f6bb mint 11 ezren jelentkeztek. A 30 \u00e9v alatti fiatalok orsz\u00e1gszerte, a 30 \u00e9v feletti \u00e1ll\u00e1skeres\u0151k pedig Pest megy\u00e9ben tov\u00e1bbra is p\u00e1ly\u00e1zhatnak a 4,5 milli\u00f3 forintos t\u00e1mogat\u00e1sra - mondta Bod\u00f3 S\u00e1ndor foglalkoztat\u00e1spolitik\u00e1\u00e9rt felel\u0151s \u00e1llamtitk\u00e1r a Magyar Nemzetnek. Bod\u00f3","twitter:image":"https:\/\/allasorias.hu\/hirek\/wp-content\/uploads\/2019\/12\/handshake-2056023_640.jpg","twitter:label1":"Written by","twitter:data1":"Juh\u00e1sz P\u00e9ter","twitter:label2":"Est. reading time","twitter:data2":"2 minutes"},"aioseo_meta_data":{"post_id":"3575","title":null,"description":null,"keywords":null,"keyphrases":null,"primary_term":null,"canonical_url":null,"og_title":null,"og_description":null,"og_object_type":"default","og_image_type":"default","og_image_url":null,"og_image_width":null,"og_image_height":null,"og_image_custom_url":null,"og_image_custom_fields":null,"og_video":null,"og_custom_url":null,"og_article_section":null,"og_article_tags":null,"twitter_use_og":false,"twitter_card":"default","twitter_image_type":"default","twitter_image_url":null,"twitter_image_custom_url":null,"twitter_image_custom_fields":null,"twitter_title":null,"twitter_description":null,"schema":{"blockGraphs":[],"customGraphs":[],"default":{"data":{"Article":[],"Course":[],"Dataset":[],"FAQPage":[],"Movie":[],"Person":[],"Product":[],"ProductReview":[],"Car":[],"Recipe":[],"Service":[],"SoftwareApplication":[],"WebPage":[]},"graphName":"","isEnabled":true},"graphs":[],"defaultGraph":"","defaultPostTypeGraph":""},"schema_type":null,"schema_type_options":null,"pillar_content":false,"robots_default":true,"robots_noindex":false,"robots_noarchive":false,"robots_nosnippet":false,"robots_nofollow":false,"robots_noimageindex":false,"robots_noodp":false,"robots_notranslate":false,"robots_max_snippet":null,"robots_max_videopreview":null,"robots_max_imagepreview":"large","priority":null,"frequency":null,"location":null,"local_seo":null,"breadcrumb_settings":null,"limit_modified_date":false,"ai":null,"created":"2021-02-01 22:54:09","updated":"2025-10-02 12:25:43","seo_analyzer_scan_date":null,"focus_keyword":null,"additional_keywords":null,"truseo_locale":null},"aioseo_breadcrumb":"<div class=\"aioseo-breadcrumbs\"><span class=\"aioseo-breadcrumb\">\n\t\t\t<a href=\"https:\/\/allasorias.hu\/hirek\" title=\"Home\">Home<\/a>\n\t\t<\/span><span class=\"aioseo-breadcrumb-separator\">&raquo;<\/span><span class=\"aioseo-breadcrumb\">\n\t\t\t<a href=\"https:\/\/allasorias.hu\/hirek\/temak\/gazdasag\/\" title=\"Gazdas\u00e1g\">Gazdas\u00e1g<\/a>\n\t\t<\/span><span class=\"aioseo-breadcrumb-separator\">&raquo;<\/span><span class=\"aioseo-breadcrumb\">\n\t\t\tV\u00e1llalkoz\u00f3v\u00e1 v\u00e1lni \u2013 seg\u00edts\u00e9g a kezd\u0151knek\n\t\t<\/span><\/div>","aioseo_breadcrumb_json":[{"label":"Home","link":"https:\/\/allasorias.hu\/hirek"},{"label":"Gazdas\u00e1g","link":"https:\/\/allasorias.hu\/hirek\/temak\/gazdasag\/"},{"label":"V\u00e1llalkoz\u00f3v\u00e1 v\u00e1lni \u2013 seg\u00edts\u00e9g a kezd\u0151knek","link":"https:\/\/allasorias.hu\/hirek\/vallalkozova-valni-segitseg-a-kezdoknek\/"}],"_links":{"self":[{"href":"https:\/\/allasorias.hu\/hirek\/wp-json\/wp\/v2\/posts\/3575","targetHints":{"allow":["GET"]}}],"collection":[{"href":"https:\/\/allasorias.hu\/hirek\/wp-json\/wp\/v2\/posts"}],"about":[{"href":"https:\/\/allasorias.hu\/hirek\/wp-json\/wp\/v2\/types\/post"}],"author":[{"embeddable":true,"href":"https:\/\/allasorias.hu\/hirek\/wp-json\/wp\/v2\/users\/1"}],"replies":[{"embeddable":true,"href":"https:\/\/allasorias.hu\/hirek\/wp-json\/wp\/v2\/comments?post=3575"}],"version-history":[{"count":1,"href":"https:\/\/allasorias.hu\/hirek\/wp-json\/wp\/v2\/posts\/3575\/revisions"}],"predecessor-version":[{"id":3577,"href":"https:\/\/allasorias.hu\/hirek\/wp-json\/wp\/v2\/posts\/3575\/revisions\/3577"}],"wp:featuredmedia":[{"embeddable":true,"href":"https:\/\/allasorias.hu\/hirek\/wp-json\/wp\/v2\/media\/3576"}],"wp:attachment":[{"href":"https:\/\/allasorias.hu\/hirek\/wp-json\/wp\/v2\/media?parent=3575"}],"wp:term":[{"taxonomy":"category","embeddable":true,"href":"https:\/\/allasorias.hu\/hirek\/wp-json\/wp\/v2\/categories?post=3575"},{"taxonomy":"post_tag","embeddable":true,"href":"https:\/\/allasorias.hu\/hirek\/wp-json\/wp\/v2\/tags?post=3575"}],"curies":[{"name":"wp","href":"https:\/\/api.w.org\/{rel}","templated":true}]}}