{"id":3571,"date":"2019-12-06T09:19:46","date_gmt":"2019-12-06T09:19:46","guid":{"rendered":"https:\/\/allasorias.hu\/hirek\/?p=3571"},"modified":"2019-12-06T09:19:46","modified_gmt":"2019-12-06T09:19:46","slug":"dolgozni-kisgyermek-mellett-szukseges-a-tamogato-munkahely","status":"publish","type":"post","link":"https:\/\/allasorias.hu\/hirek\/dolgozni-kisgyermek-mellett-szukseges-a-tamogato-munkahely\/","title":{"rendered":"Dolgozni kisgyermek mellett \u2013 sz\u00fcks\u00e9ges a t\u00e1mogat\u00f3 munkahely"},"content":{"rendered":"<p><strong>A r\u00e9gi\u00f3 piacvezet\u0151 HR szolg\u00e1ltat\u00f3ja szerint a jelenlegi feszes munkaer\u0151-piaci helyzetben \u00e9rdemes minden mozg\u00f3s\u00edthat\u00f3 foglalkoztat\u00e1si csoportot megsz\u00f3l\u00edtania a munk\u00e1ltat\u00f3knak. T\u00f6bbek k\u00f6z\u00f6tt a kisgyermekes \u00e9desany\u00e1kat is. Juh\u00e1sz Csongor, a Prohuman \u00fcgyvezet\u0151 igazgat\u00f3ja szerint a kismam\u00e1k bevon\u00e1s\u00e1ra, megtart\u00e1s\u00e1ra holisztikus szeml\u00e9letm\u00f3dra van sz\u00fcks\u00e9g, csal\u00e1dbar\u00e1t, mindk\u00e9t sz\u00fcl\u0151nek kedvez\u0151 c\u00e9ges HR politik\u00e1ra \u00e9s t\u00e1mogat\u00f3 munkahelyi k\u00f6rnyezetre.<\/strong><\/p>\n<p>Sz\u00e1mos \u00faj kutat\u00e1s szerint a munkav\u00e1llal\u00f3k oldal\u00e1r\u00f3l a rugalmass\u00e1g az egyik legfontosabb elv\u00e1r\u00e1s a munk\u00e1ltat\u00f3val szemben. A c\u00e9gek pedig \u2013 f\u00fcggetlen\u00fcl att\u00f3l, hogy fizikai vagy ink\u00e1bb irodai, szellemi munk\u00e1r\u00f3l van sz\u00f3 \u2013 sokat fejl\u0151dtek e t\u00e9ren. A nagyfok\u00fa digitaliz\u00e1ci\u00f3 miatt sz\u00e1mos munkak\u00f6rben adottak a felt\u00e9telek ahhoz, hogy ak\u00e1r otthonr\u00f3l, rugalmas beoszt\u00e1sban dolgozzanak a koll\u00e9g\u00e1k. Ez az \u00e1talakul\u00f3 k\u00f6zeg a kisgyermekes \u00e9desany\u00e1knak is kedvez, akiket egyre t\u00f6bb munkav\u00e1llal\u00f3 igyekszik bevonni, \u00fajb\u00f3l visszacs\u00e1b\u00edtani a munka vil\u00e1g\u00e1ba. Juh\u00e1sz Csongor, az \u00e9ves szinten t\u00f6bb, mint 17 ezer k\u00f6zvet\u00edtett munkav\u00e1llal\u00f3t foglalkoztat\u00f3 Prohuman \u00fcgyvezet\u0151 igazgat\u00f3ja szerint sz\u00e1mos el\u0151nnyel j\u00e1r, ha egy v\u00e1llalat \u00fagy d\u00f6nt, m\u00e9g akt\u00edvabban nyit a gyermekv\u00e1llal\u00e1s ut\u00e1ni visszat\u00e9r\u00e9st fontolgat\u00f3 any\u00e1k fel\u00e9. \u201eTapasztalataink szerint a legt\u00f6bb kisgyermekes \u00e9desany\u00e1nak kiv\u00e1l\u00f3 az id\u0151menedzsment k\u00e9szs\u00e9ge. Jobban tervezik \u00e9s osztj\u00e1k be az idej\u00fcket, mint m\u00e1sok \u2013 mutat r\u00e1 Juh\u00e1sz Csongor. \u2013 Nyilv\u00e1nval\u00f3 oka mindennek, hogy a kisgyermekkel egy\u00fctt j\u00e1r\u00f3 feladatok miatt fontos a prec\u00edz id\u0151beoszt\u00e1s. Ebben az \u00e9lethelyzetben pedig sokat seg\u00edthet a rugalmas munkaid\u0151 \u00e9s az otthoni munkav\u00e9gz\u00e9s lehet\u0151s\u00e9ge.\u00a0 Mi azt l\u00e1tjuk, hogy n\u00e9mi flexibilit\u00e1s\u00e9rt \u201ecser\u00e9be\u201d a kisgyermekes anyuk\u00e1k sok esetben egyenesen keresik a kih\u00edv\u00e1st, \u00e9s nagy lelkesed\u00e9ssel t\u00e9rnek vissza a munka vil\u00e1g\u00e1ba a gyermekkel otthon t\u00f6lt\u00f6tt h\u00f3napok, \u00e9vek ut\u00e1n.\u201d A szakember hozz\u00e1tette: a r\u00e9gi\u00f3 piacvezet\u0151 HR szolg\u00e1ltat\u00f3jak\u00e9nt k\u00f6r\u00fclbel\u00fcl 700 partnerrel dolgoznak egy\u00fctt, k\u00f6zt\u00fck a vil\u00e1g legnagyobb v\u00e1llalataival \u00e9s sz\u00e1mos hazai \u00fcgyf\u00e9llel. \u201eJ\u00f3 h\u00edr, hogy egyre t\u00f6bb pozit\u00edv p\u00e9ld\u00e1val tal\u00e1lkozunk. Vannak kimondottan a gyermekv\u00e1llal\u00e1s ut\u00e1ni visszat\u00e9r\u00e9st seg\u00edt\u0151 kezdem\u00e9nyez\u00e9sek \u00e9s olyan programok, amelyek azt c\u00e9lozz\u00e1k, hogy az otthon t\u00f6lt\u00f6tt id\u0151 alatt se szakadjon ki teljesen a sz\u00fcl\u0151 a v\u00e1llalati v\u00e9rkering\u00e9sb\u0151l. Sz\u00e1mos olyan visszajelz\u00e9st kapunk, hogy seg\u00edts\u00e9get jelent az is, ha a munkahelyi k\u00f6rnyezet csal\u00e1dbar\u00e1t szempontok alapj\u00e1n ker\u00fcl kialak\u00edt\u00e1sra.\u201d \u2013 foglalta \u00f6ssze. A Prohum\u00e1n sz\u00e1mos partner\u00e9n\u00e9l van baba-mama szoba, hogy az \u00e9desanya nyugodt k\u00f6r\u00fclm\u00e9nyek k\u00f6z\u00f6tt t\u00f6lthessen el egy kis id\u0151t a gyermek\u00e9vel a munkahely\u00e9n. Gyakoriak a gyermekbar\u00e1t c\u00e9ges rendezv\u00e9nyek, ahol anim\u00e1tor seg\u00edts\u00e9g\u00e9vel, gyereksarokban foglalj\u00e1k le a gyerekeket, hogy a sz\u00fcl\u0151knek se kelljen lemaradniuk a v\u00e1llalati \u00f6sszej\u00f6vetelr\u0151l.<\/p>\n<p>Forr\u00e1s: profitline.hu<\/p>\n","protected":false},"excerpt":{"rendered":"<p>A r\u00e9gi\u00f3 piacvezet\u0151 HR szolg\u00e1ltat\u00f3ja szerint a jelenlegi feszes munkaer\u0151-piaci helyzetben \u00e9rdemes minden mozg\u00f3s\u00edthat\u00f3 foglalkoztat\u00e1si csoportot megsz\u00f3l\u00edtania a munk\u00e1ltat\u00f3knak. T\u00f6bbek k\u00f6z\u00f6tt a kisgyermekes \u00e9desany\u00e1kat is. Juh\u00e1sz Csongor, a Prohuman \u00fcgyvezet\u0151 igazgat\u00f3ja szerint a kismam\u00e1k bevon\u00e1s\u00e1ra, megtart\u00e1s\u00e1ra holisztikus szeml\u00e9letm\u00f3dra van sz\u00fcks\u00e9g, csal\u00e1dbar\u00e1t, mindk\u00e9t sz\u00fcl\u0151nek kedvez\u0151 c\u00e9ges HR politik\u00e1ra \u00e9s t\u00e1mogat\u00f3 munkahelyi k\u00f6rnyezetre. Sz\u00e1mos \u00faj kutat\u00e1s szerint [&hellip;]<\/p>\n","protected":false},"author":1,"featured_media":2254,"comment_status":"open","ping_status":"open","sticky":false,"template":"","format":"standard","meta":{"_monsterinsights_skip_tracking":false,"footnotes":""},"categories":[200],"tags":[],"class_list":["post-3571","post","type-post","status-publish","format-standard","has-post-thumbnail","hentry","category-munkaeropiac"],"aioseo_notices":[],"aioseo_head":"\n\t\t<!-- All in One SEO 5.0.0.1 - aioseo.com -->\n\t<meta name=\"description\" content=\"A r\u00e9gi\u00f3 piacvezet\u0151 HR szolg\u00e1ltat\u00f3ja szerint a jelenlegi feszes munkaer\u0151-piaci helyzetben \u00e9rdemes minden mozg\u00f3s\u00edthat\u00f3 foglalkoztat\u00e1si csoportot megsz\u00f3l\u00edtania a munk\u00e1ltat\u00f3knak. T\u00f6bbek k\u00f6z\u00f6tt a kisgyermekes \u00e9desany\u00e1kat is. Juh\u00e1sz Csongor, a Prohuman \u00fcgyvezet\u0151 igazgat\u00f3ja szerint a kismam\u00e1k bevon\u00e1s\u00e1ra, megtart\u00e1s\u00e1ra holisztikus szeml\u00e9letm\u00f3dra van sz\u00fcks\u00e9g, csal\u00e1dbar\u00e1t, mindk\u00e9t sz\u00fcl\u0151nek kedvez\u0151 c\u00e9ges HR politik\u00e1ra \u00e9s t\u00e1mogat\u00f3 munkahelyi k\u00f6rnyezetre. Sz\u00e1mos \u00faj kutat\u00e1s szerint\" \/>\n\t<meta name=\"robots\" content=\"max-image-preview:large\" \/>\n\t<meta name=\"author\" content=\"Juh\u00e1sz P\u00e9ter\"\/>\n\t<link rel=\"canonical\" href=\"https:\/\/allasorias.hu\/hirek\/dolgozni-kisgyermek-mellett-szukseges-a-tamogato-munkahely\/\" \/>\n\t<meta name=\"generator\" content=\"All in One SEO (AIOSEO) 5.0.0.1\" \/>\n\t\t<meta property=\"og:locale\" content=\"hu_HU\" \/>\n\t\t<meta property=\"og:site_name\" content=\"AllasOrias.hu | H\u00edrek-lapszemle | \u00dczleti h\u00edrek az \u00e1ll\u00e1s \u00e9s a munka vil\u00e1g\u00e1b\u00f3l\" \/>\n\t\t<meta property=\"og:type\" content=\"article\" \/>\n\t\t<meta property=\"og:title\" content=\"Dolgozni kisgyermek mellett \u2013 sz\u00fcks\u00e9ges a t\u00e1mogat\u00f3 munkahely | AllasOrias.hu | H\u00edrek-lapszemle\" \/>\n\t\t<meta property=\"og:description\" content=\"A r\u00e9gi\u00f3 piacvezet\u0151 HR szolg\u00e1ltat\u00f3ja szerint a jelenlegi feszes munkaer\u0151-piaci helyzetben \u00e9rdemes minden mozg\u00f3s\u00edthat\u00f3 foglalkoztat\u00e1si csoportot megsz\u00f3l\u00edtania a munk\u00e1ltat\u00f3knak. T\u00f6bbek k\u00f6z\u00f6tt a kisgyermekes \u00e9desany\u00e1kat is. Juh\u00e1sz Csongor, a Prohuman \u00fcgyvezet\u0151 igazgat\u00f3ja szerint a kismam\u00e1k bevon\u00e1s\u00e1ra, megtart\u00e1s\u00e1ra holisztikus szeml\u00e9letm\u00f3dra van sz\u00fcks\u00e9g, csal\u00e1dbar\u00e1t, mindk\u00e9t sz\u00fcl\u0151nek kedvez\u0151 c\u00e9ges HR politik\u00e1ra \u00e9s t\u00e1mogat\u00f3 munkahelyi k\u00f6rnyezetre. Sz\u00e1mos \u00faj kutat\u00e1s szerint\" \/>\n\t\t<meta property=\"og:url\" content=\"https:\/\/allasorias.hu\/hirek\/dolgozni-kisgyermek-mellett-szukseges-a-tamogato-munkahely\/\" \/>\n\t\t<meta property=\"og:image\" content=\"https:\/\/allasorias.hu\/hirek\/wp-content\/uploads\/2018\/12\/happiness-987394_640.jpg\" \/>\n\t\t<meta property=\"og:image:secure_url\" content=\"https:\/\/allasorias.hu\/hirek\/wp-content\/uploads\/2018\/12\/happiness-987394_640.jpg\" \/>\n\t\t<meta property=\"og:image:width\" content=\"640\" \/>\n\t\t<meta property=\"og:image:height\" content=\"426\" \/>\n\t\t<meta property=\"article:published_time\" content=\"2019-12-06T09:19:46+00:00\" \/>\n\t\t<meta property=\"article:modified_time\" content=\"2019-12-06T09:19:46+00:00\" \/>\n\t\t<meta property=\"article:publisher\" content=\"https:\/\/www.facebook.com\/allasorias\" \/>\n\t\t<meta name=\"twitter:card\" content=\"summary_large_image\" \/>\n\t\t<meta name=\"twitter:title\" content=\"Dolgozni kisgyermek mellett \u2013 sz\u00fcks\u00e9ges a t\u00e1mogat\u00f3 munkahely | AllasOrias.hu | H\u00edrek-lapszemle\" \/>\n\t\t<meta name=\"twitter:description\" content=\"A r\u00e9gi\u00f3 piacvezet\u0151 HR szolg\u00e1ltat\u00f3ja szerint a jelenlegi feszes munkaer\u0151-piaci helyzetben \u00e9rdemes minden mozg\u00f3s\u00edthat\u00f3 foglalkoztat\u00e1si csoportot megsz\u00f3l\u00edtania a munk\u00e1ltat\u00f3knak. T\u00f6bbek k\u00f6z\u00f6tt a kisgyermekes \u00e9desany\u00e1kat is. Juh\u00e1sz Csongor, a Prohuman \u00fcgyvezet\u0151 igazgat\u00f3ja szerint a kismam\u00e1k bevon\u00e1s\u00e1ra, megtart\u00e1s\u00e1ra holisztikus szeml\u00e9letm\u00f3dra van sz\u00fcks\u00e9g, csal\u00e1dbar\u00e1t, mindk\u00e9t sz\u00fcl\u0151nek kedvez\u0151 c\u00e9ges HR politik\u00e1ra \u00e9s t\u00e1mogat\u00f3 munkahelyi k\u00f6rnyezetre. Sz\u00e1mos \u00faj kutat\u00e1s szerint\" \/>\n\t\t<meta name=\"twitter:image\" content=\"https:\/\/allasorias.hu\/hirek\/wp-content\/uploads\/2018\/12\/happiness-987394_640.jpg\" \/>\n\t\t<meta name=\"twitter:label1\" content=\"Written by\" \/>\n\t\t<meta name=\"twitter:data1\" content=\"Juh\u00e1sz P\u00e9ter\" \/>\n\t\t<meta name=\"twitter:label2\" content=\"Est. reading time\" \/>\n\t\t<meta name=\"twitter:data2\" content=\"3 minutes\" \/>\n\t\t<script type=\"application\/ld+json\" class=\"aioseo-schema\">\n\t\t\t{\"@context\":\"https:\\\/\\\/schema.org\",\"@graph\":[{\"@type\":\"Article\",\"@id\":\"https:\\\/\\\/allasorias.hu\\\/hirek\\\/dolgozni-kisgyermek-mellett-szukseges-a-tamogato-munkahely\\\/#article\",\"name\":\"Dolgozni kisgyermek mellett \\u2013 sz\\u00fcks\\u00e9ges a t\\u00e1mogat\\u00f3 munkahely | AllasOrias.hu | H\\u00edrek-lapszemle\",\"headline\":\"Dolgozni kisgyermek mellett \\u2013 sz\\u00fcks\\u00e9ges a t\\u00e1mogat\\u00f3 munkahely\",\"author\":{\"@id\":\"https:\\\/\\\/allasorias.hu\\\/hirek\\\/author\\\/admin-allasorias\\\/#author\"},\"publisher\":{\"@id\":\"https:\\\/\\\/allasorias.hu\\\/hirek\\\/#organization\"},\"image\":{\"@type\":\"ImageObject\",\"url\":\"https:\\\/\\\/allasorias.hu\\\/hirek\\\/wp-content\\\/uploads\\\/2018\\\/12\\\/happiness-987394_640.jpg\",\"width\":640,\"height\":426},\"datePublished\":\"2019-12-06T09:19:46+02:00\",\"dateModified\":\"2019-12-06T09:19:46+02:00\",\"inLanguage\":\"hu-HU\",\"mainEntityOfPage\":{\"@id\":\"https:\\\/\\\/allasorias.hu\\\/hirek\\\/dolgozni-kisgyermek-mellett-szukseges-a-tamogato-munkahely\\\/#webpage\"},\"isPartOf\":{\"@id\":\"https:\\\/\\\/allasorias.hu\\\/hirek\\\/dolgozni-kisgyermek-mellett-szukseges-a-tamogato-munkahely\\\/#webpage\"},\"articleSection\":\"Munkaer\\u0151piac\"},{\"@type\":\"BreadcrumbList\",\"@id\":\"https:\\\/\\\/allasorias.hu\\\/hirek\\\/dolgozni-kisgyermek-mellett-szukseges-a-tamogato-munkahely\\\/#breadcrumblist\",\"itemListElement\":[{\"@type\":\"ListItem\",\"@id\":\"https:\\\/\\\/allasorias.hu\\\/hirek#listItem\",\"position\":1,\"name\":\"Home\",\"item\":\"https:\\\/\\\/allasorias.hu\\\/hirek\",\"nextItem\":{\"@type\":\"ListItem\",\"@id\":\"https:\\\/\\\/allasorias.hu\\\/hirek\\\/temak\\\/munkaeropiac\\\/#listItem\",\"name\":\"Munkaer\\u0151piac\"}},{\"@type\":\"ListItem\",\"@id\":\"https:\\\/\\\/allasorias.hu\\\/hirek\\\/temak\\\/munkaeropiac\\\/#listItem\",\"position\":2,\"name\":\"Munkaer\\u0151piac\",\"item\":\"https:\\\/\\\/allasorias.hu\\\/hirek\\\/temak\\\/munkaeropiac\\\/\",\"nextItem\":{\"@type\":\"ListItem\",\"@id\":\"https:\\\/\\\/allasorias.hu\\\/hirek\\\/dolgozni-kisgyermek-mellett-szukseges-a-tamogato-munkahely\\\/#listItem\",\"name\":\"Dolgozni kisgyermek mellett \\u2013 sz\\u00fcks\\u00e9ges a t\\u00e1mogat\\u00f3 munkahely\"},\"previousItem\":{\"@type\":\"ListItem\",\"@id\":\"https:\\\/\\\/allasorias.hu\\\/hirek#listItem\",\"name\":\"Home\"}},{\"@type\":\"ListItem\",\"@id\":\"https:\\\/\\\/allasorias.hu\\\/hirek\\\/dolgozni-kisgyermek-mellett-szukseges-a-tamogato-munkahely\\\/#listItem\",\"position\":3,\"name\":\"Dolgozni kisgyermek mellett \\u2013 sz\\u00fcks\\u00e9ges a t\\u00e1mogat\\u00f3 munkahely\",\"previousItem\":{\"@type\":\"ListItem\",\"@id\":\"https:\\\/\\\/allasorias.hu\\\/hirek\\\/temak\\\/munkaeropiac\\\/#listItem\",\"name\":\"Munkaer\\u0151piac\"}}]},{\"@type\":\"Organization\",\"@id\":\"https:\\\/\\\/allasorias.hu\\\/hirek\\\/#organization\",\"name\":\"AllasOrias.hu | H\\u00edrek-lapszemle\",\"description\":\"\\u00dczleti h\\u00edrek az \\u00e1ll\\u00e1s \\u00e9s a munka vil\\u00e1g\\u00e1b\\u00f3l\",\"url\":\"https:\\\/\\\/allasorias.hu\\\/hirek\\\/\",\"logo\":{\"@type\":\"ImageObject\",\"url\":\"https:\\\/\\\/allasorias.hu\\\/hirek\\\/wp-content\\\/uploads\\\/2022\\\/10\\\/allasorias_site_facebok_logo.png\",\"@id\":\"https:\\\/\\\/allasorias.hu\\\/hirek\\\/dolgozni-kisgyermek-mellett-szukseges-a-tamogato-munkahely\\\/#organizationLogo\"},\"image\":{\"@id\":\"https:\\\/\\\/allasorias.hu\\\/hirek\\\/dolgozni-kisgyermek-mellett-szukseges-a-tamogato-munkahely\\\/#organizationLogo\"},\"sameAs\":[\"https:\\\/\\\/www.facebook.com\\\/allasorias\",\"https:\\\/\\\/www.linkedin.com\\\/company\\\/allasorias\"]},{\"@type\":\"Person\",\"@id\":\"https:\\\/\\\/allasorias.hu\\\/hirek\\\/author\\\/admin-allasorias\\\/#author\",\"url\":\"https:\\\/\\\/allasorias.hu\\\/hirek\\\/author\\\/admin-allasorias\\\/\",\"name\":\"Juh\\u00e1sz P\\u00e9ter\",\"image\":{\"@type\":\"ImageObject\",\"@id\":\"https:\\\/\\\/allasorias.hu\\\/hirek\\\/dolgozni-kisgyermek-mellett-szukseges-a-tamogato-munkahely\\\/#authorImage\",\"url\":\"https:\\\/\\\/secure.gravatar.com\\\/avatar\\\/36e6bcb83148978b992977cb0f54d22feb0cce8a0a849a9410532bb2623ba4c6?s=96&d=mm&r=g\",\"width\":96,\"height\":96,\"caption\":\"Juh\\u00e1sz P\\u00e9ter\"}},{\"@type\":\"WebPage\",\"@id\":\"https:\\\/\\\/allasorias.hu\\\/hirek\\\/dolgozni-kisgyermek-mellett-szukseges-a-tamogato-munkahely\\\/#webpage\",\"url\":\"https:\\\/\\\/allasorias.hu\\\/hirek\\\/dolgozni-kisgyermek-mellett-szukseges-a-tamogato-munkahely\\\/\",\"name\":\"Dolgozni kisgyermek mellett \\u2013 sz\\u00fcks\\u00e9ges a t\\u00e1mogat\\u00f3 munkahely | AllasOrias.hu | H\\u00edrek-lapszemle\",\"description\":\"A r\\u00e9gi\\u00f3 piacvezet\\u0151 HR szolg\\u00e1ltat\\u00f3ja szerint a jelenlegi feszes munkaer\\u0151-piaci helyzetben \\u00e9rdemes minden mozg\\u00f3s\\u00edthat\\u00f3 foglalkoztat\\u00e1si csoportot megsz\\u00f3l\\u00edtania a munk\\u00e1ltat\\u00f3knak. T\\u00f6bbek k\\u00f6z\\u00f6tt a kisgyermekes \\u00e9desany\\u00e1kat is. Juh\\u00e1sz Csongor, a Prohuman \\u00fcgyvezet\\u0151 igazgat\\u00f3ja szerint a kismam\\u00e1k bevon\\u00e1s\\u00e1ra, megtart\\u00e1s\\u00e1ra holisztikus szeml\\u00e9letm\\u00f3dra van sz\\u00fcks\\u00e9g, csal\\u00e1dbar\\u00e1t, mindk\\u00e9t sz\\u00fcl\\u0151nek kedvez\\u0151 c\\u00e9ges HR politik\\u00e1ra \\u00e9s t\\u00e1mogat\\u00f3 munkahelyi k\\u00f6rnyezetre. Sz\\u00e1mos \\u00faj kutat\\u00e1s szerint\",\"inLanguage\":\"hu-HU\",\"isPartOf\":{\"@id\":\"https:\\\/\\\/allasorias.hu\\\/hirek\\\/#website\"},\"breadcrumb\":{\"@id\":\"https:\\\/\\\/allasorias.hu\\\/hirek\\\/dolgozni-kisgyermek-mellett-szukseges-a-tamogato-munkahely\\\/#breadcrumblist\"},\"author\":{\"@id\":\"https:\\\/\\\/allasorias.hu\\\/hirek\\\/author\\\/admin-allasorias\\\/#author\"},\"creator\":{\"@id\":\"https:\\\/\\\/allasorias.hu\\\/hirek\\\/author\\\/admin-allasorias\\\/#author\"},\"image\":{\"@type\":\"ImageObject\",\"url\":\"https:\\\/\\\/allasorias.hu\\\/hirek\\\/wp-content\\\/uploads\\\/2018\\\/12\\\/happiness-987394_640.jpg\",\"@id\":\"https:\\\/\\\/allasorias.hu\\\/hirek\\\/dolgozni-kisgyermek-mellett-szukseges-a-tamogato-munkahely\\\/#mainImage\",\"width\":640,\"height\":426},\"primaryImageOfPage\":{\"@id\":\"https:\\\/\\\/allasorias.hu\\\/hirek\\\/dolgozni-kisgyermek-mellett-szukseges-a-tamogato-munkahely\\\/#mainImage\"},\"datePublished\":\"2019-12-06T09:19:46+02:00\",\"dateModified\":\"2019-12-06T09:19:46+02:00\"},{\"@type\":\"WebSite\",\"@id\":\"https:\\\/\\\/allasorias.hu\\\/hirek\\\/#website\",\"url\":\"https:\\\/\\\/allasorias.hu\\\/hirek\\\/\",\"name\":\"AllasOrias.hu | H\\u00edrek-lapszemle\",\"description\":\"\\u00dczleti h\\u00edrek az \\u00e1ll\\u00e1s \\u00e9s a munka vil\\u00e1g\\u00e1b\\u00f3l\",\"inLanguage\":\"hu-HU\",\"publisher\":{\"@id\":\"https:\\\/\\\/allasorias.hu\\\/hirek\\\/#organization\"}}]}\n\t\t<\/script>\n\t\t<!-- All in One SEO -->\n\n","aioseo_head_json":{"title":"Dolgozni kisgyermek mellett \u2013 sz\u00fcks\u00e9ges a t\u00e1mogat\u00f3 munkahely | AllasOrias.hu | H\u00edrek-lapszemle","description":"A r\u00e9gi\u00f3 piacvezet\u0151 HR szolg\u00e1ltat\u00f3ja szerint a jelenlegi feszes munkaer\u0151-piaci helyzetben \u00e9rdemes minden mozg\u00f3s\u00edthat\u00f3 foglalkoztat\u00e1si csoportot megsz\u00f3l\u00edtania a munk\u00e1ltat\u00f3knak. T\u00f6bbek k\u00f6z\u00f6tt a kisgyermekes \u00e9desany\u00e1kat is. Juh\u00e1sz Csongor, a Prohuman \u00fcgyvezet\u0151 igazgat\u00f3ja szerint a kismam\u00e1k bevon\u00e1s\u00e1ra, megtart\u00e1s\u00e1ra holisztikus szeml\u00e9letm\u00f3dra van sz\u00fcks\u00e9g, csal\u00e1dbar\u00e1t, mindk\u00e9t sz\u00fcl\u0151nek kedvez\u0151 c\u00e9ges HR politik\u00e1ra \u00e9s t\u00e1mogat\u00f3 munkahelyi k\u00f6rnyezetre. Sz\u00e1mos \u00faj kutat\u00e1s szerint","canonical_url":"https:\/\/allasorias.hu\/hirek\/dolgozni-kisgyermek-mellett-szukseges-a-tamogato-munkahely\/","robots":"max-image-preview:large","keywords":"","webmasterTools":{"miscellaneous":""},"schema":{"@context":"https:\/\/schema.org","@graph":[{"@type":"Article","@id":"https:\/\/allasorias.hu\/hirek\/dolgozni-kisgyermek-mellett-szukseges-a-tamogato-munkahely\/#article","name":"Dolgozni kisgyermek mellett \u2013 sz\u00fcks\u00e9ges a t\u00e1mogat\u00f3 munkahely | AllasOrias.hu | H\u00edrek-lapszemle","headline":"Dolgozni kisgyermek mellett \u2013 sz\u00fcks\u00e9ges a t\u00e1mogat\u00f3 munkahely","author":{"@id":"https:\/\/allasorias.hu\/hirek\/author\/admin-allasorias\/#author"},"publisher":{"@id":"https:\/\/allasorias.hu\/hirek\/#organization"},"image":{"@type":"ImageObject","url":"https:\/\/allasorias.hu\/hirek\/wp-content\/uploads\/2018\/12\/happiness-987394_640.jpg","width":640,"height":426},"datePublished":"2019-12-06T09:19:46+02:00","dateModified":"2019-12-06T09:19:46+02:00","inLanguage":"hu-HU","mainEntityOfPage":{"@id":"https:\/\/allasorias.hu\/hirek\/dolgozni-kisgyermek-mellett-szukseges-a-tamogato-munkahely\/#webpage"},"isPartOf":{"@id":"https:\/\/allasorias.hu\/hirek\/dolgozni-kisgyermek-mellett-szukseges-a-tamogato-munkahely\/#webpage"},"articleSection":"Munkaer\u0151piac"},{"@type":"BreadcrumbList","@id":"https:\/\/allasorias.hu\/hirek\/dolgozni-kisgyermek-mellett-szukseges-a-tamogato-munkahely\/#breadcrumblist","itemListElement":[{"@type":"ListItem","@id":"https:\/\/allasorias.hu\/hirek#listItem","position":1,"name":"Home","item":"https:\/\/allasorias.hu\/hirek","nextItem":{"@type":"ListItem","@id":"https:\/\/allasorias.hu\/hirek\/temak\/munkaeropiac\/#listItem","name":"Munkaer\u0151piac"}},{"@type":"ListItem","@id":"https:\/\/allasorias.hu\/hirek\/temak\/munkaeropiac\/#listItem","position":2,"name":"Munkaer\u0151piac","item":"https:\/\/allasorias.hu\/hirek\/temak\/munkaeropiac\/","nextItem":{"@type":"ListItem","@id":"https:\/\/allasorias.hu\/hirek\/dolgozni-kisgyermek-mellett-szukseges-a-tamogato-munkahely\/#listItem","name":"Dolgozni kisgyermek mellett \u2013 sz\u00fcks\u00e9ges a t\u00e1mogat\u00f3 munkahely"},"previousItem":{"@type":"ListItem","@id":"https:\/\/allasorias.hu\/hirek#listItem","name":"Home"}},{"@type":"ListItem","@id":"https:\/\/allasorias.hu\/hirek\/dolgozni-kisgyermek-mellett-szukseges-a-tamogato-munkahely\/#listItem","position":3,"name":"Dolgozni kisgyermek mellett \u2013 sz\u00fcks\u00e9ges a t\u00e1mogat\u00f3 munkahely","previousItem":{"@type":"ListItem","@id":"https:\/\/allasorias.hu\/hirek\/temak\/munkaeropiac\/#listItem","name":"Munkaer\u0151piac"}}]},{"@type":"Organization","@id":"https:\/\/allasorias.hu\/hirek\/#organization","name":"AllasOrias.hu | H\u00edrek-lapszemle","description":"\u00dczleti h\u00edrek az \u00e1ll\u00e1s \u00e9s a munka vil\u00e1g\u00e1b\u00f3l","url":"https:\/\/allasorias.hu\/hirek\/","logo":{"@type":"ImageObject","url":"https:\/\/allasorias.hu\/hirek\/wp-content\/uploads\/2022\/10\/allasorias_site_facebok_logo.png","@id":"https:\/\/allasorias.hu\/hirek\/dolgozni-kisgyermek-mellett-szukseges-a-tamogato-munkahely\/#organizationLogo"},"image":{"@id":"https:\/\/allasorias.hu\/hirek\/dolgozni-kisgyermek-mellett-szukseges-a-tamogato-munkahely\/#organizationLogo"},"sameAs":["https:\/\/www.facebook.com\/allasorias","https:\/\/www.linkedin.com\/company\/allasorias"]},{"@type":"Person","@id":"https:\/\/allasorias.hu\/hirek\/author\/admin-allasorias\/#author","url":"https:\/\/allasorias.hu\/hirek\/author\/admin-allasorias\/","name":"Juh\u00e1sz P\u00e9ter","image":{"@type":"ImageObject","@id":"https:\/\/allasorias.hu\/hirek\/dolgozni-kisgyermek-mellett-szukseges-a-tamogato-munkahely\/#authorImage","url":"https:\/\/secure.gravatar.com\/avatar\/36e6bcb83148978b992977cb0f54d22feb0cce8a0a849a9410532bb2623ba4c6?s=96&d=mm&r=g","width":96,"height":96,"caption":"Juh\u00e1sz P\u00e9ter"}},{"@type":"WebPage","@id":"https:\/\/allasorias.hu\/hirek\/dolgozni-kisgyermek-mellett-szukseges-a-tamogato-munkahely\/#webpage","url":"https:\/\/allasorias.hu\/hirek\/dolgozni-kisgyermek-mellett-szukseges-a-tamogato-munkahely\/","name":"Dolgozni kisgyermek mellett \u2013 sz\u00fcks\u00e9ges a t\u00e1mogat\u00f3 munkahely | AllasOrias.hu | H\u00edrek-lapszemle","description":"A r\u00e9gi\u00f3 piacvezet\u0151 HR szolg\u00e1ltat\u00f3ja szerint a jelenlegi feszes munkaer\u0151-piaci helyzetben \u00e9rdemes minden mozg\u00f3s\u00edthat\u00f3 foglalkoztat\u00e1si csoportot megsz\u00f3l\u00edtania a munk\u00e1ltat\u00f3knak. T\u00f6bbek k\u00f6z\u00f6tt a kisgyermekes \u00e9desany\u00e1kat is. Juh\u00e1sz Csongor, a Prohuman \u00fcgyvezet\u0151 igazgat\u00f3ja szerint a kismam\u00e1k bevon\u00e1s\u00e1ra, megtart\u00e1s\u00e1ra holisztikus szeml\u00e9letm\u00f3dra van sz\u00fcks\u00e9g, csal\u00e1dbar\u00e1t, mindk\u00e9t sz\u00fcl\u0151nek kedvez\u0151 c\u00e9ges HR politik\u00e1ra \u00e9s t\u00e1mogat\u00f3 munkahelyi k\u00f6rnyezetre. Sz\u00e1mos \u00faj kutat\u00e1s szerint","inLanguage":"hu-HU","isPartOf":{"@id":"https:\/\/allasorias.hu\/hirek\/#website"},"breadcrumb":{"@id":"https:\/\/allasorias.hu\/hirek\/dolgozni-kisgyermek-mellett-szukseges-a-tamogato-munkahely\/#breadcrumblist"},"author":{"@id":"https:\/\/allasorias.hu\/hirek\/author\/admin-allasorias\/#author"},"creator":{"@id":"https:\/\/allasorias.hu\/hirek\/author\/admin-allasorias\/#author"},"image":{"@type":"ImageObject","url":"https:\/\/allasorias.hu\/hirek\/wp-content\/uploads\/2018\/12\/happiness-987394_640.jpg","@id":"https:\/\/allasorias.hu\/hirek\/dolgozni-kisgyermek-mellett-szukseges-a-tamogato-munkahely\/#mainImage","width":640,"height":426},"primaryImageOfPage":{"@id":"https:\/\/allasorias.hu\/hirek\/dolgozni-kisgyermek-mellett-szukseges-a-tamogato-munkahely\/#mainImage"},"datePublished":"2019-12-06T09:19:46+02:00","dateModified":"2019-12-06T09:19:46+02:00"},{"@type":"WebSite","@id":"https:\/\/allasorias.hu\/hirek\/#website","url":"https:\/\/allasorias.hu\/hirek\/","name":"AllasOrias.hu | H\u00edrek-lapszemle","description":"\u00dczleti h\u00edrek az \u00e1ll\u00e1s \u00e9s a munka vil\u00e1g\u00e1b\u00f3l","inLanguage":"hu-HU","publisher":{"@id":"https:\/\/allasorias.hu\/hirek\/#organization"}}]},"og:locale":"hu_HU","og:site_name":"AllasOrias.hu | H\u00edrek-lapszemle | \u00dczleti h\u00edrek az \u00e1ll\u00e1s \u00e9s a munka vil\u00e1g\u00e1b\u00f3l","og:type":"article","og:title":"Dolgozni kisgyermek mellett \u2013 sz\u00fcks\u00e9ges a t\u00e1mogat\u00f3 munkahely | AllasOrias.hu | H\u00edrek-lapszemle","og:description":"A r\u00e9gi\u00f3 piacvezet\u0151 HR szolg\u00e1ltat\u00f3ja szerint a jelenlegi feszes munkaer\u0151-piaci helyzetben \u00e9rdemes minden mozg\u00f3s\u00edthat\u00f3 foglalkoztat\u00e1si csoportot megsz\u00f3l\u00edtania a munk\u00e1ltat\u00f3knak. T\u00f6bbek k\u00f6z\u00f6tt a kisgyermekes \u00e9desany\u00e1kat is. Juh\u00e1sz Csongor, a Prohuman \u00fcgyvezet\u0151 igazgat\u00f3ja szerint a kismam\u00e1k bevon\u00e1s\u00e1ra, megtart\u00e1s\u00e1ra holisztikus szeml\u00e9letm\u00f3dra van sz\u00fcks\u00e9g, csal\u00e1dbar\u00e1t, mindk\u00e9t sz\u00fcl\u0151nek kedvez\u0151 c\u00e9ges HR politik\u00e1ra \u00e9s t\u00e1mogat\u00f3 munkahelyi k\u00f6rnyezetre. Sz\u00e1mos \u00faj kutat\u00e1s szerint","og:url":"https:\/\/allasorias.hu\/hirek\/dolgozni-kisgyermek-mellett-szukseges-a-tamogato-munkahely\/","og:image":"https:\/\/allasorias.hu\/hirek\/wp-content\/uploads\/2018\/12\/happiness-987394_640.jpg","og:image:secure_url":"https:\/\/allasorias.hu\/hirek\/wp-content\/uploads\/2018\/12\/happiness-987394_640.jpg","og:image:width":640,"og:image:height":426,"article:published_time":"2019-12-06T09:19:46+00:00","article:modified_time":"2019-12-06T09:19:46+00:00","article:publisher":"https:\/\/www.facebook.com\/allasorias","twitter:card":"summary_large_image","twitter:title":"Dolgozni kisgyermek mellett \u2013 sz\u00fcks\u00e9ges a t\u00e1mogat\u00f3 munkahely | AllasOrias.hu | H\u00edrek-lapszemle","twitter:description":"A r\u00e9gi\u00f3 piacvezet\u0151 HR szolg\u00e1ltat\u00f3ja szerint a jelenlegi feszes munkaer\u0151-piaci helyzetben \u00e9rdemes minden mozg\u00f3s\u00edthat\u00f3 foglalkoztat\u00e1si csoportot megsz\u00f3l\u00edtania a munk\u00e1ltat\u00f3knak. T\u00f6bbek k\u00f6z\u00f6tt a kisgyermekes \u00e9desany\u00e1kat is. Juh\u00e1sz Csongor, a Prohuman \u00fcgyvezet\u0151 igazgat\u00f3ja szerint a kismam\u00e1k bevon\u00e1s\u00e1ra, megtart\u00e1s\u00e1ra holisztikus szeml\u00e9letm\u00f3dra van sz\u00fcks\u00e9g, csal\u00e1dbar\u00e1t, mindk\u00e9t sz\u00fcl\u0151nek kedvez\u0151 c\u00e9ges HR politik\u00e1ra \u00e9s t\u00e1mogat\u00f3 munkahelyi k\u00f6rnyezetre. Sz\u00e1mos \u00faj kutat\u00e1s szerint","twitter:image":"https:\/\/allasorias.hu\/hirek\/wp-content\/uploads\/2018\/12\/happiness-987394_640.jpg","twitter:label1":"Written by","twitter:data1":"Juh\u00e1sz P\u00e9ter","twitter:label2":"Est. reading time","twitter:data2":"3 minutes"},"aioseo_meta_data":{"post_id":"3571","title":null,"description":null,"keywords":null,"keyphrases":null,"primary_term":null,"canonical_url":null,"og_title":null,"og_description":null,"og_object_type":"default","og_image_type":"default","og_image_url":null,"og_image_width":null,"og_image_height":null,"og_image_custom_url":null,"og_image_custom_fields":null,"og_video":null,"og_custom_url":null,"og_article_section":null,"og_article_tags":null,"twitter_use_og":false,"twitter_card":"default","twitter_image_type":"default","twitter_image_url":null,"twitter_image_custom_url":null,"twitter_image_custom_fields":null,"twitter_title":null,"twitter_description":null,"schema":{"blockGraphs":[],"customGraphs":[],"default":{"data":{"Article":[],"Course":[],"Dataset":[],"FAQPage":[],"Movie":[],"Person":[],"Product":[],"ProductReview":[],"Car":[],"Recipe":[],"Service":[],"SoftwareApplication":[],"WebPage":[]},"graphName":"","isEnabled":true},"graphs":[],"defaultGraph":"","defaultPostTypeGraph":""},"schema_type":null,"schema_type_options":null,"pillar_content":false,"robots_default":true,"robots_noindex":false,"robots_noarchive":false,"robots_nosnippet":false,"robots_nofollow":false,"robots_noimageindex":false,"robots_noodp":false,"robots_notranslate":false,"robots_max_snippet":null,"robots_max_videopreview":null,"robots_max_imagepreview":"large","priority":null,"frequency":null,"location":null,"local_seo":null,"breadcrumb_settings":null,"limit_modified_date":false,"ai":null,"created":"2021-02-01 22:54:09","updated":"2025-10-02 12:25:43","seo_analyzer_scan_date":null,"focus_keyword":null,"additional_keywords":null,"truseo_locale":null},"aioseo_breadcrumb":"<div class=\"aioseo-breadcrumbs\"><span class=\"aioseo-breadcrumb\">\n\t\t\t<a href=\"https:\/\/allasorias.hu\/hirek\" title=\"Home\">Home<\/a>\n\t\t<\/span><span class=\"aioseo-breadcrumb-separator\">&raquo;<\/span><span class=\"aioseo-breadcrumb\">\n\t\t\t<a href=\"https:\/\/allasorias.hu\/hirek\/temak\/munkaeropiac\/\" title=\"Munkaer\u0151piac\">Munkaer\u0151piac<\/a>\n\t\t<\/span><span class=\"aioseo-breadcrumb-separator\">&raquo;<\/span><span class=\"aioseo-breadcrumb\">\n\t\t\tDolgozni kisgyermek mellett \u2013 sz\u00fcks\u00e9ges a t\u00e1mogat\u00f3 munkahely\n\t\t<\/span><\/div>","aioseo_breadcrumb_json":[{"label":"Home","link":"https:\/\/allasorias.hu\/hirek"},{"label":"Munkaer\u0151piac","link":"https:\/\/allasorias.hu\/hirek\/temak\/munkaeropiac\/"},{"label":"Dolgozni kisgyermek mellett \u2013 sz\u00fcks\u00e9ges a t\u00e1mogat\u00f3 munkahely","link":"https:\/\/allasorias.hu\/hirek\/dolgozni-kisgyermek-mellett-szukseges-a-tamogato-munkahely\/"}],"_links":{"self":[{"href":"https:\/\/allasorias.hu\/hirek\/wp-json\/wp\/v2\/posts\/3571","targetHints":{"allow":["GET"]}}],"collection":[{"href":"https:\/\/allasorias.hu\/hirek\/wp-json\/wp\/v2\/posts"}],"about":[{"href":"https:\/\/allasorias.hu\/hirek\/wp-json\/wp\/v2\/types\/post"}],"author":[{"embeddable":true,"href":"https:\/\/allasorias.hu\/hirek\/wp-json\/wp\/v2\/users\/1"}],"replies":[{"embeddable":true,"href":"https:\/\/allasorias.hu\/hirek\/wp-json\/wp\/v2\/comments?post=3571"}],"version-history":[{"count":1,"href":"https:\/\/allasorias.hu\/hirek\/wp-json\/wp\/v2\/posts\/3571\/revisions"}],"predecessor-version":[{"id":3572,"href":"https:\/\/allasorias.hu\/hirek\/wp-json\/wp\/v2\/posts\/3571\/revisions\/3572"}],"wp:featuredmedia":[{"embeddable":true,"href":"https:\/\/allasorias.hu\/hirek\/wp-json\/wp\/v2\/media\/2254"}],"wp:attachment":[{"href":"https:\/\/allasorias.hu\/hirek\/wp-json\/wp\/v2\/media?parent=3571"}],"wp:term":[{"taxonomy":"category","embeddable":true,"href":"https:\/\/allasorias.hu\/hirek\/wp-json\/wp\/v2\/categories?post=3571"},{"taxonomy":"post_tag","embeddable":true,"href":"https:\/\/allasorias.hu\/hirek\/wp-json\/wp\/v2\/tags?post=3571"}],"curies":[{"name":"wp","href":"https:\/\/api.w.org\/{rel}","templated":true}]}}