{"id":3565,"date":"2019-12-05T08:55:33","date_gmt":"2019-12-05T08:55:33","guid":{"rendered":"https:\/\/allasorias.hu\/hirek\/?p=3565"},"modified":"2019-12-05T08:55:33","modified_gmt":"2019-12-05T08:55:33","slug":"jarna-a-juttatas-irodai-szemuveg-lehetosege","status":"publish","type":"post","link":"https:\/\/allasorias.hu\/hirek\/jarna-a-juttatas-irodai-szemuveg-lehetosege\/","title":{"rendered":"J\u00e1rna a juttat\u00e1s \u2013 irodai szem\u00fcveg lehet\u0151s\u00e9ge"},"content":{"rendered":"<p><strong>A munkaad\u00f3k t\u00f6bb, mint a fele nincsen tiszt\u00e1ban a k\u00f6telez\u0151en (\u00e9s ingyenesen) biztos\u00edtand\u00f3 irodai szem\u00fcveg lehet\u0151s\u00e9g\u00e9vel. T\u00f6rv\u00e9ny \u00edrja el\u0151 a munkaad\u00f3k sz\u00e1m\u00e1ra, hogy a k\u00e9perny\u0151 el\u0151tti munkav\u00e9gz\u00e9s c\u00e9lj\u00e1b\u00f3l dolgoz\u00f3iknak ingyenesen biztos\u00edtsanak dioptri\u00e1s vagy monitorszem\u00fcveget, azonban 10-b\u0151l 9 irodai dolgoz\u00f3 \u00e9s a munk\u00e1ltat\u00f3k t\u00f6bb, mint a fele nem volt tiszt\u00e1ban ezzel a lehet\u0151s\u00e9ggel \u2013 der\u00fclt ki a \u201cJ\u00e1r neked a szem\u00fcveg\u201d f\u00f3rum 1400 munkav\u00e1llal\u00f3 \u00e9s 122 c\u00e9gvezet\u0151 bevon\u00e1s\u00e1val okt\u00f3ber-novemberben k\u00e9sz\u00edtett orsz\u00e1gos felm\u00e9r\u00e9s\u00e9b\u0151l. <\/strong><\/p>\n<p>A felm\u00e9r\u00e9sb\u0151l kider\u00fclt, hogy az irodai munk\u00e1t v\u00e9gz\u0151k 92%-a, a c\u00e9gvezet\u0151k 62%-a egy\u00e1ltal\u00e1n nincsen tiszt\u00e1ban azzal, hogy az 50\/1999. (XI. 3.) E\u00fcM rendelet szerint az irodai dolgoz\u00f3k ingyenesen ig\u00e9nyelhetnek a munk\u00e1ltat\u00f3t\u00f3l \u00e9lesl\u00e1t\u00e1st (dioptri\u00e1s) biztos\u00edt\u00f3 szem\u00fcveget, vagy k\u00e9k f\u00e9ny sz\u0171r\u0151s monitorszem\u00fcveget. Ez az ar\u00e1ny annak f\u00e9ny\u00e9ben megd\u00f6bbent\u0151, hogy a munkav\u00e1llal\u00f3k 69%-a szenved legal\u00e1bb h\u00e1rom, l\u00e1t\u00e1ssal kapcsolatos probl\u00e9m\u00e1t\u00f3l, kort\u00f3l \u00e9s a k\u00e9perny\u0151 el\u0151tt elt\u00f6lt\u00f6tt id\u0151 mennyis\u00e9g\u00e9t\u0151l f\u00fcggetlen\u00fcl. Kider\u00fclt tov\u00e1bb\u00e1, hogy legnagyobb ar\u00e1nyban (89%) a KKV szektor vezet\u0151i nincsenek tiszt\u00e1ban a t\u00f6rv\u00e9nnyel. A multikn\u00e1l ez az ar\u00e1ny majdnem ford\u00edtottan ar\u00e1nyos, \u0151k adj\u00e1k a legnagyobb sz\u00e1zal\u00e9k\u00e1t azoknak, akik tiszt\u00e1ban vannak a lehet\u0151s\u00e9ggel \u00e9s t\u00f6bb, mint a fel\u00fck jelezte, hogy ismerik \u00e9s bizonyos \u00f6sszeghat\u00e1rig \u00e9ltek is vele. A t\u00f6rv\u00e9nnyel kapcsolatban a legelutas\u00edt\u00f3bb hozz\u00e1\u00e1ll\u00e1st a k\u00f6zszf\u00e9ra vezet\u0151i k\u00f6r\u00e9ben tapasztalt\u00e1k, t\u00f6bben kijelentett\u00e9k, hogy nem hajland\u00f3ak megt\u00e9r\u00edteni az irodai szem\u00fcvegeket, m\u00e9g ha tiszt\u00e1ban is vannak a t\u00f6rv\u00e9nnyel. Azok k\u00f6z\u00f6tt a c\u00e9gvezet\u0151k k\u00f6z\u00f6tt, akik ismerik a t\u00f6rv\u00e9nyt, meglep\u0151, hogy kereken 80% nincsen tiszt\u00e1ban azzal, hogy ad\u00f3- \u00e9s j\u00e1rul\u00e9kmentesen elsz\u00e1moltathatja a szem\u00fcveget \u00e9s m\u00e9g t\u00f6bb, 93% nem tudta, hogy m\u00e9g az \u00e1f\u00e1t is visszaig\u00e9nyelheti. A felm\u00e9r\u00e9sb\u0151l az is kider\u00fclt, hogy b\u00e1r a dolgoz\u00f3k t\u00f6bb, mint a fele tiszt\u00e1ban van a k\u00e9k f\u00e9ny vesz\u00e9lyeivel, 83% egy\u00e1ltal\u00e1n nem hord monitorszem\u00fcveget<\/p>\n<p>Forr\u00e1s: piacesprofit.hu<\/p>\n","protected":false},"excerpt":{"rendered":"<p>A munkaad\u00f3k t\u00f6bb, mint a fele nincsen tiszt\u00e1ban a k\u00f6telez\u0151en (\u00e9s ingyenesen) biztos\u00edtand\u00f3 irodai szem\u00fcveg lehet\u0151s\u00e9g\u00e9vel. T\u00f6rv\u00e9ny \u00edrja el\u0151 a munkaad\u00f3k sz\u00e1m\u00e1ra, hogy a k\u00e9perny\u0151 el\u0151tti munkav\u00e9gz\u00e9s c\u00e9lj\u00e1b\u00f3l dolgoz\u00f3iknak ingyenesen biztos\u00edtsanak dioptri\u00e1s vagy monitorszem\u00fcveget, azonban 10-b\u0151l 9 irodai dolgoz\u00f3 \u00e9s a munk\u00e1ltat\u00f3k t\u00f6bb, mint a fele nem volt tiszt\u00e1ban ezzel a lehet\u0151s\u00e9ggel \u2013 der\u00fclt ki [&hellip;]<\/p>\n","protected":false},"author":1,"featured_media":2894,"comment_status":"open","ping_status":"open","sticky":false,"template":"","format":"standard","meta":{"_monsterinsights_skip_tracking":false,"footnotes":""},"categories":[200],"tags":[],"class_list":["post-3565","post","type-post","status-publish","format-standard","has-post-thumbnail","hentry","category-munkaeropiac"],"aioseo_notices":[],"aioseo_head":"\n\t\t<!-- All in One SEO 5.0.0.1 - aioseo.com -->\n\t<meta name=\"description\" content=\"A munkaad\u00f3k t\u00f6bb, mint a fele nincsen tiszt\u00e1ban a k\u00f6telez\u0151en (\u00e9s ingyenesen) biztos\u00edtand\u00f3 irodai szem\u00fcveg lehet\u0151s\u00e9g\u00e9vel. T\u00f6rv\u00e9ny \u00edrja el\u0151 a munkaad\u00f3k sz\u00e1m\u00e1ra, hogy a k\u00e9perny\u0151 el\u0151tti munkav\u00e9gz\u00e9s c\u00e9lj\u00e1b\u00f3l dolgoz\u00f3iknak ingyenesen biztos\u00edtsanak dioptri\u00e1s vagy monitorszem\u00fcveget, azonban 10-b\u0151l 9 irodai dolgoz\u00f3 \u00e9s a munk\u00e1ltat\u00f3k t\u00f6bb, mint a fele nem volt tiszt\u00e1ban ezzel a lehet\u0151s\u00e9ggel \u2013 der\u00fclt ki\" \/>\n\t<meta name=\"robots\" content=\"max-image-preview:large\" \/>\n\t<meta name=\"author\" content=\"Juh\u00e1sz P\u00e9ter\"\/>\n\t<link rel=\"canonical\" href=\"https:\/\/allasorias.hu\/hirek\/jarna-a-juttatas-irodai-szemuveg-lehetosege\/\" \/>\n\t<meta name=\"generator\" content=\"All in One SEO (AIOSEO) 5.0.0.1\" \/>\n\t\t<meta property=\"og:locale\" content=\"hu_HU\" \/>\n\t\t<meta property=\"og:site_name\" content=\"AllasOrias.hu | H\u00edrek-lapszemle | \u00dczleti h\u00edrek az \u00e1ll\u00e1s \u00e9s a munka vil\u00e1g\u00e1b\u00f3l\" \/>\n\t\t<meta property=\"og:type\" content=\"article\" \/>\n\t\t<meta property=\"og:title\" content=\"J\u00e1rna a juttat\u00e1s \u2013 irodai szem\u00fcveg lehet\u0151s\u00e9ge | AllasOrias.hu | H\u00edrek-lapszemle\" \/>\n\t\t<meta property=\"og:description\" content=\"A munkaad\u00f3k t\u00f6bb, mint a fele nincsen tiszt\u00e1ban a k\u00f6telez\u0151en (\u00e9s ingyenesen) biztos\u00edtand\u00f3 irodai szem\u00fcveg lehet\u0151s\u00e9g\u00e9vel. T\u00f6rv\u00e9ny \u00edrja el\u0151 a munkaad\u00f3k sz\u00e1m\u00e1ra, hogy a k\u00e9perny\u0151 el\u0151tti munkav\u00e9gz\u00e9s c\u00e9lj\u00e1b\u00f3l dolgoz\u00f3iknak ingyenesen biztos\u00edtsanak dioptri\u00e1s vagy monitorszem\u00fcveget, azonban 10-b\u0151l 9 irodai dolgoz\u00f3 \u00e9s a munk\u00e1ltat\u00f3k t\u00f6bb, mint a fele nem volt tiszt\u00e1ban ezzel a lehet\u0151s\u00e9ggel \u2013 der\u00fclt ki\" \/>\n\t\t<meta property=\"og:url\" content=\"https:\/\/allasorias.hu\/hirek\/jarna-a-juttatas-irodai-szemuveg-lehetosege\/\" \/>\n\t\t<meta property=\"og:image\" content=\"https:\/\/allasorias.hu\/hirek\/wp-content\/uploads\/2019\/05\/beautiful-blur-casual-935756.jpg\" \/>\n\t\t<meta property=\"og:image:secure_url\" content=\"https:\/\/allasorias.hu\/hirek\/wp-content\/uploads\/2019\/05\/beautiful-blur-casual-935756.jpg\" \/>\n\t\t<meta property=\"og:image:width\" content=\"640\" \/>\n\t\t<meta property=\"og:image:height\" content=\"426\" \/>\n\t\t<meta property=\"article:published_time\" content=\"2019-12-05T08:55:33+00:00\" \/>\n\t\t<meta property=\"article:modified_time\" content=\"2019-12-05T08:55:33+00:00\" \/>\n\t\t<meta property=\"article:publisher\" content=\"https:\/\/www.facebook.com\/allasorias\" \/>\n\t\t<meta name=\"twitter:card\" content=\"summary_large_image\" \/>\n\t\t<meta name=\"twitter:title\" content=\"J\u00e1rna a juttat\u00e1s \u2013 irodai szem\u00fcveg lehet\u0151s\u00e9ge | AllasOrias.hu | H\u00edrek-lapszemle\" \/>\n\t\t<meta name=\"twitter:description\" content=\"A munkaad\u00f3k t\u00f6bb, mint a fele nincsen tiszt\u00e1ban a k\u00f6telez\u0151en (\u00e9s ingyenesen) biztos\u00edtand\u00f3 irodai szem\u00fcveg lehet\u0151s\u00e9g\u00e9vel. T\u00f6rv\u00e9ny \u00edrja el\u0151 a munkaad\u00f3k sz\u00e1m\u00e1ra, hogy a k\u00e9perny\u0151 el\u0151tti munkav\u00e9gz\u00e9s c\u00e9lj\u00e1b\u00f3l dolgoz\u00f3iknak ingyenesen biztos\u00edtsanak dioptri\u00e1s vagy monitorszem\u00fcveget, azonban 10-b\u0151l 9 irodai dolgoz\u00f3 \u00e9s a munk\u00e1ltat\u00f3k t\u00f6bb, mint a fele nem volt tiszt\u00e1ban ezzel a lehet\u0151s\u00e9ggel \u2013 der\u00fclt ki\" \/>\n\t\t<meta name=\"twitter:image\" content=\"https:\/\/allasorias.hu\/hirek\/wp-content\/uploads\/2019\/05\/beautiful-blur-casual-935756.jpg\" \/>\n\t\t<meta name=\"twitter:label1\" content=\"Written by\" \/>\n\t\t<meta name=\"twitter:data1\" content=\"Juh\u00e1sz P\u00e9ter\" \/>\n\t\t<meta name=\"twitter:label2\" content=\"Est. reading time\" \/>\n\t\t<meta name=\"twitter:data2\" content=\"2 minutes\" \/>\n\t\t<script type=\"application\/ld+json\" class=\"aioseo-schema\">\n\t\t\t{\"@context\":\"https:\\\/\\\/schema.org\",\"@graph\":[{\"@type\":\"Article\",\"@id\":\"https:\\\/\\\/allasorias.hu\\\/hirek\\\/jarna-a-juttatas-irodai-szemuveg-lehetosege\\\/#article\",\"name\":\"J\\u00e1rna a juttat\\u00e1s \\u2013 irodai szem\\u00fcveg lehet\\u0151s\\u00e9ge | AllasOrias.hu | H\\u00edrek-lapszemle\",\"headline\":\"J\\u00e1rna a juttat\\u00e1s \\u2013 irodai szem\\u00fcveg lehet\\u0151s\\u00e9ge\",\"author\":{\"@id\":\"https:\\\/\\\/allasorias.hu\\\/hirek\\\/author\\\/admin-allasorias\\\/#author\"},\"publisher\":{\"@id\":\"https:\\\/\\\/allasorias.hu\\\/hirek\\\/#organization\"},\"image\":{\"@type\":\"ImageObject\",\"url\":\"https:\\\/\\\/allasorias.hu\\\/hirek\\\/wp-content\\\/uploads\\\/2019\\\/05\\\/beautiful-blur-casual-935756.jpg\",\"width\":640,\"height\":426},\"datePublished\":\"2019-12-05T08:55:33+02:00\",\"dateModified\":\"2019-12-05T08:55:33+02:00\",\"inLanguage\":\"hu-HU\",\"mainEntityOfPage\":{\"@id\":\"https:\\\/\\\/allasorias.hu\\\/hirek\\\/jarna-a-juttatas-irodai-szemuveg-lehetosege\\\/#webpage\"},\"isPartOf\":{\"@id\":\"https:\\\/\\\/allasorias.hu\\\/hirek\\\/jarna-a-juttatas-irodai-szemuveg-lehetosege\\\/#webpage\"},\"articleSection\":\"Munkaer\\u0151piac\"},{\"@type\":\"BreadcrumbList\",\"@id\":\"https:\\\/\\\/allasorias.hu\\\/hirek\\\/jarna-a-juttatas-irodai-szemuveg-lehetosege\\\/#breadcrumblist\",\"itemListElement\":[{\"@type\":\"ListItem\",\"@id\":\"https:\\\/\\\/allasorias.hu\\\/hirek#listItem\",\"position\":1,\"name\":\"Home\",\"item\":\"https:\\\/\\\/allasorias.hu\\\/hirek\",\"nextItem\":{\"@type\":\"ListItem\",\"@id\":\"https:\\\/\\\/allasorias.hu\\\/hirek\\\/temak\\\/munkaeropiac\\\/#listItem\",\"name\":\"Munkaer\\u0151piac\"}},{\"@type\":\"ListItem\",\"@id\":\"https:\\\/\\\/allasorias.hu\\\/hirek\\\/temak\\\/munkaeropiac\\\/#listItem\",\"position\":2,\"name\":\"Munkaer\\u0151piac\",\"item\":\"https:\\\/\\\/allasorias.hu\\\/hirek\\\/temak\\\/munkaeropiac\\\/\",\"nextItem\":{\"@type\":\"ListItem\",\"@id\":\"https:\\\/\\\/allasorias.hu\\\/hirek\\\/jarna-a-juttatas-irodai-szemuveg-lehetosege\\\/#listItem\",\"name\":\"J\\u00e1rna a juttat\\u00e1s \\u2013 irodai szem\\u00fcveg lehet\\u0151s\\u00e9ge\"},\"previousItem\":{\"@type\":\"ListItem\",\"@id\":\"https:\\\/\\\/allasorias.hu\\\/hirek#listItem\",\"name\":\"Home\"}},{\"@type\":\"ListItem\",\"@id\":\"https:\\\/\\\/allasorias.hu\\\/hirek\\\/jarna-a-juttatas-irodai-szemuveg-lehetosege\\\/#listItem\",\"position\":3,\"name\":\"J\\u00e1rna a juttat\\u00e1s \\u2013 irodai szem\\u00fcveg lehet\\u0151s\\u00e9ge\",\"previousItem\":{\"@type\":\"ListItem\",\"@id\":\"https:\\\/\\\/allasorias.hu\\\/hirek\\\/temak\\\/munkaeropiac\\\/#listItem\",\"name\":\"Munkaer\\u0151piac\"}}]},{\"@type\":\"Organization\",\"@id\":\"https:\\\/\\\/allasorias.hu\\\/hirek\\\/#organization\",\"name\":\"AllasOrias.hu | H\\u00edrek-lapszemle\",\"description\":\"\\u00dczleti h\\u00edrek az \\u00e1ll\\u00e1s \\u00e9s a munka vil\\u00e1g\\u00e1b\\u00f3l\",\"url\":\"https:\\\/\\\/allasorias.hu\\\/hirek\\\/\",\"logo\":{\"@type\":\"ImageObject\",\"url\":\"https:\\\/\\\/allasorias.hu\\\/hirek\\\/wp-content\\\/uploads\\\/2022\\\/10\\\/allasorias_site_facebok_logo.png\",\"@id\":\"https:\\\/\\\/allasorias.hu\\\/hirek\\\/jarna-a-juttatas-irodai-szemuveg-lehetosege\\\/#organizationLogo\"},\"image\":{\"@id\":\"https:\\\/\\\/allasorias.hu\\\/hirek\\\/jarna-a-juttatas-irodai-szemuveg-lehetosege\\\/#organizationLogo\"},\"sameAs\":[\"https:\\\/\\\/www.facebook.com\\\/allasorias\",\"https:\\\/\\\/www.linkedin.com\\\/company\\\/allasorias\"]},{\"@type\":\"Person\",\"@id\":\"https:\\\/\\\/allasorias.hu\\\/hirek\\\/author\\\/admin-allasorias\\\/#author\",\"url\":\"https:\\\/\\\/allasorias.hu\\\/hirek\\\/author\\\/admin-allasorias\\\/\",\"name\":\"Juh\\u00e1sz P\\u00e9ter\",\"image\":{\"@type\":\"ImageObject\",\"@id\":\"https:\\\/\\\/allasorias.hu\\\/hirek\\\/jarna-a-juttatas-irodai-szemuveg-lehetosege\\\/#authorImage\",\"url\":\"https:\\\/\\\/secure.gravatar.com\\\/avatar\\\/36e6bcb83148978b992977cb0f54d22feb0cce8a0a849a9410532bb2623ba4c6?s=96&d=mm&r=g\",\"width\":96,\"height\":96,\"caption\":\"Juh\\u00e1sz P\\u00e9ter\"}},{\"@type\":\"WebPage\",\"@id\":\"https:\\\/\\\/allasorias.hu\\\/hirek\\\/jarna-a-juttatas-irodai-szemuveg-lehetosege\\\/#webpage\",\"url\":\"https:\\\/\\\/allasorias.hu\\\/hirek\\\/jarna-a-juttatas-irodai-szemuveg-lehetosege\\\/\",\"name\":\"J\\u00e1rna a juttat\\u00e1s \\u2013 irodai szem\\u00fcveg lehet\\u0151s\\u00e9ge | AllasOrias.hu | H\\u00edrek-lapszemle\",\"description\":\"A munkaad\\u00f3k t\\u00f6bb, mint a fele nincsen tiszt\\u00e1ban a k\\u00f6telez\\u0151en (\\u00e9s ingyenesen) biztos\\u00edtand\\u00f3 irodai szem\\u00fcveg lehet\\u0151s\\u00e9g\\u00e9vel. T\\u00f6rv\\u00e9ny \\u00edrja el\\u0151 a munkaad\\u00f3k sz\\u00e1m\\u00e1ra, hogy a k\\u00e9perny\\u0151 el\\u0151tti munkav\\u00e9gz\\u00e9s c\\u00e9lj\\u00e1b\\u00f3l dolgoz\\u00f3iknak ingyenesen biztos\\u00edtsanak dioptri\\u00e1s vagy monitorszem\\u00fcveget, azonban 10-b\\u0151l 9 irodai dolgoz\\u00f3 \\u00e9s a munk\\u00e1ltat\\u00f3k t\\u00f6bb, mint a fele nem volt tiszt\\u00e1ban ezzel a lehet\\u0151s\\u00e9ggel \\u2013 der\\u00fclt ki\",\"inLanguage\":\"hu-HU\",\"isPartOf\":{\"@id\":\"https:\\\/\\\/allasorias.hu\\\/hirek\\\/#website\"},\"breadcrumb\":{\"@id\":\"https:\\\/\\\/allasorias.hu\\\/hirek\\\/jarna-a-juttatas-irodai-szemuveg-lehetosege\\\/#breadcrumblist\"},\"author\":{\"@id\":\"https:\\\/\\\/allasorias.hu\\\/hirek\\\/author\\\/admin-allasorias\\\/#author\"},\"creator\":{\"@id\":\"https:\\\/\\\/allasorias.hu\\\/hirek\\\/author\\\/admin-allasorias\\\/#author\"},\"image\":{\"@type\":\"ImageObject\",\"url\":\"https:\\\/\\\/allasorias.hu\\\/hirek\\\/wp-content\\\/uploads\\\/2019\\\/05\\\/beautiful-blur-casual-935756.jpg\",\"@id\":\"https:\\\/\\\/allasorias.hu\\\/hirek\\\/jarna-a-juttatas-irodai-szemuveg-lehetosege\\\/#mainImage\",\"width\":640,\"height\":426},\"primaryImageOfPage\":{\"@id\":\"https:\\\/\\\/allasorias.hu\\\/hirek\\\/jarna-a-juttatas-irodai-szemuveg-lehetosege\\\/#mainImage\"},\"datePublished\":\"2019-12-05T08:55:33+02:00\",\"dateModified\":\"2019-12-05T08:55:33+02:00\"},{\"@type\":\"WebSite\",\"@id\":\"https:\\\/\\\/allasorias.hu\\\/hirek\\\/#website\",\"url\":\"https:\\\/\\\/allasorias.hu\\\/hirek\\\/\",\"name\":\"AllasOrias.hu | H\\u00edrek-lapszemle\",\"description\":\"\\u00dczleti h\\u00edrek az \\u00e1ll\\u00e1s \\u00e9s a munka vil\\u00e1g\\u00e1b\\u00f3l\",\"inLanguage\":\"hu-HU\",\"publisher\":{\"@id\":\"https:\\\/\\\/allasorias.hu\\\/hirek\\\/#organization\"}}]}\n\t\t<\/script>\n\t\t<!-- All in One SEO -->\n\n","aioseo_head_json":{"title":"J\u00e1rna a juttat\u00e1s \u2013 irodai szem\u00fcveg lehet\u0151s\u00e9ge | AllasOrias.hu | H\u00edrek-lapszemle","description":"A munkaad\u00f3k t\u00f6bb, mint a fele nincsen tiszt\u00e1ban a k\u00f6telez\u0151en (\u00e9s ingyenesen) biztos\u00edtand\u00f3 irodai szem\u00fcveg lehet\u0151s\u00e9g\u00e9vel. T\u00f6rv\u00e9ny \u00edrja el\u0151 a munkaad\u00f3k sz\u00e1m\u00e1ra, hogy a k\u00e9perny\u0151 el\u0151tti munkav\u00e9gz\u00e9s c\u00e9lj\u00e1b\u00f3l dolgoz\u00f3iknak ingyenesen biztos\u00edtsanak dioptri\u00e1s vagy monitorszem\u00fcveget, azonban 10-b\u0151l 9 irodai dolgoz\u00f3 \u00e9s a munk\u00e1ltat\u00f3k t\u00f6bb, mint a fele nem volt tiszt\u00e1ban ezzel a lehet\u0151s\u00e9ggel \u2013 der\u00fclt ki","canonical_url":"https:\/\/allasorias.hu\/hirek\/jarna-a-juttatas-irodai-szemuveg-lehetosege\/","robots":"max-image-preview:large","keywords":"","webmasterTools":{"miscellaneous":""},"schema":{"@context":"https:\/\/schema.org","@graph":[{"@type":"Article","@id":"https:\/\/allasorias.hu\/hirek\/jarna-a-juttatas-irodai-szemuveg-lehetosege\/#article","name":"J\u00e1rna a juttat\u00e1s \u2013 irodai szem\u00fcveg lehet\u0151s\u00e9ge | AllasOrias.hu | H\u00edrek-lapszemle","headline":"J\u00e1rna a juttat\u00e1s \u2013 irodai szem\u00fcveg lehet\u0151s\u00e9ge","author":{"@id":"https:\/\/allasorias.hu\/hirek\/author\/admin-allasorias\/#author"},"publisher":{"@id":"https:\/\/allasorias.hu\/hirek\/#organization"},"image":{"@type":"ImageObject","url":"https:\/\/allasorias.hu\/hirek\/wp-content\/uploads\/2019\/05\/beautiful-blur-casual-935756.jpg","width":640,"height":426},"datePublished":"2019-12-05T08:55:33+02:00","dateModified":"2019-12-05T08:55:33+02:00","inLanguage":"hu-HU","mainEntityOfPage":{"@id":"https:\/\/allasorias.hu\/hirek\/jarna-a-juttatas-irodai-szemuveg-lehetosege\/#webpage"},"isPartOf":{"@id":"https:\/\/allasorias.hu\/hirek\/jarna-a-juttatas-irodai-szemuveg-lehetosege\/#webpage"},"articleSection":"Munkaer\u0151piac"},{"@type":"BreadcrumbList","@id":"https:\/\/allasorias.hu\/hirek\/jarna-a-juttatas-irodai-szemuveg-lehetosege\/#breadcrumblist","itemListElement":[{"@type":"ListItem","@id":"https:\/\/allasorias.hu\/hirek#listItem","position":1,"name":"Home","item":"https:\/\/allasorias.hu\/hirek","nextItem":{"@type":"ListItem","@id":"https:\/\/allasorias.hu\/hirek\/temak\/munkaeropiac\/#listItem","name":"Munkaer\u0151piac"}},{"@type":"ListItem","@id":"https:\/\/allasorias.hu\/hirek\/temak\/munkaeropiac\/#listItem","position":2,"name":"Munkaer\u0151piac","item":"https:\/\/allasorias.hu\/hirek\/temak\/munkaeropiac\/","nextItem":{"@type":"ListItem","@id":"https:\/\/allasorias.hu\/hirek\/jarna-a-juttatas-irodai-szemuveg-lehetosege\/#listItem","name":"J\u00e1rna a juttat\u00e1s \u2013 irodai szem\u00fcveg lehet\u0151s\u00e9ge"},"previousItem":{"@type":"ListItem","@id":"https:\/\/allasorias.hu\/hirek#listItem","name":"Home"}},{"@type":"ListItem","@id":"https:\/\/allasorias.hu\/hirek\/jarna-a-juttatas-irodai-szemuveg-lehetosege\/#listItem","position":3,"name":"J\u00e1rna a juttat\u00e1s \u2013 irodai szem\u00fcveg lehet\u0151s\u00e9ge","previousItem":{"@type":"ListItem","@id":"https:\/\/allasorias.hu\/hirek\/temak\/munkaeropiac\/#listItem","name":"Munkaer\u0151piac"}}]},{"@type":"Organization","@id":"https:\/\/allasorias.hu\/hirek\/#organization","name":"AllasOrias.hu | H\u00edrek-lapszemle","description":"\u00dczleti h\u00edrek az \u00e1ll\u00e1s \u00e9s a munka vil\u00e1g\u00e1b\u00f3l","url":"https:\/\/allasorias.hu\/hirek\/","logo":{"@type":"ImageObject","url":"https:\/\/allasorias.hu\/hirek\/wp-content\/uploads\/2022\/10\/allasorias_site_facebok_logo.png","@id":"https:\/\/allasorias.hu\/hirek\/jarna-a-juttatas-irodai-szemuveg-lehetosege\/#organizationLogo"},"image":{"@id":"https:\/\/allasorias.hu\/hirek\/jarna-a-juttatas-irodai-szemuveg-lehetosege\/#organizationLogo"},"sameAs":["https:\/\/www.facebook.com\/allasorias","https:\/\/www.linkedin.com\/company\/allasorias"]},{"@type":"Person","@id":"https:\/\/allasorias.hu\/hirek\/author\/admin-allasorias\/#author","url":"https:\/\/allasorias.hu\/hirek\/author\/admin-allasorias\/","name":"Juh\u00e1sz P\u00e9ter","image":{"@type":"ImageObject","@id":"https:\/\/allasorias.hu\/hirek\/jarna-a-juttatas-irodai-szemuveg-lehetosege\/#authorImage","url":"https:\/\/secure.gravatar.com\/avatar\/36e6bcb83148978b992977cb0f54d22feb0cce8a0a849a9410532bb2623ba4c6?s=96&d=mm&r=g","width":96,"height":96,"caption":"Juh\u00e1sz P\u00e9ter"}},{"@type":"WebPage","@id":"https:\/\/allasorias.hu\/hirek\/jarna-a-juttatas-irodai-szemuveg-lehetosege\/#webpage","url":"https:\/\/allasorias.hu\/hirek\/jarna-a-juttatas-irodai-szemuveg-lehetosege\/","name":"J\u00e1rna a juttat\u00e1s \u2013 irodai szem\u00fcveg lehet\u0151s\u00e9ge | AllasOrias.hu | H\u00edrek-lapszemle","description":"A munkaad\u00f3k t\u00f6bb, mint a fele nincsen tiszt\u00e1ban a k\u00f6telez\u0151en (\u00e9s ingyenesen) biztos\u00edtand\u00f3 irodai szem\u00fcveg lehet\u0151s\u00e9g\u00e9vel. T\u00f6rv\u00e9ny \u00edrja el\u0151 a munkaad\u00f3k sz\u00e1m\u00e1ra, hogy a k\u00e9perny\u0151 el\u0151tti munkav\u00e9gz\u00e9s c\u00e9lj\u00e1b\u00f3l dolgoz\u00f3iknak ingyenesen biztos\u00edtsanak dioptri\u00e1s vagy monitorszem\u00fcveget, azonban 10-b\u0151l 9 irodai dolgoz\u00f3 \u00e9s a munk\u00e1ltat\u00f3k t\u00f6bb, mint a fele nem volt tiszt\u00e1ban ezzel a lehet\u0151s\u00e9ggel \u2013 der\u00fclt ki","inLanguage":"hu-HU","isPartOf":{"@id":"https:\/\/allasorias.hu\/hirek\/#website"},"breadcrumb":{"@id":"https:\/\/allasorias.hu\/hirek\/jarna-a-juttatas-irodai-szemuveg-lehetosege\/#breadcrumblist"},"author":{"@id":"https:\/\/allasorias.hu\/hirek\/author\/admin-allasorias\/#author"},"creator":{"@id":"https:\/\/allasorias.hu\/hirek\/author\/admin-allasorias\/#author"},"image":{"@type":"ImageObject","url":"https:\/\/allasorias.hu\/hirek\/wp-content\/uploads\/2019\/05\/beautiful-blur-casual-935756.jpg","@id":"https:\/\/allasorias.hu\/hirek\/jarna-a-juttatas-irodai-szemuveg-lehetosege\/#mainImage","width":640,"height":426},"primaryImageOfPage":{"@id":"https:\/\/allasorias.hu\/hirek\/jarna-a-juttatas-irodai-szemuveg-lehetosege\/#mainImage"},"datePublished":"2019-12-05T08:55:33+02:00","dateModified":"2019-12-05T08:55:33+02:00"},{"@type":"WebSite","@id":"https:\/\/allasorias.hu\/hirek\/#website","url":"https:\/\/allasorias.hu\/hirek\/","name":"AllasOrias.hu | H\u00edrek-lapszemle","description":"\u00dczleti h\u00edrek az \u00e1ll\u00e1s \u00e9s a munka vil\u00e1g\u00e1b\u00f3l","inLanguage":"hu-HU","publisher":{"@id":"https:\/\/allasorias.hu\/hirek\/#organization"}}]},"og:locale":"hu_HU","og:site_name":"AllasOrias.hu | H\u00edrek-lapszemle | \u00dczleti h\u00edrek az \u00e1ll\u00e1s \u00e9s a munka vil\u00e1g\u00e1b\u00f3l","og:type":"article","og:title":"J\u00e1rna a juttat\u00e1s \u2013 irodai szem\u00fcveg lehet\u0151s\u00e9ge | AllasOrias.hu | H\u00edrek-lapszemle","og:description":"A munkaad\u00f3k t\u00f6bb, mint a fele nincsen tiszt\u00e1ban a k\u00f6telez\u0151en (\u00e9s ingyenesen) biztos\u00edtand\u00f3 irodai szem\u00fcveg lehet\u0151s\u00e9g\u00e9vel. T\u00f6rv\u00e9ny \u00edrja el\u0151 a munkaad\u00f3k sz\u00e1m\u00e1ra, hogy a k\u00e9perny\u0151 el\u0151tti munkav\u00e9gz\u00e9s c\u00e9lj\u00e1b\u00f3l dolgoz\u00f3iknak ingyenesen biztos\u00edtsanak dioptri\u00e1s vagy monitorszem\u00fcveget, azonban 10-b\u0151l 9 irodai dolgoz\u00f3 \u00e9s a munk\u00e1ltat\u00f3k t\u00f6bb, mint a fele nem volt tiszt\u00e1ban ezzel a lehet\u0151s\u00e9ggel \u2013 der\u00fclt ki","og:url":"https:\/\/allasorias.hu\/hirek\/jarna-a-juttatas-irodai-szemuveg-lehetosege\/","og:image":"https:\/\/allasorias.hu\/hirek\/wp-content\/uploads\/2019\/05\/beautiful-blur-casual-935756.jpg","og:image:secure_url":"https:\/\/allasorias.hu\/hirek\/wp-content\/uploads\/2019\/05\/beautiful-blur-casual-935756.jpg","og:image:width":640,"og:image:height":426,"article:published_time":"2019-12-05T08:55:33+00:00","article:modified_time":"2019-12-05T08:55:33+00:00","article:publisher":"https:\/\/www.facebook.com\/allasorias","twitter:card":"summary_large_image","twitter:title":"J\u00e1rna a juttat\u00e1s \u2013 irodai szem\u00fcveg lehet\u0151s\u00e9ge | AllasOrias.hu | H\u00edrek-lapszemle","twitter:description":"A munkaad\u00f3k t\u00f6bb, mint a fele nincsen tiszt\u00e1ban a k\u00f6telez\u0151en (\u00e9s ingyenesen) biztos\u00edtand\u00f3 irodai szem\u00fcveg lehet\u0151s\u00e9g\u00e9vel. T\u00f6rv\u00e9ny \u00edrja el\u0151 a munkaad\u00f3k sz\u00e1m\u00e1ra, hogy a k\u00e9perny\u0151 el\u0151tti munkav\u00e9gz\u00e9s c\u00e9lj\u00e1b\u00f3l dolgoz\u00f3iknak ingyenesen biztos\u00edtsanak dioptri\u00e1s vagy monitorszem\u00fcveget, azonban 10-b\u0151l 9 irodai dolgoz\u00f3 \u00e9s a munk\u00e1ltat\u00f3k t\u00f6bb, mint a fele nem volt tiszt\u00e1ban ezzel a lehet\u0151s\u00e9ggel \u2013 der\u00fclt ki","twitter:image":"https:\/\/allasorias.hu\/hirek\/wp-content\/uploads\/2019\/05\/beautiful-blur-casual-935756.jpg","twitter:label1":"Written by","twitter:data1":"Juh\u00e1sz P\u00e9ter","twitter:label2":"Est. reading time","twitter:data2":"2 minutes"},"aioseo_meta_data":{"post_id":"3565","title":null,"description":null,"keywords":null,"keyphrases":null,"primary_term":null,"canonical_url":null,"og_title":null,"og_description":null,"og_object_type":"default","og_image_type":"default","og_image_url":null,"og_image_width":null,"og_image_height":null,"og_image_custom_url":null,"og_image_custom_fields":null,"og_video":null,"og_custom_url":null,"og_article_section":null,"og_article_tags":null,"twitter_use_og":false,"twitter_card":"default","twitter_image_type":"default","twitter_image_url":null,"twitter_image_custom_url":null,"twitter_image_custom_fields":null,"twitter_title":null,"twitter_description":null,"schema":{"blockGraphs":[],"customGraphs":[],"default":{"data":{"Article":[],"Course":[],"Dataset":[],"FAQPage":[],"Movie":[],"Person":[],"Product":[],"ProductReview":[],"Car":[],"Recipe":[],"Service":[],"SoftwareApplication":[],"WebPage":[]},"graphName":"","isEnabled":true},"graphs":[],"defaultGraph":"","defaultPostTypeGraph":""},"schema_type":null,"schema_type_options":null,"pillar_content":false,"robots_default":true,"robots_noindex":false,"robots_noarchive":false,"robots_nosnippet":false,"robots_nofollow":false,"robots_noimageindex":false,"robots_noodp":false,"robots_notranslate":false,"robots_max_snippet":null,"robots_max_videopreview":null,"robots_max_imagepreview":"large","priority":null,"frequency":null,"location":null,"local_seo":null,"breadcrumb_settings":null,"limit_modified_date":false,"ai":null,"created":"2021-02-01 22:54:09","updated":"2025-10-02 12:22:56","seo_analyzer_scan_date":null,"focus_keyword":null,"additional_keywords":null,"truseo_locale":null},"aioseo_breadcrumb":"<div class=\"aioseo-breadcrumbs\"><span class=\"aioseo-breadcrumb\">\n\t\t\t<a href=\"https:\/\/allasorias.hu\/hirek\" title=\"Home\">Home<\/a>\n\t\t<\/span><span class=\"aioseo-breadcrumb-separator\">&raquo;<\/span><span class=\"aioseo-breadcrumb\">\n\t\t\t<a href=\"https:\/\/allasorias.hu\/hirek\/temak\/munkaeropiac\/\" title=\"Munkaer\u0151piac\">Munkaer\u0151piac<\/a>\n\t\t<\/span><span class=\"aioseo-breadcrumb-separator\">&raquo;<\/span><span class=\"aioseo-breadcrumb\">\n\t\t\tJ\u00e1rna a juttat\u00e1s \u2013 irodai szem\u00fcveg lehet\u0151s\u00e9ge\n\t\t<\/span><\/div>","aioseo_breadcrumb_json":[{"label":"Home","link":"https:\/\/allasorias.hu\/hirek"},{"label":"Munkaer\u0151piac","link":"https:\/\/allasorias.hu\/hirek\/temak\/munkaeropiac\/"},{"label":"J\u00e1rna a juttat\u00e1s \u2013 irodai szem\u00fcveg lehet\u0151s\u00e9ge","link":"https:\/\/allasorias.hu\/hirek\/jarna-a-juttatas-irodai-szemuveg-lehetosege\/"}],"_links":{"self":[{"href":"https:\/\/allasorias.hu\/hirek\/wp-json\/wp\/v2\/posts\/3565","targetHints":{"allow":["GET"]}}],"collection":[{"href":"https:\/\/allasorias.hu\/hirek\/wp-json\/wp\/v2\/posts"}],"about":[{"href":"https:\/\/allasorias.hu\/hirek\/wp-json\/wp\/v2\/types\/post"}],"author":[{"embeddable":true,"href":"https:\/\/allasorias.hu\/hirek\/wp-json\/wp\/v2\/users\/1"}],"replies":[{"embeddable":true,"href":"https:\/\/allasorias.hu\/hirek\/wp-json\/wp\/v2\/comments?post=3565"}],"version-history":[{"count":1,"href":"https:\/\/allasorias.hu\/hirek\/wp-json\/wp\/v2\/posts\/3565\/revisions"}],"predecessor-version":[{"id":3566,"href":"https:\/\/allasorias.hu\/hirek\/wp-json\/wp\/v2\/posts\/3565\/revisions\/3566"}],"wp:featuredmedia":[{"embeddable":true,"href":"https:\/\/allasorias.hu\/hirek\/wp-json\/wp\/v2\/media\/2894"}],"wp:attachment":[{"href":"https:\/\/allasorias.hu\/hirek\/wp-json\/wp\/v2\/media?parent=3565"}],"wp:term":[{"taxonomy":"category","embeddable":true,"href":"https:\/\/allasorias.hu\/hirek\/wp-json\/wp\/v2\/categories?post=3565"},{"taxonomy":"post_tag","embeddable":true,"href":"https:\/\/allasorias.hu\/hirek\/wp-json\/wp\/v2\/tags?post=3565"}],"curies":[{"name":"wp","href":"https:\/\/api.w.org\/{rel}","templated":true}]}}