{"id":3563,"date":"2019-12-05T08:53:39","date_gmt":"2019-12-05T08:53:39","guid":{"rendered":"https:\/\/allasorias.hu\/hirek\/?p=3563"},"modified":"2019-12-05T08:53:39","modified_gmt":"2019-12-05T08:53:39","slug":"kisebb-lesz-a-szemelyi-jovedelemado-no-a-versenykepesseg","status":"publish","type":"post","link":"https:\/\/allasorias.hu\/hirek\/kisebb-lesz-a-szemelyi-jovedelemado-no-a-versenykepesseg\/","title":{"rendered":"Kisebb lesz a szem\u00e9lyi j\u00f6vedelemad\u00f3 \u2013 n\u0151 a versenyk\u00e9pess\u00e9g"},"content":{"rendered":"<p><strong>Az ad\u00f3m\u00e9rs\u00e9kl\u00e9s mellett a munkahelyteremt\u00e9s is l\u00e9nyeges szerepet j\u00e1tszott az elm\u00falt \u00e9vek gazdas\u00e1gi n\u00f6veked\u00e9s\u00e9ben \u2013 jelentette ki Domokos L\u00e1szl\u00f3, az \u00c1llami Sz\u00e1mvev\u0151sz\u00e9k eln\u00f6ke. \u00dagy v\u00e9lekedett, az \u00e1llamnak tov\u00e1bbra is t\u00e1mogatnia kell a munkahelyek l\u00e9trej\u00f6tt\u00e9t, de most m\u00e1r legink\u00e1bb olyan munkaer\u0151piaci programokat kell ind\u00edtania, amelyek jav\u00edtj\u00e1k a hat\u00e9konys\u00e1got, seg\u00edtik az innov\u00e1ci\u00f3t, vagyis lend\u00edtenek az orsz\u00e1g versenyk\u00e9pess\u00e9g\u00e9n. <\/strong><\/p>\n<p>A legfrissebb adatok szerint augusztus \u00e9s okt\u00f3ber k\u00f6z\u00f6tt 4,52 milli\u00f3 foglalkoztatottat tartott nyilv\u00e1n a K\u00f6zponti Statisztikai Hivatal. Az \u00e9rt\u00e9k 18 ezer f\u0151vel volt magasabb, mint tavaly, a foglalkoztat\u00e1si r\u00e1ta pedig hetven sz\u00e1zal\u00e9k f\u00f6l\u00e9 sz\u00f6k\u00f6tt. A sz\u00e1mok alapj\u00e1n azt mondhatjuk, l\u00e9nyeg\u00e9ben kialakult idehaza a munkaalap\u00fa t\u00e1rsadalom. A k\u00e9rd\u00e9s most az: hogyan tov\u00e1bb a munkahelyteremt\u00e9s \u00fcgy\u00e9ben. A magyar gazdas\u00e1g eredm\u00e9nyeiben meghat\u00e1roz\u00f3 jelent\u0151s\u00e9ge van a foglalkoztat\u00e1s b\u0151v\u00fcl\u00e9s\u00e9nek &#8211; jelentette ki az eln\u00f6k, majd egy friss \u00c1SZ-elemz\u00e9s k\u00f6vetkeztet\u00e9seire t\u00e1maszkodva azt mondta: a munkahelyteremt\u00e9s \u00e9s a foglalkoztat\u00e1sb\u0151v\u00edt\u00e9s \u00e1llami t\u00e1mogat\u00e1s\u00e1ban a mennyis\u00e9g helyett imm\u00e1r a min\u0151s\u00e9gre kell helyezni a hangs\u00falyt. Domokos L\u00e1szl\u00f3 magyar\u00e1zatk\u00e9nt kifejtette: az elm\u00falt \u00e9vekben nyilv\u00e1nval\u00f3 m\u00f3don az volt a legfontosabb, hogy min\u00e9l t\u00f6bb ember tudjon elhelyezkedni, ez\u00e9rt pedig nem egy esetben egyedi beruh\u00e1z\u00e1sokat is t\u00e1mogatott k\u00f6zp\u00e9nzb\u0151l az \u00e1llam. Az \u00c1SZ vezet\u0151je szerint m\u00e1ra a helyzet annyiban v\u00e1ltozott, hogy ink\u00e1bb a tud\u00e1sintenz\u00edv, a magas hozz\u00e1adott \u00e9rt\u00e9kkel b\u00edr\u00f3 ipari \u00e9s szolg\u00e1ltat\u00e1si ter\u00fcletek dot\u00e1l\u00e1sa c\u00e9lszer\u0171. A gazdas\u00e1g n\u00f6veked\u00e9s\u00e9t most m\u00e1r els\u0151sorban olyan munkahelyteremt\u00e9si programokkal lehet seg\u00edteni, amelyek az innov\u00e1ci\u00f3t, a fejleszt\u00e9st jutalmazz\u00e1k, tov\u00e1bb\u00e1 jav\u00edtj\u00e1k a v\u00e1llalkoz\u00e1sok hat\u00e9konys\u00e1g\u00e1t &#8211; mondta -, ezek a t\u00e9nyez\u0151k kellenek ugyanis ahhoz, hogy Magyarorsz\u00e1g versenyk\u00e9pesebb lehessen. A mindenkori kiad\u00e1sok rendez\u00e9s\u00e9t\u0151l vagy az ad\u00f3ss\u00e1gok t\u00f6rleszt\u00e9s\u00e9t\u0151l nyilv\u00e1nval\u00f3an nem lehet eltekinteni, ugyanakkor be is kell fektetni a j\u00f6v\u0151be. A munk\u00e1t terhel\u0151 ad\u00f3k cs\u00f6kkent\u00e9se az ilyen befektet\u00e9sek k\u00f6z\u00e9 tartozik &#8211; fogalmazott az \u00c1SZ eln\u00f6ke, hozz\u00e1t\u00e9ve: ez a befektet\u00e9s igen sz\u00e9p kamattal, megt\u00e9r\u00fcl\u00e9ssel kecsegtet. A munk\u00e1ra rak\u00f3d\u00f3 k\u00f6zterhek m\u00e9rs\u00e9kl\u00e9se ugyanis az egyik legkiv\u00e1l\u00f3bb eszk\u00f6z ahhoz, hogy az \u00e1llam v\u00e1llalkoz\u00e1sra, tervez\u00e9sre, beruh\u00e1z\u00e1sra sarkallja a mag\u00e1nszem\u00e9lyeket, a gazdas\u00e1gi szerepl\u0151ket. K\u00f6z\u00f6lte, hogy emiatt egyet\u00e9rt a szem\u00e9lyi j\u00f6vedelemad\u00f3 cs\u00f6kkent\u00e9s\u00e9vel, \u00e9s re\u00e1lisnak tartja, hogy az szja jelent\u0151s m\u00e9rs\u00e9kl\u00e9s\u00e9hez 2021-ben hozz\u00e1kezdjen a korm\u00e1nyzat. Az eln\u00f6k az egy sz\u00e1mjegy\u0171 szja-r\u00f3l is t\u00e1mogat\u00f3an sz\u00f3lt &#8211; vagyis arr\u00f3l, hogy a szem\u00e9lyi j\u00f6vedelemad\u00f3 jelenleg 15 sz\u00e1zal\u00e9kos kulcs\u00e1t legal\u00e1bb kilenc sz\u00e1zal\u00e9kra m\u00e9rs\u00e9kelje a t\u00f6rv\u00e9nyhoz\u00e1s. Az \u00c1SZ vezet\u0151je \u00f6sszegz\u00e9sk\u00e9ppen \u00fagy v\u00e9lekedett: egy nagyobb tehercs\u00f6kkent\u00e9s \u00e9rezhet\u0151en lend\u00edthetne az orsz\u00e1g versenyk\u00e9pess\u00e9g\u00e9n, ugyanakkor nyilv\u00e1nval\u00f3an oda kell figyelni a k\u00f6lts\u00e9gvet\u00e9sb\u0151l kies\u0151 bev\u00e9telek fedezet\u00e9re is &#8211; mondta a Magyar Nemzetnek.<\/p>\n<p>Forr\u00e1s: autopro.hu<\/p>\n","protected":false},"excerpt":{"rendered":"<p>Az ad\u00f3m\u00e9rs\u00e9kl\u00e9s mellett a munkahelyteremt\u00e9s is l\u00e9nyeges szerepet j\u00e1tszott az elm\u00falt \u00e9vek gazdas\u00e1gi n\u00f6veked\u00e9s\u00e9ben \u2013 jelentette ki Domokos L\u00e1szl\u00f3, az \u00c1llami Sz\u00e1mvev\u0151sz\u00e9k eln\u00f6ke. \u00dagy v\u00e9lekedett, az \u00e1llamnak tov\u00e1bbra is t\u00e1mogatnia kell a munkahelyek l\u00e9trej\u00f6tt\u00e9t, de most m\u00e1r legink\u00e1bb olyan munkaer\u0151piaci programokat kell ind\u00edtania, amelyek jav\u00edtj\u00e1k a hat\u00e9konys\u00e1got, seg\u00edtik az innov\u00e1ci\u00f3t, vagyis lend\u00edtenek az orsz\u00e1g versenyk\u00e9pess\u00e9g\u00e9n. [&hellip;]<\/p>\n","protected":false},"author":1,"featured_media":2316,"comment_status":"open","ping_status":"open","sticky":false,"template":"","format":"standard","meta":{"_monsterinsights_skip_tracking":false,"footnotes":""},"categories":[198,200],"tags":[],"class_list":["post-3563","post","type-post","status-publish","format-standard","has-post-thumbnail","hentry","category-gazdasag","category-munkaeropiac"],"aioseo_notices":[],"aioseo_head":"\n\t\t<!-- All in One SEO 5.0.0.1 - aioseo.com -->\n\t<meta name=\"description\" content=\"Az ad\u00f3m\u00e9rs\u00e9kl\u00e9s mellett a munkahelyteremt\u00e9s is l\u00e9nyeges szerepet j\u00e1tszott az elm\u00falt \u00e9vek gazdas\u00e1gi n\u00f6veked\u00e9s\u00e9ben \u2013 jelentette ki Domokos L\u00e1szl\u00f3, az \u00c1llami Sz\u00e1mvev\u0151sz\u00e9k eln\u00f6ke. \u00dagy v\u00e9lekedett, az \u00e1llamnak tov\u00e1bbra is t\u00e1mogatnia kell a munkahelyek l\u00e9trej\u00f6tt\u00e9t, de most m\u00e1r legink\u00e1bb olyan munkaer\u0151piaci programokat kell ind\u00edtania, amelyek jav\u00edtj\u00e1k a hat\u00e9konys\u00e1got, seg\u00edtik az innov\u00e1ci\u00f3t, vagyis lend\u00edtenek az orsz\u00e1g versenyk\u00e9pess\u00e9g\u00e9n.\" \/>\n\t<meta name=\"robots\" content=\"max-image-preview:large\" \/>\n\t<meta name=\"author\" content=\"Juh\u00e1sz P\u00e9ter\"\/>\n\t<link rel=\"canonical\" href=\"https:\/\/allasorias.hu\/hirek\/kisebb-lesz-a-szemelyi-jovedelemado-no-a-versenykepesseg\/\" \/>\n\t<meta name=\"generator\" content=\"All in One SEO (AIOSEO) 5.0.0.1\" \/>\n\t\t<meta property=\"og:locale\" content=\"hu_HU\" \/>\n\t\t<meta property=\"og:site_name\" content=\"AllasOrias.hu | H\u00edrek-lapszemle | \u00dczleti h\u00edrek az \u00e1ll\u00e1s \u00e9s a munka vil\u00e1g\u00e1b\u00f3l\" \/>\n\t\t<meta property=\"og:type\" content=\"article\" \/>\n\t\t<meta property=\"og:title\" content=\"Kisebb lesz a szem\u00e9lyi j\u00f6vedelemad\u00f3 \u2013 n\u0151 a versenyk\u00e9pess\u00e9g | AllasOrias.hu | H\u00edrek-lapszemle\" \/>\n\t\t<meta property=\"og:description\" content=\"Az ad\u00f3m\u00e9rs\u00e9kl\u00e9s mellett a munkahelyteremt\u00e9s is l\u00e9nyeges szerepet j\u00e1tszott az elm\u00falt \u00e9vek gazdas\u00e1gi n\u00f6veked\u00e9s\u00e9ben \u2013 jelentette ki Domokos L\u00e1szl\u00f3, az \u00c1llami Sz\u00e1mvev\u0151sz\u00e9k eln\u00f6ke. \u00dagy v\u00e9lekedett, az \u00e1llamnak tov\u00e1bbra is t\u00e1mogatnia kell a munkahelyek l\u00e9trej\u00f6tt\u00e9t, de most m\u00e1r legink\u00e1bb olyan munkaer\u0151piaci programokat kell ind\u00edtania, amelyek jav\u00edtj\u00e1k a hat\u00e9konys\u00e1got, seg\u00edtik az innov\u00e1ci\u00f3t, vagyis lend\u00edtenek az orsz\u00e1g versenyk\u00e9pess\u00e9g\u00e9n.\" \/>\n\t\t<meta property=\"og:url\" content=\"https:\/\/allasorias.hu\/hirek\/kisebb-lesz-a-szemelyi-jovedelemado-no-a-versenykepesseg\/\" \/>\n\t\t<meta property=\"og:image\" content=\"https:\/\/allasorias.hu\/hirek\/wp-content\/uploads\/2018\/12\/profits-1953616_640.jpg\" \/>\n\t\t<meta property=\"og:image:secure_url\" content=\"https:\/\/allasorias.hu\/hirek\/wp-content\/uploads\/2018\/12\/profits-1953616_640.jpg\" \/>\n\t\t<meta property=\"og:image:width\" content=\"640\" \/>\n\t\t<meta property=\"og:image:height\" content=\"400\" \/>\n\t\t<meta property=\"article:published_time\" content=\"2019-12-05T08:53:39+00:00\" \/>\n\t\t<meta property=\"article:modified_time\" content=\"2019-12-05T08:53:39+00:00\" \/>\n\t\t<meta property=\"article:publisher\" content=\"https:\/\/www.facebook.com\/allasorias\" \/>\n\t\t<meta name=\"twitter:card\" content=\"summary_large_image\" \/>\n\t\t<meta name=\"twitter:title\" content=\"Kisebb lesz a szem\u00e9lyi j\u00f6vedelemad\u00f3 \u2013 n\u0151 a versenyk\u00e9pess\u00e9g | AllasOrias.hu | H\u00edrek-lapszemle\" \/>\n\t\t<meta name=\"twitter:description\" content=\"Az ad\u00f3m\u00e9rs\u00e9kl\u00e9s mellett a munkahelyteremt\u00e9s is l\u00e9nyeges szerepet j\u00e1tszott az elm\u00falt \u00e9vek gazdas\u00e1gi n\u00f6veked\u00e9s\u00e9ben \u2013 jelentette ki Domokos L\u00e1szl\u00f3, az \u00c1llami Sz\u00e1mvev\u0151sz\u00e9k eln\u00f6ke. \u00dagy v\u00e9lekedett, az \u00e1llamnak tov\u00e1bbra is t\u00e1mogatnia kell a munkahelyek l\u00e9trej\u00f6tt\u00e9t, de most m\u00e1r legink\u00e1bb olyan munkaer\u0151piaci programokat kell ind\u00edtania, amelyek jav\u00edtj\u00e1k a hat\u00e9konys\u00e1got, seg\u00edtik az innov\u00e1ci\u00f3t, vagyis lend\u00edtenek az orsz\u00e1g versenyk\u00e9pess\u00e9g\u00e9n.\" \/>\n\t\t<meta name=\"twitter:image\" content=\"https:\/\/allasorias.hu\/hirek\/wp-content\/uploads\/2018\/12\/profits-1953616_640.jpg\" \/>\n\t\t<meta name=\"twitter:label1\" content=\"Written by\" \/>\n\t\t<meta name=\"twitter:data1\" content=\"Juh\u00e1sz P\u00e9ter\" \/>\n\t\t<meta name=\"twitter:label2\" content=\"Est. reading time\" \/>\n\t\t<meta name=\"twitter:data2\" content=\"3 minutes\" \/>\n\t\t<script type=\"application\/ld+json\" class=\"aioseo-schema\">\n\t\t\t{\"@context\":\"https:\\\/\\\/schema.org\",\"@graph\":[{\"@type\":\"Article\",\"@id\":\"https:\\\/\\\/allasorias.hu\\\/hirek\\\/kisebb-lesz-a-szemelyi-jovedelemado-no-a-versenykepesseg\\\/#article\",\"name\":\"Kisebb lesz a szem\\u00e9lyi j\\u00f6vedelemad\\u00f3 \\u2013 n\\u0151 a versenyk\\u00e9pess\\u00e9g | AllasOrias.hu | H\\u00edrek-lapszemle\",\"headline\":\"Kisebb lesz a szem\\u00e9lyi j\\u00f6vedelemad\\u00f3 \\u2013 n\\u0151 a versenyk\\u00e9pess\\u00e9g\",\"author\":{\"@id\":\"https:\\\/\\\/allasorias.hu\\\/hirek\\\/author\\\/admin-allasorias\\\/#author\"},\"publisher\":{\"@id\":\"https:\\\/\\\/allasorias.hu\\\/hirek\\\/#organization\"},\"image\":{\"@type\":\"ImageObject\",\"url\":\"https:\\\/\\\/allasorias.hu\\\/hirek\\\/wp-content\\\/uploads\\\/2018\\\/12\\\/profits-1953616_640.jpg\",\"width\":640,\"height\":400},\"datePublished\":\"2019-12-05T08:53:39+02:00\",\"dateModified\":\"2019-12-05T08:53:39+02:00\",\"inLanguage\":\"hu-HU\",\"mainEntityOfPage\":{\"@id\":\"https:\\\/\\\/allasorias.hu\\\/hirek\\\/kisebb-lesz-a-szemelyi-jovedelemado-no-a-versenykepesseg\\\/#webpage\"},\"isPartOf\":{\"@id\":\"https:\\\/\\\/allasorias.hu\\\/hirek\\\/kisebb-lesz-a-szemelyi-jovedelemado-no-a-versenykepesseg\\\/#webpage\"},\"articleSection\":\"Gazdas\\u00e1g, Munkaer\\u0151piac\"},{\"@type\":\"BreadcrumbList\",\"@id\":\"https:\\\/\\\/allasorias.hu\\\/hirek\\\/kisebb-lesz-a-szemelyi-jovedelemado-no-a-versenykepesseg\\\/#breadcrumblist\",\"itemListElement\":[{\"@type\":\"ListItem\",\"@id\":\"https:\\\/\\\/allasorias.hu\\\/hirek#listItem\",\"position\":1,\"name\":\"Home\",\"item\":\"https:\\\/\\\/allasorias.hu\\\/hirek\",\"nextItem\":{\"@type\":\"ListItem\",\"@id\":\"https:\\\/\\\/allasorias.hu\\\/hirek\\\/temak\\\/gazdasag\\\/#listItem\",\"name\":\"Gazdas\\u00e1g\"}},{\"@type\":\"ListItem\",\"@id\":\"https:\\\/\\\/allasorias.hu\\\/hirek\\\/temak\\\/gazdasag\\\/#listItem\",\"position\":2,\"name\":\"Gazdas\\u00e1g\",\"item\":\"https:\\\/\\\/allasorias.hu\\\/hirek\\\/temak\\\/gazdasag\\\/\",\"nextItem\":{\"@type\":\"ListItem\",\"@id\":\"https:\\\/\\\/allasorias.hu\\\/hirek\\\/kisebb-lesz-a-szemelyi-jovedelemado-no-a-versenykepesseg\\\/#listItem\",\"name\":\"Kisebb lesz a szem\\u00e9lyi j\\u00f6vedelemad\\u00f3 \\u2013 n\\u0151 a versenyk\\u00e9pess\\u00e9g\"},\"previousItem\":{\"@type\":\"ListItem\",\"@id\":\"https:\\\/\\\/allasorias.hu\\\/hirek#listItem\",\"name\":\"Home\"}},{\"@type\":\"ListItem\",\"@id\":\"https:\\\/\\\/allasorias.hu\\\/hirek\\\/kisebb-lesz-a-szemelyi-jovedelemado-no-a-versenykepesseg\\\/#listItem\",\"position\":3,\"name\":\"Kisebb lesz a szem\\u00e9lyi j\\u00f6vedelemad\\u00f3 \\u2013 n\\u0151 a versenyk\\u00e9pess\\u00e9g\",\"previousItem\":{\"@type\":\"ListItem\",\"@id\":\"https:\\\/\\\/allasorias.hu\\\/hirek\\\/temak\\\/gazdasag\\\/#listItem\",\"name\":\"Gazdas\\u00e1g\"}}]},{\"@type\":\"Organization\",\"@id\":\"https:\\\/\\\/allasorias.hu\\\/hirek\\\/#organization\",\"name\":\"AllasOrias.hu | H\\u00edrek-lapszemle\",\"description\":\"\\u00dczleti h\\u00edrek az \\u00e1ll\\u00e1s \\u00e9s a munka vil\\u00e1g\\u00e1b\\u00f3l\",\"url\":\"https:\\\/\\\/allasorias.hu\\\/hirek\\\/\",\"logo\":{\"@type\":\"ImageObject\",\"url\":\"https:\\\/\\\/allasorias.hu\\\/hirek\\\/wp-content\\\/uploads\\\/2022\\\/10\\\/allasorias_site_facebok_logo.png\",\"@id\":\"https:\\\/\\\/allasorias.hu\\\/hirek\\\/kisebb-lesz-a-szemelyi-jovedelemado-no-a-versenykepesseg\\\/#organizationLogo\"},\"image\":{\"@id\":\"https:\\\/\\\/allasorias.hu\\\/hirek\\\/kisebb-lesz-a-szemelyi-jovedelemado-no-a-versenykepesseg\\\/#organizationLogo\"},\"sameAs\":[\"https:\\\/\\\/www.facebook.com\\\/allasorias\",\"https:\\\/\\\/www.linkedin.com\\\/company\\\/allasorias\"]},{\"@type\":\"Person\",\"@id\":\"https:\\\/\\\/allasorias.hu\\\/hirek\\\/author\\\/admin-allasorias\\\/#author\",\"url\":\"https:\\\/\\\/allasorias.hu\\\/hirek\\\/author\\\/admin-allasorias\\\/\",\"name\":\"Juh\\u00e1sz P\\u00e9ter\",\"image\":{\"@type\":\"ImageObject\",\"@id\":\"https:\\\/\\\/allasorias.hu\\\/hirek\\\/kisebb-lesz-a-szemelyi-jovedelemado-no-a-versenykepesseg\\\/#authorImage\",\"url\":\"https:\\\/\\\/secure.gravatar.com\\\/avatar\\\/36e6bcb83148978b992977cb0f54d22feb0cce8a0a849a9410532bb2623ba4c6?s=96&d=mm&r=g\",\"width\":96,\"height\":96,\"caption\":\"Juh\\u00e1sz P\\u00e9ter\"}},{\"@type\":\"WebPage\",\"@id\":\"https:\\\/\\\/allasorias.hu\\\/hirek\\\/kisebb-lesz-a-szemelyi-jovedelemado-no-a-versenykepesseg\\\/#webpage\",\"url\":\"https:\\\/\\\/allasorias.hu\\\/hirek\\\/kisebb-lesz-a-szemelyi-jovedelemado-no-a-versenykepesseg\\\/\",\"name\":\"Kisebb lesz a szem\\u00e9lyi j\\u00f6vedelemad\\u00f3 \\u2013 n\\u0151 a versenyk\\u00e9pess\\u00e9g | AllasOrias.hu | H\\u00edrek-lapszemle\",\"description\":\"Az ad\\u00f3m\\u00e9rs\\u00e9kl\\u00e9s mellett a munkahelyteremt\\u00e9s is l\\u00e9nyeges szerepet j\\u00e1tszott az elm\\u00falt \\u00e9vek gazdas\\u00e1gi n\\u00f6veked\\u00e9s\\u00e9ben \\u2013 jelentette ki Domokos L\\u00e1szl\\u00f3, az \\u00c1llami Sz\\u00e1mvev\\u0151sz\\u00e9k eln\\u00f6ke. \\u00dagy v\\u00e9lekedett, az \\u00e1llamnak tov\\u00e1bbra is t\\u00e1mogatnia kell a munkahelyek l\\u00e9trej\\u00f6tt\\u00e9t, de most m\\u00e1r legink\\u00e1bb olyan munkaer\\u0151piaci programokat kell ind\\u00edtania, amelyek jav\\u00edtj\\u00e1k a hat\\u00e9konys\\u00e1got, seg\\u00edtik az innov\\u00e1ci\\u00f3t, vagyis lend\\u00edtenek az orsz\\u00e1g versenyk\\u00e9pess\\u00e9g\\u00e9n.\",\"inLanguage\":\"hu-HU\",\"isPartOf\":{\"@id\":\"https:\\\/\\\/allasorias.hu\\\/hirek\\\/#website\"},\"breadcrumb\":{\"@id\":\"https:\\\/\\\/allasorias.hu\\\/hirek\\\/kisebb-lesz-a-szemelyi-jovedelemado-no-a-versenykepesseg\\\/#breadcrumblist\"},\"author\":{\"@id\":\"https:\\\/\\\/allasorias.hu\\\/hirek\\\/author\\\/admin-allasorias\\\/#author\"},\"creator\":{\"@id\":\"https:\\\/\\\/allasorias.hu\\\/hirek\\\/author\\\/admin-allasorias\\\/#author\"},\"image\":{\"@type\":\"ImageObject\",\"url\":\"https:\\\/\\\/allasorias.hu\\\/hirek\\\/wp-content\\\/uploads\\\/2018\\\/12\\\/profits-1953616_640.jpg\",\"@id\":\"https:\\\/\\\/allasorias.hu\\\/hirek\\\/kisebb-lesz-a-szemelyi-jovedelemado-no-a-versenykepesseg\\\/#mainImage\",\"width\":640,\"height\":400},\"primaryImageOfPage\":{\"@id\":\"https:\\\/\\\/allasorias.hu\\\/hirek\\\/kisebb-lesz-a-szemelyi-jovedelemado-no-a-versenykepesseg\\\/#mainImage\"},\"datePublished\":\"2019-12-05T08:53:39+02:00\",\"dateModified\":\"2019-12-05T08:53:39+02:00\"},{\"@type\":\"WebSite\",\"@id\":\"https:\\\/\\\/allasorias.hu\\\/hirek\\\/#website\",\"url\":\"https:\\\/\\\/allasorias.hu\\\/hirek\\\/\",\"name\":\"AllasOrias.hu | H\\u00edrek-lapszemle\",\"description\":\"\\u00dczleti h\\u00edrek az \\u00e1ll\\u00e1s \\u00e9s a munka vil\\u00e1g\\u00e1b\\u00f3l\",\"inLanguage\":\"hu-HU\",\"publisher\":{\"@id\":\"https:\\\/\\\/allasorias.hu\\\/hirek\\\/#organization\"}}]}\n\t\t<\/script>\n\t\t<!-- All in One SEO -->\n\n","aioseo_head_json":{"title":"Kisebb lesz a szem\u00e9lyi j\u00f6vedelemad\u00f3 \u2013 n\u0151 a versenyk\u00e9pess\u00e9g | AllasOrias.hu | H\u00edrek-lapszemle","description":"Az ad\u00f3m\u00e9rs\u00e9kl\u00e9s mellett a munkahelyteremt\u00e9s is l\u00e9nyeges szerepet j\u00e1tszott az elm\u00falt \u00e9vek gazdas\u00e1gi n\u00f6veked\u00e9s\u00e9ben \u2013 jelentette ki Domokos L\u00e1szl\u00f3, az \u00c1llami Sz\u00e1mvev\u0151sz\u00e9k eln\u00f6ke. \u00dagy v\u00e9lekedett, az \u00e1llamnak tov\u00e1bbra is t\u00e1mogatnia kell a munkahelyek l\u00e9trej\u00f6tt\u00e9t, de most m\u00e1r legink\u00e1bb olyan munkaer\u0151piaci programokat kell ind\u00edtania, amelyek jav\u00edtj\u00e1k a hat\u00e9konys\u00e1got, seg\u00edtik az innov\u00e1ci\u00f3t, vagyis lend\u00edtenek az orsz\u00e1g versenyk\u00e9pess\u00e9g\u00e9n.","canonical_url":"https:\/\/allasorias.hu\/hirek\/kisebb-lesz-a-szemelyi-jovedelemado-no-a-versenykepesseg\/","robots":"max-image-preview:large","keywords":"","webmasterTools":{"miscellaneous":""},"schema":{"@context":"https:\/\/schema.org","@graph":[{"@type":"Article","@id":"https:\/\/allasorias.hu\/hirek\/kisebb-lesz-a-szemelyi-jovedelemado-no-a-versenykepesseg\/#article","name":"Kisebb lesz a szem\u00e9lyi j\u00f6vedelemad\u00f3 \u2013 n\u0151 a versenyk\u00e9pess\u00e9g | AllasOrias.hu | H\u00edrek-lapszemle","headline":"Kisebb lesz a szem\u00e9lyi j\u00f6vedelemad\u00f3 \u2013 n\u0151 a versenyk\u00e9pess\u00e9g","author":{"@id":"https:\/\/allasorias.hu\/hirek\/author\/admin-allasorias\/#author"},"publisher":{"@id":"https:\/\/allasorias.hu\/hirek\/#organization"},"image":{"@type":"ImageObject","url":"https:\/\/allasorias.hu\/hirek\/wp-content\/uploads\/2018\/12\/profits-1953616_640.jpg","width":640,"height":400},"datePublished":"2019-12-05T08:53:39+02:00","dateModified":"2019-12-05T08:53:39+02:00","inLanguage":"hu-HU","mainEntityOfPage":{"@id":"https:\/\/allasorias.hu\/hirek\/kisebb-lesz-a-szemelyi-jovedelemado-no-a-versenykepesseg\/#webpage"},"isPartOf":{"@id":"https:\/\/allasorias.hu\/hirek\/kisebb-lesz-a-szemelyi-jovedelemado-no-a-versenykepesseg\/#webpage"},"articleSection":"Gazdas\u00e1g, Munkaer\u0151piac"},{"@type":"BreadcrumbList","@id":"https:\/\/allasorias.hu\/hirek\/kisebb-lesz-a-szemelyi-jovedelemado-no-a-versenykepesseg\/#breadcrumblist","itemListElement":[{"@type":"ListItem","@id":"https:\/\/allasorias.hu\/hirek#listItem","position":1,"name":"Home","item":"https:\/\/allasorias.hu\/hirek","nextItem":{"@type":"ListItem","@id":"https:\/\/allasorias.hu\/hirek\/temak\/gazdasag\/#listItem","name":"Gazdas\u00e1g"}},{"@type":"ListItem","@id":"https:\/\/allasorias.hu\/hirek\/temak\/gazdasag\/#listItem","position":2,"name":"Gazdas\u00e1g","item":"https:\/\/allasorias.hu\/hirek\/temak\/gazdasag\/","nextItem":{"@type":"ListItem","@id":"https:\/\/allasorias.hu\/hirek\/kisebb-lesz-a-szemelyi-jovedelemado-no-a-versenykepesseg\/#listItem","name":"Kisebb lesz a szem\u00e9lyi j\u00f6vedelemad\u00f3 \u2013 n\u0151 a versenyk\u00e9pess\u00e9g"},"previousItem":{"@type":"ListItem","@id":"https:\/\/allasorias.hu\/hirek#listItem","name":"Home"}},{"@type":"ListItem","@id":"https:\/\/allasorias.hu\/hirek\/kisebb-lesz-a-szemelyi-jovedelemado-no-a-versenykepesseg\/#listItem","position":3,"name":"Kisebb lesz a szem\u00e9lyi j\u00f6vedelemad\u00f3 \u2013 n\u0151 a versenyk\u00e9pess\u00e9g","previousItem":{"@type":"ListItem","@id":"https:\/\/allasorias.hu\/hirek\/temak\/gazdasag\/#listItem","name":"Gazdas\u00e1g"}}]},{"@type":"Organization","@id":"https:\/\/allasorias.hu\/hirek\/#organization","name":"AllasOrias.hu | H\u00edrek-lapszemle","description":"\u00dczleti h\u00edrek az \u00e1ll\u00e1s \u00e9s a munka vil\u00e1g\u00e1b\u00f3l","url":"https:\/\/allasorias.hu\/hirek\/","logo":{"@type":"ImageObject","url":"https:\/\/allasorias.hu\/hirek\/wp-content\/uploads\/2022\/10\/allasorias_site_facebok_logo.png","@id":"https:\/\/allasorias.hu\/hirek\/kisebb-lesz-a-szemelyi-jovedelemado-no-a-versenykepesseg\/#organizationLogo"},"image":{"@id":"https:\/\/allasorias.hu\/hirek\/kisebb-lesz-a-szemelyi-jovedelemado-no-a-versenykepesseg\/#organizationLogo"},"sameAs":["https:\/\/www.facebook.com\/allasorias","https:\/\/www.linkedin.com\/company\/allasorias"]},{"@type":"Person","@id":"https:\/\/allasorias.hu\/hirek\/author\/admin-allasorias\/#author","url":"https:\/\/allasorias.hu\/hirek\/author\/admin-allasorias\/","name":"Juh\u00e1sz P\u00e9ter","image":{"@type":"ImageObject","@id":"https:\/\/allasorias.hu\/hirek\/kisebb-lesz-a-szemelyi-jovedelemado-no-a-versenykepesseg\/#authorImage","url":"https:\/\/secure.gravatar.com\/avatar\/36e6bcb83148978b992977cb0f54d22feb0cce8a0a849a9410532bb2623ba4c6?s=96&d=mm&r=g","width":96,"height":96,"caption":"Juh\u00e1sz P\u00e9ter"}},{"@type":"WebPage","@id":"https:\/\/allasorias.hu\/hirek\/kisebb-lesz-a-szemelyi-jovedelemado-no-a-versenykepesseg\/#webpage","url":"https:\/\/allasorias.hu\/hirek\/kisebb-lesz-a-szemelyi-jovedelemado-no-a-versenykepesseg\/","name":"Kisebb lesz a szem\u00e9lyi j\u00f6vedelemad\u00f3 \u2013 n\u0151 a versenyk\u00e9pess\u00e9g | AllasOrias.hu | H\u00edrek-lapszemle","description":"Az ad\u00f3m\u00e9rs\u00e9kl\u00e9s mellett a munkahelyteremt\u00e9s is l\u00e9nyeges szerepet j\u00e1tszott az elm\u00falt \u00e9vek gazdas\u00e1gi n\u00f6veked\u00e9s\u00e9ben \u2013 jelentette ki Domokos L\u00e1szl\u00f3, az \u00c1llami Sz\u00e1mvev\u0151sz\u00e9k eln\u00f6ke. \u00dagy v\u00e9lekedett, az \u00e1llamnak tov\u00e1bbra is t\u00e1mogatnia kell a munkahelyek l\u00e9trej\u00f6tt\u00e9t, de most m\u00e1r legink\u00e1bb olyan munkaer\u0151piaci programokat kell ind\u00edtania, amelyek jav\u00edtj\u00e1k a hat\u00e9konys\u00e1got, seg\u00edtik az innov\u00e1ci\u00f3t, vagyis lend\u00edtenek az orsz\u00e1g versenyk\u00e9pess\u00e9g\u00e9n.","inLanguage":"hu-HU","isPartOf":{"@id":"https:\/\/allasorias.hu\/hirek\/#website"},"breadcrumb":{"@id":"https:\/\/allasorias.hu\/hirek\/kisebb-lesz-a-szemelyi-jovedelemado-no-a-versenykepesseg\/#breadcrumblist"},"author":{"@id":"https:\/\/allasorias.hu\/hirek\/author\/admin-allasorias\/#author"},"creator":{"@id":"https:\/\/allasorias.hu\/hirek\/author\/admin-allasorias\/#author"},"image":{"@type":"ImageObject","url":"https:\/\/allasorias.hu\/hirek\/wp-content\/uploads\/2018\/12\/profits-1953616_640.jpg","@id":"https:\/\/allasorias.hu\/hirek\/kisebb-lesz-a-szemelyi-jovedelemado-no-a-versenykepesseg\/#mainImage","width":640,"height":400},"primaryImageOfPage":{"@id":"https:\/\/allasorias.hu\/hirek\/kisebb-lesz-a-szemelyi-jovedelemado-no-a-versenykepesseg\/#mainImage"},"datePublished":"2019-12-05T08:53:39+02:00","dateModified":"2019-12-05T08:53:39+02:00"},{"@type":"WebSite","@id":"https:\/\/allasorias.hu\/hirek\/#website","url":"https:\/\/allasorias.hu\/hirek\/","name":"AllasOrias.hu | H\u00edrek-lapszemle","description":"\u00dczleti h\u00edrek az \u00e1ll\u00e1s \u00e9s a munka vil\u00e1g\u00e1b\u00f3l","inLanguage":"hu-HU","publisher":{"@id":"https:\/\/allasorias.hu\/hirek\/#organization"}}]},"og:locale":"hu_HU","og:site_name":"AllasOrias.hu | H\u00edrek-lapszemle | \u00dczleti h\u00edrek az \u00e1ll\u00e1s \u00e9s a munka vil\u00e1g\u00e1b\u00f3l","og:type":"article","og:title":"Kisebb lesz a szem\u00e9lyi j\u00f6vedelemad\u00f3 \u2013 n\u0151 a versenyk\u00e9pess\u00e9g | AllasOrias.hu | H\u00edrek-lapszemle","og:description":"Az ad\u00f3m\u00e9rs\u00e9kl\u00e9s mellett a munkahelyteremt\u00e9s is l\u00e9nyeges szerepet j\u00e1tszott az elm\u00falt \u00e9vek gazdas\u00e1gi n\u00f6veked\u00e9s\u00e9ben \u2013 jelentette ki Domokos L\u00e1szl\u00f3, az \u00c1llami Sz\u00e1mvev\u0151sz\u00e9k eln\u00f6ke. \u00dagy v\u00e9lekedett, az \u00e1llamnak tov\u00e1bbra is t\u00e1mogatnia kell a munkahelyek l\u00e9trej\u00f6tt\u00e9t, de most m\u00e1r legink\u00e1bb olyan munkaer\u0151piaci programokat kell ind\u00edtania, amelyek jav\u00edtj\u00e1k a hat\u00e9konys\u00e1got, seg\u00edtik az innov\u00e1ci\u00f3t, vagyis lend\u00edtenek az orsz\u00e1g versenyk\u00e9pess\u00e9g\u00e9n.","og:url":"https:\/\/allasorias.hu\/hirek\/kisebb-lesz-a-szemelyi-jovedelemado-no-a-versenykepesseg\/","og:image":"https:\/\/allasorias.hu\/hirek\/wp-content\/uploads\/2018\/12\/profits-1953616_640.jpg","og:image:secure_url":"https:\/\/allasorias.hu\/hirek\/wp-content\/uploads\/2018\/12\/profits-1953616_640.jpg","og:image:width":640,"og:image:height":400,"article:published_time":"2019-12-05T08:53:39+00:00","article:modified_time":"2019-12-05T08:53:39+00:00","article:publisher":"https:\/\/www.facebook.com\/allasorias","twitter:card":"summary_large_image","twitter:title":"Kisebb lesz a szem\u00e9lyi j\u00f6vedelemad\u00f3 \u2013 n\u0151 a versenyk\u00e9pess\u00e9g | AllasOrias.hu | H\u00edrek-lapszemle","twitter:description":"Az ad\u00f3m\u00e9rs\u00e9kl\u00e9s mellett a munkahelyteremt\u00e9s is l\u00e9nyeges szerepet j\u00e1tszott az elm\u00falt \u00e9vek gazdas\u00e1gi n\u00f6veked\u00e9s\u00e9ben \u2013 jelentette ki Domokos L\u00e1szl\u00f3, az \u00c1llami Sz\u00e1mvev\u0151sz\u00e9k eln\u00f6ke. \u00dagy v\u00e9lekedett, az \u00e1llamnak tov\u00e1bbra is t\u00e1mogatnia kell a munkahelyek l\u00e9trej\u00f6tt\u00e9t, de most m\u00e1r legink\u00e1bb olyan munkaer\u0151piaci programokat kell ind\u00edtania, amelyek jav\u00edtj\u00e1k a hat\u00e9konys\u00e1got, seg\u00edtik az innov\u00e1ci\u00f3t, vagyis lend\u00edtenek az orsz\u00e1g versenyk\u00e9pess\u00e9g\u00e9n.","twitter:image":"https:\/\/allasorias.hu\/hirek\/wp-content\/uploads\/2018\/12\/profits-1953616_640.jpg","twitter:label1":"Written by","twitter:data1":"Juh\u00e1sz P\u00e9ter","twitter:label2":"Est. reading time","twitter:data2":"3 minutes"},"aioseo_meta_data":{"post_id":"3563","title":null,"description":null,"keywords":null,"keyphrases":null,"primary_term":null,"canonical_url":null,"og_title":null,"og_description":null,"og_object_type":"default","og_image_type":"default","og_image_url":null,"og_image_width":null,"og_image_height":null,"og_image_custom_url":null,"og_image_custom_fields":null,"og_video":null,"og_custom_url":null,"og_article_section":null,"og_article_tags":null,"twitter_use_og":false,"twitter_card":"default","twitter_image_type":"default","twitter_image_url":null,"twitter_image_custom_url":null,"twitter_image_custom_fields":null,"twitter_title":null,"twitter_description":null,"schema":{"blockGraphs":[],"customGraphs":[],"default":{"data":{"Article":[],"Course":[],"Dataset":[],"FAQPage":[],"Movie":[],"Person":[],"Product":[],"ProductReview":[],"Car":[],"Recipe":[],"Service":[],"SoftwareApplication":[],"WebPage":[]},"graphName":"","isEnabled":true},"graphs":[],"defaultGraph":"","defaultPostTypeGraph":""},"schema_type":null,"schema_type_options":null,"pillar_content":false,"robots_default":true,"robots_noindex":false,"robots_noarchive":false,"robots_nosnippet":false,"robots_nofollow":false,"robots_noimageindex":false,"robots_noodp":false,"robots_notranslate":false,"robots_max_snippet":null,"robots_max_videopreview":null,"robots_max_imagepreview":"large","priority":null,"frequency":null,"location":null,"local_seo":null,"breadcrumb_settings":null,"limit_modified_date":false,"ai":null,"created":"2021-02-01 22:54:09","updated":"2025-10-02 12:22:56","seo_analyzer_scan_date":null,"focus_keyword":null,"additional_keywords":null,"truseo_locale":null},"aioseo_breadcrumb":"<div class=\"aioseo-breadcrumbs\"><span class=\"aioseo-breadcrumb\">\n\t\t\t<a href=\"https:\/\/allasorias.hu\/hirek\" title=\"Home\">Home<\/a>\n\t\t<\/span><span class=\"aioseo-breadcrumb-separator\">&raquo;<\/span><span class=\"aioseo-breadcrumb\">\n\t\t\t<a href=\"https:\/\/allasorias.hu\/hirek\/temak\/gazdasag\/\" title=\"Gazdas\u00e1g\">Gazdas\u00e1g<\/a>\n\t\t<\/span><span class=\"aioseo-breadcrumb-separator\">&raquo;<\/span><span class=\"aioseo-breadcrumb\">\n\t\t\tKisebb lesz a szem\u00e9lyi j\u00f6vedelemad\u00f3 \u2013 n\u0151 a versenyk\u00e9pess\u00e9g\n\t\t<\/span><\/div>","aioseo_breadcrumb_json":[{"label":"Home","link":"https:\/\/allasorias.hu\/hirek"},{"label":"Gazdas\u00e1g","link":"https:\/\/allasorias.hu\/hirek\/temak\/gazdasag\/"},{"label":"Kisebb lesz a szem\u00e9lyi j\u00f6vedelemad\u00f3 \u2013 n\u0151 a versenyk\u00e9pess\u00e9g","link":"https:\/\/allasorias.hu\/hirek\/kisebb-lesz-a-szemelyi-jovedelemado-no-a-versenykepesseg\/"}],"_links":{"self":[{"href":"https:\/\/allasorias.hu\/hirek\/wp-json\/wp\/v2\/posts\/3563","targetHints":{"allow":["GET"]}}],"collection":[{"href":"https:\/\/allasorias.hu\/hirek\/wp-json\/wp\/v2\/posts"}],"about":[{"href":"https:\/\/allasorias.hu\/hirek\/wp-json\/wp\/v2\/types\/post"}],"author":[{"embeddable":true,"href":"https:\/\/allasorias.hu\/hirek\/wp-json\/wp\/v2\/users\/1"}],"replies":[{"embeddable":true,"href":"https:\/\/allasorias.hu\/hirek\/wp-json\/wp\/v2\/comments?post=3563"}],"version-history":[{"count":1,"href":"https:\/\/allasorias.hu\/hirek\/wp-json\/wp\/v2\/posts\/3563\/revisions"}],"predecessor-version":[{"id":3564,"href":"https:\/\/allasorias.hu\/hirek\/wp-json\/wp\/v2\/posts\/3563\/revisions\/3564"}],"wp:featuredmedia":[{"embeddable":true,"href":"https:\/\/allasorias.hu\/hirek\/wp-json\/wp\/v2\/media\/2316"}],"wp:attachment":[{"href":"https:\/\/allasorias.hu\/hirek\/wp-json\/wp\/v2\/media?parent=3563"}],"wp:term":[{"taxonomy":"category","embeddable":true,"href":"https:\/\/allasorias.hu\/hirek\/wp-json\/wp\/v2\/categories?post=3563"},{"taxonomy":"post_tag","embeddable":true,"href":"https:\/\/allasorias.hu\/hirek\/wp-json\/wp\/v2\/tags?post=3563"}],"curies":[{"name":"wp","href":"https:\/\/api.w.org\/{rel}","templated":true}]}}