{"id":3558,"date":"2019-12-04T08:07:39","date_gmt":"2019-12-04T08:07:39","guid":{"rendered":"https:\/\/allasorias.hu\/hirek\/?p=3558"},"modified":"2019-12-04T08:07:39","modified_gmt":"2019-12-04T08:07:39","slug":"uj-megvilagitasban-a-munka","status":"publish","type":"post","link":"https:\/\/allasorias.hu\/hirek\/uj-megvilagitasban-a-munka\/","title":{"rendered":"\u00daj megvil\u00e1g\u00edt\u00e1sban a munka"},"content":{"rendered":"<p><strong>\u00c1talak\u00edtja a munk\u00e1t az 5G. A k\u00f6vetkez\u0151 gener\u00e1ci\u00f3s mobilh\u00e1l\u00f3zat az \u00e9let rengeteg ter\u00fclet\u00e9n hoz majd forradalmi v\u00e1ltoz\u00e1sokat, az 5G sz\u00e1mos ipar\u00e1gat gy\u00f6keresen alak\u00edt majd \u00e1t. M\u00e1ra a munkahely fogalma teljess\u00e9ggel relativiz\u00e1l\u00f3dott.<\/strong><\/p>\n<p>Az internetnek k\u00f6sz\u00f6nhet\u0151en b\u00e1rhol berendezhetj\u00fck az irod\u00e1nkat: dolgozhatunk otthonr\u00f3l, egy k\u00e1v\u00e9h\u00e1zb\u00f3l, vagy ak\u00e1r egy a felh\u0151ket \u00e1tszel\u0151 rep\u00fcl\u0151g\u00e9pr\u0151l is, a l\u00e9nyeg, hogy olyan t\u00edpus\u00fa munk\u00e1t v\u00e9gezz\u00fcnk, melyn\u00e9l a t\u00e9nyleges fizikai jelenl\u00e9t nem alapvet\u0151 k\u00f6vetelm\u00e9ny. A t\u00e1vmunka fogalom j\u00f3l ki is fejezi ezt a helyzetet, val\u00f3ban a t\u00e1volb\u00f3l val\u00f3 munkav\u00e9gz\u00e9st jelenti &#8211; mi itt vagyunk, az elv\u00e9gzend\u0151 munka pedig ott, a kett\u0151 k\u00f6z\u00f6tti kapcsolatot pedig megteremti a vil\u00e1gh\u00e1l\u00f3. M\u00e1s sz\u00f3val m\u00edg az alapvet\u0151 internet-hozz\u00e1f\u00e9r\u00e9s lehet\u0151v\u00e9 teszi a t\u00e1voli munk\u00e1t, addig az 5G \u00e9s az XR (Extended Reality, vagyis a kiterjesztett val\u00f3s\u00e1g) a t\u00e9nyleges gyakorlati munka lehet\u0151s\u00e9g\u00e9t biztos\u00edtja egy m\u00e1sik helysz\u00ednen, mintha val\u00f3ban ott is voln\u00e1nk. Az \u00fajabb \u00e9s \u00fajabb lehet\u0151s\u00e9geket a technol\u00f3gia fejl\u0151d\u00e9se hozza el: az internetes honlapok b\u00f6ng\u00e9sz\u00e9se az\u00f3ta \u00e9lvezhet\u0151, amikor a 2G-r\u00f3l a 3G-re v\u00e1ltottunk, HD-vide\u00f3k pedig az\u00f3ta n\u00e9zhet\u0151ek okostelefonon, wifi-h\u00e1l\u00f3zatokt\u00f3l t\u00e1vol, ami\u00f3ta a 4G felv\u00e1ltotta a 3G-t.\u00c9s most itt az \u00fajabb ugr\u00e1s, amikor is a mennyis\u00e9g val\u00f3ban min\u0151s\u00e9gbe csap \u00e1t, a 4-r\u00f3l az 5-re jutni val\u00f3ban forradalmi v\u00e1ltoz\u00e1st jelent a virtualit\u00e1s \u00e9s a val\u00f3s\u00e1g eddig gondosan elszepar\u00e1lt vil\u00e1g\u00e1ban. Hat alapvet\u00e9s, amely meghat\u00e1rozza majd a munkaer\u0151piacot az 5G bel\u00e9p\u00e9se ut\u00e1n: a munkahely fogalma egyre k\u00e9pl\u00e9kenyebb\u00e9 v\u00e1lik, a t\u00e1vmunk\u00e1val ellent\u00e9tben, amely \u2013 szimbolikusan &#8211; t\u00e1voli helyekr\u0151l vezet minket a munkav\u00e9gz\u00e9s sz\u00ednhely\u00e9re, az 5G \u00e9s az XR a munkahelyet hozza el hozz\u00e1nk.\u00a0 Az \u00e1ll\u00e1shalmoz\u00e1s m\u00e1r nem kiv\u00e9tel, sokkal ink\u00e1bb szab\u00e1ly lesz.\u00a0 Azok a seb\u00e9szek vagy m\u00e1s specialist\u00e1k, akik eddig csak egy vagy k\u00e9t k\u00f3rh\u00e1zban, gyakorlatilag egy sz\u0171k r\u00e9gi\u00f3ban tehettek eleget gy\u00f3gy\u00edt\u00f3 munk\u00e1juknak, lehettek a betegek seg\u00edts\u00e9g\u00e9re, mostant\u00f3l felszabadulhatnak a lokalit\u00e1s k\u00e9nyszere al\u00f3l, hiszen az 5G seg\u00edts\u00e9g\u00e9vel b\u00e1rmely f\u00f6ldr\u00e9sz b\u00e1rmely m\u0171t\u0151j\u00e9ben oper\u00e1lhatnak majd.\u00a0 A munkav\u00e9gz\u00e9s hat\u00e9konys\u00e1ga nagyobb lesz, mint, ha val\u00f3ban \u201eott\u201d lenn\u00e9nk.\u00a0 Kit\u00e1gulnak a t\u00e1vk\u00e9pz\u00e9s t\u00e1vlatai, azaz a hat\u00e1r a csillagos \u00e9g Az 5G, de k\u00fcl\u00f6n\u00f6sen az XR hamarosan lehet\u0151v\u00e9 teszi a munkav\u00e1llal\u00f3k k\u00e9pz\u00e9s\u00e9t b\u00e1rhol \u00e9s b\u00e1rmikor, glob\u00e1lis szinten, m\u00e9gpedig oly m\u00f3don, ami gyakorlatilag megk\u00fcl\u00f6nb\u00f6ztethetetlen lesz majd a munkahelyi tapasztalati tanul\u00e1st\u00f3l, \u00e9s hat\u00e9konys\u00e1g\u00e1ban fel\u00fcl is m\u00falhatja az el\u0151bbit. Az 5G \u00e9s az XR r\u00e9v\u00e9n egyre t\u00f6bb embernek lesz lehet\u0151s\u00e9ge arra, hogy egyszerre t\u00f6bb v\u00e1llalatn\u00e1l dolgozzon, ez a t\u00e9ny pedig a v\u00e1llalatok \u00e9s az alkalmazottak k\u00f6z\u00f6tti kapcsolat is dr\u00e1maian meg fogja v\u00e1ltoztatni. 6. Sokak sz\u00e1m\u00e1ra jelent majd vesz\u00e9lyt a fokozott ki\u00e9g\u00e9s Mivel az 5G \u00e9s az XR az alkalmazottak sz\u00e1m\u00e1ra lehet\u0151v\u00e9 teszi majd, hogy szinte b\u00e1rmilyen feladatot b\u00e1rmikor el tudjanak v\u00e9gezni, \u00edgy re\u00e1lis a vesz\u00e9ly, hogy egym\u00e1sba cs\u00faszik a munka \u00e9s a szabadid\u0151, ezeket hamarosan semmi sem fogja elv\u00e1lasztani, megk\u00fcl\u00f6nb\u00f6ztetni, ami puszt\u00edt\u00f3v\u00e1 v\u00e1lhat a munkav\u00e1llal\u00f3 sz\u00e1m\u00e1ra. Az is igen gyorsan a ki\u00e9g\u00e9shez vezethet, ha valaki \u2013 \u00e9ppen a technikai lehet\u0151s\u00e9geket kihaszn\u00e1lva \u2013 t\u00fal sok c\u00e9gn\u00e9l v\u00e1llal majd munk\u00e1t.\u00a0 J\u00f6nnek a robotok \u00e9s az agyba \u00e9p\u00edtett sz\u00e1m\u00edt\u00f3g\u00e9p.<\/p>\n<p>Forr\u00e1s: mfor.hu<\/p>\n","protected":false},"excerpt":{"rendered":"<p>\u00c1talak\u00edtja a munk\u00e1t az 5G. A k\u00f6vetkez\u0151 gener\u00e1ci\u00f3s mobilh\u00e1l\u00f3zat az \u00e9let rengeteg ter\u00fclet\u00e9n hoz majd forradalmi v\u00e1ltoz\u00e1sokat, az 5G sz\u00e1mos ipar\u00e1gat gy\u00f6keresen alak\u00edt majd \u00e1t. M\u00e1ra a munkahely fogalma teljess\u00e9ggel relativiz\u00e1l\u00f3dott. Az internetnek k\u00f6sz\u00f6nhet\u0151en b\u00e1rhol berendezhetj\u00fck az irod\u00e1nkat: dolgozhatunk otthonr\u00f3l, egy k\u00e1v\u00e9h\u00e1zb\u00f3l, vagy ak\u00e1r egy a felh\u0151ket \u00e1tszel\u0151 rep\u00fcl\u0151g\u00e9pr\u0151l is, a l\u00e9nyeg, hogy olyan t\u00edpus\u00fa [&hellip;]<\/p>\n","protected":false},"author":1,"featured_media":3559,"comment_status":"open","ping_status":"open","sticky":false,"template":"","format":"standard","meta":{"_monsterinsights_skip_tracking":false,"footnotes":""},"categories":[198,200],"tags":[],"class_list":["post-3558","post","type-post","status-publish","format-standard","has-post-thumbnail","hentry","category-gazdasag","category-munkaeropiac"],"aioseo_notices":[],"aioseo_head":"\n\t\t<!-- All in One SEO 5.0.0.1 - aioseo.com -->\n\t<meta name=\"description\" content=\"\u00c1talak\u00edtja a munk\u00e1t az 5G. A k\u00f6vetkez\u0151 gener\u00e1ci\u00f3s mobilh\u00e1l\u00f3zat az \u00e9let rengeteg ter\u00fclet\u00e9n hoz majd forradalmi v\u00e1ltoz\u00e1sokat, az 5G sz\u00e1mos ipar\u00e1gat gy\u00f6keresen alak\u00edt majd \u00e1t. M\u00e1ra a munkahely fogalma teljess\u00e9ggel relativiz\u00e1l\u00f3dott. Az internetnek k\u00f6sz\u00f6nhet\u0151en b\u00e1rhol berendezhetj\u00fck az irod\u00e1nkat: dolgozhatunk otthonr\u00f3l, egy k\u00e1v\u00e9h\u00e1zb\u00f3l, vagy ak\u00e1r egy a felh\u0151ket \u00e1tszel\u0151 rep\u00fcl\u0151g\u00e9pr\u0151l is, a l\u00e9nyeg, hogy olyan t\u00edpus\u00fa\" \/>\n\t<meta name=\"robots\" content=\"max-image-preview:large\" \/>\n\t<meta name=\"author\" content=\"Juh\u00e1sz P\u00e9ter\"\/>\n\t<link rel=\"canonical\" href=\"https:\/\/allasorias.hu\/hirek\/uj-megvilagitasban-a-munka\/\" \/>\n\t<meta name=\"generator\" content=\"All in One SEO (AIOSEO) 5.0.0.1\" \/>\n\t\t<meta property=\"og:locale\" content=\"hu_HU\" \/>\n\t\t<meta property=\"og:site_name\" content=\"AllasOrias.hu | H\u00edrek-lapszemle | \u00dczleti h\u00edrek az \u00e1ll\u00e1s \u00e9s a munka vil\u00e1g\u00e1b\u00f3l\" \/>\n\t\t<meta property=\"og:type\" content=\"article\" \/>\n\t\t<meta property=\"og:title\" content=\"\u00daj megvil\u00e1g\u00edt\u00e1sban a munka | AllasOrias.hu | H\u00edrek-lapszemle\" \/>\n\t\t<meta property=\"og:description\" content=\"\u00c1talak\u00edtja a munk\u00e1t az 5G. A k\u00f6vetkez\u0151 gener\u00e1ci\u00f3s mobilh\u00e1l\u00f3zat az \u00e9let rengeteg ter\u00fclet\u00e9n hoz majd forradalmi v\u00e1ltoz\u00e1sokat, az 5G sz\u00e1mos ipar\u00e1gat gy\u00f6keresen alak\u00edt majd \u00e1t. M\u00e1ra a munkahely fogalma teljess\u00e9ggel relativiz\u00e1l\u00f3dott. Az internetnek k\u00f6sz\u00f6nhet\u0151en b\u00e1rhol berendezhetj\u00fck az irod\u00e1nkat: dolgozhatunk otthonr\u00f3l, egy k\u00e1v\u00e9h\u00e1zb\u00f3l, vagy ak\u00e1r egy a felh\u0151ket \u00e1tszel\u0151 rep\u00fcl\u0151g\u00e9pr\u0151l is, a l\u00e9nyeg, hogy olyan t\u00edpus\u00fa\" \/>\n\t\t<meta property=\"og:url\" content=\"https:\/\/allasorias.hu\/hirek\/uj-megvilagitasban-a-munka\/\" \/>\n\t\t<meta property=\"og:image\" content=\"https:\/\/allasorias.hu\/hirek\/wp-content\/uploads\/2019\/12\/virtual-reality-5g.jpg\" \/>\n\t\t<meta property=\"og:image:secure_url\" content=\"https:\/\/allasorias.hu\/hirek\/wp-content\/uploads\/2019\/12\/virtual-reality-5g.jpg\" \/>\n\t\t<meta property=\"og:image:width\" content=\"750\" \/>\n\t\t<meta property=\"og:image:height\" content=\"500\" \/>\n\t\t<meta property=\"article:published_time\" content=\"2019-12-04T08:07:39+00:00\" \/>\n\t\t<meta property=\"article:modified_time\" content=\"2019-12-04T08:07:39+00:00\" \/>\n\t\t<meta property=\"article:publisher\" content=\"https:\/\/www.facebook.com\/allasorias\" \/>\n\t\t<meta name=\"twitter:card\" content=\"summary_large_image\" \/>\n\t\t<meta name=\"twitter:title\" content=\"\u00daj megvil\u00e1g\u00edt\u00e1sban a munka | AllasOrias.hu | H\u00edrek-lapszemle\" \/>\n\t\t<meta name=\"twitter:description\" content=\"\u00c1talak\u00edtja a munk\u00e1t az 5G. A k\u00f6vetkez\u0151 gener\u00e1ci\u00f3s mobilh\u00e1l\u00f3zat az \u00e9let rengeteg ter\u00fclet\u00e9n hoz majd forradalmi v\u00e1ltoz\u00e1sokat, az 5G sz\u00e1mos ipar\u00e1gat gy\u00f6keresen alak\u00edt majd \u00e1t. M\u00e1ra a munkahely fogalma teljess\u00e9ggel relativiz\u00e1l\u00f3dott. Az internetnek k\u00f6sz\u00f6nhet\u0151en b\u00e1rhol berendezhetj\u00fck az irod\u00e1nkat: dolgozhatunk otthonr\u00f3l, egy k\u00e1v\u00e9h\u00e1zb\u00f3l, vagy ak\u00e1r egy a felh\u0151ket \u00e1tszel\u0151 rep\u00fcl\u0151g\u00e9pr\u0151l is, a l\u00e9nyeg, hogy olyan t\u00edpus\u00fa\" \/>\n\t\t<meta name=\"twitter:image\" content=\"https:\/\/allasorias.hu\/hirek\/wp-content\/uploads\/2019\/12\/virtual-reality-5g.jpg\" \/>\n\t\t<meta name=\"twitter:label1\" content=\"Written by\" \/>\n\t\t<meta name=\"twitter:data1\" content=\"Juh\u00e1sz P\u00e9ter\" \/>\n\t\t<meta name=\"twitter:label2\" content=\"Est. reading time\" \/>\n\t\t<meta name=\"twitter:data2\" content=\"4 minutes\" \/>\n\t\t<script type=\"application\/ld+json\" class=\"aioseo-schema\">\n\t\t\t{\"@context\":\"https:\\\/\\\/schema.org\",\"@graph\":[{\"@type\":\"Article\",\"@id\":\"https:\\\/\\\/allasorias.hu\\\/hirek\\\/uj-megvilagitasban-a-munka\\\/#article\",\"name\":\"\\u00daj megvil\\u00e1g\\u00edt\\u00e1sban a munka | AllasOrias.hu | H\\u00edrek-lapszemle\",\"headline\":\"\\u00daj megvil\\u00e1g\\u00edt\\u00e1sban a munka\",\"author\":{\"@id\":\"https:\\\/\\\/allasorias.hu\\\/hirek\\\/author\\\/admin-allasorias\\\/#author\"},\"publisher\":{\"@id\":\"https:\\\/\\\/allasorias.hu\\\/hirek\\\/#organization\"},\"image\":{\"@type\":\"ImageObject\",\"url\":\"https:\\\/\\\/allasorias.hu\\\/hirek\\\/wp-content\\\/uploads\\\/2019\\\/12\\\/virtual-reality-5g.jpg\",\"width\":750,\"height\":500},\"datePublished\":\"2019-12-04T08:07:39+02:00\",\"dateModified\":\"2019-12-04T08:07:39+02:00\",\"inLanguage\":\"hu-HU\",\"mainEntityOfPage\":{\"@id\":\"https:\\\/\\\/allasorias.hu\\\/hirek\\\/uj-megvilagitasban-a-munka\\\/#webpage\"},\"isPartOf\":{\"@id\":\"https:\\\/\\\/allasorias.hu\\\/hirek\\\/uj-megvilagitasban-a-munka\\\/#webpage\"},\"articleSection\":\"Gazdas\\u00e1g, Munkaer\\u0151piac\"},{\"@type\":\"BreadcrumbList\",\"@id\":\"https:\\\/\\\/allasorias.hu\\\/hirek\\\/uj-megvilagitasban-a-munka\\\/#breadcrumblist\",\"itemListElement\":[{\"@type\":\"ListItem\",\"@id\":\"https:\\\/\\\/allasorias.hu\\\/hirek#listItem\",\"position\":1,\"name\":\"Home\",\"item\":\"https:\\\/\\\/allasorias.hu\\\/hirek\",\"nextItem\":{\"@type\":\"ListItem\",\"@id\":\"https:\\\/\\\/allasorias.hu\\\/hirek\\\/temak\\\/gazdasag\\\/#listItem\",\"name\":\"Gazdas\\u00e1g\"}},{\"@type\":\"ListItem\",\"@id\":\"https:\\\/\\\/allasorias.hu\\\/hirek\\\/temak\\\/gazdasag\\\/#listItem\",\"position\":2,\"name\":\"Gazdas\\u00e1g\",\"item\":\"https:\\\/\\\/allasorias.hu\\\/hirek\\\/temak\\\/gazdasag\\\/\",\"nextItem\":{\"@type\":\"ListItem\",\"@id\":\"https:\\\/\\\/allasorias.hu\\\/hirek\\\/uj-megvilagitasban-a-munka\\\/#listItem\",\"name\":\"\\u00daj megvil\\u00e1g\\u00edt\\u00e1sban a munka\"},\"previousItem\":{\"@type\":\"ListItem\",\"@id\":\"https:\\\/\\\/allasorias.hu\\\/hirek#listItem\",\"name\":\"Home\"}},{\"@type\":\"ListItem\",\"@id\":\"https:\\\/\\\/allasorias.hu\\\/hirek\\\/uj-megvilagitasban-a-munka\\\/#listItem\",\"position\":3,\"name\":\"\\u00daj megvil\\u00e1g\\u00edt\\u00e1sban a munka\",\"previousItem\":{\"@type\":\"ListItem\",\"@id\":\"https:\\\/\\\/allasorias.hu\\\/hirek\\\/temak\\\/gazdasag\\\/#listItem\",\"name\":\"Gazdas\\u00e1g\"}}]},{\"@type\":\"Organization\",\"@id\":\"https:\\\/\\\/allasorias.hu\\\/hirek\\\/#organization\",\"name\":\"AllasOrias.hu | H\\u00edrek-lapszemle\",\"description\":\"\\u00dczleti h\\u00edrek az \\u00e1ll\\u00e1s \\u00e9s a munka vil\\u00e1g\\u00e1b\\u00f3l\",\"url\":\"https:\\\/\\\/allasorias.hu\\\/hirek\\\/\",\"logo\":{\"@type\":\"ImageObject\",\"url\":\"https:\\\/\\\/allasorias.hu\\\/hirek\\\/wp-content\\\/uploads\\\/2022\\\/10\\\/allasorias_site_facebok_logo.png\",\"@id\":\"https:\\\/\\\/allasorias.hu\\\/hirek\\\/uj-megvilagitasban-a-munka\\\/#organizationLogo\"},\"image\":{\"@id\":\"https:\\\/\\\/allasorias.hu\\\/hirek\\\/uj-megvilagitasban-a-munka\\\/#organizationLogo\"},\"sameAs\":[\"https:\\\/\\\/www.facebook.com\\\/allasorias\",\"https:\\\/\\\/www.linkedin.com\\\/company\\\/allasorias\"]},{\"@type\":\"Person\",\"@id\":\"https:\\\/\\\/allasorias.hu\\\/hirek\\\/author\\\/admin-allasorias\\\/#author\",\"url\":\"https:\\\/\\\/allasorias.hu\\\/hirek\\\/author\\\/admin-allasorias\\\/\",\"name\":\"Juh\\u00e1sz P\\u00e9ter\",\"image\":{\"@type\":\"ImageObject\",\"@id\":\"https:\\\/\\\/allasorias.hu\\\/hirek\\\/uj-megvilagitasban-a-munka\\\/#authorImage\",\"url\":\"https:\\\/\\\/secure.gravatar.com\\\/avatar\\\/36e6bcb83148978b992977cb0f54d22feb0cce8a0a849a9410532bb2623ba4c6?s=96&d=mm&r=g\",\"width\":96,\"height\":96,\"caption\":\"Juh\\u00e1sz P\\u00e9ter\"}},{\"@type\":\"WebPage\",\"@id\":\"https:\\\/\\\/allasorias.hu\\\/hirek\\\/uj-megvilagitasban-a-munka\\\/#webpage\",\"url\":\"https:\\\/\\\/allasorias.hu\\\/hirek\\\/uj-megvilagitasban-a-munka\\\/\",\"name\":\"\\u00daj megvil\\u00e1g\\u00edt\\u00e1sban a munka | AllasOrias.hu | H\\u00edrek-lapszemle\",\"description\":\"\\u00c1talak\\u00edtja a munk\\u00e1t az 5G. A k\\u00f6vetkez\\u0151 gener\\u00e1ci\\u00f3s mobilh\\u00e1l\\u00f3zat az \\u00e9let rengeteg ter\\u00fclet\\u00e9n hoz majd forradalmi v\\u00e1ltoz\\u00e1sokat, az 5G sz\\u00e1mos ipar\\u00e1gat gy\\u00f6keresen alak\\u00edt majd \\u00e1t. M\\u00e1ra a munkahely fogalma teljess\\u00e9ggel relativiz\\u00e1l\\u00f3dott. Az internetnek k\\u00f6sz\\u00f6nhet\\u0151en b\\u00e1rhol berendezhetj\\u00fck az irod\\u00e1nkat: dolgozhatunk otthonr\\u00f3l, egy k\\u00e1v\\u00e9h\\u00e1zb\\u00f3l, vagy ak\\u00e1r egy a felh\\u0151ket \\u00e1tszel\\u0151 rep\\u00fcl\\u0151g\\u00e9pr\\u0151l is, a l\\u00e9nyeg, hogy olyan t\\u00edpus\\u00fa\",\"inLanguage\":\"hu-HU\",\"isPartOf\":{\"@id\":\"https:\\\/\\\/allasorias.hu\\\/hirek\\\/#website\"},\"breadcrumb\":{\"@id\":\"https:\\\/\\\/allasorias.hu\\\/hirek\\\/uj-megvilagitasban-a-munka\\\/#breadcrumblist\"},\"author\":{\"@id\":\"https:\\\/\\\/allasorias.hu\\\/hirek\\\/author\\\/admin-allasorias\\\/#author\"},\"creator\":{\"@id\":\"https:\\\/\\\/allasorias.hu\\\/hirek\\\/author\\\/admin-allasorias\\\/#author\"},\"image\":{\"@type\":\"ImageObject\",\"url\":\"https:\\\/\\\/allasorias.hu\\\/hirek\\\/wp-content\\\/uploads\\\/2019\\\/12\\\/virtual-reality-5g.jpg\",\"@id\":\"https:\\\/\\\/allasorias.hu\\\/hirek\\\/uj-megvilagitasban-a-munka\\\/#mainImage\",\"width\":750,\"height\":500},\"primaryImageOfPage\":{\"@id\":\"https:\\\/\\\/allasorias.hu\\\/hirek\\\/uj-megvilagitasban-a-munka\\\/#mainImage\"},\"datePublished\":\"2019-12-04T08:07:39+02:00\",\"dateModified\":\"2019-12-04T08:07:39+02:00\"},{\"@type\":\"WebSite\",\"@id\":\"https:\\\/\\\/allasorias.hu\\\/hirek\\\/#website\",\"url\":\"https:\\\/\\\/allasorias.hu\\\/hirek\\\/\",\"name\":\"AllasOrias.hu | H\\u00edrek-lapszemle\",\"description\":\"\\u00dczleti h\\u00edrek az \\u00e1ll\\u00e1s \\u00e9s a munka vil\\u00e1g\\u00e1b\\u00f3l\",\"inLanguage\":\"hu-HU\",\"publisher\":{\"@id\":\"https:\\\/\\\/allasorias.hu\\\/hirek\\\/#organization\"}}]}\n\t\t<\/script>\n\t\t<!-- All in One SEO -->\n\n","aioseo_head_json":{"title":"\u00daj megvil\u00e1g\u00edt\u00e1sban a munka | AllasOrias.hu | H\u00edrek-lapszemle","description":"\u00c1talak\u00edtja a munk\u00e1t az 5G. A k\u00f6vetkez\u0151 gener\u00e1ci\u00f3s mobilh\u00e1l\u00f3zat az \u00e9let rengeteg ter\u00fclet\u00e9n hoz majd forradalmi v\u00e1ltoz\u00e1sokat, az 5G sz\u00e1mos ipar\u00e1gat gy\u00f6keresen alak\u00edt majd \u00e1t. M\u00e1ra a munkahely fogalma teljess\u00e9ggel relativiz\u00e1l\u00f3dott. Az internetnek k\u00f6sz\u00f6nhet\u0151en b\u00e1rhol berendezhetj\u00fck az irod\u00e1nkat: dolgozhatunk otthonr\u00f3l, egy k\u00e1v\u00e9h\u00e1zb\u00f3l, vagy ak\u00e1r egy a felh\u0151ket \u00e1tszel\u0151 rep\u00fcl\u0151g\u00e9pr\u0151l is, a l\u00e9nyeg, hogy olyan t\u00edpus\u00fa","canonical_url":"https:\/\/allasorias.hu\/hirek\/uj-megvilagitasban-a-munka\/","robots":"max-image-preview:large","keywords":"","webmasterTools":{"miscellaneous":""},"schema":{"@context":"https:\/\/schema.org","@graph":[{"@type":"Article","@id":"https:\/\/allasorias.hu\/hirek\/uj-megvilagitasban-a-munka\/#article","name":"\u00daj megvil\u00e1g\u00edt\u00e1sban a munka | AllasOrias.hu | H\u00edrek-lapszemle","headline":"\u00daj megvil\u00e1g\u00edt\u00e1sban a munka","author":{"@id":"https:\/\/allasorias.hu\/hirek\/author\/admin-allasorias\/#author"},"publisher":{"@id":"https:\/\/allasorias.hu\/hirek\/#organization"},"image":{"@type":"ImageObject","url":"https:\/\/allasorias.hu\/hirek\/wp-content\/uploads\/2019\/12\/virtual-reality-5g.jpg","width":750,"height":500},"datePublished":"2019-12-04T08:07:39+02:00","dateModified":"2019-12-04T08:07:39+02:00","inLanguage":"hu-HU","mainEntityOfPage":{"@id":"https:\/\/allasorias.hu\/hirek\/uj-megvilagitasban-a-munka\/#webpage"},"isPartOf":{"@id":"https:\/\/allasorias.hu\/hirek\/uj-megvilagitasban-a-munka\/#webpage"},"articleSection":"Gazdas\u00e1g, Munkaer\u0151piac"},{"@type":"BreadcrumbList","@id":"https:\/\/allasorias.hu\/hirek\/uj-megvilagitasban-a-munka\/#breadcrumblist","itemListElement":[{"@type":"ListItem","@id":"https:\/\/allasorias.hu\/hirek#listItem","position":1,"name":"Home","item":"https:\/\/allasorias.hu\/hirek","nextItem":{"@type":"ListItem","@id":"https:\/\/allasorias.hu\/hirek\/temak\/gazdasag\/#listItem","name":"Gazdas\u00e1g"}},{"@type":"ListItem","@id":"https:\/\/allasorias.hu\/hirek\/temak\/gazdasag\/#listItem","position":2,"name":"Gazdas\u00e1g","item":"https:\/\/allasorias.hu\/hirek\/temak\/gazdasag\/","nextItem":{"@type":"ListItem","@id":"https:\/\/allasorias.hu\/hirek\/uj-megvilagitasban-a-munka\/#listItem","name":"\u00daj megvil\u00e1g\u00edt\u00e1sban a munka"},"previousItem":{"@type":"ListItem","@id":"https:\/\/allasorias.hu\/hirek#listItem","name":"Home"}},{"@type":"ListItem","@id":"https:\/\/allasorias.hu\/hirek\/uj-megvilagitasban-a-munka\/#listItem","position":3,"name":"\u00daj megvil\u00e1g\u00edt\u00e1sban a munka","previousItem":{"@type":"ListItem","@id":"https:\/\/allasorias.hu\/hirek\/temak\/gazdasag\/#listItem","name":"Gazdas\u00e1g"}}]},{"@type":"Organization","@id":"https:\/\/allasorias.hu\/hirek\/#organization","name":"AllasOrias.hu | H\u00edrek-lapszemle","description":"\u00dczleti h\u00edrek az \u00e1ll\u00e1s \u00e9s a munka vil\u00e1g\u00e1b\u00f3l","url":"https:\/\/allasorias.hu\/hirek\/","logo":{"@type":"ImageObject","url":"https:\/\/allasorias.hu\/hirek\/wp-content\/uploads\/2022\/10\/allasorias_site_facebok_logo.png","@id":"https:\/\/allasorias.hu\/hirek\/uj-megvilagitasban-a-munka\/#organizationLogo"},"image":{"@id":"https:\/\/allasorias.hu\/hirek\/uj-megvilagitasban-a-munka\/#organizationLogo"},"sameAs":["https:\/\/www.facebook.com\/allasorias","https:\/\/www.linkedin.com\/company\/allasorias"]},{"@type":"Person","@id":"https:\/\/allasorias.hu\/hirek\/author\/admin-allasorias\/#author","url":"https:\/\/allasorias.hu\/hirek\/author\/admin-allasorias\/","name":"Juh\u00e1sz P\u00e9ter","image":{"@type":"ImageObject","@id":"https:\/\/allasorias.hu\/hirek\/uj-megvilagitasban-a-munka\/#authorImage","url":"https:\/\/secure.gravatar.com\/avatar\/36e6bcb83148978b992977cb0f54d22feb0cce8a0a849a9410532bb2623ba4c6?s=96&d=mm&r=g","width":96,"height":96,"caption":"Juh\u00e1sz P\u00e9ter"}},{"@type":"WebPage","@id":"https:\/\/allasorias.hu\/hirek\/uj-megvilagitasban-a-munka\/#webpage","url":"https:\/\/allasorias.hu\/hirek\/uj-megvilagitasban-a-munka\/","name":"\u00daj megvil\u00e1g\u00edt\u00e1sban a munka | AllasOrias.hu | H\u00edrek-lapszemle","description":"\u00c1talak\u00edtja a munk\u00e1t az 5G. A k\u00f6vetkez\u0151 gener\u00e1ci\u00f3s mobilh\u00e1l\u00f3zat az \u00e9let rengeteg ter\u00fclet\u00e9n hoz majd forradalmi v\u00e1ltoz\u00e1sokat, az 5G sz\u00e1mos ipar\u00e1gat gy\u00f6keresen alak\u00edt majd \u00e1t. M\u00e1ra a munkahely fogalma teljess\u00e9ggel relativiz\u00e1l\u00f3dott. Az internetnek k\u00f6sz\u00f6nhet\u0151en b\u00e1rhol berendezhetj\u00fck az irod\u00e1nkat: dolgozhatunk otthonr\u00f3l, egy k\u00e1v\u00e9h\u00e1zb\u00f3l, vagy ak\u00e1r egy a felh\u0151ket \u00e1tszel\u0151 rep\u00fcl\u0151g\u00e9pr\u0151l is, a l\u00e9nyeg, hogy olyan t\u00edpus\u00fa","inLanguage":"hu-HU","isPartOf":{"@id":"https:\/\/allasorias.hu\/hirek\/#website"},"breadcrumb":{"@id":"https:\/\/allasorias.hu\/hirek\/uj-megvilagitasban-a-munka\/#breadcrumblist"},"author":{"@id":"https:\/\/allasorias.hu\/hirek\/author\/admin-allasorias\/#author"},"creator":{"@id":"https:\/\/allasorias.hu\/hirek\/author\/admin-allasorias\/#author"},"image":{"@type":"ImageObject","url":"https:\/\/allasorias.hu\/hirek\/wp-content\/uploads\/2019\/12\/virtual-reality-5g.jpg","@id":"https:\/\/allasorias.hu\/hirek\/uj-megvilagitasban-a-munka\/#mainImage","width":750,"height":500},"primaryImageOfPage":{"@id":"https:\/\/allasorias.hu\/hirek\/uj-megvilagitasban-a-munka\/#mainImage"},"datePublished":"2019-12-04T08:07:39+02:00","dateModified":"2019-12-04T08:07:39+02:00"},{"@type":"WebSite","@id":"https:\/\/allasorias.hu\/hirek\/#website","url":"https:\/\/allasorias.hu\/hirek\/","name":"AllasOrias.hu | H\u00edrek-lapszemle","description":"\u00dczleti h\u00edrek az \u00e1ll\u00e1s \u00e9s a munka vil\u00e1g\u00e1b\u00f3l","inLanguage":"hu-HU","publisher":{"@id":"https:\/\/allasorias.hu\/hirek\/#organization"}}]},"og:locale":"hu_HU","og:site_name":"AllasOrias.hu | H\u00edrek-lapszemle | \u00dczleti h\u00edrek az \u00e1ll\u00e1s \u00e9s a munka vil\u00e1g\u00e1b\u00f3l","og:type":"article","og:title":"\u00daj megvil\u00e1g\u00edt\u00e1sban a munka | AllasOrias.hu | H\u00edrek-lapszemle","og:description":"\u00c1talak\u00edtja a munk\u00e1t az 5G. A k\u00f6vetkez\u0151 gener\u00e1ci\u00f3s mobilh\u00e1l\u00f3zat az \u00e9let rengeteg ter\u00fclet\u00e9n hoz majd forradalmi v\u00e1ltoz\u00e1sokat, az 5G sz\u00e1mos ipar\u00e1gat gy\u00f6keresen alak\u00edt majd \u00e1t. M\u00e1ra a munkahely fogalma teljess\u00e9ggel relativiz\u00e1l\u00f3dott. Az internetnek k\u00f6sz\u00f6nhet\u0151en b\u00e1rhol berendezhetj\u00fck az irod\u00e1nkat: dolgozhatunk otthonr\u00f3l, egy k\u00e1v\u00e9h\u00e1zb\u00f3l, vagy ak\u00e1r egy a felh\u0151ket \u00e1tszel\u0151 rep\u00fcl\u0151g\u00e9pr\u0151l is, a l\u00e9nyeg, hogy olyan t\u00edpus\u00fa","og:url":"https:\/\/allasorias.hu\/hirek\/uj-megvilagitasban-a-munka\/","og:image":"https:\/\/allasorias.hu\/hirek\/wp-content\/uploads\/2019\/12\/virtual-reality-5g.jpg","og:image:secure_url":"https:\/\/allasorias.hu\/hirek\/wp-content\/uploads\/2019\/12\/virtual-reality-5g.jpg","og:image:width":750,"og:image:height":500,"article:published_time":"2019-12-04T08:07:39+00:00","article:modified_time":"2019-12-04T08:07:39+00:00","article:publisher":"https:\/\/www.facebook.com\/allasorias","twitter:card":"summary_large_image","twitter:title":"\u00daj megvil\u00e1g\u00edt\u00e1sban a munka | AllasOrias.hu | H\u00edrek-lapszemle","twitter:description":"\u00c1talak\u00edtja a munk\u00e1t az 5G. A k\u00f6vetkez\u0151 gener\u00e1ci\u00f3s mobilh\u00e1l\u00f3zat az \u00e9let rengeteg ter\u00fclet\u00e9n hoz majd forradalmi v\u00e1ltoz\u00e1sokat, az 5G sz\u00e1mos ipar\u00e1gat gy\u00f6keresen alak\u00edt majd \u00e1t. M\u00e1ra a munkahely fogalma teljess\u00e9ggel relativiz\u00e1l\u00f3dott. Az internetnek k\u00f6sz\u00f6nhet\u0151en b\u00e1rhol berendezhetj\u00fck az irod\u00e1nkat: dolgozhatunk otthonr\u00f3l, egy k\u00e1v\u00e9h\u00e1zb\u00f3l, vagy ak\u00e1r egy a felh\u0151ket \u00e1tszel\u0151 rep\u00fcl\u0151g\u00e9pr\u0151l is, a l\u00e9nyeg, hogy olyan t\u00edpus\u00fa","twitter:image":"https:\/\/allasorias.hu\/hirek\/wp-content\/uploads\/2019\/12\/virtual-reality-5g.jpg","twitter:label1":"Written by","twitter:data1":"Juh\u00e1sz P\u00e9ter","twitter:label2":"Est. reading time","twitter:data2":"4 minutes"},"aioseo_meta_data":{"post_id":"3558","title":null,"description":null,"keywords":null,"keyphrases":null,"primary_term":null,"canonical_url":null,"og_title":null,"og_description":null,"og_object_type":"default","og_image_type":"default","og_image_url":null,"og_image_width":null,"og_image_height":null,"og_image_custom_url":null,"og_image_custom_fields":null,"og_video":null,"og_custom_url":null,"og_article_section":null,"og_article_tags":null,"twitter_use_og":false,"twitter_card":"default","twitter_image_type":"default","twitter_image_url":null,"twitter_image_custom_url":null,"twitter_image_custom_fields":null,"twitter_title":null,"twitter_description":null,"schema":{"blockGraphs":[],"customGraphs":[],"default":{"data":{"Article":[],"Course":[],"Dataset":[],"FAQPage":[],"Movie":[],"Person":[],"Product":[],"ProductReview":[],"Car":[],"Recipe":[],"Service":[],"SoftwareApplication":[],"WebPage":[]},"graphName":"","isEnabled":true},"graphs":[],"defaultGraph":"","defaultPostTypeGraph":""},"schema_type":null,"schema_type_options":null,"pillar_content":false,"robots_default":true,"robots_noindex":false,"robots_noarchive":false,"robots_nosnippet":false,"robots_nofollow":false,"robots_noimageindex":false,"robots_noodp":false,"robots_notranslate":false,"robots_max_snippet":null,"robots_max_videopreview":null,"robots_max_imagepreview":"large","priority":null,"frequency":null,"location":null,"local_seo":null,"breadcrumb_settings":null,"limit_modified_date":false,"ai":null,"created":"2021-02-01 22:54:09","updated":"2025-10-02 12:22:56","seo_analyzer_scan_date":null,"focus_keyword":null,"additional_keywords":null,"truseo_locale":null},"aioseo_breadcrumb":"<div class=\"aioseo-breadcrumbs\"><span class=\"aioseo-breadcrumb\">\n\t\t\t<a href=\"https:\/\/allasorias.hu\/hirek\" title=\"Home\">Home<\/a>\n\t\t<\/span><span class=\"aioseo-breadcrumb-separator\">&raquo;<\/span><span class=\"aioseo-breadcrumb\">\n\t\t\t<a href=\"https:\/\/allasorias.hu\/hirek\/temak\/gazdasag\/\" title=\"Gazdas\u00e1g\">Gazdas\u00e1g<\/a>\n\t\t<\/span><span class=\"aioseo-breadcrumb-separator\">&raquo;<\/span><span class=\"aioseo-breadcrumb\">\n\t\t\t\u00daj megvil\u00e1g\u00edt\u00e1sban a munka\n\t\t<\/span><\/div>","aioseo_breadcrumb_json":[{"label":"Home","link":"https:\/\/allasorias.hu\/hirek"},{"label":"Gazdas\u00e1g","link":"https:\/\/allasorias.hu\/hirek\/temak\/gazdasag\/"},{"label":"\u00daj megvil\u00e1g\u00edt\u00e1sban a munka","link":"https:\/\/allasorias.hu\/hirek\/uj-megvilagitasban-a-munka\/"}],"_links":{"self":[{"href":"https:\/\/allasorias.hu\/hirek\/wp-json\/wp\/v2\/posts\/3558","targetHints":{"allow":["GET"]}}],"collection":[{"href":"https:\/\/allasorias.hu\/hirek\/wp-json\/wp\/v2\/posts"}],"about":[{"href":"https:\/\/allasorias.hu\/hirek\/wp-json\/wp\/v2\/types\/post"}],"author":[{"embeddable":true,"href":"https:\/\/allasorias.hu\/hirek\/wp-json\/wp\/v2\/users\/1"}],"replies":[{"embeddable":true,"href":"https:\/\/allasorias.hu\/hirek\/wp-json\/wp\/v2\/comments?post=3558"}],"version-history":[{"count":1,"href":"https:\/\/allasorias.hu\/hirek\/wp-json\/wp\/v2\/posts\/3558\/revisions"}],"predecessor-version":[{"id":3560,"href":"https:\/\/allasorias.hu\/hirek\/wp-json\/wp\/v2\/posts\/3558\/revisions\/3560"}],"wp:featuredmedia":[{"embeddable":true,"href":"https:\/\/allasorias.hu\/hirek\/wp-json\/wp\/v2\/media\/3559"}],"wp:attachment":[{"href":"https:\/\/allasorias.hu\/hirek\/wp-json\/wp\/v2\/media?parent=3558"}],"wp:term":[{"taxonomy":"category","embeddable":true,"href":"https:\/\/allasorias.hu\/hirek\/wp-json\/wp\/v2\/categories?post=3558"},{"taxonomy":"post_tag","embeddable":true,"href":"https:\/\/allasorias.hu\/hirek\/wp-json\/wp\/v2\/tags?post=3558"}],"curies":[{"name":"wp","href":"https:\/\/api.w.org\/{rel}","templated":true}]}}