{"id":3555,"date":"2019-12-03T08:51:59","date_gmt":"2019-12-03T08:51:59","guid":{"rendered":"https:\/\/allasorias.hu\/hirek\/?p=3555"},"modified":"2019-12-03T08:51:59","modified_gmt":"2019-12-03T08:51:59","slug":"jarulektorveny-szigoritassal","status":"publish","type":"post","link":"https:\/\/allasorias.hu\/hirek\/jarulektorveny-szigoritassal\/","title":{"rendered":"J\u00e1rul\u00e9kt\u00f6rv\u00e9ny, szigor\u00edt\u00e1ssal"},"content":{"rendered":"<p><strong>Amennyiben az Orsz\u00e1ggy\u0171l\u00e9s elfogadja az \u00faj t\u00e1rsadalombiztos\u00edt\u00e1si t\u00f6rv\u00e9nyt, akkor j\u00f6v\u0151re \u2013 az adminisztr\u00e1ci\u00f3s terhek jelent\u0151s cs\u00f6kkent\u00e9s\u00e9n t\u00fal \u2013 automatikusan kisz\u0171ri az eg\u00e9szs\u00e9g\u00fcgy potyautasait a t\u00f6rv\u00e9ny rendelkez\u00e9sei alapj\u00e1n fel\u00e1ll\u00f3 \u00faj rendszer \u2013 k\u00f6z\u00f6lte a P\u00e9nz\u00fcgyminiszt\u00e9rium.\u00a0 Az elm\u00falt kilenc h\u00f3nap alatt \u2013 2019. janu\u00e1r 1. \u00e9s 2019. szeptember 27. k\u00f6z\u00f6tt \u2013 mintegy 75 ezer \u00fagynevezett &#8222;piros l\u00e1mp\u00e1s&#8221; ad\u00f3z\u00f3t sz\u0171rt ki az ad\u00f3hivatal, vagyis 75 ezren pr\u00f3b\u00e1ltak meg jogosulatlanul ig\u00e9nybe venni valamilyen t\u00e1rsadalombiztos\u00edt\u00e1si szolg\u00e1ltat\u00e1st. <\/strong><\/p>\n<p>Az ad\u00f3hivatali vizsg\u00e1lat sor\u00e1n kider\u00fclt, hogy az \u00e9rintettek \u00f6sszess\u00e9g\u00e9ben 6,6 milli\u00e1rd forint eg\u00e9szs\u00e9g\u00fcgyi szolg\u00e1ltat\u00e1si j\u00e1rul\u00e9kot nem fizettek meg \u2013 ismertette a t\u00e1rca. A t\u00e1rsadalombiztos\u00edt\u00e1si t\u00f6rv\u00e9nytervezet egyik c\u00e9lja az, hogy a potyautasokat, akik jogosulatlanul veszik ig\u00e9nybe az eg\u00e9szs\u00e9g\u00fcgyi szolg\u00e1ltat\u00e1sokat, \u00e9s ezzel a k\u00f6lts\u00e9gvet\u00e9s mellett a tisztess\u00e9ges ad\u00f3fizet\u0151ket is megk\u00e1ros\u00edtj\u00e1k, automatikusan kisz\u0171rje a rendszer \u2013 ecseteli a PM. A miniszt\u00e9rium lesz\u00f6gezi: aki eddig jogosult volt eg\u00e9szs\u00e9g\u00fcgyi ell\u00e1t\u00e1sra, az ezut\u00e1n is jogosult marad, \u00edgy senki nem szorul ki az ell\u00e1t\u00e1sb\u00f3l. A biztos\u00edtottakat (p\u00e9ld\u00e1ul a munkaviszonyban \u00e1ll\u00f3kat, az egy\u00e9ni \u00e9s t\u00e1rsas v\u00e1llalkoz\u00f3kat, a k\u00f6zszolg\u00e1latban dolgoz\u00f3kat) ez a v\u00e1ltoz\u00e1s egy\u00e1ltal\u00e1n nem \u00e9rinti, \u0151k a biztos\u00edt\u00e1si jogviszonyuk fenn\u00e1ll\u00e1sa miatt jogosultak az eg\u00e9szs\u00e9g\u00fcgyi ell\u00e1t\u00e1sra. Azokat sem \u00e9rinti, akik ut\u00e1n a k\u00f6zponti k\u00f6lts\u00e9gvet\u00e9s fizeti az eg\u00e9szs\u00e9g\u00fcgyi szolg\u00e1ltat\u00e1si j\u00e1rul\u00e9kot (p\u00e9ld\u00e1ul a gyeden, gyesen l\u00e9v\u0151 sz\u00fcl\u0151k, a di\u00e1kok, a hallgat\u00f3k, a nyugd\u00edjasok). A v\u00e1ltoz\u00e1sok a s\u00fcrg\u0151ss\u00e9gi ell\u00e1t\u00e1st sem \u00e9rintik \u2013 h\u00fazta al\u00e1 a t\u00e1rca. Az eg\u00e9szs\u00e9g\u00fcgyr\u0151l sz\u00f3l\u00f3 t\u00f6rv\u00e9ny szerint minden betegnek joga van s\u00fcrg\u0151s sz\u00fcks\u00e9g eset\u00e9n az \u00e9letment\u0151, illetve a s\u00falyos vagy maradand\u00f3 eg\u00e9szs\u00e9gk\u00e1rosod\u00e1s megel\u0151z\u00e9s\u00e9t biztos\u00edt\u00f3 ell\u00e1t\u00e1shoz, valamint f\u00e1jdalm\u00e1nak csillap\u00edt\u00e1s\u00e1hoz \u00e9s szenved\u00e9seinek cs\u00f6kkent\u00e9s\u00e9hez. A v\u00e1ltoz\u00e1s mind\u00f6ssze abban \u00e1ll, hogy aki jelenleg is csak az eg\u00e9szs\u00e9g\u00fcgyi szolg\u00e1ltat\u00e1si j\u00e1rul\u00e9k ellen\u00e9ben lenne jogosult az eg\u00e9szs\u00e9g\u00fcgyi ell\u00e1t\u00e1sra, az ne ker\u00fclhesse ki a fizet\u00e9si k\u00f6telezetts\u00e9g\u00e9t. \u00d6nhib\u00e1j\u00e1n k\u00edv\u00fcl senki nem ker\u00fclhet h\u00e1tr\u00e1nyos helyzetbe, tekintettel arra, hogy a NEAK jelz\u00e9s\u00e9t k\u00f6vet\u0151en a NAV jelenleg is megkeresi az \u00e9rintett mag\u00e1nszem\u00e9lyt, \u00e9s ezzel egy\u00fctt megvizsg\u00e1lja azt, hogy fenn\u00e1ll-e az eg\u00e9szs\u00e9g\u00fcgyiszolg\u00e1ltat\u00e1sij\u00e1rul\u00e9k-fizet\u00e9si k\u00f6telezetts\u00e9g. A k\u00fclf\u00f6ld\u00f6n dolgoz\u00f3k eset\u00e9ben sem hoz v\u00e1ltoz\u00e1st az \u00faj t\u00f6rv\u00e9ny, hiszen f\u0151szab\u00e1ly szerint tov\u00e1bbra is mindenki ott jogosult ell\u00e1t\u00e1sra, ahol az ad\u00f3t, illetve a j\u00e1rul\u00e9kot megfizeti.<\/p>\n<p>Forr\u00e1s: adozona.hu<\/p>\n","protected":false},"excerpt":{"rendered":"<p>Amennyiben az Orsz\u00e1ggy\u0171l\u00e9s elfogadja az \u00faj t\u00e1rsadalombiztos\u00edt\u00e1si t\u00f6rv\u00e9nyt, akkor j\u00f6v\u0151re \u2013 az adminisztr\u00e1ci\u00f3s terhek jelent\u0151s cs\u00f6kkent\u00e9s\u00e9n t\u00fal \u2013 automatikusan kisz\u0171ri az eg\u00e9szs\u00e9g\u00fcgy potyautasait a t\u00f6rv\u00e9ny rendelkez\u00e9sei alapj\u00e1n fel\u00e1ll\u00f3 \u00faj rendszer \u2013 k\u00f6z\u00f6lte a P\u00e9nz\u00fcgyminiszt\u00e9rium.\u00a0 Az elm\u00falt kilenc h\u00f3nap alatt \u2013 2019. janu\u00e1r 1. \u00e9s 2019. szeptember 27. k\u00f6z\u00f6tt \u2013 mintegy 75 ezer \u00fagynevezett &#8222;piros l\u00e1mp\u00e1s&#8221; [&hellip;]<\/p>\n","protected":false},"author":1,"featured_media":2728,"comment_status":"open","ping_status":"open","sticky":false,"template":"","format":"standard","meta":{"_monsterinsights_skip_tracking":false,"footnotes":""},"categories":[198],"tags":[],"class_list":["post-3555","post","type-post","status-publish","format-standard","has-post-thumbnail","hentry","category-gazdasag"],"aioseo_notices":[],"aioseo_head":"\n\t\t<!-- All in One SEO 5.0.0.1 - aioseo.com -->\n\t<meta name=\"description\" content=\"Amennyiben az Orsz\u00e1ggy\u0171l\u00e9s elfogadja az \u00faj t\u00e1rsadalombiztos\u00edt\u00e1si t\u00f6rv\u00e9nyt, akkor j\u00f6v\u0151re \u2013 az adminisztr\u00e1ci\u00f3s terhek jelent\u0151s cs\u00f6kkent\u00e9s\u00e9n t\u00fal \u2013 automatikusan kisz\u0171ri az eg\u00e9szs\u00e9g\u00fcgy potyautasait a t\u00f6rv\u00e9ny rendelkez\u00e9sei alapj\u00e1n fel\u00e1ll\u00f3 \u00faj rendszer \u2013 k\u00f6z\u00f6lte a P\u00e9nz\u00fcgyminiszt\u00e9rium. Az elm\u00falt kilenc h\u00f3nap alatt \u2013 2019. janu\u00e1r 1. \u00e9s 2019. szeptember 27. k\u00f6z\u00f6tt \u2013 mintegy 75 ezer \u00fagynevezett &quot;piros l\u00e1mp\u00e1s&quot;\" \/>\n\t<meta name=\"robots\" content=\"max-image-preview:large\" \/>\n\t<meta name=\"author\" content=\"Juh\u00e1sz P\u00e9ter\"\/>\n\t<link rel=\"canonical\" href=\"https:\/\/allasorias.hu\/hirek\/jarulektorveny-szigoritassal\/\" \/>\n\t<meta name=\"generator\" content=\"All in One SEO (AIOSEO) 5.0.0.1\" \/>\n\t\t<meta property=\"og:locale\" content=\"hu_HU\" \/>\n\t\t<meta property=\"og:site_name\" content=\"AllasOrias.hu | H\u00edrek-lapszemle | \u00dczleti h\u00edrek az \u00e1ll\u00e1s \u00e9s a munka vil\u00e1g\u00e1b\u00f3l\" \/>\n\t\t<meta property=\"og:type\" content=\"article\" \/>\n\t\t<meta property=\"og:title\" content=\"J\u00e1rul\u00e9kt\u00f6rv\u00e9ny, szigor\u00edt\u00e1ssal | AllasOrias.hu | H\u00edrek-lapszemle\" \/>\n\t\t<meta property=\"og:description\" content=\"Amennyiben az Orsz\u00e1ggy\u0171l\u00e9s elfogadja az \u00faj t\u00e1rsadalombiztos\u00edt\u00e1si t\u00f6rv\u00e9nyt, akkor j\u00f6v\u0151re \u2013 az adminisztr\u00e1ci\u00f3s terhek jelent\u0151s cs\u00f6kkent\u00e9s\u00e9n t\u00fal \u2013 automatikusan kisz\u0171ri az eg\u00e9szs\u00e9g\u00fcgy potyautasait a t\u00f6rv\u00e9ny rendelkez\u00e9sei alapj\u00e1n fel\u00e1ll\u00f3 \u00faj rendszer \u2013 k\u00f6z\u00f6lte a P\u00e9nz\u00fcgyminiszt\u00e9rium. Az elm\u00falt kilenc h\u00f3nap alatt \u2013 2019. janu\u00e1r 1. \u00e9s 2019. szeptember 27. k\u00f6z\u00f6tt \u2013 mintegy 75 ezer \u00fagynevezett &quot;piros l\u00e1mp\u00e1s&quot;\" \/>\n\t\t<meta property=\"og:url\" content=\"https:\/\/allasorias.hu\/hirek\/jarulektorveny-szigoritassal\/\" \/>\n\t\t<meta property=\"og:image\" content=\"https:\/\/allasorias.hu\/hirek\/wp-content\/uploads\/2019\/04\/accounting-analytics-balance-209224.jpg\" \/>\n\t\t<meta property=\"og:image:secure_url\" content=\"https:\/\/allasorias.hu\/hirek\/wp-content\/uploads\/2019\/04\/accounting-analytics-balance-209224.jpg\" \/>\n\t\t<meta property=\"og:image:width\" content=\"640\" \/>\n\t\t<meta property=\"og:image:height\" content=\"426\" \/>\n\t\t<meta property=\"article:published_time\" content=\"2019-12-03T08:51:59+00:00\" \/>\n\t\t<meta property=\"article:modified_time\" content=\"2019-12-03T08:51:59+00:00\" \/>\n\t\t<meta property=\"article:publisher\" content=\"https:\/\/www.facebook.com\/allasorias\" \/>\n\t\t<meta name=\"twitter:card\" content=\"summary_large_image\" \/>\n\t\t<meta name=\"twitter:title\" content=\"J\u00e1rul\u00e9kt\u00f6rv\u00e9ny, szigor\u00edt\u00e1ssal | AllasOrias.hu | H\u00edrek-lapszemle\" \/>\n\t\t<meta name=\"twitter:description\" content=\"Amennyiben az Orsz\u00e1ggy\u0171l\u00e9s elfogadja az \u00faj t\u00e1rsadalombiztos\u00edt\u00e1si t\u00f6rv\u00e9nyt, akkor j\u00f6v\u0151re \u2013 az adminisztr\u00e1ci\u00f3s terhek jelent\u0151s cs\u00f6kkent\u00e9s\u00e9n t\u00fal \u2013 automatikusan kisz\u0171ri az eg\u00e9szs\u00e9g\u00fcgy potyautasait a t\u00f6rv\u00e9ny rendelkez\u00e9sei alapj\u00e1n fel\u00e1ll\u00f3 \u00faj rendszer \u2013 k\u00f6z\u00f6lte a P\u00e9nz\u00fcgyminiszt\u00e9rium. Az elm\u00falt kilenc h\u00f3nap alatt \u2013 2019. janu\u00e1r 1. \u00e9s 2019. szeptember 27. k\u00f6z\u00f6tt \u2013 mintegy 75 ezer \u00fagynevezett &quot;piros l\u00e1mp\u00e1s&quot;\" \/>\n\t\t<meta name=\"twitter:image\" content=\"https:\/\/allasorias.hu\/hirek\/wp-content\/uploads\/2019\/04\/accounting-analytics-balance-209224.jpg\" \/>\n\t\t<meta name=\"twitter:label1\" content=\"Written by\" \/>\n\t\t<meta name=\"twitter:data1\" content=\"Juh\u00e1sz P\u00e9ter\" \/>\n\t\t<meta name=\"twitter:label2\" content=\"Est. reading time\" \/>\n\t\t<meta name=\"twitter:data2\" content=\"3 minutes\" \/>\n\t\t<script type=\"application\/ld+json\" class=\"aioseo-schema\">\n\t\t\t{\"@context\":\"https:\\\/\\\/schema.org\",\"@graph\":[{\"@type\":\"Article\",\"@id\":\"https:\\\/\\\/allasorias.hu\\\/hirek\\\/jarulektorveny-szigoritassal\\\/#article\",\"name\":\"J\\u00e1rul\\u00e9kt\\u00f6rv\\u00e9ny, szigor\\u00edt\\u00e1ssal | AllasOrias.hu | H\\u00edrek-lapszemle\",\"headline\":\"J\\u00e1rul\\u00e9kt\\u00f6rv\\u00e9ny, szigor\\u00edt\\u00e1ssal\",\"author\":{\"@id\":\"https:\\\/\\\/allasorias.hu\\\/hirek\\\/author\\\/admin-allasorias\\\/#author\"},\"publisher\":{\"@id\":\"https:\\\/\\\/allasorias.hu\\\/hirek\\\/#organization\"},\"image\":{\"@type\":\"ImageObject\",\"url\":\"https:\\\/\\\/allasorias.hu\\\/hirek\\\/wp-content\\\/uploads\\\/2019\\\/04\\\/accounting-analytics-balance-209224.jpg\",\"width\":640,\"height\":426},\"datePublished\":\"2019-12-03T08:51:59+02:00\",\"dateModified\":\"2019-12-03T08:51:59+02:00\",\"inLanguage\":\"hu-HU\",\"mainEntityOfPage\":{\"@id\":\"https:\\\/\\\/allasorias.hu\\\/hirek\\\/jarulektorveny-szigoritassal\\\/#webpage\"},\"isPartOf\":{\"@id\":\"https:\\\/\\\/allasorias.hu\\\/hirek\\\/jarulektorveny-szigoritassal\\\/#webpage\"},\"articleSection\":\"Gazdas\\u00e1g\"},{\"@type\":\"BreadcrumbList\",\"@id\":\"https:\\\/\\\/allasorias.hu\\\/hirek\\\/jarulektorveny-szigoritassal\\\/#breadcrumblist\",\"itemListElement\":[{\"@type\":\"ListItem\",\"@id\":\"https:\\\/\\\/allasorias.hu\\\/hirek#listItem\",\"position\":1,\"name\":\"Home\",\"item\":\"https:\\\/\\\/allasorias.hu\\\/hirek\",\"nextItem\":{\"@type\":\"ListItem\",\"@id\":\"https:\\\/\\\/allasorias.hu\\\/hirek\\\/temak\\\/gazdasag\\\/#listItem\",\"name\":\"Gazdas\\u00e1g\"}},{\"@type\":\"ListItem\",\"@id\":\"https:\\\/\\\/allasorias.hu\\\/hirek\\\/temak\\\/gazdasag\\\/#listItem\",\"position\":2,\"name\":\"Gazdas\\u00e1g\",\"item\":\"https:\\\/\\\/allasorias.hu\\\/hirek\\\/temak\\\/gazdasag\\\/\",\"nextItem\":{\"@type\":\"ListItem\",\"@id\":\"https:\\\/\\\/allasorias.hu\\\/hirek\\\/jarulektorveny-szigoritassal\\\/#listItem\",\"name\":\"J\\u00e1rul\\u00e9kt\\u00f6rv\\u00e9ny, szigor\\u00edt\\u00e1ssal\"},\"previousItem\":{\"@type\":\"ListItem\",\"@id\":\"https:\\\/\\\/allasorias.hu\\\/hirek#listItem\",\"name\":\"Home\"}},{\"@type\":\"ListItem\",\"@id\":\"https:\\\/\\\/allasorias.hu\\\/hirek\\\/jarulektorveny-szigoritassal\\\/#listItem\",\"position\":3,\"name\":\"J\\u00e1rul\\u00e9kt\\u00f6rv\\u00e9ny, szigor\\u00edt\\u00e1ssal\",\"previousItem\":{\"@type\":\"ListItem\",\"@id\":\"https:\\\/\\\/allasorias.hu\\\/hirek\\\/temak\\\/gazdasag\\\/#listItem\",\"name\":\"Gazdas\\u00e1g\"}}]},{\"@type\":\"Organization\",\"@id\":\"https:\\\/\\\/allasorias.hu\\\/hirek\\\/#organization\",\"name\":\"AllasOrias.hu | H\\u00edrek-lapszemle\",\"description\":\"\\u00dczleti h\\u00edrek az \\u00e1ll\\u00e1s \\u00e9s a munka vil\\u00e1g\\u00e1b\\u00f3l\",\"url\":\"https:\\\/\\\/allasorias.hu\\\/hirek\\\/\",\"logo\":{\"@type\":\"ImageObject\",\"url\":\"https:\\\/\\\/allasorias.hu\\\/hirek\\\/wp-content\\\/uploads\\\/2022\\\/10\\\/allasorias_site_facebok_logo.png\",\"@id\":\"https:\\\/\\\/allasorias.hu\\\/hirek\\\/jarulektorveny-szigoritassal\\\/#organizationLogo\"},\"image\":{\"@id\":\"https:\\\/\\\/allasorias.hu\\\/hirek\\\/jarulektorveny-szigoritassal\\\/#organizationLogo\"},\"sameAs\":[\"https:\\\/\\\/www.facebook.com\\\/allasorias\",\"https:\\\/\\\/www.linkedin.com\\\/company\\\/allasorias\"]},{\"@type\":\"Person\",\"@id\":\"https:\\\/\\\/allasorias.hu\\\/hirek\\\/author\\\/admin-allasorias\\\/#author\",\"url\":\"https:\\\/\\\/allasorias.hu\\\/hirek\\\/author\\\/admin-allasorias\\\/\",\"name\":\"Juh\\u00e1sz P\\u00e9ter\",\"image\":{\"@type\":\"ImageObject\",\"@id\":\"https:\\\/\\\/allasorias.hu\\\/hirek\\\/jarulektorveny-szigoritassal\\\/#authorImage\",\"url\":\"https:\\\/\\\/secure.gravatar.com\\\/avatar\\\/36e6bcb83148978b992977cb0f54d22feb0cce8a0a849a9410532bb2623ba4c6?s=96&d=mm&r=g\",\"width\":96,\"height\":96,\"caption\":\"Juh\\u00e1sz P\\u00e9ter\"}},{\"@type\":\"WebPage\",\"@id\":\"https:\\\/\\\/allasorias.hu\\\/hirek\\\/jarulektorveny-szigoritassal\\\/#webpage\",\"url\":\"https:\\\/\\\/allasorias.hu\\\/hirek\\\/jarulektorveny-szigoritassal\\\/\",\"name\":\"J\\u00e1rul\\u00e9kt\\u00f6rv\\u00e9ny, szigor\\u00edt\\u00e1ssal | AllasOrias.hu | H\\u00edrek-lapszemle\",\"description\":\"Amennyiben az Orsz\\u00e1ggy\\u0171l\\u00e9s elfogadja az \\u00faj t\\u00e1rsadalombiztos\\u00edt\\u00e1si t\\u00f6rv\\u00e9nyt, akkor j\\u00f6v\\u0151re \\u2013 az adminisztr\\u00e1ci\\u00f3s terhek jelent\\u0151s cs\\u00f6kkent\\u00e9s\\u00e9n t\\u00fal \\u2013 automatikusan kisz\\u0171ri az eg\\u00e9szs\\u00e9g\\u00fcgy potyautasait a t\\u00f6rv\\u00e9ny rendelkez\\u00e9sei alapj\\u00e1n fel\\u00e1ll\\u00f3 \\u00faj rendszer \\u2013 k\\u00f6z\\u00f6lte a P\\u00e9nz\\u00fcgyminiszt\\u00e9rium. Az elm\\u00falt kilenc h\\u00f3nap alatt \\u2013 2019. janu\\u00e1r 1. \\u00e9s 2019. szeptember 27. k\\u00f6z\\u00f6tt \\u2013 mintegy 75 ezer \\u00fagynevezett \\\"piros l\\u00e1mp\\u00e1s\\\"\",\"inLanguage\":\"hu-HU\",\"isPartOf\":{\"@id\":\"https:\\\/\\\/allasorias.hu\\\/hirek\\\/#website\"},\"breadcrumb\":{\"@id\":\"https:\\\/\\\/allasorias.hu\\\/hirek\\\/jarulektorveny-szigoritassal\\\/#breadcrumblist\"},\"author\":{\"@id\":\"https:\\\/\\\/allasorias.hu\\\/hirek\\\/author\\\/admin-allasorias\\\/#author\"},\"creator\":{\"@id\":\"https:\\\/\\\/allasorias.hu\\\/hirek\\\/author\\\/admin-allasorias\\\/#author\"},\"image\":{\"@type\":\"ImageObject\",\"url\":\"https:\\\/\\\/allasorias.hu\\\/hirek\\\/wp-content\\\/uploads\\\/2019\\\/04\\\/accounting-analytics-balance-209224.jpg\",\"@id\":\"https:\\\/\\\/allasorias.hu\\\/hirek\\\/jarulektorveny-szigoritassal\\\/#mainImage\",\"width\":640,\"height\":426},\"primaryImageOfPage\":{\"@id\":\"https:\\\/\\\/allasorias.hu\\\/hirek\\\/jarulektorveny-szigoritassal\\\/#mainImage\"},\"datePublished\":\"2019-12-03T08:51:59+02:00\",\"dateModified\":\"2019-12-03T08:51:59+02:00\"},{\"@type\":\"WebSite\",\"@id\":\"https:\\\/\\\/allasorias.hu\\\/hirek\\\/#website\",\"url\":\"https:\\\/\\\/allasorias.hu\\\/hirek\\\/\",\"name\":\"AllasOrias.hu | H\\u00edrek-lapszemle\",\"description\":\"\\u00dczleti h\\u00edrek az \\u00e1ll\\u00e1s \\u00e9s a munka vil\\u00e1g\\u00e1b\\u00f3l\",\"inLanguage\":\"hu-HU\",\"publisher\":{\"@id\":\"https:\\\/\\\/allasorias.hu\\\/hirek\\\/#organization\"}}]}\n\t\t<\/script>\n\t\t<!-- All in One SEO -->\n\n","aioseo_head_json":{"title":"J\u00e1rul\u00e9kt\u00f6rv\u00e9ny, szigor\u00edt\u00e1ssal | AllasOrias.hu | H\u00edrek-lapszemle","description":"Amennyiben az Orsz\u00e1ggy\u0171l\u00e9s elfogadja az \u00faj t\u00e1rsadalombiztos\u00edt\u00e1si t\u00f6rv\u00e9nyt, akkor j\u00f6v\u0151re \u2013 az adminisztr\u00e1ci\u00f3s terhek jelent\u0151s cs\u00f6kkent\u00e9s\u00e9n t\u00fal \u2013 automatikusan kisz\u0171ri az eg\u00e9szs\u00e9g\u00fcgy potyautasait a t\u00f6rv\u00e9ny rendelkez\u00e9sei alapj\u00e1n fel\u00e1ll\u00f3 \u00faj rendszer \u2013 k\u00f6z\u00f6lte a P\u00e9nz\u00fcgyminiszt\u00e9rium. Az elm\u00falt kilenc h\u00f3nap alatt \u2013 2019. janu\u00e1r 1. \u00e9s 2019. szeptember 27. k\u00f6z\u00f6tt \u2013 mintegy 75 ezer \u00fagynevezett \"piros l\u00e1mp\u00e1s\"","canonical_url":"https:\/\/allasorias.hu\/hirek\/jarulektorveny-szigoritassal\/","robots":"max-image-preview:large","keywords":"","webmasterTools":{"miscellaneous":""},"schema":{"@context":"https:\/\/schema.org","@graph":[{"@type":"Article","@id":"https:\/\/allasorias.hu\/hirek\/jarulektorveny-szigoritassal\/#article","name":"J\u00e1rul\u00e9kt\u00f6rv\u00e9ny, szigor\u00edt\u00e1ssal | AllasOrias.hu | H\u00edrek-lapszemle","headline":"J\u00e1rul\u00e9kt\u00f6rv\u00e9ny, szigor\u00edt\u00e1ssal","author":{"@id":"https:\/\/allasorias.hu\/hirek\/author\/admin-allasorias\/#author"},"publisher":{"@id":"https:\/\/allasorias.hu\/hirek\/#organization"},"image":{"@type":"ImageObject","url":"https:\/\/allasorias.hu\/hirek\/wp-content\/uploads\/2019\/04\/accounting-analytics-balance-209224.jpg","width":640,"height":426},"datePublished":"2019-12-03T08:51:59+02:00","dateModified":"2019-12-03T08:51:59+02:00","inLanguage":"hu-HU","mainEntityOfPage":{"@id":"https:\/\/allasorias.hu\/hirek\/jarulektorveny-szigoritassal\/#webpage"},"isPartOf":{"@id":"https:\/\/allasorias.hu\/hirek\/jarulektorveny-szigoritassal\/#webpage"},"articleSection":"Gazdas\u00e1g"},{"@type":"BreadcrumbList","@id":"https:\/\/allasorias.hu\/hirek\/jarulektorveny-szigoritassal\/#breadcrumblist","itemListElement":[{"@type":"ListItem","@id":"https:\/\/allasorias.hu\/hirek#listItem","position":1,"name":"Home","item":"https:\/\/allasorias.hu\/hirek","nextItem":{"@type":"ListItem","@id":"https:\/\/allasorias.hu\/hirek\/temak\/gazdasag\/#listItem","name":"Gazdas\u00e1g"}},{"@type":"ListItem","@id":"https:\/\/allasorias.hu\/hirek\/temak\/gazdasag\/#listItem","position":2,"name":"Gazdas\u00e1g","item":"https:\/\/allasorias.hu\/hirek\/temak\/gazdasag\/","nextItem":{"@type":"ListItem","@id":"https:\/\/allasorias.hu\/hirek\/jarulektorveny-szigoritassal\/#listItem","name":"J\u00e1rul\u00e9kt\u00f6rv\u00e9ny, szigor\u00edt\u00e1ssal"},"previousItem":{"@type":"ListItem","@id":"https:\/\/allasorias.hu\/hirek#listItem","name":"Home"}},{"@type":"ListItem","@id":"https:\/\/allasorias.hu\/hirek\/jarulektorveny-szigoritassal\/#listItem","position":3,"name":"J\u00e1rul\u00e9kt\u00f6rv\u00e9ny, szigor\u00edt\u00e1ssal","previousItem":{"@type":"ListItem","@id":"https:\/\/allasorias.hu\/hirek\/temak\/gazdasag\/#listItem","name":"Gazdas\u00e1g"}}]},{"@type":"Organization","@id":"https:\/\/allasorias.hu\/hirek\/#organization","name":"AllasOrias.hu | H\u00edrek-lapszemle","description":"\u00dczleti h\u00edrek az \u00e1ll\u00e1s \u00e9s a munka vil\u00e1g\u00e1b\u00f3l","url":"https:\/\/allasorias.hu\/hirek\/","logo":{"@type":"ImageObject","url":"https:\/\/allasorias.hu\/hirek\/wp-content\/uploads\/2022\/10\/allasorias_site_facebok_logo.png","@id":"https:\/\/allasorias.hu\/hirek\/jarulektorveny-szigoritassal\/#organizationLogo"},"image":{"@id":"https:\/\/allasorias.hu\/hirek\/jarulektorveny-szigoritassal\/#organizationLogo"},"sameAs":["https:\/\/www.facebook.com\/allasorias","https:\/\/www.linkedin.com\/company\/allasorias"]},{"@type":"Person","@id":"https:\/\/allasorias.hu\/hirek\/author\/admin-allasorias\/#author","url":"https:\/\/allasorias.hu\/hirek\/author\/admin-allasorias\/","name":"Juh\u00e1sz P\u00e9ter","image":{"@type":"ImageObject","@id":"https:\/\/allasorias.hu\/hirek\/jarulektorveny-szigoritassal\/#authorImage","url":"https:\/\/secure.gravatar.com\/avatar\/36e6bcb83148978b992977cb0f54d22feb0cce8a0a849a9410532bb2623ba4c6?s=96&d=mm&r=g","width":96,"height":96,"caption":"Juh\u00e1sz P\u00e9ter"}},{"@type":"WebPage","@id":"https:\/\/allasorias.hu\/hirek\/jarulektorveny-szigoritassal\/#webpage","url":"https:\/\/allasorias.hu\/hirek\/jarulektorveny-szigoritassal\/","name":"J\u00e1rul\u00e9kt\u00f6rv\u00e9ny, szigor\u00edt\u00e1ssal | AllasOrias.hu | H\u00edrek-lapszemle","description":"Amennyiben az Orsz\u00e1ggy\u0171l\u00e9s elfogadja az \u00faj t\u00e1rsadalombiztos\u00edt\u00e1si t\u00f6rv\u00e9nyt, akkor j\u00f6v\u0151re \u2013 az adminisztr\u00e1ci\u00f3s terhek jelent\u0151s cs\u00f6kkent\u00e9s\u00e9n t\u00fal \u2013 automatikusan kisz\u0171ri az eg\u00e9szs\u00e9g\u00fcgy potyautasait a t\u00f6rv\u00e9ny rendelkez\u00e9sei alapj\u00e1n fel\u00e1ll\u00f3 \u00faj rendszer \u2013 k\u00f6z\u00f6lte a P\u00e9nz\u00fcgyminiszt\u00e9rium. Az elm\u00falt kilenc h\u00f3nap alatt \u2013 2019. janu\u00e1r 1. \u00e9s 2019. szeptember 27. k\u00f6z\u00f6tt \u2013 mintegy 75 ezer \u00fagynevezett \"piros l\u00e1mp\u00e1s\"","inLanguage":"hu-HU","isPartOf":{"@id":"https:\/\/allasorias.hu\/hirek\/#website"},"breadcrumb":{"@id":"https:\/\/allasorias.hu\/hirek\/jarulektorveny-szigoritassal\/#breadcrumblist"},"author":{"@id":"https:\/\/allasorias.hu\/hirek\/author\/admin-allasorias\/#author"},"creator":{"@id":"https:\/\/allasorias.hu\/hirek\/author\/admin-allasorias\/#author"},"image":{"@type":"ImageObject","url":"https:\/\/allasorias.hu\/hirek\/wp-content\/uploads\/2019\/04\/accounting-analytics-balance-209224.jpg","@id":"https:\/\/allasorias.hu\/hirek\/jarulektorveny-szigoritassal\/#mainImage","width":640,"height":426},"primaryImageOfPage":{"@id":"https:\/\/allasorias.hu\/hirek\/jarulektorveny-szigoritassal\/#mainImage"},"datePublished":"2019-12-03T08:51:59+02:00","dateModified":"2019-12-03T08:51:59+02:00"},{"@type":"WebSite","@id":"https:\/\/allasorias.hu\/hirek\/#website","url":"https:\/\/allasorias.hu\/hirek\/","name":"AllasOrias.hu | H\u00edrek-lapszemle","description":"\u00dczleti h\u00edrek az \u00e1ll\u00e1s \u00e9s a munka vil\u00e1g\u00e1b\u00f3l","inLanguage":"hu-HU","publisher":{"@id":"https:\/\/allasorias.hu\/hirek\/#organization"}}]},"og:locale":"hu_HU","og:site_name":"AllasOrias.hu | H\u00edrek-lapszemle | \u00dczleti h\u00edrek az \u00e1ll\u00e1s \u00e9s a munka vil\u00e1g\u00e1b\u00f3l","og:type":"article","og:title":"J\u00e1rul\u00e9kt\u00f6rv\u00e9ny, szigor\u00edt\u00e1ssal | AllasOrias.hu | H\u00edrek-lapszemle","og:description":"Amennyiben az Orsz\u00e1ggy\u0171l\u00e9s elfogadja az \u00faj t\u00e1rsadalombiztos\u00edt\u00e1si t\u00f6rv\u00e9nyt, akkor j\u00f6v\u0151re \u2013 az adminisztr\u00e1ci\u00f3s terhek jelent\u0151s cs\u00f6kkent\u00e9s\u00e9n t\u00fal \u2013 automatikusan kisz\u0171ri az eg\u00e9szs\u00e9g\u00fcgy potyautasait a t\u00f6rv\u00e9ny rendelkez\u00e9sei alapj\u00e1n fel\u00e1ll\u00f3 \u00faj rendszer \u2013 k\u00f6z\u00f6lte a P\u00e9nz\u00fcgyminiszt\u00e9rium. Az elm\u00falt kilenc h\u00f3nap alatt \u2013 2019. janu\u00e1r 1. \u00e9s 2019. szeptember 27. k\u00f6z\u00f6tt \u2013 mintegy 75 ezer \u00fagynevezett &quot;piros l\u00e1mp\u00e1s&quot;","og:url":"https:\/\/allasorias.hu\/hirek\/jarulektorveny-szigoritassal\/","og:image":"https:\/\/allasorias.hu\/hirek\/wp-content\/uploads\/2019\/04\/accounting-analytics-balance-209224.jpg","og:image:secure_url":"https:\/\/allasorias.hu\/hirek\/wp-content\/uploads\/2019\/04\/accounting-analytics-balance-209224.jpg","og:image:width":640,"og:image:height":426,"article:published_time":"2019-12-03T08:51:59+00:00","article:modified_time":"2019-12-03T08:51:59+00:00","article:publisher":"https:\/\/www.facebook.com\/allasorias","twitter:card":"summary_large_image","twitter:title":"J\u00e1rul\u00e9kt\u00f6rv\u00e9ny, szigor\u00edt\u00e1ssal | AllasOrias.hu | H\u00edrek-lapszemle","twitter:description":"Amennyiben az Orsz\u00e1ggy\u0171l\u00e9s elfogadja az \u00faj t\u00e1rsadalombiztos\u00edt\u00e1si t\u00f6rv\u00e9nyt, akkor j\u00f6v\u0151re \u2013 az adminisztr\u00e1ci\u00f3s terhek jelent\u0151s cs\u00f6kkent\u00e9s\u00e9n t\u00fal \u2013 automatikusan kisz\u0171ri az eg\u00e9szs\u00e9g\u00fcgy potyautasait a t\u00f6rv\u00e9ny rendelkez\u00e9sei alapj\u00e1n fel\u00e1ll\u00f3 \u00faj rendszer \u2013 k\u00f6z\u00f6lte a P\u00e9nz\u00fcgyminiszt\u00e9rium. Az elm\u00falt kilenc h\u00f3nap alatt \u2013 2019. janu\u00e1r 1. \u00e9s 2019. szeptember 27. k\u00f6z\u00f6tt \u2013 mintegy 75 ezer \u00fagynevezett &quot;piros l\u00e1mp\u00e1s&quot;","twitter:image":"https:\/\/allasorias.hu\/hirek\/wp-content\/uploads\/2019\/04\/accounting-analytics-balance-209224.jpg","twitter:label1":"Written by","twitter:data1":"Juh\u00e1sz P\u00e9ter","twitter:label2":"Est. reading time","twitter:data2":"3 minutes"},"aioseo_meta_data":{"post_id":"3555","title":null,"description":null,"keywords":null,"keyphrases":null,"primary_term":null,"canonical_url":null,"og_title":null,"og_description":null,"og_object_type":"default","og_image_type":"default","og_image_url":null,"og_image_width":null,"og_image_height":null,"og_image_custom_url":null,"og_image_custom_fields":null,"og_video":null,"og_custom_url":null,"og_article_section":null,"og_article_tags":null,"twitter_use_og":false,"twitter_card":"default","twitter_image_type":"default","twitter_image_url":null,"twitter_image_custom_url":null,"twitter_image_custom_fields":null,"twitter_title":null,"twitter_description":null,"schema":{"blockGraphs":[],"customGraphs":[],"default":{"data":{"Article":[],"Course":[],"Dataset":[],"FAQPage":[],"Movie":[],"Person":[],"Product":[],"ProductReview":[],"Car":[],"Recipe":[],"Service":[],"SoftwareApplication":[],"WebPage":[]},"graphName":"","isEnabled":true},"graphs":[],"defaultGraph":"","defaultPostTypeGraph":""},"schema_type":null,"schema_type_options":null,"pillar_content":false,"robots_default":true,"robots_noindex":false,"robots_noarchive":false,"robots_nosnippet":false,"robots_nofollow":false,"robots_noimageindex":false,"robots_noodp":false,"robots_notranslate":false,"robots_max_snippet":null,"robots_max_videopreview":null,"robots_max_imagepreview":"large","priority":null,"frequency":null,"location":null,"local_seo":null,"breadcrumb_settings":null,"limit_modified_date":false,"ai":null,"created":"2021-02-01 22:54:09","updated":"2025-10-02 12:22:56","seo_analyzer_scan_date":null,"focus_keyword":null,"additional_keywords":null,"truseo_locale":null},"aioseo_breadcrumb":"<div class=\"aioseo-breadcrumbs\"><span class=\"aioseo-breadcrumb\">\n\t\t\t<a href=\"https:\/\/allasorias.hu\/hirek\" title=\"Home\">Home<\/a>\n\t\t<\/span><span class=\"aioseo-breadcrumb-separator\">&raquo;<\/span><span class=\"aioseo-breadcrumb\">\n\t\t\t<a href=\"https:\/\/allasorias.hu\/hirek\/temak\/gazdasag\/\" title=\"Gazdas\u00e1g\">Gazdas\u00e1g<\/a>\n\t\t<\/span><span class=\"aioseo-breadcrumb-separator\">&raquo;<\/span><span class=\"aioseo-breadcrumb\">\n\t\t\tJ\u00e1rul\u00e9kt\u00f6rv\u00e9ny, szigor\u00edt\u00e1ssal\n\t\t<\/span><\/div>","aioseo_breadcrumb_json":[{"label":"Home","link":"https:\/\/allasorias.hu\/hirek"},{"label":"Gazdas\u00e1g","link":"https:\/\/allasorias.hu\/hirek\/temak\/gazdasag\/"},{"label":"J\u00e1rul\u00e9kt\u00f6rv\u00e9ny, szigor\u00edt\u00e1ssal","link":"https:\/\/allasorias.hu\/hirek\/jarulektorveny-szigoritassal\/"}],"_links":{"self":[{"href":"https:\/\/allasorias.hu\/hirek\/wp-json\/wp\/v2\/posts\/3555","targetHints":{"allow":["GET"]}}],"collection":[{"href":"https:\/\/allasorias.hu\/hirek\/wp-json\/wp\/v2\/posts"}],"about":[{"href":"https:\/\/allasorias.hu\/hirek\/wp-json\/wp\/v2\/types\/post"}],"author":[{"embeddable":true,"href":"https:\/\/allasorias.hu\/hirek\/wp-json\/wp\/v2\/users\/1"}],"replies":[{"embeddable":true,"href":"https:\/\/allasorias.hu\/hirek\/wp-json\/wp\/v2\/comments?post=3555"}],"version-history":[{"count":1,"href":"https:\/\/allasorias.hu\/hirek\/wp-json\/wp\/v2\/posts\/3555\/revisions"}],"predecessor-version":[{"id":3556,"href":"https:\/\/allasorias.hu\/hirek\/wp-json\/wp\/v2\/posts\/3555\/revisions\/3556"}],"wp:featuredmedia":[{"embeddable":true,"href":"https:\/\/allasorias.hu\/hirek\/wp-json\/wp\/v2\/media\/2728"}],"wp:attachment":[{"href":"https:\/\/allasorias.hu\/hirek\/wp-json\/wp\/v2\/media?parent=3555"}],"wp:term":[{"taxonomy":"category","embeddable":true,"href":"https:\/\/allasorias.hu\/hirek\/wp-json\/wp\/v2\/categories?post=3555"},{"taxonomy":"post_tag","embeddable":true,"href":"https:\/\/allasorias.hu\/hirek\/wp-json\/wp\/v2\/tags?post=3555"}],"curies":[{"name":"wp","href":"https:\/\/api.w.org\/{rel}","templated":true}]}}