{"id":3550,"date":"2019-12-02T08:55:58","date_gmt":"2019-12-02T08:55:58","guid":{"rendered":"https:\/\/allasorias.hu\/hirek\/?p=3550"},"modified":"2019-12-02T08:55:58","modified_gmt":"2019-12-02T08:55:58","slug":"sulyos-munkahelyvesztes-a-nemet-autoiparban","status":"publish","type":"post","link":"https:\/\/allasorias.hu\/hirek\/sulyos-munkahelyvesztes-a-nemet-autoiparban\/","title":{"rendered":"S\u00falyos munkahelyveszt\u00e9s a  n\u00e9met aut\u00f3iparban"},"content":{"rendered":"<p><strong>T\u00f6bb mint 200 ezer \u00e1ll\u00e1s sz\u0171nik meg a n\u00e9met aut\u00f3iparban a k\u00f6vetkez\u0151 \u00e9vtizedben a legismertebb n\u00e9met \u00e1gazati elemz\u0151 szerint. Ferdinand Dudenh\u00f6ffer a Bild c\u00edm\u0171 lap cs\u00fct\u00f6rt\u00f6ki \u00f6ssze\u00e1ll\u00edt\u00e1sa szerint azzal sz\u00e1mol, hogy 2030-ig a munkahelyek 10 sz\u00e1zal\u00e9k\u00e1t sz\u00e1molj\u00e1k fel a n\u00e9met aut\u00f3ipari c\u00e9gek, ami azt jelenti, hogy 234 ezer \u00e1ll\u00e1s sz\u0171nik meg. <\/strong><\/p>\n<p>A duisburgi-esseni egyetem (UDE) aut\u00f3ipari kutat\u00f3int\u00e9zet\u00e9nek (Center Automotive Research &#8211; CAR) t\u00e1rsigazgat\u00f3ja kiemelte, hogy az \u00e1gazat a szigor\u00fabb k\u00f6rnyezetv\u00e9delmi k\u00f6vetelm\u00e9nyek, az \u00faj meghajt\u00e1si technol\u00f3gi\u00e1k terjed\u00e9se \u00e9s a digitaliz\u00e1ci\u00f3 r\u00e9v\u00e9n t\u00f6rt\u00e9nete legnagyobb szab\u00e1s\u00fa \u00e1talakul\u00e1s\u00e1n megy kereszt\u00fcl. Mint mondta, nem term\u00e9szeti t\u00f6rv\u00e9ny, hogy az aut\u00f3ipari \u00f3ri\u00e1sc\u00e9gek a j\u00f6v\u0151ben is meghat\u00e1roz\u00f3 szerepl\u0151k lesznek. Az egyik legnagyobb hazai gy\u00e1rt\u00f3, az Audi 9500 \u00e1ll\u00e1s megsz\u00fcntet\u00e9s\u00e9r\u0151l \u00e1llapodott meg a napokban a munkav\u00e1llal\u00f3i \u00e9rdekk\u00e9pviseletekkel. A munkahelyeket fokozatosan, 2025-ig sz\u00fcntetik meg, \u00e9s nem elbocs\u00e1t\u00e1sokkal, hanem a nyug\u00e1llom\u00e1nyba vonul\u00f3 munkat\u00e1rsak \u00e1ll\u00e1s\u00e1nak felsz\u00e1mol\u00e1s\u00e1val \u00e9s a korai nyugd\u00edjaz\u00e1st \u00f6szt\u00f6nz\u0151 programokkal. Az elemz\u0151i v\u00e1rakoz\u00e1sok szerint m\u00e1s c\u00e9gekn\u00e9l is hasonl\u00f3 megold\u00e1sokat haszn\u00e1lnak majd, \u00edgy az \u00e1gazat t\u00f6meges elbocs\u00e1t\u00e1sok n\u00e9lk\u00fcl alakul \u00e1t. A v\u00e1ltoz\u00e1s \u00faj munkahelyeket is teremt, \u00edgy p\u00e9ld\u00e1ul az Audin\u00e1l le\u00e9p\u00edt\u00e9s mellett l\u00e9tsz\u00e1mfejleszt\u00e9s is k\u00f6vetkezik, 2000 \u00faj \u00e1ll\u00e1st hoznak l\u00e9tre a t\u00e1rsas\u00e1g j\u00f6v\u0151je szempontj\u00e1b\u00f3l fontos ter\u00fcleteken, k\u00f6zt\u00fck az elektromobilit\u00e1s \u00e9s a digitaliz\u00e1ci\u00f3 ter\u00fclet\u00e9n.<\/p>\n<p>Forr\u00e1s:totalkar.hu<\/p>\n","protected":false},"excerpt":{"rendered":"<p>T\u00f6bb mint 200 ezer \u00e1ll\u00e1s sz\u0171nik meg a n\u00e9met aut\u00f3iparban a k\u00f6vetkez\u0151 \u00e9vtizedben a legismertebb n\u00e9met \u00e1gazati elemz\u0151 szerint. Ferdinand Dudenh\u00f6ffer a Bild c\u00edm\u0171 lap cs\u00fct\u00f6rt\u00f6ki \u00f6ssze\u00e1ll\u00edt\u00e1sa szerint azzal sz\u00e1mol, hogy 2030-ig a munkahelyek 10 sz\u00e1zal\u00e9k\u00e1t sz\u00e1molj\u00e1k fel a n\u00e9met aut\u00f3ipari c\u00e9gek, ami azt jelenti, hogy 234 ezer \u00e1ll\u00e1s sz\u0171nik meg. A duisburgi-esseni egyetem (UDE) [&hellip;]<\/p>\n","protected":false},"author":1,"featured_media":2923,"comment_status":"open","ping_status":"open","sticky":false,"template":"","format":"standard","meta":{"_monsterinsights_skip_tracking":false,"footnotes":""},"categories":[201,200],"tags":[],"class_list":["post-3550","post","type-post","status-publish","format-standard","has-post-thumbnail","hentry","category-kulfold","category-munkaeropiac"],"aioseo_notices":[],"aioseo_head":"\n\t\t<!-- All in One SEO 5.0.0.1 - aioseo.com -->\n\t<meta name=\"description\" content=\"T\u00f6bb mint 200 ezer \u00e1ll\u00e1s sz\u0171nik meg a n\u00e9met aut\u00f3iparban a k\u00f6vetkez\u0151 \u00e9vtizedben a legismertebb n\u00e9met \u00e1gazati elemz\u0151 szerint. Ferdinand Dudenh\u00f6ffer a Bild c\u00edm\u0171 lap cs\u00fct\u00f6rt\u00f6ki \u00f6ssze\u00e1ll\u00edt\u00e1sa szerint azzal sz\u00e1mol, hogy 2030-ig a munkahelyek 10 sz\u00e1zal\u00e9k\u00e1t sz\u00e1molj\u00e1k fel a n\u00e9met aut\u00f3ipari c\u00e9gek, ami azt jelenti, hogy 234 ezer \u00e1ll\u00e1s sz\u0171nik meg. A duisburgi-esseni egyetem (UDE)\" \/>\n\t<meta name=\"robots\" content=\"max-image-preview:large\" \/>\n\t<meta name=\"author\" content=\"Juh\u00e1sz P\u00e9ter\"\/>\n\t<link rel=\"canonical\" href=\"https:\/\/allasorias.hu\/hirek\/sulyos-munkahelyvesztes-a-nemet-autoiparban\/\" \/>\n\t<meta name=\"generator\" content=\"All in One SEO (AIOSEO) 5.0.0.1\" \/>\n\t\t<meta property=\"og:locale\" content=\"hu_HU\" \/>\n\t\t<meta property=\"og:site_name\" content=\"AllasOrias.hu | H\u00edrek-lapszemle | \u00dczleti h\u00edrek az \u00e1ll\u00e1s \u00e9s a munka vil\u00e1g\u00e1b\u00f3l\" \/>\n\t\t<meta property=\"og:type\" content=\"article\" \/>\n\t\t<meta property=\"og:title\" content=\"S\u00falyos munkahelyveszt\u00e9s a n\u00e9met aut\u00f3iparban | AllasOrias.hu | H\u00edrek-lapszemle\" \/>\n\t\t<meta property=\"og:description\" content=\"T\u00f6bb mint 200 ezer \u00e1ll\u00e1s sz\u0171nik meg a n\u00e9met aut\u00f3iparban a k\u00f6vetkez\u0151 \u00e9vtizedben a legismertebb n\u00e9met \u00e1gazati elemz\u0151 szerint. Ferdinand Dudenh\u00f6ffer a Bild c\u00edm\u0171 lap cs\u00fct\u00f6rt\u00f6ki \u00f6ssze\u00e1ll\u00edt\u00e1sa szerint azzal sz\u00e1mol, hogy 2030-ig a munkahelyek 10 sz\u00e1zal\u00e9k\u00e1t sz\u00e1molj\u00e1k fel a n\u00e9met aut\u00f3ipari c\u00e9gek, ami azt jelenti, hogy 234 ezer \u00e1ll\u00e1s sz\u0171nik meg. A duisburgi-esseni egyetem (UDE)\" \/>\n\t\t<meta property=\"og:url\" content=\"https:\/\/allasorias.hu\/hirek\/sulyos-munkahelyvesztes-a-nemet-autoiparban\/\" \/>\n\t\t<meta property=\"og:image\" content=\"https:\/\/allasorias.hu\/hirek\/wp-content\/uploads\/2019\/05\/architecture-automobile-cars-63294.jpg\" \/>\n\t\t<meta property=\"og:image:secure_url\" content=\"https:\/\/allasorias.hu\/hirek\/wp-content\/uploads\/2019\/05\/architecture-automobile-cars-63294.jpg\" \/>\n\t\t<meta property=\"og:image:width\" content=\"640\" \/>\n\t\t<meta property=\"og:image:height\" content=\"480\" \/>\n\t\t<meta property=\"article:published_time\" content=\"2019-12-02T08:55:58+00:00\" \/>\n\t\t<meta property=\"article:modified_time\" content=\"2019-12-02T08:55:58+00:00\" \/>\n\t\t<meta property=\"article:publisher\" content=\"https:\/\/www.facebook.com\/allasorias\" \/>\n\t\t<meta name=\"twitter:card\" content=\"summary_large_image\" \/>\n\t\t<meta name=\"twitter:title\" content=\"S\u00falyos munkahelyveszt\u00e9s a n\u00e9met aut\u00f3iparban | AllasOrias.hu | H\u00edrek-lapszemle\" \/>\n\t\t<meta name=\"twitter:description\" content=\"T\u00f6bb mint 200 ezer \u00e1ll\u00e1s sz\u0171nik meg a n\u00e9met aut\u00f3iparban a k\u00f6vetkez\u0151 \u00e9vtizedben a legismertebb n\u00e9met \u00e1gazati elemz\u0151 szerint. Ferdinand Dudenh\u00f6ffer a Bild c\u00edm\u0171 lap cs\u00fct\u00f6rt\u00f6ki \u00f6ssze\u00e1ll\u00edt\u00e1sa szerint azzal sz\u00e1mol, hogy 2030-ig a munkahelyek 10 sz\u00e1zal\u00e9k\u00e1t sz\u00e1molj\u00e1k fel a n\u00e9met aut\u00f3ipari c\u00e9gek, ami azt jelenti, hogy 234 ezer \u00e1ll\u00e1s sz\u0171nik meg. A duisburgi-esseni egyetem (UDE)\" \/>\n\t\t<meta name=\"twitter:image\" content=\"https:\/\/allasorias.hu\/hirek\/wp-content\/uploads\/2019\/05\/architecture-automobile-cars-63294.jpg\" \/>\n\t\t<meta name=\"twitter:label1\" content=\"Written by\" \/>\n\t\t<meta name=\"twitter:data1\" content=\"Juh\u00e1sz P\u00e9ter\" \/>\n\t\t<meta name=\"twitter:label2\" content=\"Est. reading time\" \/>\n\t\t<meta name=\"twitter:data2\" content=\"2 minutes\" \/>\n\t\t<script type=\"application\/ld+json\" class=\"aioseo-schema\">\n\t\t\t{\"@context\":\"https:\\\/\\\/schema.org\",\"@graph\":[{\"@type\":\"Article\",\"@id\":\"https:\\\/\\\/allasorias.hu\\\/hirek\\\/sulyos-munkahelyvesztes-a-nemet-autoiparban\\\/#article\",\"name\":\"S\\u00falyos munkahelyveszt\\u00e9s a n\\u00e9met aut\\u00f3iparban | AllasOrias.hu | H\\u00edrek-lapszemle\",\"headline\":\"S\\u00falyos munkahelyveszt\\u00e9s a  n\\u00e9met aut\\u00f3iparban\",\"author\":{\"@id\":\"https:\\\/\\\/allasorias.hu\\\/hirek\\\/author\\\/admin-allasorias\\\/#author\"},\"publisher\":{\"@id\":\"https:\\\/\\\/allasorias.hu\\\/hirek\\\/#organization\"},\"image\":{\"@type\":\"ImageObject\",\"url\":\"https:\\\/\\\/allasorias.hu\\\/hirek\\\/wp-content\\\/uploads\\\/2019\\\/05\\\/architecture-automobile-cars-63294.jpg\",\"width\":640,\"height\":480},\"datePublished\":\"2019-12-02T08:55:58+02:00\",\"dateModified\":\"2019-12-02T08:55:58+02:00\",\"inLanguage\":\"hu-HU\",\"mainEntityOfPage\":{\"@id\":\"https:\\\/\\\/allasorias.hu\\\/hirek\\\/sulyos-munkahelyvesztes-a-nemet-autoiparban\\\/#webpage\"},\"isPartOf\":{\"@id\":\"https:\\\/\\\/allasorias.hu\\\/hirek\\\/sulyos-munkahelyvesztes-a-nemet-autoiparban\\\/#webpage\"},\"articleSection\":\"K\\u00fclf\\u00f6ld, Munkaer\\u0151piac\"},{\"@type\":\"BreadcrumbList\",\"@id\":\"https:\\\/\\\/allasorias.hu\\\/hirek\\\/sulyos-munkahelyvesztes-a-nemet-autoiparban\\\/#breadcrumblist\",\"itemListElement\":[{\"@type\":\"ListItem\",\"@id\":\"https:\\\/\\\/allasorias.hu\\\/hirek#listItem\",\"position\":1,\"name\":\"Home\",\"item\":\"https:\\\/\\\/allasorias.hu\\\/hirek\",\"nextItem\":{\"@type\":\"ListItem\",\"@id\":\"https:\\\/\\\/allasorias.hu\\\/hirek\\\/temak\\\/munkaeropiac\\\/#listItem\",\"name\":\"Munkaer\\u0151piac\"}},{\"@type\":\"ListItem\",\"@id\":\"https:\\\/\\\/allasorias.hu\\\/hirek\\\/temak\\\/munkaeropiac\\\/#listItem\",\"position\":2,\"name\":\"Munkaer\\u0151piac\",\"item\":\"https:\\\/\\\/allasorias.hu\\\/hirek\\\/temak\\\/munkaeropiac\\\/\",\"nextItem\":{\"@type\":\"ListItem\",\"@id\":\"https:\\\/\\\/allasorias.hu\\\/hirek\\\/sulyos-munkahelyvesztes-a-nemet-autoiparban\\\/#listItem\",\"name\":\"S\\u00falyos munkahelyveszt\\u00e9s a  n\\u00e9met aut\\u00f3iparban\"},\"previousItem\":{\"@type\":\"ListItem\",\"@id\":\"https:\\\/\\\/allasorias.hu\\\/hirek#listItem\",\"name\":\"Home\"}},{\"@type\":\"ListItem\",\"@id\":\"https:\\\/\\\/allasorias.hu\\\/hirek\\\/sulyos-munkahelyvesztes-a-nemet-autoiparban\\\/#listItem\",\"position\":3,\"name\":\"S\\u00falyos munkahelyveszt\\u00e9s a  n\\u00e9met aut\\u00f3iparban\",\"previousItem\":{\"@type\":\"ListItem\",\"@id\":\"https:\\\/\\\/allasorias.hu\\\/hirek\\\/temak\\\/munkaeropiac\\\/#listItem\",\"name\":\"Munkaer\\u0151piac\"}}]},{\"@type\":\"Organization\",\"@id\":\"https:\\\/\\\/allasorias.hu\\\/hirek\\\/#organization\",\"name\":\"AllasOrias.hu | H\\u00edrek-lapszemle\",\"description\":\"\\u00dczleti h\\u00edrek az \\u00e1ll\\u00e1s \\u00e9s a munka vil\\u00e1g\\u00e1b\\u00f3l\",\"url\":\"https:\\\/\\\/allasorias.hu\\\/hirek\\\/\",\"logo\":{\"@type\":\"ImageObject\",\"url\":\"https:\\\/\\\/allasorias.hu\\\/hirek\\\/wp-content\\\/uploads\\\/2022\\\/10\\\/allasorias_site_facebok_logo.png\",\"@id\":\"https:\\\/\\\/allasorias.hu\\\/hirek\\\/sulyos-munkahelyvesztes-a-nemet-autoiparban\\\/#organizationLogo\"},\"image\":{\"@id\":\"https:\\\/\\\/allasorias.hu\\\/hirek\\\/sulyos-munkahelyvesztes-a-nemet-autoiparban\\\/#organizationLogo\"},\"sameAs\":[\"https:\\\/\\\/www.facebook.com\\\/allasorias\",\"https:\\\/\\\/www.linkedin.com\\\/company\\\/allasorias\"]},{\"@type\":\"Person\",\"@id\":\"https:\\\/\\\/allasorias.hu\\\/hirek\\\/author\\\/admin-allasorias\\\/#author\",\"url\":\"https:\\\/\\\/allasorias.hu\\\/hirek\\\/author\\\/admin-allasorias\\\/\",\"name\":\"Juh\\u00e1sz P\\u00e9ter\",\"image\":{\"@type\":\"ImageObject\",\"@id\":\"https:\\\/\\\/allasorias.hu\\\/hirek\\\/sulyos-munkahelyvesztes-a-nemet-autoiparban\\\/#authorImage\",\"url\":\"https:\\\/\\\/secure.gravatar.com\\\/avatar\\\/36e6bcb83148978b992977cb0f54d22feb0cce8a0a849a9410532bb2623ba4c6?s=96&d=mm&r=g\",\"width\":96,\"height\":96,\"caption\":\"Juh\\u00e1sz P\\u00e9ter\"}},{\"@type\":\"WebPage\",\"@id\":\"https:\\\/\\\/allasorias.hu\\\/hirek\\\/sulyos-munkahelyvesztes-a-nemet-autoiparban\\\/#webpage\",\"url\":\"https:\\\/\\\/allasorias.hu\\\/hirek\\\/sulyos-munkahelyvesztes-a-nemet-autoiparban\\\/\",\"name\":\"S\\u00falyos munkahelyveszt\\u00e9s a n\\u00e9met aut\\u00f3iparban | AllasOrias.hu | H\\u00edrek-lapszemle\",\"description\":\"T\\u00f6bb mint 200 ezer \\u00e1ll\\u00e1s sz\\u0171nik meg a n\\u00e9met aut\\u00f3iparban a k\\u00f6vetkez\\u0151 \\u00e9vtizedben a legismertebb n\\u00e9met \\u00e1gazati elemz\\u0151 szerint. Ferdinand Dudenh\\u00f6ffer a Bild c\\u00edm\\u0171 lap cs\\u00fct\\u00f6rt\\u00f6ki \\u00f6ssze\\u00e1ll\\u00edt\\u00e1sa szerint azzal sz\\u00e1mol, hogy 2030-ig a munkahelyek 10 sz\\u00e1zal\\u00e9k\\u00e1t sz\\u00e1molj\\u00e1k fel a n\\u00e9met aut\\u00f3ipari c\\u00e9gek, ami azt jelenti, hogy 234 ezer \\u00e1ll\\u00e1s sz\\u0171nik meg. A duisburgi-esseni egyetem (UDE)\",\"inLanguage\":\"hu-HU\",\"isPartOf\":{\"@id\":\"https:\\\/\\\/allasorias.hu\\\/hirek\\\/#website\"},\"breadcrumb\":{\"@id\":\"https:\\\/\\\/allasorias.hu\\\/hirek\\\/sulyos-munkahelyvesztes-a-nemet-autoiparban\\\/#breadcrumblist\"},\"author\":{\"@id\":\"https:\\\/\\\/allasorias.hu\\\/hirek\\\/author\\\/admin-allasorias\\\/#author\"},\"creator\":{\"@id\":\"https:\\\/\\\/allasorias.hu\\\/hirek\\\/author\\\/admin-allasorias\\\/#author\"},\"image\":{\"@type\":\"ImageObject\",\"url\":\"https:\\\/\\\/allasorias.hu\\\/hirek\\\/wp-content\\\/uploads\\\/2019\\\/05\\\/architecture-automobile-cars-63294.jpg\",\"@id\":\"https:\\\/\\\/allasorias.hu\\\/hirek\\\/sulyos-munkahelyvesztes-a-nemet-autoiparban\\\/#mainImage\",\"width\":640,\"height\":480},\"primaryImageOfPage\":{\"@id\":\"https:\\\/\\\/allasorias.hu\\\/hirek\\\/sulyos-munkahelyvesztes-a-nemet-autoiparban\\\/#mainImage\"},\"datePublished\":\"2019-12-02T08:55:58+02:00\",\"dateModified\":\"2019-12-02T08:55:58+02:00\"},{\"@type\":\"WebSite\",\"@id\":\"https:\\\/\\\/allasorias.hu\\\/hirek\\\/#website\",\"url\":\"https:\\\/\\\/allasorias.hu\\\/hirek\\\/\",\"name\":\"AllasOrias.hu | H\\u00edrek-lapszemle\",\"description\":\"\\u00dczleti h\\u00edrek az \\u00e1ll\\u00e1s \\u00e9s a munka vil\\u00e1g\\u00e1b\\u00f3l\",\"inLanguage\":\"hu-HU\",\"publisher\":{\"@id\":\"https:\\\/\\\/allasorias.hu\\\/hirek\\\/#organization\"}}]}\n\t\t<\/script>\n\t\t<!-- All in One SEO -->\n\n","aioseo_head_json":{"title":"S\u00falyos munkahelyveszt\u00e9s a n\u00e9met aut\u00f3iparban | AllasOrias.hu | H\u00edrek-lapszemle","description":"T\u00f6bb mint 200 ezer \u00e1ll\u00e1s sz\u0171nik meg a n\u00e9met aut\u00f3iparban a k\u00f6vetkez\u0151 \u00e9vtizedben a legismertebb n\u00e9met \u00e1gazati elemz\u0151 szerint. Ferdinand Dudenh\u00f6ffer a Bild c\u00edm\u0171 lap cs\u00fct\u00f6rt\u00f6ki \u00f6ssze\u00e1ll\u00edt\u00e1sa szerint azzal sz\u00e1mol, hogy 2030-ig a munkahelyek 10 sz\u00e1zal\u00e9k\u00e1t sz\u00e1molj\u00e1k fel a n\u00e9met aut\u00f3ipari c\u00e9gek, ami azt jelenti, hogy 234 ezer \u00e1ll\u00e1s sz\u0171nik meg. A duisburgi-esseni egyetem (UDE)","canonical_url":"https:\/\/allasorias.hu\/hirek\/sulyos-munkahelyvesztes-a-nemet-autoiparban\/","robots":"max-image-preview:large","keywords":"","webmasterTools":{"miscellaneous":""},"schema":{"@context":"https:\/\/schema.org","@graph":[{"@type":"Article","@id":"https:\/\/allasorias.hu\/hirek\/sulyos-munkahelyvesztes-a-nemet-autoiparban\/#article","name":"S\u00falyos munkahelyveszt\u00e9s a n\u00e9met aut\u00f3iparban | AllasOrias.hu | H\u00edrek-lapszemle","headline":"S\u00falyos munkahelyveszt\u00e9s a  n\u00e9met aut\u00f3iparban","author":{"@id":"https:\/\/allasorias.hu\/hirek\/author\/admin-allasorias\/#author"},"publisher":{"@id":"https:\/\/allasorias.hu\/hirek\/#organization"},"image":{"@type":"ImageObject","url":"https:\/\/allasorias.hu\/hirek\/wp-content\/uploads\/2019\/05\/architecture-automobile-cars-63294.jpg","width":640,"height":480},"datePublished":"2019-12-02T08:55:58+02:00","dateModified":"2019-12-02T08:55:58+02:00","inLanguage":"hu-HU","mainEntityOfPage":{"@id":"https:\/\/allasorias.hu\/hirek\/sulyos-munkahelyvesztes-a-nemet-autoiparban\/#webpage"},"isPartOf":{"@id":"https:\/\/allasorias.hu\/hirek\/sulyos-munkahelyvesztes-a-nemet-autoiparban\/#webpage"},"articleSection":"K\u00fclf\u00f6ld, Munkaer\u0151piac"},{"@type":"BreadcrumbList","@id":"https:\/\/allasorias.hu\/hirek\/sulyos-munkahelyvesztes-a-nemet-autoiparban\/#breadcrumblist","itemListElement":[{"@type":"ListItem","@id":"https:\/\/allasorias.hu\/hirek#listItem","position":1,"name":"Home","item":"https:\/\/allasorias.hu\/hirek","nextItem":{"@type":"ListItem","@id":"https:\/\/allasorias.hu\/hirek\/temak\/munkaeropiac\/#listItem","name":"Munkaer\u0151piac"}},{"@type":"ListItem","@id":"https:\/\/allasorias.hu\/hirek\/temak\/munkaeropiac\/#listItem","position":2,"name":"Munkaer\u0151piac","item":"https:\/\/allasorias.hu\/hirek\/temak\/munkaeropiac\/","nextItem":{"@type":"ListItem","@id":"https:\/\/allasorias.hu\/hirek\/sulyos-munkahelyvesztes-a-nemet-autoiparban\/#listItem","name":"S\u00falyos munkahelyveszt\u00e9s a  n\u00e9met aut\u00f3iparban"},"previousItem":{"@type":"ListItem","@id":"https:\/\/allasorias.hu\/hirek#listItem","name":"Home"}},{"@type":"ListItem","@id":"https:\/\/allasorias.hu\/hirek\/sulyos-munkahelyvesztes-a-nemet-autoiparban\/#listItem","position":3,"name":"S\u00falyos munkahelyveszt\u00e9s a  n\u00e9met aut\u00f3iparban","previousItem":{"@type":"ListItem","@id":"https:\/\/allasorias.hu\/hirek\/temak\/munkaeropiac\/#listItem","name":"Munkaer\u0151piac"}}]},{"@type":"Organization","@id":"https:\/\/allasorias.hu\/hirek\/#organization","name":"AllasOrias.hu | H\u00edrek-lapszemle","description":"\u00dczleti h\u00edrek az \u00e1ll\u00e1s \u00e9s a munka vil\u00e1g\u00e1b\u00f3l","url":"https:\/\/allasorias.hu\/hirek\/","logo":{"@type":"ImageObject","url":"https:\/\/allasorias.hu\/hirek\/wp-content\/uploads\/2022\/10\/allasorias_site_facebok_logo.png","@id":"https:\/\/allasorias.hu\/hirek\/sulyos-munkahelyvesztes-a-nemet-autoiparban\/#organizationLogo"},"image":{"@id":"https:\/\/allasorias.hu\/hirek\/sulyos-munkahelyvesztes-a-nemet-autoiparban\/#organizationLogo"},"sameAs":["https:\/\/www.facebook.com\/allasorias","https:\/\/www.linkedin.com\/company\/allasorias"]},{"@type":"Person","@id":"https:\/\/allasorias.hu\/hirek\/author\/admin-allasorias\/#author","url":"https:\/\/allasorias.hu\/hirek\/author\/admin-allasorias\/","name":"Juh\u00e1sz P\u00e9ter","image":{"@type":"ImageObject","@id":"https:\/\/allasorias.hu\/hirek\/sulyos-munkahelyvesztes-a-nemet-autoiparban\/#authorImage","url":"https:\/\/secure.gravatar.com\/avatar\/36e6bcb83148978b992977cb0f54d22feb0cce8a0a849a9410532bb2623ba4c6?s=96&d=mm&r=g","width":96,"height":96,"caption":"Juh\u00e1sz P\u00e9ter"}},{"@type":"WebPage","@id":"https:\/\/allasorias.hu\/hirek\/sulyos-munkahelyvesztes-a-nemet-autoiparban\/#webpage","url":"https:\/\/allasorias.hu\/hirek\/sulyos-munkahelyvesztes-a-nemet-autoiparban\/","name":"S\u00falyos munkahelyveszt\u00e9s a n\u00e9met aut\u00f3iparban | AllasOrias.hu | H\u00edrek-lapszemle","description":"T\u00f6bb mint 200 ezer \u00e1ll\u00e1s sz\u0171nik meg a n\u00e9met aut\u00f3iparban a k\u00f6vetkez\u0151 \u00e9vtizedben a legismertebb n\u00e9met \u00e1gazati elemz\u0151 szerint. Ferdinand Dudenh\u00f6ffer a Bild c\u00edm\u0171 lap cs\u00fct\u00f6rt\u00f6ki \u00f6ssze\u00e1ll\u00edt\u00e1sa szerint azzal sz\u00e1mol, hogy 2030-ig a munkahelyek 10 sz\u00e1zal\u00e9k\u00e1t sz\u00e1molj\u00e1k fel a n\u00e9met aut\u00f3ipari c\u00e9gek, ami azt jelenti, hogy 234 ezer \u00e1ll\u00e1s sz\u0171nik meg. A duisburgi-esseni egyetem (UDE)","inLanguage":"hu-HU","isPartOf":{"@id":"https:\/\/allasorias.hu\/hirek\/#website"},"breadcrumb":{"@id":"https:\/\/allasorias.hu\/hirek\/sulyos-munkahelyvesztes-a-nemet-autoiparban\/#breadcrumblist"},"author":{"@id":"https:\/\/allasorias.hu\/hirek\/author\/admin-allasorias\/#author"},"creator":{"@id":"https:\/\/allasorias.hu\/hirek\/author\/admin-allasorias\/#author"},"image":{"@type":"ImageObject","url":"https:\/\/allasorias.hu\/hirek\/wp-content\/uploads\/2019\/05\/architecture-automobile-cars-63294.jpg","@id":"https:\/\/allasorias.hu\/hirek\/sulyos-munkahelyvesztes-a-nemet-autoiparban\/#mainImage","width":640,"height":480},"primaryImageOfPage":{"@id":"https:\/\/allasorias.hu\/hirek\/sulyos-munkahelyvesztes-a-nemet-autoiparban\/#mainImage"},"datePublished":"2019-12-02T08:55:58+02:00","dateModified":"2019-12-02T08:55:58+02:00"},{"@type":"WebSite","@id":"https:\/\/allasorias.hu\/hirek\/#website","url":"https:\/\/allasorias.hu\/hirek\/","name":"AllasOrias.hu | H\u00edrek-lapszemle","description":"\u00dczleti h\u00edrek az \u00e1ll\u00e1s \u00e9s a munka vil\u00e1g\u00e1b\u00f3l","inLanguage":"hu-HU","publisher":{"@id":"https:\/\/allasorias.hu\/hirek\/#organization"}}]},"og:locale":"hu_HU","og:site_name":"AllasOrias.hu | H\u00edrek-lapszemle | \u00dczleti h\u00edrek az \u00e1ll\u00e1s \u00e9s a munka vil\u00e1g\u00e1b\u00f3l","og:type":"article","og:title":"S\u00falyos munkahelyveszt\u00e9s a n\u00e9met aut\u00f3iparban | AllasOrias.hu | H\u00edrek-lapszemle","og:description":"T\u00f6bb mint 200 ezer \u00e1ll\u00e1s sz\u0171nik meg a n\u00e9met aut\u00f3iparban a k\u00f6vetkez\u0151 \u00e9vtizedben a legismertebb n\u00e9met \u00e1gazati elemz\u0151 szerint. Ferdinand Dudenh\u00f6ffer a Bild c\u00edm\u0171 lap cs\u00fct\u00f6rt\u00f6ki \u00f6ssze\u00e1ll\u00edt\u00e1sa szerint azzal sz\u00e1mol, hogy 2030-ig a munkahelyek 10 sz\u00e1zal\u00e9k\u00e1t sz\u00e1molj\u00e1k fel a n\u00e9met aut\u00f3ipari c\u00e9gek, ami azt jelenti, hogy 234 ezer \u00e1ll\u00e1s sz\u0171nik meg. A duisburgi-esseni egyetem (UDE)","og:url":"https:\/\/allasorias.hu\/hirek\/sulyos-munkahelyvesztes-a-nemet-autoiparban\/","og:image":"https:\/\/allasorias.hu\/hirek\/wp-content\/uploads\/2019\/05\/architecture-automobile-cars-63294.jpg","og:image:secure_url":"https:\/\/allasorias.hu\/hirek\/wp-content\/uploads\/2019\/05\/architecture-automobile-cars-63294.jpg","og:image:width":640,"og:image:height":480,"article:published_time":"2019-12-02T08:55:58+00:00","article:modified_time":"2019-12-02T08:55:58+00:00","article:publisher":"https:\/\/www.facebook.com\/allasorias","twitter:card":"summary_large_image","twitter:title":"S\u00falyos munkahelyveszt\u00e9s a n\u00e9met aut\u00f3iparban | AllasOrias.hu | H\u00edrek-lapszemle","twitter:description":"T\u00f6bb mint 200 ezer \u00e1ll\u00e1s sz\u0171nik meg a n\u00e9met aut\u00f3iparban a k\u00f6vetkez\u0151 \u00e9vtizedben a legismertebb n\u00e9met \u00e1gazati elemz\u0151 szerint. Ferdinand Dudenh\u00f6ffer a Bild c\u00edm\u0171 lap cs\u00fct\u00f6rt\u00f6ki \u00f6ssze\u00e1ll\u00edt\u00e1sa szerint azzal sz\u00e1mol, hogy 2030-ig a munkahelyek 10 sz\u00e1zal\u00e9k\u00e1t sz\u00e1molj\u00e1k fel a n\u00e9met aut\u00f3ipari c\u00e9gek, ami azt jelenti, hogy 234 ezer \u00e1ll\u00e1s sz\u0171nik meg. A duisburgi-esseni egyetem (UDE)","twitter:image":"https:\/\/allasorias.hu\/hirek\/wp-content\/uploads\/2019\/05\/architecture-automobile-cars-63294.jpg","twitter:label1":"Written by","twitter:data1":"Juh\u00e1sz P\u00e9ter","twitter:label2":"Est. reading time","twitter:data2":"2 minutes"},"aioseo_meta_data":{"post_id":"3550","title":null,"description":null,"keywords":null,"keyphrases":null,"primary_term":null,"canonical_url":null,"og_title":null,"og_description":null,"og_object_type":"default","og_image_type":"default","og_image_url":null,"og_image_width":null,"og_image_height":null,"og_image_custom_url":null,"og_image_custom_fields":null,"og_video":null,"og_custom_url":null,"og_article_section":null,"og_article_tags":null,"twitter_use_og":false,"twitter_card":"default","twitter_image_type":"default","twitter_image_url":null,"twitter_image_custom_url":null,"twitter_image_custom_fields":null,"twitter_title":null,"twitter_description":null,"schema":{"blockGraphs":[],"customGraphs":[],"default":{"data":{"Article":[],"Course":[],"Dataset":[],"FAQPage":[],"Movie":[],"Person":[],"Product":[],"ProductReview":[],"Car":[],"Recipe":[],"Service":[],"SoftwareApplication":[],"WebPage":[]},"graphName":"","isEnabled":true},"graphs":[],"defaultGraph":"","defaultPostTypeGraph":""},"schema_type":null,"schema_type_options":null,"pillar_content":false,"robots_default":true,"robots_noindex":false,"robots_noarchive":false,"robots_nosnippet":false,"robots_nofollow":false,"robots_noimageindex":false,"robots_noodp":false,"robots_notranslate":false,"robots_max_snippet":null,"robots_max_videopreview":null,"robots_max_imagepreview":"large","priority":null,"frequency":null,"location":null,"local_seo":null,"breadcrumb_settings":null,"limit_modified_date":false,"ai":null,"created":"2021-02-01 22:54:09","updated":"2025-10-02 12:22:56","seo_analyzer_scan_date":null,"focus_keyword":null,"additional_keywords":null,"truseo_locale":null},"aioseo_breadcrumb":"<div class=\"aioseo-breadcrumbs\"><span class=\"aioseo-breadcrumb\">\n\t\t\t<a href=\"https:\/\/allasorias.hu\/hirek\" title=\"Home\">Home<\/a>\n\t\t<\/span><span class=\"aioseo-breadcrumb-separator\">&raquo;<\/span><span class=\"aioseo-breadcrumb\">\n\t\t\t<a href=\"https:\/\/allasorias.hu\/hirek\/temak\/munkaeropiac\/\" title=\"Munkaer\u0151piac\">Munkaer\u0151piac<\/a>\n\t\t<\/span><span class=\"aioseo-breadcrumb-separator\">&raquo;<\/span><span class=\"aioseo-breadcrumb\">\n\t\t\tS\u00falyos munkahelyveszt\u00e9s a  n\u00e9met aut\u00f3iparban\n\t\t<\/span><\/div>","aioseo_breadcrumb_json":[{"label":"Home","link":"https:\/\/allasorias.hu\/hirek"},{"label":"Munkaer\u0151piac","link":"https:\/\/allasorias.hu\/hirek\/temak\/munkaeropiac\/"},{"label":"S\u00falyos munkahelyveszt\u00e9s a  n\u00e9met aut\u00f3iparban","link":"https:\/\/allasorias.hu\/hirek\/sulyos-munkahelyvesztes-a-nemet-autoiparban\/"}],"_links":{"self":[{"href":"https:\/\/allasorias.hu\/hirek\/wp-json\/wp\/v2\/posts\/3550","targetHints":{"allow":["GET"]}}],"collection":[{"href":"https:\/\/allasorias.hu\/hirek\/wp-json\/wp\/v2\/posts"}],"about":[{"href":"https:\/\/allasorias.hu\/hirek\/wp-json\/wp\/v2\/types\/post"}],"author":[{"embeddable":true,"href":"https:\/\/allasorias.hu\/hirek\/wp-json\/wp\/v2\/users\/1"}],"replies":[{"embeddable":true,"href":"https:\/\/allasorias.hu\/hirek\/wp-json\/wp\/v2\/comments?post=3550"}],"version-history":[{"count":1,"href":"https:\/\/allasorias.hu\/hirek\/wp-json\/wp\/v2\/posts\/3550\/revisions"}],"predecessor-version":[{"id":3551,"href":"https:\/\/allasorias.hu\/hirek\/wp-json\/wp\/v2\/posts\/3550\/revisions\/3551"}],"wp:featuredmedia":[{"embeddable":true,"href":"https:\/\/allasorias.hu\/hirek\/wp-json\/wp\/v2\/media\/2923"}],"wp:attachment":[{"href":"https:\/\/allasorias.hu\/hirek\/wp-json\/wp\/v2\/media?parent=3550"}],"wp:term":[{"taxonomy":"category","embeddable":true,"href":"https:\/\/allasorias.hu\/hirek\/wp-json\/wp\/v2\/categories?post=3550"},{"taxonomy":"post_tag","embeddable":true,"href":"https:\/\/allasorias.hu\/hirek\/wp-json\/wp\/v2\/tags?post=3550"}],"curies":[{"name":"wp","href":"https:\/\/api.w.org\/{rel}","templated":true}]}}