{"id":3547,"date":"2019-12-02T08:54:47","date_gmt":"2019-12-02T08:54:47","guid":{"rendered":"https:\/\/allasorias.hu\/hirek\/?p=3547"},"modified":"2019-12-02T08:54:47","modified_gmt":"2019-12-02T08:54:47","slug":"varjak-a-dolgozok-az-ev-vegen-a-jutalmat","status":"publish","type":"post","link":"https:\/\/allasorias.hu\/hirek\/varjak-a-dolgozok-az-ev-vegen-a-jutalmat\/","title":{"rendered":"V\u00e1rj\u00e1k a dolgoz\u00f3k az \u00e9v v\u00e9g\u00e9n a jutalmat"},"content":{"rendered":"<p><strong>Az \u00e9v v\u00e9g\u00e9n adott jutalom seg\u00edt abban, hogy ne menjenek el munkahely\u00fckr\u0151l a dolgoz\u00f3k. Hossz\u00fa t\u00e1von ez az eszk\u00f6z nagyban seg\u00edthet cs\u00f6kkenteni a fluktu\u00e1ci\u00f3t. Egy magyar v\u00e1llalkoz\u00e1s p\u00e9nz\u00fcgyi okokb\u00f3l ritk\u00e1n engedheti meg mag\u00e1nak, hogy \u00e9v v\u00e9g\u00e9n b\u00f3nusszal jutalmazza az alkalmazottait.<\/strong><\/p>\n<p>\u00d6sszess\u00e9g\u00e9ben elmondhat\u00f3 viszont, hogy egyre t\u00f6bb magyar c\u00e9g ad kar\u00e1csonyi pulykap\u00e9nzt \u2013 k\u00f6z\u00f6lte a Vil\u00e1ggazdas\u00e1g megkeres\u00e9s\u00e9re Ficza J\u00e1nos, a Workania \u00e1ll\u00e1sport\u00e1l kommunik\u00e1ci\u00f3s munkat\u00e1rsa. Hozz\u00e1tette: az alkalmazottak sz\u00e1m\u00e1ra fontos a megbecs\u00fcl\u00e9s \u00e9s a c\u00e9g \u00e1ltal ny\u00fajtott p\u00e9nz\u00fcgyi t\u00e1mogat\u00e1s is. Egy tavalyi felm\u00e9r\u00e9s\u00fck szerint a munkav\u00e1llal\u00f3k fele a fizet\u00e9st, 38 sz\u00e1zal\u00e9kuk pedig a megbecs\u00fclts\u00e9g \u00e9rz\u00e9s\u00e9t \u00e9rt\u00e9keli legink\u00e1bb a munkahely\u00e9n. Az \u00e9v v\u00e9gi jutalommal fokozhat\u00f3 ez az \u00e9rz\u00e9s, az ilyen dolgok miatt maradnak a munkahely\u00fck\u00f6n a dolgoz\u00f3k. Hossz\u00fa t\u00e1von az \u00e9v v\u00e9gi jutalom nagyban seg\u00edthet cs\u00f6kkenteni a fluktu\u00e1ci\u00f3t. A dolgoz\u00f3k jutalmaz\u00e1sa fontos eszk\u00f6ze a c\u00e9gek munkaer\u0151-politikai strat\u00e9gi\u00e1j\u00e1nak,a v\u00e1llalatok ezzel tiszt\u00e1ban vannak, \u00e9s egyre t\u00f6bben vezetnek be \u00e9v v\u00e9gi b\u00f3nuszokat a dolgoz\u00f3k el\u00e9gedetts\u00e9g\u00e9nek \u00e9s elk\u00f6telez\u0151d\u00e9s\u00e9nek n\u00f6vel\u00e9s\u00e9re. A Prohuman Kft. t\u00f6bb ezer munkav\u00e1llal\u00f3 \u00e9s sz\u00e1mos partnere p\u00e9ld\u00e1j\u00e1n kereszt\u00fcl azt tapasztalja, hogy az \u00e9v v\u00e9gi extra juttat\u00e1s valamilyen form\u00e1j\u00e1t sz\u00e9les k\u00f6rben alkalmazz\u00e1k, \u00e9s \u00e9vr\u0151l \u00e9vre elterjedtebb gyakorlat Magyarorsz\u00e1gon. Juh\u00e1sz Csongor, a c\u00e9g \u00fcgyvezet\u0151 igazgat\u00f3ja szerint az aktu\u00e1lis munkaer\u0151piaci helyzet indokolja az \u00e9v v\u00e9gi jutalomk\u00e9nt is felfoghat\u00f3 b\u00f3nuszt. \u00c9rthet\u0151 \u00e9s \u00e9szszer\u0171 d\u00f6nt\u00e9s, hogy a v\u00e1llalatok mind a feh\u00e9rgall\u00e9ros, mind a k\u00e9kgall\u00e9ros dolgoz\u00f3k sz\u00e1m\u00e1ra mindezt biztos\u00edtj\u00e1k. Az ut\u00f3bbi eset\u00e9ben r\u00e1ad\u00e1sul azt l\u00e1tjuk, hogy a vel\u00fcnk kapcsolatban \u00e1ll\u00f3 csaknem h\u00e9tsz\u00e1z v\u00e1llalat a rajtunk kereszt\u00fcl k\u00f6zvet\u00edtett fizikai dolgoz\u00f3k 60-70 sz\u00e1zal\u00e9k\u00e1nak biztos\u00edt valamilyen \u00e9v v\u00e9gi extra juttat\u00e1st \u2013 mondta.<\/p>\n<p>Forr\u00e1s: propeller.hu<\/p>\n","protected":false},"excerpt":{"rendered":"<p>Az \u00e9v v\u00e9g\u00e9n adott jutalom seg\u00edt abban, hogy ne menjenek el munkahely\u00fckr\u0151l a dolgoz\u00f3k. Hossz\u00fa t\u00e1von ez az eszk\u00f6z nagyban seg\u00edthet cs\u00f6kkenteni a fluktu\u00e1ci\u00f3t. Egy magyar v\u00e1llalkoz\u00e1s p\u00e9nz\u00fcgyi okokb\u00f3l ritk\u00e1n engedheti meg mag\u00e1nak, hogy \u00e9v v\u00e9g\u00e9n b\u00f3nusszal jutalmazza az alkalmazottait. \u00d6sszess\u00e9g\u00e9ben elmondhat\u00f3 viszont, hogy egyre t\u00f6bb magyar c\u00e9g ad kar\u00e1csonyi pulykap\u00e9nzt \u2013 k\u00f6z\u00f6lte a Vil\u00e1ggazdas\u00e1g [&hellip;]<\/p>\n","protected":false},"author":1,"featured_media":3548,"comment_status":"open","ping_status":"open","sticky":false,"template":"","format":"standard","meta":{"_monsterinsights_skip_tracking":false,"footnotes":""},"categories":[200],"tags":[],"class_list":["post-3547","post","type-post","status-publish","format-standard","has-post-thumbnail","hentry","category-munkaeropiac"],"aioseo_notices":[],"aioseo_head":"\n\t\t<!-- All in One SEO 5.0.0.1 - aioseo.com -->\n\t<meta name=\"description\" content=\"Az \u00e9v v\u00e9g\u00e9n adott jutalom seg\u00edt abban, hogy ne menjenek el munkahely\u00fckr\u0151l a dolgoz\u00f3k. Hossz\u00fa t\u00e1von ez az eszk\u00f6z nagyban seg\u00edthet cs\u00f6kkenteni a fluktu\u00e1ci\u00f3t. Egy magyar v\u00e1llalkoz\u00e1s p\u00e9nz\u00fcgyi okokb\u00f3l ritk\u00e1n engedheti meg mag\u00e1nak, hogy \u00e9v v\u00e9g\u00e9n b\u00f3nusszal jutalmazza az alkalmazottait. \u00d6sszess\u00e9g\u00e9ben elmondhat\u00f3 viszont, hogy egyre t\u00f6bb magyar c\u00e9g ad kar\u00e1csonyi pulykap\u00e9nzt \u2013 k\u00f6z\u00f6lte a Vil\u00e1ggazdas\u00e1g\" \/>\n\t<meta name=\"robots\" content=\"max-image-preview:large\" \/>\n\t<meta name=\"author\" content=\"Juh\u00e1sz P\u00e9ter\"\/>\n\t<link rel=\"canonical\" href=\"https:\/\/allasorias.hu\/hirek\/varjak-a-dolgozok-az-ev-vegen-a-jutalmat\/\" \/>\n\t<meta name=\"generator\" content=\"All in One SEO (AIOSEO) 5.0.0.1\" \/>\n\t\t<meta property=\"og:locale\" content=\"hu_HU\" \/>\n\t\t<meta property=\"og:site_name\" content=\"AllasOrias.hu | H\u00edrek-lapszemle | \u00dczleti h\u00edrek az \u00e1ll\u00e1s \u00e9s a munka vil\u00e1g\u00e1b\u00f3l\" \/>\n\t\t<meta property=\"og:type\" content=\"article\" \/>\n\t\t<meta property=\"og:title\" content=\"V\u00e1rj\u00e1k a dolgoz\u00f3k az \u00e9v v\u00e9g\u00e9n a jutalmat | AllasOrias.hu | H\u00edrek-lapszemle\" \/>\n\t\t<meta property=\"og:description\" content=\"Az \u00e9v v\u00e9g\u00e9n adott jutalom seg\u00edt abban, hogy ne menjenek el munkahely\u00fckr\u0151l a dolgoz\u00f3k. Hossz\u00fa t\u00e1von ez az eszk\u00f6z nagyban seg\u00edthet cs\u00f6kkenteni a fluktu\u00e1ci\u00f3t. Egy magyar v\u00e1llalkoz\u00e1s p\u00e9nz\u00fcgyi okokb\u00f3l ritk\u00e1n engedheti meg mag\u00e1nak, hogy \u00e9v v\u00e9g\u00e9n b\u00f3nusszal jutalmazza az alkalmazottait. \u00d6sszess\u00e9g\u00e9ben elmondhat\u00f3 viszont, hogy egyre t\u00f6bb magyar c\u00e9g ad kar\u00e1csonyi pulykap\u00e9nzt \u2013 k\u00f6z\u00f6lte a Vil\u00e1ggazdas\u00e1g\" \/>\n\t\t<meta property=\"og:url\" content=\"https:\/\/allasorias.hu\/hirek\/varjak-a-dolgozok-az-ev-vegen-a-jutalmat\/\" \/>\n\t\t<meta property=\"og:image\" content=\"https:\/\/allasorias.hu\/hirek\/wp-content\/uploads\/2019\/12\/blue-white-ribbon-on-pink-box-45238.jpg\" \/>\n\t\t<meta property=\"og:image:secure_url\" content=\"https:\/\/allasorias.hu\/hirek\/wp-content\/uploads\/2019\/12\/blue-white-ribbon-on-pink-box-45238.jpg\" \/>\n\t\t<meta property=\"og:image:width\" content=\"640\" \/>\n\t\t<meta property=\"og:image:height\" content=\"426\" \/>\n\t\t<meta property=\"article:published_time\" content=\"2019-12-02T08:54:47+00:00\" \/>\n\t\t<meta property=\"article:modified_time\" content=\"2019-12-02T08:54:47+00:00\" \/>\n\t\t<meta property=\"article:publisher\" content=\"https:\/\/www.facebook.com\/allasorias\" \/>\n\t\t<meta name=\"twitter:card\" content=\"summary_large_image\" \/>\n\t\t<meta name=\"twitter:title\" content=\"V\u00e1rj\u00e1k a dolgoz\u00f3k az \u00e9v v\u00e9g\u00e9n a jutalmat | AllasOrias.hu | H\u00edrek-lapszemle\" \/>\n\t\t<meta name=\"twitter:description\" content=\"Az \u00e9v v\u00e9g\u00e9n adott jutalom seg\u00edt abban, hogy ne menjenek el munkahely\u00fckr\u0151l a dolgoz\u00f3k. Hossz\u00fa t\u00e1von ez az eszk\u00f6z nagyban seg\u00edthet cs\u00f6kkenteni a fluktu\u00e1ci\u00f3t. Egy magyar v\u00e1llalkoz\u00e1s p\u00e9nz\u00fcgyi okokb\u00f3l ritk\u00e1n engedheti meg mag\u00e1nak, hogy \u00e9v v\u00e9g\u00e9n b\u00f3nusszal jutalmazza az alkalmazottait. \u00d6sszess\u00e9g\u00e9ben elmondhat\u00f3 viszont, hogy egyre t\u00f6bb magyar c\u00e9g ad kar\u00e1csonyi pulykap\u00e9nzt \u2013 k\u00f6z\u00f6lte a Vil\u00e1ggazdas\u00e1g\" \/>\n\t\t<meta name=\"twitter:image\" content=\"https:\/\/allasorias.hu\/hirek\/wp-content\/uploads\/2019\/12\/blue-white-ribbon-on-pink-box-45238.jpg\" \/>\n\t\t<meta name=\"twitter:label1\" content=\"Written by\" \/>\n\t\t<meta name=\"twitter:data1\" content=\"Juh\u00e1sz P\u00e9ter\" \/>\n\t\t<meta name=\"twitter:label2\" content=\"Est. reading time\" \/>\n\t\t<meta name=\"twitter:data2\" content=\"2 minutes\" \/>\n\t\t<script type=\"application\/ld+json\" class=\"aioseo-schema\">\n\t\t\t{\"@context\":\"https:\\\/\\\/schema.org\",\"@graph\":[{\"@type\":\"Article\",\"@id\":\"https:\\\/\\\/allasorias.hu\\\/hirek\\\/varjak-a-dolgozok-az-ev-vegen-a-jutalmat\\\/#article\",\"name\":\"V\\u00e1rj\\u00e1k a dolgoz\\u00f3k az \\u00e9v v\\u00e9g\\u00e9n a jutalmat | AllasOrias.hu | H\\u00edrek-lapszemle\",\"headline\":\"V\\u00e1rj\\u00e1k a dolgoz\\u00f3k az \\u00e9v v\\u00e9g\\u00e9n a jutalmat\",\"author\":{\"@id\":\"https:\\\/\\\/allasorias.hu\\\/hirek\\\/author\\\/admin-allasorias\\\/#author\"},\"publisher\":{\"@id\":\"https:\\\/\\\/allasorias.hu\\\/hirek\\\/#organization\"},\"image\":{\"@type\":\"ImageObject\",\"url\":\"https:\\\/\\\/allasorias.hu\\\/hirek\\\/wp-content\\\/uploads\\\/2019\\\/12\\\/blue-white-ribbon-on-pink-box-45238.jpg\",\"width\":640,\"height\":426},\"datePublished\":\"2019-12-02T08:54:47+02:00\",\"dateModified\":\"2019-12-02T08:54:47+02:00\",\"inLanguage\":\"hu-HU\",\"mainEntityOfPage\":{\"@id\":\"https:\\\/\\\/allasorias.hu\\\/hirek\\\/varjak-a-dolgozok-az-ev-vegen-a-jutalmat\\\/#webpage\"},\"isPartOf\":{\"@id\":\"https:\\\/\\\/allasorias.hu\\\/hirek\\\/varjak-a-dolgozok-az-ev-vegen-a-jutalmat\\\/#webpage\"},\"articleSection\":\"Munkaer\\u0151piac\"},{\"@type\":\"BreadcrumbList\",\"@id\":\"https:\\\/\\\/allasorias.hu\\\/hirek\\\/varjak-a-dolgozok-az-ev-vegen-a-jutalmat\\\/#breadcrumblist\",\"itemListElement\":[{\"@type\":\"ListItem\",\"@id\":\"https:\\\/\\\/allasorias.hu\\\/hirek#listItem\",\"position\":1,\"name\":\"Home\",\"item\":\"https:\\\/\\\/allasorias.hu\\\/hirek\",\"nextItem\":{\"@type\":\"ListItem\",\"@id\":\"https:\\\/\\\/allasorias.hu\\\/hirek\\\/temak\\\/munkaeropiac\\\/#listItem\",\"name\":\"Munkaer\\u0151piac\"}},{\"@type\":\"ListItem\",\"@id\":\"https:\\\/\\\/allasorias.hu\\\/hirek\\\/temak\\\/munkaeropiac\\\/#listItem\",\"position\":2,\"name\":\"Munkaer\\u0151piac\",\"item\":\"https:\\\/\\\/allasorias.hu\\\/hirek\\\/temak\\\/munkaeropiac\\\/\",\"nextItem\":{\"@type\":\"ListItem\",\"@id\":\"https:\\\/\\\/allasorias.hu\\\/hirek\\\/varjak-a-dolgozok-az-ev-vegen-a-jutalmat\\\/#listItem\",\"name\":\"V\\u00e1rj\\u00e1k a dolgoz\\u00f3k az \\u00e9v v\\u00e9g\\u00e9n a jutalmat\"},\"previousItem\":{\"@type\":\"ListItem\",\"@id\":\"https:\\\/\\\/allasorias.hu\\\/hirek#listItem\",\"name\":\"Home\"}},{\"@type\":\"ListItem\",\"@id\":\"https:\\\/\\\/allasorias.hu\\\/hirek\\\/varjak-a-dolgozok-az-ev-vegen-a-jutalmat\\\/#listItem\",\"position\":3,\"name\":\"V\\u00e1rj\\u00e1k a dolgoz\\u00f3k az \\u00e9v v\\u00e9g\\u00e9n a jutalmat\",\"previousItem\":{\"@type\":\"ListItem\",\"@id\":\"https:\\\/\\\/allasorias.hu\\\/hirek\\\/temak\\\/munkaeropiac\\\/#listItem\",\"name\":\"Munkaer\\u0151piac\"}}]},{\"@type\":\"Organization\",\"@id\":\"https:\\\/\\\/allasorias.hu\\\/hirek\\\/#organization\",\"name\":\"AllasOrias.hu | H\\u00edrek-lapszemle\",\"description\":\"\\u00dczleti h\\u00edrek az \\u00e1ll\\u00e1s \\u00e9s a munka vil\\u00e1g\\u00e1b\\u00f3l\",\"url\":\"https:\\\/\\\/allasorias.hu\\\/hirek\\\/\",\"logo\":{\"@type\":\"ImageObject\",\"url\":\"https:\\\/\\\/allasorias.hu\\\/hirek\\\/wp-content\\\/uploads\\\/2022\\\/10\\\/allasorias_site_facebok_logo.png\",\"@id\":\"https:\\\/\\\/allasorias.hu\\\/hirek\\\/varjak-a-dolgozok-az-ev-vegen-a-jutalmat\\\/#organizationLogo\"},\"image\":{\"@id\":\"https:\\\/\\\/allasorias.hu\\\/hirek\\\/varjak-a-dolgozok-az-ev-vegen-a-jutalmat\\\/#organizationLogo\"},\"sameAs\":[\"https:\\\/\\\/www.facebook.com\\\/allasorias\",\"https:\\\/\\\/www.linkedin.com\\\/company\\\/allasorias\"]},{\"@type\":\"Person\",\"@id\":\"https:\\\/\\\/allasorias.hu\\\/hirek\\\/author\\\/admin-allasorias\\\/#author\",\"url\":\"https:\\\/\\\/allasorias.hu\\\/hirek\\\/author\\\/admin-allasorias\\\/\",\"name\":\"Juh\\u00e1sz P\\u00e9ter\",\"image\":{\"@type\":\"ImageObject\",\"@id\":\"https:\\\/\\\/allasorias.hu\\\/hirek\\\/varjak-a-dolgozok-az-ev-vegen-a-jutalmat\\\/#authorImage\",\"url\":\"https:\\\/\\\/secure.gravatar.com\\\/avatar\\\/36e6bcb83148978b992977cb0f54d22feb0cce8a0a849a9410532bb2623ba4c6?s=96&d=mm&r=g\",\"width\":96,\"height\":96,\"caption\":\"Juh\\u00e1sz P\\u00e9ter\"}},{\"@type\":\"WebPage\",\"@id\":\"https:\\\/\\\/allasorias.hu\\\/hirek\\\/varjak-a-dolgozok-az-ev-vegen-a-jutalmat\\\/#webpage\",\"url\":\"https:\\\/\\\/allasorias.hu\\\/hirek\\\/varjak-a-dolgozok-az-ev-vegen-a-jutalmat\\\/\",\"name\":\"V\\u00e1rj\\u00e1k a dolgoz\\u00f3k az \\u00e9v v\\u00e9g\\u00e9n a jutalmat | AllasOrias.hu | H\\u00edrek-lapszemle\",\"description\":\"Az \\u00e9v v\\u00e9g\\u00e9n adott jutalom seg\\u00edt abban, hogy ne menjenek el munkahely\\u00fckr\\u0151l a dolgoz\\u00f3k. Hossz\\u00fa t\\u00e1von ez az eszk\\u00f6z nagyban seg\\u00edthet cs\\u00f6kkenteni a fluktu\\u00e1ci\\u00f3t. Egy magyar v\\u00e1llalkoz\\u00e1s p\\u00e9nz\\u00fcgyi okokb\\u00f3l ritk\\u00e1n engedheti meg mag\\u00e1nak, hogy \\u00e9v v\\u00e9g\\u00e9n b\\u00f3nusszal jutalmazza az alkalmazottait. \\u00d6sszess\\u00e9g\\u00e9ben elmondhat\\u00f3 viszont, hogy egyre t\\u00f6bb magyar c\\u00e9g ad kar\\u00e1csonyi pulykap\\u00e9nzt \\u2013 k\\u00f6z\\u00f6lte a Vil\\u00e1ggazdas\\u00e1g\",\"inLanguage\":\"hu-HU\",\"isPartOf\":{\"@id\":\"https:\\\/\\\/allasorias.hu\\\/hirek\\\/#website\"},\"breadcrumb\":{\"@id\":\"https:\\\/\\\/allasorias.hu\\\/hirek\\\/varjak-a-dolgozok-az-ev-vegen-a-jutalmat\\\/#breadcrumblist\"},\"author\":{\"@id\":\"https:\\\/\\\/allasorias.hu\\\/hirek\\\/author\\\/admin-allasorias\\\/#author\"},\"creator\":{\"@id\":\"https:\\\/\\\/allasorias.hu\\\/hirek\\\/author\\\/admin-allasorias\\\/#author\"},\"image\":{\"@type\":\"ImageObject\",\"url\":\"https:\\\/\\\/allasorias.hu\\\/hirek\\\/wp-content\\\/uploads\\\/2019\\\/12\\\/blue-white-ribbon-on-pink-box-45238.jpg\",\"@id\":\"https:\\\/\\\/allasorias.hu\\\/hirek\\\/varjak-a-dolgozok-az-ev-vegen-a-jutalmat\\\/#mainImage\",\"width\":640,\"height\":426},\"primaryImageOfPage\":{\"@id\":\"https:\\\/\\\/allasorias.hu\\\/hirek\\\/varjak-a-dolgozok-az-ev-vegen-a-jutalmat\\\/#mainImage\"},\"datePublished\":\"2019-12-02T08:54:47+02:00\",\"dateModified\":\"2019-12-02T08:54:47+02:00\"},{\"@type\":\"WebSite\",\"@id\":\"https:\\\/\\\/allasorias.hu\\\/hirek\\\/#website\",\"url\":\"https:\\\/\\\/allasorias.hu\\\/hirek\\\/\",\"name\":\"AllasOrias.hu | H\\u00edrek-lapszemle\",\"description\":\"\\u00dczleti h\\u00edrek az \\u00e1ll\\u00e1s \\u00e9s a munka vil\\u00e1g\\u00e1b\\u00f3l\",\"inLanguage\":\"hu-HU\",\"publisher\":{\"@id\":\"https:\\\/\\\/allasorias.hu\\\/hirek\\\/#organization\"}}]}\n\t\t<\/script>\n\t\t<!-- All in One SEO -->\n\n","aioseo_head_json":{"title":"V\u00e1rj\u00e1k a dolgoz\u00f3k az \u00e9v v\u00e9g\u00e9n a jutalmat | AllasOrias.hu | H\u00edrek-lapszemle","description":"Az \u00e9v v\u00e9g\u00e9n adott jutalom seg\u00edt abban, hogy ne menjenek el munkahely\u00fckr\u0151l a dolgoz\u00f3k. Hossz\u00fa t\u00e1von ez az eszk\u00f6z nagyban seg\u00edthet cs\u00f6kkenteni a fluktu\u00e1ci\u00f3t. Egy magyar v\u00e1llalkoz\u00e1s p\u00e9nz\u00fcgyi okokb\u00f3l ritk\u00e1n engedheti meg mag\u00e1nak, hogy \u00e9v v\u00e9g\u00e9n b\u00f3nusszal jutalmazza az alkalmazottait. \u00d6sszess\u00e9g\u00e9ben elmondhat\u00f3 viszont, hogy egyre t\u00f6bb magyar c\u00e9g ad kar\u00e1csonyi pulykap\u00e9nzt \u2013 k\u00f6z\u00f6lte a Vil\u00e1ggazdas\u00e1g","canonical_url":"https:\/\/allasorias.hu\/hirek\/varjak-a-dolgozok-az-ev-vegen-a-jutalmat\/","robots":"max-image-preview:large","keywords":"","webmasterTools":{"miscellaneous":""},"schema":{"@context":"https:\/\/schema.org","@graph":[{"@type":"Article","@id":"https:\/\/allasorias.hu\/hirek\/varjak-a-dolgozok-az-ev-vegen-a-jutalmat\/#article","name":"V\u00e1rj\u00e1k a dolgoz\u00f3k az \u00e9v v\u00e9g\u00e9n a jutalmat | AllasOrias.hu | H\u00edrek-lapszemle","headline":"V\u00e1rj\u00e1k a dolgoz\u00f3k az \u00e9v v\u00e9g\u00e9n a jutalmat","author":{"@id":"https:\/\/allasorias.hu\/hirek\/author\/admin-allasorias\/#author"},"publisher":{"@id":"https:\/\/allasorias.hu\/hirek\/#organization"},"image":{"@type":"ImageObject","url":"https:\/\/allasorias.hu\/hirek\/wp-content\/uploads\/2019\/12\/blue-white-ribbon-on-pink-box-45238.jpg","width":640,"height":426},"datePublished":"2019-12-02T08:54:47+02:00","dateModified":"2019-12-02T08:54:47+02:00","inLanguage":"hu-HU","mainEntityOfPage":{"@id":"https:\/\/allasorias.hu\/hirek\/varjak-a-dolgozok-az-ev-vegen-a-jutalmat\/#webpage"},"isPartOf":{"@id":"https:\/\/allasorias.hu\/hirek\/varjak-a-dolgozok-az-ev-vegen-a-jutalmat\/#webpage"},"articleSection":"Munkaer\u0151piac"},{"@type":"BreadcrumbList","@id":"https:\/\/allasorias.hu\/hirek\/varjak-a-dolgozok-az-ev-vegen-a-jutalmat\/#breadcrumblist","itemListElement":[{"@type":"ListItem","@id":"https:\/\/allasorias.hu\/hirek#listItem","position":1,"name":"Home","item":"https:\/\/allasorias.hu\/hirek","nextItem":{"@type":"ListItem","@id":"https:\/\/allasorias.hu\/hirek\/temak\/munkaeropiac\/#listItem","name":"Munkaer\u0151piac"}},{"@type":"ListItem","@id":"https:\/\/allasorias.hu\/hirek\/temak\/munkaeropiac\/#listItem","position":2,"name":"Munkaer\u0151piac","item":"https:\/\/allasorias.hu\/hirek\/temak\/munkaeropiac\/","nextItem":{"@type":"ListItem","@id":"https:\/\/allasorias.hu\/hirek\/varjak-a-dolgozok-az-ev-vegen-a-jutalmat\/#listItem","name":"V\u00e1rj\u00e1k a dolgoz\u00f3k az \u00e9v v\u00e9g\u00e9n a jutalmat"},"previousItem":{"@type":"ListItem","@id":"https:\/\/allasorias.hu\/hirek#listItem","name":"Home"}},{"@type":"ListItem","@id":"https:\/\/allasorias.hu\/hirek\/varjak-a-dolgozok-az-ev-vegen-a-jutalmat\/#listItem","position":3,"name":"V\u00e1rj\u00e1k a dolgoz\u00f3k az \u00e9v v\u00e9g\u00e9n a jutalmat","previousItem":{"@type":"ListItem","@id":"https:\/\/allasorias.hu\/hirek\/temak\/munkaeropiac\/#listItem","name":"Munkaer\u0151piac"}}]},{"@type":"Organization","@id":"https:\/\/allasorias.hu\/hirek\/#organization","name":"AllasOrias.hu | H\u00edrek-lapszemle","description":"\u00dczleti h\u00edrek az \u00e1ll\u00e1s \u00e9s a munka vil\u00e1g\u00e1b\u00f3l","url":"https:\/\/allasorias.hu\/hirek\/","logo":{"@type":"ImageObject","url":"https:\/\/allasorias.hu\/hirek\/wp-content\/uploads\/2022\/10\/allasorias_site_facebok_logo.png","@id":"https:\/\/allasorias.hu\/hirek\/varjak-a-dolgozok-az-ev-vegen-a-jutalmat\/#organizationLogo"},"image":{"@id":"https:\/\/allasorias.hu\/hirek\/varjak-a-dolgozok-az-ev-vegen-a-jutalmat\/#organizationLogo"},"sameAs":["https:\/\/www.facebook.com\/allasorias","https:\/\/www.linkedin.com\/company\/allasorias"]},{"@type":"Person","@id":"https:\/\/allasorias.hu\/hirek\/author\/admin-allasorias\/#author","url":"https:\/\/allasorias.hu\/hirek\/author\/admin-allasorias\/","name":"Juh\u00e1sz P\u00e9ter","image":{"@type":"ImageObject","@id":"https:\/\/allasorias.hu\/hirek\/varjak-a-dolgozok-az-ev-vegen-a-jutalmat\/#authorImage","url":"https:\/\/secure.gravatar.com\/avatar\/36e6bcb83148978b992977cb0f54d22feb0cce8a0a849a9410532bb2623ba4c6?s=96&d=mm&r=g","width":96,"height":96,"caption":"Juh\u00e1sz P\u00e9ter"}},{"@type":"WebPage","@id":"https:\/\/allasorias.hu\/hirek\/varjak-a-dolgozok-az-ev-vegen-a-jutalmat\/#webpage","url":"https:\/\/allasorias.hu\/hirek\/varjak-a-dolgozok-az-ev-vegen-a-jutalmat\/","name":"V\u00e1rj\u00e1k a dolgoz\u00f3k az \u00e9v v\u00e9g\u00e9n a jutalmat | AllasOrias.hu | H\u00edrek-lapszemle","description":"Az \u00e9v v\u00e9g\u00e9n adott jutalom seg\u00edt abban, hogy ne menjenek el munkahely\u00fckr\u0151l a dolgoz\u00f3k. Hossz\u00fa t\u00e1von ez az eszk\u00f6z nagyban seg\u00edthet cs\u00f6kkenteni a fluktu\u00e1ci\u00f3t. Egy magyar v\u00e1llalkoz\u00e1s p\u00e9nz\u00fcgyi okokb\u00f3l ritk\u00e1n engedheti meg mag\u00e1nak, hogy \u00e9v v\u00e9g\u00e9n b\u00f3nusszal jutalmazza az alkalmazottait. \u00d6sszess\u00e9g\u00e9ben elmondhat\u00f3 viszont, hogy egyre t\u00f6bb magyar c\u00e9g ad kar\u00e1csonyi pulykap\u00e9nzt \u2013 k\u00f6z\u00f6lte a Vil\u00e1ggazdas\u00e1g","inLanguage":"hu-HU","isPartOf":{"@id":"https:\/\/allasorias.hu\/hirek\/#website"},"breadcrumb":{"@id":"https:\/\/allasorias.hu\/hirek\/varjak-a-dolgozok-az-ev-vegen-a-jutalmat\/#breadcrumblist"},"author":{"@id":"https:\/\/allasorias.hu\/hirek\/author\/admin-allasorias\/#author"},"creator":{"@id":"https:\/\/allasorias.hu\/hirek\/author\/admin-allasorias\/#author"},"image":{"@type":"ImageObject","url":"https:\/\/allasorias.hu\/hirek\/wp-content\/uploads\/2019\/12\/blue-white-ribbon-on-pink-box-45238.jpg","@id":"https:\/\/allasorias.hu\/hirek\/varjak-a-dolgozok-az-ev-vegen-a-jutalmat\/#mainImage","width":640,"height":426},"primaryImageOfPage":{"@id":"https:\/\/allasorias.hu\/hirek\/varjak-a-dolgozok-az-ev-vegen-a-jutalmat\/#mainImage"},"datePublished":"2019-12-02T08:54:47+02:00","dateModified":"2019-12-02T08:54:47+02:00"},{"@type":"WebSite","@id":"https:\/\/allasorias.hu\/hirek\/#website","url":"https:\/\/allasorias.hu\/hirek\/","name":"AllasOrias.hu | H\u00edrek-lapszemle","description":"\u00dczleti h\u00edrek az \u00e1ll\u00e1s \u00e9s a munka vil\u00e1g\u00e1b\u00f3l","inLanguage":"hu-HU","publisher":{"@id":"https:\/\/allasorias.hu\/hirek\/#organization"}}]},"og:locale":"hu_HU","og:site_name":"AllasOrias.hu | H\u00edrek-lapszemle | \u00dczleti h\u00edrek az \u00e1ll\u00e1s \u00e9s a munka vil\u00e1g\u00e1b\u00f3l","og:type":"article","og:title":"V\u00e1rj\u00e1k a dolgoz\u00f3k az \u00e9v v\u00e9g\u00e9n a jutalmat | AllasOrias.hu | H\u00edrek-lapszemle","og:description":"Az \u00e9v v\u00e9g\u00e9n adott jutalom seg\u00edt abban, hogy ne menjenek el munkahely\u00fckr\u0151l a dolgoz\u00f3k. Hossz\u00fa t\u00e1von ez az eszk\u00f6z nagyban seg\u00edthet cs\u00f6kkenteni a fluktu\u00e1ci\u00f3t. Egy magyar v\u00e1llalkoz\u00e1s p\u00e9nz\u00fcgyi okokb\u00f3l ritk\u00e1n engedheti meg mag\u00e1nak, hogy \u00e9v v\u00e9g\u00e9n b\u00f3nusszal jutalmazza az alkalmazottait. \u00d6sszess\u00e9g\u00e9ben elmondhat\u00f3 viszont, hogy egyre t\u00f6bb magyar c\u00e9g ad kar\u00e1csonyi pulykap\u00e9nzt \u2013 k\u00f6z\u00f6lte a Vil\u00e1ggazdas\u00e1g","og:url":"https:\/\/allasorias.hu\/hirek\/varjak-a-dolgozok-az-ev-vegen-a-jutalmat\/","og:image":"https:\/\/allasorias.hu\/hirek\/wp-content\/uploads\/2019\/12\/blue-white-ribbon-on-pink-box-45238.jpg","og:image:secure_url":"https:\/\/allasorias.hu\/hirek\/wp-content\/uploads\/2019\/12\/blue-white-ribbon-on-pink-box-45238.jpg","og:image:width":640,"og:image:height":426,"article:published_time":"2019-12-02T08:54:47+00:00","article:modified_time":"2019-12-02T08:54:47+00:00","article:publisher":"https:\/\/www.facebook.com\/allasorias","twitter:card":"summary_large_image","twitter:title":"V\u00e1rj\u00e1k a dolgoz\u00f3k az \u00e9v v\u00e9g\u00e9n a jutalmat | AllasOrias.hu | H\u00edrek-lapszemle","twitter:description":"Az \u00e9v v\u00e9g\u00e9n adott jutalom seg\u00edt abban, hogy ne menjenek el munkahely\u00fckr\u0151l a dolgoz\u00f3k. Hossz\u00fa t\u00e1von ez az eszk\u00f6z nagyban seg\u00edthet cs\u00f6kkenteni a fluktu\u00e1ci\u00f3t. Egy magyar v\u00e1llalkoz\u00e1s p\u00e9nz\u00fcgyi okokb\u00f3l ritk\u00e1n engedheti meg mag\u00e1nak, hogy \u00e9v v\u00e9g\u00e9n b\u00f3nusszal jutalmazza az alkalmazottait. \u00d6sszess\u00e9g\u00e9ben elmondhat\u00f3 viszont, hogy egyre t\u00f6bb magyar c\u00e9g ad kar\u00e1csonyi pulykap\u00e9nzt \u2013 k\u00f6z\u00f6lte a Vil\u00e1ggazdas\u00e1g","twitter:image":"https:\/\/allasorias.hu\/hirek\/wp-content\/uploads\/2019\/12\/blue-white-ribbon-on-pink-box-45238.jpg","twitter:label1":"Written by","twitter:data1":"Juh\u00e1sz P\u00e9ter","twitter:label2":"Est. reading time","twitter:data2":"2 minutes"},"aioseo_meta_data":{"post_id":"3547","title":null,"description":null,"keywords":null,"keyphrases":null,"primary_term":null,"canonical_url":null,"og_title":null,"og_description":null,"og_object_type":"default","og_image_type":"default","og_image_url":null,"og_image_width":null,"og_image_height":null,"og_image_custom_url":null,"og_image_custom_fields":null,"og_video":null,"og_custom_url":null,"og_article_section":null,"og_article_tags":null,"twitter_use_og":false,"twitter_card":"default","twitter_image_type":"default","twitter_image_url":null,"twitter_image_custom_url":null,"twitter_image_custom_fields":null,"twitter_title":null,"twitter_description":null,"schema":{"blockGraphs":[],"customGraphs":[],"default":{"data":{"Article":[],"Course":[],"Dataset":[],"FAQPage":[],"Movie":[],"Person":[],"Product":[],"ProductReview":[],"Car":[],"Recipe":[],"Service":[],"SoftwareApplication":[],"WebPage":[]},"graphName":"","isEnabled":true},"graphs":[],"defaultGraph":"","defaultPostTypeGraph":""},"schema_type":null,"schema_type_options":null,"pillar_content":false,"robots_default":true,"robots_noindex":false,"robots_noarchive":false,"robots_nosnippet":false,"robots_nofollow":false,"robots_noimageindex":false,"robots_noodp":false,"robots_notranslate":false,"robots_max_snippet":null,"robots_max_videopreview":null,"robots_max_imagepreview":"large","priority":null,"frequency":null,"location":null,"local_seo":null,"breadcrumb_settings":null,"limit_modified_date":false,"ai":null,"created":"2021-02-01 22:54:09","updated":"2025-10-02 12:22:56","seo_analyzer_scan_date":null,"focus_keyword":null,"additional_keywords":null,"truseo_locale":null},"aioseo_breadcrumb":"<div class=\"aioseo-breadcrumbs\"><span class=\"aioseo-breadcrumb\">\n\t\t\t<a href=\"https:\/\/allasorias.hu\/hirek\" title=\"Home\">Home<\/a>\n\t\t<\/span><span class=\"aioseo-breadcrumb-separator\">&raquo;<\/span><span class=\"aioseo-breadcrumb\">\n\t\t\t<a href=\"https:\/\/allasorias.hu\/hirek\/temak\/munkaeropiac\/\" title=\"Munkaer\u0151piac\">Munkaer\u0151piac<\/a>\n\t\t<\/span><span class=\"aioseo-breadcrumb-separator\">&raquo;<\/span><span class=\"aioseo-breadcrumb\">\n\t\t\tV\u00e1rj\u00e1k a dolgoz\u00f3k az \u00e9v v\u00e9g\u00e9n a jutalmat\n\t\t<\/span><\/div>","aioseo_breadcrumb_json":[{"label":"Home","link":"https:\/\/allasorias.hu\/hirek"},{"label":"Munkaer\u0151piac","link":"https:\/\/allasorias.hu\/hirek\/temak\/munkaeropiac\/"},{"label":"V\u00e1rj\u00e1k a dolgoz\u00f3k az \u00e9v v\u00e9g\u00e9n a jutalmat","link":"https:\/\/allasorias.hu\/hirek\/varjak-a-dolgozok-az-ev-vegen-a-jutalmat\/"}],"_links":{"self":[{"href":"https:\/\/allasorias.hu\/hirek\/wp-json\/wp\/v2\/posts\/3547","targetHints":{"allow":["GET"]}}],"collection":[{"href":"https:\/\/allasorias.hu\/hirek\/wp-json\/wp\/v2\/posts"}],"about":[{"href":"https:\/\/allasorias.hu\/hirek\/wp-json\/wp\/v2\/types\/post"}],"author":[{"embeddable":true,"href":"https:\/\/allasorias.hu\/hirek\/wp-json\/wp\/v2\/users\/1"}],"replies":[{"embeddable":true,"href":"https:\/\/allasorias.hu\/hirek\/wp-json\/wp\/v2\/comments?post=3547"}],"version-history":[{"count":1,"href":"https:\/\/allasorias.hu\/hirek\/wp-json\/wp\/v2\/posts\/3547\/revisions"}],"predecessor-version":[{"id":3549,"href":"https:\/\/allasorias.hu\/hirek\/wp-json\/wp\/v2\/posts\/3547\/revisions\/3549"}],"wp:featuredmedia":[{"embeddable":true,"href":"https:\/\/allasorias.hu\/hirek\/wp-json\/wp\/v2\/media\/3548"}],"wp:attachment":[{"href":"https:\/\/allasorias.hu\/hirek\/wp-json\/wp\/v2\/media?parent=3547"}],"wp:term":[{"taxonomy":"category","embeddable":true,"href":"https:\/\/allasorias.hu\/hirek\/wp-json\/wp\/v2\/categories?post=3547"},{"taxonomy":"post_tag","embeddable":true,"href":"https:\/\/allasorias.hu\/hirek\/wp-json\/wp\/v2\/tags?post=3547"}],"curies":[{"name":"wp","href":"https:\/\/api.w.org\/{rel}","templated":true}]}}