{"id":3519,"date":"2019-11-22T09:33:56","date_gmt":"2019-11-22T09:33:56","guid":{"rendered":"https:\/\/allasorias.hu\/hirek\/?p=3519"},"modified":"2019-11-21T09:39:00","modified_gmt":"2019-11-21T09:39:00","slug":"nagyobb-figyelem-szukseges-a-munkahelyeken-a-hatekonysagra","status":"publish","type":"post","link":"https:\/\/allasorias.hu\/hirek\/nagyobb-figyelem-szukseges-a-munkahelyeken-a-hatekonysagra\/","title":{"rendered":"Nagyobb figyelem sz\u00fcks\u00e9ges a munkahelyeken a hat\u00e9konys\u00e1gra"},"content":{"rendered":"<p><strong>A munka vil\u00e1ga is digitaliz\u00e1l\u00f3dik, ez\u00e9rt ma m\u00e1r az \u00e9p\u00edtett, fizikai k\u00f6rnyezet mellett egyre fontosabbak azok a digit\u00e1lis eszk\u00f6z\u00f6k, amelyek k\u00e9pesek hat\u00e9konyabb\u00e1 tenni a munkav\u00e9gz\u00e9st.\u00a0 A Big Office Day konferencia el\u0151 szekci\u00f3j\u00e1ba arra kerest\u00e9k a v\u00e1laszt, melyek azok a t\u00e9nyez\u0151k, digit\u00e1lis megold\u00e1sok, szoftverek, menedzsment eszk\u00f6z\u00f6k, amelyekkel egyr\u00e9szt a munkaer\u0151 hat\u00e9konys\u00e1ga n\u00f6velhet\u0151, m\u00e1sr\u00e9szt amellyel k\u00f6nnyebben lehet a j\u00f3 munkaer\u0151t a c\u00e9gekhez vonzani.<\/strong><\/p>\n<p>Vad\u00e1sz Attila ( TcT)a hat\u00e9kony munkav\u00e9gz\u00e9sr\u0151l besz\u00e9lt, mint elmondta, m\u00e9r\u00e9seik szerint a produkt\u00edv munka\u00f3r\u00e1k sz\u00e1ma a 8 \u00f3r\u00e1s munkarendben 4,5 \u00f3ra k\u00f6r\u00fcl alakul, \u00e9s az ut\u00f3bbi \u00e9vekben ez trendszer\u0171en, folyamatosan cs\u00f6kkent, ez\u00e9rt nagyon fontos, hogy a munkav\u00e1llal\u00f3k hat\u00e9konys\u00e1g\u00e1t is m\u00e9rj\u00fck, \u00e9s a j\u00f3 dolgoz\u00f3kat jutalmazzuk, a kev\u00e9sb\u00e9 j\u00f3l teljes\u00edt\u0151ket pedig jobb teljes\u00edtm\u00e9nyre \u00f6szt\u00f6n\u00f6zz\u00fck. A hat\u00e9kony munkav\u00e9gz\u00e9s m\u00e9rhet\u0151 m\u00e9gpedig azzal, hogy mennyi id\u0151 alatt, mennyi munk\u00e1t \u00e9s milyen min\u0151s\u00e9ben v\u00e9gez el a munkaer\u0151, erre hozott l\u00e9tre egy mesters\u00e9ges intelligenci\u00e1val \u00e9s adatr\u00f6gz\u00edt\u00e9ssel dolgoz\u00f3 rendszert a TcT. Tapasztalataik szerint Magyarorsz\u00e1gon erre k\u00fcl\u00f6n\u00f6sen sz\u00fcks\u00e9g van, ugyanis Vilnusban az egyik pertner\u00fckn\u00e9l m\u00e9r\u00e9seik szerint a munkaid\u0151 t\u00f6bb mint 90 sz\u00e1zal\u00e9k\u00e1t munk\u00e1val t\u00f6lt\u00f6tt\u00e9k a dolgoz\u00f3k, Magyarorsz\u00e1gon ez jellemz\u0151en ink\u00e1bb 70-80 sz\u00e1zal\u00e9k k\u00f6r\u00fcl alakul. Szentp\u00e9tery Bogl\u00e1rka (Microsoft) a szekci\u00f3 panelbesz\u00e9lget\u00e9s\u00e9n kifejtette, ma m\u00e1r minimum elv\u00e1r\u00e1s az alkalmazottak r\u00e9sz\u00e9r\u0151l, hogy sz\u00e9p k\u00f6rnyezetben dolgozzanak, de az egyik legnagyobb tapsot az a bejelent\u00e9s hozta a Microsoftn\u00e1l, hogy ingyen j\u00e9gkr\u00e9met is biztos\u00edtanak a dolgoz\u00f3knak ny\u00e1ron. Ezek az apr\u00f3s\u00e1gok nagyon fontosak, de a megenged\u0151, rugalmas munkav\u00e9gz\u00e9s, \u00e9s ennek digit\u00e1lis t\u00e1mogat\u00e1sa a legfontosabb ma. A home office alkalmaz\u00e1sa kultur\u00e1lis k\u00e9rd\u00e9s, a vezet\u0151k fej\u00e9ben ehhez nagy v\u00e1ltoz\u00e1sokra van sz\u00fcks\u00e9g. A digit\u00e1lis \u00e1talakul\u00e1s lehetetlen kultur\u00e1lis \u00e1talakul\u00e1s n\u00e9lk\u00fcl: hi\u00e1ba \u00e1ll rendelkez\u00e9sre a technol\u00f3gia, ha nincs mellette az a menedzsment kult\u00fara, ami az otthoni munkav\u00e9gz\u00e9st t\u00e1mogatja. Forr\u00e1s: portfolio.hu<\/p>\n","protected":false},"excerpt":{"rendered":"<p>A munka vil\u00e1ga is digitaliz\u00e1l\u00f3dik, ez\u00e9rt ma m\u00e1r az \u00e9p\u00edtett, fizikai k\u00f6rnyezet mellett egyre fontosabbak azok a digit\u00e1lis eszk\u00f6z\u00f6k, amelyek k\u00e9pesek hat\u00e9konyabb\u00e1 tenni a munkav\u00e9gz\u00e9st.\u00a0 A Big Office Day konferencia el\u0151 szekci\u00f3j\u00e1ba arra kerest\u00e9k a v\u00e1laszt, melyek azok a t\u00e9nyez\u0151k, digit\u00e1lis megold\u00e1sok, szoftverek, menedzsment eszk\u00f6z\u00f6k, amelyekkel egyr\u00e9szt a munkaer\u0151 hat\u00e9konys\u00e1ga n\u00f6velhet\u0151, m\u00e1sr\u00e9szt amellyel k\u00f6nnyebben lehet [&hellip;]<\/p>\n","protected":false},"author":1,"featured_media":2809,"comment_status":"open","ping_status":"open","sticky":false,"template":"","format":"standard","meta":{"_monsterinsights_skip_tracking":false,"footnotes":""},"categories":[200],"tags":[],"class_list":["post-3519","post","type-post","status-publish","format-standard","has-post-thumbnail","hentry","category-munkaeropiac"],"aioseo_notices":[],"aioseo_head":"\n\t\t<!-- All in One SEO 5.0.0.1 - aioseo.com -->\n\t<meta name=\"description\" content=\"A munka vil\u00e1ga is digitaliz\u00e1l\u00f3dik, ez\u00e9rt ma m\u00e1r az \u00e9p\u00edtett, fizikai k\u00f6rnyezet mellett egyre fontosabbak azok a digit\u00e1lis eszk\u00f6z\u00f6k, amelyek k\u00e9pesek hat\u00e9konyabb\u00e1 tenni a munkav\u00e9gz\u00e9st. A Big Office Day konferencia el\u0151 szekci\u00f3j\u00e1ba arra kerest\u00e9k a v\u00e1laszt, melyek azok a t\u00e9nyez\u0151k, digit\u00e1lis megold\u00e1sok, szoftverek, menedzsment eszk\u00f6z\u00f6k, amelyekkel egyr\u00e9szt a munkaer\u0151 hat\u00e9konys\u00e1ga n\u00f6velhet\u0151, m\u00e1sr\u00e9szt amellyel k\u00f6nnyebben lehet\" \/>\n\t<meta name=\"robots\" content=\"max-image-preview:large\" \/>\n\t<meta name=\"author\" content=\"Juh\u00e1sz P\u00e9ter\"\/>\n\t<link rel=\"canonical\" href=\"https:\/\/allasorias.hu\/hirek\/nagyobb-figyelem-szukseges-a-munkahelyeken-a-hatekonysagra\/\" \/>\n\t<meta name=\"generator\" content=\"All in One SEO (AIOSEO) 5.0.0.1\" \/>\n\t\t<meta property=\"og:locale\" content=\"hu_HU\" \/>\n\t\t<meta property=\"og:site_name\" content=\"AllasOrias.hu | H\u00edrek-lapszemle | \u00dczleti h\u00edrek az \u00e1ll\u00e1s \u00e9s a munka vil\u00e1g\u00e1b\u00f3l\" \/>\n\t\t<meta property=\"og:type\" content=\"article\" \/>\n\t\t<meta property=\"og:title\" content=\"Nagyobb figyelem sz\u00fcks\u00e9ges a munkahelyeken a hat\u00e9konys\u00e1gra | AllasOrias.hu | H\u00edrek-lapszemle\" \/>\n\t\t<meta property=\"og:description\" content=\"A munka vil\u00e1ga is digitaliz\u00e1l\u00f3dik, ez\u00e9rt ma m\u00e1r az \u00e9p\u00edtett, fizikai k\u00f6rnyezet mellett egyre fontosabbak azok a digit\u00e1lis eszk\u00f6z\u00f6k, amelyek k\u00e9pesek hat\u00e9konyabb\u00e1 tenni a munkav\u00e9gz\u00e9st. A Big Office Day konferencia el\u0151 szekci\u00f3j\u00e1ba arra kerest\u00e9k a v\u00e1laszt, melyek azok a t\u00e9nyez\u0151k, digit\u00e1lis megold\u00e1sok, szoftverek, menedzsment eszk\u00f6z\u00f6k, amelyekkel egyr\u00e9szt a munkaer\u0151 hat\u00e9konys\u00e1ga n\u00f6velhet\u0151, m\u00e1sr\u00e9szt amellyel k\u00f6nnyebben lehet\" \/>\n\t\t<meta property=\"og:url\" content=\"https:\/\/allasorias.hu\/hirek\/nagyobb-figyelem-szukseges-a-munkahelyeken-a-hatekonysagra\/\" \/>\n\t\t<meta property=\"og:image\" content=\"https:\/\/allasorias.hu\/hirek\/wp-content\/uploads\/2019\/04\/laptop-2561221_640.jpg\" \/>\n\t\t<meta property=\"og:image:secure_url\" content=\"https:\/\/allasorias.hu\/hirek\/wp-content\/uploads\/2019\/04\/laptop-2561221_640.jpg\" \/>\n\t\t<meta property=\"og:image:width\" content=\"640\" \/>\n\t\t<meta property=\"og:image:height\" content=\"480\" \/>\n\t\t<meta property=\"article:published_time\" content=\"2019-11-22T09:33:56+00:00\" \/>\n\t\t<meta property=\"article:modified_time\" content=\"2019-11-21T09:39:00+00:00\" \/>\n\t\t<meta property=\"article:publisher\" content=\"https:\/\/www.facebook.com\/allasorias\" \/>\n\t\t<meta name=\"twitter:card\" content=\"summary_large_image\" \/>\n\t\t<meta name=\"twitter:title\" content=\"Nagyobb figyelem sz\u00fcks\u00e9ges a munkahelyeken a hat\u00e9konys\u00e1gra | AllasOrias.hu | H\u00edrek-lapszemle\" \/>\n\t\t<meta name=\"twitter:description\" content=\"A munka vil\u00e1ga is digitaliz\u00e1l\u00f3dik, ez\u00e9rt ma m\u00e1r az \u00e9p\u00edtett, fizikai k\u00f6rnyezet mellett egyre fontosabbak azok a digit\u00e1lis eszk\u00f6z\u00f6k, amelyek k\u00e9pesek hat\u00e9konyabb\u00e1 tenni a munkav\u00e9gz\u00e9st. A Big Office Day konferencia el\u0151 szekci\u00f3j\u00e1ba arra kerest\u00e9k a v\u00e1laszt, melyek azok a t\u00e9nyez\u0151k, digit\u00e1lis megold\u00e1sok, szoftverek, menedzsment eszk\u00f6z\u00f6k, amelyekkel egyr\u00e9szt a munkaer\u0151 hat\u00e9konys\u00e1ga n\u00f6velhet\u0151, m\u00e1sr\u00e9szt amellyel k\u00f6nnyebben lehet\" \/>\n\t\t<meta name=\"twitter:image\" content=\"https:\/\/allasorias.hu\/hirek\/wp-content\/uploads\/2019\/04\/laptop-2561221_640.jpg\" \/>\n\t\t<meta name=\"twitter:label1\" content=\"Written by\" \/>\n\t\t<meta name=\"twitter:data1\" content=\"Juh\u00e1sz P\u00e9ter\" \/>\n\t\t<meta name=\"twitter:label2\" content=\"Est. reading time\" \/>\n\t\t<meta name=\"twitter:data2\" content=\"2 minutes\" \/>\n\t\t<script type=\"application\/ld+json\" class=\"aioseo-schema\">\n\t\t\t{\"@context\":\"https:\\\/\\\/schema.org\",\"@graph\":[{\"@type\":\"Article\",\"@id\":\"https:\\\/\\\/allasorias.hu\\\/hirek\\\/nagyobb-figyelem-szukseges-a-munkahelyeken-a-hatekonysagra\\\/#article\",\"name\":\"Nagyobb figyelem sz\\u00fcks\\u00e9ges a munkahelyeken a hat\\u00e9konys\\u00e1gra | AllasOrias.hu | H\\u00edrek-lapszemle\",\"headline\":\"Nagyobb figyelem sz\\u00fcks\\u00e9ges a munkahelyeken a hat\\u00e9konys\\u00e1gra\",\"author\":{\"@id\":\"https:\\\/\\\/allasorias.hu\\\/hirek\\\/author\\\/admin-allasorias\\\/#author\"},\"publisher\":{\"@id\":\"https:\\\/\\\/allasorias.hu\\\/hirek\\\/#organization\"},\"image\":{\"@type\":\"ImageObject\",\"url\":\"https:\\\/\\\/allasorias.hu\\\/hirek\\\/wp-content\\\/uploads\\\/2019\\\/04\\\/laptop-2561221_640.jpg\",\"width\":640,\"height\":480},\"datePublished\":\"2019-11-22T09:33:56+02:00\",\"dateModified\":\"2019-11-21T09:39:00+02:00\",\"inLanguage\":\"hu-HU\",\"mainEntityOfPage\":{\"@id\":\"https:\\\/\\\/allasorias.hu\\\/hirek\\\/nagyobb-figyelem-szukseges-a-munkahelyeken-a-hatekonysagra\\\/#webpage\"},\"isPartOf\":{\"@id\":\"https:\\\/\\\/allasorias.hu\\\/hirek\\\/nagyobb-figyelem-szukseges-a-munkahelyeken-a-hatekonysagra\\\/#webpage\"},\"articleSection\":\"Munkaer\\u0151piac\"},{\"@type\":\"BreadcrumbList\",\"@id\":\"https:\\\/\\\/allasorias.hu\\\/hirek\\\/nagyobb-figyelem-szukseges-a-munkahelyeken-a-hatekonysagra\\\/#breadcrumblist\",\"itemListElement\":[{\"@type\":\"ListItem\",\"@id\":\"https:\\\/\\\/allasorias.hu\\\/hirek#listItem\",\"position\":1,\"name\":\"Home\",\"item\":\"https:\\\/\\\/allasorias.hu\\\/hirek\",\"nextItem\":{\"@type\":\"ListItem\",\"@id\":\"https:\\\/\\\/allasorias.hu\\\/hirek\\\/temak\\\/munkaeropiac\\\/#listItem\",\"name\":\"Munkaer\\u0151piac\"}},{\"@type\":\"ListItem\",\"@id\":\"https:\\\/\\\/allasorias.hu\\\/hirek\\\/temak\\\/munkaeropiac\\\/#listItem\",\"position\":2,\"name\":\"Munkaer\\u0151piac\",\"item\":\"https:\\\/\\\/allasorias.hu\\\/hirek\\\/temak\\\/munkaeropiac\\\/\",\"nextItem\":{\"@type\":\"ListItem\",\"@id\":\"https:\\\/\\\/allasorias.hu\\\/hirek\\\/nagyobb-figyelem-szukseges-a-munkahelyeken-a-hatekonysagra\\\/#listItem\",\"name\":\"Nagyobb figyelem sz\\u00fcks\\u00e9ges a munkahelyeken a hat\\u00e9konys\\u00e1gra\"},\"previousItem\":{\"@type\":\"ListItem\",\"@id\":\"https:\\\/\\\/allasorias.hu\\\/hirek#listItem\",\"name\":\"Home\"}},{\"@type\":\"ListItem\",\"@id\":\"https:\\\/\\\/allasorias.hu\\\/hirek\\\/nagyobb-figyelem-szukseges-a-munkahelyeken-a-hatekonysagra\\\/#listItem\",\"position\":3,\"name\":\"Nagyobb figyelem sz\\u00fcks\\u00e9ges a munkahelyeken a hat\\u00e9konys\\u00e1gra\",\"previousItem\":{\"@type\":\"ListItem\",\"@id\":\"https:\\\/\\\/allasorias.hu\\\/hirek\\\/temak\\\/munkaeropiac\\\/#listItem\",\"name\":\"Munkaer\\u0151piac\"}}]},{\"@type\":\"Organization\",\"@id\":\"https:\\\/\\\/allasorias.hu\\\/hirek\\\/#organization\",\"name\":\"AllasOrias.hu | H\\u00edrek-lapszemle\",\"description\":\"\\u00dczleti h\\u00edrek az \\u00e1ll\\u00e1s \\u00e9s a munka vil\\u00e1g\\u00e1b\\u00f3l\",\"url\":\"https:\\\/\\\/allasorias.hu\\\/hirek\\\/\",\"logo\":{\"@type\":\"ImageObject\",\"url\":\"https:\\\/\\\/allasorias.hu\\\/hirek\\\/wp-content\\\/uploads\\\/2022\\\/10\\\/allasorias_site_facebok_logo.png\",\"@id\":\"https:\\\/\\\/allasorias.hu\\\/hirek\\\/nagyobb-figyelem-szukseges-a-munkahelyeken-a-hatekonysagra\\\/#organizationLogo\"},\"image\":{\"@id\":\"https:\\\/\\\/allasorias.hu\\\/hirek\\\/nagyobb-figyelem-szukseges-a-munkahelyeken-a-hatekonysagra\\\/#organizationLogo\"},\"sameAs\":[\"https:\\\/\\\/www.facebook.com\\\/allasorias\",\"https:\\\/\\\/www.linkedin.com\\\/company\\\/allasorias\"]},{\"@type\":\"Person\",\"@id\":\"https:\\\/\\\/allasorias.hu\\\/hirek\\\/author\\\/admin-allasorias\\\/#author\",\"url\":\"https:\\\/\\\/allasorias.hu\\\/hirek\\\/author\\\/admin-allasorias\\\/\",\"name\":\"Juh\\u00e1sz P\\u00e9ter\",\"image\":{\"@type\":\"ImageObject\",\"@id\":\"https:\\\/\\\/allasorias.hu\\\/hirek\\\/nagyobb-figyelem-szukseges-a-munkahelyeken-a-hatekonysagra\\\/#authorImage\",\"url\":\"https:\\\/\\\/secure.gravatar.com\\\/avatar\\\/36e6bcb83148978b992977cb0f54d22feb0cce8a0a849a9410532bb2623ba4c6?s=96&d=mm&r=g\",\"width\":96,\"height\":96,\"caption\":\"Juh\\u00e1sz P\\u00e9ter\"}},{\"@type\":\"WebPage\",\"@id\":\"https:\\\/\\\/allasorias.hu\\\/hirek\\\/nagyobb-figyelem-szukseges-a-munkahelyeken-a-hatekonysagra\\\/#webpage\",\"url\":\"https:\\\/\\\/allasorias.hu\\\/hirek\\\/nagyobb-figyelem-szukseges-a-munkahelyeken-a-hatekonysagra\\\/\",\"name\":\"Nagyobb figyelem sz\\u00fcks\\u00e9ges a munkahelyeken a hat\\u00e9konys\\u00e1gra | AllasOrias.hu | H\\u00edrek-lapszemle\",\"description\":\"A munka vil\\u00e1ga is digitaliz\\u00e1l\\u00f3dik, ez\\u00e9rt ma m\\u00e1r az \\u00e9p\\u00edtett, fizikai k\\u00f6rnyezet mellett egyre fontosabbak azok a digit\\u00e1lis eszk\\u00f6z\\u00f6k, amelyek k\\u00e9pesek hat\\u00e9konyabb\\u00e1 tenni a munkav\\u00e9gz\\u00e9st. A Big Office Day konferencia el\\u0151 szekci\\u00f3j\\u00e1ba arra kerest\\u00e9k a v\\u00e1laszt, melyek azok a t\\u00e9nyez\\u0151k, digit\\u00e1lis megold\\u00e1sok, szoftverek, menedzsment eszk\\u00f6z\\u00f6k, amelyekkel egyr\\u00e9szt a munkaer\\u0151 hat\\u00e9konys\\u00e1ga n\\u00f6velhet\\u0151, m\\u00e1sr\\u00e9szt amellyel k\\u00f6nnyebben lehet\",\"inLanguage\":\"hu-HU\",\"isPartOf\":{\"@id\":\"https:\\\/\\\/allasorias.hu\\\/hirek\\\/#website\"},\"breadcrumb\":{\"@id\":\"https:\\\/\\\/allasorias.hu\\\/hirek\\\/nagyobb-figyelem-szukseges-a-munkahelyeken-a-hatekonysagra\\\/#breadcrumblist\"},\"author\":{\"@id\":\"https:\\\/\\\/allasorias.hu\\\/hirek\\\/author\\\/admin-allasorias\\\/#author\"},\"creator\":{\"@id\":\"https:\\\/\\\/allasorias.hu\\\/hirek\\\/author\\\/admin-allasorias\\\/#author\"},\"image\":{\"@type\":\"ImageObject\",\"url\":\"https:\\\/\\\/allasorias.hu\\\/hirek\\\/wp-content\\\/uploads\\\/2019\\\/04\\\/laptop-2561221_640.jpg\",\"@id\":\"https:\\\/\\\/allasorias.hu\\\/hirek\\\/nagyobb-figyelem-szukseges-a-munkahelyeken-a-hatekonysagra\\\/#mainImage\",\"width\":640,\"height\":480},\"primaryImageOfPage\":{\"@id\":\"https:\\\/\\\/allasorias.hu\\\/hirek\\\/nagyobb-figyelem-szukseges-a-munkahelyeken-a-hatekonysagra\\\/#mainImage\"},\"datePublished\":\"2019-11-22T09:33:56+02:00\",\"dateModified\":\"2019-11-21T09:39:00+02:00\"},{\"@type\":\"WebSite\",\"@id\":\"https:\\\/\\\/allasorias.hu\\\/hirek\\\/#website\",\"url\":\"https:\\\/\\\/allasorias.hu\\\/hirek\\\/\",\"name\":\"AllasOrias.hu | H\\u00edrek-lapszemle\",\"description\":\"\\u00dczleti h\\u00edrek az \\u00e1ll\\u00e1s \\u00e9s a munka vil\\u00e1g\\u00e1b\\u00f3l\",\"inLanguage\":\"hu-HU\",\"publisher\":{\"@id\":\"https:\\\/\\\/allasorias.hu\\\/hirek\\\/#organization\"}}]}\n\t\t<\/script>\n\t\t<!-- All in One SEO -->\n\n","aioseo_head_json":{"title":"Nagyobb figyelem sz\u00fcks\u00e9ges a munkahelyeken a hat\u00e9konys\u00e1gra | AllasOrias.hu | H\u00edrek-lapszemle","description":"A munka vil\u00e1ga is digitaliz\u00e1l\u00f3dik, ez\u00e9rt ma m\u00e1r az \u00e9p\u00edtett, fizikai k\u00f6rnyezet mellett egyre fontosabbak azok a digit\u00e1lis eszk\u00f6z\u00f6k, amelyek k\u00e9pesek hat\u00e9konyabb\u00e1 tenni a munkav\u00e9gz\u00e9st. A Big Office Day konferencia el\u0151 szekci\u00f3j\u00e1ba arra kerest\u00e9k a v\u00e1laszt, melyek azok a t\u00e9nyez\u0151k, digit\u00e1lis megold\u00e1sok, szoftverek, menedzsment eszk\u00f6z\u00f6k, amelyekkel egyr\u00e9szt a munkaer\u0151 hat\u00e9konys\u00e1ga n\u00f6velhet\u0151, m\u00e1sr\u00e9szt amellyel k\u00f6nnyebben lehet","canonical_url":"https:\/\/allasorias.hu\/hirek\/nagyobb-figyelem-szukseges-a-munkahelyeken-a-hatekonysagra\/","robots":"max-image-preview:large","keywords":"","webmasterTools":{"miscellaneous":""},"schema":{"@context":"https:\/\/schema.org","@graph":[{"@type":"Article","@id":"https:\/\/allasorias.hu\/hirek\/nagyobb-figyelem-szukseges-a-munkahelyeken-a-hatekonysagra\/#article","name":"Nagyobb figyelem sz\u00fcks\u00e9ges a munkahelyeken a hat\u00e9konys\u00e1gra | AllasOrias.hu | H\u00edrek-lapszemle","headline":"Nagyobb figyelem sz\u00fcks\u00e9ges a munkahelyeken a hat\u00e9konys\u00e1gra","author":{"@id":"https:\/\/allasorias.hu\/hirek\/author\/admin-allasorias\/#author"},"publisher":{"@id":"https:\/\/allasorias.hu\/hirek\/#organization"},"image":{"@type":"ImageObject","url":"https:\/\/allasorias.hu\/hirek\/wp-content\/uploads\/2019\/04\/laptop-2561221_640.jpg","width":640,"height":480},"datePublished":"2019-11-22T09:33:56+02:00","dateModified":"2019-11-21T09:39:00+02:00","inLanguage":"hu-HU","mainEntityOfPage":{"@id":"https:\/\/allasorias.hu\/hirek\/nagyobb-figyelem-szukseges-a-munkahelyeken-a-hatekonysagra\/#webpage"},"isPartOf":{"@id":"https:\/\/allasorias.hu\/hirek\/nagyobb-figyelem-szukseges-a-munkahelyeken-a-hatekonysagra\/#webpage"},"articleSection":"Munkaer\u0151piac"},{"@type":"BreadcrumbList","@id":"https:\/\/allasorias.hu\/hirek\/nagyobb-figyelem-szukseges-a-munkahelyeken-a-hatekonysagra\/#breadcrumblist","itemListElement":[{"@type":"ListItem","@id":"https:\/\/allasorias.hu\/hirek#listItem","position":1,"name":"Home","item":"https:\/\/allasorias.hu\/hirek","nextItem":{"@type":"ListItem","@id":"https:\/\/allasorias.hu\/hirek\/temak\/munkaeropiac\/#listItem","name":"Munkaer\u0151piac"}},{"@type":"ListItem","@id":"https:\/\/allasorias.hu\/hirek\/temak\/munkaeropiac\/#listItem","position":2,"name":"Munkaer\u0151piac","item":"https:\/\/allasorias.hu\/hirek\/temak\/munkaeropiac\/","nextItem":{"@type":"ListItem","@id":"https:\/\/allasorias.hu\/hirek\/nagyobb-figyelem-szukseges-a-munkahelyeken-a-hatekonysagra\/#listItem","name":"Nagyobb figyelem sz\u00fcks\u00e9ges a munkahelyeken a hat\u00e9konys\u00e1gra"},"previousItem":{"@type":"ListItem","@id":"https:\/\/allasorias.hu\/hirek#listItem","name":"Home"}},{"@type":"ListItem","@id":"https:\/\/allasorias.hu\/hirek\/nagyobb-figyelem-szukseges-a-munkahelyeken-a-hatekonysagra\/#listItem","position":3,"name":"Nagyobb figyelem sz\u00fcks\u00e9ges a munkahelyeken a hat\u00e9konys\u00e1gra","previousItem":{"@type":"ListItem","@id":"https:\/\/allasorias.hu\/hirek\/temak\/munkaeropiac\/#listItem","name":"Munkaer\u0151piac"}}]},{"@type":"Organization","@id":"https:\/\/allasorias.hu\/hirek\/#organization","name":"AllasOrias.hu | H\u00edrek-lapszemle","description":"\u00dczleti h\u00edrek az \u00e1ll\u00e1s \u00e9s a munka vil\u00e1g\u00e1b\u00f3l","url":"https:\/\/allasorias.hu\/hirek\/","logo":{"@type":"ImageObject","url":"https:\/\/allasorias.hu\/hirek\/wp-content\/uploads\/2022\/10\/allasorias_site_facebok_logo.png","@id":"https:\/\/allasorias.hu\/hirek\/nagyobb-figyelem-szukseges-a-munkahelyeken-a-hatekonysagra\/#organizationLogo"},"image":{"@id":"https:\/\/allasorias.hu\/hirek\/nagyobb-figyelem-szukseges-a-munkahelyeken-a-hatekonysagra\/#organizationLogo"},"sameAs":["https:\/\/www.facebook.com\/allasorias","https:\/\/www.linkedin.com\/company\/allasorias"]},{"@type":"Person","@id":"https:\/\/allasorias.hu\/hirek\/author\/admin-allasorias\/#author","url":"https:\/\/allasorias.hu\/hirek\/author\/admin-allasorias\/","name":"Juh\u00e1sz P\u00e9ter","image":{"@type":"ImageObject","@id":"https:\/\/allasorias.hu\/hirek\/nagyobb-figyelem-szukseges-a-munkahelyeken-a-hatekonysagra\/#authorImage","url":"https:\/\/secure.gravatar.com\/avatar\/36e6bcb83148978b992977cb0f54d22feb0cce8a0a849a9410532bb2623ba4c6?s=96&d=mm&r=g","width":96,"height":96,"caption":"Juh\u00e1sz P\u00e9ter"}},{"@type":"WebPage","@id":"https:\/\/allasorias.hu\/hirek\/nagyobb-figyelem-szukseges-a-munkahelyeken-a-hatekonysagra\/#webpage","url":"https:\/\/allasorias.hu\/hirek\/nagyobb-figyelem-szukseges-a-munkahelyeken-a-hatekonysagra\/","name":"Nagyobb figyelem sz\u00fcks\u00e9ges a munkahelyeken a hat\u00e9konys\u00e1gra | AllasOrias.hu | H\u00edrek-lapszemle","description":"A munka vil\u00e1ga is digitaliz\u00e1l\u00f3dik, ez\u00e9rt ma m\u00e1r az \u00e9p\u00edtett, fizikai k\u00f6rnyezet mellett egyre fontosabbak azok a digit\u00e1lis eszk\u00f6z\u00f6k, amelyek k\u00e9pesek hat\u00e9konyabb\u00e1 tenni a munkav\u00e9gz\u00e9st. A Big Office Day konferencia el\u0151 szekci\u00f3j\u00e1ba arra kerest\u00e9k a v\u00e1laszt, melyek azok a t\u00e9nyez\u0151k, digit\u00e1lis megold\u00e1sok, szoftverek, menedzsment eszk\u00f6z\u00f6k, amelyekkel egyr\u00e9szt a munkaer\u0151 hat\u00e9konys\u00e1ga n\u00f6velhet\u0151, m\u00e1sr\u00e9szt amellyel k\u00f6nnyebben lehet","inLanguage":"hu-HU","isPartOf":{"@id":"https:\/\/allasorias.hu\/hirek\/#website"},"breadcrumb":{"@id":"https:\/\/allasorias.hu\/hirek\/nagyobb-figyelem-szukseges-a-munkahelyeken-a-hatekonysagra\/#breadcrumblist"},"author":{"@id":"https:\/\/allasorias.hu\/hirek\/author\/admin-allasorias\/#author"},"creator":{"@id":"https:\/\/allasorias.hu\/hirek\/author\/admin-allasorias\/#author"},"image":{"@type":"ImageObject","url":"https:\/\/allasorias.hu\/hirek\/wp-content\/uploads\/2019\/04\/laptop-2561221_640.jpg","@id":"https:\/\/allasorias.hu\/hirek\/nagyobb-figyelem-szukseges-a-munkahelyeken-a-hatekonysagra\/#mainImage","width":640,"height":480},"primaryImageOfPage":{"@id":"https:\/\/allasorias.hu\/hirek\/nagyobb-figyelem-szukseges-a-munkahelyeken-a-hatekonysagra\/#mainImage"},"datePublished":"2019-11-22T09:33:56+02:00","dateModified":"2019-11-21T09:39:00+02:00"},{"@type":"WebSite","@id":"https:\/\/allasorias.hu\/hirek\/#website","url":"https:\/\/allasorias.hu\/hirek\/","name":"AllasOrias.hu | H\u00edrek-lapszemle","description":"\u00dczleti h\u00edrek az \u00e1ll\u00e1s \u00e9s a munka vil\u00e1g\u00e1b\u00f3l","inLanguage":"hu-HU","publisher":{"@id":"https:\/\/allasorias.hu\/hirek\/#organization"}}]},"og:locale":"hu_HU","og:site_name":"AllasOrias.hu | H\u00edrek-lapszemle | \u00dczleti h\u00edrek az \u00e1ll\u00e1s \u00e9s a munka vil\u00e1g\u00e1b\u00f3l","og:type":"article","og:title":"Nagyobb figyelem sz\u00fcks\u00e9ges a munkahelyeken a hat\u00e9konys\u00e1gra | AllasOrias.hu | H\u00edrek-lapszemle","og:description":"A munka vil\u00e1ga is digitaliz\u00e1l\u00f3dik, ez\u00e9rt ma m\u00e1r az \u00e9p\u00edtett, fizikai k\u00f6rnyezet mellett egyre fontosabbak azok a digit\u00e1lis eszk\u00f6z\u00f6k, amelyek k\u00e9pesek hat\u00e9konyabb\u00e1 tenni a munkav\u00e9gz\u00e9st. A Big Office Day konferencia el\u0151 szekci\u00f3j\u00e1ba arra kerest\u00e9k a v\u00e1laszt, melyek azok a t\u00e9nyez\u0151k, digit\u00e1lis megold\u00e1sok, szoftverek, menedzsment eszk\u00f6z\u00f6k, amelyekkel egyr\u00e9szt a munkaer\u0151 hat\u00e9konys\u00e1ga n\u00f6velhet\u0151, m\u00e1sr\u00e9szt amellyel k\u00f6nnyebben lehet","og:url":"https:\/\/allasorias.hu\/hirek\/nagyobb-figyelem-szukseges-a-munkahelyeken-a-hatekonysagra\/","og:image":"https:\/\/allasorias.hu\/hirek\/wp-content\/uploads\/2019\/04\/laptop-2561221_640.jpg","og:image:secure_url":"https:\/\/allasorias.hu\/hirek\/wp-content\/uploads\/2019\/04\/laptop-2561221_640.jpg","og:image:width":640,"og:image:height":480,"article:published_time":"2019-11-22T09:33:56+00:00","article:modified_time":"2019-11-21T09:39:00+00:00","article:publisher":"https:\/\/www.facebook.com\/allasorias","twitter:card":"summary_large_image","twitter:title":"Nagyobb figyelem sz\u00fcks\u00e9ges a munkahelyeken a hat\u00e9konys\u00e1gra | AllasOrias.hu | H\u00edrek-lapszemle","twitter:description":"A munka vil\u00e1ga is digitaliz\u00e1l\u00f3dik, ez\u00e9rt ma m\u00e1r az \u00e9p\u00edtett, fizikai k\u00f6rnyezet mellett egyre fontosabbak azok a digit\u00e1lis eszk\u00f6z\u00f6k, amelyek k\u00e9pesek hat\u00e9konyabb\u00e1 tenni a munkav\u00e9gz\u00e9st. A Big Office Day konferencia el\u0151 szekci\u00f3j\u00e1ba arra kerest\u00e9k a v\u00e1laszt, melyek azok a t\u00e9nyez\u0151k, digit\u00e1lis megold\u00e1sok, szoftverek, menedzsment eszk\u00f6z\u00f6k, amelyekkel egyr\u00e9szt a munkaer\u0151 hat\u00e9konys\u00e1ga n\u00f6velhet\u0151, m\u00e1sr\u00e9szt amellyel k\u00f6nnyebben lehet","twitter:image":"https:\/\/allasorias.hu\/hirek\/wp-content\/uploads\/2019\/04\/laptop-2561221_640.jpg","twitter:label1":"Written by","twitter:data1":"Juh\u00e1sz P\u00e9ter","twitter:label2":"Est. reading time","twitter:data2":"2 minutes"},"aioseo_meta_data":{"post_id":"3519","title":null,"description":null,"keywords":null,"keyphrases":null,"primary_term":null,"canonical_url":null,"og_title":null,"og_description":null,"og_object_type":"default","og_image_type":"default","og_image_url":null,"og_image_width":null,"og_image_height":null,"og_image_custom_url":null,"og_image_custom_fields":null,"og_video":null,"og_custom_url":null,"og_article_section":null,"og_article_tags":null,"twitter_use_og":false,"twitter_card":"default","twitter_image_type":"default","twitter_image_url":null,"twitter_image_custom_url":null,"twitter_image_custom_fields":null,"twitter_title":null,"twitter_description":null,"schema":{"blockGraphs":[],"customGraphs":[],"default":{"data":{"Article":[],"Course":[],"Dataset":[],"FAQPage":[],"Movie":[],"Person":[],"Product":[],"ProductReview":[],"Car":[],"Recipe":[],"Service":[],"SoftwareApplication":[],"WebPage":[]},"graphName":"","isEnabled":true},"graphs":[],"defaultGraph":"","defaultPostTypeGraph":""},"schema_type":null,"schema_type_options":null,"pillar_content":false,"robots_default":true,"robots_noindex":false,"robots_noarchive":false,"robots_nosnippet":false,"robots_nofollow":false,"robots_noimageindex":false,"robots_noodp":false,"robots_notranslate":false,"robots_max_snippet":null,"robots_max_videopreview":null,"robots_max_imagepreview":"large","priority":null,"frequency":null,"location":null,"local_seo":null,"breadcrumb_settings":null,"limit_modified_date":false,"ai":null,"created":"2021-02-01 22:54:09","updated":"2025-10-02 12:19:40","seo_analyzer_scan_date":null,"focus_keyword":null,"additional_keywords":null,"truseo_locale":null},"aioseo_breadcrumb":"<div class=\"aioseo-breadcrumbs\"><span class=\"aioseo-breadcrumb\">\n\t\t\t<a href=\"https:\/\/allasorias.hu\/hirek\" title=\"Home\">Home<\/a>\n\t\t<\/span><span class=\"aioseo-breadcrumb-separator\">&raquo;<\/span><span class=\"aioseo-breadcrumb\">\n\t\t\t<a href=\"https:\/\/allasorias.hu\/hirek\/temak\/munkaeropiac\/\" title=\"Munkaer\u0151piac\">Munkaer\u0151piac<\/a>\n\t\t<\/span><span class=\"aioseo-breadcrumb-separator\">&raquo;<\/span><span class=\"aioseo-breadcrumb\">\n\t\t\tNagyobb figyelem sz\u00fcks\u00e9ges a munkahelyeken a hat\u00e9konys\u00e1gra\n\t\t<\/span><\/div>","aioseo_breadcrumb_json":[{"label":"Home","link":"https:\/\/allasorias.hu\/hirek"},{"label":"Munkaer\u0151piac","link":"https:\/\/allasorias.hu\/hirek\/temak\/munkaeropiac\/"},{"label":"Nagyobb figyelem sz\u00fcks\u00e9ges a munkahelyeken a hat\u00e9konys\u00e1gra","link":"https:\/\/allasorias.hu\/hirek\/nagyobb-figyelem-szukseges-a-munkahelyeken-a-hatekonysagra\/"}],"_links":{"self":[{"href":"https:\/\/allasorias.hu\/hirek\/wp-json\/wp\/v2\/posts\/3519","targetHints":{"allow":["GET"]}}],"collection":[{"href":"https:\/\/allasorias.hu\/hirek\/wp-json\/wp\/v2\/posts"}],"about":[{"href":"https:\/\/allasorias.hu\/hirek\/wp-json\/wp\/v2\/types\/post"}],"author":[{"embeddable":true,"href":"https:\/\/allasorias.hu\/hirek\/wp-json\/wp\/v2\/users\/1"}],"replies":[{"embeddable":true,"href":"https:\/\/allasorias.hu\/hirek\/wp-json\/wp\/v2\/comments?post=3519"}],"version-history":[{"count":1,"href":"https:\/\/allasorias.hu\/hirek\/wp-json\/wp\/v2\/posts\/3519\/revisions"}],"predecessor-version":[{"id":3520,"href":"https:\/\/allasorias.hu\/hirek\/wp-json\/wp\/v2\/posts\/3519\/revisions\/3520"}],"wp:featuredmedia":[{"embeddable":true,"href":"https:\/\/allasorias.hu\/hirek\/wp-json\/wp\/v2\/media\/2809"}],"wp:attachment":[{"href":"https:\/\/allasorias.hu\/hirek\/wp-json\/wp\/v2\/media?parent=3519"}],"wp:term":[{"taxonomy":"category","embeddable":true,"href":"https:\/\/allasorias.hu\/hirek\/wp-json\/wp\/v2\/categories?post=3519"},{"taxonomy":"post_tag","embeddable":true,"href":"https:\/\/allasorias.hu\/hirek\/wp-json\/wp\/v2\/tags?post=3519"}],"curies":[{"name":"wp","href":"https:\/\/api.w.org\/{rel}","templated":true}]}}