{"id":3510,"date":"2019-11-20T08:57:31","date_gmt":"2019-11-20T08:57:31","guid":{"rendered":"https:\/\/allasorias.hu\/hirek\/?p=3510"},"modified":"2019-11-20T08:59:20","modified_gmt":"2019-11-20T08:59:20","slug":"biztosabbnak-iteljuk-meg-az-allasunkat-mint-korabban","status":"publish","type":"post","link":"https:\/\/allasorias.hu\/hirek\/biztosabbnak-iteljuk-meg-az-allasunkat-mint-korabban\/","title":{"rendered":"Biztosabbnak \u00edt\u00e9lj\u00fck meg az \u00e1ll\u00e1sunkat, mint kor\u00e1bban"},"content":{"rendered":"<p><strong>N\u0151tt a hazai munkav\u00e1llal\u00f3k \u00e1ll\u00e1suk ir\u00e1nt \u00e9rzett bizalma, t\u00falnyom\u00f3 t\u00f6bbs\u00e9g\u00fck szerint m\u00e9g sok\u00e1ig fennmarad a munkahely\u00fck, valamint a poz\u00edci\u00f3juk, amelyben dolgoznak. Megugrott ugyanakkor azok ar\u00e1nya, akik \u00f6nsz\u00e1ntukb\u00f3l v\u00e1ltan\u00e1nak \u00faj munk\u00e1t. Az egy \u00e9vvel kor\u00e1bban m\u00e9rt adatokhoz k\u00e9pest t\u00f6bb fontos r\u00e9szmutat\u00f3 is stabilit\u00e1sr\u00f3l \u00e1rulkodik, der\u00fcl ki a BNP Paribas Cardif biztos\u00edt\u00f3 \u00e9s a Medi\u00e1n legfrissebb k\u00f6z\u00f6s munkaer\u0151piaci kutat\u00e1s\u00e1b\u00f3l.<\/strong><\/p>\n<p>A tavalyi \u00e9v hasonl\u00f3 id\u0151szak\u00e1hoz k\u00e9pest ugyan k\u00e9t, az el\u0151z\u0151 negyed\u00e9vhez k\u00e9pest pedig egy ponttal visszaesett a munkav\u00e1llal\u00f3i bizalmi index szeptemberben, a BNP Paribas Cardif Munkaer\u0151piaci Stabilit\u00e1si Indexe alapj\u00e1n a jelenlegi 69 pontos \u00e9rt\u00e9k tov\u00e1bbra is egy optimista hozz\u00e1\u00e1ll\u00e1st mutat a munkav\u00e1llal\u00f3k k\u00f6r\u00e9ben. A negyed\u00e9ves jelent\u00e9sb\u0151l megtudhatjuk, hogy a megk\u00e9rdezettek k\u00f6r\u00e9ben a ny\u00e1ri id\u0151szakhoz hasonl\u00f3an ism\u00e9t nagyon magas, 93 pontot m\u00e9rtek azzal kapcsolatban, hogy a dolgoz\u00f3k mennyire b\u00edznak a jelenlegi munkahely\u00fck fennmarad\u00e1s\u00e1ban. Az el\u0151z\u0151 \u00e9v azonos id\u0151szak\u00e1ban ez az \u00e9rt\u00e9k 92, 2017-ben pedig ugyancsak 93 pontot vett fel. Fontos megeml\u00edteni azt a r\u00e9szmutat\u00f3t is, amely azt vizsg\u00e1lja, hogy az adott munkav\u00e1llal\u00f3 mennyire \u00e9rzi biztosnak a jelenlegi poz\u00edci\u00f3j\u00e1t: ez a sz\u00e1m 91 pontot vett fel, ami tavaly \u0151szh\u00f6z k\u00e9pest 1 pontos emelked\u00e9st, 2017-hez k\u00e9pest pedig stabilit\u00e1st jelent, ugyanakkor a h\u00e1rom, illetve n\u00e9gy \u00e9vvel ezel\u0151tti adatokhoz k\u00e9pest 14, illetve 13 pontos ugr\u00e1st mutat. A megk\u00e9rdezettek k\u00f6r\u00e9ben teh\u00e1t \u00e9vek \u00f3ta a biztons\u00e1g\u00e9rzet stabilit\u00e1sa tapasztalhat\u00f3. Az \u00fajb\u00f3li elhelyezked\u00e9s es\u00e9ly\u00e9nek meg\u00edt\u00e9l\u00e9s\u00e9vel kapcsolatban minim\u00e1lis visszaes\u00e9s t\u00f6rt\u00e9nt, mivel a folyamatosan emelked\u0151 tendencia mellett a tavalyi 56 pont ut\u00e1n id\u00e9n 54-et vett fel ez az \u00e9rt\u00e9k, ugyanakkor eml\u00edt\u00e9sre m\u00e9lt\u00f3 az el\u0151z\u0151 negyed\u00e9vhez viszony\u00edtott 3 pontos cs\u00f6kken\u00e9s. A kutat\u00e1s az emberek jelenlegi munkahely\u00fck ir\u00e1nt \u00e9rzett motiv\u00e1ci\u00f3j\u00e1t is vizsg\u00e1lta, amelyb\u0151l az der\u00fclt ki, hogy a v\u00e1laszad\u00f3k kevesebb mint fele (47%) hajland\u00f3 lenne a mostanin\u00e1l messzebbre, ak\u00e1r f\u00e9l \u00f3r\u00e1val is t\u00f6bbet utazni a munkahely\u00e9re: ez 5 sz\u00e1zal\u00e9kpontos es\u00e9st jelent a tavalyi \u00e9v hasonl\u00f3 id\u0151szak\u00e1hoz k\u00e9pest. Ugyanakkor egy \u00e9v alatt 40%-r\u00f3l 32%-ra esett azoknak az ar\u00e1nya, akik eml\u00edtett\u00e9k, hogy ugyanannyi p\u00e9nz\u00e9rt ak\u00e1r nehezebb munk\u00e1t is hajland\u00f3k lenn\u00e9nek elv\u00e9gezni. Tov\u00e1bb\u00e1 32%-r\u00f3l 30%-ra cs\u00f6kkent azok ar\u00e1nya, akik hajland\u00f3k lenn\u00e9nek ak\u00e1r a saj\u00e1t k\u00f6lts\u00e9g\u00fck\u00f6n is tov\u00e1bb k\u00e9pezni\u00fck magukat. Forr\u00e1s: profitline.hu<\/p>\n","protected":false},"excerpt":{"rendered":"<p>N\u0151tt a hazai munkav\u00e1llal\u00f3k \u00e1ll\u00e1suk ir\u00e1nt \u00e9rzett bizalma, t\u00falnyom\u00f3 t\u00f6bbs\u00e9g\u00fck szerint m\u00e9g sok\u00e1ig fennmarad a munkahely\u00fck, valamint a poz\u00edci\u00f3juk, amelyben dolgoznak. Megugrott ugyanakkor azok ar\u00e1nya, akik \u00f6nsz\u00e1ntukb\u00f3l v\u00e1ltan\u00e1nak \u00faj munk\u00e1t. Az egy \u00e9vvel kor\u00e1bban m\u00e9rt adatokhoz k\u00e9pest t\u00f6bb fontos r\u00e9szmutat\u00f3 is stabilit\u00e1sr\u00f3l \u00e1rulkodik, der\u00fcl ki a BNP Paribas Cardif biztos\u00edt\u00f3 \u00e9s a Medi\u00e1n legfrissebb k\u00f6z\u00f6s [&hellip;]<\/p>\n","protected":false},"author":1,"featured_media":3066,"comment_status":"open","ping_status":"open","sticky":false,"template":"","format":"standard","meta":{"_monsterinsights_skip_tracking":false,"footnotes":""},"categories":[200],"tags":[],"class_list":["post-3510","post","type-post","status-publish","format-standard","has-post-thumbnail","hentry","category-munkaeropiac"],"aioseo_notices":[],"aioseo_head":"\n\t\t<!-- All in One SEO 5.0.0.1 - aioseo.com -->\n\t<meta name=\"description\" content=\"N\u0151tt a hazai munkav\u00e1llal\u00f3k \u00e1ll\u00e1suk ir\u00e1nt \u00e9rzett bizalma, t\u00falnyom\u00f3 t\u00f6bbs\u00e9g\u00fck szerint m\u00e9g sok\u00e1ig fennmarad a munkahely\u00fck, valamint a poz\u00edci\u00f3juk, amelyben dolgoznak. Megugrott ugyanakkor azok ar\u00e1nya, akik \u00f6nsz\u00e1ntukb\u00f3l v\u00e1ltan\u00e1nak \u00faj munk\u00e1t. Az egy \u00e9vvel kor\u00e1bban m\u00e9rt adatokhoz k\u00e9pest t\u00f6bb fontos r\u00e9szmutat\u00f3 is stabilit\u00e1sr\u00f3l \u00e1rulkodik, der\u00fcl ki a BNP Paribas Cardif biztos\u00edt\u00f3 \u00e9s a Medi\u00e1n legfrissebb k\u00f6z\u00f6s\" \/>\n\t<meta name=\"robots\" content=\"max-image-preview:large\" \/>\n\t<meta name=\"author\" content=\"Juh\u00e1sz P\u00e9ter\"\/>\n\t<link rel=\"canonical\" href=\"https:\/\/allasorias.hu\/hirek\/biztosabbnak-iteljuk-meg-az-allasunkat-mint-korabban\/\" \/>\n\t<meta name=\"generator\" content=\"All in One SEO (AIOSEO) 5.0.0.1\" \/>\n\t\t<meta property=\"og:locale\" content=\"hu_HU\" \/>\n\t\t<meta property=\"og:site_name\" content=\"AllasOrias.hu | H\u00edrek-lapszemle | \u00dczleti h\u00edrek az \u00e1ll\u00e1s \u00e9s a munka vil\u00e1g\u00e1b\u00f3l\" \/>\n\t\t<meta property=\"og:type\" content=\"article\" \/>\n\t\t<meta property=\"og:title\" content=\"Biztosabbnak \u00edt\u00e9lj\u00fck meg az \u00e1ll\u00e1sunkat, mint kor\u00e1bban | AllasOrias.hu | H\u00edrek-lapszemle\" \/>\n\t\t<meta property=\"og:description\" content=\"N\u0151tt a hazai munkav\u00e1llal\u00f3k \u00e1ll\u00e1suk ir\u00e1nt \u00e9rzett bizalma, t\u00falnyom\u00f3 t\u00f6bbs\u00e9g\u00fck szerint m\u00e9g sok\u00e1ig fennmarad a munkahely\u00fck, valamint a poz\u00edci\u00f3juk, amelyben dolgoznak. Megugrott ugyanakkor azok ar\u00e1nya, akik \u00f6nsz\u00e1ntukb\u00f3l v\u00e1ltan\u00e1nak \u00faj munk\u00e1t. Az egy \u00e9vvel kor\u00e1bban m\u00e9rt adatokhoz k\u00e9pest t\u00f6bb fontos r\u00e9szmutat\u00f3 is stabilit\u00e1sr\u00f3l \u00e1rulkodik, der\u00fcl ki a BNP Paribas Cardif biztos\u00edt\u00f3 \u00e9s a Medi\u00e1n legfrissebb k\u00f6z\u00f6s\" \/>\n\t\t<meta property=\"og:url\" content=\"https:\/\/allasorias.hu\/hirek\/biztosabbnak-iteljuk-meg-az-allasunkat-mint-korabban\/\" \/>\n\t\t<meta property=\"og:image\" content=\"https:\/\/allasorias.hu\/hirek\/wp-content\/uploads\/2019\/07\/about-us-collaboration-community-872955.jpg\" \/>\n\t\t<meta property=\"og:image:secure_url\" content=\"https:\/\/allasorias.hu\/hirek\/wp-content\/uploads\/2019\/07\/about-us-collaboration-community-872955.jpg\" \/>\n\t\t<meta property=\"og:image:width\" content=\"640\" \/>\n\t\t<meta property=\"og:image:height\" content=\"427\" \/>\n\t\t<meta property=\"article:published_time\" content=\"2019-11-20T08:57:31+00:00\" \/>\n\t\t<meta property=\"article:modified_time\" content=\"2019-11-20T08:59:20+00:00\" \/>\n\t\t<meta property=\"article:publisher\" content=\"https:\/\/www.facebook.com\/allasorias\" \/>\n\t\t<meta name=\"twitter:card\" content=\"summary_large_image\" \/>\n\t\t<meta name=\"twitter:title\" content=\"Biztosabbnak \u00edt\u00e9lj\u00fck meg az \u00e1ll\u00e1sunkat, mint kor\u00e1bban | AllasOrias.hu | H\u00edrek-lapszemle\" \/>\n\t\t<meta name=\"twitter:description\" content=\"N\u0151tt a hazai munkav\u00e1llal\u00f3k \u00e1ll\u00e1suk ir\u00e1nt \u00e9rzett bizalma, t\u00falnyom\u00f3 t\u00f6bbs\u00e9g\u00fck szerint m\u00e9g sok\u00e1ig fennmarad a munkahely\u00fck, valamint a poz\u00edci\u00f3juk, amelyben dolgoznak. Megugrott ugyanakkor azok ar\u00e1nya, akik \u00f6nsz\u00e1ntukb\u00f3l v\u00e1ltan\u00e1nak \u00faj munk\u00e1t. Az egy \u00e9vvel kor\u00e1bban m\u00e9rt adatokhoz k\u00e9pest t\u00f6bb fontos r\u00e9szmutat\u00f3 is stabilit\u00e1sr\u00f3l \u00e1rulkodik, der\u00fcl ki a BNP Paribas Cardif biztos\u00edt\u00f3 \u00e9s a Medi\u00e1n legfrissebb k\u00f6z\u00f6s\" \/>\n\t\t<meta name=\"twitter:image\" content=\"https:\/\/allasorias.hu\/hirek\/wp-content\/uploads\/2019\/07\/about-us-collaboration-community-872955.jpg\" \/>\n\t\t<meta name=\"twitter:label1\" content=\"Written by\" \/>\n\t\t<meta name=\"twitter:data1\" content=\"Juh\u00e1sz P\u00e9ter\" \/>\n\t\t<meta name=\"twitter:label2\" content=\"Est. reading time\" \/>\n\t\t<meta name=\"twitter:data2\" content=\"2 minutes\" \/>\n\t\t<script type=\"application\/ld+json\" class=\"aioseo-schema\">\n\t\t\t{\"@context\":\"https:\\\/\\\/schema.org\",\"@graph\":[{\"@type\":\"Article\",\"@id\":\"https:\\\/\\\/allasorias.hu\\\/hirek\\\/biztosabbnak-iteljuk-meg-az-allasunkat-mint-korabban\\\/#article\",\"name\":\"Biztosabbnak \\u00edt\\u00e9lj\\u00fck meg az \\u00e1ll\\u00e1sunkat, mint kor\\u00e1bban | AllasOrias.hu | H\\u00edrek-lapszemle\",\"headline\":\"Biztosabbnak \\u00edt\\u00e9lj\\u00fck meg az \\u00e1ll\\u00e1sunkat, mint kor\\u00e1bban\",\"author\":{\"@id\":\"https:\\\/\\\/allasorias.hu\\\/hirek\\\/author\\\/admin-allasorias\\\/#author\"},\"publisher\":{\"@id\":\"https:\\\/\\\/allasorias.hu\\\/hirek\\\/#organization\"},\"image\":{\"@type\":\"ImageObject\",\"url\":\"https:\\\/\\\/allasorias.hu\\\/hirek\\\/wp-content\\\/uploads\\\/2019\\\/07\\\/about-us-collaboration-community-872955.jpg\",\"width\":640,\"height\":427},\"datePublished\":\"2019-11-20T08:57:31+02:00\",\"dateModified\":\"2019-11-20T08:59:20+02:00\",\"inLanguage\":\"hu-HU\",\"mainEntityOfPage\":{\"@id\":\"https:\\\/\\\/allasorias.hu\\\/hirek\\\/biztosabbnak-iteljuk-meg-az-allasunkat-mint-korabban\\\/#webpage\"},\"isPartOf\":{\"@id\":\"https:\\\/\\\/allasorias.hu\\\/hirek\\\/biztosabbnak-iteljuk-meg-az-allasunkat-mint-korabban\\\/#webpage\"},\"articleSection\":\"Munkaer\\u0151piac\"},{\"@type\":\"BreadcrumbList\",\"@id\":\"https:\\\/\\\/allasorias.hu\\\/hirek\\\/biztosabbnak-iteljuk-meg-az-allasunkat-mint-korabban\\\/#breadcrumblist\",\"itemListElement\":[{\"@type\":\"ListItem\",\"@id\":\"https:\\\/\\\/allasorias.hu\\\/hirek#listItem\",\"position\":1,\"name\":\"Home\",\"item\":\"https:\\\/\\\/allasorias.hu\\\/hirek\",\"nextItem\":{\"@type\":\"ListItem\",\"@id\":\"https:\\\/\\\/allasorias.hu\\\/hirek\\\/temak\\\/munkaeropiac\\\/#listItem\",\"name\":\"Munkaer\\u0151piac\"}},{\"@type\":\"ListItem\",\"@id\":\"https:\\\/\\\/allasorias.hu\\\/hirek\\\/temak\\\/munkaeropiac\\\/#listItem\",\"position\":2,\"name\":\"Munkaer\\u0151piac\",\"item\":\"https:\\\/\\\/allasorias.hu\\\/hirek\\\/temak\\\/munkaeropiac\\\/\",\"nextItem\":{\"@type\":\"ListItem\",\"@id\":\"https:\\\/\\\/allasorias.hu\\\/hirek\\\/biztosabbnak-iteljuk-meg-az-allasunkat-mint-korabban\\\/#listItem\",\"name\":\"Biztosabbnak \\u00edt\\u00e9lj\\u00fck meg az \\u00e1ll\\u00e1sunkat, mint kor\\u00e1bban\"},\"previousItem\":{\"@type\":\"ListItem\",\"@id\":\"https:\\\/\\\/allasorias.hu\\\/hirek#listItem\",\"name\":\"Home\"}},{\"@type\":\"ListItem\",\"@id\":\"https:\\\/\\\/allasorias.hu\\\/hirek\\\/biztosabbnak-iteljuk-meg-az-allasunkat-mint-korabban\\\/#listItem\",\"position\":3,\"name\":\"Biztosabbnak \\u00edt\\u00e9lj\\u00fck meg az \\u00e1ll\\u00e1sunkat, mint kor\\u00e1bban\",\"previousItem\":{\"@type\":\"ListItem\",\"@id\":\"https:\\\/\\\/allasorias.hu\\\/hirek\\\/temak\\\/munkaeropiac\\\/#listItem\",\"name\":\"Munkaer\\u0151piac\"}}]},{\"@type\":\"Organization\",\"@id\":\"https:\\\/\\\/allasorias.hu\\\/hirek\\\/#organization\",\"name\":\"AllasOrias.hu | H\\u00edrek-lapszemle\",\"description\":\"\\u00dczleti h\\u00edrek az \\u00e1ll\\u00e1s \\u00e9s a munka vil\\u00e1g\\u00e1b\\u00f3l\",\"url\":\"https:\\\/\\\/allasorias.hu\\\/hirek\\\/\",\"logo\":{\"@type\":\"ImageObject\",\"url\":\"https:\\\/\\\/allasorias.hu\\\/hirek\\\/wp-content\\\/uploads\\\/2022\\\/10\\\/allasorias_site_facebok_logo.png\",\"@id\":\"https:\\\/\\\/allasorias.hu\\\/hirek\\\/biztosabbnak-iteljuk-meg-az-allasunkat-mint-korabban\\\/#organizationLogo\"},\"image\":{\"@id\":\"https:\\\/\\\/allasorias.hu\\\/hirek\\\/biztosabbnak-iteljuk-meg-az-allasunkat-mint-korabban\\\/#organizationLogo\"},\"sameAs\":[\"https:\\\/\\\/www.facebook.com\\\/allasorias\",\"https:\\\/\\\/www.linkedin.com\\\/company\\\/allasorias\"]},{\"@type\":\"Person\",\"@id\":\"https:\\\/\\\/allasorias.hu\\\/hirek\\\/author\\\/admin-allasorias\\\/#author\",\"url\":\"https:\\\/\\\/allasorias.hu\\\/hirek\\\/author\\\/admin-allasorias\\\/\",\"name\":\"Juh\\u00e1sz P\\u00e9ter\",\"image\":{\"@type\":\"ImageObject\",\"@id\":\"https:\\\/\\\/allasorias.hu\\\/hirek\\\/biztosabbnak-iteljuk-meg-az-allasunkat-mint-korabban\\\/#authorImage\",\"url\":\"https:\\\/\\\/secure.gravatar.com\\\/avatar\\\/36e6bcb83148978b992977cb0f54d22feb0cce8a0a849a9410532bb2623ba4c6?s=96&d=mm&r=g\",\"width\":96,\"height\":96,\"caption\":\"Juh\\u00e1sz P\\u00e9ter\"}},{\"@type\":\"WebPage\",\"@id\":\"https:\\\/\\\/allasorias.hu\\\/hirek\\\/biztosabbnak-iteljuk-meg-az-allasunkat-mint-korabban\\\/#webpage\",\"url\":\"https:\\\/\\\/allasorias.hu\\\/hirek\\\/biztosabbnak-iteljuk-meg-az-allasunkat-mint-korabban\\\/\",\"name\":\"Biztosabbnak \\u00edt\\u00e9lj\\u00fck meg az \\u00e1ll\\u00e1sunkat, mint kor\\u00e1bban | AllasOrias.hu | H\\u00edrek-lapszemle\",\"description\":\"N\\u0151tt a hazai munkav\\u00e1llal\\u00f3k \\u00e1ll\\u00e1suk ir\\u00e1nt \\u00e9rzett bizalma, t\\u00falnyom\\u00f3 t\\u00f6bbs\\u00e9g\\u00fck szerint m\\u00e9g sok\\u00e1ig fennmarad a munkahely\\u00fck, valamint a poz\\u00edci\\u00f3juk, amelyben dolgoznak. Megugrott ugyanakkor azok ar\\u00e1nya, akik \\u00f6nsz\\u00e1ntukb\\u00f3l v\\u00e1ltan\\u00e1nak \\u00faj munk\\u00e1t. Az egy \\u00e9vvel kor\\u00e1bban m\\u00e9rt adatokhoz k\\u00e9pest t\\u00f6bb fontos r\\u00e9szmutat\\u00f3 is stabilit\\u00e1sr\\u00f3l \\u00e1rulkodik, der\\u00fcl ki a BNP Paribas Cardif biztos\\u00edt\\u00f3 \\u00e9s a Medi\\u00e1n legfrissebb k\\u00f6z\\u00f6s\",\"inLanguage\":\"hu-HU\",\"isPartOf\":{\"@id\":\"https:\\\/\\\/allasorias.hu\\\/hirek\\\/#website\"},\"breadcrumb\":{\"@id\":\"https:\\\/\\\/allasorias.hu\\\/hirek\\\/biztosabbnak-iteljuk-meg-az-allasunkat-mint-korabban\\\/#breadcrumblist\"},\"author\":{\"@id\":\"https:\\\/\\\/allasorias.hu\\\/hirek\\\/author\\\/admin-allasorias\\\/#author\"},\"creator\":{\"@id\":\"https:\\\/\\\/allasorias.hu\\\/hirek\\\/author\\\/admin-allasorias\\\/#author\"},\"image\":{\"@type\":\"ImageObject\",\"url\":\"https:\\\/\\\/allasorias.hu\\\/hirek\\\/wp-content\\\/uploads\\\/2019\\\/07\\\/about-us-collaboration-community-872955.jpg\",\"@id\":\"https:\\\/\\\/allasorias.hu\\\/hirek\\\/biztosabbnak-iteljuk-meg-az-allasunkat-mint-korabban\\\/#mainImage\",\"width\":640,\"height\":427},\"primaryImageOfPage\":{\"@id\":\"https:\\\/\\\/allasorias.hu\\\/hirek\\\/biztosabbnak-iteljuk-meg-az-allasunkat-mint-korabban\\\/#mainImage\"},\"datePublished\":\"2019-11-20T08:57:31+02:00\",\"dateModified\":\"2019-11-20T08:59:20+02:00\"},{\"@type\":\"WebSite\",\"@id\":\"https:\\\/\\\/allasorias.hu\\\/hirek\\\/#website\",\"url\":\"https:\\\/\\\/allasorias.hu\\\/hirek\\\/\",\"name\":\"AllasOrias.hu | H\\u00edrek-lapszemle\",\"description\":\"\\u00dczleti h\\u00edrek az \\u00e1ll\\u00e1s \\u00e9s a munka vil\\u00e1g\\u00e1b\\u00f3l\",\"inLanguage\":\"hu-HU\",\"publisher\":{\"@id\":\"https:\\\/\\\/allasorias.hu\\\/hirek\\\/#organization\"}}]}\n\t\t<\/script>\n\t\t<!-- All in One SEO -->\n\n","aioseo_head_json":{"title":"Biztosabbnak \u00edt\u00e9lj\u00fck meg az \u00e1ll\u00e1sunkat, mint kor\u00e1bban | AllasOrias.hu | H\u00edrek-lapszemle","description":"N\u0151tt a hazai munkav\u00e1llal\u00f3k \u00e1ll\u00e1suk ir\u00e1nt \u00e9rzett bizalma, t\u00falnyom\u00f3 t\u00f6bbs\u00e9g\u00fck szerint m\u00e9g sok\u00e1ig fennmarad a munkahely\u00fck, valamint a poz\u00edci\u00f3juk, amelyben dolgoznak. Megugrott ugyanakkor azok ar\u00e1nya, akik \u00f6nsz\u00e1ntukb\u00f3l v\u00e1ltan\u00e1nak \u00faj munk\u00e1t. Az egy \u00e9vvel kor\u00e1bban m\u00e9rt adatokhoz k\u00e9pest t\u00f6bb fontos r\u00e9szmutat\u00f3 is stabilit\u00e1sr\u00f3l \u00e1rulkodik, der\u00fcl ki a BNP Paribas Cardif biztos\u00edt\u00f3 \u00e9s a Medi\u00e1n legfrissebb k\u00f6z\u00f6s","canonical_url":"https:\/\/allasorias.hu\/hirek\/biztosabbnak-iteljuk-meg-az-allasunkat-mint-korabban\/","robots":"max-image-preview:large","keywords":"","webmasterTools":{"miscellaneous":""},"schema":{"@context":"https:\/\/schema.org","@graph":[{"@type":"Article","@id":"https:\/\/allasorias.hu\/hirek\/biztosabbnak-iteljuk-meg-az-allasunkat-mint-korabban\/#article","name":"Biztosabbnak \u00edt\u00e9lj\u00fck meg az \u00e1ll\u00e1sunkat, mint kor\u00e1bban | AllasOrias.hu | H\u00edrek-lapszemle","headline":"Biztosabbnak \u00edt\u00e9lj\u00fck meg az \u00e1ll\u00e1sunkat, mint kor\u00e1bban","author":{"@id":"https:\/\/allasorias.hu\/hirek\/author\/admin-allasorias\/#author"},"publisher":{"@id":"https:\/\/allasorias.hu\/hirek\/#organization"},"image":{"@type":"ImageObject","url":"https:\/\/allasorias.hu\/hirek\/wp-content\/uploads\/2019\/07\/about-us-collaboration-community-872955.jpg","width":640,"height":427},"datePublished":"2019-11-20T08:57:31+02:00","dateModified":"2019-11-20T08:59:20+02:00","inLanguage":"hu-HU","mainEntityOfPage":{"@id":"https:\/\/allasorias.hu\/hirek\/biztosabbnak-iteljuk-meg-az-allasunkat-mint-korabban\/#webpage"},"isPartOf":{"@id":"https:\/\/allasorias.hu\/hirek\/biztosabbnak-iteljuk-meg-az-allasunkat-mint-korabban\/#webpage"},"articleSection":"Munkaer\u0151piac"},{"@type":"BreadcrumbList","@id":"https:\/\/allasorias.hu\/hirek\/biztosabbnak-iteljuk-meg-az-allasunkat-mint-korabban\/#breadcrumblist","itemListElement":[{"@type":"ListItem","@id":"https:\/\/allasorias.hu\/hirek#listItem","position":1,"name":"Home","item":"https:\/\/allasorias.hu\/hirek","nextItem":{"@type":"ListItem","@id":"https:\/\/allasorias.hu\/hirek\/temak\/munkaeropiac\/#listItem","name":"Munkaer\u0151piac"}},{"@type":"ListItem","@id":"https:\/\/allasorias.hu\/hirek\/temak\/munkaeropiac\/#listItem","position":2,"name":"Munkaer\u0151piac","item":"https:\/\/allasorias.hu\/hirek\/temak\/munkaeropiac\/","nextItem":{"@type":"ListItem","@id":"https:\/\/allasorias.hu\/hirek\/biztosabbnak-iteljuk-meg-az-allasunkat-mint-korabban\/#listItem","name":"Biztosabbnak \u00edt\u00e9lj\u00fck meg az \u00e1ll\u00e1sunkat, mint kor\u00e1bban"},"previousItem":{"@type":"ListItem","@id":"https:\/\/allasorias.hu\/hirek#listItem","name":"Home"}},{"@type":"ListItem","@id":"https:\/\/allasorias.hu\/hirek\/biztosabbnak-iteljuk-meg-az-allasunkat-mint-korabban\/#listItem","position":3,"name":"Biztosabbnak \u00edt\u00e9lj\u00fck meg az \u00e1ll\u00e1sunkat, mint kor\u00e1bban","previousItem":{"@type":"ListItem","@id":"https:\/\/allasorias.hu\/hirek\/temak\/munkaeropiac\/#listItem","name":"Munkaer\u0151piac"}}]},{"@type":"Organization","@id":"https:\/\/allasorias.hu\/hirek\/#organization","name":"AllasOrias.hu | H\u00edrek-lapszemle","description":"\u00dczleti h\u00edrek az \u00e1ll\u00e1s \u00e9s a munka vil\u00e1g\u00e1b\u00f3l","url":"https:\/\/allasorias.hu\/hirek\/","logo":{"@type":"ImageObject","url":"https:\/\/allasorias.hu\/hirek\/wp-content\/uploads\/2022\/10\/allasorias_site_facebok_logo.png","@id":"https:\/\/allasorias.hu\/hirek\/biztosabbnak-iteljuk-meg-az-allasunkat-mint-korabban\/#organizationLogo"},"image":{"@id":"https:\/\/allasorias.hu\/hirek\/biztosabbnak-iteljuk-meg-az-allasunkat-mint-korabban\/#organizationLogo"},"sameAs":["https:\/\/www.facebook.com\/allasorias","https:\/\/www.linkedin.com\/company\/allasorias"]},{"@type":"Person","@id":"https:\/\/allasorias.hu\/hirek\/author\/admin-allasorias\/#author","url":"https:\/\/allasorias.hu\/hirek\/author\/admin-allasorias\/","name":"Juh\u00e1sz P\u00e9ter","image":{"@type":"ImageObject","@id":"https:\/\/allasorias.hu\/hirek\/biztosabbnak-iteljuk-meg-az-allasunkat-mint-korabban\/#authorImage","url":"https:\/\/secure.gravatar.com\/avatar\/36e6bcb83148978b992977cb0f54d22feb0cce8a0a849a9410532bb2623ba4c6?s=96&d=mm&r=g","width":96,"height":96,"caption":"Juh\u00e1sz P\u00e9ter"}},{"@type":"WebPage","@id":"https:\/\/allasorias.hu\/hirek\/biztosabbnak-iteljuk-meg-az-allasunkat-mint-korabban\/#webpage","url":"https:\/\/allasorias.hu\/hirek\/biztosabbnak-iteljuk-meg-az-allasunkat-mint-korabban\/","name":"Biztosabbnak \u00edt\u00e9lj\u00fck meg az \u00e1ll\u00e1sunkat, mint kor\u00e1bban | AllasOrias.hu | H\u00edrek-lapszemle","description":"N\u0151tt a hazai munkav\u00e1llal\u00f3k \u00e1ll\u00e1suk ir\u00e1nt \u00e9rzett bizalma, t\u00falnyom\u00f3 t\u00f6bbs\u00e9g\u00fck szerint m\u00e9g sok\u00e1ig fennmarad a munkahely\u00fck, valamint a poz\u00edci\u00f3juk, amelyben dolgoznak. Megugrott ugyanakkor azok ar\u00e1nya, akik \u00f6nsz\u00e1ntukb\u00f3l v\u00e1ltan\u00e1nak \u00faj munk\u00e1t. Az egy \u00e9vvel kor\u00e1bban m\u00e9rt adatokhoz k\u00e9pest t\u00f6bb fontos r\u00e9szmutat\u00f3 is stabilit\u00e1sr\u00f3l \u00e1rulkodik, der\u00fcl ki a BNP Paribas Cardif biztos\u00edt\u00f3 \u00e9s a Medi\u00e1n legfrissebb k\u00f6z\u00f6s","inLanguage":"hu-HU","isPartOf":{"@id":"https:\/\/allasorias.hu\/hirek\/#website"},"breadcrumb":{"@id":"https:\/\/allasorias.hu\/hirek\/biztosabbnak-iteljuk-meg-az-allasunkat-mint-korabban\/#breadcrumblist"},"author":{"@id":"https:\/\/allasorias.hu\/hirek\/author\/admin-allasorias\/#author"},"creator":{"@id":"https:\/\/allasorias.hu\/hirek\/author\/admin-allasorias\/#author"},"image":{"@type":"ImageObject","url":"https:\/\/allasorias.hu\/hirek\/wp-content\/uploads\/2019\/07\/about-us-collaboration-community-872955.jpg","@id":"https:\/\/allasorias.hu\/hirek\/biztosabbnak-iteljuk-meg-az-allasunkat-mint-korabban\/#mainImage","width":640,"height":427},"primaryImageOfPage":{"@id":"https:\/\/allasorias.hu\/hirek\/biztosabbnak-iteljuk-meg-az-allasunkat-mint-korabban\/#mainImage"},"datePublished":"2019-11-20T08:57:31+02:00","dateModified":"2019-11-20T08:59:20+02:00"},{"@type":"WebSite","@id":"https:\/\/allasorias.hu\/hirek\/#website","url":"https:\/\/allasorias.hu\/hirek\/","name":"AllasOrias.hu | H\u00edrek-lapszemle","description":"\u00dczleti h\u00edrek az \u00e1ll\u00e1s \u00e9s a munka vil\u00e1g\u00e1b\u00f3l","inLanguage":"hu-HU","publisher":{"@id":"https:\/\/allasorias.hu\/hirek\/#organization"}}]},"og:locale":"hu_HU","og:site_name":"AllasOrias.hu | H\u00edrek-lapszemle | \u00dczleti h\u00edrek az \u00e1ll\u00e1s \u00e9s a munka vil\u00e1g\u00e1b\u00f3l","og:type":"article","og:title":"Biztosabbnak \u00edt\u00e9lj\u00fck meg az \u00e1ll\u00e1sunkat, mint kor\u00e1bban | AllasOrias.hu | H\u00edrek-lapszemle","og:description":"N\u0151tt a hazai munkav\u00e1llal\u00f3k \u00e1ll\u00e1suk ir\u00e1nt \u00e9rzett bizalma, t\u00falnyom\u00f3 t\u00f6bbs\u00e9g\u00fck szerint m\u00e9g sok\u00e1ig fennmarad a munkahely\u00fck, valamint a poz\u00edci\u00f3juk, amelyben dolgoznak. Megugrott ugyanakkor azok ar\u00e1nya, akik \u00f6nsz\u00e1ntukb\u00f3l v\u00e1ltan\u00e1nak \u00faj munk\u00e1t. Az egy \u00e9vvel kor\u00e1bban m\u00e9rt adatokhoz k\u00e9pest t\u00f6bb fontos r\u00e9szmutat\u00f3 is stabilit\u00e1sr\u00f3l \u00e1rulkodik, der\u00fcl ki a BNP Paribas Cardif biztos\u00edt\u00f3 \u00e9s a Medi\u00e1n legfrissebb k\u00f6z\u00f6s","og:url":"https:\/\/allasorias.hu\/hirek\/biztosabbnak-iteljuk-meg-az-allasunkat-mint-korabban\/","og:image":"https:\/\/allasorias.hu\/hirek\/wp-content\/uploads\/2019\/07\/about-us-collaboration-community-872955.jpg","og:image:secure_url":"https:\/\/allasorias.hu\/hirek\/wp-content\/uploads\/2019\/07\/about-us-collaboration-community-872955.jpg","og:image:width":640,"og:image:height":427,"article:published_time":"2019-11-20T08:57:31+00:00","article:modified_time":"2019-11-20T08:59:20+00:00","article:publisher":"https:\/\/www.facebook.com\/allasorias","twitter:card":"summary_large_image","twitter:title":"Biztosabbnak \u00edt\u00e9lj\u00fck meg az \u00e1ll\u00e1sunkat, mint kor\u00e1bban | AllasOrias.hu | H\u00edrek-lapszemle","twitter:description":"N\u0151tt a hazai munkav\u00e1llal\u00f3k \u00e1ll\u00e1suk ir\u00e1nt \u00e9rzett bizalma, t\u00falnyom\u00f3 t\u00f6bbs\u00e9g\u00fck szerint m\u00e9g sok\u00e1ig fennmarad a munkahely\u00fck, valamint a poz\u00edci\u00f3juk, amelyben dolgoznak. Megugrott ugyanakkor azok ar\u00e1nya, akik \u00f6nsz\u00e1ntukb\u00f3l v\u00e1ltan\u00e1nak \u00faj munk\u00e1t. Az egy \u00e9vvel kor\u00e1bban m\u00e9rt adatokhoz k\u00e9pest t\u00f6bb fontos r\u00e9szmutat\u00f3 is stabilit\u00e1sr\u00f3l \u00e1rulkodik, der\u00fcl ki a BNP Paribas Cardif biztos\u00edt\u00f3 \u00e9s a Medi\u00e1n legfrissebb k\u00f6z\u00f6s","twitter:image":"https:\/\/allasorias.hu\/hirek\/wp-content\/uploads\/2019\/07\/about-us-collaboration-community-872955.jpg","twitter:label1":"Written by","twitter:data1":"Juh\u00e1sz P\u00e9ter","twitter:label2":"Est. reading time","twitter:data2":"2 minutes"},"aioseo_meta_data":{"post_id":"3510","title":null,"description":null,"keywords":null,"keyphrases":null,"primary_term":null,"canonical_url":null,"og_title":null,"og_description":null,"og_object_type":"default","og_image_type":"default","og_image_url":null,"og_image_width":null,"og_image_height":null,"og_image_custom_url":null,"og_image_custom_fields":null,"og_video":null,"og_custom_url":null,"og_article_section":null,"og_article_tags":null,"twitter_use_og":false,"twitter_card":"default","twitter_image_type":"default","twitter_image_url":null,"twitter_image_custom_url":null,"twitter_image_custom_fields":null,"twitter_title":null,"twitter_description":null,"schema":{"blockGraphs":[],"customGraphs":[],"default":{"data":{"Article":[],"Course":[],"Dataset":[],"FAQPage":[],"Movie":[],"Person":[],"Product":[],"ProductReview":[],"Car":[],"Recipe":[],"Service":[],"SoftwareApplication":[],"WebPage":[]},"graphName":"","isEnabled":true},"graphs":[],"defaultGraph":"","defaultPostTypeGraph":""},"schema_type":null,"schema_type_options":null,"pillar_content":false,"robots_default":true,"robots_noindex":false,"robots_noarchive":false,"robots_nosnippet":false,"robots_nofollow":false,"robots_noimageindex":false,"robots_noodp":false,"robots_notranslate":false,"robots_max_snippet":null,"robots_max_videopreview":null,"robots_max_imagepreview":"large","priority":null,"frequency":null,"location":null,"local_seo":null,"breadcrumb_settings":null,"limit_modified_date":false,"ai":null,"created":"2021-02-01 22:54:09","updated":"2025-10-02 12:19:40","seo_analyzer_scan_date":null,"focus_keyword":null,"additional_keywords":null,"truseo_locale":null},"aioseo_breadcrumb":"<div class=\"aioseo-breadcrumbs\"><span class=\"aioseo-breadcrumb\">\n\t\t\t<a href=\"https:\/\/allasorias.hu\/hirek\" title=\"Home\">Home<\/a>\n\t\t<\/span><span class=\"aioseo-breadcrumb-separator\">&raquo;<\/span><span class=\"aioseo-breadcrumb\">\n\t\t\t<a href=\"https:\/\/allasorias.hu\/hirek\/temak\/munkaeropiac\/\" title=\"Munkaer\u0151piac\">Munkaer\u0151piac<\/a>\n\t\t<\/span><span class=\"aioseo-breadcrumb-separator\">&raquo;<\/span><span class=\"aioseo-breadcrumb\">\n\t\t\tBiztosabbnak \u00edt\u00e9lj\u00fck meg az \u00e1ll\u00e1sunkat, mint kor\u00e1bban\n\t\t<\/span><\/div>","aioseo_breadcrumb_json":[{"label":"Home","link":"https:\/\/allasorias.hu\/hirek"},{"label":"Munkaer\u0151piac","link":"https:\/\/allasorias.hu\/hirek\/temak\/munkaeropiac\/"},{"label":"Biztosabbnak \u00edt\u00e9lj\u00fck meg az \u00e1ll\u00e1sunkat, mint kor\u00e1bban","link":"https:\/\/allasorias.hu\/hirek\/biztosabbnak-iteljuk-meg-az-allasunkat-mint-korabban\/"}],"_links":{"self":[{"href":"https:\/\/allasorias.hu\/hirek\/wp-json\/wp\/v2\/posts\/3510","targetHints":{"allow":["GET"]}}],"collection":[{"href":"https:\/\/allasorias.hu\/hirek\/wp-json\/wp\/v2\/posts"}],"about":[{"href":"https:\/\/allasorias.hu\/hirek\/wp-json\/wp\/v2\/types\/post"}],"author":[{"embeddable":true,"href":"https:\/\/allasorias.hu\/hirek\/wp-json\/wp\/v2\/users\/1"}],"replies":[{"embeddable":true,"href":"https:\/\/allasorias.hu\/hirek\/wp-json\/wp\/v2\/comments?post=3510"}],"version-history":[{"count":1,"href":"https:\/\/allasorias.hu\/hirek\/wp-json\/wp\/v2\/posts\/3510\/revisions"}],"predecessor-version":[{"id":3511,"href":"https:\/\/allasorias.hu\/hirek\/wp-json\/wp\/v2\/posts\/3510\/revisions\/3511"}],"wp:featuredmedia":[{"embeddable":true,"href":"https:\/\/allasorias.hu\/hirek\/wp-json\/wp\/v2\/media\/3066"}],"wp:attachment":[{"href":"https:\/\/allasorias.hu\/hirek\/wp-json\/wp\/v2\/media?parent=3510"}],"wp:term":[{"taxonomy":"category","embeddable":true,"href":"https:\/\/allasorias.hu\/hirek\/wp-json\/wp\/v2\/categories?post=3510"},{"taxonomy":"post_tag","embeddable":true,"href":"https:\/\/allasorias.hu\/hirek\/wp-json\/wp\/v2\/tags?post=3510"}],"curies":[{"name":"wp","href":"https:\/\/api.w.org\/{rel}","templated":true}]}}